{"id":8123,"date":"2015-12-10T20:43:16","date_gmt":"2015-12-10T20:43:16","guid":{"rendered":"https:\/\/gracious-dewdney.138-201-221-2.plesk.page\/?p=8123"},"modified":"2015-12-10T20:43:16","modified_gmt":"2015-12-10T20:43:16","slug":"papai-vagy-apostoli-gyontatok","status":"publish","type":"post","link":"https:\/\/stuttgarti-katolikusok.de\/index.php\/papai-vagy-apostoli-gyontatok\/","title":{"rendered":"P\u00c1PAI VAGY APOSTOLI GY\u00d3NTAT\u00d3K"},"content":{"rendered":"<ol>\n<li>Kik \u0151k?<\/li>\n<\/ol>\n<p>Az Apostoli Szentsz\u00e9kt\u0151l kinevezett papok, akik R\u00f3ma n\u00e9gy patriark\u00e1lis bazili-k\u00e1j\u00e1ban \u00e9s nagy it\u00e1liai kegyhelyeken k\u00fcl\u00f6nleges feloldoz\u00e1si hatalommal gy\u00f3ntatnak.<\/p>\n<p>A kereszt\u00e9nys\u00e9g els\u0151 sz\u00e1zadaiban megindult a zar\u00e1ndoklat a szent helyekre. Els\u0151sorban a Szentf\u00f6ldre, az \u00fcdv\u00f6ss\u00e9g esem\u00e9nyeinek szent helyeire, majd R\u00f3m\u00e1ba, Szent P\u00e9ter \u00e9s P\u00e1l apostol s\u00edrj\u00e1hoz. H\u00edres zar\u00e1ndokhely volt a k\u00f6z\u00e9pkorban Szent Jakab s\u00edrja is a spanyolorsz\u00e1gi Santiago de Compostell\u00e1ban.<\/p>\n<p>A zar\u00e1ndokok im\u00e1dkozni akartak a szent helyeken, de az is vezette \u0151ket, hogy ott megtisztuljanak b\u0171neikt\u0151l, vezekeljenek botl\u00e1saik\u00e9rt. A p\u00e1p\u00e1k R\u00f3m\u00e1ban m\u00e1r az 5. sz\u00e1zadban ( Szt. Simplicius p\u00e1pa) gondoskodtak arr\u00f3l, hogy papok \u00e1lljanak a h\u00edvek rendelkez\u00e9s\u00e9re Szent P\u00e9ter, Szent P\u00e1l \u00e9s Szent L\u0151rinc templom\u00e1ban. Term\u00e9szetesen gondolniuk kellett arra is, hogy a k\u00fcl\u00f6nb\u00f6z\u0151 nyelv\u0171 h\u00edvek tal\u00e1ljanak olyan gy\u00f3ntat\u00f3kat, akik meg\u00e9rtik besz\u00e9d\u00fcket.<\/p>\n<p>A 13. sz\u00e1zad folyam\u00e1n a p\u00e1pai udvarban m\u00e1r \u00e1lland\u00f3an tal\u00e1lkozunk a penitenci\u00e1riusok (gy\u00f3ntat\u00f3k) szolg\u00e1lat\u00e1val. A k\u00fcl\u00f6nb\u00f6z\u0151 nemzetek fiaib\u00f3l v\u00e1lasztj\u00e1k ki \u0151ket a p\u00e1p\u00e1k, hogy minden nyelvnek, fajnak legyenek a p\u00e1pai udvarban k\u00e9pvisel\u0151i. Az olaszokon k\u00edv\u00fcl vannak francia, spanyol, portug\u00e1l, angol, lengyel, n\u00e9met, s\u0151t magyar sz\u00e1rmaz\u00e1s\u00faak is. R\u00e9szben a vil\u00e1gi paps\u00e1g soraib\u00f3l nevezik ki \u0151ket a p\u00e1p\u00e1k, m\u00e1sr\u00e9szt azonban a szerzetesrendek tagjai k\u00f6z\u00fcl, els\u0151sorban az akkor alakult k\u00e9t nagy koldul\u00f3rend, a domonkosok \u00e9s ferencesek tagjai k\u00f6z\u00fcl.<\/p>\n<p>K\u00fcl\u00f6n\u00f6sen megn\u0151tt fontoss\u00e1guk az \u00fan. szent\u00e9vek meghirdet\u00e9se ut\u00e1n.<\/p>\n<p>Az els\u0151 szent\u00e9vet VIII. Bonif\u00e1c p\u00e1pa hirdette meg Krisztus sz\u00fclet\u00e9s\u00e9nek 1300. \u00e9vfordul\u00f3j\u00e1n. A b\u00facs\u00fa elnyer\u00e9s\u00e9nek felt\u00e9tel\u00e9t a Szent P\u00e9ter- \u00e9s a falakon k\u00edv\u00fcli Szent P\u00e1l-bazilika l\u00e1togat\u00e1s\u00e1ban szabta meg, m\u00e9gpedig a r\u00f3maiaknak harminc, az egy\u00e9b ter\u00fcletekr\u0151l \u00e9rkez\u0151 zar\u00e1ndokoknak tizen\u00f6t napon kereszt\u00fcl kellett naponta felkeresni\u00fck a kijel\u00f6lt templomokat.<\/p>\n<p>A p\u00e1pa \u00e9s az Egyh\u00e1z sz\u00e1nd\u00e9ka szerint a szent\u00e9vnek az a rendeltet\u00e9se, hogy Urunk sz\u00fclet\u00e9s\u00e9re vagy hal\u00e1l\u00e1ra val\u00f3 eml\u00e9kez\u00e9s erej\u00e9b\u0151l b\u0171nb\u00e1natot mer\u00edtsenek a zar\u00e1ndokok. Ez\u00e9rt akik igaz b\u00e1nattal meggy\u00f3nt\u00e1k b\u0171neiket, azok a szent\u00e9vben jubileumi b\u00facs\u00faban r\u00e9szes\u00fclnek, ami a b\u0171n\u00e9rt j\u00e1r\u00f3 ideigtart\u00f3 b\u00fcntet\u00e9s elenged\u00e9se.<\/p>\n<p>A szent\u00e9vben a b\u0171n\u00f6k feloldoz\u00e1s\u00e1nak joghat\u00f3s\u00e1gi k\u00f6re ki volt \u00e9s van b\u0151v\u00edtve: olyan b\u0171n\u00f6k, melyek al\u00f3l a feloldoz\u00e1s rendes k\u00f6r\u00fclm\u00e9nyek k\u00f6z\u00f6tt mag\u00e1nak a r\u00f3mai p\u00e1p\u00e1nak vagy a p\u00fcsp\u00f6knek van fenntartva, a szent\u00e9vben R\u00f3m\u00e1ban minden gy\u00f3ntat\u00f3n\u00e1l meggy\u00f3nhat\u00f3k, ill. feloldozhat\u00f3k.<\/p>\n<ol start=\"2\">\n<li>Hely\u00fck az Egyh\u00e1zban<\/li>\n<\/ol>\n<p>A p\u00e1pai gy\u00f3ntat\u00f3k kinevez\u00e9se a p\u00e1pa jogk\u00f6r\u00e9be tartozott, a p\u00e1pa udvarhoz sz\u00e1m\u00edtott\u00e1k \u0151ket.<\/p>\n<p>Tud\u00e1suk miatt t\u00f6bbsz\u00f6r j\u00e1rtak fontos diplom\u00e1ciai k\u00fcldet\u00e9sben.<\/p>\n<ol>\n<li>Jen\u0151 1431-ben sz\u00e1mukat a Szt P\u00e9ter-bazilik\u00e1ban 11-re emelte (2-2 olasz, francia, spanyol, 1-1 angol, holland, n\u00e9met, lengyel \u00e9s magyar), \u00e9s k\u00f6z\u00f6s \u00e9letet \u00edrt el\u0151 sz\u00e1mukra.<\/li>\n<\/ol>\n<p>&nbsp;<\/p>\n<ol>\n<li>Pius 1568-69-ben<\/li>\n<\/ol>\n<p>\uf0a7\u00a0\u00a0\u00a0\u00a0\u00a0\u00a0\u00a0\u00a0 a S. Maria Maggior\u00e9hoz domonkos,<\/p>\n<p>\uf0a7\u00a0\u00a0\u00a0\u00a0\u00a0\u00a0\u00a0\u00a0 a Later\u00e1ni bazilik\u00e1hoz ferences,<\/p>\n<p>\uf0a7\u00a0\u00a0\u00a0\u00a0\u00a0\u00a0\u00a0\u00a0 a Szt. P\u00e9ter-bazilik\u00e1hoz jezsuita p\u00e1pai gy\u00f3ntat\u00f3kat rendelt.<\/p>\n<p>&nbsp;<\/p>\n<p>Az apostoli gy\u00f3ntat\u00f3k mint szerzetesek a rendi el\u00f6lj\u00e1r\u00f3s\u00e1gt\u00f3l, mint gy\u00f3ntat\u00f3k a b\u00edboros f\u0151penitenci\u00e1riust\u00f3l f\u00fcggtek.<\/p>\n<p>\u0150 az Apostoli Poenitentiaria (a lelkiismeret \u00fcgyeinek legf\u0151bb b\u00edr\u00f3s\u00e1ga) vezet\u0151je. A 12. sz. v\u00e9g\u00e9n eml\u00edtik a \u201eb\u00edborost, aki a p\u00e1pa helyett gy\u00f3ntat\u201d, s aki a f\u00f6lment\u00e9seket \u00e9s a f\u00f6loldoz\u00e1st adta a p\u00e1p\u00e1nak fenntartott esetekben.<\/p>\n<p>Melyek ezek a p\u00e1p\u00e1nak fenntartott esetek?<\/p>\n<p>A hat\u00e1lyos jog k\u00e9t b\u0171n al\u00f3li feloldoz\u00e1st tart fenn az Apostoli Szentsz\u00e9knek, melyek eset\u00e9ben az Apostoli Penitenci\u00e1ri\u00e1hoz kell fordulni: a szents\u00e9gi pecs\u00e9t (gy\u00f3n\u00e1si titok) k\u00f6zvetlen megs\u00e9rt\u00e9se, \u00e9s a tisztas\u00e1g elleni b\u0171nben val\u00f3 b\u0171nt\u00e1rs \u00e9rv\u00e9nytelen feloldoz\u00e1s\u00e1t.<\/p>\n<p>A megy\u00e9sp\u00fcsp\u00f6knek van fenntartva az abortusz b\u0171ne al\u00f3li feloldoz\u00e1s.<\/p>\n<ol start=\"1967\">\n<li>P\u00e1l 1967. VIII. 15: a b\u00edboros f\u0151penitenci\u00e1rius joghat\u00f3s\u00e1g\u00e1t a bels\u0151 f\u00f3rum \u00fcgyeire hat\u00e1rozta meg, s kiterjesztette mindarra, ami a b\u00facs\u00fakkal kapcsolatos.<\/li>\n<\/ol>\n<p>A r\u00e9gens 2 hivatalnokkal naponta t\u00e1rgyalja az \u00fcgyeket; az Apostoli Poenitentiaria prel\u00e1tusai a b\u00edboros f\u0151penitenci\u00e1rius eln\u00f6klet\u00e9vel id\u0151nk\u00e9nt \u00fcl\u00e9seken t\u00e1rgyalj\u00e1k meg a komolyabb megfontol\u00e1st ig\u00e9nyl\u0151 \u00fcgyeket.<\/p>\n<p>&nbsp;<\/p>\n<ol start=\"3\">\n<li>Kinevez\u00e9s\u00fck<\/li>\n<\/ol>\n<p>1774-ben a Jezsuita Rend f\u00f6loszlat\u00e1sa ut\u00e1n XIV. Kelemen a minorit\u00e1kra b\u00edzta a Szt P\u00e9ter-bazilik\u00e1t (2-2 olasz \u00e9s francia, 1-4 angol, n\u00e9met, spanyol, portug\u00e1l, holland, lengyel, magyar, g\u00f6r\u00f6g \u00e9s d\u00e9lszl\u00e1v), s lak\u00e1sul a kor\u00e1bbi Palazzo dei Penitenzierit (a mai Via della Conciliazione derek\u00e1n) adta nekik. 1948-ig laktak itt, majd a Vatik\u00e1n-v\u00e1rosba k\u00f6lt\u00f6ztek.<\/p>\n<p>Az p\u00e1pai gy\u00f3ntat\u00f3kat a kinevez\u00e9s el\u0151tt rendj\u00fck gener\u00e1lisa mutatja be a b\u00edboros f\u0151penitenci\u00e1riusnak, aki a jel\u00f6ltet saj\u00e1t bizotts\u00e1g\u00e1val levizsg\u00e1ztatja. Ha a rendnek az illet\u0151 orsz\u00e1gb\u00f3l nincs jel\u00f6ltje, m\u00e1st is javasolhat, aki a nyelvet j\u00f3l besz\u00e9li. Kinevez\u00e9-s\u00fck \u00e9s elmozd\u00edt\u00e1suk a p\u00e1pa jogk\u00f6r\u00e9be tartozik.<\/p>\n<p>&nbsp;<\/p>\n<ol start=\"4\">\n<li>Ma<\/li>\n<\/ol>\n<p>\uf0a7\u00a0\u00a0\u00a0\u00a0\u00a0\u00a0\u00a0\u00a0 a Szt P\u00e9ter-bazilik\u00e1ban 13 (2-2 olasz \u00e9s angol, 1-1 francia, n\u00e9met, spanyol, portug\u00e1l, holland, lengyel, magyar \u00e9s d\u00e9lszl\u00e1v) minorita,<\/p>\n<p>\uf0a7\u00a0\u00a0\u00a0\u00a0\u00a0\u00a0\u00a0\u00a0 a Szt P\u00e1l-bazilik\u00e1ban 6 benc\u00e9s,<\/p>\n<p>\uf0a7\u00a0\u00a0\u00a0\u00a0\u00a0\u00a0\u00a0\u00a0 a Later\u00e1ni bazilik\u00e1ban 10 ferences,<\/p>\n<p>\uf0a7\u00a0\u00a0\u00a0\u00a0\u00a0\u00a0\u00a0\u00a0 a S. Maria Maggiore bazilik\u00e1ban 10 domonkos l\u00e1tja el az p\u00e1pai gy\u00f3ntat\u00f3 tiszt\u00e9t.<\/p>\n<p>A h\u00edres it\u00e1liai kegyhelyeken gy\u00f3ntat\u00f3k (Loret\u00f3ban kapucinusok, Assisiben \u00e9s P\u00e1du\u00e1ban minorit\u00e1k) joghat\u00f3s\u00e1ga azonos a r\u00f3mai p\u00e1pai gy\u00f3ntat\u00f3\u00e9val, de kinevez\u00e9s\u00fcket nem a Szentsz\u00e9kt\u0151l kapj\u00e1k, \u00e9s f\u00fcggetlenek az Apostoli Penitentiari\u00e1t\u00f3l.<\/p>\n<p>&nbsp;<\/p>\n<ol start=\"5\">\n<li>Magyar p\u00e1pai gy\u00f3ntat\u00f3k<\/li>\n<\/ol>\n<p>A magyar n\u00e9p Szent Istv\u00e1nnal vonul be a kereszt\u00e9ny nemzetek sor\u00e1ba. Szent Istv\u00e1n gondoskodni akart a szent helyekre zar\u00e1ndokl\u00f3 h\u00edvek sz\u00fcks\u00e9gleteir\u0151l is. R\u00f3m\u00e1ban \u00e9s Jeruzs\u00e1lemben, s\u0151t az odavezet\u0151 utakon is, Ravenn\u00e1ban, illetve Konstantin\u00e1polyban zar\u00e1ndokh\u00e1zakat alap\u00edtott, hogy ezeken a helyeken otthonra tal\u00e1ljanak azok a zar\u00e1ndokok, akik a szent helyeket felkeresik.<\/p>\n<p>R\u00f3m\u00e1ban a zar\u00e1ndokok els\u0151sorban Szent P\u00e9ter s\u00edrj\u00e1hoz igyekeztek. Szent Kir\u00e1lyunk ez\u00e9rt a Szent P\u00e9ter-templom k\u00f6zel\u00e9be k\u00edv\u00e1nta \u00e1ll\u00edtani a magyar zar\u00e1ndokh\u00e1zat. Megkapta a bazilika d\u00e9li szomsz\u00e9ds\u00e1g\u00e1ban fekv\u0151 Szent Istv\u00e1n els\u0151 v\u00e9rtan\u00fa tisztelet\u00e9re szentelt templomot, s e mell\u00e9 \u00e9p\u00edtette a zar\u00e1ndokh\u00e1zat. Fennma-rad\u00e1s\u00e1t pedig gazdag alap\u00edtv\u00e1nnyal biztos\u00edtotta.<\/p>\n<p>A r\u00f3mai zar\u00e1ndokh\u00e1zat kezdett\u0151l fogva nagy sz\u00e1mmal kerest\u00e9k fel a j\u00e1mbor h\u00edvek. N\u00e9h\u00e1ny \u00e9vtizeddel az alap\u00edt\u00e1s ut\u00e1n a h\u00e1z el\u00f6lj\u00e1r\u00f3i, B\u00e9la f\u0151esperes \u00e9s k\u00e9t papja azt k\u00e9rt\u00e9k a Szentsz\u00e9kt\u0151l, hogy a magyar f\u00f6ldr\u0151l \u00e9rkez\u0151 zar\u00e1ndokok egyed\u00fcl ott sz\u00e1llhassanak meg, \u00e9s ha az \u00d6r\u00f6k V\u00e1rosban halnak meg, a zar\u00e1ndokh\u00e1z papjai temethess\u00e9k el \u0151ket.<\/p>\n<p>Amint l\u00e1tjuk, f\u00e9l \u00e9vsz\u00e1zaddal az alap\u00edt\u00e1s ut\u00e1n m\u00e1r nem csak sz\u00e1ll\u00f3helyr\u0151l, hanem temet\u0151r\u0151l is gondoskodni kellett a magyar zar\u00e1ndokok sz\u00e1m\u00e1ra. Ez azt mutatja, hogy a R\u00f3m\u00e1ba zar\u00e1ndokl\u00f3k sz\u00e1ma \u00e1lland\u00f3an n\u0151tt. E zar\u00e1ndokok k\u00f6z\u00fcl sokan csak anyanyelv\u00fck\u00f6n tudtak besz\u00e9lni, \u00edgy lelki vigasz\u00e9rt csak magyar paphoz fordulhattak az \u00d6r\u00f6k V\u00e1rosban. A p\u00e1p\u00e1k, l\u00e1tv\u00e1n a zar\u00e1ndokok egyre nagyobb sz\u00e1m\u00e1t, iparkodtak gondoskodni sz\u00e1mukra megfelel\u0151 gy\u00f3ntat\u00f3 aty\u00e1kr\u00f3l. Ezeket r\u00e9szben a zar\u00e1ndokh\u00e1z papjai sor\u00e1b\u00f3l, r\u00e9szben pedig ezen k\u00edv\u00fcl l\u00e9v\u0151 papokb\u00f3l v\u00e1lasztott\u00e1k ki. Ezekr\u0151l a gy\u00f3ntat\u00f3kr\u00f3l ma m\u00e1r nem tal\u00e1lunk feljegyz\u00e9seket.<\/p>\n<ol>\n<li>B\u00e9la uralkod\u00e1sa alatt t\u00f6bb esetben tal\u00e1lkozunk gy\u00f3ntat\u00f3kkal, akik \u00e9l\u00e9nk szerepet j\u00e1tszottak a magyar egyh\u00e1zi \u00e9s a politikai \u00e9letben.<\/li>\n<\/ol>\n<p>Fontos szerepe lett a Szent P\u00e9ter-templom magyar gy\u00f3ntat\u00f3inak akkor, amikor VIII. Bonif\u00e1c p\u00e1pa a k\u00f6zhangulat hat\u00e1s\u00e1ra 1300. febru\u00e1r 23-\u00e1n a sz\u00e1zadfordul\u00f3t jubileumi szent\u00e9vnek nyilv\u00e1n\u00edtotta. K\u00e9tsz\u00e1zezerre teszik a zar\u00e1ndokok sz\u00e1m\u00e1t, akik a kereszt\u00e9ny vil\u00e1g minden t\u00e1j\u00e1r\u00f3l \u00e9rkeztek R\u00f3m\u00e1ba. A n\u00e9pek \u00e1radat\u00e1b\u00f3l nem hi\u00e1nyozhattak a magyarok sem. A zar\u00e1ndokok sor\u00e1ban voltak magyar p\u00fcsp\u00f6k\u00f6k, kanonokok \u00e9s papjaikkal egy\u00fctt a h\u00edvek. Term\u00e9szetes, hogy nem hi\u00e1nyozhatott sz\u00e1mukra a lelki vezet\u0151, a magyar gy\u00f3ntat\u00f3 sem. Az els\u0151 r\u00f3mai magyar gy\u00f3ntat\u00f3, akir\u0151l biztos tudom\u00e1sunk van, Magyar Mikl\u00f3s, akit VIII. Bonif\u00e1c p\u00fcsp\u00f6kk\u00e9 szentelt.<\/p>\n<p>A 14. sz\u00e1zad k\u00f6zep\u00e9ig eml\u00e9keink nem sz\u00f3lnak magyar eredet\u0171 gy\u00f3ntat\u00f3kr\u00f3l.<\/p>\n<ol start=\"1350\">\n<li>Kelemen p\u00e1pa 1350. \u00e9vre \u00fajra szent\u00e9vet hirdetett meg. Alighogy h\u00edre ment a jubileumi b\u00facs\u00fa meghirdet\u00e9s\u00e9nek, a kereszt\u00e9ny vil\u00e1g minden r\u00e9sz\u00e9b\u0151l megindultak a zar\u00e1ndokmenetek az \u00d6r\u00f6k V\u00e1ros fel\u00e9. A kr\u00f3nik\u00e1s szerint olyan t\u00f6megekben j\u00f6ttek, hogy a vend\u00e9gl\u0151k, sz\u00e1llod\u00e1k nem tudt\u00e1k befogadni a n\u00e9pet. Sokan a mez\u0151k\u00f6n voltak k\u00e9nytelenek t\u00e1borozni. J\u00f6ttek magyarok is nagy sz\u00e1mmal, s akadt munk\u00e1ja a magyar gy\u00f3ntat\u00f3nak.<\/li>\n<\/ol>\n<p>Az 1400. \u00e9vi jubileum \u00e9v\u00e9ben \u00fajra tal\u00e1lkozunk egy magyar gy\u00f3ntat\u00f3 nev\u00e9vel: Szekcs\u0151i P\u00e9ter fia, Istv\u00e1n minorita atya, akit IX. Bonif\u00e1c p\u00e1pa p\u00fcsp\u00f6kk\u00e9 szentelt. Az \u0151 t\u00e1voz\u00e1s\u00e1val, vagy tal\u00e1n m\u00e9g vele egyid\u0151ben, Bal\u00e1zs fia J\u00e1nos, a p\u00e9csi egyh\u00e1zmegy\u00e9b\u0151l sz\u00e1rmaz\u00f3 benc\u00e9s volt R\u00f3m\u00e1ban a magyar gy\u00f3ntat\u00f3. Egy Andr\u00e1s fia Tam\u00e1s nev\u0171 rendt\u00e1rsa is seg\u00edts\u00e9g\u00e9re volt. \u0150 arra hivatkozott, hogy \u201cMagyarorsz\u00e1gb\u00f3l \u00e9s Szlav\u00f3ni\u00e1b\u00f3l zar\u00e1ndok\u00faton \u00e9s m\u00e1s okokb\u00f3l is nagy sz\u00e1mmal j\u00f6nnek vil\u00e1gi h\u00edv\u0151k az \u00d6r\u00f6k V\u00e1rosba\u201d, \u00e9s mert \u0151 a magyar \u00e9s d\u00e9l-szl\u00e1v nyelveket besz\u00e9li, az olaszt is \u00e9rti, k\u00e9ri a p\u00e1p\u00e1t, hogy nevezze ki \u0151t r\u00f3mai gy\u00f3ntat\u00f3v\u00e1. V. M\u00e1rton p\u00e1pa 1419-ben teljes\u00edtette is k\u00e9r\u00e9s\u00e9t.<\/p>\n<p>1299: Magyar Mikl\u00f3s;<\/p>\n<p>1342-50: Magyarorsz\u00e1gi Bal\u00e1zs;<\/p>\n<p>1351-71: \u00dajhelyi Domonkos;<\/p>\n<p>1371: Budai Henrik OSA;<\/p>\n<p>1400: Szekcs\u0151i Istv\u00e1n OFM;<\/p>\n<p>1420: Bal\u00e1zs fia J\u00e1nos OSB;<\/p>\n<p>1419-22: Andr\u00e1s fia Tam\u00e1s OSB;<\/p>\n<p>1423-33: K\u00f6rmendi J\u00e1nos OSA;<\/p>\n<p>1423-33: G\u00e1l fia Andr\u00e1s OSPPE;<\/p>\n<p>1431-34: Cserdy Imre;<\/p>\n<p>1439-72: Kapusi B\u00e1lint OSPPE;<\/p>\n<p>1450 \u00e9s 1471: Andr\u00e1s fia P\u00e9ter;<\/p>\n<p>1472-73: Jakab OSPPE;<\/p>\n<p>1473-95: Istv\u00e1n fia Kelemen OSPPE;<\/p>\n<p>1488-96: D\u00e9nes fia Vince OP;<\/p>\n<p>1495-98: Ferenc fia Mih\u00e1ly;<\/p>\n<p>1517-23: L\u00e1szai J\u00e1nos;<\/p>\n<p>1524-53: Klobucziczki J\u00e1nos SJ;<\/p>\n<p>1693-99: Cseles M\u00e1rton SJ;<\/p>\n<p>1699-1709: Melleghi Ferenc SJ;<\/p>\n<p>1709-13: Rajcs\u00e1ni Gy\u00f6rgy SJ;<\/p>\n<p>1713-17: Beniczki Mih\u00e1ly SJ;<\/p>\n<p>1717-21: Dirner T\u00f3bi\u00e1s SJ;<\/p>\n<p>1721-24: Boss\u00e1nyi Andr\u00e1s SJ;<\/p>\n<p>1724-28: Raab Istv\u00e1n SJ;<\/p>\n<p>1728-32: Dobner Istv\u00e1n SJ;<\/p>\n<p>1732-41: Tolvay Imre SJ;<\/p>\n<p>1741-45: Faludi Ferenc SJ;<\/p>\n<p>1745-51: Koller J\u00f3zsef SJ;<\/p>\n<p>1750-53: K\u00e9ri B\u00e1lint SJ;<\/p>\n<p>1753-58: Meusser Krist\u00f3f SJ;<\/p>\n<p>1758-62: Puchperger M\u00e1rton SJ;<\/p>\n<p>1762-70: Piesty\u00e1nszky J\u00e1nos SJ;<\/p>\n<p>1770-73: Hersching D\u00e1niel SJ;<\/p>\n<p>1774-77: Hayduk M\u00f3zes OFM:<\/p>\n<p>1780-86: Boskovics P\u00e9ter OFM:<\/p>\n<p>1787-1808: Stadler G\u00e1sp\u00e1r OFM;<\/p>\n<p>1817-24: Paulik Ferenc OFM;<\/p>\n<p>1824-60: Kampus S\u00e1ndor OFM;<\/p>\n<p>1862-70: Liegerhoffer J\u00e1nos OFM;<\/p>\n<p>1870-93: Gmitter Alfonz OFM;<\/p>\n<p>1894: Csabai Paulin OFM;<\/p>\n<p>1895-1911: Czaich Gilbert OFM;<\/p>\n<p>1911-13: M\u00e1hig Ber\u00e1rd OFM;<\/p>\n<p>1913-27: Pazsitny Bonaventura OFM;<\/p>\n<p>1927-: Monay Ferenc OFM;<\/p>\n<p>1959-86: R\u00e1kos Rajmund OFM.<\/p>\n<p>Stuttgart, 2014-02-06.<br \/>\n<strong>Bar\u00e1ts\u00e1gklub<\/strong><br \/>\nMinden p\u00e9nteken 15.30-18.00 \u00f3ra k\u00f6z\u00f6tt.<br \/>\nHelysz\u00edn: A Bruder-Klaus-templom nagyterme, Albert-Sch\u00e4ffle-Str. 30.<br \/>\nUngarische Katholische Gemeinde \u201eSzent Gell\u00e9rt\u201d<br \/>\nAlbert-Sch\u00e4ffle-Str. 30<br \/>\nTel.: 0711-236 919 0<br \/>\nTelefax: 0711-236 739 3<br \/>\nE-mail:mission@gracious-dewdney.138-201-221-2.plesk.page<br \/>\nVezet\u0151je: Stauder \u00c9va. Helyettesei: Berec Piroska \u00e9s Kocsis Ilonka.<\/p>\n","protected":false},"excerpt":{"rendered":"<p>Kik \u0151k? Az Apostoli Szentsz\u00e9kt\u0151l kinevezett papok, akik R\u00f3ma n\u00e9gy patriark\u00e1lis bazili-k\u00e1j\u00e1ban \u00e9s nagy it\u00e1liai kegyhelyeken k\u00fcl\u00f6nleges feloldoz\u00e1si hatalommal gy\u00f3ntatnak. A kereszt\u00e9nys\u00e9g els\u0151 sz\u00e1zadaiban megindult a zar\u00e1ndoklat a szent helyekre. Els\u0151sorban a Szentf\u00f6ldre, az \u00fcdv\u00f6ss\u00e9g esem\u00e9nyeinek szent helyeire, majd R\u00f3m\u00e1ba, Szent P\u00e9ter \u00e9s P\u00e1l apostol s\u00edrj\u00e1hoz. H\u00edres zar\u00e1ndokhely volt a k\u00f6z\u00e9pkorban Szent Jakab s\u00edrja is a spanyolorsz\u00e1gi Santiago de Compostell\u00e1ban. A zar\u00e1ndokok im\u00e1dkozni akartak a szent helyeken, de az is vezette \u0151ket, hogy ott megtisztuljanak b\u0171neikt\u0151l, vezekeljenek botl\u00e1saik\u00e9rt. A p\u00e1p\u00e1k R\u00f3m\u00e1ban m\u00e1r az 5. sz\u00e1zadban ( Szt. Simplicius p\u00e1pa) gondoskodtak arr\u00f3l, hogy papok \u00e1lljanak a h\u00edvek rendelkez\u00e9s\u00e9re Szent P\u00e9ter, Szent P\u00e1l \u00e9s Szent L\u0151rinc templom\u00e1ban. Term\u00e9szetesen gondolniuk kellett arra is, hogy a k\u00fcl\u00f6nb\u00f6z\u0151 nyelv\u0171 h\u00edvek tal\u00e1ljanak olyan gy\u00f3ntat\u00f3kat, akik meg\u00e9rtik besz\u00e9d\u00fcket. A 13. sz\u00e1zad folyam\u00e1n a p\u00e1pai udvarban m\u00e1r \u00e1lland\u00f3an tal\u00e1lkozunk a penitenci\u00e1riusok (gy\u00f3ntat\u00f3k) szolg\u00e1lat\u00e1val. A k\u00fcl\u00f6nb\u00f6z\u0151 nemzetek fiaib\u00f3l v\u00e1lasztj\u00e1k ki \u0151ket a p\u00e1p\u00e1k, hogy minden nyelvnek, fajnak legyenek a p\u00e1pai udvarban k\u00e9pvisel\u0151i. Az olaszokon k\u00edv\u00fcl vannak francia, spanyol, portug\u00e1l, angol, lengyel, n\u00e9met, s\u0151t magyar sz\u00e1rmaz\u00e1s\u00faak is. R\u00e9szben a vil\u00e1gi paps\u00e1g soraib\u00f3l nevezik ki \u0151ket a p\u00e1p\u00e1k, m\u00e1sr\u00e9szt azonban a szerzetesrendek tagjai k\u00f6z\u00fcl, els\u0151sorban az akkor alakult k\u00e9t nagy koldul\u00f3rend, a domonkosok \u00e9s ferencesek tagjai k\u00f6z\u00fcl. K\u00fcl\u00f6n\u00f6sen megn\u0151tt fontoss\u00e1guk az \u00fan. szent\u00e9vek meghirdet\u00e9se ut\u00e1n. Az els\u0151 szent\u00e9vet VIII. Bonif\u00e1c p\u00e1pa hirdette meg Krisztus sz\u00fclet\u00e9s\u00e9nek 1300. \u00e9vfordul\u00f3j\u00e1n. A b\u00facs\u00fa elnyer\u00e9s\u00e9nek felt\u00e9tel\u00e9t a Szent P\u00e9ter- \u00e9s a falakon k\u00edv\u00fcli Szent P\u00e1l-bazilika l\u00e1togat\u00e1s\u00e1ban szabta meg, m\u00e9gpedig a r\u00f3maiaknak harminc, az egy\u00e9b ter\u00fcletekr\u0151l \u00e9rkez\u0151 zar\u00e1ndokoknak tizen\u00f6t napon kereszt\u00fcl kellett naponta felkeresni\u00fck a kijel\u00f6lt templomokat. A p\u00e1pa \u00e9s az Egyh\u00e1z sz\u00e1nd\u00e9ka szerint a szent\u00e9vnek az a rendeltet\u00e9se, hogy Urunk sz\u00fclet\u00e9s\u00e9re vagy hal\u00e1l\u00e1ra val\u00f3 eml\u00e9kez\u00e9s erej\u00e9b\u0151l b\u0171nb\u00e1natot mer\u00edtsenek a zar\u00e1ndokok. Ez\u00e9rt akik igaz b\u00e1nattal meggy\u00f3nt\u00e1k b\u0171neiket, azok a szent\u00e9vben jubileumi b\u00facs\u00faban r\u00e9szes\u00fclnek, ami a b\u0171n\u00e9rt j\u00e1r\u00f3 ideigtart\u00f3 b\u00fcntet\u00e9s elenged\u00e9se. A szent\u00e9vben a b\u0171n\u00f6k feloldoz\u00e1s\u00e1nak joghat\u00f3s\u00e1gi k\u00f6re&#8230; <\/p>\n<p><a class=\"readmore\" href=\"https:\/\/stuttgarti-katolikusok.de\/index.php\/papai-vagy-apostoli-gyontatok\/\">R\u00e9szletek<\/a><\/p>\n","protected":false},"author":7,"featured_media":0,"comment_status":"closed","ping_status":"closed","sticky":false,"template":"","format":"standard","meta":{"footnotes":""},"categories":[32],"tags":[],"class_list":["post-8123","post","type-post","status-publish","format-standard","hentry","category-baratsag-klub"],"yoast_head":"<!-- This site is optimized with the Yoast SEO plugin v27.3 - https:\/\/yoast.com\/product\/yoast-seo-wordpress\/ -->\n<title>P\u00c1PAI VAGY APOSTOLI GY\u00d3NTAT\u00d3K - Stuttgarti Katolikusok<\/title>\n<meta name=\"robots\" content=\"index, follow, max-snippet:-1, max-image-preview:large, max-video-preview:-1\" \/>\n<link rel=\"canonical\" href=\"https:\/\/stuttgarti-katolikusok.de\/index.php\/papai-vagy-apostoli-gyontatok\/\" \/>\n<meta property=\"og:locale\" content=\"hu_HU\" \/>\n<meta property=\"og:type\" content=\"article\" \/>\n<meta property=\"og:title\" content=\"P\u00c1PAI VAGY APOSTOLI GY\u00d3NTAT\u00d3K - Stuttgarti Katolikusok\" \/>\n<meta property=\"og:description\" content=\"Kik \u0151k? Az Apostoli Szentsz\u00e9kt\u0151l kinevezett papok, akik R\u00f3ma n\u00e9gy patriark\u00e1lis bazili-k\u00e1j\u00e1ban \u00e9s nagy it\u00e1liai kegyhelyeken k\u00fcl\u00f6nleges feloldoz\u00e1si hatalommal gy\u00f3ntatnak. A kereszt\u00e9nys\u00e9g els\u0151 sz\u00e1zadaiban megindult a zar\u00e1ndoklat a szent helyekre. Els\u0151sorban a Szentf\u00f6ldre, az \u00fcdv\u00f6ss\u00e9g esem\u00e9nyeinek szent helyeire, majd R\u00f3m\u00e1ba, Szent P\u00e9ter \u00e9s P\u00e1l apostol s\u00edrj\u00e1hoz. H\u00edres zar\u00e1ndokhely volt a k\u00f6z\u00e9pkorban Szent Jakab s\u00edrja is a spanyolorsz\u00e1gi Santiago de Compostell\u00e1ban. A zar\u00e1ndokok im\u00e1dkozni akartak a szent helyeken, de az is vezette \u0151ket, hogy ott megtisztuljanak b\u0171neikt\u0151l, vezekeljenek botl\u00e1saik\u00e9rt. A p\u00e1p\u00e1k R\u00f3m\u00e1ban m\u00e1r az 5. sz\u00e1zadban ( Szt. Simplicius p\u00e1pa) gondoskodtak arr\u00f3l, hogy papok \u00e1lljanak a h\u00edvek rendelkez\u00e9s\u00e9re Szent P\u00e9ter, Szent P\u00e1l \u00e9s Szent L\u0151rinc templom\u00e1ban. Term\u00e9szetesen gondolniuk kellett arra is, hogy a k\u00fcl\u00f6nb\u00f6z\u0151 nyelv\u0171 h\u00edvek tal\u00e1ljanak olyan gy\u00f3ntat\u00f3kat, akik meg\u00e9rtik besz\u00e9d\u00fcket. A 13. sz\u00e1zad folyam\u00e1n a p\u00e1pai udvarban m\u00e1r \u00e1lland\u00f3an tal\u00e1lkozunk a penitenci\u00e1riusok (gy\u00f3ntat\u00f3k) szolg\u00e1lat\u00e1val. A k\u00fcl\u00f6nb\u00f6z\u0151 nemzetek fiaib\u00f3l v\u00e1lasztj\u00e1k ki \u0151ket a p\u00e1p\u00e1k, hogy minden nyelvnek, fajnak legyenek a p\u00e1pai udvarban k\u00e9pvisel\u0151i. Az olaszokon k\u00edv\u00fcl vannak francia, spanyol, portug\u00e1l, angol, lengyel, n\u00e9met, s\u0151t magyar sz\u00e1rmaz\u00e1s\u00faak is. R\u00e9szben a vil\u00e1gi paps\u00e1g soraib\u00f3l nevezik ki \u0151ket a p\u00e1p\u00e1k, m\u00e1sr\u00e9szt azonban a szerzetesrendek tagjai k\u00f6z\u00fcl, els\u0151sorban az akkor alakult k\u00e9t nagy koldul\u00f3rend, a domonkosok \u00e9s ferencesek tagjai k\u00f6z\u00fcl. K\u00fcl\u00f6n\u00f6sen megn\u0151tt fontoss\u00e1guk az \u00fan. szent\u00e9vek meghirdet\u00e9se ut\u00e1n. Az els\u0151 szent\u00e9vet VIII. Bonif\u00e1c p\u00e1pa hirdette meg Krisztus sz\u00fclet\u00e9s\u00e9nek 1300. \u00e9vfordul\u00f3j\u00e1n. A b\u00facs\u00fa elnyer\u00e9s\u00e9nek felt\u00e9tel\u00e9t a Szent P\u00e9ter- \u00e9s a falakon k\u00edv\u00fcli Szent P\u00e1l-bazilika l\u00e1togat\u00e1s\u00e1ban szabta meg, m\u00e9gpedig a r\u00f3maiaknak harminc, az egy\u00e9b ter\u00fcletekr\u0151l \u00e9rkez\u0151 zar\u00e1ndokoknak tizen\u00f6t napon kereszt\u00fcl kellett naponta felkeresni\u00fck a kijel\u00f6lt templomokat. A p\u00e1pa \u00e9s az Egyh\u00e1z sz\u00e1nd\u00e9ka szerint a szent\u00e9vnek az a rendeltet\u00e9se, hogy Urunk sz\u00fclet\u00e9s\u00e9re vagy hal\u00e1l\u00e1ra val\u00f3 eml\u00e9kez\u00e9s erej\u00e9b\u0151l b\u0171nb\u00e1natot mer\u00edtsenek a zar\u00e1ndokok. Ez\u00e9rt akik igaz b\u00e1nattal meggy\u00f3nt\u00e1k b\u0171neiket, azok a szent\u00e9vben jubileumi b\u00facs\u00faban r\u00e9szes\u00fclnek, ami a b\u0171n\u00e9rt j\u00e1r\u00f3 ideigtart\u00f3 b\u00fcntet\u00e9s elenged\u00e9se. A szent\u00e9vben a b\u0171n\u00f6k feloldoz\u00e1s\u00e1nak joghat\u00f3s\u00e1gi k\u00f6re... R\u00e9szletek\" \/>\n<meta property=\"og:url\" content=\"https:\/\/stuttgarti-katolikusok.de\/index.php\/papai-vagy-apostoli-gyontatok\/\" \/>\n<meta property=\"og:site_name\" content=\"Stuttgarti Katolikusok\" \/>\n<meta property=\"article:published_time\" content=\"2015-12-10T20:43:16+00:00\" \/>\n<meta name=\"author\" content=\"Pap L\u00f3r\u00e1nt\" \/>\n<meta name=\"twitter:card\" content=\"summary_large_image\" \/>\n<meta name=\"twitter:label1\" content=\"Szerz\u0151:\" \/>\n\t<meta name=\"twitter:data1\" content=\"Pap L\u00f3r\u00e1nt\" \/>\n\t<meta name=\"twitter:label2\" content=\"Becs\u00fclt olvas\u00e1si id\u0151\" \/>\n\t<meta name=\"twitter:data2\" content=\"11 perc\" \/>\n<script type=\"application\/ld+json\" class=\"yoast-schema-graph\">{\"@context\":\"https:\\\/\\\/schema.org\",\"@graph\":[{\"@type\":\"Article\",\"@id\":\"https:\\\/\\\/stuttgarti-katolikusok.de\\\/index.php\\\/papai-vagy-apostoli-gyontatok\\\/#article\",\"isPartOf\":{\"@id\":\"https:\\\/\\\/stuttgarti-katolikusok.de\\\/index.php\\\/papai-vagy-apostoli-gyontatok\\\/\"},\"author\":{\"name\":\"Pap L\u00f3r\u00e1nt\",\"@id\":\"https:\\\/\\\/stuttgarti-katolikusok.de\\\/#\\\/schema\\\/person\\\/e4b8974603e18bea0e1dd451fdf95466\"},\"headline\":\"P\u00c1PAI VAGY APOSTOLI GY\u00d3NTAT\u00d3K\",\"datePublished\":\"2015-12-10T20:43:16+00:00\",\"mainEntityOfPage\":{\"@id\":\"https:\\\/\\\/stuttgarti-katolikusok.de\\\/index.php\\\/papai-vagy-apostoli-gyontatok\\\/\"},\"wordCount\":2232,\"articleSection\":[\"Bar\u00e1ts\u00e1g Klub\"],\"inLanguage\":\"hu\"},{\"@type\":\"WebPage\",\"@id\":\"https:\\\/\\\/stuttgarti-katolikusok.de\\\/index.php\\\/papai-vagy-apostoli-gyontatok\\\/\",\"url\":\"https:\\\/\\\/stuttgarti-katolikusok.de\\\/index.php\\\/papai-vagy-apostoli-gyontatok\\\/\",\"name\":\"P\u00c1PAI VAGY APOSTOLI GY\u00d3NTAT\u00d3K - Stuttgarti Katolikusok\",\"isPartOf\":{\"@id\":\"https:\\\/\\\/stuttgarti-katolikusok.de\\\/#website\"},\"datePublished\":\"2015-12-10T20:43:16+00:00\",\"author\":{\"@id\":\"https:\\\/\\\/stuttgarti-katolikusok.de\\\/#\\\/schema\\\/person\\\/e4b8974603e18bea0e1dd451fdf95466\"},\"breadcrumb\":{\"@id\":\"https:\\\/\\\/stuttgarti-katolikusok.de\\\/index.php\\\/papai-vagy-apostoli-gyontatok\\\/#breadcrumb\"},\"inLanguage\":\"hu\",\"potentialAction\":[{\"@type\":\"ReadAction\",\"target\":[\"https:\\\/\\\/stuttgarti-katolikusok.de\\\/index.php\\\/papai-vagy-apostoli-gyontatok\\\/\"]}]},{\"@type\":\"BreadcrumbList\",\"@id\":\"https:\\\/\\\/stuttgarti-katolikusok.de\\\/index.php\\\/papai-vagy-apostoli-gyontatok\\\/#breadcrumb\",\"itemListElement\":[{\"@type\":\"ListItem\",\"position\":1,\"name\":\"Kezd\u0151lap\",\"item\":\"https:\\\/\\\/stuttgarti-katolikusok.de\\\/\"},{\"@type\":\"ListItem\",\"position\":2,\"name\":\"P\u00c1PAI VAGY APOSTOLI GY\u00d3NTAT\u00d3K\"}]},{\"@type\":\"WebSite\",\"@id\":\"https:\\\/\\\/stuttgarti-katolikusok.de\\\/#website\",\"url\":\"https:\\\/\\\/stuttgarti-katolikusok.de\\\/\",\"name\":\"Stuttgarti Katolikusok\",\"description\":\"\",\"potentialAction\":[{\"@type\":\"SearchAction\",\"target\":{\"@type\":\"EntryPoint\",\"urlTemplate\":\"https:\\\/\\\/stuttgarti-katolikusok.de\\\/?s={search_term_string}\"},\"query-input\":{\"@type\":\"PropertyValueSpecification\",\"valueRequired\":true,\"valueName\":\"search_term_string\"}}],\"inLanguage\":\"hu\"},{\"@type\":\"Person\",\"@id\":\"https:\\\/\\\/stuttgarti-katolikusok.de\\\/#\\\/schema\\\/person\\\/e4b8974603e18bea0e1dd451fdf95466\",\"name\":\"Pap L\u00f3r\u00e1nt\",\"image\":{\"@type\":\"ImageObject\",\"inLanguage\":\"hu\",\"@id\":\"https:\\\/\\\/secure.gravatar.com\\\/avatar\\\/fab210c46214d43b54ee6a8cbddf404c7571dad536b6c8e007a4db3c0dfa1abe?s=96&d=mm&r=g\",\"url\":\"https:\\\/\\\/secure.gravatar.com\\\/avatar\\\/fab210c46214d43b54ee6a8cbddf404c7571dad536b6c8e007a4db3c0dfa1abe?s=96&d=mm&r=g\",\"contentUrl\":\"https:\\\/\\\/secure.gravatar.com\\\/avatar\\\/fab210c46214d43b54ee6a8cbddf404c7571dad536b6c8e007a4db3c0dfa1abe?s=96&d=mm&r=g\",\"caption\":\"Pap L\u00f3r\u00e1nt\"},\"url\":\"https:\\\/\\\/stuttgarti-katolikusok.de\\\/index.php\\\/author\\\/lorant-pap\\\/\"}]}<\/script>\n<!-- \/ Yoast SEO plugin. -->","yoast_head_json":{"title":"P\u00c1PAI VAGY APOSTOLI GY\u00d3NTAT\u00d3K - Stuttgarti Katolikusok","robots":{"index":"index","follow":"follow","max-snippet":"max-snippet:-1","max-image-preview":"max-image-preview:large","max-video-preview":"max-video-preview:-1"},"canonical":"https:\/\/stuttgarti-katolikusok.de\/index.php\/papai-vagy-apostoli-gyontatok\/","og_locale":"hu_HU","og_type":"article","og_title":"P\u00c1PAI VAGY APOSTOLI GY\u00d3NTAT\u00d3K - Stuttgarti Katolikusok","og_description":"Kik \u0151k? Az Apostoli Szentsz\u00e9kt\u0151l kinevezett papok, akik R\u00f3ma n\u00e9gy patriark\u00e1lis bazili-k\u00e1j\u00e1ban \u00e9s nagy it\u00e1liai kegyhelyeken k\u00fcl\u00f6nleges feloldoz\u00e1si hatalommal gy\u00f3ntatnak. A kereszt\u00e9nys\u00e9g els\u0151 sz\u00e1zadaiban megindult a zar\u00e1ndoklat a szent helyekre. Els\u0151sorban a Szentf\u00f6ldre, az \u00fcdv\u00f6ss\u00e9g esem\u00e9nyeinek szent helyeire, majd R\u00f3m\u00e1ba, Szent P\u00e9ter \u00e9s P\u00e1l apostol s\u00edrj\u00e1hoz. H\u00edres zar\u00e1ndokhely volt a k\u00f6z\u00e9pkorban Szent Jakab s\u00edrja is a spanyolorsz\u00e1gi Santiago de Compostell\u00e1ban. A zar\u00e1ndokok im\u00e1dkozni akartak a szent helyeken, de az is vezette \u0151ket, hogy ott megtisztuljanak b\u0171neikt\u0151l, vezekeljenek botl\u00e1saik\u00e9rt. A p\u00e1p\u00e1k R\u00f3m\u00e1ban m\u00e1r az 5. sz\u00e1zadban ( Szt. Simplicius p\u00e1pa) gondoskodtak arr\u00f3l, hogy papok \u00e1lljanak a h\u00edvek rendelkez\u00e9s\u00e9re Szent P\u00e9ter, Szent P\u00e1l \u00e9s Szent L\u0151rinc templom\u00e1ban. Term\u00e9szetesen gondolniuk kellett arra is, hogy a k\u00fcl\u00f6nb\u00f6z\u0151 nyelv\u0171 h\u00edvek tal\u00e1ljanak olyan gy\u00f3ntat\u00f3kat, akik meg\u00e9rtik besz\u00e9d\u00fcket. A 13. sz\u00e1zad folyam\u00e1n a p\u00e1pai udvarban m\u00e1r \u00e1lland\u00f3an tal\u00e1lkozunk a penitenci\u00e1riusok (gy\u00f3ntat\u00f3k) szolg\u00e1lat\u00e1val. A k\u00fcl\u00f6nb\u00f6z\u0151 nemzetek fiaib\u00f3l v\u00e1lasztj\u00e1k ki \u0151ket a p\u00e1p\u00e1k, hogy minden nyelvnek, fajnak legyenek a p\u00e1pai udvarban k\u00e9pvisel\u0151i. Az olaszokon k\u00edv\u00fcl vannak francia, spanyol, portug\u00e1l, angol, lengyel, n\u00e9met, s\u0151t magyar sz\u00e1rmaz\u00e1s\u00faak is. R\u00e9szben a vil\u00e1gi paps\u00e1g soraib\u00f3l nevezik ki \u0151ket a p\u00e1p\u00e1k, m\u00e1sr\u00e9szt azonban a szerzetesrendek tagjai k\u00f6z\u00fcl, els\u0151sorban az akkor alakult k\u00e9t nagy koldul\u00f3rend, a domonkosok \u00e9s ferencesek tagjai k\u00f6z\u00fcl. K\u00fcl\u00f6n\u00f6sen megn\u0151tt fontoss\u00e1guk az \u00fan. szent\u00e9vek meghirdet\u00e9se ut\u00e1n. Az els\u0151 szent\u00e9vet VIII. Bonif\u00e1c p\u00e1pa hirdette meg Krisztus sz\u00fclet\u00e9s\u00e9nek 1300. \u00e9vfordul\u00f3j\u00e1n. A b\u00facs\u00fa elnyer\u00e9s\u00e9nek felt\u00e9tel\u00e9t a Szent P\u00e9ter- \u00e9s a falakon k\u00edv\u00fcli Szent P\u00e1l-bazilika l\u00e1togat\u00e1s\u00e1ban szabta meg, m\u00e9gpedig a r\u00f3maiaknak harminc, az egy\u00e9b ter\u00fcletekr\u0151l \u00e9rkez\u0151 zar\u00e1ndokoknak tizen\u00f6t napon kereszt\u00fcl kellett naponta felkeresni\u00fck a kijel\u00f6lt templomokat. A p\u00e1pa \u00e9s az Egyh\u00e1z sz\u00e1nd\u00e9ka szerint a szent\u00e9vnek az a rendeltet\u00e9se, hogy Urunk sz\u00fclet\u00e9s\u00e9re vagy hal\u00e1l\u00e1ra val\u00f3 eml\u00e9kez\u00e9s erej\u00e9b\u0151l b\u0171nb\u00e1natot mer\u00edtsenek a zar\u00e1ndokok. Ez\u00e9rt akik igaz b\u00e1nattal meggy\u00f3nt\u00e1k b\u0171neiket, azok a szent\u00e9vben jubileumi b\u00facs\u00faban r\u00e9szes\u00fclnek, ami a b\u0171n\u00e9rt j\u00e1r\u00f3 ideigtart\u00f3 b\u00fcntet\u00e9s elenged\u00e9se. A szent\u00e9vben a b\u0171n\u00f6k feloldoz\u00e1s\u00e1nak joghat\u00f3s\u00e1gi k\u00f6re... R\u00e9szletek","og_url":"https:\/\/stuttgarti-katolikusok.de\/index.php\/papai-vagy-apostoli-gyontatok\/","og_site_name":"Stuttgarti Katolikusok","article_published_time":"2015-12-10T20:43:16+00:00","author":"Pap L\u00f3r\u00e1nt","twitter_card":"summary_large_image","twitter_misc":{"Szerz\u0151:":"Pap L\u00f3r\u00e1nt","Becs\u00fclt olvas\u00e1si id\u0151":"11 perc"},"schema":{"@context":"https:\/\/schema.org","@graph":[{"@type":"Article","@id":"https:\/\/stuttgarti-katolikusok.de\/index.php\/papai-vagy-apostoli-gyontatok\/#article","isPartOf":{"@id":"https:\/\/stuttgarti-katolikusok.de\/index.php\/papai-vagy-apostoli-gyontatok\/"},"author":{"name":"Pap L\u00f3r\u00e1nt","@id":"https:\/\/stuttgarti-katolikusok.de\/#\/schema\/person\/e4b8974603e18bea0e1dd451fdf95466"},"headline":"P\u00c1PAI VAGY APOSTOLI GY\u00d3NTAT\u00d3K","datePublished":"2015-12-10T20:43:16+00:00","mainEntityOfPage":{"@id":"https:\/\/stuttgarti-katolikusok.de\/index.php\/papai-vagy-apostoli-gyontatok\/"},"wordCount":2232,"articleSection":["Bar\u00e1ts\u00e1g Klub"],"inLanguage":"hu"},{"@type":"WebPage","@id":"https:\/\/stuttgarti-katolikusok.de\/index.php\/papai-vagy-apostoli-gyontatok\/","url":"https:\/\/stuttgarti-katolikusok.de\/index.php\/papai-vagy-apostoli-gyontatok\/","name":"P\u00c1PAI VAGY APOSTOLI GY\u00d3NTAT\u00d3K - Stuttgarti Katolikusok","isPartOf":{"@id":"https:\/\/stuttgarti-katolikusok.de\/#website"},"datePublished":"2015-12-10T20:43:16+00:00","author":{"@id":"https:\/\/stuttgarti-katolikusok.de\/#\/schema\/person\/e4b8974603e18bea0e1dd451fdf95466"},"breadcrumb":{"@id":"https:\/\/stuttgarti-katolikusok.de\/index.php\/papai-vagy-apostoli-gyontatok\/#breadcrumb"},"inLanguage":"hu","potentialAction":[{"@type":"ReadAction","target":["https:\/\/stuttgarti-katolikusok.de\/index.php\/papai-vagy-apostoli-gyontatok\/"]}]},{"@type":"BreadcrumbList","@id":"https:\/\/stuttgarti-katolikusok.de\/index.php\/papai-vagy-apostoli-gyontatok\/#breadcrumb","itemListElement":[{"@type":"ListItem","position":1,"name":"Kezd\u0151lap","item":"https:\/\/stuttgarti-katolikusok.de\/"},{"@type":"ListItem","position":2,"name":"P\u00c1PAI VAGY APOSTOLI GY\u00d3NTAT\u00d3K"}]},{"@type":"WebSite","@id":"https:\/\/stuttgarti-katolikusok.de\/#website","url":"https:\/\/stuttgarti-katolikusok.de\/","name":"Stuttgarti Katolikusok","description":"","potentialAction":[{"@type":"SearchAction","target":{"@type":"EntryPoint","urlTemplate":"https:\/\/stuttgarti-katolikusok.de\/?s={search_term_string}"},"query-input":{"@type":"PropertyValueSpecification","valueRequired":true,"valueName":"search_term_string"}}],"inLanguage":"hu"},{"@type":"Person","@id":"https:\/\/stuttgarti-katolikusok.de\/#\/schema\/person\/e4b8974603e18bea0e1dd451fdf95466","name":"Pap L\u00f3r\u00e1nt","image":{"@type":"ImageObject","inLanguage":"hu","@id":"https:\/\/secure.gravatar.com\/avatar\/fab210c46214d43b54ee6a8cbddf404c7571dad536b6c8e007a4db3c0dfa1abe?s=96&d=mm&r=g","url":"https:\/\/secure.gravatar.com\/avatar\/fab210c46214d43b54ee6a8cbddf404c7571dad536b6c8e007a4db3c0dfa1abe?s=96&d=mm&r=g","contentUrl":"https:\/\/secure.gravatar.com\/avatar\/fab210c46214d43b54ee6a8cbddf404c7571dad536b6c8e007a4db3c0dfa1abe?s=96&d=mm&r=g","caption":"Pap L\u00f3r\u00e1nt"},"url":"https:\/\/stuttgarti-katolikusok.de\/index.php\/author\/lorant-pap\/"}]}},"_links":{"self":[{"href":"https:\/\/stuttgarti-katolikusok.de\/index.php\/wp-json\/wp\/v2\/posts\/8123","targetHints":{"allow":["GET"]}}],"collection":[{"href":"https:\/\/stuttgarti-katolikusok.de\/index.php\/wp-json\/wp\/v2\/posts"}],"about":[{"href":"https:\/\/stuttgarti-katolikusok.de\/index.php\/wp-json\/wp\/v2\/types\/post"}],"author":[{"embeddable":true,"href":"https:\/\/stuttgarti-katolikusok.de\/index.php\/wp-json\/wp\/v2\/users\/7"}],"replies":[{"embeddable":true,"href":"https:\/\/stuttgarti-katolikusok.de\/index.php\/wp-json\/wp\/v2\/comments?post=8123"}],"version-history":[{"count":1,"href":"https:\/\/stuttgarti-katolikusok.de\/index.php\/wp-json\/wp\/v2\/posts\/8123\/revisions"}],"predecessor-version":[{"id":8124,"href":"https:\/\/stuttgarti-katolikusok.de\/index.php\/wp-json\/wp\/v2\/posts\/8123\/revisions\/8124"}],"wp:attachment":[{"href":"https:\/\/stuttgarti-katolikusok.de\/index.php\/wp-json\/wp\/v2\/media?parent=8123"}],"wp:term":[{"taxonomy":"category","embeddable":true,"href":"https:\/\/stuttgarti-katolikusok.de\/index.php\/wp-json\/wp\/v2\/categories?post=8123"},{"taxonomy":"post_tag","embeddable":true,"href":"https:\/\/stuttgarti-katolikusok.de\/index.php\/wp-json\/wp\/v2\/tags?post=8123"}],"curies":[{"name":"wp","href":"https:\/\/api.w.org\/{rel}","templated":true}]}}