{"id":7907,"date":"2015-11-26T16:04:36","date_gmt":"2015-11-26T16:04:36","guid":{"rendered":"https:\/\/gracious-dewdney.138-201-221-2.plesk.page\/?p=7907"},"modified":"2015-12-08T10:29:12","modified_gmt":"2015-12-08T10:29:12","slug":"ujratanulni-martont-interju-varszegi-asztrik-foapattal-a-szent-marton-emlekevrol","status":"publish","type":"post","link":"https:\/\/stuttgarti-katolikusok.de\/index.php\/ujratanulni-martont-interju-varszegi-asztrik-foapattal-a-szent-marton-emlekevrol\/","title":{"rendered":"\u00dajratanulni M\u00e1rtont \u2013 Interj\u00fa V\u00e1rszegi Asztrik f\u0151ap\u00e1ttal a Szent M\u00e1rton-eml\u00e9k\u00e9vr\u0151l"},"content":{"rendered":"<h3>A Magyar Katolikus P\u00fcsp\u00f6ki Konferencia 2014. ny\u00e1ri \u00fcl\u00e9s\u00e9n eml\u00e9k\u00e9vet hirdetett Szent M\u00e1rton sz\u00fclet\u00e9s\u00e9nek 1700. \u00e9vfordul\u00f3j\u00e1ra. A jubileumi esztend\u0151 pannonhalmi \u00fcnnep\u00e9lyes megnyit\u00e1s\u00e1t k\u00f6vet\u0151en V\u00e1rszegi Asztrik f\u0151ap\u00e1tot k\u00e9rdezt\u00fck a szent \u00e9letp\u00e9ld\u00e1j\u00e1r\u00f3l, k\u00f6vet\u00e9s\u00e9r\u0151l, valamint az eml\u00e9k\u00e9v programjair\u00f3l.<\/h3>\n<p><strong><br \/>\n<strong>\u2013 Mi az, ami 1700 \u00e9v t\u00e1vlat\u00e1b\u00f3l vonz\u00f3 lehet a ma ember\u00e9nek Szent M\u00e1rton alakj\u00e1ban?<\/strong><\/strong><\/p>\n<p>\u2013 Olyan korszakban \u00e9l\u00fcnk, melyben kritikusan kutatjuk a t\u00f6rt\u00e9neti forr\u00e1sokat, \u00edgy egyre teljesebben l\u00e1tjuk Szent M\u00e1rtont. Magam is \u00edgy \u00e9rzem. Annak rendje-m\u00f3dja szerint megtanultam az egyh\u00e1zt\u00f6rt\u00e9nelmet, a rendt\u00f6rt\u00e9netet is. Pannonhalm\u00e1n t\u00f6bbet foglalkoztunk M\u00e1rtonnal, M\u00e1rton szem\u00e9lyis\u00e9g\u00e9vel \u2013 l\u00e9v\u00e9n, hogy Szent M\u00e1rton hegy\u00e9n \u00e9l\u00fcnk. Az \u00e9n szememet, tal\u00e1n h\u00fasz \u00e9ve, Karl Lehmann mainzi p\u00fcsp\u00f6k, ma m\u00e1r b\u00edboros nyitotta fel, amikor a gyerekeknek pr\u00e9dik\u00e1lt itt Szent M\u00e1rtonr\u00f3l. Nagyon \u00e9rdekes, nagyon j\u00f3 besz\u00e9d volt. Gondoljunk csak ezekre az apr\u00f3s\u00e1gokra: Kr. u. 313, a mil\u00e1n\u00f3i ediktum \u00e9ve, az \u00fcld\u00f6z\u0151 kiegyezik az \u00fcld\u00f6z\u00f6ttel. A birodalom az egyh\u00e1zzal: bevett vall\u00e1s lesz a kereszt\u00e9nys\u00e9g. H\u00e1rom \u00e9v m\u00falva megsz\u00fcletik ez a kisfi\u00fa. Nyilv\u00e1n nem k\u00f6vetkezik a mil\u00e1n\u00f3i ediktum kiad\u00e1s\u00e1b\u00f3l, hogy 2-3 \u00e9vvel k\u00e9s\u0151bb m\u00e1r mindenki kereszt\u00e9ny. Ekkor kezd\u0151d\u00f6tt igaz\u00e1n a r\u00f3mai szellemis\u00e9g hanyatl\u00e1sa \u00e9s a kereszt\u00e9nys\u00e9g terjed\u00e9se. Az 5-6. sz\u00e1zadra v\u00e1lik majd olyan er\u0151ss\u00e9 a kereszt\u00e9nys\u00e9g, hogy az elkezdi form\u00e1lni a t\u00e1rsadalmat.<\/p>\n<p>A gall p\u00fcsp\u00f6k\u00f6k csoportja k\u00fcl\u00f6n egyh\u00e1zt\u00f6rt\u00e9neti fejezet, \u00e9s \u00e9rdekes sz\u00e1munkra itt Pann\u00f3ni\u00e1ban: k\u00e9t gall p\u00fcsp\u00f6k patrociniumunk van [patr\u00f3nus, v\u00e9delmez\u0151\u00a0\u2013 <em>a szerk.<\/em>], mindkett\u0151 benc\u00e9s kolostor\u00e9: a tours-i p\u00fcsp\u00f6k, Szent M\u00e1rton \u00e9s az orle\u00e1ns-i p\u00fcsp\u00f6k, Szent \u00c1nyos. Ugyanabba a csoportba tartoztak: szembesz\u00e1lltak a cs\u00e1sz\u00e1ri hatalommal, amely r\u00e1 akart tenyerelni az egyh\u00e1zra. M\u00e1sr\u00e9szt igen nagy volt a szeg\u00e9nys\u00e9g \u00e9s a vele j\u00e1r\u00f3 korrupci\u00f3. Nem v\u00e9letlen, hogy mindk\u00e9t p\u00fcsp\u00f6knek nagy volt a szoci\u00e1lis \u00e9rz\u00e9kenys\u00e9ge.<\/p>\n<p>Egy \u00e9rt\u00e9ks\u00fcllyeszt\u0151 vil\u00e1gban felismert\u00e9k: az \u00e9rt\u00e9kek az emberben vannak. Mindk\u00e9t p\u00fcsp\u00f6k, mindk\u00e9t szent a konkr\u00e9t ember\u00e9rt mert nagyon b\u00e1tor tan\u00fas\u00e1gt\u00e9telt v\u00e1llalni. P\u00e9ld\u00e1ul: ebben a korban mer\u00fclt f\u00f6l el\u0151sz\u00f6r, hogy az eretnekeket meg kellene \u00e9getni. M\u00e1rton ez ellen is f\u00f6lemelte a szav\u00e1t.<\/p>\n<p><strong>\u2013 A fenti p\u00e9ld\u00e1kb\u00f3l is kirajzol\u00f3dik, hogy M\u00e1rton nem igazodott a fenn\u00e1ll\u00f3 rendszerhez, hanem a saj\u00e1t \u00e9rt\u00e9krendj\u00e9t k\u00f6vette. Ennek milyen \u00fczenete van sz\u00e1munkra?<\/strong><\/p>\n<p>\u2013 M\u00e1rton egy sz\u00e9tesett, az egyh\u00e1zat nem t\u00e1mogat\u00f3, az egyh\u00e1znak szabads\u00e1got, lehet\u0151s\u00e9geket biztos\u00edt\u00f3 birodalom romjai k\u00f6z\u00f6tt pr\u00f3b\u00e1lt igazs\u00e1got keresni, igazs\u00e1got kik\u00f6vetelni nem a maga, hanem az \u00f6v\u00e9i sz\u00e1m\u00e1ra. A mi vil\u00e1gunk \u00e9s k\u00f6zvetlen t\u00e1rsadalmunk is sokf\u00e9le gazdas\u00e1gi, lelki gonddal, szeg\u00e9nys\u00e9ggel, igazs\u00e1gtalans\u00e1ggal, helyi h\u00e1bor\u00fakkal k\u00fczd. Ezekkel a kih\u00edv\u00e1sokkal kell kereszt\u00e9ny m\u00f3don szemben\u00e9zn\u00fcnk, ezekre kell v\u00e1laszt adnunk. Itt megmaradni b\u00f6lcsnek, \u0151szint\u00e9nek, igaznak, szolid\u00e1risnak, \u00e9s \u00e9letben maradni\u2026 h\u00e1t szinte lehetetlen.<\/p>\n<p><strong>\u2013 Szent M\u00e1rton eml\u00e9knapj\u00e1n, november 11-\u00e9n, a jubileumi \u00e9vet <a href=\"http:\/\/www.magyarkurir.hu\/megszentelt-elet\/erdo-peter-pannonhalman-szent-marton-megmutatja-az-isteni-szeretet-melyseget\">megnyit\u00f3 szentmis\u00e9n mondott k\u00f6sz\u00f6nt\u0151j\u00e9ben<\/a> a <\/strong><em><strong>p\u00e1rbesz\u00e9dre val\u00f3 t\u00f6rekv\u00e9st<\/strong><\/em><strong> \u00e9s a <\/strong><em><strong>k\u00f6z\u00f6ss\u00e9g\u00e9p\u00edt\u00e9s<\/strong><\/em><strong> fontoss\u00e1g\u00e1t emelte ki. Mit \u00e9rt\u00fcnk p\u00e1rbesz\u00e9den egy olyan korban, amelyben technikai felt\u00e9telek tekintet\u00e9ben minden adott a p\u00e1rbesz\u00e9dre, ugyanakkor m\u00e9gis h\u00e1tt\u00e9rbe szorulnak a szem\u00e9lyes besz\u00e9lget\u00e9sek. \u00c9s mit \u00e9rt\u00fcnk p\u00e1rbesz\u00e9den a menek\u00fcltv\u00e1ls\u00e1g, az Iszl\u00e1m \u00c1llam, a terrort\u00e1mad\u00e1sok kor\u00e1ban?<\/strong><\/p>\n<p>\u2013 Ferenc p\u00e1pa a nemr\u00e9g <a href=\"http:\/\/www.magyarkurir.hu\/ferenc-papa\/ferenc-papa-beszede-az-olasz-katolikus-egyhaz-nemzeti-kongresszusahoz\">a firenzei d\u00f3mban elmondott besz\u00e9d\u00e9ben<\/a> is az \u00f3kereszt\u00e9ny kor fesz\u00fclts\u00e9gei, megk\u00f6zel\u00edt\u00e9sei alapj\u00e1n fogalmaz, \u00e9rvel, hogy l\u00e1ttassa egy t\u00f6rt\u00e9neti kor problematik\u00e1j\u00e1t. Buzd\u00edt\u00e1s\u00e1ban t\u00fall\u00e9p minden olyan hat\u00e1ron, ami megv\u00e9dene benn\u00fcnket. \u00c9s ez\u00e1ltal m\u00e9lyen evang\u00e9liumi \u00e9s j\u00e9zusi. A kereszt\u00e9nys\u00e9g sem \u00f6nc\u00e9l\u00fa. A vil\u00e1gon semmi nem \u00f6nc\u00e9l\u00fa.<\/p>\n<p>Ha elm\u00e9leti s\u00edkon gondolkodunk, akkor azt kell mondanunk, nem az a c\u00e9l, hogy addig folytassuk a p\u00e1rbesz\u00e9det, am\u00edg er\u0151sebbek nem lesz\u00fcnk. Azt\u00e1n, ha megtehetj\u00fck, legy\u0151zz\u00fck a m\u00e1sikat. Teh\u00e1t azt gondolom, hogy az \u00e9let minden ter\u00fclet\u00e9n arra kell t\u00f6rekedn\u00fcnk, hogy a m\u00e1sikat els\u0151sorban meg\u00e9rts\u00fck, magunkr\u00f3l, a saj\u00e1t gondolkod\u00e1sm\u00f3dunkr\u00f3l besz\u00e9lni tudjunk, k\u00f6z\u00f6s szempontokat keress\u00fcnk, a k\u00fcl\u00f6nb\u00f6z\u0151eket tiszteltj\u00fck (felt\u00e9ve, ha az nem k\u00e1ros), \u00e9s \u00edgy teremts\u00fcnk b\u00e9k\u00e9t, felt\u00e9telt az \u00e9lethez, az egy\u00fctt\u00e9l\u00e9shez. Az egyh\u00e1z, a vatik\u00e1ni f\u00f3rumok p\u00e1rbesz\u00e9det folytatnak a k\u00fcl\u00f6nb\u00f6z\u0151 vall\u00e1sokkal. Ez nem azt jelenti, hogy holnap egyes\u00fcl\u00fcnk, \u00e9s f\u00f6lsz\u00e1molunk minden probl\u00e9m\u00e1t, de meg kell teremteni a p\u00e1rbesz\u00e9d lehet\u0151s\u00e9g\u00e9t.<\/p>\n<p>Az er\u0151szak, az Iszl\u00e1m \u00c1llam fell\u00e9p\u00e9se lehetetlenn\u00e9 teszi a p\u00e1rbesz\u00e9det, nincs m\u00e1sik f\u00e9l, akivel \u00e9rdemben besz\u00e9lni lehetne. Ez a t\u00f6rt\u00e9nelem vaskos val\u00f3s\u00e1ga, amelyben gazdas\u00e1gi, politikai \u00e9rdekek, fesz\u00fclts\u00e9gek a meghat\u00e1roz\u00f3k.<\/p>\n<p>A menek\u00fcltv\u00e1ls\u00e1gban m\u00e1r ink\u00e1bb az \u00f6nv\u00e9delem \u00e9s a kiszolg\u00e1ltatottak v\u00e9delme ker\u00fcl el\u0151t\u00e9rbe. A p\u00e1rbesz\u00e9dre, a meg\u00e9rt\u00e9sre, az elfogad\u00e1sra, a jogos \u00f6nv\u00e9delemre mindaddig t\u00f6rekedni kell, am\u00edg csak lehets\u00e9ges, de ha ott fekszik valaki az ajt\u00f3nk el\u0151tt, aki kiszolg\u00e1ltatott, net\u00e1n \u00fcld\u00f6z\u00f6tt, akkor seg\u00edten\u00fcnk kell. Nem tehetj\u00fck meg, hogy \u00e1tl\u00e9p\u00fcnk rajta. \u00c9s itt a lelkiismereti k\u00e9rd\u00e9s: j\u00f6n a kontinent\u00e1lis t\u00e9l \u2013 adja Isten, hogy ne legyen nagyon hideg, de kev\u00e9s is el\u00e9g\u00a0\u2013, \u00f6z\u00f6nlenek az emberek, \u00e9s nincs az a politika, nincs az az \u00e9rdek, ami alapj\u00e1n azt lehet mondani, hogy pusztuljanak odakinn. Kereszt\u00e9ny ember ezt nem mondhatja. Ha nem \u00edgy gondolkodunk \u00e9s cseleksz\u00fcnk, akkor nem mondhatjuk el, hogy J\u00e9zus evang\u00e9liuma szerint pr\u00f3b\u00e1ljuk \u00e9lni az \u00e9let\u00fcnket. Hiszen J\u00e9zus arra ad p\u00e9ld\u00e1t, hogy senkinek nincs nagyobb szeretete ann\u00e1l, mint aki \u00e9let\u00e9t adja embert\u00e1rsai\u00e9rt. Ha J\u00e9zus mag\u00e1t k\u00edm\u00e9lte volna, nem lenn\u00e9nk ma kereszt\u00e9nyek.<\/p>\n<p><strong>\u2013 \u201eK\u00f6z\u00f6ss\u00e9gben vagyunk.\u201d Ez a Szent M\u00e1rton-\u00e9v mott\u00f3ja Pannonhalm\u00e1n. Hogyan kell \u00e9rtelmezni ma a k\u00f6z\u00f6ss\u00e9g\u00e9p\u00edt\u00e9s fogalm\u00e1t?<\/strong><\/p>\n<p>\u2013 Az ember nem mondhatja el mindig a teljes Bibli\u00e1t, katek\u00e9zist \u00e9s egyh\u00e1zi dogmatik\u00e1t. Minden embertestv\u00e9r\u00fcnkkel a teremt\u00e9s s\u00edkj\u00e1n vagyunk kapcsolatban, k\u00f6z\u00f6ss\u00e9gben. Mert a legegyetemesebb m\u00e9lt\u00f3s\u00e1gunk az istenk\u00e9p\u0171s\u00e9g\u00fcnk. Ha h\u00edv\u0151 vagyok \u00e9s a kinyilatkoztat\u00e1s alapj\u00e1n \u00e1llok, nem vitathatom ezt el m\u00e9g att\u00f3l sem, aki a legellenszenvesebb sz\u00e1momra, az ellens\u00e9geimt\u0151l sem. Isten \u0151t is saj\u00e1t k\u00e9p\u00e9re \u00e9s szeretetre m\u00e9lt\u00f3nak teremtette.<\/p>\n<p>M\u00e1sr\u00e9szt mi kereszt\u00e9ny k\u00f6z\u00f6ss\u00e9g vagyunk. Itt m\u00e9g t\u00f6bb motiv\u00e1ci\u00f3t \u00e9s ind\u00edt\u00e1st kap az ember arra, hogy a k\u00f6z\u00f6ss\u00e9g r\u00e9v\u00e9n, a k\u00f6z\u00f6ss\u00e9gb\u0151l sz\u00f3l\u00edtsa meg az embert\u00e1rsait. M\u00e1sr\u00e9szt az eur\u00f3pai kult\u00fara r\u00e9szesei vagyunk. Ahhoz, hogy egym\u00e1s mellett b\u00e9k\u00e9ben \u00e9s tisztess\u00e9gben tudjunk \u00e9lni, keresni kell a kapaszkod\u00f3kat \u00e9s lehet\u0151s\u00e9geket a kapcsolatra, a p\u00e1rbesz\u00e9dre, a k\u00f6lcs\u00f6n\u00f6s tiszteletre. A megold\u00e1s a j\u00f6v\u0151ben van, \u00e9s az a kulcsa, hogy t\u00fal tudunk-e l\u00e9pni a s\u00e9relmeinken, \u00e9s tudunk-e egy \u00faj t\u00f6rt\u00e9nelmi <em>szint\u00e9zist<\/em> teremteni \u2013 p\u00e9ld\u00e1ul itt a K\u00e1rp\u00e1t-medenc\u00e9ben. Eg\u00e9sz t\u00f6rt\u00e9nelm\u00fcnk a szint\u00e9zisteremt\u00e9s \u00fatja a honfoglal\u00e1s \u00f3ta. Hiszen h\u00f3d\u00edt\u00f3k\u00e9nt \u00e9rkezt\u00fcnk a K\u00e1rp\u00e1t-medenc\u00e9be, \u00e9s nem is b\u00e1ntunk kedvesen az itt \u00e9l\u0151kkel. Mindig b\u00fcszk\u00e9n mondjuk, hogy befogad\u00f3k voltunk. Nem szabad sz\u00e9gyellni p\u00e9ld\u00e1ul, hogy az egyh\u00e1zi sz\u00f3kincs\u00fcnk szl\u00e1v eredet\u0171.<\/p>\n<p>Ma pedig vannak, akik f\u00e9ltik a kereszt\u00e9nys\u00e9get az iszl\u00e1mt\u00f3l, \u00e9s vannak, akik szerint ez kih\u00edv\u00e1s a kereszt\u00e9nys\u00e9g sz\u00e1m\u00e1ra\u2026 Nem tudn\u00e9k biztos receptet adni.<\/p>\n<p>T\u00edz \u00e9vvel ezel\u0151tt tal\u00e1lkoztam Szingap\u00farban a kelet-\u00e1zsiai apostoli nunciussal. \u0150 mondta nekem: el kell kezden\u00fcnk azoknak az egyh\u00e1zaknak a t\u00f6rt\u00e9net\u00e9t tanulm\u00e1nyozni, amelyek v\u00e9gig kisebbs\u00e9gben voltak a t\u00f6rt\u00e9nelem sor\u00e1n, amelyek nem jutottak uralomra. Mert Eur\u00f3pa probl\u00e9m\u00e1ja az, hogy az egyh\u00e1z a k\u00f6z\u00e9pkorban uralomra jutott. \u00c9s most \u201evisszafizetgetnek\u201d nek\u00fcnk. Gondoljunk az egyiptomi kopt kereszt\u00e9nyekre, az afrikai kereszt\u00e9nyekre; a Szovjetuni\u00f3 ter\u00fclet\u00e9n h\u00e1ny patriark\u00e1tus, ortodox egyh\u00e1z van, amelyek sok szenved\u00e9ssel, sok m\u00e1rt\u00edrral, de 1700-1800 \u00e9vet \u00e1tv\u00e9szeltek, megmaradva a kereszt\u00e9nys\u00e9gben. A t\u00fal\u00e9l\u00e9s m\u00f3dj\u00e1t ezekt\u0151l kell megtanulni. Ez nagyon \u00e9rdekes f\u00f6lvet\u00e9s. Eur\u00f3pa az egyetlen hely a f\u00f6ldkereks\u00e9gen, ahol ilyen hatalomra jutott a kereszt\u00e9nys\u00e9g. Sehol m\u00e1shol.<\/p>\n<p><strong>\u2013 Szent Istv\u00e1n kir\u00e1ly tette Szent M\u00e1rtont az ap\u00e1ts\u00e1g v\u00e9d\u0151szentj\u00e9v\u00e9, \u00e9s a kiv\u00e1lts\u00e1glev\u00e9lben azt is el\u0151\u00edrta, hogy az ap\u00e1ts\u00e1g \u00e9s az itt \u00e9l\u0151 k\u00f6z\u00f6ss\u00e9g Magyarorsz\u00e1g fennmarad\u00e1s\u00e1\u00e9rt \u00e9s megszil\u00e1rdul\u00e1s\u00e1\u00e9rt im\u00e1dkozzon. Ezzel Pannonhalm\u00e1t, Szent M\u00e1rtont \u00e9s az orsz\u00e1got \u00fagymond \u00f6sszek\u00f6t\u00f6tte\u2026<\/strong><\/p>\n<p>\u2013 A regul\u00e1ban Szent Benedek azt k\u00e9ri az ap\u00e1tt\u00f3l, hogy tegyen meg mindent, amivel a testv\u00e9rt meggy\u00f3gy\u00edthatja. \u00c9s a gy\u00f3gym\u00f3dok k\u00f6z\u00f6tt a leghatalmasabb eszk\u00f6z az <em>im\u00e1ds\u00e1g<\/em>. Egy szerzetesk\u00f6z\u00f6ss\u00e9g sokf\u00e9lek\u00e9ppen tud hasznoss\u00e1, \u00fcdv\u00f6ss\u00e9, term\u00e9kenny\u00e9 v\u00e1lni a k\u00f6rnyezete sz\u00e1m\u00e1ra. \u00c1ltal\u00e1ban k\u00edv\u00fclr\u0151l szoktunk indulni a k\u00e9rd\u00e9s megv\u00e1laszol\u00e1sakor, hogy mit is csin\u00e1lnak a szerzetesek: tan\u00edtanak, k\u00f3rh\u00e1zat m\u0171k\u00f6dtetnek, mez\u0151gazdas\u00e1gi munk\u00e1ra tan\u00edtanak stb.<\/p>\n<p>Istv\u00e1n kir\u00e1ly helyzete saj\u00e1tos. A feud\u00e1lis strukt\u00fara szerint alap\u00edtott egy kolostort, biztos\u00edtva sz\u00e1m\u00e1ra az \u00f6nell\u00e1t\u00e1s lehet\u0151s\u00e9g\u00e9t. \u00c9s nem azzal b\u00edzta meg, hogy ezt vagy azt tegyen, hanem egyet, a legfontosabbat: im\u00e1dkozzon. Nem biztos, hogy benn\u00fcnk is tudatosodott, de ez a legnagyobb fegyvert\u00e9ny (amennyiben lehet az im\u00e1ds\u00e1got \u00e9s a fegyvert egy mondaton bel\u00fcl eml\u00edteni): ezer \u00e9v \u00f3ta itt van egy h\u00e1z, egy k\u00f6z\u00f6ss\u00e9g, amely im\u00e1ds\u00e1gban v\u00e1rja az Urat, \u00e9beren.<\/p>\n<p>M\u00e9g a kritikus t\u00f6rt\u00e9n\u00e9szek is elismerik, hogy Istv\u00e1nnak mekkora hite volt. D\u00f6nt\u00e9seit nem csup\u00e1n politikai \u00e9rdek, az orsz\u00e1g, a k\u00f6z \u00e9rdeke vezette, motiv\u00e1lta, hanem istenhite. Ez\u00e9rt alap\u00edtotta Pannonhalm\u00e1t is, Szent M\u00e1rton monostor\u00e1t, \u00e9s az \u00c9szak-Dun\u00e1nt\u00fal misszi\u00f3s k\u00f6zpontj\u00e1nak sz\u00e1nta.<\/p>\n<p><strong>\u2013 Szent M\u00e1rton kultusza a benc\u00e9sek k\u00f6r\u00e9ben \u00e9s Magyarorsz\u00e1gon mennyire \u00e9l\u0151?<\/strong><\/p>\n<p>\u2013 Montecassino a mi anyakolostorunk. A kiv\u00e1lts\u00e1glevel\u00fcnk hivatkozik a montecassin\u00f3i kiv\u00e1lts\u00e1gokra \u2013 p\u00e9ld\u00e1ul a szabad ap\u00e1tv\u00e1laszt\u00e1sra. Val\u00f3sz\u00edn\u0171, hogy a 11-12. sz\u00e1zadban ez a tudat nagyon fontos volt, \u00e9s fontos volt a kiv\u00e1lts\u00e1g fenntart\u00e1sa. Ez\u00e9rt Montacassino \u00e9s Pannonhalma k\u00f6z\u00f6tt \u00e9l\u00e9nk levelez\u00e9s folyt, \u00e9s ennek volt gy\u00fcm\u00f6lcse 1212-ben, hogy a montecassin\u00f3i \u00e9s a pannonhalmi ap\u00e1tok imasz\u00f6vets\u00e9gre l\u00e9ptek egym\u00e1ssal. \u00c9s le\u00edrj\u00e1k: \u201eA mi Benedek\u00fcnk tisztelte a ti M\u00e1rtonotokat. \u00c9s ti is tisztelitek a mi Benedek\u00fcnket.\u201d Mit jelent ez? Mire utal? Amikor Szent Benedek aty\u00e1nk Monte Cassino hegy\u00e9re menek\u00fclt, \u00e9s \u00faj kolostort alap\u00edtott 530 k\u00f6r\u00fcl, az els\u0151k k\u00f6z\u00f6tt emeltetett ott M\u00e1rton p\u00fcsp\u00f6k tisztelet\u00e9re k\u00e1poln\u00e1t. Teh\u00e1t a 6. sz\u00e1zadban Eur\u00f3pa-szerte m\u00e1r mindenki ismerte \u00e9s tisztelte Szent M\u00e1rtont. Elmondhatjuk teh\u00e1t, hogy M\u00e1rton tisztelet\u00e9t tulajdonk\u00e9ppen Szent Benedek aty\u00e1nkt\u00f3l kaptuk.<\/p>\n<p>M\u00e1rton 316-ban Pannonia provinci\u00e1ban sz\u00fcletett, de nem itt \u00e9lte le az \u00e9let\u00e9t. Ez\u00e9rt kimutathat\u00f3 kultusza itt a pannonhalmi kiv\u00e1lts\u00e1glev\u00e9lig nem volt. Hogy jutott el \u00fajra hozz\u00e1nk? Istv\u00e1n a kereszt\u00e9ny \u00e1llam alap\u00edt\u00e1s\u00e1n\u00e1l nyugati mint\u00e1kat, f\u0151leg frank mint\u00e1kat vett \u00e1t. M\u00e1rton p\u00fcsp\u00f6k a Merovingok \u00e9s Karolingok \u201eh\u00e1zi szentje\u201d volt. Szent M\u00e1rton sz\u00e1munkra, magyarok sz\u00e1m\u00e1ra teh\u00e1t <em>k\u00e9tszer sz\u00fcletett meg:<\/em> egyszer Pannonia provinci\u00e1ban, a mai Szombathelyen (Sulpicius Severus sz\u00f6veg\u00e9ben ez \u00e1ll: \u201ein civitate Savaria\u201d) 316-ban, m\u00e1sodszor pedig 1002-ben, akkor, mikor Szent Istv\u00e1n kiv\u00e1lts\u00e1glevel\u00e9vel a pannonhalmi monostort Szent M\u00e1rton oltalm\u00e1ra b\u00edzta. Kultusza ugyanis ekkort\u00f3l sz\u00e1m\u00edthat\u00f3 Magyarorsz\u00e1gon. \u00c9s ezt a kultuszt folyamatosan \u00e9s majdnem t\u00f6retlen\u00fcl (mert a t\u00f6r\u00f6k\u00f6k \u00e9s a Habsburgok is feloszlattak minket) haz\u00e1nkban az elm\u00falt ezer \u00e9vben Pannonhalma \u0151rizte.<\/p>\n<p><strong>\u2013 Ha k\u00f6rbej\u00e1rjuk az ap\u00e1ts\u00e1got, a Porta Specios\u00e1ra, a liturgikus t\u00e1rgyakra, a szent erekly\u00e9j\u00e9re, a m\u0171v\u00e9szeti alkot\u00e1sok sokas\u00e1g\u00e1ra tekint\u00fcnk, elmondhatjuk: Szent M\u00e1rton minden\u00fctt jelen van itt, Pannonhalm\u00e1n. Hogyan \u00e9li meg a k\u00f6z\u00f6ss\u00e9g ezt a kapcsolatot, ezt a jelenl\u00e9tet?<\/strong><\/p>\n<p>\u2013 A Szent M\u00e1rton-\u00e9vre val\u00f3 k\u00e9sz\u00fclet k\u00f6z\u00f6ss\u00e9g\u00fcnk gondolkod\u00e1s- \u00e9s cselekv\u00e9sm\u00f3dj\u00e1t egyar\u00e1nt megpezsd\u00edtette. M\u00e1r kor\u00e1bban, 10-15 \u00e9vvel ezel\u0151tt Bori\u00e1n Elr\u00e9d rendt\u00e1rsunk \u00fajraford\u00edtotta Sulpicius Severus Szent M\u00e1rton-\u00e9letrajz\u00e1t. Most Dejcsics Konr\u00e1d rendt\u00e1rsunk tette meg \u00fajra. Kezdj\u00fck teh\u00e1t jobban felfedezni M\u00e1rton sokoldal\u00fas\u00e1g\u00e1t. Fontos a felebar\u00e1ti szeretet \u2013 az istenszeretet ut\u00e1n a m\u00e1sodik helyen \u00e1ll. \u00c9s mint p\u00fcsp\u00f6k \u00e9s szerzetesp\u00fcsp\u00f6k sok m\u00e1s dologban is p\u00e9lda lehet sz\u00e1munkra.<\/p>\n<p>M\u00e1rton p\u00fcsp\u00f6k\u00f6t minden \u00e9vben meg\u00fcnnepelj\u00fck Pannonhalm\u00e1n. Id\u00e9n kilenceddel k\u00e9sz\u00fclt\u00fcnk \u00fcnnep\u00e9re. Minden h\u00e9tf\u0151n este az ereklye k\u00f6zel\u00e9ben, az altemplomban egy r\u00e9szletet olvasunk f\u00f6l Sulpicius Severus \u00e9letrajz\u00e1b\u00f3l, k\u00f6z\u00f6ss\u00e9gben. Amit az ember hallgat, az m\u00e1sk\u00e9nt hat, mint amikor csak \u00e1tfut a szem\u00e9vel a sz\u00f6vegen. Jelen van k\u00f6z\u00f6tt\u00fcnk M\u00e1rton mindig, az im\u00e1ds\u00e1gokban, a mindennapokban.<\/p>\n<p><strong>\u2013 Milyen f\u0151bb ir\u00e1nyokat, programokat lehet kiemelni a Szent M\u00e1rton-\u00e9v pannonhalmi esem\u00e9nyeib\u0151l?<\/strong><\/p>\n<p>\u2013 A jubileumi \u00e9v programjai a <em>lelkip\u00e1sztori szolg\u00e1lathoz<\/em>, az <em>ereklyetisztelethez<\/em> \u00e9s a <em>szoci\u00e1lis ter\u00fclethez <\/em>kapcsol\u00f3dnak. Megkezd\u0151d\u00f6tt lent, a v\u00e1rosk\u00e1nkban a <em>Szent M\u00e1rton asztala<\/em>elnevez\u00e9s\u0171 kezdem\u00e9nyez\u00e9s. Nem Szent M\u00e1rton konyh\u00e1ja, nem elvitelre adunk \u00e9telt, hanem azt szeretn\u00e9nk, hogy le\u00fcljenek az emberek, \u00e9s ott fogyassz\u00e1k el. Maradjanak legal\u00e1bb az \u00e9tkez\u00e9s idej\u00e9re egym\u00e1ssal \u201easztalk\u00f6z\u00f6ss\u00e9gben\u201d. A gimn\u00e1ziumunkban tanul\u00f3 fiatalok \u00e9s a tan\u00e1rok seg\u00edts\u00e9g\u00e9vel, k\u00f6zrem\u0171k\u00f6d\u00e9s\u00e9vel k\u00f6z\u00f6ss\u00e9get teremt\u00fcnk azokkal a helybeli embert\u00e1rsainkkal, akik meglehet\u0151sen elidegenedettek.<\/p>\n<p>\u00d6r\u00f6mmel tervezz\u00fck a Szombathelyi Egyh\u00e1zmegy\u00e9vel k\u00f6z\u00f6s programjainkat is: zar\u00e1ndoklatokat oda-vissza, a k\u00f6z\u00f6s csal\u00e1di tal\u00e1lkoz\u00f3 itt lesz Pannonhalm\u00e1n, az ifj\u00fas\u00e1gi tal\u00e1lkoz\u00f3 pedig Szombathelyen. Veres Andr\u00e1s p\u00fcsp\u00f6k lesz a vend\u00e9g f\u0151pap Szent Benedek aty\u00e1nk \u00fcnnep\u00e9n, 2016 m\u00e1rcius\u00e1ban. Szeptember 23\u201324-\u00e9re pedig a taiz\u00e9i testv\u00e9reket h\u00edvtuk meg, \u00e9s region\u00e1lis ifj\u00fas\u00e1gi tal\u00e1lkoz\u00f3t szervez\u00fcnk.<\/p>\n<p>\u00d6sszefoglalva: a k\u00f6z\u00f6ss\u00e9g\u00e9p\u00edt\u00e9s azt jelenti, hogy a programjainkkal nemcsak magunkat szeretn\u00e9nk \u00e9p\u00edteni, hanem nyitni szeretn\u00e9nk azok fel\u00e9 is, akikben megvan az elfogad\u00e1s k\u00e9szs\u00e9ge. Aj\u00e1nd\u00e9kozni is szeretn\u00e9nk. A p\u00e1rbesz\u00e9det pedig k\u00f6rk\u00f6r\u00f6sen szeretn\u00e9nk folytatni, mindenkivel, akivel lehet: a fiatalokkal, h\u00edveinkkel, a Szombathelyi Egyh\u00e1zmegye h\u00edveivel, a protest\u00e1nsokkal, az \u00e9rtelmis\u00e9giekkel, az egyszer\u0171 emberekkel, a zar\u00e1ndokokkal \u00e9s a turist\u00e1kkal. Teh\u00e1t a programjainkat szintenk\u00e9nt \u00e9s k\u00f6rk\u00f6r\u00f6sen szervezz\u00fck. \u00c9s ami nem megy, vagy amivel kapcsolatban \u00fagy \u00e9rezz\u00fck, hogy nincs er\u0151nk hozz\u00e1, azt elengedj\u00fck.<\/p>\n<p><strong>\u2013 A programokban partnereik a Budapesti Fesztiv\u00e1lzenekar \u00e9s az ELTE BTK Vall\u00e1studom\u00e1nyi K\u00f6zpontja. Sz\u00f3lni k\u00edv\u00e1nnak a m\u00e1s vall\u00e1s\u00faakhoz \u00e9s a nem h\u00edv\u0151kh\u00f6z is?<\/strong><\/p>\n<p>\u2013 Az emberek sokf\u00e9l\u00e9k k\u00f6r\u00fcl\u00f6tt\u00fcnk. \u00dagy gondolom, ha a kereszt\u00e9ny misszi\u00f3t tekintj\u00fck feladatunknak, akkor nem z\u00e1rk\u00f3zhatunk \u00f6n\u00f6s m\u00f3don a saj\u00e1t b\u00e1sty\u00e1ink m\u00f6g\u00e9, hanem \u0151rizve a magunk \u00e9rt\u00e9k\u00e9t, a magunk t\u00fcz\u00e9t, szeretn\u00e9nk m\u00e1sokat is meleg\u00edteni \u00e1ltala. Ez a k\u00fcldet\u00e9s\u00fcnk. A m\u00e9csest ki kell tenni a m\u00e9cstart\u00f3ra. Hangs\u00falyozzuk ezeket a szavakat, p\u00e9ld\u00e1ul a p\u00e1rbesz\u00e9det. Ennek egyetlen \u00fczenete van: senkihez sem manipul\u00e1lva, netal\u00e1n er\u0151szakkal k\u00f6zel\u00edt\u00fcnk, hanem felk\u00edn\u00e1ljuk embert\u00e1rsainknak, hogy \u00e9l\u0151 rem\u00e9ny\u00fcnk ut\u00e1n k\u00e9rdezzenek: \u201eHonnan van a ti rem\u00e9nys\u00e9getek?\u201d Az er\u0151teljes szavak, az int\u00e9zm\u00e9nyes misszi\u00f3 ideje lej\u00e1rt. Az embers\u00e9gb\u0151l fakad\u00f3, hiteles l\u00e9tez\u00e9sm\u00f3d a legnagyobb misszi\u00f3.<\/p>\n<p><strong>\u2013 Mikor \u00e9s hogyan \u00e9rezte k\u00f6zel mag\u00e1hoz Szent M\u00e1rtont?<\/strong><\/p>\n<p>\u2013 Hogy van-e nekem szem\u00e9lyes Szent M\u00e1rton-\u00e9lm\u00e9nyem? Huszonk\u00e9t h\u00f3napig voltam a Magyar N\u00e9phadsereg katon\u00e1ja. Ezt \u00fagy \u00e9ltem meg, mint a partra vetett hal \u2013 a vizem n\u00e9lk\u00fcl, egy j\u00f3l temper\u00e1lt akv\u00e1riumb\u00f3l ker\u00fcltem a hadsereg \u201e\u00f6lel\u0151\u201d karjaiba. S\u00edrtam, m\u00e1skor megd\u00f6bbentem, m\u00e1skor f\u00e9ltem. Hirka Antal aty\u00e1nk, aki nov\u00edciust\u00e1rsam volt, kim\u00e1solta Szent M\u00e1rton \u00e9let\u00e9b\u0151l a katonakor\u00e1r\u00f3l sz\u00f3l\u00f3 r\u00e9szt. Az volt az \u00fczenet sz\u00e1momra: M\u00e1rton sorsk\u00f6z\u00f6ss\u00e9get v\u00e1llalt katonat\u00e1rsaival, a b\u0171neiket kiv\u00e9ve. Csod\u00e1latos szeretettel szerette \u00e9s szolg\u00e1lta \u0151ket. Ez a n\u00e9h\u00e1ny mondat adta meg sz\u00e1momra a programot \u00e9s az ir\u00e1nyt: nekem nem f\u00e9lnem, hanem cselekednem kell. \u00c9s ut\u00f3lag visszatekintve persze sok k\u00fczdelem volt, de gazdagabb lelkip\u00e1sztori tapasztalatra tettem ott szert, mint b\u00e1rmilyen el\u0151kel\u0151 tr\u00e9ningen. Emberekhez ker\u00fcltem k\u00f6zel, megismertem a nyomor\u00fas\u00e1gukat, \u00e9s megtanultam, hogyan kell megsz\u00f3l\u00edtani \u0151ket.<\/p>\n<p><strong>\u2013 Az eml\u00e9k\u00e9vben sokszor \u00e9s sokat hallhatunk Szent M\u00e1rtonr\u00f3l. Mit kell tenn\u00fcnk annak \u00e9rdek\u00e9ben, hogy nehogy \u00fagy j\u00e1rjunk mi is, mint kort\u00e1rsai, akikr\u0151l azt mondta a szent, mikor megf\u00e9kezett egy m\u00e9rges k\u00edgy\u00f3t: \u201eA k\u00edgy\u00f3k hallgatnak r\u00e1m, nem \u00fagy, mint az emberek.\u201d<\/strong><\/p>\n<p>\u2013 Nemcsak m\u00e1soknak akarjuk ezt a Szent M\u00e1rton-\u00e9vet, hanem magunknak is. Szeretn\u00e9nk<em>\u00fajratanulni M\u00e1rtont<\/em>. Nem k\u00f6nny\u0171 dolog ez. Tenni kell ahhoz, hogy az ember tapasztaljon. Van, amit szavakkal agyon lehet cs\u00e9pelni. Keresn\u00fcnk kell azokat az \u00e9lethelyzeteket, azt a nyelvileg elfogadott lehet\u0151s\u00e9get, ahogy lelki tartalomr\u00f3l, az evang\u00e9lium j\u00f3 h\u00edr\u00e9r\u0151l, a rem\u00e9nyr\u0151l sz\u00f3lni lehet. \u00dagy kell besz\u00e9ln\u00fcnk Szent M\u00e1rtonr\u00f3l, hogy tan\u00edt\u00e1sa eljuthasson az emberekhez, de ehhez \u00e9rtelmezn\u00fcnk kell, le kell ford\u00edtanunk. Ez nem lesz olyan egyszer\u0171.<\/p>\n<p>Mi a kereszt\u00e9ny magatart\u00e1s a migr\u00e1nsokkal kapcsolatban?\u00a0\u2013 k\u00e9rdezt\u00e9k t\u0151lem mostan\u00e1ban \u00fajs\u00e1g\u00edr\u00f3k. Azt mondtam nekik, n\u00e9zz\u00e9k, ha tudn\u00e1m, hogy meg\u00e9rtik, akkor csak annyit tenn\u00e9k, hogy elolvasn\u00e1m Luk\u00e1cs evang\u00e9lium\u00e1b\u00f3l az irgalmas szamarit\u00e1nus t\u00f6rt\u00e9net\u00e9t. De az a probl\u00e9m\u00e1m, hogy legt\u00f6bben azt sem tudj\u00e1k, hogy mi az, hogy irgalmas, \u00e9s m\u00e9g kev\u00e9sb\u00e9 azt, hogy mit jelent a szamarit\u00e1nus. Egy olyan, sok vonatkoz\u00e1sban \u00e1talakult, megv\u00e1ltozott, vagy er\u0151sebben fogalmazva, megzavart nyelvi k\u00f6zegben \u00e9s szekulariz\u00e1lt k\u00f6zegben \u00e9l\u00fcnk, amiben az elm\u00falt \u00e9vsz\u00e1zadokban haszn\u00e1lt, kicsiszolt szavaink \u00e9rthetetlenekk\u00e9 v\u00e1ltak. \u00c9s ezt mi nem is \u00e9rezz\u00fck. Ez a legnagyobb probl\u00e9ma. A p\u00e1rhuzamokat \u00e9s a tartalmakat kellene \u00fajraford\u00edtanunk. Al\u00e1zattal, a saj\u00e1t hely\u00fcnket tudva, ismerve kell v\u00e9gigmenn\u00fcnk az \u00faton, tiszteletben tartva m\u00e1sokat. Nem \u00fagy, ahogy a kamasz, aki zen\u00e9t b\u00f6mb\u00f6ltetve megy v\u00e9gig vas\u00e1rnap d\u00e9lut\u00e1n a cs\u00f6ndes utc\u00e1n, amikor mindenki pihen.<\/p>\n<p>Az evang\u00e9lium j\u00f3 h\u00edr\u00e9nek \u00fczenet\u00e9t kell \u00e1tadnunk, utalva J\u00e9zusra, aki zseni\u00e1lisan, t\u00f6rt\u00e9netekbe foglalva adja \u00e1t tan\u00edt\u00e1s\u00e1t. Ferenc p\u00e1pa is azt mondja: mondjunk egy j\u00f3 t\u00f6rt\u00e9netet, egy k\u00e9pet, \u00e9s hagyjuk azt nyitva, hogy ki-ki maga fejezhesse be.<\/p>\n<p>Azt is tudnunk kell, hogy Isten Lelke vezeti az egyh\u00e1zat \u00e9s \u0151rzi meg a k\u00f6z\u00f6ss\u00e9geket. Nem a magunk erej\u00e9b\u0151l megszil\u00e1rd\u00edtott szerkezeteket, hanem a L\u00e9lek \u00e1ltal inspir\u00e1lt k\u00f6z\u00f6ss\u00e9geket kell szolg\u00e1lnunk, \u00f6sszetartanunk, ir\u00e1ny\u00edtanunk.<br \/>\nFot\u00f3: Lambert Attila<\/p>\n<p>Kuzm\u00e1nyi Istv\u00e1n\/Magyar Kur\u00edr<\/p>\n","protected":false},"excerpt":{"rendered":"<p>A Magyar Katolikus P\u00fcsp\u00f6ki Konferencia 2014. ny\u00e1ri \u00fcl\u00e9s\u00e9n eml\u00e9k\u00e9vet hirdetett Szent M\u00e1rton sz\u00fclet\u00e9s\u00e9nek 1700. \u00e9vfordul\u00f3j\u00e1ra. A jubileumi esztend\u0151 pannonhalmi \u00fcnnep\u00e9lyes megnyit\u00e1s\u00e1t k\u00f6vet\u0151en V\u00e1rszegi Asztrik f\u0151ap\u00e1tot k\u00e9rdezt\u00fck a szent \u00e9letp\u00e9ld\u00e1j\u00e1r\u00f3l, k\u00f6vet\u00e9s\u00e9r\u0151l, valamint az eml\u00e9k\u00e9v programjair\u00f3l. \u2013 Mi az, ami 1700 \u00e9v t\u00e1vlat\u00e1b\u00f3l vonz\u00f3 lehet a ma ember\u00e9nek Szent M\u00e1rton alakj\u00e1ban? \u2013 Olyan korszakban \u00e9l\u00fcnk, melyben kritikusan kutatjuk a t\u00f6rt\u00e9neti forr\u00e1sokat, \u00edgy egyre teljesebben l\u00e1tjuk Szent M\u00e1rtont. Magam is \u00edgy \u00e9rzem. Annak rendje-m\u00f3dja szerint megtanultam az egyh\u00e1zt\u00f6rt\u00e9nelmet, a rendt\u00f6rt\u00e9netet is. Pannonhalm\u00e1n t\u00f6bbet foglalkoztunk M\u00e1rtonnal, M\u00e1rton szem\u00e9lyis\u00e9g\u00e9vel \u2013 l\u00e9v\u00e9n, hogy Szent M\u00e1rton hegy\u00e9n \u00e9l\u00fcnk. Az \u00e9n szememet, tal\u00e1n h\u00fasz \u00e9ve, Karl Lehmann mainzi p\u00fcsp\u00f6k, ma m\u00e1r b\u00edboros nyitotta fel, amikor a gyerekeknek pr\u00e9dik\u00e1lt itt Szent M\u00e1rtonr\u00f3l. Nagyon \u00e9rdekes, nagyon j\u00f3 besz\u00e9d volt. Gondoljunk csak ezekre az apr\u00f3s\u00e1gokra: Kr. u. 313, a mil\u00e1n\u00f3i ediktum \u00e9ve, az \u00fcld\u00f6z\u0151 kiegyezik az \u00fcld\u00f6z\u00f6ttel. A birodalom az egyh\u00e1zzal: bevett vall\u00e1s lesz a kereszt\u00e9nys\u00e9g. H\u00e1rom \u00e9v m\u00falva megsz\u00fcletik ez a kisfi\u00fa. Nyilv\u00e1n nem k\u00f6vetkezik a mil\u00e1n\u00f3i ediktum kiad\u00e1s\u00e1b\u00f3l, hogy 2-3 \u00e9vvel k\u00e9s\u0151bb m\u00e1r mindenki kereszt\u00e9ny. Ekkor kezd\u0151d\u00f6tt igaz\u00e1n a r\u00f3mai szellemis\u00e9g hanyatl\u00e1sa \u00e9s a kereszt\u00e9nys\u00e9g terjed\u00e9se. Az 5-6. sz\u00e1zadra v\u00e1lik majd olyan er\u0151ss\u00e9 a kereszt\u00e9nys\u00e9g, hogy az elkezdi form\u00e1lni a t\u00e1rsadalmat. A gall p\u00fcsp\u00f6k\u00f6k csoportja k\u00fcl\u00f6n egyh\u00e1zt\u00f6rt\u00e9neti fejezet, \u00e9s \u00e9rdekes sz\u00e1munkra itt Pann\u00f3ni\u00e1ban: k\u00e9t gall p\u00fcsp\u00f6k patrociniumunk van [patr\u00f3nus, v\u00e9delmez\u0151\u00a0\u2013 a szerk.], mindkett\u0151 benc\u00e9s kolostor\u00e9: a tours-i p\u00fcsp\u00f6k, Szent M\u00e1rton \u00e9s az orle\u00e1ns-i p\u00fcsp\u00f6k, Szent \u00c1nyos. Ugyanabba a csoportba tartoztak: szembesz\u00e1lltak a cs\u00e1sz\u00e1ri hatalommal, amely r\u00e1 akart tenyerelni az egyh\u00e1zra. M\u00e1sr\u00e9szt igen nagy volt a szeg\u00e9nys\u00e9g \u00e9s a vele j\u00e1r\u00f3 korrupci\u00f3. Nem v\u00e9letlen, hogy mindk\u00e9t p\u00fcsp\u00f6knek nagy volt a szoci\u00e1lis \u00e9rz\u00e9kenys\u00e9ge. Egy \u00e9rt\u00e9ks\u00fcllyeszt\u0151 vil\u00e1gban felismert\u00e9k: az \u00e9rt\u00e9kek az emberben vannak. Mindk\u00e9t p\u00fcsp\u00f6k, mindk\u00e9t szent a konkr\u00e9t ember\u00e9rt mert nagyon b\u00e1tor tan\u00fas\u00e1gt\u00e9telt v\u00e1llalni. P\u00e9ld\u00e1ul: ebben a korban mer\u00fclt f\u00f6l el\u0151sz\u00f6r, hogy az eretnekeket meg kellene \u00e9getni. M\u00e1rton ez ellen is&#8230; <\/p>\n<p><a class=\"readmore\" href=\"https:\/\/stuttgarti-katolikusok.de\/index.php\/ujratanulni-martont-interju-varszegi-asztrik-foapattal-a-szent-marton-emlekevrol\/\">R\u00e9szletek<\/a><\/p>\n","protected":false},"author":3,"featured_media":0,"comment_status":"open","ping_status":"closed","sticky":false,"template":"","format":"standard","meta":{"footnotes":""},"categories":[5],"tags":[],"class_list":["post-7907","post","type-post","status-publish","format-standard","hentry","category-hirek"],"yoast_head":"<!-- This site is optimized with the Yoast SEO plugin v27.3 - https:\/\/yoast.com\/product\/yoast-seo-wordpress\/ -->\n<title>\u00dajratanulni M\u00e1rtont \u2013 Interj\u00fa V\u00e1rszegi Asztrik f\u0151ap\u00e1ttal a Szent M\u00e1rton-eml\u00e9k\u00e9vr\u0151l - Stuttgarti Katolikusok<\/title>\n<meta name=\"robots\" content=\"index, follow, max-snippet:-1, max-image-preview:large, max-video-preview:-1\" \/>\n<link rel=\"canonical\" href=\"https:\/\/stuttgarti-katolikusok.de\/index.php\/ujratanulni-martont-interju-varszegi-asztrik-foapattal-a-szent-marton-emlekevrol\/\" \/>\n<meta property=\"og:locale\" content=\"hu_HU\" \/>\n<meta property=\"og:type\" content=\"article\" \/>\n<meta property=\"og:title\" content=\"\u00dajratanulni M\u00e1rtont \u2013 Interj\u00fa V\u00e1rszegi Asztrik f\u0151ap\u00e1ttal a Szent M\u00e1rton-eml\u00e9k\u00e9vr\u0151l - Stuttgarti Katolikusok\" \/>\n<meta property=\"og:description\" content=\"A Magyar Katolikus P\u00fcsp\u00f6ki Konferencia 2014. ny\u00e1ri \u00fcl\u00e9s\u00e9n eml\u00e9k\u00e9vet hirdetett Szent M\u00e1rton sz\u00fclet\u00e9s\u00e9nek 1700. \u00e9vfordul\u00f3j\u00e1ra. A jubileumi esztend\u0151 pannonhalmi \u00fcnnep\u00e9lyes megnyit\u00e1s\u00e1t k\u00f6vet\u0151en V\u00e1rszegi Asztrik f\u0151ap\u00e1tot k\u00e9rdezt\u00fck a szent \u00e9letp\u00e9ld\u00e1j\u00e1r\u00f3l, k\u00f6vet\u00e9s\u00e9r\u0151l, valamint az eml\u00e9k\u00e9v programjair\u00f3l. \u2013 Mi az, ami 1700 \u00e9v t\u00e1vlat\u00e1b\u00f3l vonz\u00f3 lehet a ma ember\u00e9nek Szent M\u00e1rton alakj\u00e1ban? \u2013 Olyan korszakban \u00e9l\u00fcnk, melyben kritikusan kutatjuk a t\u00f6rt\u00e9neti forr\u00e1sokat, \u00edgy egyre teljesebben l\u00e1tjuk Szent M\u00e1rtont. Magam is \u00edgy \u00e9rzem. Annak rendje-m\u00f3dja szerint megtanultam az egyh\u00e1zt\u00f6rt\u00e9nelmet, a rendt\u00f6rt\u00e9netet is. Pannonhalm\u00e1n t\u00f6bbet foglalkoztunk M\u00e1rtonnal, M\u00e1rton szem\u00e9lyis\u00e9g\u00e9vel \u2013 l\u00e9v\u00e9n, hogy Szent M\u00e1rton hegy\u00e9n \u00e9l\u00fcnk. Az \u00e9n szememet, tal\u00e1n h\u00fasz \u00e9ve, Karl Lehmann mainzi p\u00fcsp\u00f6k, ma m\u00e1r b\u00edboros nyitotta fel, amikor a gyerekeknek pr\u00e9dik\u00e1lt itt Szent M\u00e1rtonr\u00f3l. Nagyon \u00e9rdekes, nagyon j\u00f3 besz\u00e9d volt. Gondoljunk csak ezekre az apr\u00f3s\u00e1gokra: Kr. u. 313, a mil\u00e1n\u00f3i ediktum \u00e9ve, az \u00fcld\u00f6z\u0151 kiegyezik az \u00fcld\u00f6z\u00f6ttel. A birodalom az egyh\u00e1zzal: bevett vall\u00e1s lesz a kereszt\u00e9nys\u00e9g. H\u00e1rom \u00e9v m\u00falva megsz\u00fcletik ez a kisfi\u00fa. Nyilv\u00e1n nem k\u00f6vetkezik a mil\u00e1n\u00f3i ediktum kiad\u00e1s\u00e1b\u00f3l, hogy 2-3 \u00e9vvel k\u00e9s\u0151bb m\u00e1r mindenki kereszt\u00e9ny. Ekkor kezd\u0151d\u00f6tt igaz\u00e1n a r\u00f3mai szellemis\u00e9g hanyatl\u00e1sa \u00e9s a kereszt\u00e9nys\u00e9g terjed\u00e9se. Az 5-6. sz\u00e1zadra v\u00e1lik majd olyan er\u0151ss\u00e9 a kereszt\u00e9nys\u00e9g, hogy az elkezdi form\u00e1lni a t\u00e1rsadalmat. A gall p\u00fcsp\u00f6k\u00f6k csoportja k\u00fcl\u00f6n egyh\u00e1zt\u00f6rt\u00e9neti fejezet, \u00e9s \u00e9rdekes sz\u00e1munkra itt Pann\u00f3ni\u00e1ban: k\u00e9t gall p\u00fcsp\u00f6k patrociniumunk van [patr\u00f3nus, v\u00e9delmez\u0151\u00a0\u2013 a szerk.], mindkett\u0151 benc\u00e9s kolostor\u00e9: a tours-i p\u00fcsp\u00f6k, Szent M\u00e1rton \u00e9s az orle\u00e1ns-i p\u00fcsp\u00f6k, Szent \u00c1nyos. Ugyanabba a csoportba tartoztak: szembesz\u00e1lltak a cs\u00e1sz\u00e1ri hatalommal, amely r\u00e1 akart tenyerelni az egyh\u00e1zra. M\u00e1sr\u00e9szt igen nagy volt a szeg\u00e9nys\u00e9g \u00e9s a vele j\u00e1r\u00f3 korrupci\u00f3. Nem v\u00e9letlen, hogy mindk\u00e9t p\u00fcsp\u00f6knek nagy volt a szoci\u00e1lis \u00e9rz\u00e9kenys\u00e9ge. Egy \u00e9rt\u00e9ks\u00fcllyeszt\u0151 vil\u00e1gban felismert\u00e9k: az \u00e9rt\u00e9kek az emberben vannak. Mindk\u00e9t p\u00fcsp\u00f6k, mindk\u00e9t szent a konkr\u00e9t ember\u00e9rt mert nagyon b\u00e1tor tan\u00fas\u00e1gt\u00e9telt v\u00e1llalni. P\u00e9ld\u00e1ul: ebben a korban mer\u00fclt f\u00f6l el\u0151sz\u00f6r, hogy az eretnekeket meg kellene \u00e9getni. M\u00e1rton ez ellen is... R\u00e9szletek\" \/>\n<meta property=\"og:url\" content=\"https:\/\/stuttgarti-katolikusok.de\/index.php\/ujratanulni-martont-interju-varszegi-asztrik-foapattal-a-szent-marton-emlekevrol\/\" \/>\n<meta property=\"og:site_name\" content=\"Stuttgarti Katolikusok\" \/>\n<meta property=\"article:published_time\" content=\"2015-11-26T16:04:36+00:00\" \/>\n<meta property=\"article:modified_time\" content=\"2015-12-08T10:29:12+00:00\" \/>\n<meta name=\"author\" content=\"Tibor atya\" \/>\n<meta name=\"twitter:card\" content=\"summary_large_image\" \/>\n<meta name=\"twitter:label1\" content=\"Szerz\u0151:\" \/>\n\t<meta name=\"twitter:data1\" content=\"Tibor atya\" \/>\n\t<meta name=\"twitter:label2\" content=\"Becs\u00fclt olvas\u00e1si id\u0151\" \/>\n\t<meta name=\"twitter:data2\" content=\"19 perc\" \/>\n<script type=\"application\/ld+json\" class=\"yoast-schema-graph\">{\"@context\":\"https:\\\/\\\/schema.org\",\"@graph\":[{\"@type\":\"Article\",\"@id\":\"https:\\\/\\\/stuttgarti-katolikusok.de\\\/index.php\\\/ujratanulni-martont-interju-varszegi-asztrik-foapattal-a-szent-marton-emlekevrol\\\/#article\",\"isPartOf\":{\"@id\":\"https:\\\/\\\/stuttgarti-katolikusok.de\\\/index.php\\\/ujratanulni-martont-interju-varszegi-asztrik-foapattal-a-szent-marton-emlekevrol\\\/\"},\"author\":{\"name\":\"Tibor atya\",\"@id\":\"https:\\\/\\\/stuttgarti-katolikusok.de\\\/#\\\/schema\\\/person\\\/75908d6f8fdc03a57889d27209df7795\"},\"headline\":\"\u00dajratanulni M\u00e1rtont \u2013 Interj\u00fa V\u00e1rszegi Asztrik f\u0151ap\u00e1ttal a Szent M\u00e1rton-eml\u00e9k\u00e9vr\u0151l\",\"datePublished\":\"2015-11-26T16:04:36+00:00\",\"dateModified\":\"2015-12-08T10:29:12+00:00\",\"mainEntityOfPage\":{\"@id\":\"https:\\\/\\\/stuttgarti-katolikusok.de\\\/index.php\\\/ujratanulni-martont-interju-varszegi-asztrik-foapattal-a-szent-marton-emlekevrol\\\/\"},\"wordCount\":3787,\"commentCount\":0,\"articleSection\":[\"H\u00edrek\"],\"inLanguage\":\"hu\"},{\"@type\":\"WebPage\",\"@id\":\"https:\\\/\\\/stuttgarti-katolikusok.de\\\/index.php\\\/ujratanulni-martont-interju-varszegi-asztrik-foapattal-a-szent-marton-emlekevrol\\\/\",\"url\":\"https:\\\/\\\/stuttgarti-katolikusok.de\\\/index.php\\\/ujratanulni-martont-interju-varszegi-asztrik-foapattal-a-szent-marton-emlekevrol\\\/\",\"name\":\"\u00dajratanulni M\u00e1rtont \u2013 Interj\u00fa V\u00e1rszegi Asztrik f\u0151ap\u00e1ttal a Szent M\u00e1rton-eml\u00e9k\u00e9vr\u0151l - Stuttgarti Katolikusok\",\"isPartOf\":{\"@id\":\"https:\\\/\\\/stuttgarti-katolikusok.de\\\/#website\"},\"datePublished\":\"2015-11-26T16:04:36+00:00\",\"dateModified\":\"2015-12-08T10:29:12+00:00\",\"author\":{\"@id\":\"https:\\\/\\\/stuttgarti-katolikusok.de\\\/#\\\/schema\\\/person\\\/75908d6f8fdc03a57889d27209df7795\"},\"breadcrumb\":{\"@id\":\"https:\\\/\\\/stuttgarti-katolikusok.de\\\/index.php\\\/ujratanulni-martont-interju-varszegi-asztrik-foapattal-a-szent-marton-emlekevrol\\\/#breadcrumb\"},\"inLanguage\":\"hu\",\"potentialAction\":[{\"@type\":\"ReadAction\",\"target\":[\"https:\\\/\\\/stuttgarti-katolikusok.de\\\/index.php\\\/ujratanulni-martont-interju-varszegi-asztrik-foapattal-a-szent-marton-emlekevrol\\\/\"]}]},{\"@type\":\"BreadcrumbList\",\"@id\":\"https:\\\/\\\/stuttgarti-katolikusok.de\\\/index.php\\\/ujratanulni-martont-interju-varszegi-asztrik-foapattal-a-szent-marton-emlekevrol\\\/#breadcrumb\",\"itemListElement\":[{\"@type\":\"ListItem\",\"position\":1,\"name\":\"Kezd\u0151lap\",\"item\":\"https:\\\/\\\/stuttgarti-katolikusok.de\\\/\"},{\"@type\":\"ListItem\",\"position\":2,\"name\":\"\u00dajratanulni M\u00e1rtont \u2013 Interj\u00fa V\u00e1rszegi Asztrik f\u0151ap\u00e1ttal a Szent M\u00e1rton-eml\u00e9k\u00e9vr\u0151l\"}]},{\"@type\":\"WebSite\",\"@id\":\"https:\\\/\\\/stuttgarti-katolikusok.de\\\/#website\",\"url\":\"https:\\\/\\\/stuttgarti-katolikusok.de\\\/\",\"name\":\"Stuttgarti Katolikusok\",\"description\":\"\",\"potentialAction\":[{\"@type\":\"SearchAction\",\"target\":{\"@type\":\"EntryPoint\",\"urlTemplate\":\"https:\\\/\\\/stuttgarti-katolikusok.de\\\/?s={search_term_string}\"},\"query-input\":{\"@type\":\"PropertyValueSpecification\",\"valueRequired\":true,\"valueName\":\"search_term_string\"}}],\"inLanguage\":\"hu\"},{\"@type\":\"Person\",\"@id\":\"https:\\\/\\\/stuttgarti-katolikusok.de\\\/#\\\/schema\\\/person\\\/75908d6f8fdc03a57889d27209df7795\",\"name\":\"Tibor atya\",\"image\":{\"@type\":\"ImageObject\",\"inLanguage\":\"hu\",\"@id\":\"https:\\\/\\\/secure.gravatar.com\\\/avatar\\\/61d268e57d1f4525b111222e29d2d5a7f8c420fdbf231ba5566a8ceac74fa960?s=96&d=mm&r=g\",\"url\":\"https:\\\/\\\/secure.gravatar.com\\\/avatar\\\/61d268e57d1f4525b111222e29d2d5a7f8c420fdbf231ba5566a8ceac74fa960?s=96&d=mm&r=g\",\"contentUrl\":\"https:\\\/\\\/secure.gravatar.com\\\/avatar\\\/61d268e57d1f4525b111222e29d2d5a7f8c420fdbf231ba5566a8ceac74fa960?s=96&d=mm&r=g\",\"caption\":\"Tibor atya\"},\"url\":\"https:\\\/\\\/stuttgarti-katolikusok.de\\\/index.php\\\/author\\\/tibor-atya\\\/\"}]}<\/script>\n<!-- \/ Yoast SEO plugin. -->","yoast_head_json":{"title":"\u00dajratanulni M\u00e1rtont \u2013 Interj\u00fa V\u00e1rszegi Asztrik f\u0151ap\u00e1ttal a Szent M\u00e1rton-eml\u00e9k\u00e9vr\u0151l - Stuttgarti Katolikusok","robots":{"index":"index","follow":"follow","max-snippet":"max-snippet:-1","max-image-preview":"max-image-preview:large","max-video-preview":"max-video-preview:-1"},"canonical":"https:\/\/stuttgarti-katolikusok.de\/index.php\/ujratanulni-martont-interju-varszegi-asztrik-foapattal-a-szent-marton-emlekevrol\/","og_locale":"hu_HU","og_type":"article","og_title":"\u00dajratanulni M\u00e1rtont \u2013 Interj\u00fa V\u00e1rszegi Asztrik f\u0151ap\u00e1ttal a Szent M\u00e1rton-eml\u00e9k\u00e9vr\u0151l - Stuttgarti Katolikusok","og_description":"A Magyar Katolikus P\u00fcsp\u00f6ki Konferencia 2014. ny\u00e1ri \u00fcl\u00e9s\u00e9n eml\u00e9k\u00e9vet hirdetett Szent M\u00e1rton sz\u00fclet\u00e9s\u00e9nek 1700. \u00e9vfordul\u00f3j\u00e1ra. A jubileumi esztend\u0151 pannonhalmi \u00fcnnep\u00e9lyes megnyit\u00e1s\u00e1t k\u00f6vet\u0151en V\u00e1rszegi Asztrik f\u0151ap\u00e1tot k\u00e9rdezt\u00fck a szent \u00e9letp\u00e9ld\u00e1j\u00e1r\u00f3l, k\u00f6vet\u00e9s\u00e9r\u0151l, valamint az eml\u00e9k\u00e9v programjair\u00f3l. \u2013 Mi az, ami 1700 \u00e9v t\u00e1vlat\u00e1b\u00f3l vonz\u00f3 lehet a ma ember\u00e9nek Szent M\u00e1rton alakj\u00e1ban? \u2013 Olyan korszakban \u00e9l\u00fcnk, melyben kritikusan kutatjuk a t\u00f6rt\u00e9neti forr\u00e1sokat, \u00edgy egyre teljesebben l\u00e1tjuk Szent M\u00e1rtont. Magam is \u00edgy \u00e9rzem. Annak rendje-m\u00f3dja szerint megtanultam az egyh\u00e1zt\u00f6rt\u00e9nelmet, a rendt\u00f6rt\u00e9netet is. Pannonhalm\u00e1n t\u00f6bbet foglalkoztunk M\u00e1rtonnal, M\u00e1rton szem\u00e9lyis\u00e9g\u00e9vel \u2013 l\u00e9v\u00e9n, hogy Szent M\u00e1rton hegy\u00e9n \u00e9l\u00fcnk. Az \u00e9n szememet, tal\u00e1n h\u00fasz \u00e9ve, Karl Lehmann mainzi p\u00fcsp\u00f6k, ma m\u00e1r b\u00edboros nyitotta fel, amikor a gyerekeknek pr\u00e9dik\u00e1lt itt Szent M\u00e1rtonr\u00f3l. Nagyon \u00e9rdekes, nagyon j\u00f3 besz\u00e9d volt. Gondoljunk csak ezekre az apr\u00f3s\u00e1gokra: Kr. u. 313, a mil\u00e1n\u00f3i ediktum \u00e9ve, az \u00fcld\u00f6z\u0151 kiegyezik az \u00fcld\u00f6z\u00f6ttel. A birodalom az egyh\u00e1zzal: bevett vall\u00e1s lesz a kereszt\u00e9nys\u00e9g. H\u00e1rom \u00e9v m\u00falva megsz\u00fcletik ez a kisfi\u00fa. Nyilv\u00e1n nem k\u00f6vetkezik a mil\u00e1n\u00f3i ediktum kiad\u00e1s\u00e1b\u00f3l, hogy 2-3 \u00e9vvel k\u00e9s\u0151bb m\u00e1r mindenki kereszt\u00e9ny. Ekkor kezd\u0151d\u00f6tt igaz\u00e1n a r\u00f3mai szellemis\u00e9g hanyatl\u00e1sa \u00e9s a kereszt\u00e9nys\u00e9g terjed\u00e9se. Az 5-6. sz\u00e1zadra v\u00e1lik majd olyan er\u0151ss\u00e9 a kereszt\u00e9nys\u00e9g, hogy az elkezdi form\u00e1lni a t\u00e1rsadalmat. A gall p\u00fcsp\u00f6k\u00f6k csoportja k\u00fcl\u00f6n egyh\u00e1zt\u00f6rt\u00e9neti fejezet, \u00e9s \u00e9rdekes sz\u00e1munkra itt Pann\u00f3ni\u00e1ban: k\u00e9t gall p\u00fcsp\u00f6k patrociniumunk van [patr\u00f3nus, v\u00e9delmez\u0151\u00a0\u2013 a szerk.], mindkett\u0151 benc\u00e9s kolostor\u00e9: a tours-i p\u00fcsp\u00f6k, Szent M\u00e1rton \u00e9s az orle\u00e1ns-i p\u00fcsp\u00f6k, Szent \u00c1nyos. Ugyanabba a csoportba tartoztak: szembesz\u00e1lltak a cs\u00e1sz\u00e1ri hatalommal, amely r\u00e1 akart tenyerelni az egyh\u00e1zra. M\u00e1sr\u00e9szt igen nagy volt a szeg\u00e9nys\u00e9g \u00e9s a vele j\u00e1r\u00f3 korrupci\u00f3. Nem v\u00e9letlen, hogy mindk\u00e9t p\u00fcsp\u00f6knek nagy volt a szoci\u00e1lis \u00e9rz\u00e9kenys\u00e9ge. Egy \u00e9rt\u00e9ks\u00fcllyeszt\u0151 vil\u00e1gban felismert\u00e9k: az \u00e9rt\u00e9kek az emberben vannak. Mindk\u00e9t p\u00fcsp\u00f6k, mindk\u00e9t szent a konkr\u00e9t ember\u00e9rt mert nagyon b\u00e1tor tan\u00fas\u00e1gt\u00e9telt v\u00e1llalni. P\u00e9ld\u00e1ul: ebben a korban mer\u00fclt f\u00f6l el\u0151sz\u00f6r, hogy az eretnekeket meg kellene \u00e9getni. M\u00e1rton ez ellen is... R\u00e9szletek","og_url":"https:\/\/stuttgarti-katolikusok.de\/index.php\/ujratanulni-martont-interju-varszegi-asztrik-foapattal-a-szent-marton-emlekevrol\/","og_site_name":"Stuttgarti Katolikusok","article_published_time":"2015-11-26T16:04:36+00:00","article_modified_time":"2015-12-08T10:29:12+00:00","author":"Tibor atya","twitter_card":"summary_large_image","twitter_misc":{"Szerz\u0151:":"Tibor atya","Becs\u00fclt olvas\u00e1si id\u0151":"19 perc"},"schema":{"@context":"https:\/\/schema.org","@graph":[{"@type":"Article","@id":"https:\/\/stuttgarti-katolikusok.de\/index.php\/ujratanulni-martont-interju-varszegi-asztrik-foapattal-a-szent-marton-emlekevrol\/#article","isPartOf":{"@id":"https:\/\/stuttgarti-katolikusok.de\/index.php\/ujratanulni-martont-interju-varszegi-asztrik-foapattal-a-szent-marton-emlekevrol\/"},"author":{"name":"Tibor atya","@id":"https:\/\/stuttgarti-katolikusok.de\/#\/schema\/person\/75908d6f8fdc03a57889d27209df7795"},"headline":"\u00dajratanulni M\u00e1rtont \u2013 Interj\u00fa V\u00e1rszegi Asztrik f\u0151ap\u00e1ttal a Szent M\u00e1rton-eml\u00e9k\u00e9vr\u0151l","datePublished":"2015-11-26T16:04:36+00:00","dateModified":"2015-12-08T10:29:12+00:00","mainEntityOfPage":{"@id":"https:\/\/stuttgarti-katolikusok.de\/index.php\/ujratanulni-martont-interju-varszegi-asztrik-foapattal-a-szent-marton-emlekevrol\/"},"wordCount":3787,"commentCount":0,"articleSection":["H\u00edrek"],"inLanguage":"hu"},{"@type":"WebPage","@id":"https:\/\/stuttgarti-katolikusok.de\/index.php\/ujratanulni-martont-interju-varszegi-asztrik-foapattal-a-szent-marton-emlekevrol\/","url":"https:\/\/stuttgarti-katolikusok.de\/index.php\/ujratanulni-martont-interju-varszegi-asztrik-foapattal-a-szent-marton-emlekevrol\/","name":"\u00dajratanulni M\u00e1rtont \u2013 Interj\u00fa V\u00e1rszegi Asztrik f\u0151ap\u00e1ttal a Szent M\u00e1rton-eml\u00e9k\u00e9vr\u0151l - Stuttgarti Katolikusok","isPartOf":{"@id":"https:\/\/stuttgarti-katolikusok.de\/#website"},"datePublished":"2015-11-26T16:04:36+00:00","dateModified":"2015-12-08T10:29:12+00:00","author":{"@id":"https:\/\/stuttgarti-katolikusok.de\/#\/schema\/person\/75908d6f8fdc03a57889d27209df7795"},"breadcrumb":{"@id":"https:\/\/stuttgarti-katolikusok.de\/index.php\/ujratanulni-martont-interju-varszegi-asztrik-foapattal-a-szent-marton-emlekevrol\/#breadcrumb"},"inLanguage":"hu","potentialAction":[{"@type":"ReadAction","target":["https:\/\/stuttgarti-katolikusok.de\/index.php\/ujratanulni-martont-interju-varszegi-asztrik-foapattal-a-szent-marton-emlekevrol\/"]}]},{"@type":"BreadcrumbList","@id":"https:\/\/stuttgarti-katolikusok.de\/index.php\/ujratanulni-martont-interju-varszegi-asztrik-foapattal-a-szent-marton-emlekevrol\/#breadcrumb","itemListElement":[{"@type":"ListItem","position":1,"name":"Kezd\u0151lap","item":"https:\/\/stuttgarti-katolikusok.de\/"},{"@type":"ListItem","position":2,"name":"\u00dajratanulni M\u00e1rtont \u2013 Interj\u00fa V\u00e1rszegi Asztrik f\u0151ap\u00e1ttal a Szent M\u00e1rton-eml\u00e9k\u00e9vr\u0151l"}]},{"@type":"WebSite","@id":"https:\/\/stuttgarti-katolikusok.de\/#website","url":"https:\/\/stuttgarti-katolikusok.de\/","name":"Stuttgarti Katolikusok","description":"","potentialAction":[{"@type":"SearchAction","target":{"@type":"EntryPoint","urlTemplate":"https:\/\/stuttgarti-katolikusok.de\/?s={search_term_string}"},"query-input":{"@type":"PropertyValueSpecification","valueRequired":true,"valueName":"search_term_string"}}],"inLanguage":"hu"},{"@type":"Person","@id":"https:\/\/stuttgarti-katolikusok.de\/#\/schema\/person\/75908d6f8fdc03a57889d27209df7795","name":"Tibor atya","image":{"@type":"ImageObject","inLanguage":"hu","@id":"https:\/\/secure.gravatar.com\/avatar\/61d268e57d1f4525b111222e29d2d5a7f8c420fdbf231ba5566a8ceac74fa960?s=96&d=mm&r=g","url":"https:\/\/secure.gravatar.com\/avatar\/61d268e57d1f4525b111222e29d2d5a7f8c420fdbf231ba5566a8ceac74fa960?s=96&d=mm&r=g","contentUrl":"https:\/\/secure.gravatar.com\/avatar\/61d268e57d1f4525b111222e29d2d5a7f8c420fdbf231ba5566a8ceac74fa960?s=96&d=mm&r=g","caption":"Tibor atya"},"url":"https:\/\/stuttgarti-katolikusok.de\/index.php\/author\/tibor-atya\/"}]}},"_links":{"self":[{"href":"https:\/\/stuttgarti-katolikusok.de\/index.php\/wp-json\/wp\/v2\/posts\/7907","targetHints":{"allow":["GET"]}}],"collection":[{"href":"https:\/\/stuttgarti-katolikusok.de\/index.php\/wp-json\/wp\/v2\/posts"}],"about":[{"href":"https:\/\/stuttgarti-katolikusok.de\/index.php\/wp-json\/wp\/v2\/types\/post"}],"author":[{"embeddable":true,"href":"https:\/\/stuttgarti-katolikusok.de\/index.php\/wp-json\/wp\/v2\/users\/3"}],"replies":[{"embeddable":true,"href":"https:\/\/stuttgarti-katolikusok.de\/index.php\/wp-json\/wp\/v2\/comments?post=7907"}],"version-history":[{"count":2,"href":"https:\/\/stuttgarti-katolikusok.de\/index.php\/wp-json\/wp\/v2\/posts\/7907\/revisions"}],"predecessor-version":[{"id":8048,"href":"https:\/\/stuttgarti-katolikusok.de\/index.php\/wp-json\/wp\/v2\/posts\/7907\/revisions\/8048"}],"wp:attachment":[{"href":"https:\/\/stuttgarti-katolikusok.de\/index.php\/wp-json\/wp\/v2\/media?parent=7907"}],"wp:term":[{"taxonomy":"category","embeddable":true,"href":"https:\/\/stuttgarti-katolikusok.de\/index.php\/wp-json\/wp\/v2\/categories?post=7907"},{"taxonomy":"post_tag","embeddable":true,"href":"https:\/\/stuttgarti-katolikusok.de\/index.php\/wp-json\/wp\/v2\/tags?post=7907"}],"curies":[{"name":"wp","href":"https:\/\/api.w.org\/{rel}","templated":true}]}}