{"id":7759,"date":"2015-11-25T10:27:58","date_gmt":"2015-11-25T10:27:58","guid":{"rendered":"https:\/\/gracious-dewdney.138-201-221-2.plesk.page\/?p=7759"},"modified":"2015-12-15T21:21:19","modified_gmt":"2015-12-15T21:21:19","slug":"ne-felj-mert-veled-vagyok-es-megoltalmazlak","status":"publish","type":"post","link":"https:\/\/stuttgarti-katolikusok.de\/index.php\/ne-felj-mert-veled-vagyok-es-megoltalmazlak\/","title":{"rendered":"\u201eNe f\u00e9lj &#8230;, mert veled vagyok, \u00e9s megoltalmazlak&#8230;\u201d"},"content":{"rendered":"<p>Tegnap ism\u00e9t elj\u00f6tt\u00e9l. Hossz\u00fa napod volt, mondod, \u00e9s \u00fajabban &#8211; f\u00e9lsz. Szemeden is l\u00e1tom&#8230; Nem is csoda, hisz ez a menek\u00fclt-\u00e1radat valahol m\u00e9lyen mindenkiben f\u00e9lelmet kelt, m\u00e1sr\u00e9szt Te nyakig benne vagy, hisz munk\u00e1d \u00e9pp vel\u00fck (is) kapcsolatos&#8230; Mes\u00e9lem is Neked, hogy nem Te vagy az egyetlen, aki f\u00e9l, annyi \u00e9s annyi ember keres, k\u00e9rdez engem is&#8230; Mindegyik\u00fck szav\u00e1ban ott bujk\u00e1l az agg\u00f3d\u00e1s, az ijeszt\u0151 f\u00e9lelem: Mi lesz vel\u00fck? Mi lesz vel\u00fcnk?<\/p>\n<p>&nbsp;<\/p>\n<p>Azt\u00e1n, mondod tov\u00e1bb, a mindennapok szok\u00e1sos szorong\u00e1sa is benned vacog: Mi lesz velem?&#8230;<\/p>\n<p>&nbsp;<\/p>\n<p>Nem csoda, hogy f\u00e9lsz&#8230; Mostans\u00e1g m\u00e9g \u00e9n is f\u00e9lek, csak nem vallom be&#8230;<\/p>\n<p>&nbsp;<\/p>\n<p>Ehelyett a Szent\u00edr\u00e1st id\u00e9zem Neked (\u00e9s magamnak is). Amikor megsz\u00fclett\u00e9l, Isten v\u00e1lladra tette a kez\u00e9t, \u00e9s azt mondta Neked: <em>\u201eNe f\u00e9lj &#8230;, mert veled vagyok, \u00e9s megoltalmazlak \u2013 az \u00dar mondja ezt neked.\u201d<\/em> (Jeremi\u00e1s K\u00f6nyve 1,8)<\/p>\n<p>&nbsp;<\/p>\n<p>Ha n\u00e9ha ilyen nagy egzisztenci\u00e1lis f\u00e9lelmeid vannak, mint most is, akkor mer\u00edts er\u0151t ezekb\u0151l a szavakb\u00f3l: <em>\u201eNe f\u00e9lj &#8230;, mert veled vagyok, \u00e9s megoltalmazlak&#8230;\u201d<\/em><\/p>\n<p>&nbsp;<\/p>\n<p>Ha s\u00f6t\u00e9ts\u00e9g borul r\u00e1d \u00e9s bizonytalann\u00e1 v\u00e1lik a k\u00f6vetkez\u0151 l\u00e9p\u00e9s, akkor is gondolj erre: <em>\u201eNe f\u00e9lj &#8230;, mert veled vagyok, \u00e9s megoltalmazlak&#8230;\u201d<\/em><\/p>\n<p>&nbsp;<\/p>\n<p>Ha hirtelen k\u00f6d vesz k\u00f6r\u00fcl \u00e9s elvesz\u00edted az ir\u00e1nyt, akkor is kapaszkodj ebbe a mondatba: <em>\u201eNe f\u00e9lj &#8230;, mert veled vagyok, \u00e9s megoltalmazlak&#8230;\u201d<\/em><\/p>\n<p>&nbsp;<\/p>\n<p>Ha n\u00e9ha elt\u00e9vedsz az \u00e9let \u00fatj\u00e1n, vagy zs\u00e1kutc\u00e1ba ker\u00fclsz, akkor jusson eszedbe: <em>\u201eNe f\u00e9lj &#8230;, mert veled vagyok, \u00e9s megoltalmazlak&#8230;\u201d<\/em><\/p>\n<p><em>\u00a0<\/em><\/p>\n<p>Ha bar\u00e1taid cserben hagynak, akkor ebb\u0151l a mondatb\u00f3l mer\u00edts er\u0151t: <em>\u201eNe f\u00e9lj &#8230;, mert veled vagyok, \u00e9s megoltalmazlak&#8230;\u201d<\/em><\/p>\n<p>&nbsp;<\/p>\n<p>Ha az az \u00e9rz\u00e9sed, hogy benned \u00e9s k\u00f6r\u00fcl\u00f6tted a semmi t\u00e1tong, akkor is \u00e9rv\u00e9nyes az \u00dar szava: <em>\u201eNe f\u00e9lj &#8230;, mert veled vagyok, \u00e9s megoltalmazlak&#8230;\u201d<\/em><\/p>\n<p>&nbsp;<\/p>\n<p>Ha k\u00e9tely mer\u00fclne fel benned, hogy van-e m\u00e9g rokon-l\u00e9lek, egy\u00fctt\u00e9rz\u0151 bar\u00e1t, vagy embert\u00e1rs, akkor is erre gondolj: <em>\u201eNe f\u00e9lj &#8230;, mert veled vagyok, \u00e9s megoltalmazlak&#8230;\u201d<\/em><\/p>\n<p>&nbsp;<\/p>\n<p>&nbsp;<\/p>\n<p>\u00c9leted \u00fatj\u00e1n soha nem vagy egyed\u00fcl. Isten mindig veled tart! Csak n\u00e9ha id\u0151re lenne sz\u00fcks\u00e9ged, hogy ezt az ima csendj\u00e9ben tudatos\u00edtsd magadban.<\/p>\n<p>&nbsp;<\/p>\n<p>Amit az \u00dar Neked \u00edg\u00e9rt valamikor 18, 35, 42 vagy 70 \u00e9vvel ezel\u0151tt, az ma is \u00e9rv\u00e9nyes, s\u0151t holnap is az: <em>\u201eNe f\u00e9lj &#8230;, mert veled vagyok, \u00e9s megoltalmazlak \u2013 az \u00dar mondja ezt neked.\u201d<\/em> (Jeremi\u00e1s K\u00f6nyve 1,8)<\/p>\n<p>&nbsp;<\/p>\n<p>Menj h\u00e1t b\u00e1tran az \u00e9let \u00fatj\u00e1n!<\/p>\n<p>&nbsp;<\/p>\n<p>Ezt aj\u00e1nlja Neked szeretettel<\/p>\n<p>&nbsp;<\/p>\n<p><em>Imre atya<\/em><\/p>\n<p><em>\u00a0<\/em><\/p>\n<p><em>Stuttgart, 2015-10-24.<\/em><\/p>\n","protected":false},"excerpt":{"rendered":"<p>Tegnap ism\u00e9t elj\u00f6tt\u00e9l. Hossz\u00fa napod volt, mondod, \u00e9s \u00fajabban &#8211; f\u00e9lsz. Szemeden is l\u00e1tom&#8230; Nem is csoda, hisz ez a menek\u00fclt-\u00e1radat valahol m\u00e9lyen mindenkiben f\u00e9lelmet kelt, m\u00e1sr\u00e9szt Te nyakig benne vagy, hisz munk\u00e1d \u00e9pp vel\u00fck (is) kapcsolatos&#8230; Mes\u00e9lem is Neked, hogy nem Te vagy az egyetlen, aki f\u00e9l, annyi \u00e9s annyi ember keres, k\u00e9rdez engem is&#8230; Mindegyik\u00fck szav\u00e1ban ott bujk\u00e1l az agg\u00f3d\u00e1s, az ijeszt\u0151 f\u00e9lelem: Mi lesz vel\u00fck? Mi lesz vel\u00fcnk? &nbsp; Azt\u00e1n, mondod tov\u00e1bb, a mindennapok szok\u00e1sos szorong\u00e1sa is benned vacog: Mi lesz velem?&#8230; &nbsp; Nem csoda, hogy f\u00e9lsz&#8230; Mostans\u00e1g m\u00e9g \u00e9n is f\u00e9lek, csak nem vallom be&#8230; &nbsp; Ehelyett a Szent\u00edr\u00e1st id\u00e9zem Neked (\u00e9s magamnak is). Amikor megsz\u00fclett\u00e9l, Isten v\u00e1lladra tette a kez\u00e9t, \u00e9s azt mondta Neked: \u201eNe f\u00e9lj &#8230;, mert veled vagyok, \u00e9s megoltalmazlak \u2013 az \u00dar mondja ezt neked.\u201d (Jeremi\u00e1s K\u00f6nyve 1,8) &nbsp; Ha n\u00e9ha ilyen nagy egzisztenci\u00e1lis f\u00e9lelmeid vannak, mint most is, akkor mer\u00edts er\u0151t ezekb\u0151l a szavakb\u00f3l: \u201eNe f\u00e9lj &#8230;, mert veled vagyok, \u00e9s megoltalmazlak&#8230;\u201d &nbsp; Ha s\u00f6t\u00e9ts\u00e9g borul r\u00e1d \u00e9s bizonytalann\u00e1 v\u00e1lik a k\u00f6vetkez\u0151 l\u00e9p\u00e9s, akkor is gondolj erre: \u201eNe f\u00e9lj &#8230;, mert veled vagyok, \u00e9s megoltalmazlak&#8230;\u201d &nbsp; Ha hirtelen k\u00f6d vesz k\u00f6r\u00fcl \u00e9s elvesz\u00edted az ir\u00e1nyt, akkor is kapaszkodj ebbe a mondatba: \u201eNe f\u00e9lj &#8230;, mert veled vagyok, \u00e9s megoltalmazlak&#8230;\u201d &nbsp; Ha n\u00e9ha elt\u00e9vedsz az \u00e9let \u00fatj\u00e1n, vagy zs\u00e1kutc\u00e1ba ker\u00fclsz, akkor jusson eszedbe: \u201eNe f\u00e9lj &#8230;, mert veled vagyok, \u00e9s megoltalmazlak&#8230;\u201d \u00a0 Ha bar\u00e1taid cserben hagynak, akkor ebb\u0151l a mondatb\u00f3l mer\u00edts er\u0151t: \u201eNe f\u00e9lj &#8230;, mert veled vagyok, \u00e9s megoltalmazlak&#8230;\u201d &nbsp; Ha az az \u00e9rz\u00e9sed, hogy benned \u00e9s k\u00f6r\u00fcl\u00f6tted a semmi t\u00e1tong, akkor is \u00e9rv\u00e9nyes az \u00dar szava: \u201eNe f\u00e9lj &#8230;, mert veled vagyok, \u00e9s megoltalmazlak&#8230;\u201d &nbsp; Ha k\u00e9tely mer\u00fclne fel benned, hogy van-e m\u00e9g rokon-l\u00e9lek, egy\u00fctt\u00e9rz\u0151 bar\u00e1t, vagy embert\u00e1rs, akkor is erre gondolj: \u201eNe f\u00e9lj &#8230;, mert veled vagyok, \u00e9s megoltalmazlak&#8230;\u201d&#8230; <\/p>\n<p><a class=\"readmore\" href=\"https:\/\/stuttgarti-katolikusok.de\/index.php\/ne-felj-mert-veled-vagyok-es-megoltalmazlak\/\">R\u00e9szletek<\/a><\/p>\n","protected":false},"author":3,"featured_media":0,"comment_status":"closed","ping_status":"closed","sticky":false,"template":"","format":"standard","meta":{"footnotes":""},"categories":[24],"tags":[],"class_list":["post-7759","post","type-post","status-publish","format-standard","hentry","category-gondolatok"],"yoast_head":"<!-- This site is optimized with the Yoast SEO plugin v27.3 - https:\/\/yoast.com\/product\/yoast-seo-wordpress\/ -->\n<title>\u201eNe f\u00e9lj ..., mert veled vagyok, \u00e9s megoltalmazlak...\u201d - Stuttgarti Katolikusok<\/title>\n<meta name=\"robots\" content=\"index, follow, max-snippet:-1, max-image-preview:large, max-video-preview:-1\" \/>\n<link rel=\"canonical\" href=\"https:\/\/stuttgarti-katolikusok.de\/index.php\/ne-felj-mert-veled-vagyok-es-megoltalmazlak\/\" \/>\n<meta property=\"og:locale\" content=\"hu_HU\" \/>\n<meta property=\"og:type\" content=\"article\" \/>\n<meta property=\"og:title\" content=\"\u201eNe f\u00e9lj ..., mert veled vagyok, \u00e9s megoltalmazlak...\u201d - Stuttgarti Katolikusok\" \/>\n<meta property=\"og:description\" content=\"Tegnap ism\u00e9t elj\u00f6tt\u00e9l. Hossz\u00fa napod volt, mondod, \u00e9s \u00fajabban &#8211; f\u00e9lsz. Szemeden is l\u00e1tom&#8230; Nem is csoda, hisz ez a menek\u00fclt-\u00e1radat valahol m\u00e9lyen mindenkiben f\u00e9lelmet kelt, m\u00e1sr\u00e9szt Te nyakig benne vagy, hisz munk\u00e1d \u00e9pp vel\u00fck (is) kapcsolatos&#8230; Mes\u00e9lem is Neked, hogy nem Te vagy az egyetlen, aki f\u00e9l, annyi \u00e9s annyi ember keres, k\u00e9rdez engem is&#8230; Mindegyik\u00fck szav\u00e1ban ott bujk\u00e1l az agg\u00f3d\u00e1s, az ijeszt\u0151 f\u00e9lelem: Mi lesz vel\u00fck? Mi lesz vel\u00fcnk? &nbsp; Azt\u00e1n, mondod tov\u00e1bb, a mindennapok szok\u00e1sos szorong\u00e1sa is benned vacog: Mi lesz velem?&#8230; &nbsp; Nem csoda, hogy f\u00e9lsz&#8230; Mostans\u00e1g m\u00e9g \u00e9n is f\u00e9lek, csak nem vallom be&#8230; &nbsp; Ehelyett a Szent\u00edr\u00e1st id\u00e9zem Neked (\u00e9s magamnak is). Amikor megsz\u00fclett\u00e9l, Isten v\u00e1lladra tette a kez\u00e9t, \u00e9s azt mondta Neked: \u201eNe f\u00e9lj &#8230;, mert veled vagyok, \u00e9s megoltalmazlak \u2013 az \u00dar mondja ezt neked.\u201d (Jeremi\u00e1s K\u00f6nyve 1,8) &nbsp; Ha n\u00e9ha ilyen nagy egzisztenci\u00e1lis f\u00e9lelmeid vannak, mint most is, akkor mer\u00edts er\u0151t ezekb\u0151l a szavakb\u00f3l: \u201eNe f\u00e9lj &#8230;, mert veled vagyok, \u00e9s megoltalmazlak&#8230;\u201d &nbsp; Ha s\u00f6t\u00e9ts\u00e9g borul r\u00e1d \u00e9s bizonytalann\u00e1 v\u00e1lik a k\u00f6vetkez\u0151 l\u00e9p\u00e9s, akkor is gondolj erre: \u201eNe f\u00e9lj &#8230;, mert veled vagyok, \u00e9s megoltalmazlak&#8230;\u201d &nbsp; Ha hirtelen k\u00f6d vesz k\u00f6r\u00fcl \u00e9s elvesz\u00edted az ir\u00e1nyt, akkor is kapaszkodj ebbe a mondatba: \u201eNe f\u00e9lj &#8230;, mert veled vagyok, \u00e9s megoltalmazlak&#8230;\u201d &nbsp; Ha n\u00e9ha elt\u00e9vedsz az \u00e9let \u00fatj\u00e1n, vagy zs\u00e1kutc\u00e1ba ker\u00fclsz, akkor jusson eszedbe: \u201eNe f\u00e9lj &#8230;, mert veled vagyok, \u00e9s megoltalmazlak&#8230;\u201d \u00a0 Ha bar\u00e1taid cserben hagynak, akkor ebb\u0151l a mondatb\u00f3l mer\u00edts er\u0151t: \u201eNe f\u00e9lj &#8230;, mert veled vagyok, \u00e9s megoltalmazlak&#8230;\u201d &nbsp; Ha az az \u00e9rz\u00e9sed, hogy benned \u00e9s k\u00f6r\u00fcl\u00f6tted a semmi t\u00e1tong, akkor is \u00e9rv\u00e9nyes az \u00dar szava: \u201eNe f\u00e9lj &#8230;, mert veled vagyok, \u00e9s megoltalmazlak&#8230;\u201d &nbsp; Ha k\u00e9tely mer\u00fclne fel benned, hogy van-e m\u00e9g rokon-l\u00e9lek, egy\u00fctt\u00e9rz\u0151 bar\u00e1t, vagy embert\u00e1rs, akkor is erre gondolj: \u201eNe f\u00e9lj &#8230;, mert veled vagyok, \u00e9s megoltalmazlak&#8230;\u201d... R\u00e9szletek\" \/>\n<meta property=\"og:url\" content=\"https:\/\/stuttgarti-katolikusok.de\/index.php\/ne-felj-mert-veled-vagyok-es-megoltalmazlak\/\" \/>\n<meta property=\"og:site_name\" content=\"Stuttgarti Katolikusok\" \/>\n<meta property=\"article:published_time\" content=\"2015-11-25T10:27:58+00:00\" \/>\n<meta property=\"article:modified_time\" content=\"2015-12-15T21:21:19+00:00\" \/>\n<meta name=\"author\" content=\"Tibor atya\" \/>\n<meta name=\"twitter:card\" content=\"summary_large_image\" \/>\n<meta name=\"twitter:label1\" content=\"Szerz\u0151:\" \/>\n\t<meta name=\"twitter:data1\" content=\"Tibor atya\" \/>\n\t<meta name=\"twitter:label2\" content=\"Becs\u00fclt olvas\u00e1si id\u0151\" \/>\n\t<meta name=\"twitter:data2\" content=\"2 perc\" \/>\n<script type=\"application\/ld+json\" class=\"yoast-schema-graph\">{\"@context\":\"https:\\\/\\\/schema.org\",\"@graph\":[{\"@type\":\"Article\",\"@id\":\"https:\\\/\\\/stuttgarti-katolikusok.de\\\/index.php\\\/ne-felj-mert-veled-vagyok-es-megoltalmazlak\\\/#article\",\"isPartOf\":{\"@id\":\"https:\\\/\\\/stuttgarti-katolikusok.de\\\/index.php\\\/ne-felj-mert-veled-vagyok-es-megoltalmazlak\\\/\"},\"author\":{\"name\":\"Tibor atya\",\"@id\":\"https:\\\/\\\/stuttgarti-katolikusok.de\\\/#\\\/schema\\\/person\\\/75908d6f8fdc03a57889d27209df7795\"},\"headline\":\"\u201eNe f\u00e9lj &#8230;, mert veled vagyok, \u00e9s megoltalmazlak&#8230;\u201d\",\"datePublished\":\"2015-11-25T10:27:58+00:00\",\"dateModified\":\"2015-12-15T21:21:19+00:00\",\"mainEntityOfPage\":{\"@id\":\"https:\\\/\\\/stuttgarti-katolikusok.de\\\/index.php\\\/ne-felj-mert-veled-vagyok-es-megoltalmazlak\\\/\"},\"wordCount\":484,\"articleSection\":[\"Gondolatok\"],\"inLanguage\":\"hu\"},{\"@type\":\"WebPage\",\"@id\":\"https:\\\/\\\/stuttgarti-katolikusok.de\\\/index.php\\\/ne-felj-mert-veled-vagyok-es-megoltalmazlak\\\/\",\"url\":\"https:\\\/\\\/stuttgarti-katolikusok.de\\\/index.php\\\/ne-felj-mert-veled-vagyok-es-megoltalmazlak\\\/\",\"name\":\"\u201eNe f\u00e9lj ..., mert veled vagyok, \u00e9s megoltalmazlak...\u201d - Stuttgarti Katolikusok\",\"isPartOf\":{\"@id\":\"https:\\\/\\\/stuttgarti-katolikusok.de\\\/#website\"},\"datePublished\":\"2015-11-25T10:27:58+00:00\",\"dateModified\":\"2015-12-15T21:21:19+00:00\",\"author\":{\"@id\":\"https:\\\/\\\/stuttgarti-katolikusok.de\\\/#\\\/schema\\\/person\\\/75908d6f8fdc03a57889d27209df7795\"},\"breadcrumb\":{\"@id\":\"https:\\\/\\\/stuttgarti-katolikusok.de\\\/index.php\\\/ne-felj-mert-veled-vagyok-es-megoltalmazlak\\\/#breadcrumb\"},\"inLanguage\":\"hu\",\"potentialAction\":[{\"@type\":\"ReadAction\",\"target\":[\"https:\\\/\\\/stuttgarti-katolikusok.de\\\/index.php\\\/ne-felj-mert-veled-vagyok-es-megoltalmazlak\\\/\"]}]},{\"@type\":\"BreadcrumbList\",\"@id\":\"https:\\\/\\\/stuttgarti-katolikusok.de\\\/index.php\\\/ne-felj-mert-veled-vagyok-es-megoltalmazlak\\\/#breadcrumb\",\"itemListElement\":[{\"@type\":\"ListItem\",\"position\":1,\"name\":\"Kezd\u0151lap\",\"item\":\"https:\\\/\\\/stuttgarti-katolikusok.de\\\/\"},{\"@type\":\"ListItem\",\"position\":2,\"name\":\"\u201eNe f\u00e9lj &#8230;, mert veled vagyok, \u00e9s megoltalmazlak&#8230;\u201d\"}]},{\"@type\":\"WebSite\",\"@id\":\"https:\\\/\\\/stuttgarti-katolikusok.de\\\/#website\",\"url\":\"https:\\\/\\\/stuttgarti-katolikusok.de\\\/\",\"name\":\"Stuttgarti Katolikusok\",\"description\":\"\",\"potentialAction\":[{\"@type\":\"SearchAction\",\"target\":{\"@type\":\"EntryPoint\",\"urlTemplate\":\"https:\\\/\\\/stuttgarti-katolikusok.de\\\/?s={search_term_string}\"},\"query-input\":{\"@type\":\"PropertyValueSpecification\",\"valueRequired\":true,\"valueName\":\"search_term_string\"}}],\"inLanguage\":\"hu\"},{\"@type\":\"Person\",\"@id\":\"https:\\\/\\\/stuttgarti-katolikusok.de\\\/#\\\/schema\\\/person\\\/75908d6f8fdc03a57889d27209df7795\",\"name\":\"Tibor atya\",\"image\":{\"@type\":\"ImageObject\",\"inLanguage\":\"hu\",\"@id\":\"https:\\\/\\\/secure.gravatar.com\\\/avatar\\\/61d268e57d1f4525b111222e29d2d5a7f8c420fdbf231ba5566a8ceac74fa960?s=96&d=mm&r=g\",\"url\":\"https:\\\/\\\/secure.gravatar.com\\\/avatar\\\/61d268e57d1f4525b111222e29d2d5a7f8c420fdbf231ba5566a8ceac74fa960?s=96&d=mm&r=g\",\"contentUrl\":\"https:\\\/\\\/secure.gravatar.com\\\/avatar\\\/61d268e57d1f4525b111222e29d2d5a7f8c420fdbf231ba5566a8ceac74fa960?s=96&d=mm&r=g\",\"caption\":\"Tibor atya\"},\"url\":\"https:\\\/\\\/stuttgarti-katolikusok.de\\\/index.php\\\/author\\\/tibor-atya\\\/\"}]}<\/script>\n<!-- \/ Yoast SEO plugin. -->","yoast_head_json":{"title":"\u201eNe f\u00e9lj ..., mert veled vagyok, \u00e9s megoltalmazlak...\u201d - Stuttgarti Katolikusok","robots":{"index":"index","follow":"follow","max-snippet":"max-snippet:-1","max-image-preview":"max-image-preview:large","max-video-preview":"max-video-preview:-1"},"canonical":"https:\/\/stuttgarti-katolikusok.de\/index.php\/ne-felj-mert-veled-vagyok-es-megoltalmazlak\/","og_locale":"hu_HU","og_type":"article","og_title":"\u201eNe f\u00e9lj ..., mert veled vagyok, \u00e9s megoltalmazlak...\u201d - Stuttgarti Katolikusok","og_description":"Tegnap ism\u00e9t elj\u00f6tt\u00e9l. Hossz\u00fa napod volt, mondod, \u00e9s \u00fajabban &#8211; f\u00e9lsz. Szemeden is l\u00e1tom&#8230; Nem is csoda, hisz ez a menek\u00fclt-\u00e1radat valahol m\u00e9lyen mindenkiben f\u00e9lelmet kelt, m\u00e1sr\u00e9szt Te nyakig benne vagy, hisz munk\u00e1d \u00e9pp vel\u00fck (is) kapcsolatos&#8230; Mes\u00e9lem is Neked, hogy nem Te vagy az egyetlen, aki f\u00e9l, annyi \u00e9s annyi ember keres, k\u00e9rdez engem is&#8230; Mindegyik\u00fck szav\u00e1ban ott bujk\u00e1l az agg\u00f3d\u00e1s, az ijeszt\u0151 f\u00e9lelem: Mi lesz vel\u00fck? Mi lesz vel\u00fcnk? &nbsp; Azt\u00e1n, mondod tov\u00e1bb, a mindennapok szok\u00e1sos szorong\u00e1sa is benned vacog: Mi lesz velem?&#8230; &nbsp; Nem csoda, hogy f\u00e9lsz&#8230; Mostans\u00e1g m\u00e9g \u00e9n is f\u00e9lek, csak nem vallom be&#8230; &nbsp; Ehelyett a Szent\u00edr\u00e1st id\u00e9zem Neked (\u00e9s magamnak is). Amikor megsz\u00fclett\u00e9l, Isten v\u00e1lladra tette a kez\u00e9t, \u00e9s azt mondta Neked: \u201eNe f\u00e9lj &#8230;, mert veled vagyok, \u00e9s megoltalmazlak \u2013 az \u00dar mondja ezt neked.\u201d (Jeremi\u00e1s K\u00f6nyve 1,8) &nbsp; Ha n\u00e9ha ilyen nagy egzisztenci\u00e1lis f\u00e9lelmeid vannak, mint most is, akkor mer\u00edts er\u0151t ezekb\u0151l a szavakb\u00f3l: \u201eNe f\u00e9lj &#8230;, mert veled vagyok, \u00e9s megoltalmazlak&#8230;\u201d &nbsp; Ha s\u00f6t\u00e9ts\u00e9g borul r\u00e1d \u00e9s bizonytalann\u00e1 v\u00e1lik a k\u00f6vetkez\u0151 l\u00e9p\u00e9s, akkor is gondolj erre: \u201eNe f\u00e9lj &#8230;, mert veled vagyok, \u00e9s megoltalmazlak&#8230;\u201d &nbsp; Ha hirtelen k\u00f6d vesz k\u00f6r\u00fcl \u00e9s elvesz\u00edted az ir\u00e1nyt, akkor is kapaszkodj ebbe a mondatba: \u201eNe f\u00e9lj &#8230;, mert veled vagyok, \u00e9s megoltalmazlak&#8230;\u201d &nbsp; Ha n\u00e9ha elt\u00e9vedsz az \u00e9let \u00fatj\u00e1n, vagy zs\u00e1kutc\u00e1ba ker\u00fclsz, akkor jusson eszedbe: \u201eNe f\u00e9lj &#8230;, mert veled vagyok, \u00e9s megoltalmazlak&#8230;\u201d \u00a0 Ha bar\u00e1taid cserben hagynak, akkor ebb\u0151l a mondatb\u00f3l mer\u00edts er\u0151t: \u201eNe f\u00e9lj &#8230;, mert veled vagyok, \u00e9s megoltalmazlak&#8230;\u201d &nbsp; Ha az az \u00e9rz\u00e9sed, hogy benned \u00e9s k\u00f6r\u00fcl\u00f6tted a semmi t\u00e1tong, akkor is \u00e9rv\u00e9nyes az \u00dar szava: \u201eNe f\u00e9lj &#8230;, mert veled vagyok, \u00e9s megoltalmazlak&#8230;\u201d &nbsp; Ha k\u00e9tely mer\u00fclne fel benned, hogy van-e m\u00e9g rokon-l\u00e9lek, egy\u00fctt\u00e9rz\u0151 bar\u00e1t, vagy embert\u00e1rs, akkor is erre gondolj: \u201eNe f\u00e9lj &#8230;, mert veled vagyok, \u00e9s megoltalmazlak&#8230;\u201d... R\u00e9szletek","og_url":"https:\/\/stuttgarti-katolikusok.de\/index.php\/ne-felj-mert-veled-vagyok-es-megoltalmazlak\/","og_site_name":"Stuttgarti Katolikusok","article_published_time":"2015-11-25T10:27:58+00:00","article_modified_time":"2015-12-15T21:21:19+00:00","author":"Tibor atya","twitter_card":"summary_large_image","twitter_misc":{"Szerz\u0151:":"Tibor atya","Becs\u00fclt olvas\u00e1si id\u0151":"2 perc"},"schema":{"@context":"https:\/\/schema.org","@graph":[{"@type":"Article","@id":"https:\/\/stuttgarti-katolikusok.de\/index.php\/ne-felj-mert-veled-vagyok-es-megoltalmazlak\/#article","isPartOf":{"@id":"https:\/\/stuttgarti-katolikusok.de\/index.php\/ne-felj-mert-veled-vagyok-es-megoltalmazlak\/"},"author":{"name":"Tibor atya","@id":"https:\/\/stuttgarti-katolikusok.de\/#\/schema\/person\/75908d6f8fdc03a57889d27209df7795"},"headline":"\u201eNe f\u00e9lj &#8230;, mert veled vagyok, \u00e9s megoltalmazlak&#8230;\u201d","datePublished":"2015-11-25T10:27:58+00:00","dateModified":"2015-12-15T21:21:19+00:00","mainEntityOfPage":{"@id":"https:\/\/stuttgarti-katolikusok.de\/index.php\/ne-felj-mert-veled-vagyok-es-megoltalmazlak\/"},"wordCount":484,"articleSection":["Gondolatok"],"inLanguage":"hu"},{"@type":"WebPage","@id":"https:\/\/stuttgarti-katolikusok.de\/index.php\/ne-felj-mert-veled-vagyok-es-megoltalmazlak\/","url":"https:\/\/stuttgarti-katolikusok.de\/index.php\/ne-felj-mert-veled-vagyok-es-megoltalmazlak\/","name":"\u201eNe f\u00e9lj ..., mert veled vagyok, \u00e9s megoltalmazlak...\u201d - Stuttgarti Katolikusok","isPartOf":{"@id":"https:\/\/stuttgarti-katolikusok.de\/#website"},"datePublished":"2015-11-25T10:27:58+00:00","dateModified":"2015-12-15T21:21:19+00:00","author":{"@id":"https:\/\/stuttgarti-katolikusok.de\/#\/schema\/person\/75908d6f8fdc03a57889d27209df7795"},"breadcrumb":{"@id":"https:\/\/stuttgarti-katolikusok.de\/index.php\/ne-felj-mert-veled-vagyok-es-megoltalmazlak\/#breadcrumb"},"inLanguage":"hu","potentialAction":[{"@type":"ReadAction","target":["https:\/\/stuttgarti-katolikusok.de\/index.php\/ne-felj-mert-veled-vagyok-es-megoltalmazlak\/"]}]},{"@type":"BreadcrumbList","@id":"https:\/\/stuttgarti-katolikusok.de\/index.php\/ne-felj-mert-veled-vagyok-es-megoltalmazlak\/#breadcrumb","itemListElement":[{"@type":"ListItem","position":1,"name":"Kezd\u0151lap","item":"https:\/\/stuttgarti-katolikusok.de\/"},{"@type":"ListItem","position":2,"name":"\u201eNe f\u00e9lj &#8230;, mert veled vagyok, \u00e9s megoltalmazlak&#8230;\u201d"}]},{"@type":"WebSite","@id":"https:\/\/stuttgarti-katolikusok.de\/#website","url":"https:\/\/stuttgarti-katolikusok.de\/","name":"Stuttgarti Katolikusok","description":"","potentialAction":[{"@type":"SearchAction","target":{"@type":"EntryPoint","urlTemplate":"https:\/\/stuttgarti-katolikusok.de\/?s={search_term_string}"},"query-input":{"@type":"PropertyValueSpecification","valueRequired":true,"valueName":"search_term_string"}}],"inLanguage":"hu"},{"@type":"Person","@id":"https:\/\/stuttgarti-katolikusok.de\/#\/schema\/person\/75908d6f8fdc03a57889d27209df7795","name":"Tibor atya","image":{"@type":"ImageObject","inLanguage":"hu","@id":"https:\/\/secure.gravatar.com\/avatar\/61d268e57d1f4525b111222e29d2d5a7f8c420fdbf231ba5566a8ceac74fa960?s=96&d=mm&r=g","url":"https:\/\/secure.gravatar.com\/avatar\/61d268e57d1f4525b111222e29d2d5a7f8c420fdbf231ba5566a8ceac74fa960?s=96&d=mm&r=g","contentUrl":"https:\/\/secure.gravatar.com\/avatar\/61d268e57d1f4525b111222e29d2d5a7f8c420fdbf231ba5566a8ceac74fa960?s=96&d=mm&r=g","caption":"Tibor atya"},"url":"https:\/\/stuttgarti-katolikusok.de\/index.php\/author\/tibor-atya\/"}]}},"_links":{"self":[{"href":"https:\/\/stuttgarti-katolikusok.de\/index.php\/wp-json\/wp\/v2\/posts\/7759","targetHints":{"allow":["GET"]}}],"collection":[{"href":"https:\/\/stuttgarti-katolikusok.de\/index.php\/wp-json\/wp\/v2\/posts"}],"about":[{"href":"https:\/\/stuttgarti-katolikusok.de\/index.php\/wp-json\/wp\/v2\/types\/post"}],"author":[{"embeddable":true,"href":"https:\/\/stuttgarti-katolikusok.de\/index.php\/wp-json\/wp\/v2\/users\/3"}],"replies":[{"embeddable":true,"href":"https:\/\/stuttgarti-katolikusok.de\/index.php\/wp-json\/wp\/v2\/comments?post=7759"}],"version-history":[{"count":1,"href":"https:\/\/stuttgarti-katolikusok.de\/index.php\/wp-json\/wp\/v2\/posts\/7759\/revisions"}],"predecessor-version":[{"id":7760,"href":"https:\/\/stuttgarti-katolikusok.de\/index.php\/wp-json\/wp\/v2\/posts\/7759\/revisions\/7760"}],"wp:attachment":[{"href":"https:\/\/stuttgarti-katolikusok.de\/index.php\/wp-json\/wp\/v2\/media?parent=7759"}],"wp:term":[{"taxonomy":"category","embeddable":true,"href":"https:\/\/stuttgarti-katolikusok.de\/index.php\/wp-json\/wp\/v2\/categories?post=7759"},{"taxonomy":"post_tag","embeddable":true,"href":"https:\/\/stuttgarti-katolikusok.de\/index.php\/wp-json\/wp\/v2\/tags?post=7759"}],"curies":[{"name":"wp","href":"https:\/\/api.w.org\/{rel}","templated":true}]}}