{"id":33978,"date":"2026-09-06T08:08:03","date_gmt":"2026-09-06T06:08:03","guid":{"rendered":"https:\/\/stuttgarti-katolikusok.de\/?p=33978"},"modified":"2026-09-06T08:08:03","modified_gmt":"2026-09-06T06:08:03","slug":"evkoezi-23-vasarnap","status":"publish","type":"post","link":"https:\/\/stuttgarti-katolikusok.de\/index.php\/evkoezi-23-vasarnap\/","title":{"rendered":"\u00c9vk\u00f6zi 23. vas\u00e1rnap"},"content":{"rendered":"<p><span style=\"color: #ff6600;\"><em>A szentmise els\u0151 k\u00f6ny\u00f6rg\u00e9s\u00e9ben az igaz szabads\u00e1g aj\u00e1nd\u00e9k\u00e1\u00e9rt im\u00e1dkoztunk. Nagy k\u00e9rd\u00e9se az emberis\u00e9gnek, hogy val\u00f3ban szabad-e az akaratom, val\u00f3ban szabad vagyok-e, amikor d\u00f6nt\u00e9seket hozok. Sokat hangs\u00falyozz\u00e1k az ut\u00f3bbi id\u0151ben az egy\u00e9ni szabads\u00e1g fontoss\u00e1g\u00e1t. Ennek a szabads\u00e1gnak k\u00e9t ir\u00e1nya van. Egyr\u00e9szt, ezt birtokolva, menek\u00fclni lehet a hagyom\u00e1nyok, a szok\u00e1sok, a k\u00f6t\u00f6tts\u00e9gek el\u0151l. M\u00e1sr\u00e9szt, a szabads\u00e1g nev\u00e9ben, sokf\u00e9le sz\u00f6rny\u0171s\u00e9get is megtett m\u00e1r az emberis\u00e9g, \u00e9s tesz ma is. Tal\u00e1n nem is v\u00e9letlen, hogy igaz szabads\u00e1g\u00e9rt im\u00e1dkozunk ma. Az igaz szabads\u00e1g\u00e9rt, amit az Egyh\u00e1z mindig is v\u00e9dett, s mindig k\u00fcl\u00f6n\u00f6sen hangs\u00falyozza a szabad akaratot is, amely minden ember saj\u00e1tja, \u00e9s ami igaz\u00e1n felel\u0151s emberr\u00e9 tesz benn\u00fcnket. Nagyon j\u00f3l tudja az Egyh\u00e1z, hogy a szabads\u00e1g \u00f3ri\u00e1si \u00e9rt\u00e9k, ugyanakkor komoly fegyver is; \u00e9ltet\u0151 er\u0151, de rombolni is tud. Gondolj csak bele, Isten, aki saj\u00e1t k\u00e9p\u00e9re \u00e9s hasonlatoss\u00e1g\u00e1ra teremtett engem, megaj\u00e1nd\u00e9kozott a bens\u0151 szabads\u00e1g\u00e1val.<\/em><\/span><\/p>\n<p><span style=\"color: #ff6600;\"><em>A pannonhalmi barokk eb\u00e9dl\u0151ben egy kis k\u00e9pen egy abroncsait ledobott, haszn\u00e1lhatatlan boroshord\u00f3t l\u00e1tunk. Rajta a felirat: Libertate perit \u2013 A szabads\u00e1ga tette. A szabads\u00e1gunk felel\u0151ss\u00e9ge, hogy az \u00e9letet vagy a hal\u00e1lt v\u00e1lasztjuk-e. A d\u00f6nt\u00e9seink el\u0151tt \u00e9rdemes komolyan elgondolkodnunk a k\u00f6vetkezm\u00e9nyekr\u0151l, a hossz\u00fa t\u00e1v\u00faakr\u00f3l is. Hajlamosak vagyunk a pillanatnyi \u00e9rz\u00e9seink alapj\u00e1n d\u00f6nteni, \u00e9s egyre r\u00f6videbb t\u00e1vokban gondolkodni, pedig j\u00f3 lenne el\u0151re tekinteni. <\/em><\/span><\/p>\n<p><span style=\"color: #ff6600;\"><em>Err\u0151l a felel\u0151ss\u00e9gr\u0151l sz\u00f3l a mai els\u0151 olvasm\u00e1ny \u00fczenete is. A j\u00f3 Isten mindannyiunkat \u0151rnek \u00e1ll\u00edtott. Hatalmas megtiszteltet\u00e9s \u00e9s felel\u0151ss\u00e9g ez mindenki sz\u00e1m\u00e1ra. \u00c9lek, avagy vissza\u00e9lek a magam egy\u00e9ni felel\u0151ss\u00e9g\u00e9vel?\u00a0 Szabads\u00e1gban \u00e9s szabadon meg\u00e9lt felel\u0151ss\u00e9g! <\/em><\/span><\/p>\n<p><span style=\"color: #ff6600;\"><em>Megsz\u00edvlelend\u0151 Szent P\u00e1l apostol buzd\u00edt\u00e1sa, melyet a R\u00f3m\u00e1ban \u00e9l\u0151 h\u00edveihez int\u00e9z. Nyilv\u00e1n az \u00fczenet engem is megsz\u00f3l\u00edt. Ennek l\u00e9nyege pedig, hogy mindazt, amit teszek \u00e9s cselekszem, csakis a szeretet jegy\u00e9ben szabad tennem. Merthogy v\u00e9gs\u0151 soron ez sz\u00e1m\u00edt! <\/em><\/span><\/p>\n<p><span style=\"color: #ff6600;\"><em>Az elhangz\u00f3 evang\u00e9liumi r\u00e9szb\u0151l, amely a testv\u00e9ri fedd\u00e9s mik\u00e9ntj\u00e9r\u0151l hallhatunk, egy mondatot szeretn\u00e9k kiemelni: &#8222;Ha ketten k\u00f6z\u00fcletek valamiben egyet\u00e9rtenek a f\u00f6ld\u00f6n \u00e9s \u00fagy k\u00e9rik, megkapj\u00e1k azt mennyei Aty\u00e1mt\u00f3l. Mert ahol ketten vagy h\u00e1rman \u00f6sszej\u00f6nnek az \u00e9n nevemben, ott vagyok k\u00f6z\u00f6tt\u00fck.\u201d\u00a0 Az egyet\u00e9rt\u00e9s fontoss\u00e1ga! A gyakorlatban ez pedig azt jelenti, hogy k\u00e9sz vagyok meghallgatni a m\u00e1sikat, odafigyelek r\u00e1. Mindezt pedig csak akkor fogom tudni megtenni, ha a magam \u00e9nj\u00e9b\u0151l siker\u00fcl feladnom egy r\u00e9szt. Amikor m\u00e1r nem ragaszkodom g\u00f6rcs\u00f6sen a magam v\u00e9lt vagy val\u00f3s igaz\u00e1hoz. Csakis ez teremti meg az es\u00e9lyt ahhoz, hogy v\u00e9g\u00fcl siker\u00fclj\u00f6n egyet\u00e9rteni m\u00e1sik testv\u00e9remmel. Nem m\u00e1s ez, mint az odafigyel\u00e9s m\u0171v\u00e9szete! Tanulni \u00e9s gyakorolni kell! Gy\u00fcm\u00f6lcse pedig v\u00e9gtelen\u00fcl gazdag! <\/em><\/span><\/p>\n<p><span style=\"color: #ff6600;\"><em>Tibor atya<\/em><\/span><\/p>\n<p><span style=\"color: #008000;\">Kezd\u0151\u00e9nek:<\/span><br \/>\nIgazs\u00e1gos vagy, Uram, \u00e9s igaz a te \u00edt\u00e9leted. B\u00e1nj szolg\u00e1ddal irgalmad szerint! (Zsolt 118,137.124)<\/p>\n<p><span style=\"color: #008000;\">K\u00f6ny\u00f6rg\u00e9s:<\/span><br \/>\nIsten\u00fcnk, te megv\u00e1ltott\u00e1l \u00e9s gyermekeidd\u00e9 fogadt\u00e1l benn\u00fcnket. Tekints j\u00f3s\u00e1gosan szeretett fiaidra, \u00e9s vezess el minket, Krisztusban h\u00edv\u0151ket az igazi szabads\u00e1gra \u00e9s a mennyei dics\u0151s\u00e9gbe. A mi Urunk, J\u00e9zus Krisztus, a te Fiad \u00e1ltal, aki veled \u00e9l \u00e9s uralkodik a Szentl\u00e9lekkel egys\u00e9gben, Isten mind\u00f6r\u00f6kk\u00f6n \u00f6r\u00f6kk\u00e9.<\/p>\n<p align=\"justify\"><span style=\"color: #008000;\">OLVASM\u00c1NY Ezekiel pr\u00f3f\u00e9ta k\u00f6nyv\u00e9b\u0151l (Ez 33,7-10)<\/span><br \/>\n<em>Ha nem teszel semmit, hogy az istentelent visszat\u00e9r\u00edtsd \u00fatj\u00e1r\u00f3l, v\u00e9r\u00e9t t\u0151led k\u00e9rem sz\u00e1mon.<\/em><br \/>\nAz \u00dar ezt a sz\u00f3zatot int\u00e9zte Ezekiel pr\u00f3f\u00e9t\u00e1hoz: \u201eEmberfia, \u0151rnek \u00e1ll\u00edtottalak Izrael h\u00e1za mell\u00e9, hogy halld sz\u00e1mb\u00f3l szavaimat \u00e9s k\u00f6zvet\u00edtsd \u00fczeneteimet. Ha azt mondom az istentelennek: \u00bbIstentelen, meg kell halnod,\u00ab \u00e9s te nem teszel semmit, hogy az istentelent visszat\u00e9r\u00edtsd \u00fatj\u00e1r\u00f3l, az istentelen meghal ugyan v\u00e9tke miatt, de v\u00e9r\u00e9t t\u0151led k\u00e9rem sz\u00e1mon. Ha ellenben meginted az istentelent, hogy hagyjon fel \u00e9letm\u00f3dj\u00e1val \u00e9s t\u00e9rjen meg, de nem t\u00e9r le \u00fatj\u00e1r\u00f3l, meghal ugyan gonoszs\u00e1ga miatt, de te megmented \u00e9letedet.\u201d<br \/>\nEz az Isten ig\u00e9je.<\/p>\n<p align=\"justify\">\n<span style=\"color: #008000;\">V\u00c1LASZOS ZSOLT\u00c1R (Zsolt 94,1-2.6-7.8-9)<\/span><br \/>\nV\u00e1lasz:\u00a0<strong>B\u00e1r hallgatn\u00e1tok ma Isten\u00a0<u>sza<\/u>v\u00e1ra: * \u201eN\u00e9pem, ne l\u00e9gy ke<u>m\u00e9ny<\/u>\u00a0sz\u00edv\u0171.\u201d<\/strong>\u00a0(2. t\u00f3nus.)<br \/>\nEl\u0151\u00e9nekes: J\u00f6jjetek, \u00f6rvendezz\u00fcnk az\u00a0<u>\u00dar<\/u>nak, * \u00e9s ujjongjunk \u00fcdv\u00fcnk szikl\u00e1<u>ja<\/u>\u00a0el\u0151tt.<br \/>\nDics\u0151\u00edt\u0151 \u00e9nekkel l\u00e9pj\u00fcnk sz\u00edne\u00a0<u>e<\/u>l\u00e9, * magasztaljuk \u0151t zsol<u>t\u00e1rt<\/u>\u00a0zengve.<br \/>\nH\u00edvek:\u00a0<strong>B\u00e1r hallgatn\u00e1tok ma Isten\u00a0<u>sza<\/u>v\u00e1ra: * \u201eN\u00e9pem, ne l\u00e9gy ke<u>m\u00e9ny<\/u>\u00a0sz\u00edv\u0171.\u201d<\/strong><br \/>\nE: J\u00f6jjetek, boruljunk le, h\u00f3doljunk\u00a0<u>e<\/u>l\u0151tte, * hulljunk t\u00e9rdre Urunk, Alko<u>t\u00f3nk<\/u>\u00a0el\u0151tt.<br \/>\nMert \u0151 a mi\u00a0<u>Is<\/u>ten\u00fcnk, * mi pedig az \u0151 n\u00e9pe, \u00e9s kez\u00e9re b\u00edzott\u00a0<u>ny\u00e1j<\/u>\u00a0vagyunk.<br \/>\nH:\u00a0<strong>B\u00e1r hallgatn\u00e1tok ma Isten\u00a0<u>sza<\/u>v\u00e1ra: * \u201eN\u00e9pem, ne l\u00e9gy ke<u>m\u00e9ny<\/u>\u00a0sz\u00edv\u0171.\u201d<\/strong><br \/>\nE: B\u00e1rcsak hallgatn\u00e1tok ma az \u0151\u00a0<u>sza<\/u>v\u00e1ra: * \u201eNe kem\u00e9ny\u00edts\u00e9tek meg sz\u00ed<u>ve<\/u>teket,<br \/>\nmint egykor Merib\u00e1n\u00e1l, Massza napj\u00e1n a pusz<u>t\u00e1<\/u>ban, \u2020 ahol aty\u00e1itok megk\u00eds\u00e9rtettek\u00a0<u>en<\/u>gem, * pr\u00f3b\u00e1ra tettek, b\u00e1r l\u00e1tt\u00e1k sz\u00e1mos\u00a0<u>cso<\/u>d\u00e1mat.\u201d<br \/>\nH:\u00a0<strong>B\u00e1r hallgatn\u00e1tok ma Isten\u00a0<u>sza<\/u>v\u00e1ra: * \u201eN\u00e9pem, ne l\u00e9gy ke<u>m\u00e9ny<\/u>\u00a0sz\u00edv\u0171.\u201d<\/strong><\/p>\n<p align=\"justify\"><span style=\"color: #008000;\">SZENTLECKE Szent P\u00e1l apostolnak a r\u00f3maiakhoz \u00edrt level\u00e9b\u0151l (R\u00f3m 13,8-10)<\/span><br \/>\n<em>A t\u00f6rv\u00e9ny teljess\u00e9ge a szeretet.<\/em><br \/>\nTestv\u00e9reim!<br \/>\nNe tartozzatok senkinek semmivel, csak k\u00f6lcs\u00f6n\u00f6s szeretettel! Mert aki a m\u00e1sikat szereti, teljes\u00edti a t\u00f6bbi parancsot is. Hiszen a parancsok: \u201eNe \u00f6lj, ne t\u00f6rj h\u00e1zass\u00e1got, ne lopj, a m\u00e1s\u00e9t ne k\u00edv\u00e1nd\u201d, \u00e9s ami egy\u00e9b parancs m\u00e9g van, ebben az egyben foglalhat\u00f3 \u00f6ssze: \u201eSzeresd felebar\u00e1todat, mint \u00f6nmagadat!\u201d<br \/>\nA szeretet nem tesz rosszat felebar\u00e1tj\u00e1nak, mert a t\u00f6rv\u00e9ny teljess\u00e9ge a szeretet.<br \/>\nEz az Isten ig\u00e9je.<\/p>\n<p align=\"justify\"><span style=\"color: #008000;\">ALLELUJA<\/span><br \/>\nIsten Krisztusban kiengesztel\u0151d\u00f6tt a vil\u00e1ggal, * \u00e9s r\u00e1nk b\u00edzta a kiengesztel\u0151d\u00e9s ig\u00e9j\u00e9t. 2Kor 5,19 \u2013 4g. t\u00f3nus.<\/p>\n<p align=\"justify\"><span style=\"color: #008000;\">\u2020 EVANG\u00c9LIUM Szent M\u00e1t\u00e9 k\u00f6nyv\u00e9b\u0151l (Mt 18,15-20)<\/span><br \/>\n<em>Ha hallgat r\u00e1d, megnyerted testv\u00e9redet.<\/em><br \/>\nAbban az id\u0151ben J\u00e9zus \u00edgy sz\u00f3lt apostolaihoz:<br \/>\n\u201eHa testv\u00e9red v\u00e9tkezik ellened, menj \u00e9s figyelmeztesd \u0151t n\u00e9gyszemk\u00f6zt. Ha hallgat r\u00e1d, megnyerted testv\u00e9redet. Ha azonban nem hallgat r\u00e1d, vigy\u00e9l magaddal egy vagy k\u00e9t t\u00e1rsat, hogy \u00bbkett\u0151nek a tan\u00fabizonys\u00e1ga vagy h\u00e1rom\u00e9 tan\u00fas\u00edtsa a dolgot. Ha r\u00e1juk sem hallgat, mondd meg a h\u00edvek k\u00f6z\u00f6ss\u00e9g\u00e9nek. Ha a h\u00edvek k\u00f6z\u00f6ss\u00e9g\u00e9re sem hallgat, vedd \u00fagy, mintha pog\u00e1ny volna vagy v\u00e1mos.<br \/>\nBizony mondom nektek: Amit megk\u00f6tt\u00f6k a f\u00f6ld\u00f6n, meg lesz k\u00f6tve a mennyben is; \u00e9s amit feloldotok a f\u00f6ld\u00f6n, fel lesz oldva a mennyben is. \u00c9s bizony mondom nektek: Ha ketten k\u00f6z\u00fcletek valamiben egyet\u00e9rtenek a f\u00f6ld\u00f6n \u00e9s \u00fagy k\u00e9rik, megkapj\u00e1k azt mennyei Aty\u00e1mt\u00f3l. Mert ahol ketten vagy h\u00e1rman \u00f6sszej\u00f6nnek az \u00e9n nevemben, ott vagyok k\u00f6z\u00f6tt\u00fck.\u201d<br \/>\nEzek az evang\u00e9lium ig\u00e9i.<\/p>\n<p><span style=\"color: #008000;\">EGYETEMES K\u00d6NY\u00d6RG\u00c9SEK<\/span><br \/>\nPap: Testv\u00e9reim! Isten a szeretet. Azt akarja, hogy mi is szeretetben \u00e9lj\u00fcnk. K\u00e9rj\u00fck t\u0151le ezt az aj\u00e1nd\u00e9kot.<br \/>\nLektor: 1. Add, Urunk, hogy Egyh\u00e1zad p\u00e1sztorai szeretetb\u0151l szolg\u00e1lj\u00e1k a r\u00e1juk b\u00edzottakat!<br \/>\nH\u00edvek: K\u00e9r\u00fcnk t\u00e9ged, hallgass meg minket!<br \/>\n2. Tartsd t\u00e1vol, Urunk, a n\u00e9pekt\u0151l a gy\u0171l\u00f6lk\u00f6d\u00e9s \u00e9s az irigys\u00e9g szellem\u00e9t, hogy b\u00e9k\u00e9ben \u00e9s egym\u00e1st seg\u00edtve \u00e9ljenek!<br \/>\nH\u00edvek: K\u00e9r\u00fcnk t\u00e9ged . . .<br \/>\n3. Seg\u00edtsd, Urunk, a sz\u00fcl\u0151ket, hogy t\u00fcrelemmel ints\u00e9k gyermekeiket, a gyermekek pedig k\u00e9szs\u00e9ggel fogadj\u00e1k az int\u0151 sz\u00f3t!<br \/>\nH\u00edvek: K\u00e9r\u00fcnk t\u00e9ged . . .<br \/>\n4. T\u00e1vol\u00edts el, Urunk egyh\u00e1zi k\u00f6z\u00f6ss\u00e9geink \u00e9let\u00e9b\u0151l minden visz\u00e1lyt \u00e9s p\u00e1rtoskod\u00e1st!<br \/>\nH\u00edvek: K\u00e9r\u00fcnk t\u00e9ged . . .<br \/>\n5. Add, Urunk, hogy seg\u00edts\u00e9gre szorul\u00f3 embert\u00e1rsaink a mi szeretet\u00fcnk \u00e1ltal tapasztalj\u00e1k meg a te j\u00f3s\u00e1godat!<br \/>\nH\u00edvek: K\u00e9r\u00fcnk t\u00e9ged . . .<br \/>\nPap: Isten\u00fcnk! Add kegyelmedet, hogy egym\u00e1st testv\u00e9ri szeretettel seg\u00edtve eljussunk hozz\u00e1d, k\u00f6z\u00f6s Aty\u00e1nkhoz! Krisztus, a mi Urunk \u00e1ltal.<br \/>\nH\u00edvek: \u00c1men.<\/p>\n<p><span style=\"color: #008000;\">Felaj\u00e1nl\u00f3 k\u00f6ny\u00f6rg\u00e9s:<\/span><br \/>\nIsten\u00fcnk, \u0151szinte odaad\u00e1s \u00e9s b\u00e9kess\u00e9g szerz\u0151je, add, hogy ezzel az \u00e1ldozati adom\u00e1nnyal m\u00e9lt\u00f3k\u00e9ppen tisztelj\u00fck F\u00f6ls\u00e9gedet, s a szent \u00e1ldozatban val\u00f3 r\u00e9szesed\u00e9s forrassza eggy\u00e9 sz\u00edv\u00fcnket. Krisztus, a mi Urunk \u00e1ltal.<\/p>\n<p><span style=\"color: #008000;\">Pref\u00e1ci\u00f3:<\/span><br \/>\nMert val\u00f3ban m\u00e9lt\u00f3 \u00e9s igazs\u00e1gos, ill\u0151 \u00e9s \u00fcdv\u00f6s, hogy mindig \u00e9s minden\u00fctt h\u00e1l\u00e1t adjunk n\u00e9ked, mi Urunk, szents\u00e9ges Aty\u00e1nk, mindenhat\u00f3, \u00f6r\u00f6k Isten:<br \/>\nMert \u00fagy szeretted a vil\u00e1got, irgalmas Isten\u00fcnk, hogy olyan Megv\u00e1lt\u00f3t k\u00fcldt\u00e9l n\u00e9k\u00fcnk, ki akaratod szerint hozz\u00e1nk hasonl\u00f3an \u00e9lt a F\u00f6ld\u00f6n, de minden b\u0171n n\u00e9lk\u00fcl.<br \/>\nAz \u0151 engedelmess\u00e9ge miatt kaptuk vissza t\u0151led, amit elvesztett\u00fcnk az engedetlens\u00e9g b\u0171ne \u00e1ltal; hogy azt szerethesd benn\u00fcnk, amit Fiadban kedvelt\u00e9l.<br \/>\n\u00c9s ez\u00e9rt mi is, az \u00f6sszes angyallal \u00e9s szenttel egy\u00fctt, Urunknak vallunk T\u00e9ged, \u00e9s ujjongva zengj\u00fck:<\/p>\n<p>\u00c1ldoz\u00e1si \u00e9nek:<br \/>\nAmint k\u00edv\u00e1nkozik a szarvas a forr\u00e1s viz\u00e9re, \u00fagy k\u00edv\u00e1nkozik a lelkem ut\u00e1nad, Istenem. Istent szomjazza a lelkem, az \u00e9l\u0151 Istent. (V\u00f6. Zsolt 41,2-3)<br \/>\n<span style=\"color: #008000;\"><em>vagy<\/em><\/span><br \/>\n\u00c9n vagyok a vil\u00e1g vil\u00e1goss\u00e1ga &#8211; mondja az \u00dar. Aki k\u00f6vet, nem j\u00e1r t\u00f6bb\u00e9 s\u00f6t\u00e9ts\u00e9gben, hanem \u00f6v\u00e9 lesz az \u00e9let vil\u00e1goss\u00e1ga. (Jn 8,12)<\/p>\n<p><span style=\"color: #008000;\">\u00c1ldoz\u00e1s ut\u00e1ni k\u00f6ny\u00f6rg\u00e9s:<\/span><br \/>\nIsten\u00fcnk, te ig\u00e9ddel \u00e9lteted \u00e9s szents\u00e9gednek mennyei kenyer\u00e9vel t\u00e1pl\u00e1lod h\u00edveidet. Add, hogy szeretett Fiadnak ezek az aj\u00e1nd\u00e9kai er\u0151s\u00edtsenek minket, \u00e9s \u00edgy \u00e9let\u00e9nek mindig r\u00e9szeseiv\u00e9 legy\u00fcnk. Aki veled \u00e9l \u00e9s uralkodik mind\u00f6r\u00f6kk\u00f6n \u00f6r\u00f6kk\u00e9.<\/p>\n<p><em>(K\u00e9p forr\u00e1sa: N\u00e9meti Gergely)<\/em><\/p>\n","protected":false},"excerpt":{"rendered":"<p>A szentmise els\u0151 k\u00f6ny\u00f6rg\u00e9s\u00e9ben az igaz szabads\u00e1g aj\u00e1nd\u00e9k\u00e1\u00e9rt im\u00e1dkoztunk. Nagy k\u00e9rd\u00e9se az emberis\u00e9gnek, hogy val\u00f3ban szabad-e az akaratom, val\u00f3ban szabad vagyok-e, amikor d\u00f6nt\u00e9seket hozok. Sokat hangs\u00falyozz\u00e1k az ut\u00f3bbi id\u0151ben az egy\u00e9ni szabads\u00e1g fontoss\u00e1g\u00e1t. Ennek a szabads\u00e1gnak k\u00e9t ir\u00e1nya van. Egyr\u00e9szt, ezt birtokolva, menek\u00fclni lehet a hagyom\u00e1nyok, a szok\u00e1sok, a k\u00f6t\u00f6tts\u00e9gek el\u0151l. M\u00e1sr\u00e9szt, a szabads\u00e1g nev\u00e9ben, sokf\u00e9le sz\u00f6rny\u0171s\u00e9get is megtett m\u00e1r az emberis\u00e9g, \u00e9s tesz ma is. Tal\u00e1n nem is v\u00e9letlen, hogy igaz szabads\u00e1g\u00e9rt im\u00e1dkozunk ma. Az igaz szabads\u00e1g\u00e9rt, amit az Egyh\u00e1z mindig is v\u00e9dett, s mindig k\u00fcl\u00f6n\u00f6sen hangs\u00falyozza a szabad akaratot is, amely minden ember saj\u00e1tja, \u00e9s ami igaz\u00e1n felel\u0151s emberr\u00e9 tesz benn\u00fcnket. Nagyon j\u00f3l tudja az Egyh\u00e1z, hogy a szabads\u00e1g \u00f3ri\u00e1si \u00e9rt\u00e9k, ugyanakkor komoly fegyver is; \u00e9ltet\u0151 er\u0151, de rombolni is tud. Gondolj csak bele, Isten, aki saj\u00e1t k\u00e9p\u00e9re \u00e9s hasonlatoss\u00e1g\u00e1ra teremtett engem, megaj\u00e1nd\u00e9kozott a bens\u0151 szabads\u00e1g\u00e1val. A pannonhalmi barokk eb\u00e9dl\u0151ben egy kis k\u00e9pen egy abroncsait ledobott, haszn\u00e1lhatatlan boroshord\u00f3t l\u00e1tunk. Rajta a felirat: Libertate perit \u2013 A szabads\u00e1ga tette. A szabads\u00e1gunk felel\u0151ss\u00e9ge, hogy az \u00e9letet vagy a hal\u00e1lt v\u00e1lasztjuk-e. A d\u00f6nt\u00e9seink el\u0151tt \u00e9rdemes komolyan elgondolkodnunk a k\u00f6vetkezm\u00e9nyekr\u0151l, a hossz\u00fa t\u00e1v\u00faakr\u00f3l is. Hajlamosak vagyunk a pillanatnyi \u00e9rz\u00e9seink alapj\u00e1n d\u00f6nteni, \u00e9s egyre r\u00f6videbb t\u00e1vokban gondolkodni, pedig j\u00f3 lenne el\u0151re tekinteni. Err\u0151l a felel\u0151ss\u00e9gr\u0151l sz\u00f3l a mai els\u0151 olvasm\u00e1ny \u00fczenete is. A j\u00f3 Isten mindannyiunkat \u0151rnek \u00e1ll\u00edtott. Hatalmas megtiszteltet\u00e9s \u00e9s felel\u0151ss\u00e9g ez mindenki sz\u00e1m\u00e1ra. \u00c9lek, avagy vissza\u00e9lek a magam egy\u00e9ni felel\u0151ss\u00e9g\u00e9vel?\u00a0 Szabads\u00e1gban \u00e9s szabadon meg\u00e9lt felel\u0151ss\u00e9g! Megsz\u00edvlelend\u0151 Szent P\u00e1l apostol buzd\u00edt\u00e1sa, melyet a R\u00f3m\u00e1ban \u00e9l\u0151 h\u00edveihez int\u00e9z. Nyilv\u00e1n az \u00fczenet engem is megsz\u00f3l\u00edt. Ennek l\u00e9nyege pedig, hogy mindazt, amit teszek \u00e9s cselekszem, csakis a szeretet jegy\u00e9ben szabad tennem. Merthogy v\u00e9gs\u0151 soron ez sz\u00e1m\u00edt! Az elhangz\u00f3 evang\u00e9liumi r\u00e9szb\u0151l, amely a testv\u00e9ri fedd\u00e9s mik\u00e9ntj\u00e9r\u0151l hallhatunk, egy mondatot szeretn\u00e9k kiemelni: &#8222;Ha ketten k\u00f6z\u00fcletek valamiben egyet\u00e9rtenek a f\u00f6ld\u00f6n \u00e9s \u00fagy k\u00e9rik, megkapj\u00e1k azt mennyei Aty\u00e1mt\u00f3l. Mert&#8230; <\/p>\n<p><a class=\"readmore\" href=\"https:\/\/stuttgarti-katolikusok.de\/index.php\/evkoezi-23-vasarnap\/\">R\u00e9szletek<\/a><\/p>\n","protected":false},"author":3,"featured_media":27152,"comment_status":"closed","ping_status":"closed","sticky":false,"template":"","format":"standard","meta":{"footnotes":""},"categories":[85,63],"tags":[],"class_list":["post-33978","post","type-post","status-publish","format-standard","has-post-thumbnail","hentry","category-a-liturgia-olvasmanyai","category-vasarnapi-gondolatok"],"yoast_head":"<!-- This site is optimized with the Yoast SEO plugin v27.9 - https:\/\/yoast.com\/product\/yoast-seo-wordpress\/ -->\n<title>\u00c9vk\u00f6zi 23. vas\u00e1rnap - Stuttgarti Katolikusok<\/title>\n<meta name=\"robots\" content=\"index, follow, max-snippet:-1, max-image-preview:large, max-video-preview:-1\" \/>\n<link rel=\"canonical\" href=\"https:\/\/stuttgarti-katolikusok.de\/index.php\/evkoezi-23-vasarnap\/\" \/>\n<meta property=\"og:locale\" content=\"de_DE\" \/>\n<meta property=\"og:type\" content=\"article\" \/>\n<meta property=\"og:title\" content=\"\u00c9vk\u00f6zi 23. vas\u00e1rnap - Stuttgarti Katolikusok\" \/>\n<meta property=\"og:description\" content=\"A szentmise els\u0151 k\u00f6ny\u00f6rg\u00e9s\u00e9ben az igaz szabads\u00e1g aj\u00e1nd\u00e9k\u00e1\u00e9rt im\u00e1dkoztunk. Nagy k\u00e9rd\u00e9se az emberis\u00e9gnek, hogy val\u00f3ban szabad-e az akaratom, val\u00f3ban szabad vagyok-e, amikor d\u00f6nt\u00e9seket hozok. Sokat hangs\u00falyozz\u00e1k az ut\u00f3bbi id\u0151ben az egy\u00e9ni szabads\u00e1g fontoss\u00e1g\u00e1t. Ennek a szabads\u00e1gnak k\u00e9t ir\u00e1nya van. Egyr\u00e9szt, ezt birtokolva, menek\u00fclni lehet a hagyom\u00e1nyok, a szok\u00e1sok, a k\u00f6t\u00f6tts\u00e9gek el\u0151l. M\u00e1sr\u00e9szt, a szabads\u00e1g nev\u00e9ben, sokf\u00e9le sz\u00f6rny\u0171s\u00e9get is megtett m\u00e1r az emberis\u00e9g, \u00e9s tesz ma is. Tal\u00e1n nem is v\u00e9letlen, hogy igaz szabads\u00e1g\u00e9rt im\u00e1dkozunk ma. Az igaz szabads\u00e1g\u00e9rt, amit az Egyh\u00e1z mindig is v\u00e9dett, s mindig k\u00fcl\u00f6n\u00f6sen hangs\u00falyozza a szabad akaratot is, amely minden ember saj\u00e1tja, \u00e9s ami igaz\u00e1n felel\u0151s emberr\u00e9 tesz benn\u00fcnket. Nagyon j\u00f3l tudja az Egyh\u00e1z, hogy a szabads\u00e1g \u00f3ri\u00e1si \u00e9rt\u00e9k, ugyanakkor komoly fegyver is; \u00e9ltet\u0151 er\u0151, de rombolni is tud. Gondolj csak bele, Isten, aki saj\u00e1t k\u00e9p\u00e9re \u00e9s hasonlatoss\u00e1g\u00e1ra teremtett engem, megaj\u00e1nd\u00e9kozott a bens\u0151 szabads\u00e1g\u00e1val. A pannonhalmi barokk eb\u00e9dl\u0151ben egy kis k\u00e9pen egy abroncsait ledobott, haszn\u00e1lhatatlan boroshord\u00f3t l\u00e1tunk. Rajta a felirat: Libertate perit \u2013 A szabads\u00e1ga tette. A szabads\u00e1gunk felel\u0151ss\u00e9ge, hogy az \u00e9letet vagy a hal\u00e1lt v\u00e1lasztjuk-e. A d\u00f6nt\u00e9seink el\u0151tt \u00e9rdemes komolyan elgondolkodnunk a k\u00f6vetkezm\u00e9nyekr\u0151l, a hossz\u00fa t\u00e1v\u00faakr\u00f3l is. Hajlamosak vagyunk a pillanatnyi \u00e9rz\u00e9seink alapj\u00e1n d\u00f6nteni, \u00e9s egyre r\u00f6videbb t\u00e1vokban gondolkodni, pedig j\u00f3 lenne el\u0151re tekinteni. Err\u0151l a felel\u0151ss\u00e9gr\u0151l sz\u00f3l a mai els\u0151 olvasm\u00e1ny \u00fczenete is. A j\u00f3 Isten mindannyiunkat \u0151rnek \u00e1ll\u00edtott. Hatalmas megtiszteltet\u00e9s \u00e9s felel\u0151ss\u00e9g ez mindenki sz\u00e1m\u00e1ra. \u00c9lek, avagy vissza\u00e9lek a magam egy\u00e9ni felel\u0151ss\u00e9g\u00e9vel?\u00a0 Szabads\u00e1gban \u00e9s szabadon meg\u00e9lt felel\u0151ss\u00e9g! Megsz\u00edvlelend\u0151 Szent P\u00e1l apostol buzd\u00edt\u00e1sa, melyet a R\u00f3m\u00e1ban \u00e9l\u0151 h\u00edveihez int\u00e9z. Nyilv\u00e1n az \u00fczenet engem is megsz\u00f3l\u00edt. Ennek l\u00e9nyege pedig, hogy mindazt, amit teszek \u00e9s cselekszem, csakis a szeretet jegy\u00e9ben szabad tennem. Merthogy v\u00e9gs\u0151 soron ez sz\u00e1m\u00edt! Az elhangz\u00f3 evang\u00e9liumi r\u00e9szb\u0151l, amely a testv\u00e9ri fedd\u00e9s mik\u00e9ntj\u00e9r\u0151l hallhatunk, egy mondatot szeretn\u00e9k kiemelni: &#8222;Ha ketten k\u00f6z\u00fcletek valamiben egyet\u00e9rtenek a f\u00f6ld\u00f6n \u00e9s \u00fagy k\u00e9rik, megkapj\u00e1k azt mennyei Aty\u00e1mt\u00f3l. Mert... R\u00e9szletek\" \/>\n<meta property=\"og:url\" content=\"https:\/\/stuttgarti-katolikusok.de\/index.php\/evkoezi-23-vasarnap\/\" \/>\n<meta property=\"og:site_name\" content=\"Stuttgarti Katolikusok\" \/>\n<meta property=\"article:published_time\" content=\"2026-09-06T06:08:03+00:00\" \/>\n<meta property=\"og:image\" content=\"https:\/\/stuttgarti-katolikusok.de\/wp-content\/uploads\/2023\/09\/ng9.jpg\" \/>\n\t<meta property=\"og:image:width\" content=\"2048\" \/>\n\t<meta property=\"og:image:height\" content=\"1365\" \/>\n\t<meta property=\"og:image:type\" content=\"image\/jpeg\" \/>\n<meta name=\"author\" content=\"Tibor atya\" \/>\n<meta name=\"twitter:card\" content=\"summary_large_image\" \/>\n<meta name=\"twitter:label1\" content=\"Geschrieben von\" \/>\n\t<meta name=\"twitter:data1\" content=\"Tibor atya\" \/>\n\t<meta name=\"twitter:label2\" content=\"Gesch\u00e4tzte Lesezeit\" \/>\n\t<meta name=\"twitter:data2\" content=\"8\u00a0Minuten\" \/>\n<script type=\"application\/ld+json\" class=\"yoast-schema-graph\">{\"@context\":\"https:\\\/\\\/schema.org\",\"@graph\":[{\"@type\":\"Article\",\"@id\":\"https:\\\/\\\/stuttgarti-katolikusok.de\\\/index.php\\\/evkoezi-23-vasarnap\\\/#article\",\"isPartOf\":{\"@id\":\"https:\\\/\\\/stuttgarti-katolikusok.de\\\/index.php\\\/evkoezi-23-vasarnap\\\/\"},\"author\":{\"name\":\"Tibor atya\",\"@id\":\"https:\\\/\\\/stuttgarti-katolikusok.de\\\/#\\\/schema\\\/person\\\/2a6c4ce1be3e14601fffb7cbd7c933f1\"},\"headline\":\"\u00c9vk\u00f6zi 23. vas\u00e1rnap\",\"datePublished\":\"2026-09-06T06:08:03+00:00\",\"mainEntityOfPage\":{\"@id\":\"https:\\\/\\\/stuttgarti-katolikusok.de\\\/index.php\\\/evkoezi-23-vasarnap\\\/\"},\"wordCount\":1850,\"image\":{\"@id\":\"https:\\\/\\\/stuttgarti-katolikusok.de\\\/index.php\\\/evkoezi-23-vasarnap\\\/#primaryimage\"},\"thumbnailUrl\":\"https:\\\/\\\/stuttgarti-katolikusok.de\\\/wp-content\\\/uploads\\\/2023\\\/09\\\/ng9.jpg\",\"articleSection\":[\"A liturgia olvasm\u00e1nyai\",\"Vas\u00e1rnapi gondolatok\"],\"inLanguage\":\"de\"},{\"@type\":\"WebPage\",\"@id\":\"https:\\\/\\\/stuttgarti-katolikusok.de\\\/index.php\\\/evkoezi-23-vasarnap\\\/\",\"url\":\"https:\\\/\\\/stuttgarti-katolikusok.de\\\/index.php\\\/evkoezi-23-vasarnap\\\/\",\"name\":\"\u00c9vk\u00f6zi 23. vas\u00e1rnap - Stuttgarti Katolikusok\",\"isPartOf\":{\"@id\":\"https:\\\/\\\/stuttgarti-katolikusok.de\\\/#website\"},\"primaryImageOfPage\":{\"@id\":\"https:\\\/\\\/stuttgarti-katolikusok.de\\\/index.php\\\/evkoezi-23-vasarnap\\\/#primaryimage\"},\"image\":{\"@id\":\"https:\\\/\\\/stuttgarti-katolikusok.de\\\/index.php\\\/evkoezi-23-vasarnap\\\/#primaryimage\"},\"thumbnailUrl\":\"https:\\\/\\\/stuttgarti-katolikusok.de\\\/wp-content\\\/uploads\\\/2023\\\/09\\\/ng9.jpg\",\"datePublished\":\"2026-09-06T06:08:03+00:00\",\"author\":{\"@id\":\"https:\\\/\\\/stuttgarti-katolikusok.de\\\/#\\\/schema\\\/person\\\/2a6c4ce1be3e14601fffb7cbd7c933f1\"},\"breadcrumb\":{\"@id\":\"https:\\\/\\\/stuttgarti-katolikusok.de\\\/index.php\\\/evkoezi-23-vasarnap\\\/#breadcrumb\"},\"inLanguage\":\"de\",\"potentialAction\":[{\"@type\":\"ReadAction\",\"target\":[\"https:\\\/\\\/stuttgarti-katolikusok.de\\\/index.php\\\/evkoezi-23-vasarnap\\\/\"]}]},{\"@type\":\"ImageObject\",\"inLanguage\":\"de\",\"@id\":\"https:\\\/\\\/stuttgarti-katolikusok.de\\\/index.php\\\/evkoezi-23-vasarnap\\\/#primaryimage\",\"url\":\"https:\\\/\\\/stuttgarti-katolikusok.de\\\/wp-content\\\/uploads\\\/2023\\\/09\\\/ng9.jpg\",\"contentUrl\":\"https:\\\/\\\/stuttgarti-katolikusok.de\\\/wp-content\\\/uploads\\\/2023\\\/09\\\/ng9.jpg\",\"width\":2048,\"height\":1365},{\"@type\":\"BreadcrumbList\",\"@id\":\"https:\\\/\\\/stuttgarti-katolikusok.de\\\/index.php\\\/evkoezi-23-vasarnap\\\/#breadcrumb\",\"itemListElement\":[{\"@type\":\"ListItem\",\"position\":1,\"name\":\"Kezd\u0151lap\",\"item\":\"https:\\\/\\\/stuttgarti-katolikusok.de\\\/\"},{\"@type\":\"ListItem\",\"position\":2,\"name\":\"\u00c9vk\u00f6zi 23. vas\u00e1rnap\"}]},{\"@type\":\"WebSite\",\"@id\":\"https:\\\/\\\/stuttgarti-katolikusok.de\\\/#website\",\"url\":\"https:\\\/\\\/stuttgarti-katolikusok.de\\\/\",\"name\":\"Stuttgarti Katolikusok\",\"description\":\"\",\"potentialAction\":[{\"@type\":\"SearchAction\",\"target\":{\"@type\":\"EntryPoint\",\"urlTemplate\":\"https:\\\/\\\/stuttgarti-katolikusok.de\\\/?s={search_term_string}\"},\"query-input\":{\"@type\":\"PropertyValueSpecification\",\"valueRequired\":true,\"valueName\":\"search_term_string\"}}],\"inLanguage\":\"de\"},{\"@type\":\"Person\",\"@id\":\"https:\\\/\\\/stuttgarti-katolikusok.de\\\/#\\\/schema\\\/person\\\/2a6c4ce1be3e14601fffb7cbd7c933f1\",\"name\":\"Tibor atya\",\"image\":{\"@type\":\"ImageObject\",\"inLanguage\":\"de\",\"@id\":\"https:\\\/\\\/secure.gravatar.com\\\/avatar\\\/61d268e57d1f4525b111222e29d2d5a7f8c420fdbf231ba5566a8ceac74fa960?s=96&d=mm&r=g\",\"url\":\"https:\\\/\\\/secure.gravatar.com\\\/avatar\\\/61d268e57d1f4525b111222e29d2d5a7f8c420fdbf231ba5566a8ceac74fa960?s=96&d=mm&r=g\",\"contentUrl\":\"https:\\\/\\\/secure.gravatar.com\\\/avatar\\\/61d268e57d1f4525b111222e29d2d5a7f8c420fdbf231ba5566a8ceac74fa960?s=96&d=mm&r=g\",\"caption\":\"Tibor atya\"},\"url\":\"https:\\\/\\\/stuttgarti-katolikusok.de\\\/index.php\\\/author\\\/tibor-atya\\\/\"}]}<\/script>\n<!-- \/ Yoast SEO plugin. -->","yoast_head_json":{"title":"\u00c9vk\u00f6zi 23. vas\u00e1rnap - Stuttgarti Katolikusok","robots":{"index":"index","follow":"follow","max-snippet":"max-snippet:-1","max-image-preview":"max-image-preview:large","max-video-preview":"max-video-preview:-1"},"canonical":"https:\/\/stuttgarti-katolikusok.de\/index.php\/evkoezi-23-vasarnap\/","og_locale":"de_DE","og_type":"article","og_title":"\u00c9vk\u00f6zi 23. vas\u00e1rnap - Stuttgarti Katolikusok","og_description":"A szentmise els\u0151 k\u00f6ny\u00f6rg\u00e9s\u00e9ben az igaz szabads\u00e1g aj\u00e1nd\u00e9k\u00e1\u00e9rt im\u00e1dkoztunk. Nagy k\u00e9rd\u00e9se az emberis\u00e9gnek, hogy val\u00f3ban szabad-e az akaratom, val\u00f3ban szabad vagyok-e, amikor d\u00f6nt\u00e9seket hozok. Sokat hangs\u00falyozz\u00e1k az ut\u00f3bbi id\u0151ben az egy\u00e9ni szabads\u00e1g fontoss\u00e1g\u00e1t. Ennek a szabads\u00e1gnak k\u00e9t ir\u00e1nya van. Egyr\u00e9szt, ezt birtokolva, menek\u00fclni lehet a hagyom\u00e1nyok, a szok\u00e1sok, a k\u00f6t\u00f6tts\u00e9gek el\u0151l. M\u00e1sr\u00e9szt, a szabads\u00e1g nev\u00e9ben, sokf\u00e9le sz\u00f6rny\u0171s\u00e9get is megtett m\u00e1r az emberis\u00e9g, \u00e9s tesz ma is. Tal\u00e1n nem is v\u00e9letlen, hogy igaz szabads\u00e1g\u00e9rt im\u00e1dkozunk ma. Az igaz szabads\u00e1g\u00e9rt, amit az Egyh\u00e1z mindig is v\u00e9dett, s mindig k\u00fcl\u00f6n\u00f6sen hangs\u00falyozza a szabad akaratot is, amely minden ember saj\u00e1tja, \u00e9s ami igaz\u00e1n felel\u0151s emberr\u00e9 tesz benn\u00fcnket. Nagyon j\u00f3l tudja az Egyh\u00e1z, hogy a szabads\u00e1g \u00f3ri\u00e1si \u00e9rt\u00e9k, ugyanakkor komoly fegyver is; \u00e9ltet\u0151 er\u0151, de rombolni is tud. Gondolj csak bele, Isten, aki saj\u00e1t k\u00e9p\u00e9re \u00e9s hasonlatoss\u00e1g\u00e1ra teremtett engem, megaj\u00e1nd\u00e9kozott a bens\u0151 szabads\u00e1g\u00e1val. A pannonhalmi barokk eb\u00e9dl\u0151ben egy kis k\u00e9pen egy abroncsait ledobott, haszn\u00e1lhatatlan boroshord\u00f3t l\u00e1tunk. Rajta a felirat: Libertate perit \u2013 A szabads\u00e1ga tette. A szabads\u00e1gunk felel\u0151ss\u00e9ge, hogy az \u00e9letet vagy a hal\u00e1lt v\u00e1lasztjuk-e. A d\u00f6nt\u00e9seink el\u0151tt \u00e9rdemes komolyan elgondolkodnunk a k\u00f6vetkezm\u00e9nyekr\u0151l, a hossz\u00fa t\u00e1v\u00faakr\u00f3l is. Hajlamosak vagyunk a pillanatnyi \u00e9rz\u00e9seink alapj\u00e1n d\u00f6nteni, \u00e9s egyre r\u00f6videbb t\u00e1vokban gondolkodni, pedig j\u00f3 lenne el\u0151re tekinteni. Err\u0151l a felel\u0151ss\u00e9gr\u0151l sz\u00f3l a mai els\u0151 olvasm\u00e1ny \u00fczenete is. A j\u00f3 Isten mindannyiunkat \u0151rnek \u00e1ll\u00edtott. Hatalmas megtiszteltet\u00e9s \u00e9s felel\u0151ss\u00e9g ez mindenki sz\u00e1m\u00e1ra. \u00c9lek, avagy vissza\u00e9lek a magam egy\u00e9ni felel\u0151ss\u00e9g\u00e9vel?\u00a0 Szabads\u00e1gban \u00e9s szabadon meg\u00e9lt felel\u0151ss\u00e9g! Megsz\u00edvlelend\u0151 Szent P\u00e1l apostol buzd\u00edt\u00e1sa, melyet a R\u00f3m\u00e1ban \u00e9l\u0151 h\u00edveihez int\u00e9z. Nyilv\u00e1n az \u00fczenet engem is megsz\u00f3l\u00edt. Ennek l\u00e9nyege pedig, hogy mindazt, amit teszek \u00e9s cselekszem, csakis a szeretet jegy\u00e9ben szabad tennem. Merthogy v\u00e9gs\u0151 soron ez sz\u00e1m\u00edt! Az elhangz\u00f3 evang\u00e9liumi r\u00e9szb\u0151l, amely a testv\u00e9ri fedd\u00e9s mik\u00e9ntj\u00e9r\u0151l hallhatunk, egy mondatot szeretn\u00e9k kiemelni: &#8222;Ha ketten k\u00f6z\u00fcletek valamiben egyet\u00e9rtenek a f\u00f6ld\u00f6n \u00e9s \u00fagy k\u00e9rik, megkapj\u00e1k azt mennyei Aty\u00e1mt\u00f3l. Mert... R\u00e9szletek","og_url":"https:\/\/stuttgarti-katolikusok.de\/index.php\/evkoezi-23-vasarnap\/","og_site_name":"Stuttgarti Katolikusok","article_published_time":"2026-09-06T06:08:03+00:00","og_image":[{"width":2048,"height":1365,"url":"https:\/\/stuttgarti-katolikusok.de\/wp-content\/uploads\/2023\/09\/ng9.jpg","type":"image\/jpeg"}],"author":"Tibor atya","twitter_card":"summary_large_image","twitter_misc":{"Geschrieben von":"Tibor atya","Gesch\u00e4tzte Lesezeit":"8\u00a0Minuten"},"schema":{"@context":"https:\/\/schema.org","@graph":[{"@type":"Article","@id":"https:\/\/stuttgarti-katolikusok.de\/index.php\/evkoezi-23-vasarnap\/#article","isPartOf":{"@id":"https:\/\/stuttgarti-katolikusok.de\/index.php\/evkoezi-23-vasarnap\/"},"author":{"name":"Tibor atya","@id":"https:\/\/stuttgarti-katolikusok.de\/#\/schema\/person\/2a6c4ce1be3e14601fffb7cbd7c933f1"},"headline":"\u00c9vk\u00f6zi 23. vas\u00e1rnap","datePublished":"2026-09-06T06:08:03+00:00","mainEntityOfPage":{"@id":"https:\/\/stuttgarti-katolikusok.de\/index.php\/evkoezi-23-vasarnap\/"},"wordCount":1850,"image":{"@id":"https:\/\/stuttgarti-katolikusok.de\/index.php\/evkoezi-23-vasarnap\/#primaryimage"},"thumbnailUrl":"https:\/\/stuttgarti-katolikusok.de\/wp-content\/uploads\/2023\/09\/ng9.jpg","articleSection":["A liturgia olvasm\u00e1nyai","Vas\u00e1rnapi gondolatok"],"inLanguage":"de"},{"@type":"WebPage","@id":"https:\/\/stuttgarti-katolikusok.de\/index.php\/evkoezi-23-vasarnap\/","url":"https:\/\/stuttgarti-katolikusok.de\/index.php\/evkoezi-23-vasarnap\/","name":"\u00c9vk\u00f6zi 23. vas\u00e1rnap - Stuttgarti Katolikusok","isPartOf":{"@id":"https:\/\/stuttgarti-katolikusok.de\/#website"},"primaryImageOfPage":{"@id":"https:\/\/stuttgarti-katolikusok.de\/index.php\/evkoezi-23-vasarnap\/#primaryimage"},"image":{"@id":"https:\/\/stuttgarti-katolikusok.de\/index.php\/evkoezi-23-vasarnap\/#primaryimage"},"thumbnailUrl":"https:\/\/stuttgarti-katolikusok.de\/wp-content\/uploads\/2023\/09\/ng9.jpg","datePublished":"2026-09-06T06:08:03+00:00","author":{"@id":"https:\/\/stuttgarti-katolikusok.de\/#\/schema\/person\/2a6c4ce1be3e14601fffb7cbd7c933f1"},"breadcrumb":{"@id":"https:\/\/stuttgarti-katolikusok.de\/index.php\/evkoezi-23-vasarnap\/#breadcrumb"},"inLanguage":"de","potentialAction":[{"@type":"ReadAction","target":["https:\/\/stuttgarti-katolikusok.de\/index.php\/evkoezi-23-vasarnap\/"]}]},{"@type":"ImageObject","inLanguage":"de","@id":"https:\/\/stuttgarti-katolikusok.de\/index.php\/evkoezi-23-vasarnap\/#primaryimage","url":"https:\/\/stuttgarti-katolikusok.de\/wp-content\/uploads\/2023\/09\/ng9.jpg","contentUrl":"https:\/\/stuttgarti-katolikusok.de\/wp-content\/uploads\/2023\/09\/ng9.jpg","width":2048,"height":1365},{"@type":"BreadcrumbList","@id":"https:\/\/stuttgarti-katolikusok.de\/index.php\/evkoezi-23-vasarnap\/#breadcrumb","itemListElement":[{"@type":"ListItem","position":1,"name":"Kezd\u0151lap","item":"https:\/\/stuttgarti-katolikusok.de\/"},{"@type":"ListItem","position":2,"name":"\u00c9vk\u00f6zi 23. vas\u00e1rnap"}]},{"@type":"WebSite","@id":"https:\/\/stuttgarti-katolikusok.de\/#website","url":"https:\/\/stuttgarti-katolikusok.de\/","name":"Stuttgarti Katolikusok","description":"","potentialAction":[{"@type":"SearchAction","target":{"@type":"EntryPoint","urlTemplate":"https:\/\/stuttgarti-katolikusok.de\/?s={search_term_string}"},"query-input":{"@type":"PropertyValueSpecification","valueRequired":true,"valueName":"search_term_string"}}],"inLanguage":"de"},{"@type":"Person","@id":"https:\/\/stuttgarti-katolikusok.de\/#\/schema\/person\/2a6c4ce1be3e14601fffb7cbd7c933f1","name":"Tibor atya","image":{"@type":"ImageObject","inLanguage":"de","@id":"https:\/\/secure.gravatar.com\/avatar\/61d268e57d1f4525b111222e29d2d5a7f8c420fdbf231ba5566a8ceac74fa960?s=96&d=mm&r=g","url":"https:\/\/secure.gravatar.com\/avatar\/61d268e57d1f4525b111222e29d2d5a7f8c420fdbf231ba5566a8ceac74fa960?s=96&d=mm&r=g","contentUrl":"https:\/\/secure.gravatar.com\/avatar\/61d268e57d1f4525b111222e29d2d5a7f8c420fdbf231ba5566a8ceac74fa960?s=96&d=mm&r=g","caption":"Tibor atya"},"url":"https:\/\/stuttgarti-katolikusok.de\/index.php\/author\/tibor-atya\/"}]}},"_links":{"self":[{"href":"https:\/\/stuttgarti-katolikusok.de\/index.php\/wp-json\/wp\/v2\/posts\/33978","targetHints":{"allow":["GET"]}}],"collection":[{"href":"https:\/\/stuttgarti-katolikusok.de\/index.php\/wp-json\/wp\/v2\/posts"}],"about":[{"href":"https:\/\/stuttgarti-katolikusok.de\/index.php\/wp-json\/wp\/v2\/types\/post"}],"author":[{"embeddable":true,"href":"https:\/\/stuttgarti-katolikusok.de\/index.php\/wp-json\/wp\/v2\/users\/3"}],"replies":[{"embeddable":true,"href":"https:\/\/stuttgarti-katolikusok.de\/index.php\/wp-json\/wp\/v2\/comments?post=33978"}],"version-history":[{"count":1,"href":"https:\/\/stuttgarti-katolikusok.de\/index.php\/wp-json\/wp\/v2\/posts\/33978\/revisions"}],"predecessor-version":[{"id":33979,"href":"https:\/\/stuttgarti-katolikusok.de\/index.php\/wp-json\/wp\/v2\/posts\/33978\/revisions\/33979"}],"wp:featuredmedia":[{"embeddable":true,"href":"https:\/\/stuttgarti-katolikusok.de\/index.php\/wp-json\/wp\/v2\/media\/27152"}],"wp:attachment":[{"href":"https:\/\/stuttgarti-katolikusok.de\/index.php\/wp-json\/wp\/v2\/media?parent=33978"}],"wp:term":[{"taxonomy":"category","embeddable":true,"href":"https:\/\/stuttgarti-katolikusok.de\/index.php\/wp-json\/wp\/v2\/categories?post=33978"},{"taxonomy":"post_tag","embeddable":true,"href":"https:\/\/stuttgarti-katolikusok.de\/index.php\/wp-json\/wp\/v2\/tags?post=33978"}],"curies":[{"name":"wp","href":"https:\/\/api.w.org\/{rel}","templated":true}]}}