{"id":33960,"date":"2026-08-31T16:08:50","date_gmt":"2026-08-31T14:08:50","guid":{"rendered":"https:\/\/stuttgarti-katolikusok.de\/?p=33960"},"modified":"2026-08-31T16:11:13","modified_gmt":"2026-08-31T14:11:13","slug":"2026-szeptember-1-es-6-koezoett","status":"publish","type":"post","link":"https:\/\/stuttgarti-katolikusok.de\/index.php\/2026-szeptember-1-es-6-koezoett\/","title":{"rendered":"2026. SZEPTEMBER 1 \u00c9S 6 K\u00d6Z\u00d6TT"},"content":{"rendered":"<p><span style=\"color: #ff6600;\"><strong>Programel\u0151zetes<\/strong><\/span><\/p>\n<p style=\"text-align: center;\"><strong><span style=\"color: #ff6600;\">*<\/span><\/strong><\/p>\n<p><strong>Szeptember 3-\u00e1n<\/strong>, cs\u00fct\u00f6rt\u00f6k\u00f6n, <em><strong>Weingarteni d\u00e9lut\u00e1n<\/strong><\/em><em>, <\/em>a <em>14 Nothelfer Kapelle-<\/em>ben 18.00 \u00f3rakor <em>szentmise<\/em><em>, <\/em>el\u0151tte <em>r\u00f3zsaf\u0171z\u00e9rt im\u00e1dkozunk. <\/em>Els\u0151cs\u00fct\u00f6rt\u00f6k l\u00e9v\u00e9n papjaink\u00e9rt \u00e9s papi hivat\u00e1sok\u00e9rt is im\u00e1dkozunk.<em>\u00a0<\/em><\/p>\n<p style=\"text-align: center;\"><span style=\"color: #008000;\"><strong>*<\/strong><\/span><\/p>\n<p><strong>Szeptember 4-\u00e9n,<\/strong>\u00a0p\u00e9nteken, <strong><em>Stuttgarti d\u00e9lut\u00e1n<\/em><\/strong><em>,<\/em> 18.00 \u00f3rakor<em> szentmise,<\/em>\u00a0el\u0151tte <em>r\u00f3zsaf\u00fcz\u00e9rt im\u00e1dkozunk. <\/em>Egyben els\u0151p\u00e9ntek, szentmise v\u00e9g\u00e9n <em>els\u0151p\u00e9nteki \u00e1jtatoss\u00e1g.<\/em><em>\u00a0<\/em><\/p>\n<p style=\"text-align: center;\"><span style=\"color: #008000;\"><strong>*<\/strong><\/span><\/p>\n<p style=\"text-align: center;\"><span style=\"color: #008000;\"><strong>\u00c9vk\u00f6zi 23. vas\u00e1rnap<\/strong><\/span><\/p>\n<p style=\"text-align: left;\"><strong>Szeptember 5-\u00e9n<\/strong>, szombaton, <strong>Balingenben<\/strong> 16.00 \u00f3rakor <em>szentmise,<\/em> ut\u00e1na <em>agap\u00e9. <\/em><\/p>\n<p style=\"text-align: center;\"><strong>\u00a0<\/strong><span style=\"color: #ff0000;\"><strong>*<\/strong><\/span><\/p>\n<p><strong>Szeptember 6-\u00e1n<\/strong>, vas\u00e1rnap,<strong>\u00a0Stuttgartban<em>, <\/em><\/strong><span style=\"color: #ff0000;\"><strong>Szent Gell\u00e9rt Egyh\u00e1zk\u00f6zs\u00e9g b\u00facs\u00faja \u00e9s b\u00e9rm\u00e1l\u00e1s<\/strong><\/span><\/p>\n<p><a href=\"https:\/\/stuttgarti-katolikusok.de\/wp-content\/uploads\/2026\/08\/szent-gellert-egyhazkozseg-2026-szeptember-6.jpeg\"><img loading=\"lazy\" decoding=\"async\" class=\"alignnone size-full wp-image-33963\" src=\"https:\/\/stuttgarti-katolikusok.de\/wp-content\/uploads\/2026\/08\/szent-gellert-egyhazkozseg-2026-szeptember-6.jpeg\" alt=\"\" width=\"1054\" height=\"1492\" srcset=\"https:\/\/stuttgarti-katolikusok.de\/wp-content\/uploads\/2026\/08\/szent-gellert-egyhazkozseg-2026-szeptember-6.jpeg 1054w, https:\/\/stuttgarti-katolikusok.de\/wp-content\/uploads\/2026\/08\/szent-gellert-egyhazkozseg-2026-szeptember-6-212x300.jpeg 212w, https:\/\/stuttgarti-katolikusok.de\/wp-content\/uploads\/2026\/08\/szent-gellert-egyhazkozseg-2026-szeptember-6-723x1024.jpeg 723w\" sizes=\"auto, (max-width: 1054px) 100vw, 1054px\" \/><\/a><\/p>\n<p><em>Gyermek-istentiszteletet <\/em>is tartunk. \u00c9telr\u0151l \u00e9s italr\u00f3l mi magunk gondoskodunk. S\u00fctem\u00e9nyeket (s\u00f3s \u00e9s \u00e9des) \u00f6r\u00f6mmel fogadunk.<\/p>\n<p style=\"text-align: center;\"><span style=\"color: #ff0000;\"><strong>*<\/strong><\/span><\/p>\n<p style=\"text-align: center;\"><a href=\"https:\/\/stuttgarti-katolikusok.de\/wp-content\/uploads\/2024\/09\/szent-gellert-w1-e1788183531390.jpg\"><img loading=\"lazy\" decoding=\"async\" class=\"wp-image-29325 size-full aligncenter\" src=\"https:\/\/stuttgarti-katolikusok.de\/wp-content\/uploads\/2024\/09\/szent-gellert-w1-e1788183610720.jpg\" alt=\"\" width=\"353\" height=\"488\" srcset=\"https:\/\/stuttgarti-katolikusok.de\/wp-content\/uploads\/2024\/09\/szent-gellert-w1-e1788183610720.jpg 353w, https:\/\/stuttgarti-katolikusok.de\/wp-content\/uploads\/2024\/09\/szent-gellert-w1-e1788183610720-217x300.jpg 217w\" sizes=\"auto, (max-width: 353px) 100vw, 353px\" \/><\/a><em>(R\u00e9szlet a Szent Gell\u00e9rt miseruh\u00e1b\u00f3l)<\/em><\/p>\n<p style=\"text-align: center;\"><span style=\"color: #ff0000;\"><strong>*<\/strong><\/span><\/p>\n<p><a href=\"https:\/\/stuttgarti-katolikusok.de\/wp-content\/uploads\/2024\/08\/soare-alice.jpg\"><img loading=\"lazy\" decoding=\"async\" class=\"alignnone size-full wp-image-29246\" src=\"https:\/\/stuttgarti-katolikusok.de\/wp-content\/uploads\/2024\/08\/soare-alice.jpg\" alt=\"\" width=\"2048\" height=\"1518\" srcset=\"https:\/\/stuttgarti-katolikusok.de\/wp-content\/uploads\/2024\/08\/soare-alice.jpg 2048w, https:\/\/stuttgarti-katolikusok.de\/wp-content\/uploads\/2024\/08\/soare-alice-300x222.jpg 300w, https:\/\/stuttgarti-katolikusok.de\/wp-content\/uploads\/2024\/08\/soare-alice-1024x759.jpg 1024w, https:\/\/stuttgarti-katolikusok.de\/wp-content\/uploads\/2024\/08\/soare-alice-1536x1139.jpg 1536w\" sizes=\"auto, (max-width: 2048px) 100vw, 2048px\" \/><\/a><\/p>\n<p style=\"text-align: center;\"><em>(K\u00e9p forr\u00e1sa: Soare Alice)<\/em><\/p>\n<p style=\"text-align: center;\"><span style=\"color: #008000;\"><strong>*<\/strong><\/span><\/p>\n<p style=\"text-align: left;\">Minden helyen mindenkit szeretettel v\u00e1r a k\u00f6z\u00f6ss\u00e9g \u00e9s Tibor atya!<\/p>\n<p style=\"text-align: center;\"><span style=\"color: #008000;\"><strong>*<\/strong><\/span><\/p>\n<p><span style=\"color: #008000;\"><strong><em>Bens\u0151s\u00e9ges \u0151szi napokat, j\u00f3 munk\u00e1t, tartalmas besz\u00e9lget\u00e9seket \u00e9s \u00f6r\u00f6mteli tal\u00e1lkoz\u00e1sokat k\u00edv\u00e1nunk minden Kedves H\u00edv\u00fcnknek!<\/em><\/strong><\/span><\/p>\n<p style=\"text-align: center;\"><span style=\"color: #008000;\"><strong>*<\/strong><\/span><\/p>\n<p><strong><span style=\"color: #ff6600;\">Sz\u00e9p Velence, \u0151si v\u00e1ros,<\/span><\/strong><\/p>\n<p><strong><span style=\"color: #ff6600;\">zengj az \u00darnak \u00e9neket.<\/span><\/strong><\/p>\n<p><strong><span style=\"color: #ff6600;\">Er\u00e9nyekben kiv\u00e1lts\u00e1gos,<\/span><\/strong><\/p>\n<p><strong><span style=\"color: #ff6600;\">Gondvisel\u00e9s van veled,<\/span><\/strong><\/p>\n<p><strong><span style=\"color: #ff6600;\">mert Gell\u00e9rtet a j\u00f3s\u00e1gos<\/span><\/strong><\/p>\n<p><strong><span style=\"color: #ff6600;\">Isten adta teneked.<\/span><\/strong><\/p>\n<p>&nbsp;<\/p>\n<p><strong><span style=\"color: #ff6600;\">S \u0151, az Isten v\u00e1lasztottja,<\/span><\/strong><\/p>\n<p><strong><span style=\"color: #ff6600;\">n\u00e9ki adja \u00f6nmag\u00e1t.<\/span><\/strong><\/p>\n<p><strong><span style=\"color: #ff6600;\">Lelke \u00fcdve lesz a gondja,<\/span><\/strong><\/p>\n<p><strong><span style=\"color: #ff6600;\">v\u00e1llalv\u00e1n a Regul\u00e1t,<\/span><\/strong><\/p>\n<p><strong><span style=\"color: #ff6600;\">f\u00f6ldi p\u00e1lya nem marasztja,<\/span><\/strong><\/p>\n<p><strong><span style=\"color: #ff6600;\">Krisztus \u00fatj\u00e1n megy tov\u00e1bb.<\/span><\/strong><\/p>\n<p>&nbsp;<\/p>\n<p><strong><span style=\"color: #ff6600;\">\u0150t e honban tiszteletben<\/span><\/strong><\/p>\n<p><strong><span style=\"color: #ff6600;\">r\u00e9szes\u00edtik, mint aty\u00e1t.<\/span><\/strong><\/p>\n<p><strong><span style=\"color: #ff6600;\">Hitet pl\u00e1nt\u00e1l, \u00e9s a mennyben<\/span><\/strong><\/p>\n<p><strong><span style=\"color: #ff6600;\">sokszorozza j\u00f3k had\u00e1t,<\/span><\/strong><\/p>\n<p><strong><span style=\"color: #ff6600;\">templomot rak, s mindenekben<\/span><\/strong><\/p>\n<p><strong><span style=\"color: #ff6600;\">csod\u00e1lj\u00e1k al\u00e1zat\u00e1t.<\/span><\/strong><\/p>\n<p>&nbsp;<\/p>\n<p><strong><span style=\"color: #ff6600;\">Legyen \u00e1ld\u00e1s \u00e9s im\u00e1dat<\/span><\/strong><\/p>\n<p><strong><span style=\"color: #ff6600;\">H\u00e1roms\u00e1g-egy Istennek,<\/span><\/strong><\/p>\n<p><strong><span style=\"color: #ff6600;\">az Aty\u00e1nak \u00e9s Fi\u00fanak<\/span><\/strong><\/p>\n<p><strong><span style=\"color: #ff6600;\">s vel\u00fck a Szentl\u00e9leknek,<\/span><\/strong><\/p>\n<p><strong><span style=\"color: #ff6600;\">ki a k\u00fczd\u0151knek er\u0151t ad,<\/span><\/strong><\/p>\n<p><strong><span style=\"color: #ff6600;\">hogy gy\u0151zelmet nyerjenek. \u00c1men.<\/span><\/strong><\/p>\n<p><em>(Himnusz Szent Gell\u00e9rt \u00fcnnep\u00e9re)<\/em><\/p>\n<p><em>(Nyit\u00f3k\u00e9p forr\u00e1sa: N\u00e9meti Gergely)<\/em><\/p>\n","protected":false},"excerpt":{"rendered":"<p>Programel\u0151zetes * Szeptember 3-\u00e1n, cs\u00fct\u00f6rt\u00f6k\u00f6n, Weingarteni d\u00e9lut\u00e1n, a 14 Nothelfer Kapelle-ben 18.00 \u00f3rakor szentmise, el\u0151tte r\u00f3zsaf\u0171z\u00e9rt im\u00e1dkozunk. Els\u0151cs\u00fct\u00f6rt\u00f6k l\u00e9v\u00e9n papjaink\u00e9rt \u00e9s papi hivat\u00e1sok\u00e9rt is im\u00e1dkozunk.\u00a0 * Szeptember 4-\u00e9n,\u00a0p\u00e9nteken, Stuttgarti d\u00e9lut\u00e1n, 18.00 \u00f3rakor szentmise,\u00a0el\u0151tte r\u00f3zsaf\u00fcz\u00e9rt im\u00e1dkozunk. Egyben els\u0151p\u00e9ntek, szentmise v\u00e9g\u00e9n els\u0151p\u00e9nteki \u00e1jtatoss\u00e1g.\u00a0 * \u00c9vk\u00f6zi 23. vas\u00e1rnap Szeptember 5-\u00e9n, szombaton, Balingenben 16.00 \u00f3rakor szentmise, ut\u00e1na agap\u00e9. \u00a0* Szeptember 6-\u00e1n, vas\u00e1rnap,\u00a0Stuttgartban, Szent Gell\u00e9rt Egyh\u00e1zk\u00f6zs\u00e9g b\u00facs\u00faja \u00e9s b\u00e9rm\u00e1l\u00e1s Gyermek-istentiszteletet is tartunk. \u00c9telr\u0151l \u00e9s italr\u00f3l mi magunk gondoskodunk. S\u00fctem\u00e9nyeket (s\u00f3s \u00e9s \u00e9des) \u00f6r\u00f6mmel fogadunk. * (R\u00e9szlet a Szent Gell\u00e9rt miseruh\u00e1b\u00f3l) * (K\u00e9p forr\u00e1sa: Soare Alice) * Minden helyen mindenkit szeretettel v\u00e1r a k\u00f6z\u00f6ss\u00e9g \u00e9s Tibor atya! * Bens\u0151s\u00e9ges \u0151szi napokat, j\u00f3 munk\u00e1t, tartalmas besz\u00e9lget\u00e9seket \u00e9s \u00f6r\u00f6mteli tal\u00e1lkoz\u00e1sokat k\u00edv\u00e1nunk minden Kedves H\u00edv\u00fcnknek! * Sz\u00e9p Velence, \u0151si v\u00e1ros, zengj az \u00darnak \u00e9neket. Er\u00e9nyekben kiv\u00e1lts\u00e1gos, Gondvisel\u00e9s van veled, mert Gell\u00e9rtet a j\u00f3s\u00e1gos Isten adta teneked. &nbsp; S \u0151, az Isten v\u00e1lasztottja, n\u00e9ki adja \u00f6nmag\u00e1t. Lelke \u00fcdve lesz a gondja, v\u00e1llalv\u00e1n a Regul\u00e1t, f\u00f6ldi p\u00e1lya nem marasztja, Krisztus \u00fatj\u00e1n megy tov\u00e1bb. &nbsp; \u0150t e honban tiszteletben r\u00e9szes\u00edtik, mint aty\u00e1t. Hitet pl\u00e1nt\u00e1l, \u00e9s a mennyben sokszorozza j\u00f3k had\u00e1t, templomot rak, s mindenekben csod\u00e1lj\u00e1k al\u00e1zat\u00e1t. &nbsp; Legyen \u00e1ld\u00e1s \u00e9s im\u00e1dat H\u00e1roms\u00e1g-egy Istennek, az Aty\u00e1nak \u00e9s Fi\u00fanak s vel\u00fck a Szentl\u00e9leknek, ki a k\u00fczd\u0151knek er\u0151t ad, hogy gy\u0151zelmet nyerjenek. \u00c1men. (Himnusz Szent Gell\u00e9rt \u00fcnnep\u00e9re) (Nyit\u00f3k\u00e9p forr\u00e1sa: N\u00e9meti Gergely)<\/p>\n","protected":false},"author":3,"featured_media":27107,"comment_status":"closed","ping_status":"closed","sticky":false,"template":"","format":"standard","meta":{"footnotes":""},"categories":[37],"tags":[],"class_list":["post-33960","post","type-post","status-publish","format-standard","has-post-thumbnail","hentry","category-progamelozetes"],"yoast_head":"<!-- This site is optimized with the Yoast SEO plugin v27.9 - https:\/\/yoast.com\/product\/yoast-seo-wordpress\/ -->\n<title>2026. SZEPTEMBER 1 \u00c9S 6 K\u00d6Z\u00d6TT - Stuttgarti Katolikusok<\/title>\n<meta name=\"robots\" content=\"index, follow, max-snippet:-1, max-image-preview:large, max-video-preview:-1\" \/>\n<link rel=\"canonical\" href=\"https:\/\/stuttgarti-katolikusok.de\/index.php\/2026-szeptember-1-es-6-koezoett\/\" \/>\n<meta property=\"og:locale\" content=\"de_DE\" \/>\n<meta property=\"og:type\" content=\"article\" \/>\n<meta property=\"og:title\" content=\"2026. SZEPTEMBER 1 \u00c9S 6 K\u00d6Z\u00d6TT - Stuttgarti Katolikusok\" \/>\n<meta property=\"og:description\" content=\"Programel\u0151zetes * Szeptember 3-\u00e1n, cs\u00fct\u00f6rt\u00f6k\u00f6n, Weingarteni d\u00e9lut\u00e1n, a 14 Nothelfer Kapelle-ben 18.00 \u00f3rakor szentmise, el\u0151tte r\u00f3zsaf\u0171z\u00e9rt im\u00e1dkozunk. Els\u0151cs\u00fct\u00f6rt\u00f6k l\u00e9v\u00e9n papjaink\u00e9rt \u00e9s papi hivat\u00e1sok\u00e9rt is im\u00e1dkozunk.\u00a0 * Szeptember 4-\u00e9n,\u00a0p\u00e9nteken, Stuttgarti d\u00e9lut\u00e1n, 18.00 \u00f3rakor szentmise,\u00a0el\u0151tte r\u00f3zsaf\u00fcz\u00e9rt im\u00e1dkozunk. Egyben els\u0151p\u00e9ntek, szentmise v\u00e9g\u00e9n els\u0151p\u00e9nteki \u00e1jtatoss\u00e1g.\u00a0 * \u00c9vk\u00f6zi 23. vas\u00e1rnap Szeptember 5-\u00e9n, szombaton, Balingenben 16.00 \u00f3rakor szentmise, ut\u00e1na agap\u00e9. \u00a0* Szeptember 6-\u00e1n, vas\u00e1rnap,\u00a0Stuttgartban, Szent Gell\u00e9rt Egyh\u00e1zk\u00f6zs\u00e9g b\u00facs\u00faja \u00e9s b\u00e9rm\u00e1l\u00e1s Gyermek-istentiszteletet is tartunk. \u00c9telr\u0151l \u00e9s italr\u00f3l mi magunk gondoskodunk. S\u00fctem\u00e9nyeket (s\u00f3s \u00e9s \u00e9des) \u00f6r\u00f6mmel fogadunk. * (R\u00e9szlet a Szent Gell\u00e9rt miseruh\u00e1b\u00f3l) * (K\u00e9p forr\u00e1sa: Soare Alice) * Minden helyen mindenkit szeretettel v\u00e1r a k\u00f6z\u00f6ss\u00e9g \u00e9s Tibor atya! * Bens\u0151s\u00e9ges \u0151szi napokat, j\u00f3 munk\u00e1t, tartalmas besz\u00e9lget\u00e9seket \u00e9s \u00f6r\u00f6mteli tal\u00e1lkoz\u00e1sokat k\u00edv\u00e1nunk minden Kedves H\u00edv\u00fcnknek! * Sz\u00e9p Velence, \u0151si v\u00e1ros, zengj az \u00darnak \u00e9neket. Er\u00e9nyekben kiv\u00e1lts\u00e1gos, Gondvisel\u00e9s van veled, mert Gell\u00e9rtet a j\u00f3s\u00e1gos Isten adta teneked. &nbsp; S \u0151, az Isten v\u00e1lasztottja, n\u00e9ki adja \u00f6nmag\u00e1t. Lelke \u00fcdve lesz a gondja, v\u00e1llalv\u00e1n a Regul\u00e1t, f\u00f6ldi p\u00e1lya nem marasztja, Krisztus \u00fatj\u00e1n megy tov\u00e1bb. &nbsp; \u0150t e honban tiszteletben r\u00e9szes\u00edtik, mint aty\u00e1t. Hitet pl\u00e1nt\u00e1l, \u00e9s a mennyben sokszorozza j\u00f3k had\u00e1t, templomot rak, s mindenekben csod\u00e1lj\u00e1k al\u00e1zat\u00e1t. &nbsp; Legyen \u00e1ld\u00e1s \u00e9s im\u00e1dat H\u00e1roms\u00e1g-egy Istennek, az Aty\u00e1nak \u00e9s Fi\u00fanak s vel\u00fck a Szentl\u00e9leknek, ki a k\u00fczd\u0151knek er\u0151t ad, hogy gy\u0151zelmet nyerjenek. \u00c1men. (Himnusz Szent Gell\u00e9rt \u00fcnnep\u00e9re) (Nyit\u00f3k\u00e9p forr\u00e1sa: N\u00e9meti Gergely)\" \/>\n<meta property=\"og:url\" content=\"https:\/\/stuttgarti-katolikusok.de\/index.php\/2026-szeptember-1-es-6-koezoett\/\" \/>\n<meta property=\"og:site_name\" content=\"Stuttgarti Katolikusok\" \/>\n<meta property=\"article:published_time\" content=\"2026-08-31T14:08:50+00:00\" \/>\n<meta property=\"article:modified_time\" content=\"2026-08-31T14:11:13+00:00\" \/>\n<meta property=\"og:image\" content=\"https:\/\/stuttgarti-katolikusok.de\/wp-content\/uploads\/2023\/08\/ng5.jpg\" \/>\n\t<meta property=\"og:image:width\" content=\"2048\" \/>\n\t<meta property=\"og:image:height\" content=\"1365\" \/>\n\t<meta property=\"og:image:type\" content=\"image\/jpeg\" \/>\n<meta name=\"author\" content=\"Tibor atya\" \/>\n<meta name=\"twitter:card\" content=\"summary_large_image\" \/>\n<meta name=\"twitter:label1\" content=\"Geschrieben von\" \/>\n\t<meta name=\"twitter:data1\" content=\"Tibor atya\" \/>\n\t<meta name=\"twitter:label2\" content=\"Gesch\u00e4tzte Lesezeit\" \/>\n\t<meta name=\"twitter:data2\" content=\"3\u00a0Minuten\" \/>\n<script type=\"application\/ld+json\" class=\"yoast-schema-graph\">{\"@context\":\"https:\\\/\\\/schema.org\",\"@graph\":[{\"@type\":\"Article\",\"@id\":\"https:\\\/\\\/stuttgarti-katolikusok.de\\\/index.php\\\/2026-szeptember-1-es-6-koezoett\\\/#article\",\"isPartOf\":{\"@id\":\"https:\\\/\\\/stuttgarti-katolikusok.de\\\/index.php\\\/2026-szeptember-1-es-6-koezoett\\\/\"},\"author\":{\"name\":\"Tibor atya\",\"@id\":\"https:\\\/\\\/stuttgarti-katolikusok.de\\\/#\\\/schema\\\/person\\\/8624822864ebe27c86dcb00c8bdf2959\"},\"headline\":\"2026. SZEPTEMBER 1 \u00c9S 6 K\u00d6Z\u00d6TT\",\"datePublished\":\"2026-08-31T14:08:50+00:00\",\"dateModified\":\"2026-08-31T14:11:13+00:00\",\"mainEntityOfPage\":{\"@id\":\"https:\\\/\\\/stuttgarti-katolikusok.de\\\/index.php\\\/2026-szeptember-1-es-6-koezoett\\\/\"},\"wordCount\":339,\"image\":{\"@id\":\"https:\\\/\\\/stuttgarti-katolikusok.de\\\/index.php\\\/2026-szeptember-1-es-6-koezoett\\\/#primaryimage\"},\"thumbnailUrl\":\"https:\\\/\\\/stuttgarti-katolikusok.de\\\/wp-content\\\/uploads\\\/2023\\\/08\\\/ng5.jpg\",\"articleSection\":[\"Progamel\u0151zetes\"],\"inLanguage\":\"de\"},{\"@type\":\"WebPage\",\"@id\":\"https:\\\/\\\/stuttgarti-katolikusok.de\\\/index.php\\\/2026-szeptember-1-es-6-koezoett\\\/\",\"url\":\"https:\\\/\\\/stuttgarti-katolikusok.de\\\/index.php\\\/2026-szeptember-1-es-6-koezoett\\\/\",\"name\":\"2026. SZEPTEMBER 1 \u00c9S 6 K\u00d6Z\u00d6TT - Stuttgarti Katolikusok\",\"isPartOf\":{\"@id\":\"https:\\\/\\\/stuttgarti-katolikusok.de\\\/#website\"},\"primaryImageOfPage\":{\"@id\":\"https:\\\/\\\/stuttgarti-katolikusok.de\\\/index.php\\\/2026-szeptember-1-es-6-koezoett\\\/#primaryimage\"},\"image\":{\"@id\":\"https:\\\/\\\/stuttgarti-katolikusok.de\\\/index.php\\\/2026-szeptember-1-es-6-koezoett\\\/#primaryimage\"},\"thumbnailUrl\":\"https:\\\/\\\/stuttgarti-katolikusok.de\\\/wp-content\\\/uploads\\\/2023\\\/08\\\/ng5.jpg\",\"datePublished\":\"2026-08-31T14:08:50+00:00\",\"dateModified\":\"2026-08-31T14:11:13+00:00\",\"author\":{\"@id\":\"https:\\\/\\\/stuttgarti-katolikusok.de\\\/#\\\/schema\\\/person\\\/8624822864ebe27c86dcb00c8bdf2959\"},\"breadcrumb\":{\"@id\":\"https:\\\/\\\/stuttgarti-katolikusok.de\\\/index.php\\\/2026-szeptember-1-es-6-koezoett\\\/#breadcrumb\"},\"inLanguage\":\"de\",\"potentialAction\":[{\"@type\":\"ReadAction\",\"target\":[\"https:\\\/\\\/stuttgarti-katolikusok.de\\\/index.php\\\/2026-szeptember-1-es-6-koezoett\\\/\"]}]},{\"@type\":\"ImageObject\",\"inLanguage\":\"de\",\"@id\":\"https:\\\/\\\/stuttgarti-katolikusok.de\\\/index.php\\\/2026-szeptember-1-es-6-koezoett\\\/#primaryimage\",\"url\":\"https:\\\/\\\/stuttgarti-katolikusok.de\\\/wp-content\\\/uploads\\\/2023\\\/08\\\/ng5.jpg\",\"contentUrl\":\"https:\\\/\\\/stuttgarti-katolikusok.de\\\/wp-content\\\/uploads\\\/2023\\\/08\\\/ng5.jpg\",\"width\":2048,\"height\":1365},{\"@type\":\"BreadcrumbList\",\"@id\":\"https:\\\/\\\/stuttgarti-katolikusok.de\\\/index.php\\\/2026-szeptember-1-es-6-koezoett\\\/#breadcrumb\",\"itemListElement\":[{\"@type\":\"ListItem\",\"position\":1,\"name\":\"Kezd\u0151lap\",\"item\":\"https:\\\/\\\/stuttgarti-katolikusok.de\\\/\"},{\"@type\":\"ListItem\",\"position\":2,\"name\":\"2026. SZEPTEMBER 1 \u00c9S 6 K\u00d6Z\u00d6TT\"}]},{\"@type\":\"WebSite\",\"@id\":\"https:\\\/\\\/stuttgarti-katolikusok.de\\\/#website\",\"url\":\"https:\\\/\\\/stuttgarti-katolikusok.de\\\/\",\"name\":\"Stuttgarti Katolikusok\",\"description\":\"\",\"potentialAction\":[{\"@type\":\"SearchAction\",\"target\":{\"@type\":\"EntryPoint\",\"urlTemplate\":\"https:\\\/\\\/stuttgarti-katolikusok.de\\\/?s={search_term_string}\"},\"query-input\":{\"@type\":\"PropertyValueSpecification\",\"valueRequired\":true,\"valueName\":\"search_term_string\"}}],\"inLanguage\":\"de\"},{\"@type\":\"Person\",\"@id\":\"https:\\\/\\\/stuttgarti-katolikusok.de\\\/#\\\/schema\\\/person\\\/8624822864ebe27c86dcb00c8bdf2959\",\"name\":\"Tibor atya\",\"image\":{\"@type\":\"ImageObject\",\"inLanguage\":\"de\",\"@id\":\"https:\\\/\\\/secure.gravatar.com\\\/avatar\\\/61d268e57d1f4525b111222e29d2d5a7f8c420fdbf231ba5566a8ceac74fa960?s=96&d=mm&r=g\",\"url\":\"https:\\\/\\\/secure.gravatar.com\\\/avatar\\\/61d268e57d1f4525b111222e29d2d5a7f8c420fdbf231ba5566a8ceac74fa960?s=96&d=mm&r=g\",\"contentUrl\":\"https:\\\/\\\/secure.gravatar.com\\\/avatar\\\/61d268e57d1f4525b111222e29d2d5a7f8c420fdbf231ba5566a8ceac74fa960?s=96&d=mm&r=g\",\"caption\":\"Tibor atya\"},\"url\":\"https:\\\/\\\/stuttgarti-katolikusok.de\\\/index.php\\\/author\\\/tibor-atya\\\/\"}]}<\/script>\n<!-- \/ Yoast SEO plugin. -->","yoast_head_json":{"title":"2026. SZEPTEMBER 1 \u00c9S 6 K\u00d6Z\u00d6TT - Stuttgarti Katolikusok","robots":{"index":"index","follow":"follow","max-snippet":"max-snippet:-1","max-image-preview":"max-image-preview:large","max-video-preview":"max-video-preview:-1"},"canonical":"https:\/\/stuttgarti-katolikusok.de\/index.php\/2026-szeptember-1-es-6-koezoett\/","og_locale":"de_DE","og_type":"article","og_title":"2026. SZEPTEMBER 1 \u00c9S 6 K\u00d6Z\u00d6TT - Stuttgarti Katolikusok","og_description":"Programel\u0151zetes * Szeptember 3-\u00e1n, cs\u00fct\u00f6rt\u00f6k\u00f6n, Weingarteni d\u00e9lut\u00e1n, a 14 Nothelfer Kapelle-ben 18.00 \u00f3rakor szentmise, el\u0151tte r\u00f3zsaf\u0171z\u00e9rt im\u00e1dkozunk. Els\u0151cs\u00fct\u00f6rt\u00f6k l\u00e9v\u00e9n papjaink\u00e9rt \u00e9s papi hivat\u00e1sok\u00e9rt is im\u00e1dkozunk.\u00a0 * Szeptember 4-\u00e9n,\u00a0p\u00e9nteken, Stuttgarti d\u00e9lut\u00e1n, 18.00 \u00f3rakor szentmise,\u00a0el\u0151tte r\u00f3zsaf\u00fcz\u00e9rt im\u00e1dkozunk. Egyben els\u0151p\u00e9ntek, szentmise v\u00e9g\u00e9n els\u0151p\u00e9nteki \u00e1jtatoss\u00e1g.\u00a0 * \u00c9vk\u00f6zi 23. vas\u00e1rnap Szeptember 5-\u00e9n, szombaton, Balingenben 16.00 \u00f3rakor szentmise, ut\u00e1na agap\u00e9. \u00a0* Szeptember 6-\u00e1n, vas\u00e1rnap,\u00a0Stuttgartban, Szent Gell\u00e9rt Egyh\u00e1zk\u00f6zs\u00e9g b\u00facs\u00faja \u00e9s b\u00e9rm\u00e1l\u00e1s Gyermek-istentiszteletet is tartunk. \u00c9telr\u0151l \u00e9s italr\u00f3l mi magunk gondoskodunk. S\u00fctem\u00e9nyeket (s\u00f3s \u00e9s \u00e9des) \u00f6r\u00f6mmel fogadunk. * (R\u00e9szlet a Szent Gell\u00e9rt miseruh\u00e1b\u00f3l) * (K\u00e9p forr\u00e1sa: Soare Alice) * Minden helyen mindenkit szeretettel v\u00e1r a k\u00f6z\u00f6ss\u00e9g \u00e9s Tibor atya! * Bens\u0151s\u00e9ges \u0151szi napokat, j\u00f3 munk\u00e1t, tartalmas besz\u00e9lget\u00e9seket \u00e9s \u00f6r\u00f6mteli tal\u00e1lkoz\u00e1sokat k\u00edv\u00e1nunk minden Kedves H\u00edv\u00fcnknek! * Sz\u00e9p Velence, \u0151si v\u00e1ros, zengj az \u00darnak \u00e9neket. Er\u00e9nyekben kiv\u00e1lts\u00e1gos, Gondvisel\u00e9s van veled, mert Gell\u00e9rtet a j\u00f3s\u00e1gos Isten adta teneked. &nbsp; S \u0151, az Isten v\u00e1lasztottja, n\u00e9ki adja \u00f6nmag\u00e1t. Lelke \u00fcdve lesz a gondja, v\u00e1llalv\u00e1n a Regul\u00e1t, f\u00f6ldi p\u00e1lya nem marasztja, Krisztus \u00fatj\u00e1n megy tov\u00e1bb. &nbsp; \u0150t e honban tiszteletben r\u00e9szes\u00edtik, mint aty\u00e1t. Hitet pl\u00e1nt\u00e1l, \u00e9s a mennyben sokszorozza j\u00f3k had\u00e1t, templomot rak, s mindenekben csod\u00e1lj\u00e1k al\u00e1zat\u00e1t. &nbsp; Legyen \u00e1ld\u00e1s \u00e9s im\u00e1dat H\u00e1roms\u00e1g-egy Istennek, az Aty\u00e1nak \u00e9s Fi\u00fanak s vel\u00fck a Szentl\u00e9leknek, ki a k\u00fczd\u0151knek er\u0151t ad, hogy gy\u0151zelmet nyerjenek. \u00c1men. (Himnusz Szent Gell\u00e9rt \u00fcnnep\u00e9re) (Nyit\u00f3k\u00e9p forr\u00e1sa: N\u00e9meti Gergely)","og_url":"https:\/\/stuttgarti-katolikusok.de\/index.php\/2026-szeptember-1-es-6-koezoett\/","og_site_name":"Stuttgarti Katolikusok","article_published_time":"2026-08-31T14:08:50+00:00","article_modified_time":"2026-08-31T14:11:13+00:00","og_image":[{"width":2048,"height":1365,"url":"https:\/\/stuttgarti-katolikusok.de\/wp-content\/uploads\/2023\/08\/ng5.jpg","type":"image\/jpeg"}],"author":"Tibor atya","twitter_card":"summary_large_image","twitter_misc":{"Geschrieben von":"Tibor atya","Gesch\u00e4tzte Lesezeit":"3\u00a0Minuten"},"schema":{"@context":"https:\/\/schema.org","@graph":[{"@type":"Article","@id":"https:\/\/stuttgarti-katolikusok.de\/index.php\/2026-szeptember-1-es-6-koezoett\/#article","isPartOf":{"@id":"https:\/\/stuttgarti-katolikusok.de\/index.php\/2026-szeptember-1-es-6-koezoett\/"},"author":{"name":"Tibor atya","@id":"https:\/\/stuttgarti-katolikusok.de\/#\/schema\/person\/8624822864ebe27c86dcb00c8bdf2959"},"headline":"2026. SZEPTEMBER 1 \u00c9S 6 K\u00d6Z\u00d6TT","datePublished":"2026-08-31T14:08:50+00:00","dateModified":"2026-08-31T14:11:13+00:00","mainEntityOfPage":{"@id":"https:\/\/stuttgarti-katolikusok.de\/index.php\/2026-szeptember-1-es-6-koezoett\/"},"wordCount":339,"image":{"@id":"https:\/\/stuttgarti-katolikusok.de\/index.php\/2026-szeptember-1-es-6-koezoett\/#primaryimage"},"thumbnailUrl":"https:\/\/stuttgarti-katolikusok.de\/wp-content\/uploads\/2023\/08\/ng5.jpg","articleSection":["Progamel\u0151zetes"],"inLanguage":"de"},{"@type":"WebPage","@id":"https:\/\/stuttgarti-katolikusok.de\/index.php\/2026-szeptember-1-es-6-koezoett\/","url":"https:\/\/stuttgarti-katolikusok.de\/index.php\/2026-szeptember-1-es-6-koezoett\/","name":"2026. SZEPTEMBER 1 \u00c9S 6 K\u00d6Z\u00d6TT - Stuttgarti Katolikusok","isPartOf":{"@id":"https:\/\/stuttgarti-katolikusok.de\/#website"},"primaryImageOfPage":{"@id":"https:\/\/stuttgarti-katolikusok.de\/index.php\/2026-szeptember-1-es-6-koezoett\/#primaryimage"},"image":{"@id":"https:\/\/stuttgarti-katolikusok.de\/index.php\/2026-szeptember-1-es-6-koezoett\/#primaryimage"},"thumbnailUrl":"https:\/\/stuttgarti-katolikusok.de\/wp-content\/uploads\/2023\/08\/ng5.jpg","datePublished":"2026-08-31T14:08:50+00:00","dateModified":"2026-08-31T14:11:13+00:00","author":{"@id":"https:\/\/stuttgarti-katolikusok.de\/#\/schema\/person\/8624822864ebe27c86dcb00c8bdf2959"},"breadcrumb":{"@id":"https:\/\/stuttgarti-katolikusok.de\/index.php\/2026-szeptember-1-es-6-koezoett\/#breadcrumb"},"inLanguage":"de","potentialAction":[{"@type":"ReadAction","target":["https:\/\/stuttgarti-katolikusok.de\/index.php\/2026-szeptember-1-es-6-koezoett\/"]}]},{"@type":"ImageObject","inLanguage":"de","@id":"https:\/\/stuttgarti-katolikusok.de\/index.php\/2026-szeptember-1-es-6-koezoett\/#primaryimage","url":"https:\/\/stuttgarti-katolikusok.de\/wp-content\/uploads\/2023\/08\/ng5.jpg","contentUrl":"https:\/\/stuttgarti-katolikusok.de\/wp-content\/uploads\/2023\/08\/ng5.jpg","width":2048,"height":1365},{"@type":"BreadcrumbList","@id":"https:\/\/stuttgarti-katolikusok.de\/index.php\/2026-szeptember-1-es-6-koezoett\/#breadcrumb","itemListElement":[{"@type":"ListItem","position":1,"name":"Kezd\u0151lap","item":"https:\/\/stuttgarti-katolikusok.de\/"},{"@type":"ListItem","position":2,"name":"2026. SZEPTEMBER 1 \u00c9S 6 K\u00d6Z\u00d6TT"}]},{"@type":"WebSite","@id":"https:\/\/stuttgarti-katolikusok.de\/#website","url":"https:\/\/stuttgarti-katolikusok.de\/","name":"Stuttgarti Katolikusok","description":"","potentialAction":[{"@type":"SearchAction","target":{"@type":"EntryPoint","urlTemplate":"https:\/\/stuttgarti-katolikusok.de\/?s={search_term_string}"},"query-input":{"@type":"PropertyValueSpecification","valueRequired":true,"valueName":"search_term_string"}}],"inLanguage":"de"},{"@type":"Person","@id":"https:\/\/stuttgarti-katolikusok.de\/#\/schema\/person\/8624822864ebe27c86dcb00c8bdf2959","name":"Tibor atya","image":{"@type":"ImageObject","inLanguage":"de","@id":"https:\/\/secure.gravatar.com\/avatar\/61d268e57d1f4525b111222e29d2d5a7f8c420fdbf231ba5566a8ceac74fa960?s=96&d=mm&r=g","url":"https:\/\/secure.gravatar.com\/avatar\/61d268e57d1f4525b111222e29d2d5a7f8c420fdbf231ba5566a8ceac74fa960?s=96&d=mm&r=g","contentUrl":"https:\/\/secure.gravatar.com\/avatar\/61d268e57d1f4525b111222e29d2d5a7f8c420fdbf231ba5566a8ceac74fa960?s=96&d=mm&r=g","caption":"Tibor atya"},"url":"https:\/\/stuttgarti-katolikusok.de\/index.php\/author\/tibor-atya\/"}]}},"_links":{"self":[{"href":"https:\/\/stuttgarti-katolikusok.de\/index.php\/wp-json\/wp\/v2\/posts\/33960","targetHints":{"allow":["GET"]}}],"collection":[{"href":"https:\/\/stuttgarti-katolikusok.de\/index.php\/wp-json\/wp\/v2\/posts"}],"about":[{"href":"https:\/\/stuttgarti-katolikusok.de\/index.php\/wp-json\/wp\/v2\/types\/post"}],"author":[{"embeddable":true,"href":"https:\/\/stuttgarti-katolikusok.de\/index.php\/wp-json\/wp\/v2\/users\/3"}],"replies":[{"embeddable":true,"href":"https:\/\/stuttgarti-katolikusok.de\/index.php\/wp-json\/wp\/v2\/comments?post=33960"}],"version-history":[{"count":4,"href":"https:\/\/stuttgarti-katolikusok.de\/index.php\/wp-json\/wp\/v2\/posts\/33960\/revisions"}],"predecessor-version":[{"id":33966,"href":"https:\/\/stuttgarti-katolikusok.de\/index.php\/wp-json\/wp\/v2\/posts\/33960\/revisions\/33966"}],"wp:featuredmedia":[{"embeddable":true,"href":"https:\/\/stuttgarti-katolikusok.de\/index.php\/wp-json\/wp\/v2\/media\/27107"}],"wp:attachment":[{"href":"https:\/\/stuttgarti-katolikusok.de\/index.php\/wp-json\/wp\/v2\/media?parent=33960"}],"wp:term":[{"taxonomy":"category","embeddable":true,"href":"https:\/\/stuttgarti-katolikusok.de\/index.php\/wp-json\/wp\/v2\/categories?post=33960"},{"taxonomy":"post_tag","embeddable":true,"href":"https:\/\/stuttgarti-katolikusok.de\/index.php\/wp-json\/wp\/v2\/tags?post=33960"}],"curies":[{"name":"wp","href":"https:\/\/api.w.org\/{rel}","templated":true}]}}