{"id":33190,"date":"2026-04-27T16:24:24","date_gmt":"2026-04-27T14:24:24","guid":{"rendered":"https:\/\/stuttgarti-katolikusok.de\/?p=33190"},"modified":"2026-04-27T18:57:37","modified_gmt":"2026-04-27T16:57:37","slug":"2026-aprilis-27-es-majus-3-kozott","status":"publish","type":"post","link":"https:\/\/stuttgarti-katolikusok.de\/index.php\/2026-aprilis-27-es-majus-3-kozott\/","title":{"rendered":"2026. \u00c1PRILIS 27 \u00c9S M\u00c1JUS 3 K\u00d6Z\u00d6TT"},"content":{"rendered":"<p><span style=\"color: #ff6600;\"><strong>Programel\u0151zetes<\/strong><\/span><\/p>\n<p style=\"text-align: center;\"><span style=\"color: #ff6600;\"><strong>*<\/strong><\/span><\/p>\n<p><em>\u00a0<\/em><strong>M\u00e1jus 1-j\u00e9n<\/strong>, p\u00e9nteken<em>,<span style=\"color: #ff6600;\"> <strong>Munk\u00e1s <\/strong><strong>Szent J\u00f3zsef\u00a0 \u00fcnnepe.<\/strong><\/span><\/em><\/p>\n<p><a href=\"https:\/\/stuttgarti-katolikusok.de\/wp-content\/uploads\/2026\/04\/munkas-szent-jozsef-magyar-kurir.jpeg\"><img loading=\"lazy\" decoding=\"async\" class=\"size-full wp-image-33201 aligncenter\" src=\"https:\/\/stuttgarti-katolikusok.de\/wp-content\/uploads\/2026\/04\/munkas-szent-jozsef-magyar-kurir.jpeg\" alt=\"\" width=\"600\" height=\"450\" srcset=\"https:\/\/stuttgarti-katolikusok.de\/wp-content\/uploads\/2026\/04\/munkas-szent-jozsef-magyar-kurir.jpeg 600w, https:\/\/stuttgarti-katolikusok.de\/wp-content\/uploads\/2026\/04\/munkas-szent-jozsef-magyar-kurir-300x225.jpeg 300w, https:\/\/stuttgarti-katolikusok.de\/wp-content\/uploads\/2026\/04\/munkas-szent-jozsef-magyar-kurir-164x124.jpeg 164w\" sizes=\"auto, (max-width: 600px) 100vw, 600px\" \/><\/a><\/p>\n<p style=\"text-align: center;\"><em>(K\u00e9p forr\u00e1sa: Magyar Kur\u00edr)<\/em><\/p>\n<p><span style=\"color: #ff6600;\"><strong>Weingartenben<\/strong><\/span> 10.00 \u00f3rakor<em> \u00fcnnepi szentmise <\/em>\u00e9s <em>m\u00e1jusi \u00e1jtatoss\u00e1g <\/em>a <em>14 Nothelfer Kapelle<\/em>-ben.<\/p>\n<p><span style=\"color: #ff6600;\"><strong>Stuttgartban<\/strong> <\/span>18.00 \u00f3rakor<em> \u00fcnnepi szentmise <\/em>\u00e9s <em>m\u00e1jusi \u00e1jtatoss\u00e1g.<\/em><\/p>\n<p style=\"text-align: center;\"><span style=\"color: #ff6600;\"><strong>\u00a0*<\/strong><\/span><\/p>\n<p><strong>M\u00e1jus 2-\u00e1n<\/strong>, szombaton,<strong>\u00a0<\/strong><span style=\"color: #ff6600;\"><strong>Balingenben<\/strong><strong>\u00a0<\/strong><\/span>16.00 \u00f3rakor<em>\u00a0szentmise<\/em>, ut\u00e1na<em> agap\u00e9.<\/em><\/p>\n<p style=\"text-align: center;\"><span style=\"color: #ff6600;\"><strong>*<\/strong><\/span><\/p>\n<p><strong>M\u00e1jus 3-\u00e1n<\/strong><strong>,<\/strong>\u00a0<span style=\"color: #ff6600;\"><em><strong>H\u00fasv\u00e9t 5. vas\u00e1rnapja, Any\u00e1k napja.<\/strong><\/em><\/span><\/p>\n<p><span style=\"color: #ff6600;\"><strong>Schw<\/strong><strong>\u00e4bisch<\/strong><strong>-Gm\u00fcndben<\/strong> <\/span>9.30 \u00f3rakor<em> szentmise, <\/em>ut\u00e1na <em>agap\u00e9. <\/em><\/p>\n<p>Egyben k\u00f6z\u00f6ss\u00e9g\u00fcnk v\u00e9d\u0151szentj\u00e9t, <span style=\"color: #ff6600;\"><strong><em>Boldog Bajor Gizell\u00e1t<\/em><\/strong><\/span> k\u00f6sz\u00f6ntj\u00fck, k\u00f6zs\u00e9g\u00fcnk b\u00facs\u00fa\u00fcnnep\u00e9t is \u00fclj\u00fck.<\/p>\n<p style=\"text-align: center;\"><a href=\"https:\/\/stuttgarti-katolikusok.de\/wp-content\/uploads\/2023\/05\/boldog-bajor-gizella-honlapra-e1777300060136.jpg\"><img loading=\"lazy\" decoding=\"async\" class=\"alignnone size-full wp-image-26738\" src=\"https:\/\/stuttgarti-katolikusok.de\/wp-content\/uploads\/2023\/05\/boldog-bajor-gizella-honlapra-e1777300060136.jpg\" alt=\"\" width=\"351\" height=\"409\" srcset=\"https:\/\/stuttgarti-katolikusok.de\/wp-content\/uploads\/2023\/05\/boldog-bajor-gizella-honlapra-e1777300060136.jpg 351w, https:\/\/stuttgarti-katolikusok.de\/wp-content\/uploads\/2023\/05\/boldog-bajor-gizella-honlapra-e1777300060136-257x300.jpg 257w\" sizes=\"auto, (max-width: 351px) 100vw, 351px\" \/><\/a><\/p>\n<p style=\"text-align: center;\"><em>(Boldog Bajor Gizella &#8211; Miseruha r\u00e9szlet)<\/em><\/p>\n<p><span style=\"color: #ff6600;\"><strong>Stuttgartban<\/strong><\/span> 15.00 \u00f3rakor<em> gyermek-istentisztelet, szentmise,<\/em> ut\u00e1na <em>agap\u00e9.<\/em><\/p>\n<p>Gyermekeink r\u00f6vid Any\u00e1k napi m\u0171sorral kedveskednek.<\/p>\n<p style=\"text-align: center;\"><span style=\"color: #ff6600;\"><strong>*<\/strong><\/span><\/p>\n<p>Minden helyen mindenkit szeretettel v\u00e1r a k\u00f6z\u00f6ss\u00e9g \u00e9s Tibor atya!<\/p>\n<p style=\"text-align: center;\"><span style=\"color: #ff6600;\"><strong>*<\/strong><\/span><\/p>\n<p><a href=\"https:\/\/stuttgarti-katolikusok.de\/wp-content\/uploads\/2025\/05\/friedrichshafen1.jpg\"><img loading=\"lazy\" decoding=\"async\" class=\"alignnone wp-image-30947 size-full\" src=\"https:\/\/stuttgarti-katolikusok.de\/wp-content\/uploads\/2025\/05\/friedrichshafen1-e1777300416712.jpg\" alt=\"\" width=\"950\" height=\"1777\" srcset=\"https:\/\/stuttgarti-katolikusok.de\/wp-content\/uploads\/2025\/05\/friedrichshafen1-e1777300416712.jpg 950w, https:\/\/stuttgarti-katolikusok.de\/wp-content\/uploads\/2025\/05\/friedrichshafen1-e1777300416712-160x300.jpg 160w, https:\/\/stuttgarti-katolikusok.de\/wp-content\/uploads\/2025\/05\/friedrichshafen1-e1777300416712-547x1024.jpg 547w, https:\/\/stuttgarti-katolikusok.de\/wp-content\/uploads\/2025\/05\/friedrichshafen1-e1777300416712-821x1536.jpg 821w\" sizes=\"auto, (max-width: 950px) 100vw, 950px\" \/><\/a><\/p>\n<p style=\"text-align: center;\"><em>(Friedrichshafen-Berg &#8211; St. Nikolaus Kirche)<\/em><\/p>\n<p style=\"text-align: center;\"><span style=\"color: #ff6600;\"><strong>*<\/strong><\/span><\/p>\n<p style=\"text-align: center;\"><span style=\"color: #ff6600;\"><em><strong>Kegyelemteljes h\u00fasv\u00e9ti napokat, tartalmas besz\u00e9lget\u00e9seket \u00e9s \u00f6r\u00f6mteli tal\u00e1lkoz\u00e1sokat k\u00edv\u00e1nunk minden Kedves H\u00edv\u00fcnknek!<\/strong><\/em><\/span><\/p>\n<p style=\"text-align: center;\"><span style=\"color: #ff6600;\"><em><strong>*<\/strong><\/em><\/span><\/p>\n<p><span style=\"color: #ff6600;\"><em><strong>\u201eIsten az\u00e9rt teremtett minket \u00e9s a vil\u00e1got, mert szeret minket.<\/strong><\/em><\/span><\/p>\n<p><span style=\"color: #ff6600;\"><em><strong>Milyen sz\u00e9p \u00e9s milyen nagyszer\u0171, hogy Istent megismerhetj\u00fck, szerethetj\u00fck \u00e9s \u0151t szolg\u00e1lhatjuk.<\/strong><\/em><\/span><\/p>\n<p><span style=\"color: #ff6600;\"><em><strong>Ez a feladatunk ebben a vil\u00e1gban.<\/strong><\/em><\/span><\/p>\n<p><span style=\"color: #ff6600;\"><em><strong>Minden m\u00e1s ezen k\u00edv\u00fcl, elt\u00e9kozolt id\u0151.\u201d\u00a0<\/strong><\/em><\/span><em>(Vianney Szent J\u00e1nos, 1786 &#8211; 1859)<\/em><\/p>\n<p><em>(K\u00e9p forr\u00e1sa: Bojtor Orsolya)<\/em><\/p>\n","protected":false},"excerpt":{"rendered":"<p>Programel\u0151zetes * \u00a0M\u00e1jus 1-j\u00e9n, p\u00e9nteken, Munk\u00e1s Szent J\u00f3zsef\u00a0 \u00fcnnepe. (K\u00e9p forr\u00e1sa: Magyar Kur\u00edr) Weingartenben 10.00 \u00f3rakor \u00fcnnepi szentmise \u00e9s m\u00e1jusi \u00e1jtatoss\u00e1g a 14 Nothelfer Kapelle-ben. Stuttgartban 18.00 \u00f3rakor \u00fcnnepi szentmise \u00e9s m\u00e1jusi \u00e1jtatoss\u00e1g. \u00a0* M\u00e1jus 2-\u00e1n, szombaton,\u00a0Balingenben\u00a016.00 \u00f3rakor\u00a0szentmise, ut\u00e1na agap\u00e9. * M\u00e1jus 3-\u00e1n,\u00a0H\u00fasv\u00e9t 5. vas\u00e1rnapja, Any\u00e1k napja. Schw\u00e4bisch-Gm\u00fcndben 9.30 \u00f3rakor szentmise, ut\u00e1na agap\u00e9. Egyben k\u00f6z\u00f6ss\u00e9g\u00fcnk v\u00e9d\u0151szentj\u00e9t, Boldog Bajor Gizell\u00e1t k\u00f6sz\u00f6ntj\u00fck, k\u00f6zs\u00e9g\u00fcnk b\u00facs\u00fa\u00fcnnep\u00e9t is \u00fclj\u00fck. (Boldog Bajor Gizella &#8211; Miseruha r\u00e9szlet) Stuttgartban 15.00 \u00f3rakor gyermek-istentisztelet, szentmise, ut\u00e1na agap\u00e9. Gyermekeink r\u00f6vid Any\u00e1k napi m\u0171sorral kedveskednek. * Minden helyen mindenkit szeretettel v\u00e1r a k\u00f6z\u00f6ss\u00e9g \u00e9s Tibor atya! * (Friedrichshafen-Berg &#8211; St. Nikolaus Kirche) * Kegyelemteljes h\u00fasv\u00e9ti napokat, tartalmas besz\u00e9lget\u00e9seket \u00e9s \u00f6r\u00f6mteli tal\u00e1lkoz\u00e1sokat k\u00edv\u00e1nunk minden Kedves H\u00edv\u00fcnknek! * \u201eIsten az\u00e9rt teremtett minket \u00e9s a vil\u00e1got, mert szeret minket. Milyen sz\u00e9p \u00e9s milyen nagyszer\u0171, hogy Istent megismerhetj\u00fck, szerethetj\u00fck \u00e9s \u0151t szolg\u00e1lhatjuk. Ez a feladatunk ebben a vil\u00e1gban. Minden m\u00e1s ezen k\u00edv\u00fcl, elt\u00e9kozolt id\u0151.\u201d\u00a0(Vianney Szent J\u00e1nos, 1786 &#8211; 1859) (K\u00e9p forr\u00e1sa: Bojtor Orsolya)<\/p>\n","protected":false},"author":3,"featured_media":28810,"comment_status":"closed","ping_status":"closed","sticky":false,"template":"","format":"standard","meta":{"footnotes":""},"categories":[37],"tags":[],"class_list":["post-33190","post","type-post","status-publish","format-standard","has-post-thumbnail","hentry","category-progamelozetes"],"yoast_head":"<!-- This site is optimized with the Yoast SEO plugin v27.3 - https:\/\/yoast.com\/product\/yoast-seo-wordpress\/ -->\n<title>2026. \u00c1PRILIS 27 \u00c9S M\u00c1JUS 3 K\u00d6Z\u00d6TT - Stuttgarti Katolikusok<\/title>\n<meta name=\"robots\" content=\"index, follow, max-snippet:-1, max-image-preview:large, max-video-preview:-1\" \/>\n<link rel=\"canonical\" href=\"https:\/\/stuttgarti-katolikusok.de\/index.php\/2026-aprilis-27-es-majus-3-kozott\/\" \/>\n<meta property=\"og:locale\" content=\"hu_HU\" \/>\n<meta property=\"og:type\" content=\"article\" \/>\n<meta property=\"og:title\" content=\"2026. \u00c1PRILIS 27 \u00c9S M\u00c1JUS 3 K\u00d6Z\u00d6TT - Stuttgarti Katolikusok\" \/>\n<meta property=\"og:description\" content=\"Programel\u0151zetes * \u00a0M\u00e1jus 1-j\u00e9n, p\u00e9nteken, Munk\u00e1s Szent J\u00f3zsef\u00a0 \u00fcnnepe. (K\u00e9p forr\u00e1sa: Magyar Kur\u00edr) Weingartenben 10.00 \u00f3rakor \u00fcnnepi szentmise \u00e9s m\u00e1jusi \u00e1jtatoss\u00e1g a 14 Nothelfer Kapelle-ben. Stuttgartban 18.00 \u00f3rakor \u00fcnnepi szentmise \u00e9s m\u00e1jusi \u00e1jtatoss\u00e1g. \u00a0* M\u00e1jus 2-\u00e1n, szombaton,\u00a0Balingenben\u00a016.00 \u00f3rakor\u00a0szentmise, ut\u00e1na agap\u00e9. * M\u00e1jus 3-\u00e1n,\u00a0H\u00fasv\u00e9t 5. vas\u00e1rnapja, Any\u00e1k napja. Schw\u00e4bisch-Gm\u00fcndben 9.30 \u00f3rakor szentmise, ut\u00e1na agap\u00e9. Egyben k\u00f6z\u00f6ss\u00e9g\u00fcnk v\u00e9d\u0151szentj\u00e9t, Boldog Bajor Gizell\u00e1t k\u00f6sz\u00f6ntj\u00fck, k\u00f6zs\u00e9g\u00fcnk b\u00facs\u00fa\u00fcnnep\u00e9t is \u00fclj\u00fck. (Boldog Bajor Gizella &#8211; Miseruha r\u00e9szlet) Stuttgartban 15.00 \u00f3rakor gyermek-istentisztelet, szentmise, ut\u00e1na agap\u00e9. Gyermekeink r\u00f6vid Any\u00e1k napi m\u0171sorral kedveskednek. * Minden helyen mindenkit szeretettel v\u00e1r a k\u00f6z\u00f6ss\u00e9g \u00e9s Tibor atya! * (Friedrichshafen-Berg &#8211; St. Nikolaus Kirche) * Kegyelemteljes h\u00fasv\u00e9ti napokat, tartalmas besz\u00e9lget\u00e9seket \u00e9s \u00f6r\u00f6mteli tal\u00e1lkoz\u00e1sokat k\u00edv\u00e1nunk minden Kedves H\u00edv\u00fcnknek! * \u201eIsten az\u00e9rt teremtett minket \u00e9s a vil\u00e1got, mert szeret minket. Milyen sz\u00e9p \u00e9s milyen nagyszer\u0171, hogy Istent megismerhetj\u00fck, szerethetj\u00fck \u00e9s \u0151t szolg\u00e1lhatjuk. Ez a feladatunk ebben a vil\u00e1gban. Minden m\u00e1s ezen k\u00edv\u00fcl, elt\u00e9kozolt id\u0151.\u201d\u00a0(Vianney Szent J\u00e1nos, 1786 &#8211; 1859) (K\u00e9p forr\u00e1sa: Bojtor Orsolya)\" \/>\n<meta property=\"og:url\" content=\"https:\/\/stuttgarti-katolikusok.de\/index.php\/2026-aprilis-27-es-majus-3-kozott\/\" \/>\n<meta property=\"og:site_name\" content=\"Stuttgarti Katolikusok\" \/>\n<meta property=\"article:published_time\" content=\"2026-04-27T14:24:24+00:00\" \/>\n<meta property=\"article:modified_time\" content=\"2026-04-27T16:57:37+00:00\" \/>\n<meta property=\"og:image\" content=\"https:\/\/stuttgarti-katolikusok.de\/wp-content\/uploads\/2024\/04\/bojtor-orsi.jpg\" \/>\n\t<meta property=\"og:image:width\" content=\"945\" \/>\n\t<meta property=\"og:image:height\" content=\"1176\" \/>\n\t<meta property=\"og:image:type\" content=\"image\/jpeg\" \/>\n<meta name=\"author\" content=\"Tibor atya\" \/>\n<meta name=\"twitter:card\" content=\"summary_large_image\" \/>\n<meta name=\"twitter:label1\" content=\"Szerz\u0151:\" \/>\n\t<meta name=\"twitter:data1\" content=\"Tibor atya\" \/>\n\t<meta name=\"twitter:label2\" content=\"Becs\u00fclt olvas\u00e1si id\u0151\" \/>\n\t<meta name=\"twitter:data2\" content=\"2 perc\" \/>\n<script type=\"application\/ld+json\" class=\"yoast-schema-graph\">{\"@context\":\"https:\\\/\\\/schema.org\",\"@graph\":[{\"@type\":\"Article\",\"@id\":\"https:\\\/\\\/stuttgarti-katolikusok.de\\\/index.php\\\/2026-aprilis-27-es-majus-3-kozott\\\/#article\",\"isPartOf\":{\"@id\":\"https:\\\/\\\/stuttgarti-katolikusok.de\\\/index.php\\\/2026-aprilis-27-es-majus-3-kozott\\\/\"},\"author\":{\"name\":\"Tibor atya\",\"@id\":\"https:\\\/\\\/stuttgarti-katolikusok.de\\\/#\\\/schema\\\/person\\\/75908d6f8fdc03a57889d27209df7795\"},\"headline\":\"2026. \u00c1PRILIS 27 \u00c9S M\u00c1JUS 3 K\u00d6Z\u00d6TT\",\"datePublished\":\"2026-04-27T14:24:24+00:00\",\"dateModified\":\"2026-04-27T16:57:37+00:00\",\"mainEntityOfPage\":{\"@id\":\"https:\\\/\\\/stuttgarti-katolikusok.de\\\/index.php\\\/2026-aprilis-27-es-majus-3-kozott\\\/\"},\"wordCount\":231,\"image\":{\"@id\":\"https:\\\/\\\/stuttgarti-katolikusok.de\\\/index.php\\\/2026-aprilis-27-es-majus-3-kozott\\\/#primaryimage\"},\"thumbnailUrl\":\"https:\\\/\\\/stuttgarti-katolikusok.de\\\/wp-content\\\/uploads\\\/2024\\\/04\\\/bojtor-orsi.jpg\",\"articleSection\":[\"Progamel\u0151zetes\"],\"inLanguage\":\"hu\"},{\"@type\":\"WebPage\",\"@id\":\"https:\\\/\\\/stuttgarti-katolikusok.de\\\/index.php\\\/2026-aprilis-27-es-majus-3-kozott\\\/\",\"url\":\"https:\\\/\\\/stuttgarti-katolikusok.de\\\/index.php\\\/2026-aprilis-27-es-majus-3-kozott\\\/\",\"name\":\"2026. \u00c1PRILIS 27 \u00c9S M\u00c1JUS 3 K\u00d6Z\u00d6TT - Stuttgarti Katolikusok\",\"isPartOf\":{\"@id\":\"https:\\\/\\\/stuttgarti-katolikusok.de\\\/#website\"},\"primaryImageOfPage\":{\"@id\":\"https:\\\/\\\/stuttgarti-katolikusok.de\\\/index.php\\\/2026-aprilis-27-es-majus-3-kozott\\\/#primaryimage\"},\"image\":{\"@id\":\"https:\\\/\\\/stuttgarti-katolikusok.de\\\/index.php\\\/2026-aprilis-27-es-majus-3-kozott\\\/#primaryimage\"},\"thumbnailUrl\":\"https:\\\/\\\/stuttgarti-katolikusok.de\\\/wp-content\\\/uploads\\\/2024\\\/04\\\/bojtor-orsi.jpg\",\"datePublished\":\"2026-04-27T14:24:24+00:00\",\"dateModified\":\"2026-04-27T16:57:37+00:00\",\"author\":{\"@id\":\"https:\\\/\\\/stuttgarti-katolikusok.de\\\/#\\\/schema\\\/person\\\/75908d6f8fdc03a57889d27209df7795\"},\"breadcrumb\":{\"@id\":\"https:\\\/\\\/stuttgarti-katolikusok.de\\\/index.php\\\/2026-aprilis-27-es-majus-3-kozott\\\/#breadcrumb\"},\"inLanguage\":\"hu\",\"potentialAction\":[{\"@type\":\"ReadAction\",\"target\":[\"https:\\\/\\\/stuttgarti-katolikusok.de\\\/index.php\\\/2026-aprilis-27-es-majus-3-kozott\\\/\"]}]},{\"@type\":\"ImageObject\",\"inLanguage\":\"hu\",\"@id\":\"https:\\\/\\\/stuttgarti-katolikusok.de\\\/index.php\\\/2026-aprilis-27-es-majus-3-kozott\\\/#primaryimage\",\"url\":\"https:\\\/\\\/stuttgarti-katolikusok.de\\\/wp-content\\\/uploads\\\/2024\\\/04\\\/bojtor-orsi.jpg\",\"contentUrl\":\"https:\\\/\\\/stuttgarti-katolikusok.de\\\/wp-content\\\/uploads\\\/2024\\\/04\\\/bojtor-orsi.jpg\",\"width\":945,\"height\":1176},{\"@type\":\"BreadcrumbList\",\"@id\":\"https:\\\/\\\/stuttgarti-katolikusok.de\\\/index.php\\\/2026-aprilis-27-es-majus-3-kozott\\\/#breadcrumb\",\"itemListElement\":[{\"@type\":\"ListItem\",\"position\":1,\"name\":\"Kezd\u0151lap\",\"item\":\"https:\\\/\\\/stuttgarti-katolikusok.de\\\/\"},{\"@type\":\"ListItem\",\"position\":2,\"name\":\"2026. \u00c1PRILIS 27 \u00c9S M\u00c1JUS 3 K\u00d6Z\u00d6TT\"}]},{\"@type\":\"WebSite\",\"@id\":\"https:\\\/\\\/stuttgarti-katolikusok.de\\\/#website\",\"url\":\"https:\\\/\\\/stuttgarti-katolikusok.de\\\/\",\"name\":\"Stuttgarti Katolikusok\",\"description\":\"\",\"potentialAction\":[{\"@type\":\"SearchAction\",\"target\":{\"@type\":\"EntryPoint\",\"urlTemplate\":\"https:\\\/\\\/stuttgarti-katolikusok.de\\\/?s={search_term_string}\"},\"query-input\":{\"@type\":\"PropertyValueSpecification\",\"valueRequired\":true,\"valueName\":\"search_term_string\"}}],\"inLanguage\":\"hu\"},{\"@type\":\"Person\",\"@id\":\"https:\\\/\\\/stuttgarti-katolikusok.de\\\/#\\\/schema\\\/person\\\/75908d6f8fdc03a57889d27209df7795\",\"name\":\"Tibor atya\",\"image\":{\"@type\":\"ImageObject\",\"inLanguage\":\"hu\",\"@id\":\"https:\\\/\\\/secure.gravatar.com\\\/avatar\\\/61d268e57d1f4525b111222e29d2d5a7f8c420fdbf231ba5566a8ceac74fa960?s=96&d=mm&r=g\",\"url\":\"https:\\\/\\\/secure.gravatar.com\\\/avatar\\\/61d268e57d1f4525b111222e29d2d5a7f8c420fdbf231ba5566a8ceac74fa960?s=96&d=mm&r=g\",\"contentUrl\":\"https:\\\/\\\/secure.gravatar.com\\\/avatar\\\/61d268e57d1f4525b111222e29d2d5a7f8c420fdbf231ba5566a8ceac74fa960?s=96&d=mm&r=g\",\"caption\":\"Tibor atya\"},\"url\":\"https:\\\/\\\/stuttgarti-katolikusok.de\\\/index.php\\\/author\\\/tibor-atya\\\/\"}]}<\/script>\n<!-- \/ Yoast SEO plugin. -->","yoast_head_json":{"title":"2026. \u00c1PRILIS 27 \u00c9S M\u00c1JUS 3 K\u00d6Z\u00d6TT - Stuttgarti Katolikusok","robots":{"index":"index","follow":"follow","max-snippet":"max-snippet:-1","max-image-preview":"max-image-preview:large","max-video-preview":"max-video-preview:-1"},"canonical":"https:\/\/stuttgarti-katolikusok.de\/index.php\/2026-aprilis-27-es-majus-3-kozott\/","og_locale":"hu_HU","og_type":"article","og_title":"2026. \u00c1PRILIS 27 \u00c9S M\u00c1JUS 3 K\u00d6Z\u00d6TT - Stuttgarti Katolikusok","og_description":"Programel\u0151zetes * \u00a0M\u00e1jus 1-j\u00e9n, p\u00e9nteken, Munk\u00e1s Szent J\u00f3zsef\u00a0 \u00fcnnepe. (K\u00e9p forr\u00e1sa: Magyar Kur\u00edr) Weingartenben 10.00 \u00f3rakor \u00fcnnepi szentmise \u00e9s m\u00e1jusi \u00e1jtatoss\u00e1g a 14 Nothelfer Kapelle-ben. Stuttgartban 18.00 \u00f3rakor \u00fcnnepi szentmise \u00e9s m\u00e1jusi \u00e1jtatoss\u00e1g. \u00a0* M\u00e1jus 2-\u00e1n, szombaton,\u00a0Balingenben\u00a016.00 \u00f3rakor\u00a0szentmise, ut\u00e1na agap\u00e9. * M\u00e1jus 3-\u00e1n,\u00a0H\u00fasv\u00e9t 5. vas\u00e1rnapja, Any\u00e1k napja. Schw\u00e4bisch-Gm\u00fcndben 9.30 \u00f3rakor szentmise, ut\u00e1na agap\u00e9. Egyben k\u00f6z\u00f6ss\u00e9g\u00fcnk v\u00e9d\u0151szentj\u00e9t, Boldog Bajor Gizell\u00e1t k\u00f6sz\u00f6ntj\u00fck, k\u00f6zs\u00e9g\u00fcnk b\u00facs\u00fa\u00fcnnep\u00e9t is \u00fclj\u00fck. (Boldog Bajor Gizella &#8211; Miseruha r\u00e9szlet) Stuttgartban 15.00 \u00f3rakor gyermek-istentisztelet, szentmise, ut\u00e1na agap\u00e9. Gyermekeink r\u00f6vid Any\u00e1k napi m\u0171sorral kedveskednek. * Minden helyen mindenkit szeretettel v\u00e1r a k\u00f6z\u00f6ss\u00e9g \u00e9s Tibor atya! * (Friedrichshafen-Berg &#8211; St. Nikolaus Kirche) * Kegyelemteljes h\u00fasv\u00e9ti napokat, tartalmas besz\u00e9lget\u00e9seket \u00e9s \u00f6r\u00f6mteli tal\u00e1lkoz\u00e1sokat k\u00edv\u00e1nunk minden Kedves H\u00edv\u00fcnknek! * \u201eIsten az\u00e9rt teremtett minket \u00e9s a vil\u00e1got, mert szeret minket. Milyen sz\u00e9p \u00e9s milyen nagyszer\u0171, hogy Istent megismerhetj\u00fck, szerethetj\u00fck \u00e9s \u0151t szolg\u00e1lhatjuk. Ez a feladatunk ebben a vil\u00e1gban. Minden m\u00e1s ezen k\u00edv\u00fcl, elt\u00e9kozolt id\u0151.\u201d\u00a0(Vianney Szent J\u00e1nos, 1786 &#8211; 1859) (K\u00e9p forr\u00e1sa: Bojtor Orsolya)","og_url":"https:\/\/stuttgarti-katolikusok.de\/index.php\/2026-aprilis-27-es-majus-3-kozott\/","og_site_name":"Stuttgarti Katolikusok","article_published_time":"2026-04-27T14:24:24+00:00","article_modified_time":"2026-04-27T16:57:37+00:00","og_image":[{"width":945,"height":1176,"url":"https:\/\/stuttgarti-katolikusok.de\/wp-content\/uploads\/2024\/04\/bojtor-orsi.jpg","type":"image\/jpeg"}],"author":"Tibor atya","twitter_card":"summary_large_image","twitter_misc":{"Szerz\u0151:":"Tibor atya","Becs\u00fclt olvas\u00e1si id\u0151":"2 perc"},"schema":{"@context":"https:\/\/schema.org","@graph":[{"@type":"Article","@id":"https:\/\/stuttgarti-katolikusok.de\/index.php\/2026-aprilis-27-es-majus-3-kozott\/#article","isPartOf":{"@id":"https:\/\/stuttgarti-katolikusok.de\/index.php\/2026-aprilis-27-es-majus-3-kozott\/"},"author":{"name":"Tibor atya","@id":"https:\/\/stuttgarti-katolikusok.de\/#\/schema\/person\/75908d6f8fdc03a57889d27209df7795"},"headline":"2026. \u00c1PRILIS 27 \u00c9S M\u00c1JUS 3 K\u00d6Z\u00d6TT","datePublished":"2026-04-27T14:24:24+00:00","dateModified":"2026-04-27T16:57:37+00:00","mainEntityOfPage":{"@id":"https:\/\/stuttgarti-katolikusok.de\/index.php\/2026-aprilis-27-es-majus-3-kozott\/"},"wordCount":231,"image":{"@id":"https:\/\/stuttgarti-katolikusok.de\/index.php\/2026-aprilis-27-es-majus-3-kozott\/#primaryimage"},"thumbnailUrl":"https:\/\/stuttgarti-katolikusok.de\/wp-content\/uploads\/2024\/04\/bojtor-orsi.jpg","articleSection":["Progamel\u0151zetes"],"inLanguage":"hu"},{"@type":"WebPage","@id":"https:\/\/stuttgarti-katolikusok.de\/index.php\/2026-aprilis-27-es-majus-3-kozott\/","url":"https:\/\/stuttgarti-katolikusok.de\/index.php\/2026-aprilis-27-es-majus-3-kozott\/","name":"2026. \u00c1PRILIS 27 \u00c9S M\u00c1JUS 3 K\u00d6Z\u00d6TT - Stuttgarti Katolikusok","isPartOf":{"@id":"https:\/\/stuttgarti-katolikusok.de\/#website"},"primaryImageOfPage":{"@id":"https:\/\/stuttgarti-katolikusok.de\/index.php\/2026-aprilis-27-es-majus-3-kozott\/#primaryimage"},"image":{"@id":"https:\/\/stuttgarti-katolikusok.de\/index.php\/2026-aprilis-27-es-majus-3-kozott\/#primaryimage"},"thumbnailUrl":"https:\/\/stuttgarti-katolikusok.de\/wp-content\/uploads\/2024\/04\/bojtor-orsi.jpg","datePublished":"2026-04-27T14:24:24+00:00","dateModified":"2026-04-27T16:57:37+00:00","author":{"@id":"https:\/\/stuttgarti-katolikusok.de\/#\/schema\/person\/75908d6f8fdc03a57889d27209df7795"},"breadcrumb":{"@id":"https:\/\/stuttgarti-katolikusok.de\/index.php\/2026-aprilis-27-es-majus-3-kozott\/#breadcrumb"},"inLanguage":"hu","potentialAction":[{"@type":"ReadAction","target":["https:\/\/stuttgarti-katolikusok.de\/index.php\/2026-aprilis-27-es-majus-3-kozott\/"]}]},{"@type":"ImageObject","inLanguage":"hu","@id":"https:\/\/stuttgarti-katolikusok.de\/index.php\/2026-aprilis-27-es-majus-3-kozott\/#primaryimage","url":"https:\/\/stuttgarti-katolikusok.de\/wp-content\/uploads\/2024\/04\/bojtor-orsi.jpg","contentUrl":"https:\/\/stuttgarti-katolikusok.de\/wp-content\/uploads\/2024\/04\/bojtor-orsi.jpg","width":945,"height":1176},{"@type":"BreadcrumbList","@id":"https:\/\/stuttgarti-katolikusok.de\/index.php\/2026-aprilis-27-es-majus-3-kozott\/#breadcrumb","itemListElement":[{"@type":"ListItem","position":1,"name":"Kezd\u0151lap","item":"https:\/\/stuttgarti-katolikusok.de\/"},{"@type":"ListItem","position":2,"name":"2026. \u00c1PRILIS 27 \u00c9S M\u00c1JUS 3 K\u00d6Z\u00d6TT"}]},{"@type":"WebSite","@id":"https:\/\/stuttgarti-katolikusok.de\/#website","url":"https:\/\/stuttgarti-katolikusok.de\/","name":"Stuttgarti Katolikusok","description":"","potentialAction":[{"@type":"SearchAction","target":{"@type":"EntryPoint","urlTemplate":"https:\/\/stuttgarti-katolikusok.de\/?s={search_term_string}"},"query-input":{"@type":"PropertyValueSpecification","valueRequired":true,"valueName":"search_term_string"}}],"inLanguage":"hu"},{"@type":"Person","@id":"https:\/\/stuttgarti-katolikusok.de\/#\/schema\/person\/75908d6f8fdc03a57889d27209df7795","name":"Tibor atya","image":{"@type":"ImageObject","inLanguage":"hu","@id":"https:\/\/secure.gravatar.com\/avatar\/61d268e57d1f4525b111222e29d2d5a7f8c420fdbf231ba5566a8ceac74fa960?s=96&d=mm&r=g","url":"https:\/\/secure.gravatar.com\/avatar\/61d268e57d1f4525b111222e29d2d5a7f8c420fdbf231ba5566a8ceac74fa960?s=96&d=mm&r=g","contentUrl":"https:\/\/secure.gravatar.com\/avatar\/61d268e57d1f4525b111222e29d2d5a7f8c420fdbf231ba5566a8ceac74fa960?s=96&d=mm&r=g","caption":"Tibor atya"},"url":"https:\/\/stuttgarti-katolikusok.de\/index.php\/author\/tibor-atya\/"}]}},"_links":{"self":[{"href":"https:\/\/stuttgarti-katolikusok.de\/index.php\/wp-json\/wp\/v2\/posts\/33190","targetHints":{"allow":["GET"]}}],"collection":[{"href":"https:\/\/stuttgarti-katolikusok.de\/index.php\/wp-json\/wp\/v2\/posts"}],"about":[{"href":"https:\/\/stuttgarti-katolikusok.de\/index.php\/wp-json\/wp\/v2\/types\/post"}],"author":[{"embeddable":true,"href":"https:\/\/stuttgarti-katolikusok.de\/index.php\/wp-json\/wp\/v2\/users\/3"}],"replies":[{"embeddable":true,"href":"https:\/\/stuttgarti-katolikusok.de\/index.php\/wp-json\/wp\/v2\/comments?post=33190"}],"version-history":[{"count":10,"href":"https:\/\/stuttgarti-katolikusok.de\/index.php\/wp-json\/wp\/v2\/posts\/33190\/revisions"}],"predecessor-version":[{"id":33215,"href":"https:\/\/stuttgarti-katolikusok.de\/index.php\/wp-json\/wp\/v2\/posts\/33190\/revisions\/33215"}],"wp:featuredmedia":[{"embeddable":true,"href":"https:\/\/stuttgarti-katolikusok.de\/index.php\/wp-json\/wp\/v2\/media\/28810"}],"wp:attachment":[{"href":"https:\/\/stuttgarti-katolikusok.de\/index.php\/wp-json\/wp\/v2\/media?parent=33190"}],"wp:term":[{"taxonomy":"category","embeddable":true,"href":"https:\/\/stuttgarti-katolikusok.de\/index.php\/wp-json\/wp\/v2\/categories?post=33190"},{"taxonomy":"post_tag","embeddable":true,"href":"https:\/\/stuttgarti-katolikusok.de\/index.php\/wp-json\/wp\/v2\/tags?post=33190"}],"curies":[{"name":"wp","href":"https:\/\/api.w.org\/{rel}","templated":true}]}}