{"id":32544,"date":"2026-02-03T13:58:57","date_gmt":"2026-02-03T12:58:57","guid":{"rendered":"https:\/\/stuttgarti-katolikusok.de\/?p=32544"},"modified":"2026-02-03T17:38:59","modified_gmt":"2026-02-03T16:38:59","slug":"2026-februar-3-es-8-kozott","status":"publish","type":"post","link":"https:\/\/stuttgarti-katolikusok.de\/index.php\/2026-februar-3-es-8-kozott\/","title":{"rendered":"2026. FEBRU\u00c1R 3 \u00c9S 8 K\u00d6Z\u00d6TT"},"content":{"rendered":"<p><span style=\"color: #008000;\"><strong>Programel\u0151zetes<\/strong><\/span><\/p>\n<p style=\"text-align: center;\"><strong><span style=\"color: #008000;\">*<\/span><\/strong><\/p>\n<p><strong>Febru\u00e1r 5-\u00e9n<\/strong>, cs\u00fct\u00f6rt\u00f6k\u00f6n, <em><strong>Weingarteni d\u00e9lut\u00e1n<\/strong>, <\/em>17.30 \u00f3rakor<em> r\u00f3zsaf\u00fcz\u00e9rt im\u00e1dkozunk<\/em>, 18.00 \u00f3rakor<em> szentmise.<\/em><\/p>\n<p style=\"text-align: center;\"><span style=\"color: #008000;\"><strong>*<\/strong><\/span><\/p>\n<p><strong>Febru\u00e1r 6-\u00e1n<\/strong>, p\u00e9nteken, <em><strong>Stuttgarti d\u00e9lut\u00e1n<\/strong>, <\/em>17.30 \u00f3rakor<em> r\u00f3zsaf\u00fcz\u00e9rt im\u00e1dkozunk, <\/em>18.00 \u00f3rakor<em> szentmise.<\/em><\/p>\n<p style=\"text-align: center;\"><span style=\"color: #008000;\"><strong>*<\/strong><\/span><\/p>\n<p><strong>Febru\u00e1r 7-\u00e9n<\/strong>, szombaton<em>, <\/em><\/p>\n<p><strong>Stuttgartban<\/strong> 15.00 \u2013 17.00 \u00f3ra k\u00f6z\u00f6tt:<\/p>\n<p><a href=\"https:\/\/stuttgarti-katolikusok.de\/wp-content\/uploads\/2026\/02\/mustarmagocska-2026-februar7.jpeg\"><img loading=\"lazy\" decoding=\"async\" class=\"alignnone size-full wp-image-32552\" src=\"https:\/\/stuttgarti-katolikusok.de\/wp-content\/uploads\/2026\/02\/mustarmagocska-2026-februar7.jpeg\" alt=\"\" width=\"1024\" height=\"1536\" \/><\/a><\/p>\n<p><strong>Balingenben <\/strong>16.00 \u00f3rakor<em> b\u00facs\u00fas-szentmise, Szent Magyar P\u00e1l, a k\u00f6z\u00f6ss\u00e9g v\u00e9d\u0151szentje. <\/em>Szentmise v\u00e9gezt\u00e9vel<em> gyertyaszentel\u00e9s <\/em>\u00e9s<em> Bal\u00e1zs-\u00e1ld\u00e1s. <\/em>Ut\u00e1na <em>agap\u00e9.\u00a0<\/em><\/p>\n<p><em> <a href=\"https:\/\/stuttgarti-katolikusok.de\/wp-content\/uploads\/2025\/01\/boldog-magyar-pal-honlap.jpg\"><img loading=\"lazy\" decoding=\"async\" class=\"alignnone size-full wp-image-30188\" src=\"https:\/\/stuttgarti-katolikusok.de\/wp-content\/uploads\/2025\/01\/boldog-magyar-pal-honlap.jpg\" alt=\"\" width=\"481\" height=\"818\" srcset=\"https:\/\/stuttgarti-katolikusok.de\/wp-content\/uploads\/2025\/01\/boldog-magyar-pal-honlap.jpg 481w, https:\/\/stuttgarti-katolikusok.de\/wp-content\/uploads\/2025\/01\/boldog-magyar-pal-honlap-176x300.jpg 176w\" sizes=\"auto, (max-width: 481px) 100vw, 481px\" \/><\/a><\/em><\/p>\n<p style=\"text-align: center;\"><span style=\"color: #008000;\"><strong>*<\/strong><\/span><\/p>\n<p><strong>Febru\u00e1r 8-\u00e1n,<\/strong> <span style=\"color: #008000;\"><em><strong>\u00c9vk\u00f6zi 5. vas\u00e1rnap<\/strong><\/em><\/span><em>,<\/em><\/p>\n<p><strong>Weingartenben <\/strong>10.00 \u00f3rakor<em> szentmise, <\/em><em>gyertyaszentel\u00e9s, <\/em>v\u00e9gezt\u00e9vel<em> Bal\u00e1zs-\u00e1ld\u00e1s. <\/em>Ut\u00e1na <em>agap\u00e9, <\/em><\/p>\n<p><strong>Munderkingenben <\/strong>16.00 \u00f3rakor<em> szentmise, <\/em><em>gyertyaszentel\u00e9s, <\/em>v\u00e9gezt\u00e9vel<em> Bal\u00e1zs-\u00e1ld\u00e1s. <\/em>Ut\u00e1na <em>agap\u00e9. <\/em><em>Helysz\u00edn: St. Dionysius Kirche, Kirchhof 2, 89597 Munderkingen. <\/em><\/p>\n<p style=\"text-align: center;\"><span style=\"color: #008000;\"><strong>*<\/strong><\/span><\/p>\n<p>Minden helyen mindenkit szeretettel v\u00e1r a k\u00f6z\u00f6ss\u00e9g \u00e9s Tibor atya!<\/p>\n<p style=\"text-align: center;\"><span style=\"color: #008000;\"><strong>*<\/strong><\/span><\/p>\n<p><a href=\"https:\/\/stuttgarti-katolikusok.de\/wp-content\/uploads\/2021\/02\/ketsegbeeses.jpg\"><img loading=\"lazy\" decoding=\"async\" class=\"alignnone size-full wp-image-21176\" src=\"https:\/\/stuttgarti-katolikusok.de\/wp-content\/uploads\/2021\/02\/ketsegbeeses.jpg\" alt=\"\" width=\"1280\" height=\"721\" srcset=\"https:\/\/stuttgarti-katolikusok.de\/wp-content\/uploads\/2021\/02\/ketsegbeeses.jpg 1280w, https:\/\/stuttgarti-katolikusok.de\/wp-content\/uploads\/2021\/02\/ketsegbeeses-300x169.jpg 300w, https:\/\/stuttgarti-katolikusok.de\/wp-content\/uploads\/2021\/02\/ketsegbeeses-1024x577.jpg 1024w\" sizes=\"auto, (max-width: 1280px) 100vw, 1280px\" \/><\/a><\/p>\n<p style=\"text-align: center;\"><span style=\"color: #008000;\"><strong>*<\/strong>\u00a0<\/span><\/p>\n<p><span style=\"color: #008000;\"><em><strong>Bens\u0151s\u00e9ges \u00e9s kellemes farsangi napokat, j\u00f3 tal\u00e1lkoz\u00e1sokat \u00e9s sok \u00f6r\u00f6met k\u00edv\u00e1nok minden kedves H\u00edvemnek.<\/strong><\/em><\/span><\/p>\n<p style=\"text-align: center;\"><span style=\"color: #008000;\"><strong>*<\/strong><\/span><\/p>\n<p><em><strong>\u00a0<\/strong><\/em><em><strong>\u201eA testi betegs\u00e9gekre ott vannak a gy\u00f3gyszerek, de a mag\u00e1nyt, k\u00e9ts\u00e9gbees\u00e9st \u00e9s rem\u00e9nytelens\u00e9get egyed\u00fcl a szeretet k\u00e9pes meggy\u00f3gy\u00edtani. Sokan vannak a vil\u00e1gban, akik egy darabka keny\u00e9rre \u00e9heznek, de m\u00e9g t\u00f6bben olyanok, akik csak egy kis szeretetre.\u201d <\/strong>(<\/em><em>Kalkuttai Szent Ter\u00e9z, 1910 &#8211; 1997)<\/em><\/p>\n<p><em>(K\u00e9pek forr\u00e1sa: Pixabay)<\/em><\/p>\n","protected":false},"excerpt":{"rendered":"<p>Programel\u0151zetes * Febru\u00e1r 5-\u00e9n, cs\u00fct\u00f6rt\u00f6k\u00f6n, Weingarteni d\u00e9lut\u00e1n, 17.30 \u00f3rakor r\u00f3zsaf\u00fcz\u00e9rt im\u00e1dkozunk, 18.00 \u00f3rakor szentmise. * Febru\u00e1r 6-\u00e1n, p\u00e9nteken, Stuttgarti d\u00e9lut\u00e1n, 17.30 \u00f3rakor r\u00f3zsaf\u00fcz\u00e9rt im\u00e1dkozunk, 18.00 \u00f3rakor szentmise. * Febru\u00e1r 7-\u00e9n, szombaton, Stuttgartban 15.00 \u2013 17.00 \u00f3ra k\u00f6z\u00f6tt: Balingenben 16.00 \u00f3rakor b\u00facs\u00fas-szentmise, Szent Magyar P\u00e1l, a k\u00f6z\u00f6ss\u00e9g v\u00e9d\u0151szentje. Szentmise v\u00e9gezt\u00e9vel gyertyaszentel\u00e9s \u00e9s Bal\u00e1zs-\u00e1ld\u00e1s. Ut\u00e1na agap\u00e9.\u00a0 * Febru\u00e1r 8-\u00e1n, \u00c9vk\u00f6zi 5. vas\u00e1rnap, Weingartenben 10.00 \u00f3rakor szentmise, gyertyaszentel\u00e9s, v\u00e9gezt\u00e9vel Bal\u00e1zs-\u00e1ld\u00e1s. Ut\u00e1na agap\u00e9, Munderkingenben 16.00 \u00f3rakor szentmise, gyertyaszentel\u00e9s, v\u00e9gezt\u00e9vel Bal\u00e1zs-\u00e1ld\u00e1s. Ut\u00e1na agap\u00e9. Helysz\u00edn: St. Dionysius Kirche, Kirchhof 2, 89597 Munderkingen. * Minden helyen mindenkit szeretettel v\u00e1r a k\u00f6z\u00f6ss\u00e9g \u00e9s Tibor atya! * *\u00a0 Bens\u0151s\u00e9ges \u00e9s kellemes farsangi napokat, j\u00f3 tal\u00e1lkoz\u00e1sokat \u00e9s sok \u00f6r\u00f6met k\u00edv\u00e1nok minden kedves H\u00edvemnek. * \u00a0\u201eA testi betegs\u00e9gekre ott vannak a gy\u00f3gyszerek, de a mag\u00e1nyt, k\u00e9ts\u00e9gbees\u00e9st \u00e9s rem\u00e9nytelens\u00e9get egyed\u00fcl a szeretet k\u00e9pes meggy\u00f3gy\u00edtani. Sokan vannak a vil\u00e1gban, akik egy darabka keny\u00e9rre \u00e9heznek, de m\u00e9g t\u00f6bben olyanok, akik csak egy kis szeretetre.\u201d (Kalkuttai Szent Ter\u00e9z, 1910 &#8211; 1997) (K\u00e9pek forr\u00e1sa: Pixabay)<\/p>\n","protected":false},"author":3,"featured_media":24734,"comment_status":"closed","ping_status":"closed","sticky":false,"template":"","format":"standard","meta":{"footnotes":""},"categories":[37],"tags":[],"class_list":["post-32544","post","type-post","status-publish","format-standard","has-post-thumbnail","hentry","category-progamelozetes"],"yoast_head":"<!-- This site is optimized with the Yoast SEO plugin v27.3 - https:\/\/yoast.com\/product\/yoast-seo-wordpress\/ -->\n<title>2026. FEBRU\u00c1R 3 \u00c9S 8 K\u00d6Z\u00d6TT - Stuttgarti Katolikusok<\/title>\n<meta name=\"robots\" content=\"index, follow, max-snippet:-1, max-image-preview:large, max-video-preview:-1\" \/>\n<link rel=\"canonical\" href=\"https:\/\/stuttgarti-katolikusok.de\/index.php\/2026-februar-3-es-8-kozott\/\" \/>\n<meta property=\"og:locale\" content=\"hu_HU\" \/>\n<meta property=\"og:type\" content=\"article\" \/>\n<meta property=\"og:title\" content=\"2026. FEBRU\u00c1R 3 \u00c9S 8 K\u00d6Z\u00d6TT - Stuttgarti Katolikusok\" \/>\n<meta property=\"og:description\" content=\"Programel\u0151zetes * Febru\u00e1r 5-\u00e9n, cs\u00fct\u00f6rt\u00f6k\u00f6n, Weingarteni d\u00e9lut\u00e1n, 17.30 \u00f3rakor r\u00f3zsaf\u00fcz\u00e9rt im\u00e1dkozunk, 18.00 \u00f3rakor szentmise. * Febru\u00e1r 6-\u00e1n, p\u00e9nteken, Stuttgarti d\u00e9lut\u00e1n, 17.30 \u00f3rakor r\u00f3zsaf\u00fcz\u00e9rt im\u00e1dkozunk, 18.00 \u00f3rakor szentmise. * Febru\u00e1r 7-\u00e9n, szombaton, Stuttgartban 15.00 \u2013 17.00 \u00f3ra k\u00f6z\u00f6tt: Balingenben 16.00 \u00f3rakor b\u00facs\u00fas-szentmise, Szent Magyar P\u00e1l, a k\u00f6z\u00f6ss\u00e9g v\u00e9d\u0151szentje. Szentmise v\u00e9gezt\u00e9vel gyertyaszentel\u00e9s \u00e9s Bal\u00e1zs-\u00e1ld\u00e1s. Ut\u00e1na agap\u00e9.\u00a0 * Febru\u00e1r 8-\u00e1n, \u00c9vk\u00f6zi 5. vas\u00e1rnap, Weingartenben 10.00 \u00f3rakor szentmise, gyertyaszentel\u00e9s, v\u00e9gezt\u00e9vel Bal\u00e1zs-\u00e1ld\u00e1s. Ut\u00e1na agap\u00e9, Munderkingenben 16.00 \u00f3rakor szentmise, gyertyaszentel\u00e9s, v\u00e9gezt\u00e9vel Bal\u00e1zs-\u00e1ld\u00e1s. Ut\u00e1na agap\u00e9. Helysz\u00edn: St. Dionysius Kirche, Kirchhof 2, 89597 Munderkingen. * Minden helyen mindenkit szeretettel v\u00e1r a k\u00f6z\u00f6ss\u00e9g \u00e9s Tibor atya! * *\u00a0 Bens\u0151s\u00e9ges \u00e9s kellemes farsangi napokat, j\u00f3 tal\u00e1lkoz\u00e1sokat \u00e9s sok \u00f6r\u00f6met k\u00edv\u00e1nok minden kedves H\u00edvemnek. * \u00a0\u201eA testi betegs\u00e9gekre ott vannak a gy\u00f3gyszerek, de a mag\u00e1nyt, k\u00e9ts\u00e9gbees\u00e9st \u00e9s rem\u00e9nytelens\u00e9get egyed\u00fcl a szeretet k\u00e9pes meggy\u00f3gy\u00edtani. Sokan vannak a vil\u00e1gban, akik egy darabka keny\u00e9rre \u00e9heznek, de m\u00e9g t\u00f6bben olyanok, akik csak egy kis szeretetre.\u201d (Kalkuttai Szent Ter\u00e9z, 1910 &#8211; 1997) (K\u00e9pek forr\u00e1sa: Pixabay)\" \/>\n<meta property=\"og:url\" content=\"https:\/\/stuttgarti-katolikusok.de\/index.php\/2026-februar-3-es-8-kozott\/\" \/>\n<meta property=\"og:site_name\" content=\"Stuttgarti Katolikusok\" \/>\n<meta property=\"article:published_time\" content=\"2026-02-03T12:58:57+00:00\" \/>\n<meta property=\"article:modified_time\" content=\"2026-02-03T16:38:59+00:00\" \/>\n<meta property=\"og:image\" content=\"https:\/\/stuttgarti-katolikusok.de\/wp-content\/uploads\/2023\/01\/fishermen-g0f611ecf0-1280.jpg\" \/>\n\t<meta property=\"og:image:width\" content=\"1280\" \/>\n\t<meta property=\"og:image:height\" content=\"853\" \/>\n\t<meta property=\"og:image:type\" content=\"image\/jpeg\" \/>\n<meta name=\"author\" content=\"Tibor atya\" \/>\n<meta name=\"twitter:card\" content=\"summary_large_image\" \/>\n<meta name=\"twitter:label1\" content=\"Szerz\u0151:\" \/>\n\t<meta name=\"twitter:data1\" content=\"Tibor atya\" \/>\n\t<meta name=\"twitter:label2\" content=\"Becs\u00fclt olvas\u00e1si id\u0151\" \/>\n\t<meta name=\"twitter:data2\" content=\"2 perc\" \/>\n<script type=\"application\/ld+json\" class=\"yoast-schema-graph\">{\"@context\":\"https:\\\/\\\/schema.org\",\"@graph\":[{\"@type\":\"Article\",\"@id\":\"https:\\\/\\\/stuttgarti-katolikusok.de\\\/index.php\\\/2026-februar-3-es-8-kozott\\\/#article\",\"isPartOf\":{\"@id\":\"https:\\\/\\\/stuttgarti-katolikusok.de\\\/index.php\\\/2026-februar-3-es-8-kozott\\\/\"},\"author\":{\"name\":\"Tibor atya\",\"@id\":\"https:\\\/\\\/stuttgarti-katolikusok.de\\\/#\\\/schema\\\/person\\\/75908d6f8fdc03a57889d27209df7795\"},\"headline\":\"2026. FEBRU\u00c1R 3 \u00c9S 8 K\u00d6Z\u00d6TT\",\"datePublished\":\"2026-02-03T12:58:57+00:00\",\"dateModified\":\"2026-02-03T16:38:59+00:00\",\"mainEntityOfPage\":{\"@id\":\"https:\\\/\\\/stuttgarti-katolikusok.de\\\/index.php\\\/2026-februar-3-es-8-kozott\\\/\"},\"wordCount\":233,\"image\":{\"@id\":\"https:\\\/\\\/stuttgarti-katolikusok.de\\\/index.php\\\/2026-februar-3-es-8-kozott\\\/#primaryimage\"},\"thumbnailUrl\":\"https:\\\/\\\/stuttgarti-katolikusok.de\\\/wp-content\\\/uploads\\\/2023\\\/01\\\/fishermen-g0f611ecf0-1280.jpg\",\"articleSection\":[\"Progamel\u0151zetes\"],\"inLanguage\":\"hu\"},{\"@type\":\"WebPage\",\"@id\":\"https:\\\/\\\/stuttgarti-katolikusok.de\\\/index.php\\\/2026-februar-3-es-8-kozott\\\/\",\"url\":\"https:\\\/\\\/stuttgarti-katolikusok.de\\\/index.php\\\/2026-februar-3-es-8-kozott\\\/\",\"name\":\"2026. FEBRU\u00c1R 3 \u00c9S 8 K\u00d6Z\u00d6TT - Stuttgarti Katolikusok\",\"isPartOf\":{\"@id\":\"https:\\\/\\\/stuttgarti-katolikusok.de\\\/#website\"},\"primaryImageOfPage\":{\"@id\":\"https:\\\/\\\/stuttgarti-katolikusok.de\\\/index.php\\\/2026-februar-3-es-8-kozott\\\/#primaryimage\"},\"image\":{\"@id\":\"https:\\\/\\\/stuttgarti-katolikusok.de\\\/index.php\\\/2026-februar-3-es-8-kozott\\\/#primaryimage\"},\"thumbnailUrl\":\"https:\\\/\\\/stuttgarti-katolikusok.de\\\/wp-content\\\/uploads\\\/2023\\\/01\\\/fishermen-g0f611ecf0-1280.jpg\",\"datePublished\":\"2026-02-03T12:58:57+00:00\",\"dateModified\":\"2026-02-03T16:38:59+00:00\",\"author\":{\"@id\":\"https:\\\/\\\/stuttgarti-katolikusok.de\\\/#\\\/schema\\\/person\\\/75908d6f8fdc03a57889d27209df7795\"},\"breadcrumb\":{\"@id\":\"https:\\\/\\\/stuttgarti-katolikusok.de\\\/index.php\\\/2026-februar-3-es-8-kozott\\\/#breadcrumb\"},\"inLanguage\":\"hu\",\"potentialAction\":[{\"@type\":\"ReadAction\",\"target\":[\"https:\\\/\\\/stuttgarti-katolikusok.de\\\/index.php\\\/2026-februar-3-es-8-kozott\\\/\"]}]},{\"@type\":\"ImageObject\",\"inLanguage\":\"hu\",\"@id\":\"https:\\\/\\\/stuttgarti-katolikusok.de\\\/index.php\\\/2026-februar-3-es-8-kozott\\\/#primaryimage\",\"url\":\"https:\\\/\\\/stuttgarti-katolikusok.de\\\/wp-content\\\/uploads\\\/2023\\\/01\\\/fishermen-g0f611ecf0-1280.jpg\",\"contentUrl\":\"https:\\\/\\\/stuttgarti-katolikusok.de\\\/wp-content\\\/uploads\\\/2023\\\/01\\\/fishermen-g0f611ecf0-1280.jpg\",\"width\":1280,\"height\":853},{\"@type\":\"BreadcrumbList\",\"@id\":\"https:\\\/\\\/stuttgarti-katolikusok.de\\\/index.php\\\/2026-februar-3-es-8-kozott\\\/#breadcrumb\",\"itemListElement\":[{\"@type\":\"ListItem\",\"position\":1,\"name\":\"Kezd\u0151lap\",\"item\":\"https:\\\/\\\/stuttgarti-katolikusok.de\\\/\"},{\"@type\":\"ListItem\",\"position\":2,\"name\":\"2026. FEBRU\u00c1R 3 \u00c9S 8 K\u00d6Z\u00d6TT\"}]},{\"@type\":\"WebSite\",\"@id\":\"https:\\\/\\\/stuttgarti-katolikusok.de\\\/#website\",\"url\":\"https:\\\/\\\/stuttgarti-katolikusok.de\\\/\",\"name\":\"Stuttgarti Katolikusok\",\"description\":\"\",\"potentialAction\":[{\"@type\":\"SearchAction\",\"target\":{\"@type\":\"EntryPoint\",\"urlTemplate\":\"https:\\\/\\\/stuttgarti-katolikusok.de\\\/?s={search_term_string}\"},\"query-input\":{\"@type\":\"PropertyValueSpecification\",\"valueRequired\":true,\"valueName\":\"search_term_string\"}}],\"inLanguage\":\"hu\"},{\"@type\":\"Person\",\"@id\":\"https:\\\/\\\/stuttgarti-katolikusok.de\\\/#\\\/schema\\\/person\\\/75908d6f8fdc03a57889d27209df7795\",\"name\":\"Tibor atya\",\"image\":{\"@type\":\"ImageObject\",\"inLanguage\":\"hu\",\"@id\":\"https:\\\/\\\/secure.gravatar.com\\\/avatar\\\/61d268e57d1f4525b111222e29d2d5a7f8c420fdbf231ba5566a8ceac74fa960?s=96&d=mm&r=g\",\"url\":\"https:\\\/\\\/secure.gravatar.com\\\/avatar\\\/61d268e57d1f4525b111222e29d2d5a7f8c420fdbf231ba5566a8ceac74fa960?s=96&d=mm&r=g\",\"contentUrl\":\"https:\\\/\\\/secure.gravatar.com\\\/avatar\\\/61d268e57d1f4525b111222e29d2d5a7f8c420fdbf231ba5566a8ceac74fa960?s=96&d=mm&r=g\",\"caption\":\"Tibor atya\"},\"url\":\"https:\\\/\\\/stuttgarti-katolikusok.de\\\/index.php\\\/author\\\/tibor-atya\\\/\"}]}<\/script>\n<!-- \/ Yoast SEO plugin. -->","yoast_head_json":{"title":"2026. FEBRU\u00c1R 3 \u00c9S 8 K\u00d6Z\u00d6TT - Stuttgarti Katolikusok","robots":{"index":"index","follow":"follow","max-snippet":"max-snippet:-1","max-image-preview":"max-image-preview:large","max-video-preview":"max-video-preview:-1"},"canonical":"https:\/\/stuttgarti-katolikusok.de\/index.php\/2026-februar-3-es-8-kozott\/","og_locale":"hu_HU","og_type":"article","og_title":"2026. FEBRU\u00c1R 3 \u00c9S 8 K\u00d6Z\u00d6TT - Stuttgarti Katolikusok","og_description":"Programel\u0151zetes * Febru\u00e1r 5-\u00e9n, cs\u00fct\u00f6rt\u00f6k\u00f6n, Weingarteni d\u00e9lut\u00e1n, 17.30 \u00f3rakor r\u00f3zsaf\u00fcz\u00e9rt im\u00e1dkozunk, 18.00 \u00f3rakor szentmise. * Febru\u00e1r 6-\u00e1n, p\u00e9nteken, Stuttgarti d\u00e9lut\u00e1n, 17.30 \u00f3rakor r\u00f3zsaf\u00fcz\u00e9rt im\u00e1dkozunk, 18.00 \u00f3rakor szentmise. * Febru\u00e1r 7-\u00e9n, szombaton, Stuttgartban 15.00 \u2013 17.00 \u00f3ra k\u00f6z\u00f6tt: Balingenben 16.00 \u00f3rakor b\u00facs\u00fas-szentmise, Szent Magyar P\u00e1l, a k\u00f6z\u00f6ss\u00e9g v\u00e9d\u0151szentje. Szentmise v\u00e9gezt\u00e9vel gyertyaszentel\u00e9s \u00e9s Bal\u00e1zs-\u00e1ld\u00e1s. Ut\u00e1na agap\u00e9.\u00a0 * Febru\u00e1r 8-\u00e1n, \u00c9vk\u00f6zi 5. vas\u00e1rnap, Weingartenben 10.00 \u00f3rakor szentmise, gyertyaszentel\u00e9s, v\u00e9gezt\u00e9vel Bal\u00e1zs-\u00e1ld\u00e1s. Ut\u00e1na agap\u00e9, Munderkingenben 16.00 \u00f3rakor szentmise, gyertyaszentel\u00e9s, v\u00e9gezt\u00e9vel Bal\u00e1zs-\u00e1ld\u00e1s. Ut\u00e1na agap\u00e9. Helysz\u00edn: St. Dionysius Kirche, Kirchhof 2, 89597 Munderkingen. * Minden helyen mindenkit szeretettel v\u00e1r a k\u00f6z\u00f6ss\u00e9g \u00e9s Tibor atya! * *\u00a0 Bens\u0151s\u00e9ges \u00e9s kellemes farsangi napokat, j\u00f3 tal\u00e1lkoz\u00e1sokat \u00e9s sok \u00f6r\u00f6met k\u00edv\u00e1nok minden kedves H\u00edvemnek. * \u00a0\u201eA testi betegs\u00e9gekre ott vannak a gy\u00f3gyszerek, de a mag\u00e1nyt, k\u00e9ts\u00e9gbees\u00e9st \u00e9s rem\u00e9nytelens\u00e9get egyed\u00fcl a szeretet k\u00e9pes meggy\u00f3gy\u00edtani. Sokan vannak a vil\u00e1gban, akik egy darabka keny\u00e9rre \u00e9heznek, de m\u00e9g t\u00f6bben olyanok, akik csak egy kis szeretetre.\u201d (Kalkuttai Szent Ter\u00e9z, 1910 &#8211; 1997) (K\u00e9pek forr\u00e1sa: Pixabay)","og_url":"https:\/\/stuttgarti-katolikusok.de\/index.php\/2026-februar-3-es-8-kozott\/","og_site_name":"Stuttgarti Katolikusok","article_published_time":"2026-02-03T12:58:57+00:00","article_modified_time":"2026-02-03T16:38:59+00:00","og_image":[{"width":1280,"height":853,"url":"https:\/\/stuttgarti-katolikusok.de\/wp-content\/uploads\/2023\/01\/fishermen-g0f611ecf0-1280.jpg","type":"image\/jpeg"}],"author":"Tibor atya","twitter_card":"summary_large_image","twitter_misc":{"Szerz\u0151:":"Tibor atya","Becs\u00fclt olvas\u00e1si id\u0151":"2 perc"},"schema":{"@context":"https:\/\/schema.org","@graph":[{"@type":"Article","@id":"https:\/\/stuttgarti-katolikusok.de\/index.php\/2026-februar-3-es-8-kozott\/#article","isPartOf":{"@id":"https:\/\/stuttgarti-katolikusok.de\/index.php\/2026-februar-3-es-8-kozott\/"},"author":{"name":"Tibor atya","@id":"https:\/\/stuttgarti-katolikusok.de\/#\/schema\/person\/75908d6f8fdc03a57889d27209df7795"},"headline":"2026. FEBRU\u00c1R 3 \u00c9S 8 K\u00d6Z\u00d6TT","datePublished":"2026-02-03T12:58:57+00:00","dateModified":"2026-02-03T16:38:59+00:00","mainEntityOfPage":{"@id":"https:\/\/stuttgarti-katolikusok.de\/index.php\/2026-februar-3-es-8-kozott\/"},"wordCount":233,"image":{"@id":"https:\/\/stuttgarti-katolikusok.de\/index.php\/2026-februar-3-es-8-kozott\/#primaryimage"},"thumbnailUrl":"https:\/\/stuttgarti-katolikusok.de\/wp-content\/uploads\/2023\/01\/fishermen-g0f611ecf0-1280.jpg","articleSection":["Progamel\u0151zetes"],"inLanguage":"hu"},{"@type":"WebPage","@id":"https:\/\/stuttgarti-katolikusok.de\/index.php\/2026-februar-3-es-8-kozott\/","url":"https:\/\/stuttgarti-katolikusok.de\/index.php\/2026-februar-3-es-8-kozott\/","name":"2026. FEBRU\u00c1R 3 \u00c9S 8 K\u00d6Z\u00d6TT - Stuttgarti Katolikusok","isPartOf":{"@id":"https:\/\/stuttgarti-katolikusok.de\/#website"},"primaryImageOfPage":{"@id":"https:\/\/stuttgarti-katolikusok.de\/index.php\/2026-februar-3-es-8-kozott\/#primaryimage"},"image":{"@id":"https:\/\/stuttgarti-katolikusok.de\/index.php\/2026-februar-3-es-8-kozott\/#primaryimage"},"thumbnailUrl":"https:\/\/stuttgarti-katolikusok.de\/wp-content\/uploads\/2023\/01\/fishermen-g0f611ecf0-1280.jpg","datePublished":"2026-02-03T12:58:57+00:00","dateModified":"2026-02-03T16:38:59+00:00","author":{"@id":"https:\/\/stuttgarti-katolikusok.de\/#\/schema\/person\/75908d6f8fdc03a57889d27209df7795"},"breadcrumb":{"@id":"https:\/\/stuttgarti-katolikusok.de\/index.php\/2026-februar-3-es-8-kozott\/#breadcrumb"},"inLanguage":"hu","potentialAction":[{"@type":"ReadAction","target":["https:\/\/stuttgarti-katolikusok.de\/index.php\/2026-februar-3-es-8-kozott\/"]}]},{"@type":"ImageObject","inLanguage":"hu","@id":"https:\/\/stuttgarti-katolikusok.de\/index.php\/2026-februar-3-es-8-kozott\/#primaryimage","url":"https:\/\/stuttgarti-katolikusok.de\/wp-content\/uploads\/2023\/01\/fishermen-g0f611ecf0-1280.jpg","contentUrl":"https:\/\/stuttgarti-katolikusok.de\/wp-content\/uploads\/2023\/01\/fishermen-g0f611ecf0-1280.jpg","width":1280,"height":853},{"@type":"BreadcrumbList","@id":"https:\/\/stuttgarti-katolikusok.de\/index.php\/2026-februar-3-es-8-kozott\/#breadcrumb","itemListElement":[{"@type":"ListItem","position":1,"name":"Kezd\u0151lap","item":"https:\/\/stuttgarti-katolikusok.de\/"},{"@type":"ListItem","position":2,"name":"2026. FEBRU\u00c1R 3 \u00c9S 8 K\u00d6Z\u00d6TT"}]},{"@type":"WebSite","@id":"https:\/\/stuttgarti-katolikusok.de\/#website","url":"https:\/\/stuttgarti-katolikusok.de\/","name":"Stuttgarti Katolikusok","description":"","potentialAction":[{"@type":"SearchAction","target":{"@type":"EntryPoint","urlTemplate":"https:\/\/stuttgarti-katolikusok.de\/?s={search_term_string}"},"query-input":{"@type":"PropertyValueSpecification","valueRequired":true,"valueName":"search_term_string"}}],"inLanguage":"hu"},{"@type":"Person","@id":"https:\/\/stuttgarti-katolikusok.de\/#\/schema\/person\/75908d6f8fdc03a57889d27209df7795","name":"Tibor atya","image":{"@type":"ImageObject","inLanguage":"hu","@id":"https:\/\/secure.gravatar.com\/avatar\/61d268e57d1f4525b111222e29d2d5a7f8c420fdbf231ba5566a8ceac74fa960?s=96&d=mm&r=g","url":"https:\/\/secure.gravatar.com\/avatar\/61d268e57d1f4525b111222e29d2d5a7f8c420fdbf231ba5566a8ceac74fa960?s=96&d=mm&r=g","contentUrl":"https:\/\/secure.gravatar.com\/avatar\/61d268e57d1f4525b111222e29d2d5a7f8c420fdbf231ba5566a8ceac74fa960?s=96&d=mm&r=g","caption":"Tibor atya"},"url":"https:\/\/stuttgarti-katolikusok.de\/index.php\/author\/tibor-atya\/"}]}},"_links":{"self":[{"href":"https:\/\/stuttgarti-katolikusok.de\/index.php\/wp-json\/wp\/v2\/posts\/32544","targetHints":{"allow":["GET"]}}],"collection":[{"href":"https:\/\/stuttgarti-katolikusok.de\/index.php\/wp-json\/wp\/v2\/posts"}],"about":[{"href":"https:\/\/stuttgarti-katolikusok.de\/index.php\/wp-json\/wp\/v2\/types\/post"}],"author":[{"embeddable":true,"href":"https:\/\/stuttgarti-katolikusok.de\/index.php\/wp-json\/wp\/v2\/users\/3"}],"replies":[{"embeddable":true,"href":"https:\/\/stuttgarti-katolikusok.de\/index.php\/wp-json\/wp\/v2\/comments?post=32544"}],"version-history":[{"count":5,"href":"https:\/\/stuttgarti-katolikusok.de\/index.php\/wp-json\/wp\/v2\/posts\/32544\/revisions"}],"predecessor-version":[{"id":32553,"href":"https:\/\/stuttgarti-katolikusok.de\/index.php\/wp-json\/wp\/v2\/posts\/32544\/revisions\/32553"}],"wp:featuredmedia":[{"embeddable":true,"href":"https:\/\/stuttgarti-katolikusok.de\/index.php\/wp-json\/wp\/v2\/media\/24734"}],"wp:attachment":[{"href":"https:\/\/stuttgarti-katolikusok.de\/index.php\/wp-json\/wp\/v2\/media?parent=32544"}],"wp:term":[{"taxonomy":"category","embeddable":true,"href":"https:\/\/stuttgarti-katolikusok.de\/index.php\/wp-json\/wp\/v2\/categories?post=32544"},{"taxonomy":"post_tag","embeddable":true,"href":"https:\/\/stuttgarti-katolikusok.de\/index.php\/wp-json\/wp\/v2\/tags?post=32544"}],"curies":[{"name":"wp","href":"https:\/\/api.w.org\/{rel}","templated":true}]}}