{"id":32279,"date":"2025-12-25T00:17:13","date_gmt":"2025-12-24T23:17:13","guid":{"rendered":"https:\/\/stuttgarti-katolikusok.de\/?p=32279"},"modified":"2025-12-25T00:17:13","modified_gmt":"2025-12-24T23:17:13","slug":"2026-januar","status":"publish","type":"post","link":"https:\/\/stuttgarti-katolikusok.de\/index.php\/2026-januar\/","title":{"rendered":"2026 JANU\u00c1R"},"content":{"rendered":"<p><span style=\"color: #ff6600;\"><em>&#8222;N\u00e9zd, a tenyerembe rajzoltalak!&#8221; (Iz 49,16)<\/em><\/span><\/p>\n<p><span style=\"color: #ff6600;\"><em>Sohase feledjem, \u0150 mindig szeme el\u0151tt tart engem. Ennyire fontos vagyok sz\u00e1m\u00e1ra. Nem m\u00e1s ez, mint a bizalom jele.\u00a0<\/em><\/span><\/p>\n<p><span style=\"color: #ff6600;\"><em>Rajzoljam h\u00e1t tenyerembe mindazokat, akik sz\u00e1momra fontosak, akiket felt\u00e9tlen bizalommal tudok megaj\u00e1nd\u00e9kozni.<\/em><\/span><\/p>\n<p><span style=\"color: #ff6600;\"><em>Szerkeszt\u0151 t\u00e1rasainkkal b\u00e9k\u00e9s \u00e9s Isten kegyelm\u00e9ben b\u0151velked\u0151 \u00faj esztend\u0151t k\u00edv\u00e1nunk!<\/em><\/span><\/p>\n<a href=\"https:\/\/stuttgarti-katolikusok.de\/wp-content\/uploads\/2025\/12\/Baratom_Januar_Web.pdf\" class=\"pdfemb-viewer\" style=\"\" data-width=\"max\" data-height=\"max\" data-toolbar=\"bottom\" data-toolbar-fixed=\"off\">Baratom_Januar_Web<\/a>\n","protected":false},"excerpt":{"rendered":"<p>&#8222;N\u00e9zd, a tenyerembe rajzoltalak!&#8221; (Iz 49,16) Sohase feledjem, \u0150 mindig szeme el\u0151tt tart engem. Ennyire fontos vagyok sz\u00e1m\u00e1ra. Nem m\u00e1s ez, mint a bizalom jele.\u00a0 Rajzoljam h\u00e1t tenyerembe mindazokat, akik sz\u00e1momra fontosak, akiket felt\u00e9tlen bizalommal tudok megaj\u00e1nd\u00e9kozni. Szerkeszt\u0151 t\u00e1rasainkkal b\u00e9k\u00e9s \u00e9s Isten kegyelm\u00e9ben b\u0151velked\u0151 \u00faj esztend\u0151t k\u00edv\u00e1nunk!<\/p>\n","protected":false},"author":3,"featured_media":32281,"comment_status":"closed","ping_status":"closed","sticky":false,"template":"","format":"standard","meta":{"footnotes":""},"categories":[29],"tags":[],"class_list":["post-32279","post","type-post","status-publish","format-standard","has-post-thumbnail","hentry","category-baratom"],"yoast_head":"<!-- This site is optimized with the Yoast SEO plugin v27.3 - https:\/\/yoast.com\/product\/yoast-seo-wordpress\/ -->\n<title>2026 JANU\u00c1R - Stuttgarti Katolikusok<\/title>\n<meta name=\"robots\" content=\"index, follow, max-snippet:-1, max-image-preview:large, max-video-preview:-1\" \/>\n<link rel=\"canonical\" href=\"https:\/\/stuttgarti-katolikusok.de\/index.php\/2026-januar\/\" \/>\n<meta property=\"og:locale\" content=\"hu_HU\" \/>\n<meta property=\"og:type\" content=\"article\" \/>\n<meta property=\"og:title\" content=\"2026 JANU\u00c1R - Stuttgarti Katolikusok\" \/>\n<meta property=\"og:description\" content=\"&#8222;N\u00e9zd, a tenyerembe rajzoltalak!&#8221; (Iz 49,16) Sohase feledjem, \u0150 mindig szeme el\u0151tt tart engem. Ennyire fontos vagyok sz\u00e1m\u00e1ra. Nem m\u00e1s ez, mint a bizalom jele.\u00a0 Rajzoljam h\u00e1t tenyerembe mindazokat, akik sz\u00e1momra fontosak, akiket felt\u00e9tlen bizalommal tudok megaj\u00e1nd\u00e9kozni. Szerkeszt\u0151 t\u00e1rasainkkal b\u00e9k\u00e9s \u00e9s Isten kegyelm\u00e9ben b\u0151velked\u0151 \u00faj esztend\u0151t k\u00edv\u00e1nunk!\" \/>\n<meta property=\"og:url\" content=\"https:\/\/stuttgarti-katolikusok.de\/index.php\/2026-januar\/\" \/>\n<meta property=\"og:site_name\" content=\"Stuttgarti Katolikusok\" \/>\n<meta property=\"article:published_time\" content=\"2025-12-24T23:17:13+00:00\" \/>\n<meta property=\"og:image\" content=\"https:\/\/stuttgarti-katolikusok.de\/wp-content\/uploads\/2025\/12\/mtl-web.jpg\" \/>\n\t<meta property=\"og:image:width\" content=\"624\" \/>\n\t<meta property=\"og:image:height\" content=\"624\" \/>\n\t<meta property=\"og:image:type\" content=\"image\/jpeg\" \/>\n<meta name=\"author\" content=\"Tibor atya\" \/>\n<meta name=\"twitter:card\" content=\"summary_large_image\" \/>\n<meta name=\"twitter:label1\" content=\"Szerz\u0151:\" \/>\n\t<meta name=\"twitter:data1\" content=\"Tibor atya\" \/>\n\t<meta name=\"twitter:label2\" content=\"Becs\u00fclt olvas\u00e1si id\u0151\" \/>\n\t<meta name=\"twitter:data2\" content=\"1 perc\" \/>\n<script type=\"application\/ld+json\" class=\"yoast-schema-graph\">{\"@context\":\"https:\\\/\\\/schema.org\",\"@graph\":[{\"@type\":\"Article\",\"@id\":\"https:\\\/\\\/stuttgarti-katolikusok.de\\\/index.php\\\/2026-januar\\\/#article\",\"isPartOf\":{\"@id\":\"https:\\\/\\\/stuttgarti-katolikusok.de\\\/index.php\\\/2026-januar\\\/\"},\"author\":{\"name\":\"Tibor atya\",\"@id\":\"https:\\\/\\\/stuttgarti-katolikusok.de\\\/#\\\/schema\\\/person\\\/75908d6f8fdc03a57889d27209df7795\"},\"headline\":\"2026 JANU\u00c1R\",\"datePublished\":\"2025-12-24T23:17:13+00:00\",\"mainEntityOfPage\":{\"@id\":\"https:\\\/\\\/stuttgarti-katolikusok.de\\\/index.php\\\/2026-januar\\\/\"},\"wordCount\":76,\"image\":{\"@id\":\"https:\\\/\\\/stuttgarti-katolikusok.de\\\/index.php\\\/2026-januar\\\/#primaryimage\"},\"thumbnailUrl\":\"https:\\\/\\\/stuttgarti-katolikusok.de\\\/wp-content\\\/uploads\\\/2025\\\/12\\\/mtl-web.jpg\",\"articleSection\":[\"Bar\u00e1tom\"],\"inLanguage\":\"hu\"},{\"@type\":\"WebPage\",\"@id\":\"https:\\\/\\\/stuttgarti-katolikusok.de\\\/index.php\\\/2026-januar\\\/\",\"url\":\"https:\\\/\\\/stuttgarti-katolikusok.de\\\/index.php\\\/2026-januar\\\/\",\"name\":\"2026 JANU\u00c1R - Stuttgarti Katolikusok\",\"isPartOf\":{\"@id\":\"https:\\\/\\\/stuttgarti-katolikusok.de\\\/#website\"},\"primaryImageOfPage\":{\"@id\":\"https:\\\/\\\/stuttgarti-katolikusok.de\\\/index.php\\\/2026-januar\\\/#primaryimage\"},\"image\":{\"@id\":\"https:\\\/\\\/stuttgarti-katolikusok.de\\\/index.php\\\/2026-januar\\\/#primaryimage\"},\"thumbnailUrl\":\"https:\\\/\\\/stuttgarti-katolikusok.de\\\/wp-content\\\/uploads\\\/2025\\\/12\\\/mtl-web.jpg\",\"datePublished\":\"2025-12-24T23:17:13+00:00\",\"author\":{\"@id\":\"https:\\\/\\\/stuttgarti-katolikusok.de\\\/#\\\/schema\\\/person\\\/75908d6f8fdc03a57889d27209df7795\"},\"breadcrumb\":{\"@id\":\"https:\\\/\\\/stuttgarti-katolikusok.de\\\/index.php\\\/2026-januar\\\/#breadcrumb\"},\"inLanguage\":\"hu\",\"potentialAction\":[{\"@type\":\"ReadAction\",\"target\":[\"https:\\\/\\\/stuttgarti-katolikusok.de\\\/index.php\\\/2026-januar\\\/\"]}]},{\"@type\":\"ImageObject\",\"inLanguage\":\"hu\",\"@id\":\"https:\\\/\\\/stuttgarti-katolikusok.de\\\/index.php\\\/2026-januar\\\/#primaryimage\",\"url\":\"https:\\\/\\\/stuttgarti-katolikusok.de\\\/wp-content\\\/uploads\\\/2025\\\/12\\\/mtl-web.jpg\",\"contentUrl\":\"https:\\\/\\\/stuttgarti-katolikusok.de\\\/wp-content\\\/uploads\\\/2025\\\/12\\\/mtl-web.jpg\",\"width\":624,\"height\":624},{\"@type\":\"BreadcrumbList\",\"@id\":\"https:\\\/\\\/stuttgarti-katolikusok.de\\\/index.php\\\/2026-januar\\\/#breadcrumb\",\"itemListElement\":[{\"@type\":\"ListItem\",\"position\":1,\"name\":\"Kezd\u0151lap\",\"item\":\"https:\\\/\\\/stuttgarti-katolikusok.de\\\/\"},{\"@type\":\"ListItem\",\"position\":2,\"name\":\"2026 JANU\u00c1R\"}]},{\"@type\":\"WebSite\",\"@id\":\"https:\\\/\\\/stuttgarti-katolikusok.de\\\/#website\",\"url\":\"https:\\\/\\\/stuttgarti-katolikusok.de\\\/\",\"name\":\"Stuttgarti Katolikusok\",\"description\":\"\",\"potentialAction\":[{\"@type\":\"SearchAction\",\"target\":{\"@type\":\"EntryPoint\",\"urlTemplate\":\"https:\\\/\\\/stuttgarti-katolikusok.de\\\/?s={search_term_string}\"},\"query-input\":{\"@type\":\"PropertyValueSpecification\",\"valueRequired\":true,\"valueName\":\"search_term_string\"}}],\"inLanguage\":\"hu\"},{\"@type\":\"Person\",\"@id\":\"https:\\\/\\\/stuttgarti-katolikusok.de\\\/#\\\/schema\\\/person\\\/75908d6f8fdc03a57889d27209df7795\",\"name\":\"Tibor atya\",\"image\":{\"@type\":\"ImageObject\",\"inLanguage\":\"hu\",\"@id\":\"https:\\\/\\\/secure.gravatar.com\\\/avatar\\\/61d268e57d1f4525b111222e29d2d5a7f8c420fdbf231ba5566a8ceac74fa960?s=96&d=mm&r=g\",\"url\":\"https:\\\/\\\/secure.gravatar.com\\\/avatar\\\/61d268e57d1f4525b111222e29d2d5a7f8c420fdbf231ba5566a8ceac74fa960?s=96&d=mm&r=g\",\"contentUrl\":\"https:\\\/\\\/secure.gravatar.com\\\/avatar\\\/61d268e57d1f4525b111222e29d2d5a7f8c420fdbf231ba5566a8ceac74fa960?s=96&d=mm&r=g\",\"caption\":\"Tibor atya\"},\"url\":\"https:\\\/\\\/stuttgarti-katolikusok.de\\\/index.php\\\/author\\\/tibor-atya\\\/\"}]}<\/script>\n<!-- \/ Yoast SEO plugin. -->","yoast_head_json":{"title":"2026 JANU\u00c1R - Stuttgarti Katolikusok","robots":{"index":"index","follow":"follow","max-snippet":"max-snippet:-1","max-image-preview":"max-image-preview:large","max-video-preview":"max-video-preview:-1"},"canonical":"https:\/\/stuttgarti-katolikusok.de\/index.php\/2026-januar\/","og_locale":"hu_HU","og_type":"article","og_title":"2026 JANU\u00c1R - Stuttgarti Katolikusok","og_description":"&#8222;N\u00e9zd, a tenyerembe rajzoltalak!&#8221; (Iz 49,16) Sohase feledjem, \u0150 mindig szeme el\u0151tt tart engem. Ennyire fontos vagyok sz\u00e1m\u00e1ra. Nem m\u00e1s ez, mint a bizalom jele.\u00a0 Rajzoljam h\u00e1t tenyerembe mindazokat, akik sz\u00e1momra fontosak, akiket felt\u00e9tlen bizalommal tudok megaj\u00e1nd\u00e9kozni. Szerkeszt\u0151 t\u00e1rasainkkal b\u00e9k\u00e9s \u00e9s Isten kegyelm\u00e9ben b\u0151velked\u0151 \u00faj esztend\u0151t k\u00edv\u00e1nunk!","og_url":"https:\/\/stuttgarti-katolikusok.de\/index.php\/2026-januar\/","og_site_name":"Stuttgarti Katolikusok","article_published_time":"2025-12-24T23:17:13+00:00","og_image":[{"width":624,"height":624,"url":"https:\/\/stuttgarti-katolikusok.de\/wp-content\/uploads\/2025\/12\/mtl-web.jpg","type":"image\/jpeg"}],"author":"Tibor atya","twitter_card":"summary_large_image","twitter_misc":{"Szerz\u0151:":"Tibor atya","Becs\u00fclt olvas\u00e1si id\u0151":"1 perc"},"schema":{"@context":"https:\/\/schema.org","@graph":[{"@type":"Article","@id":"https:\/\/stuttgarti-katolikusok.de\/index.php\/2026-januar\/#article","isPartOf":{"@id":"https:\/\/stuttgarti-katolikusok.de\/index.php\/2026-januar\/"},"author":{"name":"Tibor atya","@id":"https:\/\/stuttgarti-katolikusok.de\/#\/schema\/person\/75908d6f8fdc03a57889d27209df7795"},"headline":"2026 JANU\u00c1R","datePublished":"2025-12-24T23:17:13+00:00","mainEntityOfPage":{"@id":"https:\/\/stuttgarti-katolikusok.de\/index.php\/2026-januar\/"},"wordCount":76,"image":{"@id":"https:\/\/stuttgarti-katolikusok.de\/index.php\/2026-januar\/#primaryimage"},"thumbnailUrl":"https:\/\/stuttgarti-katolikusok.de\/wp-content\/uploads\/2025\/12\/mtl-web.jpg","articleSection":["Bar\u00e1tom"],"inLanguage":"hu"},{"@type":"WebPage","@id":"https:\/\/stuttgarti-katolikusok.de\/index.php\/2026-januar\/","url":"https:\/\/stuttgarti-katolikusok.de\/index.php\/2026-januar\/","name":"2026 JANU\u00c1R - Stuttgarti Katolikusok","isPartOf":{"@id":"https:\/\/stuttgarti-katolikusok.de\/#website"},"primaryImageOfPage":{"@id":"https:\/\/stuttgarti-katolikusok.de\/index.php\/2026-januar\/#primaryimage"},"image":{"@id":"https:\/\/stuttgarti-katolikusok.de\/index.php\/2026-januar\/#primaryimage"},"thumbnailUrl":"https:\/\/stuttgarti-katolikusok.de\/wp-content\/uploads\/2025\/12\/mtl-web.jpg","datePublished":"2025-12-24T23:17:13+00:00","author":{"@id":"https:\/\/stuttgarti-katolikusok.de\/#\/schema\/person\/75908d6f8fdc03a57889d27209df7795"},"breadcrumb":{"@id":"https:\/\/stuttgarti-katolikusok.de\/index.php\/2026-januar\/#breadcrumb"},"inLanguage":"hu","potentialAction":[{"@type":"ReadAction","target":["https:\/\/stuttgarti-katolikusok.de\/index.php\/2026-januar\/"]}]},{"@type":"ImageObject","inLanguage":"hu","@id":"https:\/\/stuttgarti-katolikusok.de\/index.php\/2026-januar\/#primaryimage","url":"https:\/\/stuttgarti-katolikusok.de\/wp-content\/uploads\/2025\/12\/mtl-web.jpg","contentUrl":"https:\/\/stuttgarti-katolikusok.de\/wp-content\/uploads\/2025\/12\/mtl-web.jpg","width":624,"height":624},{"@type":"BreadcrumbList","@id":"https:\/\/stuttgarti-katolikusok.de\/index.php\/2026-januar\/#breadcrumb","itemListElement":[{"@type":"ListItem","position":1,"name":"Kezd\u0151lap","item":"https:\/\/stuttgarti-katolikusok.de\/"},{"@type":"ListItem","position":2,"name":"2026 JANU\u00c1R"}]},{"@type":"WebSite","@id":"https:\/\/stuttgarti-katolikusok.de\/#website","url":"https:\/\/stuttgarti-katolikusok.de\/","name":"Stuttgarti Katolikusok","description":"","potentialAction":[{"@type":"SearchAction","target":{"@type":"EntryPoint","urlTemplate":"https:\/\/stuttgarti-katolikusok.de\/?s={search_term_string}"},"query-input":{"@type":"PropertyValueSpecification","valueRequired":true,"valueName":"search_term_string"}}],"inLanguage":"hu"},{"@type":"Person","@id":"https:\/\/stuttgarti-katolikusok.de\/#\/schema\/person\/75908d6f8fdc03a57889d27209df7795","name":"Tibor atya","image":{"@type":"ImageObject","inLanguage":"hu","@id":"https:\/\/secure.gravatar.com\/avatar\/61d268e57d1f4525b111222e29d2d5a7f8c420fdbf231ba5566a8ceac74fa960?s=96&d=mm&r=g","url":"https:\/\/secure.gravatar.com\/avatar\/61d268e57d1f4525b111222e29d2d5a7f8c420fdbf231ba5566a8ceac74fa960?s=96&d=mm&r=g","contentUrl":"https:\/\/secure.gravatar.com\/avatar\/61d268e57d1f4525b111222e29d2d5a7f8c420fdbf231ba5566a8ceac74fa960?s=96&d=mm&r=g","caption":"Tibor atya"},"url":"https:\/\/stuttgarti-katolikusok.de\/index.php\/author\/tibor-atya\/"}]}},"_links":{"self":[{"href":"https:\/\/stuttgarti-katolikusok.de\/index.php\/wp-json\/wp\/v2\/posts\/32279","targetHints":{"allow":["GET"]}}],"collection":[{"href":"https:\/\/stuttgarti-katolikusok.de\/index.php\/wp-json\/wp\/v2\/posts"}],"about":[{"href":"https:\/\/stuttgarti-katolikusok.de\/index.php\/wp-json\/wp\/v2\/types\/post"}],"author":[{"embeddable":true,"href":"https:\/\/stuttgarti-katolikusok.de\/index.php\/wp-json\/wp\/v2\/users\/3"}],"replies":[{"embeddable":true,"href":"https:\/\/stuttgarti-katolikusok.de\/index.php\/wp-json\/wp\/v2\/comments?post=32279"}],"version-history":[{"count":1,"href":"https:\/\/stuttgarti-katolikusok.de\/index.php\/wp-json\/wp\/v2\/posts\/32279\/revisions"}],"predecessor-version":[{"id":32282,"href":"https:\/\/stuttgarti-katolikusok.de\/index.php\/wp-json\/wp\/v2\/posts\/32279\/revisions\/32282"}],"wp:featuredmedia":[{"embeddable":true,"href":"https:\/\/stuttgarti-katolikusok.de\/index.php\/wp-json\/wp\/v2\/media\/32281"}],"wp:attachment":[{"href":"https:\/\/stuttgarti-katolikusok.de\/index.php\/wp-json\/wp\/v2\/media?parent=32279"}],"wp:term":[{"taxonomy":"category","embeddable":true,"href":"https:\/\/stuttgarti-katolikusok.de\/index.php\/wp-json\/wp\/v2\/categories?post=32279"},{"taxonomy":"post_tag","embeddable":true,"href":"https:\/\/stuttgarti-katolikusok.de\/index.php\/wp-json\/wp\/v2\/tags?post=32279"}],"curies":[{"name":"wp","href":"https:\/\/api.w.org\/{rel}","templated":true}]}}