{"id":32214,"date":"2025-12-20T10:36:54","date_gmt":"2025-12-20T09:36:54","guid":{"rendered":"https:\/\/stuttgarti-katolikusok.de\/?p=32214"},"modified":"2025-12-20T10:36:54","modified_gmt":"2025-12-20T09:36:54","slug":"advent-4-vasarnapja-3","status":"publish","type":"post","link":"https:\/\/stuttgarti-katolikusok.de\/index.php\/advent-4-vasarnapja-3\/","title":{"rendered":"Advent 4. vas\u00e1rnapja"},"content":{"rendered":"<p><span style=\"color: #ff6600;\"><em>A nagy Isten jeleket k\u00fcld az emberis\u00e9gnek, hogy megismerje \u0151t, akarat\u00e1t \u00e9s szeretet\u00e9t. V\u00e9gs\u0151 soron e jelek az \u00e9gre mutatnak. Rem\u00e9nyt gy\u00fajtanak az emberek lelk\u00e9ben, s elvezetik az embert Istenhez. Advent 4. vas\u00e1rnapja ezt a rem\u00e9nyt er\u0151s\u00edti fel benn\u00fcnk.\u00a0<\/em><\/span><\/p>\n<p><span style=\"color: #ff6600;\"><em>Ma reggel, szombat, rorate szentmise volt Weingartenben. Szentmise v\u00e9gezt\u00e9vel egyik kedves h\u00edvem sz\u00f3l\u00edtott meg, akinek f\u00e9rj\u00e9t az elm\u00falt vas\u00e1rnap l\u00e1togattam meg Ravensburgban a Szent Erzs\u00e9bet k\u00f3rh\u00e1zban. &#8222;A f\u00e9rjem nagyon h\u00e1l\u00e1s \u00d6nnek!&#8221; &#8211; mondta \u0151. Term\u00e9szetesen h\u00e1r\u00edtottam ezeket a dics\u00e9r\u0151 szavakat. Vallom ugyanis, hogy mindannyian csak eszk\u00f6z\u00f6k vagyunk. \u0150szint\u00e9n elmondtam, hogy \u00e9n is sokat kaptam kedves f\u00e9rj\u00e9t\u0151l. Sokkal ink\u00e1bb azt \u00e9reztem, s ennek hangot is adtam, hogy \u00e9n is legal\u00e1bb annyira megaj\u00e1nd\u00e9kozott lettem, mint beteg testv\u00e9r\u00fcnk.<\/em><\/span><\/p>\n<p><span style=\"color: #ff6600;\"><em>A szentlecke \u00fczenete vil\u00e1gos. Szent P\u00e1l apostol Krisztus J\u00e9zus nev\u00e9ben tan\u00fas\u00e1got. Ez a magam \u00fatja is, amely szint\u00e9n egy\u00e9ni elk\u00f6telezetts\u00e9get felt\u00e9telez.<\/em><\/span><\/p>\n<p><span style=\"color: #ff6600;\"><em>Az evang\u00e9liumban Szent J\u00f3zsef csendess\u00e9g\u00e9re figyelhet\u00fcnk fel. H\u00e1tt\u00e9rben marad, s teszi a dolg\u00e1t. \u00c1lm\u00e1ban azt\u00e1n k\u00f6vetkezik is a meger\u0151s\u00edt\u00e9s, amely feloldja addigi f\u00e9lelmeit, k\u00e9telyeit \u00e9s agg\u00e1lyait feloldja. Sz\u00e1momra is ez a k\u00f6vetend\u0151 \u00fat! Amennyiben szabadd\u00e1 akarok v\u00e1lni f\u00e9lelmeimt\u0151l, k\u00e9rjek jeleket. A sz\u00e1momra k\u00fcld\u00f6tt jelek az egy\u00e9ni szabads\u00e1g felemel\u0151 \u00e9rz\u00e9s\u00e9ben lesz r\u00e9szem. Hiszen v\u00e9gs\u0151 soron a legf\u0151bb felismer\u00e9s: &#8222;Vel\u00fcnk az Isten!&#8221;<\/em><\/span><\/p>\n<p><span style=\"color: #910ec4;\">Kezd\u0151\u00e9nek:<\/span><br \/>\nHarmatozzatok, egek a magass\u00e1gb\u00f3l, \u00e9s a felh\u0151k hullass\u00e1k k\u00f6z\u00e9nk az Igazat! Ny\u00edlj\u00e9k meg a f\u00f6ld, \u00e9s teremje az \u00dcdv\u00f6z\u00edt\u0151t. (Iz 45,8)<\/p>\n<p><span style=\"color: #910ec4;\">K\u00f6ny\u00f6rg\u00e9s:<\/span><br \/>\nK\u00e9r\u00fcnk t\u00e9ged, \u00daristen, \u00f6ntsd lelk\u00fcnkbe szent kegyelmedet, hogy akik az angyali \u00fczenet \u00e1ltal szent Fiadnak, J\u00e9zus Krisztusnak megtestes\u00fcl\u00e9s\u00e9t megismert\u00fck, az \u0151 k\u00ednszenved\u00e9se \u00e9s keresztje \u00e1ltal a felt\u00e1mad\u00e1s dics\u0151s\u00e9g\u00e9be vitess\u00fcnk. A mi Urunk, J\u00e9zus Krisztus, a te Fiad \u00e1ltal, aki veled \u00e9l \u00e9s uralkodik a Szentl\u00e9lekkel egys\u00e9gben, Isten mind\u00f6r\u00f6kk\u00f6n \u00f6r\u00f6kk\u00e9.<\/p>\n<p><span style=\"color: #910ec4;\">OLVASM\u00c1NY Izaj\u00e1s pr\u00f3f\u00e9ta k\u00f6nyv\u00e9b\u0151l (Iz 7,10-14)<\/span><br \/>\n<em>\u00cdme, a sz<\/em><em>\u0171z fogan.<\/em><br \/>\nAzokban a napokban:<br \/>\n\u00cdgy sz\u00f3lt az \u00dar Ach\u00e1z kir\u00e1lyhoz: \u201eK\u00e9rj magadnak jelet az \u00dart\u00f3l, a te Istenedt\u0151l, ak\u00e1r az alvil\u00e1g m\u00e9lys\u00e9geib\u0151l, ak\u00e1r fel\u00fclr\u0151l a magasb\u00f3l.\u201d De Ach\u00e1z \u00edgy v\u00e1laszolt: \u201eNem k\u00e9rek jelet, \u00e9s nem k\u00eds\u00e9rtem az Urat.\u201d Erre Izaj\u00e1s pr\u00f3f\u00e9ta azt mondta: \u201eHallj\u00e1tok h\u00e1t, D\u00e1vid h\u00e1za! Nem el\u00e9g nektek, hogy pr\u00f3b\u00e1ra teszitek az emberek t\u00fcrelm\u00e9t, m\u00e9g az \u00e9n Istenem t\u00fcrelm\u00e9t is pr\u00f3b\u00e1ra teszitek? Ez\u00e9rt az \u00dar maga ad nektek jelet: \u00cdme, a sz\u0171z fogan, fi\u00fat sz\u00fcl, \u00e9s Emm\u00e1nuelnek nevezi, ami annyit jelent: Vel\u00fcnk az Isten.\u201d<br \/>\nEz az Isten ig\u00e9je.<\/p>\n<p><span style=\"color: #910ec4;\">V\u00c1LASZOS ZSOLT\u00c1R (Zsolt 23,1-2.3-4ab.5-6)<\/span><br \/>\nV\u00e1lasz:\u00a0<strong>Urunk, Isten<\/strong><strong>\u00fcnk<\/strong><strong>\u00a0<u>\u00e9<\/u><u>r<\/u>kezik: * <\/strong><strong>\u0151 a<\/strong><strong>\u00a0<u>di<\/u>cs<\/strong><strong>\u0151s<\/strong><strong>\u00e9g kir<\/strong><strong>\u00e1lya.<\/strong>\u00a0(5. t\u00f3nus.)<br \/>\nEl\u0151\u00e9nekes: Az \u00dar\u00e9 a f\u00f6ld \u00e9s ami\u00a0<u>be<\/u>t\u00f6lti, * a f\u00f6ldkereks\u00e9g \u00e9s\u00a0<u>min<\/u>den lak\u00f3ja.<br \/>\nAlapjait \u0151 \u00e1gyazta tengerek\u00a0<u>m<\/u><u>\u00e9<\/u>ly\u00e9be, * s a vizek \u00e1rj\u00e1n\u00a0<u>\u0151<\/u>\u00a0tartja szil\u00e1rdan.<br \/>\nH\u00edvek:\u00a0<strong>Urunk, Isten<\/strong><strong>\u00fcnk<\/strong><strong>\u00a0<u>\u00e9<\/u><u>r<\/u>kezik: * <\/strong><strong>\u0151 a<\/strong><strong>\u00a0<u>di<\/u>cs<\/strong><strong>\u0151s<\/strong><strong>\u00e9g kir<\/strong><strong>\u00e1lya.<\/strong><br \/>\nE: Ki mehet f\u00f6l az \u00dar\u00a0<u>he<\/u>gy\u00e9re, * ki \u00e1llhat meg az\u00a0<u>\u0151<\/u>\u00a0szent hely\u00e9n?<br \/>\nAki \u00e1rtatlan kez\u0171, tiszta\u00a0<u>sz<\/u><u>\u00ed<\/u>v\u0171, * akinek az esze\u00a0<u>nem<\/u>\u00a0j\u00e1r csal\u00e1son.<br \/>\nH:\u00a0<strong>Urunk, Isten<\/strong><strong>\u00fcnk<\/strong><strong>\u00a0<u>\u00e9<\/u><u>r<\/u>kezik: * <\/strong><strong>\u0151 a<\/strong><strong>\u00a0<u>di<\/u>cs<\/strong><strong>\u0151s<\/strong><strong>\u00e9g kir<\/strong><strong>\u00e1lya.<\/strong><br \/>\nE: Az nyer \u00e1ld\u00e1st az\u00a0<u>\u00da<\/u><u>r<\/u>t\u00f3l, * \u00e9s megigazul\u00e1st \u00fcdv\u00f6z\u00edt\u0151\u00a0<u>Is<\/u>ten\u00e9t\u0151l.<br \/>\nEz az istenkeres\u0151k\u00a0<u>n<\/u><u>\u00e9<\/u>pe, * amely arc\u00e1t kutatja J\u00e1kob\u00a0<u>Is<\/u>ten\u00e9nek.<br \/>\nH:\u00a0<strong>Urunk, Isten<\/strong><strong>\u00fcnk<\/strong><strong>\u00a0<u>\u00e9<\/u><u>r<\/u>kezik: * <\/strong><strong>\u0151 a<\/strong><strong>\u00a0<u>di<\/u>cs<\/strong><strong>\u0151s<\/strong><strong>\u00e9g kir<\/strong><strong>\u00e1lya.<\/strong><\/p>\n<p><span style=\"color: #910ec4;\">SZENTLECKE Szent P\u00e1l apostolnak a r\u00f3maiakhoz \u00edrt level\u00e9b\u0151l (R\u00f3m 1,1-7)<\/span><br \/>\n<em>J<\/em><em>\u00e9zus Krisztus, aki D<\/em><em>\u00e1vid nemzets<\/em><em>\u00e9g<\/em><em>\u00e9b<\/em><em>\u0151l sz<\/em><em>\u00e1rmazott. az Isten Fia.<\/em><br \/>\nTestv\u00e9reim!<br \/>\nP\u00e1l, Krisztus J\u00e9zus szolg\u00e1ja \u00e9s megh\u00edvott apostola k\u00f6sz\u00f6nt benneteket!<br \/>\nIsten kiv\u00e1lasztott az \u0151 evang\u00e9lium\u00e1nak hirdet\u00e9s\u00e9re, amelyet pr\u00f3f\u00e9t\u00e1i \u00e1ltal a szent iratokban el\u0151re meg\u00edg\u00e9rt, Fi\u00e1r\u00f3l, J\u00e9zus Krisztusr\u00f3l, a mi Urunkr\u00f3l. \u0150 test szerint D\u00e1vid nemzets\u00e9g\u00e9b\u0151l sz\u00e1rmazott, a szents\u00e9g Lelke szerint azonban a hal\u00e1lb\u00f3l val\u00f3 felt\u00e1mad\u00e1s\u00e1val az Isten hatalmas Fi\u00e1nak bizonyult. \u00c1ltala nyert\u00fck el a kegyelmet \u00e9s az apostoli k\u00fcldet\u00e9st, hogy neve dics\u0151s\u00e9g\u00e9re munk\u00e1lkodjunk a hit\u00e9rt minden n\u00e9p k\u00f6z\u00f6tt. Ezek k\u00f6z\u00e9 tartoztok ti is, akiket J\u00e9zus Krisztus megh\u00edvott. \u00dcdv\u00f6zl\u00f6m (R\u00f3m\u00e1ban) mindazokat, akiket az Isten szeret \u00e9s a szents\u00e9gre h\u00edvott. Kegyelem nektek \u00e9s b\u00e9kess\u00e9g Aty\u00e1nkt\u00f3l, az Istent\u0151l, \u00e9s Urunkt\u00f3l, J\u00e9zus Krisztust\u00f3l.<br \/>\nEz az Isten ig\u00e9je.<\/p>\n<p><span style=\"color: #910ec4;\">ALLELUJA<\/span><br \/>\n\u00cdme, anya lesz a Sz\u0171z, \u00e9s fia sz\u00fcletik. * Fi\u00e1nak neve Emm\u00e1nuel, vagyis \u201eVel\u00fcnk az Isten\u201d. Mt 1,23 \u2013 5. t\u00f3nus.<\/p>\n<p><span style=\"color: #910ec4;\">\u2020 EVANG\u00c9LIUM Szent M\u00e1t\u00e9 k\u00f6nyv\u00e9b\u0151l (Mt 1,18-24)<\/span><br \/>\n<em>J<\/em><em>\u00e9zus megsz<\/em><em>\u00fcletik M<\/em><em>\u00e1ri<\/em><em>\u00e1t<\/em><em>\u00f3l, aki jegyese J<\/em><em>\u00f3zsefnek, D<\/em><em>\u00e1vid fi<\/em><em>\u00e1nak.<\/em><br \/>\nJ\u00e9zus Krisztus sz\u00fclet\u00e9se \u00edgy t\u00f6rt\u00e9nt:<br \/>\nAnyja, M\u00e1ria, jegyese volt J\u00f3zsefnek. Miel\u0151tt azonban egybekeltek volna, kit\u0171nt, hogy M\u00e1ria gyermeket fogant m\u00e9h\u00e9ben a Szentl\u00e9lekt\u0151l. A f\u00e9rje, J\u00f3zsef igaz ember volt, nem akarta \u0151t megsz\u00e9gyen\u00edteni, ez\u00e9rt \u00fagy hat\u00e1rozott, hogy titokban bocs\u00e1tja el. M\u00edg ezen t\u00f6prengett, megjelent neki \u00e1lm\u00e1ban az \u00dar angyala, \u00e9s \u00edgy sz\u00f3lt: \u201eJ\u00f3zsef, D\u00e1vid fia, ne f\u00e9lj att\u00f3l, hogy feles\u00e9g\u00fcl vedd M\u00e1ri\u00e1t, mert a benne fogant \u00e9let a Szentl\u00e9lekt\u0151l van. Fia sz\u00fcletik majd, akit J\u00e9zusnak nevezel, mert \u0151 v\u00e1ltja meg n\u00e9p\u00e9t b\u0171neit\u0151l.\u201d<br \/>\nMindez pedig az\u00e9rt t\u00f6rt\u00e9nt, hogy beteljesedj\u00e9k, amit az \u00dar a pr\u00f3f\u00e9ta \u00e1ltal mondott:<br \/>\n\u00cdme, a Sz\u0171z gyermeket fogan \u00e9s fi\u00fat sz\u00fcl,<br \/>\n\u00e9s az Emm\u00e1nuel nevet adj\u00e1k neki,<br \/>\nami azt jelenti: \u201eVel\u00fcnk az Isten\u201d.<br \/>\nAmikor J\u00f3zsef fel\u00e9bredt \u00e1lm\u00e1b\u00f3l, \u00fagy cselekedett, amint az \u00dar angyala megparancsolta neki. Mag\u00e1hoz vette feles\u00e9g\u00e9t.<br \/>\nEzek az evang\u00e9lium ig\u00e9i.<\/p>\n<p><span style=\"color: #910ec4;\">EGYETEMES K\u00d6NY\u00d6RG\u00c9SEK<\/span><br \/>\nPap: Testv\u00e9reim! Az \u00dar k\u00f6zel van! Az\u00e9rt j\u00f6n k\u00f6z\u00e9nk, hogy \u00fcdv\u00f6z\u00edtse a vil\u00e1got. K\u00e9rj\u00fck teh\u00e1t bizalommal!<br \/>\nLektor: 1. Urunk, J\u00e9zus Krisztus! Tiszt\u00edtsd meg n\u00e9pedet a b\u0171nt\u0151l, hogy \u00f6rvendez\u0151 l\u00e9lekkel v\u00e1rja elj\u00f6veteled szent \u00fcnnep\u00e9t!<br \/>\nH\u00edvek: K\u00e9r\u00fcnk t\u00e9ged, hallgass meg minket!<br \/>\n2. Urunk, J\u00e9zus Krisztus! Elj\u00f6veteled v\u00e1r\u00e1sa t\u00f6ltse be mindny\u00e1junk sz\u00edv\u00e9t szent b\u00e9kess\u00e9ggel \u00e9s rem\u00e9nys\u00e9ggel!<br \/>\nH\u00edvek: K\u00e9r\u00fcnk t\u00e9ged . . .<br \/>\n3. Urunk, J\u00e9zus Krisztus! Vezesd egys\u00e9gre a n\u00e9peket, hogy megsz\u0171nj\u00e9k a h\u00e1bor\u00fa \u00e9s a gy\u0171l\u00f6lk\u00f6d\u00e9s az eg\u00e9sz vil\u00e1gon!<br \/>\nH\u00edvek: K\u00e9r\u00fcnk t\u00e9ged . . .<br \/>\n4. Urunk, J\u00e9zus Krisztus! Enyh\u00edtsd a szeg\u00e9nyek \u00edns\u00e9g\u00e9t, karold fel az elhagyottakat!<br \/>\nH\u00edvek: K\u00e9r\u00fcnk t\u00e9ged . . .<br \/>\n5. Urunk, J\u00e9zus Krisztus! Vezesd a megt\u00e9r\u00e9s \u00e9s a b\u0171nbocs\u00e1nat \u00fatj\u00e1ra a b\u0171n\u00f6s\u00f6ket!<br \/>\nH\u00edvek: K\u00e9r\u00fcnk t\u00e9ged . . .<br \/>\nPap: Megv\u00e1lt\u00f3 J\u00e9zusunk! Egyszer m\u00e1r elj\u00f6tt\u00e9l a vil\u00e1gba. J\u00f6jj el mindny\u00e1junk sz\u00edv\u00e9be is, \u00e9s szent jelenl\u00e9ted \u00e1ltal t\u00f6lts el benn\u00fcnket b\u00e9k\u00e9vel \u00e9s rem\u00e9nys\u00e9ggel! Aki \u00e9lsz \u00e9s uralkodol mind\u00f6r\u00f6kk\u00f6n \u00f6r\u00f6kk\u00e9.<br \/>\nH\u00edvek: \u00c1men.<\/p>\n<p><span style=\"color: #910ec4;\">Felaj\u00e1nl\u00f3 k\u00f6ny\u00f6rg\u00e9s:<\/span><br \/>\nK\u00e9r\u00fcnk, Urunk, hogy ugyanaz a Szentl\u00e9lek, aki a Boldogs\u00e1gos Sz\u0171z M\u00e1ria m\u00e9h\u00e9t elt\u00f6lt\u00f6tte \u00e9gi erej\u00e9vel, szentelje meg olt\u00e1rodra helyezett \u00e1ldozati adom\u00e1nyainkat. Krisztus, a mi Urunk \u00e1ltal.<\/p>\n<p><span style=\"color: #910ec4;\">Pref\u00e1ci\u00f3:<\/span><br \/>\n<span style=\"color: #910ec4;\"><em>II. ADVENTI PREF<\/em><em>\u00c1CI<\/em><\/span><em><span style=\"color: #910ec4;\">\u00d3<\/span><br \/>\n<\/em>Az \u00dar legyen veletek.<br \/>\nH.: \u00c9s a te lelkeddel.<br \/>\nEmelj\u00fck f\u00f6l sz\u00edv\u00fcnket.<br \/>\nH.: F\u00f6lemelt\u00fck az \u00darhoz.<br \/>\nAdjunk h\u00e1l\u00e1t Urunknak, Isten\u00fcnknek.<br \/>\nH.: M\u00e9lt\u00f3 \u00e9s igazs\u00e1gos.<br \/>\n(Mert) Val\u00f3ban m\u00e9lt\u00f3 \u00e9s igazs\u00e1gos, ill\u0151 \u00e9s \u00fcdv\u00f6s, hogy mindig \u00e9s minden\u00fctt h\u00e1l\u00e1t adjunk n\u00e9ked, mi Urunk, szents\u00e9ges Aty\u00e1nk, mindenhat\u00f3, \u00f6r\u00f6k Isten: Krisztus, a mi Urunk \u00e1ltal.<br \/>\n\u0150t el\u0151re hirdette a pr\u00f3f\u00e9t\u00e1k sz\u00f3zata, \u00e9s kimondhatatlan szeretettel hordozta a Sz\u0171zanya, az \u0151 k\u00f6zeledt\u00e9t jelezte Keresztel\u0151 J\u00e1nos, majd bizonys\u00e1got tett arr\u00f3l, hogy m\u00e1r hozz\u00e1nk \u00e9rkezett.<br \/>\n\u00d6 megadja nek\u00fcnk, hogy sz\u00fclet\u00e9s\u00e9nek \u00fcnnep\u00e9t \u00f6rvendezve v\u00e1rjuk, \u00e9s \u00edgy im\u00e1ds\u00e1gban virrasztva, dics\u00e9ret\u00e9ben ujjongva tal\u00e1ljon minket.<br \/>\n\u00c9s ez\u00e9rt mi is, mik\u00e9nt az angyalok \u00e9s f\u0151angyalok, a tr\u00f3nod k\u00f6r\u00fcl \u00e1ll\u00f3 hatalmas \u00e9gi szellemek, \u00e9s minden seregek a mennyben, (a te) dics\u0151s\u00e9ged himnusz\u00e1t zengj\u00fck, \u00e9s vel\u00fck egy\u00fctt v\u00e9g n\u00e9lk\u00fcl mondjuk (\u00e9nekelj\u00fck):<\/p>\n<p><span style=\"color: #910ec4;\">\u00c1ldoz\u00e1si \u00e9nek:<\/span><br \/>\n\u00cdme, a Sz\u0171z m\u00e9h\u00e9ben fogan \u00e9s fi\u00fat sz\u00fcl, s Emm\u00e1nuelnek fogja h\u00edvni. (Iz 7,14)<\/p>\n<p><span style=\"color: #910ec4;\">\u00c1ldoz\u00e1s ut\u00e1ni k\u00f6ny\u00f6rg\u00e9s:<\/span><br \/>\nMagunkhoz v\u00e9ve megv\u00e1lt\u00e1sunk z\u00e1log\u00e1t, k\u00e9r\u00fcnk, mindenhat\u00f3 Isten\u00fcnk, add, hogy min\u00e9l ink\u00e1bb k\u00f6zeledik az \u00fcnnep \u00fcdv\u00f6t hoz\u00f3 napja, ann\u00e1l nagyobb odaad\u00e1ssal k\u00e9sz\u00fclj\u00fcnk Fiad sz\u00fclet\u00e9se miszt\u00e9rium\u00e1nak m\u00e9lt\u00f3 \u00fcnnepl\u00e9s\u00e9re. Aki \u00e9l \u00e9s uralkodik mind\u00f6r\u00f6kk\u00f6n \u00f6r\u00f6kk\u00e9.<\/p>\n","protected":false},"excerpt":{"rendered":"<p>A nagy Isten jeleket k\u00fcld az emberis\u00e9gnek, hogy megismerje \u0151t, akarat\u00e1t \u00e9s szeretet\u00e9t. V\u00e9gs\u0151 soron e jelek az \u00e9gre mutatnak. Rem\u00e9nyt gy\u00fajtanak az emberek lelk\u00e9ben, s elvezetik az embert Istenhez. Advent 4. vas\u00e1rnapja ezt a rem\u00e9nyt er\u0151s\u00edti fel benn\u00fcnk.\u00a0 Ma reggel, szombat, rorate szentmise volt Weingartenben. Szentmise v\u00e9gezt\u00e9vel egyik kedves h\u00edvem sz\u00f3l\u00edtott meg, akinek f\u00e9rj\u00e9t az elm\u00falt vas\u00e1rnap l\u00e1togattam meg Ravensburgban a Szent Erzs\u00e9bet k\u00f3rh\u00e1zban. &#8222;A f\u00e9rjem nagyon h\u00e1l\u00e1s \u00d6nnek!&#8221; &#8211; mondta \u0151. Term\u00e9szetesen h\u00e1r\u00edtottam ezeket a dics\u00e9r\u0151 szavakat. Vallom ugyanis, hogy mindannyian csak eszk\u00f6z\u00f6k vagyunk. \u0150szint\u00e9n elmondtam, hogy \u00e9n is sokat kaptam kedves f\u00e9rj\u00e9t\u0151l. Sokkal ink\u00e1bb azt \u00e9reztem, s ennek hangot is adtam, hogy \u00e9n is legal\u00e1bb annyira megaj\u00e1nd\u00e9kozott lettem, mint beteg testv\u00e9r\u00fcnk. A szentlecke \u00fczenete vil\u00e1gos. Szent P\u00e1l apostol Krisztus J\u00e9zus nev\u00e9ben tan\u00fas\u00e1got. Ez a magam \u00fatja is, amely szint\u00e9n egy\u00e9ni elk\u00f6telezetts\u00e9get felt\u00e9telez. Az evang\u00e9liumban Szent J\u00f3zsef csendess\u00e9g\u00e9re figyelhet\u00fcnk fel. H\u00e1tt\u00e9rben marad, s teszi a dolg\u00e1t. \u00c1lm\u00e1ban azt\u00e1n k\u00f6vetkezik is a meger\u0151s\u00edt\u00e9s, amely feloldja addigi f\u00e9lelmeit, k\u00e9telyeit \u00e9s agg\u00e1lyait feloldja. Sz\u00e1momra is ez a k\u00f6vetend\u0151 \u00fat! Amennyiben szabadd\u00e1 akarok v\u00e1lni f\u00e9lelmeimt\u0151l, k\u00e9rjek jeleket. A sz\u00e1momra k\u00fcld\u00f6tt jelek az egy\u00e9ni szabads\u00e1g felemel\u0151 \u00e9rz\u00e9s\u00e9ben lesz r\u00e9szem. Hiszen v\u00e9gs\u0151 soron a legf\u0151bb felismer\u00e9s: &#8222;Vel\u00fcnk az Isten!&#8221; Kezd\u0151\u00e9nek: Harmatozzatok, egek a magass\u00e1gb\u00f3l, \u00e9s a felh\u0151k hullass\u00e1k k\u00f6z\u00e9nk az Igazat! Ny\u00edlj\u00e9k meg a f\u00f6ld, \u00e9s teremje az \u00dcdv\u00f6z\u00edt\u0151t. (Iz 45,8) K\u00f6ny\u00f6rg\u00e9s: K\u00e9r\u00fcnk t\u00e9ged, \u00daristen, \u00f6ntsd lelk\u00fcnkbe szent kegyelmedet, hogy akik az angyali \u00fczenet \u00e1ltal szent Fiadnak, J\u00e9zus Krisztusnak megtestes\u00fcl\u00e9s\u00e9t megismert\u00fck, az \u0151 k\u00ednszenved\u00e9se \u00e9s keresztje \u00e1ltal a felt\u00e1mad\u00e1s dics\u0151s\u00e9g\u00e9be vitess\u00fcnk. A mi Urunk, J\u00e9zus Krisztus, a te Fiad \u00e1ltal, aki veled \u00e9l \u00e9s uralkodik a Szentl\u00e9lekkel egys\u00e9gben, Isten mind\u00f6r\u00f6kk\u00f6n \u00f6r\u00f6kk\u00e9. OLVASM\u00c1NY Izaj\u00e1s pr\u00f3f\u00e9ta k\u00f6nyv\u00e9b\u0151l (Iz 7,10-14) \u00cdme, a sz\u0171z fogan. Azokban a napokban: \u00cdgy sz\u00f3lt az \u00dar Ach\u00e1z kir\u00e1lyhoz: \u201eK\u00e9rj magadnak jelet az \u00dart\u00f3l, a te Istenedt\u0151l, ak\u00e1r az alvil\u00e1g m\u00e9lys\u00e9geib\u0151l, ak\u00e1r fel\u00fclr\u0151l&#8230; <\/p>\n<p><a class=\"readmore\" href=\"https:\/\/stuttgarti-katolikusok.de\/index.php\/advent-4-vasarnapja-3\/\">R\u00e9szletek<\/a><\/p>\n","protected":false},"author":3,"featured_media":30002,"comment_status":"closed","ping_status":"closed","sticky":false,"template":"","format":"standard","meta":{"footnotes":""},"categories":[85,63],"tags":[],"class_list":["post-32214","post","type-post","status-publish","format-standard","has-post-thumbnail","hentry","category-a-liturgia-olvasmanyai","category-vasarnapi-gondolatok"],"yoast_head":"<!-- This site is optimized with the Yoast SEO plugin v27.3 - https:\/\/yoast.com\/product\/yoast-seo-wordpress\/ -->\n<title>Advent 4. vas\u00e1rnapja - Stuttgarti Katolikusok<\/title>\n<meta name=\"robots\" content=\"index, follow, max-snippet:-1, max-image-preview:large, max-video-preview:-1\" \/>\n<link rel=\"canonical\" href=\"https:\/\/stuttgarti-katolikusok.de\/index.php\/advent-4-vasarnapja-3\/\" \/>\n<meta property=\"og:locale\" content=\"hu_HU\" \/>\n<meta property=\"og:type\" content=\"article\" \/>\n<meta property=\"og:title\" content=\"Advent 4. vas\u00e1rnapja - Stuttgarti Katolikusok\" \/>\n<meta property=\"og:description\" content=\"A nagy Isten jeleket k\u00fcld az emberis\u00e9gnek, hogy megismerje \u0151t, akarat\u00e1t \u00e9s szeretet\u00e9t. V\u00e9gs\u0151 soron e jelek az \u00e9gre mutatnak. Rem\u00e9nyt gy\u00fajtanak az emberek lelk\u00e9ben, s elvezetik az embert Istenhez. Advent 4. vas\u00e1rnapja ezt a rem\u00e9nyt er\u0151s\u00edti fel benn\u00fcnk.\u00a0 Ma reggel, szombat, rorate szentmise volt Weingartenben. Szentmise v\u00e9gezt\u00e9vel egyik kedves h\u00edvem sz\u00f3l\u00edtott meg, akinek f\u00e9rj\u00e9t az elm\u00falt vas\u00e1rnap l\u00e1togattam meg Ravensburgban a Szent Erzs\u00e9bet k\u00f3rh\u00e1zban. &#8222;A f\u00e9rjem nagyon h\u00e1l\u00e1s \u00d6nnek!&#8221; &#8211; mondta \u0151. Term\u00e9szetesen h\u00e1r\u00edtottam ezeket a dics\u00e9r\u0151 szavakat. Vallom ugyanis, hogy mindannyian csak eszk\u00f6z\u00f6k vagyunk. \u0150szint\u00e9n elmondtam, hogy \u00e9n is sokat kaptam kedves f\u00e9rj\u00e9t\u0151l. Sokkal ink\u00e1bb azt \u00e9reztem, s ennek hangot is adtam, hogy \u00e9n is legal\u00e1bb annyira megaj\u00e1nd\u00e9kozott lettem, mint beteg testv\u00e9r\u00fcnk. A szentlecke \u00fczenete vil\u00e1gos. Szent P\u00e1l apostol Krisztus J\u00e9zus nev\u00e9ben tan\u00fas\u00e1got. Ez a magam \u00fatja is, amely szint\u00e9n egy\u00e9ni elk\u00f6telezetts\u00e9get felt\u00e9telez. Az evang\u00e9liumban Szent J\u00f3zsef csendess\u00e9g\u00e9re figyelhet\u00fcnk fel. H\u00e1tt\u00e9rben marad, s teszi a dolg\u00e1t. \u00c1lm\u00e1ban azt\u00e1n k\u00f6vetkezik is a meger\u0151s\u00edt\u00e9s, amely feloldja addigi f\u00e9lelmeit, k\u00e9telyeit \u00e9s agg\u00e1lyait feloldja. Sz\u00e1momra is ez a k\u00f6vetend\u0151 \u00fat! Amennyiben szabadd\u00e1 akarok v\u00e1lni f\u00e9lelmeimt\u0151l, k\u00e9rjek jeleket. A sz\u00e1momra k\u00fcld\u00f6tt jelek az egy\u00e9ni szabads\u00e1g felemel\u0151 \u00e9rz\u00e9s\u00e9ben lesz r\u00e9szem. Hiszen v\u00e9gs\u0151 soron a legf\u0151bb felismer\u00e9s: &#8222;Vel\u00fcnk az Isten!&#8221; Kezd\u0151\u00e9nek: Harmatozzatok, egek a magass\u00e1gb\u00f3l, \u00e9s a felh\u0151k hullass\u00e1k k\u00f6z\u00e9nk az Igazat! Ny\u00edlj\u00e9k meg a f\u00f6ld, \u00e9s teremje az \u00dcdv\u00f6z\u00edt\u0151t. (Iz 45,8) K\u00f6ny\u00f6rg\u00e9s: K\u00e9r\u00fcnk t\u00e9ged, \u00daristen, \u00f6ntsd lelk\u00fcnkbe szent kegyelmedet, hogy akik az angyali \u00fczenet \u00e1ltal szent Fiadnak, J\u00e9zus Krisztusnak megtestes\u00fcl\u00e9s\u00e9t megismert\u00fck, az \u0151 k\u00ednszenved\u00e9se \u00e9s keresztje \u00e1ltal a felt\u00e1mad\u00e1s dics\u0151s\u00e9g\u00e9be vitess\u00fcnk. A mi Urunk, J\u00e9zus Krisztus, a te Fiad \u00e1ltal, aki veled \u00e9l \u00e9s uralkodik a Szentl\u00e9lekkel egys\u00e9gben, Isten mind\u00f6r\u00f6kk\u00f6n \u00f6r\u00f6kk\u00e9. OLVASM\u00c1NY Izaj\u00e1s pr\u00f3f\u00e9ta k\u00f6nyv\u00e9b\u0151l (Iz 7,10-14) \u00cdme, a sz\u0171z fogan. Azokban a napokban: \u00cdgy sz\u00f3lt az \u00dar Ach\u00e1z kir\u00e1lyhoz: \u201eK\u00e9rj magadnak jelet az \u00dart\u00f3l, a te Istenedt\u0151l, ak\u00e1r az alvil\u00e1g m\u00e9lys\u00e9geib\u0151l, ak\u00e1r fel\u00fclr\u0151l... R\u00e9szletek\" \/>\n<meta property=\"og:url\" content=\"https:\/\/stuttgarti-katolikusok.de\/index.php\/advent-4-vasarnapja-3\/\" \/>\n<meta property=\"og:site_name\" content=\"Stuttgarti Katolikusok\" \/>\n<meta property=\"article:published_time\" content=\"2025-12-20T09:36:54+00:00\" \/>\n<meta property=\"og:image\" content=\"https:\/\/stuttgarti-katolikusok.de\/wp-content\/uploads\/2024\/12\/advent-4-masolat-scaled.jpg\" \/>\n\t<meta property=\"og:image:width\" content=\"2560\" \/>\n\t<meta property=\"og:image:height\" content=\"1947\" \/>\n\t<meta property=\"og:image:type\" content=\"image\/jpeg\" \/>\n<meta name=\"author\" content=\"Tibor atya\" \/>\n<meta name=\"twitter:card\" content=\"summary_large_image\" \/>\n<meta name=\"twitter:label1\" content=\"Szerz\u0151:\" \/>\n\t<meta name=\"twitter:data1\" content=\"Tibor atya\" \/>\n\t<meta name=\"twitter:label2\" content=\"Becs\u00fclt olvas\u00e1si id\u0151\" \/>\n\t<meta name=\"twitter:data2\" content=\"7 perc\" \/>\n<script type=\"application\/ld+json\" class=\"yoast-schema-graph\">{\"@context\":\"https:\\\/\\\/schema.org\",\"@graph\":[{\"@type\":\"Article\",\"@id\":\"https:\\\/\\\/stuttgarti-katolikusok.de\\\/index.php\\\/advent-4-vasarnapja-3\\\/#article\",\"isPartOf\":{\"@id\":\"https:\\\/\\\/stuttgarti-katolikusok.de\\\/index.php\\\/advent-4-vasarnapja-3\\\/\"},\"author\":{\"name\":\"Tibor atya\",\"@id\":\"https:\\\/\\\/stuttgarti-katolikusok.de\\\/#\\\/schema\\\/person\\\/75908d6f8fdc03a57889d27209df7795\"},\"headline\":\"Advent 4. vas\u00e1rnapja\",\"datePublished\":\"2025-12-20T09:36:54+00:00\",\"mainEntityOfPage\":{\"@id\":\"https:\\\/\\\/stuttgarti-katolikusok.de\\\/index.php\\\/advent-4-vasarnapja-3\\\/\"},\"wordCount\":1708,\"image\":{\"@id\":\"https:\\\/\\\/stuttgarti-katolikusok.de\\\/index.php\\\/advent-4-vasarnapja-3\\\/#primaryimage\"},\"thumbnailUrl\":\"https:\\\/\\\/stuttgarti-katolikusok.de\\\/wp-content\\\/uploads\\\/2024\\\/12\\\/advent-4-masolat-scaled.jpg\",\"articleSection\":[\"A liturgia olvasm\u00e1nyai\",\"Vas\u00e1rnapi gondolatok\"],\"inLanguage\":\"hu\"},{\"@type\":\"WebPage\",\"@id\":\"https:\\\/\\\/stuttgarti-katolikusok.de\\\/index.php\\\/advent-4-vasarnapja-3\\\/\",\"url\":\"https:\\\/\\\/stuttgarti-katolikusok.de\\\/index.php\\\/advent-4-vasarnapja-3\\\/\",\"name\":\"Advent 4. vas\u00e1rnapja - Stuttgarti Katolikusok\",\"isPartOf\":{\"@id\":\"https:\\\/\\\/stuttgarti-katolikusok.de\\\/#website\"},\"primaryImageOfPage\":{\"@id\":\"https:\\\/\\\/stuttgarti-katolikusok.de\\\/index.php\\\/advent-4-vasarnapja-3\\\/#primaryimage\"},\"image\":{\"@id\":\"https:\\\/\\\/stuttgarti-katolikusok.de\\\/index.php\\\/advent-4-vasarnapja-3\\\/#primaryimage\"},\"thumbnailUrl\":\"https:\\\/\\\/stuttgarti-katolikusok.de\\\/wp-content\\\/uploads\\\/2024\\\/12\\\/advent-4-masolat-scaled.jpg\",\"datePublished\":\"2025-12-20T09:36:54+00:00\",\"author\":{\"@id\":\"https:\\\/\\\/stuttgarti-katolikusok.de\\\/#\\\/schema\\\/person\\\/75908d6f8fdc03a57889d27209df7795\"},\"breadcrumb\":{\"@id\":\"https:\\\/\\\/stuttgarti-katolikusok.de\\\/index.php\\\/advent-4-vasarnapja-3\\\/#breadcrumb\"},\"inLanguage\":\"hu\",\"potentialAction\":[{\"@type\":\"ReadAction\",\"target\":[\"https:\\\/\\\/stuttgarti-katolikusok.de\\\/index.php\\\/advent-4-vasarnapja-3\\\/\"]}]},{\"@type\":\"ImageObject\",\"inLanguage\":\"hu\",\"@id\":\"https:\\\/\\\/stuttgarti-katolikusok.de\\\/index.php\\\/advent-4-vasarnapja-3\\\/#primaryimage\",\"url\":\"https:\\\/\\\/stuttgarti-katolikusok.de\\\/wp-content\\\/uploads\\\/2024\\\/12\\\/advent-4-masolat-scaled.jpg\",\"contentUrl\":\"https:\\\/\\\/stuttgarti-katolikusok.de\\\/wp-content\\\/uploads\\\/2024\\\/12\\\/advent-4-masolat-scaled.jpg\",\"width\":2560,\"height\":1947},{\"@type\":\"BreadcrumbList\",\"@id\":\"https:\\\/\\\/stuttgarti-katolikusok.de\\\/index.php\\\/advent-4-vasarnapja-3\\\/#breadcrumb\",\"itemListElement\":[{\"@type\":\"ListItem\",\"position\":1,\"name\":\"Kezd\u0151lap\",\"item\":\"https:\\\/\\\/stuttgarti-katolikusok.de\\\/\"},{\"@type\":\"ListItem\",\"position\":2,\"name\":\"Advent 4. vas\u00e1rnapja\"}]},{\"@type\":\"WebSite\",\"@id\":\"https:\\\/\\\/stuttgarti-katolikusok.de\\\/#website\",\"url\":\"https:\\\/\\\/stuttgarti-katolikusok.de\\\/\",\"name\":\"Stuttgarti Katolikusok\",\"description\":\"\",\"potentialAction\":[{\"@type\":\"SearchAction\",\"target\":{\"@type\":\"EntryPoint\",\"urlTemplate\":\"https:\\\/\\\/stuttgarti-katolikusok.de\\\/?s={search_term_string}\"},\"query-input\":{\"@type\":\"PropertyValueSpecification\",\"valueRequired\":true,\"valueName\":\"search_term_string\"}}],\"inLanguage\":\"hu\"},{\"@type\":\"Person\",\"@id\":\"https:\\\/\\\/stuttgarti-katolikusok.de\\\/#\\\/schema\\\/person\\\/75908d6f8fdc03a57889d27209df7795\",\"name\":\"Tibor atya\",\"image\":{\"@type\":\"ImageObject\",\"inLanguage\":\"hu\",\"@id\":\"https:\\\/\\\/secure.gravatar.com\\\/avatar\\\/61d268e57d1f4525b111222e29d2d5a7f8c420fdbf231ba5566a8ceac74fa960?s=96&d=mm&r=g\",\"url\":\"https:\\\/\\\/secure.gravatar.com\\\/avatar\\\/61d268e57d1f4525b111222e29d2d5a7f8c420fdbf231ba5566a8ceac74fa960?s=96&d=mm&r=g\",\"contentUrl\":\"https:\\\/\\\/secure.gravatar.com\\\/avatar\\\/61d268e57d1f4525b111222e29d2d5a7f8c420fdbf231ba5566a8ceac74fa960?s=96&d=mm&r=g\",\"caption\":\"Tibor atya\"},\"url\":\"https:\\\/\\\/stuttgarti-katolikusok.de\\\/index.php\\\/author\\\/tibor-atya\\\/\"}]}<\/script>\n<!-- \/ Yoast SEO plugin. -->","yoast_head_json":{"title":"Advent 4. vas\u00e1rnapja - Stuttgarti Katolikusok","robots":{"index":"index","follow":"follow","max-snippet":"max-snippet:-1","max-image-preview":"max-image-preview:large","max-video-preview":"max-video-preview:-1"},"canonical":"https:\/\/stuttgarti-katolikusok.de\/index.php\/advent-4-vasarnapja-3\/","og_locale":"hu_HU","og_type":"article","og_title":"Advent 4. vas\u00e1rnapja - Stuttgarti Katolikusok","og_description":"A nagy Isten jeleket k\u00fcld az emberis\u00e9gnek, hogy megismerje \u0151t, akarat\u00e1t \u00e9s szeretet\u00e9t. V\u00e9gs\u0151 soron e jelek az \u00e9gre mutatnak. Rem\u00e9nyt gy\u00fajtanak az emberek lelk\u00e9ben, s elvezetik az embert Istenhez. Advent 4. vas\u00e1rnapja ezt a rem\u00e9nyt er\u0151s\u00edti fel benn\u00fcnk.\u00a0 Ma reggel, szombat, rorate szentmise volt Weingartenben. Szentmise v\u00e9gezt\u00e9vel egyik kedves h\u00edvem sz\u00f3l\u00edtott meg, akinek f\u00e9rj\u00e9t az elm\u00falt vas\u00e1rnap l\u00e1togattam meg Ravensburgban a Szent Erzs\u00e9bet k\u00f3rh\u00e1zban. &#8222;A f\u00e9rjem nagyon h\u00e1l\u00e1s \u00d6nnek!&#8221; &#8211; mondta \u0151. Term\u00e9szetesen h\u00e1r\u00edtottam ezeket a dics\u00e9r\u0151 szavakat. Vallom ugyanis, hogy mindannyian csak eszk\u00f6z\u00f6k vagyunk. \u0150szint\u00e9n elmondtam, hogy \u00e9n is sokat kaptam kedves f\u00e9rj\u00e9t\u0151l. Sokkal ink\u00e1bb azt \u00e9reztem, s ennek hangot is adtam, hogy \u00e9n is legal\u00e1bb annyira megaj\u00e1nd\u00e9kozott lettem, mint beteg testv\u00e9r\u00fcnk. A szentlecke \u00fczenete vil\u00e1gos. Szent P\u00e1l apostol Krisztus J\u00e9zus nev\u00e9ben tan\u00fas\u00e1got. Ez a magam \u00fatja is, amely szint\u00e9n egy\u00e9ni elk\u00f6telezetts\u00e9get felt\u00e9telez. Az evang\u00e9liumban Szent J\u00f3zsef csendess\u00e9g\u00e9re figyelhet\u00fcnk fel. H\u00e1tt\u00e9rben marad, s teszi a dolg\u00e1t. \u00c1lm\u00e1ban azt\u00e1n k\u00f6vetkezik is a meger\u0151s\u00edt\u00e9s, amely feloldja addigi f\u00e9lelmeit, k\u00e9telyeit \u00e9s agg\u00e1lyait feloldja. Sz\u00e1momra is ez a k\u00f6vetend\u0151 \u00fat! Amennyiben szabadd\u00e1 akarok v\u00e1lni f\u00e9lelmeimt\u0151l, k\u00e9rjek jeleket. A sz\u00e1momra k\u00fcld\u00f6tt jelek az egy\u00e9ni szabads\u00e1g felemel\u0151 \u00e9rz\u00e9s\u00e9ben lesz r\u00e9szem. Hiszen v\u00e9gs\u0151 soron a legf\u0151bb felismer\u00e9s: &#8222;Vel\u00fcnk az Isten!&#8221; Kezd\u0151\u00e9nek: Harmatozzatok, egek a magass\u00e1gb\u00f3l, \u00e9s a felh\u0151k hullass\u00e1k k\u00f6z\u00e9nk az Igazat! Ny\u00edlj\u00e9k meg a f\u00f6ld, \u00e9s teremje az \u00dcdv\u00f6z\u00edt\u0151t. (Iz 45,8) K\u00f6ny\u00f6rg\u00e9s: K\u00e9r\u00fcnk t\u00e9ged, \u00daristen, \u00f6ntsd lelk\u00fcnkbe szent kegyelmedet, hogy akik az angyali \u00fczenet \u00e1ltal szent Fiadnak, J\u00e9zus Krisztusnak megtestes\u00fcl\u00e9s\u00e9t megismert\u00fck, az \u0151 k\u00ednszenved\u00e9se \u00e9s keresztje \u00e1ltal a felt\u00e1mad\u00e1s dics\u0151s\u00e9g\u00e9be vitess\u00fcnk. A mi Urunk, J\u00e9zus Krisztus, a te Fiad \u00e1ltal, aki veled \u00e9l \u00e9s uralkodik a Szentl\u00e9lekkel egys\u00e9gben, Isten mind\u00f6r\u00f6kk\u00f6n \u00f6r\u00f6kk\u00e9. OLVASM\u00c1NY Izaj\u00e1s pr\u00f3f\u00e9ta k\u00f6nyv\u00e9b\u0151l (Iz 7,10-14) \u00cdme, a sz\u0171z fogan. Azokban a napokban: \u00cdgy sz\u00f3lt az \u00dar Ach\u00e1z kir\u00e1lyhoz: \u201eK\u00e9rj magadnak jelet az \u00dart\u00f3l, a te Istenedt\u0151l, ak\u00e1r az alvil\u00e1g m\u00e9lys\u00e9geib\u0151l, ak\u00e1r fel\u00fclr\u0151l... R\u00e9szletek","og_url":"https:\/\/stuttgarti-katolikusok.de\/index.php\/advent-4-vasarnapja-3\/","og_site_name":"Stuttgarti Katolikusok","article_published_time":"2025-12-20T09:36:54+00:00","og_image":[{"width":2560,"height":1947,"url":"https:\/\/stuttgarti-katolikusok.de\/wp-content\/uploads\/2024\/12\/advent-4-masolat-scaled.jpg","type":"image\/jpeg"}],"author":"Tibor atya","twitter_card":"summary_large_image","twitter_misc":{"Szerz\u0151:":"Tibor atya","Becs\u00fclt olvas\u00e1si id\u0151":"7 perc"},"schema":{"@context":"https:\/\/schema.org","@graph":[{"@type":"Article","@id":"https:\/\/stuttgarti-katolikusok.de\/index.php\/advent-4-vasarnapja-3\/#article","isPartOf":{"@id":"https:\/\/stuttgarti-katolikusok.de\/index.php\/advent-4-vasarnapja-3\/"},"author":{"name":"Tibor atya","@id":"https:\/\/stuttgarti-katolikusok.de\/#\/schema\/person\/75908d6f8fdc03a57889d27209df7795"},"headline":"Advent 4. vas\u00e1rnapja","datePublished":"2025-12-20T09:36:54+00:00","mainEntityOfPage":{"@id":"https:\/\/stuttgarti-katolikusok.de\/index.php\/advent-4-vasarnapja-3\/"},"wordCount":1708,"image":{"@id":"https:\/\/stuttgarti-katolikusok.de\/index.php\/advent-4-vasarnapja-3\/#primaryimage"},"thumbnailUrl":"https:\/\/stuttgarti-katolikusok.de\/wp-content\/uploads\/2024\/12\/advent-4-masolat-scaled.jpg","articleSection":["A liturgia olvasm\u00e1nyai","Vas\u00e1rnapi gondolatok"],"inLanguage":"hu"},{"@type":"WebPage","@id":"https:\/\/stuttgarti-katolikusok.de\/index.php\/advent-4-vasarnapja-3\/","url":"https:\/\/stuttgarti-katolikusok.de\/index.php\/advent-4-vasarnapja-3\/","name":"Advent 4. vas\u00e1rnapja - Stuttgarti Katolikusok","isPartOf":{"@id":"https:\/\/stuttgarti-katolikusok.de\/#website"},"primaryImageOfPage":{"@id":"https:\/\/stuttgarti-katolikusok.de\/index.php\/advent-4-vasarnapja-3\/#primaryimage"},"image":{"@id":"https:\/\/stuttgarti-katolikusok.de\/index.php\/advent-4-vasarnapja-3\/#primaryimage"},"thumbnailUrl":"https:\/\/stuttgarti-katolikusok.de\/wp-content\/uploads\/2024\/12\/advent-4-masolat-scaled.jpg","datePublished":"2025-12-20T09:36:54+00:00","author":{"@id":"https:\/\/stuttgarti-katolikusok.de\/#\/schema\/person\/75908d6f8fdc03a57889d27209df7795"},"breadcrumb":{"@id":"https:\/\/stuttgarti-katolikusok.de\/index.php\/advent-4-vasarnapja-3\/#breadcrumb"},"inLanguage":"hu","potentialAction":[{"@type":"ReadAction","target":["https:\/\/stuttgarti-katolikusok.de\/index.php\/advent-4-vasarnapja-3\/"]}]},{"@type":"ImageObject","inLanguage":"hu","@id":"https:\/\/stuttgarti-katolikusok.de\/index.php\/advent-4-vasarnapja-3\/#primaryimage","url":"https:\/\/stuttgarti-katolikusok.de\/wp-content\/uploads\/2024\/12\/advent-4-masolat-scaled.jpg","contentUrl":"https:\/\/stuttgarti-katolikusok.de\/wp-content\/uploads\/2024\/12\/advent-4-masolat-scaled.jpg","width":2560,"height":1947},{"@type":"BreadcrumbList","@id":"https:\/\/stuttgarti-katolikusok.de\/index.php\/advent-4-vasarnapja-3\/#breadcrumb","itemListElement":[{"@type":"ListItem","position":1,"name":"Kezd\u0151lap","item":"https:\/\/stuttgarti-katolikusok.de\/"},{"@type":"ListItem","position":2,"name":"Advent 4. vas\u00e1rnapja"}]},{"@type":"WebSite","@id":"https:\/\/stuttgarti-katolikusok.de\/#website","url":"https:\/\/stuttgarti-katolikusok.de\/","name":"Stuttgarti Katolikusok","description":"","potentialAction":[{"@type":"SearchAction","target":{"@type":"EntryPoint","urlTemplate":"https:\/\/stuttgarti-katolikusok.de\/?s={search_term_string}"},"query-input":{"@type":"PropertyValueSpecification","valueRequired":true,"valueName":"search_term_string"}}],"inLanguage":"hu"},{"@type":"Person","@id":"https:\/\/stuttgarti-katolikusok.de\/#\/schema\/person\/75908d6f8fdc03a57889d27209df7795","name":"Tibor atya","image":{"@type":"ImageObject","inLanguage":"hu","@id":"https:\/\/secure.gravatar.com\/avatar\/61d268e57d1f4525b111222e29d2d5a7f8c420fdbf231ba5566a8ceac74fa960?s=96&d=mm&r=g","url":"https:\/\/secure.gravatar.com\/avatar\/61d268e57d1f4525b111222e29d2d5a7f8c420fdbf231ba5566a8ceac74fa960?s=96&d=mm&r=g","contentUrl":"https:\/\/secure.gravatar.com\/avatar\/61d268e57d1f4525b111222e29d2d5a7f8c420fdbf231ba5566a8ceac74fa960?s=96&d=mm&r=g","caption":"Tibor atya"},"url":"https:\/\/stuttgarti-katolikusok.de\/index.php\/author\/tibor-atya\/"}]}},"_links":{"self":[{"href":"https:\/\/stuttgarti-katolikusok.de\/index.php\/wp-json\/wp\/v2\/posts\/32214","targetHints":{"allow":["GET"]}}],"collection":[{"href":"https:\/\/stuttgarti-katolikusok.de\/index.php\/wp-json\/wp\/v2\/posts"}],"about":[{"href":"https:\/\/stuttgarti-katolikusok.de\/index.php\/wp-json\/wp\/v2\/types\/post"}],"author":[{"embeddable":true,"href":"https:\/\/stuttgarti-katolikusok.de\/index.php\/wp-json\/wp\/v2\/users\/3"}],"replies":[{"embeddable":true,"href":"https:\/\/stuttgarti-katolikusok.de\/index.php\/wp-json\/wp\/v2\/comments?post=32214"}],"version-history":[{"count":2,"href":"https:\/\/stuttgarti-katolikusok.de\/index.php\/wp-json\/wp\/v2\/posts\/32214\/revisions"}],"predecessor-version":[{"id":32216,"href":"https:\/\/stuttgarti-katolikusok.de\/index.php\/wp-json\/wp\/v2\/posts\/32214\/revisions\/32216"}],"wp:featuredmedia":[{"embeddable":true,"href":"https:\/\/stuttgarti-katolikusok.de\/index.php\/wp-json\/wp\/v2\/media\/30002"}],"wp:attachment":[{"href":"https:\/\/stuttgarti-katolikusok.de\/index.php\/wp-json\/wp\/v2\/media?parent=32214"}],"wp:term":[{"taxonomy":"category","embeddable":true,"href":"https:\/\/stuttgarti-katolikusok.de\/index.php\/wp-json\/wp\/v2\/categories?post=32214"},{"taxonomy":"post_tag","embeddable":true,"href":"https:\/\/stuttgarti-katolikusok.de\/index.php\/wp-json\/wp\/v2\/tags?post=32214"}],"curies":[{"name":"wp","href":"https:\/\/api.w.org\/{rel}","templated":true}]}}