{"id":32184,"date":"2025-12-13T15:15:41","date_gmt":"2025-12-13T14:15:41","guid":{"rendered":"https:\/\/stuttgarti-katolikusok.de\/?p=32184"},"modified":"2025-12-14T06:51:12","modified_gmt":"2025-12-14T05:51:12","slug":"advent-3-vasarnapja-gaudete-vasarnap-3","status":"publish","type":"post","link":"https:\/\/stuttgarti-katolikusok.de\/index.php\/advent-3-vasarnapja-gaudete-vasarnap-3\/","title":{"rendered":"Advent 3. vas\u00e1rnapja \u2013 Gaudete-vas\u00e1rnap"},"content":{"rendered":"<p><span style=\"color: #ff6600;\"><em>A kereszt\u00e9nys\u00e9g az \u00f6r\u00f6m vall\u00e1sa. Ez\u00e9rt van az, hogy a k\u00e9t b\u0171nb\u00e1nati id\u0151ben (Adventben \u00e9s Nagyb\u00f6jtben) egy-egy vas\u00e1rnapot az \u00f6r\u00f6mnek szentel. Egyh\u00e1zunk p\u00e9ld\u00e1ja szerint haszn\u00e1ljuk fel mi is az igazi \u00f6r\u00f6mnek, az Istennel val\u00f3 tal\u00e1lkoz\u00e1snak sok \u00e9s k\u00fcl\u00f6nf\u00e9le alkalm\u00e1t. <\/em><\/span><\/p>\n<p><span style=\"color: #ff6600;\"><em>Mi, illetve ki az \u00e9n az \u00e9n \u00f6r\u00f6m\u00f6mnek a forr\u00e1sa?\u00a0 Ritk\u00e1n ugyan, de megteszem. Gyalog indulok \u00fatra. Ilyenkor, amennyiben van lehet\u0151s\u00e9gem, egyszer\u0171en csak p\u00e1szt\u00e1zom tekintetemmel a k\u00f6r\u00fcl\u00f6ttem l\u00e9v\u0151 embereket. \u00c9rdekes \u00e9s tanuls\u00e1gos megtapasztal\u00e1s. Minden ember egy k\u00fcl\u00f6n vil\u00e1g! Szinte kiv\u00e9tel n\u00e9lk\u00fcl mindenki mintegy bez\u00e1rk\u00f3zik a maga teremtette, sz\u0171k, virtu\u00e1lis vil\u00e1gba. M\u00e1r ki sem n\u00e9z bel\u0151le. Rohan\u00e1s, siet\u00e9s, izgatotts\u00e1g, nyugtalans\u00e1g \u00e9rz\u00e9se, nem utols\u00f3 sorban a stressz okozta f\u00e1radts\u00e1g \u00fcl ki arcukon. <\/em><\/span><\/p>\n<p><span style=\"color: #ff6600;\"><em>Olykor magamnak is felteszem a k\u00e9rd\u00e9st: Vajon m\u00e1sok mit l\u00e1tnak rajtam? Milyennek mutatkozom? Hordozom-e az \u00f6r\u00f6m \u00e9rz\u00e9s\u00e9t sz\u00edvemben? K\u00e9sz vagyok ezt az \u00e9rz\u00e9st megosztani m\u00e1sokkal? &#8211; Ezekre nekem kell v\u00e1laszolnom. <\/em><\/span><\/p>\n<p><span style=\"color: #ff6600;\"><em>Az olvasm\u00e1ny alap\u00fczenete: &#8222;B\u00e1tors\u00e1g! Ne f\u00e9ljetek!&#8221; A kereszt\u00e9ny ember alapvet\u0151en optimista kell hogy legyen. Ezen emberi magatart\u00e1s forr\u00e1sa \u00e9s alapja: \u00c9letem Isten tenyer\u00e9ben nyugszik. <\/em><\/span><\/p>\n<p><span style=\"color: #ff6600;\"><em>A szentlecke az \u00e1llhatatoss\u00e1g \u00e9s t\u00fcrelem er\u00e9nyeit emeli ki. Mind k\u00e9t er\u00e9ny gyakorl\u00e1s\u00e1ra sz\u00e1mtalan lehet\u0151s\u00e9gem \u00e9s es\u00e9lyem k\u00edn\u00e1lkozik. \u00c9ljek h\u00e1t e lehet\u0151s\u00e9gekkel \u00e9s es\u00e9lyekkel<\/em><\/span><\/p>\n<p><span style=\"color: #ff6600;\"><em>Keresztel\u0151 J\u00e1nost \u00e1ll\u00edtja p\u00e9ldak\u00e9pk\u00e9nt hallgat\u00f3s\u00e1ga sz\u00e1m\u00e1ra az \u00dar J\u00e9zus. Azt a J\u00e1nost, aki mindig \u00f6nazonos volt. \u00d6nmag\u00e1t adta, s nem akart senki m\u00e1s elv\u00e1r\u00e1sainak megfelelni. Mi az, ami motiv\u00e1l cselekedeteim<\/em><\/span><span style=\"color: #ff6600;\"><em>ben \u00e9s viselked\u00e9semben? Tanuljak meg m\u00e1sok v\u00e9lem\u00e9nyeit\u0151l \u00e9s elv\u00e1r\u00e1sait\u00f3l f\u00fcggetlen\u00fcl j\u00f3l \u00e9s helyesen d\u00f6nteni.<\/em><\/span><\/p>\n<p><span style=\"color: #800080;\">Kezd\u0151\u00e9nek:<\/span><br \/>\n\u00d6r\u00fcljetek az \u00darban mindig, \u00fajra mondom: \u00f6r\u00fcljetek! Az \u00dar k\u00f6zel van! (V\u00f6. Fil 4,4.5)<\/p>\n<p><span style=\"color: #800080;\">K\u00f6ny\u00f6rg\u00e9s:<\/span><br \/>\nIsten\u00fcnk, te l\u00e1tod, hogy n\u00e9ped milyen h\u0171s\u00e9ges l\u00e9lekkel v\u00e1rja Ur\u00e1nak sz\u00fclet\u00e9se napj\u00e1t. Add, k\u00e9r\u00fcnk, hogy el\u00e9rkezz\u00fcnk az \u00fcdv\u00f6ss\u00e9g nagy \u00f6r\u00f6m\u00e9re, s \u00f6rvendez\u0151 l\u00e9lekkel, \u00e1h\u00edtatosan \u00fcnnepelj\u00fcnk. A mi Urunk, J\u00e9zus Krisztus, a te Fiad \u00e1ltal, aki veled \u00e9l \u00e9s uralkodik a Szentl\u00e9lekkel egys\u00e9gben, Isten mind\u00f6r\u00f6kk\u00f6n \u00f6r\u00f6kk\u00e9.<\/p>\n<p><span style=\"color: #800080;\">OLVASM\u00c1NY Izaj\u00e1s pr\u00f3f\u00e9ta k\u00f6nyv\u00e9b\u0151l (Iz 35,1-6a.10)<\/span><br \/>\n<em>Maga az Isten j<\/em><em>\u00f6n el, hogy szabadul<\/em><em>\u00e1st hozzon nek<\/em><em>\u00fcnk.<\/em><br \/>\n\u00d6r\u00fclj\u00f6n a puszta \u00e9s a kiaszott vid\u00e9k, ujjongjon a sivatag, \u00e9s viruljon, mint a liliom. Virulva viruljon \u00e9s \u00f6r\u00f6m\u00e9ben ujjongva daloljon! Mert \u00f6v\u00e9 a Libanon dics\u0151s\u00e9ge, a K\u00e1rmel \u00e9s a S\u00e1ron pomp\u00e1ja. Megl\u00e1tj\u00e1k az \u00dar dics\u0151s\u00e9g\u00e9t, Isten\u00fcnk f\u00f6ns\u00e9g\u00e9t.<br \/>\nEr\u0151s\u00edts\u00e9tek meg az elernyedt kezeket, \u00e9s a roskadoz\u00f3 t\u00e9rdeket szil\u00e1rd\u00edts\u00e1tok meg! Mondj\u00e1tok a cs\u00fcggedt sz\u00edv\u0171eknek: \u201eB\u00e1tors\u00e1g! Ne f\u00e9ljetek! \u00cdme, elj\u00f6n Istenetek, elj\u00f6n, hogy bossz\u00fat \u00e1lljon \u00e9s megfizessen. Maga az Isten j\u00f6n el, hogy szabadul\u00e1st hozzon nektek.\u201d Akkor megny\u00edlik a vakok szeme, \u00e9s a s\u00fcketek f\u00fcle hallani fog. Ugr\u00e1ndozik majd a s\u00e1nta, mint a szarvas, \u00e9s a n\u00e9m\u00e1k nyelve ujjongva ujjong.<br \/>\nAkiknek az \u00dar szabadul\u00e1st szerzett, azok visszat\u00e9rnek. \u00c9neket zengve \u00e9rnek a Sionra, \u00e9s \u00f6r\u00f6k boldogs\u00e1got t\u00fckr\u00f6z az arcuk. \u00d6r\u00f6m \u00e9s ujjong\u00e1s j\u00e1r a nyomukban, mert f\u00e1jdalom \u00e9s siralom nem lesz t\u00f6bb\u00e9.<br \/>\nEz az Isten ig\u00e9je.<\/p>\n<p><span style=\"color: #800080;\">V\u00c1LASZOS ZSOLT\u00c1R<\/span><br \/>\nV\u00e1lasz:\u00a0<strong>J<\/strong><strong>\u00f6jj el,<\/strong><strong>\u00a0<u>U<\/u>runk, Isten<\/strong><strong>\u00fcnk: * <\/strong><strong>\u00fcdv<\/strong><strong>\u00f6z<\/strong><strong>\u00edts min<u>ket<\/u>.<\/strong>\u00a0(4. t\u00f3nus.)<br \/>\nVagy:\u00a0<strong>Alleluja.<\/strong><br \/>\nEl\u0151\u00e9nekes: Isten igaz\u00a0<u>ma<\/u>rad \u00f6r\u00f6kk\u00e9, * az elnyomottnak igazs\u00e1got szol<u>g<\/u><u>\u00e1l<\/u>tat.<br \/>\nAz \u00e9hez\u0151nek\u00a0<u>\u0151<\/u>\u00a0ad kenyeret, * kiszabad\u00edtja az \u00dar a fog<u>lyo<\/u>kat.<br \/>\nH\u00edvek:\u00a0<strong>J<\/strong><strong>\u00f6jj el,<\/strong><strong>\u00a0<u>U<\/u>runk, Isten<\/strong><strong>\u00fcnk: * <\/strong><strong>\u00fcdv<\/strong><strong>\u00f6z<\/strong><strong>\u00edts min<u>ket<\/u>.<\/strong><br \/>\nVagy:\u00a0<strong>Alleluja.<\/strong><br \/>\nE: Az \u00dar megnyitja a\u00a0<u>va<\/u>kok szem\u00e9t, * \u00e9s f\u00f6lemeli azt, aki el<u>e<\/u>sett.<br \/>\nAz \u00dar szereti az\u00a0<u>i<\/u>gaz embert, * a j\u00f6vev\u00e9nyt meg<u>v<\/u><u>\u00e9<\/u>di.<br \/>\nH:\u00a0<strong>J<\/strong><strong>\u00f6jj el,<\/strong><strong>\u00a0<u>U<\/u>runk, Isten<\/strong><strong>\u00fcnk: * <\/strong><strong>\u00fcdv<\/strong><strong>\u00f6z<\/strong><strong>\u00edts min<u>ket<\/u>.<\/strong><br \/>\nVagy:\u00a0<strong>Alleluja.<\/strong><br \/>\nE: Az \u00dar t\u00e1mogatja az \u00e1r<u>v<\/u><u>\u00e1t<\/u>, \u00e9s \u00f6zvegyet, * \u00e9s elpuszt\u00edtja a gonoszok\u00a0<u>\u00fa<\/u><u>t<\/u>j\u00e1t.<br \/>\nAz \u00dar ural<u>ko<\/u>dik \u00f6r\u00f6kk\u00e9, * a te Istened, \u00f3 Sion, nemzed\u00e9kr\u0151l nemze<u>d<\/u><u>\u00e9k<\/u>re.<br \/>\nH:\u00a0<strong>J<\/strong><strong>\u00f6jj el,<\/strong><strong>\u00a0<u>U<\/u>runk, Isten<\/strong><strong>\u00fcnk: * <\/strong><strong>\u00fcdv<\/strong><strong>\u00f6z<\/strong><strong>\u00edts min<u>ket<\/u>.<\/strong><br \/>\nVagy:\u00a0<strong>Alleluja.<\/strong><br \/>\n<strong>Zsolt 145,7.8-9a.9bc-19<\/strong><\/p>\n<p><span style=\"color: #800080;\">SZENTLECKE Szent Jakab apostol level\u00e9b\u0151l (Jak 5,7-10)<\/span><br \/>\n<em>Legyetek <\/em><em>\u00e1llhatatosak, mert az <\/em><em>\u00dar e j<\/em><em>\u00f6vetel<\/em><em>\u00e9nek ideje k<\/em><em>\u00f6zel van!<\/em><br \/>\nTestv\u00e9reim!<br \/>\nLegyetek t\u00fcrelemmel az \u00dar elj\u00f6vetel\u00e9ig! L\u00e1m, a f\u00f6ldm\u0171ves is t\u00fcrelemmel v\u00e1r a f\u00f6ld dr\u00e1ga term\u00e9s\u00e9re, m\u00edg a korai \u00e9s a k\u00e9s\u0151i es\u0151 meg nem \u00e9rkezik. Legyetek t\u00fcrelemmel ti is, \u00e9s legyetek \u00e1llhatatosak, mert az \u00dar elj\u00f6vetel\u00e9nek ideje k\u00f6zel van.<br \/>\nTestv\u00e9reim, ne z\u00fagol\u00f3djatok egym\u00e1s ellen, nehogy \u00edt\u00e9letet vonjatok magatokra. Mert \u00edme, a b\u00edr\u00f3 ott \u00e1ll m\u00e1r az ajt\u00f3 el\u0151tt.<br \/>\nTestv\u00e9rek, a szenved\u00e9s elvisel\u00e9s\u00e9ben \u00e9s a kitart\u00f3 t\u00fcrelemben vegyetek p\u00e9ld\u00e1t a pr\u00f3f\u00e9t\u00e1kr\u00f3l, akik az \u00dar nev\u00e9ben sz\u00f3ltak!<br \/>\nEz az Isten ig\u00e9je.<\/p>\n<p>A<span style=\"color: #800080;\">LLELUJA<\/span><br \/>\nAz \u00dar lelke van rajtam: * elk\u00fcld\u00f6tt, hogy a szeg\u00e9nyeknek \u00f6r\u00f6mh\u00edrt vigyek. Iz 61,1 \u2013 7b. t\u00f3nus.<\/p>\n<p><span style=\"color: #800080;\">\u2020 EVANG\u00c9LIUM Szent M\u00e1t\u00e9 k\u00f6nyv\u00e9b\u0151l (Mt 11,2-11)<\/span><br \/>\n<em>Te vagy-e az, akinek j<\/em><em>\u00f6nnie kelt, vagy valaki m<\/em><em>\u00e1st v<\/em><em>\u00e1rjunk?<\/em><br \/>\nAbban az id\u0151ben:<br \/>\nAmikor a b\u00f6rt\u00f6nben raboskod\u00f3 J\u00e1nos J\u00e9zus tetteir\u0151l hallott, elk\u00fcldte hozz\u00e1 tan\u00edtv\u00e1nyait, hogy k\u00e9rdezz\u00e9k meg t\u0151le: \u201eTe vagy-e az, akinek el kell j\u00f6nnie, vagy valaki m\u00e1st v\u00e1rjunk?\u201d J\u00e9zus igy v\u00e1laszolt nekik: \u201eMenjetek, \u00e9s adj\u00e1tok tudtul J\u00e1nosnak mindazt, amit l\u00e1ttok \u00e9s hallotok: a vakok l\u00e1tnak, a s\u00e1nt\u00e1k j\u00e1rnak, a halottak felt\u00e1madnak, a szeg\u00e9nyeknek pedig hirdetik az \u00f6r\u00f6mh\u00edrt. Boldog az, aki nem botr\u00e1nkozik meg bennem!\u201d<br \/>\nMikor elmentek, J\u00e9zus \u00edgy kezdett besz\u00e9lni J\u00e1nosr\u00f3l a t\u00f6megnek: \u201eMit akartatok l\u00e1tni, amikor kimentetek a puszt\u00e1ba? Tal\u00e1n sz\u00e9lt\u0151l lengetett n\u00e1dsz\u00e1lat? Vagy mi\u00e9rt mentetek ki? Hogy finom ruh\u00e1ba \u00f6lt\u00f6z\u00f6tt embert l\u00e1ssatok? Akik finom ruh\u00e1ban j\u00e1rnak, azok kir\u00e1lyi palot\u00e1ban laknak! Vagy mi\u00e9rt mentetek ki? Hogy pr\u00f3f\u00e9t\u00e1t l\u00e1ssatok? Igen, mondom nektek: m\u00e9g pr\u00f3f\u00e9t\u00e1n\u00e1l is nagyobbat! \u0150 az, akir\u0151l ezt \u00edrt\u00e1k:<br \/>\n\u00cdme, elk\u00fcld\u00f6m k\u00f6vetemet sz\u00edned el\u0151tt, hogy elk\u00e9sz\u00edtse az utat teel\u0151tted.<br \/>\nBizony, mondom nektek: Asszonyok sz\u00fcl\u00f6ttei k\u00f6z\u00f6tt nem t\u00e1madt nagyobb Keresztel\u0151 J\u00e1nosn\u00e1l! De m\u00e9g \u0151n\u00e1la is nagyobb az, aki a legkisebb a mennyek orsz\u00e1g\u00e1ban.<br \/>\nEzek az evang\u00e9lium ig\u00e9i.<\/p>\n<p><span style=\"color: #800080;\">EGYETEMES K\u00d6NY\u00d6RG\u00c9SEK<\/span><br \/>\nPap: Testv\u00e9reim! Forduljunk bizalommal Urunkhoz, J\u00e9zus Krisztushoz, aki az\u00e9rt j\u00f6tt el k\u00f6z\u00e9nk, hogy \u00f6r\u00f6met szerezzen nek\u00fcnk \u00e9s \u00fcdv\u00f6z\u00edtsen minket!<br \/>\nLektor: 1. Add, Urunk, hogy Egyh\u00e1zad \u00f6r\u00f6mmel k\u00e9sz\u00fclj\u00f6n sz\u00fclet\u00e9sed k\u00f6zelg\u0151 \u00fcnnep\u00e9re!<br \/>\nH\u00edvek: K\u00e9r\u00fcnk t\u00e9ged, hallgass meg minket!<br \/>\n2. Add, Urunk, hogy h\u00edveid t\u00fcrelmesek legyenek \u00e9s j\u00f3s\u00e1gukkal \u0151r\u00f6met szerezzenek embert\u00e1rsaiknak!<br \/>\nH\u00edvek: K\u00e9r\u00fcnk t\u00e9ged . . .<br \/>\n3. Add, Urunk, hogy a gazdag n\u00e9pek seg\u00edts\u00e9k a sz\u00fcks\u00e9get szenved\u0151 nemzeteket!<br \/>\nH\u00edvek: K\u00e9r\u00fcnk t\u00e9ged . . .<br \/>\n4. Add, Urunk, hogy egyh\u00e1zk\u00f6zs\u00e9g\u00fcnk tagjai buzg\u00f3n gyakorolj\u00e1k a kar\u00e1csonyi j\u00f3t\u00e9konys\u00e1got!<br \/>\nH\u00edvek: K\u00e9r\u00fcnk t\u00e9ged . . .<br \/>\n5. Add, Urunk, hogy betegeink is \u00f6rvendezve tal\u00e1lkozhassanak veled a kar\u00e1csonyi szent\u00e1ldoz\u00e1sban!<br \/>\nH\u00edvek: K\u00e9r\u00fcnk t\u00e9ged . . .<br \/>\nPap: Szeretett Megv\u00e1lt\u00f3nk! Te azt akarod, hogy minden ember boldog legyen. Add kegyelmedet, hogy m\u00e1r a f\u00f6ldi \u00e9letben is \u00e9rezz\u00fck a benned b\u00edz\u00f3k \u00f6r\u00f6m\u00e9t, \u00e9s egykor orsz\u00e1godban elnyerj\u00fck az \u00f6r\u00f6k boldogs\u00e1got. Aki \u00e9lsz \u00e9s uralkodol mind\u00f6r\u00f6kk\u00f6n \u00f6r\u00f6kk\u00e9.<br \/>\nH\u00edvek: \u00c1men.<\/p>\n<p><span style=\"color: #800080;\">Felaj\u00e1nl\u00f3 k\u00f6ny\u00f6rg\u00e9s:<\/span><br \/>\nK\u00e9r\u00fcnk, Urunk, \u00e1lljon el\u0151tted sz\u00fcntelen\u00fcl odaad\u00f3 l\u00e9lekkel bemutatott \u00e1ldozatunk, val\u00f3s\u00edtsa meg az \u00e1ltalad rendelt szent miszt\u00e9riumot, \u00e9s hat\u00e9konyan munk\u00e1lja benn\u00fcnk az \u00fcdv\u00f6ss\u00e9get. Krisztus, a mi Urunk \u00e1ltal.<\/p>\n<p><span style=\"color: #800080;\">Pref\u00e1ci\u00f3:<\/span><br \/>\nAz \u00dar legyen veletek.<br \/>\nH.: \u00c9s a te lelkeddel.<br \/>\nEmelj\u00fck f\u00f6l sz\u00edv\u00fcnket.<br \/>\nH.: F\u00f6lemelt\u00fck az \u00darhoz.<br \/>\nAdjunk h\u00e1l\u00e1t Urunknak, Isten\u00fcnknek.<br \/>\nH.: M\u00e9lt\u00f3 \u00e9s igazs\u00e1gos.<br \/>\n(Mert) Val\u00f3ban m\u00e9lt\u00f3 \u00e9s igazs\u00e1gos, ill\u0151 \u00e9s \u00fcdv\u00f6s, hogy mindig \u00e9s minden\u00fctt h\u00e1l\u00e1t adjunk n\u00e9ked, mi Urunk, szents\u00e9ges Aty\u00e1nk, mindenhat\u00f3, \u00f6r\u00f6k Isten: \u2014 Krisztus, a mi Urunk \u00e1ltal.<br \/>\n\u0150 els\u0151 elj\u00f6vetelekor mag\u00e1t megal\u00e1zva testet \u00f6lt\u00f6tt, teljes\u00edtette a kezdett\u0151l fogva neki rendelt k\u00fcldet\u00e9st, \u00e9s megnyitotta sz\u00e1munkra az \u00f6r\u00f6k \u00fcdv\u00f6ss\u00e9g \u00fatj\u00e1t: hogy amikor dics\u0151s\u00e9ges f\u00e9nyben \u00fajra, elj\u00f6n, \u2014 l\u00e1that\u00f3 val\u00f3s\u00e1gban NYERj\u00fck el, amit most \u00edg\u00e9ret\u00e9ben b\u00edzva v\u00e1runk.<br \/>\n(\u00c9s) Ez\u00e9rt mi is, mik\u00e9nt az angyalok \u00e9s f\u0151angyalok, a tr\u00f3nod k\u00f6r\u00fcl \u00e1ll\u00f3 hatalmas \u00e9gi szellemek, \u00e9s minden seregek a mennyben, (a te) dics\u0151s\u00e9ged himnusz\u00e1t zengj\u00fck, \u2014 \u00e9s vel\u00fck EGy\u00fctt v\u00e9g n\u00e9lk\u00fcl mondjuk (\u00e9nekelj\u00fck):<\/p>\n<p><span style=\"color: #800080;\">\u00c1ldoz\u00e1si \u00e9nek:<\/span><br \/>\nMondj\u00e1tok: Ti, cs\u00fcggedt sz\u00edv\u0171ek, legyetek er\u0151sek \u00e9s ne f\u00e9ljetek! \u00cdme, a mi Isten\u00fcnk elj\u00f6n, \u00e9s megszabad\u00edt minket. (V\u00f6. Iz 35,4)<\/p>\n<p><span style=\"color: #800080;\">\u00c1ldoz\u00e1s ut\u00e1ni k\u00f6ny\u00f6rg\u00e9s:<\/span><br \/>\nKegyess\u00e9ged\u00e9rt esedez\u00fcnk, Urunk, hogy ez az isteni er\u0151forr\u00e1s mossa le b\u0171neinket, \u00e9s k\u00e9sz\u00edtsen el\u0151 a k\u00f6zelg\u0151 \u00fcnnepekre. Krisztus, a mi Urunk \u00e1ltal.<\/p>\n","protected":false},"excerpt":{"rendered":"<p>A kereszt\u00e9nys\u00e9g az \u00f6r\u00f6m vall\u00e1sa. Ez\u00e9rt van az, hogy a k\u00e9t b\u0171nb\u00e1nati id\u0151ben (Adventben \u00e9s Nagyb\u00f6jtben) egy-egy vas\u00e1rnapot az \u00f6r\u00f6mnek szentel. Egyh\u00e1zunk p\u00e9ld\u00e1ja szerint haszn\u00e1ljuk fel mi is az igazi \u00f6r\u00f6mnek, az Istennel val\u00f3 tal\u00e1lkoz\u00e1snak sok \u00e9s k\u00fcl\u00f6nf\u00e9le alkalm\u00e1t. Mi, illetve ki az \u00e9n az \u00e9n \u00f6r\u00f6m\u00f6mnek a forr\u00e1sa?\u00a0 Ritk\u00e1n ugyan, de megteszem. Gyalog indulok \u00fatra. Ilyenkor, amennyiben van lehet\u0151s\u00e9gem, egyszer\u0171en csak p\u00e1szt\u00e1zom tekintetemmel a k\u00f6r\u00fcl\u00f6ttem l\u00e9v\u0151 embereket. \u00c9rdekes \u00e9s tanuls\u00e1gos megtapasztal\u00e1s. Minden ember egy k\u00fcl\u00f6n vil\u00e1g! Szinte kiv\u00e9tel n\u00e9lk\u00fcl mindenki mintegy bez\u00e1rk\u00f3zik a maga teremtette, sz\u0171k, virtu\u00e1lis vil\u00e1gba. M\u00e1r ki sem n\u00e9z bel\u0151le. Rohan\u00e1s, siet\u00e9s, izgatotts\u00e1g, nyugtalans\u00e1g \u00e9rz\u00e9se, nem utols\u00f3 sorban a stressz okozta f\u00e1radts\u00e1g \u00fcl ki arcukon. Olykor magamnak is felteszem a k\u00e9rd\u00e9st: Vajon m\u00e1sok mit l\u00e1tnak rajtam? Milyennek mutatkozom? Hordozom-e az \u00f6r\u00f6m \u00e9rz\u00e9s\u00e9t sz\u00edvemben? K\u00e9sz vagyok ezt az \u00e9rz\u00e9st megosztani m\u00e1sokkal? &#8211; Ezekre nekem kell v\u00e1laszolnom. Az olvasm\u00e1ny alap\u00fczenete: &#8222;B\u00e1tors\u00e1g! Ne f\u00e9ljetek!&#8221; A kereszt\u00e9ny ember alapvet\u0151en optimista kell hogy legyen. Ezen emberi magatart\u00e1s forr\u00e1sa \u00e9s alapja: \u00c9letem Isten tenyer\u00e9ben nyugszik. A szentlecke az \u00e1llhatatoss\u00e1g \u00e9s t\u00fcrelem er\u00e9nyeit emeli ki. Mind k\u00e9t er\u00e9ny gyakorl\u00e1s\u00e1ra sz\u00e1mtalan lehet\u0151s\u00e9gem \u00e9s es\u00e9lyem k\u00edn\u00e1lkozik. \u00c9ljek h\u00e1t e lehet\u0151s\u00e9gekkel \u00e9s es\u00e9lyekkel Keresztel\u0151 J\u00e1nost \u00e1ll\u00edtja p\u00e9ldak\u00e9pk\u00e9nt hallgat\u00f3s\u00e1ga sz\u00e1m\u00e1ra az \u00dar J\u00e9zus. Azt a J\u00e1nost, aki mindig \u00f6nazonos volt. \u00d6nmag\u00e1t adta, s nem akart senki m\u00e1s elv\u00e1r\u00e1sainak megfelelni. Mi az, ami motiv\u00e1l cselekedeteimben \u00e9s viselked\u00e9semben? Tanuljak meg m\u00e1sok v\u00e9lem\u00e9nyeit\u0151l \u00e9s elv\u00e1r\u00e1sait\u00f3l f\u00fcggetlen\u00fcl j\u00f3l \u00e9s helyesen d\u00f6nteni. Kezd\u0151\u00e9nek: \u00d6r\u00fcljetek az \u00darban mindig, \u00fajra mondom: \u00f6r\u00fcljetek! Az \u00dar k\u00f6zel van! (V\u00f6. Fil 4,4.5) K\u00f6ny\u00f6rg\u00e9s: Isten\u00fcnk, te l\u00e1tod, hogy n\u00e9ped milyen h\u0171s\u00e9ges l\u00e9lekkel v\u00e1rja Ur\u00e1nak sz\u00fclet\u00e9se napj\u00e1t. Add, k\u00e9r\u00fcnk, hogy el\u00e9rkezz\u00fcnk az \u00fcdv\u00f6ss\u00e9g nagy \u00f6r\u00f6m\u00e9re, s \u00f6rvendez\u0151 l\u00e9lekkel, \u00e1h\u00edtatosan \u00fcnnepelj\u00fcnk. A mi Urunk, J\u00e9zus Krisztus, a te Fiad \u00e1ltal, aki veled \u00e9l \u00e9s uralkodik a Szentl\u00e9lekkel egys\u00e9gben, Isten mind\u00f6r\u00f6kk\u00f6n \u00f6r\u00f6kk\u00e9. OLVASM\u00c1NY Izaj\u00e1s pr\u00f3f\u00e9ta k\u00f6nyv\u00e9b\u0151l (Iz 35,1-6a.10) Maga az Isten&#8230; <\/p>\n<p><a class=\"readmore\" href=\"https:\/\/stuttgarti-katolikusok.de\/index.php\/advent-3-vasarnapja-gaudete-vasarnap-3\/\">R\u00e9szletek<\/a><\/p>\n","protected":false},"author":3,"featured_media":27681,"comment_status":"closed","ping_status":"closed","sticky":false,"template":"","format":"standard","meta":{"footnotes":""},"categories":[85,63],"tags":[],"class_list":["post-32184","post","type-post","status-publish","format-standard","has-post-thumbnail","hentry","category-a-liturgia-olvasmanyai","category-vasarnapi-gondolatok"],"yoast_head":"<!-- This site is optimized with the Yoast SEO plugin v27.3 - https:\/\/yoast.com\/product\/yoast-seo-wordpress\/ -->\n<title>Advent 3. vas\u00e1rnapja \u2013 Gaudete-vas\u00e1rnap - Stuttgarti Katolikusok<\/title>\n<meta name=\"robots\" content=\"index, follow, max-snippet:-1, max-image-preview:large, max-video-preview:-1\" \/>\n<link rel=\"canonical\" href=\"https:\/\/stuttgarti-katolikusok.de\/index.php\/advent-3-vasarnapja-gaudete-vasarnap-3\/\" \/>\n<meta property=\"og:locale\" content=\"hu_HU\" \/>\n<meta property=\"og:type\" content=\"article\" \/>\n<meta property=\"og:title\" content=\"Advent 3. vas\u00e1rnapja \u2013 Gaudete-vas\u00e1rnap - Stuttgarti Katolikusok\" \/>\n<meta property=\"og:description\" content=\"A kereszt\u00e9nys\u00e9g az \u00f6r\u00f6m vall\u00e1sa. Ez\u00e9rt van az, hogy a k\u00e9t b\u0171nb\u00e1nati id\u0151ben (Adventben \u00e9s Nagyb\u00f6jtben) egy-egy vas\u00e1rnapot az \u00f6r\u00f6mnek szentel. Egyh\u00e1zunk p\u00e9ld\u00e1ja szerint haszn\u00e1ljuk fel mi is az igazi \u00f6r\u00f6mnek, az Istennel val\u00f3 tal\u00e1lkoz\u00e1snak sok \u00e9s k\u00fcl\u00f6nf\u00e9le alkalm\u00e1t. Mi, illetve ki az \u00e9n az \u00e9n \u00f6r\u00f6m\u00f6mnek a forr\u00e1sa?\u00a0 Ritk\u00e1n ugyan, de megteszem. Gyalog indulok \u00fatra. Ilyenkor, amennyiben van lehet\u0151s\u00e9gem, egyszer\u0171en csak p\u00e1szt\u00e1zom tekintetemmel a k\u00f6r\u00fcl\u00f6ttem l\u00e9v\u0151 embereket. \u00c9rdekes \u00e9s tanuls\u00e1gos megtapasztal\u00e1s. Minden ember egy k\u00fcl\u00f6n vil\u00e1g! Szinte kiv\u00e9tel n\u00e9lk\u00fcl mindenki mintegy bez\u00e1rk\u00f3zik a maga teremtette, sz\u0171k, virtu\u00e1lis vil\u00e1gba. M\u00e1r ki sem n\u00e9z bel\u0151le. Rohan\u00e1s, siet\u00e9s, izgatotts\u00e1g, nyugtalans\u00e1g \u00e9rz\u00e9se, nem utols\u00f3 sorban a stressz okozta f\u00e1radts\u00e1g \u00fcl ki arcukon. Olykor magamnak is felteszem a k\u00e9rd\u00e9st: Vajon m\u00e1sok mit l\u00e1tnak rajtam? Milyennek mutatkozom? Hordozom-e az \u00f6r\u00f6m \u00e9rz\u00e9s\u00e9t sz\u00edvemben? K\u00e9sz vagyok ezt az \u00e9rz\u00e9st megosztani m\u00e1sokkal? &#8211; Ezekre nekem kell v\u00e1laszolnom. Az olvasm\u00e1ny alap\u00fczenete: &#8222;B\u00e1tors\u00e1g! Ne f\u00e9ljetek!&#8221; A kereszt\u00e9ny ember alapvet\u0151en optimista kell hogy legyen. Ezen emberi magatart\u00e1s forr\u00e1sa \u00e9s alapja: \u00c9letem Isten tenyer\u00e9ben nyugszik. A szentlecke az \u00e1llhatatoss\u00e1g \u00e9s t\u00fcrelem er\u00e9nyeit emeli ki. Mind k\u00e9t er\u00e9ny gyakorl\u00e1s\u00e1ra sz\u00e1mtalan lehet\u0151s\u00e9gem \u00e9s es\u00e9lyem k\u00edn\u00e1lkozik. \u00c9ljek h\u00e1t e lehet\u0151s\u00e9gekkel \u00e9s es\u00e9lyekkel Keresztel\u0151 J\u00e1nost \u00e1ll\u00edtja p\u00e9ldak\u00e9pk\u00e9nt hallgat\u00f3s\u00e1ga sz\u00e1m\u00e1ra az \u00dar J\u00e9zus. Azt a J\u00e1nost, aki mindig \u00f6nazonos volt. \u00d6nmag\u00e1t adta, s nem akart senki m\u00e1s elv\u00e1r\u00e1sainak megfelelni. Mi az, ami motiv\u00e1l cselekedeteimben \u00e9s viselked\u00e9semben? Tanuljak meg m\u00e1sok v\u00e9lem\u00e9nyeit\u0151l \u00e9s elv\u00e1r\u00e1sait\u00f3l f\u00fcggetlen\u00fcl j\u00f3l \u00e9s helyesen d\u00f6nteni. Kezd\u0151\u00e9nek: \u00d6r\u00fcljetek az \u00darban mindig, \u00fajra mondom: \u00f6r\u00fcljetek! Az \u00dar k\u00f6zel van! (V\u00f6. Fil 4,4.5) K\u00f6ny\u00f6rg\u00e9s: Isten\u00fcnk, te l\u00e1tod, hogy n\u00e9ped milyen h\u0171s\u00e9ges l\u00e9lekkel v\u00e1rja Ur\u00e1nak sz\u00fclet\u00e9se napj\u00e1t. Add, k\u00e9r\u00fcnk, hogy el\u00e9rkezz\u00fcnk az \u00fcdv\u00f6ss\u00e9g nagy \u00f6r\u00f6m\u00e9re, s \u00f6rvendez\u0151 l\u00e9lekkel, \u00e1h\u00edtatosan \u00fcnnepelj\u00fcnk. A mi Urunk, J\u00e9zus Krisztus, a te Fiad \u00e1ltal, aki veled \u00e9l \u00e9s uralkodik a Szentl\u00e9lekkel egys\u00e9gben, Isten mind\u00f6r\u00f6kk\u00f6n \u00f6r\u00f6kk\u00e9. OLVASM\u00c1NY Izaj\u00e1s pr\u00f3f\u00e9ta k\u00f6nyv\u00e9b\u0151l (Iz 35,1-6a.10) Maga az Isten... R\u00e9szletek\" \/>\n<meta property=\"og:url\" content=\"https:\/\/stuttgarti-katolikusok.de\/index.php\/advent-3-vasarnapja-gaudete-vasarnap-3\/\" \/>\n<meta property=\"og:site_name\" content=\"Stuttgarti Katolikusok\" \/>\n<meta property=\"article:published_time\" content=\"2025-12-13T14:15:41+00:00\" \/>\n<meta property=\"article:modified_time\" content=\"2025-12-14T05:51:12+00:00\" \/>\n<meta property=\"og:image\" content=\"https:\/\/stuttgarti-katolikusok.de\/wp-content\/uploads\/2023\/12\/tuttlingen-5jpg.jpg\" \/>\n\t<meta property=\"og:image:width\" content=\"1925\" \/>\n\t<meta property=\"og:image:height\" content=\"1331\" \/>\n\t<meta property=\"og:image:type\" content=\"image\/jpeg\" \/>\n<meta name=\"author\" content=\"Tibor atya\" \/>\n<meta name=\"twitter:card\" content=\"summary_large_image\" \/>\n<meta name=\"twitter:label1\" content=\"Szerz\u0151:\" \/>\n\t<meta name=\"twitter:data1\" content=\"Tibor atya\" \/>\n\t<meta name=\"twitter:label2\" content=\"Becs\u00fclt olvas\u00e1si id\u0151\" \/>\n\t<meta name=\"twitter:data2\" content=\"7 perc\" \/>\n<script type=\"application\/ld+json\" class=\"yoast-schema-graph\">{\"@context\":\"https:\\\/\\\/schema.org\",\"@graph\":[{\"@type\":\"Article\",\"@id\":\"https:\\\/\\\/stuttgarti-katolikusok.de\\\/index.php\\\/advent-3-vasarnapja-gaudete-vasarnap-3\\\/#article\",\"isPartOf\":{\"@id\":\"https:\\\/\\\/stuttgarti-katolikusok.de\\\/index.php\\\/advent-3-vasarnapja-gaudete-vasarnap-3\\\/\"},\"author\":{\"name\":\"Tibor atya\",\"@id\":\"https:\\\/\\\/stuttgarti-katolikusok.de\\\/#\\\/schema\\\/person\\\/75908d6f8fdc03a57889d27209df7795\"},\"headline\":\"Advent 3. vas\u00e1rnapja \u2013 Gaudete-vas\u00e1rnap\",\"datePublished\":\"2025-12-13T14:15:41+00:00\",\"dateModified\":\"2025-12-14T05:51:12+00:00\",\"mainEntityOfPage\":{\"@id\":\"https:\\\/\\\/stuttgarti-katolikusok.de\\\/index.php\\\/advent-3-vasarnapja-gaudete-vasarnap-3\\\/\"},\"wordCount\":1766,\"image\":{\"@id\":\"https:\\\/\\\/stuttgarti-katolikusok.de\\\/index.php\\\/advent-3-vasarnapja-gaudete-vasarnap-3\\\/#primaryimage\"},\"thumbnailUrl\":\"https:\\\/\\\/stuttgarti-katolikusok.de\\\/wp-content\\\/uploads\\\/2023\\\/12\\\/tuttlingen-5jpg.jpg\",\"articleSection\":[\"A liturgia olvasm\u00e1nyai\",\"Vas\u00e1rnapi gondolatok\"],\"inLanguage\":\"hu\"},{\"@type\":\"WebPage\",\"@id\":\"https:\\\/\\\/stuttgarti-katolikusok.de\\\/index.php\\\/advent-3-vasarnapja-gaudete-vasarnap-3\\\/\",\"url\":\"https:\\\/\\\/stuttgarti-katolikusok.de\\\/index.php\\\/advent-3-vasarnapja-gaudete-vasarnap-3\\\/\",\"name\":\"Advent 3. vas\u00e1rnapja \u2013 Gaudete-vas\u00e1rnap - Stuttgarti Katolikusok\",\"isPartOf\":{\"@id\":\"https:\\\/\\\/stuttgarti-katolikusok.de\\\/#website\"},\"primaryImageOfPage\":{\"@id\":\"https:\\\/\\\/stuttgarti-katolikusok.de\\\/index.php\\\/advent-3-vasarnapja-gaudete-vasarnap-3\\\/#primaryimage\"},\"image\":{\"@id\":\"https:\\\/\\\/stuttgarti-katolikusok.de\\\/index.php\\\/advent-3-vasarnapja-gaudete-vasarnap-3\\\/#primaryimage\"},\"thumbnailUrl\":\"https:\\\/\\\/stuttgarti-katolikusok.de\\\/wp-content\\\/uploads\\\/2023\\\/12\\\/tuttlingen-5jpg.jpg\",\"datePublished\":\"2025-12-13T14:15:41+00:00\",\"dateModified\":\"2025-12-14T05:51:12+00:00\",\"author\":{\"@id\":\"https:\\\/\\\/stuttgarti-katolikusok.de\\\/#\\\/schema\\\/person\\\/75908d6f8fdc03a57889d27209df7795\"},\"breadcrumb\":{\"@id\":\"https:\\\/\\\/stuttgarti-katolikusok.de\\\/index.php\\\/advent-3-vasarnapja-gaudete-vasarnap-3\\\/#breadcrumb\"},\"inLanguage\":\"hu\",\"potentialAction\":[{\"@type\":\"ReadAction\",\"target\":[\"https:\\\/\\\/stuttgarti-katolikusok.de\\\/index.php\\\/advent-3-vasarnapja-gaudete-vasarnap-3\\\/\"]}]},{\"@type\":\"ImageObject\",\"inLanguage\":\"hu\",\"@id\":\"https:\\\/\\\/stuttgarti-katolikusok.de\\\/index.php\\\/advent-3-vasarnapja-gaudete-vasarnap-3\\\/#primaryimage\",\"url\":\"https:\\\/\\\/stuttgarti-katolikusok.de\\\/wp-content\\\/uploads\\\/2023\\\/12\\\/tuttlingen-5jpg.jpg\",\"contentUrl\":\"https:\\\/\\\/stuttgarti-katolikusok.de\\\/wp-content\\\/uploads\\\/2023\\\/12\\\/tuttlingen-5jpg.jpg\",\"width\":1925,\"height\":1331},{\"@type\":\"BreadcrumbList\",\"@id\":\"https:\\\/\\\/stuttgarti-katolikusok.de\\\/index.php\\\/advent-3-vasarnapja-gaudete-vasarnap-3\\\/#breadcrumb\",\"itemListElement\":[{\"@type\":\"ListItem\",\"position\":1,\"name\":\"Kezd\u0151lap\",\"item\":\"https:\\\/\\\/stuttgarti-katolikusok.de\\\/\"},{\"@type\":\"ListItem\",\"position\":2,\"name\":\"Advent 3. vas\u00e1rnapja \u2013 Gaudete-vas\u00e1rnap\"}]},{\"@type\":\"WebSite\",\"@id\":\"https:\\\/\\\/stuttgarti-katolikusok.de\\\/#website\",\"url\":\"https:\\\/\\\/stuttgarti-katolikusok.de\\\/\",\"name\":\"Stuttgarti Katolikusok\",\"description\":\"\",\"potentialAction\":[{\"@type\":\"SearchAction\",\"target\":{\"@type\":\"EntryPoint\",\"urlTemplate\":\"https:\\\/\\\/stuttgarti-katolikusok.de\\\/?s={search_term_string}\"},\"query-input\":{\"@type\":\"PropertyValueSpecification\",\"valueRequired\":true,\"valueName\":\"search_term_string\"}}],\"inLanguage\":\"hu\"},{\"@type\":\"Person\",\"@id\":\"https:\\\/\\\/stuttgarti-katolikusok.de\\\/#\\\/schema\\\/person\\\/75908d6f8fdc03a57889d27209df7795\",\"name\":\"Tibor atya\",\"image\":{\"@type\":\"ImageObject\",\"inLanguage\":\"hu\",\"@id\":\"https:\\\/\\\/secure.gravatar.com\\\/avatar\\\/61d268e57d1f4525b111222e29d2d5a7f8c420fdbf231ba5566a8ceac74fa960?s=96&d=mm&r=g\",\"url\":\"https:\\\/\\\/secure.gravatar.com\\\/avatar\\\/61d268e57d1f4525b111222e29d2d5a7f8c420fdbf231ba5566a8ceac74fa960?s=96&d=mm&r=g\",\"contentUrl\":\"https:\\\/\\\/secure.gravatar.com\\\/avatar\\\/61d268e57d1f4525b111222e29d2d5a7f8c420fdbf231ba5566a8ceac74fa960?s=96&d=mm&r=g\",\"caption\":\"Tibor atya\"},\"url\":\"https:\\\/\\\/stuttgarti-katolikusok.de\\\/index.php\\\/author\\\/tibor-atya\\\/\"}]}<\/script>\n<!-- \/ Yoast SEO plugin. -->","yoast_head_json":{"title":"Advent 3. vas\u00e1rnapja \u2013 Gaudete-vas\u00e1rnap - Stuttgarti Katolikusok","robots":{"index":"index","follow":"follow","max-snippet":"max-snippet:-1","max-image-preview":"max-image-preview:large","max-video-preview":"max-video-preview:-1"},"canonical":"https:\/\/stuttgarti-katolikusok.de\/index.php\/advent-3-vasarnapja-gaudete-vasarnap-3\/","og_locale":"hu_HU","og_type":"article","og_title":"Advent 3. vas\u00e1rnapja \u2013 Gaudete-vas\u00e1rnap - Stuttgarti Katolikusok","og_description":"A kereszt\u00e9nys\u00e9g az \u00f6r\u00f6m vall\u00e1sa. Ez\u00e9rt van az, hogy a k\u00e9t b\u0171nb\u00e1nati id\u0151ben (Adventben \u00e9s Nagyb\u00f6jtben) egy-egy vas\u00e1rnapot az \u00f6r\u00f6mnek szentel. Egyh\u00e1zunk p\u00e9ld\u00e1ja szerint haszn\u00e1ljuk fel mi is az igazi \u00f6r\u00f6mnek, az Istennel val\u00f3 tal\u00e1lkoz\u00e1snak sok \u00e9s k\u00fcl\u00f6nf\u00e9le alkalm\u00e1t. Mi, illetve ki az \u00e9n az \u00e9n \u00f6r\u00f6m\u00f6mnek a forr\u00e1sa?\u00a0 Ritk\u00e1n ugyan, de megteszem. Gyalog indulok \u00fatra. Ilyenkor, amennyiben van lehet\u0151s\u00e9gem, egyszer\u0171en csak p\u00e1szt\u00e1zom tekintetemmel a k\u00f6r\u00fcl\u00f6ttem l\u00e9v\u0151 embereket. \u00c9rdekes \u00e9s tanuls\u00e1gos megtapasztal\u00e1s. Minden ember egy k\u00fcl\u00f6n vil\u00e1g! Szinte kiv\u00e9tel n\u00e9lk\u00fcl mindenki mintegy bez\u00e1rk\u00f3zik a maga teremtette, sz\u0171k, virtu\u00e1lis vil\u00e1gba. M\u00e1r ki sem n\u00e9z bel\u0151le. Rohan\u00e1s, siet\u00e9s, izgatotts\u00e1g, nyugtalans\u00e1g \u00e9rz\u00e9se, nem utols\u00f3 sorban a stressz okozta f\u00e1radts\u00e1g \u00fcl ki arcukon. Olykor magamnak is felteszem a k\u00e9rd\u00e9st: Vajon m\u00e1sok mit l\u00e1tnak rajtam? Milyennek mutatkozom? Hordozom-e az \u00f6r\u00f6m \u00e9rz\u00e9s\u00e9t sz\u00edvemben? K\u00e9sz vagyok ezt az \u00e9rz\u00e9st megosztani m\u00e1sokkal? &#8211; Ezekre nekem kell v\u00e1laszolnom. Az olvasm\u00e1ny alap\u00fczenete: &#8222;B\u00e1tors\u00e1g! Ne f\u00e9ljetek!&#8221; A kereszt\u00e9ny ember alapvet\u0151en optimista kell hogy legyen. Ezen emberi magatart\u00e1s forr\u00e1sa \u00e9s alapja: \u00c9letem Isten tenyer\u00e9ben nyugszik. A szentlecke az \u00e1llhatatoss\u00e1g \u00e9s t\u00fcrelem er\u00e9nyeit emeli ki. Mind k\u00e9t er\u00e9ny gyakorl\u00e1s\u00e1ra sz\u00e1mtalan lehet\u0151s\u00e9gem \u00e9s es\u00e9lyem k\u00edn\u00e1lkozik. \u00c9ljek h\u00e1t e lehet\u0151s\u00e9gekkel \u00e9s es\u00e9lyekkel Keresztel\u0151 J\u00e1nost \u00e1ll\u00edtja p\u00e9ldak\u00e9pk\u00e9nt hallgat\u00f3s\u00e1ga sz\u00e1m\u00e1ra az \u00dar J\u00e9zus. Azt a J\u00e1nost, aki mindig \u00f6nazonos volt. \u00d6nmag\u00e1t adta, s nem akart senki m\u00e1s elv\u00e1r\u00e1sainak megfelelni. Mi az, ami motiv\u00e1l cselekedeteimben \u00e9s viselked\u00e9semben? Tanuljak meg m\u00e1sok v\u00e9lem\u00e9nyeit\u0151l \u00e9s elv\u00e1r\u00e1sait\u00f3l f\u00fcggetlen\u00fcl j\u00f3l \u00e9s helyesen d\u00f6nteni. Kezd\u0151\u00e9nek: \u00d6r\u00fcljetek az \u00darban mindig, \u00fajra mondom: \u00f6r\u00fcljetek! Az \u00dar k\u00f6zel van! (V\u00f6. Fil 4,4.5) K\u00f6ny\u00f6rg\u00e9s: Isten\u00fcnk, te l\u00e1tod, hogy n\u00e9ped milyen h\u0171s\u00e9ges l\u00e9lekkel v\u00e1rja Ur\u00e1nak sz\u00fclet\u00e9se napj\u00e1t. Add, k\u00e9r\u00fcnk, hogy el\u00e9rkezz\u00fcnk az \u00fcdv\u00f6ss\u00e9g nagy \u00f6r\u00f6m\u00e9re, s \u00f6rvendez\u0151 l\u00e9lekkel, \u00e1h\u00edtatosan \u00fcnnepelj\u00fcnk. A mi Urunk, J\u00e9zus Krisztus, a te Fiad \u00e1ltal, aki veled \u00e9l \u00e9s uralkodik a Szentl\u00e9lekkel egys\u00e9gben, Isten mind\u00f6r\u00f6kk\u00f6n \u00f6r\u00f6kk\u00e9. OLVASM\u00c1NY Izaj\u00e1s pr\u00f3f\u00e9ta k\u00f6nyv\u00e9b\u0151l (Iz 35,1-6a.10) Maga az Isten... R\u00e9szletek","og_url":"https:\/\/stuttgarti-katolikusok.de\/index.php\/advent-3-vasarnapja-gaudete-vasarnap-3\/","og_site_name":"Stuttgarti Katolikusok","article_published_time":"2025-12-13T14:15:41+00:00","article_modified_time":"2025-12-14T05:51:12+00:00","og_image":[{"width":1925,"height":1331,"url":"https:\/\/stuttgarti-katolikusok.de\/wp-content\/uploads\/2023\/12\/tuttlingen-5jpg.jpg","type":"image\/jpeg"}],"author":"Tibor atya","twitter_card":"summary_large_image","twitter_misc":{"Szerz\u0151:":"Tibor atya","Becs\u00fclt olvas\u00e1si id\u0151":"7 perc"},"schema":{"@context":"https:\/\/schema.org","@graph":[{"@type":"Article","@id":"https:\/\/stuttgarti-katolikusok.de\/index.php\/advent-3-vasarnapja-gaudete-vasarnap-3\/#article","isPartOf":{"@id":"https:\/\/stuttgarti-katolikusok.de\/index.php\/advent-3-vasarnapja-gaudete-vasarnap-3\/"},"author":{"name":"Tibor atya","@id":"https:\/\/stuttgarti-katolikusok.de\/#\/schema\/person\/75908d6f8fdc03a57889d27209df7795"},"headline":"Advent 3. vas\u00e1rnapja \u2013 Gaudete-vas\u00e1rnap","datePublished":"2025-12-13T14:15:41+00:00","dateModified":"2025-12-14T05:51:12+00:00","mainEntityOfPage":{"@id":"https:\/\/stuttgarti-katolikusok.de\/index.php\/advent-3-vasarnapja-gaudete-vasarnap-3\/"},"wordCount":1766,"image":{"@id":"https:\/\/stuttgarti-katolikusok.de\/index.php\/advent-3-vasarnapja-gaudete-vasarnap-3\/#primaryimage"},"thumbnailUrl":"https:\/\/stuttgarti-katolikusok.de\/wp-content\/uploads\/2023\/12\/tuttlingen-5jpg.jpg","articleSection":["A liturgia olvasm\u00e1nyai","Vas\u00e1rnapi gondolatok"],"inLanguage":"hu"},{"@type":"WebPage","@id":"https:\/\/stuttgarti-katolikusok.de\/index.php\/advent-3-vasarnapja-gaudete-vasarnap-3\/","url":"https:\/\/stuttgarti-katolikusok.de\/index.php\/advent-3-vasarnapja-gaudete-vasarnap-3\/","name":"Advent 3. vas\u00e1rnapja \u2013 Gaudete-vas\u00e1rnap - Stuttgarti Katolikusok","isPartOf":{"@id":"https:\/\/stuttgarti-katolikusok.de\/#website"},"primaryImageOfPage":{"@id":"https:\/\/stuttgarti-katolikusok.de\/index.php\/advent-3-vasarnapja-gaudete-vasarnap-3\/#primaryimage"},"image":{"@id":"https:\/\/stuttgarti-katolikusok.de\/index.php\/advent-3-vasarnapja-gaudete-vasarnap-3\/#primaryimage"},"thumbnailUrl":"https:\/\/stuttgarti-katolikusok.de\/wp-content\/uploads\/2023\/12\/tuttlingen-5jpg.jpg","datePublished":"2025-12-13T14:15:41+00:00","dateModified":"2025-12-14T05:51:12+00:00","author":{"@id":"https:\/\/stuttgarti-katolikusok.de\/#\/schema\/person\/75908d6f8fdc03a57889d27209df7795"},"breadcrumb":{"@id":"https:\/\/stuttgarti-katolikusok.de\/index.php\/advent-3-vasarnapja-gaudete-vasarnap-3\/#breadcrumb"},"inLanguage":"hu","potentialAction":[{"@type":"ReadAction","target":["https:\/\/stuttgarti-katolikusok.de\/index.php\/advent-3-vasarnapja-gaudete-vasarnap-3\/"]}]},{"@type":"ImageObject","inLanguage":"hu","@id":"https:\/\/stuttgarti-katolikusok.de\/index.php\/advent-3-vasarnapja-gaudete-vasarnap-3\/#primaryimage","url":"https:\/\/stuttgarti-katolikusok.de\/wp-content\/uploads\/2023\/12\/tuttlingen-5jpg.jpg","contentUrl":"https:\/\/stuttgarti-katolikusok.de\/wp-content\/uploads\/2023\/12\/tuttlingen-5jpg.jpg","width":1925,"height":1331},{"@type":"BreadcrumbList","@id":"https:\/\/stuttgarti-katolikusok.de\/index.php\/advent-3-vasarnapja-gaudete-vasarnap-3\/#breadcrumb","itemListElement":[{"@type":"ListItem","position":1,"name":"Kezd\u0151lap","item":"https:\/\/stuttgarti-katolikusok.de\/"},{"@type":"ListItem","position":2,"name":"Advent 3. vas\u00e1rnapja \u2013 Gaudete-vas\u00e1rnap"}]},{"@type":"WebSite","@id":"https:\/\/stuttgarti-katolikusok.de\/#website","url":"https:\/\/stuttgarti-katolikusok.de\/","name":"Stuttgarti Katolikusok","description":"","potentialAction":[{"@type":"SearchAction","target":{"@type":"EntryPoint","urlTemplate":"https:\/\/stuttgarti-katolikusok.de\/?s={search_term_string}"},"query-input":{"@type":"PropertyValueSpecification","valueRequired":true,"valueName":"search_term_string"}}],"inLanguage":"hu"},{"@type":"Person","@id":"https:\/\/stuttgarti-katolikusok.de\/#\/schema\/person\/75908d6f8fdc03a57889d27209df7795","name":"Tibor atya","image":{"@type":"ImageObject","inLanguage":"hu","@id":"https:\/\/secure.gravatar.com\/avatar\/61d268e57d1f4525b111222e29d2d5a7f8c420fdbf231ba5566a8ceac74fa960?s=96&d=mm&r=g","url":"https:\/\/secure.gravatar.com\/avatar\/61d268e57d1f4525b111222e29d2d5a7f8c420fdbf231ba5566a8ceac74fa960?s=96&d=mm&r=g","contentUrl":"https:\/\/secure.gravatar.com\/avatar\/61d268e57d1f4525b111222e29d2d5a7f8c420fdbf231ba5566a8ceac74fa960?s=96&d=mm&r=g","caption":"Tibor atya"},"url":"https:\/\/stuttgarti-katolikusok.de\/index.php\/author\/tibor-atya\/"}]}},"_links":{"self":[{"href":"https:\/\/stuttgarti-katolikusok.de\/index.php\/wp-json\/wp\/v2\/posts\/32184","targetHints":{"allow":["GET"]}}],"collection":[{"href":"https:\/\/stuttgarti-katolikusok.de\/index.php\/wp-json\/wp\/v2\/posts"}],"about":[{"href":"https:\/\/stuttgarti-katolikusok.de\/index.php\/wp-json\/wp\/v2\/types\/post"}],"author":[{"embeddable":true,"href":"https:\/\/stuttgarti-katolikusok.de\/index.php\/wp-json\/wp\/v2\/users\/3"}],"replies":[{"embeddable":true,"href":"https:\/\/stuttgarti-katolikusok.de\/index.php\/wp-json\/wp\/v2\/comments?post=32184"}],"version-history":[{"count":3,"href":"https:\/\/stuttgarti-katolikusok.de\/index.php\/wp-json\/wp\/v2\/posts\/32184\/revisions"}],"predecessor-version":[{"id":32187,"href":"https:\/\/stuttgarti-katolikusok.de\/index.php\/wp-json\/wp\/v2\/posts\/32184\/revisions\/32187"}],"wp:featuredmedia":[{"embeddable":true,"href":"https:\/\/stuttgarti-katolikusok.de\/index.php\/wp-json\/wp\/v2\/media\/27681"}],"wp:attachment":[{"href":"https:\/\/stuttgarti-katolikusok.de\/index.php\/wp-json\/wp\/v2\/media?parent=32184"}],"wp:term":[{"taxonomy":"category","embeddable":true,"href":"https:\/\/stuttgarti-katolikusok.de\/index.php\/wp-json\/wp\/v2\/categories?post=32184"},{"taxonomy":"post_tag","embeddable":true,"href":"https:\/\/stuttgarti-katolikusok.de\/index.php\/wp-json\/wp\/v2\/tags?post=32184"}],"curies":[{"name":"wp","href":"https:\/\/api.w.org\/{rel}","templated":true}]}}