{"id":32116,"date":"2025-12-03T00:36:23","date_gmt":"2025-12-02T23:36:23","guid":{"rendered":"https:\/\/stuttgarti-katolikusok.de\/?p=32116"},"modified":"2025-12-03T00:36:23","modified_gmt":"2025-12-02T23:36:23","slug":"2025-december","status":"publish","type":"post","link":"https:\/\/stuttgarti-katolikusok.de\/index.php\/2025-december\/","title":{"rendered":"2025 DECEMBER"},"content":{"rendered":"<p><span style=\"color: #ff6600;\"><em>Azzal a rem\u00e9nnyel adjuk k\u00e9zbe, szerkeszt\u0151 t\u00e1rsainkkal, a Bar\u00e1tom decemberi sz\u00e1m\u00e1t, hogy mindenki egy\u00e9nileg megtal\u00e1lja a sz\u00e1m\u00e1ra fontos gondolatot \u00e9s a k\u00f6zvet\u00edtett \u00fczenetet.<\/em><\/span><\/p>\n<p><span style=\"color: #ff6600;\"><em>\u00cdr\u00e1sainkban k\u00e9t alapgondolat jelenik meg. Egyr\u00e9szt az advent kegyelmi ideje, amelynek alapmot\u00edvuma a v\u00e1rakoz\u00e1s, a csendben \u00e9s h\u0171s\u00e9gben meg\u00e9lt\u00a0 k\u00e9sz\u00fclet. M\u00e1sr\u00e9szt pedig kar\u00e1csony \u00fcnnepe, \u00f6r\u00f6k \u00e9s m\u00e9ly \u00fczenet\u00e9vel. Isten emberek ir\u00e1nti v\u00e9gtelen szeretete testet \u00f6lt J\u00e9zus Krisztusban.<\/em><\/span><\/p>\n<p><span style=\"color: #ff6600;\"><em>Diaszp\u00f3ra k\u00f6z\u00f6ss\u00e9gk\u00e9nt december 7-\u00e9n imm\u00e1r harmadik alkalommal kapcsol\u00f3dunk be a &#8222;J\u00f3nak lenni j\u00f3!&#8221; adom\u00e1nygy\u0171jt\u0151 akci\u00f3ba. Kezdem\u00e9nyez\u00e9s\u00fcnk m\u00e1s diaszp\u00f3ra k\u00f6z\u00f6ss\u00e9gben is visszhangra tal\u00e1lt. K\u00f6sz\u00f6net \u00e9rte!<\/em><\/span><\/p>\n<a href=\"https:\/\/stuttgarti-katolikusok.de\/wp-content\/uploads\/2025\/12\/Baratom_December_Web.pdf\" class=\"pdfemb-viewer\" style=\"\" data-width=\"max\" data-height=\"max\" data-toolbar=\"bottom\" data-toolbar-fixed=\"off\">Baratom_December_Web<\/a>\n","protected":false},"excerpt":{"rendered":"<p>Azzal a rem\u00e9nnyel adjuk k\u00e9zbe, szerkeszt\u0151 t\u00e1rsainkkal, a Bar\u00e1tom decemberi sz\u00e1m\u00e1t, hogy mindenki egy\u00e9nileg megtal\u00e1lja a sz\u00e1m\u00e1ra fontos gondolatot \u00e9s a k\u00f6zvet\u00edtett \u00fczenetet. \u00cdr\u00e1sainkban k\u00e9t alapgondolat jelenik meg. Egyr\u00e9szt az advent kegyelmi ideje, amelynek alapmot\u00edvuma a v\u00e1rakoz\u00e1s, a csendben \u00e9s h\u0171s\u00e9gben meg\u00e9lt\u00a0 k\u00e9sz\u00fclet. M\u00e1sr\u00e9szt pedig kar\u00e1csony \u00fcnnepe, \u00f6r\u00f6k \u00e9s m\u00e9ly \u00fczenet\u00e9vel. Isten emberek ir\u00e1nti v\u00e9gtelen szeretete testet \u00f6lt J\u00e9zus Krisztusban. Diaszp\u00f3ra k\u00f6z\u00f6ss\u00e9gk\u00e9nt december 7-\u00e9n imm\u00e1r harmadik alkalommal kapcsol\u00f3dunk be a &#8222;J\u00f3nak lenni j\u00f3!&#8221; adom\u00e1nygy\u0171jt\u0151 akci\u00f3ba. Kezdem\u00e9nyez\u00e9s\u00fcnk m\u00e1s diaszp\u00f3ra k\u00f6z\u00f6ss\u00e9gben is visszhangra tal\u00e1lt. K\u00f6sz\u00f6net \u00e9rte!<\/p>\n","protected":false},"author":3,"featured_media":32008,"comment_status":"closed","ping_status":"closed","sticky":false,"template":"","format":"standard","meta":{"footnotes":""},"categories":[29],"tags":[],"class_list":["post-32116","post","type-post","status-publish","format-standard","has-post-thumbnail","hentry","category-baratom"],"yoast_head":"<!-- This site is optimized with the Yoast SEO plugin v27.3 - https:\/\/yoast.com\/product\/yoast-seo-wordpress\/ -->\n<title>2025 DECEMBER - Stuttgarti Katolikusok<\/title>\n<meta name=\"robots\" content=\"index, follow, max-snippet:-1, max-image-preview:large, max-video-preview:-1\" \/>\n<link rel=\"canonical\" href=\"https:\/\/stuttgarti-katolikusok.de\/index.php\/2025-december\/\" \/>\n<meta property=\"og:locale\" content=\"hu_HU\" \/>\n<meta property=\"og:type\" content=\"article\" \/>\n<meta property=\"og:title\" content=\"2025 DECEMBER - Stuttgarti Katolikusok\" \/>\n<meta property=\"og:description\" content=\"Azzal a rem\u00e9nnyel adjuk k\u00e9zbe, szerkeszt\u0151 t\u00e1rsainkkal, a Bar\u00e1tom decemberi sz\u00e1m\u00e1t, hogy mindenki egy\u00e9nileg megtal\u00e1lja a sz\u00e1m\u00e1ra fontos gondolatot \u00e9s a k\u00f6zvet\u00edtett \u00fczenetet. \u00cdr\u00e1sainkban k\u00e9t alapgondolat jelenik meg. Egyr\u00e9szt az advent kegyelmi ideje, amelynek alapmot\u00edvuma a v\u00e1rakoz\u00e1s, a csendben \u00e9s h\u0171s\u00e9gben meg\u00e9lt\u00a0 k\u00e9sz\u00fclet. M\u00e1sr\u00e9szt pedig kar\u00e1csony \u00fcnnepe, \u00f6r\u00f6k \u00e9s m\u00e9ly \u00fczenet\u00e9vel. Isten emberek ir\u00e1nti v\u00e9gtelen szeretete testet \u00f6lt J\u00e9zus Krisztusban. Diaszp\u00f3ra k\u00f6z\u00f6ss\u00e9gk\u00e9nt december 7-\u00e9n imm\u00e1r harmadik alkalommal kapcsol\u00f3dunk be a &#8222;J\u00f3nak lenni j\u00f3!&#8221; adom\u00e1nygy\u0171jt\u0151 akci\u00f3ba. Kezdem\u00e9nyez\u00e9s\u00fcnk m\u00e1s diaszp\u00f3ra k\u00f6z\u00f6ss\u00e9gben is visszhangra tal\u00e1lt. K\u00f6sz\u00f6net \u00e9rte!\" \/>\n<meta property=\"og:url\" content=\"https:\/\/stuttgarti-katolikusok.de\/index.php\/2025-december\/\" \/>\n<meta property=\"og:site_name\" content=\"Stuttgarti Katolikusok\" \/>\n<meta property=\"article:published_time\" content=\"2025-12-02T23:36:23+00:00\" \/>\n<meta property=\"og:image\" content=\"https:\/\/stuttgarti-katolikusok.de\/wp-content\/uploads\/2025\/11\/egyutt-jonakl-lenni-meg-jobb-2025.jpeg\" \/>\n\t<meta property=\"og:image:width\" content=\"1080\" \/>\n\t<meta property=\"og:image:height\" content=\"1920\" \/>\n\t<meta property=\"og:image:type\" content=\"image\/jpeg\" \/>\n<meta name=\"author\" content=\"Tibor atya\" \/>\n<meta name=\"twitter:card\" content=\"summary_large_image\" \/>\n<meta name=\"twitter:label1\" content=\"Szerz\u0151:\" \/>\n\t<meta name=\"twitter:data1\" content=\"Tibor atya\" \/>\n\t<meta name=\"twitter:label2\" content=\"Becs\u00fclt olvas\u00e1si id\u0151\" \/>\n\t<meta name=\"twitter:data2\" content=\"1 perc\" \/>\n<script type=\"application\/ld+json\" class=\"yoast-schema-graph\">{\"@context\":\"https:\\\/\\\/schema.org\",\"@graph\":[{\"@type\":\"Article\",\"@id\":\"https:\\\/\\\/stuttgarti-katolikusok.de\\\/index.php\\\/2025-december\\\/#article\",\"isPartOf\":{\"@id\":\"https:\\\/\\\/stuttgarti-katolikusok.de\\\/index.php\\\/2025-december\\\/\"},\"author\":{\"name\":\"Tibor atya\",\"@id\":\"https:\\\/\\\/stuttgarti-katolikusok.de\\\/#\\\/schema\\\/person\\\/75908d6f8fdc03a57889d27209df7795\"},\"headline\":\"2025 DECEMBER\",\"datePublished\":\"2025-12-02T23:36:23+00:00\",\"mainEntityOfPage\":{\"@id\":\"https:\\\/\\\/stuttgarti-katolikusok.de\\\/index.php\\\/2025-december\\\/\"},\"wordCount\":151,\"image\":{\"@id\":\"https:\\\/\\\/stuttgarti-katolikusok.de\\\/index.php\\\/2025-december\\\/#primaryimage\"},\"thumbnailUrl\":\"https:\\\/\\\/stuttgarti-katolikusok.de\\\/wp-content\\\/uploads\\\/2025\\\/11\\\/egyutt-jonakl-lenni-meg-jobb-2025.jpeg\",\"articleSection\":[\"Bar\u00e1tom\"],\"inLanguage\":\"hu\"},{\"@type\":\"WebPage\",\"@id\":\"https:\\\/\\\/stuttgarti-katolikusok.de\\\/index.php\\\/2025-december\\\/\",\"url\":\"https:\\\/\\\/stuttgarti-katolikusok.de\\\/index.php\\\/2025-december\\\/\",\"name\":\"2025 DECEMBER - Stuttgarti Katolikusok\",\"isPartOf\":{\"@id\":\"https:\\\/\\\/stuttgarti-katolikusok.de\\\/#website\"},\"primaryImageOfPage\":{\"@id\":\"https:\\\/\\\/stuttgarti-katolikusok.de\\\/index.php\\\/2025-december\\\/#primaryimage\"},\"image\":{\"@id\":\"https:\\\/\\\/stuttgarti-katolikusok.de\\\/index.php\\\/2025-december\\\/#primaryimage\"},\"thumbnailUrl\":\"https:\\\/\\\/stuttgarti-katolikusok.de\\\/wp-content\\\/uploads\\\/2025\\\/11\\\/egyutt-jonakl-lenni-meg-jobb-2025.jpeg\",\"datePublished\":\"2025-12-02T23:36:23+00:00\",\"author\":{\"@id\":\"https:\\\/\\\/stuttgarti-katolikusok.de\\\/#\\\/schema\\\/person\\\/75908d6f8fdc03a57889d27209df7795\"},\"breadcrumb\":{\"@id\":\"https:\\\/\\\/stuttgarti-katolikusok.de\\\/index.php\\\/2025-december\\\/#breadcrumb\"},\"inLanguage\":\"hu\",\"potentialAction\":[{\"@type\":\"ReadAction\",\"target\":[\"https:\\\/\\\/stuttgarti-katolikusok.de\\\/index.php\\\/2025-december\\\/\"]}]},{\"@type\":\"ImageObject\",\"inLanguage\":\"hu\",\"@id\":\"https:\\\/\\\/stuttgarti-katolikusok.de\\\/index.php\\\/2025-december\\\/#primaryimage\",\"url\":\"https:\\\/\\\/stuttgarti-katolikusok.de\\\/wp-content\\\/uploads\\\/2025\\\/11\\\/egyutt-jonakl-lenni-meg-jobb-2025.jpeg\",\"contentUrl\":\"https:\\\/\\\/stuttgarti-katolikusok.de\\\/wp-content\\\/uploads\\\/2025\\\/11\\\/egyutt-jonakl-lenni-meg-jobb-2025.jpeg\",\"width\":1080,\"height\":1920},{\"@type\":\"BreadcrumbList\",\"@id\":\"https:\\\/\\\/stuttgarti-katolikusok.de\\\/index.php\\\/2025-december\\\/#breadcrumb\",\"itemListElement\":[{\"@type\":\"ListItem\",\"position\":1,\"name\":\"Kezd\u0151lap\",\"item\":\"https:\\\/\\\/stuttgarti-katolikusok.de\\\/\"},{\"@type\":\"ListItem\",\"position\":2,\"name\":\"2025 DECEMBER\"}]},{\"@type\":\"WebSite\",\"@id\":\"https:\\\/\\\/stuttgarti-katolikusok.de\\\/#website\",\"url\":\"https:\\\/\\\/stuttgarti-katolikusok.de\\\/\",\"name\":\"Stuttgarti Katolikusok\",\"description\":\"\",\"potentialAction\":[{\"@type\":\"SearchAction\",\"target\":{\"@type\":\"EntryPoint\",\"urlTemplate\":\"https:\\\/\\\/stuttgarti-katolikusok.de\\\/?s={search_term_string}\"},\"query-input\":{\"@type\":\"PropertyValueSpecification\",\"valueRequired\":true,\"valueName\":\"search_term_string\"}}],\"inLanguage\":\"hu\"},{\"@type\":\"Person\",\"@id\":\"https:\\\/\\\/stuttgarti-katolikusok.de\\\/#\\\/schema\\\/person\\\/75908d6f8fdc03a57889d27209df7795\",\"name\":\"Tibor atya\",\"image\":{\"@type\":\"ImageObject\",\"inLanguage\":\"hu\",\"@id\":\"https:\\\/\\\/secure.gravatar.com\\\/avatar\\\/61d268e57d1f4525b111222e29d2d5a7f8c420fdbf231ba5566a8ceac74fa960?s=96&d=mm&r=g\",\"url\":\"https:\\\/\\\/secure.gravatar.com\\\/avatar\\\/61d268e57d1f4525b111222e29d2d5a7f8c420fdbf231ba5566a8ceac74fa960?s=96&d=mm&r=g\",\"contentUrl\":\"https:\\\/\\\/secure.gravatar.com\\\/avatar\\\/61d268e57d1f4525b111222e29d2d5a7f8c420fdbf231ba5566a8ceac74fa960?s=96&d=mm&r=g\",\"caption\":\"Tibor atya\"},\"url\":\"https:\\\/\\\/stuttgarti-katolikusok.de\\\/index.php\\\/author\\\/tibor-atya\\\/\"}]}<\/script>\n<!-- \/ Yoast SEO plugin. -->","yoast_head_json":{"title":"2025 DECEMBER - Stuttgarti Katolikusok","robots":{"index":"index","follow":"follow","max-snippet":"max-snippet:-1","max-image-preview":"max-image-preview:large","max-video-preview":"max-video-preview:-1"},"canonical":"https:\/\/stuttgarti-katolikusok.de\/index.php\/2025-december\/","og_locale":"hu_HU","og_type":"article","og_title":"2025 DECEMBER - Stuttgarti Katolikusok","og_description":"Azzal a rem\u00e9nnyel adjuk k\u00e9zbe, szerkeszt\u0151 t\u00e1rsainkkal, a Bar\u00e1tom decemberi sz\u00e1m\u00e1t, hogy mindenki egy\u00e9nileg megtal\u00e1lja a sz\u00e1m\u00e1ra fontos gondolatot \u00e9s a k\u00f6zvet\u00edtett \u00fczenetet. \u00cdr\u00e1sainkban k\u00e9t alapgondolat jelenik meg. Egyr\u00e9szt az advent kegyelmi ideje, amelynek alapmot\u00edvuma a v\u00e1rakoz\u00e1s, a csendben \u00e9s h\u0171s\u00e9gben meg\u00e9lt\u00a0 k\u00e9sz\u00fclet. M\u00e1sr\u00e9szt pedig kar\u00e1csony \u00fcnnepe, \u00f6r\u00f6k \u00e9s m\u00e9ly \u00fczenet\u00e9vel. Isten emberek ir\u00e1nti v\u00e9gtelen szeretete testet \u00f6lt J\u00e9zus Krisztusban. Diaszp\u00f3ra k\u00f6z\u00f6ss\u00e9gk\u00e9nt december 7-\u00e9n imm\u00e1r harmadik alkalommal kapcsol\u00f3dunk be a &#8222;J\u00f3nak lenni j\u00f3!&#8221; adom\u00e1nygy\u0171jt\u0151 akci\u00f3ba. Kezdem\u00e9nyez\u00e9s\u00fcnk m\u00e1s diaszp\u00f3ra k\u00f6z\u00f6ss\u00e9gben is visszhangra tal\u00e1lt. K\u00f6sz\u00f6net \u00e9rte!","og_url":"https:\/\/stuttgarti-katolikusok.de\/index.php\/2025-december\/","og_site_name":"Stuttgarti Katolikusok","article_published_time":"2025-12-02T23:36:23+00:00","og_image":[{"width":1080,"height":1920,"url":"https:\/\/stuttgarti-katolikusok.de\/wp-content\/uploads\/2025\/11\/egyutt-jonakl-lenni-meg-jobb-2025.jpeg","type":"image\/jpeg"}],"author":"Tibor atya","twitter_card":"summary_large_image","twitter_misc":{"Szerz\u0151:":"Tibor atya","Becs\u00fclt olvas\u00e1si id\u0151":"1 perc"},"schema":{"@context":"https:\/\/schema.org","@graph":[{"@type":"Article","@id":"https:\/\/stuttgarti-katolikusok.de\/index.php\/2025-december\/#article","isPartOf":{"@id":"https:\/\/stuttgarti-katolikusok.de\/index.php\/2025-december\/"},"author":{"name":"Tibor atya","@id":"https:\/\/stuttgarti-katolikusok.de\/#\/schema\/person\/75908d6f8fdc03a57889d27209df7795"},"headline":"2025 DECEMBER","datePublished":"2025-12-02T23:36:23+00:00","mainEntityOfPage":{"@id":"https:\/\/stuttgarti-katolikusok.de\/index.php\/2025-december\/"},"wordCount":151,"image":{"@id":"https:\/\/stuttgarti-katolikusok.de\/index.php\/2025-december\/#primaryimage"},"thumbnailUrl":"https:\/\/stuttgarti-katolikusok.de\/wp-content\/uploads\/2025\/11\/egyutt-jonakl-lenni-meg-jobb-2025.jpeg","articleSection":["Bar\u00e1tom"],"inLanguage":"hu"},{"@type":"WebPage","@id":"https:\/\/stuttgarti-katolikusok.de\/index.php\/2025-december\/","url":"https:\/\/stuttgarti-katolikusok.de\/index.php\/2025-december\/","name":"2025 DECEMBER - Stuttgarti Katolikusok","isPartOf":{"@id":"https:\/\/stuttgarti-katolikusok.de\/#website"},"primaryImageOfPage":{"@id":"https:\/\/stuttgarti-katolikusok.de\/index.php\/2025-december\/#primaryimage"},"image":{"@id":"https:\/\/stuttgarti-katolikusok.de\/index.php\/2025-december\/#primaryimage"},"thumbnailUrl":"https:\/\/stuttgarti-katolikusok.de\/wp-content\/uploads\/2025\/11\/egyutt-jonakl-lenni-meg-jobb-2025.jpeg","datePublished":"2025-12-02T23:36:23+00:00","author":{"@id":"https:\/\/stuttgarti-katolikusok.de\/#\/schema\/person\/75908d6f8fdc03a57889d27209df7795"},"breadcrumb":{"@id":"https:\/\/stuttgarti-katolikusok.de\/index.php\/2025-december\/#breadcrumb"},"inLanguage":"hu","potentialAction":[{"@type":"ReadAction","target":["https:\/\/stuttgarti-katolikusok.de\/index.php\/2025-december\/"]}]},{"@type":"ImageObject","inLanguage":"hu","@id":"https:\/\/stuttgarti-katolikusok.de\/index.php\/2025-december\/#primaryimage","url":"https:\/\/stuttgarti-katolikusok.de\/wp-content\/uploads\/2025\/11\/egyutt-jonakl-lenni-meg-jobb-2025.jpeg","contentUrl":"https:\/\/stuttgarti-katolikusok.de\/wp-content\/uploads\/2025\/11\/egyutt-jonakl-lenni-meg-jobb-2025.jpeg","width":1080,"height":1920},{"@type":"BreadcrumbList","@id":"https:\/\/stuttgarti-katolikusok.de\/index.php\/2025-december\/#breadcrumb","itemListElement":[{"@type":"ListItem","position":1,"name":"Kezd\u0151lap","item":"https:\/\/stuttgarti-katolikusok.de\/"},{"@type":"ListItem","position":2,"name":"2025 DECEMBER"}]},{"@type":"WebSite","@id":"https:\/\/stuttgarti-katolikusok.de\/#website","url":"https:\/\/stuttgarti-katolikusok.de\/","name":"Stuttgarti Katolikusok","description":"","potentialAction":[{"@type":"SearchAction","target":{"@type":"EntryPoint","urlTemplate":"https:\/\/stuttgarti-katolikusok.de\/?s={search_term_string}"},"query-input":{"@type":"PropertyValueSpecification","valueRequired":true,"valueName":"search_term_string"}}],"inLanguage":"hu"},{"@type":"Person","@id":"https:\/\/stuttgarti-katolikusok.de\/#\/schema\/person\/75908d6f8fdc03a57889d27209df7795","name":"Tibor atya","image":{"@type":"ImageObject","inLanguage":"hu","@id":"https:\/\/secure.gravatar.com\/avatar\/61d268e57d1f4525b111222e29d2d5a7f8c420fdbf231ba5566a8ceac74fa960?s=96&d=mm&r=g","url":"https:\/\/secure.gravatar.com\/avatar\/61d268e57d1f4525b111222e29d2d5a7f8c420fdbf231ba5566a8ceac74fa960?s=96&d=mm&r=g","contentUrl":"https:\/\/secure.gravatar.com\/avatar\/61d268e57d1f4525b111222e29d2d5a7f8c420fdbf231ba5566a8ceac74fa960?s=96&d=mm&r=g","caption":"Tibor atya"},"url":"https:\/\/stuttgarti-katolikusok.de\/index.php\/author\/tibor-atya\/"}]}},"_links":{"self":[{"href":"https:\/\/stuttgarti-katolikusok.de\/index.php\/wp-json\/wp\/v2\/posts\/32116","targetHints":{"allow":["GET"]}}],"collection":[{"href":"https:\/\/stuttgarti-katolikusok.de\/index.php\/wp-json\/wp\/v2\/posts"}],"about":[{"href":"https:\/\/stuttgarti-katolikusok.de\/index.php\/wp-json\/wp\/v2\/types\/post"}],"author":[{"embeddable":true,"href":"https:\/\/stuttgarti-katolikusok.de\/index.php\/wp-json\/wp\/v2\/users\/3"}],"replies":[{"embeddable":true,"href":"https:\/\/stuttgarti-katolikusok.de\/index.php\/wp-json\/wp\/v2\/comments?post=32116"}],"version-history":[{"count":2,"href":"https:\/\/stuttgarti-katolikusok.de\/index.php\/wp-json\/wp\/v2\/posts\/32116\/revisions"}],"predecessor-version":[{"id":32119,"href":"https:\/\/stuttgarti-katolikusok.de\/index.php\/wp-json\/wp\/v2\/posts\/32116\/revisions\/32119"}],"wp:featuredmedia":[{"embeddable":true,"href":"https:\/\/stuttgarti-katolikusok.de\/index.php\/wp-json\/wp\/v2\/media\/32008"}],"wp:attachment":[{"href":"https:\/\/stuttgarti-katolikusok.de\/index.php\/wp-json\/wp\/v2\/media?parent=32116"}],"wp:term":[{"taxonomy":"category","embeddable":true,"href":"https:\/\/stuttgarti-katolikusok.de\/index.php\/wp-json\/wp\/v2\/categories?post=32116"},{"taxonomy":"post_tag","embeddable":true,"href":"https:\/\/stuttgarti-katolikusok.de\/index.php\/wp-json\/wp\/v2\/tags?post=32116"}],"curies":[{"name":"wp","href":"https:\/\/api.w.org\/{rel}","templated":true}]}}