{"id":32095,"date":"2025-12-02T00:06:03","date_gmt":"2025-12-01T23:06:03","guid":{"rendered":"https:\/\/stuttgarti-katolikusok.de\/?p=32095"},"modified":"2025-12-02T00:10:47","modified_gmt":"2025-12-01T23:10:47","slug":"2025-december-1-es-7-kozott","status":"publish","type":"post","link":"https:\/\/stuttgarti-katolikusok.de\/index.php\/2025-december-1-es-7-kozott\/","title":{"rendered":"2025. DECEMBER 1 \u00c9S 7 K\u00d6Z\u00d6TT"},"content":{"rendered":"<p style=\"text-align: center;\"><span style=\"color: #800080;\"><strong>*<\/strong><\/span><\/p>\n<p><strong>December 5-\u00e9n,<\/strong>\u00a0p\u00e9nteken, <strong>Stuttgartban <\/strong><\/p>\n<p>8.00 \u00f3rakor <em>ror\u00e1t\u00e9-szentmise, <\/em>ut\u00e1na<em> k\u00f6z\u00f6s reggeli.<\/em><\/p>\n<p>18.00 \u00f3rakor <em><strong><span style=\"color: #ff6600;\">Bar\u00e1ts\u00e1gklub:<\/span><\/strong><\/em><\/p>\n<p><strong><em> <a href=\"https:\/\/stuttgarti-katolikusok.de\/wp-content\/uploads\/2025\/12\/baratsagklub-2025-december.jpg\"><img loading=\"lazy\" decoding=\"async\" class=\"alignnone size-full wp-image-32096\" src=\"https:\/\/stuttgarti-katolikusok.de\/wp-content\/uploads\/2025\/12\/baratsagklub-2025-december.jpg\" alt=\"\" width=\"1654\" height=\"2339\" srcset=\"https:\/\/stuttgarti-katolikusok.de\/wp-content\/uploads\/2025\/12\/baratsagklub-2025-december.jpg 1654w, https:\/\/stuttgarti-katolikusok.de\/wp-content\/uploads\/2025\/12\/baratsagklub-2025-december-212x300.jpg 212w, https:\/\/stuttgarti-katolikusok.de\/wp-content\/uploads\/2025\/12\/baratsagklub-2025-december-724x1024.jpg 724w, https:\/\/stuttgarti-katolikusok.de\/wp-content\/uploads\/2025\/12\/baratsagklub-2025-december-1086x1536.jpg 1086w, https:\/\/stuttgarti-katolikusok.de\/wp-content\/uploads\/2025\/12\/baratsagklub-2025-december-1448x2048.jpg 1448w\" sizes=\"auto, (max-width: 1654px) 100vw, 1654px\" \/><\/a><\/em><\/strong><\/p>\n<p style=\"text-align: center;\"><span style=\"color: #800080;\"><strong>*<\/strong><\/span><\/p>\n<p style=\"text-align: center;\"><span style=\"color: #800080;\"><em><strong>Advent II. vas\u00e1rnapja<\/strong><\/em><\/span><\/p>\n<p><strong>December 6-\u00e1n<\/strong>, szombaton,<\/p>\n<p><strong>Weingartenben<\/strong> a <em>14 Nothelfer Kapelle-<\/em>ben 7.00 \u00f3rakor\u00a0<em>ror\u00e1t\u00e9<\/em>&#8211;<em>szentmise. <\/em>Ut\u00e1na <em>k\u00f6z\u00f6s reggeli.<\/em><\/p>\n<p><strong>Balingenben <\/strong>16.00 \u00f3rakor <em>szentmise<\/em>, keret\u00e9ben a<em> 2. adventi gyertya meggy\u00fajt\u00e1sa<\/em>, egyben megeml\u00e9kez\u00fcnk Szent Mikl\u00f3s p\u00fcsp\u00f6kr\u0151l, ut\u00e1na <em>agap\u00e9.<\/em><\/p>\n<p><strong>Stuttgartban <\/strong>16.00 \u00f3rakor:<\/p>\n<p><a href=\"https:\/\/stuttgarti-katolikusok.de\/wp-content\/uploads\/2025\/12\/mustarmagocska-zene-es-barkacskor-2025-december-6.jpg\"><img loading=\"lazy\" decoding=\"async\" class=\"alignnone size-full wp-image-32097\" src=\"https:\/\/stuttgarti-katolikusok.de\/wp-content\/uploads\/2025\/12\/mustarmagocska-zene-es-barkacskor-2025-december-6.jpg\" alt=\"\" width=\"951\" height=\"1521\" \/><\/a><\/p>\n<p style=\"text-align: center;\"><span style=\"color: #800080;\"><strong>\u00a0*<\/strong><\/span><\/p>\n<p><strong>December 7-\u00e9n<\/strong><em><strong>,<\/strong>\u00a0<span style=\"color: #800080;\"><strong>Advent II. vas\u00e1rnapj\u00e1n<\/strong><\/span>,<\/em><\/p>\n<p><strong>Schw\u00e4bisch-Gm\u00fcndben<\/strong> 9.30 \u00f3rakor <em>szentmise, <\/em>keret\u00e9ben a <em>2. adventi gyertya meggy\u00fajt\u00e1sa<\/em>, megeml\u00e9kez\u00e9s Szent Mikl\u00f3s p\u00fcsp\u00f6kr\u0151l, ut\u00e1na <em>agap\u00e9.<\/em><\/p>\n<p><strong>Stuttgartban <\/strong>11.30 \u00f3rai kezdettel:<span style=\"color: #ff6600;\"><strong><em> \u201eEgy\u00fctt j\u00f3nak lenni m\u00e9g jobb!\u201d <\/em><\/strong><\/span><\/p>\n<p style=\"text-align: center;\"><span style=\"color: #800080;\"><strong>*<\/strong><\/span><\/p>\n<a href=\"https:\/\/stuttgarti-katolikusok.de\/wp-content\/uploads\/2025\/11\/Egyutt-jonak-lenni-jo-2025.pdf\" class=\"pdfemb-viewer\" style=\"\" data-width=\"max\" data-height=\"max\" data-toolbar=\"bottom\" data-toolbar-fixed=\"off\">Egy\u00fctt j\u00f3nak lenni j\u00f3-2025<\/a>\n<p style=\"text-align: center;\"><strong><span style=\"color: #800080;\">*<\/span><\/strong><\/p>\n<p>Minden helyen mindenkit szeretettel v\u00e1r a k\u00f6z\u00f6ss\u00e9g \u00e9s Tibor atya!<\/p>\n<p style=\"text-align: center;\"><strong><span style=\"color: #800080;\">*<\/span><\/strong><\/p>\n<p><span style=\"color: #800080;\"><em><strong>Bens\u0151s\u00e9ges adventi napokat, j\u00f3 tal\u00e1lkoz\u00e1sokat \u00e9s sok \u00f6r\u00f6met k\u00edv\u00e1nunk minden Kedves H\u00edv\u00fcnknek!<\/strong><\/em><\/span><\/p>\n<p style=\"text-align: center;\"><span style=\"color: #800080;\"><strong>*<\/strong><\/span><\/p>\n<p><strong><span style=\"color: #800080;\">&#8222;\u00d6r\u00f6mre kell berendezkedni. Nem szabad f\u00e9lni a teljes \u00f6r\u00f6mt\u0151l. Ahogy Nietzsche mondja: \u00bbM\u00e9ly a f\u00e1jdalom, de az \u00f6r\u00f6m m\u00e9g m\u00e9lyebb. Az \u00f6r\u00f6m \u00f6r\u00f6kl\u00e9tet k\u00edv\u00e1n, m\u00e9ly, m\u00e9ly \u00f6r\u00f6kk\u00e9val\u00f3s\u00e1got!\u00ab&#8221;<\/span> \u2013 <\/strong><em>(Pilinszky J\u00e1nos \u2013 katolikus k\u00f6lt\u0151 \u2013 1921 \u2013 1981)<\/em><\/p>\n","protected":false},"excerpt":{"rendered":"<p>* December 5-\u00e9n,\u00a0p\u00e9nteken, Stuttgartban 8.00 \u00f3rakor ror\u00e1t\u00e9-szentmise, ut\u00e1na k\u00f6z\u00f6s reggeli. 18.00 \u00f3rakor Bar\u00e1ts\u00e1gklub: * Advent II. vas\u00e1rnapja December 6-\u00e1n, szombaton, Weingartenben a 14 Nothelfer Kapelle-ben 7.00 \u00f3rakor\u00a0ror\u00e1t\u00e9&#8211;szentmise. Ut\u00e1na k\u00f6z\u00f6s reggeli. Balingenben 16.00 \u00f3rakor szentmise, keret\u00e9ben a 2. adventi gyertya meggy\u00fajt\u00e1sa, egyben megeml\u00e9kez\u00fcnk Szent Mikl\u00f3s p\u00fcsp\u00f6kr\u0151l, ut\u00e1na agap\u00e9. Stuttgartban 16.00 \u00f3rakor: \u00a0* December 7-\u00e9n,\u00a0Advent II. vas\u00e1rnapj\u00e1n, Schw\u00e4bisch-Gm\u00fcndben 9.30 \u00f3rakor szentmise, keret\u00e9ben a 2. adventi gyertya meggy\u00fajt\u00e1sa, megeml\u00e9kez\u00e9s Szent Mikl\u00f3s p\u00fcsp\u00f6kr\u0151l, ut\u00e1na agap\u00e9. Stuttgartban 11.30 \u00f3rai kezdettel: \u201eEgy\u00fctt j\u00f3nak lenni m\u00e9g jobb!\u201d * * Minden helyen mindenkit szeretettel v\u00e1r a k\u00f6z\u00f6ss\u00e9g \u00e9s Tibor atya! * Bens\u0151s\u00e9ges adventi napokat, j\u00f3 tal\u00e1lkoz\u00e1sokat \u00e9s sok \u00f6r\u00f6met k\u00edv\u00e1nunk minden Kedves H\u00edv\u00fcnknek! * &#8222;\u00d6r\u00f6mre kell berendezkedni. Nem szabad f\u00e9lni a teljes \u00f6r\u00f6mt\u0151l. Ahogy Nietzsche mondja: \u00bbM\u00e9ly a f\u00e1jdalom, de az \u00f6r\u00f6m m\u00e9g m\u00e9lyebb. Az \u00f6r\u00f6m \u00f6r\u00f6kl\u00e9tet k\u00edv\u00e1n, m\u00e9ly, m\u00e9ly \u00f6r\u00f6kk\u00e9val\u00f3s\u00e1got!\u00ab&#8221; \u2013 (Pilinszky J\u00e1nos \u2013 katolikus k\u00f6lt\u0151 \u2013 1921 \u2013 1981)<\/p>\n","protected":false},"author":3,"featured_media":20683,"comment_status":"closed","ping_status":"closed","sticky":false,"template":"","format":"standard","meta":{"footnotes":""},"categories":[37],"tags":[],"class_list":["post-32095","post","type-post","status-publish","format-standard","has-post-thumbnail","hentry","category-progamelozetes"],"yoast_head":"<!-- This site is optimized with the Yoast SEO plugin v27.3 - https:\/\/yoast.com\/product\/yoast-seo-wordpress\/ -->\n<title>2025. DECEMBER 1 \u00c9S 7 K\u00d6Z\u00d6TT - Stuttgarti Katolikusok<\/title>\n<meta name=\"robots\" content=\"index, follow, max-snippet:-1, max-image-preview:large, max-video-preview:-1\" \/>\n<link rel=\"canonical\" href=\"https:\/\/stuttgarti-katolikusok.de\/index.php\/2025-december-1-es-7-kozott\/\" \/>\n<meta property=\"og:locale\" content=\"hu_HU\" \/>\n<meta property=\"og:type\" content=\"article\" \/>\n<meta property=\"og:title\" content=\"2025. DECEMBER 1 \u00c9S 7 K\u00d6Z\u00d6TT - Stuttgarti Katolikusok\" \/>\n<meta property=\"og:description\" content=\"* December 5-\u00e9n,\u00a0p\u00e9nteken, Stuttgartban 8.00 \u00f3rakor ror\u00e1t\u00e9-szentmise, ut\u00e1na k\u00f6z\u00f6s reggeli. 18.00 \u00f3rakor Bar\u00e1ts\u00e1gklub: * Advent II. vas\u00e1rnapja December 6-\u00e1n, szombaton, Weingartenben a 14 Nothelfer Kapelle-ben 7.00 \u00f3rakor\u00a0ror\u00e1t\u00e9&#8211;szentmise. Ut\u00e1na k\u00f6z\u00f6s reggeli. Balingenben 16.00 \u00f3rakor szentmise, keret\u00e9ben a 2. adventi gyertya meggy\u00fajt\u00e1sa, egyben megeml\u00e9kez\u00fcnk Szent Mikl\u00f3s p\u00fcsp\u00f6kr\u0151l, ut\u00e1na agap\u00e9. Stuttgartban 16.00 \u00f3rakor: \u00a0* December 7-\u00e9n,\u00a0Advent II. vas\u00e1rnapj\u00e1n, Schw\u00e4bisch-Gm\u00fcndben 9.30 \u00f3rakor szentmise, keret\u00e9ben a 2. adventi gyertya meggy\u00fajt\u00e1sa, megeml\u00e9kez\u00e9s Szent Mikl\u00f3s p\u00fcsp\u00f6kr\u0151l, ut\u00e1na agap\u00e9. Stuttgartban 11.30 \u00f3rai kezdettel: \u201eEgy\u00fctt j\u00f3nak lenni m\u00e9g jobb!\u201d * * Minden helyen mindenkit szeretettel v\u00e1r a k\u00f6z\u00f6ss\u00e9g \u00e9s Tibor atya! * Bens\u0151s\u00e9ges adventi napokat, j\u00f3 tal\u00e1lkoz\u00e1sokat \u00e9s sok \u00f6r\u00f6met k\u00edv\u00e1nunk minden Kedves H\u00edv\u00fcnknek! * &#8222;\u00d6r\u00f6mre kell berendezkedni. Nem szabad f\u00e9lni a teljes \u00f6r\u00f6mt\u0151l. Ahogy Nietzsche mondja: \u00bbM\u00e9ly a f\u00e1jdalom, de az \u00f6r\u00f6m m\u00e9g m\u00e9lyebb. Az \u00f6r\u00f6m \u00f6r\u00f6kl\u00e9tet k\u00edv\u00e1n, m\u00e9ly, m\u00e9ly \u00f6r\u00f6kk\u00e9val\u00f3s\u00e1got!\u00ab&#8221; \u2013 (Pilinszky J\u00e1nos \u2013 katolikus k\u00f6lt\u0151 \u2013 1921 \u2013 1981)\" \/>\n<meta property=\"og:url\" content=\"https:\/\/stuttgarti-katolikusok.de\/index.php\/2025-december-1-es-7-kozott\/\" \/>\n<meta property=\"og:site_name\" content=\"Stuttgarti Katolikusok\" \/>\n<meta property=\"article:published_time\" content=\"2025-12-01T23:06:03+00:00\" \/>\n<meta property=\"article:modified_time\" content=\"2025-12-01T23:10:47+00:00\" \/>\n<meta property=\"og:image\" content=\"https:\/\/stuttgarti-katolikusok.de\/wp-content\/uploads\/2020\/12\/ii-adventi-gyertya.jpeg\" \/>\n\t<meta property=\"og:image:width\" content=\"1165\" \/>\n\t<meta property=\"og:image:height\" content=\"715\" \/>\n\t<meta property=\"og:image:type\" content=\"image\/jpeg\" \/>\n<meta name=\"author\" content=\"Tibor atya\" \/>\n<meta name=\"twitter:card\" content=\"summary_large_image\" \/>\n<meta name=\"twitter:label1\" content=\"Szerz\u0151:\" \/>\n\t<meta name=\"twitter:data1\" content=\"Tibor atya\" \/>\n\t<meta name=\"twitter:label2\" content=\"Becs\u00fclt olvas\u00e1si id\u0151\" \/>\n\t<meta name=\"twitter:data2\" content=\"2 perc\" \/>\n<script type=\"application\/ld+json\" class=\"yoast-schema-graph\">{\"@context\":\"https:\\\/\\\/schema.org\",\"@graph\":[{\"@type\":\"Article\",\"@id\":\"https:\\\/\\\/stuttgarti-katolikusok.de\\\/index.php\\\/2025-december-1-es-7-kozott\\\/#article\",\"isPartOf\":{\"@id\":\"https:\\\/\\\/stuttgarti-katolikusok.de\\\/index.php\\\/2025-december-1-es-7-kozott\\\/\"},\"author\":{\"name\":\"Tibor atya\",\"@id\":\"https:\\\/\\\/stuttgarti-katolikusok.de\\\/#\\\/schema\\\/person\\\/75908d6f8fdc03a57889d27209df7795\"},\"headline\":\"2025. DECEMBER 1 \u00c9S 7 K\u00d6Z\u00d6TT\",\"datePublished\":\"2025-12-01T23:06:03+00:00\",\"dateModified\":\"2025-12-01T23:10:47+00:00\",\"mainEntityOfPage\":{\"@id\":\"https:\\\/\\\/stuttgarti-katolikusok.de\\\/index.php\\\/2025-december-1-es-7-kozott\\\/\"},\"wordCount\":224,\"image\":{\"@id\":\"https:\\\/\\\/stuttgarti-katolikusok.de\\\/index.php\\\/2025-december-1-es-7-kozott\\\/#primaryimage\"},\"thumbnailUrl\":\"https:\\\/\\\/stuttgarti-katolikusok.de\\\/wp-content\\\/uploads\\\/2020\\\/12\\\/ii-adventi-gyertya.jpeg\",\"articleSection\":[\"Progamel\u0151zetes\"],\"inLanguage\":\"hu\"},{\"@type\":\"WebPage\",\"@id\":\"https:\\\/\\\/stuttgarti-katolikusok.de\\\/index.php\\\/2025-december-1-es-7-kozott\\\/\",\"url\":\"https:\\\/\\\/stuttgarti-katolikusok.de\\\/index.php\\\/2025-december-1-es-7-kozott\\\/\",\"name\":\"2025. DECEMBER 1 \u00c9S 7 K\u00d6Z\u00d6TT - Stuttgarti Katolikusok\",\"isPartOf\":{\"@id\":\"https:\\\/\\\/stuttgarti-katolikusok.de\\\/#website\"},\"primaryImageOfPage\":{\"@id\":\"https:\\\/\\\/stuttgarti-katolikusok.de\\\/index.php\\\/2025-december-1-es-7-kozott\\\/#primaryimage\"},\"image\":{\"@id\":\"https:\\\/\\\/stuttgarti-katolikusok.de\\\/index.php\\\/2025-december-1-es-7-kozott\\\/#primaryimage\"},\"thumbnailUrl\":\"https:\\\/\\\/stuttgarti-katolikusok.de\\\/wp-content\\\/uploads\\\/2020\\\/12\\\/ii-adventi-gyertya.jpeg\",\"datePublished\":\"2025-12-01T23:06:03+00:00\",\"dateModified\":\"2025-12-01T23:10:47+00:00\",\"author\":{\"@id\":\"https:\\\/\\\/stuttgarti-katolikusok.de\\\/#\\\/schema\\\/person\\\/75908d6f8fdc03a57889d27209df7795\"},\"breadcrumb\":{\"@id\":\"https:\\\/\\\/stuttgarti-katolikusok.de\\\/index.php\\\/2025-december-1-es-7-kozott\\\/#breadcrumb\"},\"inLanguage\":\"hu\",\"potentialAction\":[{\"@type\":\"ReadAction\",\"target\":[\"https:\\\/\\\/stuttgarti-katolikusok.de\\\/index.php\\\/2025-december-1-es-7-kozott\\\/\"]}]},{\"@type\":\"ImageObject\",\"inLanguage\":\"hu\",\"@id\":\"https:\\\/\\\/stuttgarti-katolikusok.de\\\/index.php\\\/2025-december-1-es-7-kozott\\\/#primaryimage\",\"url\":\"https:\\\/\\\/stuttgarti-katolikusok.de\\\/wp-content\\\/uploads\\\/2020\\\/12\\\/ii-adventi-gyertya.jpeg\",\"contentUrl\":\"https:\\\/\\\/stuttgarti-katolikusok.de\\\/wp-content\\\/uploads\\\/2020\\\/12\\\/ii-adventi-gyertya.jpeg\",\"width\":1165,\"height\":715},{\"@type\":\"BreadcrumbList\",\"@id\":\"https:\\\/\\\/stuttgarti-katolikusok.de\\\/index.php\\\/2025-december-1-es-7-kozott\\\/#breadcrumb\",\"itemListElement\":[{\"@type\":\"ListItem\",\"position\":1,\"name\":\"Kezd\u0151lap\",\"item\":\"https:\\\/\\\/stuttgarti-katolikusok.de\\\/\"},{\"@type\":\"ListItem\",\"position\":2,\"name\":\"2025. DECEMBER 1 \u00c9S 7 K\u00d6Z\u00d6TT\"}]},{\"@type\":\"WebSite\",\"@id\":\"https:\\\/\\\/stuttgarti-katolikusok.de\\\/#website\",\"url\":\"https:\\\/\\\/stuttgarti-katolikusok.de\\\/\",\"name\":\"Stuttgarti Katolikusok\",\"description\":\"\",\"potentialAction\":[{\"@type\":\"SearchAction\",\"target\":{\"@type\":\"EntryPoint\",\"urlTemplate\":\"https:\\\/\\\/stuttgarti-katolikusok.de\\\/?s={search_term_string}\"},\"query-input\":{\"@type\":\"PropertyValueSpecification\",\"valueRequired\":true,\"valueName\":\"search_term_string\"}}],\"inLanguage\":\"hu\"},{\"@type\":\"Person\",\"@id\":\"https:\\\/\\\/stuttgarti-katolikusok.de\\\/#\\\/schema\\\/person\\\/75908d6f8fdc03a57889d27209df7795\",\"name\":\"Tibor atya\",\"image\":{\"@type\":\"ImageObject\",\"inLanguage\":\"hu\",\"@id\":\"https:\\\/\\\/secure.gravatar.com\\\/avatar\\\/61d268e57d1f4525b111222e29d2d5a7f8c420fdbf231ba5566a8ceac74fa960?s=96&d=mm&r=g\",\"url\":\"https:\\\/\\\/secure.gravatar.com\\\/avatar\\\/61d268e57d1f4525b111222e29d2d5a7f8c420fdbf231ba5566a8ceac74fa960?s=96&d=mm&r=g\",\"contentUrl\":\"https:\\\/\\\/secure.gravatar.com\\\/avatar\\\/61d268e57d1f4525b111222e29d2d5a7f8c420fdbf231ba5566a8ceac74fa960?s=96&d=mm&r=g\",\"caption\":\"Tibor atya\"},\"url\":\"https:\\\/\\\/stuttgarti-katolikusok.de\\\/index.php\\\/author\\\/tibor-atya\\\/\"}]}<\/script>\n<!-- \/ Yoast SEO plugin. -->","yoast_head_json":{"title":"2025. DECEMBER 1 \u00c9S 7 K\u00d6Z\u00d6TT - Stuttgarti Katolikusok","robots":{"index":"index","follow":"follow","max-snippet":"max-snippet:-1","max-image-preview":"max-image-preview:large","max-video-preview":"max-video-preview:-1"},"canonical":"https:\/\/stuttgarti-katolikusok.de\/index.php\/2025-december-1-es-7-kozott\/","og_locale":"hu_HU","og_type":"article","og_title":"2025. DECEMBER 1 \u00c9S 7 K\u00d6Z\u00d6TT - Stuttgarti Katolikusok","og_description":"* December 5-\u00e9n,\u00a0p\u00e9nteken, Stuttgartban 8.00 \u00f3rakor ror\u00e1t\u00e9-szentmise, ut\u00e1na k\u00f6z\u00f6s reggeli. 18.00 \u00f3rakor Bar\u00e1ts\u00e1gklub: * Advent II. vas\u00e1rnapja December 6-\u00e1n, szombaton, Weingartenben a 14 Nothelfer Kapelle-ben 7.00 \u00f3rakor\u00a0ror\u00e1t\u00e9&#8211;szentmise. Ut\u00e1na k\u00f6z\u00f6s reggeli. Balingenben 16.00 \u00f3rakor szentmise, keret\u00e9ben a 2. adventi gyertya meggy\u00fajt\u00e1sa, egyben megeml\u00e9kez\u00fcnk Szent Mikl\u00f3s p\u00fcsp\u00f6kr\u0151l, ut\u00e1na agap\u00e9. Stuttgartban 16.00 \u00f3rakor: \u00a0* December 7-\u00e9n,\u00a0Advent II. vas\u00e1rnapj\u00e1n, Schw\u00e4bisch-Gm\u00fcndben 9.30 \u00f3rakor szentmise, keret\u00e9ben a 2. adventi gyertya meggy\u00fajt\u00e1sa, megeml\u00e9kez\u00e9s Szent Mikl\u00f3s p\u00fcsp\u00f6kr\u0151l, ut\u00e1na agap\u00e9. Stuttgartban 11.30 \u00f3rai kezdettel: \u201eEgy\u00fctt j\u00f3nak lenni m\u00e9g jobb!\u201d * * Minden helyen mindenkit szeretettel v\u00e1r a k\u00f6z\u00f6ss\u00e9g \u00e9s Tibor atya! * Bens\u0151s\u00e9ges adventi napokat, j\u00f3 tal\u00e1lkoz\u00e1sokat \u00e9s sok \u00f6r\u00f6met k\u00edv\u00e1nunk minden Kedves H\u00edv\u00fcnknek! * &#8222;\u00d6r\u00f6mre kell berendezkedni. Nem szabad f\u00e9lni a teljes \u00f6r\u00f6mt\u0151l. Ahogy Nietzsche mondja: \u00bbM\u00e9ly a f\u00e1jdalom, de az \u00f6r\u00f6m m\u00e9g m\u00e9lyebb. Az \u00f6r\u00f6m \u00f6r\u00f6kl\u00e9tet k\u00edv\u00e1n, m\u00e9ly, m\u00e9ly \u00f6r\u00f6kk\u00e9val\u00f3s\u00e1got!\u00ab&#8221; \u2013 (Pilinszky J\u00e1nos \u2013 katolikus k\u00f6lt\u0151 \u2013 1921 \u2013 1981)","og_url":"https:\/\/stuttgarti-katolikusok.de\/index.php\/2025-december-1-es-7-kozott\/","og_site_name":"Stuttgarti Katolikusok","article_published_time":"2025-12-01T23:06:03+00:00","article_modified_time":"2025-12-01T23:10:47+00:00","og_image":[{"width":1165,"height":715,"url":"https:\/\/stuttgarti-katolikusok.de\/wp-content\/uploads\/2020\/12\/ii-adventi-gyertya.jpeg","type":"image\/jpeg"}],"author":"Tibor atya","twitter_card":"summary_large_image","twitter_misc":{"Szerz\u0151:":"Tibor atya","Becs\u00fclt olvas\u00e1si id\u0151":"2 perc"},"schema":{"@context":"https:\/\/schema.org","@graph":[{"@type":"Article","@id":"https:\/\/stuttgarti-katolikusok.de\/index.php\/2025-december-1-es-7-kozott\/#article","isPartOf":{"@id":"https:\/\/stuttgarti-katolikusok.de\/index.php\/2025-december-1-es-7-kozott\/"},"author":{"name":"Tibor atya","@id":"https:\/\/stuttgarti-katolikusok.de\/#\/schema\/person\/75908d6f8fdc03a57889d27209df7795"},"headline":"2025. DECEMBER 1 \u00c9S 7 K\u00d6Z\u00d6TT","datePublished":"2025-12-01T23:06:03+00:00","dateModified":"2025-12-01T23:10:47+00:00","mainEntityOfPage":{"@id":"https:\/\/stuttgarti-katolikusok.de\/index.php\/2025-december-1-es-7-kozott\/"},"wordCount":224,"image":{"@id":"https:\/\/stuttgarti-katolikusok.de\/index.php\/2025-december-1-es-7-kozott\/#primaryimage"},"thumbnailUrl":"https:\/\/stuttgarti-katolikusok.de\/wp-content\/uploads\/2020\/12\/ii-adventi-gyertya.jpeg","articleSection":["Progamel\u0151zetes"],"inLanguage":"hu"},{"@type":"WebPage","@id":"https:\/\/stuttgarti-katolikusok.de\/index.php\/2025-december-1-es-7-kozott\/","url":"https:\/\/stuttgarti-katolikusok.de\/index.php\/2025-december-1-es-7-kozott\/","name":"2025. DECEMBER 1 \u00c9S 7 K\u00d6Z\u00d6TT - Stuttgarti Katolikusok","isPartOf":{"@id":"https:\/\/stuttgarti-katolikusok.de\/#website"},"primaryImageOfPage":{"@id":"https:\/\/stuttgarti-katolikusok.de\/index.php\/2025-december-1-es-7-kozott\/#primaryimage"},"image":{"@id":"https:\/\/stuttgarti-katolikusok.de\/index.php\/2025-december-1-es-7-kozott\/#primaryimage"},"thumbnailUrl":"https:\/\/stuttgarti-katolikusok.de\/wp-content\/uploads\/2020\/12\/ii-adventi-gyertya.jpeg","datePublished":"2025-12-01T23:06:03+00:00","dateModified":"2025-12-01T23:10:47+00:00","author":{"@id":"https:\/\/stuttgarti-katolikusok.de\/#\/schema\/person\/75908d6f8fdc03a57889d27209df7795"},"breadcrumb":{"@id":"https:\/\/stuttgarti-katolikusok.de\/index.php\/2025-december-1-es-7-kozott\/#breadcrumb"},"inLanguage":"hu","potentialAction":[{"@type":"ReadAction","target":["https:\/\/stuttgarti-katolikusok.de\/index.php\/2025-december-1-es-7-kozott\/"]}]},{"@type":"ImageObject","inLanguage":"hu","@id":"https:\/\/stuttgarti-katolikusok.de\/index.php\/2025-december-1-es-7-kozott\/#primaryimage","url":"https:\/\/stuttgarti-katolikusok.de\/wp-content\/uploads\/2020\/12\/ii-adventi-gyertya.jpeg","contentUrl":"https:\/\/stuttgarti-katolikusok.de\/wp-content\/uploads\/2020\/12\/ii-adventi-gyertya.jpeg","width":1165,"height":715},{"@type":"BreadcrumbList","@id":"https:\/\/stuttgarti-katolikusok.de\/index.php\/2025-december-1-es-7-kozott\/#breadcrumb","itemListElement":[{"@type":"ListItem","position":1,"name":"Kezd\u0151lap","item":"https:\/\/stuttgarti-katolikusok.de\/"},{"@type":"ListItem","position":2,"name":"2025. DECEMBER 1 \u00c9S 7 K\u00d6Z\u00d6TT"}]},{"@type":"WebSite","@id":"https:\/\/stuttgarti-katolikusok.de\/#website","url":"https:\/\/stuttgarti-katolikusok.de\/","name":"Stuttgarti Katolikusok","description":"","potentialAction":[{"@type":"SearchAction","target":{"@type":"EntryPoint","urlTemplate":"https:\/\/stuttgarti-katolikusok.de\/?s={search_term_string}"},"query-input":{"@type":"PropertyValueSpecification","valueRequired":true,"valueName":"search_term_string"}}],"inLanguage":"hu"},{"@type":"Person","@id":"https:\/\/stuttgarti-katolikusok.de\/#\/schema\/person\/75908d6f8fdc03a57889d27209df7795","name":"Tibor atya","image":{"@type":"ImageObject","inLanguage":"hu","@id":"https:\/\/secure.gravatar.com\/avatar\/61d268e57d1f4525b111222e29d2d5a7f8c420fdbf231ba5566a8ceac74fa960?s=96&d=mm&r=g","url":"https:\/\/secure.gravatar.com\/avatar\/61d268e57d1f4525b111222e29d2d5a7f8c420fdbf231ba5566a8ceac74fa960?s=96&d=mm&r=g","contentUrl":"https:\/\/secure.gravatar.com\/avatar\/61d268e57d1f4525b111222e29d2d5a7f8c420fdbf231ba5566a8ceac74fa960?s=96&d=mm&r=g","caption":"Tibor atya"},"url":"https:\/\/stuttgarti-katolikusok.de\/index.php\/author\/tibor-atya\/"}]}},"_links":{"self":[{"href":"https:\/\/stuttgarti-katolikusok.de\/index.php\/wp-json\/wp\/v2\/posts\/32095","targetHints":{"allow":["GET"]}}],"collection":[{"href":"https:\/\/stuttgarti-katolikusok.de\/index.php\/wp-json\/wp\/v2\/posts"}],"about":[{"href":"https:\/\/stuttgarti-katolikusok.de\/index.php\/wp-json\/wp\/v2\/types\/post"}],"author":[{"embeddable":true,"href":"https:\/\/stuttgarti-katolikusok.de\/index.php\/wp-json\/wp\/v2\/users\/3"}],"replies":[{"embeddable":true,"href":"https:\/\/stuttgarti-katolikusok.de\/index.php\/wp-json\/wp\/v2\/comments?post=32095"}],"version-history":[{"count":2,"href":"https:\/\/stuttgarti-katolikusok.de\/index.php\/wp-json\/wp\/v2\/posts\/32095\/revisions"}],"predecessor-version":[{"id":32099,"href":"https:\/\/stuttgarti-katolikusok.de\/index.php\/wp-json\/wp\/v2\/posts\/32095\/revisions\/32099"}],"wp:featuredmedia":[{"embeddable":true,"href":"https:\/\/stuttgarti-katolikusok.de\/index.php\/wp-json\/wp\/v2\/media\/20683"}],"wp:attachment":[{"href":"https:\/\/stuttgarti-katolikusok.de\/index.php\/wp-json\/wp\/v2\/media?parent=32095"}],"wp:term":[{"taxonomy":"category","embeddable":true,"href":"https:\/\/stuttgarti-katolikusok.de\/index.php\/wp-json\/wp\/v2\/categories?post=32095"},{"taxonomy":"post_tag","embeddable":true,"href":"https:\/\/stuttgarti-katolikusok.de\/index.php\/wp-json\/wp\/v2\/tags?post=32095"}],"curies":[{"name":"wp","href":"https:\/\/api.w.org\/{rel}","templated":true}]}}