{"id":32091,"date":"2025-11-30T02:19:44","date_gmt":"2025-11-30T01:19:44","guid":{"rendered":"https:\/\/stuttgarti-katolikusok.de\/?p=32091"},"modified":"2025-11-30T02:19:44","modified_gmt":"2025-11-30T01:19:44","slug":"egyutt-jonak-lenni-meg-jobb-4","status":"publish","type":"post","link":"https:\/\/stuttgarti-katolikusok.de\/index.php\/egyutt-jonak-lenni-meg-jobb-4\/","title":{"rendered":"Egy\u00fctt j\u00f3nak lenni m\u00e9g jobb!"},"content":{"rendered":"<p><span style=\"color: #ff6600;\"><em>Kedves H\u00edveim, Bar\u00e1taim!<\/em><\/span><\/p>\n<p><span style=\"color: #ff6600;\"><em>2025. december 7-\u00e9n imm\u00e1r 3-ik alkalommal csatlakozunk a &#8222;J\u00f3nak lenni j\u00f3&#8221; adom\u00e1nygy\u0171jt\u0151 akci\u00f3hoz.\u00a0<\/em><\/span><\/p>\n<p><span style=\"color: #ff6600;\"><em>H\u00f3napok lelkes k\u00e9sz\u00fclete \u00e9r c\u00e9lba hamarosan. B\u00edzom abban, hogy nagy k\u00f6z\u00f6ss\u00e9g\u00fcnk sok hely\u00e9r\u0151l j\u00f6tt\u00f6k el. Tartalmas \u00e9s gazdag napnak n\u00e9z\u00fcnk el\u00e9be, mely rem\u00e9nnyel \u00e9s \u00f6r\u00f6mmel t\u00f6lt el benn\u00fcnket. Kor\u00e1bban is hangs\u00falyoztam, nem csup\u00e1n az \u00f6sszeg nagys\u00e1ga fontos. Sz\u00e1momra nagyon nagy jelent\u0151s\u00e9ggel b\u00edr azon t\u00e9ny, hogy ism\u00e9telten t\u00f6bb mint 10 magyar szervezet egy ir\u00e1nyba \u00e9s egy\u00fctt mozdul.\u00a0<\/em><\/span><\/p>\n<p><span style=\"color: #ff6600;\"><em>R\u00e1ad\u00e1sul ezen esztend\u0151ben siker\u00fclt a helyi Bruder Klaus m\u00e9met nyelv\u0171 k\u00f6z\u00f6ss\u00e9get is megsz\u00f3l\u00edtani. \u0150k is vel\u00fcnk tartanak ezen a napon.<\/em><\/span><\/p>\n<p><span style=\"color: #ff6600;\"><em>Term\u00e9szetesen a c\u00e9l ezen esztend\u0151ben is nagyon nemes. Adom\u00e1nyainkat K\u00e1rp\u00e1talj\u00e1ra, a Kegyes Alap\u00edtv\u00e1ny r\u00e9sz\u00e9re juttatjuk el. Nagyszer\u0171 \u00e9s felemel\u0151 \u00e9rz\u00e9s, hogy seg\u00edt\u0151 kezet tudunk ny\u00fajtani.<\/em><\/span><\/p>\n<p><span style=\"color: #ff6600;\"><em>Az \u00f6tletgazda, mint kor\u00e1bban is jeleztem, Szegi Oszk\u00e1r, a Pasztor\u00e1lis Tan\u00e1cs v\u00e1lasztott vezet\u0151je. Egykori \u00e1lma szintet l\u00e9pett. Szem\u00e9lyes kapcsolatait felhaszn\u00e1lva, amint l\u00e1thatj\u00e1tok az al\u00e1bbiakban, h\u00e1rom focimez is licitre ker\u00fcl. Term\u00e9szetesen al\u00e1\u00edr\u00e1ssal\/al\u00e1\u00edr\u00e1sokkal ell\u00e1tva.<\/em><\/span><\/p>\n<p><span style=\"color: #ff6600;\"><em>K\u00e9rlek benneteket, hogy ossz\u00e1tok meg minden f\u00f3rumon ezen bejegyz\u00e9st! V\u00e1runk Benneteket!<\/em><\/span><\/p>\n<p><span style=\"color: #ff6600;\"><em>Tibor atya\u00a0<\/em><\/span><\/p>\n<a href=\"https:\/\/stuttgarti-katolikusok.de\/wp-content\/uploads\/2025\/11\/Egyutt-jonak-lenni-jo-2025.pdf\" class=\"pdfemb-viewer\" style=\"\" data-width=\"max\" data-height=\"max\" data-toolbar=\"bottom\" data-toolbar-fixed=\"off\">Egy\u00fctt j\u00f3nak lenni j\u00f3-2025<\/a>\n<p>&nbsp;<\/p>\n","protected":false},"excerpt":{"rendered":"<p>Kedves H\u00edveim, Bar\u00e1taim! 2025. december 7-\u00e9n imm\u00e1r 3-ik alkalommal csatlakozunk a &#8222;J\u00f3nak lenni j\u00f3&#8221; adom\u00e1nygy\u0171jt\u0151 akci\u00f3hoz.\u00a0 H\u00f3napok lelkes k\u00e9sz\u00fclete \u00e9r c\u00e9lba hamarosan. B\u00edzom abban, hogy nagy k\u00f6z\u00f6ss\u00e9g\u00fcnk sok hely\u00e9r\u0151l j\u00f6tt\u00f6k el. Tartalmas \u00e9s gazdag napnak n\u00e9z\u00fcnk el\u00e9be, mely rem\u00e9nnyel \u00e9s \u00f6r\u00f6mmel t\u00f6lt el benn\u00fcnket. Kor\u00e1bban is hangs\u00falyoztam, nem csup\u00e1n az \u00f6sszeg nagys\u00e1ga fontos. Sz\u00e1momra nagyon nagy jelent\u0151s\u00e9ggel b\u00edr azon t\u00e9ny, hogy ism\u00e9telten t\u00f6bb mint 10 magyar szervezet egy ir\u00e1nyba \u00e9s egy\u00fctt mozdul.\u00a0 R\u00e1ad\u00e1sul ezen esztend\u0151ben siker\u00fclt a helyi Bruder Klaus m\u00e9met nyelv\u0171 k\u00f6z\u00f6ss\u00e9get is megsz\u00f3l\u00edtani. \u0150k is vel\u00fcnk tartanak ezen a napon. Term\u00e9szetesen a c\u00e9l ezen esztend\u0151ben is nagyon nemes. Adom\u00e1nyainkat K\u00e1rp\u00e1talj\u00e1ra, a Kegyes Alap\u00edtv\u00e1ny r\u00e9sz\u00e9re juttatjuk el. Nagyszer\u0171 \u00e9s felemel\u0151 \u00e9rz\u00e9s, hogy seg\u00edt\u0151 kezet tudunk ny\u00fajtani. Az \u00f6tletgazda, mint kor\u00e1bban is jeleztem, Szegi Oszk\u00e1r, a Pasztor\u00e1lis Tan\u00e1cs v\u00e1lasztott vezet\u0151je. Egykori \u00e1lma szintet l\u00e9pett. Szem\u00e9lyes kapcsolatait felhaszn\u00e1lva, amint l\u00e1thatj\u00e1tok az al\u00e1bbiakban, h\u00e1rom focimez is licitre ker\u00fcl. Term\u00e9szetesen al\u00e1\u00edr\u00e1ssal\/al\u00e1\u00edr\u00e1sokkal ell\u00e1tva. K\u00e9rlek benneteket, hogy ossz\u00e1tok meg minden f\u00f3rumon ezen bejegyz\u00e9st! V\u00e1runk Benneteket! Tibor atya\u00a0 &nbsp;<\/p>\n","protected":false},"author":3,"featured_media":32007,"comment_status":"closed","ping_status":"closed","sticky":false,"template":"","format":"standard","meta":{"footnotes":""},"categories":[5],"tags":[],"class_list":["post-32091","post","type-post","status-publish","format-standard","has-post-thumbnail","hentry","category-hirek"],"yoast_head":"<!-- This site is optimized with the Yoast SEO plugin v27.3 - https:\/\/yoast.com\/product\/yoast-seo-wordpress\/ -->\n<title>Egy\u00fctt j\u00f3nak lenni m\u00e9g jobb! - Stuttgarti Katolikusok<\/title>\n<meta name=\"robots\" content=\"index, follow, max-snippet:-1, max-image-preview:large, max-video-preview:-1\" \/>\n<link rel=\"canonical\" href=\"https:\/\/stuttgarti-katolikusok.de\/index.php\/egyutt-jonak-lenni-meg-jobb-4\/\" \/>\n<meta property=\"og:locale\" content=\"hu_HU\" \/>\n<meta property=\"og:type\" content=\"article\" \/>\n<meta property=\"og:title\" content=\"Egy\u00fctt j\u00f3nak lenni m\u00e9g jobb! - Stuttgarti Katolikusok\" \/>\n<meta property=\"og:description\" content=\"Kedves H\u00edveim, Bar\u00e1taim! 2025. december 7-\u00e9n imm\u00e1r 3-ik alkalommal csatlakozunk a &#8222;J\u00f3nak lenni j\u00f3&#8221; adom\u00e1nygy\u0171jt\u0151 akci\u00f3hoz.\u00a0 H\u00f3napok lelkes k\u00e9sz\u00fclete \u00e9r c\u00e9lba hamarosan. B\u00edzom abban, hogy nagy k\u00f6z\u00f6ss\u00e9g\u00fcnk sok hely\u00e9r\u0151l j\u00f6tt\u00f6k el. Tartalmas \u00e9s gazdag napnak n\u00e9z\u00fcnk el\u00e9be, mely rem\u00e9nnyel \u00e9s \u00f6r\u00f6mmel t\u00f6lt el benn\u00fcnket. Kor\u00e1bban is hangs\u00falyoztam, nem csup\u00e1n az \u00f6sszeg nagys\u00e1ga fontos. Sz\u00e1momra nagyon nagy jelent\u0151s\u00e9ggel b\u00edr azon t\u00e9ny, hogy ism\u00e9telten t\u00f6bb mint 10 magyar szervezet egy ir\u00e1nyba \u00e9s egy\u00fctt mozdul.\u00a0 R\u00e1ad\u00e1sul ezen esztend\u0151ben siker\u00fclt a helyi Bruder Klaus m\u00e9met nyelv\u0171 k\u00f6z\u00f6ss\u00e9get is megsz\u00f3l\u00edtani. \u0150k is vel\u00fcnk tartanak ezen a napon. Term\u00e9szetesen a c\u00e9l ezen esztend\u0151ben is nagyon nemes. Adom\u00e1nyainkat K\u00e1rp\u00e1talj\u00e1ra, a Kegyes Alap\u00edtv\u00e1ny r\u00e9sz\u00e9re juttatjuk el. Nagyszer\u0171 \u00e9s felemel\u0151 \u00e9rz\u00e9s, hogy seg\u00edt\u0151 kezet tudunk ny\u00fajtani. Az \u00f6tletgazda, mint kor\u00e1bban is jeleztem, Szegi Oszk\u00e1r, a Pasztor\u00e1lis Tan\u00e1cs v\u00e1lasztott vezet\u0151je. Egykori \u00e1lma szintet l\u00e9pett. Szem\u00e9lyes kapcsolatait felhaszn\u00e1lva, amint l\u00e1thatj\u00e1tok az al\u00e1bbiakban, h\u00e1rom focimez is licitre ker\u00fcl. Term\u00e9szetesen al\u00e1\u00edr\u00e1ssal\/al\u00e1\u00edr\u00e1sokkal ell\u00e1tva. K\u00e9rlek benneteket, hogy ossz\u00e1tok meg minden f\u00f3rumon ezen bejegyz\u00e9st! V\u00e1runk Benneteket! Tibor atya\u00a0 &nbsp;\" \/>\n<meta property=\"og:url\" content=\"https:\/\/stuttgarti-katolikusok.de\/index.php\/egyutt-jonak-lenni-meg-jobb-4\/\" \/>\n<meta property=\"og:site_name\" content=\"Stuttgarti Katolikusok\" \/>\n<meta property=\"article:published_time\" content=\"2025-11-30T01:19:44+00:00\" \/>\n<meta property=\"og:image\" content=\"https:\/\/stuttgarti-katolikusok.de\/wp-content\/uploads\/2025\/11\/egyutt-jonakl-lenni-meg-jobb-2025jpeg-web.jpeg\" \/>\n\t<meta property=\"og:image:width\" content=\"1080\" \/>\n\t<meta property=\"og:image:height\" content=\"812\" \/>\n\t<meta property=\"og:image:type\" content=\"image\/jpeg\" \/>\n<meta name=\"author\" content=\"Tibor atya\" \/>\n<meta name=\"twitter:card\" content=\"summary_large_image\" \/>\n<meta name=\"twitter:label1\" content=\"Szerz\u0151:\" \/>\n\t<meta name=\"twitter:data1\" content=\"Tibor atya\" \/>\n\t<meta name=\"twitter:label2\" content=\"Becs\u00fclt olvas\u00e1si id\u0151\" \/>\n\t<meta name=\"twitter:data2\" content=\"2 perc\" \/>\n<script type=\"application\/ld+json\" class=\"yoast-schema-graph\">{\"@context\":\"https:\\\/\\\/schema.org\",\"@graph\":[{\"@type\":\"Article\",\"@id\":\"https:\\\/\\\/stuttgarti-katolikusok.de\\\/index.php\\\/egyutt-jonak-lenni-meg-jobb-4\\\/#article\",\"isPartOf\":{\"@id\":\"https:\\\/\\\/stuttgarti-katolikusok.de\\\/index.php\\\/egyutt-jonak-lenni-meg-jobb-4\\\/\"},\"author\":{\"name\":\"Tibor atya\",\"@id\":\"https:\\\/\\\/stuttgarti-katolikusok.de\\\/#\\\/schema\\\/person\\\/75908d6f8fdc03a57889d27209df7795\"},\"headline\":\"Egy\u00fctt j\u00f3nak lenni m\u00e9g jobb!\",\"datePublished\":\"2025-11-30T01:19:44+00:00\",\"mainEntityOfPage\":{\"@id\":\"https:\\\/\\\/stuttgarti-katolikusok.de\\\/index.php\\\/egyutt-jonak-lenni-meg-jobb-4\\\/\"},\"wordCount\":278,\"image\":{\"@id\":\"https:\\\/\\\/stuttgarti-katolikusok.de\\\/index.php\\\/egyutt-jonak-lenni-meg-jobb-4\\\/#primaryimage\"},\"thumbnailUrl\":\"https:\\\/\\\/stuttgarti-katolikusok.de\\\/wp-content\\\/uploads\\\/2025\\\/11\\\/egyutt-jonakl-lenni-meg-jobb-2025jpeg-web.jpeg\",\"articleSection\":[\"H\u00edrek\"],\"inLanguage\":\"hu\"},{\"@type\":\"WebPage\",\"@id\":\"https:\\\/\\\/stuttgarti-katolikusok.de\\\/index.php\\\/egyutt-jonak-lenni-meg-jobb-4\\\/\",\"url\":\"https:\\\/\\\/stuttgarti-katolikusok.de\\\/index.php\\\/egyutt-jonak-lenni-meg-jobb-4\\\/\",\"name\":\"Egy\u00fctt j\u00f3nak lenni m\u00e9g jobb! - Stuttgarti Katolikusok\",\"isPartOf\":{\"@id\":\"https:\\\/\\\/stuttgarti-katolikusok.de\\\/#website\"},\"primaryImageOfPage\":{\"@id\":\"https:\\\/\\\/stuttgarti-katolikusok.de\\\/index.php\\\/egyutt-jonak-lenni-meg-jobb-4\\\/#primaryimage\"},\"image\":{\"@id\":\"https:\\\/\\\/stuttgarti-katolikusok.de\\\/index.php\\\/egyutt-jonak-lenni-meg-jobb-4\\\/#primaryimage\"},\"thumbnailUrl\":\"https:\\\/\\\/stuttgarti-katolikusok.de\\\/wp-content\\\/uploads\\\/2025\\\/11\\\/egyutt-jonakl-lenni-meg-jobb-2025jpeg-web.jpeg\",\"datePublished\":\"2025-11-30T01:19:44+00:00\",\"author\":{\"@id\":\"https:\\\/\\\/stuttgarti-katolikusok.de\\\/#\\\/schema\\\/person\\\/75908d6f8fdc03a57889d27209df7795\"},\"breadcrumb\":{\"@id\":\"https:\\\/\\\/stuttgarti-katolikusok.de\\\/index.php\\\/egyutt-jonak-lenni-meg-jobb-4\\\/#breadcrumb\"},\"inLanguage\":\"hu\",\"potentialAction\":[{\"@type\":\"ReadAction\",\"target\":[\"https:\\\/\\\/stuttgarti-katolikusok.de\\\/index.php\\\/egyutt-jonak-lenni-meg-jobb-4\\\/\"]}]},{\"@type\":\"ImageObject\",\"inLanguage\":\"hu\",\"@id\":\"https:\\\/\\\/stuttgarti-katolikusok.de\\\/index.php\\\/egyutt-jonak-lenni-meg-jobb-4\\\/#primaryimage\",\"url\":\"https:\\\/\\\/stuttgarti-katolikusok.de\\\/wp-content\\\/uploads\\\/2025\\\/11\\\/egyutt-jonakl-lenni-meg-jobb-2025jpeg-web.jpeg\",\"contentUrl\":\"https:\\\/\\\/stuttgarti-katolikusok.de\\\/wp-content\\\/uploads\\\/2025\\\/11\\\/egyutt-jonakl-lenni-meg-jobb-2025jpeg-web.jpeg\",\"width\":1080,\"height\":812},{\"@type\":\"BreadcrumbList\",\"@id\":\"https:\\\/\\\/stuttgarti-katolikusok.de\\\/index.php\\\/egyutt-jonak-lenni-meg-jobb-4\\\/#breadcrumb\",\"itemListElement\":[{\"@type\":\"ListItem\",\"position\":1,\"name\":\"Kezd\u0151lap\",\"item\":\"https:\\\/\\\/stuttgarti-katolikusok.de\\\/\"},{\"@type\":\"ListItem\",\"position\":2,\"name\":\"Egy\u00fctt j\u00f3nak lenni m\u00e9g jobb!\"}]},{\"@type\":\"WebSite\",\"@id\":\"https:\\\/\\\/stuttgarti-katolikusok.de\\\/#website\",\"url\":\"https:\\\/\\\/stuttgarti-katolikusok.de\\\/\",\"name\":\"Stuttgarti Katolikusok\",\"description\":\"\",\"potentialAction\":[{\"@type\":\"SearchAction\",\"target\":{\"@type\":\"EntryPoint\",\"urlTemplate\":\"https:\\\/\\\/stuttgarti-katolikusok.de\\\/?s={search_term_string}\"},\"query-input\":{\"@type\":\"PropertyValueSpecification\",\"valueRequired\":true,\"valueName\":\"search_term_string\"}}],\"inLanguage\":\"hu\"},{\"@type\":\"Person\",\"@id\":\"https:\\\/\\\/stuttgarti-katolikusok.de\\\/#\\\/schema\\\/person\\\/75908d6f8fdc03a57889d27209df7795\",\"name\":\"Tibor atya\",\"image\":{\"@type\":\"ImageObject\",\"inLanguage\":\"hu\",\"@id\":\"https:\\\/\\\/secure.gravatar.com\\\/avatar\\\/61d268e57d1f4525b111222e29d2d5a7f8c420fdbf231ba5566a8ceac74fa960?s=96&d=mm&r=g\",\"url\":\"https:\\\/\\\/secure.gravatar.com\\\/avatar\\\/61d268e57d1f4525b111222e29d2d5a7f8c420fdbf231ba5566a8ceac74fa960?s=96&d=mm&r=g\",\"contentUrl\":\"https:\\\/\\\/secure.gravatar.com\\\/avatar\\\/61d268e57d1f4525b111222e29d2d5a7f8c420fdbf231ba5566a8ceac74fa960?s=96&d=mm&r=g\",\"caption\":\"Tibor atya\"},\"url\":\"https:\\\/\\\/stuttgarti-katolikusok.de\\\/index.php\\\/author\\\/tibor-atya\\\/\"}]}<\/script>\n<!-- \/ Yoast SEO plugin. -->","yoast_head_json":{"title":"Egy\u00fctt j\u00f3nak lenni m\u00e9g jobb! - Stuttgarti Katolikusok","robots":{"index":"index","follow":"follow","max-snippet":"max-snippet:-1","max-image-preview":"max-image-preview:large","max-video-preview":"max-video-preview:-1"},"canonical":"https:\/\/stuttgarti-katolikusok.de\/index.php\/egyutt-jonak-lenni-meg-jobb-4\/","og_locale":"hu_HU","og_type":"article","og_title":"Egy\u00fctt j\u00f3nak lenni m\u00e9g jobb! - Stuttgarti Katolikusok","og_description":"Kedves H\u00edveim, Bar\u00e1taim! 2025. december 7-\u00e9n imm\u00e1r 3-ik alkalommal csatlakozunk a &#8222;J\u00f3nak lenni j\u00f3&#8221; adom\u00e1nygy\u0171jt\u0151 akci\u00f3hoz.\u00a0 H\u00f3napok lelkes k\u00e9sz\u00fclete \u00e9r c\u00e9lba hamarosan. B\u00edzom abban, hogy nagy k\u00f6z\u00f6ss\u00e9g\u00fcnk sok hely\u00e9r\u0151l j\u00f6tt\u00f6k el. Tartalmas \u00e9s gazdag napnak n\u00e9z\u00fcnk el\u00e9be, mely rem\u00e9nnyel \u00e9s \u00f6r\u00f6mmel t\u00f6lt el benn\u00fcnket. Kor\u00e1bban is hangs\u00falyoztam, nem csup\u00e1n az \u00f6sszeg nagys\u00e1ga fontos. Sz\u00e1momra nagyon nagy jelent\u0151s\u00e9ggel b\u00edr azon t\u00e9ny, hogy ism\u00e9telten t\u00f6bb mint 10 magyar szervezet egy ir\u00e1nyba \u00e9s egy\u00fctt mozdul.\u00a0 R\u00e1ad\u00e1sul ezen esztend\u0151ben siker\u00fclt a helyi Bruder Klaus m\u00e9met nyelv\u0171 k\u00f6z\u00f6ss\u00e9get is megsz\u00f3l\u00edtani. \u0150k is vel\u00fcnk tartanak ezen a napon. Term\u00e9szetesen a c\u00e9l ezen esztend\u0151ben is nagyon nemes. Adom\u00e1nyainkat K\u00e1rp\u00e1talj\u00e1ra, a Kegyes Alap\u00edtv\u00e1ny r\u00e9sz\u00e9re juttatjuk el. Nagyszer\u0171 \u00e9s felemel\u0151 \u00e9rz\u00e9s, hogy seg\u00edt\u0151 kezet tudunk ny\u00fajtani. Az \u00f6tletgazda, mint kor\u00e1bban is jeleztem, Szegi Oszk\u00e1r, a Pasztor\u00e1lis Tan\u00e1cs v\u00e1lasztott vezet\u0151je. Egykori \u00e1lma szintet l\u00e9pett. Szem\u00e9lyes kapcsolatait felhaszn\u00e1lva, amint l\u00e1thatj\u00e1tok az al\u00e1bbiakban, h\u00e1rom focimez is licitre ker\u00fcl. Term\u00e9szetesen al\u00e1\u00edr\u00e1ssal\/al\u00e1\u00edr\u00e1sokkal ell\u00e1tva. K\u00e9rlek benneteket, hogy ossz\u00e1tok meg minden f\u00f3rumon ezen bejegyz\u00e9st! V\u00e1runk Benneteket! Tibor atya\u00a0 &nbsp;","og_url":"https:\/\/stuttgarti-katolikusok.de\/index.php\/egyutt-jonak-lenni-meg-jobb-4\/","og_site_name":"Stuttgarti Katolikusok","article_published_time":"2025-11-30T01:19:44+00:00","og_image":[{"width":1080,"height":812,"url":"https:\/\/stuttgarti-katolikusok.de\/wp-content\/uploads\/2025\/11\/egyutt-jonakl-lenni-meg-jobb-2025jpeg-web.jpeg","type":"image\/jpeg"}],"author":"Tibor atya","twitter_card":"summary_large_image","twitter_misc":{"Szerz\u0151:":"Tibor atya","Becs\u00fclt olvas\u00e1si id\u0151":"2 perc"},"schema":{"@context":"https:\/\/schema.org","@graph":[{"@type":"Article","@id":"https:\/\/stuttgarti-katolikusok.de\/index.php\/egyutt-jonak-lenni-meg-jobb-4\/#article","isPartOf":{"@id":"https:\/\/stuttgarti-katolikusok.de\/index.php\/egyutt-jonak-lenni-meg-jobb-4\/"},"author":{"name":"Tibor atya","@id":"https:\/\/stuttgarti-katolikusok.de\/#\/schema\/person\/75908d6f8fdc03a57889d27209df7795"},"headline":"Egy\u00fctt j\u00f3nak lenni m\u00e9g jobb!","datePublished":"2025-11-30T01:19:44+00:00","mainEntityOfPage":{"@id":"https:\/\/stuttgarti-katolikusok.de\/index.php\/egyutt-jonak-lenni-meg-jobb-4\/"},"wordCount":278,"image":{"@id":"https:\/\/stuttgarti-katolikusok.de\/index.php\/egyutt-jonak-lenni-meg-jobb-4\/#primaryimage"},"thumbnailUrl":"https:\/\/stuttgarti-katolikusok.de\/wp-content\/uploads\/2025\/11\/egyutt-jonakl-lenni-meg-jobb-2025jpeg-web.jpeg","articleSection":["H\u00edrek"],"inLanguage":"hu"},{"@type":"WebPage","@id":"https:\/\/stuttgarti-katolikusok.de\/index.php\/egyutt-jonak-lenni-meg-jobb-4\/","url":"https:\/\/stuttgarti-katolikusok.de\/index.php\/egyutt-jonak-lenni-meg-jobb-4\/","name":"Egy\u00fctt j\u00f3nak lenni m\u00e9g jobb! - Stuttgarti Katolikusok","isPartOf":{"@id":"https:\/\/stuttgarti-katolikusok.de\/#website"},"primaryImageOfPage":{"@id":"https:\/\/stuttgarti-katolikusok.de\/index.php\/egyutt-jonak-lenni-meg-jobb-4\/#primaryimage"},"image":{"@id":"https:\/\/stuttgarti-katolikusok.de\/index.php\/egyutt-jonak-lenni-meg-jobb-4\/#primaryimage"},"thumbnailUrl":"https:\/\/stuttgarti-katolikusok.de\/wp-content\/uploads\/2025\/11\/egyutt-jonakl-lenni-meg-jobb-2025jpeg-web.jpeg","datePublished":"2025-11-30T01:19:44+00:00","author":{"@id":"https:\/\/stuttgarti-katolikusok.de\/#\/schema\/person\/75908d6f8fdc03a57889d27209df7795"},"breadcrumb":{"@id":"https:\/\/stuttgarti-katolikusok.de\/index.php\/egyutt-jonak-lenni-meg-jobb-4\/#breadcrumb"},"inLanguage":"hu","potentialAction":[{"@type":"ReadAction","target":["https:\/\/stuttgarti-katolikusok.de\/index.php\/egyutt-jonak-lenni-meg-jobb-4\/"]}]},{"@type":"ImageObject","inLanguage":"hu","@id":"https:\/\/stuttgarti-katolikusok.de\/index.php\/egyutt-jonak-lenni-meg-jobb-4\/#primaryimage","url":"https:\/\/stuttgarti-katolikusok.de\/wp-content\/uploads\/2025\/11\/egyutt-jonakl-lenni-meg-jobb-2025jpeg-web.jpeg","contentUrl":"https:\/\/stuttgarti-katolikusok.de\/wp-content\/uploads\/2025\/11\/egyutt-jonakl-lenni-meg-jobb-2025jpeg-web.jpeg","width":1080,"height":812},{"@type":"BreadcrumbList","@id":"https:\/\/stuttgarti-katolikusok.de\/index.php\/egyutt-jonak-lenni-meg-jobb-4\/#breadcrumb","itemListElement":[{"@type":"ListItem","position":1,"name":"Kezd\u0151lap","item":"https:\/\/stuttgarti-katolikusok.de\/"},{"@type":"ListItem","position":2,"name":"Egy\u00fctt j\u00f3nak lenni m\u00e9g jobb!"}]},{"@type":"WebSite","@id":"https:\/\/stuttgarti-katolikusok.de\/#website","url":"https:\/\/stuttgarti-katolikusok.de\/","name":"Stuttgarti Katolikusok","description":"","potentialAction":[{"@type":"SearchAction","target":{"@type":"EntryPoint","urlTemplate":"https:\/\/stuttgarti-katolikusok.de\/?s={search_term_string}"},"query-input":{"@type":"PropertyValueSpecification","valueRequired":true,"valueName":"search_term_string"}}],"inLanguage":"hu"},{"@type":"Person","@id":"https:\/\/stuttgarti-katolikusok.de\/#\/schema\/person\/75908d6f8fdc03a57889d27209df7795","name":"Tibor atya","image":{"@type":"ImageObject","inLanguage":"hu","@id":"https:\/\/secure.gravatar.com\/avatar\/61d268e57d1f4525b111222e29d2d5a7f8c420fdbf231ba5566a8ceac74fa960?s=96&d=mm&r=g","url":"https:\/\/secure.gravatar.com\/avatar\/61d268e57d1f4525b111222e29d2d5a7f8c420fdbf231ba5566a8ceac74fa960?s=96&d=mm&r=g","contentUrl":"https:\/\/secure.gravatar.com\/avatar\/61d268e57d1f4525b111222e29d2d5a7f8c420fdbf231ba5566a8ceac74fa960?s=96&d=mm&r=g","caption":"Tibor atya"},"url":"https:\/\/stuttgarti-katolikusok.de\/index.php\/author\/tibor-atya\/"}]}},"_links":{"self":[{"href":"https:\/\/stuttgarti-katolikusok.de\/index.php\/wp-json\/wp\/v2\/posts\/32091","targetHints":{"allow":["GET"]}}],"collection":[{"href":"https:\/\/stuttgarti-katolikusok.de\/index.php\/wp-json\/wp\/v2\/posts"}],"about":[{"href":"https:\/\/stuttgarti-katolikusok.de\/index.php\/wp-json\/wp\/v2\/types\/post"}],"author":[{"embeddable":true,"href":"https:\/\/stuttgarti-katolikusok.de\/index.php\/wp-json\/wp\/v2\/users\/3"}],"replies":[{"embeddable":true,"href":"https:\/\/stuttgarti-katolikusok.de\/index.php\/wp-json\/wp\/v2\/comments?post=32091"}],"version-history":[{"count":1,"href":"https:\/\/stuttgarti-katolikusok.de\/index.php\/wp-json\/wp\/v2\/posts\/32091\/revisions"}],"predecessor-version":[{"id":32093,"href":"https:\/\/stuttgarti-katolikusok.de\/index.php\/wp-json\/wp\/v2\/posts\/32091\/revisions\/32093"}],"wp:featuredmedia":[{"embeddable":true,"href":"https:\/\/stuttgarti-katolikusok.de\/index.php\/wp-json\/wp\/v2\/media\/32007"}],"wp:attachment":[{"href":"https:\/\/stuttgarti-katolikusok.de\/index.php\/wp-json\/wp\/v2\/media?parent=32091"}],"wp:term":[{"taxonomy":"category","embeddable":true,"href":"https:\/\/stuttgarti-katolikusok.de\/index.php\/wp-json\/wp\/v2\/categories?post=32091"},{"taxonomy":"post_tag","embeddable":true,"href":"https:\/\/stuttgarti-katolikusok.de\/index.php\/wp-json\/wp\/v2\/tags?post=32091"}],"curies":[{"name":"wp","href":"https:\/\/api.w.org\/{rel}","templated":true}]}}