{"id":32086,"date":"2025-11-30T01:27:08","date_gmt":"2025-11-30T00:27:08","guid":{"rendered":"https:\/\/stuttgarti-katolikusok.de\/?p=32086"},"modified":"2025-11-30T01:27:47","modified_gmt":"2025-11-30T00:27:47","slug":"in-memoriam-trencseni-janos","status":"publish","type":"post","link":"https:\/\/stuttgarti-katolikusok.de\/index.php\/in-memoriam-trencseni-janos\/","title":{"rendered":"In memoriam Trencs\u00e9ni J\u00e1nos"},"content":{"rendered":"<p><span style=\"color: #ff6600;\"><em>K\u00f6sz\u00f6net D\u00e1vid Melind\u00e1nak \u00edr\u00e1s\u00e1\u00e9rt.<\/em><\/span><\/p>\n<p>Megeml\u00e9kez\u00e9s<\/p>\n<p>Szomor\u00faan, de Isten akarat\u00e1ban megnyugodva eml\u00e9kez\u00fcnk meg egyh\u00e1zk\u00f6zs\u00e9g\u00fcnk szeretett \u00e9s tisztelt tagj\u00e1r\u00f3l, dr. Trencs\u00e9ni J\u00e1nosr\u00f3l, aki hossz\u00fa \u00e9veken \u00e1t k\u00f6z\u00f6ss\u00e9g\u00fcnk tudom\u00e1nyos k\u00f6r\u00e9nek, a Stuttgarti Erasmus Akad\u00e9mi\u00e1nak 2009-ben aleln\u00f6kek\u00e9nt, majd 2010 \u2013 2014 k\u00f6z\u00f6tt eln\u00f6kek\u00e9nt szolg\u00e1lt. Odaad\u00f3 munk\u00e1ja, b\u00f6lcsess\u00e9ge \u00e9s p\u00e9ldamutat\u00f3 szer\u00e9nys\u00e9ge maradand\u00f3 nyomot hagyott mindannyiunkban.<\/p>\n<p>Nagymih\u00e1ly Zolt\u00e1n t\u00f6rt\u00e9n\u00e9sz \u2013 A magyar csoda t\u00f6rt\u00e9nete \u2013 Besz\u00e9lget\u00e9sek n\u00e9metorsz\u00e1gi 56-os magyarokkal c\u00edm\u0171 k\u00f6nyv\u00e9ben \u00edgy nyilatkozott dr. Trencs\u00e9ni J\u00e1nos: \u201eT\u00e9ten sz\u00fclettem, \u00e9desap\u00e1m iparos-p\u00e9kmester volt, emellett nagyb\u00e9rl\u0151, vit\u00e9z, az egyh\u00e1zk\u00f6zs\u00e9gi k\u00e9pvisel\u0151-test\u00fclet tagja, a h\u00e1bor\u00fa ut\u00e1n pedig a t\u00e9ti Kisgazdap\u00e1rt alap\u00edt\u00f3ja.\u201d<\/p>\n<p>\u00c9desapja m\u00faltja miatt a kommunista rendszerben nem vett\u00e9k fel az egyetemre, ez\u00e9rt a Gy\u0151ri Vagongy\u00e1rban helyezkedett el seg\u00e9dmunk\u00e1sk\u00e9nt 1955-ig.<\/p>\n<p>Fiatalon, az 1956-os forradalom lever\u00e9se ut\u00e1n k\u00e9nyszer\u00fclt elhagyni sz\u00fcl\u0151haz\u00e1j\u00e1t, Magyarorsz\u00e1got. A menek\u00fcl\u00e9s neh\u00e9zs\u00e9gei, az \u00faj \u00e9let fel\u00e9p\u00edt\u00e9s\u00e9nek kih\u00edv\u00e1sai azonban nem t\u00f6rt\u00e9k meg benne azt a m\u00e9ly hitet, kitart\u00e1st \u00e9s hazaszeretetet, amely eg\u00e9sz \u00e9let\u00e9n \u00e1t elk\u00eds\u00e9rte.<\/p>\n<p>A w\u00fcrzburgi egyetemen 1962-ben vegy\u00e9sz diplom\u00e1t szerzett, \u00e9s 1967-ben doktor\u00e1lt. A sindelfingeni IBM c\u00e9gn\u00e9l dolgozott huszonnyolc \u00e9vet.<\/p>\n<p>A stuttgarti magyar k\u00f6z\u00f6ss\u00e9g \u00e9let\u00e9be val\u00f3 bekapcsol\u00f3d\u00e1s\u00e1r\u00f3l \u00edgy nyilatkozott J\u00e1nos: \u201eMiut\u00e1n nyugd\u00edjba mentem, onnant\u00f3l kapcsol\u00f3dtam a csoporthoz szervezettebben, 1988-t\u00f3l. A 80-as \u00e9vekben m\u00e1r tartottam n\u00e9h\u00e1ny el\u0151ad\u00e1st a Werastra\u00df\u00e9n l\u00e9v\u0151 \u201egar\u00e1zsban\u201d \u2026valamint a v\u00e1ltoz\u00e1sok idej\u00e9n a magyar gazdas\u00e1g helyzet\u00e9r\u00f6l.\u201d<\/p>\n<p>Tudom\u00e1nyos \u00e9rdekl\u0151d\u00e9se \u00e9s k\u00f6z\u00f6ss\u00e9g\u00e9p\u00edt\u0151 ereje k\u00fcl\u00f6nleges aj\u00e1nd\u00e9k volt sz\u00e1munkra. Az Erasmus K\u00f6r \u00e9l\u00e9n nemcsak el\u0151ad\u00e1sokat tartott, \u00e9vente kir\u00e1ndul\u00e1sokat szervezett, hanem olyan szellemi otthont teremtett, ahol \u00e9rt\u00e9k volt a k\u00edv\u00e1ncsis\u00e1g, az egym\u00e1s ir\u00e1nti figyelem \u00e9s hitb\u0151l val\u00f3 gondolkod\u00e1s.<\/p>\n<p>Feles\u00e9ge Carin \u00e9s l\u00e1nya Alexandra, valamint a Szent Gell\u00e9rt Egyh\u00e1zk\u00f6zs\u00e9g h\u00edvei h\u00e1l\u00e1val olyan emberre eml\u00e9keznek, aki szel\u00edds\u00e9g\u00e9vel, humor\u00e1val \u00e9s elk\u00f6telezetts\u00e9g\u00e9vel gazdag\u00edtotta k\u00f6z\u00f6ss\u00e9g\u00fcnket. T\u00e1voz\u00e1sa f\u00e1jdalmas, de \u00e9let\u00e9nek p\u00e9ld\u00e1ja b\u00e1tor\u00edtson benn\u00fcnket arra, hogy tov\u00e1bb vigy\u00fck mindazt, ami sz\u00e1m\u00e1ra fontos volt: a hitet, a tud\u00e1s szeretet\u00e9t, a k\u00f6z\u00f6ss\u00e9g\u00e9rt v\u00e9gzett szolg\u00e1latot.<\/p>\n<p>Isten adjon neki \u00f6r\u00f6k b\u00e9kess\u00e9get \u00e9s vigasztal\u00e1st mindazoknak, akik gy\u00e1szolj\u00e1k.<\/p>\n<p>\u201eAz igazak eml\u00e9k\u00e9t \u00e1ldva emlegetik, &#8230; (P\u00e9ld 10,7)\u201d<\/p>\n<p><em>D\u00e1vid Melinda<\/em><\/p>\n","protected":false},"excerpt":{"rendered":"<p>K\u00f6sz\u00f6net D\u00e1vid Melind\u00e1nak \u00edr\u00e1s\u00e1\u00e9rt. Megeml\u00e9kez\u00e9s Szomor\u00faan, de Isten akarat\u00e1ban megnyugodva eml\u00e9kez\u00fcnk meg egyh\u00e1zk\u00f6zs\u00e9g\u00fcnk szeretett \u00e9s tisztelt tagj\u00e1r\u00f3l, dr. Trencs\u00e9ni J\u00e1nosr\u00f3l, aki hossz\u00fa \u00e9veken \u00e1t k\u00f6z\u00f6ss\u00e9g\u00fcnk tudom\u00e1nyos k\u00f6r\u00e9nek, a Stuttgarti Erasmus Akad\u00e9mi\u00e1nak 2009-ben aleln\u00f6kek\u00e9nt, majd 2010 \u2013 2014 k\u00f6z\u00f6tt eln\u00f6kek\u00e9nt szolg\u00e1lt. Odaad\u00f3 munk\u00e1ja, b\u00f6lcsess\u00e9ge \u00e9s p\u00e9ldamutat\u00f3 szer\u00e9nys\u00e9ge maradand\u00f3 nyomot hagyott mindannyiunkban. Nagymih\u00e1ly Zolt\u00e1n t\u00f6rt\u00e9n\u00e9sz \u2013 A magyar csoda t\u00f6rt\u00e9nete \u2013 Besz\u00e9lget\u00e9sek n\u00e9metorsz\u00e1gi 56-os magyarokkal c\u00edm\u0171 k\u00f6nyv\u00e9ben \u00edgy nyilatkozott dr. Trencs\u00e9ni J\u00e1nos: \u201eT\u00e9ten sz\u00fclettem, \u00e9desap\u00e1m iparos-p\u00e9kmester volt, emellett nagyb\u00e9rl\u0151, vit\u00e9z, az egyh\u00e1zk\u00f6zs\u00e9gi k\u00e9pvisel\u0151-test\u00fclet tagja, a h\u00e1bor\u00fa ut\u00e1n pedig a t\u00e9ti Kisgazdap\u00e1rt alap\u00edt\u00f3ja.\u201d \u00c9desapja m\u00faltja miatt a kommunista rendszerben nem vett\u00e9k fel az egyetemre, ez\u00e9rt a Gy\u0151ri Vagongy\u00e1rban helyezkedett el seg\u00e9dmunk\u00e1sk\u00e9nt 1955-ig. Fiatalon, az 1956-os forradalom lever\u00e9se ut\u00e1n k\u00e9nyszer\u00fclt elhagyni sz\u00fcl\u0151haz\u00e1j\u00e1t, Magyarorsz\u00e1got. A menek\u00fcl\u00e9s neh\u00e9zs\u00e9gei, az \u00faj \u00e9let fel\u00e9p\u00edt\u00e9s\u00e9nek kih\u00edv\u00e1sai azonban nem t\u00f6rt\u00e9k meg benne azt a m\u00e9ly hitet, kitart\u00e1st \u00e9s hazaszeretetet, amely eg\u00e9sz \u00e9let\u00e9n \u00e1t elk\u00eds\u00e9rte. A w\u00fcrzburgi egyetemen 1962-ben vegy\u00e9sz diplom\u00e1t szerzett, \u00e9s 1967-ben doktor\u00e1lt. A sindelfingeni IBM c\u00e9gn\u00e9l dolgozott huszonnyolc \u00e9vet. A stuttgarti magyar k\u00f6z\u00f6ss\u00e9g \u00e9let\u00e9be val\u00f3 bekapcsol\u00f3d\u00e1s\u00e1r\u00f3l \u00edgy nyilatkozott J\u00e1nos: \u201eMiut\u00e1n nyugd\u00edjba mentem, onnant\u00f3l kapcsol\u00f3dtam a csoporthoz szervezettebben, 1988-t\u00f3l. A 80-as \u00e9vekben m\u00e1r tartottam n\u00e9h\u00e1ny el\u0151ad\u00e1st a Werastra\u00df\u00e9n l\u00e9v\u0151 \u201egar\u00e1zsban\u201d \u2026valamint a v\u00e1ltoz\u00e1sok idej\u00e9n a magyar gazdas\u00e1g helyzet\u00e9r\u00f6l.\u201d Tudom\u00e1nyos \u00e9rdekl\u0151d\u00e9se \u00e9s k\u00f6z\u00f6ss\u00e9g\u00e9p\u00edt\u0151 ereje k\u00fcl\u00f6nleges aj\u00e1nd\u00e9k volt sz\u00e1munkra. Az Erasmus K\u00f6r \u00e9l\u00e9n nemcsak el\u0151ad\u00e1sokat tartott, \u00e9vente kir\u00e1ndul\u00e1sokat szervezett, hanem olyan szellemi otthont teremtett, ahol \u00e9rt\u00e9k volt a k\u00edv\u00e1ncsis\u00e1g, az egym\u00e1s ir\u00e1nti figyelem \u00e9s hitb\u0151l val\u00f3 gondolkod\u00e1s. Feles\u00e9ge Carin \u00e9s l\u00e1nya Alexandra, valamint a Szent Gell\u00e9rt Egyh\u00e1zk\u00f6zs\u00e9g h\u00edvei h\u00e1l\u00e1val olyan emberre eml\u00e9keznek, aki szel\u00edds\u00e9g\u00e9vel, humor\u00e1val \u00e9s elk\u00f6telezetts\u00e9g\u00e9vel gazdag\u00edtotta k\u00f6z\u00f6ss\u00e9g\u00fcnket. T\u00e1voz\u00e1sa f\u00e1jdalmas, de \u00e9let\u00e9nek p\u00e9ld\u00e1ja b\u00e1tor\u00edtson benn\u00fcnket arra, hogy tov\u00e1bb vigy\u00fck mindazt, ami sz\u00e1m\u00e1ra fontos volt: a hitet, a tud\u00e1s szeretet\u00e9t, a k\u00f6z\u00f6ss\u00e9g\u00e9rt v\u00e9gzett szolg\u00e1latot. Isten adjon neki \u00f6r\u00f6k b\u00e9kess\u00e9get \u00e9s vigasztal\u00e1st mindazoknak, akik gy\u00e1szolj\u00e1k. \u201eAz igazak eml\u00e9k\u00e9t \u00e1ldva emlegetik, &#8230; (P\u00e9ld&#8230; <\/p>\n<p><a class=\"readmore\" href=\"https:\/\/stuttgarti-katolikusok.de\/index.php\/in-memoriam-trencseni-janos\/\">R\u00e9szletek<\/a><\/p>\n","protected":false},"author":3,"featured_media":32087,"comment_status":"closed","ping_status":"closed","sticky":false,"template":"","format":"standard","meta":{"footnotes":""},"categories":[1],"tags":[],"class_list":["post-32086","post","type-post","status-publish","format-standard","has-post-thumbnail","hentry","category-valogatott"],"yoast_head":"<!-- This site is optimized with the Yoast SEO plugin v27.3 - https:\/\/yoast.com\/product\/yoast-seo-wordpress\/ -->\n<title>In memoriam Trencs\u00e9ni J\u00e1nos - Stuttgarti Katolikusok<\/title>\n<meta name=\"robots\" content=\"index, follow, max-snippet:-1, max-image-preview:large, max-video-preview:-1\" \/>\n<link rel=\"canonical\" href=\"https:\/\/stuttgarti-katolikusok.de\/index.php\/in-memoriam-trencseni-janos\/\" \/>\n<meta property=\"og:locale\" content=\"hu_HU\" \/>\n<meta property=\"og:type\" content=\"article\" \/>\n<meta property=\"og:title\" content=\"In memoriam Trencs\u00e9ni J\u00e1nos - Stuttgarti Katolikusok\" \/>\n<meta property=\"og:description\" content=\"K\u00f6sz\u00f6net D\u00e1vid Melind\u00e1nak \u00edr\u00e1s\u00e1\u00e9rt. Megeml\u00e9kez\u00e9s Szomor\u00faan, de Isten akarat\u00e1ban megnyugodva eml\u00e9kez\u00fcnk meg egyh\u00e1zk\u00f6zs\u00e9g\u00fcnk szeretett \u00e9s tisztelt tagj\u00e1r\u00f3l, dr. Trencs\u00e9ni J\u00e1nosr\u00f3l, aki hossz\u00fa \u00e9veken \u00e1t k\u00f6z\u00f6ss\u00e9g\u00fcnk tudom\u00e1nyos k\u00f6r\u00e9nek, a Stuttgarti Erasmus Akad\u00e9mi\u00e1nak 2009-ben aleln\u00f6kek\u00e9nt, majd 2010 \u2013 2014 k\u00f6z\u00f6tt eln\u00f6kek\u00e9nt szolg\u00e1lt. Odaad\u00f3 munk\u00e1ja, b\u00f6lcsess\u00e9ge \u00e9s p\u00e9ldamutat\u00f3 szer\u00e9nys\u00e9ge maradand\u00f3 nyomot hagyott mindannyiunkban. Nagymih\u00e1ly Zolt\u00e1n t\u00f6rt\u00e9n\u00e9sz \u2013 A magyar csoda t\u00f6rt\u00e9nete \u2013 Besz\u00e9lget\u00e9sek n\u00e9metorsz\u00e1gi 56-os magyarokkal c\u00edm\u0171 k\u00f6nyv\u00e9ben \u00edgy nyilatkozott dr. Trencs\u00e9ni J\u00e1nos: \u201eT\u00e9ten sz\u00fclettem, \u00e9desap\u00e1m iparos-p\u00e9kmester volt, emellett nagyb\u00e9rl\u0151, vit\u00e9z, az egyh\u00e1zk\u00f6zs\u00e9gi k\u00e9pvisel\u0151-test\u00fclet tagja, a h\u00e1bor\u00fa ut\u00e1n pedig a t\u00e9ti Kisgazdap\u00e1rt alap\u00edt\u00f3ja.\u201d \u00c9desapja m\u00faltja miatt a kommunista rendszerben nem vett\u00e9k fel az egyetemre, ez\u00e9rt a Gy\u0151ri Vagongy\u00e1rban helyezkedett el seg\u00e9dmunk\u00e1sk\u00e9nt 1955-ig. Fiatalon, az 1956-os forradalom lever\u00e9se ut\u00e1n k\u00e9nyszer\u00fclt elhagyni sz\u00fcl\u0151haz\u00e1j\u00e1t, Magyarorsz\u00e1got. A menek\u00fcl\u00e9s neh\u00e9zs\u00e9gei, az \u00faj \u00e9let fel\u00e9p\u00edt\u00e9s\u00e9nek kih\u00edv\u00e1sai azonban nem t\u00f6rt\u00e9k meg benne azt a m\u00e9ly hitet, kitart\u00e1st \u00e9s hazaszeretetet, amely eg\u00e9sz \u00e9let\u00e9n \u00e1t elk\u00eds\u00e9rte. A w\u00fcrzburgi egyetemen 1962-ben vegy\u00e9sz diplom\u00e1t szerzett, \u00e9s 1967-ben doktor\u00e1lt. A sindelfingeni IBM c\u00e9gn\u00e9l dolgozott huszonnyolc \u00e9vet. A stuttgarti magyar k\u00f6z\u00f6ss\u00e9g \u00e9let\u00e9be val\u00f3 bekapcsol\u00f3d\u00e1s\u00e1r\u00f3l \u00edgy nyilatkozott J\u00e1nos: \u201eMiut\u00e1n nyugd\u00edjba mentem, onnant\u00f3l kapcsol\u00f3dtam a csoporthoz szervezettebben, 1988-t\u00f3l. A 80-as \u00e9vekben m\u00e1r tartottam n\u00e9h\u00e1ny el\u0151ad\u00e1st a Werastra\u00df\u00e9n l\u00e9v\u0151 \u201egar\u00e1zsban\u201d \u2026valamint a v\u00e1ltoz\u00e1sok idej\u00e9n a magyar gazdas\u00e1g helyzet\u00e9r\u00f6l.\u201d Tudom\u00e1nyos \u00e9rdekl\u0151d\u00e9se \u00e9s k\u00f6z\u00f6ss\u00e9g\u00e9p\u00edt\u0151 ereje k\u00fcl\u00f6nleges aj\u00e1nd\u00e9k volt sz\u00e1munkra. Az Erasmus K\u00f6r \u00e9l\u00e9n nemcsak el\u0151ad\u00e1sokat tartott, \u00e9vente kir\u00e1ndul\u00e1sokat szervezett, hanem olyan szellemi otthont teremtett, ahol \u00e9rt\u00e9k volt a k\u00edv\u00e1ncsis\u00e1g, az egym\u00e1s ir\u00e1nti figyelem \u00e9s hitb\u0151l val\u00f3 gondolkod\u00e1s. Feles\u00e9ge Carin \u00e9s l\u00e1nya Alexandra, valamint a Szent Gell\u00e9rt Egyh\u00e1zk\u00f6zs\u00e9g h\u00edvei h\u00e1l\u00e1val olyan emberre eml\u00e9keznek, aki szel\u00edds\u00e9g\u00e9vel, humor\u00e1val \u00e9s elk\u00f6telezetts\u00e9g\u00e9vel gazdag\u00edtotta k\u00f6z\u00f6ss\u00e9g\u00fcnket. T\u00e1voz\u00e1sa f\u00e1jdalmas, de \u00e9let\u00e9nek p\u00e9ld\u00e1ja b\u00e1tor\u00edtson benn\u00fcnket arra, hogy tov\u00e1bb vigy\u00fck mindazt, ami sz\u00e1m\u00e1ra fontos volt: a hitet, a tud\u00e1s szeretet\u00e9t, a k\u00f6z\u00f6ss\u00e9g\u00e9rt v\u00e9gzett szolg\u00e1latot. Isten adjon neki \u00f6r\u00f6k b\u00e9kess\u00e9get \u00e9s vigasztal\u00e1st mindazoknak, akik gy\u00e1szolj\u00e1k. \u201eAz igazak eml\u00e9k\u00e9t \u00e1ldva emlegetik, &#8230; (P\u00e9ld... R\u00e9szletek\" \/>\n<meta property=\"og:url\" content=\"https:\/\/stuttgarti-katolikusok.de\/index.php\/in-memoriam-trencseni-janos\/\" \/>\n<meta property=\"og:site_name\" content=\"Stuttgarti Katolikusok\" \/>\n<meta property=\"article:published_time\" content=\"2025-11-30T00:27:08+00:00\" \/>\n<meta property=\"article:modified_time\" content=\"2025-11-30T00:27:47+00:00\" \/>\n<meta property=\"og:image\" content=\"https:\/\/stuttgarti-katolikusok.de\/wp-content\/uploads\/2025\/11\/erak60-1531trjanos.jpg\" \/>\n\t<meta property=\"og:image:width\" content=\"309\" \/>\n\t<meta property=\"og:image:height\" content=\"336\" \/>\n\t<meta property=\"og:image:type\" content=\"image\/jpeg\" \/>\n<meta name=\"author\" content=\"Tibor atya\" \/>\n<meta name=\"twitter:card\" content=\"summary_large_image\" \/>\n<meta name=\"twitter:label1\" content=\"Szerz\u0151:\" \/>\n\t<meta name=\"twitter:data1\" content=\"Tibor atya\" \/>\n\t<meta name=\"twitter:label2\" content=\"Becs\u00fclt olvas\u00e1si id\u0151\" \/>\n\t<meta name=\"twitter:data2\" content=\"2 perc\" \/>\n<script type=\"application\/ld+json\" class=\"yoast-schema-graph\">{\"@context\":\"https:\\\/\\\/schema.org\",\"@graph\":[{\"@type\":\"Article\",\"@id\":\"https:\\\/\\\/stuttgarti-katolikusok.de\\\/index.php\\\/in-memoriam-trencseni-janos\\\/#article\",\"isPartOf\":{\"@id\":\"https:\\\/\\\/stuttgarti-katolikusok.de\\\/index.php\\\/in-memoriam-trencseni-janos\\\/\"},\"author\":{\"name\":\"Tibor atya\",\"@id\":\"https:\\\/\\\/stuttgarti-katolikusok.de\\\/#\\\/schema\\\/person\\\/75908d6f8fdc03a57889d27209df7795\"},\"headline\":\"In memoriam Trencs\u00e9ni J\u00e1nos\",\"datePublished\":\"2025-11-30T00:27:08+00:00\",\"dateModified\":\"2025-11-30T00:27:47+00:00\",\"mainEntityOfPage\":{\"@id\":\"https:\\\/\\\/stuttgarti-katolikusok.de\\\/index.php\\\/in-memoriam-trencseni-janos\\\/\"},\"wordCount\":528,\"image\":{\"@id\":\"https:\\\/\\\/stuttgarti-katolikusok.de\\\/index.php\\\/in-memoriam-trencseni-janos\\\/#primaryimage\"},\"thumbnailUrl\":\"https:\\\/\\\/stuttgarti-katolikusok.de\\\/wp-content\\\/uploads\\\/2025\\\/11\\\/erak60-1531trjanos.jpg\",\"articleSection\":[\"V\u00e1logatott \u00edr\u00e1sok\"],\"inLanguage\":\"hu\"},{\"@type\":\"WebPage\",\"@id\":\"https:\\\/\\\/stuttgarti-katolikusok.de\\\/index.php\\\/in-memoriam-trencseni-janos\\\/\",\"url\":\"https:\\\/\\\/stuttgarti-katolikusok.de\\\/index.php\\\/in-memoriam-trencseni-janos\\\/\",\"name\":\"In memoriam Trencs\u00e9ni J\u00e1nos - Stuttgarti Katolikusok\",\"isPartOf\":{\"@id\":\"https:\\\/\\\/stuttgarti-katolikusok.de\\\/#website\"},\"primaryImageOfPage\":{\"@id\":\"https:\\\/\\\/stuttgarti-katolikusok.de\\\/index.php\\\/in-memoriam-trencseni-janos\\\/#primaryimage\"},\"image\":{\"@id\":\"https:\\\/\\\/stuttgarti-katolikusok.de\\\/index.php\\\/in-memoriam-trencseni-janos\\\/#primaryimage\"},\"thumbnailUrl\":\"https:\\\/\\\/stuttgarti-katolikusok.de\\\/wp-content\\\/uploads\\\/2025\\\/11\\\/erak60-1531trjanos.jpg\",\"datePublished\":\"2025-11-30T00:27:08+00:00\",\"dateModified\":\"2025-11-30T00:27:47+00:00\",\"author\":{\"@id\":\"https:\\\/\\\/stuttgarti-katolikusok.de\\\/#\\\/schema\\\/person\\\/75908d6f8fdc03a57889d27209df7795\"},\"breadcrumb\":{\"@id\":\"https:\\\/\\\/stuttgarti-katolikusok.de\\\/index.php\\\/in-memoriam-trencseni-janos\\\/#breadcrumb\"},\"inLanguage\":\"hu\",\"potentialAction\":[{\"@type\":\"ReadAction\",\"target\":[\"https:\\\/\\\/stuttgarti-katolikusok.de\\\/index.php\\\/in-memoriam-trencseni-janos\\\/\"]}]},{\"@type\":\"ImageObject\",\"inLanguage\":\"hu\",\"@id\":\"https:\\\/\\\/stuttgarti-katolikusok.de\\\/index.php\\\/in-memoriam-trencseni-janos\\\/#primaryimage\",\"url\":\"https:\\\/\\\/stuttgarti-katolikusok.de\\\/wp-content\\\/uploads\\\/2025\\\/11\\\/erak60-1531trjanos.jpg\",\"contentUrl\":\"https:\\\/\\\/stuttgarti-katolikusok.de\\\/wp-content\\\/uploads\\\/2025\\\/11\\\/erak60-1531trjanos.jpg\",\"width\":309,\"height\":336},{\"@type\":\"BreadcrumbList\",\"@id\":\"https:\\\/\\\/stuttgarti-katolikusok.de\\\/index.php\\\/in-memoriam-trencseni-janos\\\/#breadcrumb\",\"itemListElement\":[{\"@type\":\"ListItem\",\"position\":1,\"name\":\"Kezd\u0151lap\",\"item\":\"https:\\\/\\\/stuttgarti-katolikusok.de\\\/\"},{\"@type\":\"ListItem\",\"position\":2,\"name\":\"In memoriam Trencs\u00e9ni J\u00e1nos\"}]},{\"@type\":\"WebSite\",\"@id\":\"https:\\\/\\\/stuttgarti-katolikusok.de\\\/#website\",\"url\":\"https:\\\/\\\/stuttgarti-katolikusok.de\\\/\",\"name\":\"Stuttgarti Katolikusok\",\"description\":\"\",\"potentialAction\":[{\"@type\":\"SearchAction\",\"target\":{\"@type\":\"EntryPoint\",\"urlTemplate\":\"https:\\\/\\\/stuttgarti-katolikusok.de\\\/?s={search_term_string}\"},\"query-input\":{\"@type\":\"PropertyValueSpecification\",\"valueRequired\":true,\"valueName\":\"search_term_string\"}}],\"inLanguage\":\"hu\"},{\"@type\":\"Person\",\"@id\":\"https:\\\/\\\/stuttgarti-katolikusok.de\\\/#\\\/schema\\\/person\\\/75908d6f8fdc03a57889d27209df7795\",\"name\":\"Tibor atya\",\"image\":{\"@type\":\"ImageObject\",\"inLanguage\":\"hu\",\"@id\":\"https:\\\/\\\/secure.gravatar.com\\\/avatar\\\/61d268e57d1f4525b111222e29d2d5a7f8c420fdbf231ba5566a8ceac74fa960?s=96&d=mm&r=g\",\"url\":\"https:\\\/\\\/secure.gravatar.com\\\/avatar\\\/61d268e57d1f4525b111222e29d2d5a7f8c420fdbf231ba5566a8ceac74fa960?s=96&d=mm&r=g\",\"contentUrl\":\"https:\\\/\\\/secure.gravatar.com\\\/avatar\\\/61d268e57d1f4525b111222e29d2d5a7f8c420fdbf231ba5566a8ceac74fa960?s=96&d=mm&r=g\",\"caption\":\"Tibor atya\"},\"url\":\"https:\\\/\\\/stuttgarti-katolikusok.de\\\/index.php\\\/author\\\/tibor-atya\\\/\"}]}<\/script>\n<!-- \/ Yoast SEO plugin. -->","yoast_head_json":{"title":"In memoriam Trencs\u00e9ni J\u00e1nos - Stuttgarti Katolikusok","robots":{"index":"index","follow":"follow","max-snippet":"max-snippet:-1","max-image-preview":"max-image-preview:large","max-video-preview":"max-video-preview:-1"},"canonical":"https:\/\/stuttgarti-katolikusok.de\/index.php\/in-memoriam-trencseni-janos\/","og_locale":"hu_HU","og_type":"article","og_title":"In memoriam Trencs\u00e9ni J\u00e1nos - Stuttgarti Katolikusok","og_description":"K\u00f6sz\u00f6net D\u00e1vid Melind\u00e1nak \u00edr\u00e1s\u00e1\u00e9rt. Megeml\u00e9kez\u00e9s Szomor\u00faan, de Isten akarat\u00e1ban megnyugodva eml\u00e9kez\u00fcnk meg egyh\u00e1zk\u00f6zs\u00e9g\u00fcnk szeretett \u00e9s tisztelt tagj\u00e1r\u00f3l, dr. Trencs\u00e9ni J\u00e1nosr\u00f3l, aki hossz\u00fa \u00e9veken \u00e1t k\u00f6z\u00f6ss\u00e9g\u00fcnk tudom\u00e1nyos k\u00f6r\u00e9nek, a Stuttgarti Erasmus Akad\u00e9mi\u00e1nak 2009-ben aleln\u00f6kek\u00e9nt, majd 2010 \u2013 2014 k\u00f6z\u00f6tt eln\u00f6kek\u00e9nt szolg\u00e1lt. Odaad\u00f3 munk\u00e1ja, b\u00f6lcsess\u00e9ge \u00e9s p\u00e9ldamutat\u00f3 szer\u00e9nys\u00e9ge maradand\u00f3 nyomot hagyott mindannyiunkban. Nagymih\u00e1ly Zolt\u00e1n t\u00f6rt\u00e9n\u00e9sz \u2013 A magyar csoda t\u00f6rt\u00e9nete \u2013 Besz\u00e9lget\u00e9sek n\u00e9metorsz\u00e1gi 56-os magyarokkal c\u00edm\u0171 k\u00f6nyv\u00e9ben \u00edgy nyilatkozott dr. Trencs\u00e9ni J\u00e1nos: \u201eT\u00e9ten sz\u00fclettem, \u00e9desap\u00e1m iparos-p\u00e9kmester volt, emellett nagyb\u00e9rl\u0151, vit\u00e9z, az egyh\u00e1zk\u00f6zs\u00e9gi k\u00e9pvisel\u0151-test\u00fclet tagja, a h\u00e1bor\u00fa ut\u00e1n pedig a t\u00e9ti Kisgazdap\u00e1rt alap\u00edt\u00f3ja.\u201d \u00c9desapja m\u00faltja miatt a kommunista rendszerben nem vett\u00e9k fel az egyetemre, ez\u00e9rt a Gy\u0151ri Vagongy\u00e1rban helyezkedett el seg\u00e9dmunk\u00e1sk\u00e9nt 1955-ig. Fiatalon, az 1956-os forradalom lever\u00e9se ut\u00e1n k\u00e9nyszer\u00fclt elhagyni sz\u00fcl\u0151haz\u00e1j\u00e1t, Magyarorsz\u00e1got. A menek\u00fcl\u00e9s neh\u00e9zs\u00e9gei, az \u00faj \u00e9let fel\u00e9p\u00edt\u00e9s\u00e9nek kih\u00edv\u00e1sai azonban nem t\u00f6rt\u00e9k meg benne azt a m\u00e9ly hitet, kitart\u00e1st \u00e9s hazaszeretetet, amely eg\u00e9sz \u00e9let\u00e9n \u00e1t elk\u00eds\u00e9rte. A w\u00fcrzburgi egyetemen 1962-ben vegy\u00e9sz diplom\u00e1t szerzett, \u00e9s 1967-ben doktor\u00e1lt. A sindelfingeni IBM c\u00e9gn\u00e9l dolgozott huszonnyolc \u00e9vet. A stuttgarti magyar k\u00f6z\u00f6ss\u00e9g \u00e9let\u00e9be val\u00f3 bekapcsol\u00f3d\u00e1s\u00e1r\u00f3l \u00edgy nyilatkozott J\u00e1nos: \u201eMiut\u00e1n nyugd\u00edjba mentem, onnant\u00f3l kapcsol\u00f3dtam a csoporthoz szervezettebben, 1988-t\u00f3l. A 80-as \u00e9vekben m\u00e1r tartottam n\u00e9h\u00e1ny el\u0151ad\u00e1st a Werastra\u00df\u00e9n l\u00e9v\u0151 \u201egar\u00e1zsban\u201d \u2026valamint a v\u00e1ltoz\u00e1sok idej\u00e9n a magyar gazdas\u00e1g helyzet\u00e9r\u00f6l.\u201d Tudom\u00e1nyos \u00e9rdekl\u0151d\u00e9se \u00e9s k\u00f6z\u00f6ss\u00e9g\u00e9p\u00edt\u0151 ereje k\u00fcl\u00f6nleges aj\u00e1nd\u00e9k volt sz\u00e1munkra. Az Erasmus K\u00f6r \u00e9l\u00e9n nemcsak el\u0151ad\u00e1sokat tartott, \u00e9vente kir\u00e1ndul\u00e1sokat szervezett, hanem olyan szellemi otthont teremtett, ahol \u00e9rt\u00e9k volt a k\u00edv\u00e1ncsis\u00e1g, az egym\u00e1s ir\u00e1nti figyelem \u00e9s hitb\u0151l val\u00f3 gondolkod\u00e1s. Feles\u00e9ge Carin \u00e9s l\u00e1nya Alexandra, valamint a Szent Gell\u00e9rt Egyh\u00e1zk\u00f6zs\u00e9g h\u00edvei h\u00e1l\u00e1val olyan emberre eml\u00e9keznek, aki szel\u00edds\u00e9g\u00e9vel, humor\u00e1val \u00e9s elk\u00f6telezetts\u00e9g\u00e9vel gazdag\u00edtotta k\u00f6z\u00f6ss\u00e9g\u00fcnket. T\u00e1voz\u00e1sa f\u00e1jdalmas, de \u00e9let\u00e9nek p\u00e9ld\u00e1ja b\u00e1tor\u00edtson benn\u00fcnket arra, hogy tov\u00e1bb vigy\u00fck mindazt, ami sz\u00e1m\u00e1ra fontos volt: a hitet, a tud\u00e1s szeretet\u00e9t, a k\u00f6z\u00f6ss\u00e9g\u00e9rt v\u00e9gzett szolg\u00e1latot. Isten adjon neki \u00f6r\u00f6k b\u00e9kess\u00e9get \u00e9s vigasztal\u00e1st mindazoknak, akik gy\u00e1szolj\u00e1k. \u201eAz igazak eml\u00e9k\u00e9t \u00e1ldva emlegetik, &#8230; (P\u00e9ld... R\u00e9szletek","og_url":"https:\/\/stuttgarti-katolikusok.de\/index.php\/in-memoriam-trencseni-janos\/","og_site_name":"Stuttgarti Katolikusok","article_published_time":"2025-11-30T00:27:08+00:00","article_modified_time":"2025-11-30T00:27:47+00:00","og_image":[{"width":309,"height":336,"url":"https:\/\/stuttgarti-katolikusok.de\/wp-content\/uploads\/2025\/11\/erak60-1531trjanos.jpg","type":"image\/jpeg"}],"author":"Tibor atya","twitter_card":"summary_large_image","twitter_misc":{"Szerz\u0151:":"Tibor atya","Becs\u00fclt olvas\u00e1si id\u0151":"2 perc"},"schema":{"@context":"https:\/\/schema.org","@graph":[{"@type":"Article","@id":"https:\/\/stuttgarti-katolikusok.de\/index.php\/in-memoriam-trencseni-janos\/#article","isPartOf":{"@id":"https:\/\/stuttgarti-katolikusok.de\/index.php\/in-memoriam-trencseni-janos\/"},"author":{"name":"Tibor atya","@id":"https:\/\/stuttgarti-katolikusok.de\/#\/schema\/person\/75908d6f8fdc03a57889d27209df7795"},"headline":"In memoriam Trencs\u00e9ni J\u00e1nos","datePublished":"2025-11-30T00:27:08+00:00","dateModified":"2025-11-30T00:27:47+00:00","mainEntityOfPage":{"@id":"https:\/\/stuttgarti-katolikusok.de\/index.php\/in-memoriam-trencseni-janos\/"},"wordCount":528,"image":{"@id":"https:\/\/stuttgarti-katolikusok.de\/index.php\/in-memoriam-trencseni-janos\/#primaryimage"},"thumbnailUrl":"https:\/\/stuttgarti-katolikusok.de\/wp-content\/uploads\/2025\/11\/erak60-1531trjanos.jpg","articleSection":["V\u00e1logatott \u00edr\u00e1sok"],"inLanguage":"hu"},{"@type":"WebPage","@id":"https:\/\/stuttgarti-katolikusok.de\/index.php\/in-memoriam-trencseni-janos\/","url":"https:\/\/stuttgarti-katolikusok.de\/index.php\/in-memoriam-trencseni-janos\/","name":"In memoriam Trencs\u00e9ni J\u00e1nos - Stuttgarti Katolikusok","isPartOf":{"@id":"https:\/\/stuttgarti-katolikusok.de\/#website"},"primaryImageOfPage":{"@id":"https:\/\/stuttgarti-katolikusok.de\/index.php\/in-memoriam-trencseni-janos\/#primaryimage"},"image":{"@id":"https:\/\/stuttgarti-katolikusok.de\/index.php\/in-memoriam-trencseni-janos\/#primaryimage"},"thumbnailUrl":"https:\/\/stuttgarti-katolikusok.de\/wp-content\/uploads\/2025\/11\/erak60-1531trjanos.jpg","datePublished":"2025-11-30T00:27:08+00:00","dateModified":"2025-11-30T00:27:47+00:00","author":{"@id":"https:\/\/stuttgarti-katolikusok.de\/#\/schema\/person\/75908d6f8fdc03a57889d27209df7795"},"breadcrumb":{"@id":"https:\/\/stuttgarti-katolikusok.de\/index.php\/in-memoriam-trencseni-janos\/#breadcrumb"},"inLanguage":"hu","potentialAction":[{"@type":"ReadAction","target":["https:\/\/stuttgarti-katolikusok.de\/index.php\/in-memoriam-trencseni-janos\/"]}]},{"@type":"ImageObject","inLanguage":"hu","@id":"https:\/\/stuttgarti-katolikusok.de\/index.php\/in-memoriam-trencseni-janos\/#primaryimage","url":"https:\/\/stuttgarti-katolikusok.de\/wp-content\/uploads\/2025\/11\/erak60-1531trjanos.jpg","contentUrl":"https:\/\/stuttgarti-katolikusok.de\/wp-content\/uploads\/2025\/11\/erak60-1531trjanos.jpg","width":309,"height":336},{"@type":"BreadcrumbList","@id":"https:\/\/stuttgarti-katolikusok.de\/index.php\/in-memoriam-trencseni-janos\/#breadcrumb","itemListElement":[{"@type":"ListItem","position":1,"name":"Kezd\u0151lap","item":"https:\/\/stuttgarti-katolikusok.de\/"},{"@type":"ListItem","position":2,"name":"In memoriam Trencs\u00e9ni J\u00e1nos"}]},{"@type":"WebSite","@id":"https:\/\/stuttgarti-katolikusok.de\/#website","url":"https:\/\/stuttgarti-katolikusok.de\/","name":"Stuttgarti Katolikusok","description":"","potentialAction":[{"@type":"SearchAction","target":{"@type":"EntryPoint","urlTemplate":"https:\/\/stuttgarti-katolikusok.de\/?s={search_term_string}"},"query-input":{"@type":"PropertyValueSpecification","valueRequired":true,"valueName":"search_term_string"}}],"inLanguage":"hu"},{"@type":"Person","@id":"https:\/\/stuttgarti-katolikusok.de\/#\/schema\/person\/75908d6f8fdc03a57889d27209df7795","name":"Tibor atya","image":{"@type":"ImageObject","inLanguage":"hu","@id":"https:\/\/secure.gravatar.com\/avatar\/61d268e57d1f4525b111222e29d2d5a7f8c420fdbf231ba5566a8ceac74fa960?s=96&d=mm&r=g","url":"https:\/\/secure.gravatar.com\/avatar\/61d268e57d1f4525b111222e29d2d5a7f8c420fdbf231ba5566a8ceac74fa960?s=96&d=mm&r=g","contentUrl":"https:\/\/secure.gravatar.com\/avatar\/61d268e57d1f4525b111222e29d2d5a7f8c420fdbf231ba5566a8ceac74fa960?s=96&d=mm&r=g","caption":"Tibor atya"},"url":"https:\/\/stuttgarti-katolikusok.de\/index.php\/author\/tibor-atya\/"}]}},"_links":{"self":[{"href":"https:\/\/stuttgarti-katolikusok.de\/index.php\/wp-json\/wp\/v2\/posts\/32086","targetHints":{"allow":["GET"]}}],"collection":[{"href":"https:\/\/stuttgarti-katolikusok.de\/index.php\/wp-json\/wp\/v2\/posts"}],"about":[{"href":"https:\/\/stuttgarti-katolikusok.de\/index.php\/wp-json\/wp\/v2\/types\/post"}],"author":[{"embeddable":true,"href":"https:\/\/stuttgarti-katolikusok.de\/index.php\/wp-json\/wp\/v2\/users\/3"}],"replies":[{"embeddable":true,"href":"https:\/\/stuttgarti-katolikusok.de\/index.php\/wp-json\/wp\/v2\/comments?post=32086"}],"version-history":[{"count":2,"href":"https:\/\/stuttgarti-katolikusok.de\/index.php\/wp-json\/wp\/v2\/posts\/32086\/revisions"}],"predecessor-version":[{"id":32089,"href":"https:\/\/stuttgarti-katolikusok.de\/index.php\/wp-json\/wp\/v2\/posts\/32086\/revisions\/32089"}],"wp:featuredmedia":[{"embeddable":true,"href":"https:\/\/stuttgarti-katolikusok.de\/index.php\/wp-json\/wp\/v2\/media\/32087"}],"wp:attachment":[{"href":"https:\/\/stuttgarti-katolikusok.de\/index.php\/wp-json\/wp\/v2\/media?parent=32086"}],"wp:term":[{"taxonomy":"category","embeddable":true,"href":"https:\/\/stuttgarti-katolikusok.de\/index.php\/wp-json\/wp\/v2\/categories?post=32086"},{"taxonomy":"post_tag","embeddable":true,"href":"https:\/\/stuttgarti-katolikusok.de\/index.php\/wp-json\/wp\/v2\/tags?post=32086"}],"curies":[{"name":"wp","href":"https:\/\/api.w.org\/{rel}","templated":true}]}}