{"id":32081,"date":"2025-11-30T00:55:37","date_gmt":"2025-11-29T23:55:37","guid":{"rendered":"https:\/\/stuttgarti-katolikusok.de\/?p=32081"},"modified":"2025-11-30T00:55:37","modified_gmt":"2025-11-29T23:55:37","slug":"advent-1-vasarnapja-4","status":"publish","type":"post","link":"https:\/\/stuttgarti-katolikusok.de\/index.php\/advent-1-vasarnapja-4\/","title":{"rendered":"Advent 1. vas\u00e1rnapja"},"content":{"rendered":"<p><span style=\"color: #800080;\"><em>Adventban visszaeml\u00e9kez\u00fcnk arra az id\u0151re, amikor az emberis\u00e9g v\u00e1rta a meg\u00edg\u00e9rt Megv\u00e1lt\u00f3t. Egy\u00fattal az \u0151 sz\u00fclet\u00e9s\u00e9nek \u00fcnnep\u00e9re \u00e9s m\u00e1sodik elj\u00f6vetel\u00e9re is k\u00e9sz\u00fcl\u00fcnk. Az \u0151skereszt\u00e9nyek foh\u00e1sz\u00e1val im\u00e1dkozunk: &#8222;J\u00f6jj el, Uram J\u00e9zus!&#8221; (Jel 22,20) J\u00f6jj, \u00e9s kegyelmeddel seg\u00edts \u00e9s szentelj meg benn\u00fcnket.<\/em><\/span><\/p>\n<p><span style=\"color: #800080;\">Kezd\u0151\u00e9nek:<\/span><br \/>\nMisek\u00f6nyv 107. oldal<br \/>\nHozz\u00e1d emelem az \u00e9n lelkemet, Uram, \u00e9n Istenem, tebenned b\u00edzom, pirulnom ne kelljen! Ne ujjongjon ellens\u00e9g f\u00f6l\u00f6ttem, hiszen aki t\u00e9ged v\u00e1r, meg nem sz\u00e9gyen\u00fcl. (V\u00f6. Zsolt 24,1-3)<\/p>\n<p><span style=\"color: #800080;\">K\u00f6ny\u00f6rg\u00e9s:<\/span><br \/>\nMindenhat\u00f3, \u00f6r\u00f6k Isten, \u00f6nts h\u00edveid sz\u00edv\u00e9be szent elhat\u00e1roz\u00e1st, hogy j\u00f3tettekkel siess\u00fcnk a k\u00f6zelg\u0151 Krisztus el\u00e9, \u0151 pedig egykor jobbj\u00e1ra \u00e1ll\u00edtson minket orsz\u00e1g\u00e1ban, \u00e9s mindny\u00e1jan egy\u00fctt \u00f6rvendj\u00fcnk a boldog \u00f6r\u00f6kk\u00e9val\u00f3s\u00e1gban. A mi Urunk, J\u00e9zus Krisztus, a te Fiad \u00e1ltal, aki veled \u00e9l \u00e9s uralkodik a Szentl\u00e9lekkel egys\u00e9gben, Isten mind\u00f6r\u00f6kk\u00f6n \u00f6r\u00f6kk\u00e9.<\/p>\n<p align=\"justify\"><span style=\"color: #800080;\">OLVASM\u00c1NY Izaj\u00e1s pr\u00f3f\u00e9ta k\u00f6nyv\u00e9b\u0151l (Iz 2,1-5)<\/span><br \/>\n<em>Egybegy\u0171jti az \u00dar a nemzeteket Isten orsz\u00e1g\u00e1nak \u00f6r\u00f6k b\u00e9k\u00e9j\u00e9re.<\/em><br \/>\nIzaj\u00e1snak, \u00c1mosz fi\u00e1nak l\u00e1tom\u00e1sa J\u00fad\u00e1r\u00f3l \u00e9s Jeruzs\u00e1lemr\u0151l: Az utols\u00f3 id\u0151kben az \u00dar h\u00e1z\u00e1nak hegye szil\u00e1rdan \u00e1ll majd a hegyek tetej\u00e9n \u00e9s magasabb lesz a halmokn\u00e1l. Oda\u00f6z\u00f6nlenek mind a nemzetek, fel\u00e9 tart sz\u00e1mos n\u00e9p, \u00e9s \u00edgy sz\u00f3l:<br \/>\n\u201eRajta, menj\u00fcnk fel az \u00dar hegy\u00e9re, J\u00e1kob Isten\u00e9nek h\u00e1z\u00e1hoz, hogy tan\u00edtson meg \u00fatjaira, \u00e9s \u00edgy \u00f6sv\u00e9nyein j\u00e1rhassunk. Mert Sionr\u00f3l j\u00f6n a t\u00f6rv\u00e9ny \u00e9s Jeruzs\u00e1lemb\u0151l az \u00dar tan\u00edt\u00e1sa.\u201d<br \/>\n\u0150 tart majd \u00edt\u00e9letet a nemzetek k\u00f6z\u00f6tt, \u00e9s igazs\u00e1got szolg\u00e1ltat sz\u00e1mtalan n\u00e9pnek. \u0150k meg beolvasztj\u00e1k ekevasnak kardjukat \u00e9s sarl\u00f3knak l\u00e1ndzs\u00e1ikat. Nemzet nem emel kardot nemzet ellen, \u00e9s nem tanul t\u00f6bb\u00e9 hadvisel\u00e9st.<br \/>\nJ\u00e1kob h\u00e1za, gyertek, j\u00e1rjunk az \u00dar vil\u00e1goss\u00e1g\u00e1ban!<br \/>\nEz az Isten ig\u00e9je.<\/p>\n<p align=\"justify\"><span style=\"color: #800080;\">V\u00c1LASZOS ZSOLT\u00c1R (Zsolt 121,1-2.3-4a.(4b-5; 6-7).8-9)<\/span><br \/>\nV\u00e1lasz:\u00a0<strong>Isten h\u00e1z\u00e1ba indulunk, * \u00f6r\u00f6mt\u0151l dobban a sz\u00edv\u00fcnk.<\/strong>\u00a07b. t\u00f3nus.<br \/>\nEl\u0151\u00e9nekes: \u00d6rvendeztem, mikor azt mondt\u00e1k nekem, * az \u00dar h\u00e1z\u00e1ba megy\u00fcnk.<br \/>\n\u00cdme, itt \u00e1llunk m\u00e1r kapuid el\u0151tt, * \u00f3 Jeruzs\u00e1lem.<br \/>\nH\u00edvek: Isten h\u00e1z\u00e1ba indulunk, * \u00f6r\u00f6mt\u0151l dobban a sz\u00edv\u00fcnk.<br \/>\nE: Jeruzs\u00e1lem v\u00e1rosa j\u00f3l meg\u00e9p\u00fclt, * r\u00e9szei egym\u00e1shoz illenek.<br \/>\nOda j\u00e1rnak f\u00f6l a t\u00f6rzsek, * az \u00dar n\u00e9p\u00e9nek t\u00f6rzsei.<br \/>\nH: Isten h\u00e1z\u00e1ba indulunk, * \u00f6r\u00f6mt\u0151l dobban a sz\u00edv\u00fcnk.<br \/>\nE: Az \u00dar Izraelnek t\u00f6rv\u00e9nybe adta, * hogy ott nev\u00e9re \u00e1ld\u00e1st mondjanak.<br \/>\nMert ott \u00e1llnak az \u00edt\u00e9l\u0151sz\u00e9kek, * D\u00e1vid h\u00e1z\u00e1nak sz\u00e9kei.<br \/>\nH: Isten h\u00e1z\u00e1ba indulunk, * \u00f6r\u00f6mt\u0151l dobban a sz\u00edv\u00fcnk.<br \/>\nE: Jeruzs\u00e1lemre b\u00e9k\u00e9t esdjetek, * biztons\u00e1gban \u00e9ljen, aki szeret t\u00e9ged.<br \/>\nB\u00e9ke lakozz\u00e9k falaid k\u00f6z\u00f6tt, * \u00e9s nyugalom b\u00e1sty\u00e1id t\u00f6v\u00e9ben.<br \/>\nH: Isten h\u00e1z\u00e1ba indulunk, * \u00f6r\u00f6mt\u0151l dobban a sz\u00edv\u00fcnk.<br \/>\nE: Testv\u00e9reim \u00e9s bar\u00e1taim miatt \u00edgy k\u00f6ny\u00f6rg\u00f6k, * legyen b\u00e9kess\u00e9g teveled.<br \/>\nIsten\u00fcnk \u00e9s Urunk h\u00e1za miatt * k\u00edv\u00e1nok \u00e1ld\u00e1st n\u00e9ked.<br \/>\nH: Isten h\u00e1z\u00e1ba indulunk, * \u00f6r\u00f6mt\u0151l dobban a sz\u00edv\u00fcnk.<\/p>\n<p align=\"justify\"><span style=\"color: #800080;\">SZENTLECKE Szent P\u00e1l apostolnak a r\u00f3maiakhoz \u00edrt level\u00e9b\u0151l (R\u00f3m 13,11-14)<\/span><br \/>\n<em>\u00dcdv\u00f6ss\u00e9g\u00fcnk k\u00f6zel van.<\/em><br \/>\nTestv\u00e9reim!<br \/>\nIsmeritek az id\u0151t: Itt az \u00f3ra, hogy f\u00f6l\u00e9bredj\u00fcnk \u00e1lmunkb\u00f3l! \u00dcdv\u00f6ss\u00e9g\u00fcnk k\u00f6zelebb van, mint amikor hinni kezdt\u00fcnk! M\u00fal\u00f3ban az \u00e9jszaka, elk\u00f6zelgett a nappal. Vess\u00fck h\u00e1t le a s\u00f6t\u00e9ts\u00e9g tetteit, \u00e9s \u00f6lts\u00fck fel a vil\u00e1goss\u00e1g fegyvereit! \u00c9lj\u00fcnk becs\u00fcletesen, amint az a nappalhoz illik, ne lakm\u00e1rozva \u00e9s r\u00e9szegeskedve, ne kicsapong\u00e1sban \u00e9s \u00e9rz\u00e9kis\u00e9gben, ne civakodva \u00e9s visz\u00e1lykodva! \u00d6lts\u00e9tek ink\u00e1bb magatokra J\u00e9zus Krisztust s a testi fegyelmet, hogy ne a b\u0171n\u00f6s v\u00e1gyak szerint cselekedjetek.<br \/>\nEz az Isten ig\u00e9je.<\/p>\n<p align=\"justify\"><span style=\"color: #800080;\">ALLELUJA<\/span><br \/>\nUrunk, mutasd meg n\u00e9k\u00fcnk irgalmas sz\u00edvedet, * \u00e9s az \u00fcdv\u00f6ss\u00e9get add meg n\u00e9k\u00fcnk. Zsolt 84,8 \u2013 1 D<sup><small>2<\/small><\/sup>\u00a0t\u00f3nus.<\/p>\n<p align=\"justify\"><span style=\"color: #800080;\">\u2020 EVANG\u00c9LIUM Szent M\u00e1t\u00e9 k\u00f6nyv\u00e9b\u0151l (Mt 24,37-44)<\/span><br \/>\n<em>Virrasszatok, hogy k\u00e9szen \u00e1lljatok!<\/em><br \/>\nAbban az id\u0151ben J\u00e9zus \u00edgy sz\u00f3lt tan\u00edtv\u00e1nyaihoz:<br \/>\nAmikor az Emberfia elj\u00f6n, ugyanaz t\u00f6rt\u00e9nik, mint No\u00e9 napjaiban. A v\u00edz\u00f6z\u00f6n el\u0151tti napokban az emberek ettek, ittak, n\u0151s\u00fcltek \u00e9s f\u00e9rjhez mentek \u2013, eg\u00e9szen addig a napig, amikor No\u00e9 besz\u00e1llt a b\u00e1rk\u00e1ba. Semmit sem sejtettek mindaddig, m\u00edg be nem k\u00f6vetkezett a katasztr\u00f3fa, \u00e9s a v\u00edz el nem sodorta mindannyiukat. \u00cdgy lesz ez akkor is, amikor az Emberfia elj\u00f6n. Ha akkor ketten lesznek kint a mez\u0151n, az egyiket f\u00f6lveszik, a m\u00e1sikat otthagyj\u00e1k. Ha k\u00e9t asszony \u0151r\u00f6l a malm\u00e1val, az egyiket f\u00f6lveszik, a m\u00e1sikat otthagyj\u00e1k.<br \/>\nVirrasszatok teh\u00e1t, mert nem tudhatj\u00e1tok, mely napon j\u00f6n el a ti Uratok! Mert nyilv\u00e1nval\u00f3, hogy ha a h\u00e1z gazd\u00e1ja tudn\u00e1, hogy melyik \u00f3r\u00e1ban j\u00f6n a tolvaj, fenn virrasztana, \u00e9s nem hagyn\u00e1, hogy bet\u00f6rjenek a h\u00e1zba. Legyetek teh\u00e1t ti is k\u00e9szen, mert az Emberfia abban az \u00f3r\u00e1ban j\u00f6n el, amikor nem is gondolj\u00e1tok.<br \/>\nEzek az evang\u00e9lium ig\u00e9i.<\/p>\n<p><span style=\"color: #800080;\">EGYETEMES K\u00d6NY\u00d6RG\u00c9SEK<\/span><br \/>\nPap: Im\u00e1dkozzunk, testv\u00e9reim, Urunkhoz, J\u00e9zus Krisztushoz, aki elj\u00f6n majd hatalommal \u00e9s dics\u0151s\u00e9ggel \u00edt\u00e9lni \u00e9l\u0151ket \u00e9s holtakat.<br \/>\nLektor:<br \/>\n1. Add, Urunk, hogy mindig k\u00e9szen legy\u00fcnk elj\u00f6veteled napj\u00e1ra!<br \/>\nH\u00edvek: K\u00e9r\u00fcnk t\u00e9ged, hallgass meg minket!<br \/>\n2. Add, Urunk, hogy a vil\u00e1g n\u00e9pei b\u00e9kess\u00e9gben \u00e9ljenek, \u00e9s elj\u00f6jj\u00f6n k\u00f6z\u00e9nk a te orsz\u00e1god!<br \/>\nH\u00edvek: K\u00e9r\u00fcnk t\u00e9ged. . .<br \/>\n3. Seg\u00edts, Urunk, hogy elhagyjuk a s\u00f6t\u00e9ts\u00e9g cselekedeteit, \u00e9s a vil\u00e1goss\u00e1g fiai legy\u00fcnk!<br \/>\nH\u00edvek: K\u00e9r\u00fcnk t\u00e9ged. . .<br \/>\n4. T\u00f6ltsd el, Urunk, vigasztal\u00e1soddal a szenved\u0151ket \u00e9s az elhagyottakat!<br \/>\nH\u00edvek: K\u00e9r\u00fcnk t\u00e9ged . . .<br \/>\n5. Irgalmazz, Urunk, mindazoknak, akiket k\u00e9sz\u00fcletlen\u00fcl \u00e9rt sz\u00e1mad\u00e1sra h\u00edv\u00f3 szavad!<br \/>\nH\u00edvek: K\u00e9r\u00fcnk t\u00e9ged. . .<br \/>\nPap: Urunk, J\u00e9zus Krisztus! Dics\u0151s\u00e9ges elj\u00f6veteled \u00e1ltal teljess\u00e9 teszed megv\u00e1lt\u00e1sunkat. K\u00e9r\u00fcnk, r\u00e9szes\u00edts minket most kegyelmedben \u00e9s egykor \u00f6r\u00f6k dics\u0151s\u00e9gedben. Aki \u00e9lsz \u00e9s uralkodol mind\u00f6r\u00f6kk\u00f6n \u00f6r\u00f6kk\u00e9.<br \/>\nH\u00edvek: \u00c1men.<\/p>\n<p><span style=\"color: #800080;\">Felaj\u00e1nl\u00f3 k\u00f6ny\u00f6rg\u00e9s:<\/span><br \/>\nK\u00e9r\u00fcnk, Urunk, fogadd el az adom\u00e1nyokat, amelyeket t\u0151led kapott javainkb\u00f3l felaj\u00e1nlunk, \u00e9s add, hogy buzg\u00f3 l\u00e9lekkel bemutatott \u00e1ldozatunk nyerje el sz\u00e1munkra megv\u00e1lt\u00e1sod \u00f6r\u00f6k jutalm\u00e1t. Krisztus, a mi Urunk \u00e1ltal.<\/p>\n<p><span style=\"color: #800080;\">Pref\u00e1ci\u00f3:<\/span><br \/>\n<span style=\"color: #800080;\"><em>I. ADVENTI PREF\u00c1CI\u00d3<br \/>\n<\/em><\/span>Az \u00dar legyen veletek.<br \/>\nH.: \u00c9s a te lelkeddel.<br \/>\nEmelj\u00fck f\u00f6l sz\u00edv\u00fcnket.<br \/>\nH.: F\u00f6lemelt\u00fck az \u00darhoz.<br \/>\nAdjunk h\u00e1l\u00e1t Urunknak, Isten\u00fcnknek.<br \/>\nH.: M\u00e9lt\u00f3 \u00e9s igazs\u00e1gos.<br \/>\n(Mert) Val\u00f3ban m\u00e9lt\u00f3 \u00e9s igazs\u00e1gos, ill\u0151 \u00e9s \u00fcdv\u00f6s, hogy mindig \u00e9s minden\u00fctt h\u00e1l\u00e1t adjunk n\u00e9ked, mi Urunk, szents\u00e9ges Aty\u00e1nk, mindenhat\u00f3, \u00f6r\u00f6k Isten: \u2014 Krisztus, a mi Urunk \u00e1ltal.<br \/>\n\u0150 els\u0151 elj\u00f6vetelekor mag\u00e1t megal\u00e1zva testet \u00f6lt\u00f6tt, teljes\u00edtette a kezdett\u0151l fogva neki rendelt k\u00fcldet\u00e9st, \u00e9s megnyitotta sz\u00e1munkra az \u00f6r\u00f6k \u00fcdv\u00f6ss\u00e9g \u00fatj\u00e1t: hogy amikor dics\u0151s\u00e9ges f\u00e9nyben \u00fajra, elj\u00f6n, \u2014 l\u00e1that\u00f3 val\u00f3s\u00e1gban NYERj\u00fck el, amit most \u00edg\u00e9ret\u00e9ben b\u00edzva v\u00e1runk.<br \/>\n(\u00c9s) Ez\u00e9rt mi is, mik\u00e9nt az angyalok \u00e9s f\u0151angyalok, a tr\u00f3nod k\u00f6r\u00fcl \u00e1ll\u00f3 hatalmas \u00e9gi szellemek, \u00e9s minden seregek a mennyben, (a te) dics\u0151s\u00e9ged himnusz\u00e1t zengj\u00fck, \u2014 \u00e9s vel\u00fck EGy\u00fctt v\u00e9g n\u00e9lk\u00fcl mondjuk (\u00e9nekelj\u00fck):<\/p>\n<p><span style=\"color: #800080;\">\u00c1ldoz\u00e1si \u00e9nek:<\/span><br \/>\nAz \u00dar megadja kegyelm\u00e9t, \u00e9s f\u00f6ld\u00fcnk megtermi gy\u00fcm\u00f6lcs\u00e9t. (Zsolt 84,13)<\/p>\n<p><span style=\"color: #800080;\">\u00c1ldoz\u00e1s ut\u00e1ni k\u00f6ny\u00f6rg\u00e9s:<\/span><br \/>\nUrunk, Isten\u00fcnk, k\u00e9r\u00fcnk, szolg\u00e1ljanak javunkra az \u00fcnnepelt miszt\u00e9riumok, amelyekkel m\u00e1r mostani m\u00faland\u00f3 \u00e9let\u00fcnkben megtan\u00edtasz arra, hogy az \u00e9gieket szeress\u00fck, \u00e9s az \u00f6r\u00f6kk\u00e9val\u00f3khoz ragaszkodjunk. Krisztus, a mi Urunk \u00e1ltal.<\/p>\n","protected":false},"excerpt":{"rendered":"<p>Adventban visszaeml\u00e9kez\u00fcnk arra az id\u0151re, amikor az emberis\u00e9g v\u00e1rta a meg\u00edg\u00e9rt Megv\u00e1lt\u00f3t. Egy\u00fattal az \u0151 sz\u00fclet\u00e9s\u00e9nek \u00fcnnep\u00e9re \u00e9s m\u00e1sodik elj\u00f6vetel\u00e9re is k\u00e9sz\u00fcl\u00fcnk. Az \u0151skereszt\u00e9nyek foh\u00e1sz\u00e1val im\u00e1dkozunk: &#8222;J\u00f6jj el, Uram J\u00e9zus!&#8221; (Jel 22,20) J\u00f6jj, \u00e9s kegyelmeddel seg\u00edts \u00e9s szentelj meg benn\u00fcnket. Kezd\u0151\u00e9nek: Misek\u00f6nyv 107. oldal Hozz\u00e1d emelem az \u00e9n lelkemet, Uram, \u00e9n Istenem, tebenned b\u00edzom, pirulnom ne kelljen! Ne ujjongjon ellens\u00e9g f\u00f6l\u00f6ttem, hiszen aki t\u00e9ged v\u00e1r, meg nem sz\u00e9gyen\u00fcl. (V\u00f6. Zsolt 24,1-3) K\u00f6ny\u00f6rg\u00e9s: Mindenhat\u00f3, \u00f6r\u00f6k Isten, \u00f6nts h\u00edveid sz\u00edv\u00e9be szent elhat\u00e1roz\u00e1st, hogy j\u00f3tettekkel siess\u00fcnk a k\u00f6zelg\u0151 Krisztus el\u00e9, \u0151 pedig egykor jobbj\u00e1ra \u00e1ll\u00edtson minket orsz\u00e1g\u00e1ban, \u00e9s mindny\u00e1jan egy\u00fctt \u00f6rvendj\u00fcnk a boldog \u00f6r\u00f6kk\u00e9val\u00f3s\u00e1gban. A mi Urunk, J\u00e9zus Krisztus, a te Fiad \u00e1ltal, aki veled \u00e9l \u00e9s uralkodik a Szentl\u00e9lekkel egys\u00e9gben, Isten mind\u00f6r\u00f6kk\u00f6n \u00f6r\u00f6kk\u00e9. OLVASM\u00c1NY Izaj\u00e1s pr\u00f3f\u00e9ta k\u00f6nyv\u00e9b\u0151l (Iz 2,1-5) Egybegy\u0171jti az \u00dar a nemzeteket Isten orsz\u00e1g\u00e1nak \u00f6r\u00f6k b\u00e9k\u00e9j\u00e9re. Izaj\u00e1snak, \u00c1mosz fi\u00e1nak l\u00e1tom\u00e1sa J\u00fad\u00e1r\u00f3l \u00e9s Jeruzs\u00e1lemr\u0151l: Az utols\u00f3 id\u0151kben az \u00dar h\u00e1z\u00e1nak hegye szil\u00e1rdan \u00e1ll majd a hegyek tetej\u00e9n \u00e9s magasabb lesz a halmokn\u00e1l. Oda\u00f6z\u00f6nlenek mind a nemzetek, fel\u00e9 tart sz\u00e1mos n\u00e9p, \u00e9s \u00edgy sz\u00f3l: \u201eRajta, menj\u00fcnk fel az \u00dar hegy\u00e9re, J\u00e1kob Isten\u00e9nek h\u00e1z\u00e1hoz, hogy tan\u00edtson meg \u00fatjaira, \u00e9s \u00edgy \u00f6sv\u00e9nyein j\u00e1rhassunk. Mert Sionr\u00f3l j\u00f6n a t\u00f6rv\u00e9ny \u00e9s Jeruzs\u00e1lemb\u0151l az \u00dar tan\u00edt\u00e1sa.\u201d \u0150 tart majd \u00edt\u00e9letet a nemzetek k\u00f6z\u00f6tt, \u00e9s igazs\u00e1got szolg\u00e1ltat sz\u00e1mtalan n\u00e9pnek. \u0150k meg beolvasztj\u00e1k ekevasnak kardjukat \u00e9s sarl\u00f3knak l\u00e1ndzs\u00e1ikat. Nemzet nem emel kardot nemzet ellen, \u00e9s nem tanul t\u00f6bb\u00e9 hadvisel\u00e9st. J\u00e1kob h\u00e1za, gyertek, j\u00e1rjunk az \u00dar vil\u00e1goss\u00e1g\u00e1ban! Ez az Isten ig\u00e9je. V\u00c1LASZOS ZSOLT\u00c1R (Zsolt 121,1-2.3-4a.(4b-5; 6-7).8-9) V\u00e1lasz:\u00a0Isten h\u00e1z\u00e1ba indulunk, * \u00f6r\u00f6mt\u0151l dobban a sz\u00edv\u00fcnk.\u00a07b. t\u00f3nus. El\u0151\u00e9nekes: \u00d6rvendeztem, mikor azt mondt\u00e1k nekem, * az \u00dar h\u00e1z\u00e1ba megy\u00fcnk. \u00cdme, itt \u00e1llunk m\u00e1r kapuid el\u0151tt, * \u00f3 Jeruzs\u00e1lem. H\u00edvek: Isten h\u00e1z\u00e1ba indulunk, * \u00f6r\u00f6mt\u0151l dobban a sz\u00edv\u00fcnk. E: Jeruzs\u00e1lem v\u00e1rosa j\u00f3l meg\u00e9p\u00fclt, * r\u00e9szei egym\u00e1shoz illenek. Oda j\u00e1rnak f\u00f6l a t\u00f6rzsek, * az&#8230; <\/p>\n<p><a class=\"readmore\" href=\"https:\/\/stuttgarti-katolikusok.de\/index.php\/advent-1-vasarnapja-4\/\">R\u00e9szletek<\/a><\/p>\n","protected":false},"author":3,"featured_media":29805,"comment_status":"closed","ping_status":"closed","sticky":false,"template":"","format":"standard","meta":{"footnotes":""},"categories":[85,63],"tags":[],"class_list":["post-32081","post","type-post","status-publish","format-standard","has-post-thumbnail","hentry","category-a-liturgia-olvasmanyai","category-vasarnapi-gondolatok"],"yoast_head":"<!-- This site is optimized with the Yoast SEO plugin v27.3 - https:\/\/yoast.com\/product\/yoast-seo-wordpress\/ -->\n<title>Advent 1. vas\u00e1rnapja - Stuttgarti Katolikusok<\/title>\n<meta name=\"robots\" content=\"index, follow, max-snippet:-1, max-image-preview:large, max-video-preview:-1\" \/>\n<link rel=\"canonical\" href=\"https:\/\/stuttgarti-katolikusok.de\/index.php\/advent-1-vasarnapja-4\/\" \/>\n<meta property=\"og:locale\" content=\"hu_HU\" \/>\n<meta property=\"og:type\" content=\"article\" \/>\n<meta property=\"og:title\" content=\"Advent 1. vas\u00e1rnapja - Stuttgarti Katolikusok\" \/>\n<meta property=\"og:description\" content=\"Adventban visszaeml\u00e9kez\u00fcnk arra az id\u0151re, amikor az emberis\u00e9g v\u00e1rta a meg\u00edg\u00e9rt Megv\u00e1lt\u00f3t. Egy\u00fattal az \u0151 sz\u00fclet\u00e9s\u00e9nek \u00fcnnep\u00e9re \u00e9s m\u00e1sodik elj\u00f6vetel\u00e9re is k\u00e9sz\u00fcl\u00fcnk. Az \u0151skereszt\u00e9nyek foh\u00e1sz\u00e1val im\u00e1dkozunk: &#8222;J\u00f6jj el, Uram J\u00e9zus!&#8221; (Jel 22,20) J\u00f6jj, \u00e9s kegyelmeddel seg\u00edts \u00e9s szentelj meg benn\u00fcnket. Kezd\u0151\u00e9nek: Misek\u00f6nyv 107. oldal Hozz\u00e1d emelem az \u00e9n lelkemet, Uram, \u00e9n Istenem, tebenned b\u00edzom, pirulnom ne kelljen! Ne ujjongjon ellens\u00e9g f\u00f6l\u00f6ttem, hiszen aki t\u00e9ged v\u00e1r, meg nem sz\u00e9gyen\u00fcl. (V\u00f6. Zsolt 24,1-3) K\u00f6ny\u00f6rg\u00e9s: Mindenhat\u00f3, \u00f6r\u00f6k Isten, \u00f6nts h\u00edveid sz\u00edv\u00e9be szent elhat\u00e1roz\u00e1st, hogy j\u00f3tettekkel siess\u00fcnk a k\u00f6zelg\u0151 Krisztus el\u00e9, \u0151 pedig egykor jobbj\u00e1ra \u00e1ll\u00edtson minket orsz\u00e1g\u00e1ban, \u00e9s mindny\u00e1jan egy\u00fctt \u00f6rvendj\u00fcnk a boldog \u00f6r\u00f6kk\u00e9val\u00f3s\u00e1gban. A mi Urunk, J\u00e9zus Krisztus, a te Fiad \u00e1ltal, aki veled \u00e9l \u00e9s uralkodik a Szentl\u00e9lekkel egys\u00e9gben, Isten mind\u00f6r\u00f6kk\u00f6n \u00f6r\u00f6kk\u00e9. OLVASM\u00c1NY Izaj\u00e1s pr\u00f3f\u00e9ta k\u00f6nyv\u00e9b\u0151l (Iz 2,1-5) Egybegy\u0171jti az \u00dar a nemzeteket Isten orsz\u00e1g\u00e1nak \u00f6r\u00f6k b\u00e9k\u00e9j\u00e9re. Izaj\u00e1snak, \u00c1mosz fi\u00e1nak l\u00e1tom\u00e1sa J\u00fad\u00e1r\u00f3l \u00e9s Jeruzs\u00e1lemr\u0151l: Az utols\u00f3 id\u0151kben az \u00dar h\u00e1z\u00e1nak hegye szil\u00e1rdan \u00e1ll majd a hegyek tetej\u00e9n \u00e9s magasabb lesz a halmokn\u00e1l. Oda\u00f6z\u00f6nlenek mind a nemzetek, fel\u00e9 tart sz\u00e1mos n\u00e9p, \u00e9s \u00edgy sz\u00f3l: \u201eRajta, menj\u00fcnk fel az \u00dar hegy\u00e9re, J\u00e1kob Isten\u00e9nek h\u00e1z\u00e1hoz, hogy tan\u00edtson meg \u00fatjaira, \u00e9s \u00edgy \u00f6sv\u00e9nyein j\u00e1rhassunk. Mert Sionr\u00f3l j\u00f6n a t\u00f6rv\u00e9ny \u00e9s Jeruzs\u00e1lemb\u0151l az \u00dar tan\u00edt\u00e1sa.\u201d \u0150 tart majd \u00edt\u00e9letet a nemzetek k\u00f6z\u00f6tt, \u00e9s igazs\u00e1got szolg\u00e1ltat sz\u00e1mtalan n\u00e9pnek. \u0150k meg beolvasztj\u00e1k ekevasnak kardjukat \u00e9s sarl\u00f3knak l\u00e1ndzs\u00e1ikat. Nemzet nem emel kardot nemzet ellen, \u00e9s nem tanul t\u00f6bb\u00e9 hadvisel\u00e9st. J\u00e1kob h\u00e1za, gyertek, j\u00e1rjunk az \u00dar vil\u00e1goss\u00e1g\u00e1ban! Ez az Isten ig\u00e9je. V\u00c1LASZOS ZSOLT\u00c1R (Zsolt 121,1-2.3-4a.(4b-5; 6-7).8-9) V\u00e1lasz:\u00a0Isten h\u00e1z\u00e1ba indulunk, * \u00f6r\u00f6mt\u0151l dobban a sz\u00edv\u00fcnk.\u00a07b. t\u00f3nus. El\u0151\u00e9nekes: \u00d6rvendeztem, mikor azt mondt\u00e1k nekem, * az \u00dar h\u00e1z\u00e1ba megy\u00fcnk. \u00cdme, itt \u00e1llunk m\u00e1r kapuid el\u0151tt, * \u00f3 Jeruzs\u00e1lem. H\u00edvek: Isten h\u00e1z\u00e1ba indulunk, * \u00f6r\u00f6mt\u0151l dobban a sz\u00edv\u00fcnk. E: Jeruzs\u00e1lem v\u00e1rosa j\u00f3l meg\u00e9p\u00fclt, * r\u00e9szei egym\u00e1shoz illenek. Oda j\u00e1rnak f\u00f6l a t\u00f6rzsek, * az... R\u00e9szletek\" \/>\n<meta property=\"og:url\" content=\"https:\/\/stuttgarti-katolikusok.de\/index.php\/advent-1-vasarnapja-4\/\" \/>\n<meta property=\"og:site_name\" content=\"Stuttgarti Katolikusok\" \/>\n<meta property=\"article:published_time\" content=\"2025-11-29T23:55:37+00:00\" \/>\n<meta property=\"og:image\" content=\"https:\/\/stuttgarti-katolikusok.de\/wp-content\/uploads\/2024\/12\/adevnet-1-stuttgart.jpg\" \/>\n\t<meta property=\"og:image:width\" content=\"2000\" \/>\n\t<meta property=\"og:image:height\" content=\"1125\" \/>\n\t<meta property=\"og:image:type\" content=\"image\/jpeg\" \/>\n<meta name=\"author\" content=\"Tibor atya\" \/>\n<meta name=\"twitter:card\" content=\"summary_large_image\" \/>\n<meta name=\"twitter:label1\" content=\"Szerz\u0151:\" \/>\n\t<meta name=\"twitter:data1\" content=\"Tibor atya\" \/>\n\t<meta name=\"twitter:label2\" content=\"Becs\u00fclt olvas\u00e1si id\u0151\" \/>\n\t<meta name=\"twitter:data2\" content=\"6 perc\" \/>\n<script type=\"application\/ld+json\" class=\"yoast-schema-graph\">{\"@context\":\"https:\\\/\\\/schema.org\",\"@graph\":[{\"@type\":\"Article\",\"@id\":\"https:\\\/\\\/stuttgarti-katolikusok.de\\\/index.php\\\/advent-1-vasarnapja-4\\\/#article\",\"isPartOf\":{\"@id\":\"https:\\\/\\\/stuttgarti-katolikusok.de\\\/index.php\\\/advent-1-vasarnapja-4\\\/\"},\"author\":{\"name\":\"Tibor atya\",\"@id\":\"https:\\\/\\\/stuttgarti-katolikusok.de\\\/#\\\/schema\\\/person\\\/75908d6f8fdc03a57889d27209df7795\"},\"headline\":\"Advent 1. vas\u00e1rnapja\",\"datePublished\":\"2025-11-29T23:55:37+00:00\",\"mainEntityOfPage\":{\"@id\":\"https:\\\/\\\/stuttgarti-katolikusok.de\\\/index.php\\\/advent-1-vasarnapja-4\\\/\"},\"wordCount\":1490,\"image\":{\"@id\":\"https:\\\/\\\/stuttgarti-katolikusok.de\\\/index.php\\\/advent-1-vasarnapja-4\\\/#primaryimage\"},\"thumbnailUrl\":\"https:\\\/\\\/stuttgarti-katolikusok.de\\\/wp-content\\\/uploads\\\/2024\\\/12\\\/adevnet-1-stuttgart.jpg\",\"articleSection\":[\"A liturgia olvasm\u00e1nyai\",\"Vas\u00e1rnapi gondolatok\"],\"inLanguage\":\"hu\"},{\"@type\":\"WebPage\",\"@id\":\"https:\\\/\\\/stuttgarti-katolikusok.de\\\/index.php\\\/advent-1-vasarnapja-4\\\/\",\"url\":\"https:\\\/\\\/stuttgarti-katolikusok.de\\\/index.php\\\/advent-1-vasarnapja-4\\\/\",\"name\":\"Advent 1. vas\u00e1rnapja - Stuttgarti Katolikusok\",\"isPartOf\":{\"@id\":\"https:\\\/\\\/stuttgarti-katolikusok.de\\\/#website\"},\"primaryImageOfPage\":{\"@id\":\"https:\\\/\\\/stuttgarti-katolikusok.de\\\/index.php\\\/advent-1-vasarnapja-4\\\/#primaryimage\"},\"image\":{\"@id\":\"https:\\\/\\\/stuttgarti-katolikusok.de\\\/index.php\\\/advent-1-vasarnapja-4\\\/#primaryimage\"},\"thumbnailUrl\":\"https:\\\/\\\/stuttgarti-katolikusok.de\\\/wp-content\\\/uploads\\\/2024\\\/12\\\/adevnet-1-stuttgart.jpg\",\"datePublished\":\"2025-11-29T23:55:37+00:00\",\"author\":{\"@id\":\"https:\\\/\\\/stuttgarti-katolikusok.de\\\/#\\\/schema\\\/person\\\/75908d6f8fdc03a57889d27209df7795\"},\"breadcrumb\":{\"@id\":\"https:\\\/\\\/stuttgarti-katolikusok.de\\\/index.php\\\/advent-1-vasarnapja-4\\\/#breadcrumb\"},\"inLanguage\":\"hu\",\"potentialAction\":[{\"@type\":\"ReadAction\",\"target\":[\"https:\\\/\\\/stuttgarti-katolikusok.de\\\/index.php\\\/advent-1-vasarnapja-4\\\/\"]}]},{\"@type\":\"ImageObject\",\"inLanguage\":\"hu\",\"@id\":\"https:\\\/\\\/stuttgarti-katolikusok.de\\\/index.php\\\/advent-1-vasarnapja-4\\\/#primaryimage\",\"url\":\"https:\\\/\\\/stuttgarti-katolikusok.de\\\/wp-content\\\/uploads\\\/2024\\\/12\\\/adevnet-1-stuttgart.jpg\",\"contentUrl\":\"https:\\\/\\\/stuttgarti-katolikusok.de\\\/wp-content\\\/uploads\\\/2024\\\/12\\\/adevnet-1-stuttgart.jpg\",\"width\":2000,\"height\":1125},{\"@type\":\"BreadcrumbList\",\"@id\":\"https:\\\/\\\/stuttgarti-katolikusok.de\\\/index.php\\\/advent-1-vasarnapja-4\\\/#breadcrumb\",\"itemListElement\":[{\"@type\":\"ListItem\",\"position\":1,\"name\":\"Kezd\u0151lap\",\"item\":\"https:\\\/\\\/stuttgarti-katolikusok.de\\\/\"},{\"@type\":\"ListItem\",\"position\":2,\"name\":\"Advent 1. vas\u00e1rnapja\"}]},{\"@type\":\"WebSite\",\"@id\":\"https:\\\/\\\/stuttgarti-katolikusok.de\\\/#website\",\"url\":\"https:\\\/\\\/stuttgarti-katolikusok.de\\\/\",\"name\":\"Stuttgarti Katolikusok\",\"description\":\"\",\"potentialAction\":[{\"@type\":\"SearchAction\",\"target\":{\"@type\":\"EntryPoint\",\"urlTemplate\":\"https:\\\/\\\/stuttgarti-katolikusok.de\\\/?s={search_term_string}\"},\"query-input\":{\"@type\":\"PropertyValueSpecification\",\"valueRequired\":true,\"valueName\":\"search_term_string\"}}],\"inLanguage\":\"hu\"},{\"@type\":\"Person\",\"@id\":\"https:\\\/\\\/stuttgarti-katolikusok.de\\\/#\\\/schema\\\/person\\\/75908d6f8fdc03a57889d27209df7795\",\"name\":\"Tibor atya\",\"image\":{\"@type\":\"ImageObject\",\"inLanguage\":\"hu\",\"@id\":\"https:\\\/\\\/secure.gravatar.com\\\/avatar\\\/61d268e57d1f4525b111222e29d2d5a7f8c420fdbf231ba5566a8ceac74fa960?s=96&d=mm&r=g\",\"url\":\"https:\\\/\\\/secure.gravatar.com\\\/avatar\\\/61d268e57d1f4525b111222e29d2d5a7f8c420fdbf231ba5566a8ceac74fa960?s=96&d=mm&r=g\",\"contentUrl\":\"https:\\\/\\\/secure.gravatar.com\\\/avatar\\\/61d268e57d1f4525b111222e29d2d5a7f8c420fdbf231ba5566a8ceac74fa960?s=96&d=mm&r=g\",\"caption\":\"Tibor atya\"},\"url\":\"https:\\\/\\\/stuttgarti-katolikusok.de\\\/index.php\\\/author\\\/tibor-atya\\\/\"}]}<\/script>\n<!-- \/ Yoast SEO plugin. -->","yoast_head_json":{"title":"Advent 1. vas\u00e1rnapja - Stuttgarti Katolikusok","robots":{"index":"index","follow":"follow","max-snippet":"max-snippet:-1","max-image-preview":"max-image-preview:large","max-video-preview":"max-video-preview:-1"},"canonical":"https:\/\/stuttgarti-katolikusok.de\/index.php\/advent-1-vasarnapja-4\/","og_locale":"hu_HU","og_type":"article","og_title":"Advent 1. vas\u00e1rnapja - Stuttgarti Katolikusok","og_description":"Adventban visszaeml\u00e9kez\u00fcnk arra az id\u0151re, amikor az emberis\u00e9g v\u00e1rta a meg\u00edg\u00e9rt Megv\u00e1lt\u00f3t. Egy\u00fattal az \u0151 sz\u00fclet\u00e9s\u00e9nek \u00fcnnep\u00e9re \u00e9s m\u00e1sodik elj\u00f6vetel\u00e9re is k\u00e9sz\u00fcl\u00fcnk. Az \u0151skereszt\u00e9nyek foh\u00e1sz\u00e1val im\u00e1dkozunk: &#8222;J\u00f6jj el, Uram J\u00e9zus!&#8221; (Jel 22,20) J\u00f6jj, \u00e9s kegyelmeddel seg\u00edts \u00e9s szentelj meg benn\u00fcnket. Kezd\u0151\u00e9nek: Misek\u00f6nyv 107. oldal Hozz\u00e1d emelem az \u00e9n lelkemet, Uram, \u00e9n Istenem, tebenned b\u00edzom, pirulnom ne kelljen! Ne ujjongjon ellens\u00e9g f\u00f6l\u00f6ttem, hiszen aki t\u00e9ged v\u00e1r, meg nem sz\u00e9gyen\u00fcl. (V\u00f6. Zsolt 24,1-3) K\u00f6ny\u00f6rg\u00e9s: Mindenhat\u00f3, \u00f6r\u00f6k Isten, \u00f6nts h\u00edveid sz\u00edv\u00e9be szent elhat\u00e1roz\u00e1st, hogy j\u00f3tettekkel siess\u00fcnk a k\u00f6zelg\u0151 Krisztus el\u00e9, \u0151 pedig egykor jobbj\u00e1ra \u00e1ll\u00edtson minket orsz\u00e1g\u00e1ban, \u00e9s mindny\u00e1jan egy\u00fctt \u00f6rvendj\u00fcnk a boldog \u00f6r\u00f6kk\u00e9val\u00f3s\u00e1gban. A mi Urunk, J\u00e9zus Krisztus, a te Fiad \u00e1ltal, aki veled \u00e9l \u00e9s uralkodik a Szentl\u00e9lekkel egys\u00e9gben, Isten mind\u00f6r\u00f6kk\u00f6n \u00f6r\u00f6kk\u00e9. OLVASM\u00c1NY Izaj\u00e1s pr\u00f3f\u00e9ta k\u00f6nyv\u00e9b\u0151l (Iz 2,1-5) Egybegy\u0171jti az \u00dar a nemzeteket Isten orsz\u00e1g\u00e1nak \u00f6r\u00f6k b\u00e9k\u00e9j\u00e9re. Izaj\u00e1snak, \u00c1mosz fi\u00e1nak l\u00e1tom\u00e1sa J\u00fad\u00e1r\u00f3l \u00e9s Jeruzs\u00e1lemr\u0151l: Az utols\u00f3 id\u0151kben az \u00dar h\u00e1z\u00e1nak hegye szil\u00e1rdan \u00e1ll majd a hegyek tetej\u00e9n \u00e9s magasabb lesz a halmokn\u00e1l. Oda\u00f6z\u00f6nlenek mind a nemzetek, fel\u00e9 tart sz\u00e1mos n\u00e9p, \u00e9s \u00edgy sz\u00f3l: \u201eRajta, menj\u00fcnk fel az \u00dar hegy\u00e9re, J\u00e1kob Isten\u00e9nek h\u00e1z\u00e1hoz, hogy tan\u00edtson meg \u00fatjaira, \u00e9s \u00edgy \u00f6sv\u00e9nyein j\u00e1rhassunk. Mert Sionr\u00f3l j\u00f6n a t\u00f6rv\u00e9ny \u00e9s Jeruzs\u00e1lemb\u0151l az \u00dar tan\u00edt\u00e1sa.\u201d \u0150 tart majd \u00edt\u00e9letet a nemzetek k\u00f6z\u00f6tt, \u00e9s igazs\u00e1got szolg\u00e1ltat sz\u00e1mtalan n\u00e9pnek. \u0150k meg beolvasztj\u00e1k ekevasnak kardjukat \u00e9s sarl\u00f3knak l\u00e1ndzs\u00e1ikat. Nemzet nem emel kardot nemzet ellen, \u00e9s nem tanul t\u00f6bb\u00e9 hadvisel\u00e9st. J\u00e1kob h\u00e1za, gyertek, j\u00e1rjunk az \u00dar vil\u00e1goss\u00e1g\u00e1ban! Ez az Isten ig\u00e9je. V\u00c1LASZOS ZSOLT\u00c1R (Zsolt 121,1-2.3-4a.(4b-5; 6-7).8-9) V\u00e1lasz:\u00a0Isten h\u00e1z\u00e1ba indulunk, * \u00f6r\u00f6mt\u0151l dobban a sz\u00edv\u00fcnk.\u00a07b. t\u00f3nus. El\u0151\u00e9nekes: \u00d6rvendeztem, mikor azt mondt\u00e1k nekem, * az \u00dar h\u00e1z\u00e1ba megy\u00fcnk. \u00cdme, itt \u00e1llunk m\u00e1r kapuid el\u0151tt, * \u00f3 Jeruzs\u00e1lem. H\u00edvek: Isten h\u00e1z\u00e1ba indulunk, * \u00f6r\u00f6mt\u0151l dobban a sz\u00edv\u00fcnk. E: Jeruzs\u00e1lem v\u00e1rosa j\u00f3l meg\u00e9p\u00fclt, * r\u00e9szei egym\u00e1shoz illenek. Oda j\u00e1rnak f\u00f6l a t\u00f6rzsek, * az... R\u00e9szletek","og_url":"https:\/\/stuttgarti-katolikusok.de\/index.php\/advent-1-vasarnapja-4\/","og_site_name":"Stuttgarti Katolikusok","article_published_time":"2025-11-29T23:55:37+00:00","og_image":[{"width":2000,"height":1125,"url":"https:\/\/stuttgarti-katolikusok.de\/wp-content\/uploads\/2024\/12\/adevnet-1-stuttgart.jpg","type":"image\/jpeg"}],"author":"Tibor atya","twitter_card":"summary_large_image","twitter_misc":{"Szerz\u0151:":"Tibor atya","Becs\u00fclt olvas\u00e1si id\u0151":"6 perc"},"schema":{"@context":"https:\/\/schema.org","@graph":[{"@type":"Article","@id":"https:\/\/stuttgarti-katolikusok.de\/index.php\/advent-1-vasarnapja-4\/#article","isPartOf":{"@id":"https:\/\/stuttgarti-katolikusok.de\/index.php\/advent-1-vasarnapja-4\/"},"author":{"name":"Tibor atya","@id":"https:\/\/stuttgarti-katolikusok.de\/#\/schema\/person\/75908d6f8fdc03a57889d27209df7795"},"headline":"Advent 1. vas\u00e1rnapja","datePublished":"2025-11-29T23:55:37+00:00","mainEntityOfPage":{"@id":"https:\/\/stuttgarti-katolikusok.de\/index.php\/advent-1-vasarnapja-4\/"},"wordCount":1490,"image":{"@id":"https:\/\/stuttgarti-katolikusok.de\/index.php\/advent-1-vasarnapja-4\/#primaryimage"},"thumbnailUrl":"https:\/\/stuttgarti-katolikusok.de\/wp-content\/uploads\/2024\/12\/adevnet-1-stuttgart.jpg","articleSection":["A liturgia olvasm\u00e1nyai","Vas\u00e1rnapi gondolatok"],"inLanguage":"hu"},{"@type":"WebPage","@id":"https:\/\/stuttgarti-katolikusok.de\/index.php\/advent-1-vasarnapja-4\/","url":"https:\/\/stuttgarti-katolikusok.de\/index.php\/advent-1-vasarnapja-4\/","name":"Advent 1. vas\u00e1rnapja - Stuttgarti Katolikusok","isPartOf":{"@id":"https:\/\/stuttgarti-katolikusok.de\/#website"},"primaryImageOfPage":{"@id":"https:\/\/stuttgarti-katolikusok.de\/index.php\/advent-1-vasarnapja-4\/#primaryimage"},"image":{"@id":"https:\/\/stuttgarti-katolikusok.de\/index.php\/advent-1-vasarnapja-4\/#primaryimage"},"thumbnailUrl":"https:\/\/stuttgarti-katolikusok.de\/wp-content\/uploads\/2024\/12\/adevnet-1-stuttgart.jpg","datePublished":"2025-11-29T23:55:37+00:00","author":{"@id":"https:\/\/stuttgarti-katolikusok.de\/#\/schema\/person\/75908d6f8fdc03a57889d27209df7795"},"breadcrumb":{"@id":"https:\/\/stuttgarti-katolikusok.de\/index.php\/advent-1-vasarnapja-4\/#breadcrumb"},"inLanguage":"hu","potentialAction":[{"@type":"ReadAction","target":["https:\/\/stuttgarti-katolikusok.de\/index.php\/advent-1-vasarnapja-4\/"]}]},{"@type":"ImageObject","inLanguage":"hu","@id":"https:\/\/stuttgarti-katolikusok.de\/index.php\/advent-1-vasarnapja-4\/#primaryimage","url":"https:\/\/stuttgarti-katolikusok.de\/wp-content\/uploads\/2024\/12\/adevnet-1-stuttgart.jpg","contentUrl":"https:\/\/stuttgarti-katolikusok.de\/wp-content\/uploads\/2024\/12\/adevnet-1-stuttgart.jpg","width":2000,"height":1125},{"@type":"BreadcrumbList","@id":"https:\/\/stuttgarti-katolikusok.de\/index.php\/advent-1-vasarnapja-4\/#breadcrumb","itemListElement":[{"@type":"ListItem","position":1,"name":"Kezd\u0151lap","item":"https:\/\/stuttgarti-katolikusok.de\/"},{"@type":"ListItem","position":2,"name":"Advent 1. vas\u00e1rnapja"}]},{"@type":"WebSite","@id":"https:\/\/stuttgarti-katolikusok.de\/#website","url":"https:\/\/stuttgarti-katolikusok.de\/","name":"Stuttgarti Katolikusok","description":"","potentialAction":[{"@type":"SearchAction","target":{"@type":"EntryPoint","urlTemplate":"https:\/\/stuttgarti-katolikusok.de\/?s={search_term_string}"},"query-input":{"@type":"PropertyValueSpecification","valueRequired":true,"valueName":"search_term_string"}}],"inLanguage":"hu"},{"@type":"Person","@id":"https:\/\/stuttgarti-katolikusok.de\/#\/schema\/person\/75908d6f8fdc03a57889d27209df7795","name":"Tibor atya","image":{"@type":"ImageObject","inLanguage":"hu","@id":"https:\/\/secure.gravatar.com\/avatar\/61d268e57d1f4525b111222e29d2d5a7f8c420fdbf231ba5566a8ceac74fa960?s=96&d=mm&r=g","url":"https:\/\/secure.gravatar.com\/avatar\/61d268e57d1f4525b111222e29d2d5a7f8c420fdbf231ba5566a8ceac74fa960?s=96&d=mm&r=g","contentUrl":"https:\/\/secure.gravatar.com\/avatar\/61d268e57d1f4525b111222e29d2d5a7f8c420fdbf231ba5566a8ceac74fa960?s=96&d=mm&r=g","caption":"Tibor atya"},"url":"https:\/\/stuttgarti-katolikusok.de\/index.php\/author\/tibor-atya\/"}]}},"_links":{"self":[{"href":"https:\/\/stuttgarti-katolikusok.de\/index.php\/wp-json\/wp\/v2\/posts\/32081","targetHints":{"allow":["GET"]}}],"collection":[{"href":"https:\/\/stuttgarti-katolikusok.de\/index.php\/wp-json\/wp\/v2\/posts"}],"about":[{"href":"https:\/\/stuttgarti-katolikusok.de\/index.php\/wp-json\/wp\/v2\/types\/post"}],"author":[{"embeddable":true,"href":"https:\/\/stuttgarti-katolikusok.de\/index.php\/wp-json\/wp\/v2\/users\/3"}],"replies":[{"embeddable":true,"href":"https:\/\/stuttgarti-katolikusok.de\/index.php\/wp-json\/wp\/v2\/comments?post=32081"}],"version-history":[{"count":2,"href":"https:\/\/stuttgarti-katolikusok.de\/index.php\/wp-json\/wp\/v2\/posts\/32081\/revisions"}],"predecessor-version":[{"id":32085,"href":"https:\/\/stuttgarti-katolikusok.de\/index.php\/wp-json\/wp\/v2\/posts\/32081\/revisions\/32085"}],"wp:featuredmedia":[{"embeddable":true,"href":"https:\/\/stuttgarti-katolikusok.de\/index.php\/wp-json\/wp\/v2\/media\/29805"}],"wp:attachment":[{"href":"https:\/\/stuttgarti-katolikusok.de\/index.php\/wp-json\/wp\/v2\/media?parent=32081"}],"wp:term":[{"taxonomy":"category","embeddable":true,"href":"https:\/\/stuttgarti-katolikusok.de\/index.php\/wp-json\/wp\/v2\/categories?post=32081"},{"taxonomy":"post_tag","embeddable":true,"href":"https:\/\/stuttgarti-katolikusok.de\/index.php\/wp-json\/wp\/v2\/tags?post=32081"}],"curies":[{"name":"wp","href":"https:\/\/api.w.org\/{rel}","templated":true}]}}