{"id":32023,"date":"2025-11-17T15:55:40","date_gmt":"2025-11-17T14:55:40","guid":{"rendered":"https:\/\/stuttgarti-katolikusok.de\/?p=32023"},"modified":"2025-11-17T16:58:24","modified_gmt":"2025-11-17T15:58:24","slug":"2025-november-17-es-23-kozott","status":"publish","type":"post","link":"https:\/\/stuttgarti-katolikusok.de\/index.php\/2025-november-17-es-23-kozott\/","title":{"rendered":"2025. NOVEMBER 17 \u00c9S 23 K\u00d6Z\u00d6TT"},"content":{"rendered":"<p><span style=\"color: #008000;\"><strong>Programel\u0151zetes\u00a0<\/strong><\/span><\/p>\n<p style=\"text-align: center;\"><span style=\"color: #008000;\"><strong>*<\/strong><\/span><\/p>\n<p><strong>November 20-\u00e1n, <\/strong>cs\u00fct\u00f6rt\u00f6k\u00f6n, <strong><em>Weingarteni d\u00e9lut\u00e1n<\/em><\/strong>, a <em>14 Nothelfer Kapelle-<\/em>ben 17.30 \u00f3rakor <em>r\u00f3zsaf\u00fcz\u00e9rt im\u00e1dkozunk, <\/em>18.00 \u00f3rakor <em>szentmise<\/em>, keret\u00e9ben <em>katek\u00e9zis.<\/em><\/p>\n<p style=\"text-align: center;\"><span style=\"color: #008000;\"><strong>*<\/strong><\/span><\/p>\n<p><strong>November 21-\u00e9n,<\/strong>\u00a0p\u00e9nteken, <strong><em>Stuttgarti d\u00e9lut\u00e1n<\/em><\/strong>, 17.30 \u00f3rakor <em>r\u00f3zsaf\u00fcz\u00e9r im\u00e1ds\u00e1g, <\/em>18.00 \u00f3rakor <em>szentmise<\/em>, keret\u00e9ben <em>katek\u00e9zis.<\/em><\/p>\n<p style=\"text-align: center;\"><span style=\"color: #008000;\"><strong>*<\/strong><\/span><\/p>\n<p><strong>November 22-\u00e9n<\/strong>, szombaton,<\/p>\n<p><strong>Stuttgartban<\/strong>, 16.00 \u00f3rakor:<\/p>\n<p><a href=\"https:\/\/stuttgarti-katolikusok.de\/wp-content\/uploads\/2025\/11\/mustarmagocska-zene-es-barkacskor-plakat-20251122.jpg\"><img loading=\"lazy\" decoding=\"async\" class=\"alignnone size-full wp-image-32024\" src=\"https:\/\/stuttgarti-katolikusok.de\/wp-content\/uploads\/2025\/11\/mustarmagocska-zene-es-barkacskor-plakat-20251122.jpg\" alt=\"\" width=\"1009\" height=\"1532\" \/><\/a><\/p>\n<p><strong>Reutlingenben<\/strong>\u00a016.30 \u00f3rakor <span style=\"color: #ff6600;\"><strong><em>\u00c1rp\u00e1d-h\u00e1zi Szent Erzs\u00e9bet<\/em><\/strong> <\/span><em><span style=\"color: #ff6600;\">b\u00facs\u00fas szentmise<\/span>,\u00a0<\/em>ezt k\u00f6vet\u0151en <span style=\"color: #ff6600;\"><em>agap\u00e9. <\/em><\/span><\/p>\n<p style=\"text-align: center;\"><span style=\"color: #ff6600;\"><strong>*<\/strong><\/span><\/p>\n<p><a href=\"https:\/\/stuttgarti-katolikusok.de\/wp-content\/uploads\/2024\/11\/arpad-hazi-szent-erzsebet-w1kicsi.jpg\"><img loading=\"lazy\" decoding=\"async\" class=\"size-full wp-image-29772 aligncenter\" src=\"https:\/\/stuttgarti-katolikusok.de\/wp-content\/uploads\/2024\/11\/arpad-hazi-szent-erzsebet-w1kicsi.jpg\" alt=\"\" width=\"292\" height=\"638\" srcset=\"https:\/\/stuttgarti-katolikusok.de\/wp-content\/uploads\/2024\/11\/arpad-hazi-szent-erzsebet-w1kicsi.jpg 292w, https:\/\/stuttgarti-katolikusok.de\/wp-content\/uploads\/2024\/11\/arpad-hazi-szent-erzsebet-w1kicsi-137x300.jpg 137w\" sizes=\"auto, (max-width: 292px) 100vw, 292px\" \/><\/a><\/p>\n<p style=\"text-align: center;\"><em>(Miseruha r\u00e9szlet)<\/em><\/p>\n<p style=\"text-align: center;\"><span style=\"color: #ff6600;\"><strong>*<\/strong><\/span><\/p>\n<p><strong>November 23-\u00e1n<em>,<\/em><\/strong><em>\u00a0<\/em><span style=\"color: #ff0000;\"><strong><em>Krisztus Kir\u00e1ly vas\u00e1rnapja<\/em><\/strong><\/span><em>,<\/em><\/p>\n<p><strong>B\u00f6blingenben<\/strong> 9.30 \u00f3rakor<em>, szentmise, <\/em>ut\u00e1na <em>agap\u00e9, <\/em><\/p>\n<p><strong>Eislingenben<\/strong><em>\u00a0<\/em>15.00 \u00f3rakor<em><span style=\"color: #ff6600;\"> <strong>Sk\u00f3ciai Szent Margit<\/strong> b\u00facs\u00fas szentmise<\/span>, <\/em>ut\u00e1na <span style=\"color: #ff6600;\"><em>agap\u00e9.<\/em><\/span><\/p>\n<p style=\"text-align: center;\"><strong><span style=\"color: #ff6600;\">*<\/span><\/strong><\/p>\n<p style=\"text-align: center;\"><strong><span style=\"color: #ff6600;\"><em><a href=\"https:\/\/stuttgarti-katolikusok.de\/wp-content\/uploads\/2024\/11\/eislingen-2024.jpg\"><img loading=\"lazy\" decoding=\"async\" class=\"alignnone size-full wp-image-29736\" src=\"https:\/\/stuttgarti-katolikusok.de\/wp-content\/uploads\/2024\/11\/eislingen-2024.jpg\" alt=\"\" width=\"325\" height=\"724\" srcset=\"https:\/\/stuttgarti-katolikusok.de\/wp-content\/uploads\/2024\/11\/eislingen-2024.jpg 325w, https:\/\/stuttgarti-katolikusok.de\/wp-content\/uploads\/2024\/11\/eislingen-2024-135x300.jpg 135w\" sizes=\"auto, (max-width: 325px) 100vw, 325px\" \/><\/a>\u00a0<\/em><\/span><\/strong><\/p>\n<p style=\"text-align: center;\"><em>(Miseruha r\u00e9szlet)<\/em><\/p>\n<p style=\"text-align: center;\"><strong><span style=\"color: #ff6600;\">*<\/span><\/strong><\/p>\n<p>Minden helyen mindenkit szeretettel v\u00e1r a k\u00f6z\u00f6ss\u00e9g \u00e9s Tibor atya!<\/p>\n<p style=\"text-align: center;\"><span style=\"color: #008000;\"><strong>*<\/strong><\/span><\/p>\n<p><a href=\"https:\/\/stuttgarti-katolikusok.de\/wp-content\/uploads\/2020\/11\/nek.jpg\"><img loading=\"lazy\" decoding=\"async\" class=\"alignnone size-full wp-image-20509\" src=\"https:\/\/stuttgarti-katolikusok.de\/wp-content\/uploads\/2020\/11\/nek.jpg\" alt=\"\" width=\"508\" height=\"375\" srcset=\"https:\/\/stuttgarti-katolikusok.de\/wp-content\/uploads\/2020\/11\/nek.jpg 508w, https:\/\/stuttgarti-katolikusok.de\/wp-content\/uploads\/2020\/11\/nek-300x221.jpg 300w\" sizes=\"auto, (max-width: 508px) 100vw, 508px\" \/><\/a><\/p>\n<p style=\"text-align: center;\"><span style=\"color: #008000;\"><strong>*<\/strong><\/span><\/p>\n<p><span style=\"color: #008000;\"><strong><em>Bens\u0151s\u00e9ges \u0151szi napokat, j\u00f3 munk\u00e1t, tartalmas besz\u00e9lget\u00e9seket, \u00f6r\u00f6mteli tal\u00e1lkoz\u00e1sokat \u00e9s \u00e1ldott adventi k\u00e9sz\u00fcletet k\u00edv\u00e1nunk minden Kedves H\u00edv\u00fcnknek!<\/em><\/strong><\/span><\/p>\n<p style=\"text-align: center;\"><span style=\"color: #008000;\"><strong>*<\/strong><\/span><\/p>\n<p><span style=\"color: #ff6600;\"><strong><em>KRISZTUS KIR\u00c1LYS\u00c1G\u00c1R\u00d3L<\/em><\/strong><\/span><\/p>\n<p><span style=\"color: #ff6600;\"><strong><em>\u00a0<\/em><\/strong><em>\u201eCsod\u00e1latos ez a Kir\u00e1ly, aki lemondott a hatalom minden k\u00fcls\u0151 jel\u00e9r\u0151l, az uralkod\u00e1s, az er\u0151 \u00e9s a g\u0151g minden eszk\u00f6z\u00e9r\u0151l\u2026<\/em><\/span><span style=\"color: #ff6600;\"><em>\u00a0<\/em><\/span><\/p>\n<p><span style=\"color: #ff6600;\"><em>K\u00fcl\u00f6nleges Kir\u00e1ly ez! Mennyire v\u00e1gyakoznia kell r\u00e1 a modern embernek, aki belef\u00e1sult a hatalom gyakorl\u00e1s\u00e1nak olyan rendszereibe, amelyek elnyom\u00e1ssal \u00e9s er\u0151szakkal s\u00fajtj\u00e1k polg\u00e1raikat.<\/em><\/span><\/p>\n<p><span style=\"color: #ff6600;\"><em>Olyan hatalmak ezek, amelyek az ember legbens\u0151bb vil\u00e1g\u00e1t is szab\u00e1lyozni akarj\u00e1k, ideol\u00f3gi\u00e1kat k\u00e9nyszer\u00edtve r\u00e1juk\u2026<\/em><\/span><\/p>\n<p><span style=\"color: #ff6600;\"><em>Milyen csod\u00e1latos Kir\u00e1ly J\u00e9zus Krisztus, aki eleve elutas\u00edtja az ember ilyenfajta ir\u00e1ny\u00edt\u00e1s\u00e1t!\u201d <\/em><\/span><em>(Szent II. J\u00e1nos P\u00e1l p\u00e1pa)<\/em><\/p>\n<p><em>(Nyit\u00f3k\u00e9p forr\u00e1sa: Pixabay)<\/em><\/p>\n","protected":false},"excerpt":{"rendered":"<p>Programel\u0151zetes\u00a0 * November 20-\u00e1n, cs\u00fct\u00f6rt\u00f6k\u00f6n, Weingarteni d\u00e9lut\u00e1n, a 14 Nothelfer Kapelle-ben 17.30 \u00f3rakor r\u00f3zsaf\u00fcz\u00e9rt im\u00e1dkozunk, 18.00 \u00f3rakor szentmise, keret\u00e9ben katek\u00e9zis. * November 21-\u00e9n,\u00a0p\u00e9nteken, Stuttgarti d\u00e9lut\u00e1n, 17.30 \u00f3rakor r\u00f3zsaf\u00fcz\u00e9r im\u00e1ds\u00e1g, 18.00 \u00f3rakor szentmise, keret\u00e9ben katek\u00e9zis. * November 22-\u00e9n, szombaton, Stuttgartban, 16.00 \u00f3rakor: Reutlingenben\u00a016.30 \u00f3rakor \u00c1rp\u00e1d-h\u00e1zi Szent Erzs\u00e9bet b\u00facs\u00fas szentmise,\u00a0ezt k\u00f6vet\u0151en agap\u00e9. * (Miseruha r\u00e9szlet) * November 23-\u00e1n,\u00a0Krisztus Kir\u00e1ly vas\u00e1rnapja, B\u00f6blingenben 9.30 \u00f3rakor, szentmise, ut\u00e1na agap\u00e9, Eislingenben\u00a015.00 \u00f3rakor Sk\u00f3ciai Szent Margit b\u00facs\u00fas szentmise, ut\u00e1na agap\u00e9. * \u00a0 (Miseruha r\u00e9szlet) * Minden helyen mindenkit szeretettel v\u00e1r a k\u00f6z\u00f6ss\u00e9g \u00e9s Tibor atya! * * Bens\u0151s\u00e9ges \u0151szi napokat, j\u00f3 munk\u00e1t, tartalmas besz\u00e9lget\u00e9seket, \u00f6r\u00f6mteli tal\u00e1lkoz\u00e1sokat \u00e9s \u00e1ldott adventi k\u00e9sz\u00fcletet k\u00edv\u00e1nunk minden Kedves H\u00edv\u00fcnknek! * KRISZTUS KIR\u00c1LYS\u00c1G\u00c1R\u00d3L \u00a0\u201eCsod\u00e1latos ez a Kir\u00e1ly, aki lemondott a hatalom minden k\u00fcls\u0151 jel\u00e9r\u0151l, az uralkod\u00e1s, az er\u0151 \u00e9s a g\u0151g minden eszk\u00f6z\u00e9r\u0151l\u2026\u00a0 K\u00fcl\u00f6nleges Kir\u00e1ly ez! Mennyire v\u00e1gyakoznia kell r\u00e1 a modern embernek, aki belef\u00e1sult a hatalom gyakorl\u00e1s\u00e1nak olyan rendszereibe, amelyek elnyom\u00e1ssal \u00e9s er\u0151szakkal s\u00fajtj\u00e1k polg\u00e1raikat. Olyan hatalmak ezek, amelyek az ember legbens\u0151bb vil\u00e1g\u00e1t is szab\u00e1lyozni akarj\u00e1k, ideol\u00f3gi\u00e1kat k\u00e9nyszer\u00edtve r\u00e1juk\u2026 Milyen csod\u00e1latos Kir\u00e1ly J\u00e9zus Krisztus, aki eleve elutas\u00edtja az ember ilyenfajta ir\u00e1ny\u00edt\u00e1s\u00e1t!\u201d (Szent II. J\u00e1nos P\u00e1l p\u00e1pa) (Nyit\u00f3k\u00e9p forr\u00e1sa: Pixabay)<\/p>\n","protected":false},"author":3,"featured_media":20472,"comment_status":"closed","ping_status":"closed","sticky":false,"template":"","format":"standard","meta":{"footnotes":""},"categories":[37],"tags":[],"class_list":["post-32023","post","type-post","status-publish","format-standard","has-post-thumbnail","hentry","category-progamelozetes"],"yoast_head":"<!-- This site is optimized with the Yoast SEO plugin v27.3 - https:\/\/yoast.com\/product\/yoast-seo-wordpress\/ -->\n<title>2025. NOVEMBER 17 \u00c9S 23 K\u00d6Z\u00d6TT - Stuttgarti Katolikusok<\/title>\n<meta name=\"robots\" content=\"index, follow, max-snippet:-1, max-image-preview:large, max-video-preview:-1\" \/>\n<link rel=\"canonical\" href=\"https:\/\/stuttgarti-katolikusok.de\/index.php\/2025-november-17-es-23-kozott\/\" \/>\n<meta property=\"og:locale\" content=\"hu_HU\" \/>\n<meta property=\"og:type\" content=\"article\" \/>\n<meta property=\"og:title\" content=\"2025. NOVEMBER 17 \u00c9S 23 K\u00d6Z\u00d6TT - Stuttgarti Katolikusok\" \/>\n<meta property=\"og:description\" content=\"Programel\u0151zetes\u00a0 * November 20-\u00e1n, cs\u00fct\u00f6rt\u00f6k\u00f6n, Weingarteni d\u00e9lut\u00e1n, a 14 Nothelfer Kapelle-ben 17.30 \u00f3rakor r\u00f3zsaf\u00fcz\u00e9rt im\u00e1dkozunk, 18.00 \u00f3rakor szentmise, keret\u00e9ben katek\u00e9zis. * November 21-\u00e9n,\u00a0p\u00e9nteken, Stuttgarti d\u00e9lut\u00e1n, 17.30 \u00f3rakor r\u00f3zsaf\u00fcz\u00e9r im\u00e1ds\u00e1g, 18.00 \u00f3rakor szentmise, keret\u00e9ben katek\u00e9zis. * November 22-\u00e9n, szombaton, Stuttgartban, 16.00 \u00f3rakor: Reutlingenben\u00a016.30 \u00f3rakor \u00c1rp\u00e1d-h\u00e1zi Szent Erzs\u00e9bet b\u00facs\u00fas szentmise,\u00a0ezt k\u00f6vet\u0151en agap\u00e9. * (Miseruha r\u00e9szlet) * November 23-\u00e1n,\u00a0Krisztus Kir\u00e1ly vas\u00e1rnapja, B\u00f6blingenben 9.30 \u00f3rakor, szentmise, ut\u00e1na agap\u00e9, Eislingenben\u00a015.00 \u00f3rakor Sk\u00f3ciai Szent Margit b\u00facs\u00fas szentmise, ut\u00e1na agap\u00e9. * \u00a0 (Miseruha r\u00e9szlet) * Minden helyen mindenkit szeretettel v\u00e1r a k\u00f6z\u00f6ss\u00e9g \u00e9s Tibor atya! * * Bens\u0151s\u00e9ges \u0151szi napokat, j\u00f3 munk\u00e1t, tartalmas besz\u00e9lget\u00e9seket, \u00f6r\u00f6mteli tal\u00e1lkoz\u00e1sokat \u00e9s \u00e1ldott adventi k\u00e9sz\u00fcletet k\u00edv\u00e1nunk minden Kedves H\u00edv\u00fcnknek! * KRISZTUS KIR\u00c1LYS\u00c1G\u00c1R\u00d3L \u00a0\u201eCsod\u00e1latos ez a Kir\u00e1ly, aki lemondott a hatalom minden k\u00fcls\u0151 jel\u00e9r\u0151l, az uralkod\u00e1s, az er\u0151 \u00e9s a g\u0151g minden eszk\u00f6z\u00e9r\u0151l\u2026\u00a0 K\u00fcl\u00f6nleges Kir\u00e1ly ez! Mennyire v\u00e1gyakoznia kell r\u00e1 a modern embernek, aki belef\u00e1sult a hatalom gyakorl\u00e1s\u00e1nak olyan rendszereibe, amelyek elnyom\u00e1ssal \u00e9s er\u0151szakkal s\u00fajtj\u00e1k polg\u00e1raikat. Olyan hatalmak ezek, amelyek az ember legbens\u0151bb vil\u00e1g\u00e1t is szab\u00e1lyozni akarj\u00e1k, ideol\u00f3gi\u00e1kat k\u00e9nyszer\u00edtve r\u00e1juk\u2026 Milyen csod\u00e1latos Kir\u00e1ly J\u00e9zus Krisztus, aki eleve elutas\u00edtja az ember ilyenfajta ir\u00e1ny\u00edt\u00e1s\u00e1t!\u201d (Szent II. J\u00e1nos P\u00e1l p\u00e1pa) (Nyit\u00f3k\u00e9p forr\u00e1sa: Pixabay)\" \/>\n<meta property=\"og:url\" content=\"https:\/\/stuttgarti-katolikusok.de\/index.php\/2025-november-17-es-23-kozott\/\" \/>\n<meta property=\"og:site_name\" content=\"Stuttgarti Katolikusok\" \/>\n<meta property=\"article:published_time\" content=\"2025-11-17T14:55:40+00:00\" \/>\n<meta property=\"article:modified_time\" content=\"2025-11-17T15:58:24+00:00\" \/>\n<meta property=\"og:image\" content=\"https:\/\/stuttgarti-katolikusok.de\/wp-content\/uploads\/2020\/11\/felelosseg.jpg\" \/>\n\t<meta property=\"og:image:width\" content=\"640\" \/>\n\t<meta property=\"og:image:height\" content=\"452\" \/>\n\t<meta property=\"og:image:type\" content=\"image\/jpeg\" \/>\n<meta name=\"author\" content=\"Tibor atya\" \/>\n<meta name=\"twitter:card\" content=\"summary_large_image\" \/>\n<meta name=\"twitter:label1\" content=\"Szerz\u0151:\" \/>\n\t<meta name=\"twitter:data1\" content=\"Tibor atya\" \/>\n\t<meta name=\"twitter:label2\" content=\"Becs\u00fclt olvas\u00e1si id\u0151\" \/>\n\t<meta name=\"twitter:data2\" content=\"3 perc\" \/>\n<script type=\"application\/ld+json\" class=\"yoast-schema-graph\">{\"@context\":\"https:\\\/\\\/schema.org\",\"@graph\":[{\"@type\":\"Article\",\"@id\":\"https:\\\/\\\/stuttgarti-katolikusok.de\\\/index.php\\\/2025-november-17-es-23-kozott\\\/#article\",\"isPartOf\":{\"@id\":\"https:\\\/\\\/stuttgarti-katolikusok.de\\\/index.php\\\/2025-november-17-es-23-kozott\\\/\"},\"author\":{\"name\":\"Tibor atya\",\"@id\":\"https:\\\/\\\/stuttgarti-katolikusok.de\\\/#\\\/schema\\\/person\\\/75908d6f8fdc03a57889d27209df7795\"},\"headline\":\"2025. NOVEMBER 17 \u00c9S 23 K\u00d6Z\u00d6TT\",\"datePublished\":\"2025-11-17T14:55:40+00:00\",\"dateModified\":\"2025-11-17T15:58:24+00:00\",\"mainEntityOfPage\":{\"@id\":\"https:\\\/\\\/stuttgarti-katolikusok.de\\\/index.php\\\/2025-november-17-es-23-kozott\\\/\"},\"wordCount\":289,\"image\":{\"@id\":\"https:\\\/\\\/stuttgarti-katolikusok.de\\\/index.php\\\/2025-november-17-es-23-kozott\\\/#primaryimage\"},\"thumbnailUrl\":\"https:\\\/\\\/stuttgarti-katolikusok.de\\\/wp-content\\\/uploads\\\/2020\\\/11\\\/felelosseg.jpg\",\"articleSection\":[\"Progamel\u0151zetes\"],\"inLanguage\":\"hu\"},{\"@type\":\"WebPage\",\"@id\":\"https:\\\/\\\/stuttgarti-katolikusok.de\\\/index.php\\\/2025-november-17-es-23-kozott\\\/\",\"url\":\"https:\\\/\\\/stuttgarti-katolikusok.de\\\/index.php\\\/2025-november-17-es-23-kozott\\\/\",\"name\":\"2025. NOVEMBER 17 \u00c9S 23 K\u00d6Z\u00d6TT - Stuttgarti Katolikusok\",\"isPartOf\":{\"@id\":\"https:\\\/\\\/stuttgarti-katolikusok.de\\\/#website\"},\"primaryImageOfPage\":{\"@id\":\"https:\\\/\\\/stuttgarti-katolikusok.de\\\/index.php\\\/2025-november-17-es-23-kozott\\\/#primaryimage\"},\"image\":{\"@id\":\"https:\\\/\\\/stuttgarti-katolikusok.de\\\/index.php\\\/2025-november-17-es-23-kozott\\\/#primaryimage\"},\"thumbnailUrl\":\"https:\\\/\\\/stuttgarti-katolikusok.de\\\/wp-content\\\/uploads\\\/2020\\\/11\\\/felelosseg.jpg\",\"datePublished\":\"2025-11-17T14:55:40+00:00\",\"dateModified\":\"2025-11-17T15:58:24+00:00\",\"author\":{\"@id\":\"https:\\\/\\\/stuttgarti-katolikusok.de\\\/#\\\/schema\\\/person\\\/75908d6f8fdc03a57889d27209df7795\"},\"breadcrumb\":{\"@id\":\"https:\\\/\\\/stuttgarti-katolikusok.de\\\/index.php\\\/2025-november-17-es-23-kozott\\\/#breadcrumb\"},\"inLanguage\":\"hu\",\"potentialAction\":[{\"@type\":\"ReadAction\",\"target\":[\"https:\\\/\\\/stuttgarti-katolikusok.de\\\/index.php\\\/2025-november-17-es-23-kozott\\\/\"]}]},{\"@type\":\"ImageObject\",\"inLanguage\":\"hu\",\"@id\":\"https:\\\/\\\/stuttgarti-katolikusok.de\\\/index.php\\\/2025-november-17-es-23-kozott\\\/#primaryimage\",\"url\":\"https:\\\/\\\/stuttgarti-katolikusok.de\\\/wp-content\\\/uploads\\\/2020\\\/11\\\/felelosseg.jpg\",\"contentUrl\":\"https:\\\/\\\/stuttgarti-katolikusok.de\\\/wp-content\\\/uploads\\\/2020\\\/11\\\/felelosseg.jpg\",\"width\":640,\"height\":452},{\"@type\":\"BreadcrumbList\",\"@id\":\"https:\\\/\\\/stuttgarti-katolikusok.de\\\/index.php\\\/2025-november-17-es-23-kozott\\\/#breadcrumb\",\"itemListElement\":[{\"@type\":\"ListItem\",\"position\":1,\"name\":\"Kezd\u0151lap\",\"item\":\"https:\\\/\\\/stuttgarti-katolikusok.de\\\/\"},{\"@type\":\"ListItem\",\"position\":2,\"name\":\"2025. NOVEMBER 17 \u00c9S 23 K\u00d6Z\u00d6TT\"}]},{\"@type\":\"WebSite\",\"@id\":\"https:\\\/\\\/stuttgarti-katolikusok.de\\\/#website\",\"url\":\"https:\\\/\\\/stuttgarti-katolikusok.de\\\/\",\"name\":\"Stuttgarti Katolikusok\",\"description\":\"\",\"potentialAction\":[{\"@type\":\"SearchAction\",\"target\":{\"@type\":\"EntryPoint\",\"urlTemplate\":\"https:\\\/\\\/stuttgarti-katolikusok.de\\\/?s={search_term_string}\"},\"query-input\":{\"@type\":\"PropertyValueSpecification\",\"valueRequired\":true,\"valueName\":\"search_term_string\"}}],\"inLanguage\":\"hu\"},{\"@type\":\"Person\",\"@id\":\"https:\\\/\\\/stuttgarti-katolikusok.de\\\/#\\\/schema\\\/person\\\/75908d6f8fdc03a57889d27209df7795\",\"name\":\"Tibor atya\",\"image\":{\"@type\":\"ImageObject\",\"inLanguage\":\"hu\",\"@id\":\"https:\\\/\\\/secure.gravatar.com\\\/avatar\\\/61d268e57d1f4525b111222e29d2d5a7f8c420fdbf231ba5566a8ceac74fa960?s=96&d=mm&r=g\",\"url\":\"https:\\\/\\\/secure.gravatar.com\\\/avatar\\\/61d268e57d1f4525b111222e29d2d5a7f8c420fdbf231ba5566a8ceac74fa960?s=96&d=mm&r=g\",\"contentUrl\":\"https:\\\/\\\/secure.gravatar.com\\\/avatar\\\/61d268e57d1f4525b111222e29d2d5a7f8c420fdbf231ba5566a8ceac74fa960?s=96&d=mm&r=g\",\"caption\":\"Tibor atya\"},\"url\":\"https:\\\/\\\/stuttgarti-katolikusok.de\\\/index.php\\\/author\\\/tibor-atya\\\/\"}]}<\/script>\n<!-- \/ Yoast SEO plugin. -->","yoast_head_json":{"title":"2025. NOVEMBER 17 \u00c9S 23 K\u00d6Z\u00d6TT - Stuttgarti Katolikusok","robots":{"index":"index","follow":"follow","max-snippet":"max-snippet:-1","max-image-preview":"max-image-preview:large","max-video-preview":"max-video-preview:-1"},"canonical":"https:\/\/stuttgarti-katolikusok.de\/index.php\/2025-november-17-es-23-kozott\/","og_locale":"hu_HU","og_type":"article","og_title":"2025. NOVEMBER 17 \u00c9S 23 K\u00d6Z\u00d6TT - Stuttgarti Katolikusok","og_description":"Programel\u0151zetes\u00a0 * November 20-\u00e1n, cs\u00fct\u00f6rt\u00f6k\u00f6n, Weingarteni d\u00e9lut\u00e1n, a 14 Nothelfer Kapelle-ben 17.30 \u00f3rakor r\u00f3zsaf\u00fcz\u00e9rt im\u00e1dkozunk, 18.00 \u00f3rakor szentmise, keret\u00e9ben katek\u00e9zis. * November 21-\u00e9n,\u00a0p\u00e9nteken, Stuttgarti d\u00e9lut\u00e1n, 17.30 \u00f3rakor r\u00f3zsaf\u00fcz\u00e9r im\u00e1ds\u00e1g, 18.00 \u00f3rakor szentmise, keret\u00e9ben katek\u00e9zis. * November 22-\u00e9n, szombaton, Stuttgartban, 16.00 \u00f3rakor: Reutlingenben\u00a016.30 \u00f3rakor \u00c1rp\u00e1d-h\u00e1zi Szent Erzs\u00e9bet b\u00facs\u00fas szentmise,\u00a0ezt k\u00f6vet\u0151en agap\u00e9. * (Miseruha r\u00e9szlet) * November 23-\u00e1n,\u00a0Krisztus Kir\u00e1ly vas\u00e1rnapja, B\u00f6blingenben 9.30 \u00f3rakor, szentmise, ut\u00e1na agap\u00e9, Eislingenben\u00a015.00 \u00f3rakor Sk\u00f3ciai Szent Margit b\u00facs\u00fas szentmise, ut\u00e1na agap\u00e9. * \u00a0 (Miseruha r\u00e9szlet) * Minden helyen mindenkit szeretettel v\u00e1r a k\u00f6z\u00f6ss\u00e9g \u00e9s Tibor atya! * * Bens\u0151s\u00e9ges \u0151szi napokat, j\u00f3 munk\u00e1t, tartalmas besz\u00e9lget\u00e9seket, \u00f6r\u00f6mteli tal\u00e1lkoz\u00e1sokat \u00e9s \u00e1ldott adventi k\u00e9sz\u00fcletet k\u00edv\u00e1nunk minden Kedves H\u00edv\u00fcnknek! * KRISZTUS KIR\u00c1LYS\u00c1G\u00c1R\u00d3L \u00a0\u201eCsod\u00e1latos ez a Kir\u00e1ly, aki lemondott a hatalom minden k\u00fcls\u0151 jel\u00e9r\u0151l, az uralkod\u00e1s, az er\u0151 \u00e9s a g\u0151g minden eszk\u00f6z\u00e9r\u0151l\u2026\u00a0 K\u00fcl\u00f6nleges Kir\u00e1ly ez! Mennyire v\u00e1gyakoznia kell r\u00e1 a modern embernek, aki belef\u00e1sult a hatalom gyakorl\u00e1s\u00e1nak olyan rendszereibe, amelyek elnyom\u00e1ssal \u00e9s er\u0151szakkal s\u00fajtj\u00e1k polg\u00e1raikat. Olyan hatalmak ezek, amelyek az ember legbens\u0151bb vil\u00e1g\u00e1t is szab\u00e1lyozni akarj\u00e1k, ideol\u00f3gi\u00e1kat k\u00e9nyszer\u00edtve r\u00e1juk\u2026 Milyen csod\u00e1latos Kir\u00e1ly J\u00e9zus Krisztus, aki eleve elutas\u00edtja az ember ilyenfajta ir\u00e1ny\u00edt\u00e1s\u00e1t!\u201d (Szent II. J\u00e1nos P\u00e1l p\u00e1pa) (Nyit\u00f3k\u00e9p forr\u00e1sa: Pixabay)","og_url":"https:\/\/stuttgarti-katolikusok.de\/index.php\/2025-november-17-es-23-kozott\/","og_site_name":"Stuttgarti Katolikusok","article_published_time":"2025-11-17T14:55:40+00:00","article_modified_time":"2025-11-17T15:58:24+00:00","og_image":[{"width":640,"height":452,"url":"https:\/\/stuttgarti-katolikusok.de\/wp-content\/uploads\/2020\/11\/felelosseg.jpg","type":"image\/jpeg"}],"author":"Tibor atya","twitter_card":"summary_large_image","twitter_misc":{"Szerz\u0151:":"Tibor atya","Becs\u00fclt olvas\u00e1si id\u0151":"3 perc"},"schema":{"@context":"https:\/\/schema.org","@graph":[{"@type":"Article","@id":"https:\/\/stuttgarti-katolikusok.de\/index.php\/2025-november-17-es-23-kozott\/#article","isPartOf":{"@id":"https:\/\/stuttgarti-katolikusok.de\/index.php\/2025-november-17-es-23-kozott\/"},"author":{"name":"Tibor atya","@id":"https:\/\/stuttgarti-katolikusok.de\/#\/schema\/person\/75908d6f8fdc03a57889d27209df7795"},"headline":"2025. NOVEMBER 17 \u00c9S 23 K\u00d6Z\u00d6TT","datePublished":"2025-11-17T14:55:40+00:00","dateModified":"2025-11-17T15:58:24+00:00","mainEntityOfPage":{"@id":"https:\/\/stuttgarti-katolikusok.de\/index.php\/2025-november-17-es-23-kozott\/"},"wordCount":289,"image":{"@id":"https:\/\/stuttgarti-katolikusok.de\/index.php\/2025-november-17-es-23-kozott\/#primaryimage"},"thumbnailUrl":"https:\/\/stuttgarti-katolikusok.de\/wp-content\/uploads\/2020\/11\/felelosseg.jpg","articleSection":["Progamel\u0151zetes"],"inLanguage":"hu"},{"@type":"WebPage","@id":"https:\/\/stuttgarti-katolikusok.de\/index.php\/2025-november-17-es-23-kozott\/","url":"https:\/\/stuttgarti-katolikusok.de\/index.php\/2025-november-17-es-23-kozott\/","name":"2025. NOVEMBER 17 \u00c9S 23 K\u00d6Z\u00d6TT - Stuttgarti Katolikusok","isPartOf":{"@id":"https:\/\/stuttgarti-katolikusok.de\/#website"},"primaryImageOfPage":{"@id":"https:\/\/stuttgarti-katolikusok.de\/index.php\/2025-november-17-es-23-kozott\/#primaryimage"},"image":{"@id":"https:\/\/stuttgarti-katolikusok.de\/index.php\/2025-november-17-es-23-kozott\/#primaryimage"},"thumbnailUrl":"https:\/\/stuttgarti-katolikusok.de\/wp-content\/uploads\/2020\/11\/felelosseg.jpg","datePublished":"2025-11-17T14:55:40+00:00","dateModified":"2025-11-17T15:58:24+00:00","author":{"@id":"https:\/\/stuttgarti-katolikusok.de\/#\/schema\/person\/75908d6f8fdc03a57889d27209df7795"},"breadcrumb":{"@id":"https:\/\/stuttgarti-katolikusok.de\/index.php\/2025-november-17-es-23-kozott\/#breadcrumb"},"inLanguage":"hu","potentialAction":[{"@type":"ReadAction","target":["https:\/\/stuttgarti-katolikusok.de\/index.php\/2025-november-17-es-23-kozott\/"]}]},{"@type":"ImageObject","inLanguage":"hu","@id":"https:\/\/stuttgarti-katolikusok.de\/index.php\/2025-november-17-es-23-kozott\/#primaryimage","url":"https:\/\/stuttgarti-katolikusok.de\/wp-content\/uploads\/2020\/11\/felelosseg.jpg","contentUrl":"https:\/\/stuttgarti-katolikusok.de\/wp-content\/uploads\/2020\/11\/felelosseg.jpg","width":640,"height":452},{"@type":"BreadcrumbList","@id":"https:\/\/stuttgarti-katolikusok.de\/index.php\/2025-november-17-es-23-kozott\/#breadcrumb","itemListElement":[{"@type":"ListItem","position":1,"name":"Kezd\u0151lap","item":"https:\/\/stuttgarti-katolikusok.de\/"},{"@type":"ListItem","position":2,"name":"2025. NOVEMBER 17 \u00c9S 23 K\u00d6Z\u00d6TT"}]},{"@type":"WebSite","@id":"https:\/\/stuttgarti-katolikusok.de\/#website","url":"https:\/\/stuttgarti-katolikusok.de\/","name":"Stuttgarti Katolikusok","description":"","potentialAction":[{"@type":"SearchAction","target":{"@type":"EntryPoint","urlTemplate":"https:\/\/stuttgarti-katolikusok.de\/?s={search_term_string}"},"query-input":{"@type":"PropertyValueSpecification","valueRequired":true,"valueName":"search_term_string"}}],"inLanguage":"hu"},{"@type":"Person","@id":"https:\/\/stuttgarti-katolikusok.de\/#\/schema\/person\/75908d6f8fdc03a57889d27209df7795","name":"Tibor atya","image":{"@type":"ImageObject","inLanguage":"hu","@id":"https:\/\/secure.gravatar.com\/avatar\/61d268e57d1f4525b111222e29d2d5a7f8c420fdbf231ba5566a8ceac74fa960?s=96&d=mm&r=g","url":"https:\/\/secure.gravatar.com\/avatar\/61d268e57d1f4525b111222e29d2d5a7f8c420fdbf231ba5566a8ceac74fa960?s=96&d=mm&r=g","contentUrl":"https:\/\/secure.gravatar.com\/avatar\/61d268e57d1f4525b111222e29d2d5a7f8c420fdbf231ba5566a8ceac74fa960?s=96&d=mm&r=g","caption":"Tibor atya"},"url":"https:\/\/stuttgarti-katolikusok.de\/index.php\/author\/tibor-atya\/"}]}},"_links":{"self":[{"href":"https:\/\/stuttgarti-katolikusok.de\/index.php\/wp-json\/wp\/v2\/posts\/32023","targetHints":{"allow":["GET"]}}],"collection":[{"href":"https:\/\/stuttgarti-katolikusok.de\/index.php\/wp-json\/wp\/v2\/posts"}],"about":[{"href":"https:\/\/stuttgarti-katolikusok.de\/index.php\/wp-json\/wp\/v2\/types\/post"}],"author":[{"embeddable":true,"href":"https:\/\/stuttgarti-katolikusok.de\/index.php\/wp-json\/wp\/v2\/users\/3"}],"replies":[{"embeddable":true,"href":"https:\/\/stuttgarti-katolikusok.de\/index.php\/wp-json\/wp\/v2\/comments?post=32023"}],"version-history":[{"count":6,"href":"https:\/\/stuttgarti-katolikusok.de\/index.php\/wp-json\/wp\/v2\/posts\/32023\/revisions"}],"predecessor-version":[{"id":32043,"href":"https:\/\/stuttgarti-katolikusok.de\/index.php\/wp-json\/wp\/v2\/posts\/32023\/revisions\/32043"}],"wp:featuredmedia":[{"embeddable":true,"href":"https:\/\/stuttgarti-katolikusok.de\/index.php\/wp-json\/wp\/v2\/media\/20472"}],"wp:attachment":[{"href":"https:\/\/stuttgarti-katolikusok.de\/index.php\/wp-json\/wp\/v2\/media?parent=32023"}],"wp:term":[{"taxonomy":"category","embeddable":true,"href":"https:\/\/stuttgarti-katolikusok.de\/index.php\/wp-json\/wp\/v2\/categories?post=32023"},{"taxonomy":"post_tag","embeddable":true,"href":"https:\/\/stuttgarti-katolikusok.de\/index.php\/wp-json\/wp\/v2\/tags?post=32023"}],"curies":[{"name":"wp","href":"https:\/\/api.w.org\/{rel}","templated":true}]}}