{"id":32010,"date":"2025-11-15T08:58:40","date_gmt":"2025-11-15T07:58:40","guid":{"rendered":"https:\/\/stuttgarti-katolikusok.de\/?p=32010"},"modified":"2025-11-15T08:58:40","modified_gmt":"2025-11-15T07:58:40","slug":"evkozi-33-vasarnap-szegenyek-vilagnapja-3","status":"publish","type":"post","link":"https:\/\/stuttgarti-katolikusok.de\/index.php\/evkozi-33-vasarnap-szegenyek-vilagnapja-3\/","title":{"rendered":"\u00c9vk\u00f6zi 33. vas\u00e1rnap \u2013 Szeg\u00e9nyek vil\u00e1gnapja"},"content":{"rendered":"<p><span style=\"color: #ff6600;\"><em>Az egyh\u00e1zi \u00e9v v\u00e9g\u00e9hez k\u00f6zeledve az \u00e9vk\u00f6zi 33. vas\u00e1rnap olvasm\u00e1nyai a v\u00e9gs\u0151 id\u0151kre ir\u00e1ny\u00edtj\u00e1k gondolatainkat. Benne kiemelt form\u00e1ban a rendelkez\u00e9s\u00fcnkre \u00e1ll\u00f3 id\u0151 fontoss\u00e1g\u00e1t, \u00e9let\u00fcnkre gyakorolt hat\u00e1s\u00e1t szeretn\u00e9 kiemelni.\u00a0\u00a0<\/em><\/span><\/p>\n<p><span style=\"color: #ff6600;\"><em><strong>Szent \u00c1goston<\/strong> az id\u0151 meghat\u00e1roz\u00e1s\u00e1val kapcsolatosan a k\u00f6vetkez\u0151 m\u00f3don fogalmaz: <strong>&#8222;Mi h\u00e1t az id\u0151? Ha senki sem k\u00e9rdezi, tudom; ha k\u00e9rdik t\u0151lem, s meg akarom magyar\u00e1zni, nem tudom.&#8221;<\/strong> Mindennapi \u00e9let\u00fcnkben az id\u0151 az\u00a0esem\u00e9nyek l\u00e1tsz\u00f3lag folyamatos sorrendj\u00e9nek \u00e9rz\u00e9kel\u00e9s\u00e9re utal. A szubjekt\u00edv id\u0151, az egy\u00e9n bels\u0151 id\u0151\u00e9szlel\u00e9se esem\u00e9nyekhez, t\u00f6rt\u00e9n\u00e9sekhez k\u00f6t\u0151dik. Ennek kapcs\u00e1n besz\u00e9lhet\u00fcnk az id\u0151 k\u00e9t k\u00fcl\u00f6nb\u00f6z\u0151 m\u00f3don t\u00f6rt\u00e9n\u0151 megk\u00f6zel\u00edt\u00e9s\u00e9r\u0151l. Az els\u0151 az \u00fagynevezett <strong>kronosz<\/strong> (t\u00f6rt\u00e9nelmi, napt\u00e1ri, mennyis\u00e9gi id\u0151) \u00e9s a <strong>kairosz<\/strong> (az esem\u00e9nyek k\u00f6z\u00f6tti meghat\u00e1rozatlan id\u0151pillanatok). A m\u00falt m\u00e1r elm\u00falt, a j\u00f6v\u0151 m\u00e9g nincs itt. Egyik sincs m\u00e1r birtokomban. A &#8222;m\u00e9g nem&#8221; \u00e9s &#8222;m\u00e1r nem&#8221; fesz\u00edt\u00e9s\u00e9ben ott a pillanat, a jelen, a most. Igen, ez az eny\u00e9m!\u00a0<\/em><\/span><\/p>\n<p><span style=\"color: #ff6600;\"><em>A jelen pillanatban meg\u00e9lt id\u0151nek hamis \u00e9rtelmez\u00e9se a hedonizmus, mintha csak a jelen pillanat l\u00e9tezne. \u00c9lvezd az \u00e9letet! &#8211; harsogj\u00e1k. \u00c9ppen ez\u00e9rt mindazok, akik ezt k\u00f6vetik, nincsenek tekintettel senkire \u00e9s semmire. A teljes szabadoss\u00e1g \u00fatja ez, amely v\u00e9gs\u0151 soron \u00f6npuszt\u00edt\u00e1shoz vezet.<\/em><\/span><\/p>\n<p><span style=\"color: #ff6600;\"><em>Ezzel szemben a pillanat, a jelen meg\u00e9l\u00e9se a kairosz szellem\u00e9ben,\u00a0 eg\u00e9szen m\u00e1s megvil\u00e1g\u00edt\u00e1sba helyezi a jelen, az &#8222;\u00e9n id\u0151&#8221;\u00a0 meg\u00edt\u00e9l\u00e9s\u00e9t. Hiszen a folyamatos jelenben \u00e9l\u00e9s adja meg \u00e9letem \u00edz\u00e9rt \u00e9s \u00e9rtelm\u00e9t. Itt \u00e9s most mondhatom el a velem \u00e9l\u0151 embert\u00e1rsamnak,\u00a0 &#8211; hitvest\u00e1rs, gyermek, sz\u00fcl\u0151, rokon, bar\u00e1t, ismer\u0151s &#8211; azt, amit gondolok vele kapcsolatosan. Elmondom, hogy mennyire fontos sz\u00e1momra, szeretem, tisztelem, \u00e9rt\u00e9kelem. \u0150szint\u00e9n elmondom, mit is \u00e9rzek vele kapcsolatosan. Teszem mindezt addig, am\u00edg lehet\u0151s\u00e9gem van r\u00e1.\u00a0 Amennyiben nem teszem meg, kics\u00faszik kezemb\u0151l ez a pillanat, lehet hogy m\u00e1r sohasem lesz r\u00e1 alkalmam megtenni azt, amit megtehettem volna. \u00c9ljek h\u00e1t a jelen k\u00edn\u00e1lta lehet\u0151s\u00e9ggel.\u00a0 Egy\u00e9rtelm\u0171, most kell elmondanom, hogy szeretem, fontos sz\u00e1momra. Most kell bocs\u00e1natot k\u00e9rnem t\u0151le, \u0151szint\u00e9n szem\u00e9be n\u00e9zve, komolyan gondolva. K\u00fcl\u00f6nben magamra maradok, \u00e9rz\u00e9seimmel \u00e9s gondolataimmal. S mert elmulasztottam mindezt megtenni, az \u00e9rz\u00e9s egyre f\u00e1j\u00f3bb \u00e9s k\u00ednz\u00f3bb.<\/em><\/span><\/p>\n<p><span style=\"color: #ff6600;\"><em>Ide k\u00edv\u00e1nkozik az Ismer\u0151s Arcok: N\u00e9lk\u00fcled c\u00edm\u0171 \u00e9nek\u00e9nek els\u0151 k\u00e9t sora:<\/em><\/span><\/p>\n<p><span style=\"color: #ff6600;\"><em>&#8222;Annyi mindent k\u00e9ne m\u00e9g elmondanom<br \/>\nS ha nem teszem, tal\u00e1n m\u00e1r nem is lesz r\u00e1 alkalom&#8230;&#8221;<\/em><\/span><\/p>\n<p><span style=\"color: #ff6600;\"><em> Nincs semmi sem elveszve! Ne feledjem, a jelen, a most az eny\u00e9m. Annak min\u0151s\u00e9g\u00e9r\u0151l szint\u00e9n \u00e9n d\u00f6nt\u00f6k.<\/em><\/span><\/p>\n<p><span style=\"color: #008000;\">Kezd\u0151\u00e9nek:<\/span><br \/>\n\u00edgy sz\u00f3l az \u00dar: Az \u00e9n gondolatom a b\u00e9kess\u00e9g gondolata \u00e9s nem a nyomor\u00fas\u00e1g\u00e9; h\u00edvjatok engem, \u00e9s meghallgatlak titeket, \u00e9s hazavezetlek fogs\u00e1gotokb\u00f3l, b\u00e1rhol is \u00e9ltek. (Jer 29,11.12.14)<\/p>\n<p><span style=\"color: #008000;\">K\u00f6ny\u00f6rg\u00e9s:<\/span><br \/>\nUrunk, Isten\u00fcnk, add, hogy \u00f6rvendezve mindig neked \u00e9lj\u00fcnk, mert soha meg nem fogyatkoz\u00f3 \u00e9s teljes \u00f6r\u00f6m az, ha sz\u00fcntelen\u00fcl szolg\u00e1lhatunk neked, minden javak szerz\u0151j\u00e9nek. A mi Urunk, J\u00e9zus Krisztus, a te Fiad \u00e1ltal, aki veled \u00e9l \u00e9s uralkodik a Szentl\u00e9lekkel egys\u00e9gben, Isten mind\u00f6r\u00f6kk\u00f6n \u00f6r\u00f6kk\u00e9.<\/p>\n<p><span style=\"color: #008000;\">OLVASM\u00c1NY Malaki\u00e1s pr\u00f3f\u00e9ta k\u00f6nyv\u00e9b\u0151l (Mal 3,19-20a)<\/span><br \/>\n<em>Az utols<\/em><em>\u00f3 <\/em><em>\u00edt<\/em><em>\u00e9letkor felk<\/em><em>\u00e9l az igazs<\/em><em>\u00e1g napja: Isten megfizet mindenkinek cselekedetei szerint.<\/em><br \/>\n\u00cdme, el\u00e9rkezik az a nap, s izz\u00f3 lesz, mint a kemence. Minden kev\u00e9ly \u00e9s minden gonosztev\u0151 olyan lesz, mint a szalma: az a nap, amely el\u00e9rkezik, l\u00e1ngra lobbantja \u0151ket \u2013 mondja a Seregek Ura \u2013, \u00fagy hogy sem gy\u00f6k\u00e9r, sem lombozat nem marad bel\u0151l\u00fck.<br \/>\nNektek pedig, akik f\u00e9litek a nevemet, felragyog az igazs\u00e1g napja, \u00e9s sugarai \u00fcdv\u00f6ss\u00e9get \u00e1rasztanak.<br \/>\nEz az Isten ig\u00e9je.<\/p>\n<p><span style=\"color: #008000;\">V\u00c1LASZOS ZSOLT\u00c1R (Zsolt 97,5-6.7-8.9a.9bc)<\/span><br \/>\nV\u00e1lasz:\u00a0<strong>Elj<\/strong><strong>\u00f6n az <\/strong><strong>\u00dar <\/strong><strong>\u00edt<\/strong><strong>\u00e9lni a f<\/strong><strong>\u00f6ldet, * igazs<\/strong><strong>\u00e1gban <\/strong><strong>\u00edt<\/strong><strong>\u00e9li az eg<\/strong><strong>\u00e9sz vil<\/strong><strong>\u00e1got.<\/strong>\u00a0V\u00f6. 9. vers. (6. t\u00f3nus)<br \/>\nEl\u0151\u00e9nekes: Daloljatok az \u00darnak citer\u00e1val, * citer\u00e1val \u00e9s a zsolt\u00e1rok szav\u00e1val.<br \/>\nHarson\u00e1kkal \u00e9s zeng\u0151 k\u00fcrt\u00f6kkel, * ujjongjatok az \u00dar \u00e9s kir\u00e1ly el\u0151tt.<br \/>\nH\u00edvek: Elj\u00f6n az \u00dar \u00edt\u00e9lni a f\u00f6ldet, * igazs\u00e1gban \u00edt\u00e9li az eg\u00e9sz vil\u00e1got.<br \/>\nE: Z\u00fagjon a tenger, \u00e9s ami bet\u00f6lti, * a f\u00f6ldkereks\u00e9g, \u00e9s akik rajta \u00e9lnek.<br \/>\nTapsoljanak a folyamok, * \u00e9s a hegyek is ujjongjanak az \u00dar sz\u00edne el\u0151tt.<br \/>\nH: Elj\u00f6n az \u00dar \u00edt\u00e9lni a f\u00f6ldet, * igazs\u00e1gban \u00edt\u00e9li az eg\u00e9sz vil\u00e1got.<br \/>\nE: Mert elj\u00f6n \u00edt\u00e9lni a f\u00f6ldet, \u2020 igazs\u00e1gban \u00edt\u00e9li az eg\u00e9sz vil\u00e1got, * egyenl\u0151k\u00e9ppen minden n\u00e9pet.<br \/>\nH: Elj\u00f6n az \u00dar \u00edt\u00e9lni a f\u00f6ldet, * igazs\u00e1gban \u00edt\u00e9li az eg\u00e9sz vil\u00e1got.<\/p>\n<p><span style=\"color: #008000;\">SZENTLECKE Szent P\u00e1l apostolnak a tesszaloniki h\u00edvekhez \u00edrt m\u00e1sodik level\u00e9b\u0151l (2Tessz 3,7-12)<\/span><br \/>\n<em>Krisztus k<\/em><em>\u00f6vet<\/em><em>\u0151je azt vallja: Aki nem akar dolgozni, ne is egy<\/em><em>\u00e9k!<\/em><br \/>\nTestv\u00e9reim!<br \/>\nTudj\u00e1tok, hogyan kell minket k\u00f6vetni. Nem \u00e9lt\u00fcnk t\u00e9tlen\u00fcl k\u00f6z\u00f6ttetek. Senki kenyer\u00e9t ingyen nem ett\u00fck, hanem keserves f\u00e1rads\u00e1ggal, \u00e9jjel nappal megdolgoztunk \u00e9rte, hogy senkinek ne legy\u00fcnk terh\u00e9re.<br \/>\nNem mintha nem lett volna r\u00e1 jogunk, hanem mert p\u00e9ld\u00e1t akartunk nektek adni, hogy k\u00f6vess\u00e9tek. M\u00e1r amikor n\u00e1latok voltunk, meghagytuk nektek, hogy aki nem akar dolgozni, ne is egy\u00e9k.<br \/>\nMost m\u00e9gis azt halljuk, hogy n\u00e9melyek rendetlen\u00fcl \u00e9lnek, nem dolgoznak, hanem haszontalans\u00e1gra fecs\u00e9rlik idej\u00fcket.<br \/>\nAz ilyeneknek megparancsoljuk, \u00e9s a lelk\u00fckre k\u00f6tj\u00fck Urunkban, J\u00e9zus Krisztusban, hogy b\u00e9k\u00e9ben dolgozva a maguk kenyer\u00e9t egy\u00e9k.<br \/>\nEz az Isten ig\u00e9je.<\/p>\n<p><span style=\"color: #008000;\">ALLELUJA<\/span><br \/>\nN\u00e9zzetek f\u00f6l, \u00e9s emelj\u00e9tek f\u00f6l fejeteket, * mert el\u00e9rkezett megv\u00e1lt\u00e1stok ideje. Lk 21,28 \u2013 6. t\u00f3nus.<\/p>\n<p><span style=\"color: #008000;\">\u2020 EVANG\u00c9LIUM Szent Luk\u00e1cs k\u00f6nyv\u00e9b\u0151l (Lk 21,5-19)<\/span><br \/>\n<em>Semmi sem maradand<\/em><em>\u00f3 ezen a f<\/em><em>\u00f6ld<\/em><em>\u00f6n. Aki mindv<\/em><em>\u00e9gig <\/em><em>\u00e1llhatatos, az <\/em><em>\u00fcdv<\/em><em>\u00f6z<\/em><em>\u00fcl.<\/em><br \/>\nAbban az id\u0151ben:<br \/>\nAmikor n\u00e9melyek megjegyezt\u00e9k, hogy milyen sz\u00e9p k\u00f6vekkel \u00e9s d\u00edszes fogadalmi aj\u00e1nd\u00e9kokkal van d\u00edsz\u00edtve a templom, J\u00e9zus ezt mondta:<br \/>\n\u201eJ\u00f6nnek majd napok, amikor abb\u00f3l, amit most itt l\u00e1ttok, k\u0151 k\u00f6v\u00f6n nem marad, mindent lerombolnak.\u201d<br \/>\nErre megk\u00e9rdezt\u00e9k t\u0151le: \u201eMester, mikor t\u00f6rt\u00e9nik mindez? \u00c9s milyen jelek el\u0151zik meg?\u201d<br \/>\n\u0150 \u00edgy v\u00e1laszolt: \u201eVigy\u00e1zzatok, nehogy f\u00e9lrevezessenek titeket! Sokan j\u00f6nnek az \u00e9n nevemben s mondj\u00e1k: \u00bb\u00c9n vagyok.\u00ab \u00c9s: \u00bbEl\u00e9rkezett az id\u0151.\u00ab Ne k\u00f6vess\u00e9tek \u0151ket.<br \/>\nAmikor h\u00e1bor\u00fakr\u00f3l \u00e9s l\u00e1zad\u00e1sokr\u00f3l hallotok, ne r\u00e9m\u00fcld\u00f6zzetek. Mindennek el\u0151bb meg kell t\u00f6rt\u00e9nnie, de ezzel m\u00e9g nincs itt a v\u00e9g!\u201d<br \/>\nAzt\u00e1n \u00edgy folytatta: \u201eNemzet nemzet ellen \u00e9s orsz\u00e1g orsz\u00e1g ellen t\u00e1mad. Nagy f\u00f6ldreng\u00e9s lesz itt is, ott is, \u00e9h\u00edns\u00e9g \u00e9s d\u00f6gv\u00e9sz. F\u00e9lelmetes t\u00fcnem\u00e9nyek \u00e9s rendk\u00edv\u00fcli jelek t\u0171nnek fel az \u00e9gen.<br \/>\nDe el\u0151bb kezet emelnek r\u00e1tok, \u00e9s \u00fcld\u00f6zni fognak benneteket. Kiszolg\u00e1ltatnak a zsinag\u00f3g\u00e1knak \u00e9s b\u00f6rt\u00f6nbe vetnek. Kir\u00e1lyok \u00e9s helytart\u00f3k el\u00e9 hurcolnak az \u00e9n nevem\u00e9rt, az\u00e9rt, hogy tan\u00fas\u00e1got tegyetek.<br \/>\nV\u00e9ss\u00e9tek h\u00e1t sz\u00edvetekbe: Ne t\u00f6rj\u00e9tek fejeteket el\u0151re, hogyan v\u00e9dekezzetek. \u00c9n olyan \u00e9kessz\u00f3l\u00e1st \u00e9s b\u00f6lcsess\u00e9get adok majd nektek, hogy egyetlen ellenfeletek sem tud ellen\u00e1llni vagy ellentmondani.<br \/>\nKiszolg\u00e1ltatnak benneteket a sz\u00fcl\u0151k, testv\u00e9rek, rokonok \u00e9s bar\u00e1tok, s n\u00e9melyeket meg is \u00f6lnek. Az \u00e9n nevem\u00e9rt mindenki gy\u0171l\u00f6lni fog titeket. De egyetlen hajsz\u00e1l sem v\u00e9sz el a fejetekr\u0151l. \u00c1llhatatoss\u00e1ggal \u0151rzitek meg lelketeket.\u201d<br \/>\nEzek az evang\u00e9lium ig\u00e9i.<\/p>\n<p><span style=\"color: #008000;\">EGYETEMES K\u00d6NY\u00d6RG\u00c9SEK<\/span><br \/>\nPap: Testv\u00e9reim! Az id\u0151 \u00e9s az \u00f6r\u00f6kk\u00e9val\u00f3s\u00e1g Ura nem el\u00edt\u00e9lni, hanem \u00fcdv\u00f6z\u00edteni akar minket. K\u00e9rj\u00fck kegyelm\u00e9t, hogy minden megpr\u00f3b\u00e1ltat\u00e1s k\u00f6z\u00f6tt is h\u0171s\u00e9gesek maradjunk hozz\u00e1!<br \/>\nLektor: 1. V\u00e9sd sz\u00edv\u00fcnkbe, Urunk, azt az igazs\u00e1got, hogy te minden megpr\u00f3b\u00e1ltat\u00e1s k\u00f6zepette v\u00e1ltozatlanul szeretsz minket!<br \/>\nH\u00edvek: K\u00e9r\u00fcnk t\u00e9ged, hallgass meg minket!<br \/>\n2. Er\u0151s\u00edtsd Egyh\u00e1zadat, hogy minden viszontags\u00e1g ellen\u00e9re h\u0171s\u00e9gesen tan\u00faskodj\u00e9k r\u00f3lad az emberek el\u0151tt!<br \/>\nH\u00edvek: K\u00e9r\u00fcnk t\u00e9ged . . .<br \/>\n3. Seg\u00edtsd a n\u00e9peket, hogy a visz\u00e1lyok megsz\u0171njenek, \u00e9s t\u00f6retlen\u00fcl megmaradjon a lelkekben a testv\u00e9ri \u00f6sszetartoz\u00e1s tudata!<br \/>\nH\u00edvek: K\u00e9r\u00fcnk t\u00e9ged . . .<br \/>\n4. Ne engedd, hogy a rosszat rosszal viszonozzuk, \u00e9s ford\u00edtsd fel\u00e9nk azok sz\u00edv\u00e9t, akik nem szeretnek minket!<br \/>\nH\u00edvek: K\u00e9r\u00fcnk t\u00e9ged . . .<br \/>\n5. Add meg h\u00edveidnek a mindv\u00e9gig val\u00f3 \u00e1llhatatoss\u00e1g kegyelm\u00e9t!<br \/>\nH\u00edvek: K\u00e9r\u00fcnk t\u00e9ged . . .<br \/>\nPap: Urunk, Isten\u00fcnk, \u0151rizd meg n\u00e9pedben az \u00f6r\u00f6k \u00e9let rem\u00e9ny\u00e9t \u00e9s az ir\u00e1ntad val\u00f3 igaz szeretetet, hogy semmif\u00e9le viszontags\u00e1g el ne szak\u00edtson t\u0151le! Krisztus, a mi Urunk \u00e1ltal.<br \/>\nH\u00edvek: \u00c1men.<\/p>\n<p><span style=\"color: #008000;\">Felaj\u00e1nl\u00f3 k\u00f6ny\u00f6rg\u00e9s:<\/span><br \/>\nK\u00e9r\u00fcnk, Urunk, Isten\u00fcnk, hogy a F\u00f6ls\u00e9gednek bemutatott \u00e1ldozati adom\u00e1ny szerezze meg nek\u00fcnk a sz\u00edvb\u00e9li odaad\u00e1s kegyelm\u00e9t, \u00e9s vezessen el az \u00f6r\u00f6k \u00e9letre. Krisztus, a mi Urunk \u00e1ltal.<\/p>\n<p><span style=\"color: #008000;\">Pref\u00e1ci\u00f3:<\/span><br \/>\nMert val\u00f3ban m\u00e9lt\u00f3 \u00e9s igazs\u00e1gos, ill\u0151 \u00e9s \u00fcdv\u00f6s, hogy mindig \u00e9s minden\u00fctt h\u00e1l\u00e1t adjunk n\u00e9ked, mi Urunk, szents\u00e9ges Aty\u00e1nk, mindenhat\u00f3, \u00f6r\u00f6k Isten: Krisztus, a mi Urunk \u00e1ltal.<br \/>\nAz \u0151 csod\u00e1latos m\u0171ve volt, hogy a h\u00fasv\u00e9t szent titka \u00e1ltal a b\u0171nb\u0151l \u00e9s a hal\u00e1l ig\u00e1j\u00e1b\u00f3l arra a dics\u0151s\u00e9gre h\u00edvott meg minket, mely \u00e1ltal v\u00e1lasztott n\u00e9p, kir\u00e1lyi paps\u00e1g, szent nemzet \u00e9s a te megv\u00e1ltott n\u00e9ped lett\u00fcnk.<br \/>\n\u00cdgy minden\u00fctt hirdetj\u00fck hatalmas m\u0171vedet, hogy a s\u00f6t\u00e9ts\u00e9gb\u0151l csod\u00e1latos vil\u00e1goss\u00e1godra h\u00edvt\u00e1l meg minket.<br \/>\n\u00c9s ez\u00e9rt mi is, mik\u00e9nt az angyalok \u00e9s f\u0151angyalok, a tr\u00f3nod k\u00f6r\u00fcl \u00e1ll\u00f3 hatalmas \u00e9gi szellemek, \u00e9s minden seregek a mennyben, a te dics\u0151s\u00e9ged himnusz\u00e1t zengj\u00fck, \u00e9s vel\u00fck egy\u00fctt v\u00e9g n\u00e9lk\u00fcl \u00e9nekelj\u00fck:<\/p>\n<p><span style=\"color: #008000;\">\u00c1ldoz\u00e1si \u00e9nek:<\/span><br \/>\nJ\u00f3 nekem az Istenhez ragaszkodnom: az \u00daristenbe helyezni rem\u00e9nyemet. (Zsolt 72,28)<br \/>\n<span style=\"color: #008000;\"><em>Vagy<\/em><\/span><br \/>\nBizony mondom nektek, hogy mindazt, amit im\u00e1dkozva k\u00e9rtek, higgy\u00e9tek, hogy megkapj\u00e1tok, \u00e9s akkor val\u00f3ban teljes\u00fcl k\u00e9r\u00e9setek &#8211; mondja az \u00dar. (Mk 11,23.24)<\/p>\n<p><span style=\"color: #008000;\">\u00c1ldoz\u00e1s ut\u00e1ni k\u00f6ny\u00f6rg\u00e9s:<\/span><br \/>\nUrunk, Isten\u00fcnk, magunkhoz vett\u00fck a szent \u00e1ldozat aj\u00e1nd\u00e9kait. Al\u00e1zattal k\u00e9r\u00fcnk, hogy amit szent Fiad az \u0151 eml\u00e9kezet\u00e9re cselekedn\u00fcnk rendelt, n\u00f6velje szeretet\u00fcnket. Krisztus, a mi Urunk \u00e1ltal.<\/p>\n<p><em>(K\u00e9p forr\u00e1sa: Instagram)<\/em><\/p>\n","protected":false},"excerpt":{"rendered":"<p>Az egyh\u00e1zi \u00e9v v\u00e9g\u00e9hez k\u00f6zeledve az \u00e9vk\u00f6zi 33. vas\u00e1rnap olvasm\u00e1nyai a v\u00e9gs\u0151 id\u0151kre ir\u00e1ny\u00edtj\u00e1k gondolatainkat. Benne kiemelt form\u00e1ban a rendelkez\u00e9s\u00fcnkre \u00e1ll\u00f3 id\u0151 fontoss\u00e1g\u00e1t, \u00e9let\u00fcnkre gyakorolt hat\u00e1s\u00e1t szeretn\u00e9 kiemelni.\u00a0\u00a0 Szent \u00c1goston az id\u0151 meghat\u00e1roz\u00e1s\u00e1val kapcsolatosan a k\u00f6vetkez\u0151 m\u00f3don fogalmaz: &#8222;Mi h\u00e1t az id\u0151? Ha senki sem k\u00e9rdezi, tudom; ha k\u00e9rdik t\u0151lem, s meg akarom magyar\u00e1zni, nem tudom.&#8221; Mindennapi \u00e9let\u00fcnkben az id\u0151 az\u00a0esem\u00e9nyek l\u00e1tsz\u00f3lag folyamatos sorrendj\u00e9nek \u00e9rz\u00e9kel\u00e9s\u00e9re utal. A szubjekt\u00edv id\u0151, az egy\u00e9n bels\u0151 id\u0151\u00e9szlel\u00e9se esem\u00e9nyekhez, t\u00f6rt\u00e9n\u00e9sekhez k\u00f6t\u0151dik. Ennek kapcs\u00e1n besz\u00e9lhet\u00fcnk az id\u0151 k\u00e9t k\u00fcl\u00f6nb\u00f6z\u0151 m\u00f3don t\u00f6rt\u00e9n\u0151 megk\u00f6zel\u00edt\u00e9s\u00e9r\u0151l. Az els\u0151 az \u00fagynevezett kronosz (t\u00f6rt\u00e9nelmi, napt\u00e1ri, mennyis\u00e9gi id\u0151) \u00e9s a kairosz (az esem\u00e9nyek k\u00f6z\u00f6tti meghat\u00e1rozatlan id\u0151pillanatok). A m\u00falt m\u00e1r elm\u00falt, a j\u00f6v\u0151 m\u00e9g nincs itt. Egyik sincs m\u00e1r birtokomban. A &#8222;m\u00e9g nem&#8221; \u00e9s &#8222;m\u00e1r nem&#8221; fesz\u00edt\u00e9s\u00e9ben ott a pillanat, a jelen, a most. Igen, ez az eny\u00e9m!\u00a0 A jelen pillanatban meg\u00e9lt id\u0151nek hamis \u00e9rtelmez\u00e9se a hedonizmus, mintha csak a jelen pillanat l\u00e9tezne. \u00c9lvezd az \u00e9letet! &#8211; harsogj\u00e1k. \u00c9ppen ez\u00e9rt mindazok, akik ezt k\u00f6vetik, nincsenek tekintettel senkire \u00e9s semmire. A teljes szabadoss\u00e1g \u00fatja ez, amely v\u00e9gs\u0151 soron \u00f6npuszt\u00edt\u00e1shoz vezet. Ezzel szemben a pillanat, a jelen meg\u00e9l\u00e9se a kairosz szellem\u00e9ben,\u00a0 eg\u00e9szen m\u00e1s megvil\u00e1g\u00edt\u00e1sba helyezi a jelen, az &#8222;\u00e9n id\u0151&#8221;\u00a0 meg\u00edt\u00e9l\u00e9s\u00e9t. Hiszen a folyamatos jelenben \u00e9l\u00e9s adja meg \u00e9letem \u00edz\u00e9rt \u00e9s \u00e9rtelm\u00e9t. Itt \u00e9s most mondhatom el a velem \u00e9l\u0151 embert\u00e1rsamnak,\u00a0 &#8211; hitvest\u00e1rs, gyermek, sz\u00fcl\u0151, rokon, bar\u00e1t, ismer\u0151s &#8211; azt, amit gondolok vele kapcsolatosan. Elmondom, hogy mennyire fontos sz\u00e1momra, szeretem, tisztelem, \u00e9rt\u00e9kelem. \u0150szint\u00e9n elmondom, mit is \u00e9rzek vele kapcsolatosan. Teszem mindezt addig, am\u00edg lehet\u0151s\u00e9gem van r\u00e1.\u00a0 Amennyiben nem teszem meg, kics\u00faszik kezemb\u0151l ez a pillanat, lehet hogy m\u00e1r sohasem lesz r\u00e1 alkalmam megtenni azt, amit megtehettem volna. \u00c9ljek h\u00e1t a jelen k\u00edn\u00e1lta lehet\u0151s\u00e9ggel.\u00a0 Egy\u00e9rtelm\u0171, most kell elmondanom, hogy szeretem, fontos sz\u00e1momra. Most kell bocs\u00e1natot k\u00e9rnem t\u0151le, \u0151szint\u00e9n szem\u00e9be n\u00e9zve, komolyan gondolva. K\u00fcl\u00f6nben magamra maradok, \u00e9rz\u00e9seimmel \u00e9s&#8230; <\/p>\n<p><a class=\"readmore\" href=\"https:\/\/stuttgarti-katolikusok.de\/index.php\/evkozi-33-vasarnap-szegenyek-vilagnapja-3\/\">R\u00e9szletek<\/a><\/p>\n","protected":false},"author":3,"featured_media":27490,"comment_status":"closed","ping_status":"closed","sticky":false,"template":"","format":"standard","meta":{"footnotes":""},"categories":[85,1,63],"tags":[],"class_list":["post-32010","post","type-post","status-publish","format-standard","has-post-thumbnail","hentry","category-a-liturgia-olvasmanyai","category-valogatott","category-vasarnapi-gondolatok"],"yoast_head":"<!-- This site is optimized with the Yoast SEO plugin v27.3 - https:\/\/yoast.com\/product\/yoast-seo-wordpress\/ -->\n<title>\u00c9vk\u00f6zi 33. vas\u00e1rnap \u2013 Szeg\u00e9nyek vil\u00e1gnapja - Stuttgarti Katolikusok<\/title>\n<meta name=\"robots\" content=\"index, follow, max-snippet:-1, max-image-preview:large, max-video-preview:-1\" \/>\n<link rel=\"canonical\" href=\"https:\/\/stuttgarti-katolikusok.de\/index.php\/evkozi-33-vasarnap-szegenyek-vilagnapja-3\/\" \/>\n<meta property=\"og:locale\" content=\"hu_HU\" \/>\n<meta property=\"og:type\" content=\"article\" \/>\n<meta property=\"og:title\" content=\"\u00c9vk\u00f6zi 33. vas\u00e1rnap \u2013 Szeg\u00e9nyek vil\u00e1gnapja - Stuttgarti Katolikusok\" \/>\n<meta property=\"og:description\" content=\"Az egyh\u00e1zi \u00e9v v\u00e9g\u00e9hez k\u00f6zeledve az \u00e9vk\u00f6zi 33. vas\u00e1rnap olvasm\u00e1nyai a v\u00e9gs\u0151 id\u0151kre ir\u00e1ny\u00edtj\u00e1k gondolatainkat. Benne kiemelt form\u00e1ban a rendelkez\u00e9s\u00fcnkre \u00e1ll\u00f3 id\u0151 fontoss\u00e1g\u00e1t, \u00e9let\u00fcnkre gyakorolt hat\u00e1s\u00e1t szeretn\u00e9 kiemelni.\u00a0\u00a0 Szent \u00c1goston az id\u0151 meghat\u00e1roz\u00e1s\u00e1val kapcsolatosan a k\u00f6vetkez\u0151 m\u00f3don fogalmaz: &#8222;Mi h\u00e1t az id\u0151? Ha senki sem k\u00e9rdezi, tudom; ha k\u00e9rdik t\u0151lem, s meg akarom magyar\u00e1zni, nem tudom.&#8221; Mindennapi \u00e9let\u00fcnkben az id\u0151 az\u00a0esem\u00e9nyek l\u00e1tsz\u00f3lag folyamatos sorrendj\u00e9nek \u00e9rz\u00e9kel\u00e9s\u00e9re utal. A szubjekt\u00edv id\u0151, az egy\u00e9n bels\u0151 id\u0151\u00e9szlel\u00e9se esem\u00e9nyekhez, t\u00f6rt\u00e9n\u00e9sekhez k\u00f6t\u0151dik. Ennek kapcs\u00e1n besz\u00e9lhet\u00fcnk az id\u0151 k\u00e9t k\u00fcl\u00f6nb\u00f6z\u0151 m\u00f3don t\u00f6rt\u00e9n\u0151 megk\u00f6zel\u00edt\u00e9s\u00e9r\u0151l. Az els\u0151 az \u00fagynevezett kronosz (t\u00f6rt\u00e9nelmi, napt\u00e1ri, mennyis\u00e9gi id\u0151) \u00e9s a kairosz (az esem\u00e9nyek k\u00f6z\u00f6tti meghat\u00e1rozatlan id\u0151pillanatok). A m\u00falt m\u00e1r elm\u00falt, a j\u00f6v\u0151 m\u00e9g nincs itt. Egyik sincs m\u00e1r birtokomban. A &#8222;m\u00e9g nem&#8221; \u00e9s &#8222;m\u00e1r nem&#8221; fesz\u00edt\u00e9s\u00e9ben ott a pillanat, a jelen, a most. Igen, ez az eny\u00e9m!\u00a0 A jelen pillanatban meg\u00e9lt id\u0151nek hamis \u00e9rtelmez\u00e9se a hedonizmus, mintha csak a jelen pillanat l\u00e9tezne. \u00c9lvezd az \u00e9letet! &#8211; harsogj\u00e1k. \u00c9ppen ez\u00e9rt mindazok, akik ezt k\u00f6vetik, nincsenek tekintettel senkire \u00e9s semmire. A teljes szabadoss\u00e1g \u00fatja ez, amely v\u00e9gs\u0151 soron \u00f6npuszt\u00edt\u00e1shoz vezet. Ezzel szemben a pillanat, a jelen meg\u00e9l\u00e9se a kairosz szellem\u00e9ben,\u00a0 eg\u00e9szen m\u00e1s megvil\u00e1g\u00edt\u00e1sba helyezi a jelen, az &#8222;\u00e9n id\u0151&#8221;\u00a0 meg\u00edt\u00e9l\u00e9s\u00e9t. Hiszen a folyamatos jelenben \u00e9l\u00e9s adja meg \u00e9letem \u00edz\u00e9rt \u00e9s \u00e9rtelm\u00e9t. Itt \u00e9s most mondhatom el a velem \u00e9l\u0151 embert\u00e1rsamnak,\u00a0 &#8211; hitvest\u00e1rs, gyermek, sz\u00fcl\u0151, rokon, bar\u00e1t, ismer\u0151s &#8211; azt, amit gondolok vele kapcsolatosan. Elmondom, hogy mennyire fontos sz\u00e1momra, szeretem, tisztelem, \u00e9rt\u00e9kelem. \u0150szint\u00e9n elmondom, mit is \u00e9rzek vele kapcsolatosan. Teszem mindezt addig, am\u00edg lehet\u0151s\u00e9gem van r\u00e1.\u00a0 Amennyiben nem teszem meg, kics\u00faszik kezemb\u0151l ez a pillanat, lehet hogy m\u00e1r sohasem lesz r\u00e1 alkalmam megtenni azt, amit megtehettem volna. \u00c9ljek h\u00e1t a jelen k\u00edn\u00e1lta lehet\u0151s\u00e9ggel.\u00a0 Egy\u00e9rtelm\u0171, most kell elmondanom, hogy szeretem, fontos sz\u00e1momra. Most kell bocs\u00e1natot k\u00e9rnem t\u0151le, \u0151szint\u00e9n szem\u00e9be n\u00e9zve, komolyan gondolva. K\u00fcl\u00f6nben magamra maradok, \u00e9rz\u00e9seimmel \u00e9s... R\u00e9szletek\" \/>\n<meta property=\"og:url\" content=\"https:\/\/stuttgarti-katolikusok.de\/index.php\/evkozi-33-vasarnap-szegenyek-vilagnapja-3\/\" \/>\n<meta property=\"og:site_name\" content=\"Stuttgarti Katolikusok\" \/>\n<meta property=\"article:published_time\" content=\"2025-11-15T07:58:40+00:00\" \/>\n<meta property=\"og:image\" content=\"https:\/\/stuttgarti-katolikusok.de\/wp-content\/uploads\/2023\/11\/onstagram-11-18.jpg\" \/>\n\t<meta property=\"og:image:width\" content=\"1064\" \/>\n\t<meta property=\"og:image:height\" content=\"796\" \/>\n\t<meta property=\"og:image:type\" content=\"image\/jpeg\" \/>\n<meta name=\"author\" content=\"Tibor atya\" \/>\n<meta name=\"twitter:card\" content=\"summary_large_image\" \/>\n<meta name=\"twitter:label1\" content=\"Szerz\u0151:\" \/>\n\t<meta name=\"twitter:data1\" content=\"Tibor atya\" \/>\n\t<meta name=\"twitter:label2\" content=\"Becs\u00fclt olvas\u00e1si id\u0151\" \/>\n\t<meta name=\"twitter:data2\" content=\"8 perc\" \/>\n<script type=\"application\/ld+json\" class=\"yoast-schema-graph\">{\"@context\":\"https:\\\/\\\/schema.org\",\"@graph\":[{\"@type\":\"Article\",\"@id\":\"https:\\\/\\\/stuttgarti-katolikusok.de\\\/index.php\\\/evkozi-33-vasarnap-szegenyek-vilagnapja-3\\\/#article\",\"isPartOf\":{\"@id\":\"https:\\\/\\\/stuttgarti-katolikusok.de\\\/index.php\\\/evkozi-33-vasarnap-szegenyek-vilagnapja-3\\\/\"},\"author\":{\"name\":\"Tibor atya\",\"@id\":\"https:\\\/\\\/stuttgarti-katolikusok.de\\\/#\\\/schema\\\/person\\\/75908d6f8fdc03a57889d27209df7795\"},\"headline\":\"\u00c9vk\u00f6zi 33. vas\u00e1rnap \u2013 Szeg\u00e9nyek vil\u00e1gnapja\",\"datePublished\":\"2025-11-15T07:58:40+00:00\",\"mainEntityOfPage\":{\"@id\":\"https:\\\/\\\/stuttgarti-katolikusok.de\\\/index.php\\\/evkozi-33-vasarnap-szegenyek-vilagnapja-3\\\/\"},\"wordCount\":1960,\"image\":{\"@id\":\"https:\\\/\\\/stuttgarti-katolikusok.de\\\/index.php\\\/evkozi-33-vasarnap-szegenyek-vilagnapja-3\\\/#primaryimage\"},\"thumbnailUrl\":\"https:\\\/\\\/stuttgarti-katolikusok.de\\\/wp-content\\\/uploads\\\/2023\\\/11\\\/onstagram-11-18.jpg\",\"articleSection\":[\"A liturgia olvasm\u00e1nyai\",\"V\u00e1logatott \u00edr\u00e1sok\",\"Vas\u00e1rnapi gondolatok\"],\"inLanguage\":\"hu\"},{\"@type\":\"WebPage\",\"@id\":\"https:\\\/\\\/stuttgarti-katolikusok.de\\\/index.php\\\/evkozi-33-vasarnap-szegenyek-vilagnapja-3\\\/\",\"url\":\"https:\\\/\\\/stuttgarti-katolikusok.de\\\/index.php\\\/evkozi-33-vasarnap-szegenyek-vilagnapja-3\\\/\",\"name\":\"\u00c9vk\u00f6zi 33. vas\u00e1rnap \u2013 Szeg\u00e9nyek vil\u00e1gnapja - Stuttgarti Katolikusok\",\"isPartOf\":{\"@id\":\"https:\\\/\\\/stuttgarti-katolikusok.de\\\/#website\"},\"primaryImageOfPage\":{\"@id\":\"https:\\\/\\\/stuttgarti-katolikusok.de\\\/index.php\\\/evkozi-33-vasarnap-szegenyek-vilagnapja-3\\\/#primaryimage\"},\"image\":{\"@id\":\"https:\\\/\\\/stuttgarti-katolikusok.de\\\/index.php\\\/evkozi-33-vasarnap-szegenyek-vilagnapja-3\\\/#primaryimage\"},\"thumbnailUrl\":\"https:\\\/\\\/stuttgarti-katolikusok.de\\\/wp-content\\\/uploads\\\/2023\\\/11\\\/onstagram-11-18.jpg\",\"datePublished\":\"2025-11-15T07:58:40+00:00\",\"author\":{\"@id\":\"https:\\\/\\\/stuttgarti-katolikusok.de\\\/#\\\/schema\\\/person\\\/75908d6f8fdc03a57889d27209df7795\"},\"breadcrumb\":{\"@id\":\"https:\\\/\\\/stuttgarti-katolikusok.de\\\/index.php\\\/evkozi-33-vasarnap-szegenyek-vilagnapja-3\\\/#breadcrumb\"},\"inLanguage\":\"hu\",\"potentialAction\":[{\"@type\":\"ReadAction\",\"target\":[\"https:\\\/\\\/stuttgarti-katolikusok.de\\\/index.php\\\/evkozi-33-vasarnap-szegenyek-vilagnapja-3\\\/\"]}]},{\"@type\":\"ImageObject\",\"inLanguage\":\"hu\",\"@id\":\"https:\\\/\\\/stuttgarti-katolikusok.de\\\/index.php\\\/evkozi-33-vasarnap-szegenyek-vilagnapja-3\\\/#primaryimage\",\"url\":\"https:\\\/\\\/stuttgarti-katolikusok.de\\\/wp-content\\\/uploads\\\/2023\\\/11\\\/onstagram-11-18.jpg\",\"contentUrl\":\"https:\\\/\\\/stuttgarti-katolikusok.de\\\/wp-content\\\/uploads\\\/2023\\\/11\\\/onstagram-11-18.jpg\",\"width\":1064,\"height\":796},{\"@type\":\"BreadcrumbList\",\"@id\":\"https:\\\/\\\/stuttgarti-katolikusok.de\\\/index.php\\\/evkozi-33-vasarnap-szegenyek-vilagnapja-3\\\/#breadcrumb\",\"itemListElement\":[{\"@type\":\"ListItem\",\"position\":1,\"name\":\"Kezd\u0151lap\",\"item\":\"https:\\\/\\\/stuttgarti-katolikusok.de\\\/\"},{\"@type\":\"ListItem\",\"position\":2,\"name\":\"\u00c9vk\u00f6zi 33. vas\u00e1rnap \u2013 Szeg\u00e9nyek vil\u00e1gnapja\"}]},{\"@type\":\"WebSite\",\"@id\":\"https:\\\/\\\/stuttgarti-katolikusok.de\\\/#website\",\"url\":\"https:\\\/\\\/stuttgarti-katolikusok.de\\\/\",\"name\":\"Stuttgarti Katolikusok\",\"description\":\"\",\"potentialAction\":[{\"@type\":\"SearchAction\",\"target\":{\"@type\":\"EntryPoint\",\"urlTemplate\":\"https:\\\/\\\/stuttgarti-katolikusok.de\\\/?s={search_term_string}\"},\"query-input\":{\"@type\":\"PropertyValueSpecification\",\"valueRequired\":true,\"valueName\":\"search_term_string\"}}],\"inLanguage\":\"hu\"},{\"@type\":\"Person\",\"@id\":\"https:\\\/\\\/stuttgarti-katolikusok.de\\\/#\\\/schema\\\/person\\\/75908d6f8fdc03a57889d27209df7795\",\"name\":\"Tibor atya\",\"image\":{\"@type\":\"ImageObject\",\"inLanguage\":\"hu\",\"@id\":\"https:\\\/\\\/secure.gravatar.com\\\/avatar\\\/61d268e57d1f4525b111222e29d2d5a7f8c420fdbf231ba5566a8ceac74fa960?s=96&d=mm&r=g\",\"url\":\"https:\\\/\\\/secure.gravatar.com\\\/avatar\\\/61d268e57d1f4525b111222e29d2d5a7f8c420fdbf231ba5566a8ceac74fa960?s=96&d=mm&r=g\",\"contentUrl\":\"https:\\\/\\\/secure.gravatar.com\\\/avatar\\\/61d268e57d1f4525b111222e29d2d5a7f8c420fdbf231ba5566a8ceac74fa960?s=96&d=mm&r=g\",\"caption\":\"Tibor atya\"},\"url\":\"https:\\\/\\\/stuttgarti-katolikusok.de\\\/index.php\\\/author\\\/tibor-atya\\\/\"}]}<\/script>\n<!-- \/ Yoast SEO plugin. -->","yoast_head_json":{"title":"\u00c9vk\u00f6zi 33. vas\u00e1rnap \u2013 Szeg\u00e9nyek vil\u00e1gnapja - Stuttgarti Katolikusok","robots":{"index":"index","follow":"follow","max-snippet":"max-snippet:-1","max-image-preview":"max-image-preview:large","max-video-preview":"max-video-preview:-1"},"canonical":"https:\/\/stuttgarti-katolikusok.de\/index.php\/evkozi-33-vasarnap-szegenyek-vilagnapja-3\/","og_locale":"hu_HU","og_type":"article","og_title":"\u00c9vk\u00f6zi 33. vas\u00e1rnap \u2013 Szeg\u00e9nyek vil\u00e1gnapja - Stuttgarti Katolikusok","og_description":"Az egyh\u00e1zi \u00e9v v\u00e9g\u00e9hez k\u00f6zeledve az \u00e9vk\u00f6zi 33. vas\u00e1rnap olvasm\u00e1nyai a v\u00e9gs\u0151 id\u0151kre ir\u00e1ny\u00edtj\u00e1k gondolatainkat. Benne kiemelt form\u00e1ban a rendelkez\u00e9s\u00fcnkre \u00e1ll\u00f3 id\u0151 fontoss\u00e1g\u00e1t, \u00e9let\u00fcnkre gyakorolt hat\u00e1s\u00e1t szeretn\u00e9 kiemelni.\u00a0\u00a0 Szent \u00c1goston az id\u0151 meghat\u00e1roz\u00e1s\u00e1val kapcsolatosan a k\u00f6vetkez\u0151 m\u00f3don fogalmaz: &#8222;Mi h\u00e1t az id\u0151? Ha senki sem k\u00e9rdezi, tudom; ha k\u00e9rdik t\u0151lem, s meg akarom magyar\u00e1zni, nem tudom.&#8221; Mindennapi \u00e9let\u00fcnkben az id\u0151 az\u00a0esem\u00e9nyek l\u00e1tsz\u00f3lag folyamatos sorrendj\u00e9nek \u00e9rz\u00e9kel\u00e9s\u00e9re utal. A szubjekt\u00edv id\u0151, az egy\u00e9n bels\u0151 id\u0151\u00e9szlel\u00e9se esem\u00e9nyekhez, t\u00f6rt\u00e9n\u00e9sekhez k\u00f6t\u0151dik. Ennek kapcs\u00e1n besz\u00e9lhet\u00fcnk az id\u0151 k\u00e9t k\u00fcl\u00f6nb\u00f6z\u0151 m\u00f3don t\u00f6rt\u00e9n\u0151 megk\u00f6zel\u00edt\u00e9s\u00e9r\u0151l. Az els\u0151 az \u00fagynevezett kronosz (t\u00f6rt\u00e9nelmi, napt\u00e1ri, mennyis\u00e9gi id\u0151) \u00e9s a kairosz (az esem\u00e9nyek k\u00f6z\u00f6tti meghat\u00e1rozatlan id\u0151pillanatok). A m\u00falt m\u00e1r elm\u00falt, a j\u00f6v\u0151 m\u00e9g nincs itt. Egyik sincs m\u00e1r birtokomban. A &#8222;m\u00e9g nem&#8221; \u00e9s &#8222;m\u00e1r nem&#8221; fesz\u00edt\u00e9s\u00e9ben ott a pillanat, a jelen, a most. Igen, ez az eny\u00e9m!\u00a0 A jelen pillanatban meg\u00e9lt id\u0151nek hamis \u00e9rtelmez\u00e9se a hedonizmus, mintha csak a jelen pillanat l\u00e9tezne. \u00c9lvezd az \u00e9letet! &#8211; harsogj\u00e1k. \u00c9ppen ez\u00e9rt mindazok, akik ezt k\u00f6vetik, nincsenek tekintettel senkire \u00e9s semmire. A teljes szabadoss\u00e1g \u00fatja ez, amely v\u00e9gs\u0151 soron \u00f6npuszt\u00edt\u00e1shoz vezet. Ezzel szemben a pillanat, a jelen meg\u00e9l\u00e9se a kairosz szellem\u00e9ben,\u00a0 eg\u00e9szen m\u00e1s megvil\u00e1g\u00edt\u00e1sba helyezi a jelen, az &#8222;\u00e9n id\u0151&#8221;\u00a0 meg\u00edt\u00e9l\u00e9s\u00e9t. Hiszen a folyamatos jelenben \u00e9l\u00e9s adja meg \u00e9letem \u00edz\u00e9rt \u00e9s \u00e9rtelm\u00e9t. Itt \u00e9s most mondhatom el a velem \u00e9l\u0151 embert\u00e1rsamnak,\u00a0 &#8211; hitvest\u00e1rs, gyermek, sz\u00fcl\u0151, rokon, bar\u00e1t, ismer\u0151s &#8211; azt, amit gondolok vele kapcsolatosan. Elmondom, hogy mennyire fontos sz\u00e1momra, szeretem, tisztelem, \u00e9rt\u00e9kelem. \u0150szint\u00e9n elmondom, mit is \u00e9rzek vele kapcsolatosan. Teszem mindezt addig, am\u00edg lehet\u0151s\u00e9gem van r\u00e1.\u00a0 Amennyiben nem teszem meg, kics\u00faszik kezemb\u0151l ez a pillanat, lehet hogy m\u00e1r sohasem lesz r\u00e1 alkalmam megtenni azt, amit megtehettem volna. \u00c9ljek h\u00e1t a jelen k\u00edn\u00e1lta lehet\u0151s\u00e9ggel.\u00a0 Egy\u00e9rtelm\u0171, most kell elmondanom, hogy szeretem, fontos sz\u00e1momra. Most kell bocs\u00e1natot k\u00e9rnem t\u0151le, \u0151szint\u00e9n szem\u00e9be n\u00e9zve, komolyan gondolva. K\u00fcl\u00f6nben magamra maradok, \u00e9rz\u00e9seimmel \u00e9s... R\u00e9szletek","og_url":"https:\/\/stuttgarti-katolikusok.de\/index.php\/evkozi-33-vasarnap-szegenyek-vilagnapja-3\/","og_site_name":"Stuttgarti Katolikusok","article_published_time":"2025-11-15T07:58:40+00:00","og_image":[{"width":1064,"height":796,"url":"https:\/\/stuttgarti-katolikusok.de\/wp-content\/uploads\/2023\/11\/onstagram-11-18.jpg","type":"image\/jpeg"}],"author":"Tibor atya","twitter_card":"summary_large_image","twitter_misc":{"Szerz\u0151:":"Tibor atya","Becs\u00fclt olvas\u00e1si id\u0151":"8 perc"},"schema":{"@context":"https:\/\/schema.org","@graph":[{"@type":"Article","@id":"https:\/\/stuttgarti-katolikusok.de\/index.php\/evkozi-33-vasarnap-szegenyek-vilagnapja-3\/#article","isPartOf":{"@id":"https:\/\/stuttgarti-katolikusok.de\/index.php\/evkozi-33-vasarnap-szegenyek-vilagnapja-3\/"},"author":{"name":"Tibor atya","@id":"https:\/\/stuttgarti-katolikusok.de\/#\/schema\/person\/75908d6f8fdc03a57889d27209df7795"},"headline":"\u00c9vk\u00f6zi 33. vas\u00e1rnap \u2013 Szeg\u00e9nyek vil\u00e1gnapja","datePublished":"2025-11-15T07:58:40+00:00","mainEntityOfPage":{"@id":"https:\/\/stuttgarti-katolikusok.de\/index.php\/evkozi-33-vasarnap-szegenyek-vilagnapja-3\/"},"wordCount":1960,"image":{"@id":"https:\/\/stuttgarti-katolikusok.de\/index.php\/evkozi-33-vasarnap-szegenyek-vilagnapja-3\/#primaryimage"},"thumbnailUrl":"https:\/\/stuttgarti-katolikusok.de\/wp-content\/uploads\/2023\/11\/onstagram-11-18.jpg","articleSection":["A liturgia olvasm\u00e1nyai","V\u00e1logatott \u00edr\u00e1sok","Vas\u00e1rnapi gondolatok"],"inLanguage":"hu"},{"@type":"WebPage","@id":"https:\/\/stuttgarti-katolikusok.de\/index.php\/evkozi-33-vasarnap-szegenyek-vilagnapja-3\/","url":"https:\/\/stuttgarti-katolikusok.de\/index.php\/evkozi-33-vasarnap-szegenyek-vilagnapja-3\/","name":"\u00c9vk\u00f6zi 33. vas\u00e1rnap \u2013 Szeg\u00e9nyek vil\u00e1gnapja - Stuttgarti Katolikusok","isPartOf":{"@id":"https:\/\/stuttgarti-katolikusok.de\/#website"},"primaryImageOfPage":{"@id":"https:\/\/stuttgarti-katolikusok.de\/index.php\/evkozi-33-vasarnap-szegenyek-vilagnapja-3\/#primaryimage"},"image":{"@id":"https:\/\/stuttgarti-katolikusok.de\/index.php\/evkozi-33-vasarnap-szegenyek-vilagnapja-3\/#primaryimage"},"thumbnailUrl":"https:\/\/stuttgarti-katolikusok.de\/wp-content\/uploads\/2023\/11\/onstagram-11-18.jpg","datePublished":"2025-11-15T07:58:40+00:00","author":{"@id":"https:\/\/stuttgarti-katolikusok.de\/#\/schema\/person\/75908d6f8fdc03a57889d27209df7795"},"breadcrumb":{"@id":"https:\/\/stuttgarti-katolikusok.de\/index.php\/evkozi-33-vasarnap-szegenyek-vilagnapja-3\/#breadcrumb"},"inLanguage":"hu","potentialAction":[{"@type":"ReadAction","target":["https:\/\/stuttgarti-katolikusok.de\/index.php\/evkozi-33-vasarnap-szegenyek-vilagnapja-3\/"]}]},{"@type":"ImageObject","inLanguage":"hu","@id":"https:\/\/stuttgarti-katolikusok.de\/index.php\/evkozi-33-vasarnap-szegenyek-vilagnapja-3\/#primaryimage","url":"https:\/\/stuttgarti-katolikusok.de\/wp-content\/uploads\/2023\/11\/onstagram-11-18.jpg","contentUrl":"https:\/\/stuttgarti-katolikusok.de\/wp-content\/uploads\/2023\/11\/onstagram-11-18.jpg","width":1064,"height":796},{"@type":"BreadcrumbList","@id":"https:\/\/stuttgarti-katolikusok.de\/index.php\/evkozi-33-vasarnap-szegenyek-vilagnapja-3\/#breadcrumb","itemListElement":[{"@type":"ListItem","position":1,"name":"Kezd\u0151lap","item":"https:\/\/stuttgarti-katolikusok.de\/"},{"@type":"ListItem","position":2,"name":"\u00c9vk\u00f6zi 33. vas\u00e1rnap \u2013 Szeg\u00e9nyek vil\u00e1gnapja"}]},{"@type":"WebSite","@id":"https:\/\/stuttgarti-katolikusok.de\/#website","url":"https:\/\/stuttgarti-katolikusok.de\/","name":"Stuttgarti Katolikusok","description":"","potentialAction":[{"@type":"SearchAction","target":{"@type":"EntryPoint","urlTemplate":"https:\/\/stuttgarti-katolikusok.de\/?s={search_term_string}"},"query-input":{"@type":"PropertyValueSpecification","valueRequired":true,"valueName":"search_term_string"}}],"inLanguage":"hu"},{"@type":"Person","@id":"https:\/\/stuttgarti-katolikusok.de\/#\/schema\/person\/75908d6f8fdc03a57889d27209df7795","name":"Tibor atya","image":{"@type":"ImageObject","inLanguage":"hu","@id":"https:\/\/secure.gravatar.com\/avatar\/61d268e57d1f4525b111222e29d2d5a7f8c420fdbf231ba5566a8ceac74fa960?s=96&d=mm&r=g","url":"https:\/\/secure.gravatar.com\/avatar\/61d268e57d1f4525b111222e29d2d5a7f8c420fdbf231ba5566a8ceac74fa960?s=96&d=mm&r=g","contentUrl":"https:\/\/secure.gravatar.com\/avatar\/61d268e57d1f4525b111222e29d2d5a7f8c420fdbf231ba5566a8ceac74fa960?s=96&d=mm&r=g","caption":"Tibor atya"},"url":"https:\/\/stuttgarti-katolikusok.de\/index.php\/author\/tibor-atya\/"}]}},"_links":{"self":[{"href":"https:\/\/stuttgarti-katolikusok.de\/index.php\/wp-json\/wp\/v2\/posts\/32010","targetHints":{"allow":["GET"]}}],"collection":[{"href":"https:\/\/stuttgarti-katolikusok.de\/index.php\/wp-json\/wp\/v2\/posts"}],"about":[{"href":"https:\/\/stuttgarti-katolikusok.de\/index.php\/wp-json\/wp\/v2\/types\/post"}],"author":[{"embeddable":true,"href":"https:\/\/stuttgarti-katolikusok.de\/index.php\/wp-json\/wp\/v2\/users\/3"}],"replies":[{"embeddable":true,"href":"https:\/\/stuttgarti-katolikusok.de\/index.php\/wp-json\/wp\/v2\/comments?post=32010"}],"version-history":[{"count":3,"href":"https:\/\/stuttgarti-katolikusok.de\/index.php\/wp-json\/wp\/v2\/posts\/32010\/revisions"}],"predecessor-version":[{"id":32013,"href":"https:\/\/stuttgarti-katolikusok.de\/index.php\/wp-json\/wp\/v2\/posts\/32010\/revisions\/32013"}],"wp:featuredmedia":[{"embeddable":true,"href":"https:\/\/stuttgarti-katolikusok.de\/index.php\/wp-json\/wp\/v2\/media\/27490"}],"wp:attachment":[{"href":"https:\/\/stuttgarti-katolikusok.de\/index.php\/wp-json\/wp\/v2\/media?parent=32010"}],"wp:term":[{"taxonomy":"category","embeddable":true,"href":"https:\/\/stuttgarti-katolikusok.de\/index.php\/wp-json\/wp\/v2\/categories?post=32010"},{"taxonomy":"post_tag","embeddable":true,"href":"https:\/\/stuttgarti-katolikusok.de\/index.php\/wp-json\/wp\/v2\/tags?post=32010"}],"curies":[{"name":"wp","href":"https:\/\/api.w.org\/{rel}","templated":true}]}}