{"id":32006,"date":"2025-11-12T14:10:09","date_gmt":"2025-11-12T13:10:09","guid":{"rendered":"https:\/\/stuttgarti-katolikusok.de\/?p=32006"},"modified":"2025-11-12T14:10:09","modified_gmt":"2025-11-12T13:10:09","slug":"egyutt-jonak-lenni-meg-jobb-3","status":"publish","type":"post","link":"https:\/\/stuttgarti-katolikusok.de\/index.php\/egyutt-jonak-lenni-meg-jobb-3\/","title":{"rendered":"Egy\u00fctt j\u00f3nak lenni m\u00e9g jobb!"},"content":{"rendered":"<p><em><span style=\"color: #ff6600;\">2025. december 7-\u00e9n ism\u00e9telten Egyh\u00e1zk\u00f6zs\u00e9g\u00fcnk ad otthont a 14. alkalommal megrendezend\u0151 &#8222;J\u00f3nak lenni j\u00f3!&#8221; &#8211; adom\u00e1nygy\u0171jt\u0151 akci\u00f3j\u00e1nak.<\/span><\/em><\/p>\n<p><em><span style=\"color: #ff6600;\">Magunk r\u00e9sz\u00e9r\u0151l \u00f3ri\u00e1si megtiszteltet\u00e9s, hogy vend\u00e9gl\u00e1t\u00f3k lehet\u00fcnk. Baden-W\u00fcrttemberg magyar szervezetei szeretettel v\u00e1rnak minden kedves Testv\u00e9rt az adom\u00e1nygy\u0171jt\u00e9ssel egybek\u00f6t\u00f6tt adventi rendezv\u00e9nyre.<\/span><\/em><\/p>\n<p><em><span style=\"color: #ff6600;\">Term\u00e9szetesen nagy szeretettel h\u00edvjuk \u00e9s v\u00e1rjuk kedves H\u00edveinket a r\u00e9szegyh\u00e1zk\u00f6zs\u00e9gek mindegyik\u00e9b\u0151l.<\/span><\/em><\/p>\n<p><em><span style=\"color: #ff6600;\">Pasztor\u00e1lis Tan\u00e1cs tagjai \u00e9s Tibor atya<\/span><\/em><\/p>\n<p><a href=\"https:\/\/stuttgarti-katolikusok.de\/wp-content\/uploads\/2025\/11\/egyutt-jonakl-lenni-meg-jobb-2025.jpeg\"><img loading=\"lazy\" decoding=\"async\" class=\"alignnone size-full wp-image-32008\" src=\"https:\/\/stuttgarti-katolikusok.de\/wp-content\/uploads\/2025\/11\/egyutt-jonakl-lenni-meg-jobb-2025.jpeg\" alt=\"\" width=\"1080\" height=\"1920\" srcset=\"https:\/\/stuttgarti-katolikusok.de\/wp-content\/uploads\/2025\/11\/egyutt-jonakl-lenni-meg-jobb-2025.jpeg 1080w, https:\/\/stuttgarti-katolikusok.de\/wp-content\/uploads\/2025\/11\/egyutt-jonakl-lenni-meg-jobb-2025-169x300.jpeg 169w, https:\/\/stuttgarti-katolikusok.de\/wp-content\/uploads\/2025\/11\/egyutt-jonakl-lenni-meg-jobb-2025-576x1024.jpeg 576w, https:\/\/stuttgarti-katolikusok.de\/wp-content\/uploads\/2025\/11\/egyutt-jonakl-lenni-meg-jobb-2025-864x1536.jpeg 864w\" sizes=\"auto, (max-width: 1080px) 100vw, 1080px\" \/><\/a><\/p>\n","protected":false},"excerpt":{"rendered":"<p>2025. december 7-\u00e9n ism\u00e9telten Egyh\u00e1zk\u00f6zs\u00e9g\u00fcnk ad otthont a 14. alkalommal megrendezend\u0151 &#8222;J\u00f3nak lenni j\u00f3!&#8221; &#8211; adom\u00e1nygy\u0171jt\u0151 akci\u00f3j\u00e1nak. Magunk r\u00e9sz\u00e9r\u0151l \u00f3ri\u00e1si megtiszteltet\u00e9s, hogy vend\u00e9gl\u00e1t\u00f3k lehet\u00fcnk. Baden-W\u00fcrttemberg magyar szervezetei szeretettel v\u00e1rnak minden kedves Testv\u00e9rt az adom\u00e1nygy\u0171jt\u00e9ssel egybek\u00f6t\u00f6tt adventi rendezv\u00e9nyre. Term\u00e9szetesen nagy szeretettel h\u00edvjuk \u00e9s v\u00e1rjuk kedves H\u00edveinket a r\u00e9szegyh\u00e1zk\u00f6zs\u00e9gek mindegyik\u00e9b\u0151l. Pasztor\u00e1lis Tan\u00e1cs tagjai \u00e9s Tibor atya<\/p>\n","protected":false},"author":3,"featured_media":32007,"comment_status":"closed","ping_status":"closed","sticky":false,"template":"","format":"standard","meta":{"footnotes":""},"categories":[5],"tags":[],"class_list":["post-32006","post","type-post","status-publish","format-standard","has-post-thumbnail","hentry","category-hirek"],"yoast_head":"<!-- This site is optimized with the Yoast SEO plugin v27.3 - https:\/\/yoast.com\/product\/yoast-seo-wordpress\/ -->\n<title>Egy\u00fctt j\u00f3nak lenni m\u00e9g jobb! - Stuttgarti Katolikusok<\/title>\n<meta name=\"robots\" content=\"index, follow, max-snippet:-1, max-image-preview:large, max-video-preview:-1\" \/>\n<link rel=\"canonical\" href=\"https:\/\/stuttgarti-katolikusok.de\/index.php\/egyutt-jonak-lenni-meg-jobb-3\/\" \/>\n<meta property=\"og:locale\" content=\"hu_HU\" \/>\n<meta property=\"og:type\" content=\"article\" \/>\n<meta property=\"og:title\" content=\"Egy\u00fctt j\u00f3nak lenni m\u00e9g jobb! - Stuttgarti Katolikusok\" \/>\n<meta property=\"og:description\" content=\"2025. december 7-\u00e9n ism\u00e9telten Egyh\u00e1zk\u00f6zs\u00e9g\u00fcnk ad otthont a 14. alkalommal megrendezend\u0151 &#8222;J\u00f3nak lenni j\u00f3!&#8221; &#8211; adom\u00e1nygy\u0171jt\u0151 akci\u00f3j\u00e1nak. Magunk r\u00e9sz\u00e9r\u0151l \u00f3ri\u00e1si megtiszteltet\u00e9s, hogy vend\u00e9gl\u00e1t\u00f3k lehet\u00fcnk. Baden-W\u00fcrttemberg magyar szervezetei szeretettel v\u00e1rnak minden kedves Testv\u00e9rt az adom\u00e1nygy\u0171jt\u00e9ssel egybek\u00f6t\u00f6tt adventi rendezv\u00e9nyre. Term\u00e9szetesen nagy szeretettel h\u00edvjuk \u00e9s v\u00e1rjuk kedves H\u00edveinket a r\u00e9szegyh\u00e1zk\u00f6zs\u00e9gek mindegyik\u00e9b\u0151l. Pasztor\u00e1lis Tan\u00e1cs tagjai \u00e9s Tibor atya\" \/>\n<meta property=\"og:url\" content=\"https:\/\/stuttgarti-katolikusok.de\/index.php\/egyutt-jonak-lenni-meg-jobb-3\/\" \/>\n<meta property=\"og:site_name\" content=\"Stuttgarti Katolikusok\" \/>\n<meta property=\"article:published_time\" content=\"2025-11-12T13:10:09+00:00\" \/>\n<meta property=\"og:image\" content=\"https:\/\/stuttgarti-katolikusok.de\/wp-content\/uploads\/2025\/11\/egyutt-jonakl-lenni-meg-jobb-2025jpeg-web.jpeg\" \/>\n\t<meta property=\"og:image:width\" content=\"1080\" \/>\n\t<meta property=\"og:image:height\" content=\"812\" \/>\n\t<meta property=\"og:image:type\" content=\"image\/jpeg\" \/>\n<meta name=\"author\" content=\"Tibor atya\" \/>\n<meta name=\"twitter:card\" content=\"summary_large_image\" \/>\n<meta name=\"twitter:label1\" content=\"Szerz\u0151:\" \/>\n\t<meta name=\"twitter:data1\" content=\"Tibor atya\" \/>\n\t<meta name=\"twitter:label2\" content=\"Becs\u00fclt olvas\u00e1si id\u0151\" \/>\n\t<meta name=\"twitter:data2\" content=\"1 perc\" \/>\n<script type=\"application\/ld+json\" class=\"yoast-schema-graph\">{\"@context\":\"https:\\\/\\\/schema.org\",\"@graph\":[{\"@type\":\"Article\",\"@id\":\"https:\\\/\\\/stuttgarti-katolikusok.de\\\/index.php\\\/egyutt-jonak-lenni-meg-jobb-3\\\/#article\",\"isPartOf\":{\"@id\":\"https:\\\/\\\/stuttgarti-katolikusok.de\\\/index.php\\\/egyutt-jonak-lenni-meg-jobb-3\\\/\"},\"author\":{\"name\":\"Tibor atya\",\"@id\":\"https:\\\/\\\/stuttgarti-katolikusok.de\\\/#\\\/schema\\\/person\\\/75908d6f8fdc03a57889d27209df7795\"},\"headline\":\"Egy\u00fctt j\u00f3nak lenni m\u00e9g jobb!\",\"datePublished\":\"2025-11-12T13:10:09+00:00\",\"mainEntityOfPage\":{\"@id\":\"https:\\\/\\\/stuttgarti-katolikusok.de\\\/index.php\\\/egyutt-jonak-lenni-meg-jobb-3\\\/\"},\"wordCount\":101,\"image\":{\"@id\":\"https:\\\/\\\/stuttgarti-katolikusok.de\\\/index.php\\\/egyutt-jonak-lenni-meg-jobb-3\\\/#primaryimage\"},\"thumbnailUrl\":\"https:\\\/\\\/stuttgarti-katolikusok.de\\\/wp-content\\\/uploads\\\/2025\\\/11\\\/egyutt-jonakl-lenni-meg-jobb-2025jpeg-web.jpeg\",\"articleSection\":[\"H\u00edrek\"],\"inLanguage\":\"hu\"},{\"@type\":\"WebPage\",\"@id\":\"https:\\\/\\\/stuttgarti-katolikusok.de\\\/index.php\\\/egyutt-jonak-lenni-meg-jobb-3\\\/\",\"url\":\"https:\\\/\\\/stuttgarti-katolikusok.de\\\/index.php\\\/egyutt-jonak-lenni-meg-jobb-3\\\/\",\"name\":\"Egy\u00fctt j\u00f3nak lenni m\u00e9g jobb! - Stuttgarti Katolikusok\",\"isPartOf\":{\"@id\":\"https:\\\/\\\/stuttgarti-katolikusok.de\\\/#website\"},\"primaryImageOfPage\":{\"@id\":\"https:\\\/\\\/stuttgarti-katolikusok.de\\\/index.php\\\/egyutt-jonak-lenni-meg-jobb-3\\\/#primaryimage\"},\"image\":{\"@id\":\"https:\\\/\\\/stuttgarti-katolikusok.de\\\/index.php\\\/egyutt-jonak-lenni-meg-jobb-3\\\/#primaryimage\"},\"thumbnailUrl\":\"https:\\\/\\\/stuttgarti-katolikusok.de\\\/wp-content\\\/uploads\\\/2025\\\/11\\\/egyutt-jonakl-lenni-meg-jobb-2025jpeg-web.jpeg\",\"datePublished\":\"2025-11-12T13:10:09+00:00\",\"author\":{\"@id\":\"https:\\\/\\\/stuttgarti-katolikusok.de\\\/#\\\/schema\\\/person\\\/75908d6f8fdc03a57889d27209df7795\"},\"breadcrumb\":{\"@id\":\"https:\\\/\\\/stuttgarti-katolikusok.de\\\/index.php\\\/egyutt-jonak-lenni-meg-jobb-3\\\/#breadcrumb\"},\"inLanguage\":\"hu\",\"potentialAction\":[{\"@type\":\"ReadAction\",\"target\":[\"https:\\\/\\\/stuttgarti-katolikusok.de\\\/index.php\\\/egyutt-jonak-lenni-meg-jobb-3\\\/\"]}]},{\"@type\":\"ImageObject\",\"inLanguage\":\"hu\",\"@id\":\"https:\\\/\\\/stuttgarti-katolikusok.de\\\/index.php\\\/egyutt-jonak-lenni-meg-jobb-3\\\/#primaryimage\",\"url\":\"https:\\\/\\\/stuttgarti-katolikusok.de\\\/wp-content\\\/uploads\\\/2025\\\/11\\\/egyutt-jonakl-lenni-meg-jobb-2025jpeg-web.jpeg\",\"contentUrl\":\"https:\\\/\\\/stuttgarti-katolikusok.de\\\/wp-content\\\/uploads\\\/2025\\\/11\\\/egyutt-jonakl-lenni-meg-jobb-2025jpeg-web.jpeg\",\"width\":1080,\"height\":812},{\"@type\":\"BreadcrumbList\",\"@id\":\"https:\\\/\\\/stuttgarti-katolikusok.de\\\/index.php\\\/egyutt-jonak-lenni-meg-jobb-3\\\/#breadcrumb\",\"itemListElement\":[{\"@type\":\"ListItem\",\"position\":1,\"name\":\"Kezd\u0151lap\",\"item\":\"https:\\\/\\\/stuttgarti-katolikusok.de\\\/\"},{\"@type\":\"ListItem\",\"position\":2,\"name\":\"Egy\u00fctt j\u00f3nak lenni m\u00e9g jobb!\"}]},{\"@type\":\"WebSite\",\"@id\":\"https:\\\/\\\/stuttgarti-katolikusok.de\\\/#website\",\"url\":\"https:\\\/\\\/stuttgarti-katolikusok.de\\\/\",\"name\":\"Stuttgarti Katolikusok\",\"description\":\"\",\"potentialAction\":[{\"@type\":\"SearchAction\",\"target\":{\"@type\":\"EntryPoint\",\"urlTemplate\":\"https:\\\/\\\/stuttgarti-katolikusok.de\\\/?s={search_term_string}\"},\"query-input\":{\"@type\":\"PropertyValueSpecification\",\"valueRequired\":true,\"valueName\":\"search_term_string\"}}],\"inLanguage\":\"hu\"},{\"@type\":\"Person\",\"@id\":\"https:\\\/\\\/stuttgarti-katolikusok.de\\\/#\\\/schema\\\/person\\\/75908d6f8fdc03a57889d27209df7795\",\"name\":\"Tibor atya\",\"image\":{\"@type\":\"ImageObject\",\"inLanguage\":\"hu\",\"@id\":\"https:\\\/\\\/secure.gravatar.com\\\/avatar\\\/61d268e57d1f4525b111222e29d2d5a7f8c420fdbf231ba5566a8ceac74fa960?s=96&d=mm&r=g\",\"url\":\"https:\\\/\\\/secure.gravatar.com\\\/avatar\\\/61d268e57d1f4525b111222e29d2d5a7f8c420fdbf231ba5566a8ceac74fa960?s=96&d=mm&r=g\",\"contentUrl\":\"https:\\\/\\\/secure.gravatar.com\\\/avatar\\\/61d268e57d1f4525b111222e29d2d5a7f8c420fdbf231ba5566a8ceac74fa960?s=96&d=mm&r=g\",\"caption\":\"Tibor atya\"},\"url\":\"https:\\\/\\\/stuttgarti-katolikusok.de\\\/index.php\\\/author\\\/tibor-atya\\\/\"}]}<\/script>\n<!-- \/ Yoast SEO plugin. -->","yoast_head_json":{"title":"Egy\u00fctt j\u00f3nak lenni m\u00e9g jobb! - Stuttgarti Katolikusok","robots":{"index":"index","follow":"follow","max-snippet":"max-snippet:-1","max-image-preview":"max-image-preview:large","max-video-preview":"max-video-preview:-1"},"canonical":"https:\/\/stuttgarti-katolikusok.de\/index.php\/egyutt-jonak-lenni-meg-jobb-3\/","og_locale":"hu_HU","og_type":"article","og_title":"Egy\u00fctt j\u00f3nak lenni m\u00e9g jobb! - Stuttgarti Katolikusok","og_description":"2025. december 7-\u00e9n ism\u00e9telten Egyh\u00e1zk\u00f6zs\u00e9g\u00fcnk ad otthont a 14. alkalommal megrendezend\u0151 &#8222;J\u00f3nak lenni j\u00f3!&#8221; &#8211; adom\u00e1nygy\u0171jt\u0151 akci\u00f3j\u00e1nak. Magunk r\u00e9sz\u00e9r\u0151l \u00f3ri\u00e1si megtiszteltet\u00e9s, hogy vend\u00e9gl\u00e1t\u00f3k lehet\u00fcnk. Baden-W\u00fcrttemberg magyar szervezetei szeretettel v\u00e1rnak minden kedves Testv\u00e9rt az adom\u00e1nygy\u0171jt\u00e9ssel egybek\u00f6t\u00f6tt adventi rendezv\u00e9nyre. Term\u00e9szetesen nagy szeretettel h\u00edvjuk \u00e9s v\u00e1rjuk kedves H\u00edveinket a r\u00e9szegyh\u00e1zk\u00f6zs\u00e9gek mindegyik\u00e9b\u0151l. Pasztor\u00e1lis Tan\u00e1cs tagjai \u00e9s Tibor atya","og_url":"https:\/\/stuttgarti-katolikusok.de\/index.php\/egyutt-jonak-lenni-meg-jobb-3\/","og_site_name":"Stuttgarti Katolikusok","article_published_time":"2025-11-12T13:10:09+00:00","og_image":[{"width":1080,"height":812,"url":"https:\/\/stuttgarti-katolikusok.de\/wp-content\/uploads\/2025\/11\/egyutt-jonakl-lenni-meg-jobb-2025jpeg-web.jpeg","type":"image\/jpeg"}],"author":"Tibor atya","twitter_card":"summary_large_image","twitter_misc":{"Szerz\u0151:":"Tibor atya","Becs\u00fclt olvas\u00e1si id\u0151":"1 perc"},"schema":{"@context":"https:\/\/schema.org","@graph":[{"@type":"Article","@id":"https:\/\/stuttgarti-katolikusok.de\/index.php\/egyutt-jonak-lenni-meg-jobb-3\/#article","isPartOf":{"@id":"https:\/\/stuttgarti-katolikusok.de\/index.php\/egyutt-jonak-lenni-meg-jobb-3\/"},"author":{"name":"Tibor atya","@id":"https:\/\/stuttgarti-katolikusok.de\/#\/schema\/person\/75908d6f8fdc03a57889d27209df7795"},"headline":"Egy\u00fctt j\u00f3nak lenni m\u00e9g jobb!","datePublished":"2025-11-12T13:10:09+00:00","mainEntityOfPage":{"@id":"https:\/\/stuttgarti-katolikusok.de\/index.php\/egyutt-jonak-lenni-meg-jobb-3\/"},"wordCount":101,"image":{"@id":"https:\/\/stuttgarti-katolikusok.de\/index.php\/egyutt-jonak-lenni-meg-jobb-3\/#primaryimage"},"thumbnailUrl":"https:\/\/stuttgarti-katolikusok.de\/wp-content\/uploads\/2025\/11\/egyutt-jonakl-lenni-meg-jobb-2025jpeg-web.jpeg","articleSection":["H\u00edrek"],"inLanguage":"hu"},{"@type":"WebPage","@id":"https:\/\/stuttgarti-katolikusok.de\/index.php\/egyutt-jonak-lenni-meg-jobb-3\/","url":"https:\/\/stuttgarti-katolikusok.de\/index.php\/egyutt-jonak-lenni-meg-jobb-3\/","name":"Egy\u00fctt j\u00f3nak lenni m\u00e9g jobb! - Stuttgarti Katolikusok","isPartOf":{"@id":"https:\/\/stuttgarti-katolikusok.de\/#website"},"primaryImageOfPage":{"@id":"https:\/\/stuttgarti-katolikusok.de\/index.php\/egyutt-jonak-lenni-meg-jobb-3\/#primaryimage"},"image":{"@id":"https:\/\/stuttgarti-katolikusok.de\/index.php\/egyutt-jonak-lenni-meg-jobb-3\/#primaryimage"},"thumbnailUrl":"https:\/\/stuttgarti-katolikusok.de\/wp-content\/uploads\/2025\/11\/egyutt-jonakl-lenni-meg-jobb-2025jpeg-web.jpeg","datePublished":"2025-11-12T13:10:09+00:00","author":{"@id":"https:\/\/stuttgarti-katolikusok.de\/#\/schema\/person\/75908d6f8fdc03a57889d27209df7795"},"breadcrumb":{"@id":"https:\/\/stuttgarti-katolikusok.de\/index.php\/egyutt-jonak-lenni-meg-jobb-3\/#breadcrumb"},"inLanguage":"hu","potentialAction":[{"@type":"ReadAction","target":["https:\/\/stuttgarti-katolikusok.de\/index.php\/egyutt-jonak-lenni-meg-jobb-3\/"]}]},{"@type":"ImageObject","inLanguage":"hu","@id":"https:\/\/stuttgarti-katolikusok.de\/index.php\/egyutt-jonak-lenni-meg-jobb-3\/#primaryimage","url":"https:\/\/stuttgarti-katolikusok.de\/wp-content\/uploads\/2025\/11\/egyutt-jonakl-lenni-meg-jobb-2025jpeg-web.jpeg","contentUrl":"https:\/\/stuttgarti-katolikusok.de\/wp-content\/uploads\/2025\/11\/egyutt-jonakl-lenni-meg-jobb-2025jpeg-web.jpeg","width":1080,"height":812},{"@type":"BreadcrumbList","@id":"https:\/\/stuttgarti-katolikusok.de\/index.php\/egyutt-jonak-lenni-meg-jobb-3\/#breadcrumb","itemListElement":[{"@type":"ListItem","position":1,"name":"Kezd\u0151lap","item":"https:\/\/stuttgarti-katolikusok.de\/"},{"@type":"ListItem","position":2,"name":"Egy\u00fctt j\u00f3nak lenni m\u00e9g jobb!"}]},{"@type":"WebSite","@id":"https:\/\/stuttgarti-katolikusok.de\/#website","url":"https:\/\/stuttgarti-katolikusok.de\/","name":"Stuttgarti Katolikusok","description":"","potentialAction":[{"@type":"SearchAction","target":{"@type":"EntryPoint","urlTemplate":"https:\/\/stuttgarti-katolikusok.de\/?s={search_term_string}"},"query-input":{"@type":"PropertyValueSpecification","valueRequired":true,"valueName":"search_term_string"}}],"inLanguage":"hu"},{"@type":"Person","@id":"https:\/\/stuttgarti-katolikusok.de\/#\/schema\/person\/75908d6f8fdc03a57889d27209df7795","name":"Tibor atya","image":{"@type":"ImageObject","inLanguage":"hu","@id":"https:\/\/secure.gravatar.com\/avatar\/61d268e57d1f4525b111222e29d2d5a7f8c420fdbf231ba5566a8ceac74fa960?s=96&d=mm&r=g","url":"https:\/\/secure.gravatar.com\/avatar\/61d268e57d1f4525b111222e29d2d5a7f8c420fdbf231ba5566a8ceac74fa960?s=96&d=mm&r=g","contentUrl":"https:\/\/secure.gravatar.com\/avatar\/61d268e57d1f4525b111222e29d2d5a7f8c420fdbf231ba5566a8ceac74fa960?s=96&d=mm&r=g","caption":"Tibor atya"},"url":"https:\/\/stuttgarti-katolikusok.de\/index.php\/author\/tibor-atya\/"}]}},"_links":{"self":[{"href":"https:\/\/stuttgarti-katolikusok.de\/index.php\/wp-json\/wp\/v2\/posts\/32006","targetHints":{"allow":["GET"]}}],"collection":[{"href":"https:\/\/stuttgarti-katolikusok.de\/index.php\/wp-json\/wp\/v2\/posts"}],"about":[{"href":"https:\/\/stuttgarti-katolikusok.de\/index.php\/wp-json\/wp\/v2\/types\/post"}],"author":[{"embeddable":true,"href":"https:\/\/stuttgarti-katolikusok.de\/index.php\/wp-json\/wp\/v2\/users\/3"}],"replies":[{"embeddable":true,"href":"https:\/\/stuttgarti-katolikusok.de\/index.php\/wp-json\/wp\/v2\/comments?post=32006"}],"version-history":[{"count":1,"href":"https:\/\/stuttgarti-katolikusok.de\/index.php\/wp-json\/wp\/v2\/posts\/32006\/revisions"}],"predecessor-version":[{"id":32009,"href":"https:\/\/stuttgarti-katolikusok.de\/index.php\/wp-json\/wp\/v2\/posts\/32006\/revisions\/32009"}],"wp:featuredmedia":[{"embeddable":true,"href":"https:\/\/stuttgarti-katolikusok.de\/index.php\/wp-json\/wp\/v2\/media\/32007"}],"wp:attachment":[{"href":"https:\/\/stuttgarti-katolikusok.de\/index.php\/wp-json\/wp\/v2\/media?parent=32006"}],"wp:term":[{"taxonomy":"category","embeddable":true,"href":"https:\/\/stuttgarti-katolikusok.de\/index.php\/wp-json\/wp\/v2\/categories?post=32006"},{"taxonomy":"post_tag","embeddable":true,"href":"https:\/\/stuttgarti-katolikusok.de\/index.php\/wp-json\/wp\/v2\/tags?post=32006"}],"curies":[{"name":"wp","href":"https:\/\/api.w.org\/{rel}","templated":true}]}}