{"id":31997,"date":"2026-01-23T07:17:28","date_gmt":"2026-01-23T06:17:28","guid":{"rendered":"https:\/\/stuttgarti-katolikusok.de\/?p=31997"},"modified":"2026-01-23T11:50:18","modified_gmt":"2026-01-23T10:50:18","slug":"51-stuttgarti-magyar-katolikus-bal-meghivoja","status":"publish","type":"post","link":"https:\/\/stuttgarti-katolikusok.de\/index.php\/51-stuttgarti-magyar-katolikus-bal-meghivoja\/","title":{"rendered":"51. Stuttgarti Magyar Katolikus J\u00f3t\u00e9konys\u00e1gi B\u00e1l megh\u00edv\u00f3ja"},"content":{"rendered":"<p><span style=\"color: #ff0000;\"><strong>A b\u00e1li jegyek elfogytak!!!<\/strong><\/span><\/p>\n<p>&nbsp;<\/p>\n<p><span style=\"color: #ff0000;\"><strong>A\u00a0 helysz\u00ednen NEM LEHETS\u00c9GES JEGYET V\u00c1LTANI!<\/strong><\/span><\/p>\n<p><span style=\"color: #ff0000;\"><strong>Ett\u0151l f\u00fcggetlen\u00fcl \u00fajra k\u00f6zz\u00e9 tessz\u00fck felh\u00edv\u00e1sunkat. K\u00e9r\u00fcnk mindenkit, akik jegyet v\u00e1ltottak, olvass\u00e1k el ism\u00e9telten megh\u00edv\u00f3nkat, hogy az ott le\u00edrtak szerint lehess\u00fcnk egy\u00fctt ezen az est\u00e9n.<\/strong><\/span><\/p>\n<p><span style=\"color: #ff0000;\"><strong>Egyh\u00e1zk\u00f6zs\u00e9g\u00fcnk \u00e9s rendez\u0151ink\/szervez\u0151ink nev\u00e9ben k\u00f6sz\u00f6nj\u00fck sz\u00edves meg\u00e9rt\u00e9seteket.<\/strong><\/span><\/p>\n<p>&nbsp;<\/p>\n<p><span style=\"color: #ff6600;\">2026. janu\u00e1r 31-\u00e9n ism\u00e9telten Fellbachban, a Schwabenland Halle-ban, imm\u00e1r 51-ik alkalommal tartjuk meg J\u00f3t\u00e9konys\u00e1gi B\u00e1lunkat. <\/span><\/p>\n<p><span style=\"color: #ff6600;\">(Jegyek \u00e9rt\u00e9kes\u00edt\u00e9s\u00e9vel kapcsolatos hasznos inform\u00e1ci\u00f3kat az al\u00e1bbi linken tal\u00e1ltok\/ez am\u00fagy honlapunk nyit\u00f3oldala:)<\/span><\/p>\n<div class=\"brlbs-cmpnt-container brlbs-cmpnt-content-blocker brlbs-cmpnt-with-individual-styles\" data-borlabs-cookie-content-blocker-id=\"default\" data-borlabs-cookie-content=\"PGJsb2NrcXVvdGUgY2xhc3M9IndwLWVtYmVkZGVkLWNvbnRlbnQiIGRhdGEtc2VjcmV0PSJyRW9rRlJOQXhyIj48YSBocmVmPSJodHRwczovL3N0dXR0Z2FydGktbWFneWFyYmFsLmRlL2ZvbnRvcy10dWRuaXZhbG9rLyI+Rm9udG9zIHR1ZG5pdmFsw7NrPC9hPjwvYmxvY2txdW90ZT48aWZyYW1lIGNsYXNzPSJ3cC1lbWJlZGRlZC1jb250ZW50IiBzYW5kYm94PSJhbGxvdy1zY3JpcHRzIiBzZWN1cml0eT0icmVzdHJpY3RlZCIgc3R5bGU9InBvc2l0aW9uOiBhYnNvbHV0ZTsgdmlzaWJpbGl0eTogaGlkZGVuOyIgdGl0bGU9IiYjODIyMjtGb250b3MgdHVkbml2YWzDs2smIzgyMjA7ICYjODIxMTsgU3R1dHRnYXJ0aSBNYWd5YXIgQsOhbCAtIEhlbHlmb2dsYWzDoXMiIHNyYz0iaHR0cHM6Ly9zdHV0dGdhcnRpLW1hZ3lhcmJhbC5kZS9mb250b3MtdHVkbml2YWxvay9lbWJlZC8jP3NlY3JldD1wdHM1c1h0ZGxYIz9zZWNyZXQ9ckVva0ZSTkF4ciIgZGF0YS1zZWNyZXQ9InJFb2tGUk5BeHIiIHdpZHRoPSI2MDAiIGhlaWdodD0iMzM4IiBmcmFtZWJvcmRlcj0iMCIgbWFyZ2lud2lkdGg9IjAiIG1hcmdpbmhlaWdodD0iMCIgc2Nyb2xsaW5nPSJubyI+PC9pZnJhbWU+\">\n<div class=\"brlbs-cmpnt-cb-preset-a\">\n<p class=\"brlbs-cmpnt-cb-description\">You are currently viewing a placeholder content from <strong>Default<\/strong>. To access the actual content, click the button below. Please note that doing so will share data with third-party providers.<\/p>\n<div class=\"brlbs-cmpnt-cb-buttons\"> <a class=\"brlbs-cmpnt-cb-btn\" href=\"#\" data-borlabs-cookie-unblock role=\"button\">Unblock content<\/a> <a class=\"brlbs-cmpnt-cb-btn\" href=\"#\" data-borlabs-cookie-accept-service role=\"button\" style=\"display: none\">Accept required service and unblock content<\/a> <\/div>\n<p> <a class=\"brlbs-cmpnt-cb-provider-toggle\" href=\"#\" data-borlabs-cookie-show-provider-information role=\"button\">More Information<\/a> <\/div>\n<\/div>\n<p><span style=\"color: #ff0000;\"><strong>Fogadj\u00e1tok szeretettel b\u00e1li megh\u00edv\u00f3nkat:<\/strong><\/span><\/p>\n<a href=\"https:\/\/stuttgarti-katolikusok.de\/wp-content\/uploads\/2025\/11\/Meghivo_MagyarBal.pdf\" class=\"pdfemb-viewer\" style=\"\" data-width=\"max\" data-height=\"max\" data-toolbar=\"bottom\" data-toolbar-fixed=\"off\">Meghivo_MagyarBal<\/a>\n","protected":false},"excerpt":{"rendered":"<p>A b\u00e1li jegyek elfogytak!!! &nbsp; A\u00a0 helysz\u00ednen NEM LEHETS\u00c9GES JEGYET V\u00c1LTANI! Ett\u0151l f\u00fcggetlen\u00fcl \u00fajra k\u00f6zz\u00e9 tessz\u00fck felh\u00edv\u00e1sunkat. K\u00e9r\u00fcnk mindenkit, akik jegyet v\u00e1ltottak, olvass\u00e1k el ism\u00e9telten megh\u00edv\u00f3nkat, hogy az ott le\u00edrtak szerint lehess\u00fcnk egy\u00fctt ezen az est\u00e9n. Egyh\u00e1zk\u00f6zs\u00e9g\u00fcnk \u00e9s rendez\u0151ink\/szervez\u0151ink nev\u00e9ben k\u00f6sz\u00f6nj\u00fck sz\u00edves meg\u00e9rt\u00e9seteket. &nbsp; 2026. janu\u00e1r 31-\u00e9n ism\u00e9telten Fellbachban, a Schwabenland Halle-ban, imm\u00e1r 51-ik alkalommal tartjuk meg J\u00f3t\u00e9konys\u00e1gi B\u00e1lunkat. (Jegyek \u00e9rt\u00e9kes\u00edt\u00e9s\u00e9vel kapcsolatos hasznos inform\u00e1ci\u00f3kat az al\u00e1bbi linken tal\u00e1ltok\/ez am\u00fagy honlapunk nyit\u00f3oldala:) You are currently viewing a placeholder content from Default. To access the actual content, click the button below. Please note that doing so will share data with third-party providers. Unblock content Accept required service and unblock content More Information Fogadj\u00e1tok szeretettel b\u00e1li megh\u00edv\u00f3nkat:<\/p>\n","protected":false},"author":3,"featured_media":32001,"comment_status":"closed","ping_status":"closed","sticky":false,"template":"","format":"standard","meta":{"footnotes":""},"categories":[5],"tags":[],"class_list":["post-31997","post","type-post","status-publish","format-standard","has-post-thumbnail","hentry","category-hirek"],"yoast_head":"<!-- This site is optimized with the Yoast SEO plugin v27.3 - https:\/\/yoast.com\/product\/yoast-seo-wordpress\/ -->\n<title>51. Stuttgarti Magyar Katolikus J\u00f3t\u00e9konys\u00e1gi B\u00e1l megh\u00edv\u00f3ja - Stuttgarti Katolikusok<\/title>\n<meta name=\"robots\" content=\"index, follow, max-snippet:-1, max-image-preview:large, max-video-preview:-1\" \/>\n<link rel=\"canonical\" href=\"https:\/\/stuttgarti-katolikusok.de\/index.php\/51-stuttgarti-magyar-katolikus-bal-meghivoja\/\" \/>\n<meta property=\"og:locale\" content=\"hu_HU\" \/>\n<meta property=\"og:type\" content=\"article\" \/>\n<meta property=\"og:title\" content=\"51. Stuttgarti Magyar Katolikus J\u00f3t\u00e9konys\u00e1gi B\u00e1l megh\u00edv\u00f3ja - Stuttgarti Katolikusok\" \/>\n<meta property=\"og:description\" content=\"A b\u00e1li jegyek elfogytak!!! &nbsp; A\u00a0 helysz\u00ednen NEM LEHETS\u00c9GES JEGYET V\u00c1LTANI! Ett\u0151l f\u00fcggetlen\u00fcl \u00fajra k\u00f6zz\u00e9 tessz\u00fck felh\u00edv\u00e1sunkat. K\u00e9r\u00fcnk mindenkit, akik jegyet v\u00e1ltottak, olvass\u00e1k el ism\u00e9telten megh\u00edv\u00f3nkat, hogy az ott le\u00edrtak szerint lehess\u00fcnk egy\u00fctt ezen az est\u00e9n. Egyh\u00e1zk\u00f6zs\u00e9g\u00fcnk \u00e9s rendez\u0151ink\/szervez\u0151ink nev\u00e9ben k\u00f6sz\u00f6nj\u00fck sz\u00edves meg\u00e9rt\u00e9seteket. &nbsp; 2026. janu\u00e1r 31-\u00e9n ism\u00e9telten Fellbachban, a Schwabenland Halle-ban, imm\u00e1r 51-ik alkalommal tartjuk meg J\u00f3t\u00e9konys\u00e1gi B\u00e1lunkat. (Jegyek \u00e9rt\u00e9kes\u00edt\u00e9s\u00e9vel kapcsolatos hasznos inform\u00e1ci\u00f3kat az al\u00e1bbi linken tal\u00e1ltok\/ez am\u00fagy honlapunk nyit\u00f3oldala:) You are currently viewing a placeholder content from Default. To access the actual content, click the button below. Please note that doing so will share data with third-party providers. Unblock content Accept required service and unblock content More Information Fogadj\u00e1tok szeretettel b\u00e1li megh\u00edv\u00f3nkat:\" \/>\n<meta property=\"og:url\" content=\"https:\/\/stuttgarti-katolikusok.de\/index.php\/51-stuttgarti-magyar-katolikus-bal-meghivoja\/\" \/>\n<meta property=\"og:site_name\" content=\"Stuttgarti Katolikusok\" \/>\n<meta property=\"article:published_time\" content=\"2026-01-23T06:17:28+00:00\" \/>\n<meta property=\"article:modified_time\" content=\"2026-01-23T10:50:18+00:00\" \/>\n<meta property=\"og:image\" content=\"https:\/\/stuttgarti-katolikusok.de\/wp-content\/uploads\/2025\/11\/kepernyokep.png\" \/>\n\t<meta property=\"og:image:width\" content=\"467\" \/>\n\t<meta property=\"og:image:height\" content=\"441\" \/>\n\t<meta property=\"og:image:type\" content=\"image\/png\" \/>\n<meta name=\"author\" content=\"Tibor atya\" \/>\n<meta name=\"twitter:card\" content=\"summary_large_image\" \/>\n<meta name=\"twitter:label1\" content=\"Szerz\u0151:\" \/>\n\t<meta name=\"twitter:data1\" content=\"Tibor atya\" \/>\n\t<meta name=\"twitter:label2\" content=\"Becs\u00fclt olvas\u00e1si id\u0151\" \/>\n\t<meta name=\"twitter:data2\" content=\"1 perc\" \/>\n<script type=\"application\/ld+json\" class=\"yoast-schema-graph\">{\"@context\":\"https:\\\/\\\/schema.org\",\"@graph\":[{\"@type\":\"Article\",\"@id\":\"https:\\\/\\\/stuttgarti-katolikusok.de\\\/index.php\\\/51-stuttgarti-magyar-katolikus-bal-meghivoja\\\/#article\",\"isPartOf\":{\"@id\":\"https:\\\/\\\/stuttgarti-katolikusok.de\\\/index.php\\\/51-stuttgarti-magyar-katolikus-bal-meghivoja\\\/\"},\"author\":{\"name\":\"Tibor atya\",\"@id\":\"https:\\\/\\\/stuttgarti-katolikusok.de\\\/#\\\/schema\\\/person\\\/75908d6f8fdc03a57889d27209df7795\"},\"headline\":\"51. Stuttgarti Magyar Katolikus J\u00f3t\u00e9konys\u00e1gi B\u00e1l megh\u00edv\u00f3ja\",\"datePublished\":\"2026-01-23T06:17:28+00:00\",\"dateModified\":\"2026-01-23T10:50:18+00:00\",\"mainEntityOfPage\":{\"@id\":\"https:\\\/\\\/stuttgarti-katolikusok.de\\\/index.php\\\/51-stuttgarti-magyar-katolikus-bal-meghivoja\\\/\"},\"wordCount\":159,\"image\":{\"@id\":\"https:\\\/\\\/stuttgarti-katolikusok.de\\\/index.php\\\/51-stuttgarti-magyar-katolikus-bal-meghivoja\\\/#primaryimage\"},\"thumbnailUrl\":\"https:\\\/\\\/stuttgarti-katolikusok.de\\\/wp-content\\\/uploads\\\/2025\\\/11\\\/kepernyokep.png\",\"articleSection\":[\"H\u00edrek\"],\"inLanguage\":\"hu\"},{\"@type\":\"WebPage\",\"@id\":\"https:\\\/\\\/stuttgarti-katolikusok.de\\\/index.php\\\/51-stuttgarti-magyar-katolikus-bal-meghivoja\\\/\",\"url\":\"https:\\\/\\\/stuttgarti-katolikusok.de\\\/index.php\\\/51-stuttgarti-magyar-katolikus-bal-meghivoja\\\/\",\"name\":\"51. Stuttgarti Magyar Katolikus J\u00f3t\u00e9konys\u00e1gi B\u00e1l megh\u00edv\u00f3ja - Stuttgarti Katolikusok\",\"isPartOf\":{\"@id\":\"https:\\\/\\\/stuttgarti-katolikusok.de\\\/#website\"},\"primaryImageOfPage\":{\"@id\":\"https:\\\/\\\/stuttgarti-katolikusok.de\\\/index.php\\\/51-stuttgarti-magyar-katolikus-bal-meghivoja\\\/#primaryimage\"},\"image\":{\"@id\":\"https:\\\/\\\/stuttgarti-katolikusok.de\\\/index.php\\\/51-stuttgarti-magyar-katolikus-bal-meghivoja\\\/#primaryimage\"},\"thumbnailUrl\":\"https:\\\/\\\/stuttgarti-katolikusok.de\\\/wp-content\\\/uploads\\\/2025\\\/11\\\/kepernyokep.png\",\"datePublished\":\"2026-01-23T06:17:28+00:00\",\"dateModified\":\"2026-01-23T10:50:18+00:00\",\"author\":{\"@id\":\"https:\\\/\\\/stuttgarti-katolikusok.de\\\/#\\\/schema\\\/person\\\/75908d6f8fdc03a57889d27209df7795\"},\"breadcrumb\":{\"@id\":\"https:\\\/\\\/stuttgarti-katolikusok.de\\\/index.php\\\/51-stuttgarti-magyar-katolikus-bal-meghivoja\\\/#breadcrumb\"},\"inLanguage\":\"hu\",\"potentialAction\":[{\"@type\":\"ReadAction\",\"target\":[\"https:\\\/\\\/stuttgarti-katolikusok.de\\\/index.php\\\/51-stuttgarti-magyar-katolikus-bal-meghivoja\\\/\"]}]},{\"@type\":\"ImageObject\",\"inLanguage\":\"hu\",\"@id\":\"https:\\\/\\\/stuttgarti-katolikusok.de\\\/index.php\\\/51-stuttgarti-magyar-katolikus-bal-meghivoja\\\/#primaryimage\",\"url\":\"https:\\\/\\\/stuttgarti-katolikusok.de\\\/wp-content\\\/uploads\\\/2025\\\/11\\\/kepernyokep.png\",\"contentUrl\":\"https:\\\/\\\/stuttgarti-katolikusok.de\\\/wp-content\\\/uploads\\\/2025\\\/11\\\/kepernyokep.png\",\"width\":467,\"height\":441},{\"@type\":\"BreadcrumbList\",\"@id\":\"https:\\\/\\\/stuttgarti-katolikusok.de\\\/index.php\\\/51-stuttgarti-magyar-katolikus-bal-meghivoja\\\/#breadcrumb\",\"itemListElement\":[{\"@type\":\"ListItem\",\"position\":1,\"name\":\"Kezd\u0151lap\",\"item\":\"https:\\\/\\\/stuttgarti-katolikusok.de\\\/\"},{\"@type\":\"ListItem\",\"position\":2,\"name\":\"51. Stuttgarti Magyar Katolikus J\u00f3t\u00e9konys\u00e1gi B\u00e1l megh\u00edv\u00f3ja\"}]},{\"@type\":\"WebSite\",\"@id\":\"https:\\\/\\\/stuttgarti-katolikusok.de\\\/#website\",\"url\":\"https:\\\/\\\/stuttgarti-katolikusok.de\\\/\",\"name\":\"Stuttgarti Katolikusok\",\"description\":\"\",\"potentialAction\":[{\"@type\":\"SearchAction\",\"target\":{\"@type\":\"EntryPoint\",\"urlTemplate\":\"https:\\\/\\\/stuttgarti-katolikusok.de\\\/?s={search_term_string}\"},\"query-input\":{\"@type\":\"PropertyValueSpecification\",\"valueRequired\":true,\"valueName\":\"search_term_string\"}}],\"inLanguage\":\"hu\"},{\"@type\":\"Person\",\"@id\":\"https:\\\/\\\/stuttgarti-katolikusok.de\\\/#\\\/schema\\\/person\\\/75908d6f8fdc03a57889d27209df7795\",\"name\":\"Tibor atya\",\"image\":{\"@type\":\"ImageObject\",\"inLanguage\":\"hu\",\"@id\":\"https:\\\/\\\/secure.gravatar.com\\\/avatar\\\/61d268e57d1f4525b111222e29d2d5a7f8c420fdbf231ba5566a8ceac74fa960?s=96&d=mm&r=g\",\"url\":\"https:\\\/\\\/secure.gravatar.com\\\/avatar\\\/61d268e57d1f4525b111222e29d2d5a7f8c420fdbf231ba5566a8ceac74fa960?s=96&d=mm&r=g\",\"contentUrl\":\"https:\\\/\\\/secure.gravatar.com\\\/avatar\\\/61d268e57d1f4525b111222e29d2d5a7f8c420fdbf231ba5566a8ceac74fa960?s=96&d=mm&r=g\",\"caption\":\"Tibor atya\"},\"url\":\"https:\\\/\\\/stuttgarti-katolikusok.de\\\/index.php\\\/author\\\/tibor-atya\\\/\"}]}<\/script>\n<!-- \/ Yoast SEO plugin. -->","yoast_head_json":{"title":"51. Stuttgarti Magyar Katolikus J\u00f3t\u00e9konys\u00e1gi B\u00e1l megh\u00edv\u00f3ja - Stuttgarti Katolikusok","robots":{"index":"index","follow":"follow","max-snippet":"max-snippet:-1","max-image-preview":"max-image-preview:large","max-video-preview":"max-video-preview:-1"},"canonical":"https:\/\/stuttgarti-katolikusok.de\/index.php\/51-stuttgarti-magyar-katolikus-bal-meghivoja\/","og_locale":"hu_HU","og_type":"article","og_title":"51. Stuttgarti Magyar Katolikus J\u00f3t\u00e9konys\u00e1gi B\u00e1l megh\u00edv\u00f3ja - Stuttgarti Katolikusok","og_description":"A b\u00e1li jegyek elfogytak!!! &nbsp; A\u00a0 helysz\u00ednen NEM LEHETS\u00c9GES JEGYET V\u00c1LTANI! Ett\u0151l f\u00fcggetlen\u00fcl \u00fajra k\u00f6zz\u00e9 tessz\u00fck felh\u00edv\u00e1sunkat. K\u00e9r\u00fcnk mindenkit, akik jegyet v\u00e1ltottak, olvass\u00e1k el ism\u00e9telten megh\u00edv\u00f3nkat, hogy az ott le\u00edrtak szerint lehess\u00fcnk egy\u00fctt ezen az est\u00e9n. Egyh\u00e1zk\u00f6zs\u00e9g\u00fcnk \u00e9s rendez\u0151ink\/szervez\u0151ink nev\u00e9ben k\u00f6sz\u00f6nj\u00fck sz\u00edves meg\u00e9rt\u00e9seteket. &nbsp; 2026. janu\u00e1r 31-\u00e9n ism\u00e9telten Fellbachban, a Schwabenland Halle-ban, imm\u00e1r 51-ik alkalommal tartjuk meg J\u00f3t\u00e9konys\u00e1gi B\u00e1lunkat. (Jegyek \u00e9rt\u00e9kes\u00edt\u00e9s\u00e9vel kapcsolatos hasznos inform\u00e1ci\u00f3kat az al\u00e1bbi linken tal\u00e1ltok\/ez am\u00fagy honlapunk nyit\u00f3oldala:) You are currently viewing a placeholder content from Default. To access the actual content, click the button below. Please note that doing so will share data with third-party providers. Unblock content Accept required service and unblock content More Information Fogadj\u00e1tok szeretettel b\u00e1li megh\u00edv\u00f3nkat:","og_url":"https:\/\/stuttgarti-katolikusok.de\/index.php\/51-stuttgarti-magyar-katolikus-bal-meghivoja\/","og_site_name":"Stuttgarti Katolikusok","article_published_time":"2026-01-23T06:17:28+00:00","article_modified_time":"2026-01-23T10:50:18+00:00","og_image":[{"width":467,"height":441,"url":"https:\/\/stuttgarti-katolikusok.de\/wp-content\/uploads\/2025\/11\/kepernyokep.png","type":"image\/png"}],"author":"Tibor atya","twitter_card":"summary_large_image","twitter_misc":{"Szerz\u0151:":"Tibor atya","Becs\u00fclt olvas\u00e1si id\u0151":"1 perc"},"schema":{"@context":"https:\/\/schema.org","@graph":[{"@type":"Article","@id":"https:\/\/stuttgarti-katolikusok.de\/index.php\/51-stuttgarti-magyar-katolikus-bal-meghivoja\/#article","isPartOf":{"@id":"https:\/\/stuttgarti-katolikusok.de\/index.php\/51-stuttgarti-magyar-katolikus-bal-meghivoja\/"},"author":{"name":"Tibor atya","@id":"https:\/\/stuttgarti-katolikusok.de\/#\/schema\/person\/75908d6f8fdc03a57889d27209df7795"},"headline":"51. Stuttgarti Magyar Katolikus J\u00f3t\u00e9konys\u00e1gi B\u00e1l megh\u00edv\u00f3ja","datePublished":"2026-01-23T06:17:28+00:00","dateModified":"2026-01-23T10:50:18+00:00","mainEntityOfPage":{"@id":"https:\/\/stuttgarti-katolikusok.de\/index.php\/51-stuttgarti-magyar-katolikus-bal-meghivoja\/"},"wordCount":159,"image":{"@id":"https:\/\/stuttgarti-katolikusok.de\/index.php\/51-stuttgarti-magyar-katolikus-bal-meghivoja\/#primaryimage"},"thumbnailUrl":"https:\/\/stuttgarti-katolikusok.de\/wp-content\/uploads\/2025\/11\/kepernyokep.png","articleSection":["H\u00edrek"],"inLanguage":"hu"},{"@type":"WebPage","@id":"https:\/\/stuttgarti-katolikusok.de\/index.php\/51-stuttgarti-magyar-katolikus-bal-meghivoja\/","url":"https:\/\/stuttgarti-katolikusok.de\/index.php\/51-stuttgarti-magyar-katolikus-bal-meghivoja\/","name":"51. Stuttgarti Magyar Katolikus J\u00f3t\u00e9konys\u00e1gi B\u00e1l megh\u00edv\u00f3ja - Stuttgarti Katolikusok","isPartOf":{"@id":"https:\/\/stuttgarti-katolikusok.de\/#website"},"primaryImageOfPage":{"@id":"https:\/\/stuttgarti-katolikusok.de\/index.php\/51-stuttgarti-magyar-katolikus-bal-meghivoja\/#primaryimage"},"image":{"@id":"https:\/\/stuttgarti-katolikusok.de\/index.php\/51-stuttgarti-magyar-katolikus-bal-meghivoja\/#primaryimage"},"thumbnailUrl":"https:\/\/stuttgarti-katolikusok.de\/wp-content\/uploads\/2025\/11\/kepernyokep.png","datePublished":"2026-01-23T06:17:28+00:00","dateModified":"2026-01-23T10:50:18+00:00","author":{"@id":"https:\/\/stuttgarti-katolikusok.de\/#\/schema\/person\/75908d6f8fdc03a57889d27209df7795"},"breadcrumb":{"@id":"https:\/\/stuttgarti-katolikusok.de\/index.php\/51-stuttgarti-magyar-katolikus-bal-meghivoja\/#breadcrumb"},"inLanguage":"hu","potentialAction":[{"@type":"ReadAction","target":["https:\/\/stuttgarti-katolikusok.de\/index.php\/51-stuttgarti-magyar-katolikus-bal-meghivoja\/"]}]},{"@type":"ImageObject","inLanguage":"hu","@id":"https:\/\/stuttgarti-katolikusok.de\/index.php\/51-stuttgarti-magyar-katolikus-bal-meghivoja\/#primaryimage","url":"https:\/\/stuttgarti-katolikusok.de\/wp-content\/uploads\/2025\/11\/kepernyokep.png","contentUrl":"https:\/\/stuttgarti-katolikusok.de\/wp-content\/uploads\/2025\/11\/kepernyokep.png","width":467,"height":441},{"@type":"BreadcrumbList","@id":"https:\/\/stuttgarti-katolikusok.de\/index.php\/51-stuttgarti-magyar-katolikus-bal-meghivoja\/#breadcrumb","itemListElement":[{"@type":"ListItem","position":1,"name":"Kezd\u0151lap","item":"https:\/\/stuttgarti-katolikusok.de\/"},{"@type":"ListItem","position":2,"name":"51. Stuttgarti Magyar Katolikus J\u00f3t\u00e9konys\u00e1gi B\u00e1l megh\u00edv\u00f3ja"}]},{"@type":"WebSite","@id":"https:\/\/stuttgarti-katolikusok.de\/#website","url":"https:\/\/stuttgarti-katolikusok.de\/","name":"Stuttgarti Katolikusok","description":"","potentialAction":[{"@type":"SearchAction","target":{"@type":"EntryPoint","urlTemplate":"https:\/\/stuttgarti-katolikusok.de\/?s={search_term_string}"},"query-input":{"@type":"PropertyValueSpecification","valueRequired":true,"valueName":"search_term_string"}}],"inLanguage":"hu"},{"@type":"Person","@id":"https:\/\/stuttgarti-katolikusok.de\/#\/schema\/person\/75908d6f8fdc03a57889d27209df7795","name":"Tibor atya","image":{"@type":"ImageObject","inLanguage":"hu","@id":"https:\/\/secure.gravatar.com\/avatar\/61d268e57d1f4525b111222e29d2d5a7f8c420fdbf231ba5566a8ceac74fa960?s=96&d=mm&r=g","url":"https:\/\/secure.gravatar.com\/avatar\/61d268e57d1f4525b111222e29d2d5a7f8c420fdbf231ba5566a8ceac74fa960?s=96&d=mm&r=g","contentUrl":"https:\/\/secure.gravatar.com\/avatar\/61d268e57d1f4525b111222e29d2d5a7f8c420fdbf231ba5566a8ceac74fa960?s=96&d=mm&r=g","caption":"Tibor atya"},"url":"https:\/\/stuttgarti-katolikusok.de\/index.php\/author\/tibor-atya\/"}]}},"_links":{"self":[{"href":"https:\/\/stuttgarti-katolikusok.de\/index.php\/wp-json\/wp\/v2\/posts\/31997","targetHints":{"allow":["GET"]}}],"collection":[{"href":"https:\/\/stuttgarti-katolikusok.de\/index.php\/wp-json\/wp\/v2\/posts"}],"about":[{"href":"https:\/\/stuttgarti-katolikusok.de\/index.php\/wp-json\/wp\/v2\/types\/post"}],"author":[{"embeddable":true,"href":"https:\/\/stuttgarti-katolikusok.de\/index.php\/wp-json\/wp\/v2\/users\/3"}],"replies":[{"embeddable":true,"href":"https:\/\/stuttgarti-katolikusok.de\/index.php\/wp-json\/wp\/v2\/comments?post=31997"}],"version-history":[{"count":10,"href":"https:\/\/stuttgarti-katolikusok.de\/index.php\/wp-json\/wp\/v2\/posts\/31997\/revisions"}],"predecessor-version":[{"id":32507,"href":"https:\/\/stuttgarti-katolikusok.de\/index.php\/wp-json\/wp\/v2\/posts\/31997\/revisions\/32507"}],"wp:featuredmedia":[{"embeddable":true,"href":"https:\/\/stuttgarti-katolikusok.de\/index.php\/wp-json\/wp\/v2\/media\/32001"}],"wp:attachment":[{"href":"https:\/\/stuttgarti-katolikusok.de\/index.php\/wp-json\/wp\/v2\/media?parent=31997"}],"wp:term":[{"taxonomy":"category","embeddable":true,"href":"https:\/\/stuttgarti-katolikusok.de\/index.php\/wp-json\/wp\/v2\/categories?post=31997"},{"taxonomy":"post_tag","embeddable":true,"href":"https:\/\/stuttgarti-katolikusok.de\/index.php\/wp-json\/wp\/v2\/tags?post=31997"}],"curies":[{"name":"wp","href":"https:\/\/api.w.org\/{rel}","templated":true}]}}