{"id":31974,"date":"2025-11-10T21:53:32","date_gmt":"2025-11-10T20:53:32","guid":{"rendered":"https:\/\/stuttgarti-katolikusok.de\/?p=31974"},"modified":"2025-11-10T21:58:50","modified_gmt":"2025-11-10T20:58:50","slug":"2025-november-10-es-16-kozott","status":"publish","type":"post","link":"https:\/\/stuttgarti-katolikusok.de\/index.php\/2025-november-10-es-16-kozott\/","title":{"rendered":"2025. NOVEMBER 10 \u00c9S 16 K\u00d6Z\u00d6TT"},"content":{"rendered":"<p><span style=\"color: #008000;\"><strong>Programel\u0151zetes<\/strong><\/span><\/p>\n<p style=\"text-align: center;\"><span style=\"color: #008000;\"><em>\u00a0<\/em><strong>*<\/strong><\/span><\/p>\n<p><strong>November 14-\u00e9n,<\/strong>\u00a0p\u00e9nteken, <em><strong>Stuttgarti d\u00e9lut\u00e1n<\/strong><\/em>, 17.30 \u00f3rakor <em>r\u00f3zsaf\u00fcz\u00e9rt im\u00e1dkozunk, <\/em>18.00 \u00f3rakor\u00a0<em>szentmise<\/em>, keret\u00e9ben <em>katek\u00e9zis.<\/em><\/p>\n<p style=\"text-align: center;\"><span style=\"color: #008000;\"><strong>*<\/strong><\/span><\/p>\n<p><strong>November 15-\u00e9n<em>,<\/em><\/strong> szombaton,<\/p>\n<p><strong>Heidenheimban <\/strong>15.30 \u00f3rakor<em> ige-istentisztelet, <\/em>ezt k\u00f6vet\u0151en <em>agap\u00e9t <\/em>tartunk.<\/p>\n<p><strong>Weingartenben<\/strong> 16.00 \u00f3rakor<span style=\"color: #ff6600;\"><em> b\u00facs\u00fas-szentmise <\/em><\/span><em><span style=\"color: #ff6600;\">a Marienkirche<\/span><\/em>-ben <em>(St. Konrad-Stra\u00dfe 28)<\/em>,<span style=\"color: #ff6600;\"><em> Szent Imre herceget k\u00f6sz\u00f6ntj\u00fck. <\/em><\/span>Ezt k\u00f6vet\u0151en 18.00 \u00f3rakor<span style=\"color: #ff6600;\"><em> j\u00f3t\u00e9konys\u00e1gi vacsora <\/em><\/span><em><span style=\"color: #ff6600;\">a St. Martinus Gemeindehaus<\/span>&#8211;<\/em>ban <em>(Irmentrudstra\u00dfe 12).<\/em><\/p>\n<p><em><a href=\"https:\/\/stuttgarti-katolikusok.de\/wp-content\/uploads\/2023\/11\/szent-imre-w1.jpg\"><img loading=\"lazy\" decoding=\"async\" class=\"alignnone size-full wp-image-27494\" src=\"https:\/\/stuttgarti-katolikusok.de\/wp-content\/uploads\/2023\/11\/szent-imre-w1.jpg\" alt=\"\" width=\"688\" height=\"524\" srcset=\"https:\/\/stuttgarti-katolikusok.de\/wp-content\/uploads\/2023\/11\/szent-imre-w1.jpg 688w, https:\/\/stuttgarti-katolikusok.de\/wp-content\/uploads\/2023\/11\/szent-imre-w1-300x228.jpg 300w, https:\/\/stuttgarti-katolikusok.de\/wp-content\/uploads\/2023\/11\/szent-imre-w1-164x124.jpg 164w\" sizes=\"auto, (max-width: 688px) 100vw, 688px\" \/><\/a><\/em><\/p>\n<p style=\"text-align: center;\"><span style=\"color: #ff6600;\"><strong>* * * * *<\/strong><\/span><\/p>\n<p><a href=\"https:\/\/stuttgarti-katolikusok.de\/wp-content\/uploads\/2025\/11\/weingarten-2025-november.jpg\"><img loading=\"lazy\" decoding=\"async\" class=\"alignnone size-full wp-image-31975\" src=\"https:\/\/stuttgarti-katolikusok.de\/wp-content\/uploads\/2025\/11\/weingarten-2025-november.jpg\" alt=\"\" width=\"1147\" height=\"1666\" srcset=\"https:\/\/stuttgarti-katolikusok.de\/wp-content\/uploads\/2025\/11\/weingarten-2025-november.jpg 1147w, https:\/\/stuttgarti-katolikusok.de\/wp-content\/uploads\/2025\/11\/weingarten-2025-november-207x300.jpg 207w, https:\/\/stuttgarti-katolikusok.de\/wp-content\/uploads\/2025\/11\/weingarten-2025-november-705x1024.jpg 705w, https:\/\/stuttgarti-katolikusok.de\/wp-content\/uploads\/2025\/11\/weingarten-2025-november-1057x1536.jpg 1057w\" sizes=\"auto, (max-width: 1147px) 100vw, 1147px\" \/><\/a><\/p>\n<p style=\"text-align: center;\"><span style=\"color: #008000;\"><strong>*<\/strong><\/span><\/p>\n<p><strong>Stuttgartban <\/strong>16.00 \u00f3rakor:<\/p>\n<p><a href=\"https:\/\/stuttgarti-katolikusok.de\/wp-content\/uploads\/2025\/11\/mustarmagocska-zene-es-barkacskor-plakat-2025november-15.jpg\"><img loading=\"lazy\" decoding=\"async\" class=\"alignnone size-full wp-image-31976\" src=\"https:\/\/stuttgarti-katolikusok.de\/wp-content\/uploads\/2025\/11\/mustarmagocska-zene-es-barkacskor-plakat-2025november-15.jpg\" alt=\"\" width=\"1009\" height=\"1532\" \/><\/a><\/p>\n<p style=\"text-align: center;\"><strong><span style=\"color: #008000;\">*<\/span><\/strong><\/p>\n<p><strong>November 16-\u00e1n<\/strong><em>, <span style=\"color: #008000;\"><strong>\u00c9vk\u00f6zi 33. vas\u00e1rnap<\/strong><\/span>,<\/em><\/p>\n<p><strong>Ludwigsburgban <\/strong>9.30 \u00f3rakor <em>szentmise<\/em>, ut\u00e1na <em>agap\u00e9.<\/em><\/p>\n<p><strong>Stuttgartban <\/strong><span style=\"color: #ff0000;\">nincs szentmise!!!<\/span> V\u00e1runk benneteket Ludwigsburga.<\/p>\n<p><strong>Heilbronnban <\/strong>15.30 \u00f3rakor<em> szentmise, <\/em>ut\u00e1na <em>agap\u00e9.<\/em><\/p>\n<p style=\"text-align: center;\"><span style=\"color: #008000;\"><strong>*<\/strong><\/span><\/p>\n<p>Minden helyen mindenkit szeretettel v\u00e1r a k\u00f6z\u00f6ss\u00e9g \u00e9s Tibor atya!<\/p>\n<p style=\"text-align: center;\"><span style=\"color: #008000;\"><strong>*<\/strong><\/span><\/p>\n<p><a href=\"https:\/\/stuttgarti-katolikusok.de\/wp-content\/uploads\/2025\/11\/instagram-november.jpg\"><img loading=\"lazy\" decoding=\"async\" class=\"alignnone size-full wp-image-31977\" src=\"https:\/\/stuttgarti-katolikusok.de\/wp-content\/uploads\/2025\/11\/instagram-november.jpg\" alt=\"\" width=\"945\" height=\"436\" srcset=\"https:\/\/stuttgarti-katolikusok.de\/wp-content\/uploads\/2025\/11\/instagram-november.jpg 945w, https:\/\/stuttgarti-katolikusok.de\/wp-content\/uploads\/2025\/11\/instagram-november-300x138.jpg 300w\" sizes=\"auto, (max-width: 945px) 100vw, 945px\" \/><\/a><\/p>\n<p style=\"text-align: center;\"><em>(K\u00e9p forr\u00e1sa: Instagram)<\/em><\/p>\n<p style=\"text-align: center;\"><span style=\"color: #008000;\"><strong>*<\/strong><\/span><\/p>\n<p><span style=\"color: #008000;\"><strong><em>Bens\u0151s\u00e9ges \u0151szi napokat, j\u00f3 munk\u00e1t, tartalmas besz\u00e9lget\u00e9seket \u00e9s \u00f6r\u00f6mteli tal\u00e1lkoz\u00e1sokat k\u00edv\u00e1nunk minden Kedves H\u00edv\u00fcnknek!<\/em><\/strong><\/span><\/p>\n<p style=\"text-align: center;\"><span style=\"color: #008000;\"><strong>*<\/strong><\/span><\/p>\n<p><span style=\"color: #ff6600;\"><strong><em>\u201e<\/em><\/strong><em>ATY\u00c1M,<\/em><\/span><\/p>\n<p><span style=\"color: #ff6600;\">R\u00e1d hagyatkozom, tedd velem azt, ami neked tetszik.<\/span><\/p>\n<p><span style=\"color: #ff6600;\">B\u00e1rmit teszel is velem, megk\u00f6sz\u00f6n\u00f6m.<\/span><\/p>\n<p><span style=\"color: #ff6600;\">K\u00e9sz vagyok mindenre, elfogadok mindent,<\/span><\/p>\n<p><span style=\"color: #ff6600;\">csak akaratod teljesedj\u00e9k, bennem \u00e9s minden teremtm\u00e9nyedben.<\/span><\/p>\n<p><span style=\"color: #ff6600;\">Semmi m\u00e1st nem \u00f3hajtok, Istenem!<\/span><\/p>\n<p><span style=\"color: #ff6600;\">Kezedbe aj\u00e1nlom lelkemet, neked adom, Istenem,<\/span><\/p>\n<p><span style=\"color: #ff6600;\">sz\u00edvem eg\u00e9sz szeretet\u00e9vel,<\/span><\/p>\n<p><span style=\"color: #ff6600;\">mert szeretlek t\u00e9ged, \u00e9s a szeretet s\u00fcrget,<\/span><\/p>\n<p><span style=\"color: #ff6600;\">hogy eg\u00e9szen neked adjam magam,<\/span><\/p>\n<p><span style=\"color: #ff6600;\">hogy fenntart\u00e1s n\u00e9lk\u00fcl kezedbe helyezzem \u00e9letemet<\/span><\/p>\n<p><span style=\"color: #ff6600;\">hat\u00e1rtalan bizalommal,<\/span><\/p>\n<p><span style=\"color: #ff6600;\">mert te vagy az \u00e9n Aty\u00e1m!\u201d<\/span><\/p>\n<p><em>(Boldog Charles de Foucauld \u2013 1858-1916 \u2013 trappista szerzetes, katolikus pap)<\/em><\/p>\n<p><em>(Nyit\u00f3k\u00e9p forr\u00e1sa: Instagram)<\/em><\/p>\n","protected":false},"excerpt":{"rendered":"<p>Programel\u0151zetes \u00a0* November 14-\u00e9n,\u00a0p\u00e9nteken, Stuttgarti d\u00e9lut\u00e1n, 17.30 \u00f3rakor r\u00f3zsaf\u00fcz\u00e9rt im\u00e1dkozunk, 18.00 \u00f3rakor\u00a0szentmise, keret\u00e9ben katek\u00e9zis. * November 15-\u00e9n, szombaton, Heidenheimban 15.30 \u00f3rakor ige-istentisztelet, ezt k\u00f6vet\u0151en agap\u00e9t tartunk. Weingartenben 16.00 \u00f3rakor b\u00facs\u00fas-szentmise a Marienkirche-ben (St. Konrad-Stra\u00dfe 28), Szent Imre herceget k\u00f6sz\u00f6ntj\u00fck. Ezt k\u00f6vet\u0151en 18.00 \u00f3rakor j\u00f3t\u00e9konys\u00e1gi vacsora a St. Martinus Gemeindehaus&#8211;ban (Irmentrudstra\u00dfe 12). * * * * * * Stuttgartban 16.00 \u00f3rakor: * November 16-\u00e1n, \u00c9vk\u00f6zi 33. vas\u00e1rnap, Ludwigsburgban 9.30 \u00f3rakor szentmise, ut\u00e1na agap\u00e9. Stuttgartban nincs szentmise!!! V\u00e1runk benneteket Ludwigsburga. Heilbronnban 15.30 \u00f3rakor szentmise, ut\u00e1na agap\u00e9. * Minden helyen mindenkit szeretettel v\u00e1r a k\u00f6z\u00f6ss\u00e9g \u00e9s Tibor atya! * (K\u00e9p forr\u00e1sa: Instagram) * Bens\u0151s\u00e9ges \u0151szi napokat, j\u00f3 munk\u00e1t, tartalmas besz\u00e9lget\u00e9seket \u00e9s \u00f6r\u00f6mteli tal\u00e1lkoz\u00e1sokat k\u00edv\u00e1nunk minden Kedves H\u00edv\u00fcnknek! * \u201eATY\u00c1M, R\u00e1d hagyatkozom, tedd velem azt, ami neked tetszik. B\u00e1rmit teszel is velem, megk\u00f6sz\u00f6n\u00f6m. K\u00e9sz vagyok mindenre, elfogadok mindent, csak akaratod teljesedj\u00e9k, bennem \u00e9s minden teremtm\u00e9nyedben. Semmi m\u00e1st nem \u00f3hajtok, Istenem! Kezedbe aj\u00e1nlom lelkemet, neked adom, Istenem, sz\u00edvem eg\u00e9sz szeretet\u00e9vel, mert szeretlek t\u00e9ged, \u00e9s a szeretet s\u00fcrget, hogy eg\u00e9szen neked adjam magam, hogy fenntart\u00e1s n\u00e9lk\u00fcl kezedbe helyezzem \u00e9letemet hat\u00e1rtalan bizalommal, mert te vagy az \u00e9n Aty\u00e1m!\u201d (Boldog Charles de Foucauld \u2013 1858-1916 \u2013 trappista szerzetes, katolikus pap) (Nyit\u00f3k\u00e9p forr\u00e1sa: Instagram)<\/p>\n","protected":false},"author":3,"featured_media":27463,"comment_status":"closed","ping_status":"closed","sticky":false,"template":"","format":"standard","meta":{"footnotes":""},"categories":[37],"tags":[],"class_list":["post-31974","post","type-post","status-publish","format-standard","has-post-thumbnail","hentry","category-progamelozetes"],"yoast_head":"<!-- This site is optimized with the Yoast SEO plugin v27.3 - https:\/\/yoast.com\/product\/yoast-seo-wordpress\/ -->\n<title>2025. NOVEMBER 10 \u00c9S 16 K\u00d6Z\u00d6TT - Stuttgarti Katolikusok<\/title>\n<meta name=\"robots\" content=\"index, follow, max-snippet:-1, max-image-preview:large, max-video-preview:-1\" \/>\n<link rel=\"canonical\" href=\"https:\/\/stuttgarti-katolikusok.de\/index.php\/2025-november-10-es-16-kozott\/\" \/>\n<meta property=\"og:locale\" content=\"hu_HU\" \/>\n<meta property=\"og:type\" content=\"article\" \/>\n<meta property=\"og:title\" content=\"2025. NOVEMBER 10 \u00c9S 16 K\u00d6Z\u00d6TT - Stuttgarti Katolikusok\" \/>\n<meta property=\"og:description\" content=\"Programel\u0151zetes \u00a0* November 14-\u00e9n,\u00a0p\u00e9nteken, Stuttgarti d\u00e9lut\u00e1n, 17.30 \u00f3rakor r\u00f3zsaf\u00fcz\u00e9rt im\u00e1dkozunk, 18.00 \u00f3rakor\u00a0szentmise, keret\u00e9ben katek\u00e9zis. * November 15-\u00e9n, szombaton, Heidenheimban 15.30 \u00f3rakor ige-istentisztelet, ezt k\u00f6vet\u0151en agap\u00e9t tartunk. Weingartenben 16.00 \u00f3rakor b\u00facs\u00fas-szentmise a Marienkirche-ben (St. Konrad-Stra\u00dfe 28), Szent Imre herceget k\u00f6sz\u00f6ntj\u00fck. Ezt k\u00f6vet\u0151en 18.00 \u00f3rakor j\u00f3t\u00e9konys\u00e1gi vacsora a St. Martinus Gemeindehaus&#8211;ban (Irmentrudstra\u00dfe 12). * * * * * * Stuttgartban 16.00 \u00f3rakor: * November 16-\u00e1n, \u00c9vk\u00f6zi 33. vas\u00e1rnap, Ludwigsburgban 9.30 \u00f3rakor szentmise, ut\u00e1na agap\u00e9. Stuttgartban nincs szentmise!!! V\u00e1runk benneteket Ludwigsburga. Heilbronnban 15.30 \u00f3rakor szentmise, ut\u00e1na agap\u00e9. * Minden helyen mindenkit szeretettel v\u00e1r a k\u00f6z\u00f6ss\u00e9g \u00e9s Tibor atya! * (K\u00e9p forr\u00e1sa: Instagram) * Bens\u0151s\u00e9ges \u0151szi napokat, j\u00f3 munk\u00e1t, tartalmas besz\u00e9lget\u00e9seket \u00e9s \u00f6r\u00f6mteli tal\u00e1lkoz\u00e1sokat k\u00edv\u00e1nunk minden Kedves H\u00edv\u00fcnknek! * \u201eATY\u00c1M, R\u00e1d hagyatkozom, tedd velem azt, ami neked tetszik. B\u00e1rmit teszel is velem, megk\u00f6sz\u00f6n\u00f6m. K\u00e9sz vagyok mindenre, elfogadok mindent, csak akaratod teljesedj\u00e9k, bennem \u00e9s minden teremtm\u00e9nyedben. Semmi m\u00e1st nem \u00f3hajtok, Istenem! Kezedbe aj\u00e1nlom lelkemet, neked adom, Istenem, sz\u00edvem eg\u00e9sz szeretet\u00e9vel, mert szeretlek t\u00e9ged, \u00e9s a szeretet s\u00fcrget, hogy eg\u00e9szen neked adjam magam, hogy fenntart\u00e1s n\u00e9lk\u00fcl kezedbe helyezzem \u00e9letemet hat\u00e1rtalan bizalommal, mert te vagy az \u00e9n Aty\u00e1m!\u201d (Boldog Charles de Foucauld \u2013 1858-1916 \u2013 trappista szerzetes, katolikus pap) (Nyit\u00f3k\u00e9p forr\u00e1sa: Instagram)\" \/>\n<meta property=\"og:url\" content=\"https:\/\/stuttgarti-katolikusok.de\/index.php\/2025-november-10-es-16-kozott\/\" \/>\n<meta property=\"og:site_name\" content=\"Stuttgarti Katolikusok\" \/>\n<meta property=\"article:published_time\" content=\"2025-11-10T20:53:32+00:00\" \/>\n<meta property=\"article:modified_time\" content=\"2025-11-10T20:58:50+00:00\" \/>\n<meta property=\"og:image\" content=\"https:\/\/stuttgarti-katolikusok.de\/wp-content\/uploads\/2023\/11\/erdei-osveny.jpg\" \/>\n\t<meta property=\"og:image:width\" content=\"1074\" \/>\n\t<meta property=\"og:image:height\" content=\"926\" \/>\n\t<meta property=\"og:image:type\" content=\"image\/jpeg\" \/>\n<meta name=\"author\" content=\"Tibor atya\" \/>\n<meta name=\"twitter:card\" content=\"summary_large_image\" \/>\n<meta name=\"twitter:label1\" content=\"Szerz\u0151:\" \/>\n\t<meta name=\"twitter:data1\" content=\"Tibor atya\" \/>\n\t<meta name=\"twitter:label2\" content=\"Becs\u00fclt olvas\u00e1si id\u0151\" \/>\n\t<meta name=\"twitter:data2\" content=\"3 perc\" \/>\n<script type=\"application\/ld+json\" class=\"yoast-schema-graph\">{\"@context\":\"https:\\\/\\\/schema.org\",\"@graph\":[{\"@type\":\"Article\",\"@id\":\"https:\\\/\\\/stuttgarti-katolikusok.de\\\/index.php\\\/2025-november-10-es-16-kozott\\\/#article\",\"isPartOf\":{\"@id\":\"https:\\\/\\\/stuttgarti-katolikusok.de\\\/index.php\\\/2025-november-10-es-16-kozott\\\/\"},\"author\":{\"name\":\"Tibor atya\",\"@id\":\"https:\\\/\\\/stuttgarti-katolikusok.de\\\/#\\\/schema\\\/person\\\/75908d6f8fdc03a57889d27209df7795\"},\"headline\":\"2025. NOVEMBER 10 \u00c9S 16 K\u00d6Z\u00d6TT\",\"datePublished\":\"2025-11-10T20:53:32+00:00\",\"dateModified\":\"2025-11-10T20:58:50+00:00\",\"mainEntityOfPage\":{\"@id\":\"https:\\\/\\\/stuttgarti-katolikusok.de\\\/index.php\\\/2025-november-10-es-16-kozott\\\/\"},\"wordCount\":253,\"image\":{\"@id\":\"https:\\\/\\\/stuttgarti-katolikusok.de\\\/index.php\\\/2025-november-10-es-16-kozott\\\/#primaryimage\"},\"thumbnailUrl\":\"https:\\\/\\\/stuttgarti-katolikusok.de\\\/wp-content\\\/uploads\\\/2023\\\/11\\\/erdei-osveny.jpg\",\"articleSection\":[\"Progamel\u0151zetes\"],\"inLanguage\":\"hu\"},{\"@type\":\"WebPage\",\"@id\":\"https:\\\/\\\/stuttgarti-katolikusok.de\\\/index.php\\\/2025-november-10-es-16-kozott\\\/\",\"url\":\"https:\\\/\\\/stuttgarti-katolikusok.de\\\/index.php\\\/2025-november-10-es-16-kozott\\\/\",\"name\":\"2025. NOVEMBER 10 \u00c9S 16 K\u00d6Z\u00d6TT - Stuttgarti Katolikusok\",\"isPartOf\":{\"@id\":\"https:\\\/\\\/stuttgarti-katolikusok.de\\\/#website\"},\"primaryImageOfPage\":{\"@id\":\"https:\\\/\\\/stuttgarti-katolikusok.de\\\/index.php\\\/2025-november-10-es-16-kozott\\\/#primaryimage\"},\"image\":{\"@id\":\"https:\\\/\\\/stuttgarti-katolikusok.de\\\/index.php\\\/2025-november-10-es-16-kozott\\\/#primaryimage\"},\"thumbnailUrl\":\"https:\\\/\\\/stuttgarti-katolikusok.de\\\/wp-content\\\/uploads\\\/2023\\\/11\\\/erdei-osveny.jpg\",\"datePublished\":\"2025-11-10T20:53:32+00:00\",\"dateModified\":\"2025-11-10T20:58:50+00:00\",\"author\":{\"@id\":\"https:\\\/\\\/stuttgarti-katolikusok.de\\\/#\\\/schema\\\/person\\\/75908d6f8fdc03a57889d27209df7795\"},\"breadcrumb\":{\"@id\":\"https:\\\/\\\/stuttgarti-katolikusok.de\\\/index.php\\\/2025-november-10-es-16-kozott\\\/#breadcrumb\"},\"inLanguage\":\"hu\",\"potentialAction\":[{\"@type\":\"ReadAction\",\"target\":[\"https:\\\/\\\/stuttgarti-katolikusok.de\\\/index.php\\\/2025-november-10-es-16-kozott\\\/\"]}]},{\"@type\":\"ImageObject\",\"inLanguage\":\"hu\",\"@id\":\"https:\\\/\\\/stuttgarti-katolikusok.de\\\/index.php\\\/2025-november-10-es-16-kozott\\\/#primaryimage\",\"url\":\"https:\\\/\\\/stuttgarti-katolikusok.de\\\/wp-content\\\/uploads\\\/2023\\\/11\\\/erdei-osveny.jpg\",\"contentUrl\":\"https:\\\/\\\/stuttgarti-katolikusok.de\\\/wp-content\\\/uploads\\\/2023\\\/11\\\/erdei-osveny.jpg\",\"width\":1074,\"height\":926},{\"@type\":\"BreadcrumbList\",\"@id\":\"https:\\\/\\\/stuttgarti-katolikusok.de\\\/index.php\\\/2025-november-10-es-16-kozott\\\/#breadcrumb\",\"itemListElement\":[{\"@type\":\"ListItem\",\"position\":1,\"name\":\"Kezd\u0151lap\",\"item\":\"https:\\\/\\\/stuttgarti-katolikusok.de\\\/\"},{\"@type\":\"ListItem\",\"position\":2,\"name\":\"2025. NOVEMBER 10 \u00c9S 16 K\u00d6Z\u00d6TT\"}]},{\"@type\":\"WebSite\",\"@id\":\"https:\\\/\\\/stuttgarti-katolikusok.de\\\/#website\",\"url\":\"https:\\\/\\\/stuttgarti-katolikusok.de\\\/\",\"name\":\"Stuttgarti Katolikusok\",\"description\":\"\",\"potentialAction\":[{\"@type\":\"SearchAction\",\"target\":{\"@type\":\"EntryPoint\",\"urlTemplate\":\"https:\\\/\\\/stuttgarti-katolikusok.de\\\/?s={search_term_string}\"},\"query-input\":{\"@type\":\"PropertyValueSpecification\",\"valueRequired\":true,\"valueName\":\"search_term_string\"}}],\"inLanguage\":\"hu\"},{\"@type\":\"Person\",\"@id\":\"https:\\\/\\\/stuttgarti-katolikusok.de\\\/#\\\/schema\\\/person\\\/75908d6f8fdc03a57889d27209df7795\",\"name\":\"Tibor atya\",\"image\":{\"@type\":\"ImageObject\",\"inLanguage\":\"hu\",\"@id\":\"https:\\\/\\\/secure.gravatar.com\\\/avatar\\\/61d268e57d1f4525b111222e29d2d5a7f8c420fdbf231ba5566a8ceac74fa960?s=96&d=mm&r=g\",\"url\":\"https:\\\/\\\/secure.gravatar.com\\\/avatar\\\/61d268e57d1f4525b111222e29d2d5a7f8c420fdbf231ba5566a8ceac74fa960?s=96&d=mm&r=g\",\"contentUrl\":\"https:\\\/\\\/secure.gravatar.com\\\/avatar\\\/61d268e57d1f4525b111222e29d2d5a7f8c420fdbf231ba5566a8ceac74fa960?s=96&d=mm&r=g\",\"caption\":\"Tibor atya\"},\"url\":\"https:\\\/\\\/stuttgarti-katolikusok.de\\\/index.php\\\/author\\\/tibor-atya\\\/\"}]}<\/script>\n<!-- \/ Yoast SEO plugin. -->","yoast_head_json":{"title":"2025. NOVEMBER 10 \u00c9S 16 K\u00d6Z\u00d6TT - Stuttgarti Katolikusok","robots":{"index":"index","follow":"follow","max-snippet":"max-snippet:-1","max-image-preview":"max-image-preview:large","max-video-preview":"max-video-preview:-1"},"canonical":"https:\/\/stuttgarti-katolikusok.de\/index.php\/2025-november-10-es-16-kozott\/","og_locale":"hu_HU","og_type":"article","og_title":"2025. NOVEMBER 10 \u00c9S 16 K\u00d6Z\u00d6TT - Stuttgarti Katolikusok","og_description":"Programel\u0151zetes \u00a0* November 14-\u00e9n,\u00a0p\u00e9nteken, Stuttgarti d\u00e9lut\u00e1n, 17.30 \u00f3rakor r\u00f3zsaf\u00fcz\u00e9rt im\u00e1dkozunk, 18.00 \u00f3rakor\u00a0szentmise, keret\u00e9ben katek\u00e9zis. * November 15-\u00e9n, szombaton, Heidenheimban 15.30 \u00f3rakor ige-istentisztelet, ezt k\u00f6vet\u0151en agap\u00e9t tartunk. Weingartenben 16.00 \u00f3rakor b\u00facs\u00fas-szentmise a Marienkirche-ben (St. Konrad-Stra\u00dfe 28), Szent Imre herceget k\u00f6sz\u00f6ntj\u00fck. Ezt k\u00f6vet\u0151en 18.00 \u00f3rakor j\u00f3t\u00e9konys\u00e1gi vacsora a St. Martinus Gemeindehaus&#8211;ban (Irmentrudstra\u00dfe 12). * * * * * * Stuttgartban 16.00 \u00f3rakor: * November 16-\u00e1n, \u00c9vk\u00f6zi 33. vas\u00e1rnap, Ludwigsburgban 9.30 \u00f3rakor szentmise, ut\u00e1na agap\u00e9. Stuttgartban nincs szentmise!!! V\u00e1runk benneteket Ludwigsburga. Heilbronnban 15.30 \u00f3rakor szentmise, ut\u00e1na agap\u00e9. * Minden helyen mindenkit szeretettel v\u00e1r a k\u00f6z\u00f6ss\u00e9g \u00e9s Tibor atya! * (K\u00e9p forr\u00e1sa: Instagram) * Bens\u0151s\u00e9ges \u0151szi napokat, j\u00f3 munk\u00e1t, tartalmas besz\u00e9lget\u00e9seket \u00e9s \u00f6r\u00f6mteli tal\u00e1lkoz\u00e1sokat k\u00edv\u00e1nunk minden Kedves H\u00edv\u00fcnknek! * \u201eATY\u00c1M, R\u00e1d hagyatkozom, tedd velem azt, ami neked tetszik. B\u00e1rmit teszel is velem, megk\u00f6sz\u00f6n\u00f6m. K\u00e9sz vagyok mindenre, elfogadok mindent, csak akaratod teljesedj\u00e9k, bennem \u00e9s minden teremtm\u00e9nyedben. Semmi m\u00e1st nem \u00f3hajtok, Istenem! Kezedbe aj\u00e1nlom lelkemet, neked adom, Istenem, sz\u00edvem eg\u00e9sz szeretet\u00e9vel, mert szeretlek t\u00e9ged, \u00e9s a szeretet s\u00fcrget, hogy eg\u00e9szen neked adjam magam, hogy fenntart\u00e1s n\u00e9lk\u00fcl kezedbe helyezzem \u00e9letemet hat\u00e1rtalan bizalommal, mert te vagy az \u00e9n Aty\u00e1m!\u201d (Boldog Charles de Foucauld \u2013 1858-1916 \u2013 trappista szerzetes, katolikus pap) (Nyit\u00f3k\u00e9p forr\u00e1sa: Instagram)","og_url":"https:\/\/stuttgarti-katolikusok.de\/index.php\/2025-november-10-es-16-kozott\/","og_site_name":"Stuttgarti Katolikusok","article_published_time":"2025-11-10T20:53:32+00:00","article_modified_time":"2025-11-10T20:58:50+00:00","og_image":[{"width":1074,"height":926,"url":"https:\/\/stuttgarti-katolikusok.de\/wp-content\/uploads\/2023\/11\/erdei-osveny.jpg","type":"image\/jpeg"}],"author":"Tibor atya","twitter_card":"summary_large_image","twitter_misc":{"Szerz\u0151:":"Tibor atya","Becs\u00fclt olvas\u00e1si id\u0151":"3 perc"},"schema":{"@context":"https:\/\/schema.org","@graph":[{"@type":"Article","@id":"https:\/\/stuttgarti-katolikusok.de\/index.php\/2025-november-10-es-16-kozott\/#article","isPartOf":{"@id":"https:\/\/stuttgarti-katolikusok.de\/index.php\/2025-november-10-es-16-kozott\/"},"author":{"name":"Tibor atya","@id":"https:\/\/stuttgarti-katolikusok.de\/#\/schema\/person\/75908d6f8fdc03a57889d27209df7795"},"headline":"2025. NOVEMBER 10 \u00c9S 16 K\u00d6Z\u00d6TT","datePublished":"2025-11-10T20:53:32+00:00","dateModified":"2025-11-10T20:58:50+00:00","mainEntityOfPage":{"@id":"https:\/\/stuttgarti-katolikusok.de\/index.php\/2025-november-10-es-16-kozott\/"},"wordCount":253,"image":{"@id":"https:\/\/stuttgarti-katolikusok.de\/index.php\/2025-november-10-es-16-kozott\/#primaryimage"},"thumbnailUrl":"https:\/\/stuttgarti-katolikusok.de\/wp-content\/uploads\/2023\/11\/erdei-osveny.jpg","articleSection":["Progamel\u0151zetes"],"inLanguage":"hu"},{"@type":"WebPage","@id":"https:\/\/stuttgarti-katolikusok.de\/index.php\/2025-november-10-es-16-kozott\/","url":"https:\/\/stuttgarti-katolikusok.de\/index.php\/2025-november-10-es-16-kozott\/","name":"2025. NOVEMBER 10 \u00c9S 16 K\u00d6Z\u00d6TT - Stuttgarti Katolikusok","isPartOf":{"@id":"https:\/\/stuttgarti-katolikusok.de\/#website"},"primaryImageOfPage":{"@id":"https:\/\/stuttgarti-katolikusok.de\/index.php\/2025-november-10-es-16-kozott\/#primaryimage"},"image":{"@id":"https:\/\/stuttgarti-katolikusok.de\/index.php\/2025-november-10-es-16-kozott\/#primaryimage"},"thumbnailUrl":"https:\/\/stuttgarti-katolikusok.de\/wp-content\/uploads\/2023\/11\/erdei-osveny.jpg","datePublished":"2025-11-10T20:53:32+00:00","dateModified":"2025-11-10T20:58:50+00:00","author":{"@id":"https:\/\/stuttgarti-katolikusok.de\/#\/schema\/person\/75908d6f8fdc03a57889d27209df7795"},"breadcrumb":{"@id":"https:\/\/stuttgarti-katolikusok.de\/index.php\/2025-november-10-es-16-kozott\/#breadcrumb"},"inLanguage":"hu","potentialAction":[{"@type":"ReadAction","target":["https:\/\/stuttgarti-katolikusok.de\/index.php\/2025-november-10-es-16-kozott\/"]}]},{"@type":"ImageObject","inLanguage":"hu","@id":"https:\/\/stuttgarti-katolikusok.de\/index.php\/2025-november-10-es-16-kozott\/#primaryimage","url":"https:\/\/stuttgarti-katolikusok.de\/wp-content\/uploads\/2023\/11\/erdei-osveny.jpg","contentUrl":"https:\/\/stuttgarti-katolikusok.de\/wp-content\/uploads\/2023\/11\/erdei-osveny.jpg","width":1074,"height":926},{"@type":"BreadcrumbList","@id":"https:\/\/stuttgarti-katolikusok.de\/index.php\/2025-november-10-es-16-kozott\/#breadcrumb","itemListElement":[{"@type":"ListItem","position":1,"name":"Kezd\u0151lap","item":"https:\/\/stuttgarti-katolikusok.de\/"},{"@type":"ListItem","position":2,"name":"2025. NOVEMBER 10 \u00c9S 16 K\u00d6Z\u00d6TT"}]},{"@type":"WebSite","@id":"https:\/\/stuttgarti-katolikusok.de\/#website","url":"https:\/\/stuttgarti-katolikusok.de\/","name":"Stuttgarti Katolikusok","description":"","potentialAction":[{"@type":"SearchAction","target":{"@type":"EntryPoint","urlTemplate":"https:\/\/stuttgarti-katolikusok.de\/?s={search_term_string}"},"query-input":{"@type":"PropertyValueSpecification","valueRequired":true,"valueName":"search_term_string"}}],"inLanguage":"hu"},{"@type":"Person","@id":"https:\/\/stuttgarti-katolikusok.de\/#\/schema\/person\/75908d6f8fdc03a57889d27209df7795","name":"Tibor atya","image":{"@type":"ImageObject","inLanguage":"hu","@id":"https:\/\/secure.gravatar.com\/avatar\/61d268e57d1f4525b111222e29d2d5a7f8c420fdbf231ba5566a8ceac74fa960?s=96&d=mm&r=g","url":"https:\/\/secure.gravatar.com\/avatar\/61d268e57d1f4525b111222e29d2d5a7f8c420fdbf231ba5566a8ceac74fa960?s=96&d=mm&r=g","contentUrl":"https:\/\/secure.gravatar.com\/avatar\/61d268e57d1f4525b111222e29d2d5a7f8c420fdbf231ba5566a8ceac74fa960?s=96&d=mm&r=g","caption":"Tibor atya"},"url":"https:\/\/stuttgarti-katolikusok.de\/index.php\/author\/tibor-atya\/"}]}},"_links":{"self":[{"href":"https:\/\/stuttgarti-katolikusok.de\/index.php\/wp-json\/wp\/v2\/posts\/31974","targetHints":{"allow":["GET"]}}],"collection":[{"href":"https:\/\/stuttgarti-katolikusok.de\/index.php\/wp-json\/wp\/v2\/posts"}],"about":[{"href":"https:\/\/stuttgarti-katolikusok.de\/index.php\/wp-json\/wp\/v2\/types\/post"}],"author":[{"embeddable":true,"href":"https:\/\/stuttgarti-katolikusok.de\/index.php\/wp-json\/wp\/v2\/users\/3"}],"replies":[{"embeddable":true,"href":"https:\/\/stuttgarti-katolikusok.de\/index.php\/wp-json\/wp\/v2\/comments?post=31974"}],"version-history":[{"count":5,"href":"https:\/\/stuttgarti-katolikusok.de\/index.php\/wp-json\/wp\/v2\/posts\/31974\/revisions"}],"predecessor-version":[{"id":31982,"href":"https:\/\/stuttgarti-katolikusok.de\/index.php\/wp-json\/wp\/v2\/posts\/31974\/revisions\/31982"}],"wp:featuredmedia":[{"embeddable":true,"href":"https:\/\/stuttgarti-katolikusok.de\/index.php\/wp-json\/wp\/v2\/media\/27463"}],"wp:attachment":[{"href":"https:\/\/stuttgarti-katolikusok.de\/index.php\/wp-json\/wp\/v2\/media?parent=31974"}],"wp:term":[{"taxonomy":"category","embeddable":true,"href":"https:\/\/stuttgarti-katolikusok.de\/index.php\/wp-json\/wp\/v2\/categories?post=31974"},{"taxonomy":"post_tag","embeddable":true,"href":"https:\/\/stuttgarti-katolikusok.de\/index.php\/wp-json\/wp\/v2\/tags?post=31974"}],"curies":[{"name":"wp","href":"https:\/\/api.w.org\/{rel}","templated":true}]}}