{"id":31965,"date":"2025-11-08T12:37:59","date_gmt":"2025-11-08T11:37:59","guid":{"rendered":"https:\/\/stuttgarti-katolikusok.de\/?p=31965"},"modified":"2025-11-08T23:26:22","modified_gmt":"2025-11-08T22:26:22","slug":"a-laterani-bazilika-felszentelese-unnepe","status":"publish","type":"post","link":"https:\/\/stuttgarti-katolikusok.de\/index.php\/a-laterani-bazilika-felszentelese-unnepe\/","title":{"rendered":"A later\u00e1ni bazilika felszentel\u00e9se \u00fcnnepe"},"content":{"rendered":"<p><span style=\"color: #ff6600;\"><em>A mai napon a Later\u00e1ni bazilika, minden templom anyja, felszentel\u00e9s\u00e9nek \u00fcnnepe van. Az \u00fcnnep \u00e1tveszi hely\u00e9t az \u00c9vk\u00f6zi 32. vas\u00e1rnapnak. \u00c9ppen ez\u00e9rt a templomszentel\u00e9s \u00fcnnep\u00e9r\u0151l vessz\u00fck az olvasm\u00e1nyokat.<\/em><\/span><\/p>\n<p><span style=\"color: #ff6600;\"><em>Az olvasm\u00e1nyban Ezekiel pr\u00f3f\u00e9ta l\u00e1tom\u00e1s\u00e1r\u00f3l olvasunk. Imm\u00e1r 25 esztendeje, hogy fogs\u00e1gban vannak, t\u00e1vol az otthont\u00f3l. K\u00fcl\u00f6n\u00f6s l\u00e1tom\u00e1sa van. Az \u00dar elj\u00f6n \u00e9rte \u00e9s odavezeti a jeruzs\u00e1lemi templom kapuja el\u00e9. A k\u00fcsz\u00f6b al\u00f3l fakad\u00f3 v\u00edz, ahol csak elvezet \u00fatja, mindent \u00e9l\u0151v\u00e9 tesz. Ez a l\u00e1tom\u00e1s \u00fczenete. A templom mind a mai napig els\u0151sorban ezen k\u00fcldet\u00e9s\u00e9t t\u00f6lti be. Jelk\u00e9pe marad az isteni kegyelem forr\u00e1s\u00e1nak. Ma egyre t\u00f6bb templomot z\u00e1rnak be, \u00e9rt\u00e9kes\u00edtenek. Egyben azt is \u00fczeni, hogy lemondunk e kegyelmi forr\u00e1sr\u00f3l. Nyilv\u00e1n a templomot \u00e9lettel kell megt\u00f6lteni. A h\u00edvek teszik \u00e9l\u0151v\u00e9 a templomot, amikor ig\u00e9nyt tartanak r\u00e1, azaz haszn\u00e1lj\u00e1k.<\/em><\/span><\/p>\n<p><span style=\"color: #ff6600;\"><em>A szentleck\u00e9ben Szent P\u00e1l apostol eml\u00e9keztet nagyszer\u0171 hivat\u00e1sunkra \u00e9s k\u00fcldet\u00e9s\u00fcnkre: Isten \u00e9l\u0151 \u00e9s eleven templomai vagyunk. A kereszts\u00e9g szents\u00e9g\u00e9n kereszt\u00fcl nyert\u00fck el ezen hivat\u00e1sunkat \u00e9s k\u00fcldet\u00e9s\u00fcnket. \u00c9let\u00fcnk templom\u00e1t Krisztusra, mint alapra \u00e9p\u00edtj\u00fck. Isten Szentlelke az, aki birtokba akar venni benn\u00fcnket. Ehhez azonban sz\u00fcks\u00e9g van a mi akt\u00edv r\u00e9szv\u00e9tel\u00fcnkre.<\/em><\/span><\/p>\n<p><span style=\"color: #ff6600;\"><em>Az evang\u00e9liumban az \u00dar J\u00e9zus nagyon hat\u00e1rozott magatart\u00e1s\u00e1r\u00f3l hallhatunk. J\u00e9zus korb\u00e1csot fon \u00e9s ki\u0171zi az \u00e1rusokat a templomb\u00f3l. \u00c1lland\u00f3 feladat sz\u00e1munkra, s ez lehet egy gyakorlati k\u00f6vetkezm\u00e9nye\u00a0 ennek az evang\u00e9liumi r\u00e9sznek, megtiszt\u00edtani sz\u00edv\u00fcnk templom\u00e1r. Hogyan? Ism\u00e9telten \u00e1tadjuk magunkat neki. Tov\u00e1bb\u00e1, a templomaink tal\u00e1lkoz\u00e1si helyek, Istennel \u00e9s embertestv\u00e9reimmel. \u00c9l\u0151v\u00e9 akkor lesz egy templom, ha benne mi testv\u00e9rk\u00e9nt tal\u00e1lkozunk.\u00a0\u00a0<\/em><\/span><\/p>\n<p><span style=\"color: #ff6600;\"><em>A templomot mindig a h\u00edv\u0151 emberek teszik \u00e9l\u0151v\u00e9! Mintegy 15 \u00e9ven kereszt\u00fcl voltam a Szentl\u00e9lek templom pl\u00e9b\u00e1nosa Szatm\u00e1rn\u00e9metiben. Am\u00fagy hamarosan k\u00f6zeledik e templom felszentel\u00e9s\u00e9nek \u00e9vfordul\u00f3ja, 1994. november 20. E templom egyedi t\u00f6rt\u00e9nete, hogy nem csup\u00e1n a templom \u00e9p\u00fclt nagy szorgalomban \u00e9s odaad\u00e1sban, kicsik \u00e9s feln\u0151ttek elk\u00e1pr\u00e1ztat\u00f3 szorgalm\u00e1val. \u00c9rt\u00e9ke ennek a templomnak, hogy a templomot belak\u00f3 \u00e9s birtokba vev\u0151 k\u00f6z\u00f6ss\u00e9g is egy\u00fctt sz\u00fcletett \u00e9s n\u00f6vekedett. Szentlelkesnek lenni Szatm\u00e1rn\u00e9metiben \u00e9let\u00e9rz\u00e9s, csod\u00e1s aj\u00e1nd\u00e9k. Ezt az \u00e9rz\u00e9st most is \u0151rz\u00f6m sz\u00edvemben, 12 esztend\u0151 t\u00e1vlat\u00e1b\u00f3l. Term\u00e9szetesen nem feledkezem meg S\u00e1rk\u00f6z\u00fajlak, sz\u00fcl\u0151falum\/-v\u00e1rosom, templom\u00e1r\u00f3l sem. Ugyanis innen indult istengyermeki \u00e9letem a kereszts\u00e9g szents\u00e9g\u00e9n kereszt\u00fcl.<\/em><\/span><\/p>\n<p><span style=\"color: #ff6600;\"><em>Tibor atya<\/em><\/span><\/p>\n<p><span style=\"color: #ff6600;\">OLVASM\u00c1NY Ezekiel pr\u00f3f\u00e9ta k\u00f6nyv\u00e9b\u0151l (Ez 47,1-2.8-9.12)<\/span><br \/>\n<em>L\u00e1ttam a templomb\u00f3l fakadt vizet, \u00e9s akikhez eljutott ez a v\u00edz, meggy\u00f3gyultak.<\/em><br \/>\nSz\u00e1m\u0171zet\u00e9s\u00fcnk huszon\u00f6t\u00f6dik esztendej\u00e9ben az \u00dar elj\u00f6tt isteni l\u00e1tom\u00e1sban, \u00e9s egy angyal odavezetett a jeruzs\u00e1lemi templom kapuja el\u00e9. L\u00e1ttam, hogy a k\u00fcsz\u00f6b al\u00f3l v\u00edz fakadt, a h\u00e1z keleti oldal\u00e1n, keletre n\u00e9zett ugyanis a templom f\u0151bej\u00e1rata. A v\u00edz az \u00e9p\u00fclett\u0151l jobbra folyt le, az olt\u00e1rt\u00f3l d\u00e9l fel\u00e9. Azut\u00e1n az angyal kivitt az \u00e9szaki kapun, s a k\u00fcls\u0151 kapun k\u00edv\u00fcl fekv\u0151 \u00fatra vezetett, amely keletre visz. \u00c9s \u00edme, jobbr\u00f3l forr\u00e1s t\u00f6rt el\u0151!<br \/>\nK\u00eds\u00e9r\u0151m \u00edgy sz\u00f3lt: \u201eA keleti vid\u00e9k fel\u00e9 indul ez a v\u00edz, teh\u00e1t keletre, onn\u00e9t majd leh\u00f6mp\u00f6ly\u00f6g a sivatag fel\u00e9; a sivatagt\u00f3l z\u00fag tov\u00e1bb le a Holt-tengerig. Ez a v\u00edz a s\u00f3s tengervizet is eg\u00e9szs\u00e9gess\u00e9 teszi. Amerre \u00e1rad e foly\u00f3, minden l\u00e9ny \u00e9lni fog! Ahov\u00e1 eljut ez a v\u00edz, igen sok lesz a hal; amit csak \u00f6nt\u00f6z e foly\u00f3, minden virulni fog! A foly\u00f3 ment\u00e9n mindk\u00e9t parton sok gy\u00fcm\u00f6lcsfa n\u0151: lombjuk le nem hull, \u00e9s gy\u00fcm\u00f6lcs\u00fck nem fogy el. Havonk\u00e9nt \u00e9rik friss gy\u00fcm\u00f6lcs\u00fck, mert viz\u00fck a szent\u00e9lyb\u0151l fakad, gy\u00fcm\u00f6lcs\u00fck \u00e9tel, lombjuk pedig orvoss\u00e1g lesz.\u201d<br \/>\nEz az Isten ig\u00e9je.<br \/>\n<span style=\"color: #ff6600;\">V\u00c1LASZOS ZSOLT\u00c1R (Zsolt 45,2-3.5-6.8-9)<\/span><br \/>\nV\u00e1lasz:\u00a0<strong>Cs\u00f6rgedez\u0151 patakok vid\u00edtj\u00e1k Isten v\u00e1ros\u00e1t, * a Magass\u00e1gbelinek Szents\u00e9ges lak\u00f3hely\u00e9t.<\/strong>\u00a0(V\u00f6. 5. vers. &#8211; 9. t\u00f3nus)<br \/>\nEl\u0151\u00e9nekes: Isten az er\u0151nk \u00e9s mened\u00e9k\u00fcnk, * biztos seg\u00edts\u00e9g\u00fcnk, mikor minket szorongatnak.<br \/>\nEz\u00e9rt nem f\u00e9l\u00fcnk, ha megrend\u00fcl a f\u00f6ld alattunk, * \u00e9s a hegyek elmer\u00fclnek a m\u00e9ly tengerbe.<br \/>\nH\u00edvek: Cs\u00f6rgedez\u0151 patakok vid\u00edtj\u00e1k Isten v\u00e1ros\u00e1t, * a Magass\u00e1gbelinek Szents\u00e9ges lak\u00f3hely\u00e9t.<br \/>\nE: A foly\u00f3k \u00e1gai vid\u00edtj\u00e1k Isten v\u00e1ros\u00e1t, * a f\u00f6ls\u00e9ges Isten szent hajl\u00e9k\u00e1t.<br \/>\nMeg nem inog, mert Isten lakja, * kora hajnalt\u00f3l oltalmazza.<br \/>\nH: Cs\u00f6rgedez\u0151 patakok vid\u00edtj\u00e1k Isten v\u00e1ros\u00e1t, * a Magass\u00e1gbelinek Szents\u00e9ges lak\u00f3hely\u00e9t.<br \/>\nE: Vel\u00fcnk van az er\u0151s Isten: * J\u00e1kob Istene a mened\u00e9k\u00fcnk.<br \/>\nJ\u00f6jjetek \u00e9s l\u00e1ss\u00e1tok az \u00darnak tetteit, * melyeket v\u00e9gbevitt az eg\u00e9sz f\u00f6ld\u00f6n.<br \/>\nH: Cs\u00f6rgedez\u0151 patakok vid\u00edtj\u00e1k Isten v\u00e1ros\u00e1t, * a Magass\u00e1gbelinek Szents\u00e9ges lak\u00f3hely\u00e9t.<\/p>\n<p><span style=\"color: #ff6600;\">SZENTLECKE Szent P\u00e1l apostolnak a korintusiakhoz \u00edrt els\u0151 level\u00e9b\u0151l (1Kor 3,9c-11.16-17)<\/span><br \/>\n<em>Ti Isten temploma vagytok!<\/em><br \/>\nTestv\u00e9reim!<br \/>\nTi Isten \u00e9p\u00fclete vagytok. Mint b\u00f6lcs \u00e9p\u00edt\u0151mester az Istent\u0151l nekem juttatott kegyelemmel megvetettem az alapokat; de m\u00e1s \u00e9p\u00edt r\u00e1. \u00dcgyeljen azonban mindenki, hogyan \u00e9p\u00edt r\u00e1! A lerakott alapon k\u00edv\u00fcl, amely J\u00e9zus Krisztus, m\u00e1st senki sem rakhat.<br \/>\nNem tudj\u00e1tok, hogy ti Isten temploma vagytok, \u00e9s Isten Lelke lakik bennetek? \u00c9s aki Isten templom\u00e1t lerontja, azt Isten elpuszt\u00edtja. Isten temploma ugyanis szent, \u00e9s ti vagytok az!<br \/>\nEz az Isten ig\u00e9je.<\/p>\n<p><span style=\"color: #ff6600;\">ALLELUJA<\/span><br \/>\nAz \u00dar mondja: \u2020 Kiv\u00e1lasztottam \u00e9s megszenteltem ezt a helyet, * hogy benne legyen nevem mind\u00f6r\u00f6kre! 2Kr\u00f3n 7,16 \u2013 6. t\u00f3nus.<\/p>\n<p><span style=\"color: #ff6600;\">\u2020 EVANG\u00c9LIUM Szent J\u00e1nos k\u00f6nyv\u00e9b\u0151l (Jn 2,13-22)<\/span><br \/>\n<em>J\u00e9zus saj\u00e1t teste templom\u00e1r\u00f3l besz\u00e9lt.<\/em><br \/>\nAbban az id\u0151ben mivel k\u00f6zel volt a zsid\u00f3k h\u00fasv\u00e9tja, J\u00e9zus f\u00f6lment Jeruzs\u00e1lembe. A templomban \u00e1rusokat tal\u00e1lt, akik \u00f6kr\u00f6t, juhot \u00e9s galambot \u00e1rultak, valamint p\u00e9nzv\u00e1lt\u00f3kat, akik ott \u00fcltek. Ekkor k\u00f6telekb\u0151l ostort font, \u00e9s kikergette mindny\u00e1jukat a templomb\u00f3l, ugyan\u00edgy a juhokat \u00e9s az \u00f6kr\u00f6ket is, a p\u00e9nzv\u00e1lt\u00f3k p\u00e9nz\u00e9t pedig sz\u00e9tsz\u00f3rta. Az asztalokat felforgatta, a galamb\u00e1rusoknak meg azt mondta: \u201eVigy\u00e9tek inn\u00e9t ezeket, ne tegy\u00e9tek Aty\u00e1m h\u00e1z\u00e1t v\u00e1s\u00e1rcsarnokk\u00e1!\u201d Tan\u00edtv\u00e1nyainak esz\u00e9be jutott, hogy \u00edrva van: \u201eEm\u00e9szt a h\u00e1zad\u00e9rt val\u00f3 buzg\u00f3s\u00e1g.\u201d<br \/>\nA zsid\u00f3k erre \u00edgy sz\u00f3ltak: \u201eMif\u00e9le csodajelet mutatsz, hogy ezeket teszed?\u201d<br \/>\nJ\u00e9zus azt v\u00e1laszolta: \u201eRombolj\u00e1tok le ezt a templomot, \u00e9s \u00e9n h\u00e1rom nap alatt f\u00f6l\u00e9p\u00edtem!\u201d<br \/>\nA zsid\u00f3k azt felelt\u00e9k: \u201eNegyvenhat esztendeig \u00e9p\u00fclt ez a templom, \u00e9s te h\u00e1rom nap alatt f\u00f6l\u00e9p\u00edted azt?\u201d<br \/>\n\u0150 azonban test\u00e9nek templom\u00e1r\u00f3l besz\u00e9lt. Amikor felt\u00e1madt a hal\u00e1lb\u00f3l, tan\u00edtv\u00e1nyainak esz\u00e9be jutott, hogy ezt mondta, s hittek az \u00edr\u00e1snak \u00e9s J\u00e9zus szavainak.<br \/>\nEzek az evang\u00e9lium ig\u00e9i.<\/p>\n<p><span style=\"color: #ff6600;\">EGYETEMES K\u00d6NY\u00d6RG\u00c9SEK<\/span><br \/>\nPap: Testv\u00e9reim! Egy sz\u00edvvel-l\u00e9lekkel k\u00e9rj\u00fck mennyei Aty\u00e1nkat, hogy legyen minden szent hajl\u00e9k az \u0151 kegyelmeinek forr\u00e1sa, ahonn\u00e9t \u00e1ld\u00e1st mer\u00edt az \u0151 szent n\u00e9pe!<br \/>\nLektor: 1. Im\u00e1dkozunk, Urunk, Le\u00f3 p\u00e1p\u00e1\u00e9rt, p\u00fcsp\u00f6keink\u00e9rt \u00e9s papjaink\u00e9rt, tartsd meg kegyelmedben egyh\u00e1zmegy\u00e9nket \u00e9s egyh\u00e1zk\u00f6zs\u00e9geinket!<br \/>\nH\u00edvek: K\u00e9r\u00fcnk t\u00e9ged, hallgass meg minket!<br \/>\n2. Im\u00e1dkozunk Haz\u00e1nk\u00e9rt, eg\u00e9sz n\u00e9p\u00fcnk\u00e9rt \u00e9s azok\u00e9rt, akik f\u00f6l\u00f6tt\u00fcnk a k\u00f6zhatalmat gyakorolj\u00e1k: Adj nekik, Urunk, j\u00f3 sz\u00e1nd\u00e9kot \u00e9s b\u00f6lcsess\u00e9get, minket pedig seg\u00edts boldogul\u00e1sunkban!<br \/>\n3. Im\u00e1dkozunk mindazok\u00e9rt, akik adom\u00e1nyaikkal \u00e9s munk\u00e1jukkal \u00e1ldozatot hoznak templomaink\u00e9rt: Nagylelk\u0171s\u00e9g\u00fck\u00e9rt jutalmazd meg \u0151ket, Urunk, b\u0151kez\u0171en!<br \/>\n(4. Im\u00e1dkozunk a jelenl\u00e9v\u0151 vend\u00e9gek\u00e9rt, zar\u00e1ndokok\u00e9rt \u00e9s egyh\u00e1zk\u00f6zs\u00e9g\u00fcnk minden tagj\u00e1\u00e9rt: Lakj\u00e9k sz\u00edv\u00fckben szeretet, \u00e9s vigy\u00e9k haza otthonukba a b\u00e9kess\u00e9g, a boldogs\u00e1g, a tisztelettud\u00e1s \u00e9s a becs\u00fclet kincseit!)<br \/>\n5. Im\u00e1dkozunk a szenved\u0151k\u00e9rt, az elhagyatottak\u00e9rt, az \u00f6regek\u00e9rt, a betegek\u00e9rt \u00e9s a szomorkod\u00f3k\u00e9rt: Nyerjenek er\u0151t, oltalmat, gy\u00f3gyul\u00e1st \u00e9s vigasztal\u00e1st!<br \/>\n6. Im\u00e1dkozunk elhunyt szeretteink\u00e9rt is: Legyen oszt\u00e1lyr\u00e9sz\u00fck az \u00f6r\u00f6k boldogs\u00e1g \u00e9s a dics\u0151s\u00e9ges felt\u00e1mad\u00e1s!<br \/>\nPap: Urunk, Isten\u00fcnk! Figyelj irgalmasan csal\u00e1dod k\u00f6ny\u00f6rg\u00e9s\u00e9re. Ezen a szent napon eg\u00e9sz sz\u00edvvel \u00fajra \u00e1tadjuk magunkat szolg\u00e1latodra. Seg\u00edts \u00e9s oltalmazz, hogy eltelj\u00fcnk \u00e1ld\u00e1sod b\u0151s\u00e9g\u00e9vel! Krisztus, a mi Urunk \u00e1ltal.<br \/>\nH\u00edvek: \u00c1men.<\/p>\n<p><em>(K\u00e9p forr\u00e1sa: Wikipedia)<\/em><\/p>\n","protected":false},"excerpt":{"rendered":"<p>A mai napon a Later\u00e1ni bazilika, minden templom anyja, felszentel\u00e9s\u00e9nek \u00fcnnepe van. Az \u00fcnnep \u00e1tveszi hely\u00e9t az \u00c9vk\u00f6zi 32. vas\u00e1rnapnak. \u00c9ppen ez\u00e9rt a templomszentel\u00e9s \u00fcnnep\u00e9r\u0151l vessz\u00fck az olvasm\u00e1nyokat. Az olvasm\u00e1nyban Ezekiel pr\u00f3f\u00e9ta l\u00e1tom\u00e1s\u00e1r\u00f3l olvasunk. Imm\u00e1r 25 esztendeje, hogy fogs\u00e1gban vannak, t\u00e1vol az otthont\u00f3l. K\u00fcl\u00f6n\u00f6s l\u00e1tom\u00e1sa van. Az \u00dar elj\u00f6n \u00e9rte \u00e9s odavezeti a jeruzs\u00e1lemi templom kapuja el\u00e9. A k\u00fcsz\u00f6b al\u00f3l fakad\u00f3 v\u00edz, ahol csak elvezet \u00fatja, mindent \u00e9l\u0151v\u00e9 tesz. Ez a l\u00e1tom\u00e1s \u00fczenete. A templom mind a mai napig els\u0151sorban ezen k\u00fcldet\u00e9s\u00e9t t\u00f6lti be. Jelk\u00e9pe marad az isteni kegyelem forr\u00e1s\u00e1nak. Ma egyre t\u00f6bb templomot z\u00e1rnak be, \u00e9rt\u00e9kes\u00edtenek. Egyben azt is \u00fczeni, hogy lemondunk e kegyelmi forr\u00e1sr\u00f3l. Nyilv\u00e1n a templomot \u00e9lettel kell megt\u00f6lteni. A h\u00edvek teszik \u00e9l\u0151v\u00e9 a templomot, amikor ig\u00e9nyt tartanak r\u00e1, azaz haszn\u00e1lj\u00e1k. A szentleck\u00e9ben Szent P\u00e1l apostol eml\u00e9keztet nagyszer\u0171 hivat\u00e1sunkra \u00e9s k\u00fcldet\u00e9s\u00fcnkre: Isten \u00e9l\u0151 \u00e9s eleven templomai vagyunk. A kereszts\u00e9g szents\u00e9g\u00e9n kereszt\u00fcl nyert\u00fck el ezen hivat\u00e1sunkat \u00e9s k\u00fcldet\u00e9s\u00fcnket. \u00c9let\u00fcnk templom\u00e1t Krisztusra, mint alapra \u00e9p\u00edtj\u00fck. Isten Szentlelke az, aki birtokba akar venni benn\u00fcnket. Ehhez azonban sz\u00fcks\u00e9g van a mi akt\u00edv r\u00e9szv\u00e9tel\u00fcnkre. Az evang\u00e9liumban az \u00dar J\u00e9zus nagyon hat\u00e1rozott magatart\u00e1s\u00e1r\u00f3l hallhatunk. J\u00e9zus korb\u00e1csot fon \u00e9s ki\u0171zi az \u00e1rusokat a templomb\u00f3l. \u00c1lland\u00f3 feladat sz\u00e1munkra, s ez lehet egy gyakorlati k\u00f6vetkezm\u00e9nye\u00a0 ennek az evang\u00e9liumi r\u00e9sznek, megtiszt\u00edtani sz\u00edv\u00fcnk templom\u00e1r. Hogyan? Ism\u00e9telten \u00e1tadjuk magunkat neki. Tov\u00e1bb\u00e1, a templomaink tal\u00e1lkoz\u00e1si helyek, Istennel \u00e9s embertestv\u00e9reimmel. \u00c9l\u0151v\u00e9 akkor lesz egy templom, ha benne mi testv\u00e9rk\u00e9nt tal\u00e1lkozunk.\u00a0\u00a0 A templomot mindig a h\u00edv\u0151 emberek teszik \u00e9l\u0151v\u00e9! Mintegy 15 \u00e9ven kereszt\u00fcl voltam a Szentl\u00e9lek templom pl\u00e9b\u00e1nosa Szatm\u00e1rn\u00e9metiben. Am\u00fagy hamarosan k\u00f6zeledik e templom felszentel\u00e9s\u00e9nek \u00e9vfordul\u00f3ja, 1994. november 20. E templom egyedi t\u00f6rt\u00e9nete, hogy nem csup\u00e1n a templom \u00e9p\u00fclt nagy szorgalomban \u00e9s odaad\u00e1sban, kicsik \u00e9s feln\u0151ttek elk\u00e1pr\u00e1ztat\u00f3 szorgalm\u00e1val. \u00c9rt\u00e9ke ennek a templomnak, hogy a templomot belak\u00f3 \u00e9s birtokba vev\u0151 k\u00f6z\u00f6ss\u00e9g is egy\u00fctt sz\u00fcletett \u00e9s n\u00f6vekedett. Szentlelkesnek lenni Szatm\u00e1rn\u00e9metiben \u00e9let\u00e9rz\u00e9s, csod\u00e1s aj\u00e1nd\u00e9k. Ezt&#8230; <\/p>\n<p><a class=\"readmore\" href=\"https:\/\/stuttgarti-katolikusok.de\/index.php\/a-laterani-bazilika-felszentelese-unnepe\/\">R\u00e9szletek<\/a><\/p>\n","protected":false},"author":3,"featured_media":31967,"comment_status":"closed","ping_status":"closed","sticky":false,"template":"","format":"standard","meta":{"footnotes":""},"categories":[85,63],"tags":[],"class_list":["post-31965","post","type-post","status-publish","format-standard","has-post-thumbnail","hentry","category-a-liturgia-olvasmanyai","category-vasarnapi-gondolatok"],"yoast_head":"<!-- This site is optimized with the Yoast SEO plugin v27.3 - https:\/\/yoast.com\/product\/yoast-seo-wordpress\/ -->\n<title>A later\u00e1ni bazilika felszentel\u00e9se \u00fcnnepe - Stuttgarti Katolikusok<\/title>\n<meta name=\"robots\" content=\"index, follow, max-snippet:-1, max-image-preview:large, max-video-preview:-1\" \/>\n<link rel=\"canonical\" href=\"https:\/\/stuttgarti-katolikusok.de\/index.php\/a-laterani-bazilika-felszentelese-unnepe\/\" \/>\n<meta property=\"og:locale\" content=\"hu_HU\" \/>\n<meta property=\"og:type\" content=\"article\" \/>\n<meta property=\"og:title\" content=\"A later\u00e1ni bazilika felszentel\u00e9se \u00fcnnepe - Stuttgarti Katolikusok\" \/>\n<meta property=\"og:description\" content=\"A mai napon a Later\u00e1ni bazilika, minden templom anyja, felszentel\u00e9s\u00e9nek \u00fcnnepe van. Az \u00fcnnep \u00e1tveszi hely\u00e9t az \u00c9vk\u00f6zi 32. vas\u00e1rnapnak. \u00c9ppen ez\u00e9rt a templomszentel\u00e9s \u00fcnnep\u00e9r\u0151l vessz\u00fck az olvasm\u00e1nyokat. Az olvasm\u00e1nyban Ezekiel pr\u00f3f\u00e9ta l\u00e1tom\u00e1s\u00e1r\u00f3l olvasunk. Imm\u00e1r 25 esztendeje, hogy fogs\u00e1gban vannak, t\u00e1vol az otthont\u00f3l. K\u00fcl\u00f6n\u00f6s l\u00e1tom\u00e1sa van. Az \u00dar elj\u00f6n \u00e9rte \u00e9s odavezeti a jeruzs\u00e1lemi templom kapuja el\u00e9. A k\u00fcsz\u00f6b al\u00f3l fakad\u00f3 v\u00edz, ahol csak elvezet \u00fatja, mindent \u00e9l\u0151v\u00e9 tesz. Ez a l\u00e1tom\u00e1s \u00fczenete. A templom mind a mai napig els\u0151sorban ezen k\u00fcldet\u00e9s\u00e9t t\u00f6lti be. Jelk\u00e9pe marad az isteni kegyelem forr\u00e1s\u00e1nak. Ma egyre t\u00f6bb templomot z\u00e1rnak be, \u00e9rt\u00e9kes\u00edtenek. Egyben azt is \u00fczeni, hogy lemondunk e kegyelmi forr\u00e1sr\u00f3l. Nyilv\u00e1n a templomot \u00e9lettel kell megt\u00f6lteni. A h\u00edvek teszik \u00e9l\u0151v\u00e9 a templomot, amikor ig\u00e9nyt tartanak r\u00e1, azaz haszn\u00e1lj\u00e1k. A szentleck\u00e9ben Szent P\u00e1l apostol eml\u00e9keztet nagyszer\u0171 hivat\u00e1sunkra \u00e9s k\u00fcldet\u00e9s\u00fcnkre: Isten \u00e9l\u0151 \u00e9s eleven templomai vagyunk. A kereszts\u00e9g szents\u00e9g\u00e9n kereszt\u00fcl nyert\u00fck el ezen hivat\u00e1sunkat \u00e9s k\u00fcldet\u00e9s\u00fcnket. \u00c9let\u00fcnk templom\u00e1t Krisztusra, mint alapra \u00e9p\u00edtj\u00fck. Isten Szentlelke az, aki birtokba akar venni benn\u00fcnket. Ehhez azonban sz\u00fcks\u00e9g van a mi akt\u00edv r\u00e9szv\u00e9tel\u00fcnkre. Az evang\u00e9liumban az \u00dar J\u00e9zus nagyon hat\u00e1rozott magatart\u00e1s\u00e1r\u00f3l hallhatunk. J\u00e9zus korb\u00e1csot fon \u00e9s ki\u0171zi az \u00e1rusokat a templomb\u00f3l. \u00c1lland\u00f3 feladat sz\u00e1munkra, s ez lehet egy gyakorlati k\u00f6vetkezm\u00e9nye\u00a0 ennek az evang\u00e9liumi r\u00e9sznek, megtiszt\u00edtani sz\u00edv\u00fcnk templom\u00e1r. Hogyan? Ism\u00e9telten \u00e1tadjuk magunkat neki. Tov\u00e1bb\u00e1, a templomaink tal\u00e1lkoz\u00e1si helyek, Istennel \u00e9s embertestv\u00e9reimmel. \u00c9l\u0151v\u00e9 akkor lesz egy templom, ha benne mi testv\u00e9rk\u00e9nt tal\u00e1lkozunk.\u00a0\u00a0 A templomot mindig a h\u00edv\u0151 emberek teszik \u00e9l\u0151v\u00e9! Mintegy 15 \u00e9ven kereszt\u00fcl voltam a Szentl\u00e9lek templom pl\u00e9b\u00e1nosa Szatm\u00e1rn\u00e9metiben. Am\u00fagy hamarosan k\u00f6zeledik e templom felszentel\u00e9s\u00e9nek \u00e9vfordul\u00f3ja, 1994. november 20. E templom egyedi t\u00f6rt\u00e9nete, hogy nem csup\u00e1n a templom \u00e9p\u00fclt nagy szorgalomban \u00e9s odaad\u00e1sban, kicsik \u00e9s feln\u0151ttek elk\u00e1pr\u00e1ztat\u00f3 szorgalm\u00e1val. \u00c9rt\u00e9ke ennek a templomnak, hogy a templomot belak\u00f3 \u00e9s birtokba vev\u0151 k\u00f6z\u00f6ss\u00e9g is egy\u00fctt sz\u00fcletett \u00e9s n\u00f6vekedett. Szentlelkesnek lenni Szatm\u00e1rn\u00e9metiben \u00e9let\u00e9rz\u00e9s, csod\u00e1s aj\u00e1nd\u00e9k. Ezt... R\u00e9szletek\" \/>\n<meta property=\"og:url\" content=\"https:\/\/stuttgarti-katolikusok.de\/index.php\/a-laterani-bazilika-felszentelese-unnepe\/\" \/>\n<meta property=\"og:site_name\" content=\"Stuttgarti Katolikusok\" \/>\n<meta property=\"article:published_time\" content=\"2025-11-08T11:37:59+00:00\" \/>\n<meta property=\"article:modified_time\" content=\"2025-11-08T22:26:22+00:00\" \/>\n<meta property=\"og:image\" content=\"https:\/\/stuttgarti-katolikusok.de\/wp-content\/uploads\/2025\/11\/san-giovanni-in-laterano-2021.jpg\" \/>\n\t<meta property=\"og:image:width\" content=\"1024\" \/>\n\t<meta property=\"og:image:height\" content=\"767\" \/>\n\t<meta property=\"og:image:type\" content=\"image\/jpeg\" \/>\n<meta name=\"author\" content=\"Tibor atya\" \/>\n<meta name=\"twitter:card\" content=\"summary_large_image\" \/>\n<meta name=\"twitter:label1\" content=\"Szerz\u0151:\" \/>\n\t<meta name=\"twitter:data1\" content=\"Tibor atya\" \/>\n\t<meta name=\"twitter:label2\" content=\"Becs\u00fclt olvas\u00e1si id\u0151\" \/>\n\t<meta name=\"twitter:data2\" content=\"7 perc\" \/>\n<script type=\"application\/ld+json\" class=\"yoast-schema-graph\">{\"@context\":\"https:\\\/\\\/schema.org\",\"@graph\":[{\"@type\":\"Article\",\"@id\":\"https:\\\/\\\/stuttgarti-katolikusok.de\\\/index.php\\\/a-laterani-bazilika-felszentelese-unnepe\\\/#article\",\"isPartOf\":{\"@id\":\"https:\\\/\\\/stuttgarti-katolikusok.de\\\/index.php\\\/a-laterani-bazilika-felszentelese-unnepe\\\/\"},\"author\":{\"name\":\"Tibor atya\",\"@id\":\"https:\\\/\\\/stuttgarti-katolikusok.de\\\/#\\\/schema\\\/person\\\/75908d6f8fdc03a57889d27209df7795\"},\"headline\":\"A later\u00e1ni bazilika felszentel\u00e9se \u00fcnnepe\",\"datePublished\":\"2025-11-08T11:37:59+00:00\",\"dateModified\":\"2025-11-08T22:26:22+00:00\",\"mainEntityOfPage\":{\"@id\":\"https:\\\/\\\/stuttgarti-katolikusok.de\\\/index.php\\\/a-laterani-bazilika-felszentelese-unnepe\\\/\"},\"wordCount\":1619,\"image\":{\"@id\":\"https:\\\/\\\/stuttgarti-katolikusok.de\\\/index.php\\\/a-laterani-bazilika-felszentelese-unnepe\\\/#primaryimage\"},\"thumbnailUrl\":\"https:\\\/\\\/stuttgarti-katolikusok.de\\\/wp-content\\\/uploads\\\/2025\\\/11\\\/san-giovanni-in-laterano-2021.jpg\",\"articleSection\":[\"A liturgia olvasm\u00e1nyai\",\"Vas\u00e1rnapi gondolatok\"],\"inLanguage\":\"hu\"},{\"@type\":\"WebPage\",\"@id\":\"https:\\\/\\\/stuttgarti-katolikusok.de\\\/index.php\\\/a-laterani-bazilika-felszentelese-unnepe\\\/\",\"url\":\"https:\\\/\\\/stuttgarti-katolikusok.de\\\/index.php\\\/a-laterani-bazilika-felszentelese-unnepe\\\/\",\"name\":\"A later\u00e1ni bazilika felszentel\u00e9se \u00fcnnepe - Stuttgarti Katolikusok\",\"isPartOf\":{\"@id\":\"https:\\\/\\\/stuttgarti-katolikusok.de\\\/#website\"},\"primaryImageOfPage\":{\"@id\":\"https:\\\/\\\/stuttgarti-katolikusok.de\\\/index.php\\\/a-laterani-bazilika-felszentelese-unnepe\\\/#primaryimage\"},\"image\":{\"@id\":\"https:\\\/\\\/stuttgarti-katolikusok.de\\\/index.php\\\/a-laterani-bazilika-felszentelese-unnepe\\\/#primaryimage\"},\"thumbnailUrl\":\"https:\\\/\\\/stuttgarti-katolikusok.de\\\/wp-content\\\/uploads\\\/2025\\\/11\\\/san-giovanni-in-laterano-2021.jpg\",\"datePublished\":\"2025-11-08T11:37:59+00:00\",\"dateModified\":\"2025-11-08T22:26:22+00:00\",\"author\":{\"@id\":\"https:\\\/\\\/stuttgarti-katolikusok.de\\\/#\\\/schema\\\/person\\\/75908d6f8fdc03a57889d27209df7795\"},\"breadcrumb\":{\"@id\":\"https:\\\/\\\/stuttgarti-katolikusok.de\\\/index.php\\\/a-laterani-bazilika-felszentelese-unnepe\\\/#breadcrumb\"},\"inLanguage\":\"hu\",\"potentialAction\":[{\"@type\":\"ReadAction\",\"target\":[\"https:\\\/\\\/stuttgarti-katolikusok.de\\\/index.php\\\/a-laterani-bazilika-felszentelese-unnepe\\\/\"]}]},{\"@type\":\"ImageObject\",\"inLanguage\":\"hu\",\"@id\":\"https:\\\/\\\/stuttgarti-katolikusok.de\\\/index.php\\\/a-laterani-bazilika-felszentelese-unnepe\\\/#primaryimage\",\"url\":\"https:\\\/\\\/stuttgarti-katolikusok.de\\\/wp-content\\\/uploads\\\/2025\\\/11\\\/san-giovanni-in-laterano-2021.jpg\",\"contentUrl\":\"https:\\\/\\\/stuttgarti-katolikusok.de\\\/wp-content\\\/uploads\\\/2025\\\/11\\\/san-giovanni-in-laterano-2021.jpg\",\"width\":1024,\"height\":767},{\"@type\":\"BreadcrumbList\",\"@id\":\"https:\\\/\\\/stuttgarti-katolikusok.de\\\/index.php\\\/a-laterani-bazilika-felszentelese-unnepe\\\/#breadcrumb\",\"itemListElement\":[{\"@type\":\"ListItem\",\"position\":1,\"name\":\"Kezd\u0151lap\",\"item\":\"https:\\\/\\\/stuttgarti-katolikusok.de\\\/\"},{\"@type\":\"ListItem\",\"position\":2,\"name\":\"A later\u00e1ni bazilika felszentel\u00e9se \u00fcnnepe\"}]},{\"@type\":\"WebSite\",\"@id\":\"https:\\\/\\\/stuttgarti-katolikusok.de\\\/#website\",\"url\":\"https:\\\/\\\/stuttgarti-katolikusok.de\\\/\",\"name\":\"Stuttgarti Katolikusok\",\"description\":\"\",\"potentialAction\":[{\"@type\":\"SearchAction\",\"target\":{\"@type\":\"EntryPoint\",\"urlTemplate\":\"https:\\\/\\\/stuttgarti-katolikusok.de\\\/?s={search_term_string}\"},\"query-input\":{\"@type\":\"PropertyValueSpecification\",\"valueRequired\":true,\"valueName\":\"search_term_string\"}}],\"inLanguage\":\"hu\"},{\"@type\":\"Person\",\"@id\":\"https:\\\/\\\/stuttgarti-katolikusok.de\\\/#\\\/schema\\\/person\\\/75908d6f8fdc03a57889d27209df7795\",\"name\":\"Tibor atya\",\"image\":{\"@type\":\"ImageObject\",\"inLanguage\":\"hu\",\"@id\":\"https:\\\/\\\/secure.gravatar.com\\\/avatar\\\/61d268e57d1f4525b111222e29d2d5a7f8c420fdbf231ba5566a8ceac74fa960?s=96&d=mm&r=g\",\"url\":\"https:\\\/\\\/secure.gravatar.com\\\/avatar\\\/61d268e57d1f4525b111222e29d2d5a7f8c420fdbf231ba5566a8ceac74fa960?s=96&d=mm&r=g\",\"contentUrl\":\"https:\\\/\\\/secure.gravatar.com\\\/avatar\\\/61d268e57d1f4525b111222e29d2d5a7f8c420fdbf231ba5566a8ceac74fa960?s=96&d=mm&r=g\",\"caption\":\"Tibor atya\"},\"url\":\"https:\\\/\\\/stuttgarti-katolikusok.de\\\/index.php\\\/author\\\/tibor-atya\\\/\"}]}<\/script>\n<!-- \/ Yoast SEO plugin. -->","yoast_head_json":{"title":"A later\u00e1ni bazilika felszentel\u00e9se \u00fcnnepe - Stuttgarti Katolikusok","robots":{"index":"index","follow":"follow","max-snippet":"max-snippet:-1","max-image-preview":"max-image-preview:large","max-video-preview":"max-video-preview:-1"},"canonical":"https:\/\/stuttgarti-katolikusok.de\/index.php\/a-laterani-bazilika-felszentelese-unnepe\/","og_locale":"hu_HU","og_type":"article","og_title":"A later\u00e1ni bazilika felszentel\u00e9se \u00fcnnepe - Stuttgarti Katolikusok","og_description":"A mai napon a Later\u00e1ni bazilika, minden templom anyja, felszentel\u00e9s\u00e9nek \u00fcnnepe van. Az \u00fcnnep \u00e1tveszi hely\u00e9t az \u00c9vk\u00f6zi 32. vas\u00e1rnapnak. \u00c9ppen ez\u00e9rt a templomszentel\u00e9s \u00fcnnep\u00e9r\u0151l vessz\u00fck az olvasm\u00e1nyokat. Az olvasm\u00e1nyban Ezekiel pr\u00f3f\u00e9ta l\u00e1tom\u00e1s\u00e1r\u00f3l olvasunk. Imm\u00e1r 25 esztendeje, hogy fogs\u00e1gban vannak, t\u00e1vol az otthont\u00f3l. K\u00fcl\u00f6n\u00f6s l\u00e1tom\u00e1sa van. Az \u00dar elj\u00f6n \u00e9rte \u00e9s odavezeti a jeruzs\u00e1lemi templom kapuja el\u00e9. A k\u00fcsz\u00f6b al\u00f3l fakad\u00f3 v\u00edz, ahol csak elvezet \u00fatja, mindent \u00e9l\u0151v\u00e9 tesz. Ez a l\u00e1tom\u00e1s \u00fczenete. A templom mind a mai napig els\u0151sorban ezen k\u00fcldet\u00e9s\u00e9t t\u00f6lti be. Jelk\u00e9pe marad az isteni kegyelem forr\u00e1s\u00e1nak. Ma egyre t\u00f6bb templomot z\u00e1rnak be, \u00e9rt\u00e9kes\u00edtenek. Egyben azt is \u00fczeni, hogy lemondunk e kegyelmi forr\u00e1sr\u00f3l. Nyilv\u00e1n a templomot \u00e9lettel kell megt\u00f6lteni. A h\u00edvek teszik \u00e9l\u0151v\u00e9 a templomot, amikor ig\u00e9nyt tartanak r\u00e1, azaz haszn\u00e1lj\u00e1k. A szentleck\u00e9ben Szent P\u00e1l apostol eml\u00e9keztet nagyszer\u0171 hivat\u00e1sunkra \u00e9s k\u00fcldet\u00e9s\u00fcnkre: Isten \u00e9l\u0151 \u00e9s eleven templomai vagyunk. A kereszts\u00e9g szents\u00e9g\u00e9n kereszt\u00fcl nyert\u00fck el ezen hivat\u00e1sunkat \u00e9s k\u00fcldet\u00e9s\u00fcnket. \u00c9let\u00fcnk templom\u00e1t Krisztusra, mint alapra \u00e9p\u00edtj\u00fck. Isten Szentlelke az, aki birtokba akar venni benn\u00fcnket. Ehhez azonban sz\u00fcks\u00e9g van a mi akt\u00edv r\u00e9szv\u00e9tel\u00fcnkre. Az evang\u00e9liumban az \u00dar J\u00e9zus nagyon hat\u00e1rozott magatart\u00e1s\u00e1r\u00f3l hallhatunk. J\u00e9zus korb\u00e1csot fon \u00e9s ki\u0171zi az \u00e1rusokat a templomb\u00f3l. \u00c1lland\u00f3 feladat sz\u00e1munkra, s ez lehet egy gyakorlati k\u00f6vetkezm\u00e9nye\u00a0 ennek az evang\u00e9liumi r\u00e9sznek, megtiszt\u00edtani sz\u00edv\u00fcnk templom\u00e1r. Hogyan? Ism\u00e9telten \u00e1tadjuk magunkat neki. Tov\u00e1bb\u00e1, a templomaink tal\u00e1lkoz\u00e1si helyek, Istennel \u00e9s embertestv\u00e9reimmel. \u00c9l\u0151v\u00e9 akkor lesz egy templom, ha benne mi testv\u00e9rk\u00e9nt tal\u00e1lkozunk.\u00a0\u00a0 A templomot mindig a h\u00edv\u0151 emberek teszik \u00e9l\u0151v\u00e9! Mintegy 15 \u00e9ven kereszt\u00fcl voltam a Szentl\u00e9lek templom pl\u00e9b\u00e1nosa Szatm\u00e1rn\u00e9metiben. Am\u00fagy hamarosan k\u00f6zeledik e templom felszentel\u00e9s\u00e9nek \u00e9vfordul\u00f3ja, 1994. november 20. E templom egyedi t\u00f6rt\u00e9nete, hogy nem csup\u00e1n a templom \u00e9p\u00fclt nagy szorgalomban \u00e9s odaad\u00e1sban, kicsik \u00e9s feln\u0151ttek elk\u00e1pr\u00e1ztat\u00f3 szorgalm\u00e1val. \u00c9rt\u00e9ke ennek a templomnak, hogy a templomot belak\u00f3 \u00e9s birtokba vev\u0151 k\u00f6z\u00f6ss\u00e9g is egy\u00fctt sz\u00fcletett \u00e9s n\u00f6vekedett. Szentlelkesnek lenni Szatm\u00e1rn\u00e9metiben \u00e9let\u00e9rz\u00e9s, csod\u00e1s aj\u00e1nd\u00e9k. Ezt... R\u00e9szletek","og_url":"https:\/\/stuttgarti-katolikusok.de\/index.php\/a-laterani-bazilika-felszentelese-unnepe\/","og_site_name":"Stuttgarti Katolikusok","article_published_time":"2025-11-08T11:37:59+00:00","article_modified_time":"2025-11-08T22:26:22+00:00","og_image":[{"width":1024,"height":767,"url":"https:\/\/stuttgarti-katolikusok.de\/wp-content\/uploads\/2025\/11\/san-giovanni-in-laterano-2021.jpg","type":"image\/jpeg"}],"author":"Tibor atya","twitter_card":"summary_large_image","twitter_misc":{"Szerz\u0151:":"Tibor atya","Becs\u00fclt olvas\u00e1si id\u0151":"7 perc"},"schema":{"@context":"https:\/\/schema.org","@graph":[{"@type":"Article","@id":"https:\/\/stuttgarti-katolikusok.de\/index.php\/a-laterani-bazilika-felszentelese-unnepe\/#article","isPartOf":{"@id":"https:\/\/stuttgarti-katolikusok.de\/index.php\/a-laterani-bazilika-felszentelese-unnepe\/"},"author":{"name":"Tibor atya","@id":"https:\/\/stuttgarti-katolikusok.de\/#\/schema\/person\/75908d6f8fdc03a57889d27209df7795"},"headline":"A later\u00e1ni bazilika felszentel\u00e9se \u00fcnnepe","datePublished":"2025-11-08T11:37:59+00:00","dateModified":"2025-11-08T22:26:22+00:00","mainEntityOfPage":{"@id":"https:\/\/stuttgarti-katolikusok.de\/index.php\/a-laterani-bazilika-felszentelese-unnepe\/"},"wordCount":1619,"image":{"@id":"https:\/\/stuttgarti-katolikusok.de\/index.php\/a-laterani-bazilika-felszentelese-unnepe\/#primaryimage"},"thumbnailUrl":"https:\/\/stuttgarti-katolikusok.de\/wp-content\/uploads\/2025\/11\/san-giovanni-in-laterano-2021.jpg","articleSection":["A liturgia olvasm\u00e1nyai","Vas\u00e1rnapi gondolatok"],"inLanguage":"hu"},{"@type":"WebPage","@id":"https:\/\/stuttgarti-katolikusok.de\/index.php\/a-laterani-bazilika-felszentelese-unnepe\/","url":"https:\/\/stuttgarti-katolikusok.de\/index.php\/a-laterani-bazilika-felszentelese-unnepe\/","name":"A later\u00e1ni bazilika felszentel\u00e9se \u00fcnnepe - Stuttgarti Katolikusok","isPartOf":{"@id":"https:\/\/stuttgarti-katolikusok.de\/#website"},"primaryImageOfPage":{"@id":"https:\/\/stuttgarti-katolikusok.de\/index.php\/a-laterani-bazilika-felszentelese-unnepe\/#primaryimage"},"image":{"@id":"https:\/\/stuttgarti-katolikusok.de\/index.php\/a-laterani-bazilika-felszentelese-unnepe\/#primaryimage"},"thumbnailUrl":"https:\/\/stuttgarti-katolikusok.de\/wp-content\/uploads\/2025\/11\/san-giovanni-in-laterano-2021.jpg","datePublished":"2025-11-08T11:37:59+00:00","dateModified":"2025-11-08T22:26:22+00:00","author":{"@id":"https:\/\/stuttgarti-katolikusok.de\/#\/schema\/person\/75908d6f8fdc03a57889d27209df7795"},"breadcrumb":{"@id":"https:\/\/stuttgarti-katolikusok.de\/index.php\/a-laterani-bazilika-felszentelese-unnepe\/#breadcrumb"},"inLanguage":"hu","potentialAction":[{"@type":"ReadAction","target":["https:\/\/stuttgarti-katolikusok.de\/index.php\/a-laterani-bazilika-felszentelese-unnepe\/"]}]},{"@type":"ImageObject","inLanguage":"hu","@id":"https:\/\/stuttgarti-katolikusok.de\/index.php\/a-laterani-bazilika-felszentelese-unnepe\/#primaryimage","url":"https:\/\/stuttgarti-katolikusok.de\/wp-content\/uploads\/2025\/11\/san-giovanni-in-laterano-2021.jpg","contentUrl":"https:\/\/stuttgarti-katolikusok.de\/wp-content\/uploads\/2025\/11\/san-giovanni-in-laterano-2021.jpg","width":1024,"height":767},{"@type":"BreadcrumbList","@id":"https:\/\/stuttgarti-katolikusok.de\/index.php\/a-laterani-bazilika-felszentelese-unnepe\/#breadcrumb","itemListElement":[{"@type":"ListItem","position":1,"name":"Kezd\u0151lap","item":"https:\/\/stuttgarti-katolikusok.de\/"},{"@type":"ListItem","position":2,"name":"A later\u00e1ni bazilika felszentel\u00e9se \u00fcnnepe"}]},{"@type":"WebSite","@id":"https:\/\/stuttgarti-katolikusok.de\/#website","url":"https:\/\/stuttgarti-katolikusok.de\/","name":"Stuttgarti Katolikusok","description":"","potentialAction":[{"@type":"SearchAction","target":{"@type":"EntryPoint","urlTemplate":"https:\/\/stuttgarti-katolikusok.de\/?s={search_term_string}"},"query-input":{"@type":"PropertyValueSpecification","valueRequired":true,"valueName":"search_term_string"}}],"inLanguage":"hu"},{"@type":"Person","@id":"https:\/\/stuttgarti-katolikusok.de\/#\/schema\/person\/75908d6f8fdc03a57889d27209df7795","name":"Tibor atya","image":{"@type":"ImageObject","inLanguage":"hu","@id":"https:\/\/secure.gravatar.com\/avatar\/61d268e57d1f4525b111222e29d2d5a7f8c420fdbf231ba5566a8ceac74fa960?s=96&d=mm&r=g","url":"https:\/\/secure.gravatar.com\/avatar\/61d268e57d1f4525b111222e29d2d5a7f8c420fdbf231ba5566a8ceac74fa960?s=96&d=mm&r=g","contentUrl":"https:\/\/secure.gravatar.com\/avatar\/61d268e57d1f4525b111222e29d2d5a7f8c420fdbf231ba5566a8ceac74fa960?s=96&d=mm&r=g","caption":"Tibor atya"},"url":"https:\/\/stuttgarti-katolikusok.de\/index.php\/author\/tibor-atya\/"}]}},"_links":{"self":[{"href":"https:\/\/stuttgarti-katolikusok.de\/index.php\/wp-json\/wp\/v2\/posts\/31965","targetHints":{"allow":["GET"]}}],"collection":[{"href":"https:\/\/stuttgarti-katolikusok.de\/index.php\/wp-json\/wp\/v2\/posts"}],"about":[{"href":"https:\/\/stuttgarti-katolikusok.de\/index.php\/wp-json\/wp\/v2\/types\/post"}],"author":[{"embeddable":true,"href":"https:\/\/stuttgarti-katolikusok.de\/index.php\/wp-json\/wp\/v2\/users\/3"}],"replies":[{"embeddable":true,"href":"https:\/\/stuttgarti-katolikusok.de\/index.php\/wp-json\/wp\/v2\/comments?post=31965"}],"version-history":[{"count":4,"href":"https:\/\/stuttgarti-katolikusok.de\/index.php\/wp-json\/wp\/v2\/posts\/31965\/revisions"}],"predecessor-version":[{"id":31970,"href":"https:\/\/stuttgarti-katolikusok.de\/index.php\/wp-json\/wp\/v2\/posts\/31965\/revisions\/31970"}],"wp:featuredmedia":[{"embeddable":true,"href":"https:\/\/stuttgarti-katolikusok.de\/index.php\/wp-json\/wp\/v2\/media\/31967"}],"wp:attachment":[{"href":"https:\/\/stuttgarti-katolikusok.de\/index.php\/wp-json\/wp\/v2\/media?parent=31965"}],"wp:term":[{"taxonomy":"category","embeddable":true,"href":"https:\/\/stuttgarti-katolikusok.de\/index.php\/wp-json\/wp\/v2\/categories?post=31965"},{"taxonomy":"post_tag","embeddable":true,"href":"https:\/\/stuttgarti-katolikusok.de\/index.php\/wp-json\/wp\/v2\/tags?post=31965"}],"curies":[{"name":"wp","href":"https:\/\/api.w.org\/{rel}","templated":true}]}}