{"id":31939,"date":"2025-11-03T22:23:49","date_gmt":"2025-11-03T21:23:49","guid":{"rendered":"https:\/\/stuttgarti-katolikusok.de\/?p=31939"},"modified":"2025-11-03T22:23:49","modified_gmt":"2025-11-03T21:23:49","slug":"evkozi-31-vasarnap-3","status":"publish","type":"post","link":"https:\/\/stuttgarti-katolikusok.de\/index.php\/evkozi-31-vasarnap-3\/","title":{"rendered":"\u00c9vk\u00f6zi 31. vas\u00e1rnap"},"content":{"rendered":"<p><em><span style=\"color: #ff6600;\">Minden ember r\u00e1szorul Isten irgalm\u00e1ra. Neki k\u00f6sz\u00f6nhetj\u00fck l\u00e9tez\u00e9s\u00fcnket. N\u00e9lk\u00fcle egy l\u00e9p\u00e9st sem tudn\u00e1nk megtenni a t\u00f6k\u00e9letess\u00e9g \u00fatj\u00e1n. Amennyiben pedig eles\u00fcnk, a b\u0171n \u00fatj\u00e1ra l\u00e9p\u00fcnk , t\u0151le v\u00e1rhatjuk a megt\u00e9r\u00e9s, a kiengesztel\u0151d\u00e9s kegyelm\u00e9t.\u00a0<\/span><\/em><\/p>\n<p><em><span style=\"color: #ff6600;\">Az olvasm\u00e1nyban a B\u00f6lcsess\u00e9g k\u00f6nyv\u00e9nek szerz\u0151je fontos igazs\u00e1got mond ki. Isten szereti mindazt, amit alkotott. Mi t\u00f6bb, minden teremt\u00e9ny\u00e9nek sors\u00e1t sz\u00edv\u00e9n viseli. M\u00e9g a b\u0171n\u00f6s is sz\u00e1m\u00edthat arra, hogy felkarolja. Isten nem akarja a b\u0171n\u00f6s hal\u00e1l\u00e1t. Ink\u00e1bb azt akarja, hogy \u00e9ljen.<\/span><\/em><\/p>\n<p><em><span style=\"color: #ff6600;\">Szent P\u00e1l apostol ism\u00e9telten levelet \u00edr a Tesszalonik\u00e1ban \u00e9l\u0151 h\u00edveknek. Ebben elmondja, hogy im\u00e1ds\u00e1g\u00e1val k\u00eds\u00e9ri \u0151ket, s ugyanakkor hangot ad aggodalm\u00e1nak is. K\u00e9ri \u0151ket, hogy \u0151rizz\u00e9k meg j\u00f3zans\u00e1gukat. Ezen k\u00e9r\u00e9s\u00e9t pedig arra alapozza, hogy sok hamis h\u00edr l\u00e1tott napvil\u00e1got k\u00f6r\u00fckben, amely h\u00edrek alkalmasak a megt\u00e9veszt\u00e9sre.<\/span><\/em><\/p>\n<p><em><span style=\"color: #ff6600;\">Meglep\u0151 Zakeus magatart\u00e1sa. M\u00e1s form\u00e1j\u00e1t is v\u00e1laszthatta volna, hogy J\u00e9zus k\u00f6zel\u00e9be ker\u00fclj\u00f6n, m\u00e9gsem tette. Tal\u00e1n csak k\u00edv\u00e1ncsi volt. Lelem\u00e9nyess\u00e9g\u00e9t J\u00e9zus megjutalmazza. Zakeus t\u00f6bbet kap, mint amire sz\u00e1m\u00edtott. J\u00e9zus bejelentkezik hozz\u00e1: &#8222;Zakeus, gyere le gyorsan, mert ma a te h\u00e1zadban kell megsz\u00e1llnom.&#8221; Hi\u00e1ba a k\u00edv\u00fcl\u00e1ll\u00f3k megb\u00e9lyegz\u0151 magatart\u00e1sa: &#8222;B\u0171n\u00f6s embern\u00e9l sz\u00e1ll meg.&#8221; J\u00e9zus gesztusa gy\u00fcm\u00f6lcs\u00f6t terem: Zakeus a megt\u00e9r\u00e9s \u00fatj\u00e1ra l\u00e9p. Ez az, ami igaz\u00e1n fontos!<\/span><\/em><\/p>\n<p><span style=\"color: #008000;\">Kezd\u0151\u00e9nek:<\/span><br \/>\nNe hagyj magamra, \u00e9n Uram, Istenem, ne t\u00e1vozz el t\u0151lem! Siess, oltalmazz engem, Uram, \u00e9n mened\u00e9kem! (Zsolt 37,22-23)<\/p>\n<p><span style=\"color: #008000;\">K\u00f6ny\u00f6rg\u00e9s:<\/span><br \/>\nMindenhat\u00f3, irgalmas Isten, a te kegyelmed m\u0171ve, hogy h\u00edveid m\u00e9lt\u00f3k\u00e9ppen \u00e9s tetsz\u00e9sed szerint szolg\u00e1lnak neked. Add, k\u00e9r\u00fcnk, hogy minden akad\u00e1lyt legy\u0151zve elnyerj\u00fck a meg\u00edg\u00e9rt boldogs\u00e1got. A mi Urunk, J\u00e9zus Krisztus, a te Fiad \u00e1ltal, aki veled \u00e9l \u00e9s uralkodik a Szentl\u00e9lekkel egys\u00e9gben, Isten mind\u00f6r\u00f6kk\u00f6n \u00f6r\u00f6kk\u00e9.<\/p>\n<p><span style=\"color: #008000;\">OLVASM\u00c1NY a B\u00f6lcsess\u00e9g k\u00f6nyv\u00e9b\u0151l (B\u00f6lcs 11,22\u201312,2)<\/span><br \/>\n<em>Isten irgalmas szeretettel szereti minden teremtm<\/em><em>\u00e9ny<\/em><em>\u00e9t.<\/em><br \/>\nUram, az eg\u00e9sz vil\u00e1g olyan el\u0151tted, mint a porszem a m\u00e9rlegen, s mint a f\u00f6ldre hull\u00f3 hajnali harmatcsepp.<br \/>\nDe te mindenkin megk\u00f6ny\u00f6r\u00fclsz, mert mindent megtehetsz, \u00e9s eln\u00e9z\u0151 vagy az emberek b\u0171nei ir\u00e1nt, hogy b\u0171nb\u00e1natot tartsanak.<br \/>\nMert szeretsz mindent, ami van, \u00e9s nem ut\u00e1lsz semmit abb\u00f3l, amit alkott\u00e1l. Hiszen ha gy\u0171l\u00f6lt\u00e9l volna valamit, meg sem teremtetted volna.<br \/>\nHogyan is maradhatna meg b\u00e1rmi, ha te nem akarn\u00e1d, \u00e9s hogyan \u00e1llhatna fenn, ha te l\u00e9tre nem h\u00edvtad volna?<br \/>\nDe te mindent k\u00edm\u00e9lsz, mert a ti\u00e9d minden, \u00f3, \u00e9letnek bar\u00e1tja. Milyen j\u00f3 \u00e9s kegyes mindenben a te szellemed, Uram!<br \/>\nAlig b\u00fcnteted azokat, akik elt\u00e9vednek; inted azokat, akik v\u00e9tkeznek, \u00e9s a sz\u00edv\u00fckre besz\u00e9lsz, hogy gonoszs\u00e1gukat elhagyva, higgyenek benned, Uram.<br \/>\nEz az Isten ig\u00e9je.<\/p>\n<p><span style=\"color: #008000;\">V\u00c1LASZOS ZSOLT\u00c1R (Zsolt 144,1-2.8-9.10-11.13cd-14)<\/span><br \/>\nV\u00e1lasz:\u00a0<strong>Istenem <\/strong><strong>\u00e9s kir<\/strong><strong>\u00e1lyom, magasztallak t<\/strong><strong>\u00e9ged, * szent nevedet <\/strong><strong>\u00e1ldom <\/strong><strong>\u00f6r<\/strong><strong>\u00f6kk<\/strong><strong>\u00f6n-<\/strong><strong>\u00f6r<\/strong><strong>\u00f6kk<\/strong><strong>\u00e9.<\/strong>\u00a0V\u00f6. 1. vers. (5. t\u00f3nus)<br \/>\nEl\u0151\u00e9nekes: Magasztallak t\u00e9ged, Istenem, Kir\u00e1lyom, * \u00e9s \u00e1ldom nevedet \u00f6r\u00f6kk\u00f6n-\u00f6r\u00f6kk\u00e9.<br \/>\nMindennap \u00e1ldalak t\u00e9ged, * \u00e9s dics\u0151\u00edtem nevedet \u00f6r\u00f6kk\u00f6n-\u00f6r\u00f6kk\u00e9.<br \/>\nH\u00edvek: Istenem \u00e9s kir\u00e1lyom, magasztallak t\u00e9ged, * szent nevedet \u00e1ldom \u00f6r\u00f6kk\u00f6n-\u00f6r\u00f6kk\u00e9.<br \/>\nE: Irgalmas az \u00dar \u00e9s kegyelmes, * nagy irgalm\u00fa \u00e9s hosszan t\u0171r\u0151.<br \/>\nAz \u00dar mindenkihez j\u00f3s\u00e1gos, * \u00e9s irgalmas minden m\u0171v\u00e9hez.<br \/>\nH: Istenem \u00e9s kir\u00e1lyom, magasztallak t\u00e9ged, * szent nevedet \u00e1ldom \u00f6r\u00f6kk\u00f6n-\u00f6r\u00f6kk\u00e9.<br \/>\nE: Magasztaljon t\u00e9ged, Uram, minden m\u0171ved, * szentjeid \u00e1ld\u00e1st mondjanak.<br \/>\nOrsz\u00e1god dics\u0151s\u00e9g\u00e9r\u0151l sz\u00f3ljanak, * \u00e9s hatalmadat mindenek hirdess\u00e9k.<br \/>\nH: Istenem \u00e9s kir\u00e1lyom, magasztallak t\u00e9ged, * szent nevedet \u00e1ldom \u00f6r\u00f6kk\u00f6n-\u00f6r\u00f6kk\u00e9.<br \/>\nE: H\u0171s\u00e9ges az \u00dar minden szav\u00e1ban, * \u00e9s tettei szentnek hirdetik.<br \/>\nAz \u00dar a botladoz\u00f3t fenntartja, * \u00e9s f\u00f6lemeli, akit megal\u00e1ztak.<br \/>\nH: Istenem \u00e9s kir\u00e1lyom, magasztallak t\u00e9ged, * szent nevedet \u00e1ldom \u00f6r\u00f6kk\u00f6n-\u00f6r\u00f6kk\u00e9.<\/p>\n<p><span style=\"color: #008000;\">SZENTLECKE Szent P\u00e1l apostolnak a tesszaloniki h\u00edvekhez \u00edrt m\u00e1sodik level\u00e9b\u0151l (2Tessz 1,11\u20132,2)<\/span><br \/>\n<em>Aki <\/em><em>\u00e9let<\/em><em>\u00e9ben megdics<\/em><em>\u0151\u00edti Krisztust, azt Krisztus is dics<\/em><em>\u0151s<\/em><em>\u00e9gre emeli.<\/em><br \/>\nTestv\u00e9reim!<br \/>\n\u00c1lland\u00f3an im\u00e1dkozom \u00e9rtetek, hogy Isten\u00fcnk m\u00e9lt\u00f3v\u00e1 tegyen benneteket a megh\u00edv\u00e1sra \u00e9s t\u00f6k\u00e9letess\u00e9 a j\u00f3ra val\u00f3 t\u00f6rekv\u00e9sben s a hitb\u0151l fakad\u00f3 tettekben. \u00cdgy dics\u0151\u00fcl meg Urunk, J\u00e9zus neve bennetek, \u00e9s ti \u0151benne, Isten\u00fcnknek \u00e9s Urunknak, J\u00e9zus Krisztusnak kegyelm\u00e9b\u0151l.<br \/>\nVan m\u00e9g egy k\u00e9r\u00e9s\u00fcnk, testv\u00e9rek: Urunk, J\u00e9zus Krisztus elj\u00f6vetel\u00e9t \u00e9s a vele val\u00f3 egyes\u00fcl\u00e9s\u00fcnket illet\u0151en ne vesz\u00edts\u00e9tek el r\u00f6gt\u00f6n j\u00f3zans\u00e1gtokat, \u00e9s ne ijesszen meg benneteket sem lelki kinyilatkoztat\u00e1s, sem \u00e1ll\u00edt\u00f3lag t\u0151l\u00fcnk ered\u0151 mond\u00e1s vagy lev\u00e9l, mintha az \u00dar napja m\u00e1r k\u00fcsz\u00f6b\u00f6n \u00e1llna.<br \/>\nEz az Isten ig\u00e9je.<\/p>\n<p><span style=\"color: #008000;\">ALLELUJA<\/span><br \/>\nIsten \u00fagy szerette a vil\u00e1got, hogy egysz\u00fcl\u00f6tt Fi\u00e1t adta \u00e9rte, * hogy \u00f6r\u00f6kk\u00e9 \u00e9ljen minden \u0151benne h\u00edv\u0151. Jn 3,16 \u2013 1 D<sup>2<\/sup>\u00a0t\u00f3nus.<\/p>\n<p><span style=\"color: #008000;\">\u2020 EVANG\u00c9LIUM Szent Luk\u00e1cs k\u00f6nyv\u00e9b\u0151l (Lk 19,1-10)<\/span><br \/>\n<em>Az Emberfia az<\/em><em>\u00e9rt j<\/em><em>\u00f6tt, hogy keresse <\/em><em>\u00e9s <\/em><em>\u00fcdv<\/em><em>\u00f6z<\/em><em>\u00edtse, ami elveszett.<\/em><br \/>\nAbban az id\u0151ben J\u00e9zus Jerik\u00f3 v\u00e1ros\u00e1n haladt \u00e1t. \u00c9lt ott egy Zakeus nev\u0171 gazdag ember, aki a v\u00e1mosok feje volt. Szerette volna l\u00e1tni \u00e9s megismerni J\u00e9zust, de a t\u00f6meg miatt nem l\u00e1thatta, mert alacsony termet\u0171 volt. \u00cdgy h\u00e1t el\u0151refutott, felm\u00e1szott egy vad f\u00fcgef\u00e1ra, hogy l\u00e1thassa, mert arra kellett elhaladnia.<br \/>\nAmikor J\u00e9zus oda\u00e9rt, feln\u00e9zett \u00e9s megsz\u00f3l\u00edtotta: \u201eZakeus, gyere le gyorsan, mert ma a te h\u00e1zadban kell megsz\u00e1llnom.\u201d<br \/>\nErre \u0151 sietve lej\u00f6tt, \u00e9s \u00f6r\u00f6mmel fogadta J\u00e9zust. Akik ezt l\u00e1tt\u00e1k, m\u00e9ltatlankodva megjegyezt\u00e9k: \u00bbB\u0171n\u00f6s embern\u00e9l sz\u00e1ll meg.\u00ab<br \/>\nZakeus azonban oda\u00e1llt az \u00dar el\u00e9, \u00e9s \u00edgy sz\u00f3lt: \u201eN\u00e9zd, Uram, vagyonom fel\u00e9t a szeg\u00e9nyeknek adom, \u00e9s ha valakit valamiben megk\u00e1ros\u00edtottam, n\u00e9gyannyit adok helyette.\u201d<br \/>\nJ\u00e9zus ezt felelte neki: \u201eMa \u00fcdv\u00f6ss\u00e9g k\u00f6sz\u00f6nt\u00f6tt erre a h\u00e1zra, hiszen \u0151 is \u00c1brah\u00e1m fia. Az Emberfia az\u00e9rt j\u00f6tt, hogy megkeresse \u00e9s \u00fcdv\u00f6z\u00edtse, ami elveszett.\u201d<br \/>\nEzek az evang\u00e9lium ig\u00e9i.<\/p>\n<p><span style=\"color: #008000;\">EGYETEMES K\u00d6NY\u00d6RG\u00c9SEK<\/span><br \/>\nPap: Testv\u00e9reim! J\u00e9zus most itt van k\u00f6z\u00f6tt\u00fcnk, hiszen az \u0151 nev\u00e9ben gy\u0171lt\u00fcnk egybe. Terjessz\u00fck teh\u00e1t el\u00e9je al\u00e1zatos k\u00e9r\u00e9seinket!<br \/>\nLektor: 1. \u00c9reztesd meg, Urunk, minden emberrel boldog\u00edt\u00f3 k\u00f6zels\u00e9gedet!<br \/>\nH\u00edvek: K\u00e9r\u00fcnk T\u00e9ged, hallgass meg minket!<br \/>\n2. Er\u0151s\u00edtsd benn\u00fcnk a hitet, hogy te sz\u00f3lsz hozz\u00e1nk Szentaty\u00e1nknak, Ferenc p\u00e1p\u00e1nak, p\u00fcsp\u00f6keinknek \u00e9s lelkip\u00e1sztorainknak tan\u00edt\u00f3 szav\u00e1ban!<br \/>\nH\u00edvek: K\u00e9r\u00fcnk T\u00e9ged, hallgass meg minket!<br \/>\n3. Teremtsd meg a b\u00e9k\u00e9t \u00e9s a testv\u00e9ri egyet\u00e9rt\u00e9st a vil\u00e1g n\u00e9pei k\u00f6z\u00f6tt!<br \/>\nH\u00edvek: K\u00e9r\u00fcnk T\u00e9ged, hallgass meg minket!<br \/>\n4. T\u00e9gy k\u00e9szs\u00e9gess\u00e9 minket nagylelk\u0171 j\u00f3v\u00e1t\u00e9telre, amikor b\u0171neinket megbocs\u00e1tod!<br \/>\nH\u00edvek: K\u00e9r\u00fcnk T\u00e9ged, hallgass meg minket!<br \/>\n5. Gy\u00fajtsd l\u00e1ngra sz\u00edv\u00fcnket, hogy boldogan j\u00e1ruljunk a szent\u00e1ldoz\u00e1shoz, amikor lelk\u00fcnk hajl\u00e9k\u00e1ba k\u00edv\u00e1nsz t\u00e9rni!<br \/>\nH\u00edvek: K\u00e9r\u00fcnk T\u00e9ged, hallgass meg minket!<br \/>\n6. Hal\u00e1lunk \u00f3r\u00e1j\u00e1n sz\u00f3l\u00edts magadhoz, hogy mind\u00f6r\u00f6kk\u00e9 n\u00e1lad lehess\u00fcnk!<br \/>\nH\u00edvek: K\u00e9r\u00fcnk T\u00e9ged, hallgass meg minket!<br \/>\nPap: \u00d6r\u00f6k Ige, megv\u00e1lt\u00f3 Fi\u00faisten! Te a Szentl\u00e9lek erej\u00e9b\u0151l Sz\u0171z M\u00e1ri\u00e1t\u00f3l megtestes\u00fclt\u00e9l, \u00e9s kedvedet leled abban, hogy az emberek k\u00f6z\u00f6tt lakozz\u00e1l. Add, hogy h\u00e1l\u00e1s sz\u00edvvel fogadjunk, \u00e9s szereteted meleg\u00e9t tov\u00e1bb sug\u00e1rozzuk embert\u00e1rsainkra! Aki \u00e9lsz \u00e9s uralkodol mind\u00f6r\u00f6kk\u00f6n-\u00f6r\u00f6kk\u00e9.<br \/>\nH\u00edvek: \u00c1men.<\/p>\n<p><span style=\"color: #008000;\">Felaj\u00e1nl\u00f3 k\u00f6ny\u00f6rg\u00e9s:<\/span><br \/>\nUrunk, Isten\u00fcnk, legyen kedves el\u0151tted ez a tiszta \u00e1ldozat, \u00e9s \u00e1rassza r\u00e1nk b\u0151ven szent irgalmadat. Krisztus, a mi Urunk \u00e1ltal.<\/p>\n<p><span style=\"color: #008000;\">\u00c1ldoz\u00e1si \u00e9nek:<\/span><br \/>\nAz \u00e9let \u00fatj\u00e1t mutatod nekem, \u00f6r\u00f6mmel t\u00f6ltesz el sz\u00edned el\u0151tt, Uram. (Zsolt 15,11)<br \/>\n<span style=\"color: #008000;\"><em>vagy<\/em><\/span><br \/>\nEngem az \u00e9l\u0151 Atya k\u00fcld\u00f6tt, s \u00e1ltala \u00e9lek. \u00cdgy az is \u00e9lni fog \u00e1ltalam, aki engem eszik \u2013 mondja az \u00dar. (Jn 6,58)<\/p>\n<p><span style=\"color: #008000;\">\u00c1ldoz\u00e1s ut\u00e1ni k\u00f6ny\u00f6rg\u00e9s:<\/span><br \/>\nK\u00e9r\u00fcnk, Isten\u00fcnk, m\u0171k\u00f6dj\u00e9k benn\u00fcnk egyre hat\u00e9konyabban kegyelmed, \u00e9s a mennyei szents\u00e9g ereje j\u00f3s\u00e1godb\u00f3l tegyen alkalmass\u00e1 arra, hogy elnyerj\u00fck \u00edg\u00e9reteidet. Krisztus, a mi Urunk \u00e1ltal.<\/p>\n","protected":false},"excerpt":{"rendered":"<p>Minden ember r\u00e1szorul Isten irgalm\u00e1ra. Neki k\u00f6sz\u00f6nhetj\u00fck l\u00e9tez\u00e9s\u00fcnket. N\u00e9lk\u00fcle egy l\u00e9p\u00e9st sem tudn\u00e1nk megtenni a t\u00f6k\u00e9letess\u00e9g \u00fatj\u00e1n. Amennyiben pedig eles\u00fcnk, a b\u0171n \u00fatj\u00e1ra l\u00e9p\u00fcnk , t\u0151le v\u00e1rhatjuk a megt\u00e9r\u00e9s, a kiengesztel\u0151d\u00e9s kegyelm\u00e9t.\u00a0 Az olvasm\u00e1nyban a B\u00f6lcsess\u00e9g k\u00f6nyv\u00e9nek szerz\u0151je fontos igazs\u00e1got mond ki. Isten szereti mindazt, amit alkotott. Mi t\u00f6bb, minden teremt\u00e9ny\u00e9nek sors\u00e1t sz\u00edv\u00e9n viseli. M\u00e9g a b\u0171n\u00f6s is sz\u00e1m\u00edthat arra, hogy felkarolja. Isten nem akarja a b\u0171n\u00f6s hal\u00e1l\u00e1t. Ink\u00e1bb azt akarja, hogy \u00e9ljen. Szent P\u00e1l apostol ism\u00e9telten levelet \u00edr a Tesszalonik\u00e1ban \u00e9l\u0151 h\u00edveknek. Ebben elmondja, hogy im\u00e1ds\u00e1g\u00e1val k\u00eds\u00e9ri \u0151ket, s ugyanakkor hangot ad aggodalm\u00e1nak is. K\u00e9ri \u0151ket, hogy \u0151rizz\u00e9k meg j\u00f3zans\u00e1gukat. Ezen k\u00e9r\u00e9s\u00e9t pedig arra alapozza, hogy sok hamis h\u00edr l\u00e1tott napvil\u00e1got k\u00f6r\u00fckben, amely h\u00edrek alkalmasak a megt\u00e9veszt\u00e9sre. Meglep\u0151 Zakeus magatart\u00e1sa. M\u00e1s form\u00e1j\u00e1t is v\u00e1laszthatta volna, hogy J\u00e9zus k\u00f6zel\u00e9be ker\u00fclj\u00f6n, m\u00e9gsem tette. Tal\u00e1n csak k\u00edv\u00e1ncsi volt. Lelem\u00e9nyess\u00e9g\u00e9t J\u00e9zus megjutalmazza. Zakeus t\u00f6bbet kap, mint amire sz\u00e1m\u00edtott. J\u00e9zus bejelentkezik hozz\u00e1: &#8222;Zakeus, gyere le gyorsan, mert ma a te h\u00e1zadban kell megsz\u00e1llnom.&#8221; Hi\u00e1ba a k\u00edv\u00fcl\u00e1ll\u00f3k megb\u00e9lyegz\u0151 magatart\u00e1sa: &#8222;B\u0171n\u00f6s embern\u00e9l sz\u00e1ll meg.&#8221; J\u00e9zus gesztusa gy\u00fcm\u00f6lcs\u00f6t terem: Zakeus a megt\u00e9r\u00e9s \u00fatj\u00e1ra l\u00e9p. Ez az, ami igaz\u00e1n fontos! Kezd\u0151\u00e9nek: Ne hagyj magamra, \u00e9n Uram, Istenem, ne t\u00e1vozz el t\u0151lem! Siess, oltalmazz engem, Uram, \u00e9n mened\u00e9kem! (Zsolt 37,22-23) K\u00f6ny\u00f6rg\u00e9s: Mindenhat\u00f3, irgalmas Isten, a te kegyelmed m\u0171ve, hogy h\u00edveid m\u00e9lt\u00f3k\u00e9ppen \u00e9s tetsz\u00e9sed szerint szolg\u00e1lnak neked. Add, k\u00e9r\u00fcnk, hogy minden akad\u00e1lyt legy\u0151zve elnyerj\u00fck a meg\u00edg\u00e9rt boldogs\u00e1got. A mi Urunk, J\u00e9zus Krisztus, a te Fiad \u00e1ltal, aki veled \u00e9l \u00e9s uralkodik a Szentl\u00e9lekkel egys\u00e9gben, Isten mind\u00f6r\u00f6kk\u00f6n \u00f6r\u00f6kk\u00e9. OLVASM\u00c1NY a B\u00f6lcsess\u00e9g k\u00f6nyv\u00e9b\u0151l (B\u00f6lcs 11,22\u201312,2) Isten irgalmas szeretettel szereti minden teremtm\u00e9ny\u00e9t. Uram, az eg\u00e9sz vil\u00e1g olyan el\u0151tted, mint a porszem a m\u00e9rlegen, s mint a f\u00f6ldre hull\u00f3 hajnali harmatcsepp. De te mindenkin megk\u00f6ny\u00f6r\u00fclsz, mert mindent megtehetsz, \u00e9s eln\u00e9z\u0151 vagy az emberek b\u0171nei ir\u00e1nt, hogy b\u0171nb\u00e1natot tartsanak. Mert szeretsz mindent, ami van, \u00e9s&#8230; <\/p>\n<p><a class=\"readmore\" href=\"https:\/\/stuttgarti-katolikusok.de\/index.php\/evkozi-31-vasarnap-3\/\">R\u00e9szletek<\/a><\/p>\n","protected":false},"author":3,"featured_media":29632,"comment_status":"closed","ping_status":"closed","sticky":false,"template":"","format":"standard","meta":{"footnotes":""},"categories":[85,63],"tags":[],"class_list":["post-31939","post","type-post","status-publish","format-standard","has-post-thumbnail","hentry","category-a-liturgia-olvasmanyai","category-vasarnapi-gondolatok"],"yoast_head":"<!-- This site is optimized with the Yoast SEO plugin v27.3 - https:\/\/yoast.com\/product\/yoast-seo-wordpress\/ -->\n<title>\u00c9vk\u00f6zi 31. vas\u00e1rnap - Stuttgarti Katolikusok<\/title>\n<meta name=\"robots\" content=\"index, follow, max-snippet:-1, max-image-preview:large, max-video-preview:-1\" \/>\n<link rel=\"canonical\" href=\"https:\/\/stuttgarti-katolikusok.de\/index.php\/evkozi-31-vasarnap-3\/\" \/>\n<meta property=\"og:locale\" content=\"hu_HU\" \/>\n<meta property=\"og:type\" content=\"article\" \/>\n<meta property=\"og:title\" content=\"\u00c9vk\u00f6zi 31. vas\u00e1rnap - Stuttgarti Katolikusok\" \/>\n<meta property=\"og:description\" content=\"Minden ember r\u00e1szorul Isten irgalm\u00e1ra. Neki k\u00f6sz\u00f6nhetj\u00fck l\u00e9tez\u00e9s\u00fcnket. N\u00e9lk\u00fcle egy l\u00e9p\u00e9st sem tudn\u00e1nk megtenni a t\u00f6k\u00e9letess\u00e9g \u00fatj\u00e1n. Amennyiben pedig eles\u00fcnk, a b\u0171n \u00fatj\u00e1ra l\u00e9p\u00fcnk , t\u0151le v\u00e1rhatjuk a megt\u00e9r\u00e9s, a kiengesztel\u0151d\u00e9s kegyelm\u00e9t.\u00a0 Az olvasm\u00e1nyban a B\u00f6lcsess\u00e9g k\u00f6nyv\u00e9nek szerz\u0151je fontos igazs\u00e1got mond ki. Isten szereti mindazt, amit alkotott. Mi t\u00f6bb, minden teremt\u00e9ny\u00e9nek sors\u00e1t sz\u00edv\u00e9n viseli. M\u00e9g a b\u0171n\u00f6s is sz\u00e1m\u00edthat arra, hogy felkarolja. Isten nem akarja a b\u0171n\u00f6s hal\u00e1l\u00e1t. Ink\u00e1bb azt akarja, hogy \u00e9ljen. Szent P\u00e1l apostol ism\u00e9telten levelet \u00edr a Tesszalonik\u00e1ban \u00e9l\u0151 h\u00edveknek. Ebben elmondja, hogy im\u00e1ds\u00e1g\u00e1val k\u00eds\u00e9ri \u0151ket, s ugyanakkor hangot ad aggodalm\u00e1nak is. K\u00e9ri \u0151ket, hogy \u0151rizz\u00e9k meg j\u00f3zans\u00e1gukat. Ezen k\u00e9r\u00e9s\u00e9t pedig arra alapozza, hogy sok hamis h\u00edr l\u00e1tott napvil\u00e1got k\u00f6r\u00fckben, amely h\u00edrek alkalmasak a megt\u00e9veszt\u00e9sre. Meglep\u0151 Zakeus magatart\u00e1sa. M\u00e1s form\u00e1j\u00e1t is v\u00e1laszthatta volna, hogy J\u00e9zus k\u00f6zel\u00e9be ker\u00fclj\u00f6n, m\u00e9gsem tette. Tal\u00e1n csak k\u00edv\u00e1ncsi volt. Lelem\u00e9nyess\u00e9g\u00e9t J\u00e9zus megjutalmazza. Zakeus t\u00f6bbet kap, mint amire sz\u00e1m\u00edtott. J\u00e9zus bejelentkezik hozz\u00e1: &#8222;Zakeus, gyere le gyorsan, mert ma a te h\u00e1zadban kell megsz\u00e1llnom.&#8221; Hi\u00e1ba a k\u00edv\u00fcl\u00e1ll\u00f3k megb\u00e9lyegz\u0151 magatart\u00e1sa: &#8222;B\u0171n\u00f6s embern\u00e9l sz\u00e1ll meg.&#8221; J\u00e9zus gesztusa gy\u00fcm\u00f6lcs\u00f6t terem: Zakeus a megt\u00e9r\u00e9s \u00fatj\u00e1ra l\u00e9p. Ez az, ami igaz\u00e1n fontos! Kezd\u0151\u00e9nek: Ne hagyj magamra, \u00e9n Uram, Istenem, ne t\u00e1vozz el t\u0151lem! Siess, oltalmazz engem, Uram, \u00e9n mened\u00e9kem! (Zsolt 37,22-23) K\u00f6ny\u00f6rg\u00e9s: Mindenhat\u00f3, irgalmas Isten, a te kegyelmed m\u0171ve, hogy h\u00edveid m\u00e9lt\u00f3k\u00e9ppen \u00e9s tetsz\u00e9sed szerint szolg\u00e1lnak neked. Add, k\u00e9r\u00fcnk, hogy minden akad\u00e1lyt legy\u0151zve elnyerj\u00fck a meg\u00edg\u00e9rt boldogs\u00e1got. A mi Urunk, J\u00e9zus Krisztus, a te Fiad \u00e1ltal, aki veled \u00e9l \u00e9s uralkodik a Szentl\u00e9lekkel egys\u00e9gben, Isten mind\u00f6r\u00f6kk\u00f6n \u00f6r\u00f6kk\u00e9. OLVASM\u00c1NY a B\u00f6lcsess\u00e9g k\u00f6nyv\u00e9b\u0151l (B\u00f6lcs 11,22\u201312,2) Isten irgalmas szeretettel szereti minden teremtm\u00e9ny\u00e9t. Uram, az eg\u00e9sz vil\u00e1g olyan el\u0151tted, mint a porszem a m\u00e9rlegen, s mint a f\u00f6ldre hull\u00f3 hajnali harmatcsepp. De te mindenkin megk\u00f6ny\u00f6r\u00fclsz, mert mindent megtehetsz, \u00e9s eln\u00e9z\u0151 vagy az emberek b\u0171nei ir\u00e1nt, hogy b\u0171nb\u00e1natot tartsanak. Mert szeretsz mindent, ami van, \u00e9s... R\u00e9szletek\" \/>\n<meta property=\"og:url\" content=\"https:\/\/stuttgarti-katolikusok.de\/index.php\/evkozi-31-vasarnap-3\/\" \/>\n<meta property=\"og:site_name\" content=\"Stuttgarti Katolikusok\" \/>\n<meta property=\"article:published_time\" content=\"2025-11-03T21:23:49+00:00\" \/>\n<meta property=\"og:image\" content=\"https:\/\/stuttgarti-katolikusok.de\/wp-content\/uploads\/2024\/11\/ng13.jpg\" \/>\n\t<meta property=\"og:image:width\" content=\"2048\" \/>\n\t<meta property=\"og:image:height\" content=\"1365\" \/>\n\t<meta property=\"og:image:type\" content=\"image\/jpeg\" \/>\n<meta name=\"author\" content=\"Tibor atya\" \/>\n<meta name=\"twitter:card\" content=\"summary_large_image\" \/>\n<meta name=\"twitter:label1\" content=\"Szerz\u0151:\" \/>\n\t<meta name=\"twitter:data1\" content=\"Tibor atya\" \/>\n\t<meta name=\"twitter:label2\" content=\"Becs\u00fclt olvas\u00e1si id\u0151\" \/>\n\t<meta name=\"twitter:data2\" content=\"7 perc\" \/>\n<script type=\"application\/ld+json\" class=\"yoast-schema-graph\">{\"@context\":\"https:\\\/\\\/schema.org\",\"@graph\":[{\"@type\":\"Article\",\"@id\":\"https:\\\/\\\/stuttgarti-katolikusok.de\\\/index.php\\\/evkozi-31-vasarnap-3\\\/#article\",\"isPartOf\":{\"@id\":\"https:\\\/\\\/stuttgarti-katolikusok.de\\\/index.php\\\/evkozi-31-vasarnap-3\\\/\"},\"author\":{\"name\":\"Tibor atya\",\"@id\":\"https:\\\/\\\/stuttgarti-katolikusok.de\\\/#\\\/schema\\\/person\\\/75908d6f8fdc03a57889d27209df7795\"},\"headline\":\"\u00c9vk\u00f6zi 31. vas\u00e1rnap\",\"datePublished\":\"2025-11-03T21:23:49+00:00\",\"mainEntityOfPage\":{\"@id\":\"https:\\\/\\\/stuttgarti-katolikusok.de\\\/index.php\\\/evkozi-31-vasarnap-3\\\/\"},\"wordCount\":1578,\"image\":{\"@id\":\"https:\\\/\\\/stuttgarti-katolikusok.de\\\/index.php\\\/evkozi-31-vasarnap-3\\\/#primaryimage\"},\"thumbnailUrl\":\"https:\\\/\\\/stuttgarti-katolikusok.de\\\/wp-content\\\/uploads\\\/2024\\\/11\\\/ng13.jpg\",\"articleSection\":[\"A liturgia olvasm\u00e1nyai\",\"Vas\u00e1rnapi gondolatok\"],\"inLanguage\":\"hu\"},{\"@type\":\"WebPage\",\"@id\":\"https:\\\/\\\/stuttgarti-katolikusok.de\\\/index.php\\\/evkozi-31-vasarnap-3\\\/\",\"url\":\"https:\\\/\\\/stuttgarti-katolikusok.de\\\/index.php\\\/evkozi-31-vasarnap-3\\\/\",\"name\":\"\u00c9vk\u00f6zi 31. vas\u00e1rnap - Stuttgarti Katolikusok\",\"isPartOf\":{\"@id\":\"https:\\\/\\\/stuttgarti-katolikusok.de\\\/#website\"},\"primaryImageOfPage\":{\"@id\":\"https:\\\/\\\/stuttgarti-katolikusok.de\\\/index.php\\\/evkozi-31-vasarnap-3\\\/#primaryimage\"},\"image\":{\"@id\":\"https:\\\/\\\/stuttgarti-katolikusok.de\\\/index.php\\\/evkozi-31-vasarnap-3\\\/#primaryimage\"},\"thumbnailUrl\":\"https:\\\/\\\/stuttgarti-katolikusok.de\\\/wp-content\\\/uploads\\\/2024\\\/11\\\/ng13.jpg\",\"datePublished\":\"2025-11-03T21:23:49+00:00\",\"author\":{\"@id\":\"https:\\\/\\\/stuttgarti-katolikusok.de\\\/#\\\/schema\\\/person\\\/75908d6f8fdc03a57889d27209df7795\"},\"breadcrumb\":{\"@id\":\"https:\\\/\\\/stuttgarti-katolikusok.de\\\/index.php\\\/evkozi-31-vasarnap-3\\\/#breadcrumb\"},\"inLanguage\":\"hu\",\"potentialAction\":[{\"@type\":\"ReadAction\",\"target\":[\"https:\\\/\\\/stuttgarti-katolikusok.de\\\/index.php\\\/evkozi-31-vasarnap-3\\\/\"]}]},{\"@type\":\"ImageObject\",\"inLanguage\":\"hu\",\"@id\":\"https:\\\/\\\/stuttgarti-katolikusok.de\\\/index.php\\\/evkozi-31-vasarnap-3\\\/#primaryimage\",\"url\":\"https:\\\/\\\/stuttgarti-katolikusok.de\\\/wp-content\\\/uploads\\\/2024\\\/11\\\/ng13.jpg\",\"contentUrl\":\"https:\\\/\\\/stuttgarti-katolikusok.de\\\/wp-content\\\/uploads\\\/2024\\\/11\\\/ng13.jpg\",\"width\":2048,\"height\":1365},{\"@type\":\"BreadcrumbList\",\"@id\":\"https:\\\/\\\/stuttgarti-katolikusok.de\\\/index.php\\\/evkozi-31-vasarnap-3\\\/#breadcrumb\",\"itemListElement\":[{\"@type\":\"ListItem\",\"position\":1,\"name\":\"Kezd\u0151lap\",\"item\":\"https:\\\/\\\/stuttgarti-katolikusok.de\\\/\"},{\"@type\":\"ListItem\",\"position\":2,\"name\":\"\u00c9vk\u00f6zi 31. vas\u00e1rnap\"}]},{\"@type\":\"WebSite\",\"@id\":\"https:\\\/\\\/stuttgarti-katolikusok.de\\\/#website\",\"url\":\"https:\\\/\\\/stuttgarti-katolikusok.de\\\/\",\"name\":\"Stuttgarti Katolikusok\",\"description\":\"\",\"potentialAction\":[{\"@type\":\"SearchAction\",\"target\":{\"@type\":\"EntryPoint\",\"urlTemplate\":\"https:\\\/\\\/stuttgarti-katolikusok.de\\\/?s={search_term_string}\"},\"query-input\":{\"@type\":\"PropertyValueSpecification\",\"valueRequired\":true,\"valueName\":\"search_term_string\"}}],\"inLanguage\":\"hu\"},{\"@type\":\"Person\",\"@id\":\"https:\\\/\\\/stuttgarti-katolikusok.de\\\/#\\\/schema\\\/person\\\/75908d6f8fdc03a57889d27209df7795\",\"name\":\"Tibor atya\",\"image\":{\"@type\":\"ImageObject\",\"inLanguage\":\"hu\",\"@id\":\"https:\\\/\\\/secure.gravatar.com\\\/avatar\\\/61d268e57d1f4525b111222e29d2d5a7f8c420fdbf231ba5566a8ceac74fa960?s=96&d=mm&r=g\",\"url\":\"https:\\\/\\\/secure.gravatar.com\\\/avatar\\\/61d268e57d1f4525b111222e29d2d5a7f8c420fdbf231ba5566a8ceac74fa960?s=96&d=mm&r=g\",\"contentUrl\":\"https:\\\/\\\/secure.gravatar.com\\\/avatar\\\/61d268e57d1f4525b111222e29d2d5a7f8c420fdbf231ba5566a8ceac74fa960?s=96&d=mm&r=g\",\"caption\":\"Tibor atya\"},\"url\":\"https:\\\/\\\/stuttgarti-katolikusok.de\\\/index.php\\\/author\\\/tibor-atya\\\/\"}]}<\/script>\n<!-- \/ Yoast SEO plugin. -->","yoast_head_json":{"title":"\u00c9vk\u00f6zi 31. vas\u00e1rnap - Stuttgarti Katolikusok","robots":{"index":"index","follow":"follow","max-snippet":"max-snippet:-1","max-image-preview":"max-image-preview:large","max-video-preview":"max-video-preview:-1"},"canonical":"https:\/\/stuttgarti-katolikusok.de\/index.php\/evkozi-31-vasarnap-3\/","og_locale":"hu_HU","og_type":"article","og_title":"\u00c9vk\u00f6zi 31. vas\u00e1rnap - Stuttgarti Katolikusok","og_description":"Minden ember r\u00e1szorul Isten irgalm\u00e1ra. Neki k\u00f6sz\u00f6nhetj\u00fck l\u00e9tez\u00e9s\u00fcnket. N\u00e9lk\u00fcle egy l\u00e9p\u00e9st sem tudn\u00e1nk megtenni a t\u00f6k\u00e9letess\u00e9g \u00fatj\u00e1n. Amennyiben pedig eles\u00fcnk, a b\u0171n \u00fatj\u00e1ra l\u00e9p\u00fcnk , t\u0151le v\u00e1rhatjuk a megt\u00e9r\u00e9s, a kiengesztel\u0151d\u00e9s kegyelm\u00e9t.\u00a0 Az olvasm\u00e1nyban a B\u00f6lcsess\u00e9g k\u00f6nyv\u00e9nek szerz\u0151je fontos igazs\u00e1got mond ki. Isten szereti mindazt, amit alkotott. Mi t\u00f6bb, minden teremt\u00e9ny\u00e9nek sors\u00e1t sz\u00edv\u00e9n viseli. M\u00e9g a b\u0171n\u00f6s is sz\u00e1m\u00edthat arra, hogy felkarolja. Isten nem akarja a b\u0171n\u00f6s hal\u00e1l\u00e1t. Ink\u00e1bb azt akarja, hogy \u00e9ljen. Szent P\u00e1l apostol ism\u00e9telten levelet \u00edr a Tesszalonik\u00e1ban \u00e9l\u0151 h\u00edveknek. Ebben elmondja, hogy im\u00e1ds\u00e1g\u00e1val k\u00eds\u00e9ri \u0151ket, s ugyanakkor hangot ad aggodalm\u00e1nak is. K\u00e9ri \u0151ket, hogy \u0151rizz\u00e9k meg j\u00f3zans\u00e1gukat. Ezen k\u00e9r\u00e9s\u00e9t pedig arra alapozza, hogy sok hamis h\u00edr l\u00e1tott napvil\u00e1got k\u00f6r\u00fckben, amely h\u00edrek alkalmasak a megt\u00e9veszt\u00e9sre. Meglep\u0151 Zakeus magatart\u00e1sa. M\u00e1s form\u00e1j\u00e1t is v\u00e1laszthatta volna, hogy J\u00e9zus k\u00f6zel\u00e9be ker\u00fclj\u00f6n, m\u00e9gsem tette. Tal\u00e1n csak k\u00edv\u00e1ncsi volt. Lelem\u00e9nyess\u00e9g\u00e9t J\u00e9zus megjutalmazza. Zakeus t\u00f6bbet kap, mint amire sz\u00e1m\u00edtott. J\u00e9zus bejelentkezik hozz\u00e1: &#8222;Zakeus, gyere le gyorsan, mert ma a te h\u00e1zadban kell megsz\u00e1llnom.&#8221; Hi\u00e1ba a k\u00edv\u00fcl\u00e1ll\u00f3k megb\u00e9lyegz\u0151 magatart\u00e1sa: &#8222;B\u0171n\u00f6s embern\u00e9l sz\u00e1ll meg.&#8221; J\u00e9zus gesztusa gy\u00fcm\u00f6lcs\u00f6t terem: Zakeus a megt\u00e9r\u00e9s \u00fatj\u00e1ra l\u00e9p. Ez az, ami igaz\u00e1n fontos! Kezd\u0151\u00e9nek: Ne hagyj magamra, \u00e9n Uram, Istenem, ne t\u00e1vozz el t\u0151lem! Siess, oltalmazz engem, Uram, \u00e9n mened\u00e9kem! (Zsolt 37,22-23) K\u00f6ny\u00f6rg\u00e9s: Mindenhat\u00f3, irgalmas Isten, a te kegyelmed m\u0171ve, hogy h\u00edveid m\u00e9lt\u00f3k\u00e9ppen \u00e9s tetsz\u00e9sed szerint szolg\u00e1lnak neked. Add, k\u00e9r\u00fcnk, hogy minden akad\u00e1lyt legy\u0151zve elnyerj\u00fck a meg\u00edg\u00e9rt boldogs\u00e1got. A mi Urunk, J\u00e9zus Krisztus, a te Fiad \u00e1ltal, aki veled \u00e9l \u00e9s uralkodik a Szentl\u00e9lekkel egys\u00e9gben, Isten mind\u00f6r\u00f6kk\u00f6n \u00f6r\u00f6kk\u00e9. OLVASM\u00c1NY a B\u00f6lcsess\u00e9g k\u00f6nyv\u00e9b\u0151l (B\u00f6lcs 11,22\u201312,2) Isten irgalmas szeretettel szereti minden teremtm\u00e9ny\u00e9t. Uram, az eg\u00e9sz vil\u00e1g olyan el\u0151tted, mint a porszem a m\u00e9rlegen, s mint a f\u00f6ldre hull\u00f3 hajnali harmatcsepp. De te mindenkin megk\u00f6ny\u00f6r\u00fclsz, mert mindent megtehetsz, \u00e9s eln\u00e9z\u0151 vagy az emberek b\u0171nei ir\u00e1nt, hogy b\u0171nb\u00e1natot tartsanak. Mert szeretsz mindent, ami van, \u00e9s... R\u00e9szletek","og_url":"https:\/\/stuttgarti-katolikusok.de\/index.php\/evkozi-31-vasarnap-3\/","og_site_name":"Stuttgarti Katolikusok","article_published_time":"2025-11-03T21:23:49+00:00","og_image":[{"width":2048,"height":1365,"url":"https:\/\/stuttgarti-katolikusok.de\/wp-content\/uploads\/2024\/11\/ng13.jpg","type":"image\/jpeg"}],"author":"Tibor atya","twitter_card":"summary_large_image","twitter_misc":{"Szerz\u0151:":"Tibor atya","Becs\u00fclt olvas\u00e1si id\u0151":"7 perc"},"schema":{"@context":"https:\/\/schema.org","@graph":[{"@type":"Article","@id":"https:\/\/stuttgarti-katolikusok.de\/index.php\/evkozi-31-vasarnap-3\/#article","isPartOf":{"@id":"https:\/\/stuttgarti-katolikusok.de\/index.php\/evkozi-31-vasarnap-3\/"},"author":{"name":"Tibor atya","@id":"https:\/\/stuttgarti-katolikusok.de\/#\/schema\/person\/75908d6f8fdc03a57889d27209df7795"},"headline":"\u00c9vk\u00f6zi 31. vas\u00e1rnap","datePublished":"2025-11-03T21:23:49+00:00","mainEntityOfPage":{"@id":"https:\/\/stuttgarti-katolikusok.de\/index.php\/evkozi-31-vasarnap-3\/"},"wordCount":1578,"image":{"@id":"https:\/\/stuttgarti-katolikusok.de\/index.php\/evkozi-31-vasarnap-3\/#primaryimage"},"thumbnailUrl":"https:\/\/stuttgarti-katolikusok.de\/wp-content\/uploads\/2024\/11\/ng13.jpg","articleSection":["A liturgia olvasm\u00e1nyai","Vas\u00e1rnapi gondolatok"],"inLanguage":"hu"},{"@type":"WebPage","@id":"https:\/\/stuttgarti-katolikusok.de\/index.php\/evkozi-31-vasarnap-3\/","url":"https:\/\/stuttgarti-katolikusok.de\/index.php\/evkozi-31-vasarnap-3\/","name":"\u00c9vk\u00f6zi 31. vas\u00e1rnap - Stuttgarti Katolikusok","isPartOf":{"@id":"https:\/\/stuttgarti-katolikusok.de\/#website"},"primaryImageOfPage":{"@id":"https:\/\/stuttgarti-katolikusok.de\/index.php\/evkozi-31-vasarnap-3\/#primaryimage"},"image":{"@id":"https:\/\/stuttgarti-katolikusok.de\/index.php\/evkozi-31-vasarnap-3\/#primaryimage"},"thumbnailUrl":"https:\/\/stuttgarti-katolikusok.de\/wp-content\/uploads\/2024\/11\/ng13.jpg","datePublished":"2025-11-03T21:23:49+00:00","author":{"@id":"https:\/\/stuttgarti-katolikusok.de\/#\/schema\/person\/75908d6f8fdc03a57889d27209df7795"},"breadcrumb":{"@id":"https:\/\/stuttgarti-katolikusok.de\/index.php\/evkozi-31-vasarnap-3\/#breadcrumb"},"inLanguage":"hu","potentialAction":[{"@type":"ReadAction","target":["https:\/\/stuttgarti-katolikusok.de\/index.php\/evkozi-31-vasarnap-3\/"]}]},{"@type":"ImageObject","inLanguage":"hu","@id":"https:\/\/stuttgarti-katolikusok.de\/index.php\/evkozi-31-vasarnap-3\/#primaryimage","url":"https:\/\/stuttgarti-katolikusok.de\/wp-content\/uploads\/2024\/11\/ng13.jpg","contentUrl":"https:\/\/stuttgarti-katolikusok.de\/wp-content\/uploads\/2024\/11\/ng13.jpg","width":2048,"height":1365},{"@type":"BreadcrumbList","@id":"https:\/\/stuttgarti-katolikusok.de\/index.php\/evkozi-31-vasarnap-3\/#breadcrumb","itemListElement":[{"@type":"ListItem","position":1,"name":"Kezd\u0151lap","item":"https:\/\/stuttgarti-katolikusok.de\/"},{"@type":"ListItem","position":2,"name":"\u00c9vk\u00f6zi 31. vas\u00e1rnap"}]},{"@type":"WebSite","@id":"https:\/\/stuttgarti-katolikusok.de\/#website","url":"https:\/\/stuttgarti-katolikusok.de\/","name":"Stuttgarti Katolikusok","description":"","potentialAction":[{"@type":"SearchAction","target":{"@type":"EntryPoint","urlTemplate":"https:\/\/stuttgarti-katolikusok.de\/?s={search_term_string}"},"query-input":{"@type":"PropertyValueSpecification","valueRequired":true,"valueName":"search_term_string"}}],"inLanguage":"hu"},{"@type":"Person","@id":"https:\/\/stuttgarti-katolikusok.de\/#\/schema\/person\/75908d6f8fdc03a57889d27209df7795","name":"Tibor atya","image":{"@type":"ImageObject","inLanguage":"hu","@id":"https:\/\/secure.gravatar.com\/avatar\/61d268e57d1f4525b111222e29d2d5a7f8c420fdbf231ba5566a8ceac74fa960?s=96&d=mm&r=g","url":"https:\/\/secure.gravatar.com\/avatar\/61d268e57d1f4525b111222e29d2d5a7f8c420fdbf231ba5566a8ceac74fa960?s=96&d=mm&r=g","contentUrl":"https:\/\/secure.gravatar.com\/avatar\/61d268e57d1f4525b111222e29d2d5a7f8c420fdbf231ba5566a8ceac74fa960?s=96&d=mm&r=g","caption":"Tibor atya"},"url":"https:\/\/stuttgarti-katolikusok.de\/index.php\/author\/tibor-atya\/"}]}},"_links":{"self":[{"href":"https:\/\/stuttgarti-katolikusok.de\/index.php\/wp-json\/wp\/v2\/posts\/31939","targetHints":{"allow":["GET"]}}],"collection":[{"href":"https:\/\/stuttgarti-katolikusok.de\/index.php\/wp-json\/wp\/v2\/posts"}],"about":[{"href":"https:\/\/stuttgarti-katolikusok.de\/index.php\/wp-json\/wp\/v2\/types\/post"}],"author":[{"embeddable":true,"href":"https:\/\/stuttgarti-katolikusok.de\/index.php\/wp-json\/wp\/v2\/users\/3"}],"replies":[{"embeddable":true,"href":"https:\/\/stuttgarti-katolikusok.de\/index.php\/wp-json\/wp\/v2\/comments?post=31939"}],"version-history":[{"count":2,"href":"https:\/\/stuttgarti-katolikusok.de\/index.php\/wp-json\/wp\/v2\/posts\/31939\/revisions"}],"predecessor-version":[{"id":31947,"href":"https:\/\/stuttgarti-katolikusok.de\/index.php\/wp-json\/wp\/v2\/posts\/31939\/revisions\/31947"}],"wp:featuredmedia":[{"embeddable":true,"href":"https:\/\/stuttgarti-katolikusok.de\/index.php\/wp-json\/wp\/v2\/media\/29632"}],"wp:attachment":[{"href":"https:\/\/stuttgarti-katolikusok.de\/index.php\/wp-json\/wp\/v2\/media?parent=31939"}],"wp:term":[{"taxonomy":"category","embeddable":true,"href":"https:\/\/stuttgarti-katolikusok.de\/index.php\/wp-json\/wp\/v2\/categories?post=31939"},{"taxonomy":"post_tag","embeddable":true,"href":"https:\/\/stuttgarti-katolikusok.de\/index.php\/wp-json\/wp\/v2\/tags?post=31939"}],"curies":[{"name":"wp","href":"https:\/\/api.w.org\/{rel}","templated":true}]}}