{"id":31933,"date":"2025-10-29T22:28:03","date_gmt":"2025-10-29T21:28:03","guid":{"rendered":"https:\/\/stuttgarti-katolikusok.de\/?p=31933"},"modified":"2025-10-31T14:30:34","modified_gmt":"2025-10-31T13:30:34","slug":"2025-november","status":"publish","type":"post","link":"https:\/\/stuttgarti-katolikusok.de\/index.php\/2025-november\/","title":{"rendered":"2025 NOVEMBER"},"content":{"rendered":"<p><em><span style=\"color: #ff6600;\">Ahogyan l\u00e1thatj\u00e1tok, m\u00e9rf\u00f6ldk\u0151h\u00f6z \u00e9rkezt\u00fcnk. Az <strong>500. Bar\u00e1tom<\/strong>-at foghatjuk kez\u00fcnkben. Szeretn\u00e9nk felt\u00e9tlen\u00fcl hangot adni k\u00f6sz\u00f6net\u00fcnknek \u00e9s h\u00e1l\u00e1nknak. Ilyen \u00e9rtelemben jubileumi kiad\u00e1s ez. <\/span><\/em><\/p>\n<p><em><span style=\"color: #ff6600;\">Janu\u00e1r h\u00f3napban az 50. J\u00f3t\u00e9konys\u00e1gi B\u00e1lunkat \u00fcnnepelt\u00fck. Most pedig a Bar\u00e1tomat. K\u00f6sz\u00f6net mind a szerkeszt\u0151knek, sz\u00e1muk szinte v\u00e9gtelen, mind a kedves olvas\u00f3knak.<\/span><\/em><\/p>\n<p><em><span style=\"color: #ff6600;\">A Bar\u00e1tom novemberi sz\u00e1ma ism\u00e9telten gazdagon aj\u00e1nd\u00e9koz meg gondolatokkal \u00e9s olvasnival\u00f3val. November h\u00f3nap egy m\u00e1sik vil\u00e1g fel\u00e9 ir\u00e1ny\u00edtja figyelm\u00fcnket. \u00c9ppen ez\u00e9rt ilyen ir\u00e1nyba indultunk el \u00edr\u00e1sainkkal. \u00d6r\u00f6mteli h\u00edr, hogy h\u00e1rman is bemutatkoztak most \u00edr\u00e1saikkal: Ferenczy No\u00e9mi, Barsy-Szab\u00f3 Brigitta \u00e9s Barsy-Szab\u00f3 Zsolt. Ez a csapat a tov\u00e1bbiakban is b\u0151v\u00fclni fog!<\/span><\/em><\/p>\n<p><em><span style=\"color: #ff6600;\">Fogadj\u00e1tok szeretettel!\u00a0<\/span><\/em><\/p>\n<a href=\"https:\/\/stuttgarti-katolikusok.de\/wp-content\/uploads\/2025\/10\/Baratom_November_web.pdf\" class=\"pdfemb-viewer\" style=\"\" data-width=\"max\" data-height=\"max\" data-toolbar=\"bottom\" data-toolbar-fixed=\"off\">Baratom_November_web<\/a>\n<p><em>(K\u00e9p forr\u00e1sa: Pixabay)<\/em><\/p>\n","protected":false},"excerpt":{"rendered":"<p>Ahogyan l\u00e1thatj\u00e1tok, m\u00e9rf\u00f6ldk\u0151h\u00f6z \u00e9rkezt\u00fcnk. Az 500. Bar\u00e1tom-at foghatjuk kez\u00fcnkben. Szeretn\u00e9nk felt\u00e9tlen\u00fcl hangot adni k\u00f6sz\u00f6net\u00fcnknek \u00e9s h\u00e1l\u00e1nknak. Ilyen \u00e9rtelemben jubileumi kiad\u00e1s ez. Janu\u00e1r h\u00f3napban az 50. J\u00f3t\u00e9konys\u00e1gi B\u00e1lunkat \u00fcnnepelt\u00fck. Most pedig a Bar\u00e1tomat. K\u00f6sz\u00f6net mind a szerkeszt\u0151knek, sz\u00e1muk szinte v\u00e9gtelen, mind a kedves olvas\u00f3knak. A Bar\u00e1tom novemberi sz\u00e1ma ism\u00e9telten gazdagon aj\u00e1nd\u00e9koz meg gondolatokkal \u00e9s olvasnival\u00f3val. November h\u00f3nap egy m\u00e1sik vil\u00e1g fel\u00e9 ir\u00e1ny\u00edtja figyelm\u00fcnket. \u00c9ppen ez\u00e9rt ilyen ir\u00e1nyba indultunk el \u00edr\u00e1sainkkal. \u00d6r\u00f6mteli h\u00edr, hogy h\u00e1rman is bemutatkoztak most \u00edr\u00e1saikkal: Ferenczy No\u00e9mi, Barsy-Szab\u00f3 Brigitta \u00e9s Barsy-Szab\u00f3 Zsolt. Ez a csapat a tov\u00e1bbiakban is b\u0151v\u00fclni fog! Fogadj\u00e1tok szeretettel!\u00a0 (K\u00e9p forr\u00e1sa: Pixabay)<\/p>\n","protected":false},"author":3,"featured_media":31934,"comment_status":"closed","ping_status":"closed","sticky":false,"template":"","format":"standard","meta":{"footnotes":""},"categories":[29],"tags":[],"class_list":["post-31933","post","type-post","status-publish","format-standard","has-post-thumbnail","hentry","category-baratom"],"yoast_head":"<!-- This site is optimized with the Yoast SEO plugin v27.3 - https:\/\/yoast.com\/product\/yoast-seo-wordpress\/ -->\n<title>2025 NOVEMBER - Stuttgarti Katolikusok<\/title>\n<meta name=\"robots\" content=\"index, follow, max-snippet:-1, max-image-preview:large, max-video-preview:-1\" \/>\n<link rel=\"canonical\" href=\"https:\/\/stuttgarti-katolikusok.de\/index.php\/2025-november\/\" \/>\n<meta property=\"og:locale\" content=\"hu_HU\" \/>\n<meta property=\"og:type\" content=\"article\" \/>\n<meta property=\"og:title\" content=\"2025 NOVEMBER - Stuttgarti Katolikusok\" \/>\n<meta property=\"og:description\" content=\"Ahogyan l\u00e1thatj\u00e1tok, m\u00e9rf\u00f6ldk\u0151h\u00f6z \u00e9rkezt\u00fcnk. Az 500. Bar\u00e1tom-at foghatjuk kez\u00fcnkben. Szeretn\u00e9nk felt\u00e9tlen\u00fcl hangot adni k\u00f6sz\u00f6net\u00fcnknek \u00e9s h\u00e1l\u00e1nknak. Ilyen \u00e9rtelemben jubileumi kiad\u00e1s ez. Janu\u00e1r h\u00f3napban az 50. J\u00f3t\u00e9konys\u00e1gi B\u00e1lunkat \u00fcnnepelt\u00fck. Most pedig a Bar\u00e1tomat. K\u00f6sz\u00f6net mind a szerkeszt\u0151knek, sz\u00e1muk szinte v\u00e9gtelen, mind a kedves olvas\u00f3knak. A Bar\u00e1tom novemberi sz\u00e1ma ism\u00e9telten gazdagon aj\u00e1nd\u00e9koz meg gondolatokkal \u00e9s olvasnival\u00f3val. November h\u00f3nap egy m\u00e1sik vil\u00e1g fel\u00e9 ir\u00e1ny\u00edtja figyelm\u00fcnket. \u00c9ppen ez\u00e9rt ilyen ir\u00e1nyba indultunk el \u00edr\u00e1sainkkal. \u00d6r\u00f6mteli h\u00edr, hogy h\u00e1rman is bemutatkoztak most \u00edr\u00e1saikkal: Ferenczy No\u00e9mi, Barsy-Szab\u00f3 Brigitta \u00e9s Barsy-Szab\u00f3 Zsolt. Ez a csapat a tov\u00e1bbiakban is b\u0151v\u00fclni fog! Fogadj\u00e1tok szeretettel!\u00a0 (K\u00e9p forr\u00e1sa: Pixabay)\" \/>\n<meta property=\"og:url\" content=\"https:\/\/stuttgarti-katolikusok.de\/index.php\/2025-november\/\" \/>\n<meta property=\"og:site_name\" content=\"Stuttgarti Katolikusok\" \/>\n<meta property=\"article:published_time\" content=\"2025-10-29T21:28:03+00:00\" \/>\n<meta property=\"article:modified_time\" content=\"2025-10-31T13:30:34+00:00\" \/>\n<meta property=\"og:image\" content=\"https:\/\/stuttgarti-katolikusok.de\/wp-content\/uploads\/2025\/10\/candles-2138132-1280-pixabay.jpg\" \/>\n\t<meta property=\"og:image:width\" content=\"1280\" \/>\n\t<meta property=\"og:image:height\" content=\"748\" \/>\n\t<meta property=\"og:image:type\" content=\"image\/jpeg\" \/>\n<meta name=\"author\" content=\"Tibor atya\" \/>\n<meta name=\"twitter:card\" content=\"summary_large_image\" \/>\n<meta name=\"twitter:label1\" content=\"Szerz\u0151:\" \/>\n\t<meta name=\"twitter:data1\" content=\"Tibor atya\" \/>\n\t<meta name=\"twitter:label2\" content=\"Becs\u00fclt olvas\u00e1si id\u0151\" \/>\n\t<meta name=\"twitter:data2\" content=\"1 perc\" \/>\n<script type=\"application\/ld+json\" class=\"yoast-schema-graph\">{\"@context\":\"https:\\\/\\\/schema.org\",\"@graph\":[{\"@type\":\"Article\",\"@id\":\"https:\\\/\\\/stuttgarti-katolikusok.de\\\/index.php\\\/2025-november\\\/#article\",\"isPartOf\":{\"@id\":\"https:\\\/\\\/stuttgarti-katolikusok.de\\\/index.php\\\/2025-november\\\/\"},\"author\":{\"name\":\"Tibor atya\",\"@id\":\"https:\\\/\\\/stuttgarti-katolikusok.de\\\/#\\\/schema\\\/person\\\/75908d6f8fdc03a57889d27209df7795\"},\"headline\":\"2025 NOVEMBER\",\"datePublished\":\"2025-10-29T21:28:03+00:00\",\"dateModified\":\"2025-10-31T13:30:34+00:00\",\"mainEntityOfPage\":{\"@id\":\"https:\\\/\\\/stuttgarti-katolikusok.de\\\/index.php\\\/2025-november\\\/\"},\"wordCount\":165,\"image\":{\"@id\":\"https:\\\/\\\/stuttgarti-katolikusok.de\\\/index.php\\\/2025-november\\\/#primaryimage\"},\"thumbnailUrl\":\"https:\\\/\\\/stuttgarti-katolikusok.de\\\/wp-content\\\/uploads\\\/2025\\\/10\\\/candles-2138132-1280-pixabay.jpg\",\"articleSection\":[\"Bar\u00e1tom\"],\"inLanguage\":\"hu\"},{\"@type\":\"WebPage\",\"@id\":\"https:\\\/\\\/stuttgarti-katolikusok.de\\\/index.php\\\/2025-november\\\/\",\"url\":\"https:\\\/\\\/stuttgarti-katolikusok.de\\\/index.php\\\/2025-november\\\/\",\"name\":\"2025 NOVEMBER - Stuttgarti Katolikusok\",\"isPartOf\":{\"@id\":\"https:\\\/\\\/stuttgarti-katolikusok.de\\\/#website\"},\"primaryImageOfPage\":{\"@id\":\"https:\\\/\\\/stuttgarti-katolikusok.de\\\/index.php\\\/2025-november\\\/#primaryimage\"},\"image\":{\"@id\":\"https:\\\/\\\/stuttgarti-katolikusok.de\\\/index.php\\\/2025-november\\\/#primaryimage\"},\"thumbnailUrl\":\"https:\\\/\\\/stuttgarti-katolikusok.de\\\/wp-content\\\/uploads\\\/2025\\\/10\\\/candles-2138132-1280-pixabay.jpg\",\"datePublished\":\"2025-10-29T21:28:03+00:00\",\"dateModified\":\"2025-10-31T13:30:34+00:00\",\"author\":{\"@id\":\"https:\\\/\\\/stuttgarti-katolikusok.de\\\/#\\\/schema\\\/person\\\/75908d6f8fdc03a57889d27209df7795\"},\"breadcrumb\":{\"@id\":\"https:\\\/\\\/stuttgarti-katolikusok.de\\\/index.php\\\/2025-november\\\/#breadcrumb\"},\"inLanguage\":\"hu\",\"potentialAction\":[{\"@type\":\"ReadAction\",\"target\":[\"https:\\\/\\\/stuttgarti-katolikusok.de\\\/index.php\\\/2025-november\\\/\"]}]},{\"@type\":\"ImageObject\",\"inLanguage\":\"hu\",\"@id\":\"https:\\\/\\\/stuttgarti-katolikusok.de\\\/index.php\\\/2025-november\\\/#primaryimage\",\"url\":\"https:\\\/\\\/stuttgarti-katolikusok.de\\\/wp-content\\\/uploads\\\/2025\\\/10\\\/candles-2138132-1280-pixabay.jpg\",\"contentUrl\":\"https:\\\/\\\/stuttgarti-katolikusok.de\\\/wp-content\\\/uploads\\\/2025\\\/10\\\/candles-2138132-1280-pixabay.jpg\",\"width\":1280,\"height\":748},{\"@type\":\"BreadcrumbList\",\"@id\":\"https:\\\/\\\/stuttgarti-katolikusok.de\\\/index.php\\\/2025-november\\\/#breadcrumb\",\"itemListElement\":[{\"@type\":\"ListItem\",\"position\":1,\"name\":\"Kezd\u0151lap\",\"item\":\"https:\\\/\\\/stuttgarti-katolikusok.de\\\/\"},{\"@type\":\"ListItem\",\"position\":2,\"name\":\"2025 NOVEMBER\"}]},{\"@type\":\"WebSite\",\"@id\":\"https:\\\/\\\/stuttgarti-katolikusok.de\\\/#website\",\"url\":\"https:\\\/\\\/stuttgarti-katolikusok.de\\\/\",\"name\":\"Stuttgarti Katolikusok\",\"description\":\"\",\"potentialAction\":[{\"@type\":\"SearchAction\",\"target\":{\"@type\":\"EntryPoint\",\"urlTemplate\":\"https:\\\/\\\/stuttgarti-katolikusok.de\\\/?s={search_term_string}\"},\"query-input\":{\"@type\":\"PropertyValueSpecification\",\"valueRequired\":true,\"valueName\":\"search_term_string\"}}],\"inLanguage\":\"hu\"},{\"@type\":\"Person\",\"@id\":\"https:\\\/\\\/stuttgarti-katolikusok.de\\\/#\\\/schema\\\/person\\\/75908d6f8fdc03a57889d27209df7795\",\"name\":\"Tibor atya\",\"image\":{\"@type\":\"ImageObject\",\"inLanguage\":\"hu\",\"@id\":\"https:\\\/\\\/secure.gravatar.com\\\/avatar\\\/61d268e57d1f4525b111222e29d2d5a7f8c420fdbf231ba5566a8ceac74fa960?s=96&d=mm&r=g\",\"url\":\"https:\\\/\\\/secure.gravatar.com\\\/avatar\\\/61d268e57d1f4525b111222e29d2d5a7f8c420fdbf231ba5566a8ceac74fa960?s=96&d=mm&r=g\",\"contentUrl\":\"https:\\\/\\\/secure.gravatar.com\\\/avatar\\\/61d268e57d1f4525b111222e29d2d5a7f8c420fdbf231ba5566a8ceac74fa960?s=96&d=mm&r=g\",\"caption\":\"Tibor atya\"},\"url\":\"https:\\\/\\\/stuttgarti-katolikusok.de\\\/index.php\\\/author\\\/tibor-atya\\\/\"}]}<\/script>\n<!-- \/ Yoast SEO plugin. -->","yoast_head_json":{"title":"2025 NOVEMBER - Stuttgarti Katolikusok","robots":{"index":"index","follow":"follow","max-snippet":"max-snippet:-1","max-image-preview":"max-image-preview:large","max-video-preview":"max-video-preview:-1"},"canonical":"https:\/\/stuttgarti-katolikusok.de\/index.php\/2025-november\/","og_locale":"hu_HU","og_type":"article","og_title":"2025 NOVEMBER - Stuttgarti Katolikusok","og_description":"Ahogyan l\u00e1thatj\u00e1tok, m\u00e9rf\u00f6ldk\u0151h\u00f6z \u00e9rkezt\u00fcnk. Az 500. Bar\u00e1tom-at foghatjuk kez\u00fcnkben. Szeretn\u00e9nk felt\u00e9tlen\u00fcl hangot adni k\u00f6sz\u00f6net\u00fcnknek \u00e9s h\u00e1l\u00e1nknak. Ilyen \u00e9rtelemben jubileumi kiad\u00e1s ez. Janu\u00e1r h\u00f3napban az 50. J\u00f3t\u00e9konys\u00e1gi B\u00e1lunkat \u00fcnnepelt\u00fck. Most pedig a Bar\u00e1tomat. K\u00f6sz\u00f6net mind a szerkeszt\u0151knek, sz\u00e1muk szinte v\u00e9gtelen, mind a kedves olvas\u00f3knak. A Bar\u00e1tom novemberi sz\u00e1ma ism\u00e9telten gazdagon aj\u00e1nd\u00e9koz meg gondolatokkal \u00e9s olvasnival\u00f3val. November h\u00f3nap egy m\u00e1sik vil\u00e1g fel\u00e9 ir\u00e1ny\u00edtja figyelm\u00fcnket. \u00c9ppen ez\u00e9rt ilyen ir\u00e1nyba indultunk el \u00edr\u00e1sainkkal. \u00d6r\u00f6mteli h\u00edr, hogy h\u00e1rman is bemutatkoztak most \u00edr\u00e1saikkal: Ferenczy No\u00e9mi, Barsy-Szab\u00f3 Brigitta \u00e9s Barsy-Szab\u00f3 Zsolt. Ez a csapat a tov\u00e1bbiakban is b\u0151v\u00fclni fog! Fogadj\u00e1tok szeretettel!\u00a0 (K\u00e9p forr\u00e1sa: Pixabay)","og_url":"https:\/\/stuttgarti-katolikusok.de\/index.php\/2025-november\/","og_site_name":"Stuttgarti Katolikusok","article_published_time":"2025-10-29T21:28:03+00:00","article_modified_time":"2025-10-31T13:30:34+00:00","og_image":[{"width":1280,"height":748,"url":"https:\/\/stuttgarti-katolikusok.de\/wp-content\/uploads\/2025\/10\/candles-2138132-1280-pixabay.jpg","type":"image\/jpeg"}],"author":"Tibor atya","twitter_card":"summary_large_image","twitter_misc":{"Szerz\u0151:":"Tibor atya","Becs\u00fclt olvas\u00e1si id\u0151":"1 perc"},"schema":{"@context":"https:\/\/schema.org","@graph":[{"@type":"Article","@id":"https:\/\/stuttgarti-katolikusok.de\/index.php\/2025-november\/#article","isPartOf":{"@id":"https:\/\/stuttgarti-katolikusok.de\/index.php\/2025-november\/"},"author":{"name":"Tibor atya","@id":"https:\/\/stuttgarti-katolikusok.de\/#\/schema\/person\/75908d6f8fdc03a57889d27209df7795"},"headline":"2025 NOVEMBER","datePublished":"2025-10-29T21:28:03+00:00","dateModified":"2025-10-31T13:30:34+00:00","mainEntityOfPage":{"@id":"https:\/\/stuttgarti-katolikusok.de\/index.php\/2025-november\/"},"wordCount":165,"image":{"@id":"https:\/\/stuttgarti-katolikusok.de\/index.php\/2025-november\/#primaryimage"},"thumbnailUrl":"https:\/\/stuttgarti-katolikusok.de\/wp-content\/uploads\/2025\/10\/candles-2138132-1280-pixabay.jpg","articleSection":["Bar\u00e1tom"],"inLanguage":"hu"},{"@type":"WebPage","@id":"https:\/\/stuttgarti-katolikusok.de\/index.php\/2025-november\/","url":"https:\/\/stuttgarti-katolikusok.de\/index.php\/2025-november\/","name":"2025 NOVEMBER - Stuttgarti Katolikusok","isPartOf":{"@id":"https:\/\/stuttgarti-katolikusok.de\/#website"},"primaryImageOfPage":{"@id":"https:\/\/stuttgarti-katolikusok.de\/index.php\/2025-november\/#primaryimage"},"image":{"@id":"https:\/\/stuttgarti-katolikusok.de\/index.php\/2025-november\/#primaryimage"},"thumbnailUrl":"https:\/\/stuttgarti-katolikusok.de\/wp-content\/uploads\/2025\/10\/candles-2138132-1280-pixabay.jpg","datePublished":"2025-10-29T21:28:03+00:00","dateModified":"2025-10-31T13:30:34+00:00","author":{"@id":"https:\/\/stuttgarti-katolikusok.de\/#\/schema\/person\/75908d6f8fdc03a57889d27209df7795"},"breadcrumb":{"@id":"https:\/\/stuttgarti-katolikusok.de\/index.php\/2025-november\/#breadcrumb"},"inLanguage":"hu","potentialAction":[{"@type":"ReadAction","target":["https:\/\/stuttgarti-katolikusok.de\/index.php\/2025-november\/"]}]},{"@type":"ImageObject","inLanguage":"hu","@id":"https:\/\/stuttgarti-katolikusok.de\/index.php\/2025-november\/#primaryimage","url":"https:\/\/stuttgarti-katolikusok.de\/wp-content\/uploads\/2025\/10\/candles-2138132-1280-pixabay.jpg","contentUrl":"https:\/\/stuttgarti-katolikusok.de\/wp-content\/uploads\/2025\/10\/candles-2138132-1280-pixabay.jpg","width":1280,"height":748},{"@type":"BreadcrumbList","@id":"https:\/\/stuttgarti-katolikusok.de\/index.php\/2025-november\/#breadcrumb","itemListElement":[{"@type":"ListItem","position":1,"name":"Kezd\u0151lap","item":"https:\/\/stuttgarti-katolikusok.de\/"},{"@type":"ListItem","position":2,"name":"2025 NOVEMBER"}]},{"@type":"WebSite","@id":"https:\/\/stuttgarti-katolikusok.de\/#website","url":"https:\/\/stuttgarti-katolikusok.de\/","name":"Stuttgarti Katolikusok","description":"","potentialAction":[{"@type":"SearchAction","target":{"@type":"EntryPoint","urlTemplate":"https:\/\/stuttgarti-katolikusok.de\/?s={search_term_string}"},"query-input":{"@type":"PropertyValueSpecification","valueRequired":true,"valueName":"search_term_string"}}],"inLanguage":"hu"},{"@type":"Person","@id":"https:\/\/stuttgarti-katolikusok.de\/#\/schema\/person\/75908d6f8fdc03a57889d27209df7795","name":"Tibor atya","image":{"@type":"ImageObject","inLanguage":"hu","@id":"https:\/\/secure.gravatar.com\/avatar\/61d268e57d1f4525b111222e29d2d5a7f8c420fdbf231ba5566a8ceac74fa960?s=96&d=mm&r=g","url":"https:\/\/secure.gravatar.com\/avatar\/61d268e57d1f4525b111222e29d2d5a7f8c420fdbf231ba5566a8ceac74fa960?s=96&d=mm&r=g","contentUrl":"https:\/\/secure.gravatar.com\/avatar\/61d268e57d1f4525b111222e29d2d5a7f8c420fdbf231ba5566a8ceac74fa960?s=96&d=mm&r=g","caption":"Tibor atya"},"url":"https:\/\/stuttgarti-katolikusok.de\/index.php\/author\/tibor-atya\/"}]}},"_links":{"self":[{"href":"https:\/\/stuttgarti-katolikusok.de\/index.php\/wp-json\/wp\/v2\/posts\/31933","targetHints":{"allow":["GET"]}}],"collection":[{"href":"https:\/\/stuttgarti-katolikusok.de\/index.php\/wp-json\/wp\/v2\/posts"}],"about":[{"href":"https:\/\/stuttgarti-katolikusok.de\/index.php\/wp-json\/wp\/v2\/types\/post"}],"author":[{"embeddable":true,"href":"https:\/\/stuttgarti-katolikusok.de\/index.php\/wp-json\/wp\/v2\/users\/3"}],"replies":[{"embeddable":true,"href":"https:\/\/stuttgarti-katolikusok.de\/index.php\/wp-json\/wp\/v2\/comments?post=31933"}],"version-history":[{"count":3,"href":"https:\/\/stuttgarti-katolikusok.de\/index.php\/wp-json\/wp\/v2\/posts\/31933\/revisions"}],"predecessor-version":[{"id":31938,"href":"https:\/\/stuttgarti-katolikusok.de\/index.php\/wp-json\/wp\/v2\/posts\/31933\/revisions\/31938"}],"wp:featuredmedia":[{"embeddable":true,"href":"https:\/\/stuttgarti-katolikusok.de\/index.php\/wp-json\/wp\/v2\/media\/31934"}],"wp:attachment":[{"href":"https:\/\/stuttgarti-katolikusok.de\/index.php\/wp-json\/wp\/v2\/media?parent=31933"}],"wp:term":[{"taxonomy":"category","embeddable":true,"href":"https:\/\/stuttgarti-katolikusok.de\/index.php\/wp-json\/wp\/v2\/categories?post=31933"},{"taxonomy":"post_tag","embeddable":true,"href":"https:\/\/stuttgarti-katolikusok.de\/index.php\/wp-json\/wp\/v2\/tags?post=31933"}],"curies":[{"name":"wp","href":"https:\/\/api.w.org\/{rel}","templated":true}]}}