{"id":31920,"date":"2025-10-29T00:11:30","date_gmt":"2025-10-28T23:11:30","guid":{"rendered":"https:\/\/stuttgarti-katolikusok.de\/?p=31920"},"modified":"2025-10-29T00:16:44","modified_gmt":"2025-10-28T23:16:44","slug":"kaplan-gyorgy-operettestje","status":"publish","type":"post","link":"https:\/\/stuttgarti-katolikusok.de\/index.php\/kaplan-gyorgy-operettestje\/","title":{"rendered":"K\u00e1pl\u00e1n Gy\u00f6rgy operettestje"},"content":{"rendered":"<p>A Bar\u00e1ts\u00e1gklub d\u00e9lut\u00e1nj\u00e1n, 2025. okt\u00f3ber 24-\u00e9n, &#8211; az Operett Napj\u00e1n &#8211; k\u00f6zel 50 f\u0151 r\u00e9sztvev\u0151vel tisztelegt\u00fcnk e gy\u00f6ny\u00f6r\u0171 sz\u00e9p m\u0171faj el\u0151tt. K\u00e1pl\u00e1n Gy\u00f6rgy \u00e9nekm\u0171v\u00e9sz csaknem egy\u00f3r\u00e1s m\u0171sor\u00e1val v\u00e9gig kalauzolta a k\u00f6z\u00f6ns\u00e9get a h\u00edres operettszerz\u0151k felejthetetlen dallamain.<\/p>\n<p>\u00d6r\u00f6mmel fogadtuk, hogy a Bar\u00e1ts\u00e1gklub tagjai mellett n\u00e9met vend\u00e9gek \u00e9s a T\u00f6rt\u00e9nelmi Vit\u00e9zi Rend N\u00e9metorsz\u00e1g \u00d6n\u00e1ll\u00f3 Csoport tagjai is jelen voltak.<\/p>\n<p>K\u00fcl\u00f6n k\u00f6sz\u00f6net illeti Szamosi-Marosi Erzs\u00e9betet a b\u0151s\u00e9ges \u00e9s \u00edzletes b\u00fcf\u00e9 megszervez\u00e9s\u00e9\u00e9rt, amely mindenkit leny\u0171g\u00f6z\u00f6tt. A fogyaszt\u00e1s sor\u00e1n lehet\u0151s\u00e9g ny\u00edlt adakoz\u00e1sra, amelynek eredm\u00e9nyek\u00e9nt 500 \u20ac gy\u0171lt \u00f6ssze. Ezt a \u201eEgy\u00fctt J\u00f3nak lenni m\u00e9g jobb!\u201d kezdem\u00e9nyez\u00e9s jav\u00e1ra aj\u00e1nlottuk fel.<\/p>\n<p>Ez a meghitt \u00e9s \u00e9lm\u00e9nyekben gazdag egy\u00fcttl\u00e9t ism\u00e9t megmutatta, hogy a zene \u00e9s a k\u00f6z\u00f6ss\u00e9g ereje k\u00e9pes \u00f6sszek\u00f6tni benn\u00fcnket \u2013 hat\u00e1rokon \u00e9s gener\u00e1ci\u00f3kon \u00e1t\u00edvelve.<\/p>\n<p><em>Erd\u0151sn\u00e9 Nyitrai Erika<\/em><\/p>\n<p><span style=\"color: #ff6600;\"><em>\u00c1lljon itt az este folyam\u00e1n k\u00e9sz\u00edtett f\u00e9nyk\u00e9psorozat, melyet Erd\u0151s S\u00e1ndor k\u00e9sz\u00edtett:<\/em><\/span><\/p>\n<div class=\"brlbs-cmpnt-container brlbs-cmpnt-content-blocker brlbs-cmpnt-with-individual-styles\" data-borlabs-cookie-content-blocker-id=\"default\" data-borlabs-cookie-content=\"PGEgZGF0YS1mbGlja3ItZW1iZWQ9J3RydWUnIGhyZWY9J2h0dHBzOi8vd3d3LmZsaWNrci5jb20vcGhvdG9zLzE5MDEyMTk2NEBOMDYvYWxidW1zLzcyMTc3NzIwMzI5OTU3MDU1LycgdGl0bGU9J0JhcsOhdHPDoWdrbHViIC0gMjAyNS4gb2t0w7NiZXIgMjQuIGJ5IGJydWRlcmtsYXVzMjAyMCwgb24gRmxpY2tyJz48aW1nIHNyYz0naHR0cHM6Ly9saXZlLnN0YXRpY2ZsaWNrci5jb20vNjU1MzUvNTQ4ODcxNjk2OTVfODYxNTI4MDlmM19jLmpwZycgd2lkdGg9JzgwMCcgaGVpZ2h0PSc2MDAnIGFsdD0nQmFyw6F0c8OhZ2tsdWIgLSAyMDI1LiBva3TDs2Jlcic+PC9hPjxzY3JpcHQgYXN5bmMgc3JjPSdodHRwczovL2VtYmVkci5mbGlja3IuY29tL2Fzc2V0cy9jbGllbnQtY29kZS5qcycgY2hhcnNldD0ndXRmLTgnPjwvc2NyaXB0Pg==\">\n<div class=\"brlbs-cmpnt-cb-preset-a\">\n<p class=\"brlbs-cmpnt-cb-description\">You are currently viewing a placeholder content from <strong>Default<\/strong>. To access the actual content, click the button below. Please note that doing so will share data with third-party providers.<\/p>\n<div class=\"brlbs-cmpnt-cb-buttons\"> <a class=\"brlbs-cmpnt-cb-btn\" href=\"#\" data-borlabs-cookie-unblock role=\"button\">Unblock content<\/a> <a class=\"brlbs-cmpnt-cb-btn\" href=\"#\" data-borlabs-cookie-accept-service role=\"button\" style=\"display: none\">Accept required service and unblock content<\/a> <\/div>\n<p> <a class=\"brlbs-cmpnt-cb-provider-toggle\" href=\"#\" data-borlabs-cookie-show-provider-information role=\"button\">More Information<\/a> <\/div>\n<\/div>\n<p><em><span style=\"color: #ff6600;\">Az est folyam\u00e1n k\u00e9sz\u00edtett vide\u00f3felv\u00e9tel:<\/span><\/em><\/p>\n<div class=\"brlbs-cmpnt-container brlbs-cmpnt-content-blocker brlbs-cmpnt-with-individual-styles\" data-borlabs-cookie-content-blocker-id=\"youtube-content-blocker\" data-borlabs-cookie-content=\"PGlmcmFtZSB0aXRsZT0iS8OhcGzDoW4gR3nDtnJneSBvcGVyZXR0ZXN0amUgLSBTdHV0dGdhcnQgLSAyMDI1LiBva3TDs2JlciAyNC4iIHdpZHRoPSI5NDAiIGhlaWdodD0iNTI5IiBzcmM9Imh0dHBzOi8vd3d3LnlvdXR1YmUtbm9jb29raWUuY29tL2VtYmVkL1FfeVR5Tkg4OXVvP2ZlYXR1cmU9b2VtYmVkIiBmcmFtZWJvcmRlcj0iMCIgYWxsb3c9ImFjY2VsZXJvbWV0ZXI7IGF1dG9wbGF5OyBjbGlwYm9hcmQtd3JpdGU7IGVuY3J5cHRlZC1tZWRpYTsgZ3lyb3Njb3BlOyBwaWN0dXJlLWluLXBpY3R1cmU7IHdlYi1zaGFyZSIgcmVmZXJyZXJwb2xpY3k9InN0cmljdC1vcmlnaW4td2hlbi1jcm9zcy1vcmlnaW4iIGFsbG93ZnVsbHNjcmVlbj48L2lmcmFtZT4=\">\n<div class=\"brlbs-cmpnt-cb-preset-c brlbs-cmpnt-cb-youtube\">\n<div class=\"brlbs-cmpnt-cb-thumbnail\" style=\"background-image: url('https:\/\/stuttgarti-katolikusok.de\/wp-content\/uploads\/borlabs-cookie\/1\/yt_Q_yTyNH89uo_hqdefault.jpg')\"><\/div>\n<div class=\"brlbs-cmpnt-cb-main\">\n<div class=\"brlbs-cmpnt-cb-play-button\"><\/div>\n<div class=\"brlbs-cmpnt-cb-content\">\n<p class=\"brlbs-cmpnt-cb-description\">You are currently viewing a placeholder content from <strong>YouTube<\/strong>. To access the actual content, click the button below. Please note that doing so will share data with third-party providers.<\/p>\n<p> <a class=\"brlbs-cmpnt-cb-provider-toggle\" href=\"#\" data-borlabs-cookie-show-provider-information role=\"button\">More Information<\/a> <\/div>\n<div class=\"brlbs-cmpnt-cb-buttons\"> <a class=\"brlbs-cmpnt-cb-btn\" href=\"#\" data-borlabs-cookie-unblock role=\"button\">Unblock content<\/a> <a class=\"brlbs-cmpnt-cb-btn\" href=\"#\" data-borlabs-cookie-accept-service role=\"button\" style=\"display: inherit\">Accept required service and unblock content<\/a> <\/div><\/div><\/div>\n<\/div>\n","protected":false},"excerpt":{"rendered":"<p>A Bar\u00e1ts\u00e1gklub d\u00e9lut\u00e1nj\u00e1n, 2025. okt\u00f3ber 24-\u00e9n, &#8211; az Operett Napj\u00e1n &#8211; k\u00f6zel 50 f\u0151 r\u00e9sztvev\u0151vel tisztelegt\u00fcnk e gy\u00f6ny\u00f6r\u0171 sz\u00e9p m\u0171faj el\u0151tt. K\u00e1pl\u00e1n Gy\u00f6rgy \u00e9nekm\u0171v\u00e9sz csaknem egy\u00f3r\u00e1s m\u0171sor\u00e1val v\u00e9gig kalauzolta a k\u00f6z\u00f6ns\u00e9get a h\u00edres operettszerz\u0151k felejthetetlen dallamain. \u00d6r\u00f6mmel fogadtuk, hogy a Bar\u00e1ts\u00e1gklub tagjai mellett n\u00e9met vend\u00e9gek \u00e9s a T\u00f6rt\u00e9nelmi Vit\u00e9zi Rend N\u00e9metorsz\u00e1g \u00d6n\u00e1ll\u00f3 Csoport tagjai is jelen voltak. K\u00fcl\u00f6n k\u00f6sz\u00f6net illeti Szamosi-Marosi Erzs\u00e9betet a b\u0151s\u00e9ges \u00e9s \u00edzletes b\u00fcf\u00e9 megszervez\u00e9s\u00e9\u00e9rt, amely mindenkit leny\u0171g\u00f6z\u00f6tt. A fogyaszt\u00e1s sor\u00e1n lehet\u0151s\u00e9g ny\u00edlt adakoz\u00e1sra, amelynek eredm\u00e9nyek\u00e9nt 500 \u20ac gy\u0171lt \u00f6ssze. Ezt a \u201eEgy\u00fctt J\u00f3nak lenni m\u00e9g jobb!\u201d kezdem\u00e9nyez\u00e9s jav\u00e1ra aj\u00e1nlottuk fel. Ez a meghitt \u00e9s \u00e9lm\u00e9nyekben gazdag egy\u00fcttl\u00e9t ism\u00e9t megmutatta, hogy a zene \u00e9s a k\u00f6z\u00f6ss\u00e9g ereje k\u00e9pes \u00f6sszek\u00f6tni benn\u00fcnket \u2013 hat\u00e1rokon \u00e9s gener\u00e1ci\u00f3kon \u00e1t\u00edvelve. Erd\u0151sn\u00e9 Nyitrai Erika \u00c1lljon itt az este folyam\u00e1n k\u00e9sz\u00edtett f\u00e9nyk\u00e9psorozat, melyet Erd\u0151s S\u00e1ndor k\u00e9sz\u00edtett: You are currently viewing a placeholder content from Default. To access the actual content, click the button below. Please note that doing so will share data with third-party providers. Unblock content Accept required service and unblock content More Information Az est folyam\u00e1n k\u00e9sz\u00edtett vide\u00f3felv\u00e9tel: You are currently viewing a placeholder content from YouTube. To access the actual content, click the button below. Please note that doing so will share data with third-party providers. More Information Unblock content Accept required service and unblock content<\/p>\n","protected":false},"author":3,"featured_media":31921,"comment_status":"closed","ping_status":"closed","sticky":false,"template":"","format":"standard","meta":{"footnotes":""},"categories":[1],"tags":[],"class_list":["post-31920","post","type-post","status-publish","format-standard","has-post-thumbnail","hentry","category-valogatott"],"yoast_head":"<!-- This site is optimized with the Yoast SEO plugin v27.3 - https:\/\/yoast.com\/product\/yoast-seo-wordpress\/ -->\n<title>K\u00e1pl\u00e1n Gy\u00f6rgy operettestje - Stuttgarti Katolikusok<\/title>\n<meta name=\"robots\" content=\"index, follow, max-snippet:-1, max-image-preview:large, max-video-preview:-1\" \/>\n<link rel=\"canonical\" href=\"https:\/\/stuttgarti-katolikusok.de\/index.php\/kaplan-gyorgy-operettestje\/\" \/>\n<meta property=\"og:locale\" content=\"hu_HU\" \/>\n<meta property=\"og:type\" content=\"article\" \/>\n<meta property=\"og:title\" content=\"K\u00e1pl\u00e1n Gy\u00f6rgy operettestje - Stuttgarti Katolikusok\" \/>\n<meta property=\"og:description\" content=\"A Bar\u00e1ts\u00e1gklub d\u00e9lut\u00e1nj\u00e1n, 2025. okt\u00f3ber 24-\u00e9n, &#8211; az Operett Napj\u00e1n &#8211; k\u00f6zel 50 f\u0151 r\u00e9sztvev\u0151vel tisztelegt\u00fcnk e gy\u00f6ny\u00f6r\u0171 sz\u00e9p m\u0171faj el\u0151tt. K\u00e1pl\u00e1n Gy\u00f6rgy \u00e9nekm\u0171v\u00e9sz csaknem egy\u00f3r\u00e1s m\u0171sor\u00e1val v\u00e9gig kalauzolta a k\u00f6z\u00f6ns\u00e9get a h\u00edres operettszerz\u0151k felejthetetlen dallamain. \u00d6r\u00f6mmel fogadtuk, hogy a Bar\u00e1ts\u00e1gklub tagjai mellett n\u00e9met vend\u00e9gek \u00e9s a T\u00f6rt\u00e9nelmi Vit\u00e9zi Rend N\u00e9metorsz\u00e1g \u00d6n\u00e1ll\u00f3 Csoport tagjai is jelen voltak. K\u00fcl\u00f6n k\u00f6sz\u00f6net illeti Szamosi-Marosi Erzs\u00e9betet a b\u0151s\u00e9ges \u00e9s \u00edzletes b\u00fcf\u00e9 megszervez\u00e9s\u00e9\u00e9rt, amely mindenkit leny\u0171g\u00f6z\u00f6tt. A fogyaszt\u00e1s sor\u00e1n lehet\u0151s\u00e9g ny\u00edlt adakoz\u00e1sra, amelynek eredm\u00e9nyek\u00e9nt 500 \u20ac gy\u0171lt \u00f6ssze. Ezt a \u201eEgy\u00fctt J\u00f3nak lenni m\u00e9g jobb!\u201d kezdem\u00e9nyez\u00e9s jav\u00e1ra aj\u00e1nlottuk fel. Ez a meghitt \u00e9s \u00e9lm\u00e9nyekben gazdag egy\u00fcttl\u00e9t ism\u00e9t megmutatta, hogy a zene \u00e9s a k\u00f6z\u00f6ss\u00e9g ereje k\u00e9pes \u00f6sszek\u00f6tni benn\u00fcnket \u2013 hat\u00e1rokon \u00e9s gener\u00e1ci\u00f3kon \u00e1t\u00edvelve. Erd\u0151sn\u00e9 Nyitrai Erika \u00c1lljon itt az este folyam\u00e1n k\u00e9sz\u00edtett f\u00e9nyk\u00e9psorozat, melyet Erd\u0151s S\u00e1ndor k\u00e9sz\u00edtett: You are currently viewing a placeholder content from Default. To access the actual content, click the button below. Please note that doing so will share data with third-party providers. Unblock content Accept required service and unblock content More Information Az est folyam\u00e1n k\u00e9sz\u00edtett vide\u00f3felv\u00e9tel: You are currently viewing a placeholder content from YouTube. To access the actual content, click the button below. Please note that doing so will share data with third-party providers. More Information Unblock content Accept required service and unblock content\" \/>\n<meta property=\"og:url\" content=\"https:\/\/stuttgarti-katolikusok.de\/index.php\/kaplan-gyorgy-operettestje\/\" \/>\n<meta property=\"og:site_name\" content=\"Stuttgarti Katolikusok\" \/>\n<meta property=\"article:published_time\" content=\"2025-10-28T23:11:30+00:00\" \/>\n<meta property=\"article:modified_time\" content=\"2025-10-28T23:16:44+00:00\" \/>\n<meta property=\"og:image\" content=\"https:\/\/stuttgarti-katolikusok.de\/wp-content\/uploads\/2025\/10\/kaplan-gyorgy.jpg\" \/>\n\t<meta property=\"og:image:width\" content=\"800\" \/>\n\t<meta property=\"og:image:height\" content=\"600\" \/>\n\t<meta property=\"og:image:type\" content=\"image\/jpeg\" \/>\n<meta name=\"author\" content=\"Tibor atya\" \/>\n<meta name=\"twitter:card\" content=\"summary_large_image\" \/>\n<meta name=\"twitter:label1\" content=\"Szerz\u0151:\" \/>\n\t<meta name=\"twitter:data1\" content=\"Tibor atya\" \/>\n\t<meta name=\"twitter:label2\" content=\"Becs\u00fclt olvas\u00e1si id\u0151\" \/>\n\t<meta name=\"twitter:data2\" content=\"1 perc\" \/>\n<script type=\"application\/ld+json\" class=\"yoast-schema-graph\">{\"@context\":\"https:\\\/\\\/schema.org\",\"@graph\":[{\"@type\":\"Article\",\"@id\":\"https:\\\/\\\/stuttgarti-katolikusok.de\\\/index.php\\\/kaplan-gyorgy-operettestje\\\/#article\",\"isPartOf\":{\"@id\":\"https:\\\/\\\/stuttgarti-katolikusok.de\\\/index.php\\\/kaplan-gyorgy-operettestje\\\/\"},\"author\":{\"name\":\"Tibor atya\",\"@id\":\"https:\\\/\\\/stuttgarti-katolikusok.de\\\/#\\\/schema\\\/person\\\/75908d6f8fdc03a57889d27209df7795\"},\"headline\":\"K\u00e1pl\u00e1n Gy\u00f6rgy operettestje\",\"datePublished\":\"2025-10-28T23:11:30+00:00\",\"dateModified\":\"2025-10-28T23:16:44+00:00\",\"mainEntityOfPage\":{\"@id\":\"https:\\\/\\\/stuttgarti-katolikusok.de\\\/index.php\\\/kaplan-gyorgy-operettestje\\\/\"},\"wordCount\":250,\"image\":{\"@id\":\"https:\\\/\\\/stuttgarti-katolikusok.de\\\/index.php\\\/kaplan-gyorgy-operettestje\\\/#primaryimage\"},\"thumbnailUrl\":\"https:\\\/\\\/stuttgarti-katolikusok.de\\\/wp-content\\\/uploads\\\/2025\\\/10\\\/kaplan-gyorgy.jpg\",\"articleSection\":[\"V\u00e1logatott \u00edr\u00e1sok\"],\"inLanguage\":\"hu\"},{\"@type\":\"WebPage\",\"@id\":\"https:\\\/\\\/stuttgarti-katolikusok.de\\\/index.php\\\/kaplan-gyorgy-operettestje\\\/\",\"url\":\"https:\\\/\\\/stuttgarti-katolikusok.de\\\/index.php\\\/kaplan-gyorgy-operettestje\\\/\",\"name\":\"K\u00e1pl\u00e1n Gy\u00f6rgy operettestje - Stuttgarti Katolikusok\",\"isPartOf\":{\"@id\":\"https:\\\/\\\/stuttgarti-katolikusok.de\\\/#website\"},\"primaryImageOfPage\":{\"@id\":\"https:\\\/\\\/stuttgarti-katolikusok.de\\\/index.php\\\/kaplan-gyorgy-operettestje\\\/#primaryimage\"},\"image\":{\"@id\":\"https:\\\/\\\/stuttgarti-katolikusok.de\\\/index.php\\\/kaplan-gyorgy-operettestje\\\/#primaryimage\"},\"thumbnailUrl\":\"https:\\\/\\\/stuttgarti-katolikusok.de\\\/wp-content\\\/uploads\\\/2025\\\/10\\\/kaplan-gyorgy.jpg\",\"datePublished\":\"2025-10-28T23:11:30+00:00\",\"dateModified\":\"2025-10-28T23:16:44+00:00\",\"author\":{\"@id\":\"https:\\\/\\\/stuttgarti-katolikusok.de\\\/#\\\/schema\\\/person\\\/75908d6f8fdc03a57889d27209df7795\"},\"breadcrumb\":{\"@id\":\"https:\\\/\\\/stuttgarti-katolikusok.de\\\/index.php\\\/kaplan-gyorgy-operettestje\\\/#breadcrumb\"},\"inLanguage\":\"hu\",\"potentialAction\":[{\"@type\":\"ReadAction\",\"target\":[\"https:\\\/\\\/stuttgarti-katolikusok.de\\\/index.php\\\/kaplan-gyorgy-operettestje\\\/\"]}]},{\"@type\":\"ImageObject\",\"inLanguage\":\"hu\",\"@id\":\"https:\\\/\\\/stuttgarti-katolikusok.de\\\/index.php\\\/kaplan-gyorgy-operettestje\\\/#primaryimage\",\"url\":\"https:\\\/\\\/stuttgarti-katolikusok.de\\\/wp-content\\\/uploads\\\/2025\\\/10\\\/kaplan-gyorgy.jpg\",\"contentUrl\":\"https:\\\/\\\/stuttgarti-katolikusok.de\\\/wp-content\\\/uploads\\\/2025\\\/10\\\/kaplan-gyorgy.jpg\",\"width\":800,\"height\":600},{\"@type\":\"BreadcrumbList\",\"@id\":\"https:\\\/\\\/stuttgarti-katolikusok.de\\\/index.php\\\/kaplan-gyorgy-operettestje\\\/#breadcrumb\",\"itemListElement\":[{\"@type\":\"ListItem\",\"position\":1,\"name\":\"Kezd\u0151lap\",\"item\":\"https:\\\/\\\/stuttgarti-katolikusok.de\\\/\"},{\"@type\":\"ListItem\",\"position\":2,\"name\":\"K\u00e1pl\u00e1n Gy\u00f6rgy operettestje\"}]},{\"@type\":\"WebSite\",\"@id\":\"https:\\\/\\\/stuttgarti-katolikusok.de\\\/#website\",\"url\":\"https:\\\/\\\/stuttgarti-katolikusok.de\\\/\",\"name\":\"Stuttgarti Katolikusok\",\"description\":\"\",\"potentialAction\":[{\"@type\":\"SearchAction\",\"target\":{\"@type\":\"EntryPoint\",\"urlTemplate\":\"https:\\\/\\\/stuttgarti-katolikusok.de\\\/?s={search_term_string}\"},\"query-input\":{\"@type\":\"PropertyValueSpecification\",\"valueRequired\":true,\"valueName\":\"search_term_string\"}}],\"inLanguage\":\"hu\"},{\"@type\":\"Person\",\"@id\":\"https:\\\/\\\/stuttgarti-katolikusok.de\\\/#\\\/schema\\\/person\\\/75908d6f8fdc03a57889d27209df7795\",\"name\":\"Tibor atya\",\"image\":{\"@type\":\"ImageObject\",\"inLanguage\":\"hu\",\"@id\":\"https:\\\/\\\/secure.gravatar.com\\\/avatar\\\/61d268e57d1f4525b111222e29d2d5a7f8c420fdbf231ba5566a8ceac74fa960?s=96&d=mm&r=g\",\"url\":\"https:\\\/\\\/secure.gravatar.com\\\/avatar\\\/61d268e57d1f4525b111222e29d2d5a7f8c420fdbf231ba5566a8ceac74fa960?s=96&d=mm&r=g\",\"contentUrl\":\"https:\\\/\\\/secure.gravatar.com\\\/avatar\\\/61d268e57d1f4525b111222e29d2d5a7f8c420fdbf231ba5566a8ceac74fa960?s=96&d=mm&r=g\",\"caption\":\"Tibor atya\"},\"url\":\"https:\\\/\\\/stuttgarti-katolikusok.de\\\/index.php\\\/author\\\/tibor-atya\\\/\"}]}<\/script>\n<!-- \/ Yoast SEO plugin. -->","yoast_head_json":{"title":"K\u00e1pl\u00e1n Gy\u00f6rgy operettestje - Stuttgarti Katolikusok","robots":{"index":"index","follow":"follow","max-snippet":"max-snippet:-1","max-image-preview":"max-image-preview:large","max-video-preview":"max-video-preview:-1"},"canonical":"https:\/\/stuttgarti-katolikusok.de\/index.php\/kaplan-gyorgy-operettestje\/","og_locale":"hu_HU","og_type":"article","og_title":"K\u00e1pl\u00e1n Gy\u00f6rgy operettestje - Stuttgarti Katolikusok","og_description":"A Bar\u00e1ts\u00e1gklub d\u00e9lut\u00e1nj\u00e1n, 2025. okt\u00f3ber 24-\u00e9n, &#8211; az Operett Napj\u00e1n &#8211; k\u00f6zel 50 f\u0151 r\u00e9sztvev\u0151vel tisztelegt\u00fcnk e gy\u00f6ny\u00f6r\u0171 sz\u00e9p m\u0171faj el\u0151tt. K\u00e1pl\u00e1n Gy\u00f6rgy \u00e9nekm\u0171v\u00e9sz csaknem egy\u00f3r\u00e1s m\u0171sor\u00e1val v\u00e9gig kalauzolta a k\u00f6z\u00f6ns\u00e9get a h\u00edres operettszerz\u0151k felejthetetlen dallamain. \u00d6r\u00f6mmel fogadtuk, hogy a Bar\u00e1ts\u00e1gklub tagjai mellett n\u00e9met vend\u00e9gek \u00e9s a T\u00f6rt\u00e9nelmi Vit\u00e9zi Rend N\u00e9metorsz\u00e1g \u00d6n\u00e1ll\u00f3 Csoport tagjai is jelen voltak. K\u00fcl\u00f6n k\u00f6sz\u00f6net illeti Szamosi-Marosi Erzs\u00e9betet a b\u0151s\u00e9ges \u00e9s \u00edzletes b\u00fcf\u00e9 megszervez\u00e9s\u00e9\u00e9rt, amely mindenkit leny\u0171g\u00f6z\u00f6tt. A fogyaszt\u00e1s sor\u00e1n lehet\u0151s\u00e9g ny\u00edlt adakoz\u00e1sra, amelynek eredm\u00e9nyek\u00e9nt 500 \u20ac gy\u0171lt \u00f6ssze. Ezt a \u201eEgy\u00fctt J\u00f3nak lenni m\u00e9g jobb!\u201d kezdem\u00e9nyez\u00e9s jav\u00e1ra aj\u00e1nlottuk fel. Ez a meghitt \u00e9s \u00e9lm\u00e9nyekben gazdag egy\u00fcttl\u00e9t ism\u00e9t megmutatta, hogy a zene \u00e9s a k\u00f6z\u00f6ss\u00e9g ereje k\u00e9pes \u00f6sszek\u00f6tni benn\u00fcnket \u2013 hat\u00e1rokon \u00e9s gener\u00e1ci\u00f3kon \u00e1t\u00edvelve. Erd\u0151sn\u00e9 Nyitrai Erika \u00c1lljon itt az este folyam\u00e1n k\u00e9sz\u00edtett f\u00e9nyk\u00e9psorozat, melyet Erd\u0151s S\u00e1ndor k\u00e9sz\u00edtett: You are currently viewing a placeholder content from Default. To access the actual content, click the button below. Please note that doing so will share data with third-party providers. Unblock content Accept required service and unblock content More Information Az est folyam\u00e1n k\u00e9sz\u00edtett vide\u00f3felv\u00e9tel: You are currently viewing a placeholder content from YouTube. To access the actual content, click the button below. Please note that doing so will share data with third-party providers. More Information Unblock content Accept required service and unblock content","og_url":"https:\/\/stuttgarti-katolikusok.de\/index.php\/kaplan-gyorgy-operettestje\/","og_site_name":"Stuttgarti Katolikusok","article_published_time":"2025-10-28T23:11:30+00:00","article_modified_time":"2025-10-28T23:16:44+00:00","og_image":[{"width":800,"height":600,"url":"https:\/\/stuttgarti-katolikusok.de\/wp-content\/uploads\/2025\/10\/kaplan-gyorgy.jpg","type":"image\/jpeg"}],"author":"Tibor atya","twitter_card":"summary_large_image","twitter_misc":{"Szerz\u0151:":"Tibor atya","Becs\u00fclt olvas\u00e1si id\u0151":"1 perc"},"schema":{"@context":"https:\/\/schema.org","@graph":[{"@type":"Article","@id":"https:\/\/stuttgarti-katolikusok.de\/index.php\/kaplan-gyorgy-operettestje\/#article","isPartOf":{"@id":"https:\/\/stuttgarti-katolikusok.de\/index.php\/kaplan-gyorgy-operettestje\/"},"author":{"name":"Tibor atya","@id":"https:\/\/stuttgarti-katolikusok.de\/#\/schema\/person\/75908d6f8fdc03a57889d27209df7795"},"headline":"K\u00e1pl\u00e1n Gy\u00f6rgy operettestje","datePublished":"2025-10-28T23:11:30+00:00","dateModified":"2025-10-28T23:16:44+00:00","mainEntityOfPage":{"@id":"https:\/\/stuttgarti-katolikusok.de\/index.php\/kaplan-gyorgy-operettestje\/"},"wordCount":250,"image":{"@id":"https:\/\/stuttgarti-katolikusok.de\/index.php\/kaplan-gyorgy-operettestje\/#primaryimage"},"thumbnailUrl":"https:\/\/stuttgarti-katolikusok.de\/wp-content\/uploads\/2025\/10\/kaplan-gyorgy.jpg","articleSection":["V\u00e1logatott \u00edr\u00e1sok"],"inLanguage":"hu"},{"@type":"WebPage","@id":"https:\/\/stuttgarti-katolikusok.de\/index.php\/kaplan-gyorgy-operettestje\/","url":"https:\/\/stuttgarti-katolikusok.de\/index.php\/kaplan-gyorgy-operettestje\/","name":"K\u00e1pl\u00e1n Gy\u00f6rgy operettestje - Stuttgarti Katolikusok","isPartOf":{"@id":"https:\/\/stuttgarti-katolikusok.de\/#website"},"primaryImageOfPage":{"@id":"https:\/\/stuttgarti-katolikusok.de\/index.php\/kaplan-gyorgy-operettestje\/#primaryimage"},"image":{"@id":"https:\/\/stuttgarti-katolikusok.de\/index.php\/kaplan-gyorgy-operettestje\/#primaryimage"},"thumbnailUrl":"https:\/\/stuttgarti-katolikusok.de\/wp-content\/uploads\/2025\/10\/kaplan-gyorgy.jpg","datePublished":"2025-10-28T23:11:30+00:00","dateModified":"2025-10-28T23:16:44+00:00","author":{"@id":"https:\/\/stuttgarti-katolikusok.de\/#\/schema\/person\/75908d6f8fdc03a57889d27209df7795"},"breadcrumb":{"@id":"https:\/\/stuttgarti-katolikusok.de\/index.php\/kaplan-gyorgy-operettestje\/#breadcrumb"},"inLanguage":"hu","potentialAction":[{"@type":"ReadAction","target":["https:\/\/stuttgarti-katolikusok.de\/index.php\/kaplan-gyorgy-operettestje\/"]}]},{"@type":"ImageObject","inLanguage":"hu","@id":"https:\/\/stuttgarti-katolikusok.de\/index.php\/kaplan-gyorgy-operettestje\/#primaryimage","url":"https:\/\/stuttgarti-katolikusok.de\/wp-content\/uploads\/2025\/10\/kaplan-gyorgy.jpg","contentUrl":"https:\/\/stuttgarti-katolikusok.de\/wp-content\/uploads\/2025\/10\/kaplan-gyorgy.jpg","width":800,"height":600},{"@type":"BreadcrumbList","@id":"https:\/\/stuttgarti-katolikusok.de\/index.php\/kaplan-gyorgy-operettestje\/#breadcrumb","itemListElement":[{"@type":"ListItem","position":1,"name":"Kezd\u0151lap","item":"https:\/\/stuttgarti-katolikusok.de\/"},{"@type":"ListItem","position":2,"name":"K\u00e1pl\u00e1n Gy\u00f6rgy operettestje"}]},{"@type":"WebSite","@id":"https:\/\/stuttgarti-katolikusok.de\/#website","url":"https:\/\/stuttgarti-katolikusok.de\/","name":"Stuttgarti Katolikusok","description":"","potentialAction":[{"@type":"SearchAction","target":{"@type":"EntryPoint","urlTemplate":"https:\/\/stuttgarti-katolikusok.de\/?s={search_term_string}"},"query-input":{"@type":"PropertyValueSpecification","valueRequired":true,"valueName":"search_term_string"}}],"inLanguage":"hu"},{"@type":"Person","@id":"https:\/\/stuttgarti-katolikusok.de\/#\/schema\/person\/75908d6f8fdc03a57889d27209df7795","name":"Tibor atya","image":{"@type":"ImageObject","inLanguage":"hu","@id":"https:\/\/secure.gravatar.com\/avatar\/61d268e57d1f4525b111222e29d2d5a7f8c420fdbf231ba5566a8ceac74fa960?s=96&d=mm&r=g","url":"https:\/\/secure.gravatar.com\/avatar\/61d268e57d1f4525b111222e29d2d5a7f8c420fdbf231ba5566a8ceac74fa960?s=96&d=mm&r=g","contentUrl":"https:\/\/secure.gravatar.com\/avatar\/61d268e57d1f4525b111222e29d2d5a7f8c420fdbf231ba5566a8ceac74fa960?s=96&d=mm&r=g","caption":"Tibor atya"},"url":"https:\/\/stuttgarti-katolikusok.de\/index.php\/author\/tibor-atya\/"}]}},"_links":{"self":[{"href":"https:\/\/stuttgarti-katolikusok.de\/index.php\/wp-json\/wp\/v2\/posts\/31920","targetHints":{"allow":["GET"]}}],"collection":[{"href":"https:\/\/stuttgarti-katolikusok.de\/index.php\/wp-json\/wp\/v2\/posts"}],"about":[{"href":"https:\/\/stuttgarti-katolikusok.de\/index.php\/wp-json\/wp\/v2\/types\/post"}],"author":[{"embeddable":true,"href":"https:\/\/stuttgarti-katolikusok.de\/index.php\/wp-json\/wp\/v2\/users\/3"}],"replies":[{"embeddable":true,"href":"https:\/\/stuttgarti-katolikusok.de\/index.php\/wp-json\/wp\/v2\/comments?post=31920"}],"version-history":[{"count":3,"href":"https:\/\/stuttgarti-katolikusok.de\/index.php\/wp-json\/wp\/v2\/posts\/31920\/revisions"}],"predecessor-version":[{"id":31924,"href":"https:\/\/stuttgarti-katolikusok.de\/index.php\/wp-json\/wp\/v2\/posts\/31920\/revisions\/31924"}],"wp:featuredmedia":[{"embeddable":true,"href":"https:\/\/stuttgarti-katolikusok.de\/index.php\/wp-json\/wp\/v2\/media\/31921"}],"wp:attachment":[{"href":"https:\/\/stuttgarti-katolikusok.de\/index.php\/wp-json\/wp\/v2\/media?parent=31920"}],"wp:term":[{"taxonomy":"category","embeddable":true,"href":"https:\/\/stuttgarti-katolikusok.de\/index.php\/wp-json\/wp\/v2\/categories?post=31920"},{"taxonomy":"post_tag","embeddable":true,"href":"https:\/\/stuttgarti-katolikusok.de\/index.php\/wp-json\/wp\/v2\/tags?post=31920"}],"curies":[{"name":"wp","href":"https:\/\/api.w.org\/{rel}","templated":true}]}}