{"id":31901,"date":"2025-10-27T23:57:54","date_gmt":"2025-10-27T22:57:54","guid":{"rendered":"https:\/\/stuttgarti-katolikusok.de\/?p=31901"},"modified":"2025-10-28T09:42:42","modified_gmt":"2025-10-28T08:42:42","slug":"2025-oktober-27-es-november-2-kozott","status":"publish","type":"post","link":"https:\/\/stuttgarti-katolikusok.de\/index.php\/2025-oktober-27-es-november-2-kozott\/","title":{"rendered":"2025. OKT\u00d3BER 27 \u00c9S NOVEMBER 2 K\u00d6Z\u00d6TT"},"content":{"rendered":"<p><span style=\"color: #008000;\"><strong>Programel\u0151zetes<\/strong><\/span><\/p>\n<p style=\"text-align: center;\"><span style=\"color: #008000;\"><strong>*<\/strong><\/span><\/p>\n<p><strong>Okt\u00f3ber 31-\u00e9n,<\/strong>\u00a0p\u00e9nteken, <strong><em>Stuttgarti d\u00e9lut\u00e1n<\/em><\/strong><em><strong>, <\/strong><\/em>17.30 \u00f3rakor<em> r\u00f3zsaf\u00fcz\u00e9rt im\u00e1dkozunk, <\/em>ut\u00e1na 18.00 \u00f3rakor<em> szentmise.\u00a0<\/em><\/p>\n<p style=\"text-align: center;\"><span style=\"color: #008000;\"><strong>*<\/strong><\/span><\/p>\n<p><a href=\"https:\/\/stuttgarti-katolikusok.de\/wp-content\/uploads\/2025\/10\/teljes-bucsu.jpg\"><img loading=\"lazy\" decoding=\"async\" class=\"alignnone size-full wp-image-31903\" src=\"https:\/\/stuttgarti-katolikusok.de\/wp-content\/uploads\/2025\/10\/teljes-bucsu.jpg\" alt=\"\" width=\"700\" height=\"540\" srcset=\"https:\/\/stuttgarti-katolikusok.de\/wp-content\/uploads\/2025\/10\/teljes-bucsu.jpg 700w, https:\/\/stuttgarti-katolikusok.de\/wp-content\/uploads\/2025\/10\/teljes-bucsu-300x231.jpg 300w\" sizes=\"auto, (max-width: 700px) 100vw, 700px\" \/><\/a><\/p>\n<p style=\"text-align: center;\"><span style=\"color: #ff6600;\"><strong>*<\/strong><\/span><\/p>\n<p><strong>November 1-j\u00e9n<\/strong>, szombaton, <span style=\"color: #ff6600;\"><strong><em>Mindenszentek \u00fcnnepe<\/em><\/strong><\/span>,<\/p>\n<p><strong>Weingartenben <\/strong>10.00 \u00f3rakor a <em>14 Nothelfer Kapelle-<\/em>ben<em> szentmise<\/em>, ut\u00e1na a k\u00f6zeli temet\u0151ben <em>(Marienfriedhof)<\/em> im\u00e1dkozunk halottjaink\u00e9rt,<\/p>\n<p><strong>Balingenben <\/strong>16.00 \u00f3rakor <em>szentmise, <\/em>ut\u00e1na <em>agap\u00e9.<\/em><\/p>\n<p style=\"text-align: center;\"><span style=\"color: #ff6600;\"><strong>*<\/strong><\/span><\/p>\n<p><a href=\"https:\/\/stuttgarti-katolikusok.de\/wp-content\/uploads\/2020\/11\/ablak-szentek.jpg\"><img loading=\"lazy\" decoding=\"async\" class=\"alignnone size-full wp-image-20430\" src=\"https:\/\/stuttgarti-katolikusok.de\/wp-content\/uploads\/2020\/11\/ablak-szentek.jpg\" alt=\"\" width=\"640\" height=\"396\" srcset=\"https:\/\/stuttgarti-katolikusok.de\/wp-content\/uploads\/2020\/11\/ablak-szentek.jpg 640w, https:\/\/stuttgarti-katolikusok.de\/wp-content\/uploads\/2020\/11\/ablak-szentek-300x186.jpg 300w\" sizes=\"auto, (max-width: 640px) 100vw, 640px\" \/><\/a><\/p>\n<p style=\"text-align: center;\"><span style=\"color: #ff6600;\"><strong>*<\/strong><\/span><\/p>\n<p><a href=\"https:\/\/stuttgarti-katolikusok.de\/wp-content\/uploads\/2020\/10\/temeto.jpg\"><img loading=\"lazy\" decoding=\"async\" class=\"alignnone size-full wp-image-20378\" src=\"https:\/\/stuttgarti-katolikusok.de\/wp-content\/uploads\/2020\/10\/temeto.jpg\" alt=\"\" width=\"640\" height=\"285\" srcset=\"https:\/\/stuttgarti-katolikusok.de\/wp-content\/uploads\/2020\/10\/temeto.jpg 640w, https:\/\/stuttgarti-katolikusok.de\/wp-content\/uploads\/2020\/10\/temeto-300x134.jpg 300w\" sizes=\"auto, (max-width: 640px) 100vw, 640px\" \/><\/a><\/p>\n<p style=\"text-align: center;\"><span style=\"color: #800080;\"><strong>*<\/strong><\/span><\/p>\n<p><strong>November 2-\u00e1n<em>,<\/em><\/strong> vas\u00e1rnap<em>, <strong><span style=\"color: #800080;\">Halottak napja <\/span>&#8211;<span style=\"color: #008000;\"> \u00c9vk\u00f6zi 31. vas\u00e1rnap<\/span><\/strong>,<\/em><\/p>\n<p><strong>Schw\u00e4bisch-Gm\u00fcndben <\/strong>9.30 \u00f3rakor<em> szentmise,\u00a0<\/em>ut\u00e1na\u00a0<em>agap\u00e9.<\/em><\/p>\n<p><strong>Stuttgartban <\/strong><\/p>\n<p>15.00 \u00f3rakor<em> szentmise, gyermek-istentisztelet,<\/em><\/p>\n<p>16.30 \u00f3rakor a k\u00f6zelben l\u00e9v\u0151 temet\u0151be <em>(Gablenberger Friedhof)<\/em> l\u00e1togatunk ki, hogy halottjaink\u00e9rt im\u00e1dkozzunk.<\/p>\n<p style=\"text-align: center;\"><span style=\"color: #800080;\"><strong>*<\/strong><\/span><\/p>\n<p>Minden helyen mindenkit szeretettel v\u00e1r a k\u00f6z\u00f6ss\u00e9g \u00e9s Tibor atya!<\/p>\n<p style=\"text-align: center;\"><span style=\"color: #ff6600;\"><strong>*<\/strong><\/span><\/p>\n<p><span style=\"color: #008000;\"><strong><em>Bens\u0151s\u00e9ges \u0151szi napokat, j\u00f3 munk\u00e1t, tartalmas besz\u00e9lget\u00e9seket \u00e9s \u00f6r\u00f6mteli tal\u00e1lkoz\u00e1sokat k\u00edv\u00e1nunk minden Kedves H\u00edv\u00fcnknek!<\/em><\/strong><\/span><\/p>\n<p style=\"text-align: center;\"><span style=\"color: #ff6600;\"><strong>*<\/strong><\/span><\/p>\n<p><span style=\"color: #ff6600;\"><strong><em>\u201eA szent semmi m\u00e1s nem akar lenni, csak az isteni akarat puszta eszk\u00f6ze. Egyszer\u0171en ablak, amelyen kereszt\u00fcl Isten kegyelme a vil\u00e1gra ragyog.\u201d<\/em><\/strong><\/span> <em>(Thomas Merton \u2013 1915-1968 \u2013 trappista szerzetes, lelkis\u00e9gi \u00edr\u00f3, k\u00f6lt\u0151)<\/em><\/p>\n<p><em>(K\u00e9pek forr\u00e1sa: N\u00e9meti Gergely \u00e9s Pixabay)<\/em><\/p>\n","protected":false},"excerpt":{"rendered":"<p>Programel\u0151zetes * Okt\u00f3ber 31-\u00e9n,\u00a0p\u00e9nteken, Stuttgarti d\u00e9lut\u00e1n, 17.30 \u00f3rakor r\u00f3zsaf\u00fcz\u00e9rt im\u00e1dkozunk, ut\u00e1na 18.00 \u00f3rakor szentmise.\u00a0 * * November 1-j\u00e9n, szombaton, Mindenszentek \u00fcnnepe, Weingartenben 10.00 \u00f3rakor a 14 Nothelfer Kapelle-ben szentmise, ut\u00e1na a k\u00f6zeli temet\u0151ben (Marienfriedhof) im\u00e1dkozunk halottjaink\u00e9rt, Balingenben 16.00 \u00f3rakor szentmise, ut\u00e1na agap\u00e9. * * * November 2-\u00e1n, vas\u00e1rnap, Halottak napja &#8211; \u00c9vk\u00f6zi 31. vas\u00e1rnap, Schw\u00e4bisch-Gm\u00fcndben 9.30 \u00f3rakor szentmise,\u00a0ut\u00e1na\u00a0agap\u00e9. Stuttgartban 15.00 \u00f3rakor szentmise, gyermek-istentisztelet, 16.30 \u00f3rakor a k\u00f6zelben l\u00e9v\u0151 temet\u0151be (Gablenberger Friedhof) l\u00e1togatunk ki, hogy halottjaink\u00e9rt im\u00e1dkozzunk. * Minden helyen mindenkit szeretettel v\u00e1r a k\u00f6z\u00f6ss\u00e9g \u00e9s Tibor atya! * Bens\u0151s\u00e9ges \u0151szi napokat, j\u00f3 munk\u00e1t, tartalmas besz\u00e9lget\u00e9seket \u00e9s \u00f6r\u00f6mteli tal\u00e1lkoz\u00e1sokat k\u00edv\u00e1nunk minden Kedves H\u00edv\u00fcnknek! * \u201eA szent semmi m\u00e1s nem akar lenni, csak az isteni akarat puszta eszk\u00f6ze. Egyszer\u0171en ablak, amelyen kereszt\u00fcl Isten kegyelme a vil\u00e1gra ragyog.\u201d (Thomas Merton \u2013 1915-1968 \u2013 trappista szerzetes, lelkis\u00e9gi \u00edr\u00f3, k\u00f6lt\u0151) (K\u00e9pek forr\u00e1sa: N\u00e9meti Gergely \u00e9s Pixabay)<\/p>\n","protected":false},"author":3,"featured_media":31902,"comment_status":"closed","ping_status":"closed","sticky":false,"template":"","format":"standard","meta":{"footnotes":""},"categories":[37],"tags":[],"class_list":["post-31901","post","type-post","status-publish","format-standard","has-post-thumbnail","hentry","category-progamelozetes"],"yoast_head":"<!-- This site is optimized with the Yoast SEO plugin v27.3 - https:\/\/yoast.com\/product\/yoast-seo-wordpress\/ -->\n<title>2025. OKT\u00d3BER 27 \u00c9S NOVEMBER 2 K\u00d6Z\u00d6TT - Stuttgarti Katolikusok<\/title>\n<meta name=\"robots\" content=\"index, follow, max-snippet:-1, max-image-preview:large, max-video-preview:-1\" \/>\n<link rel=\"canonical\" href=\"https:\/\/stuttgarti-katolikusok.de\/index.php\/2025-oktober-27-es-november-2-kozott\/\" \/>\n<meta property=\"og:locale\" content=\"hu_HU\" \/>\n<meta property=\"og:type\" content=\"article\" \/>\n<meta property=\"og:title\" content=\"2025. OKT\u00d3BER 27 \u00c9S NOVEMBER 2 K\u00d6Z\u00d6TT - Stuttgarti Katolikusok\" \/>\n<meta property=\"og:description\" content=\"Programel\u0151zetes * Okt\u00f3ber 31-\u00e9n,\u00a0p\u00e9nteken, Stuttgarti d\u00e9lut\u00e1n, 17.30 \u00f3rakor r\u00f3zsaf\u00fcz\u00e9rt im\u00e1dkozunk, ut\u00e1na 18.00 \u00f3rakor szentmise.\u00a0 * * November 1-j\u00e9n, szombaton, Mindenszentek \u00fcnnepe, Weingartenben 10.00 \u00f3rakor a 14 Nothelfer Kapelle-ben szentmise, ut\u00e1na a k\u00f6zeli temet\u0151ben (Marienfriedhof) im\u00e1dkozunk halottjaink\u00e9rt, Balingenben 16.00 \u00f3rakor szentmise, ut\u00e1na agap\u00e9. * * * November 2-\u00e1n, vas\u00e1rnap, Halottak napja &#8211; \u00c9vk\u00f6zi 31. vas\u00e1rnap, Schw\u00e4bisch-Gm\u00fcndben 9.30 \u00f3rakor szentmise,\u00a0ut\u00e1na\u00a0agap\u00e9. Stuttgartban 15.00 \u00f3rakor szentmise, gyermek-istentisztelet, 16.30 \u00f3rakor a k\u00f6zelben l\u00e9v\u0151 temet\u0151be (Gablenberger Friedhof) l\u00e1togatunk ki, hogy halottjaink\u00e9rt im\u00e1dkozzunk. * Minden helyen mindenkit szeretettel v\u00e1r a k\u00f6z\u00f6ss\u00e9g \u00e9s Tibor atya! * Bens\u0151s\u00e9ges \u0151szi napokat, j\u00f3 munk\u00e1t, tartalmas besz\u00e9lget\u00e9seket \u00e9s \u00f6r\u00f6mteli tal\u00e1lkoz\u00e1sokat k\u00edv\u00e1nunk minden Kedves H\u00edv\u00fcnknek! * \u201eA szent semmi m\u00e1s nem akar lenni, csak az isteni akarat puszta eszk\u00f6ze. Egyszer\u0171en ablak, amelyen kereszt\u00fcl Isten kegyelme a vil\u00e1gra ragyog.\u201d (Thomas Merton \u2013 1915-1968 \u2013 trappista szerzetes, lelkis\u00e9gi \u00edr\u00f3, k\u00f6lt\u0151) (K\u00e9pek forr\u00e1sa: N\u00e9meti Gergely \u00e9s Pixabay)\" \/>\n<meta property=\"og:url\" content=\"https:\/\/stuttgarti-katolikusok.de\/index.php\/2025-oktober-27-es-november-2-kozott\/\" \/>\n<meta property=\"og:site_name\" content=\"Stuttgarti Katolikusok\" \/>\n<meta property=\"article:published_time\" content=\"2025-10-27T22:57:54+00:00\" \/>\n<meta property=\"article:modified_time\" content=\"2025-10-28T08:42:42+00:00\" \/>\n<meta property=\"og:image\" content=\"https:\/\/stuttgarti-katolikusok.de\/wp-content\/uploads\/2025\/10\/nemeti-gergely-osz.jpg\" \/>\n\t<meta property=\"og:image:width\" content=\"960\" \/>\n\t<meta property=\"og:image:height\" content=\"540\" \/>\n\t<meta property=\"og:image:type\" content=\"image\/jpeg\" \/>\n<meta name=\"author\" content=\"Tibor atya\" \/>\n<meta name=\"twitter:card\" content=\"summary_large_image\" \/>\n<meta name=\"twitter:label1\" content=\"Szerz\u0151:\" \/>\n\t<meta name=\"twitter:data1\" content=\"Tibor atya\" \/>\n\t<meta name=\"twitter:label2\" content=\"Becs\u00fclt olvas\u00e1si id\u0151\" \/>\n\t<meta name=\"twitter:data2\" content=\"2 perc\" \/>\n<script type=\"application\/ld+json\" class=\"yoast-schema-graph\">{\"@context\":\"https:\\\/\\\/schema.org\",\"@graph\":[{\"@type\":\"Article\",\"@id\":\"https:\\\/\\\/stuttgarti-katolikusok.de\\\/index.php\\\/2025-oktober-27-es-november-2-kozott\\\/#article\",\"isPartOf\":{\"@id\":\"https:\\\/\\\/stuttgarti-katolikusok.de\\\/index.php\\\/2025-oktober-27-es-november-2-kozott\\\/\"},\"author\":{\"name\":\"Tibor atya\",\"@id\":\"https:\\\/\\\/stuttgarti-katolikusok.de\\\/#\\\/schema\\\/person\\\/75908d6f8fdc03a57889d27209df7795\"},\"headline\":\"2025. OKT\u00d3BER 27 \u00c9S NOVEMBER 2 K\u00d6Z\u00d6TT\",\"datePublished\":\"2025-10-27T22:57:54+00:00\",\"dateModified\":\"2025-10-28T08:42:42+00:00\",\"mainEntityOfPage\":{\"@id\":\"https:\\\/\\\/stuttgarti-katolikusok.de\\\/index.php\\\/2025-oktober-27-es-november-2-kozott\\\/\"},\"wordCount\":188,\"image\":{\"@id\":\"https:\\\/\\\/stuttgarti-katolikusok.de\\\/index.php\\\/2025-oktober-27-es-november-2-kozott\\\/#primaryimage\"},\"thumbnailUrl\":\"https:\\\/\\\/stuttgarti-katolikusok.de\\\/wp-content\\\/uploads\\\/2025\\\/10\\\/nemeti-gergely-osz.jpg\",\"articleSection\":[\"Progamel\u0151zetes\"],\"inLanguage\":\"hu\"},{\"@type\":\"WebPage\",\"@id\":\"https:\\\/\\\/stuttgarti-katolikusok.de\\\/index.php\\\/2025-oktober-27-es-november-2-kozott\\\/\",\"url\":\"https:\\\/\\\/stuttgarti-katolikusok.de\\\/index.php\\\/2025-oktober-27-es-november-2-kozott\\\/\",\"name\":\"2025. OKT\u00d3BER 27 \u00c9S NOVEMBER 2 K\u00d6Z\u00d6TT - Stuttgarti Katolikusok\",\"isPartOf\":{\"@id\":\"https:\\\/\\\/stuttgarti-katolikusok.de\\\/#website\"},\"primaryImageOfPage\":{\"@id\":\"https:\\\/\\\/stuttgarti-katolikusok.de\\\/index.php\\\/2025-oktober-27-es-november-2-kozott\\\/#primaryimage\"},\"image\":{\"@id\":\"https:\\\/\\\/stuttgarti-katolikusok.de\\\/index.php\\\/2025-oktober-27-es-november-2-kozott\\\/#primaryimage\"},\"thumbnailUrl\":\"https:\\\/\\\/stuttgarti-katolikusok.de\\\/wp-content\\\/uploads\\\/2025\\\/10\\\/nemeti-gergely-osz.jpg\",\"datePublished\":\"2025-10-27T22:57:54+00:00\",\"dateModified\":\"2025-10-28T08:42:42+00:00\",\"author\":{\"@id\":\"https:\\\/\\\/stuttgarti-katolikusok.de\\\/#\\\/schema\\\/person\\\/75908d6f8fdc03a57889d27209df7795\"},\"breadcrumb\":{\"@id\":\"https:\\\/\\\/stuttgarti-katolikusok.de\\\/index.php\\\/2025-oktober-27-es-november-2-kozott\\\/#breadcrumb\"},\"inLanguage\":\"hu\",\"potentialAction\":[{\"@type\":\"ReadAction\",\"target\":[\"https:\\\/\\\/stuttgarti-katolikusok.de\\\/index.php\\\/2025-oktober-27-es-november-2-kozott\\\/\"]}]},{\"@type\":\"ImageObject\",\"inLanguage\":\"hu\",\"@id\":\"https:\\\/\\\/stuttgarti-katolikusok.de\\\/index.php\\\/2025-oktober-27-es-november-2-kozott\\\/#primaryimage\",\"url\":\"https:\\\/\\\/stuttgarti-katolikusok.de\\\/wp-content\\\/uploads\\\/2025\\\/10\\\/nemeti-gergely-osz.jpg\",\"contentUrl\":\"https:\\\/\\\/stuttgarti-katolikusok.de\\\/wp-content\\\/uploads\\\/2025\\\/10\\\/nemeti-gergely-osz.jpg\",\"width\":960,\"height\":540},{\"@type\":\"BreadcrumbList\",\"@id\":\"https:\\\/\\\/stuttgarti-katolikusok.de\\\/index.php\\\/2025-oktober-27-es-november-2-kozott\\\/#breadcrumb\",\"itemListElement\":[{\"@type\":\"ListItem\",\"position\":1,\"name\":\"Kezd\u0151lap\",\"item\":\"https:\\\/\\\/stuttgarti-katolikusok.de\\\/\"},{\"@type\":\"ListItem\",\"position\":2,\"name\":\"2025. OKT\u00d3BER 27 \u00c9S NOVEMBER 2 K\u00d6Z\u00d6TT\"}]},{\"@type\":\"WebSite\",\"@id\":\"https:\\\/\\\/stuttgarti-katolikusok.de\\\/#website\",\"url\":\"https:\\\/\\\/stuttgarti-katolikusok.de\\\/\",\"name\":\"Stuttgarti Katolikusok\",\"description\":\"\",\"potentialAction\":[{\"@type\":\"SearchAction\",\"target\":{\"@type\":\"EntryPoint\",\"urlTemplate\":\"https:\\\/\\\/stuttgarti-katolikusok.de\\\/?s={search_term_string}\"},\"query-input\":{\"@type\":\"PropertyValueSpecification\",\"valueRequired\":true,\"valueName\":\"search_term_string\"}}],\"inLanguage\":\"hu\"},{\"@type\":\"Person\",\"@id\":\"https:\\\/\\\/stuttgarti-katolikusok.de\\\/#\\\/schema\\\/person\\\/75908d6f8fdc03a57889d27209df7795\",\"name\":\"Tibor atya\",\"image\":{\"@type\":\"ImageObject\",\"inLanguage\":\"hu\",\"@id\":\"https:\\\/\\\/secure.gravatar.com\\\/avatar\\\/61d268e57d1f4525b111222e29d2d5a7f8c420fdbf231ba5566a8ceac74fa960?s=96&d=mm&r=g\",\"url\":\"https:\\\/\\\/secure.gravatar.com\\\/avatar\\\/61d268e57d1f4525b111222e29d2d5a7f8c420fdbf231ba5566a8ceac74fa960?s=96&d=mm&r=g\",\"contentUrl\":\"https:\\\/\\\/secure.gravatar.com\\\/avatar\\\/61d268e57d1f4525b111222e29d2d5a7f8c420fdbf231ba5566a8ceac74fa960?s=96&d=mm&r=g\",\"caption\":\"Tibor atya\"},\"url\":\"https:\\\/\\\/stuttgarti-katolikusok.de\\\/index.php\\\/author\\\/tibor-atya\\\/\"}]}<\/script>\n<!-- \/ Yoast SEO plugin. -->","yoast_head_json":{"title":"2025. OKT\u00d3BER 27 \u00c9S NOVEMBER 2 K\u00d6Z\u00d6TT - Stuttgarti Katolikusok","robots":{"index":"index","follow":"follow","max-snippet":"max-snippet:-1","max-image-preview":"max-image-preview:large","max-video-preview":"max-video-preview:-1"},"canonical":"https:\/\/stuttgarti-katolikusok.de\/index.php\/2025-oktober-27-es-november-2-kozott\/","og_locale":"hu_HU","og_type":"article","og_title":"2025. OKT\u00d3BER 27 \u00c9S NOVEMBER 2 K\u00d6Z\u00d6TT - Stuttgarti Katolikusok","og_description":"Programel\u0151zetes * Okt\u00f3ber 31-\u00e9n,\u00a0p\u00e9nteken, Stuttgarti d\u00e9lut\u00e1n, 17.30 \u00f3rakor r\u00f3zsaf\u00fcz\u00e9rt im\u00e1dkozunk, ut\u00e1na 18.00 \u00f3rakor szentmise.\u00a0 * * November 1-j\u00e9n, szombaton, Mindenszentek \u00fcnnepe, Weingartenben 10.00 \u00f3rakor a 14 Nothelfer Kapelle-ben szentmise, ut\u00e1na a k\u00f6zeli temet\u0151ben (Marienfriedhof) im\u00e1dkozunk halottjaink\u00e9rt, Balingenben 16.00 \u00f3rakor szentmise, ut\u00e1na agap\u00e9. * * * November 2-\u00e1n, vas\u00e1rnap, Halottak napja &#8211; \u00c9vk\u00f6zi 31. vas\u00e1rnap, Schw\u00e4bisch-Gm\u00fcndben 9.30 \u00f3rakor szentmise,\u00a0ut\u00e1na\u00a0agap\u00e9. Stuttgartban 15.00 \u00f3rakor szentmise, gyermek-istentisztelet, 16.30 \u00f3rakor a k\u00f6zelben l\u00e9v\u0151 temet\u0151be (Gablenberger Friedhof) l\u00e1togatunk ki, hogy halottjaink\u00e9rt im\u00e1dkozzunk. * Minden helyen mindenkit szeretettel v\u00e1r a k\u00f6z\u00f6ss\u00e9g \u00e9s Tibor atya! * Bens\u0151s\u00e9ges \u0151szi napokat, j\u00f3 munk\u00e1t, tartalmas besz\u00e9lget\u00e9seket \u00e9s \u00f6r\u00f6mteli tal\u00e1lkoz\u00e1sokat k\u00edv\u00e1nunk minden Kedves H\u00edv\u00fcnknek! * \u201eA szent semmi m\u00e1s nem akar lenni, csak az isteni akarat puszta eszk\u00f6ze. Egyszer\u0171en ablak, amelyen kereszt\u00fcl Isten kegyelme a vil\u00e1gra ragyog.\u201d (Thomas Merton \u2013 1915-1968 \u2013 trappista szerzetes, lelkis\u00e9gi \u00edr\u00f3, k\u00f6lt\u0151) (K\u00e9pek forr\u00e1sa: N\u00e9meti Gergely \u00e9s Pixabay)","og_url":"https:\/\/stuttgarti-katolikusok.de\/index.php\/2025-oktober-27-es-november-2-kozott\/","og_site_name":"Stuttgarti Katolikusok","article_published_time":"2025-10-27T22:57:54+00:00","article_modified_time":"2025-10-28T08:42:42+00:00","og_image":[{"width":960,"height":540,"url":"https:\/\/stuttgarti-katolikusok.de\/wp-content\/uploads\/2025\/10\/nemeti-gergely-osz.jpg","type":"image\/jpeg"}],"author":"Tibor atya","twitter_card":"summary_large_image","twitter_misc":{"Szerz\u0151:":"Tibor atya","Becs\u00fclt olvas\u00e1si id\u0151":"2 perc"},"schema":{"@context":"https:\/\/schema.org","@graph":[{"@type":"Article","@id":"https:\/\/stuttgarti-katolikusok.de\/index.php\/2025-oktober-27-es-november-2-kozott\/#article","isPartOf":{"@id":"https:\/\/stuttgarti-katolikusok.de\/index.php\/2025-oktober-27-es-november-2-kozott\/"},"author":{"name":"Tibor atya","@id":"https:\/\/stuttgarti-katolikusok.de\/#\/schema\/person\/75908d6f8fdc03a57889d27209df7795"},"headline":"2025. OKT\u00d3BER 27 \u00c9S NOVEMBER 2 K\u00d6Z\u00d6TT","datePublished":"2025-10-27T22:57:54+00:00","dateModified":"2025-10-28T08:42:42+00:00","mainEntityOfPage":{"@id":"https:\/\/stuttgarti-katolikusok.de\/index.php\/2025-oktober-27-es-november-2-kozott\/"},"wordCount":188,"image":{"@id":"https:\/\/stuttgarti-katolikusok.de\/index.php\/2025-oktober-27-es-november-2-kozott\/#primaryimage"},"thumbnailUrl":"https:\/\/stuttgarti-katolikusok.de\/wp-content\/uploads\/2025\/10\/nemeti-gergely-osz.jpg","articleSection":["Progamel\u0151zetes"],"inLanguage":"hu"},{"@type":"WebPage","@id":"https:\/\/stuttgarti-katolikusok.de\/index.php\/2025-oktober-27-es-november-2-kozott\/","url":"https:\/\/stuttgarti-katolikusok.de\/index.php\/2025-oktober-27-es-november-2-kozott\/","name":"2025. OKT\u00d3BER 27 \u00c9S NOVEMBER 2 K\u00d6Z\u00d6TT - Stuttgarti Katolikusok","isPartOf":{"@id":"https:\/\/stuttgarti-katolikusok.de\/#website"},"primaryImageOfPage":{"@id":"https:\/\/stuttgarti-katolikusok.de\/index.php\/2025-oktober-27-es-november-2-kozott\/#primaryimage"},"image":{"@id":"https:\/\/stuttgarti-katolikusok.de\/index.php\/2025-oktober-27-es-november-2-kozott\/#primaryimage"},"thumbnailUrl":"https:\/\/stuttgarti-katolikusok.de\/wp-content\/uploads\/2025\/10\/nemeti-gergely-osz.jpg","datePublished":"2025-10-27T22:57:54+00:00","dateModified":"2025-10-28T08:42:42+00:00","author":{"@id":"https:\/\/stuttgarti-katolikusok.de\/#\/schema\/person\/75908d6f8fdc03a57889d27209df7795"},"breadcrumb":{"@id":"https:\/\/stuttgarti-katolikusok.de\/index.php\/2025-oktober-27-es-november-2-kozott\/#breadcrumb"},"inLanguage":"hu","potentialAction":[{"@type":"ReadAction","target":["https:\/\/stuttgarti-katolikusok.de\/index.php\/2025-oktober-27-es-november-2-kozott\/"]}]},{"@type":"ImageObject","inLanguage":"hu","@id":"https:\/\/stuttgarti-katolikusok.de\/index.php\/2025-oktober-27-es-november-2-kozott\/#primaryimage","url":"https:\/\/stuttgarti-katolikusok.de\/wp-content\/uploads\/2025\/10\/nemeti-gergely-osz.jpg","contentUrl":"https:\/\/stuttgarti-katolikusok.de\/wp-content\/uploads\/2025\/10\/nemeti-gergely-osz.jpg","width":960,"height":540},{"@type":"BreadcrumbList","@id":"https:\/\/stuttgarti-katolikusok.de\/index.php\/2025-oktober-27-es-november-2-kozott\/#breadcrumb","itemListElement":[{"@type":"ListItem","position":1,"name":"Kezd\u0151lap","item":"https:\/\/stuttgarti-katolikusok.de\/"},{"@type":"ListItem","position":2,"name":"2025. OKT\u00d3BER 27 \u00c9S NOVEMBER 2 K\u00d6Z\u00d6TT"}]},{"@type":"WebSite","@id":"https:\/\/stuttgarti-katolikusok.de\/#website","url":"https:\/\/stuttgarti-katolikusok.de\/","name":"Stuttgarti Katolikusok","description":"","potentialAction":[{"@type":"SearchAction","target":{"@type":"EntryPoint","urlTemplate":"https:\/\/stuttgarti-katolikusok.de\/?s={search_term_string}"},"query-input":{"@type":"PropertyValueSpecification","valueRequired":true,"valueName":"search_term_string"}}],"inLanguage":"hu"},{"@type":"Person","@id":"https:\/\/stuttgarti-katolikusok.de\/#\/schema\/person\/75908d6f8fdc03a57889d27209df7795","name":"Tibor atya","image":{"@type":"ImageObject","inLanguage":"hu","@id":"https:\/\/secure.gravatar.com\/avatar\/61d268e57d1f4525b111222e29d2d5a7f8c420fdbf231ba5566a8ceac74fa960?s=96&d=mm&r=g","url":"https:\/\/secure.gravatar.com\/avatar\/61d268e57d1f4525b111222e29d2d5a7f8c420fdbf231ba5566a8ceac74fa960?s=96&d=mm&r=g","contentUrl":"https:\/\/secure.gravatar.com\/avatar\/61d268e57d1f4525b111222e29d2d5a7f8c420fdbf231ba5566a8ceac74fa960?s=96&d=mm&r=g","caption":"Tibor atya"},"url":"https:\/\/stuttgarti-katolikusok.de\/index.php\/author\/tibor-atya\/"}]}},"_links":{"self":[{"href":"https:\/\/stuttgarti-katolikusok.de\/index.php\/wp-json\/wp\/v2\/posts\/31901","targetHints":{"allow":["GET"]}}],"collection":[{"href":"https:\/\/stuttgarti-katolikusok.de\/index.php\/wp-json\/wp\/v2\/posts"}],"about":[{"href":"https:\/\/stuttgarti-katolikusok.de\/index.php\/wp-json\/wp\/v2\/types\/post"}],"author":[{"embeddable":true,"href":"https:\/\/stuttgarti-katolikusok.de\/index.php\/wp-json\/wp\/v2\/users\/3"}],"replies":[{"embeddable":true,"href":"https:\/\/stuttgarti-katolikusok.de\/index.php\/wp-json\/wp\/v2\/comments?post=31901"}],"version-history":[{"count":4,"href":"https:\/\/stuttgarti-katolikusok.de\/index.php\/wp-json\/wp\/v2\/posts\/31901\/revisions"}],"predecessor-version":[{"id":31917,"href":"https:\/\/stuttgarti-katolikusok.de\/index.php\/wp-json\/wp\/v2\/posts\/31901\/revisions\/31917"}],"wp:featuredmedia":[{"embeddable":true,"href":"https:\/\/stuttgarti-katolikusok.de\/index.php\/wp-json\/wp\/v2\/media\/31902"}],"wp:attachment":[{"href":"https:\/\/stuttgarti-katolikusok.de\/index.php\/wp-json\/wp\/v2\/media?parent=31901"}],"wp:term":[{"taxonomy":"category","embeddable":true,"href":"https:\/\/stuttgarti-katolikusok.de\/index.php\/wp-json\/wp\/v2\/categories?post=31901"},{"taxonomy":"post_tag","embeddable":true,"href":"https:\/\/stuttgarti-katolikusok.de\/index.php\/wp-json\/wp\/v2\/tags?post=31901"}],"curies":[{"name":"wp","href":"https:\/\/api.w.org\/{rel}","templated":true}]}}