{"id":31895,"date":"2025-10-25T01:19:08","date_gmt":"2025-10-24T23:19:08","guid":{"rendered":"https:\/\/stuttgarti-katolikusok.de\/?p=31895"},"modified":"2025-10-25T01:19:08","modified_gmt":"2025-10-24T23:19:08","slug":"evkozi-30-vasarnap-3","status":"publish","type":"post","link":"https:\/\/stuttgarti-katolikusok.de\/index.php\/evkozi-30-vasarnap-3\/","title":{"rendered":"\u00c9vk\u00f6zi 30. vas\u00e1rnap"},"content":{"rendered":"<p><span style=\"color: #ff6600;\"><em>Az \u00e9vk\u00f6zi 30. vas\u00e1rnap kezd\u0151\u00e9neke a h\u00edv\u0151 ember \u00f6r\u00f6k feladat\u00e1r\u00f3l sz\u00f3l: <strong>keresni \u00e9s r\u00e1tal\u00e1lni Istenre<\/strong>. A keres\u00e9s \u00e9s r\u00e1tal\u00e1l\u00e1s ny\u00fajtotta \u00f6r\u00f6m \u00e9s boldogs\u00e1g.<\/em><\/span><\/p>\n<p><span style=\"color: #ff6600;\"><em>A szentmise els\u0151 k\u00f6ny\u00f6rg\u00e9se az alapvet\u0151 isteni er\u00e9nyek &#8211;<strong> hit, rem\u00e9ny \u00e9s szeretet<\/strong> &#8211; fontoss\u00e1g\u00e1t, \u00e9let\u00fcnkben bet\u00f6lt\u00f6tt fontos szerep\u00e9t emeli ki. <\/em><\/span><\/p>\n<p><span style=\"color: #ff6600;\"><em>Mi emberek gyakorta szem\u00e9lyv\u00e1logat\u00f3k vagyunk, ellent\u00e9tben Istennel. Err\u0151l sz\u00f3l az els\u0151 olvasm\u00e1ny. \u0150 nagyra \u00e9rt\u00e9keli\u00a0 a szeg\u00e9nyek, az \u00e1rv\u00e1k \u00e9s bajban l\u00e9v\u0151k felemel\u00e9s\u00e9t. Az \u00dar nem k\u00e9slekedik! Nem m\u00e1s ez, mint a rem\u00e9ny \u00fczenete. Ezzel a rem\u00e9nnyel sz\u00edv\u00fcnkben akarunk \u00e9lni \u00e9let\u00fcnk minden napj\u00e1n. <\/em><\/span><\/p>\n<p><span style=\"color: #ff6600;\"><em>A v\u00e1laszos zsolt\u00e1r mintegy feler\u0151s\u00edti az els\u0151 olvasm\u00e1ny biztat\u00f3 \u00e9s b\u00e1tor\u00edt\u00f3 \u00fczenet\u00e9t. <\/em><\/span><\/p>\n<p><span style=\"color: #ff6600;\"><em>A szentleck\u00e9ben Szent P\u00e1l apostol mintegy visszatekint \u00e9let\u00e9re. \u00d6r\u00f6mmel nyugt\u00e1zza, hogy a j\u00f3 harcot megharcolta, a p\u00e1ly\u00e1t v\u00e9gig futotta, a hitet megtartotta. \u00c9ppen ez\u00e9t nincs oka az aggodalmaskod\u00e1sra. Er\u0151t a r\u00e1v\u00e1r\u00f3 jutalom elnyer\u00e9se ad. Sz\u00e1mot vet \u00e9let\u00e9vel, s r\u00e1 kell d\u00f6bbeni, hogy n\u00e9h\u00e1nyan, tal\u00e1n \u00e9ppen f\u00e9lelemb\u0151l, avagy sz\u00e1m\u00edtgat\u00e1sb\u00f3l, mag\u00e1ra hagyt\u00e1k. \u0150 azonban most is k\u00e9sz a megbocs\u00e1t\u00e1sra. <\/em><\/span><\/p>\n<p><span style=\"color: #ff6600;\"><em>Az evang\u00e9liumban J\u00e9zus ism\u00e9telten k\u00e9tf\u00e9le embert\u00edpust rajzol meg. A farizeus, aki mindent csup\u00e1n az\u00e9rt tesz, hogy m\u00e1sok elismer\u00e9s\u00e9t kicsikarja. Ezzel szemben ott van a m\u00e1sok \u00e1ltal f\u00e9lt, de megvetett b\u0171n\u00f6s v\u00e1mos. Tiszt\u00e1ban van korl\u00e1taival, m\u00faltj\u00e1nak b\u0171n\u00f6s cselekedeteivel. Csendess\u00e9ge \u00e9s szer\u00e9nys\u00e9ge egyfajta beismer\u00e9s is. Nem magyar\u00e1zkodik, nem is akar jobb sz\u00ednben felt\u0171nni.\u00a0 Irgalmazz nekem, b\u0171n\u00f6snek! &#8211; hangzik k\u00e9r\u00e9se. \u0150szintes\u00e9ge \u00e9s al\u00e1zata jutalma a megigazul\u00e1s, azaz az \u00fcdv\u00f6ss\u00e9g.\u00a0<\/em><\/span><\/p>\n<p><span style=\"color: #008000;\">Kezd\u0151\u00e9nek:<\/span><br \/>\nAz Urat keres\u0151 sz\u00edvek \u00f6rvendezzenek! Keress\u00e9tek az Urat \u00e9s er\u0151re kaptok, keress\u00e9tek arc\u00e1t sz\u00fcntelen! (V\u00f6. Zsolt 104,3-4)<\/p>\n<p><span style=\"color: #008000;\">K\u00f6ny\u00f6rg\u00e9s:<\/span><br \/>\nMindenhat\u00f3, \u00f6r\u00f6k Isten, n\u00f6veld benn\u00fcnk a hitet, a rem\u00e9nyt \u00e9s a szeretetet. Add, hogy szeress\u00fck, amit parancsolsz, \u00e9s seg\u00edts, hogy elnyerj\u00fck, amit \u00edg\u00e9rsz. A mi Urunk, J\u00e9zus Krisztus, a te Fiad \u00e1ltal, aki veled \u00e9l \u00e9s uralkodik a Szentl\u00e9lekkel egys\u00e9gben, Isten mind\u00f6r\u00f6kk\u00f6n \u00f6r\u00f6kk\u00e9.<\/p>\n<p><span style=\"color: #008000;\">OLVASM\u00c1NY Sir\u00e1k fia k\u00f6nyv\u00e9b\u0151l (Sir 35,15b-17.20-22a)<\/span><br \/>\n<em>Az al<\/em><em>\u00e1zatos ember im<\/em><em>\u00e1j<\/em><em>\u00e1t meghallgatja Isten.<\/em><br \/>\nAz \u00dar igaz b\u00edr\u00f3: nem n\u00e9zi az ember szem\u00e9ly\u00e9t, nem r\u00e9szrehajl\u00f3 a szeg\u00e9ny k\u00e1r\u00e1ra; s meghallgatja azt, aki a balsorsban k\u00e9ri \u0151t.<br \/>\nNem utas\u00edtja el az \u00e1rv\u00e1k k\u00f6ny\u00f6rg\u00e9s\u00e9t, sem az \u00f6zvegyet, ha tele van panasszal. Aki sz\u00edvb\u0151l szolg\u00e1lja, azt elfogadja az \u00dar, az ilyenek im\u00e1ds\u00e1ga a felh\u0151kig hatol. A nyomorg\u00f3k jajszava \u00e1thatol a felh\u0151k\u00f6n, \u00e9s nem csendes\u00fcl, m\u00edg el nem \u00e9ri c\u00e9lj\u00e1t. Nem t\u00e1g\u00edt, am\u00edg r\u00e1 nem tekint a F\u00f6ls\u00e9ges, \u00e9s m\u00edg nem szolg\u00e1ltat neki igazs\u00e1got. \u00c9s az \u00dar nem k\u00e9slekedik.<br \/>\nEz az Isten ig\u00e9je.<\/p>\n<p><span style=\"color: #008000;\">V\u00c1LASZOS ZSOLT\u00c1R (Zsolt 33,2-3.17-18.19 \u00e9s 23)<\/span><br \/>\nV\u00e1lasz:\u00a0<strong>A szeg<\/strong><strong>\u00e9ny felki<\/strong><strong>\u00e1ltott az Istenhez, * <\/strong><strong>\u00e9s Isten meghallgatta <\/strong><strong>\u0151t.<\/strong>\u00a0V\u00f6. 7a. vers. (4. g t\u00f3nus)<br \/>\nEl\u0151\u00e9nekes: Minden id\u0151ben \u00e1ldom az Urat, * dics\u00e9ret\u00e9t sz\u00fcntelen\u00fcl zengi ajkam.<br \/>\nLelkem az \u00darban dicsekszik, * hallj\u00e1k meg a szel\u00eddek \u00e9s \u00f6rvendezzenek.<br \/>\nH\u00edvek: A szeg\u00e9ny felki\u00e1ltott az Istenhez, * \u00e9s Isten meghallgatta \u0151t.<br \/>\nE: Az \u00dar arc\u00e1t a gonoszok ellen ford\u00edtja, * eml\u00e9k\u00fcket is elt\u00f6rli a f\u00f6ldr\u0151l.<br \/>\nKi\u00e1ltottak az igazak, \u00e9s az \u00dar meghallgatta \u0151ket, * \u00e9s minden szorongat\u00e1sb\u00f3l megszabadultak.<br \/>\nH: A szeg\u00e9ny felki\u00e1ltott az Istenhez, * \u00e9s Isten meghallgatta \u0151t.<br \/>\nE: K\u00f6zel van az \u00dar azokhoz, kik t\u00f6redelmes sz\u00edv\u0171ek, * \u00e9s szabadul\u00e1st hoz a megt\u00f6rt lelkeknek.<br \/>\nAz \u00dar megv\u00e1ltja szolg\u00e1inak lelk\u00e9t, * \u00e9s nem b\u0171nh\u0151dnek, kik \u0151benne b\u00edznak.<br \/>\nH: A szeg\u00e9ny felki\u00e1ltott az Istenhez, * \u00e9s Isten meghallgatta \u0151t.<\/p>\n<p><span style=\"color: #008000;\">SZENTLECKE Szent P\u00e1l apostolnak Tim\u00f3teushoz \u00edrt m\u00e1sodik level\u00e9b\u0151l (2Tim 4,6-8.16-18)<\/span><br \/>\n<em>Aki h<\/em><em>\u0171s<\/em><em>\u00e9gesen harcol hit<\/em><em>\u00e9\u00e9rt, elnyeri az <\/em><em>\u00f6r<\/em><em>\u00f6k <\/em><em>\u00e9let koron<\/em><em>\u00e1j<\/em><em>\u00e1t.<\/em><br \/>\nSzeretett Fiam!<br \/>\nAz \u00e9n v\u00e9remet nemsok\u00e1ra kiontj\u00e1k \u00e1ldozatul. Elt\u00e1voz\u00e1som ideje k\u00f6zel van. A j\u00f3 harcot megharcoltam, a p\u00e1ly\u00e1t v\u00e9gigfutottam, a hitet megtartottam.<br \/>\nK\u00e9szen v\u00e1r r\u00e1m az igazs\u00e1g gy\u0151zelmi koszor\u00faja, amelyet az \u00dar, az igazs\u00e1gos B\u00edr\u00f3 megad nekem azon a napon. De nemcsak nekem, hanem mindenkinek, aki \u00f6r\u00f6mmel v\u00e1rja az \u0151 elj\u00f6vetel\u00e9t.<br \/>\nEls\u0151 v\u00e9dekez\u00e9sem alkalm\u00e1val senki sem \u00e1llt p\u00e1rtomra, mindenki cserbenhagyott. Ne sz\u00e1m\u00edtson nekik b\u0171n\u00fcl!<br \/>\n\u00c1m az \u00dar mell\u00e9m \u00e1llt, \u00e9s er\u0151t \u00f6nt\u00f6tt bel\u00e9m, hogy befejezzem az evang\u00e9lium hirdet\u00e9s\u00e9t, \u00e9s tudom\u00e1st szerezzen r\u00f3la minden pog\u00e1ny. \u00cdgy megmenek\u00fcltem az oroszl\u00e1n tork\u00e1b\u00f3l.<br \/>\nS\u0151t, az \u00dar ezut\u00e1n is megszabad\u00edt minden gonosz cselvet\u00e9st\u0151l, \u00e9s \u00e1tment mennyei orsz\u00e1g\u00e1ba. Dics\u0151s\u00e9g legyen neki mind\u00f6r\u00f6kk\u00e9! \u00c1men.<br \/>\nEz az Isten ig\u00e9je.<\/p>\n<p><span style=\"color: #008000;\">ALLELUJA<\/span><br \/>\nIsten Krisztusban kiengesztel\u0151d\u00f6tt a vil\u00e1ggal, * \u00e9s r\u00e1nk b\u00edzta a kiengesztel\u0151d\u00e9s ig\u00e9it. 2Kor 5,19 \u2013 4g. t\u00f3nus.<\/p>\n<p><span style=\"color: #008000;\">\u2020 EVANG\u00c9LIUM Szent Luk\u00e1cs k\u00f6nyv\u00e9b\u0151l (Lk 18,9-14)<\/span><br \/>\n<em>Aki mag<\/em><em>\u00e1t megal<\/em><em>\u00e1zza, azt dics<\/em><em>\u0151s<\/em><em>\u00e9gre emelik.<\/em><br \/>\nAbban az id\u0151ben:<br \/>\nAz elbizakodottaknak, akik magukat igaznak tartott\u00e1k, m\u00e1sokat pedig megvetettek, J\u00e9zus ezt a p\u00e9ldabesz\u00e9det mondta:<br \/>\n\u201eK\u00e9t ember f\u00f6lment a templomba im\u00e1dkozni, az egyik farizeus volt, a m\u00e1sik v\u00e1mos.<br \/>\nA farizeus meg\u00e1llt, \u00e9s \u00edgy im\u00e1dkozott mag\u00e1ban: \u00bbIstenem, h\u00e1l\u00e1t adok neked, hogy nem vagyok olyan, mint a t\u00f6bbi ember, rabl\u00f3, igazs\u00e1gtalan, h\u00e1zass\u00e1gt\u00f6r\u0151, mint ez a v\u00e1mos is. K\u00e9tszer b\u00f6jt\u00f6l\u00f6k hetenk\u00e9nt, \u00e9s tizedet adok mindenb\u0151l, amim van.\u00ab<br \/>\nA v\u00e1mos pedig t\u00e1volabb \u00e1llt meg, \u00e9s a szem\u00e9t sem merte az \u00e9gre emelni, hanem a mell\u00e9t verve \u00edgy sz\u00f3lt: \u00bbIstenem, l\u00e9gy irgalmas nekem b\u0171n\u00f6snek.\u00ab<br \/>\nMondom nektek, hogy ez megigazultan ment haza, amaz viszont nem. Mert mindazt, aki mag\u00e1t felmagasztalja, megal\u00e1zz\u00e1k, aki pedig megal\u00e1zza mag\u00e1t, azt felmagasztalj\u00e1k.\u201d<br \/>\nEzek az evang\u00e9lium ig\u00e9i.<\/p>\n<p><span style=\"color: #008000;\">EGYETEMES K\u00d6NY\u00d6RG\u00c9SEK<\/span><br \/>\nPap: Testv\u00e9reim! Isten sz\u00edvesen hallgatja az al\u00e1zatos lelkek im\u00e1ds\u00e1g\u00e1t. Forduljunk teh\u00e1t hozz\u00e1 m\u00e9ltatlans\u00e1gunk \u00e9s v\u00e9tkeink tudat\u00e1ban!<br \/>\nLektor: 1. Isten\u00fcnk, ismerje el a vil\u00e1g, hogy egyed\u00fcl te vagy a Szent, te vagy az \u00dar, te vagy az egyetlen F\u00f6ls\u00e9g!<br \/>\nH\u00edvek: K\u00e9r\u00fcnk t\u00e9ged, hallgass meg minket!<br \/>\n2. F\u0151p\u00e1sztoraink \u00e9s papjaink szeretettel foglalkozzanak a legnagyobb b\u0171n\u00f6ssel is, \u00e9s becs\u00fclj\u00e9k meg benne az Isten k\u00e9p\u00e9re alkotott embert!<br \/>\nH\u00edvek: K\u00e9r\u00fcnk t\u00e9ged . . .<br \/>\n3. A feh\u00e9r emberek \u00e9s a sz\u00ednes b\u0151r\u0171ek testv\u00e9rt l\u00e1ssanak egym\u00e1sban; a m\u0171veltebb n\u00e9pek pedig ne vess\u00e9k meg a m\u00e9g elmaradottakat!<br \/>\nH\u00edvek: K\u00e9r\u00fcnk t\u00e9ged . . .<br \/>\n4. Templomainkban mindig m\u00e9lys\u00e9ges al\u00e1zattal \u00e9s t\u00f6redelmes b\u0171nb\u00e1nattal j\u00e1ruljunk isteni sz\u00edned el\u00e9!<br \/>\nH\u00edvek: K\u00e9r\u00fcnk t\u00e9ged . . .<br \/>\n5. Egyh\u00e1zk\u00f6zs\u00e9g\u00fcnk tagjai j\u00f3 sz\u00edvvel teljes\u00edts\u00e9k, amit az Egyh\u00e1z k\u00e9r t\u0151l\u00fck, de emiatt ne tarts\u00e1k magukat m\u00e1sokn\u00e1l k\u00fcl\u00f6nbnek!<br \/>\nH\u00edvek: K\u00e9r\u00fcnk t\u00e9ged . . .<br \/>\nPap: Teremt\u0151 Isten\u00fcnk, minden j\u00f3 t\u0151led sz\u00e1rmazik. Mi \u00f6nmagunkt\u00f3l semmi vagyunk. M\u00e9ltatlanok vagyunk arra, hogy t\u00e9ged Aty\u00e1nknak nevezz\u00fcnk, ez\u00e9rt h\u00e1l\u00e1san k\u00f6sz\u00f6nj\u00fck neked, hogy m\u00e9gis magadhoz emelsz minket. Krisztus, a mi Urunk \u00e1ltal.<br \/>\nH\u00edvek: \u00c1men.<\/p>\n<p><span style=\"color: #008000;\">Felaj\u00e1nl\u00f3 k\u00f6ny\u00f6rg\u00e9s:<\/span><br \/>\nK\u00e9r\u00fcnk, Urunk, Isten\u00fcnk, fogadd sz\u00edvesen \u00e1ldozati adom\u00e1nyainkat, amelyeket F\u00f6ls\u00e9gednek felaj\u00e1nlunk, hogy szolg\u00e1latunk egyre nagyobb dics\u0151s\u00e9gedre v\u00e1lj\u00e9k. Krisztus, a mi Urunk \u00e1ltal.<\/p>\n<p><span style=\"color: #008000;\">Pref\u00e1ci\u00f3:<\/span><br \/>\nMert val\u00f3ban m\u00e9lt\u00f3 \u00e9s igazs\u00e1gos, ill\u0151 \u00e9s \u00fcdv\u00f6s, hogy mindig \u00e9s minden\u00fctt h\u00e1l\u00e1t adjunk n\u00e9ked, mi Urunk, szents\u00e9ges Aty\u00e1nk, mindenhat\u00f3, \u00f6r\u00f6k Isten:<br \/>\nMert benned \u00e9l\u00fcnk, mozgunk \u00e9s vagyunk, \u00e9s f\u00f6ldi \u00e9let\u00fcnkben nemcsak j\u00f3s\u00e1godat tapasztaljuk napr\u00f3l napra, hanem megkaptuk T\u0151led az \u00f6r\u00f6k \u00e9let z\u00e1log\u00e1t.<br \/>\nA Szentl\u00e9lek ugyanis, aki \u00e9letre keltette a hal\u00e1lb\u00f3l J\u00e9zust, m\u00e1r elkezdte isteni m\u0171k\u00f6d\u00e9s\u00e9t lelk\u00fcnkben, \u00edgy rem\u00e9lj\u00fck, hogy a h\u00fasv\u00e9t szent titk\u00e1ban \u00e1lland\u00f3an r\u00e9szes\u00edt minket.<br \/>\n\u00c9s ez\u00e9rt mi is dics\u0151\u00edt\u00fcnk az \u00f6sszes angyalokkal egy\u00fctt, vid\u00e1m l\u00e9lekkel \u00e9nekl\u00fcnk, \u00e9s h\u00e1l\u00e1s sz\u00edvvel zengj\u00fck:<\/p>\n<p><span style=\"color: #008000;\">\u00c1ldoz\u00e1si \u00e9nek:<\/span><br \/>\nVigadjunk szabad\u00edt\u00e1sodban, \u00e9s Isten\u00fcnk nev\u00e9ben a mi dics\u0151s\u00e9g\u00fcnk. (V\u00f6. Zsolt 19,6)<br \/>\n<span style=\"color: #008000;\"><em>vagy<\/em><\/span><br \/>\nKrisztus szeretett minket, \u00e9s odaadta mag\u00e1t \u00e9rt\u00fcnk j\u00f3 illat\u00fa \u00e1ldozati adom\u00e1nyk\u00e9nt az Istennek. (Ef 5,2)<\/p>\n<p><span style=\"color: #008000;\">\u00c1ldoz\u00e1s ut\u00e1ni k\u00f6ny\u00f6rg\u00e9s:<\/span><br \/>\nK\u00e9r\u00fcnk, Urunk, Isten\u00fcnk, m\u0171k\u00f6dj\u00e9k hat\u00e9konyan benn\u00fcnk a szent\u00e1ldoz\u00e1s kegyelme, hogy amit most a szent sz\u00ednek alatt magunkhoz vett\u00fcnk, azt a maga teljes val\u00f3s\u00e1g\u00e1ban is elnyerj\u00fck. Krisztus, a mi Urunk \u00e1ltal.<\/p>\n","protected":false},"excerpt":{"rendered":"<p>Az \u00e9vk\u00f6zi 30. vas\u00e1rnap kezd\u0151\u00e9neke a h\u00edv\u0151 ember \u00f6r\u00f6k feladat\u00e1r\u00f3l sz\u00f3l: keresni \u00e9s r\u00e1tal\u00e1lni Istenre. A keres\u00e9s \u00e9s r\u00e1tal\u00e1l\u00e1s ny\u00fajtotta \u00f6r\u00f6m \u00e9s boldogs\u00e1g. A szentmise els\u0151 k\u00f6ny\u00f6rg\u00e9se az alapvet\u0151 isteni er\u00e9nyek &#8211; hit, rem\u00e9ny \u00e9s szeretet &#8211; fontoss\u00e1g\u00e1t, \u00e9let\u00fcnkben bet\u00f6lt\u00f6tt fontos szerep\u00e9t emeli ki. Mi emberek gyakorta szem\u00e9lyv\u00e1logat\u00f3k vagyunk, ellent\u00e9tben Istennel. Err\u0151l sz\u00f3l az els\u0151 olvasm\u00e1ny. \u0150 nagyra \u00e9rt\u00e9keli\u00a0 a szeg\u00e9nyek, az \u00e1rv\u00e1k \u00e9s bajban l\u00e9v\u0151k felemel\u00e9s\u00e9t. Az \u00dar nem k\u00e9slekedik! Nem m\u00e1s ez, mint a rem\u00e9ny \u00fczenete. Ezzel a rem\u00e9nnyel sz\u00edv\u00fcnkben akarunk \u00e9lni \u00e9let\u00fcnk minden napj\u00e1n. A v\u00e1laszos zsolt\u00e1r mintegy feler\u0151s\u00edti az els\u0151 olvasm\u00e1ny biztat\u00f3 \u00e9s b\u00e1tor\u00edt\u00f3 \u00fczenet\u00e9t. A szentleck\u00e9ben Szent P\u00e1l apostol mintegy visszatekint \u00e9let\u00e9re. \u00d6r\u00f6mmel nyugt\u00e1zza, hogy a j\u00f3 harcot megharcolta, a p\u00e1ly\u00e1t v\u00e9gig futotta, a hitet megtartotta. \u00c9ppen ez\u00e9t nincs oka az aggodalmaskod\u00e1sra. Er\u0151t a r\u00e1v\u00e1r\u00f3 jutalom elnyer\u00e9se ad. Sz\u00e1mot vet \u00e9let\u00e9vel, s r\u00e1 kell d\u00f6bbeni, hogy n\u00e9h\u00e1nyan, tal\u00e1n \u00e9ppen f\u00e9lelemb\u0151l, avagy sz\u00e1m\u00edtgat\u00e1sb\u00f3l, mag\u00e1ra hagyt\u00e1k. \u0150 azonban most is k\u00e9sz a megbocs\u00e1t\u00e1sra. Az evang\u00e9liumban J\u00e9zus ism\u00e9telten k\u00e9tf\u00e9le embert\u00edpust rajzol meg. A farizeus, aki mindent csup\u00e1n az\u00e9rt tesz, hogy m\u00e1sok elismer\u00e9s\u00e9t kicsikarja. Ezzel szemben ott van a m\u00e1sok \u00e1ltal f\u00e9lt, de megvetett b\u0171n\u00f6s v\u00e1mos. Tiszt\u00e1ban van korl\u00e1taival, m\u00faltj\u00e1nak b\u0171n\u00f6s cselekedeteivel. Csendess\u00e9ge \u00e9s szer\u00e9nys\u00e9ge egyfajta beismer\u00e9s is. Nem magyar\u00e1zkodik, nem is akar jobb sz\u00ednben felt\u0171nni.\u00a0 Irgalmazz nekem, b\u0171n\u00f6snek! &#8211; hangzik k\u00e9r\u00e9se. \u0150szintes\u00e9ge \u00e9s al\u00e1zata jutalma a megigazul\u00e1s, azaz az \u00fcdv\u00f6ss\u00e9g.\u00a0 Kezd\u0151\u00e9nek: Az Urat keres\u0151 sz\u00edvek \u00f6rvendezzenek! Keress\u00e9tek az Urat \u00e9s er\u0151re kaptok, keress\u00e9tek arc\u00e1t sz\u00fcntelen! (V\u00f6. Zsolt 104,3-4) K\u00f6ny\u00f6rg\u00e9s: Mindenhat\u00f3, \u00f6r\u00f6k Isten, n\u00f6veld benn\u00fcnk a hitet, a rem\u00e9nyt \u00e9s a szeretetet. Add, hogy szeress\u00fck, amit parancsolsz, \u00e9s seg\u00edts, hogy elnyerj\u00fck, amit \u00edg\u00e9rsz. A mi Urunk, J\u00e9zus Krisztus, a te Fiad \u00e1ltal, aki veled \u00e9l \u00e9s uralkodik a Szentl\u00e9lekkel egys\u00e9gben, Isten mind\u00f6r\u00f6kk\u00f6n \u00f6r\u00f6kk\u00e9. OLVASM\u00c1NY Sir\u00e1k fia k\u00f6nyv\u00e9b\u0151l (Sir 35,15b-17.20-22a) Az al\u00e1zatos ember im\u00e1j\u00e1t meghallgatja Isten. Az \u00dar igaz b\u00edr\u00f3:&#8230; <\/p>\n<p><a class=\"readmore\" href=\"https:\/\/stuttgarti-katolikusok.de\/index.php\/evkozi-30-vasarnap-3\/\">R\u00e9szletek<\/a><\/p>\n","protected":false},"author":3,"featured_media":29595,"comment_status":"closed","ping_status":"closed","sticky":false,"template":"","format":"standard","meta":{"footnotes":""},"categories":[85,63],"tags":[],"class_list":["post-31895","post","type-post","status-publish","format-standard","has-post-thumbnail","hentry","category-a-liturgia-olvasmanyai","category-vasarnapi-gondolatok"],"yoast_head":"<!-- This site is optimized with the Yoast SEO plugin v27.3 - https:\/\/yoast.com\/product\/yoast-seo-wordpress\/ -->\n<title>\u00c9vk\u00f6zi 30. vas\u00e1rnap - Stuttgarti Katolikusok<\/title>\n<meta name=\"robots\" content=\"index, follow, max-snippet:-1, max-image-preview:large, max-video-preview:-1\" \/>\n<link rel=\"canonical\" href=\"https:\/\/stuttgarti-katolikusok.de\/index.php\/evkozi-30-vasarnap-3\/\" \/>\n<meta property=\"og:locale\" content=\"hu_HU\" \/>\n<meta property=\"og:type\" content=\"article\" \/>\n<meta property=\"og:title\" content=\"\u00c9vk\u00f6zi 30. vas\u00e1rnap - Stuttgarti Katolikusok\" \/>\n<meta property=\"og:description\" content=\"Az \u00e9vk\u00f6zi 30. vas\u00e1rnap kezd\u0151\u00e9neke a h\u00edv\u0151 ember \u00f6r\u00f6k feladat\u00e1r\u00f3l sz\u00f3l: keresni \u00e9s r\u00e1tal\u00e1lni Istenre. A keres\u00e9s \u00e9s r\u00e1tal\u00e1l\u00e1s ny\u00fajtotta \u00f6r\u00f6m \u00e9s boldogs\u00e1g. A szentmise els\u0151 k\u00f6ny\u00f6rg\u00e9se az alapvet\u0151 isteni er\u00e9nyek &#8211; hit, rem\u00e9ny \u00e9s szeretet &#8211; fontoss\u00e1g\u00e1t, \u00e9let\u00fcnkben bet\u00f6lt\u00f6tt fontos szerep\u00e9t emeli ki. Mi emberek gyakorta szem\u00e9lyv\u00e1logat\u00f3k vagyunk, ellent\u00e9tben Istennel. Err\u0151l sz\u00f3l az els\u0151 olvasm\u00e1ny. \u0150 nagyra \u00e9rt\u00e9keli\u00a0 a szeg\u00e9nyek, az \u00e1rv\u00e1k \u00e9s bajban l\u00e9v\u0151k felemel\u00e9s\u00e9t. Az \u00dar nem k\u00e9slekedik! Nem m\u00e1s ez, mint a rem\u00e9ny \u00fczenete. Ezzel a rem\u00e9nnyel sz\u00edv\u00fcnkben akarunk \u00e9lni \u00e9let\u00fcnk minden napj\u00e1n. A v\u00e1laszos zsolt\u00e1r mintegy feler\u0151s\u00edti az els\u0151 olvasm\u00e1ny biztat\u00f3 \u00e9s b\u00e1tor\u00edt\u00f3 \u00fczenet\u00e9t. A szentleck\u00e9ben Szent P\u00e1l apostol mintegy visszatekint \u00e9let\u00e9re. \u00d6r\u00f6mmel nyugt\u00e1zza, hogy a j\u00f3 harcot megharcolta, a p\u00e1ly\u00e1t v\u00e9gig futotta, a hitet megtartotta. \u00c9ppen ez\u00e9t nincs oka az aggodalmaskod\u00e1sra. Er\u0151t a r\u00e1v\u00e1r\u00f3 jutalom elnyer\u00e9se ad. Sz\u00e1mot vet \u00e9let\u00e9vel, s r\u00e1 kell d\u00f6bbeni, hogy n\u00e9h\u00e1nyan, tal\u00e1n \u00e9ppen f\u00e9lelemb\u0151l, avagy sz\u00e1m\u00edtgat\u00e1sb\u00f3l, mag\u00e1ra hagyt\u00e1k. \u0150 azonban most is k\u00e9sz a megbocs\u00e1t\u00e1sra. Az evang\u00e9liumban J\u00e9zus ism\u00e9telten k\u00e9tf\u00e9le embert\u00edpust rajzol meg. A farizeus, aki mindent csup\u00e1n az\u00e9rt tesz, hogy m\u00e1sok elismer\u00e9s\u00e9t kicsikarja. Ezzel szemben ott van a m\u00e1sok \u00e1ltal f\u00e9lt, de megvetett b\u0171n\u00f6s v\u00e1mos. Tiszt\u00e1ban van korl\u00e1taival, m\u00faltj\u00e1nak b\u0171n\u00f6s cselekedeteivel. Csendess\u00e9ge \u00e9s szer\u00e9nys\u00e9ge egyfajta beismer\u00e9s is. Nem magyar\u00e1zkodik, nem is akar jobb sz\u00ednben felt\u0171nni.\u00a0 Irgalmazz nekem, b\u0171n\u00f6snek! &#8211; hangzik k\u00e9r\u00e9se. \u0150szintes\u00e9ge \u00e9s al\u00e1zata jutalma a megigazul\u00e1s, azaz az \u00fcdv\u00f6ss\u00e9g.\u00a0 Kezd\u0151\u00e9nek: Az Urat keres\u0151 sz\u00edvek \u00f6rvendezzenek! Keress\u00e9tek az Urat \u00e9s er\u0151re kaptok, keress\u00e9tek arc\u00e1t sz\u00fcntelen! (V\u00f6. Zsolt 104,3-4) K\u00f6ny\u00f6rg\u00e9s: Mindenhat\u00f3, \u00f6r\u00f6k Isten, n\u00f6veld benn\u00fcnk a hitet, a rem\u00e9nyt \u00e9s a szeretetet. Add, hogy szeress\u00fck, amit parancsolsz, \u00e9s seg\u00edts, hogy elnyerj\u00fck, amit \u00edg\u00e9rsz. A mi Urunk, J\u00e9zus Krisztus, a te Fiad \u00e1ltal, aki veled \u00e9l \u00e9s uralkodik a Szentl\u00e9lekkel egys\u00e9gben, Isten mind\u00f6r\u00f6kk\u00f6n \u00f6r\u00f6kk\u00e9. OLVASM\u00c1NY Sir\u00e1k fia k\u00f6nyv\u00e9b\u0151l (Sir 35,15b-17.20-22a) Az al\u00e1zatos ember im\u00e1j\u00e1t meghallgatja Isten. Az \u00dar igaz b\u00edr\u00f3:... R\u00e9szletek\" \/>\n<meta property=\"og:url\" content=\"https:\/\/stuttgarti-katolikusok.de\/index.php\/evkozi-30-vasarnap-3\/\" \/>\n<meta property=\"og:site_name\" content=\"Stuttgarti Katolikusok\" \/>\n<meta property=\"article:published_time\" content=\"2025-10-24T23:19:08+00:00\" \/>\n<meta property=\"og:image\" content=\"https:\/\/stuttgarti-katolikusok.de\/wp-content\/uploads\/2024\/10\/ng12.jpg\" \/>\n\t<meta property=\"og:image:width\" content=\"2048\" \/>\n\t<meta property=\"og:image:height\" content=\"1365\" \/>\n\t<meta property=\"og:image:type\" content=\"image\/jpeg\" \/>\n<meta name=\"author\" content=\"Tibor atya\" \/>\n<meta name=\"twitter:card\" content=\"summary_large_image\" \/>\n<meta name=\"twitter:label1\" content=\"Szerz\u0151:\" \/>\n\t<meta name=\"twitter:data1\" content=\"Tibor atya\" \/>\n\t<meta name=\"twitter:label2\" content=\"Becs\u00fclt olvas\u00e1si id\u0151\" \/>\n\t<meta name=\"twitter:data2\" content=\"7 perc\" \/>\n<script type=\"application\/ld+json\" class=\"yoast-schema-graph\">{\"@context\":\"https:\\\/\\\/schema.org\",\"@graph\":[{\"@type\":\"Article\",\"@id\":\"https:\\\/\\\/stuttgarti-katolikusok.de\\\/index.php\\\/evkozi-30-vasarnap-3\\\/#article\",\"isPartOf\":{\"@id\":\"https:\\\/\\\/stuttgarti-katolikusok.de\\\/index.php\\\/evkozi-30-vasarnap-3\\\/\"},\"author\":{\"name\":\"Tibor atya\",\"@id\":\"https:\\\/\\\/stuttgarti-katolikusok.de\\\/#\\\/schema\\\/person\\\/75908d6f8fdc03a57889d27209df7795\"},\"headline\":\"\u00c9vk\u00f6zi 30. vas\u00e1rnap\",\"datePublished\":\"2025-10-24T23:19:08+00:00\",\"mainEntityOfPage\":{\"@id\":\"https:\\\/\\\/stuttgarti-katolikusok.de\\\/index.php\\\/evkozi-30-vasarnap-3\\\/\"},\"wordCount\":1672,\"image\":{\"@id\":\"https:\\\/\\\/stuttgarti-katolikusok.de\\\/index.php\\\/evkozi-30-vasarnap-3\\\/#primaryimage\"},\"thumbnailUrl\":\"https:\\\/\\\/stuttgarti-katolikusok.de\\\/wp-content\\\/uploads\\\/2024\\\/10\\\/ng12.jpg\",\"articleSection\":[\"A liturgia olvasm\u00e1nyai\",\"Vas\u00e1rnapi gondolatok\"],\"inLanguage\":\"hu\"},{\"@type\":\"WebPage\",\"@id\":\"https:\\\/\\\/stuttgarti-katolikusok.de\\\/index.php\\\/evkozi-30-vasarnap-3\\\/\",\"url\":\"https:\\\/\\\/stuttgarti-katolikusok.de\\\/index.php\\\/evkozi-30-vasarnap-3\\\/\",\"name\":\"\u00c9vk\u00f6zi 30. vas\u00e1rnap - Stuttgarti Katolikusok\",\"isPartOf\":{\"@id\":\"https:\\\/\\\/stuttgarti-katolikusok.de\\\/#website\"},\"primaryImageOfPage\":{\"@id\":\"https:\\\/\\\/stuttgarti-katolikusok.de\\\/index.php\\\/evkozi-30-vasarnap-3\\\/#primaryimage\"},\"image\":{\"@id\":\"https:\\\/\\\/stuttgarti-katolikusok.de\\\/index.php\\\/evkozi-30-vasarnap-3\\\/#primaryimage\"},\"thumbnailUrl\":\"https:\\\/\\\/stuttgarti-katolikusok.de\\\/wp-content\\\/uploads\\\/2024\\\/10\\\/ng12.jpg\",\"datePublished\":\"2025-10-24T23:19:08+00:00\",\"author\":{\"@id\":\"https:\\\/\\\/stuttgarti-katolikusok.de\\\/#\\\/schema\\\/person\\\/75908d6f8fdc03a57889d27209df7795\"},\"breadcrumb\":{\"@id\":\"https:\\\/\\\/stuttgarti-katolikusok.de\\\/index.php\\\/evkozi-30-vasarnap-3\\\/#breadcrumb\"},\"inLanguage\":\"hu\",\"potentialAction\":[{\"@type\":\"ReadAction\",\"target\":[\"https:\\\/\\\/stuttgarti-katolikusok.de\\\/index.php\\\/evkozi-30-vasarnap-3\\\/\"]}]},{\"@type\":\"ImageObject\",\"inLanguage\":\"hu\",\"@id\":\"https:\\\/\\\/stuttgarti-katolikusok.de\\\/index.php\\\/evkozi-30-vasarnap-3\\\/#primaryimage\",\"url\":\"https:\\\/\\\/stuttgarti-katolikusok.de\\\/wp-content\\\/uploads\\\/2024\\\/10\\\/ng12.jpg\",\"contentUrl\":\"https:\\\/\\\/stuttgarti-katolikusok.de\\\/wp-content\\\/uploads\\\/2024\\\/10\\\/ng12.jpg\",\"width\":2048,\"height\":1365},{\"@type\":\"BreadcrumbList\",\"@id\":\"https:\\\/\\\/stuttgarti-katolikusok.de\\\/index.php\\\/evkozi-30-vasarnap-3\\\/#breadcrumb\",\"itemListElement\":[{\"@type\":\"ListItem\",\"position\":1,\"name\":\"Kezd\u0151lap\",\"item\":\"https:\\\/\\\/stuttgarti-katolikusok.de\\\/\"},{\"@type\":\"ListItem\",\"position\":2,\"name\":\"\u00c9vk\u00f6zi 30. vas\u00e1rnap\"}]},{\"@type\":\"WebSite\",\"@id\":\"https:\\\/\\\/stuttgarti-katolikusok.de\\\/#website\",\"url\":\"https:\\\/\\\/stuttgarti-katolikusok.de\\\/\",\"name\":\"Stuttgarti Katolikusok\",\"description\":\"\",\"potentialAction\":[{\"@type\":\"SearchAction\",\"target\":{\"@type\":\"EntryPoint\",\"urlTemplate\":\"https:\\\/\\\/stuttgarti-katolikusok.de\\\/?s={search_term_string}\"},\"query-input\":{\"@type\":\"PropertyValueSpecification\",\"valueRequired\":true,\"valueName\":\"search_term_string\"}}],\"inLanguage\":\"hu\"},{\"@type\":\"Person\",\"@id\":\"https:\\\/\\\/stuttgarti-katolikusok.de\\\/#\\\/schema\\\/person\\\/75908d6f8fdc03a57889d27209df7795\",\"name\":\"Tibor atya\",\"image\":{\"@type\":\"ImageObject\",\"inLanguage\":\"hu\",\"@id\":\"https:\\\/\\\/secure.gravatar.com\\\/avatar\\\/61d268e57d1f4525b111222e29d2d5a7f8c420fdbf231ba5566a8ceac74fa960?s=96&d=mm&r=g\",\"url\":\"https:\\\/\\\/secure.gravatar.com\\\/avatar\\\/61d268e57d1f4525b111222e29d2d5a7f8c420fdbf231ba5566a8ceac74fa960?s=96&d=mm&r=g\",\"contentUrl\":\"https:\\\/\\\/secure.gravatar.com\\\/avatar\\\/61d268e57d1f4525b111222e29d2d5a7f8c420fdbf231ba5566a8ceac74fa960?s=96&d=mm&r=g\",\"caption\":\"Tibor atya\"},\"url\":\"https:\\\/\\\/stuttgarti-katolikusok.de\\\/index.php\\\/author\\\/tibor-atya\\\/\"}]}<\/script>\n<!-- \/ Yoast SEO plugin. -->","yoast_head_json":{"title":"\u00c9vk\u00f6zi 30. vas\u00e1rnap - Stuttgarti Katolikusok","robots":{"index":"index","follow":"follow","max-snippet":"max-snippet:-1","max-image-preview":"max-image-preview:large","max-video-preview":"max-video-preview:-1"},"canonical":"https:\/\/stuttgarti-katolikusok.de\/index.php\/evkozi-30-vasarnap-3\/","og_locale":"hu_HU","og_type":"article","og_title":"\u00c9vk\u00f6zi 30. vas\u00e1rnap - Stuttgarti Katolikusok","og_description":"Az \u00e9vk\u00f6zi 30. vas\u00e1rnap kezd\u0151\u00e9neke a h\u00edv\u0151 ember \u00f6r\u00f6k feladat\u00e1r\u00f3l sz\u00f3l: keresni \u00e9s r\u00e1tal\u00e1lni Istenre. A keres\u00e9s \u00e9s r\u00e1tal\u00e1l\u00e1s ny\u00fajtotta \u00f6r\u00f6m \u00e9s boldogs\u00e1g. A szentmise els\u0151 k\u00f6ny\u00f6rg\u00e9se az alapvet\u0151 isteni er\u00e9nyek &#8211; hit, rem\u00e9ny \u00e9s szeretet &#8211; fontoss\u00e1g\u00e1t, \u00e9let\u00fcnkben bet\u00f6lt\u00f6tt fontos szerep\u00e9t emeli ki. Mi emberek gyakorta szem\u00e9lyv\u00e1logat\u00f3k vagyunk, ellent\u00e9tben Istennel. Err\u0151l sz\u00f3l az els\u0151 olvasm\u00e1ny. \u0150 nagyra \u00e9rt\u00e9keli\u00a0 a szeg\u00e9nyek, az \u00e1rv\u00e1k \u00e9s bajban l\u00e9v\u0151k felemel\u00e9s\u00e9t. Az \u00dar nem k\u00e9slekedik! Nem m\u00e1s ez, mint a rem\u00e9ny \u00fczenete. Ezzel a rem\u00e9nnyel sz\u00edv\u00fcnkben akarunk \u00e9lni \u00e9let\u00fcnk minden napj\u00e1n. A v\u00e1laszos zsolt\u00e1r mintegy feler\u0151s\u00edti az els\u0151 olvasm\u00e1ny biztat\u00f3 \u00e9s b\u00e1tor\u00edt\u00f3 \u00fczenet\u00e9t. A szentleck\u00e9ben Szent P\u00e1l apostol mintegy visszatekint \u00e9let\u00e9re. \u00d6r\u00f6mmel nyugt\u00e1zza, hogy a j\u00f3 harcot megharcolta, a p\u00e1ly\u00e1t v\u00e9gig futotta, a hitet megtartotta. \u00c9ppen ez\u00e9t nincs oka az aggodalmaskod\u00e1sra. Er\u0151t a r\u00e1v\u00e1r\u00f3 jutalom elnyer\u00e9se ad. Sz\u00e1mot vet \u00e9let\u00e9vel, s r\u00e1 kell d\u00f6bbeni, hogy n\u00e9h\u00e1nyan, tal\u00e1n \u00e9ppen f\u00e9lelemb\u0151l, avagy sz\u00e1m\u00edtgat\u00e1sb\u00f3l, mag\u00e1ra hagyt\u00e1k. \u0150 azonban most is k\u00e9sz a megbocs\u00e1t\u00e1sra. Az evang\u00e9liumban J\u00e9zus ism\u00e9telten k\u00e9tf\u00e9le embert\u00edpust rajzol meg. A farizeus, aki mindent csup\u00e1n az\u00e9rt tesz, hogy m\u00e1sok elismer\u00e9s\u00e9t kicsikarja. Ezzel szemben ott van a m\u00e1sok \u00e1ltal f\u00e9lt, de megvetett b\u0171n\u00f6s v\u00e1mos. Tiszt\u00e1ban van korl\u00e1taival, m\u00faltj\u00e1nak b\u0171n\u00f6s cselekedeteivel. Csendess\u00e9ge \u00e9s szer\u00e9nys\u00e9ge egyfajta beismer\u00e9s is. Nem magyar\u00e1zkodik, nem is akar jobb sz\u00ednben felt\u0171nni.\u00a0 Irgalmazz nekem, b\u0171n\u00f6snek! &#8211; hangzik k\u00e9r\u00e9se. \u0150szintes\u00e9ge \u00e9s al\u00e1zata jutalma a megigazul\u00e1s, azaz az \u00fcdv\u00f6ss\u00e9g.\u00a0 Kezd\u0151\u00e9nek: Az Urat keres\u0151 sz\u00edvek \u00f6rvendezzenek! Keress\u00e9tek az Urat \u00e9s er\u0151re kaptok, keress\u00e9tek arc\u00e1t sz\u00fcntelen! (V\u00f6. Zsolt 104,3-4) K\u00f6ny\u00f6rg\u00e9s: Mindenhat\u00f3, \u00f6r\u00f6k Isten, n\u00f6veld benn\u00fcnk a hitet, a rem\u00e9nyt \u00e9s a szeretetet. Add, hogy szeress\u00fck, amit parancsolsz, \u00e9s seg\u00edts, hogy elnyerj\u00fck, amit \u00edg\u00e9rsz. A mi Urunk, J\u00e9zus Krisztus, a te Fiad \u00e1ltal, aki veled \u00e9l \u00e9s uralkodik a Szentl\u00e9lekkel egys\u00e9gben, Isten mind\u00f6r\u00f6kk\u00f6n \u00f6r\u00f6kk\u00e9. OLVASM\u00c1NY Sir\u00e1k fia k\u00f6nyv\u00e9b\u0151l (Sir 35,15b-17.20-22a) Az al\u00e1zatos ember im\u00e1j\u00e1t meghallgatja Isten. Az \u00dar igaz b\u00edr\u00f3:... R\u00e9szletek","og_url":"https:\/\/stuttgarti-katolikusok.de\/index.php\/evkozi-30-vasarnap-3\/","og_site_name":"Stuttgarti Katolikusok","article_published_time":"2025-10-24T23:19:08+00:00","og_image":[{"width":2048,"height":1365,"url":"https:\/\/stuttgarti-katolikusok.de\/wp-content\/uploads\/2024\/10\/ng12.jpg","type":"image\/jpeg"}],"author":"Tibor atya","twitter_card":"summary_large_image","twitter_misc":{"Szerz\u0151:":"Tibor atya","Becs\u00fclt olvas\u00e1si id\u0151":"7 perc"},"schema":{"@context":"https:\/\/schema.org","@graph":[{"@type":"Article","@id":"https:\/\/stuttgarti-katolikusok.de\/index.php\/evkozi-30-vasarnap-3\/#article","isPartOf":{"@id":"https:\/\/stuttgarti-katolikusok.de\/index.php\/evkozi-30-vasarnap-3\/"},"author":{"name":"Tibor atya","@id":"https:\/\/stuttgarti-katolikusok.de\/#\/schema\/person\/75908d6f8fdc03a57889d27209df7795"},"headline":"\u00c9vk\u00f6zi 30. vas\u00e1rnap","datePublished":"2025-10-24T23:19:08+00:00","mainEntityOfPage":{"@id":"https:\/\/stuttgarti-katolikusok.de\/index.php\/evkozi-30-vasarnap-3\/"},"wordCount":1672,"image":{"@id":"https:\/\/stuttgarti-katolikusok.de\/index.php\/evkozi-30-vasarnap-3\/#primaryimage"},"thumbnailUrl":"https:\/\/stuttgarti-katolikusok.de\/wp-content\/uploads\/2024\/10\/ng12.jpg","articleSection":["A liturgia olvasm\u00e1nyai","Vas\u00e1rnapi gondolatok"],"inLanguage":"hu"},{"@type":"WebPage","@id":"https:\/\/stuttgarti-katolikusok.de\/index.php\/evkozi-30-vasarnap-3\/","url":"https:\/\/stuttgarti-katolikusok.de\/index.php\/evkozi-30-vasarnap-3\/","name":"\u00c9vk\u00f6zi 30. vas\u00e1rnap - Stuttgarti Katolikusok","isPartOf":{"@id":"https:\/\/stuttgarti-katolikusok.de\/#website"},"primaryImageOfPage":{"@id":"https:\/\/stuttgarti-katolikusok.de\/index.php\/evkozi-30-vasarnap-3\/#primaryimage"},"image":{"@id":"https:\/\/stuttgarti-katolikusok.de\/index.php\/evkozi-30-vasarnap-3\/#primaryimage"},"thumbnailUrl":"https:\/\/stuttgarti-katolikusok.de\/wp-content\/uploads\/2024\/10\/ng12.jpg","datePublished":"2025-10-24T23:19:08+00:00","author":{"@id":"https:\/\/stuttgarti-katolikusok.de\/#\/schema\/person\/75908d6f8fdc03a57889d27209df7795"},"breadcrumb":{"@id":"https:\/\/stuttgarti-katolikusok.de\/index.php\/evkozi-30-vasarnap-3\/#breadcrumb"},"inLanguage":"hu","potentialAction":[{"@type":"ReadAction","target":["https:\/\/stuttgarti-katolikusok.de\/index.php\/evkozi-30-vasarnap-3\/"]}]},{"@type":"ImageObject","inLanguage":"hu","@id":"https:\/\/stuttgarti-katolikusok.de\/index.php\/evkozi-30-vasarnap-3\/#primaryimage","url":"https:\/\/stuttgarti-katolikusok.de\/wp-content\/uploads\/2024\/10\/ng12.jpg","contentUrl":"https:\/\/stuttgarti-katolikusok.de\/wp-content\/uploads\/2024\/10\/ng12.jpg","width":2048,"height":1365},{"@type":"BreadcrumbList","@id":"https:\/\/stuttgarti-katolikusok.de\/index.php\/evkozi-30-vasarnap-3\/#breadcrumb","itemListElement":[{"@type":"ListItem","position":1,"name":"Kezd\u0151lap","item":"https:\/\/stuttgarti-katolikusok.de\/"},{"@type":"ListItem","position":2,"name":"\u00c9vk\u00f6zi 30. vas\u00e1rnap"}]},{"@type":"WebSite","@id":"https:\/\/stuttgarti-katolikusok.de\/#website","url":"https:\/\/stuttgarti-katolikusok.de\/","name":"Stuttgarti Katolikusok","description":"","potentialAction":[{"@type":"SearchAction","target":{"@type":"EntryPoint","urlTemplate":"https:\/\/stuttgarti-katolikusok.de\/?s={search_term_string}"},"query-input":{"@type":"PropertyValueSpecification","valueRequired":true,"valueName":"search_term_string"}}],"inLanguage":"hu"},{"@type":"Person","@id":"https:\/\/stuttgarti-katolikusok.de\/#\/schema\/person\/75908d6f8fdc03a57889d27209df7795","name":"Tibor atya","image":{"@type":"ImageObject","inLanguage":"hu","@id":"https:\/\/secure.gravatar.com\/avatar\/61d268e57d1f4525b111222e29d2d5a7f8c420fdbf231ba5566a8ceac74fa960?s=96&d=mm&r=g","url":"https:\/\/secure.gravatar.com\/avatar\/61d268e57d1f4525b111222e29d2d5a7f8c420fdbf231ba5566a8ceac74fa960?s=96&d=mm&r=g","contentUrl":"https:\/\/secure.gravatar.com\/avatar\/61d268e57d1f4525b111222e29d2d5a7f8c420fdbf231ba5566a8ceac74fa960?s=96&d=mm&r=g","caption":"Tibor atya"},"url":"https:\/\/stuttgarti-katolikusok.de\/index.php\/author\/tibor-atya\/"}]}},"_links":{"self":[{"href":"https:\/\/stuttgarti-katolikusok.de\/index.php\/wp-json\/wp\/v2\/posts\/31895","targetHints":{"allow":["GET"]}}],"collection":[{"href":"https:\/\/stuttgarti-katolikusok.de\/index.php\/wp-json\/wp\/v2\/posts"}],"about":[{"href":"https:\/\/stuttgarti-katolikusok.de\/index.php\/wp-json\/wp\/v2\/types\/post"}],"author":[{"embeddable":true,"href":"https:\/\/stuttgarti-katolikusok.de\/index.php\/wp-json\/wp\/v2\/users\/3"}],"replies":[{"embeddable":true,"href":"https:\/\/stuttgarti-katolikusok.de\/index.php\/wp-json\/wp\/v2\/comments?post=31895"}],"version-history":[{"count":1,"href":"https:\/\/stuttgarti-katolikusok.de\/index.php\/wp-json\/wp\/v2\/posts\/31895\/revisions"}],"predecessor-version":[{"id":31896,"href":"https:\/\/stuttgarti-katolikusok.de\/index.php\/wp-json\/wp\/v2\/posts\/31895\/revisions\/31896"}],"wp:featuredmedia":[{"embeddable":true,"href":"https:\/\/stuttgarti-katolikusok.de\/index.php\/wp-json\/wp\/v2\/media\/29595"}],"wp:attachment":[{"href":"https:\/\/stuttgarti-katolikusok.de\/index.php\/wp-json\/wp\/v2\/media?parent=31895"}],"wp:term":[{"taxonomy":"category","embeddable":true,"href":"https:\/\/stuttgarti-katolikusok.de\/index.php\/wp-json\/wp\/v2\/categories?post=31895"},{"taxonomy":"post_tag","embeddable":true,"href":"https:\/\/stuttgarti-katolikusok.de\/index.php\/wp-json\/wp\/v2\/tags?post=31895"}],"curies":[{"name":"wp","href":"https:\/\/api.w.org\/{rel}","templated":true}]}}