{"id":31847,"date":"2025-10-21T11:37:33","date_gmt":"2025-10-21T09:37:33","guid":{"rendered":"https:\/\/stuttgarti-katolikusok.de\/?p=31847"},"modified":"2025-10-21T12:56:40","modified_gmt":"2025-10-21T10:56:40","slug":"2025-oktober-20-es-26-kozott","status":"publish","type":"post","link":"https:\/\/stuttgarti-katolikusok.de\/index.php\/2025-oktober-20-es-26-kozott\/","title":{"rendered":"2025. OKT\u00d3BER 20 \u00c9S 26 K\u00d6Z\u00d6TT"},"content":{"rendered":"<p><span style=\"color: #008000;\"><strong>Programel\u0151zetes<\/strong><\/span><\/p>\n<p style=\"text-align: center;\" align=\"center\"><span style=\"color: #008000;\"><strong>*<\/strong><\/span><\/p>\n<p><strong>Okt\u00f3ber 23-\u00e1n<\/strong>, cs\u00fct\u00f6rt\u00f6k\u00f6n, <strong><i>Weingarteni d\u00e9lut\u00e1n<\/i><\/strong>, a <em>14 Nothelfer Kapelle<\/em>-ben 17.30 \u00f3rakor <em>r\u00f3zsaf\u00fcz\u00e9r im\u00e1ds\u00e1g<\/em> \u00e9s <em>okt\u00f3beri \u00e1jtatoss\u00e1g<\/em>, majd 18.00 \u00f3rakor <em>szentmise<\/em>, keret\u00e9ben <em>katek\u00e9zis<\/em><i>.<\/i><\/p>\n<p style=\"text-align: center;\"><span style=\"color: #008000;\"><strong>*<\/strong><\/span><\/p>\n<p><strong>Okt\u00f3ber 24-\u00e9n,<\/strong>\u00a0p\u00e9nteken, <strong><em>Stuttgarti d\u00e9lut\u00e1n<\/em> <\/strong><\/p>\n<p>17.30 \u00f3rakor <em>szentmise<\/em>, el\u0151tte <em>r\u00f3zsaf\u00fcz\u00e9rt im\u00e1dkozunk<\/em><\/p>\n<p>18.00 \u00f3rakor<span style=\"color: #ff6600;\"> <strong><em>Bar\u00e1ts\u00e1gklub<\/em><\/strong><\/span><\/p>\n<p><a href=\"https:\/\/stuttgarti-katolikusok.de\/wp-content\/uploads\/2025\/10\/baratsagklub-2025-oktober.jpg\"><img loading=\"lazy\" decoding=\"async\" class=\"alignnone size-full wp-image-31848\" src=\"https:\/\/stuttgarti-katolikusok.de\/wp-content\/uploads\/2025\/10\/baratsagklub-2025-oktober.jpg\" alt=\"\" width=\"1600\" height=\"1131\" srcset=\"https:\/\/stuttgarti-katolikusok.de\/wp-content\/uploads\/2025\/10\/baratsagklub-2025-oktober.jpg 1600w, https:\/\/stuttgarti-katolikusok.de\/wp-content\/uploads\/2025\/10\/baratsagklub-2025-oktober-300x212.jpg 300w, https:\/\/stuttgarti-katolikusok.de\/wp-content\/uploads\/2025\/10\/baratsagklub-2025-oktober-1024x724.jpg 1024w, https:\/\/stuttgarti-katolikusok.de\/wp-content\/uploads\/2025\/10\/baratsagklub-2025-oktober-1536x1086.jpg 1536w\" sizes=\"auto, (max-width: 1600px) 100vw, 1600px\" \/><\/a><\/p>\n<p style=\"text-align: center;\"><span style=\"color: #008000;\"><strong>*<\/strong><\/span><\/p>\n<p style=\"text-align: center;\"><span style=\"color: #008000;\"><strong><em>\u00c9vk\u00f6zi 30. vas\u00e1rnap<\/em><\/strong><\/span><\/p>\n<p><strong>Okt\u00f3ber 25-\u00e9n<em>, <\/em><\/strong>szombaton,<\/p>\n<p><strong>Tuttlingenben <\/strong>16.00 \u00f3rakor <em>szentmise,<\/em> ut\u00e1na <em>agap\u00e9.<\/em><\/p>\n<p><strong>Stuttgartban <\/strong>16.00 \u00f3rakor:<\/p>\n<p><span style=\"color: #ff6600;\"><em>Kedves Sz\u00fcl\u0151k, kedves Bar\u00e1taim!<\/em><\/span><\/p>\n<p><span style=\"color: #ff6600;\"><em>\u00d6r\u00f6mmel sz\u00f3lok leg\u00fajabb kezdem\u00e9nyez\u00e9s\u00fcnkr\u0151l. Ezen a h\u00e9tv\u00e9g\u00e9n elind\u00edtjuk a\u00a0<strong>Must\u00e1rmagocska zene- \u00e9s bark\u00e1csk\u00f6r<\/strong>\u00a0foglalkoz\u00e1sunkat. K\u00f6sz\u00f6net Bandean Andrea h\u00edv\u00fcnknek kezdem\u00e9nyez\u0151 \u00f6tlet\u00e9\u00e9rt \u00e9s lelkes szolg\u00e1lat\u00e1\u00e9rt.<\/em><\/span><\/p>\n<p><span style=\"color: #ff6600;\"><em>K\u00e9rlek is egyben benneteket, hogy terjessz\u00e9tek bar\u00e1ti \u00e9s ismer\u0151si k\u00f6rben kezdem\u00e9nyez\u00e9s\u00fcnket.\u00a0<\/em><\/span><\/p>\n<p><span style=\"color: #ff6600;\"><em>C\u00e9lunk, hogy\u00a0 a gyermekeknek lehet\u0151s\u00e9get k\u00edn\u00e1ljunk a j\u00e1t\u00e9kos foglalkoz\u00e1sok keret\u00e9ben t\u00f6rt\u00e9n\u0151 hit- \u00e9s anyanyelvb\u00e9li ismeretek elsaj\u00e1t\u00edt\u00e1s\u00e1ra.<\/em><\/span><\/p>\n<p><span style=\"color: #ff6600;\"><em>Tibor atya\u00a0<\/em><\/span><\/p>\n<p style=\"text-align: center;\"><span style=\"color: #ff6600;\"><em>*****<\/em><\/span><\/p>\n<p><a href=\"https:\/\/stuttgarti-katolikusok.de\/wp-content\/uploads\/2025\/10\/mustarmagocska-zene-es-barkacskor-plakat.jpg\"><img loading=\"lazy\" decoding=\"async\" class=\"alignnone size-full wp-image-31859\" src=\"https:\/\/stuttgarti-katolikusok.de\/wp-content\/uploads\/2025\/10\/mustarmagocska-zene-es-barkacskor-plakat.jpg\" alt=\"\" width=\"1009\" height=\"1532\" \/><\/a><\/p>\n<p><strong><span style=\"color: red;\">T\u00e9li id\u0151sz\u00e1m\u00edt\u00e1s kezdete: <i>2025. okt\u00f3ber 26., <\/i>vas\u00e1rnap hajnalban 3:00 \u00f3rakor 2:00 \u00f3r\u00e1ra kell vissza\u00e1ll\u00edtani az \u00f3r\u00e1t!!!<\/span><\/strong><\/p>\n<p style=\"text-align: center;\"><span style=\"color: #008000;\"><strong>\u00a0*<\/strong><\/span><\/p>\n<p><strong>Okt\u00f3ber 26-\u00e1n<\/strong>, <span style=\"color: #008000;\"><strong><em>\u00c9vk\u00f6zi 30. vas\u00e1rnap<\/em><\/strong><\/span><em>,<\/em><\/p>\n<p><strong>B\u00f6blingenben <\/strong>9.30 \u00f3rakor <em>szentmise, <\/em>ut\u00e1na <em>agap\u00e9,<\/em><\/p>\n<p><strong>Eislingenben <\/strong>15.00 \u00f3rakor <em>szentmise,<\/em> ut\u00e1na <em>agap\u00e9.<\/em><\/p>\n<p style=\"text-align: center;\"><span style=\"color: #008000;\"><strong>*<\/strong><\/span><\/p>\n<p>Minden helyen mindenkit szeretettel v\u00e1r a k\u00f6z\u00f6ss\u00e9g \u00e9s Tibor atya!<\/p>\n<p style=\"text-align: center;\"><span style=\"color: #008000;\"><strong>*<\/strong><\/span><\/p>\n<p><a href=\"https:\/\/stuttgarti-katolikusok.de\/wp-content\/uploads\/2024\/10\/ng11.jpg\"><img loading=\"lazy\" decoding=\"async\" class=\"alignnone size-full wp-image-29553\" src=\"https:\/\/stuttgarti-katolikusok.de\/wp-content\/uploads\/2024\/10\/ng11.jpg\" alt=\"\" width=\"2048\" height=\"1365\" srcset=\"https:\/\/stuttgarti-katolikusok.de\/wp-content\/uploads\/2024\/10\/ng11.jpg 2048w, https:\/\/stuttgarti-katolikusok.de\/wp-content\/uploads\/2024\/10\/ng11-300x200.jpg 300w, https:\/\/stuttgarti-katolikusok.de\/wp-content\/uploads\/2024\/10\/ng11-1024x683.jpg 1024w, https:\/\/stuttgarti-katolikusok.de\/wp-content\/uploads\/2024\/10\/ng11-1536x1024.jpg 1536w, https:\/\/stuttgarti-katolikusok.de\/wp-content\/uploads\/2024\/10\/ng11-420x280.jpg 420w, https:\/\/stuttgarti-katolikusok.de\/wp-content\/uploads\/2024\/10\/ng11-690x460.jpg 690w\" sizes=\"auto, (max-width: 2048px) 100vw, 2048px\" \/><\/a><\/p>\n<p style=\"text-align: center;\"><span style=\"color: #008000;\"><strong>*<\/strong><\/span><\/p>\n<p><span style=\"color: #008000;\"><strong><em>Bens\u0151s\u00e9ges \u0151szi napokat, j\u00f3 munk\u00e1t, tartalmas besz\u00e9lget\u00e9seket \u00e9s \u00f6r\u00f6mteli tal\u00e1lkoz\u00e1sokat k\u00edv\u00e1nunk minden Kedves H\u00edv\u00fcnknek!<\/em><\/strong><\/span><\/p>\n<p style=\"text-align: center;\"><span style=\"color: #008000;\"><strong>*<\/strong><\/span><\/p>\n<p><span style=\"color: #008000;\"><strong><em>\u201eAdj nekem, Uram, \u00e9ber sz\u00edvet, amelyet k\u00f6nnyelm\u0171 gondolat nem t\u00e9r\u00edt el t\u0151led. Adj nemes sz\u00edvet, amelyet m\u00e9ltatlan szenved\u00e9ly nem tud lealacsony\u00edtani. Egyenes \u00e9s b\u00e1tor sz\u00edvet, amelyet k\u00f6z\u00f6ns\u00e9ges t\u00f6rtet\u00e9sek nem vezetnek t\u00e9v\u00fatra. Er\u0151s sz\u00edvet, amelyet szorong\u00e1s nem tud let\u00f6rni. Szabad sz\u00edvet, amelyet alantas \u00e9s rossz v\u00e1gyak nem k\u00f6tnek g\u00fazsba.\u201d<\/em><\/strong> <\/span><em>(Aquin\u00f3i Szent Tam\u00e1s \u2013 1225 &#8211; 1274 \u2013 egyh\u00e1ztan\u00edt\u00f3, filoz\u00f3fus, teol\u00f3gus)<\/em><\/p>\n<p><em>(K\u00e9pek forr\u00e1sa: Ferenczy No\u00e9mi \u00e9s Pixabay)<\/em><\/p>\n","protected":false},"excerpt":{"rendered":"<p>Programel\u0151zetes * Okt\u00f3ber 23-\u00e1n, cs\u00fct\u00f6rt\u00f6k\u00f6n, Weingarteni d\u00e9lut\u00e1n, a 14 Nothelfer Kapelle-ben 17.30 \u00f3rakor r\u00f3zsaf\u00fcz\u00e9r im\u00e1ds\u00e1g \u00e9s okt\u00f3beri \u00e1jtatoss\u00e1g, majd 18.00 \u00f3rakor szentmise, keret\u00e9ben katek\u00e9zis. * Okt\u00f3ber 24-\u00e9n,\u00a0p\u00e9nteken, Stuttgarti d\u00e9lut\u00e1n 17.30 \u00f3rakor szentmise, el\u0151tte r\u00f3zsaf\u00fcz\u00e9rt im\u00e1dkozunk 18.00 \u00f3rakor Bar\u00e1ts\u00e1gklub * \u00c9vk\u00f6zi 30. vas\u00e1rnap Okt\u00f3ber 25-\u00e9n, szombaton, Tuttlingenben 16.00 \u00f3rakor szentmise, ut\u00e1na agap\u00e9. Stuttgartban 16.00 \u00f3rakor: Kedves Sz\u00fcl\u0151k, kedves Bar\u00e1taim! \u00d6r\u00f6mmel sz\u00f3lok leg\u00fajabb kezdem\u00e9nyez\u00e9s\u00fcnkr\u0151l. Ezen a h\u00e9tv\u00e9g\u00e9n elind\u00edtjuk a\u00a0Must\u00e1rmagocska zene- \u00e9s bark\u00e1csk\u00f6r\u00a0foglalkoz\u00e1sunkat. K\u00f6sz\u00f6net Bandean Andrea h\u00edv\u00fcnknek kezdem\u00e9nyez\u0151 \u00f6tlet\u00e9\u00e9rt \u00e9s lelkes szolg\u00e1lat\u00e1\u00e9rt. K\u00e9rlek is egyben benneteket, hogy terjessz\u00e9tek bar\u00e1ti \u00e9s ismer\u0151si k\u00f6rben kezdem\u00e9nyez\u00e9s\u00fcnket.\u00a0 C\u00e9lunk, hogy\u00a0 a gyermekeknek lehet\u0151s\u00e9get k\u00edn\u00e1ljunk a j\u00e1t\u00e9kos foglalkoz\u00e1sok keret\u00e9ben t\u00f6rt\u00e9n\u0151 hit- \u00e9s anyanyelvb\u00e9li ismeretek elsaj\u00e1t\u00edt\u00e1s\u00e1ra. Tibor atya\u00a0 ***** T\u00e9li id\u0151sz\u00e1m\u00edt\u00e1s kezdete: 2025. okt\u00f3ber 26., vas\u00e1rnap hajnalban 3:00 \u00f3rakor 2:00 \u00f3r\u00e1ra kell vissza\u00e1ll\u00edtani az \u00f3r\u00e1t!!! \u00a0* Okt\u00f3ber 26-\u00e1n, \u00c9vk\u00f6zi 30. vas\u00e1rnap, B\u00f6blingenben 9.30 \u00f3rakor szentmise, ut\u00e1na agap\u00e9, Eislingenben 15.00 \u00f3rakor szentmise, ut\u00e1na agap\u00e9. * Minden helyen mindenkit szeretettel v\u00e1r a k\u00f6z\u00f6ss\u00e9g \u00e9s Tibor atya! * * Bens\u0151s\u00e9ges \u0151szi napokat, j\u00f3 munk\u00e1t, tartalmas besz\u00e9lget\u00e9seket \u00e9s \u00f6r\u00f6mteli tal\u00e1lkoz\u00e1sokat k\u00edv\u00e1nunk minden Kedves H\u00edv\u00fcnknek! * \u201eAdj nekem, Uram, \u00e9ber sz\u00edvet, amelyet k\u00f6nnyelm\u0171 gondolat nem t\u00e9r\u00edt el t\u0151led. Adj nemes sz\u00edvet, amelyet m\u00e9ltatlan szenved\u00e9ly nem tud lealacsony\u00edtani. Egyenes \u00e9s b\u00e1tor sz\u00edvet, amelyet k\u00f6z\u00f6ns\u00e9ges t\u00f6rtet\u00e9sek nem vezetnek t\u00e9v\u00fatra. Er\u0151s sz\u00edvet, amelyet szorong\u00e1s nem tud let\u00f6rni. Szabad sz\u00edvet, amelyet alantas \u00e9s rossz v\u00e1gyak nem k\u00f6tnek g\u00fazsba.\u201d (Aquin\u00f3i Szent Tam\u00e1s \u2013 1225 &#8211; 1274 \u2013 egyh\u00e1ztan\u00edt\u00f3, filoz\u00f3fus, teol\u00f3gus) (K\u00e9pek forr\u00e1sa: Ferenczy No\u00e9mi \u00e9s Pixabay)<\/p>\n","protected":false},"author":3,"featured_media":31849,"comment_status":"closed","ping_status":"closed","sticky":false,"template":"","format":"standard","meta":{"footnotes":""},"categories":[37],"tags":[],"class_list":["post-31847","post","type-post","status-publish","format-standard","has-post-thumbnail","hentry","category-progamelozetes"],"yoast_head":"<!-- This site is optimized with the Yoast SEO plugin v27.3 - https:\/\/yoast.com\/product\/yoast-seo-wordpress\/ -->\n<title>2025. OKT\u00d3BER 20 \u00c9S 26 K\u00d6Z\u00d6TT - Stuttgarti Katolikusok<\/title>\n<meta name=\"robots\" content=\"index, follow, max-snippet:-1, max-image-preview:large, max-video-preview:-1\" \/>\n<link rel=\"canonical\" href=\"https:\/\/stuttgarti-katolikusok.de\/index.php\/2025-oktober-20-es-26-kozott\/\" \/>\n<meta property=\"og:locale\" content=\"hu_HU\" \/>\n<meta property=\"og:type\" content=\"article\" \/>\n<meta property=\"og:title\" content=\"2025. OKT\u00d3BER 20 \u00c9S 26 K\u00d6Z\u00d6TT - Stuttgarti Katolikusok\" \/>\n<meta property=\"og:description\" content=\"Programel\u0151zetes * Okt\u00f3ber 23-\u00e1n, cs\u00fct\u00f6rt\u00f6k\u00f6n, Weingarteni d\u00e9lut\u00e1n, a 14 Nothelfer Kapelle-ben 17.30 \u00f3rakor r\u00f3zsaf\u00fcz\u00e9r im\u00e1ds\u00e1g \u00e9s okt\u00f3beri \u00e1jtatoss\u00e1g, majd 18.00 \u00f3rakor szentmise, keret\u00e9ben katek\u00e9zis. * Okt\u00f3ber 24-\u00e9n,\u00a0p\u00e9nteken, Stuttgarti d\u00e9lut\u00e1n 17.30 \u00f3rakor szentmise, el\u0151tte r\u00f3zsaf\u00fcz\u00e9rt im\u00e1dkozunk 18.00 \u00f3rakor Bar\u00e1ts\u00e1gklub * \u00c9vk\u00f6zi 30. vas\u00e1rnap Okt\u00f3ber 25-\u00e9n, szombaton, Tuttlingenben 16.00 \u00f3rakor szentmise, ut\u00e1na agap\u00e9. Stuttgartban 16.00 \u00f3rakor: Kedves Sz\u00fcl\u0151k, kedves Bar\u00e1taim! \u00d6r\u00f6mmel sz\u00f3lok leg\u00fajabb kezdem\u00e9nyez\u00e9s\u00fcnkr\u0151l. Ezen a h\u00e9tv\u00e9g\u00e9n elind\u00edtjuk a\u00a0Must\u00e1rmagocska zene- \u00e9s bark\u00e1csk\u00f6r\u00a0foglalkoz\u00e1sunkat. K\u00f6sz\u00f6net Bandean Andrea h\u00edv\u00fcnknek kezdem\u00e9nyez\u0151 \u00f6tlet\u00e9\u00e9rt \u00e9s lelkes szolg\u00e1lat\u00e1\u00e9rt. K\u00e9rlek is egyben benneteket, hogy terjessz\u00e9tek bar\u00e1ti \u00e9s ismer\u0151si k\u00f6rben kezdem\u00e9nyez\u00e9s\u00fcnket.\u00a0 C\u00e9lunk, hogy\u00a0 a gyermekeknek lehet\u0151s\u00e9get k\u00edn\u00e1ljunk a j\u00e1t\u00e9kos foglalkoz\u00e1sok keret\u00e9ben t\u00f6rt\u00e9n\u0151 hit- \u00e9s anyanyelvb\u00e9li ismeretek elsaj\u00e1t\u00edt\u00e1s\u00e1ra. Tibor atya\u00a0 ***** T\u00e9li id\u0151sz\u00e1m\u00edt\u00e1s kezdete: 2025. okt\u00f3ber 26., vas\u00e1rnap hajnalban 3:00 \u00f3rakor 2:00 \u00f3r\u00e1ra kell vissza\u00e1ll\u00edtani az \u00f3r\u00e1t!!! \u00a0* Okt\u00f3ber 26-\u00e1n, \u00c9vk\u00f6zi 30. vas\u00e1rnap, B\u00f6blingenben 9.30 \u00f3rakor szentmise, ut\u00e1na agap\u00e9, Eislingenben 15.00 \u00f3rakor szentmise, ut\u00e1na agap\u00e9. * Minden helyen mindenkit szeretettel v\u00e1r a k\u00f6z\u00f6ss\u00e9g \u00e9s Tibor atya! * * Bens\u0151s\u00e9ges \u0151szi napokat, j\u00f3 munk\u00e1t, tartalmas besz\u00e9lget\u00e9seket \u00e9s \u00f6r\u00f6mteli tal\u00e1lkoz\u00e1sokat k\u00edv\u00e1nunk minden Kedves H\u00edv\u00fcnknek! * \u201eAdj nekem, Uram, \u00e9ber sz\u00edvet, amelyet k\u00f6nnyelm\u0171 gondolat nem t\u00e9r\u00edt el t\u0151led. Adj nemes sz\u00edvet, amelyet m\u00e9ltatlan szenved\u00e9ly nem tud lealacsony\u00edtani. Egyenes \u00e9s b\u00e1tor sz\u00edvet, amelyet k\u00f6z\u00f6ns\u00e9ges t\u00f6rtet\u00e9sek nem vezetnek t\u00e9v\u00fatra. Er\u0151s sz\u00edvet, amelyet szorong\u00e1s nem tud let\u00f6rni. Szabad sz\u00edvet, amelyet alantas \u00e9s rossz v\u00e1gyak nem k\u00f6tnek g\u00fazsba.\u201d (Aquin\u00f3i Szent Tam\u00e1s \u2013 1225 &#8211; 1274 \u2013 egyh\u00e1ztan\u00edt\u00f3, filoz\u00f3fus, teol\u00f3gus) (K\u00e9pek forr\u00e1sa: Ferenczy No\u00e9mi \u00e9s Pixabay)\" \/>\n<meta property=\"og:url\" content=\"https:\/\/stuttgarti-katolikusok.de\/index.php\/2025-oktober-20-es-26-kozott\/\" \/>\n<meta property=\"og:site_name\" content=\"Stuttgarti Katolikusok\" \/>\n<meta property=\"article:published_time\" content=\"2025-10-21T09:37:33+00:00\" \/>\n<meta property=\"article:modified_time\" content=\"2025-10-21T10:56:40+00:00\" \/>\n<meta property=\"og:image\" content=\"https:\/\/stuttgarti-katolikusok.de\/wp-content\/uploads\/2025\/10\/ferenczy-noemi-oktober.jpg\" \/>\n\t<meta property=\"og:image:width\" content=\"2048\" \/>\n\t<meta property=\"og:image:height\" content=\"1884\" \/>\n\t<meta property=\"og:image:type\" content=\"image\/jpeg\" \/>\n<meta name=\"author\" content=\"Tibor atya\" \/>\n<meta name=\"twitter:card\" content=\"summary_large_image\" \/>\n<meta name=\"twitter:label1\" content=\"Szerz\u0151:\" \/>\n\t<meta name=\"twitter:data1\" content=\"Tibor atya\" \/>\n\t<meta name=\"twitter:label2\" content=\"Becs\u00fclt olvas\u00e1si id\u0151\" \/>\n\t<meta name=\"twitter:data2\" content=\"3 perc\" \/>\n<script type=\"application\/ld+json\" class=\"yoast-schema-graph\">{\"@context\":\"https:\\\/\\\/schema.org\",\"@graph\":[{\"@type\":\"Article\",\"@id\":\"https:\\\/\\\/stuttgarti-katolikusok.de\\\/index.php\\\/2025-oktober-20-es-26-kozott\\\/#article\",\"isPartOf\":{\"@id\":\"https:\\\/\\\/stuttgarti-katolikusok.de\\\/index.php\\\/2025-oktober-20-es-26-kozott\\\/\"},\"author\":{\"name\":\"Tibor atya\",\"@id\":\"https:\\\/\\\/stuttgarti-katolikusok.de\\\/#\\\/schema\\\/person\\\/75908d6f8fdc03a57889d27209df7795\"},\"headline\":\"2025. OKT\u00d3BER 20 \u00c9S 26 K\u00d6Z\u00d6TT\",\"datePublished\":\"2025-10-21T09:37:33+00:00\",\"dateModified\":\"2025-10-21T10:56:40+00:00\",\"mainEntityOfPage\":{\"@id\":\"https:\\\/\\\/stuttgarti-katolikusok.de\\\/index.php\\\/2025-oktober-20-es-26-kozott\\\/\"},\"wordCount\":371,\"image\":{\"@id\":\"https:\\\/\\\/stuttgarti-katolikusok.de\\\/index.php\\\/2025-oktober-20-es-26-kozott\\\/#primaryimage\"},\"thumbnailUrl\":\"https:\\\/\\\/stuttgarti-katolikusok.de\\\/wp-content\\\/uploads\\\/2025\\\/10\\\/ferenczy-noemi-oktober.jpg\",\"articleSection\":[\"Progamel\u0151zetes\"],\"inLanguage\":\"hu\"},{\"@type\":\"WebPage\",\"@id\":\"https:\\\/\\\/stuttgarti-katolikusok.de\\\/index.php\\\/2025-oktober-20-es-26-kozott\\\/\",\"url\":\"https:\\\/\\\/stuttgarti-katolikusok.de\\\/index.php\\\/2025-oktober-20-es-26-kozott\\\/\",\"name\":\"2025. OKT\u00d3BER 20 \u00c9S 26 K\u00d6Z\u00d6TT - Stuttgarti Katolikusok\",\"isPartOf\":{\"@id\":\"https:\\\/\\\/stuttgarti-katolikusok.de\\\/#website\"},\"primaryImageOfPage\":{\"@id\":\"https:\\\/\\\/stuttgarti-katolikusok.de\\\/index.php\\\/2025-oktober-20-es-26-kozott\\\/#primaryimage\"},\"image\":{\"@id\":\"https:\\\/\\\/stuttgarti-katolikusok.de\\\/index.php\\\/2025-oktober-20-es-26-kozott\\\/#primaryimage\"},\"thumbnailUrl\":\"https:\\\/\\\/stuttgarti-katolikusok.de\\\/wp-content\\\/uploads\\\/2025\\\/10\\\/ferenczy-noemi-oktober.jpg\",\"datePublished\":\"2025-10-21T09:37:33+00:00\",\"dateModified\":\"2025-10-21T10:56:40+00:00\",\"author\":{\"@id\":\"https:\\\/\\\/stuttgarti-katolikusok.de\\\/#\\\/schema\\\/person\\\/75908d6f8fdc03a57889d27209df7795\"},\"breadcrumb\":{\"@id\":\"https:\\\/\\\/stuttgarti-katolikusok.de\\\/index.php\\\/2025-oktober-20-es-26-kozott\\\/#breadcrumb\"},\"inLanguage\":\"hu\",\"potentialAction\":[{\"@type\":\"ReadAction\",\"target\":[\"https:\\\/\\\/stuttgarti-katolikusok.de\\\/index.php\\\/2025-oktober-20-es-26-kozott\\\/\"]}]},{\"@type\":\"ImageObject\",\"inLanguage\":\"hu\",\"@id\":\"https:\\\/\\\/stuttgarti-katolikusok.de\\\/index.php\\\/2025-oktober-20-es-26-kozott\\\/#primaryimage\",\"url\":\"https:\\\/\\\/stuttgarti-katolikusok.de\\\/wp-content\\\/uploads\\\/2025\\\/10\\\/ferenczy-noemi-oktober.jpg\",\"contentUrl\":\"https:\\\/\\\/stuttgarti-katolikusok.de\\\/wp-content\\\/uploads\\\/2025\\\/10\\\/ferenczy-noemi-oktober.jpg\",\"width\":2048,\"height\":1884},{\"@type\":\"BreadcrumbList\",\"@id\":\"https:\\\/\\\/stuttgarti-katolikusok.de\\\/index.php\\\/2025-oktober-20-es-26-kozott\\\/#breadcrumb\",\"itemListElement\":[{\"@type\":\"ListItem\",\"position\":1,\"name\":\"Kezd\u0151lap\",\"item\":\"https:\\\/\\\/stuttgarti-katolikusok.de\\\/\"},{\"@type\":\"ListItem\",\"position\":2,\"name\":\"2025. OKT\u00d3BER 20 \u00c9S 26 K\u00d6Z\u00d6TT\"}]},{\"@type\":\"WebSite\",\"@id\":\"https:\\\/\\\/stuttgarti-katolikusok.de\\\/#website\",\"url\":\"https:\\\/\\\/stuttgarti-katolikusok.de\\\/\",\"name\":\"Stuttgarti Katolikusok\",\"description\":\"\",\"potentialAction\":[{\"@type\":\"SearchAction\",\"target\":{\"@type\":\"EntryPoint\",\"urlTemplate\":\"https:\\\/\\\/stuttgarti-katolikusok.de\\\/?s={search_term_string}\"},\"query-input\":{\"@type\":\"PropertyValueSpecification\",\"valueRequired\":true,\"valueName\":\"search_term_string\"}}],\"inLanguage\":\"hu\"},{\"@type\":\"Person\",\"@id\":\"https:\\\/\\\/stuttgarti-katolikusok.de\\\/#\\\/schema\\\/person\\\/75908d6f8fdc03a57889d27209df7795\",\"name\":\"Tibor atya\",\"image\":{\"@type\":\"ImageObject\",\"inLanguage\":\"hu\",\"@id\":\"https:\\\/\\\/secure.gravatar.com\\\/avatar\\\/61d268e57d1f4525b111222e29d2d5a7f8c420fdbf231ba5566a8ceac74fa960?s=96&d=mm&r=g\",\"url\":\"https:\\\/\\\/secure.gravatar.com\\\/avatar\\\/61d268e57d1f4525b111222e29d2d5a7f8c420fdbf231ba5566a8ceac74fa960?s=96&d=mm&r=g\",\"contentUrl\":\"https:\\\/\\\/secure.gravatar.com\\\/avatar\\\/61d268e57d1f4525b111222e29d2d5a7f8c420fdbf231ba5566a8ceac74fa960?s=96&d=mm&r=g\",\"caption\":\"Tibor atya\"},\"url\":\"https:\\\/\\\/stuttgarti-katolikusok.de\\\/index.php\\\/author\\\/tibor-atya\\\/\"}]}<\/script>\n<!-- \/ Yoast SEO plugin. -->","yoast_head_json":{"title":"2025. OKT\u00d3BER 20 \u00c9S 26 K\u00d6Z\u00d6TT - Stuttgarti Katolikusok","robots":{"index":"index","follow":"follow","max-snippet":"max-snippet:-1","max-image-preview":"max-image-preview:large","max-video-preview":"max-video-preview:-1"},"canonical":"https:\/\/stuttgarti-katolikusok.de\/index.php\/2025-oktober-20-es-26-kozott\/","og_locale":"hu_HU","og_type":"article","og_title":"2025. OKT\u00d3BER 20 \u00c9S 26 K\u00d6Z\u00d6TT - Stuttgarti Katolikusok","og_description":"Programel\u0151zetes * Okt\u00f3ber 23-\u00e1n, cs\u00fct\u00f6rt\u00f6k\u00f6n, Weingarteni d\u00e9lut\u00e1n, a 14 Nothelfer Kapelle-ben 17.30 \u00f3rakor r\u00f3zsaf\u00fcz\u00e9r im\u00e1ds\u00e1g \u00e9s okt\u00f3beri \u00e1jtatoss\u00e1g, majd 18.00 \u00f3rakor szentmise, keret\u00e9ben katek\u00e9zis. * Okt\u00f3ber 24-\u00e9n,\u00a0p\u00e9nteken, Stuttgarti d\u00e9lut\u00e1n 17.30 \u00f3rakor szentmise, el\u0151tte r\u00f3zsaf\u00fcz\u00e9rt im\u00e1dkozunk 18.00 \u00f3rakor Bar\u00e1ts\u00e1gklub * \u00c9vk\u00f6zi 30. vas\u00e1rnap Okt\u00f3ber 25-\u00e9n, szombaton, Tuttlingenben 16.00 \u00f3rakor szentmise, ut\u00e1na agap\u00e9. Stuttgartban 16.00 \u00f3rakor: Kedves Sz\u00fcl\u0151k, kedves Bar\u00e1taim! \u00d6r\u00f6mmel sz\u00f3lok leg\u00fajabb kezdem\u00e9nyez\u00e9s\u00fcnkr\u0151l. Ezen a h\u00e9tv\u00e9g\u00e9n elind\u00edtjuk a\u00a0Must\u00e1rmagocska zene- \u00e9s bark\u00e1csk\u00f6r\u00a0foglalkoz\u00e1sunkat. K\u00f6sz\u00f6net Bandean Andrea h\u00edv\u00fcnknek kezdem\u00e9nyez\u0151 \u00f6tlet\u00e9\u00e9rt \u00e9s lelkes szolg\u00e1lat\u00e1\u00e9rt. K\u00e9rlek is egyben benneteket, hogy terjessz\u00e9tek bar\u00e1ti \u00e9s ismer\u0151si k\u00f6rben kezdem\u00e9nyez\u00e9s\u00fcnket.\u00a0 C\u00e9lunk, hogy\u00a0 a gyermekeknek lehet\u0151s\u00e9get k\u00edn\u00e1ljunk a j\u00e1t\u00e9kos foglalkoz\u00e1sok keret\u00e9ben t\u00f6rt\u00e9n\u0151 hit- \u00e9s anyanyelvb\u00e9li ismeretek elsaj\u00e1t\u00edt\u00e1s\u00e1ra. Tibor atya\u00a0 ***** T\u00e9li id\u0151sz\u00e1m\u00edt\u00e1s kezdete: 2025. okt\u00f3ber 26., vas\u00e1rnap hajnalban 3:00 \u00f3rakor 2:00 \u00f3r\u00e1ra kell vissza\u00e1ll\u00edtani az \u00f3r\u00e1t!!! \u00a0* Okt\u00f3ber 26-\u00e1n, \u00c9vk\u00f6zi 30. vas\u00e1rnap, B\u00f6blingenben 9.30 \u00f3rakor szentmise, ut\u00e1na agap\u00e9, Eislingenben 15.00 \u00f3rakor szentmise, ut\u00e1na agap\u00e9. * Minden helyen mindenkit szeretettel v\u00e1r a k\u00f6z\u00f6ss\u00e9g \u00e9s Tibor atya! * * Bens\u0151s\u00e9ges \u0151szi napokat, j\u00f3 munk\u00e1t, tartalmas besz\u00e9lget\u00e9seket \u00e9s \u00f6r\u00f6mteli tal\u00e1lkoz\u00e1sokat k\u00edv\u00e1nunk minden Kedves H\u00edv\u00fcnknek! * \u201eAdj nekem, Uram, \u00e9ber sz\u00edvet, amelyet k\u00f6nnyelm\u0171 gondolat nem t\u00e9r\u00edt el t\u0151led. Adj nemes sz\u00edvet, amelyet m\u00e9ltatlan szenved\u00e9ly nem tud lealacsony\u00edtani. Egyenes \u00e9s b\u00e1tor sz\u00edvet, amelyet k\u00f6z\u00f6ns\u00e9ges t\u00f6rtet\u00e9sek nem vezetnek t\u00e9v\u00fatra. Er\u0151s sz\u00edvet, amelyet szorong\u00e1s nem tud let\u00f6rni. Szabad sz\u00edvet, amelyet alantas \u00e9s rossz v\u00e1gyak nem k\u00f6tnek g\u00fazsba.\u201d (Aquin\u00f3i Szent Tam\u00e1s \u2013 1225 &#8211; 1274 \u2013 egyh\u00e1ztan\u00edt\u00f3, filoz\u00f3fus, teol\u00f3gus) (K\u00e9pek forr\u00e1sa: Ferenczy No\u00e9mi \u00e9s Pixabay)","og_url":"https:\/\/stuttgarti-katolikusok.de\/index.php\/2025-oktober-20-es-26-kozott\/","og_site_name":"Stuttgarti Katolikusok","article_published_time":"2025-10-21T09:37:33+00:00","article_modified_time":"2025-10-21T10:56:40+00:00","og_image":[{"width":2048,"height":1884,"url":"https:\/\/stuttgarti-katolikusok.de\/wp-content\/uploads\/2025\/10\/ferenczy-noemi-oktober.jpg","type":"image\/jpeg"}],"author":"Tibor atya","twitter_card":"summary_large_image","twitter_misc":{"Szerz\u0151:":"Tibor atya","Becs\u00fclt olvas\u00e1si id\u0151":"3 perc"},"schema":{"@context":"https:\/\/schema.org","@graph":[{"@type":"Article","@id":"https:\/\/stuttgarti-katolikusok.de\/index.php\/2025-oktober-20-es-26-kozott\/#article","isPartOf":{"@id":"https:\/\/stuttgarti-katolikusok.de\/index.php\/2025-oktober-20-es-26-kozott\/"},"author":{"name":"Tibor atya","@id":"https:\/\/stuttgarti-katolikusok.de\/#\/schema\/person\/75908d6f8fdc03a57889d27209df7795"},"headline":"2025. OKT\u00d3BER 20 \u00c9S 26 K\u00d6Z\u00d6TT","datePublished":"2025-10-21T09:37:33+00:00","dateModified":"2025-10-21T10:56:40+00:00","mainEntityOfPage":{"@id":"https:\/\/stuttgarti-katolikusok.de\/index.php\/2025-oktober-20-es-26-kozott\/"},"wordCount":371,"image":{"@id":"https:\/\/stuttgarti-katolikusok.de\/index.php\/2025-oktober-20-es-26-kozott\/#primaryimage"},"thumbnailUrl":"https:\/\/stuttgarti-katolikusok.de\/wp-content\/uploads\/2025\/10\/ferenczy-noemi-oktober.jpg","articleSection":["Progamel\u0151zetes"],"inLanguage":"hu"},{"@type":"WebPage","@id":"https:\/\/stuttgarti-katolikusok.de\/index.php\/2025-oktober-20-es-26-kozott\/","url":"https:\/\/stuttgarti-katolikusok.de\/index.php\/2025-oktober-20-es-26-kozott\/","name":"2025. OKT\u00d3BER 20 \u00c9S 26 K\u00d6Z\u00d6TT - Stuttgarti Katolikusok","isPartOf":{"@id":"https:\/\/stuttgarti-katolikusok.de\/#website"},"primaryImageOfPage":{"@id":"https:\/\/stuttgarti-katolikusok.de\/index.php\/2025-oktober-20-es-26-kozott\/#primaryimage"},"image":{"@id":"https:\/\/stuttgarti-katolikusok.de\/index.php\/2025-oktober-20-es-26-kozott\/#primaryimage"},"thumbnailUrl":"https:\/\/stuttgarti-katolikusok.de\/wp-content\/uploads\/2025\/10\/ferenczy-noemi-oktober.jpg","datePublished":"2025-10-21T09:37:33+00:00","dateModified":"2025-10-21T10:56:40+00:00","author":{"@id":"https:\/\/stuttgarti-katolikusok.de\/#\/schema\/person\/75908d6f8fdc03a57889d27209df7795"},"breadcrumb":{"@id":"https:\/\/stuttgarti-katolikusok.de\/index.php\/2025-oktober-20-es-26-kozott\/#breadcrumb"},"inLanguage":"hu","potentialAction":[{"@type":"ReadAction","target":["https:\/\/stuttgarti-katolikusok.de\/index.php\/2025-oktober-20-es-26-kozott\/"]}]},{"@type":"ImageObject","inLanguage":"hu","@id":"https:\/\/stuttgarti-katolikusok.de\/index.php\/2025-oktober-20-es-26-kozott\/#primaryimage","url":"https:\/\/stuttgarti-katolikusok.de\/wp-content\/uploads\/2025\/10\/ferenczy-noemi-oktober.jpg","contentUrl":"https:\/\/stuttgarti-katolikusok.de\/wp-content\/uploads\/2025\/10\/ferenczy-noemi-oktober.jpg","width":2048,"height":1884},{"@type":"BreadcrumbList","@id":"https:\/\/stuttgarti-katolikusok.de\/index.php\/2025-oktober-20-es-26-kozott\/#breadcrumb","itemListElement":[{"@type":"ListItem","position":1,"name":"Kezd\u0151lap","item":"https:\/\/stuttgarti-katolikusok.de\/"},{"@type":"ListItem","position":2,"name":"2025. OKT\u00d3BER 20 \u00c9S 26 K\u00d6Z\u00d6TT"}]},{"@type":"WebSite","@id":"https:\/\/stuttgarti-katolikusok.de\/#website","url":"https:\/\/stuttgarti-katolikusok.de\/","name":"Stuttgarti Katolikusok","description":"","potentialAction":[{"@type":"SearchAction","target":{"@type":"EntryPoint","urlTemplate":"https:\/\/stuttgarti-katolikusok.de\/?s={search_term_string}"},"query-input":{"@type":"PropertyValueSpecification","valueRequired":true,"valueName":"search_term_string"}}],"inLanguage":"hu"},{"@type":"Person","@id":"https:\/\/stuttgarti-katolikusok.de\/#\/schema\/person\/75908d6f8fdc03a57889d27209df7795","name":"Tibor atya","image":{"@type":"ImageObject","inLanguage":"hu","@id":"https:\/\/secure.gravatar.com\/avatar\/61d268e57d1f4525b111222e29d2d5a7f8c420fdbf231ba5566a8ceac74fa960?s=96&d=mm&r=g","url":"https:\/\/secure.gravatar.com\/avatar\/61d268e57d1f4525b111222e29d2d5a7f8c420fdbf231ba5566a8ceac74fa960?s=96&d=mm&r=g","contentUrl":"https:\/\/secure.gravatar.com\/avatar\/61d268e57d1f4525b111222e29d2d5a7f8c420fdbf231ba5566a8ceac74fa960?s=96&d=mm&r=g","caption":"Tibor atya"},"url":"https:\/\/stuttgarti-katolikusok.de\/index.php\/author\/tibor-atya\/"}]}},"_links":{"self":[{"href":"https:\/\/stuttgarti-katolikusok.de\/index.php\/wp-json\/wp\/v2\/posts\/31847","targetHints":{"allow":["GET"]}}],"collection":[{"href":"https:\/\/stuttgarti-katolikusok.de\/index.php\/wp-json\/wp\/v2\/posts"}],"about":[{"href":"https:\/\/stuttgarti-katolikusok.de\/index.php\/wp-json\/wp\/v2\/types\/post"}],"author":[{"embeddable":true,"href":"https:\/\/stuttgarti-katolikusok.de\/index.php\/wp-json\/wp\/v2\/users\/3"}],"replies":[{"embeddable":true,"href":"https:\/\/stuttgarti-katolikusok.de\/index.php\/wp-json\/wp\/v2\/comments?post=31847"}],"version-history":[{"count":12,"href":"https:\/\/stuttgarti-katolikusok.de\/index.php\/wp-json\/wp\/v2\/posts\/31847\/revisions"}],"predecessor-version":[{"id":31876,"href":"https:\/\/stuttgarti-katolikusok.de\/index.php\/wp-json\/wp\/v2\/posts\/31847\/revisions\/31876"}],"wp:featuredmedia":[{"embeddable":true,"href":"https:\/\/stuttgarti-katolikusok.de\/index.php\/wp-json\/wp\/v2\/media\/31849"}],"wp:attachment":[{"href":"https:\/\/stuttgarti-katolikusok.de\/index.php\/wp-json\/wp\/v2\/media?parent=31847"}],"wp:term":[{"taxonomy":"category","embeddable":true,"href":"https:\/\/stuttgarti-katolikusok.de\/index.php\/wp-json\/wp\/v2\/categories?post=31847"},{"taxonomy":"post_tag","embeddable":true,"href":"https:\/\/stuttgarti-katolikusok.de\/index.php\/wp-json\/wp\/v2\/tags?post=31847"}],"curies":[{"name":"wp","href":"https:\/\/api.w.org\/{rel}","templated":true}]}}