{"id":31835,"date":"2025-10-18T10:53:05","date_gmt":"2025-10-18T08:53:05","guid":{"rendered":"https:\/\/stuttgarti-katolikusok.de\/?p=31835"},"modified":"2025-10-18T10:53:55","modified_gmt":"2025-10-18T08:53:55","slug":"evkozi-29-vasarnap-misszios-vasarnap-2","status":"publish","type":"post","link":"https:\/\/stuttgarti-katolikusok.de\/index.php\/evkozi-29-vasarnap-misszios-vasarnap-2\/","title":{"rendered":"\u00c9vk\u00f6zi 29. vas\u00e1rnap \u2013 Misszi\u00f3s vas\u00e1rnap"},"content":{"rendered":"<p><span style=\"color: #ff6600;\"><em>Az embert a teremt\u00e9s koron\u00e1j\u00e1nak nevezz\u00fck, mert \u00e9rtelm\u00e9vel k\u00e9pes felismerni a teremtett vil\u00e1g rendj\u00e9t, t\u00f6rv\u00e9nyeit \u00e9s sz\u00e9ps\u00e9g\u00e9t. Mindez\u00e9rt pedig, mint a teremtett vil\u00e1g k\u00e9pvisel\u0151je \u00e9s \u0151rz\u0151je, h\u00e1l\u00e1t tud adni Istennek: im\u00e1dkozik hozz\u00e1 \u00e9s dics\u0151\u00edti \u0150t.<\/em><\/span><\/p>\n<p><span style=\"color: #ff6600;\"><em>Misszi\u00f3s vas\u00e1rnap van ma. Ennek alapvet\u0151 \u00fczenete, hogy kereszt\u00e9ny emberk\u00e9nt mindannyiunk egy\u00e9ni feladata Krisztus \u00f6r\u00f6mh\u00edr\u00e9nek tov\u00e1bbad\u00e1sa. Erre a kereszts\u00e9g szents\u00e9g\u00e9ben kaptunk \u00e1ltal\u00e1nos felhatalmaz\u00e1st.<\/em><\/span><\/p>\n<p><span style=\"color: #ff6600;\"><em>Az olvasm\u00e1ny a kitart\u00f3 \u00e9s \u00e1llhatatos im\u00e1ds\u00e1g erej\u00e9r\u0151l sz\u00f3l. A h\u00edv\u0151 ember nemcsak a maga erej\u00e9ben b\u00edzik, hanem a Gondvisel\u0151 Istenben. Csakis neki van ereje \u00e9s hatalma az utunkba es\u0151 akad\u00e1lyok elh\u00e1r\u00edt\u00e1s\u00e1ra. A kitart\u00f3 im\u00e1ds\u00e1g \u00e9s k\u00f6zbenj\u00e1r\u00e1s gy\u00f6ny\u00f6r\u0171 k\u00e9pe: &#8222;M\u00f3zes karja v\u00e9g\u00fcl is elf\u00e1radt. Ez\u00e9rt vettek egy k\u00f6vet, odavitt\u00e9k \u00e9s r\u00e1\u00fcltett\u00e9k. \u00c1ron \u00e9s Hur pedig a karj\u00e1t tartotta, egyik az egyik oldalon, a m\u00e1sik a m\u00e1sik oldalon. \u00cdgy karja kit\u00e1rva maradt napsz\u00e1llt\u00e1ig.&#8221; Oda\u00e1llni \u00e9s tartani a m\u00e1sik karj\u00e1t, \u00f6r\u00f6k lehet\u0151s\u00e9g sz\u00e1momra.<\/em><\/span><\/p>\n<p><span style=\"color: #ff6600;\"><em>A szentlecke az \u00e1llhatatoss\u00e1g fontoss\u00e1g\u00e1t emeli ki. A h\u00edv\u0151 ember tan\u00fas\u00e1gt\u00e9tel\u00e9nek egyik legf\u0151bb kell\u00e9ke. Vagyis, nem hirtelen fell\u00e1ngol\u00e1sr\u00f3l van sz\u00f3, hanem \u00e1lland\u00f3, kitart\u00f3 \u00e9s k\u00f6vetkezetes emberi magatart\u00e1sr\u00f3l. Erre a k\u00f6vetkezetess\u00e9gre utal a megalkuv\u00e1s n\u00e9lk\u00fcli tan\u00fas\u00e1gt\u00e9tel.<\/em><\/span><\/p>\n<p><span style=\"color: #ff6600;\"><em>Az evang\u00e9liumi p\u00e9ldabesz\u00e9d \u00fczenete mindezek f\u00e9ny\u00e9ben m\u00e1r egy\u00e9rtelm\u0171: a kitart\u00f3 \u00e9s bizalomteljes im\u00e1ds\u00e1gnak Isten nem tud ellen\u00e1llni. Bizonnyal meghallgatja azt. Nek\u00fcnk pedig hasznunkra v\u00e1lik. Er\u0151s\u00edti benn\u00fcnk Isten ir\u00e1nti h\u0171s\u00e9g\u00fcnket \u00e9s szeretet\u00fcnket, amelyre felt\u00e9tlen\u00fcl sz\u00fcks\u00e9g\u00fcnk van.<\/em><\/span><\/p>\n<p><span style=\"color: #339966;\">Kezd\u0151\u00e9nek:<\/span><br \/>\nHozz\u00e1d ki\u00e1ltok, mert te meghallgatsz, Istenem, hajtsd hozz\u00e1m f\u00fcledet, hallgasd meg szavam! \u00d3vj engem, Uram, mint szemed f\u00e9ny\u00e9t, sz\u00e1rnyad \u00e1rny\u00e9k\u00e1ban oltalmazz engem! (V\u00f6. Zsolt 16,6.8)<\/p>\n<p><span style=\"color: #339966;\">K\u00f6ny\u00f6rg\u00e9s:<\/span><br \/>\nMindenhat\u00f3, \u00f6r\u00f6k Isten, add, hogy mindenkor \u0151szinte sz\u00edvvel \u00e9s k\u00e9szs\u00e9ges akarattal szolg\u00e1ljunk F\u00f6ls\u00e9gednek. A mi Urunk, J\u00e9zus Krisztus, a te Fiad \u00e1ltal, aki veled \u00e9l \u00e9s uralkodik a Szentl\u00e9lekkel egys\u00e9gben, Isten mind\u00f6r\u00f6kk\u00f6n \u00f6r\u00f6kk\u00e9.<\/p>\n<p><span style=\"color: #339966;\">OLVASM\u00c1NY M\u00f3zes m\u00e1sodik k\u00f6nyv\u00e9b\u0151l (Kiv 17,8-13)<\/span><br \/>\n<em>Izrael n<\/em><em>\u00e9pe a pusztai v<\/em><em>\u00e1ndorl<\/em><em>\u00e1s sor<\/em><em>\u00e1n gy<\/em><em>\u0151zelmet aratott az amalekit<\/em><em>\u00e1k f<\/em><em>\u00f6l<\/em><em>\u00f6tt, mert M<\/em><em>\u00f3zes im<\/em><em>\u00e1dkozott <\/em><em>\u00e9rt<\/em><em>\u00fck.<\/em><br \/>\nA v\u00e1lasztott n\u00e9p pusztai v\u00e1ndorl\u00e1sa idej\u00e9n t\u00f6rt\u00e9nt:<br \/>\nAz amalekit\u00e1k el\u0151renyomultak, hogy Refidimn\u00e9l megk\u00fczdjenek Izrael fiaival.<br \/>\nM\u00f3zes \u00edgy sz\u00f3lt J\u00f3zsu\u00e9hoz: \u201eV\u00e1lassz ki nek\u00fcnk f\u00e9rfiakat, \u00e9s sz\u00e1llj harcba az amalekit\u00e1kkal. \u00c9n pedig holnap Isten botj\u00e1val a kezemben ki\u00e1llok a domb tetej\u00e9re.\u201d J\u00f3zsue \u00fagy tett, ahogy M\u00f3zes parancsolta, \u00e9s meg\u00fctk\u00f6z\u00f6tt az amalekit\u00e1kkal. M\u00f3zes k\u00f6zben \u00c1ronnal \u00e9s Hurral f\u00f6lment a domb tetej\u00e9re.<br \/>\nAmeddig M\u00f3zes a kez\u00e9t kit\u00e1rva tartotta, az izraelit\u00e1k f\u00f6l\u00e9nyben voltak, de ha leeresztette a kez\u00e9t, az amalekit\u00e1k jutottak f\u00f6l\u00e9nyhez. M\u00f3zes karja v\u00e9g\u00fcl is elf\u00e1radt. Ez\u00e9rt vettek egy k\u00f6vet, odavitt\u00e9k \u00e9s r\u00e1\u00fcltett\u00e9k. \u00c1ron \u00e9s Hur pedig a karj\u00e1t tartotta, egyik az egyik oldalon, a m\u00e1sik a m\u00e1sik oldalon. \u00cdgy karja kit\u00e1rva maradt napsz\u00e1llt\u00e1ig. J\u00f3zsue pedig kard\u00e9lre h\u00e1nyta az amalekit\u00e1kat \u00e9s hadi n\u00e9p\u00fcket.<br \/>\nEz az Isten ig\u00e9je.<\/p>\n<p><span style=\"color: #339966;\">V\u00c1LASZOS ZSOLT\u00c1R Zsolt 120,1-2.3-4.5-6.7-89<\/span><br \/>\nV\u00e1lasz:\u00a0<strong>Seg<\/strong><strong>\u00edts<\/strong><strong>\u00e9g<\/strong><strong>\u00fcnk az <\/strong><strong>\u00dar nev<\/strong><strong>\u00e9ben van, * aki mennynek <\/strong><strong>\u00e9s a f<\/strong><strong>\u00f6ldnek alkot<\/strong><strong>\u00f3ja.<\/strong>\u00a02. vers. (3. t\u00f3nus)<br \/>\nEl\u0151\u00e9nekes: Szememet a hegyekre emelem, * honn\u00e9t is j\u00f6hetne seg\u00edts\u00e9gem.<br \/>\nSeg\u00edts\u00e9get csak az \u00dart\u00f3l kaphatok, * aki a mennynek \u00e9s a f\u00f6ldnek alkot\u00f3ja.<br \/>\nH\u00edvek: Seg\u00edts\u00e9g\u00fcnk az \u00dar nev\u00e9ben van, * aki mennynek \u00e9s a f\u00f6ldnek alkot\u00f3ja.<br \/>\nE: Nem engedi inogni l\u00e1badat, * nem alszik el aki \u0151riz t\u00e9ged.<br \/>\nBizony nem szunnyad, nem is alszik el, * aki \u0151re Izraelnek.<br \/>\nH: Seg\u00edts\u00e9g\u00fcnk az \u00dar nev\u00e9ben van, * aki mennynek \u00e9s a f\u00f6ldnek alkot\u00f3ja.<br \/>\nE: Az \u00dar a te \u0151rz\u0151d, \u0151 a te v\u00e9delmed, \u0151 jobbod fel\u0151l meg\u00f3v t\u00e9ged.<br \/>\nNem \u00e9get d\u00e9lben a nap t\u00fcze, * \u00e9s nem dermeszt a holdas \u00e9jjel.<br \/>\nH: Seg\u00edts\u00e9g\u00fcnk az \u00dar nev\u00e9ben van, * aki mennynek \u00e9s a f\u00f6ldnek alkot\u00f3ja.<br \/>\nE: Az \u00dar megv\u00e9di lelkedet, * az \u00dar meg\u0151riz minden bajt\u00f3l.<br \/>\nAz \u00dar vigy\u00e1z r\u00e1d j\u00e1rtadban, keltedben, * mostant\u00f3l fogva mind\u00f6r\u00f6kk\u00e9.<br \/>\nH: Seg\u00edts\u00e9g\u00fcnk az \u00dar nev\u00e9ben van, * aki mennynek \u00e9s a f\u00f6ldnek alkot\u00f3ja.<\/p>\n<p><span style=\"color: #339966;\">SZENTLECKE Szent P\u00e1l apostolnak Tim\u00f3teushoz \u00edrt m\u00e1sodik level\u00e9b\u0151l (2Tim 3,14\u20134,2)<\/span><br \/>\n<em>Isten embere legyen t<\/em><em>\u00f6k<\/em><em>\u00e9letes <\/em><em>\u00e9s minden j<\/em><em>\u00f3ra k<\/em><em>\u00e9sz.<\/em><br \/>\nSzeretett Fiam!<br \/>\nTarts ki amellett, amit tanult\u00e1l, s amir\u0151l meggy\u0151z\u0151dt\u00e9l, hiszen tudod, kit\u0151l tanultad. Gyermekkorod \u00f3ta ismered a Szent\u00edr\u00e1st: ez megadja neked az \u00fatmutat\u00e1st ahhoz, hogy a Krisztus J\u00e9zusba vetett hit \u00e1ltal eljuss az \u00fcdv\u00f6ss\u00e9gre.<br \/>\nMinden \u00edr\u00e1s, amelyet az Isten sugalmazott, j\u00f3l haszn\u00e1lhat\u00f3 a tan\u00edt\u00e1sra, az \u00e9rvel\u00e9sre, a fedd\u00e9sre s az igaz \u00e9letre val\u00f3 nevel\u00e9sre, hogy az Isten embere t\u00f6k\u00e9letes \u00e9s minden j\u00f3ra k\u00e9sz legyen.<br \/>\nK\u00e9rve k\u00e9rlek az Istenre \u00e9s Krisztus J\u00e9zusra, aki \u00edt\u00e9lkezni fog \u00e9l\u0151k \u00e9s holtak f\u00f6l\u00f6tt, az \u0151 elj\u00f6vetel\u00e9re \u00e9s orsz\u00e1g\u00e1ra: hirdesd az ig\u00e9t, \u00e1llj vele el\u0151, ak\u00e1r alkalmas, ak\u00e1r alkalmatlan. \u00c9rvelj, ints, buzd\u00edts nagy t\u00fcrelemmel \u00e9s hozz\u00e1\u00e9rt\u00e9ssel.<br \/>\nEz az Isten ig\u00e9je.<\/p>\n<p><span style=\"color: #339966;\">ALLELUJA<\/span><br \/>\nIsten szava \u00e9l\u0151 \u00e9s \u00e1that\u00f3, * meg\u00edt\u00e9li a gondolatot \u00e9s a sz\u00e1nd\u00e9kot sz\u00edv\u00fcnk m\u00e9ly\u00e9n. Zsid 4,12 \u2013 9. t\u00f3nus.<\/p>\n<p><span style=\"color: #339966;\">\u2020 EVANG\u00c9LIUM Szent Luk\u00e1cs k\u00f6nyv\u00e9b\u0151l (Lk 18,1-8)<\/span><br \/>\n<em>Isten meghallgatja azokat, akik <\/em><em>\u0151t <\/em><em>\u00e1llhatatosan k<\/em><em>\u00e9rik.<\/em><br \/>\nAbban az id\u0151ben:<br \/>\nP\u00e9ldabesz\u00e9det mondott J\u00e9zus arr\u00f3l, hogy sz\u00fcntelen\u00fcl kell im\u00e1dkozni \u00e9s nem szabad belef\u00e1radni.<br \/>\n\u00cdgy sz\u00f3lt: \u201eAz egyik v\u00e1rosban \u00e9lt egy b\u00edr\u00f3, aki Istent\u0151l nem f\u00e9lt \u00e9s embert\u0151l nem tartott. \u00c9lt abban a v\u00e1rosban egy \u00f6zvegyasszony is. Ez elment hozz\u00e1, \u00e9s k\u00e9rte: \u00bbSzolg\u00e1ltass nekem igazs\u00e1got ellenfelemmel szemben.\u00ab<br \/>\nA b\u00edr\u00f3 egy ideig vonakodott, azt\u00e1n m\u00e9gis \u00edgy sz\u00f3lt mag\u00e1ban: \u00bbNoha Istent\u0151l nem f\u00e9lek, embert\u0151l nem tartok, de ez az \u00f6zvegy annyira terhemre van, hogy igazs\u00e1got szolg\u00e1ltatok neki, mert a v\u00e9g\u00e9n m\u00e9g nekem j\u00f6n \u00e9s megver.\u00ab\u201d<br \/>\nAz \u00dar \u00edgy sz\u00f3lt: \u201eHallott\u00e1tok, hogy mit mond az igazs\u00e1gtalan b\u00edr\u00f3. Vajon Isten nem szolg\u00e1ltat igazs\u00e1got v\u00e1lasztottjainak, akik \u00e9jjel-nappal hozz\u00e1 folyamodnak? Tal\u00e1n megv\u00e1rakoztatja \u0151ket? Mondom nektek, hamarosan igazs\u00e1got szolg\u00e1ltat nekik.<br \/>\nCsak az a k\u00e9rd\u00e9s, hogy amikor az Emberfia elj\u00f6n, tal\u00e1l-e hitet a f\u00f6ld\u00f6n?\u201d<br \/>\nEzek az evang\u00e9lium ig\u00e9i.<\/p>\n<p><span style=\"color: #339966;\">EGYETEMES K\u00d6NY\u00d6RG\u00c9SEK<\/span><br \/>\nPap: Testv\u00e9reim! Isten meghallgat minket, ha \u00e1llhatatosan k\u00e9rj\u00fck t\u0151le a Szentlelket magunknak \u00e9s embert\u00e1rsainknak. Im\u00e1dkozzunk teh\u00e1t nagy bizalommal!<br \/>\nLektor: 1. Szentaty\u00e1nk, f\u0151p\u00e1sztoraink, paps\u00e1gunk \u00e9s a szerzetesek a Szentl\u00e9lek kegyelm\u00e9vel h\u0171s\u00e9gesen teljes\u00edts\u00e9k hivat\u00e1sukat!<br \/>\nH\u00edvek: K\u00e9r\u00fcnk t\u00e9ged, hallgass meg minket!<br \/>\n2. A n\u00e9pek vezet\u0151i k\u00f6vess\u00e9k a L\u00e9lek ind\u00edt\u00e1sait, hogy \u00edgy az eg\u00e9sz emberis\u00e9gnek r\u00e9sze legyen a b\u00e9ke \u00e1ld\u00e1s\u00e1ban!<br \/>\nH\u00edvek: K\u00e9r\u00fcnk t\u00e9ged . . .<br \/>\n3. H\u00edveid, Urunk, rend\u00fcletlen\u00fcl b\u00edzzanak abban, hogy minden sz\u00fcks\u00e9geset megkapnak t\u0151led, ha els\u0151sorban orsz\u00e1godat \u00e9s igazs\u00e1godat keresik!<br \/>\nH\u00edvek: K\u00e9r\u00fcnk t\u00e9ged . . .<br \/>\n4. A szenved\u0151knek add kegyelmedet, hogy er\u0151t ne vegyen rajtuk a cs\u00fcgged\u00e9s!<br \/>\nH\u00edvek: K\u00e9r\u00fcnk t\u00e9ged . . .<br \/>\n5. Egyh\u00e1zk\u00f6zs\u00e9g\u00fcnk h\u00edvei minden \u00fcgyes-bajos dolgukban gondvisel\u0151 j\u00f3s\u00e1godba vess\u00e9k bizalmukat!<br \/>\nH\u00edvek: K\u00e9r\u00fcnk t\u00e9ged . . .<br \/>\nPap: T\u00f6ltsd el, Urunk, bizalommal lelk\u00fcnket, hogy t\u00e9ged \u00e1llhatatosan k\u00e9rj\u00fcnk, \u00e9s aggodalmaskod\u00e1s n\u00e9lk\u00fcl szolg\u00e1ljunk neked! Krisztus, a mi Urunk \u00e1ltal.<br \/>\nH\u00edvek: \u00c1men.<\/p>\n<p><span style=\"color: #339966;\">Felaj\u00e1nl\u00f3 k\u00f6ny\u00f6rg\u00e9s:<\/span><br \/>\nK\u00e9r\u00fcnk, Urunk, Isten\u00fcnk, add, hogy aj\u00e1nd\u00e9kaidat k\u00e9szs\u00e9ges szolg\u00e1lattal hozzuk el\u00e9d. Kegyelmed seg\u00edts\u00e9g\u00e9vel tiszt\u00edtson meg minket ez az \u00e1ldozat, amelyet bemutatunk neked. Krisztus, a mi Urunk \u00e1ltal.<\/p>\n<p><span style=\"color: #339966;\">Pref\u00e1ci\u00f3:<\/span><br \/>\nMert val\u00f3ban m\u00e9lt\u00f3 \u00e9s igazs\u00e1gos, ill\u0151 \u00e9s \u00fcdv\u00f6s, hogy mindig \u00e9s minden\u00fctt h\u00e1l\u00e1t adjunk n\u00e9ked, mi Urunk, szents\u00e9ges Aty\u00e1nk, mindenhat\u00f3, \u00f6r\u00f6k Isten:<br \/>\nMert te alkott\u00e1l mindent, amib\u0151l a vil\u00e1g \u00e9p\u00fcl, az id\u0151k j\u00e1r\u00e1s\u00e1nak te szabt\u00e1l t\u00f6rv\u00e9nyt.<br \/>\nA te k\u00e9pm\u00e1sodra form\u00e1ltad az embert, s\u0151t hatalm\u00e1ba adtad mindazt, amit a vil\u00e1gban \u00e1mulva l\u00e1tunk, hogy helyettesedk\u00e9nt uralkodj\u00e9k minden m\u0171veden, \u00e9s nagy tetteid\u00e9rt sz\u00fcntelen magasztaljon T\u00e9ged, Krisztus, a mi Urunk \u00e1ltal.<br \/>\n\u00c9s ez\u00e9rt mi is dics\u0151\u00edt\u00fcnk az \u00f6sszes angyallal egy\u00fctt, vid\u00e1m l\u00e9lekkel \u00e9nekl\u00fcnk, \u00e9s h\u00e1l\u00e1s sz\u00edvvel zengj\u00fck:<\/p>\n<p><span style=\"color: #339966;\">\u00c1ldoz\u00e1si \u00e9nek:<\/span><br \/>\n\u00edme, az \u00dar szeme azokon, akik \u0151t f\u00e9lik, \u00e9s azokon, akik az \u0151 irgalmass\u00e1g\u00e1ban b\u00edznak; megmenti lelk\u00fcket a hal\u00e1lt\u00f3l, \u00e9s t\u00e1pl\u00e1lja \u0151ket \u00edns\u00e9g idej\u00e9n. (V\u00f6. Zsolt 32,18-19)<br \/>\n<span style=\"color: #339966;\"><em>Vagy<\/em><\/span><br \/>\nAz Emberfia az\u00e9rt j\u00f6tt, hogy \u00e9let\u00e9t adja v\u00e1lts\u00e1gul sokak\u00e9rt. (Mk 10,45)<\/p>\n<p><span style=\"color: #339966;\">\u00c1ldoz\u00e1s ut\u00e1ni k\u00f6ny\u00f6rg\u00e9s:<\/span><br \/>\nK\u00e9r\u00fcnk, Urunk, Isten\u00fcnk, gazdag\u00edts benn\u00fcnket mennyei aj\u00e1nd\u00e9kod gyakori v\u00e9tel\u00e9vel, hogy a muland\u00f3 javak seg\u00edtsenek, az \u00f6r\u00f6k javak pedig t\u00f6k\u00e9letes\u00edtsenek minket. Krisztus, a mi Urunk \u00e1ltal.<\/p>\n<p><em>(K\u00e9p forr\u00e1sa: Instagram)<\/em><\/p>\n","protected":false},"excerpt":{"rendered":"<p>Az embert a teremt\u00e9s koron\u00e1j\u00e1nak nevezz\u00fck, mert \u00e9rtelm\u00e9vel k\u00e9pes felismerni a teremtett vil\u00e1g rendj\u00e9t, t\u00f6rv\u00e9nyeit \u00e9s sz\u00e9ps\u00e9g\u00e9t. Mindez\u00e9rt pedig, mint a teremtett vil\u00e1g k\u00e9pvisel\u0151je \u00e9s \u0151rz\u0151je, h\u00e1l\u00e1t tud adni Istennek: im\u00e1dkozik hozz\u00e1 \u00e9s dics\u0151\u00edti \u0150t. Misszi\u00f3s vas\u00e1rnap van ma. Ennek alapvet\u0151 \u00fczenete, hogy kereszt\u00e9ny emberk\u00e9nt mindannyiunk egy\u00e9ni feladata Krisztus \u00f6r\u00f6mh\u00edr\u00e9nek tov\u00e1bbad\u00e1sa. Erre a kereszts\u00e9g szents\u00e9g\u00e9ben kaptunk \u00e1ltal\u00e1nos felhatalmaz\u00e1st. Az olvasm\u00e1ny a kitart\u00f3 \u00e9s \u00e1llhatatos im\u00e1ds\u00e1g erej\u00e9r\u0151l sz\u00f3l. A h\u00edv\u0151 ember nemcsak a maga erej\u00e9ben b\u00edzik, hanem a Gondvisel\u0151 Istenben. Csakis neki van ereje \u00e9s hatalma az utunkba es\u0151 akad\u00e1lyok elh\u00e1r\u00edt\u00e1s\u00e1ra. A kitart\u00f3 im\u00e1ds\u00e1g \u00e9s k\u00f6zbenj\u00e1r\u00e1s gy\u00f6ny\u00f6r\u0171 k\u00e9pe: &#8222;M\u00f3zes karja v\u00e9g\u00fcl is elf\u00e1radt. Ez\u00e9rt vettek egy k\u00f6vet, odavitt\u00e9k \u00e9s r\u00e1\u00fcltett\u00e9k. \u00c1ron \u00e9s Hur pedig a karj\u00e1t tartotta, egyik az egyik oldalon, a m\u00e1sik a m\u00e1sik oldalon. \u00cdgy karja kit\u00e1rva maradt napsz\u00e1llt\u00e1ig.&#8221; Oda\u00e1llni \u00e9s tartani a m\u00e1sik karj\u00e1t, \u00f6r\u00f6k lehet\u0151s\u00e9g sz\u00e1momra. A szentlecke az \u00e1llhatatoss\u00e1g fontoss\u00e1g\u00e1t emeli ki. A h\u00edv\u0151 ember tan\u00fas\u00e1gt\u00e9tel\u00e9nek egyik legf\u0151bb kell\u00e9ke. Vagyis, nem hirtelen fell\u00e1ngol\u00e1sr\u00f3l van sz\u00f3, hanem \u00e1lland\u00f3, kitart\u00f3 \u00e9s k\u00f6vetkezetes emberi magatart\u00e1sr\u00f3l. Erre a k\u00f6vetkezetess\u00e9gre utal a megalkuv\u00e1s n\u00e9lk\u00fcli tan\u00fas\u00e1gt\u00e9tel. Az evang\u00e9liumi p\u00e9ldabesz\u00e9d \u00fczenete mindezek f\u00e9ny\u00e9ben m\u00e1r egy\u00e9rtelm\u0171: a kitart\u00f3 \u00e9s bizalomteljes im\u00e1ds\u00e1gnak Isten nem tud ellen\u00e1llni. Bizonnyal meghallgatja azt. Nek\u00fcnk pedig hasznunkra v\u00e1lik. Er\u0151s\u00edti benn\u00fcnk Isten ir\u00e1nti h\u0171s\u00e9g\u00fcnket \u00e9s szeretet\u00fcnket, amelyre felt\u00e9tlen\u00fcl sz\u00fcks\u00e9g\u00fcnk van. Kezd\u0151\u00e9nek: Hozz\u00e1d ki\u00e1ltok, mert te meghallgatsz, Istenem, hajtsd hozz\u00e1m f\u00fcledet, hallgasd meg szavam! \u00d3vj engem, Uram, mint szemed f\u00e9ny\u00e9t, sz\u00e1rnyad \u00e1rny\u00e9k\u00e1ban oltalmazz engem! (V\u00f6. Zsolt 16,6.8) K\u00f6ny\u00f6rg\u00e9s: Mindenhat\u00f3, \u00f6r\u00f6k Isten, add, hogy mindenkor \u0151szinte sz\u00edvvel \u00e9s k\u00e9szs\u00e9ges akarattal szolg\u00e1ljunk F\u00f6ls\u00e9gednek. A mi Urunk, J\u00e9zus Krisztus, a te Fiad \u00e1ltal, aki veled \u00e9l \u00e9s uralkodik a Szentl\u00e9lekkel egys\u00e9gben, Isten mind\u00f6r\u00f6kk\u00f6n \u00f6r\u00f6kk\u00e9. OLVASM\u00c1NY M\u00f3zes m\u00e1sodik k\u00f6nyv\u00e9b\u0151l (Kiv 17,8-13) Izrael n\u00e9pe a pusztai v\u00e1ndorl\u00e1s sor\u00e1n gy\u0151zelmet aratott az amalekit\u00e1k f\u00f6l\u00f6tt, mert M\u00f3zes im\u00e1dkozott \u00e9rt\u00fck. A v\u00e1lasztott n\u00e9p pusztai v\u00e1ndorl\u00e1sa idej\u00e9n t\u00f6rt\u00e9nt: Az amalekit\u00e1k el\u0151renyomultak,&#8230; <\/p>\n<p><a class=\"readmore\" href=\"https:\/\/stuttgarti-katolikusok.de\/index.php\/evkozi-29-vasarnap-misszios-vasarnap-2\/\">R\u00e9szletek<\/a><\/p>\n","protected":false},"author":3,"featured_media":20418,"comment_status":"closed","ping_status":"closed","sticky":false,"template":"","format":"standard","meta":{"footnotes":""},"categories":[85,63],"tags":[],"class_list":["post-31835","post","type-post","status-publish","format-standard","has-post-thumbnail","hentry","category-a-liturgia-olvasmanyai","category-vasarnapi-gondolatok"],"yoast_head":"<!-- This site is optimized with the Yoast SEO plugin v27.3 - https:\/\/yoast.com\/product\/yoast-seo-wordpress\/ -->\n<title>\u00c9vk\u00f6zi 29. vas\u00e1rnap \u2013 Misszi\u00f3s vas\u00e1rnap - Stuttgarti Katolikusok<\/title>\n<meta name=\"robots\" content=\"index, follow, max-snippet:-1, max-image-preview:large, max-video-preview:-1\" \/>\n<link rel=\"canonical\" href=\"https:\/\/stuttgarti-katolikusok.de\/index.php\/evkozi-29-vasarnap-misszios-vasarnap-2\/\" \/>\n<meta property=\"og:locale\" content=\"hu_HU\" \/>\n<meta property=\"og:type\" content=\"article\" \/>\n<meta property=\"og:title\" content=\"\u00c9vk\u00f6zi 29. vas\u00e1rnap \u2013 Misszi\u00f3s vas\u00e1rnap - Stuttgarti Katolikusok\" \/>\n<meta property=\"og:description\" content=\"Az embert a teremt\u00e9s koron\u00e1j\u00e1nak nevezz\u00fck, mert \u00e9rtelm\u00e9vel k\u00e9pes felismerni a teremtett vil\u00e1g rendj\u00e9t, t\u00f6rv\u00e9nyeit \u00e9s sz\u00e9ps\u00e9g\u00e9t. Mindez\u00e9rt pedig, mint a teremtett vil\u00e1g k\u00e9pvisel\u0151je \u00e9s \u0151rz\u0151je, h\u00e1l\u00e1t tud adni Istennek: im\u00e1dkozik hozz\u00e1 \u00e9s dics\u0151\u00edti \u0150t. Misszi\u00f3s vas\u00e1rnap van ma. Ennek alapvet\u0151 \u00fczenete, hogy kereszt\u00e9ny emberk\u00e9nt mindannyiunk egy\u00e9ni feladata Krisztus \u00f6r\u00f6mh\u00edr\u00e9nek tov\u00e1bbad\u00e1sa. Erre a kereszts\u00e9g szents\u00e9g\u00e9ben kaptunk \u00e1ltal\u00e1nos felhatalmaz\u00e1st. Az olvasm\u00e1ny a kitart\u00f3 \u00e9s \u00e1llhatatos im\u00e1ds\u00e1g erej\u00e9r\u0151l sz\u00f3l. A h\u00edv\u0151 ember nemcsak a maga erej\u00e9ben b\u00edzik, hanem a Gondvisel\u0151 Istenben. Csakis neki van ereje \u00e9s hatalma az utunkba es\u0151 akad\u00e1lyok elh\u00e1r\u00edt\u00e1s\u00e1ra. A kitart\u00f3 im\u00e1ds\u00e1g \u00e9s k\u00f6zbenj\u00e1r\u00e1s gy\u00f6ny\u00f6r\u0171 k\u00e9pe: &#8222;M\u00f3zes karja v\u00e9g\u00fcl is elf\u00e1radt. Ez\u00e9rt vettek egy k\u00f6vet, odavitt\u00e9k \u00e9s r\u00e1\u00fcltett\u00e9k. \u00c1ron \u00e9s Hur pedig a karj\u00e1t tartotta, egyik az egyik oldalon, a m\u00e1sik a m\u00e1sik oldalon. \u00cdgy karja kit\u00e1rva maradt napsz\u00e1llt\u00e1ig.&#8221; Oda\u00e1llni \u00e9s tartani a m\u00e1sik karj\u00e1t, \u00f6r\u00f6k lehet\u0151s\u00e9g sz\u00e1momra. A szentlecke az \u00e1llhatatoss\u00e1g fontoss\u00e1g\u00e1t emeli ki. A h\u00edv\u0151 ember tan\u00fas\u00e1gt\u00e9tel\u00e9nek egyik legf\u0151bb kell\u00e9ke. Vagyis, nem hirtelen fell\u00e1ngol\u00e1sr\u00f3l van sz\u00f3, hanem \u00e1lland\u00f3, kitart\u00f3 \u00e9s k\u00f6vetkezetes emberi magatart\u00e1sr\u00f3l. Erre a k\u00f6vetkezetess\u00e9gre utal a megalkuv\u00e1s n\u00e9lk\u00fcli tan\u00fas\u00e1gt\u00e9tel. Az evang\u00e9liumi p\u00e9ldabesz\u00e9d \u00fczenete mindezek f\u00e9ny\u00e9ben m\u00e1r egy\u00e9rtelm\u0171: a kitart\u00f3 \u00e9s bizalomteljes im\u00e1ds\u00e1gnak Isten nem tud ellen\u00e1llni. Bizonnyal meghallgatja azt. Nek\u00fcnk pedig hasznunkra v\u00e1lik. Er\u0151s\u00edti benn\u00fcnk Isten ir\u00e1nti h\u0171s\u00e9g\u00fcnket \u00e9s szeretet\u00fcnket, amelyre felt\u00e9tlen\u00fcl sz\u00fcks\u00e9g\u00fcnk van. Kezd\u0151\u00e9nek: Hozz\u00e1d ki\u00e1ltok, mert te meghallgatsz, Istenem, hajtsd hozz\u00e1m f\u00fcledet, hallgasd meg szavam! \u00d3vj engem, Uram, mint szemed f\u00e9ny\u00e9t, sz\u00e1rnyad \u00e1rny\u00e9k\u00e1ban oltalmazz engem! (V\u00f6. Zsolt 16,6.8) K\u00f6ny\u00f6rg\u00e9s: Mindenhat\u00f3, \u00f6r\u00f6k Isten, add, hogy mindenkor \u0151szinte sz\u00edvvel \u00e9s k\u00e9szs\u00e9ges akarattal szolg\u00e1ljunk F\u00f6ls\u00e9gednek. A mi Urunk, J\u00e9zus Krisztus, a te Fiad \u00e1ltal, aki veled \u00e9l \u00e9s uralkodik a Szentl\u00e9lekkel egys\u00e9gben, Isten mind\u00f6r\u00f6kk\u00f6n \u00f6r\u00f6kk\u00e9. OLVASM\u00c1NY M\u00f3zes m\u00e1sodik k\u00f6nyv\u00e9b\u0151l (Kiv 17,8-13) Izrael n\u00e9pe a pusztai v\u00e1ndorl\u00e1s sor\u00e1n gy\u0151zelmet aratott az amalekit\u00e1k f\u00f6l\u00f6tt, mert M\u00f3zes im\u00e1dkozott \u00e9rt\u00fck. A v\u00e1lasztott n\u00e9p pusztai v\u00e1ndorl\u00e1sa idej\u00e9n t\u00f6rt\u00e9nt: Az amalekit\u00e1k el\u0151renyomultak,... R\u00e9szletek\" \/>\n<meta property=\"og:url\" content=\"https:\/\/stuttgarti-katolikusok.de\/index.php\/evkozi-29-vasarnap-misszios-vasarnap-2\/\" \/>\n<meta property=\"og:site_name\" content=\"Stuttgarti Katolikusok\" \/>\n<meta property=\"article:published_time\" content=\"2025-10-18T08:53:05+00:00\" \/>\n<meta property=\"article:modified_time\" content=\"2025-10-18T08:53:55+00:00\" \/>\n<meta property=\"og:image\" content=\"https:\/\/stuttgarti-katolikusok.de\/wp-content\/uploads\/2020\/10\/szi-levelek.jpg\" \/>\n\t<meta property=\"og:image:width\" content=\"640\" \/>\n\t<meta property=\"og:image:height\" content=\"426\" \/>\n\t<meta property=\"og:image:type\" content=\"image\/jpeg\" \/>\n<meta name=\"author\" content=\"Tibor atya\" \/>\n<meta name=\"twitter:card\" content=\"summary_large_image\" \/>\n<meta name=\"twitter:label1\" content=\"Szerz\u0151:\" \/>\n\t<meta name=\"twitter:data1\" content=\"Tibor atya\" \/>\n\t<meta name=\"twitter:label2\" content=\"Becs\u00fclt olvas\u00e1si id\u0151\" \/>\n\t<meta name=\"twitter:data2\" content=\"7 perc\" \/>\n<script type=\"application\/ld+json\" class=\"yoast-schema-graph\">{\"@context\":\"https:\\\/\\\/schema.org\",\"@graph\":[{\"@type\":\"Article\",\"@id\":\"https:\\\/\\\/stuttgarti-katolikusok.de\\\/index.php\\\/evkozi-29-vasarnap-misszios-vasarnap-2\\\/#article\",\"isPartOf\":{\"@id\":\"https:\\\/\\\/stuttgarti-katolikusok.de\\\/index.php\\\/evkozi-29-vasarnap-misszios-vasarnap-2\\\/\"},\"author\":{\"name\":\"Tibor atya\",\"@id\":\"https:\\\/\\\/stuttgarti-katolikusok.de\\\/#\\\/schema\\\/person\\\/75908d6f8fdc03a57889d27209df7795\"},\"headline\":\"\u00c9vk\u00f6zi 29. vas\u00e1rnap \u2013 Misszi\u00f3s vas\u00e1rnap\",\"datePublished\":\"2025-10-18T08:53:05+00:00\",\"dateModified\":\"2025-10-18T08:53:55+00:00\",\"mainEntityOfPage\":{\"@id\":\"https:\\\/\\\/stuttgarti-katolikusok.de\\\/index.php\\\/evkozi-29-vasarnap-misszios-vasarnap-2\\\/\"},\"wordCount\":1774,\"image\":{\"@id\":\"https:\\\/\\\/stuttgarti-katolikusok.de\\\/index.php\\\/evkozi-29-vasarnap-misszios-vasarnap-2\\\/#primaryimage\"},\"thumbnailUrl\":\"https:\\\/\\\/stuttgarti-katolikusok.de\\\/wp-content\\\/uploads\\\/2020\\\/10\\\/szi-levelek.jpg\",\"articleSection\":[\"A liturgia olvasm\u00e1nyai\",\"Vas\u00e1rnapi gondolatok\"],\"inLanguage\":\"hu\"},{\"@type\":\"WebPage\",\"@id\":\"https:\\\/\\\/stuttgarti-katolikusok.de\\\/index.php\\\/evkozi-29-vasarnap-misszios-vasarnap-2\\\/\",\"url\":\"https:\\\/\\\/stuttgarti-katolikusok.de\\\/index.php\\\/evkozi-29-vasarnap-misszios-vasarnap-2\\\/\",\"name\":\"\u00c9vk\u00f6zi 29. vas\u00e1rnap \u2013 Misszi\u00f3s vas\u00e1rnap - Stuttgarti Katolikusok\",\"isPartOf\":{\"@id\":\"https:\\\/\\\/stuttgarti-katolikusok.de\\\/#website\"},\"primaryImageOfPage\":{\"@id\":\"https:\\\/\\\/stuttgarti-katolikusok.de\\\/index.php\\\/evkozi-29-vasarnap-misszios-vasarnap-2\\\/#primaryimage\"},\"image\":{\"@id\":\"https:\\\/\\\/stuttgarti-katolikusok.de\\\/index.php\\\/evkozi-29-vasarnap-misszios-vasarnap-2\\\/#primaryimage\"},\"thumbnailUrl\":\"https:\\\/\\\/stuttgarti-katolikusok.de\\\/wp-content\\\/uploads\\\/2020\\\/10\\\/szi-levelek.jpg\",\"datePublished\":\"2025-10-18T08:53:05+00:00\",\"dateModified\":\"2025-10-18T08:53:55+00:00\",\"author\":{\"@id\":\"https:\\\/\\\/stuttgarti-katolikusok.de\\\/#\\\/schema\\\/person\\\/75908d6f8fdc03a57889d27209df7795\"},\"breadcrumb\":{\"@id\":\"https:\\\/\\\/stuttgarti-katolikusok.de\\\/index.php\\\/evkozi-29-vasarnap-misszios-vasarnap-2\\\/#breadcrumb\"},\"inLanguage\":\"hu\",\"potentialAction\":[{\"@type\":\"ReadAction\",\"target\":[\"https:\\\/\\\/stuttgarti-katolikusok.de\\\/index.php\\\/evkozi-29-vasarnap-misszios-vasarnap-2\\\/\"]}]},{\"@type\":\"ImageObject\",\"inLanguage\":\"hu\",\"@id\":\"https:\\\/\\\/stuttgarti-katolikusok.de\\\/index.php\\\/evkozi-29-vasarnap-misszios-vasarnap-2\\\/#primaryimage\",\"url\":\"https:\\\/\\\/stuttgarti-katolikusok.de\\\/wp-content\\\/uploads\\\/2020\\\/10\\\/szi-levelek.jpg\",\"contentUrl\":\"https:\\\/\\\/stuttgarti-katolikusok.de\\\/wp-content\\\/uploads\\\/2020\\\/10\\\/szi-levelek.jpg\",\"width\":640,\"height\":426},{\"@type\":\"BreadcrumbList\",\"@id\":\"https:\\\/\\\/stuttgarti-katolikusok.de\\\/index.php\\\/evkozi-29-vasarnap-misszios-vasarnap-2\\\/#breadcrumb\",\"itemListElement\":[{\"@type\":\"ListItem\",\"position\":1,\"name\":\"Kezd\u0151lap\",\"item\":\"https:\\\/\\\/stuttgarti-katolikusok.de\\\/\"},{\"@type\":\"ListItem\",\"position\":2,\"name\":\"\u00c9vk\u00f6zi 29. vas\u00e1rnap \u2013 Misszi\u00f3s vas\u00e1rnap\"}]},{\"@type\":\"WebSite\",\"@id\":\"https:\\\/\\\/stuttgarti-katolikusok.de\\\/#website\",\"url\":\"https:\\\/\\\/stuttgarti-katolikusok.de\\\/\",\"name\":\"Stuttgarti Katolikusok\",\"description\":\"\",\"potentialAction\":[{\"@type\":\"SearchAction\",\"target\":{\"@type\":\"EntryPoint\",\"urlTemplate\":\"https:\\\/\\\/stuttgarti-katolikusok.de\\\/?s={search_term_string}\"},\"query-input\":{\"@type\":\"PropertyValueSpecification\",\"valueRequired\":true,\"valueName\":\"search_term_string\"}}],\"inLanguage\":\"hu\"},{\"@type\":\"Person\",\"@id\":\"https:\\\/\\\/stuttgarti-katolikusok.de\\\/#\\\/schema\\\/person\\\/75908d6f8fdc03a57889d27209df7795\",\"name\":\"Tibor atya\",\"image\":{\"@type\":\"ImageObject\",\"inLanguage\":\"hu\",\"@id\":\"https:\\\/\\\/secure.gravatar.com\\\/avatar\\\/61d268e57d1f4525b111222e29d2d5a7f8c420fdbf231ba5566a8ceac74fa960?s=96&d=mm&r=g\",\"url\":\"https:\\\/\\\/secure.gravatar.com\\\/avatar\\\/61d268e57d1f4525b111222e29d2d5a7f8c420fdbf231ba5566a8ceac74fa960?s=96&d=mm&r=g\",\"contentUrl\":\"https:\\\/\\\/secure.gravatar.com\\\/avatar\\\/61d268e57d1f4525b111222e29d2d5a7f8c420fdbf231ba5566a8ceac74fa960?s=96&d=mm&r=g\",\"caption\":\"Tibor atya\"},\"url\":\"https:\\\/\\\/stuttgarti-katolikusok.de\\\/index.php\\\/author\\\/tibor-atya\\\/\"}]}<\/script>\n<!-- \/ Yoast SEO plugin. -->","yoast_head_json":{"title":"\u00c9vk\u00f6zi 29. vas\u00e1rnap \u2013 Misszi\u00f3s vas\u00e1rnap - Stuttgarti Katolikusok","robots":{"index":"index","follow":"follow","max-snippet":"max-snippet:-1","max-image-preview":"max-image-preview:large","max-video-preview":"max-video-preview:-1"},"canonical":"https:\/\/stuttgarti-katolikusok.de\/index.php\/evkozi-29-vasarnap-misszios-vasarnap-2\/","og_locale":"hu_HU","og_type":"article","og_title":"\u00c9vk\u00f6zi 29. vas\u00e1rnap \u2013 Misszi\u00f3s vas\u00e1rnap - Stuttgarti Katolikusok","og_description":"Az embert a teremt\u00e9s koron\u00e1j\u00e1nak nevezz\u00fck, mert \u00e9rtelm\u00e9vel k\u00e9pes felismerni a teremtett vil\u00e1g rendj\u00e9t, t\u00f6rv\u00e9nyeit \u00e9s sz\u00e9ps\u00e9g\u00e9t. Mindez\u00e9rt pedig, mint a teremtett vil\u00e1g k\u00e9pvisel\u0151je \u00e9s \u0151rz\u0151je, h\u00e1l\u00e1t tud adni Istennek: im\u00e1dkozik hozz\u00e1 \u00e9s dics\u0151\u00edti \u0150t. Misszi\u00f3s vas\u00e1rnap van ma. Ennek alapvet\u0151 \u00fczenete, hogy kereszt\u00e9ny emberk\u00e9nt mindannyiunk egy\u00e9ni feladata Krisztus \u00f6r\u00f6mh\u00edr\u00e9nek tov\u00e1bbad\u00e1sa. Erre a kereszts\u00e9g szents\u00e9g\u00e9ben kaptunk \u00e1ltal\u00e1nos felhatalmaz\u00e1st. Az olvasm\u00e1ny a kitart\u00f3 \u00e9s \u00e1llhatatos im\u00e1ds\u00e1g erej\u00e9r\u0151l sz\u00f3l. A h\u00edv\u0151 ember nemcsak a maga erej\u00e9ben b\u00edzik, hanem a Gondvisel\u0151 Istenben. Csakis neki van ereje \u00e9s hatalma az utunkba es\u0151 akad\u00e1lyok elh\u00e1r\u00edt\u00e1s\u00e1ra. A kitart\u00f3 im\u00e1ds\u00e1g \u00e9s k\u00f6zbenj\u00e1r\u00e1s gy\u00f6ny\u00f6r\u0171 k\u00e9pe: &#8222;M\u00f3zes karja v\u00e9g\u00fcl is elf\u00e1radt. Ez\u00e9rt vettek egy k\u00f6vet, odavitt\u00e9k \u00e9s r\u00e1\u00fcltett\u00e9k. \u00c1ron \u00e9s Hur pedig a karj\u00e1t tartotta, egyik az egyik oldalon, a m\u00e1sik a m\u00e1sik oldalon. \u00cdgy karja kit\u00e1rva maradt napsz\u00e1llt\u00e1ig.&#8221; Oda\u00e1llni \u00e9s tartani a m\u00e1sik karj\u00e1t, \u00f6r\u00f6k lehet\u0151s\u00e9g sz\u00e1momra. A szentlecke az \u00e1llhatatoss\u00e1g fontoss\u00e1g\u00e1t emeli ki. A h\u00edv\u0151 ember tan\u00fas\u00e1gt\u00e9tel\u00e9nek egyik legf\u0151bb kell\u00e9ke. Vagyis, nem hirtelen fell\u00e1ngol\u00e1sr\u00f3l van sz\u00f3, hanem \u00e1lland\u00f3, kitart\u00f3 \u00e9s k\u00f6vetkezetes emberi magatart\u00e1sr\u00f3l. Erre a k\u00f6vetkezetess\u00e9gre utal a megalkuv\u00e1s n\u00e9lk\u00fcli tan\u00fas\u00e1gt\u00e9tel. Az evang\u00e9liumi p\u00e9ldabesz\u00e9d \u00fczenete mindezek f\u00e9ny\u00e9ben m\u00e1r egy\u00e9rtelm\u0171: a kitart\u00f3 \u00e9s bizalomteljes im\u00e1ds\u00e1gnak Isten nem tud ellen\u00e1llni. Bizonnyal meghallgatja azt. Nek\u00fcnk pedig hasznunkra v\u00e1lik. Er\u0151s\u00edti benn\u00fcnk Isten ir\u00e1nti h\u0171s\u00e9g\u00fcnket \u00e9s szeretet\u00fcnket, amelyre felt\u00e9tlen\u00fcl sz\u00fcks\u00e9g\u00fcnk van. Kezd\u0151\u00e9nek: Hozz\u00e1d ki\u00e1ltok, mert te meghallgatsz, Istenem, hajtsd hozz\u00e1m f\u00fcledet, hallgasd meg szavam! \u00d3vj engem, Uram, mint szemed f\u00e9ny\u00e9t, sz\u00e1rnyad \u00e1rny\u00e9k\u00e1ban oltalmazz engem! (V\u00f6. Zsolt 16,6.8) K\u00f6ny\u00f6rg\u00e9s: Mindenhat\u00f3, \u00f6r\u00f6k Isten, add, hogy mindenkor \u0151szinte sz\u00edvvel \u00e9s k\u00e9szs\u00e9ges akarattal szolg\u00e1ljunk F\u00f6ls\u00e9gednek. A mi Urunk, J\u00e9zus Krisztus, a te Fiad \u00e1ltal, aki veled \u00e9l \u00e9s uralkodik a Szentl\u00e9lekkel egys\u00e9gben, Isten mind\u00f6r\u00f6kk\u00f6n \u00f6r\u00f6kk\u00e9. OLVASM\u00c1NY M\u00f3zes m\u00e1sodik k\u00f6nyv\u00e9b\u0151l (Kiv 17,8-13) Izrael n\u00e9pe a pusztai v\u00e1ndorl\u00e1s sor\u00e1n gy\u0151zelmet aratott az amalekit\u00e1k f\u00f6l\u00f6tt, mert M\u00f3zes im\u00e1dkozott \u00e9rt\u00fck. A v\u00e1lasztott n\u00e9p pusztai v\u00e1ndorl\u00e1sa idej\u00e9n t\u00f6rt\u00e9nt: Az amalekit\u00e1k el\u0151renyomultak,... R\u00e9szletek","og_url":"https:\/\/stuttgarti-katolikusok.de\/index.php\/evkozi-29-vasarnap-misszios-vasarnap-2\/","og_site_name":"Stuttgarti Katolikusok","article_published_time":"2025-10-18T08:53:05+00:00","article_modified_time":"2025-10-18T08:53:55+00:00","og_image":[{"width":640,"height":426,"url":"https:\/\/stuttgarti-katolikusok.de\/wp-content\/uploads\/2020\/10\/szi-levelek.jpg","type":"image\/jpeg"}],"author":"Tibor atya","twitter_card":"summary_large_image","twitter_misc":{"Szerz\u0151:":"Tibor atya","Becs\u00fclt olvas\u00e1si id\u0151":"7 perc"},"schema":{"@context":"https:\/\/schema.org","@graph":[{"@type":"Article","@id":"https:\/\/stuttgarti-katolikusok.de\/index.php\/evkozi-29-vasarnap-misszios-vasarnap-2\/#article","isPartOf":{"@id":"https:\/\/stuttgarti-katolikusok.de\/index.php\/evkozi-29-vasarnap-misszios-vasarnap-2\/"},"author":{"name":"Tibor atya","@id":"https:\/\/stuttgarti-katolikusok.de\/#\/schema\/person\/75908d6f8fdc03a57889d27209df7795"},"headline":"\u00c9vk\u00f6zi 29. vas\u00e1rnap \u2013 Misszi\u00f3s vas\u00e1rnap","datePublished":"2025-10-18T08:53:05+00:00","dateModified":"2025-10-18T08:53:55+00:00","mainEntityOfPage":{"@id":"https:\/\/stuttgarti-katolikusok.de\/index.php\/evkozi-29-vasarnap-misszios-vasarnap-2\/"},"wordCount":1774,"image":{"@id":"https:\/\/stuttgarti-katolikusok.de\/index.php\/evkozi-29-vasarnap-misszios-vasarnap-2\/#primaryimage"},"thumbnailUrl":"https:\/\/stuttgarti-katolikusok.de\/wp-content\/uploads\/2020\/10\/szi-levelek.jpg","articleSection":["A liturgia olvasm\u00e1nyai","Vas\u00e1rnapi gondolatok"],"inLanguage":"hu"},{"@type":"WebPage","@id":"https:\/\/stuttgarti-katolikusok.de\/index.php\/evkozi-29-vasarnap-misszios-vasarnap-2\/","url":"https:\/\/stuttgarti-katolikusok.de\/index.php\/evkozi-29-vasarnap-misszios-vasarnap-2\/","name":"\u00c9vk\u00f6zi 29. vas\u00e1rnap \u2013 Misszi\u00f3s vas\u00e1rnap - Stuttgarti Katolikusok","isPartOf":{"@id":"https:\/\/stuttgarti-katolikusok.de\/#website"},"primaryImageOfPage":{"@id":"https:\/\/stuttgarti-katolikusok.de\/index.php\/evkozi-29-vasarnap-misszios-vasarnap-2\/#primaryimage"},"image":{"@id":"https:\/\/stuttgarti-katolikusok.de\/index.php\/evkozi-29-vasarnap-misszios-vasarnap-2\/#primaryimage"},"thumbnailUrl":"https:\/\/stuttgarti-katolikusok.de\/wp-content\/uploads\/2020\/10\/szi-levelek.jpg","datePublished":"2025-10-18T08:53:05+00:00","dateModified":"2025-10-18T08:53:55+00:00","author":{"@id":"https:\/\/stuttgarti-katolikusok.de\/#\/schema\/person\/75908d6f8fdc03a57889d27209df7795"},"breadcrumb":{"@id":"https:\/\/stuttgarti-katolikusok.de\/index.php\/evkozi-29-vasarnap-misszios-vasarnap-2\/#breadcrumb"},"inLanguage":"hu","potentialAction":[{"@type":"ReadAction","target":["https:\/\/stuttgarti-katolikusok.de\/index.php\/evkozi-29-vasarnap-misszios-vasarnap-2\/"]}]},{"@type":"ImageObject","inLanguage":"hu","@id":"https:\/\/stuttgarti-katolikusok.de\/index.php\/evkozi-29-vasarnap-misszios-vasarnap-2\/#primaryimage","url":"https:\/\/stuttgarti-katolikusok.de\/wp-content\/uploads\/2020\/10\/szi-levelek.jpg","contentUrl":"https:\/\/stuttgarti-katolikusok.de\/wp-content\/uploads\/2020\/10\/szi-levelek.jpg","width":640,"height":426},{"@type":"BreadcrumbList","@id":"https:\/\/stuttgarti-katolikusok.de\/index.php\/evkozi-29-vasarnap-misszios-vasarnap-2\/#breadcrumb","itemListElement":[{"@type":"ListItem","position":1,"name":"Kezd\u0151lap","item":"https:\/\/stuttgarti-katolikusok.de\/"},{"@type":"ListItem","position":2,"name":"\u00c9vk\u00f6zi 29. vas\u00e1rnap \u2013 Misszi\u00f3s vas\u00e1rnap"}]},{"@type":"WebSite","@id":"https:\/\/stuttgarti-katolikusok.de\/#website","url":"https:\/\/stuttgarti-katolikusok.de\/","name":"Stuttgarti Katolikusok","description":"","potentialAction":[{"@type":"SearchAction","target":{"@type":"EntryPoint","urlTemplate":"https:\/\/stuttgarti-katolikusok.de\/?s={search_term_string}"},"query-input":{"@type":"PropertyValueSpecification","valueRequired":true,"valueName":"search_term_string"}}],"inLanguage":"hu"},{"@type":"Person","@id":"https:\/\/stuttgarti-katolikusok.de\/#\/schema\/person\/75908d6f8fdc03a57889d27209df7795","name":"Tibor atya","image":{"@type":"ImageObject","inLanguage":"hu","@id":"https:\/\/secure.gravatar.com\/avatar\/61d268e57d1f4525b111222e29d2d5a7f8c420fdbf231ba5566a8ceac74fa960?s=96&d=mm&r=g","url":"https:\/\/secure.gravatar.com\/avatar\/61d268e57d1f4525b111222e29d2d5a7f8c420fdbf231ba5566a8ceac74fa960?s=96&d=mm&r=g","contentUrl":"https:\/\/secure.gravatar.com\/avatar\/61d268e57d1f4525b111222e29d2d5a7f8c420fdbf231ba5566a8ceac74fa960?s=96&d=mm&r=g","caption":"Tibor atya"},"url":"https:\/\/stuttgarti-katolikusok.de\/index.php\/author\/tibor-atya\/"}]}},"_links":{"self":[{"href":"https:\/\/stuttgarti-katolikusok.de\/index.php\/wp-json\/wp\/v2\/posts\/31835","targetHints":{"allow":["GET"]}}],"collection":[{"href":"https:\/\/stuttgarti-katolikusok.de\/index.php\/wp-json\/wp\/v2\/posts"}],"about":[{"href":"https:\/\/stuttgarti-katolikusok.de\/index.php\/wp-json\/wp\/v2\/types\/post"}],"author":[{"embeddable":true,"href":"https:\/\/stuttgarti-katolikusok.de\/index.php\/wp-json\/wp\/v2\/users\/3"}],"replies":[{"embeddable":true,"href":"https:\/\/stuttgarti-katolikusok.de\/index.php\/wp-json\/wp\/v2\/comments?post=31835"}],"version-history":[{"count":2,"href":"https:\/\/stuttgarti-katolikusok.de\/index.php\/wp-json\/wp\/v2\/posts\/31835\/revisions"}],"predecessor-version":[{"id":31837,"href":"https:\/\/stuttgarti-katolikusok.de\/index.php\/wp-json\/wp\/v2\/posts\/31835\/revisions\/31837"}],"wp:featuredmedia":[{"embeddable":true,"href":"https:\/\/stuttgarti-katolikusok.de\/index.php\/wp-json\/wp\/v2\/media\/20418"}],"wp:attachment":[{"href":"https:\/\/stuttgarti-katolikusok.de\/index.php\/wp-json\/wp\/v2\/media?parent=31835"}],"wp:term":[{"taxonomy":"category","embeddable":true,"href":"https:\/\/stuttgarti-katolikusok.de\/index.php\/wp-json\/wp\/v2\/categories?post=31835"},{"taxonomy":"post_tag","embeddable":true,"href":"https:\/\/stuttgarti-katolikusok.de\/index.php\/wp-json\/wp\/v2\/tags?post=31835"}],"curies":[{"name":"wp","href":"https:\/\/api.w.org\/{rel}","templated":true}]}}