{"id":31794,"date":"2025-10-11T07:59:10","date_gmt":"2025-10-11T05:59:10","guid":{"rendered":"https:\/\/stuttgarti-katolikusok.de\/?p=31794"},"modified":"2025-10-11T21:53:48","modified_gmt":"2025-10-11T19:53:48","slug":"evkozi-28-vasarnap-3","status":"publish","type":"post","link":"https:\/\/stuttgarti-katolikusok.de\/index.php\/evkozi-28-vasarnap-3\/","title":{"rendered":"\u00c9vk\u00f6zi 28. vas\u00e1rnap"},"content":{"rendered":"<p><span style=\"color: #ff6600;\"><em>A zsolt\u00e1rossal egy\u00fctt mi magunk is megvalljuk b\u0171n\u00f6s voltunkat. Egyben pedig elismerj\u00fck, hogy csakis Isten irgalma \u00e9s megbocs\u00e1jt\u00f3 szeretete menthet meg. Ebben az \u0151szintes\u00e9gben hozzuk el b\u0171n\u00f6s \u00e9s esend\u0151 \u00e9n\u00fcnket. M\u00e9gis kereszt\u00e9ny optimizmusunknak adunk hangot: az Isten kegyelme k\u00e9pes felemelni, kiemelni elesett helyzet\u00fcnkb\u0151l.<\/em><\/span><\/p>\n<p><span style=\"color: #ff6600;\"><em>A sz\u00edriai N\u00e1m\u00e1n a h\u00e1l\u00e1s ember p\u00e9ldak\u00e9pe, aki h\u00e1l\u00e1s gy\u00f3gyul\u00e1s\u00e1\u00e9rt. S mert visszakapta eg\u00e9szs\u00e9g\u00e9t, azt felt\u00e9tlen\u00fcl meg akarja k\u00f6sz\u00f6nni Ill\u00e9s pr\u00f3f\u00e9t\u00e1nak. Ill\u00e9s pr\u00f3f\u00e9ta nem akarja elfogadni a neki felk\u00edn\u00e1lt aj\u00e1nd\u00e9kot. Tudja ugyanis, hogy \u0151 csak eszk\u00f6z az Isten gy\u00f3gy\u00edt\u00f3 kegyelm\u00e9nek k\u00f6zvet\u00edt\u00e9s\u00e9ben. K\u00e9t szempontra figyelj\u00fcnk teh\u00e1t oda: egyr\u00e9szt N\u00e1m\u00e1n h\u00e1l\u00e1s szeretet\u00e9re, m\u00e1sr\u00e9szt pedig Ill\u00e9s pr\u00f3f\u00e9ta m\u00e9rt\u00e9kletess\u00e9g\u00e9re, aki egyszer\u0171en csak k\u00f6zvet\u00edt. Ez\u00e9rt pedig nem v\u00e1r el semmilyen k\u00fcl\u00f6nleges h\u00e1l\u00e1t \u00e9s elismer\u00e9st. N\u00e1m\u00e1n gy\u00f3gyul\u00e1s\u00e1t teljes m\u00e9rt\u00e9kben Istennek tulajdon\u00edtja. Mindk\u00e9t magatart\u00e1s ritk\u00e1n fordul el\u0151, pedig J\u00e9zus elv\u00e1rja ezt t\u0151l\u00fcnk is.<\/em><\/span><\/p>\n<p><span style=\"color: #ff6600;\"><em>A szentleck\u00e9ben P\u00e1l apostol vallja, hogy a Krisztus\u00e9rt v\u00e9gzett munk\u00e1nak \u00e9s az \u00e9rte v\u00e1llalt szenved\u00e9snek meglesz a gy\u00fcm\u00f6lcse. Ez a hit ad er\u0151t sz\u00e1m\u00e1ra minden neh\u00e9z \u00e9letk\u00f6r\u00fclm\u00e9ny k\u00f6zepette. \u00cdgy tudja csak v\u00e1llalni a bilincset, amely bizonyos \u00e9rtelemben az \u00e9letben elszenvedend\u0151 igazs\u00e1gtalans\u00e1gok sokas\u00e1g\u00e1t is jelenti. Ilyen \u00e9rtelemben a szentlecke a hit megtart\u00f3 erej\u00e9r\u0151l sz\u00f3l.<\/em><\/span><\/p>\n<p><span style=\"color: #ff6600;\"><em>Az evang\u00e9liumi r\u00e9sz, a t\u00edz lepr\u00e1s gy\u00f3gyul\u00e1sa, egy \u00f3sz\u00f6vets\u00e9gi \u00e1ltal\u00e1nos magatart\u00e1sform\u00e1ra ir\u00e1ny\u00edtja r\u00e1 a figyelm\u00fcnket. Ott \u00e9s akkor elv\u00e1rt\u00e1k \u00e9s term\u00e9szetesnek tartott\u00e1k az Istent\u0151l kapott j\u00f3t\u00e9tem\u00e9nyt. Ez nekem j\u00e1r! Olykor engem is megk\u00eds\u00e9rthet ez a fajta magatart\u00e1s. Mindaz, amivel \u00e9letemben rendelkezem, Isten aj\u00e1nd\u00e9koz\u00f3 szeretet\u00e9nek jutalma. Nem mag\u00e1t\u00f3l \u00e9rtet\u0151d\u0151! Legyek h\u00e1l\u00e1s \u00e9rte! Gondoljam, csak v\u00e9gig, hogy mennyi minden\u00e9rt lehetek h\u00e1l\u00e1s. Sz\u00e1mtalan dolog van \u00e9letemben, amelyek\u00e9rt itt \u00e9s most h\u00e1l\u00e1t \u00e9s k\u00f6sz\u00f6netet akarok mondani. A mai nap is egy ilyen kiv\u00e1l\u00f3 alkalom. \u00c9ljek h\u00e1t vele! Itt is kiemeln\u00e9m a hit megtart\u00f3 erej\u00e9nek fontoss\u00e1g\u00e1t: &#8222;Kelj fel \u00e9s menj! Hited meggy\u00f3gy\u00edtott t\u00e9ged.&#8221;<\/em><\/span><\/p>\n<p><span style=\"color: #008000;\">Kezd\u0151\u00e9nek:<\/span><br \/>\nHa v\u00e9tkeinket sz\u00e1mon tartod, Uram, Uram, ki az, aki el\u0151tted meg\u00e1llhat? \u00c1m n\u00e1lad mindig k\u00e9sz a megbocs\u00e1jt\u00e1s, Izrael Istene. (Zsolt 129,3-4)<\/p>\n<p><span style=\"color: #008000;\">K\u00f6ny\u00f6rg\u00e9s:<\/span><br \/>\nUrunk, Isten\u00fcnk, kegyelmed mindenkor ind\u00edtson \u00e9s k\u00eds\u00e9rjen minket, hogy figyelm\u00fcnk sz\u00fcntelen\u00fcl a j\u00f3tettekre ir\u00e1nyuljon. A mi Urunk, J\u00e9zus Krisztus, a te Fiad \u00e1ltal, aki veled \u00e9l \u00e9s uralkodik a Szentl\u00e9lekkel egys\u00e9gben, Isten mind\u00f6r\u00f6kk\u00f6n \u00f6r\u00f6kk\u00e9.<\/p>\n<p><span style=\"color: #008000;\">OLVASM\u00c1NY a Kir\u00e1lyok m\u00e1sodik k\u00f6nyv\u00e9b\u0151l (2Kir 5,14-17)<\/span><br \/>\n<em>A sz<\/em><em>\u00edriai N<\/em><em>\u00e1m<\/em><em>\u00e1n meggy<\/em><em>\u00f3gyul lepr<\/em><em>\u00e1j<\/em><em>\u00e1b<\/em><em>\u00f3l, <\/em><em>\u00e9s h<\/em><em>\u00e1l<\/em><em>\u00e1t ad az <\/em><em>\u00darnak.<\/em><br \/>\nElizeus pr\u00f3f\u00e9ta szav\u00e1ra a lepr\u00e1ban szenved\u0151 ar\u00e1m N\u00e1m\u00e1n lement \u00e9s az Isten ember\u00e9nek utas\u00edt\u00e1sa szerint h\u00e9tszer al\u00e1mer\u00fclt a Jord\u00e1nban. A teste \u00fajra olyan tiszta lett, ak\u00e1r egy kisgyermek teste.<br \/>\nAzt\u00e1n eg\u00e9sz k\u00eds\u00e9ret\u00e9vel visszat\u00e9rt az Isten ember\u00e9hez. Bement, el\u00e9je \u00e1llt, \u00e9s ezt mondta: \u201eVal\u00f3ban, most m\u00e1r tudom, hogy nincs Isten az eg\u00e9sz f\u00f6ld\u00f6n, csak Izraelben. Fogadj el ez\u00e9rt szolg\u00e1dt\u00f3l n\u00e9mi aj\u00e1nd\u00e9kot!\u201d<br \/>\nDe az \u00edgy felelt: \u201e\u00dagy igaz, ahogy az \u00dar \u00e9l, akinek szolg\u00e1lat\u00e1ban \u00e1llok: nem fogadok el semmit.\u201d \u00c9s hi\u00e1ba unszolta, hogy fogadja el, az nem volt r\u00e1 hajland\u00f3.<br \/>\nN\u00e1m\u00e1n ez\u00e9rt \u00edgy sz\u00f3lt: \u201eHa nem, akkor adj szolg\u00e1dnak annyi f\u00f6ldet, amennyit egy p\u00e1r \u00f6k\u00f6r elh\u00faz, mert szolg\u00e1d ezent\u00fal nem mutat be \u00e9g\u0151 \u00e9s v\u00e9res \u00e1ldozatot m\u00e1snak, csak az \u00darnak.\u201d<br \/>\nEz az Isten ig\u00e9je.<\/p>\n<p><span style=\"color: #008000;\">V\u00c1LASZOS ZSOLT\u00c1R (Zsolt 97,1.2-3ab.3cd-4)<\/span><br \/>\nV\u00e1lasz:\u00a0<strong>Az <\/strong><strong>\u00dar megmutatta <\/strong><strong>\u00fcdv<\/strong><strong>\u00f6ss<\/strong><strong>\u00e9g<\/strong><strong>\u00e9t, * a nemzetek sz<\/strong><strong>\u00edne el<\/strong><strong>\u0151tt.<\/strong>\u00a0V\u00f6. 2b. vers. (6. t\u00f3nus)<br \/>\nEl\u0151\u00e9nekes: Zengjetek az \u00darnak \u00faj \u00e9neket, * csod\u00e1latra m\u00e9lt\u00f3, amit m\u0171velt.<br \/>\nDiadalt aratott jobbj\u00e1val, * gy\u0151zelmet szents\u00e9ges karj\u00e1val.<br \/>\nH\u00edvek: Az \u00dar megmutatta \u00fcdv\u00f6ss\u00e9g\u00e9t, * a nemzetek sz\u00edne el\u0151tt.<br \/>\nE: Az \u00dar megmutatta szabad\u00edt\u00f3 erej\u00e9t, * igazs\u00e1goss\u00e1g\u00e1t felt\u00e1rta a n\u00e9pek el\u0151tt.<br \/>\nEml\u00e9kezet\u00e9be id\u00e9zte j\u00f3s\u00e1g\u00e1t \u00e9s h\u0171s\u00e9g\u00e9t * Izrael n\u00e9pe ir\u00e1nt.<br \/>\nH: Az \u00dar megmutatta \u00fcdv\u00f6ss\u00e9g\u00e9t, * a nemzetek sz\u00edne el\u0151tt.<br \/>\nE: Megl\u00e1tta a f\u00f6ld minden hat\u00e1ra: * Isten\u00fcnk szabadul\u00e1st hozott n\u00e9k\u00fcnk.<br \/>\nMinden f\u00f6ldek, zengjetek az \u00darnak \u00f6r\u00f6m\u00e9neket, * ujjongjatok \u00e9s zsolt\u00e1rt mondjatok.<br \/>\nH: Az \u00dar megmutatta \u00fcdv\u00f6ss\u00e9g\u00e9t, * a nemzetek sz\u00edne el\u0151tt.<\/p>\n<p><span style=\"color: #008000;\">SZENTLECKE Szent P\u00e1l apostolnak Tim\u00f3teushoz \u00edrt m\u00e1sodik level\u00e9b\u0151l (2Tim 2,8-13)<\/span><br \/>\n<em>Aki h<\/em><em>\u0171s<\/em><em>\u00e9gesen kitart Krisztus mellett, az uralkodni is fog vele.<\/em><br \/>\nSzeretett Fiam!<br \/>\nNe felejtsd, hogy J\u00e9zus Krisztus, D\u00e1vid sarja felt\u00e1madt a hal\u00e1lb\u00f3l. Err\u0151l sz\u00f3l evang\u00e9liumom, amely\u00e9rt meghurcoltak, s\u0151t mint valami gonosztev\u0151t, m\u00e9g bilincsbe is vertek. De az Isten szava nincs megbilincselve.<br \/>\nA v\u00e1lasztottak\u00e9rt teh\u00e1t mindent elt\u0171r\u00f6k, hogy az \u00f6r\u00f6k dics\u0151s\u00e9gben \u0151k is elnyerj\u00e9k az \u00fcdv\u00f6ss\u00e9get Krisztus J\u00e9zusban. Igaz kijelent\u00e9s ez: ha meghalunk vele, vele egy\u00fctt \u00e9lni is fogunk: ha t\u0171r\u00fcnk vele, vele egy\u00fctt uralkodni is fogunk. Ha azonban megtagadjuk \u0151t, \u0151 is megtagad minket, de ha mi h\u0171tlenn\u00e9 v\u00e1lunk, \u0151 h\u0171 marad, mert \u00f6nmag\u00e1t nem tagadhatja meg.<br \/>\nEz az Isten ig\u00e9je.<\/p>\n<p><span style=\"color: #008000;\">ALLELUJA<\/span><br \/>\nAdjatok h\u00e1l\u00e1t minden\u00e9rt, * mert Isten ezt k\u00edv\u00e1nja mindny\u00e1jatokt\u00f3l Krisztus J\u00e9zusban. 1Tessz 5,18 \u2013 5. t\u00f3nus.<\/p>\n<p><span style=\"color: #008000;\">\u2020 EVANG\u00c9LIUM Szent Luk\u00e1cs k\u00f6nyv\u00e9b\u0151l (Lk 17,11-19)<\/span><br \/>\n<em>Minden<\/em><em>\u00e9rt adjunk h<\/em><em>\u00e1l<\/em><em>\u00e1t az <\/em><em>\u00darnak, <\/em><em>\u00e9s dics<\/em><em>\u0151\u00edts<\/em><em>\u00fck <\/em><em>\u0151t!<\/em><br \/>\nJ\u00e9zus egyszer \u00fatban Jeruzs\u00e1lem fel\u00e9 \u00e1thaladt Szamaria \u00e9s Galilea hat\u00e1rvid\u00e9k\u00e9n.<br \/>\nAmikor bet\u00e9rt az egyik faluba, t\u00edz lepr\u00e1s f\u00e9rfi j\u00f6tt vele szembe. M\u00e9g messze voltak, amikor m\u00e1r meg\u00e1lltak, \u00e9s hangosan \u00edgy ki\u00e1ltottak: J\u00e9zus, Mester! K\u00f6ny\u00f6r\u00fclj rajtunk!\u201d<br \/>\n\u0150 r\u00e1juk tekintett, \u00e9s \u00edgy sz\u00f3lt hozz\u00e1juk: \u201eMenjetek \u00e9s mutass\u00e1tok meg magatokat a papoknak.\u201d \u00datk\u00f6zben megtisztultak.<br \/>\nAz egyik, amikor \u00e9szrevette, hogy meggy\u00f3gyult, visszament, hangos sz\u00f3val dics\u0151\u00edtette Istent, arcra borult J\u00e9zus l\u00e1ba el\u0151tt, \u00e9s h\u00e1l\u00e1t adott neki. \u00c9s ez az ember szamarit\u00e1nus volt.<br \/>\nJ\u00e9zus megk\u00e9rdezte: \u201eNemde t\u00edzen tisztultak meg? Hol maradt a t\u00f6bbi kilenc? Nem akadt m\u00e1s, aki visszaj\u00f6tt volna, hogy h\u00e1l\u00e1t adjon Istennek, csak ez az idegen?\u201d Azt\u00e1n hozz\u00e1 fordult: \u201eKelj fel \u00e9s menj! Hited meggy\u00f3gy\u00edtott t\u00e9ged.\u201d<br \/>\nEzek az evang\u00e9lium ig\u00e9i.<\/p>\n<p><span style=\"color: #008000;\">EGYETEMES K\u00d6NY\u00d6RG\u00c9SEK<\/span><br \/>\nPap: K\u00f6ny\u00f6r\u00f6gj\u00fcnk, testv\u00e9reim, Urunkhoz, J\u00e9zus Krisztushoz, hogy j\u00f6jj\u00f6n seg\u00edts\u00e9g\u00fcnkre, ha bajainkban hozz\u00e1 ki\u00e1ltunk!<br \/>\nLektor: 1. Adj, Urunk, \u00e1ldozatk\u00e9sz buzg\u00f3s\u00e1got egyh\u00e1zad papjainak, hogy szeretettel orvosolj\u00e1k lelk\u00fcnk sebeit, \u00e9s a szentgy\u00f3n\u00e1sban megtiszt\u00edtsanak minket a feloldoz\u00e1s kegyelm\u00e9vel!<br \/>\nH\u00edvek: K\u00e9r\u00fcnk t\u00e9ged, hallgass meg minket!<br \/>\n2. Add, hogy az emberis\u00e9g testv\u00e9ri szeretettel karolja fel a lepr\u00e1sokat, hogy gy\u00f3gyultan t\u00e9rhessenek vissza \u00f6v\u00e9ik k\u00f6r\u00e9be!<br \/>\nH\u00edvek: K\u00e9r\u00fcnk t\u00e9ged . . .<br \/>\n3. Adj h\u00edveidnek h\u00e1l\u00e1s lelk\u00fcletet, hogy megbecs\u00fclj\u00e9k kegyelmedet, \u00e9s megk\u00f6sz\u00f6nj\u00e9k seg\u00edts\u00e9gedet!<br \/>\nH\u00edvek: K\u00e9r\u00fcnk t\u00e9ged . . .<br \/>\n4. Gy\u00f3gy\u00edtsd meg beteg \u00e9s szenved\u0151 testv\u00e9reinket, hogy ne hi\u00e1ba ki\u00e1lts\u00e1k fel\u00e9d: \u201eJ\u00e9zus, Mester, k\u00f6ny\u00f6r\u00fclj rajtunk!\u201d<br \/>\nH\u00edvek: K\u00e9r\u00fcnk t\u00e9ged . . .<br \/>\n5. K\u00f6ny\u00f6r\u00fclj a tisztul\u00f3 lelkeken, \u00e9s vezesd \u0151ket szent sz\u00edned boldog\u00edt\u00f3 l\u00e1t\u00e1s\u00e1ra!<br \/>\nH\u00edvek: K\u00e9r\u00fcnk t\u00e9ged . . .<br \/>\nPap: Urunk! Ha k\u00f6nnyelm\u0171en elk\u00f6vetett b\u0171neink beszennyezt\u00e9k lelk\u00fcnket, tiszt\u00edts meg minket irgalmas szereteted \u00e1ltal! Add, hogy szentjeid k\u00f6r\u00e9ben h\u00e1l\u00e1san magasztalhassunk t\u00e9ged! Aki \u00e9lsz \u00e9s uralkodol mind\u00f6r\u00f6kk\u00f6n-\u00f6r\u00f6kk\u00e9.<br \/>\nH\u00edvek: \u00c1men.<\/p>\n<p><span style=\"color: #008000;\">Felaj\u00e1nl\u00f3 k\u00f6ny\u00f6rg\u00e9s:<\/span><br \/>\nUrunk, Isten\u00fcnk, fogadd el h\u00edveid k\u00f6ny\u00f6rg\u00e9seit \u00e9s ezeket a felaj\u00e1nlott \u00e1ldozati adom\u00e1nyokat, hogy odaad\u00f3 szolg\u00e1latunk r\u00e9v\u00e9n a mennyei dics\u0151s\u00e9gbe jussunk. Krisztus, a mi Urunk \u00e1ltal.<\/p>\n<p><span style=\"color: #008000;\">Pref\u00e1ci\u00f3:<\/span><br \/>\nMert val\u00f3ban m\u00e9lt\u00f3 \u00e9s igazs\u00e1gos, ill\u0151 \u00e9s \u00fcdv\u00f6s, hogy mindig \u00e9s minden\u00fctt h\u00e1l\u00e1t adjunk n\u00e9ked, mi Urunk, szents\u00e9ges Aty\u00e1nk, mindenhat\u00f3, \u00f6r\u00f6k Isten: Krisztus, a mi Urunk \u00e1ltal.<br \/>\n\u0150 sz\u00fclet\u00e9s\u00e9vel \u00fajj\u00e1 alkotta a r\u00e9gi embert, \u00e9s szenved\u00e9s\u00e9vel minden b\u0171nt elt\u00f6r\u00f6lt; majd felt\u00e1mad\u00e1s\u00e1val megnyitotta az \u00f6r\u00f6k \u00e9let \u00fatj\u00e1t, \u00e9s hozz\u00e1d, Atyj\u00e1hoz az \u00e9gbe sz\u00e1llva, kit\u00e1rta a mennyorsz\u00e1g ajtaj\u00e1t.<br \/>\nMi ez\u00e9rt az angyalok \u00e9s szentek k\u00f3rus\u00e1val egy\u00fctt, dics\u00e9reted himnusz\u00e1t zengj\u00fck, \u00e9s v\u00e9g n\u00e9lk\u00fcl \u00e9nekelj\u00fck:<\/p>\n<p><span style=\"color: #008000;\">\u00c1ldoz\u00e1si \u00e9nek:<\/span><br \/>\nA gazdagok nyomorba juthatnak \u00e9s \u00e9hezhetnek; de az Urat keres\u0151k nem szenvednek hi\u00e1nyt semmi j\u00f3ban. (V\u00f6. Zsolt 33,11)<br \/>\n<span style=\"color: #008000;\"><em>Vagy<\/em><\/span><br \/>\nAmikor ism\u00e9t megjelenik az \u00dar, hasonl\u00f3k lesz\u00fcnk hozz\u00e1, mert \u00fagy l\u00e1tjuk majd \u0151t, amint van. (1Jn 3,2)<\/p>\n<p><span style=\"color: #008000;\">\u00c1ldoz\u00e1s ut\u00e1ni k\u00f6ny\u00f6rg\u00e9s:<\/span><br \/>\nK\u00e9rve k\u00e9rj\u00fck F\u00f6ls\u00e9gedet, Urunk, Isten\u00fcnk, hogy amint Fiad szent Test\u00e9vel \u00e9s V\u00e9r\u00e9vel t\u00e1pl\u00e1lsz, t\u00e9gy minket az isteni \u00e9let r\u00e9szes\u00e9v\u00e9. Krisztus, a mi Urunk \u00e1ltal.<\/p>\n","protected":false},"excerpt":{"rendered":"<p>A zsolt\u00e1rossal egy\u00fctt mi magunk is megvalljuk b\u0171n\u00f6s voltunkat. Egyben pedig elismerj\u00fck, hogy csakis Isten irgalma \u00e9s megbocs\u00e1jt\u00f3 szeretete menthet meg. Ebben az \u0151szintes\u00e9gben hozzuk el b\u0171n\u00f6s \u00e9s esend\u0151 \u00e9n\u00fcnket. M\u00e9gis kereszt\u00e9ny optimizmusunknak adunk hangot: az Isten kegyelme k\u00e9pes felemelni, kiemelni elesett helyzet\u00fcnkb\u0151l. A sz\u00edriai N\u00e1m\u00e1n a h\u00e1l\u00e1s ember p\u00e9ldak\u00e9pe, aki h\u00e1l\u00e1s gy\u00f3gyul\u00e1s\u00e1\u00e9rt. S mert visszakapta eg\u00e9szs\u00e9g\u00e9t, azt felt\u00e9tlen\u00fcl meg akarja k\u00f6sz\u00f6nni Ill\u00e9s pr\u00f3f\u00e9t\u00e1nak. Ill\u00e9s pr\u00f3f\u00e9ta nem akarja elfogadni a neki felk\u00edn\u00e1lt aj\u00e1nd\u00e9kot. Tudja ugyanis, hogy \u0151 csak eszk\u00f6z az Isten gy\u00f3gy\u00edt\u00f3 kegyelm\u00e9nek k\u00f6zvet\u00edt\u00e9s\u00e9ben. K\u00e9t szempontra figyelj\u00fcnk teh\u00e1t oda: egyr\u00e9szt N\u00e1m\u00e1n h\u00e1l\u00e1s szeretet\u00e9re, m\u00e1sr\u00e9szt pedig Ill\u00e9s pr\u00f3f\u00e9ta m\u00e9rt\u00e9kletess\u00e9g\u00e9re, aki egyszer\u0171en csak k\u00f6zvet\u00edt. Ez\u00e9rt pedig nem v\u00e1r el semmilyen k\u00fcl\u00f6nleges h\u00e1l\u00e1t \u00e9s elismer\u00e9st. N\u00e1m\u00e1n gy\u00f3gyul\u00e1s\u00e1t teljes m\u00e9rt\u00e9kben Istennek tulajdon\u00edtja. Mindk\u00e9t magatart\u00e1s ritk\u00e1n fordul el\u0151, pedig J\u00e9zus elv\u00e1rja ezt t\u0151l\u00fcnk is. A szentleck\u00e9ben P\u00e1l apostol vallja, hogy a Krisztus\u00e9rt v\u00e9gzett munk\u00e1nak \u00e9s az \u00e9rte v\u00e1llalt szenved\u00e9snek meglesz a gy\u00fcm\u00f6lcse. Ez a hit ad er\u0151t sz\u00e1m\u00e1ra minden neh\u00e9z \u00e9letk\u00f6r\u00fclm\u00e9ny k\u00f6zepette. \u00cdgy tudja csak v\u00e1llalni a bilincset, amely bizonyos \u00e9rtelemben az \u00e9letben elszenvedend\u0151 igazs\u00e1gtalans\u00e1gok sokas\u00e1g\u00e1t is jelenti. Ilyen \u00e9rtelemben a szentlecke a hit megtart\u00f3 erej\u00e9r\u0151l sz\u00f3l. Az evang\u00e9liumi r\u00e9sz, a t\u00edz lepr\u00e1s gy\u00f3gyul\u00e1sa, egy \u00f3sz\u00f6vets\u00e9gi \u00e1ltal\u00e1nos magatart\u00e1sform\u00e1ra ir\u00e1ny\u00edtja r\u00e1 a figyelm\u00fcnket. Ott \u00e9s akkor elv\u00e1rt\u00e1k \u00e9s term\u00e9szetesnek tartott\u00e1k az Istent\u0151l kapott j\u00f3t\u00e9tem\u00e9nyt. Ez nekem j\u00e1r! Olykor engem is megk\u00eds\u00e9rthet ez a fajta magatart\u00e1s. Mindaz, amivel \u00e9letemben rendelkezem, Isten aj\u00e1nd\u00e9koz\u00f3 szeretet\u00e9nek jutalma. Nem mag\u00e1t\u00f3l \u00e9rtet\u0151d\u0151! Legyek h\u00e1l\u00e1s \u00e9rte! Gondoljam, csak v\u00e9gig, hogy mennyi minden\u00e9rt lehetek h\u00e1l\u00e1s. Sz\u00e1mtalan dolog van \u00e9letemben, amelyek\u00e9rt itt \u00e9s most h\u00e1l\u00e1t \u00e9s k\u00f6sz\u00f6netet akarok mondani. A mai nap is egy ilyen kiv\u00e1l\u00f3 alkalom. \u00c9ljek h\u00e1t vele! Itt is kiemeln\u00e9m a hit megtart\u00f3 erej\u00e9nek fontoss\u00e1g\u00e1t: &#8222;Kelj fel \u00e9s menj! Hited meggy\u00f3gy\u00edtott t\u00e9ged.&#8221; Kezd\u0151\u00e9nek: Ha v\u00e9tkeinket sz\u00e1mon tartod, Uram, Uram, ki az, aki el\u0151tted meg\u00e1llhat? \u00c1m n\u00e1lad mindig k\u00e9sz a megbocs\u00e1jt\u00e1s, Izrael Istene&#8230;. <\/p>\n<p><a class=\"readmore\" href=\"https:\/\/stuttgarti-katolikusok.de\/index.php\/evkozi-28-vasarnap-3\/\">R\u00e9szletek<\/a><\/p>\n","protected":false},"author":3,"featured_media":23808,"comment_status":"closed","ping_status":"closed","sticky":false,"template":"","format":"standard","meta":{"footnotes":""},"categories":[85,63],"tags":[],"class_list":["post-31794","post","type-post","status-publish","format-standard","has-post-thumbnail","hentry","category-a-liturgia-olvasmanyai","category-vasarnapi-gondolatok"],"yoast_head":"<!-- This site is optimized with the Yoast SEO plugin v27.3 - https:\/\/yoast.com\/product\/yoast-seo-wordpress\/ -->\n<title>\u00c9vk\u00f6zi 28. vas\u00e1rnap - Stuttgarti Katolikusok<\/title>\n<meta name=\"robots\" content=\"index, follow, max-snippet:-1, max-image-preview:large, max-video-preview:-1\" \/>\n<link rel=\"canonical\" href=\"https:\/\/stuttgarti-katolikusok.de\/index.php\/evkozi-28-vasarnap-3\/\" \/>\n<meta property=\"og:locale\" content=\"hu_HU\" \/>\n<meta property=\"og:type\" content=\"article\" \/>\n<meta property=\"og:title\" content=\"\u00c9vk\u00f6zi 28. vas\u00e1rnap - Stuttgarti Katolikusok\" \/>\n<meta property=\"og:description\" content=\"A zsolt\u00e1rossal egy\u00fctt mi magunk is megvalljuk b\u0171n\u00f6s voltunkat. Egyben pedig elismerj\u00fck, hogy csakis Isten irgalma \u00e9s megbocs\u00e1jt\u00f3 szeretete menthet meg. Ebben az \u0151szintes\u00e9gben hozzuk el b\u0171n\u00f6s \u00e9s esend\u0151 \u00e9n\u00fcnket. M\u00e9gis kereszt\u00e9ny optimizmusunknak adunk hangot: az Isten kegyelme k\u00e9pes felemelni, kiemelni elesett helyzet\u00fcnkb\u0151l. A sz\u00edriai N\u00e1m\u00e1n a h\u00e1l\u00e1s ember p\u00e9ldak\u00e9pe, aki h\u00e1l\u00e1s gy\u00f3gyul\u00e1s\u00e1\u00e9rt. S mert visszakapta eg\u00e9szs\u00e9g\u00e9t, azt felt\u00e9tlen\u00fcl meg akarja k\u00f6sz\u00f6nni Ill\u00e9s pr\u00f3f\u00e9t\u00e1nak. Ill\u00e9s pr\u00f3f\u00e9ta nem akarja elfogadni a neki felk\u00edn\u00e1lt aj\u00e1nd\u00e9kot. Tudja ugyanis, hogy \u0151 csak eszk\u00f6z az Isten gy\u00f3gy\u00edt\u00f3 kegyelm\u00e9nek k\u00f6zvet\u00edt\u00e9s\u00e9ben. K\u00e9t szempontra figyelj\u00fcnk teh\u00e1t oda: egyr\u00e9szt N\u00e1m\u00e1n h\u00e1l\u00e1s szeretet\u00e9re, m\u00e1sr\u00e9szt pedig Ill\u00e9s pr\u00f3f\u00e9ta m\u00e9rt\u00e9kletess\u00e9g\u00e9re, aki egyszer\u0171en csak k\u00f6zvet\u00edt. Ez\u00e9rt pedig nem v\u00e1r el semmilyen k\u00fcl\u00f6nleges h\u00e1l\u00e1t \u00e9s elismer\u00e9st. N\u00e1m\u00e1n gy\u00f3gyul\u00e1s\u00e1t teljes m\u00e9rt\u00e9kben Istennek tulajdon\u00edtja. Mindk\u00e9t magatart\u00e1s ritk\u00e1n fordul el\u0151, pedig J\u00e9zus elv\u00e1rja ezt t\u0151l\u00fcnk is. A szentleck\u00e9ben P\u00e1l apostol vallja, hogy a Krisztus\u00e9rt v\u00e9gzett munk\u00e1nak \u00e9s az \u00e9rte v\u00e1llalt szenved\u00e9snek meglesz a gy\u00fcm\u00f6lcse. Ez a hit ad er\u0151t sz\u00e1m\u00e1ra minden neh\u00e9z \u00e9letk\u00f6r\u00fclm\u00e9ny k\u00f6zepette. \u00cdgy tudja csak v\u00e1llalni a bilincset, amely bizonyos \u00e9rtelemben az \u00e9letben elszenvedend\u0151 igazs\u00e1gtalans\u00e1gok sokas\u00e1g\u00e1t is jelenti. Ilyen \u00e9rtelemben a szentlecke a hit megtart\u00f3 erej\u00e9r\u0151l sz\u00f3l. Az evang\u00e9liumi r\u00e9sz, a t\u00edz lepr\u00e1s gy\u00f3gyul\u00e1sa, egy \u00f3sz\u00f6vets\u00e9gi \u00e1ltal\u00e1nos magatart\u00e1sform\u00e1ra ir\u00e1ny\u00edtja r\u00e1 a figyelm\u00fcnket. Ott \u00e9s akkor elv\u00e1rt\u00e1k \u00e9s term\u00e9szetesnek tartott\u00e1k az Istent\u0151l kapott j\u00f3t\u00e9tem\u00e9nyt. Ez nekem j\u00e1r! Olykor engem is megk\u00eds\u00e9rthet ez a fajta magatart\u00e1s. Mindaz, amivel \u00e9letemben rendelkezem, Isten aj\u00e1nd\u00e9koz\u00f3 szeretet\u00e9nek jutalma. Nem mag\u00e1t\u00f3l \u00e9rtet\u0151d\u0151! Legyek h\u00e1l\u00e1s \u00e9rte! Gondoljam, csak v\u00e9gig, hogy mennyi minden\u00e9rt lehetek h\u00e1l\u00e1s. Sz\u00e1mtalan dolog van \u00e9letemben, amelyek\u00e9rt itt \u00e9s most h\u00e1l\u00e1t \u00e9s k\u00f6sz\u00f6netet akarok mondani. A mai nap is egy ilyen kiv\u00e1l\u00f3 alkalom. \u00c9ljek h\u00e1t vele! Itt is kiemeln\u00e9m a hit megtart\u00f3 erej\u00e9nek fontoss\u00e1g\u00e1t: &#8222;Kelj fel \u00e9s menj! Hited meggy\u00f3gy\u00edtott t\u00e9ged.&#8221; Kezd\u0151\u00e9nek: Ha v\u00e9tkeinket sz\u00e1mon tartod, Uram, Uram, ki az, aki el\u0151tted meg\u00e1llhat? \u00c1m n\u00e1lad mindig k\u00e9sz a megbocs\u00e1jt\u00e1s, Izrael Istene.... R\u00e9szletek\" \/>\n<meta property=\"og:url\" content=\"https:\/\/stuttgarti-katolikusok.de\/index.php\/evkozi-28-vasarnap-3\/\" \/>\n<meta property=\"og:site_name\" content=\"Stuttgarti Katolikusok\" \/>\n<meta property=\"article:published_time\" content=\"2025-10-11T05:59:10+00:00\" \/>\n<meta property=\"article:modified_time\" content=\"2025-10-11T19:53:48+00:00\" \/>\n<meta property=\"og:image\" content=\"https:\/\/stuttgarti-katolikusok.de\/wp-content\/uploads\/2022\/10\/whatsapp-kep-2022-10-18-095449.jpg\" \/>\n\t<meta property=\"og:image:width\" content=\"2000\" \/>\n\t<meta property=\"og:image:height\" content=\"1269\" \/>\n\t<meta property=\"og:image:type\" content=\"image\/jpeg\" \/>\n<meta name=\"author\" content=\"Tibor atya\" \/>\n<meta name=\"twitter:card\" content=\"summary_large_image\" \/>\n<meta name=\"twitter:label1\" content=\"Szerz\u0151:\" \/>\n\t<meta name=\"twitter:data1\" content=\"Tibor atya\" \/>\n\t<meta name=\"twitter:label2\" content=\"Becs\u00fclt olvas\u00e1si id\u0151\" \/>\n\t<meta name=\"twitter:data2\" content=\"7 perc\" \/>\n<script type=\"application\/ld+json\" class=\"yoast-schema-graph\">{\"@context\":\"https:\\\/\\\/schema.org\",\"@graph\":[{\"@type\":\"Article\",\"@id\":\"https:\\\/\\\/stuttgarti-katolikusok.de\\\/index.php\\\/evkozi-28-vasarnap-3\\\/#article\",\"isPartOf\":{\"@id\":\"https:\\\/\\\/stuttgarti-katolikusok.de\\\/index.php\\\/evkozi-28-vasarnap-3\\\/\"},\"author\":{\"name\":\"Tibor atya\",\"@id\":\"https:\\\/\\\/stuttgarti-katolikusok.de\\\/#\\\/schema\\\/person\\\/75908d6f8fdc03a57889d27209df7795\"},\"headline\":\"\u00c9vk\u00f6zi 28. vas\u00e1rnap\",\"datePublished\":\"2025-10-11T05:59:10+00:00\",\"dateModified\":\"2025-10-11T19:53:48+00:00\",\"mainEntityOfPage\":{\"@id\":\"https:\\\/\\\/stuttgarti-katolikusok.de\\\/index.php\\\/evkozi-28-vasarnap-3\\\/\"},\"wordCount\":1749,\"image\":{\"@id\":\"https:\\\/\\\/stuttgarti-katolikusok.de\\\/index.php\\\/evkozi-28-vasarnap-3\\\/#primaryimage\"},\"thumbnailUrl\":\"https:\\\/\\\/stuttgarti-katolikusok.de\\\/wp-content\\\/uploads\\\/2022\\\/10\\\/whatsapp-kep-2022-10-18-095449.jpg\",\"articleSection\":[\"A liturgia olvasm\u00e1nyai\",\"Vas\u00e1rnapi gondolatok\"],\"inLanguage\":\"hu\"},{\"@type\":\"WebPage\",\"@id\":\"https:\\\/\\\/stuttgarti-katolikusok.de\\\/index.php\\\/evkozi-28-vasarnap-3\\\/\",\"url\":\"https:\\\/\\\/stuttgarti-katolikusok.de\\\/index.php\\\/evkozi-28-vasarnap-3\\\/\",\"name\":\"\u00c9vk\u00f6zi 28. vas\u00e1rnap - Stuttgarti Katolikusok\",\"isPartOf\":{\"@id\":\"https:\\\/\\\/stuttgarti-katolikusok.de\\\/#website\"},\"primaryImageOfPage\":{\"@id\":\"https:\\\/\\\/stuttgarti-katolikusok.de\\\/index.php\\\/evkozi-28-vasarnap-3\\\/#primaryimage\"},\"image\":{\"@id\":\"https:\\\/\\\/stuttgarti-katolikusok.de\\\/index.php\\\/evkozi-28-vasarnap-3\\\/#primaryimage\"},\"thumbnailUrl\":\"https:\\\/\\\/stuttgarti-katolikusok.de\\\/wp-content\\\/uploads\\\/2022\\\/10\\\/whatsapp-kep-2022-10-18-095449.jpg\",\"datePublished\":\"2025-10-11T05:59:10+00:00\",\"dateModified\":\"2025-10-11T19:53:48+00:00\",\"author\":{\"@id\":\"https:\\\/\\\/stuttgarti-katolikusok.de\\\/#\\\/schema\\\/person\\\/75908d6f8fdc03a57889d27209df7795\"},\"breadcrumb\":{\"@id\":\"https:\\\/\\\/stuttgarti-katolikusok.de\\\/index.php\\\/evkozi-28-vasarnap-3\\\/#breadcrumb\"},\"inLanguage\":\"hu\",\"potentialAction\":[{\"@type\":\"ReadAction\",\"target\":[\"https:\\\/\\\/stuttgarti-katolikusok.de\\\/index.php\\\/evkozi-28-vasarnap-3\\\/\"]}]},{\"@type\":\"ImageObject\",\"inLanguage\":\"hu\",\"@id\":\"https:\\\/\\\/stuttgarti-katolikusok.de\\\/index.php\\\/evkozi-28-vasarnap-3\\\/#primaryimage\",\"url\":\"https:\\\/\\\/stuttgarti-katolikusok.de\\\/wp-content\\\/uploads\\\/2022\\\/10\\\/whatsapp-kep-2022-10-18-095449.jpg\",\"contentUrl\":\"https:\\\/\\\/stuttgarti-katolikusok.de\\\/wp-content\\\/uploads\\\/2022\\\/10\\\/whatsapp-kep-2022-10-18-095449.jpg\",\"width\":2000,\"height\":1269},{\"@type\":\"BreadcrumbList\",\"@id\":\"https:\\\/\\\/stuttgarti-katolikusok.de\\\/index.php\\\/evkozi-28-vasarnap-3\\\/#breadcrumb\",\"itemListElement\":[{\"@type\":\"ListItem\",\"position\":1,\"name\":\"Kezd\u0151lap\",\"item\":\"https:\\\/\\\/stuttgarti-katolikusok.de\\\/\"},{\"@type\":\"ListItem\",\"position\":2,\"name\":\"\u00c9vk\u00f6zi 28. vas\u00e1rnap\"}]},{\"@type\":\"WebSite\",\"@id\":\"https:\\\/\\\/stuttgarti-katolikusok.de\\\/#website\",\"url\":\"https:\\\/\\\/stuttgarti-katolikusok.de\\\/\",\"name\":\"Stuttgarti Katolikusok\",\"description\":\"\",\"potentialAction\":[{\"@type\":\"SearchAction\",\"target\":{\"@type\":\"EntryPoint\",\"urlTemplate\":\"https:\\\/\\\/stuttgarti-katolikusok.de\\\/?s={search_term_string}\"},\"query-input\":{\"@type\":\"PropertyValueSpecification\",\"valueRequired\":true,\"valueName\":\"search_term_string\"}}],\"inLanguage\":\"hu\"},{\"@type\":\"Person\",\"@id\":\"https:\\\/\\\/stuttgarti-katolikusok.de\\\/#\\\/schema\\\/person\\\/75908d6f8fdc03a57889d27209df7795\",\"name\":\"Tibor atya\",\"image\":{\"@type\":\"ImageObject\",\"inLanguage\":\"hu\",\"@id\":\"https:\\\/\\\/secure.gravatar.com\\\/avatar\\\/61d268e57d1f4525b111222e29d2d5a7f8c420fdbf231ba5566a8ceac74fa960?s=96&d=mm&r=g\",\"url\":\"https:\\\/\\\/secure.gravatar.com\\\/avatar\\\/61d268e57d1f4525b111222e29d2d5a7f8c420fdbf231ba5566a8ceac74fa960?s=96&d=mm&r=g\",\"contentUrl\":\"https:\\\/\\\/secure.gravatar.com\\\/avatar\\\/61d268e57d1f4525b111222e29d2d5a7f8c420fdbf231ba5566a8ceac74fa960?s=96&d=mm&r=g\",\"caption\":\"Tibor atya\"},\"url\":\"https:\\\/\\\/stuttgarti-katolikusok.de\\\/index.php\\\/author\\\/tibor-atya\\\/\"}]}<\/script>\n<!-- \/ Yoast SEO plugin. -->","yoast_head_json":{"title":"\u00c9vk\u00f6zi 28. vas\u00e1rnap - Stuttgarti Katolikusok","robots":{"index":"index","follow":"follow","max-snippet":"max-snippet:-1","max-image-preview":"max-image-preview:large","max-video-preview":"max-video-preview:-1"},"canonical":"https:\/\/stuttgarti-katolikusok.de\/index.php\/evkozi-28-vasarnap-3\/","og_locale":"hu_HU","og_type":"article","og_title":"\u00c9vk\u00f6zi 28. vas\u00e1rnap - Stuttgarti Katolikusok","og_description":"A zsolt\u00e1rossal egy\u00fctt mi magunk is megvalljuk b\u0171n\u00f6s voltunkat. Egyben pedig elismerj\u00fck, hogy csakis Isten irgalma \u00e9s megbocs\u00e1jt\u00f3 szeretete menthet meg. Ebben az \u0151szintes\u00e9gben hozzuk el b\u0171n\u00f6s \u00e9s esend\u0151 \u00e9n\u00fcnket. M\u00e9gis kereszt\u00e9ny optimizmusunknak adunk hangot: az Isten kegyelme k\u00e9pes felemelni, kiemelni elesett helyzet\u00fcnkb\u0151l. A sz\u00edriai N\u00e1m\u00e1n a h\u00e1l\u00e1s ember p\u00e9ldak\u00e9pe, aki h\u00e1l\u00e1s gy\u00f3gyul\u00e1s\u00e1\u00e9rt. S mert visszakapta eg\u00e9szs\u00e9g\u00e9t, azt felt\u00e9tlen\u00fcl meg akarja k\u00f6sz\u00f6nni Ill\u00e9s pr\u00f3f\u00e9t\u00e1nak. Ill\u00e9s pr\u00f3f\u00e9ta nem akarja elfogadni a neki felk\u00edn\u00e1lt aj\u00e1nd\u00e9kot. Tudja ugyanis, hogy \u0151 csak eszk\u00f6z az Isten gy\u00f3gy\u00edt\u00f3 kegyelm\u00e9nek k\u00f6zvet\u00edt\u00e9s\u00e9ben. K\u00e9t szempontra figyelj\u00fcnk teh\u00e1t oda: egyr\u00e9szt N\u00e1m\u00e1n h\u00e1l\u00e1s szeretet\u00e9re, m\u00e1sr\u00e9szt pedig Ill\u00e9s pr\u00f3f\u00e9ta m\u00e9rt\u00e9kletess\u00e9g\u00e9re, aki egyszer\u0171en csak k\u00f6zvet\u00edt. Ez\u00e9rt pedig nem v\u00e1r el semmilyen k\u00fcl\u00f6nleges h\u00e1l\u00e1t \u00e9s elismer\u00e9st. N\u00e1m\u00e1n gy\u00f3gyul\u00e1s\u00e1t teljes m\u00e9rt\u00e9kben Istennek tulajdon\u00edtja. Mindk\u00e9t magatart\u00e1s ritk\u00e1n fordul el\u0151, pedig J\u00e9zus elv\u00e1rja ezt t\u0151l\u00fcnk is. A szentleck\u00e9ben P\u00e1l apostol vallja, hogy a Krisztus\u00e9rt v\u00e9gzett munk\u00e1nak \u00e9s az \u00e9rte v\u00e1llalt szenved\u00e9snek meglesz a gy\u00fcm\u00f6lcse. Ez a hit ad er\u0151t sz\u00e1m\u00e1ra minden neh\u00e9z \u00e9letk\u00f6r\u00fclm\u00e9ny k\u00f6zepette. \u00cdgy tudja csak v\u00e1llalni a bilincset, amely bizonyos \u00e9rtelemben az \u00e9letben elszenvedend\u0151 igazs\u00e1gtalans\u00e1gok sokas\u00e1g\u00e1t is jelenti. Ilyen \u00e9rtelemben a szentlecke a hit megtart\u00f3 erej\u00e9r\u0151l sz\u00f3l. Az evang\u00e9liumi r\u00e9sz, a t\u00edz lepr\u00e1s gy\u00f3gyul\u00e1sa, egy \u00f3sz\u00f6vets\u00e9gi \u00e1ltal\u00e1nos magatart\u00e1sform\u00e1ra ir\u00e1ny\u00edtja r\u00e1 a figyelm\u00fcnket. Ott \u00e9s akkor elv\u00e1rt\u00e1k \u00e9s term\u00e9szetesnek tartott\u00e1k az Istent\u0151l kapott j\u00f3t\u00e9tem\u00e9nyt. Ez nekem j\u00e1r! Olykor engem is megk\u00eds\u00e9rthet ez a fajta magatart\u00e1s. Mindaz, amivel \u00e9letemben rendelkezem, Isten aj\u00e1nd\u00e9koz\u00f3 szeretet\u00e9nek jutalma. Nem mag\u00e1t\u00f3l \u00e9rtet\u0151d\u0151! Legyek h\u00e1l\u00e1s \u00e9rte! Gondoljam, csak v\u00e9gig, hogy mennyi minden\u00e9rt lehetek h\u00e1l\u00e1s. Sz\u00e1mtalan dolog van \u00e9letemben, amelyek\u00e9rt itt \u00e9s most h\u00e1l\u00e1t \u00e9s k\u00f6sz\u00f6netet akarok mondani. A mai nap is egy ilyen kiv\u00e1l\u00f3 alkalom. \u00c9ljek h\u00e1t vele! Itt is kiemeln\u00e9m a hit megtart\u00f3 erej\u00e9nek fontoss\u00e1g\u00e1t: &#8222;Kelj fel \u00e9s menj! Hited meggy\u00f3gy\u00edtott t\u00e9ged.&#8221; Kezd\u0151\u00e9nek: Ha v\u00e9tkeinket sz\u00e1mon tartod, Uram, Uram, ki az, aki el\u0151tted meg\u00e1llhat? \u00c1m n\u00e1lad mindig k\u00e9sz a megbocs\u00e1jt\u00e1s, Izrael Istene.... R\u00e9szletek","og_url":"https:\/\/stuttgarti-katolikusok.de\/index.php\/evkozi-28-vasarnap-3\/","og_site_name":"Stuttgarti Katolikusok","article_published_time":"2025-10-11T05:59:10+00:00","article_modified_time":"2025-10-11T19:53:48+00:00","og_image":[{"width":2000,"height":1269,"url":"https:\/\/stuttgarti-katolikusok.de\/wp-content\/uploads\/2022\/10\/whatsapp-kep-2022-10-18-095449.jpg","type":"image\/jpeg"}],"author":"Tibor atya","twitter_card":"summary_large_image","twitter_misc":{"Szerz\u0151:":"Tibor atya","Becs\u00fclt olvas\u00e1si id\u0151":"7 perc"},"schema":{"@context":"https:\/\/schema.org","@graph":[{"@type":"Article","@id":"https:\/\/stuttgarti-katolikusok.de\/index.php\/evkozi-28-vasarnap-3\/#article","isPartOf":{"@id":"https:\/\/stuttgarti-katolikusok.de\/index.php\/evkozi-28-vasarnap-3\/"},"author":{"name":"Tibor atya","@id":"https:\/\/stuttgarti-katolikusok.de\/#\/schema\/person\/75908d6f8fdc03a57889d27209df7795"},"headline":"\u00c9vk\u00f6zi 28. vas\u00e1rnap","datePublished":"2025-10-11T05:59:10+00:00","dateModified":"2025-10-11T19:53:48+00:00","mainEntityOfPage":{"@id":"https:\/\/stuttgarti-katolikusok.de\/index.php\/evkozi-28-vasarnap-3\/"},"wordCount":1749,"image":{"@id":"https:\/\/stuttgarti-katolikusok.de\/index.php\/evkozi-28-vasarnap-3\/#primaryimage"},"thumbnailUrl":"https:\/\/stuttgarti-katolikusok.de\/wp-content\/uploads\/2022\/10\/whatsapp-kep-2022-10-18-095449.jpg","articleSection":["A liturgia olvasm\u00e1nyai","Vas\u00e1rnapi gondolatok"],"inLanguage":"hu"},{"@type":"WebPage","@id":"https:\/\/stuttgarti-katolikusok.de\/index.php\/evkozi-28-vasarnap-3\/","url":"https:\/\/stuttgarti-katolikusok.de\/index.php\/evkozi-28-vasarnap-3\/","name":"\u00c9vk\u00f6zi 28. vas\u00e1rnap - Stuttgarti Katolikusok","isPartOf":{"@id":"https:\/\/stuttgarti-katolikusok.de\/#website"},"primaryImageOfPage":{"@id":"https:\/\/stuttgarti-katolikusok.de\/index.php\/evkozi-28-vasarnap-3\/#primaryimage"},"image":{"@id":"https:\/\/stuttgarti-katolikusok.de\/index.php\/evkozi-28-vasarnap-3\/#primaryimage"},"thumbnailUrl":"https:\/\/stuttgarti-katolikusok.de\/wp-content\/uploads\/2022\/10\/whatsapp-kep-2022-10-18-095449.jpg","datePublished":"2025-10-11T05:59:10+00:00","dateModified":"2025-10-11T19:53:48+00:00","author":{"@id":"https:\/\/stuttgarti-katolikusok.de\/#\/schema\/person\/75908d6f8fdc03a57889d27209df7795"},"breadcrumb":{"@id":"https:\/\/stuttgarti-katolikusok.de\/index.php\/evkozi-28-vasarnap-3\/#breadcrumb"},"inLanguage":"hu","potentialAction":[{"@type":"ReadAction","target":["https:\/\/stuttgarti-katolikusok.de\/index.php\/evkozi-28-vasarnap-3\/"]}]},{"@type":"ImageObject","inLanguage":"hu","@id":"https:\/\/stuttgarti-katolikusok.de\/index.php\/evkozi-28-vasarnap-3\/#primaryimage","url":"https:\/\/stuttgarti-katolikusok.de\/wp-content\/uploads\/2022\/10\/whatsapp-kep-2022-10-18-095449.jpg","contentUrl":"https:\/\/stuttgarti-katolikusok.de\/wp-content\/uploads\/2022\/10\/whatsapp-kep-2022-10-18-095449.jpg","width":2000,"height":1269},{"@type":"BreadcrumbList","@id":"https:\/\/stuttgarti-katolikusok.de\/index.php\/evkozi-28-vasarnap-3\/#breadcrumb","itemListElement":[{"@type":"ListItem","position":1,"name":"Kezd\u0151lap","item":"https:\/\/stuttgarti-katolikusok.de\/"},{"@type":"ListItem","position":2,"name":"\u00c9vk\u00f6zi 28. vas\u00e1rnap"}]},{"@type":"WebSite","@id":"https:\/\/stuttgarti-katolikusok.de\/#website","url":"https:\/\/stuttgarti-katolikusok.de\/","name":"Stuttgarti Katolikusok","description":"","potentialAction":[{"@type":"SearchAction","target":{"@type":"EntryPoint","urlTemplate":"https:\/\/stuttgarti-katolikusok.de\/?s={search_term_string}"},"query-input":{"@type":"PropertyValueSpecification","valueRequired":true,"valueName":"search_term_string"}}],"inLanguage":"hu"},{"@type":"Person","@id":"https:\/\/stuttgarti-katolikusok.de\/#\/schema\/person\/75908d6f8fdc03a57889d27209df7795","name":"Tibor atya","image":{"@type":"ImageObject","inLanguage":"hu","@id":"https:\/\/secure.gravatar.com\/avatar\/61d268e57d1f4525b111222e29d2d5a7f8c420fdbf231ba5566a8ceac74fa960?s=96&d=mm&r=g","url":"https:\/\/secure.gravatar.com\/avatar\/61d268e57d1f4525b111222e29d2d5a7f8c420fdbf231ba5566a8ceac74fa960?s=96&d=mm&r=g","contentUrl":"https:\/\/secure.gravatar.com\/avatar\/61d268e57d1f4525b111222e29d2d5a7f8c420fdbf231ba5566a8ceac74fa960?s=96&d=mm&r=g","caption":"Tibor atya"},"url":"https:\/\/stuttgarti-katolikusok.de\/index.php\/author\/tibor-atya\/"}]}},"_links":{"self":[{"href":"https:\/\/stuttgarti-katolikusok.de\/index.php\/wp-json\/wp\/v2\/posts\/31794","targetHints":{"allow":["GET"]}}],"collection":[{"href":"https:\/\/stuttgarti-katolikusok.de\/index.php\/wp-json\/wp\/v2\/posts"}],"about":[{"href":"https:\/\/stuttgarti-katolikusok.de\/index.php\/wp-json\/wp\/v2\/types\/post"}],"author":[{"embeddable":true,"href":"https:\/\/stuttgarti-katolikusok.de\/index.php\/wp-json\/wp\/v2\/users\/3"}],"replies":[{"embeddable":true,"href":"https:\/\/stuttgarti-katolikusok.de\/index.php\/wp-json\/wp\/v2\/comments?post=31794"}],"version-history":[{"count":3,"href":"https:\/\/stuttgarti-katolikusok.de\/index.php\/wp-json\/wp\/v2\/posts\/31794\/revisions"}],"predecessor-version":[{"id":31797,"href":"https:\/\/stuttgarti-katolikusok.de\/index.php\/wp-json\/wp\/v2\/posts\/31794\/revisions\/31797"}],"wp:featuredmedia":[{"embeddable":true,"href":"https:\/\/stuttgarti-katolikusok.de\/index.php\/wp-json\/wp\/v2\/media\/23808"}],"wp:attachment":[{"href":"https:\/\/stuttgarti-katolikusok.de\/index.php\/wp-json\/wp\/v2\/media?parent=31794"}],"wp:term":[{"taxonomy":"category","embeddable":true,"href":"https:\/\/stuttgarti-katolikusok.de\/index.php\/wp-json\/wp\/v2\/categories?post=31794"},{"taxonomy":"post_tag","embeddable":true,"href":"https:\/\/stuttgarti-katolikusok.de\/index.php\/wp-json\/wp\/v2\/tags?post=31794"}],"curies":[{"name":"wp","href":"https:\/\/api.w.org\/{rel}","templated":true}]}}