{"id":31769,"date":"2025-10-06T12:51:51","date_gmt":"2025-10-06T10:51:51","guid":{"rendered":"https:\/\/stuttgarti-katolikusok.de\/?p=31769"},"modified":"2025-10-06T14:02:34","modified_gmt":"2025-10-06T12:02:34","slug":"31769","status":"publish","type":"post","link":"https:\/\/stuttgarti-katolikusok.de\/index.php\/31769\/","title":{"rendered":"2025. OKT\u00d3BER 6 \u00c9S 12 K\u00d6Z\u00d6TT"},"content":{"rendered":"<p><span style=\"color: #008000;\"><strong>Programel\u0151zetes<\/strong><\/span><\/p>\n<p style=\"text-align: center;\"><span style=\"color: #008000;\"><strong>*<\/strong><\/span><\/p>\n<p><strong>Okt\u00f3ber 9-\u00e9n<\/strong>, cs\u00fct\u00f6rt\u00f6k\u00f6n, <strong><em>Weingarteni d\u00e9lut\u00e1n<\/em><\/strong>, a <strong><em>14 Nothelfer Kapelle<\/em><\/strong>-ben 17.30 \u00f3rakor <em>r\u00f3zsaf\u00fcz\u00e9r im\u00e1ds\u00e1g <\/em>\u00e9s <em>okt\u00f3beri \u00e1jtatoss\u00e1g<\/em>, majd 18.00 \u00f3rakor <em>szentmise<\/em>, keret\u00e9ben <em>katek\u00e9zis.<\/em><\/p>\n<p style=\"text-align: center;\"><span style=\"color: #008000;\"><strong>\u00a0<\/strong><strong>*<\/strong><\/span><\/p>\n<p><strong>Okt\u00f3ber 10-\u00e9n,<\/strong>\u00a0p\u00e9nteken, <strong><em>Stuttgarti d\u00e9lut\u00e1n<\/em><\/strong><strong>, <\/strong>17.30 \u00f3rakor <em>r\u00f3zsaf\u00fcz\u00e9r im\u00e1ds\u00e1g <\/em>\u00e9s <em>okt\u00f3beri \u00e1jtatoss\u00e1g<\/em>,<em>\u00a0<\/em>majd 18.00 \u00f3rakor <em>szentmise<\/em><em>, keret\u00e9ben <\/em><em>katek\u00e9zis.<\/em><\/p>\n<p style=\"text-align: center;\"><span style=\"color: #008000;\"><em>\u00a0<\/em><strong>*<\/strong><\/span><\/p>\n<p style=\"text-align: center;\"><span style=\"color: #008000;\"><em><strong>\u00c9vk\u00f6zi 28. vas\u00e1rnap<\/strong><\/em><\/span><\/p>\n<p><strong>Okt\u00f3ber 11-\u00e9n, <\/strong>szombaton,<\/p>\n<p><strong>Munderkingenben <\/strong>16.00 \u00f3rakor <em>szentmise<\/em>, ut\u00e1na <em>agap\u00e9.<\/em><\/p>\n<p><strong>Biberachban<\/strong> <span style=\"color: #ff0000;\"><strong><em>NINCS szentmise!!! <\/em><\/strong><em>(V\u00e1runk benneteket Munderkingenbe!)<\/em><\/span><\/p>\n<p style=\"text-align: center;\"><span style=\"color: #008000;\"><strong>*<\/strong><\/span><\/p>\n<p><strong>Okt\u00f3ber 12-\u00e9n<\/strong>, <span style=\"color: #008000;\"><em><strong>\u00c9<\/strong><\/em><em><strong>vk\u00f6zi 28. vas\u00e1rnap<\/strong><\/em><\/span><em>,<\/em><\/p>\n<p><strong>Weingartenben <\/strong><span style=\"color: #ff0000;\"><strong><em>NINCS szentmise!!! <\/em><\/strong><em>(V\u00e1runk benneteket Friedrichshafenbe!)<\/em><\/span><\/p>\n<p><strong>Friedrichshafenben <\/strong>10.15 \u00f3rakor <em>szentmise<\/em><em>, <\/em>ut\u00e1na <em>agap\u00e9.<\/em><\/p>\n<p><strong>Ulmban <\/strong>15.00 \u00f3rakor<em><span style=\"color: #ff6600;\"> egyh\u00e1zk\u00f6zs\u00e9gi b\u00facs\u00fas szentmise<\/span>, <\/em>melyben <span style=\"color: #ff6600;\"><em><strong>Magyarok Nagyasszony\u00e1t <\/strong>k\u00f6sz\u00f6ntj\u00fck<\/em><\/span><em>, <\/em>ut\u00e1na <em>agap\u00e9.<\/em><em>\u00a0<\/em><\/p>\n<p style=\"text-align: center;\"><span style=\"color: #008000;\"><strong>*<\/strong><\/span><\/p>\n<p><a href=\"https:\/\/stuttgarti-katolikusok.de\/wp-content\/uploads\/2024\/10\/ulm-2.jpg\"><img loading=\"lazy\" decoding=\"async\" class=\"size-full wp-image-29465 aligncenter\" src=\"https:\/\/stuttgarti-katolikusok.de\/wp-content\/uploads\/2024\/10\/ulm-2.jpg\" alt=\"\" width=\"320\" height=\"405\" srcset=\"https:\/\/stuttgarti-katolikusok.de\/wp-content\/uploads\/2024\/10\/ulm-2.jpg 320w, https:\/\/stuttgarti-katolikusok.de\/wp-content\/uploads\/2024\/10\/ulm-2-237x300.jpg 237w\" sizes=\"auto, (max-width: 320px) 100vw, 320px\" \/><\/a><\/p>\n<p style=\"text-align: center;\"><span style=\"color: #008000;\"><em>\u00a0\u00a0<\/em><strong>*<\/strong><\/span><\/p>\n<p>Minden helyen mindenkit szeretettel v\u00e1r a k\u00f6z\u00f6ss\u00e9g \u00e9s Tibor atya!<\/p>\n<p style=\"text-align: center;\"><span style=\"color: #008000;\"><strong>*<\/strong><\/span><\/p>\n<p><a href=\"https:\/\/stuttgarti-katolikusok.de\/wp-content\/uploads\/2023\/10\/os34.jpg\"><img loading=\"lazy\" decoding=\"async\" class=\"alignnone size-full wp-image-27305\" src=\"https:\/\/stuttgarti-katolikusok.de\/wp-content\/uploads\/2023\/10\/os34.jpg\" alt=\"\" width=\"1074\" height=\"1068\" srcset=\"https:\/\/stuttgarti-katolikusok.de\/wp-content\/uploads\/2023\/10\/os34.jpg 1074w, https:\/\/stuttgarti-katolikusok.de\/wp-content\/uploads\/2023\/10\/os34-300x298.jpg 300w, https:\/\/stuttgarti-katolikusok.de\/wp-content\/uploads\/2023\/10\/os34-1024x1018.jpg 1024w, https:\/\/stuttgarti-katolikusok.de\/wp-content\/uploads\/2023\/10\/os34-150x150.jpg 150w\" sizes=\"auto, (max-width: 1074px) 100vw, 1074px\" \/><\/a><\/p>\n<p style=\"text-align: center;\"><span style=\"color: #008000;\"><strong>*<\/strong><\/span><\/p>\n<p><span style=\"color: #008000;\"><em>\u201eSzeretet n\u00e9lk\u00fcl magunk sz\u00e1m\u00e1ra is csak teher vagyunk. A szeretetben viszont egym\u00e1st is tudjuk hordozni.\u201d<\/em><\/span><em><strong>\u00a0<\/strong><\/em><em>(Szent \u00c1goston \u2013 egyh\u00e1zatya &#8211; 354 \u2013 430)<\/em><\/p>\n<p><span style=\"color: #008000;\"><em><strong>Sz\u00e9p \u0151szi napokat, j\u00f3 munk\u00e1t, tartalmas besz\u00e9lget\u00e9seket \u00e9s \u00f6r\u00f6mteli tal\u00e1lkoz\u00e1sokat k\u00edv\u00e1nunk minden kedves H\u00edv\u00fcnknek!<\/strong><\/em><\/span><\/p>\n<p><em>(K\u00e9pek forr\u00e1sa: Instagram)<\/em><\/p>\n","protected":false},"excerpt":{"rendered":"<p>Programel\u0151zetes * Okt\u00f3ber 9-\u00e9n, cs\u00fct\u00f6rt\u00f6k\u00f6n, Weingarteni d\u00e9lut\u00e1n, a 14 Nothelfer Kapelle-ben 17.30 \u00f3rakor r\u00f3zsaf\u00fcz\u00e9r im\u00e1ds\u00e1g \u00e9s okt\u00f3beri \u00e1jtatoss\u00e1g, majd 18.00 \u00f3rakor szentmise, keret\u00e9ben katek\u00e9zis. \u00a0* Okt\u00f3ber 10-\u00e9n,\u00a0p\u00e9nteken, Stuttgarti d\u00e9lut\u00e1n, 17.30 \u00f3rakor r\u00f3zsaf\u00fcz\u00e9r im\u00e1ds\u00e1g \u00e9s okt\u00f3beri \u00e1jtatoss\u00e1g,\u00a0majd 18.00 \u00f3rakor szentmise, keret\u00e9ben katek\u00e9zis. \u00a0* \u00c9vk\u00f6zi 28. vas\u00e1rnap Okt\u00f3ber 11-\u00e9n, szombaton, Munderkingenben 16.00 \u00f3rakor szentmise, ut\u00e1na agap\u00e9. Biberachban NINCS szentmise!!! (V\u00e1runk benneteket Munderkingenbe!) * Okt\u00f3ber 12-\u00e9n, \u00c9vk\u00f6zi 28. vas\u00e1rnap, Weingartenben NINCS szentmise!!! (V\u00e1runk benneteket Friedrichshafenbe!) Friedrichshafenben 10.15 \u00f3rakor szentmise, ut\u00e1na agap\u00e9. Ulmban 15.00 \u00f3rakor egyh\u00e1zk\u00f6zs\u00e9gi b\u00facs\u00fas szentmise, melyben Magyarok Nagyasszony\u00e1t k\u00f6sz\u00f6ntj\u00fck, ut\u00e1na agap\u00e9.\u00a0 * \u00a0\u00a0* Minden helyen mindenkit szeretettel v\u00e1r a k\u00f6z\u00f6ss\u00e9g \u00e9s Tibor atya! * * \u201eSzeretet n\u00e9lk\u00fcl magunk sz\u00e1m\u00e1ra is csak teher vagyunk. A szeretetben viszont egym\u00e1st is tudjuk hordozni.\u201d\u00a0(Szent \u00c1goston \u2013 egyh\u00e1zatya &#8211; 354 \u2013 430) Sz\u00e9p \u0151szi napokat, j\u00f3 munk\u00e1t, tartalmas besz\u00e9lget\u00e9seket \u00e9s \u00f6r\u00f6mteli tal\u00e1lkoz\u00e1sokat k\u00edv\u00e1nunk minden kedves H\u00edv\u00fcnknek! (K\u00e9pek forr\u00e1sa: Instagram)<\/p>\n","protected":false},"author":3,"featured_media":23866,"comment_status":"closed","ping_status":"closed","sticky":false,"template":"","format":"standard","meta":{"footnotes":""},"categories":[37],"tags":[],"class_list":["post-31769","post","type-post","status-publish","format-standard","has-post-thumbnail","hentry","category-progamelozetes"],"yoast_head":"<!-- This site is optimized with the Yoast SEO plugin v27.3 - https:\/\/yoast.com\/product\/yoast-seo-wordpress\/ -->\n<title>2025. OKT\u00d3BER 6 \u00c9S 12 K\u00d6Z\u00d6TT - Stuttgarti Katolikusok<\/title>\n<meta name=\"robots\" content=\"index, follow, max-snippet:-1, max-image-preview:large, max-video-preview:-1\" \/>\n<link rel=\"canonical\" href=\"https:\/\/stuttgarti-katolikusok.de\/index.php\/31769\/\" \/>\n<meta property=\"og:locale\" content=\"hu_HU\" \/>\n<meta property=\"og:type\" content=\"article\" \/>\n<meta property=\"og:title\" content=\"2025. OKT\u00d3BER 6 \u00c9S 12 K\u00d6Z\u00d6TT - Stuttgarti Katolikusok\" \/>\n<meta property=\"og:description\" content=\"Programel\u0151zetes * Okt\u00f3ber 9-\u00e9n, cs\u00fct\u00f6rt\u00f6k\u00f6n, Weingarteni d\u00e9lut\u00e1n, a 14 Nothelfer Kapelle-ben 17.30 \u00f3rakor r\u00f3zsaf\u00fcz\u00e9r im\u00e1ds\u00e1g \u00e9s okt\u00f3beri \u00e1jtatoss\u00e1g, majd 18.00 \u00f3rakor szentmise, keret\u00e9ben katek\u00e9zis. \u00a0* Okt\u00f3ber 10-\u00e9n,\u00a0p\u00e9nteken, Stuttgarti d\u00e9lut\u00e1n, 17.30 \u00f3rakor r\u00f3zsaf\u00fcz\u00e9r im\u00e1ds\u00e1g \u00e9s okt\u00f3beri \u00e1jtatoss\u00e1g,\u00a0majd 18.00 \u00f3rakor szentmise, keret\u00e9ben katek\u00e9zis. \u00a0* \u00c9vk\u00f6zi 28. vas\u00e1rnap Okt\u00f3ber 11-\u00e9n, szombaton, Munderkingenben 16.00 \u00f3rakor szentmise, ut\u00e1na agap\u00e9. Biberachban NINCS szentmise!!! (V\u00e1runk benneteket Munderkingenbe!) * Okt\u00f3ber 12-\u00e9n, \u00c9vk\u00f6zi 28. vas\u00e1rnap, Weingartenben NINCS szentmise!!! (V\u00e1runk benneteket Friedrichshafenbe!) Friedrichshafenben 10.15 \u00f3rakor szentmise, ut\u00e1na agap\u00e9. Ulmban 15.00 \u00f3rakor egyh\u00e1zk\u00f6zs\u00e9gi b\u00facs\u00fas szentmise, melyben Magyarok Nagyasszony\u00e1t k\u00f6sz\u00f6ntj\u00fck, ut\u00e1na agap\u00e9.\u00a0 * \u00a0\u00a0* Minden helyen mindenkit szeretettel v\u00e1r a k\u00f6z\u00f6ss\u00e9g \u00e9s Tibor atya! * * \u201eSzeretet n\u00e9lk\u00fcl magunk sz\u00e1m\u00e1ra is csak teher vagyunk. A szeretetben viszont egym\u00e1st is tudjuk hordozni.\u201d\u00a0(Szent \u00c1goston \u2013 egyh\u00e1zatya &#8211; 354 \u2013 430) Sz\u00e9p \u0151szi napokat, j\u00f3 munk\u00e1t, tartalmas besz\u00e9lget\u00e9seket \u00e9s \u00f6r\u00f6mteli tal\u00e1lkoz\u00e1sokat k\u00edv\u00e1nunk minden kedves H\u00edv\u00fcnknek! (K\u00e9pek forr\u00e1sa: Instagram)\" \/>\n<meta property=\"og:url\" content=\"https:\/\/stuttgarti-katolikusok.de\/index.php\/31769\/\" \/>\n<meta property=\"og:site_name\" content=\"Stuttgarti Katolikusok\" \/>\n<meta property=\"article:published_time\" content=\"2025-10-06T10:51:51+00:00\" \/>\n<meta property=\"article:modified_time\" content=\"2025-10-06T12:02:34+00:00\" \/>\n<meta property=\"og:image\" content=\"https:\/\/stuttgarti-katolikusok.de\/wp-content\/uploads\/2022\/10\/baratom-november.jpg\" \/>\n\t<meta property=\"og:image:width\" content=\"1600\" \/>\n\t<meta property=\"og:image:height\" content=\"1066\" \/>\n\t<meta property=\"og:image:type\" content=\"image\/jpeg\" \/>\n<meta name=\"author\" content=\"Tibor atya\" \/>\n<meta name=\"twitter:card\" content=\"summary_large_image\" \/>\n<meta name=\"twitter:label1\" content=\"Szerz\u0151:\" \/>\n\t<meta name=\"twitter:data1\" content=\"Tibor atya\" \/>\n\t<meta name=\"twitter:label2\" content=\"Becs\u00fclt olvas\u00e1si id\u0151\" \/>\n\t<meta name=\"twitter:data2\" content=\"2 perc\" \/>\n<script type=\"application\/ld+json\" class=\"yoast-schema-graph\">{\"@context\":\"https:\\\/\\\/schema.org\",\"@graph\":[{\"@type\":\"Article\",\"@id\":\"https:\\\/\\\/stuttgarti-katolikusok.de\\\/index.php\\\/31769\\\/#article\",\"isPartOf\":{\"@id\":\"https:\\\/\\\/stuttgarti-katolikusok.de\\\/index.php\\\/31769\\\/\"},\"author\":{\"name\":\"Tibor atya\",\"@id\":\"https:\\\/\\\/stuttgarti-katolikusok.de\\\/#\\\/schema\\\/person\\\/75908d6f8fdc03a57889d27209df7795\"},\"headline\":\"2025. OKT\u00d3BER 6 \u00c9S 12 K\u00d6Z\u00d6TT\",\"datePublished\":\"2025-10-06T10:51:51+00:00\",\"dateModified\":\"2025-10-06T12:02:34+00:00\",\"mainEntityOfPage\":{\"@id\":\"https:\\\/\\\/stuttgarti-katolikusok.de\\\/index.php\\\/31769\\\/\"},\"wordCount\":208,\"image\":{\"@id\":\"https:\\\/\\\/stuttgarti-katolikusok.de\\\/index.php\\\/31769\\\/#primaryimage\"},\"thumbnailUrl\":\"https:\\\/\\\/stuttgarti-katolikusok.de\\\/wp-content\\\/uploads\\\/2022\\\/10\\\/baratom-november.jpg\",\"articleSection\":[\"Progamel\u0151zetes\"],\"inLanguage\":\"hu\"},{\"@type\":\"WebPage\",\"@id\":\"https:\\\/\\\/stuttgarti-katolikusok.de\\\/index.php\\\/31769\\\/\",\"url\":\"https:\\\/\\\/stuttgarti-katolikusok.de\\\/index.php\\\/31769\\\/\",\"name\":\"2025. OKT\u00d3BER 6 \u00c9S 12 K\u00d6Z\u00d6TT - Stuttgarti Katolikusok\",\"isPartOf\":{\"@id\":\"https:\\\/\\\/stuttgarti-katolikusok.de\\\/#website\"},\"primaryImageOfPage\":{\"@id\":\"https:\\\/\\\/stuttgarti-katolikusok.de\\\/index.php\\\/31769\\\/#primaryimage\"},\"image\":{\"@id\":\"https:\\\/\\\/stuttgarti-katolikusok.de\\\/index.php\\\/31769\\\/#primaryimage\"},\"thumbnailUrl\":\"https:\\\/\\\/stuttgarti-katolikusok.de\\\/wp-content\\\/uploads\\\/2022\\\/10\\\/baratom-november.jpg\",\"datePublished\":\"2025-10-06T10:51:51+00:00\",\"dateModified\":\"2025-10-06T12:02:34+00:00\",\"author\":{\"@id\":\"https:\\\/\\\/stuttgarti-katolikusok.de\\\/#\\\/schema\\\/person\\\/75908d6f8fdc03a57889d27209df7795\"},\"breadcrumb\":{\"@id\":\"https:\\\/\\\/stuttgarti-katolikusok.de\\\/index.php\\\/31769\\\/#breadcrumb\"},\"inLanguage\":\"hu\",\"potentialAction\":[{\"@type\":\"ReadAction\",\"target\":[\"https:\\\/\\\/stuttgarti-katolikusok.de\\\/index.php\\\/31769\\\/\"]}]},{\"@type\":\"ImageObject\",\"inLanguage\":\"hu\",\"@id\":\"https:\\\/\\\/stuttgarti-katolikusok.de\\\/index.php\\\/31769\\\/#primaryimage\",\"url\":\"https:\\\/\\\/stuttgarti-katolikusok.de\\\/wp-content\\\/uploads\\\/2022\\\/10\\\/baratom-november.jpg\",\"contentUrl\":\"https:\\\/\\\/stuttgarti-katolikusok.de\\\/wp-content\\\/uploads\\\/2022\\\/10\\\/baratom-november.jpg\",\"width\":1600,\"height\":1066},{\"@type\":\"BreadcrumbList\",\"@id\":\"https:\\\/\\\/stuttgarti-katolikusok.de\\\/index.php\\\/31769\\\/#breadcrumb\",\"itemListElement\":[{\"@type\":\"ListItem\",\"position\":1,\"name\":\"Kezd\u0151lap\",\"item\":\"https:\\\/\\\/stuttgarti-katolikusok.de\\\/\"},{\"@type\":\"ListItem\",\"position\":2,\"name\":\"2025. OKT\u00d3BER 6 \u00c9S 12 K\u00d6Z\u00d6TT\"}]},{\"@type\":\"WebSite\",\"@id\":\"https:\\\/\\\/stuttgarti-katolikusok.de\\\/#website\",\"url\":\"https:\\\/\\\/stuttgarti-katolikusok.de\\\/\",\"name\":\"Stuttgarti Katolikusok\",\"description\":\"\",\"potentialAction\":[{\"@type\":\"SearchAction\",\"target\":{\"@type\":\"EntryPoint\",\"urlTemplate\":\"https:\\\/\\\/stuttgarti-katolikusok.de\\\/?s={search_term_string}\"},\"query-input\":{\"@type\":\"PropertyValueSpecification\",\"valueRequired\":true,\"valueName\":\"search_term_string\"}}],\"inLanguage\":\"hu\"},{\"@type\":\"Person\",\"@id\":\"https:\\\/\\\/stuttgarti-katolikusok.de\\\/#\\\/schema\\\/person\\\/75908d6f8fdc03a57889d27209df7795\",\"name\":\"Tibor atya\",\"image\":{\"@type\":\"ImageObject\",\"inLanguage\":\"hu\",\"@id\":\"https:\\\/\\\/secure.gravatar.com\\\/avatar\\\/61d268e57d1f4525b111222e29d2d5a7f8c420fdbf231ba5566a8ceac74fa960?s=96&d=mm&r=g\",\"url\":\"https:\\\/\\\/secure.gravatar.com\\\/avatar\\\/61d268e57d1f4525b111222e29d2d5a7f8c420fdbf231ba5566a8ceac74fa960?s=96&d=mm&r=g\",\"contentUrl\":\"https:\\\/\\\/secure.gravatar.com\\\/avatar\\\/61d268e57d1f4525b111222e29d2d5a7f8c420fdbf231ba5566a8ceac74fa960?s=96&d=mm&r=g\",\"caption\":\"Tibor atya\"},\"url\":\"https:\\\/\\\/stuttgarti-katolikusok.de\\\/index.php\\\/author\\\/tibor-atya\\\/\"}]}<\/script>\n<!-- \/ Yoast SEO plugin. -->","yoast_head_json":{"title":"2025. OKT\u00d3BER 6 \u00c9S 12 K\u00d6Z\u00d6TT - Stuttgarti Katolikusok","robots":{"index":"index","follow":"follow","max-snippet":"max-snippet:-1","max-image-preview":"max-image-preview:large","max-video-preview":"max-video-preview:-1"},"canonical":"https:\/\/stuttgarti-katolikusok.de\/index.php\/31769\/","og_locale":"hu_HU","og_type":"article","og_title":"2025. OKT\u00d3BER 6 \u00c9S 12 K\u00d6Z\u00d6TT - Stuttgarti Katolikusok","og_description":"Programel\u0151zetes * Okt\u00f3ber 9-\u00e9n, cs\u00fct\u00f6rt\u00f6k\u00f6n, Weingarteni d\u00e9lut\u00e1n, a 14 Nothelfer Kapelle-ben 17.30 \u00f3rakor r\u00f3zsaf\u00fcz\u00e9r im\u00e1ds\u00e1g \u00e9s okt\u00f3beri \u00e1jtatoss\u00e1g, majd 18.00 \u00f3rakor szentmise, keret\u00e9ben katek\u00e9zis. \u00a0* Okt\u00f3ber 10-\u00e9n,\u00a0p\u00e9nteken, Stuttgarti d\u00e9lut\u00e1n, 17.30 \u00f3rakor r\u00f3zsaf\u00fcz\u00e9r im\u00e1ds\u00e1g \u00e9s okt\u00f3beri \u00e1jtatoss\u00e1g,\u00a0majd 18.00 \u00f3rakor szentmise, keret\u00e9ben katek\u00e9zis. \u00a0* \u00c9vk\u00f6zi 28. vas\u00e1rnap Okt\u00f3ber 11-\u00e9n, szombaton, Munderkingenben 16.00 \u00f3rakor szentmise, ut\u00e1na agap\u00e9. Biberachban NINCS szentmise!!! (V\u00e1runk benneteket Munderkingenbe!) * Okt\u00f3ber 12-\u00e9n, \u00c9vk\u00f6zi 28. vas\u00e1rnap, Weingartenben NINCS szentmise!!! (V\u00e1runk benneteket Friedrichshafenbe!) Friedrichshafenben 10.15 \u00f3rakor szentmise, ut\u00e1na agap\u00e9. Ulmban 15.00 \u00f3rakor egyh\u00e1zk\u00f6zs\u00e9gi b\u00facs\u00fas szentmise, melyben Magyarok Nagyasszony\u00e1t k\u00f6sz\u00f6ntj\u00fck, ut\u00e1na agap\u00e9.\u00a0 * \u00a0\u00a0* Minden helyen mindenkit szeretettel v\u00e1r a k\u00f6z\u00f6ss\u00e9g \u00e9s Tibor atya! * * \u201eSzeretet n\u00e9lk\u00fcl magunk sz\u00e1m\u00e1ra is csak teher vagyunk. A szeretetben viszont egym\u00e1st is tudjuk hordozni.\u201d\u00a0(Szent \u00c1goston \u2013 egyh\u00e1zatya &#8211; 354 \u2013 430) Sz\u00e9p \u0151szi napokat, j\u00f3 munk\u00e1t, tartalmas besz\u00e9lget\u00e9seket \u00e9s \u00f6r\u00f6mteli tal\u00e1lkoz\u00e1sokat k\u00edv\u00e1nunk minden kedves H\u00edv\u00fcnknek! (K\u00e9pek forr\u00e1sa: Instagram)","og_url":"https:\/\/stuttgarti-katolikusok.de\/index.php\/31769\/","og_site_name":"Stuttgarti Katolikusok","article_published_time":"2025-10-06T10:51:51+00:00","article_modified_time":"2025-10-06T12:02:34+00:00","og_image":[{"width":1600,"height":1066,"url":"https:\/\/stuttgarti-katolikusok.de\/wp-content\/uploads\/2022\/10\/baratom-november.jpg","type":"image\/jpeg"}],"author":"Tibor atya","twitter_card":"summary_large_image","twitter_misc":{"Szerz\u0151:":"Tibor atya","Becs\u00fclt olvas\u00e1si id\u0151":"2 perc"},"schema":{"@context":"https:\/\/schema.org","@graph":[{"@type":"Article","@id":"https:\/\/stuttgarti-katolikusok.de\/index.php\/31769\/#article","isPartOf":{"@id":"https:\/\/stuttgarti-katolikusok.de\/index.php\/31769\/"},"author":{"name":"Tibor atya","@id":"https:\/\/stuttgarti-katolikusok.de\/#\/schema\/person\/75908d6f8fdc03a57889d27209df7795"},"headline":"2025. OKT\u00d3BER 6 \u00c9S 12 K\u00d6Z\u00d6TT","datePublished":"2025-10-06T10:51:51+00:00","dateModified":"2025-10-06T12:02:34+00:00","mainEntityOfPage":{"@id":"https:\/\/stuttgarti-katolikusok.de\/index.php\/31769\/"},"wordCount":208,"image":{"@id":"https:\/\/stuttgarti-katolikusok.de\/index.php\/31769\/#primaryimage"},"thumbnailUrl":"https:\/\/stuttgarti-katolikusok.de\/wp-content\/uploads\/2022\/10\/baratom-november.jpg","articleSection":["Progamel\u0151zetes"],"inLanguage":"hu"},{"@type":"WebPage","@id":"https:\/\/stuttgarti-katolikusok.de\/index.php\/31769\/","url":"https:\/\/stuttgarti-katolikusok.de\/index.php\/31769\/","name":"2025. OKT\u00d3BER 6 \u00c9S 12 K\u00d6Z\u00d6TT - Stuttgarti Katolikusok","isPartOf":{"@id":"https:\/\/stuttgarti-katolikusok.de\/#website"},"primaryImageOfPage":{"@id":"https:\/\/stuttgarti-katolikusok.de\/index.php\/31769\/#primaryimage"},"image":{"@id":"https:\/\/stuttgarti-katolikusok.de\/index.php\/31769\/#primaryimage"},"thumbnailUrl":"https:\/\/stuttgarti-katolikusok.de\/wp-content\/uploads\/2022\/10\/baratom-november.jpg","datePublished":"2025-10-06T10:51:51+00:00","dateModified":"2025-10-06T12:02:34+00:00","author":{"@id":"https:\/\/stuttgarti-katolikusok.de\/#\/schema\/person\/75908d6f8fdc03a57889d27209df7795"},"breadcrumb":{"@id":"https:\/\/stuttgarti-katolikusok.de\/index.php\/31769\/#breadcrumb"},"inLanguage":"hu","potentialAction":[{"@type":"ReadAction","target":["https:\/\/stuttgarti-katolikusok.de\/index.php\/31769\/"]}]},{"@type":"ImageObject","inLanguage":"hu","@id":"https:\/\/stuttgarti-katolikusok.de\/index.php\/31769\/#primaryimage","url":"https:\/\/stuttgarti-katolikusok.de\/wp-content\/uploads\/2022\/10\/baratom-november.jpg","contentUrl":"https:\/\/stuttgarti-katolikusok.de\/wp-content\/uploads\/2022\/10\/baratom-november.jpg","width":1600,"height":1066},{"@type":"BreadcrumbList","@id":"https:\/\/stuttgarti-katolikusok.de\/index.php\/31769\/#breadcrumb","itemListElement":[{"@type":"ListItem","position":1,"name":"Kezd\u0151lap","item":"https:\/\/stuttgarti-katolikusok.de\/"},{"@type":"ListItem","position":2,"name":"2025. OKT\u00d3BER 6 \u00c9S 12 K\u00d6Z\u00d6TT"}]},{"@type":"WebSite","@id":"https:\/\/stuttgarti-katolikusok.de\/#website","url":"https:\/\/stuttgarti-katolikusok.de\/","name":"Stuttgarti Katolikusok","description":"","potentialAction":[{"@type":"SearchAction","target":{"@type":"EntryPoint","urlTemplate":"https:\/\/stuttgarti-katolikusok.de\/?s={search_term_string}"},"query-input":{"@type":"PropertyValueSpecification","valueRequired":true,"valueName":"search_term_string"}}],"inLanguage":"hu"},{"@type":"Person","@id":"https:\/\/stuttgarti-katolikusok.de\/#\/schema\/person\/75908d6f8fdc03a57889d27209df7795","name":"Tibor atya","image":{"@type":"ImageObject","inLanguage":"hu","@id":"https:\/\/secure.gravatar.com\/avatar\/61d268e57d1f4525b111222e29d2d5a7f8c420fdbf231ba5566a8ceac74fa960?s=96&d=mm&r=g","url":"https:\/\/secure.gravatar.com\/avatar\/61d268e57d1f4525b111222e29d2d5a7f8c420fdbf231ba5566a8ceac74fa960?s=96&d=mm&r=g","contentUrl":"https:\/\/secure.gravatar.com\/avatar\/61d268e57d1f4525b111222e29d2d5a7f8c420fdbf231ba5566a8ceac74fa960?s=96&d=mm&r=g","caption":"Tibor atya"},"url":"https:\/\/stuttgarti-katolikusok.de\/index.php\/author\/tibor-atya\/"}]}},"_links":{"self":[{"href":"https:\/\/stuttgarti-katolikusok.de\/index.php\/wp-json\/wp\/v2\/posts\/31769","targetHints":{"allow":["GET"]}}],"collection":[{"href":"https:\/\/stuttgarti-katolikusok.de\/index.php\/wp-json\/wp\/v2\/posts"}],"about":[{"href":"https:\/\/stuttgarti-katolikusok.de\/index.php\/wp-json\/wp\/v2\/types\/post"}],"author":[{"embeddable":true,"href":"https:\/\/stuttgarti-katolikusok.de\/index.php\/wp-json\/wp\/v2\/users\/3"}],"replies":[{"embeddable":true,"href":"https:\/\/stuttgarti-katolikusok.de\/index.php\/wp-json\/wp\/v2\/comments?post=31769"}],"version-history":[{"count":7,"href":"https:\/\/stuttgarti-katolikusok.de\/index.php\/wp-json\/wp\/v2\/posts\/31769\/revisions"}],"predecessor-version":[{"id":31781,"href":"https:\/\/stuttgarti-katolikusok.de\/index.php\/wp-json\/wp\/v2\/posts\/31769\/revisions\/31781"}],"wp:featuredmedia":[{"embeddable":true,"href":"https:\/\/stuttgarti-katolikusok.de\/index.php\/wp-json\/wp\/v2\/media\/23866"}],"wp:attachment":[{"href":"https:\/\/stuttgarti-katolikusok.de\/index.php\/wp-json\/wp\/v2\/media?parent=31769"}],"wp:term":[{"taxonomy":"category","embeddable":true,"href":"https:\/\/stuttgarti-katolikusok.de\/index.php\/wp-json\/wp\/v2\/categories?post=31769"},{"taxonomy":"post_tag","embeddable":true,"href":"https:\/\/stuttgarti-katolikusok.de\/index.php\/wp-json\/wp\/v2\/tags?post=31769"}],"curies":[{"name":"wp","href":"https:\/\/api.w.org\/{rel}","templated":true}]}}