{"id":31762,"date":"2025-10-04T02:41:21","date_gmt":"2025-10-04T00:41:21","guid":{"rendered":"https:\/\/stuttgarti-katolikusok.de\/?p=31762"},"modified":"2025-10-04T02:43:03","modified_gmt":"2025-10-04T00:43:03","slug":"evkozi-27-vasarnap-termenybetakaritasi-halaadas-2","status":"publish","type":"post","link":"https:\/\/stuttgarti-katolikusok.de\/index.php\/evkozi-27-vasarnap-termenybetakaritasi-halaadas-2\/","title":{"rendered":"\u00c9vk\u00f6zi 27. vas\u00e1rnap \u2013 Term\u00e9nybetakar\u00edt\u00e1si h\u00e1laad\u00e1s"},"content":{"rendered":"<p><span style=\"color: #ff6600;\"><em>Sz\u00e1momra ennek a vas\u00e1rnapnak k\u00f6ny\u00f6rg\u00e9se az egyik legm\u00e9lyebb katolikus teol\u00f3giai tan\u00edt\u00e1s \u00e9s \u00fczenet is egyben. Tal\u00e1n az\u00e9rt is, mert ifj\u00fa di\u00e1k\u00e9veim egy \u0151szi vas\u00e1rnap d\u00e9lut\u00e1nj\u00e1t eleven\u00edti fel. N\u00e9hai Po\u00f3sz Lajos atya Hossz\u00famez\u0151n volt pl\u00e9b\u00e1nos, s vas\u00e1rnap est\u00e9re akkori pl\u00e9b\u00e1nosomhoz l\u00e1togatott, \u00c1ib S\u00e1ndor aty\u00e1hoz. Nagyon j\u00f3 bar\u00e1ts\u00e1gban voltak. Term\u00e9szetes volt, hogy Lajos atya v\u00e9gezte a vas\u00e1rnap esti szentmis\u00e9t. Az \u0151 saj\u00e1tos \u00e9s egyedi st\u00edlus\u00e1ban \u00e9ppen err\u0151l a k\u00f6ny\u00f6rg\u00e9sr\u0151l tartotta elm\u00e9lked\u00e9s\u00e9t. Az\u00f3ta is gyakran elm\u00e9lkedem ennek a k\u00f6ny\u00f6rg\u00e9snek tartalmas \u00fczeneteir\u0151l.<\/em><\/span><\/p>\n<ul>\n<li><span style=\"color: #ff6600;\"><em>&#8222;Isten, te mindig t\u00f6bbet adsz nek\u00fcnk, mint amit meg\u00e9rdeml\u00fcnk \u00e9s k\u00edv\u00e1nhatunk.&#8221; &#8211;\u00a0 Amennyiben \u0151szinte vagyok magamhoz, el kell ismernem, nincs ez m\u00e1sk\u00e9nt a magam \u00e9let\u00e9ben sem. Ne tagadd meg ezt \u0151szintes\u00e9get magadt\u00f3l sem, s r\u00e1 fogsz j\u00f6nni, hogy magad \u00e9let\u00e9ben is pontosan \u00edgy van. \u00c9rdemeinken \u00e9s egy\u00e9ni k\u00edv\u00e1ns\u00e1gainkon \u00e9s \u00f3hajainkon t\u00fal!<\/em><\/span><\/li>\n<li><span style=\"color: #ff6600;\"><em>&#8222;\u00c1raszd r\u00e1nk irgalmadat, bocs\u00e1sd meg mindazt, amivel lelkiismeret\u00fcnk v\u00e1dol.&#8221; &#8211; Ezzel elismerem v\u00e9tkes voltomat, s azt, hogy Isten irgalma n\u00e9lk\u00fcl senki vagyok. Lelkiismeretem v\u00e1dl\u00f3 szav\u00e1t csakis Isten irgalma tudja lecsendes\u00edteni \u00e9s kioltani.<\/em><\/span><\/li>\n<li><span style=\"color: #ff6600;\"><em>&#8222;\u00c9s amit szinte m\u00e1r k\u00e9rni sem mer\u00fcnk, add meg t\u00fal\u00e1rad\u00f3 atyai j\u00f3s\u00e1godb\u00f3l.&#8221; &#8211; Szavak n\u00e9lk\u00fcl is meg\u00e9rtj\u00fck egym\u00e1st! Emberi kapcsolataink \u00e9s k\u00f6t\u0151d\u00e9seink igazi fokm\u00e9r\u0151je. Igaz, ebbe vagy belen\u00f6v\u00fcnk &#8211; sz\u00fcl\u0151k \u00e9s gyermek kapcsolata -, vagy pedig hosszas \u00e9s k\u00f6z\u00f6s utat megt\u00e9ve &#8211; bar\u00e1ti kapcsolatok &#8211; jutunk el ide. A j\u00f3 Isten eset\u00e9ben pedig m\u00e1r ki sem kell mondanunk, nem is kell k\u00e9rn\u00fcnk, mert t\u00fal\u00e1rad\u00f3 atyai j\u00f3s\u00e1g\u00e1b\u00f3l megadja nek\u00fcnk. Mennyire csod\u00e1latos, megnyugtat\u00f3 felismer\u00e9s \u00e9s \u00e9rz\u00e9s ez!\u00a0<\/em><\/span><\/li>\n<\/ul>\n<p><span style=\"color: #ff6600;\"><em>A hit emberi \u00e9let\u00fcnk nagy kincse. Az igaz ember hitb\u0151l \u00e9l. Err\u0151l sz\u00f3l az els\u0151 olvasm\u00e1ny. Amennyiben nincs meg bennem az Istenbe vetett hit, k\u00f6nnyen a perleked\u00e9s \u00e9s el\u00e9gedetlens\u00e9g \u00fatj\u00e1t v\u00e1lasztom. A h\u00edv\u0151 ember azonban tudja, hogy Isten biztosan igazs\u00e1got szolg\u00e1ltat. Ennek idej\u00e9t azonban, isteni b\u00f6lcsess\u00e9ge szerint, \u0150 maga hat\u00e1rozza meg. <\/em><\/span><span style=\"color: #ff6600;\"><em>\u00a0<\/em><\/span><\/p>\n<p><span style=\"color: #ff6600;\"><em>A szentleck\u00e9ben Szent P\u00e1l apostol a tan\u00fas\u00e1gt\u00e9tel fontoss\u00e1g\u00e1t hangs\u00falyozza. Ennek felt\u00e9tele pedig az Istent\u0151l kapott kegyelem fel\u00e9leszt\u00e9se. Amennyiben felismerem a nekem aj\u00e1nd\u00e9kozott isteni kegyelmi aj\u00e1nd\u00e9kokat, \u00fagy sokkal k\u00f6nnyebb lesz azokr\u00f3l tan\u00fas\u00e1got adni, azaz megosztani m\u00e1sokkal. <\/em><\/span><\/p>\n<p><span style=\"color: #ff6600;\"><em>Az apostolok konkr\u00e9t k\u00e9rd\u00e9ssel fordulnak J\u00e9zushoz: &#8222;N\u00f6veld benn\u00fcnk a hitet.&#8221; V\u00e1laszk\u00e9nt J\u00e9zus egy hasonlattal akarja er\u0151s\u00edteni tan\u00edtv\u00e1nyai hit\u00e9t. A must\u00e1rmagnyi hit, mint hasonlat, a hitb\u0151l fakad\u00f3 bizalom csod\u00e1latos erej\u00e9re utal. E hit birtok\u00e1ban minden el\u00e9rhet\u0151v\u00e9 v\u00e1lik. Ezt a bizalomteljes hitet \u0151rizn\u00fcnk kell eg\u00e9sz \u00e9let\u00fcnkben. Birtokl\u00e1sa magabiztoss\u00e1 tesz, sz\u00e1m\u0171zi lelk\u00fcnkb\u0151l a f\u00e9lelem \u00e9s szorong\u00e1s \u00e9rz\u00e9s\u00e9t.\u00a0<\/em><\/span><\/p>\n<p><span style=\"color: #008000;\">Kezd\u0151\u00e9nek:<\/span><br \/>\nHatalmad al\u00e1 tartozik, Uram, minden, \u00e9s nincs, aki akaratodnak ellen\u00e1llhatna. Te alkottad az eget \u00e9s a f\u00f6ldet, \u00e9s mindent, amit az \u00e9g hat\u00e1ra mag\u00e1ba foglal; te vagy a mindens\u00e9g Ura. (V\u00f6. Eszt 4.17c-e)<\/p>\n<p><span style=\"color: #008000;\">K\u00f6ny\u00f6rg\u00e9s:<\/span><br \/>\nMindenhat\u00f3, \u00f6r\u00f6k Isten, te mindig t\u00f6bbet adsz nek\u00fcnk, mint amit meg\u00e9rdeml\u00fcnk \u00e9s k\u00edv\u00e1nhatunk. \u00c1raszd r\u00e1nk irgalmadat, bocs\u00e1sd meg mindazt, amivel lelkiismeret\u00fcnk v\u00e1dol. \u00c9s amit szinte m\u00e1r k\u00e9rni sem mer\u00fcnk, add meg t\u00fal\u00e1rad\u00f3 atyai j\u00f3s\u00e1godb\u00f3l. A mi Urunk, J\u00e9zus Krisztus, a te Fiad \u00e1ltal, aki veled \u00e9l \u00e9s uralkodik a Szentl\u00e9lekkel egys\u00e9gben, Isten mind\u00f6r\u00f6kk\u00f6n \u00f6r\u00f6kk\u00e9.<\/p>\n<p><span style=\"color: #008000;\">OLVASM\u00c1NY Habakuk pr\u00f3f\u00e9ta k\u00f6nyv\u00e9b\u0151l (Hab 1,2-3;2,2-4)<\/span><br \/>\n<em>Az igaz ember a hitb<\/em><em>\u0151l <\/em><em>\u00e9l.<\/em><br \/>\nMeddig kell m\u00e9g, Uram, seg\u00edts\u00e9g\u00e9rt folyamodnom an\u00e9lk\u00fcl, hogy meghallgatn\u00e1l? Hozz\u00e1d ki\u00e1ltanom: \u201eEr\u0151szak!\u201d an\u00e9lk\u00fcl, hogy megszabad\u00edtan\u00e1l?<br \/>\nMi\u00e9rt feded fel el\u0151ttem a gonoszs\u00e1got, \u00e9s mutatod meg a nyomor\u00fas\u00e1got? Csupa fosztogat\u00e1st, csupa rabl\u00e1st l\u00e1tok magam el\u0151tt; a v\u00e1daskod\u00e1s \u00e9s civakod\u00e1s egyre fokoz\u00f3dik.<br \/>\nAz \u00dar is megsz\u00f3lalt, \u00e9s ezt mondta:<br \/>\n\u201e\u00cdrd le a l\u00e1tom\u00e1st, v\u00e9sd fel t\u00e1bl\u00e1ra, hogy k\u00f6nnyen olvashat\u00f3 legyen.<br \/>\nMert ez a l\u00e1tom\u00e1s a maga idej\u00e9ben beteljesedik \u00e9s nem hi\u00fasul meg; ha k\u00e9sik, csak v\u00e1rj, biztosan bek\u00f6vetkezik, t\u00e9vedhetetlen\u00fcl.<br \/>\nAkinek nem igaz a lelke, az elbukik, de az igaz \u00e9lni fog h\u0171s\u00e9g\u00e9\u00e9rt.\u201d<br \/>\nEz az Isten ig\u00e9je.<\/p>\n<p><span style=\"color: #008000;\">V\u00c1LASZOS ZSOLT\u00c1R (Zsolt 94,1-2.6-7.8-9)<\/span><br \/>\nV\u00e1lasz:\u00a0<strong>B<\/strong><strong>\u00e1r hallgatn<\/strong><strong>\u00e1tok ma Isten szav<\/strong><strong>\u00e1ra, * <\/strong><strong>\u201eN<\/strong><strong>\u00e9pem, ne l<\/strong><strong>\u00e9gy kem<\/strong><strong>\u00e9ny sz<\/strong><strong>\u00edv<\/strong><strong>\u0171.<\/strong><strong>\u201d<\/strong>\u00a0V\u00f6. 8. vers. (2. t\u00f3nus)<br \/>\nEl\u0151\u00e9nekes: J\u00f6jjetek, \u00f6rvendezz\u00fcnk az \u00darnak, * \u00e9s ujjongjunk \u00fcdv\u00fcnk szikl\u00e1ja el\u0151tt.<br \/>\nDics\u0151\u00edt\u0151 \u00e9nekkel l\u00e9pj\u00fcnk sz\u00edne el\u00e9, * magasztaljuk \u0151t zsolt\u00e1rt zengve.<br \/>\nH\u00edvek: B\u00e1r hallgatn\u00e1tok ma Isten szav\u00e1ra, * \u201eN\u00e9pem, ne l\u00e9gy kem\u00e9ny sz\u00edv\u0171.\u201d<br \/>\nE: J\u00f6jjetek, boruljunk le, h\u00f3doljunk el\u0151tte, * hulljunk t\u00e9rdre Urunk, Alkot\u00f3nk el\u0151tt.<br \/>\nMert \u0151 a mi Isten\u00fcnk, * mi pedig az \u0151 n\u00e9pe, \u00e9s kez\u00e9re b\u00edzott ny\u00e1j vagyunk.<br \/>\nH: B\u00e1r hallgatn\u00e1tok ma Isten szav\u00e1ra, * \u201eN\u00e9pem, ne l\u00e9gy kem\u00e9ny sz\u00edv\u0171.\u201d<br \/>\nE: B\u00e1rcsak hallgatn\u00e1tok ma az \u0151 szav\u00e1ra, \u2020 \u201eNe kem\u00e9ny\u00edts\u00e9tek meg sz\u00edveteket, * mint egykor Merib\u00e1n\u00e1l,<br \/>\nMassza napj\u00e1n a puszt\u00e1ban, ahol aty\u00e1itok megk\u00eds\u00e9rtettek engem, * pr\u00f3b\u00e1ra tettek, b\u00e1r l\u00e1tt\u00e1k sz\u00e1mos csod\u00e1mat.<br \/>\nH: B\u00e1r hallgatn\u00e1tok ma Isten szav\u00e1ra, * \u201eN\u00e9pem, ne l\u00e9gy kem\u00e9ny sz\u00edv\u0171.\u201d<\/p>\n<p><span style=\"color: #008000;\">SZENTLECKE Szent P\u00e1l apostolnak Tim\u00f3teushoz \u00edrt m\u00e1sodik level\u00e9b\u0151l (2Tim 1,6-8.13-14)<\/span><br \/>\n<em>B<\/em><em>\u00e1tor sz<\/em><em>\u00edvvel t<\/em><em>\u00e9gy tan<\/em><em>\u00fas<\/em><em>\u00e1got J<\/em><em>\u00e9zus Krisztus mellett!<\/em><br \/>\nSzeretett Fiam!<br \/>\nFigyelmeztetlek, \u00e9leszd fel magadban Isten kegyelm\u00e9t, amely k\u00e9zf\u00f6lt\u00e9telem folyt\u00e1n benned \u00e9l. Hiszen Isten nem a cs\u00fcggedts\u00e9g, hanem az er\u0151, a szeretet \u00e9s a j\u00f3zans\u00e1g lelk\u00e9t adta nek\u00fcnk. Ne sz\u00e9gyellj h\u00e1t tan\u00fas\u00e1got tenni Urunk mellett, sem mellettem, aki \u00e9rte fogoly vagyok. Ehelyett v\u00e1llald az evang\u00e9lium\u00e9rt a szenved\u00e9seket velem egy\u00fctt, b\u00edzva az Isten erej\u00e9ben. Eszm\u00e9nyed az az eg\u00e9szs\u00e9ges tan\u00edt\u00e1s legyen, amelyet Krisztus J\u00e9zus hit\u00e9ben \u00e9s szeretet\u00e9ben t\u0151lem hallott\u00e1l. \u0150rizd meg a r\u00e1d b\u00edzott kincset a Szentl\u00e9lek erej\u00e9vel, aki benn\u00fcnk lakik.<br \/>\nEz az Isten ig\u00e9je.<\/p>\n<p><span style=\"color: #008000;\">ALLELUJA<\/span><br \/>\nAz \u00dar ig\u00e9je \u00f6r\u00f6kk\u00e9 megmarad, * ez az a tan\u00edt\u00e1s, amelyet hirdetek n\u00e9ktek. 1P\u00e9t 1,25 \u2013 7b. t\u00f3nus.<\/p>\n<p><span style=\"color: #008000;\">\u2020 EVANG\u00c9LIUM Szent Luk\u00e1cs k\u00f6nyv\u00e9b\u0151l (Lk 17,5-10)<\/span><br \/>\n<em>A j<\/em><em>\u00f3 szolga nem puszt<\/em><em>\u00e1n k<\/em><em>\u00f6teless<\/em><em>\u00e9gb<\/em><em>\u0151l, hanem szeretetb<\/em><em>\u0151l v<\/em><em>\u00e9gzi munk<\/em><em>\u00e1j<\/em><em>\u00e1t:<\/em><br \/>\nAbban az id\u0151ben az apostolok k\u00e9rt\u00e9k az Urat: \u201eN\u00f6veld benn\u00fcnk a hitet.\u201d<br \/>\nAz \u00dar \u00edgy v\u00e1laszolt: \u201eHa csak akkora hitetek lesz is, mint a must\u00e1rmag, s azt mondj\u00e1tok ennek a szederf\u00e1nak: Szakadj ki t\u00f6vest\u0151l \u00e9s verj gy\u00f6keret a tengerben, engedelmeskedik nektek.<br \/>\nMelyiktek mondja b\u00e9res\u00e9nek vagy bojt\u00e1rj\u00e1nak, amikor a mez\u0151r\u0151l hazaj\u00f6n: \u00bbGyere ide t\u00fcst\u00e9nt \u00e9s \u00fclj asztalhoz.\u00ab Nem ezt mondja-e ink\u00e1bb: \u00bbK\u00e9sz\u00edts nekem vacsor\u00e1t, \u00f6vezd fel magadat \u00e9s szolg\u00e1lj ki, am\u00edg eszem \u00e9s iszom! Azt\u00e1n majd ehetsz \u00e9s ihatsz te is?\u00ab S tal\u00e1n megk\u00f6sz\u00f6ni a szolg\u00e1nak, hogy teljes\u00edtette parancsait?<br \/>\n\u00cdgy ti is, amikor megteszitek, amit parancsoltak nektek, mondj\u00e1tok: haszontalan szolg\u00e1k vagyunk, hiszen csak k\u00f6teless\u00e9g\u00fcnket teljes\u00edtett\u00fck.\u201d<br \/>\nEzek az evang\u00e9lium ig\u00e9i.<\/p>\n<p><span style=\"color: #008000;\">EGYETEMES K\u00d6NY\u00d6RG\u00c9SEK<\/span><br \/>\nPap: Testv\u00e9reim! Mennyei Aty\u00e1nk meghallgatja k\u00f6ny\u00f6rg\u0151 szavunkat. Forduljunk hozz\u00e1 er\u0151s hittel \u00e9s gyermeki bizalommal!<br \/>\nLektor: 1. \u00c1raszd r\u00e1nk, Urunk, kegyelmedet, hogy szent n\u00e9ped k\u00e9szs\u00e9ges l\u00e9lekkel szolg\u00e1lja sz\u00e1nd\u00e9kaidat!<br \/>\nH\u00edvek: K\u00e9r\u00fcnk t\u00e9ged, hallgass meg minket!<br \/>\n2. Adj b\u00f6lcsess\u00e9get N. p\u00e1p\u00e1nak \u00e9s az Anyaszentegyh\u00e1z p\u00fcsp\u00f6keinek, hogy az id\u0151k jeleib\u0151l felismerj\u00e9k korszer\u0171 teend\u0151iket!<br \/>\nH\u00edvek: K\u00e9r\u00fcnk t\u00e9ged . . .<br \/>\n3. \u00c9bressz felel\u0151ss\u00e9gtudatot a n\u00e9pek vezet\u0151iben, hogy \u00e1llhatatosan szolg\u00e1lj\u00e1k a vil\u00e1g b\u00e9k\u00e9j\u00e9t \u00e9s a n\u00e9pek jav\u00e1t!<br \/>\nH\u00edvek: K\u00e9r\u00fcnk t\u00e9ged . . .<br \/>\n4. Adj nek\u00fcnk al\u00e1zatos sz\u00edvet, hogy a j\u00f3t, amit tesz\u00fcnk, kegyelmed seg\u00edts\u00e9g\u00e9nek tulajdon\u00edtsuk!<br \/>\nH\u00edvek: K\u00e9r\u00fcnk t\u00e9ged . . .<br \/>\n5. \u00d6nts bizalmat h\u00edveidbe, hogy \u00e1llhatatosan k\u00e9rj\u00fck t\u0151led mindazt, ami \u00fcdv\u00f6ss\u00e9g\u00fcnkre szolg\u00e1l!<br \/>\nH\u00edvek: K\u00e9r\u00fcnk t\u00e9ged . . .<br \/>\nPap: Isten\u00fcnk, oltalmunk \u00e9s er\u0151ss\u00e9g\u00fcnk! Te vagy minden j\u00f3 gondolat, sz\u00e1nd\u00e9k \u00e9s cselekedet szerz\u0151je, figyelj Egyh\u00e1zad k\u00f6ny\u00f6rg\u00e9s\u00e9re! Engedd, hogy amit h\u00edv\u0151 l\u00e9lekkel el\u00e9d terjeszt\u00fcnk, mindazt meg is nyerj\u00fck! Krisztus, a mi Urunk \u00e1ltal.<br \/>\nH\u00edvek: \u00c1men.<\/p>\n<p><span style=\"color: #008000;\">Felaj\u00e1nl\u00f3 k\u00f6ny\u00f6rg\u00e9s:<\/span><br \/>\nK\u00e9r\u00fcnk, Urunk, Isten\u00fcnk, fogadd el rendel\u00e9sed szerint bemutatott \u00e1ldozatunkat, \u00e9s a szent miszt\u00e9riumokkal, amelyeket k\u00f6teles szolg\u00e1latunkkal meg\u00fcnnepl\u00fcnk, tedd teljess\u00e9 megv\u00e1lt\u00e1sunkat \u00e9s szentelj meg minket. Krisztus, a mi Urunk \u00e1ltal.<\/p>\n<p><span style=\"color: #008000;\">Pref\u00e1ci\u00f3:<\/span><br \/>\nMert val\u00f3ban m\u00e9lt\u00f3 \u00e9s igazs\u00e1gos, ill\u0151 \u00e9s \u00fcdv\u00f6s, hogy mindig \u00e9s minden\u00fctt h\u00e1l\u00e1t adjunk n\u00e9ked, mi Urunk, szents\u00e9ges Aty\u00e1nk, mindenhat\u00f3, \u00f6r\u00f6k Isten:<br \/>\nA te v\u00e9gtelen dics\u0151s\u00e9gedhez tartozik, hogy isteni er\u0151ddel seg\u00edtesz a haland\u00f3 emberen, \u00e9s \u00e9ppen haland\u00f3 voltunkb\u00f3l szerzel gy\u00f3gyul\u00e1st.<br \/>\n\u00cdgy amit vesztes\u00e9gnek tartunk, azt \u00fcdv\u00f6ss\u00e9g\u00fcnkre ford\u00edtod Krisztus, a mi Urunk \u00e1ltal.<br \/>\nA te f\u00f6ls\u00e9gedet \u0151\u00e1ltala dics\u0151\u00edti az angyalok hatalmas k\u00f3rusa: boldogan \u00e1ldanak, mert mind\u00f6r\u00f6kk\u00e9 l\u00e1tnak t\u00e9ged. Add, k\u00e9r\u00fcnk, hogy az \u0151 szavukhoz t\u00e1rsuljon sz\u00f3zatunk, \u00e9s vel\u00fck egy\u00fctt sz\u00fcntelen ujjong\u00e1ssal zengj\u00fck:<\/p>\n<p><span style=\"color: #008000;\">\u00c1ldoz\u00e1si \u00e9nek:<\/span><br \/>\nJ\u00f3 az \u00dar azokhoz, akik benne rem\u00e9lnek, a l\u00e9lekhez, amely \u0151t keresi. (Siral 3,25)<br \/>\n<span style=\"color: #008000;\"><em>Vagy<\/em><\/span><br \/>\nEgy keny\u00e9r \u00e9s egy test vagyunk mi sokan, mindny\u00e1jan, akik egy keny\u00e9rben \u00e9s egy kehelyben r\u00e9szes\u00fcl\u00fcnk. (V\u00f6. 1Kor 10,17)<\/p>\n<p><span style=\"color: #008000;\">\u00c1ldoz\u00e1s ut\u00e1ni k\u00f6ny\u00f6rg\u00e9s:<\/span><br \/>\nAdd meg, k\u00e9r\u00fcnk, mindenhat\u00f3 Isten\u00fcnk, hogy t\u00e1pl\u00e1ljon \u00e9s lelkes\u00edtsen ez a magunkhoz vett szents\u00e9g, \u00e9s alak\u00edtson minket szent Fiad k\u00e9pm\u00e1s\u00e1ra. Krisztus, a mi Urunk \u00e1ltal.<\/p>\n<p><em>(K\u00e9p forr\u00e1sa: Biberach &#8211; Szenth\u00e1roms\u00e1g templom)<\/em><\/p>\n","protected":false},"excerpt":{"rendered":"<p>Sz\u00e1momra ennek a vas\u00e1rnapnak k\u00f6ny\u00f6rg\u00e9se az egyik legm\u00e9lyebb katolikus teol\u00f3giai tan\u00edt\u00e1s \u00e9s \u00fczenet is egyben. Tal\u00e1n az\u00e9rt is, mert ifj\u00fa di\u00e1k\u00e9veim egy \u0151szi vas\u00e1rnap d\u00e9lut\u00e1nj\u00e1t eleven\u00edti fel. N\u00e9hai Po\u00f3sz Lajos atya Hossz\u00famez\u0151n volt pl\u00e9b\u00e1nos, s vas\u00e1rnap est\u00e9re akkori pl\u00e9b\u00e1nosomhoz l\u00e1togatott, \u00c1ib S\u00e1ndor aty\u00e1hoz. Nagyon j\u00f3 bar\u00e1ts\u00e1gban voltak. Term\u00e9szetes volt, hogy Lajos atya v\u00e9gezte a vas\u00e1rnap esti szentmis\u00e9t. Az \u0151 saj\u00e1tos \u00e9s egyedi st\u00edlus\u00e1ban \u00e9ppen err\u0151l a k\u00f6ny\u00f6rg\u00e9sr\u0151l tartotta elm\u00e9lked\u00e9s\u00e9t. Az\u00f3ta is gyakran elm\u00e9lkedem ennek a k\u00f6ny\u00f6rg\u00e9snek tartalmas \u00fczeneteir\u0151l. &#8222;Isten, te mindig t\u00f6bbet adsz nek\u00fcnk, mint amit meg\u00e9rdeml\u00fcnk \u00e9s k\u00edv\u00e1nhatunk.&#8221; &#8211;\u00a0 Amennyiben \u0151szinte vagyok magamhoz, el kell ismernem, nincs ez m\u00e1sk\u00e9nt a magam \u00e9let\u00e9ben sem. Ne tagadd meg ezt \u0151szintes\u00e9get magadt\u00f3l sem, s r\u00e1 fogsz j\u00f6nni, hogy magad \u00e9let\u00e9ben is pontosan \u00edgy van. \u00c9rdemeinken \u00e9s egy\u00e9ni k\u00edv\u00e1ns\u00e1gainkon \u00e9s \u00f3hajainkon t\u00fal! &#8222;\u00c1raszd r\u00e1nk irgalmadat, bocs\u00e1sd meg mindazt, amivel lelkiismeret\u00fcnk v\u00e1dol.&#8221; &#8211; Ezzel elismerem v\u00e9tkes voltomat, s azt, hogy Isten irgalma n\u00e9lk\u00fcl senki vagyok. Lelkiismeretem v\u00e1dl\u00f3 szav\u00e1t csakis Isten irgalma tudja lecsendes\u00edteni \u00e9s kioltani. &#8222;\u00c9s amit szinte m\u00e1r k\u00e9rni sem mer\u00fcnk, add meg t\u00fal\u00e1rad\u00f3 atyai j\u00f3s\u00e1godb\u00f3l.&#8221; &#8211; Szavak n\u00e9lk\u00fcl is meg\u00e9rtj\u00fck egym\u00e1st! Emberi kapcsolataink \u00e9s k\u00f6t\u0151d\u00e9seink igazi fokm\u00e9r\u0151je. Igaz, ebbe vagy belen\u00f6v\u00fcnk &#8211; sz\u00fcl\u0151k \u00e9s gyermek kapcsolata -, vagy pedig hosszas \u00e9s k\u00f6z\u00f6s utat megt\u00e9ve &#8211; bar\u00e1ti kapcsolatok &#8211; jutunk el ide. A j\u00f3 Isten eset\u00e9ben pedig m\u00e1r ki sem kell mondanunk, nem is kell k\u00e9rn\u00fcnk, mert t\u00fal\u00e1rad\u00f3 atyai j\u00f3s\u00e1g\u00e1b\u00f3l megadja nek\u00fcnk. Mennyire csod\u00e1latos, megnyugtat\u00f3 felismer\u00e9s \u00e9s \u00e9rz\u00e9s ez!\u00a0 A hit emberi \u00e9let\u00fcnk nagy kincse. Az igaz ember hitb\u0151l \u00e9l. Err\u0151l sz\u00f3l az els\u0151 olvasm\u00e1ny. Amennyiben nincs meg bennem az Istenbe vetett hit, k\u00f6nnyen a perleked\u00e9s \u00e9s el\u00e9gedetlens\u00e9g \u00fatj\u00e1t v\u00e1lasztom. A h\u00edv\u0151 ember azonban tudja, hogy Isten biztosan igazs\u00e1got szolg\u00e1ltat. Ennek idej\u00e9t azonban, isteni b\u00f6lcsess\u00e9ge szerint, \u0150 maga hat\u00e1rozza meg. \u00a0 A szentleck\u00e9ben Szent P\u00e1l apostol a tan\u00fas\u00e1gt\u00e9tel fontoss\u00e1g\u00e1t hangs\u00falyozza. Ennek felt\u00e9tele pedig&#8230; <\/p>\n<p><a class=\"readmore\" href=\"https:\/\/stuttgarti-katolikusok.de\/index.php\/evkozi-27-vasarnap-termenybetakaritasi-halaadas-2\/\">R\u00e9szletek<\/a><\/p>\n","protected":false},"author":3,"featured_media":27326,"comment_status":"closed","ping_status":"closed","sticky":false,"template":"","format":"standard","meta":{"footnotes":""},"categories":[85,63],"tags":[],"class_list":["post-31762","post","type-post","status-publish","format-standard","has-post-thumbnail","hentry","category-a-liturgia-olvasmanyai","category-vasarnapi-gondolatok"],"yoast_head":"<!-- This site is optimized with the Yoast SEO plugin v27.3 - https:\/\/yoast.com\/product\/yoast-seo-wordpress\/ -->\n<title>\u00c9vk\u00f6zi 27. vas\u00e1rnap \u2013 Term\u00e9nybetakar\u00edt\u00e1si h\u00e1laad\u00e1s - Stuttgarti Katolikusok<\/title>\n<meta name=\"robots\" content=\"index, follow, max-snippet:-1, max-image-preview:large, max-video-preview:-1\" \/>\n<link rel=\"canonical\" href=\"https:\/\/stuttgarti-katolikusok.de\/index.php\/evkozi-27-vasarnap-termenybetakaritasi-halaadas-2\/\" \/>\n<meta property=\"og:locale\" content=\"hu_HU\" \/>\n<meta property=\"og:type\" content=\"article\" \/>\n<meta property=\"og:title\" content=\"\u00c9vk\u00f6zi 27. vas\u00e1rnap \u2013 Term\u00e9nybetakar\u00edt\u00e1si h\u00e1laad\u00e1s - Stuttgarti Katolikusok\" \/>\n<meta property=\"og:description\" content=\"Sz\u00e1momra ennek a vas\u00e1rnapnak k\u00f6ny\u00f6rg\u00e9se az egyik legm\u00e9lyebb katolikus teol\u00f3giai tan\u00edt\u00e1s \u00e9s \u00fczenet is egyben. Tal\u00e1n az\u00e9rt is, mert ifj\u00fa di\u00e1k\u00e9veim egy \u0151szi vas\u00e1rnap d\u00e9lut\u00e1nj\u00e1t eleven\u00edti fel. N\u00e9hai Po\u00f3sz Lajos atya Hossz\u00famez\u0151n volt pl\u00e9b\u00e1nos, s vas\u00e1rnap est\u00e9re akkori pl\u00e9b\u00e1nosomhoz l\u00e1togatott, \u00c1ib S\u00e1ndor aty\u00e1hoz. Nagyon j\u00f3 bar\u00e1ts\u00e1gban voltak. Term\u00e9szetes volt, hogy Lajos atya v\u00e9gezte a vas\u00e1rnap esti szentmis\u00e9t. Az \u0151 saj\u00e1tos \u00e9s egyedi st\u00edlus\u00e1ban \u00e9ppen err\u0151l a k\u00f6ny\u00f6rg\u00e9sr\u0151l tartotta elm\u00e9lked\u00e9s\u00e9t. Az\u00f3ta is gyakran elm\u00e9lkedem ennek a k\u00f6ny\u00f6rg\u00e9snek tartalmas \u00fczeneteir\u0151l. &#8222;Isten, te mindig t\u00f6bbet adsz nek\u00fcnk, mint amit meg\u00e9rdeml\u00fcnk \u00e9s k\u00edv\u00e1nhatunk.&#8221; &#8211;\u00a0 Amennyiben \u0151szinte vagyok magamhoz, el kell ismernem, nincs ez m\u00e1sk\u00e9nt a magam \u00e9let\u00e9ben sem. Ne tagadd meg ezt \u0151szintes\u00e9get magadt\u00f3l sem, s r\u00e1 fogsz j\u00f6nni, hogy magad \u00e9let\u00e9ben is pontosan \u00edgy van. \u00c9rdemeinken \u00e9s egy\u00e9ni k\u00edv\u00e1ns\u00e1gainkon \u00e9s \u00f3hajainkon t\u00fal! &#8222;\u00c1raszd r\u00e1nk irgalmadat, bocs\u00e1sd meg mindazt, amivel lelkiismeret\u00fcnk v\u00e1dol.&#8221; &#8211; Ezzel elismerem v\u00e9tkes voltomat, s azt, hogy Isten irgalma n\u00e9lk\u00fcl senki vagyok. Lelkiismeretem v\u00e1dl\u00f3 szav\u00e1t csakis Isten irgalma tudja lecsendes\u00edteni \u00e9s kioltani. &#8222;\u00c9s amit szinte m\u00e1r k\u00e9rni sem mer\u00fcnk, add meg t\u00fal\u00e1rad\u00f3 atyai j\u00f3s\u00e1godb\u00f3l.&#8221; &#8211; Szavak n\u00e9lk\u00fcl is meg\u00e9rtj\u00fck egym\u00e1st! Emberi kapcsolataink \u00e9s k\u00f6t\u0151d\u00e9seink igazi fokm\u00e9r\u0151je. Igaz, ebbe vagy belen\u00f6v\u00fcnk &#8211; sz\u00fcl\u0151k \u00e9s gyermek kapcsolata -, vagy pedig hosszas \u00e9s k\u00f6z\u00f6s utat megt\u00e9ve &#8211; bar\u00e1ti kapcsolatok &#8211; jutunk el ide. A j\u00f3 Isten eset\u00e9ben pedig m\u00e1r ki sem kell mondanunk, nem is kell k\u00e9rn\u00fcnk, mert t\u00fal\u00e1rad\u00f3 atyai j\u00f3s\u00e1g\u00e1b\u00f3l megadja nek\u00fcnk. Mennyire csod\u00e1latos, megnyugtat\u00f3 felismer\u00e9s \u00e9s \u00e9rz\u00e9s ez!\u00a0 A hit emberi \u00e9let\u00fcnk nagy kincse. Az igaz ember hitb\u0151l \u00e9l. Err\u0151l sz\u00f3l az els\u0151 olvasm\u00e1ny. Amennyiben nincs meg bennem az Istenbe vetett hit, k\u00f6nnyen a perleked\u00e9s \u00e9s el\u00e9gedetlens\u00e9g \u00fatj\u00e1t v\u00e1lasztom. A h\u00edv\u0151 ember azonban tudja, hogy Isten biztosan igazs\u00e1got szolg\u00e1ltat. Ennek idej\u00e9t azonban, isteni b\u00f6lcsess\u00e9ge szerint, \u0150 maga hat\u00e1rozza meg. \u00a0 A szentleck\u00e9ben Szent P\u00e1l apostol a tan\u00fas\u00e1gt\u00e9tel fontoss\u00e1g\u00e1t hangs\u00falyozza. Ennek felt\u00e9tele pedig... R\u00e9szletek\" \/>\n<meta property=\"og:url\" content=\"https:\/\/stuttgarti-katolikusok.de\/index.php\/evkozi-27-vasarnap-termenybetakaritasi-halaadas-2\/\" \/>\n<meta property=\"og:site_name\" content=\"Stuttgarti Katolikusok\" \/>\n<meta property=\"article:published_time\" content=\"2025-10-04T00:41:21+00:00\" \/>\n<meta property=\"article:modified_time\" content=\"2025-10-04T00:43:03+00:00\" \/>\n<meta property=\"og:image\" content=\"https:\/\/stuttgarti-katolikusok.de\/wp-content\/uploads\/2023\/10\/biberach1.jpg\" \/>\n\t<meta property=\"og:image:width\" content=\"2040\" \/>\n\t<meta property=\"og:image:height\" content=\"1447\" \/>\n\t<meta property=\"og:image:type\" content=\"image\/jpeg\" \/>\n<meta name=\"author\" content=\"Tibor atya\" \/>\n<meta name=\"twitter:card\" content=\"summary_large_image\" \/>\n<meta name=\"twitter:label1\" content=\"Szerz\u0151:\" \/>\n\t<meta name=\"twitter:data1\" content=\"Tibor atya\" \/>\n\t<meta name=\"twitter:label2\" content=\"Becs\u00fclt olvas\u00e1si id\u0151\" \/>\n\t<meta name=\"twitter:data2\" content=\"8 perc\" \/>\n<script type=\"application\/ld+json\" class=\"yoast-schema-graph\">{\"@context\":\"https:\\\/\\\/schema.org\",\"@graph\":[{\"@type\":\"Article\",\"@id\":\"https:\\\/\\\/stuttgarti-katolikusok.de\\\/index.php\\\/evkozi-27-vasarnap-termenybetakaritasi-halaadas-2\\\/#article\",\"isPartOf\":{\"@id\":\"https:\\\/\\\/stuttgarti-katolikusok.de\\\/index.php\\\/evkozi-27-vasarnap-termenybetakaritasi-halaadas-2\\\/\"},\"author\":{\"name\":\"Tibor atya\",\"@id\":\"https:\\\/\\\/stuttgarti-katolikusok.de\\\/#\\\/schema\\\/person\\\/75908d6f8fdc03a57889d27209df7795\"},\"headline\":\"\u00c9vk\u00f6zi 27. vas\u00e1rnap \u2013 Term\u00e9nybetakar\u00edt\u00e1si h\u00e1laad\u00e1s\",\"datePublished\":\"2025-10-04T00:41:21+00:00\",\"dateModified\":\"2025-10-04T00:43:03+00:00\",\"mainEntityOfPage\":{\"@id\":\"https:\\\/\\\/stuttgarti-katolikusok.de\\\/index.php\\\/evkozi-27-vasarnap-termenybetakaritasi-halaadas-2\\\/\"},\"wordCount\":1910,\"image\":{\"@id\":\"https:\\\/\\\/stuttgarti-katolikusok.de\\\/index.php\\\/evkozi-27-vasarnap-termenybetakaritasi-halaadas-2\\\/#primaryimage\"},\"thumbnailUrl\":\"https:\\\/\\\/stuttgarti-katolikusok.de\\\/wp-content\\\/uploads\\\/2023\\\/10\\\/biberach1.jpg\",\"articleSection\":[\"A liturgia olvasm\u00e1nyai\",\"Vas\u00e1rnapi gondolatok\"],\"inLanguage\":\"hu\"},{\"@type\":\"WebPage\",\"@id\":\"https:\\\/\\\/stuttgarti-katolikusok.de\\\/index.php\\\/evkozi-27-vasarnap-termenybetakaritasi-halaadas-2\\\/\",\"url\":\"https:\\\/\\\/stuttgarti-katolikusok.de\\\/index.php\\\/evkozi-27-vasarnap-termenybetakaritasi-halaadas-2\\\/\",\"name\":\"\u00c9vk\u00f6zi 27. vas\u00e1rnap \u2013 Term\u00e9nybetakar\u00edt\u00e1si h\u00e1laad\u00e1s - Stuttgarti Katolikusok\",\"isPartOf\":{\"@id\":\"https:\\\/\\\/stuttgarti-katolikusok.de\\\/#website\"},\"primaryImageOfPage\":{\"@id\":\"https:\\\/\\\/stuttgarti-katolikusok.de\\\/index.php\\\/evkozi-27-vasarnap-termenybetakaritasi-halaadas-2\\\/#primaryimage\"},\"image\":{\"@id\":\"https:\\\/\\\/stuttgarti-katolikusok.de\\\/index.php\\\/evkozi-27-vasarnap-termenybetakaritasi-halaadas-2\\\/#primaryimage\"},\"thumbnailUrl\":\"https:\\\/\\\/stuttgarti-katolikusok.de\\\/wp-content\\\/uploads\\\/2023\\\/10\\\/biberach1.jpg\",\"datePublished\":\"2025-10-04T00:41:21+00:00\",\"dateModified\":\"2025-10-04T00:43:03+00:00\",\"author\":{\"@id\":\"https:\\\/\\\/stuttgarti-katolikusok.de\\\/#\\\/schema\\\/person\\\/75908d6f8fdc03a57889d27209df7795\"},\"breadcrumb\":{\"@id\":\"https:\\\/\\\/stuttgarti-katolikusok.de\\\/index.php\\\/evkozi-27-vasarnap-termenybetakaritasi-halaadas-2\\\/#breadcrumb\"},\"inLanguage\":\"hu\",\"potentialAction\":[{\"@type\":\"ReadAction\",\"target\":[\"https:\\\/\\\/stuttgarti-katolikusok.de\\\/index.php\\\/evkozi-27-vasarnap-termenybetakaritasi-halaadas-2\\\/\"]}]},{\"@type\":\"ImageObject\",\"inLanguage\":\"hu\",\"@id\":\"https:\\\/\\\/stuttgarti-katolikusok.de\\\/index.php\\\/evkozi-27-vasarnap-termenybetakaritasi-halaadas-2\\\/#primaryimage\",\"url\":\"https:\\\/\\\/stuttgarti-katolikusok.de\\\/wp-content\\\/uploads\\\/2023\\\/10\\\/biberach1.jpg\",\"contentUrl\":\"https:\\\/\\\/stuttgarti-katolikusok.de\\\/wp-content\\\/uploads\\\/2023\\\/10\\\/biberach1.jpg\",\"width\":2040,\"height\":1447},{\"@type\":\"BreadcrumbList\",\"@id\":\"https:\\\/\\\/stuttgarti-katolikusok.de\\\/index.php\\\/evkozi-27-vasarnap-termenybetakaritasi-halaadas-2\\\/#breadcrumb\",\"itemListElement\":[{\"@type\":\"ListItem\",\"position\":1,\"name\":\"Kezd\u0151lap\",\"item\":\"https:\\\/\\\/stuttgarti-katolikusok.de\\\/\"},{\"@type\":\"ListItem\",\"position\":2,\"name\":\"\u00c9vk\u00f6zi 27. vas\u00e1rnap \u2013 Term\u00e9nybetakar\u00edt\u00e1si h\u00e1laad\u00e1s\"}]},{\"@type\":\"WebSite\",\"@id\":\"https:\\\/\\\/stuttgarti-katolikusok.de\\\/#website\",\"url\":\"https:\\\/\\\/stuttgarti-katolikusok.de\\\/\",\"name\":\"Stuttgarti Katolikusok\",\"description\":\"\",\"potentialAction\":[{\"@type\":\"SearchAction\",\"target\":{\"@type\":\"EntryPoint\",\"urlTemplate\":\"https:\\\/\\\/stuttgarti-katolikusok.de\\\/?s={search_term_string}\"},\"query-input\":{\"@type\":\"PropertyValueSpecification\",\"valueRequired\":true,\"valueName\":\"search_term_string\"}}],\"inLanguage\":\"hu\"},{\"@type\":\"Person\",\"@id\":\"https:\\\/\\\/stuttgarti-katolikusok.de\\\/#\\\/schema\\\/person\\\/75908d6f8fdc03a57889d27209df7795\",\"name\":\"Tibor atya\",\"image\":{\"@type\":\"ImageObject\",\"inLanguage\":\"hu\",\"@id\":\"https:\\\/\\\/secure.gravatar.com\\\/avatar\\\/61d268e57d1f4525b111222e29d2d5a7f8c420fdbf231ba5566a8ceac74fa960?s=96&d=mm&r=g\",\"url\":\"https:\\\/\\\/secure.gravatar.com\\\/avatar\\\/61d268e57d1f4525b111222e29d2d5a7f8c420fdbf231ba5566a8ceac74fa960?s=96&d=mm&r=g\",\"contentUrl\":\"https:\\\/\\\/secure.gravatar.com\\\/avatar\\\/61d268e57d1f4525b111222e29d2d5a7f8c420fdbf231ba5566a8ceac74fa960?s=96&d=mm&r=g\",\"caption\":\"Tibor atya\"},\"url\":\"https:\\\/\\\/stuttgarti-katolikusok.de\\\/index.php\\\/author\\\/tibor-atya\\\/\"}]}<\/script>\n<!-- \/ Yoast SEO plugin. -->","yoast_head_json":{"title":"\u00c9vk\u00f6zi 27. vas\u00e1rnap \u2013 Term\u00e9nybetakar\u00edt\u00e1si h\u00e1laad\u00e1s - Stuttgarti Katolikusok","robots":{"index":"index","follow":"follow","max-snippet":"max-snippet:-1","max-image-preview":"max-image-preview:large","max-video-preview":"max-video-preview:-1"},"canonical":"https:\/\/stuttgarti-katolikusok.de\/index.php\/evkozi-27-vasarnap-termenybetakaritasi-halaadas-2\/","og_locale":"hu_HU","og_type":"article","og_title":"\u00c9vk\u00f6zi 27. vas\u00e1rnap \u2013 Term\u00e9nybetakar\u00edt\u00e1si h\u00e1laad\u00e1s - Stuttgarti Katolikusok","og_description":"Sz\u00e1momra ennek a vas\u00e1rnapnak k\u00f6ny\u00f6rg\u00e9se az egyik legm\u00e9lyebb katolikus teol\u00f3giai tan\u00edt\u00e1s \u00e9s \u00fczenet is egyben. Tal\u00e1n az\u00e9rt is, mert ifj\u00fa di\u00e1k\u00e9veim egy \u0151szi vas\u00e1rnap d\u00e9lut\u00e1nj\u00e1t eleven\u00edti fel. N\u00e9hai Po\u00f3sz Lajos atya Hossz\u00famez\u0151n volt pl\u00e9b\u00e1nos, s vas\u00e1rnap est\u00e9re akkori pl\u00e9b\u00e1nosomhoz l\u00e1togatott, \u00c1ib S\u00e1ndor aty\u00e1hoz. Nagyon j\u00f3 bar\u00e1ts\u00e1gban voltak. Term\u00e9szetes volt, hogy Lajos atya v\u00e9gezte a vas\u00e1rnap esti szentmis\u00e9t. Az \u0151 saj\u00e1tos \u00e9s egyedi st\u00edlus\u00e1ban \u00e9ppen err\u0151l a k\u00f6ny\u00f6rg\u00e9sr\u0151l tartotta elm\u00e9lked\u00e9s\u00e9t. Az\u00f3ta is gyakran elm\u00e9lkedem ennek a k\u00f6ny\u00f6rg\u00e9snek tartalmas \u00fczeneteir\u0151l. &#8222;Isten, te mindig t\u00f6bbet adsz nek\u00fcnk, mint amit meg\u00e9rdeml\u00fcnk \u00e9s k\u00edv\u00e1nhatunk.&#8221; &#8211;\u00a0 Amennyiben \u0151szinte vagyok magamhoz, el kell ismernem, nincs ez m\u00e1sk\u00e9nt a magam \u00e9let\u00e9ben sem. Ne tagadd meg ezt \u0151szintes\u00e9get magadt\u00f3l sem, s r\u00e1 fogsz j\u00f6nni, hogy magad \u00e9let\u00e9ben is pontosan \u00edgy van. \u00c9rdemeinken \u00e9s egy\u00e9ni k\u00edv\u00e1ns\u00e1gainkon \u00e9s \u00f3hajainkon t\u00fal! &#8222;\u00c1raszd r\u00e1nk irgalmadat, bocs\u00e1sd meg mindazt, amivel lelkiismeret\u00fcnk v\u00e1dol.&#8221; &#8211; Ezzel elismerem v\u00e9tkes voltomat, s azt, hogy Isten irgalma n\u00e9lk\u00fcl senki vagyok. Lelkiismeretem v\u00e1dl\u00f3 szav\u00e1t csakis Isten irgalma tudja lecsendes\u00edteni \u00e9s kioltani. &#8222;\u00c9s amit szinte m\u00e1r k\u00e9rni sem mer\u00fcnk, add meg t\u00fal\u00e1rad\u00f3 atyai j\u00f3s\u00e1godb\u00f3l.&#8221; &#8211; Szavak n\u00e9lk\u00fcl is meg\u00e9rtj\u00fck egym\u00e1st! Emberi kapcsolataink \u00e9s k\u00f6t\u0151d\u00e9seink igazi fokm\u00e9r\u0151je. Igaz, ebbe vagy belen\u00f6v\u00fcnk &#8211; sz\u00fcl\u0151k \u00e9s gyermek kapcsolata -, vagy pedig hosszas \u00e9s k\u00f6z\u00f6s utat megt\u00e9ve &#8211; bar\u00e1ti kapcsolatok &#8211; jutunk el ide. A j\u00f3 Isten eset\u00e9ben pedig m\u00e1r ki sem kell mondanunk, nem is kell k\u00e9rn\u00fcnk, mert t\u00fal\u00e1rad\u00f3 atyai j\u00f3s\u00e1g\u00e1b\u00f3l megadja nek\u00fcnk. Mennyire csod\u00e1latos, megnyugtat\u00f3 felismer\u00e9s \u00e9s \u00e9rz\u00e9s ez!\u00a0 A hit emberi \u00e9let\u00fcnk nagy kincse. Az igaz ember hitb\u0151l \u00e9l. Err\u0151l sz\u00f3l az els\u0151 olvasm\u00e1ny. Amennyiben nincs meg bennem az Istenbe vetett hit, k\u00f6nnyen a perleked\u00e9s \u00e9s el\u00e9gedetlens\u00e9g \u00fatj\u00e1t v\u00e1lasztom. A h\u00edv\u0151 ember azonban tudja, hogy Isten biztosan igazs\u00e1got szolg\u00e1ltat. Ennek idej\u00e9t azonban, isteni b\u00f6lcsess\u00e9ge szerint, \u0150 maga hat\u00e1rozza meg. \u00a0 A szentleck\u00e9ben Szent P\u00e1l apostol a tan\u00fas\u00e1gt\u00e9tel fontoss\u00e1g\u00e1t hangs\u00falyozza. Ennek felt\u00e9tele pedig... R\u00e9szletek","og_url":"https:\/\/stuttgarti-katolikusok.de\/index.php\/evkozi-27-vasarnap-termenybetakaritasi-halaadas-2\/","og_site_name":"Stuttgarti Katolikusok","article_published_time":"2025-10-04T00:41:21+00:00","article_modified_time":"2025-10-04T00:43:03+00:00","og_image":[{"width":2040,"height":1447,"url":"https:\/\/stuttgarti-katolikusok.de\/wp-content\/uploads\/2023\/10\/biberach1.jpg","type":"image\/jpeg"}],"author":"Tibor atya","twitter_card":"summary_large_image","twitter_misc":{"Szerz\u0151:":"Tibor atya","Becs\u00fclt olvas\u00e1si id\u0151":"8 perc"},"schema":{"@context":"https:\/\/schema.org","@graph":[{"@type":"Article","@id":"https:\/\/stuttgarti-katolikusok.de\/index.php\/evkozi-27-vasarnap-termenybetakaritasi-halaadas-2\/#article","isPartOf":{"@id":"https:\/\/stuttgarti-katolikusok.de\/index.php\/evkozi-27-vasarnap-termenybetakaritasi-halaadas-2\/"},"author":{"name":"Tibor atya","@id":"https:\/\/stuttgarti-katolikusok.de\/#\/schema\/person\/75908d6f8fdc03a57889d27209df7795"},"headline":"\u00c9vk\u00f6zi 27. vas\u00e1rnap \u2013 Term\u00e9nybetakar\u00edt\u00e1si h\u00e1laad\u00e1s","datePublished":"2025-10-04T00:41:21+00:00","dateModified":"2025-10-04T00:43:03+00:00","mainEntityOfPage":{"@id":"https:\/\/stuttgarti-katolikusok.de\/index.php\/evkozi-27-vasarnap-termenybetakaritasi-halaadas-2\/"},"wordCount":1910,"image":{"@id":"https:\/\/stuttgarti-katolikusok.de\/index.php\/evkozi-27-vasarnap-termenybetakaritasi-halaadas-2\/#primaryimage"},"thumbnailUrl":"https:\/\/stuttgarti-katolikusok.de\/wp-content\/uploads\/2023\/10\/biberach1.jpg","articleSection":["A liturgia olvasm\u00e1nyai","Vas\u00e1rnapi gondolatok"],"inLanguage":"hu"},{"@type":"WebPage","@id":"https:\/\/stuttgarti-katolikusok.de\/index.php\/evkozi-27-vasarnap-termenybetakaritasi-halaadas-2\/","url":"https:\/\/stuttgarti-katolikusok.de\/index.php\/evkozi-27-vasarnap-termenybetakaritasi-halaadas-2\/","name":"\u00c9vk\u00f6zi 27. vas\u00e1rnap \u2013 Term\u00e9nybetakar\u00edt\u00e1si h\u00e1laad\u00e1s - Stuttgarti Katolikusok","isPartOf":{"@id":"https:\/\/stuttgarti-katolikusok.de\/#website"},"primaryImageOfPage":{"@id":"https:\/\/stuttgarti-katolikusok.de\/index.php\/evkozi-27-vasarnap-termenybetakaritasi-halaadas-2\/#primaryimage"},"image":{"@id":"https:\/\/stuttgarti-katolikusok.de\/index.php\/evkozi-27-vasarnap-termenybetakaritasi-halaadas-2\/#primaryimage"},"thumbnailUrl":"https:\/\/stuttgarti-katolikusok.de\/wp-content\/uploads\/2023\/10\/biberach1.jpg","datePublished":"2025-10-04T00:41:21+00:00","dateModified":"2025-10-04T00:43:03+00:00","author":{"@id":"https:\/\/stuttgarti-katolikusok.de\/#\/schema\/person\/75908d6f8fdc03a57889d27209df7795"},"breadcrumb":{"@id":"https:\/\/stuttgarti-katolikusok.de\/index.php\/evkozi-27-vasarnap-termenybetakaritasi-halaadas-2\/#breadcrumb"},"inLanguage":"hu","potentialAction":[{"@type":"ReadAction","target":["https:\/\/stuttgarti-katolikusok.de\/index.php\/evkozi-27-vasarnap-termenybetakaritasi-halaadas-2\/"]}]},{"@type":"ImageObject","inLanguage":"hu","@id":"https:\/\/stuttgarti-katolikusok.de\/index.php\/evkozi-27-vasarnap-termenybetakaritasi-halaadas-2\/#primaryimage","url":"https:\/\/stuttgarti-katolikusok.de\/wp-content\/uploads\/2023\/10\/biberach1.jpg","contentUrl":"https:\/\/stuttgarti-katolikusok.de\/wp-content\/uploads\/2023\/10\/biberach1.jpg","width":2040,"height":1447},{"@type":"BreadcrumbList","@id":"https:\/\/stuttgarti-katolikusok.de\/index.php\/evkozi-27-vasarnap-termenybetakaritasi-halaadas-2\/#breadcrumb","itemListElement":[{"@type":"ListItem","position":1,"name":"Kezd\u0151lap","item":"https:\/\/stuttgarti-katolikusok.de\/"},{"@type":"ListItem","position":2,"name":"\u00c9vk\u00f6zi 27. vas\u00e1rnap \u2013 Term\u00e9nybetakar\u00edt\u00e1si h\u00e1laad\u00e1s"}]},{"@type":"WebSite","@id":"https:\/\/stuttgarti-katolikusok.de\/#website","url":"https:\/\/stuttgarti-katolikusok.de\/","name":"Stuttgarti Katolikusok","description":"","potentialAction":[{"@type":"SearchAction","target":{"@type":"EntryPoint","urlTemplate":"https:\/\/stuttgarti-katolikusok.de\/?s={search_term_string}"},"query-input":{"@type":"PropertyValueSpecification","valueRequired":true,"valueName":"search_term_string"}}],"inLanguage":"hu"},{"@type":"Person","@id":"https:\/\/stuttgarti-katolikusok.de\/#\/schema\/person\/75908d6f8fdc03a57889d27209df7795","name":"Tibor atya","image":{"@type":"ImageObject","inLanguage":"hu","@id":"https:\/\/secure.gravatar.com\/avatar\/61d268e57d1f4525b111222e29d2d5a7f8c420fdbf231ba5566a8ceac74fa960?s=96&d=mm&r=g","url":"https:\/\/secure.gravatar.com\/avatar\/61d268e57d1f4525b111222e29d2d5a7f8c420fdbf231ba5566a8ceac74fa960?s=96&d=mm&r=g","contentUrl":"https:\/\/secure.gravatar.com\/avatar\/61d268e57d1f4525b111222e29d2d5a7f8c420fdbf231ba5566a8ceac74fa960?s=96&d=mm&r=g","caption":"Tibor atya"},"url":"https:\/\/stuttgarti-katolikusok.de\/index.php\/author\/tibor-atya\/"}]}},"_links":{"self":[{"href":"https:\/\/stuttgarti-katolikusok.de\/index.php\/wp-json\/wp\/v2\/posts\/31762","targetHints":{"allow":["GET"]}}],"collection":[{"href":"https:\/\/stuttgarti-katolikusok.de\/index.php\/wp-json\/wp\/v2\/posts"}],"about":[{"href":"https:\/\/stuttgarti-katolikusok.de\/index.php\/wp-json\/wp\/v2\/types\/post"}],"author":[{"embeddable":true,"href":"https:\/\/stuttgarti-katolikusok.de\/index.php\/wp-json\/wp\/v2\/users\/3"}],"replies":[{"embeddable":true,"href":"https:\/\/stuttgarti-katolikusok.de\/index.php\/wp-json\/wp\/v2\/comments?post=31762"}],"version-history":[{"count":1,"href":"https:\/\/stuttgarti-katolikusok.de\/index.php\/wp-json\/wp\/v2\/posts\/31762\/revisions"}],"predecessor-version":[{"id":31763,"href":"https:\/\/stuttgarti-katolikusok.de\/index.php\/wp-json\/wp\/v2\/posts\/31762\/revisions\/31763"}],"wp:featuredmedia":[{"embeddable":true,"href":"https:\/\/stuttgarti-katolikusok.de\/index.php\/wp-json\/wp\/v2\/media\/27326"}],"wp:attachment":[{"href":"https:\/\/stuttgarti-katolikusok.de\/index.php\/wp-json\/wp\/v2\/media?parent=31762"}],"wp:term":[{"taxonomy":"category","embeddable":true,"href":"https:\/\/stuttgarti-katolikusok.de\/index.php\/wp-json\/wp\/v2\/categories?post=31762"},{"taxonomy":"post_tag","embeddable":true,"href":"https:\/\/stuttgarti-katolikusok.de\/index.php\/wp-json\/wp\/v2\/tags?post=31762"}],"curies":[{"name":"wp","href":"https:\/\/api.w.org\/{rel}","templated":true}]}}