{"id":31730,"date":"2025-09-27T11:27:39","date_gmt":"2025-09-27T09:27:39","guid":{"rendered":"https:\/\/stuttgarti-katolikusok.de\/?p=31730"},"modified":"2025-09-27T11:27:39","modified_gmt":"2025-09-27T09:27:39","slug":"evkozi-26-vasarnap-elvandorlok-es-menekultek-vilagnapja-2","status":"publish","type":"post","link":"https:\/\/stuttgarti-katolikusok.de\/index.php\/evkozi-26-vasarnap-elvandorlok-es-menekultek-vilagnapja-2\/","title":{"rendered":"\u00c9vk\u00f6zi 26. vas\u00e1rnap \u2013 Elv\u00e1ndorl\u00f3k \u00e9s menek\u00fcltek vil\u00e1gnapja"},"content":{"rendered":"<p><span style=\"color: #ff6600;\"><em>Isten mindenhat\u00f3s\u00e1g\u00e1nak k\u00e9t jellemz\u0151je a k\u00f6ny\u00f6r\u00fcletess\u00e9ge \u00e9s irgalmass\u00e1ga. \u00c9ppen ennek felismer\u00e9se \u00e9s elismer\u00e9se seg\u00edthet legf\u0151bb c\u00e9lom, egy\u00e9ni \u00fcdv\u00f6ss\u00e9gem el\u00e9r\u00e9s\u00e9ben. \u00c9ppen ez\u00e9rt kegyelm\u00e9\u00e9rt esedez\u00fcnk, hogy v\u00e1gyott c\u00e9lunkat, az \u00fcdv\u00f6ss\u00e9get el\u00e9rhess\u00fck.<\/em><\/span><\/p>\n<p><span style=\"color: #ff6600;\"><em>Minden ember, szinte kiv\u00e9tel n\u00e9lk\u00fcl, v\u00e1gyik a gazdags\u00e1g ut\u00e1n. Pontosabban annak el\u0151nyeit szeretn\u00e9 \u00e9lvezni. K\u00f6zben nem is gondol arra, hogy a gazdags\u00e1g mennyi vesz\u00e9lyt rejt mag\u00e1ban. Ugyanis megjelenik egy alapvet\u0151 emberi f\u00e9lelem, mindaz, amit birtoklok, el is vesz\u00edthetem. Vagyonom, gazdags\u00e1gom veszend\u0151be mehet. \u00c9ppen ett\u0151l val\u00f3 f\u00e9lelem tesz nyugtalann\u00e1 \u00e9s kiszolg\u00e1ltatott\u00e1. Legnagyobb vesz\u00e9lye ezen \u00e1llapotnak, hogy az anyagi javak birtokl\u00e1s\u00e1ra \u00e9s megtart\u00e1s\u00e1ra helyezem figyelmemet, k\u00f6zben pedig elvesz\u00edtem \u00e9rz\u00e9kemet a lelki dolgok ir\u00e1nt. Boldogtalann\u00e1 v\u00e1lok!<\/em><\/span><\/p>\n<p><span style=\"color: #ff6600;\"><em>Az olvasm\u00e1nyban, \u00c1mosz, a szeg\u00e9nyek pr\u00f3f\u00e9t\u00e1ja \u00e9ppen a gazdags\u00e1g vesz\u00e9ly\u00e9re h\u00edvja fel figyelm\u00fcnket. Jajt ki\u00e1lt mindazokra, akik tobz\u00f3dnak gazdags\u00e1gukban, s k\u00f6zben teljess\u00e9ggel \u00e9rz\u00e9ketlenn\u00e9 v\u00e1lnak. Komoly \u00fczenete ennek az elhangzott tan\u00edt\u00e1snak: anyagi javaink eszk\u00f6z\u00f6k egy\u00e9ni \u00fcdv\u00f6ss\u00e9g\u00fcnk elnyer\u00e9s\u00e9ben. \u00d6r\u00f6mteli a sz\u00e1mad\u00e1s mindazoknak, akik \u00edgy tekintenek f\u00f6ldi javaikra.<\/em><\/span><\/p>\n<p><span style=\"color: #ff6600;\"><em>Imm\u00e1r heteken kereszt\u00fcl hallhatjuk Szent P\u00e1l apostol tan\u00e1csait, melyeket lelki gyermek\u00e9hez, Tim\u00f3teushoz int\u00e9z. Most \u00e9ppen abban b\u00e1tor\u00edtja Tim\u00f3teust, hogy v\u00edvja meg a hit j\u00f3 harc\u00e1t. Nem milit\u00e1ns felsz\u00f3l\u00edt\u00e1s ez. Sokkal ink\u00e1bb a val\u00f3s helyzettel t\u00f6rt\u00e9n\u0151 \u0151szinte szemben\u00e9z\u00e9s. Nek\u00fcnk sz\u00f3l\u00f3 \u00fczenete pedig: Hit szerint \u00e9s hitben \u00e9lni, ma is k\u00fczdelmet, adott esetben harcot jelent. N\u00e9zz\u00fck csak vil\u00e1gunkat. Az emberi gonoszs\u00e1g pr\u00f3b\u00e1l utat t\u00f6rni mag\u00e1nak. A hatalom megszerz\u00e9s\u00e9nek v\u00e1gya g\u00e1tl\u00e1stalann\u00e1 tesi az egy\u00e9nt. Szavain, kifinomult fogalmaz\u00e1si technik\u00e1ink kereszt\u00fcl a m\u00e1sik megsemmis\u00edt\u00e9s\u00e9re t\u00f6rekszik. G\u00e1tl\u00e1stalann\u00e1 v\u00e1lik, s nem riad vissza semmit\u0151l sem. A k\u00f6vetkezm\u00e9nyek n\u00e9lk\u00fcli vil\u00e1got vallja saj\u00e1tj\u00e1nak. Az elemi d\u00fch \u00e9s bossz\u00fa gyilkoss\u00e1 teszi! L\u00e1thatjuk az ut\u00f3bbi hetek t\u00f6rt\u00e9n\u00e9seinek t\u00fckr\u00e9ben, gondoljunk csak Charlie Kirk tragikus hal\u00e1l\u00e1ra, avagy a g\u00e1tl\u00e1stalan karaktergyilkoss\u00e1gokra, hov\u00e1 vezet ez a fajta magatart\u00e1s.\u00a0<\/em><\/span><\/p>\n<p><span style=\"color: #ff6600;\"><em>M\u00e9gsem vagyunk eszk\u00f6ztelenek! Tim\u00f3teushoz hasonl\u00f3an, nek\u00fcnk is a hit j\u00f3 harc\u00e1t kell megv\u00edvnunk! Ez a mi fegyver\u00fcnk! Kereszt\u00e9ny hit\u00fcnk.<\/em><\/span><\/p>\n<p><span style=\"color: #ff6600;\"><em>Az evang\u00e9liumi r\u00e9szhez egy t\u00f6rt\u00e9netet hozok. Mosonszolnokon van egy kedves bar\u00e1tom, Tibor, aki hetente \u00e1tj\u00e1r B\u00e9csbe. Itt egy nagyon gazdag \u00e9s id\u0151s v\u00e1llalkoz\u00f3 oldtimer aut\u00f3it tiszt\u00edtja \u00e9s takar\u00edtja. Az aut\u00f3k \u00e9rt\u00e9ke, nagyon sok van bel\u0151l\u00fcnk, exkluz\u00edv modellek, t\u00f6bb t\u00edz milli\u00f3 eur\u00f3. A tulajdonos f\u00f6ldalatti betontemet\u0151t k\u00e9sz\u00edttetett mag\u00e1nak. Sz\u00e1nd\u00e9ka, hogy amikor meghal, az aut\u00f3ival egy\u00fctt temess\u00e9k el.\u00a0 Eddig a t\u00f6rt\u00e9net!\u00a0<\/em><\/span><\/p>\n<p><span style=\"color: #ff6600;\"><em>J\u00e9zus p\u00e9ldabesz\u00e9d\u00e9nek \u00fczenete vil\u00e1gos, semmit sem visz\u00fcnk magunkkal anyagi javainkb\u00f3l. \u00c9let\u00fcnk j\u00f3tettei, s mindaz, amit k\u00e9pviselt\u00fcnk, ahogyan \u00e9lt\u00fcnk, nos azok, amelyek elk\u00eds\u00e9rnek minket. F\u00f6ldi \u00e9let\u00fcnk az \u00e9rdemszerz\u00e9s ideje!<\/em><\/span><\/p>\n<p><span style=\"color: #ff6600;\"><em>Tibor atya<\/em><\/span><\/p>\n<p><span style=\"color: #008000;\">Kezd\u0151\u00e9nek:<\/span><br \/>\nMindazt, amit vel\u00fcnk tett\u00e9l, Urunk, igazs\u00e1gosan tetted, mert v\u00e9tkezt\u00fcnk ellened \u00e9s parancsaidnak nem engedelmeskedt\u00fcnk; m\u00e9gis dics\u0151\u00edtsd meg nevedet, \u00e9s t\u00e9gy vel\u00fcnk nagy irgalmass\u00e1god szerint. (D\u00e1n 3,31.29.30.43.42)<\/p>\n<p><span style=\"color: #008000;\">K\u00f6ny\u00f6rg\u00e9s:<\/span><br \/>\nIsten\u00fcnk, te legink\u00e1bb azzal mutatod meg mindenhat\u00f3s\u00e1godat, hogy k\u00f6ny\u00f6r\u00fcletes \u00e9s irgalmas vagy hozz\u00e1nk. \u00c1raszd re\u00e1nk sz\u00fcntelen\u00fcl kegyelmedet, hogy teljes odaad\u00e1ssal t\u00f6rekedj\u00fcnk az \u00f6r\u00f6k boldogs\u00e1gra, amelyet meg\u00edg\u00e9rt\u00e9l. A mi Urunk, J\u00e9zus Krisztus, a te Fiad \u00e1ltal, aki veled \u00e9l \u00e9s uralkodik a Szentl\u00e9lekkel egys\u00e9gben, Isten mind\u00f6r\u00f6kk\u00f6n \u00f6r\u00f6kk\u00e9.<\/p>\n<p><span style=\"color: #008000;\">OLVASM\u00c1NY \u00c1mosz pr\u00f3f\u00e9ta k\u00f6nyv\u00e9b\u0151l (\u00c1m 6,1a.4-7)<\/span><br \/>\n<em>A pr<\/em><em>\u00f3f<\/em><em>\u00e9ta azzal fenyegeti meg a d<\/em><em>\u0151zs<\/em><em>\u00f6l<\/em><em>\u0151 gazdagokat, hogy megsz<\/em><em>\u00e9gyen<\/em><em>\u00fclnek <\/em><em>\u00e9s sz<\/em><em>\u00e1mkivet<\/em><em>\u00e9sre jutnak.<\/em><br \/>\nJaj a gondtalanul \u00e9l\u0151knek Sionban, \u00e9s Szam\u00e1ria hegy\u00e9n az elbizakodottaknak! Elef\u00e1ntcsont \u00e1gyban alusznak, fekv\u0151helyeiken heny\u00e9lnek, lakm\u00e1roznak a ny\u00e1j b\u00e1r\u00e1nyaib\u00f3l \u00e9s a csorda \u00f6kreib\u0151l. H\u00e1rfasz\u00f3 mellett n\u00f3t\u00e1znak, mint D\u00e1vid, hangszert csin\u00e1lnak maguknak; kors\u00f3b\u00f3l issz\u00e1k a bort, finom olajjal kenik magukat: J\u00f3zsef v\u00e9gzete miatt bizony nem b\u00e1nk\u00f3dnak. Ez\u00e9rt, l\u00e1m, most a sz\u00e1m\u0171z\u00f6ttek \u00e9l\u00e9n mennek a fogs\u00e1gba, \u00e9s v\u00e9get \u00e9r a heny\u00e9l\u0151k tobz\u00f3d\u00e1sa.<br \/>\nEz az Isten ig\u00e9je.<\/p>\n<p><span style=\"color: #008000;\">V\u00c1LASZOS ZSOLT\u00c1R (Zsolt 145,7.8-9a.9bc-10)<\/span><br \/>\nV\u00e1lasz:\u00a0<strong>\u00c1<\/strong><strong>ldjad lelkem az Urat, * dics<\/strong><strong>\u0151\u00edtsed az Istent.<\/strong>\u00a01b. vers. (4. g t\u00f3nus)<br \/>\nVagy:\u00a0<strong>Alleluja, alleluja, alleluja.<\/strong>\u00a04. sz\u00e1m.<br \/>\nEl\u0151\u00e9nekes: Isten igaz marad \u00f6r\u00f6kk\u00e9, * az elnyomottnak igazs\u00e1got szolg\u00e1ltat.<br \/>\nAz \u00e9hez\u0151knek \u0151 ad kenyeret, * kiszabad\u00edtja az \u00dar a foglyokat.<br \/>\nH\u00edvek: \u00c1ldjad lelkem az Urat, * dics\u0151\u00edtsed az Istent.<br \/>\nVagy: Alleluja, alleluja, alleluja.<br \/>\nE: Az \u00dar megnyitja a vakok szem\u00e9t, * \u00e9s f\u00f6lemeli azt, aki elesett.<br \/>\nAz \u00dar szereti az igaz embert, * a j\u00f6vev\u00e9nyt megv\u00e9di.<br \/>\nH: \u00c1ldjad lelkem az Urat, * dics\u0151\u00edtsed az Istent.<br \/>\nVagy: Alleluja, alleluja, alleluja.<br \/>\nE: Az \u00dar t\u00e1mogatja az \u00e1rv\u00e1t \u00e9s \u00f6zvegyet, * \u00e9s elpuszt\u00edtja a gonoszok \u00fatj\u00e1t.<br \/>\nAz \u00dar uralkodik \u00f6r\u00f6kk\u00f6n-\u00f6r\u00f6kk\u00e9, * a te Istened, \u00f3 Sion, nemzed\u00e9kr\u0151l nemzed\u00e9kre.<br \/>\nH: \u00c1ldjad lelkem az Urat, * dics\u0151\u00edtsed az Istent.<br \/>\nVagy: Alleluja, alleluja, alleluja.<\/p>\n<p><span style=\"color: #008000;\">SZENTLECKE Szent P\u00e1l apostolnak Tim\u00f3teushoz \u00edrt els\u0151 level\u00e9b\u0151l (1Tim 6,11-16)<\/span><br \/>\n<em>Tartsuk meg a parancsokat Urunk elj<\/em><em>\u00f6vetel<\/em><em>\u00e9ig!<\/em><br \/>\nSzeretett Fiam!<br \/>\nTe, Isten embere, menek\u00fclj a bajkever\u0151kt\u0151l! T\u00f6rekedj\u00e9l ink\u00e1bb igazs\u00e1gos lelk\u00fcletre, \u00e9letszents\u00e9gre, hitre, szeretetre, t\u00fcrelemre \u00e9s szel\u00edds\u00e9gre. V\u00edvd meg a hit j\u00f3 harc\u00e1t, szerezd meg az \u00f6r\u00f6k \u00e9letet, hiszen erre kapt\u00e1l hivat\u00e1st, \u00e9s erre tetted le sz\u00e1mos tan\u00fa el\u0151tt az igaz hitvall\u00e1st.<br \/>\nFelsz\u00f3l\u00edtalak az Isten nev\u00e9ben, aki mindeneket \u00e9ltet, \u00e9s Krisztus J\u00e9zus nev\u00e9ben, aki Poncius Pil\u00e1tus el\u0151tt tan\u00fas\u00e1got tett az igazs\u00e1g mellett, hogy teljes\u00edtsd megb\u00edzat\u00e1sodat b\u0171ntelen\u00fcl \u00e9s feddhetetlen\u00fcl Urunk, J\u00e9zus Krisztus elj\u00f6vetel\u00e9ig. Ezt a kell\u0151 id\u0151ben megmutatja majd a boldog \u00e9s egyed\u00fcl Uralkod\u00f3, a Kir\u00e1lyok Kir\u00e1lya \u00e9s Urak Ura, aki egyed\u00fcl halhatatlan, aki megk\u00f6zel\u00edthetetlen f\u00e9nyess\u00e9gben lakik, akit senki nem l\u00e1tott, \u00e9s nem is l\u00e1that: \u00f6v\u00e9 a dics\u0151s\u00e9g \u00e9s az \u00f6r\u00f6k hatalom! \u00c1men.<br \/>\nEz az Isten ig\u00e9je.<\/p>\n<p><span style=\"color: #008000;\">ALLELUJA<\/span><br \/>\nJ\u00e9zus Krisztus \u2013 b\u00e1r gazdag volt \u2013 szeg\u00e9nny\u00e9 lett \u00e9rtetek, * hogy szeg\u00e9nys\u00e9ge \u00e1ltal gazdagg\u00e1 legyetek. 2Kor 8,9 \u2013 5. t\u00f3nus<\/p>\n<p><span style=\"color: #008000;\">\u2020 EVANG\u00c9LIUM Szent Luk\u00e1cs k\u00f6nyv\u00e9b\u0151l (Lk 16,19-31)<\/span><br \/>\n<em>A sz<\/em><em>\u00edvtelen gazdag elnyeri m<\/em><em>\u00e9lt<\/em><em>\u00f3 b<\/em><em>\u00fcntet<\/em><em>\u00e9s<\/em><em>\u00e9t, a szeg<\/em><em>\u00e9ny L<\/em><em>\u00e1z<\/em><em>\u00e1r pedig <\/em><em>\u00fcdv<\/em><em>\u00f6z<\/em><em>\u00fcl.<\/em><br \/>\nAbban az id\u0151ben:<br \/>\nJ\u00e9zus a k\u00f6vetkez\u0151 p\u00e9ldabesz\u00e9det mondta:<br \/>\n\u201eVolt egy gazdag ember. B\u00edborba \u00e9s patyolatba \u00f6lt\u00f6zk\u00f6d\u00f6tt, \u00e9s mindennap d\u00fasan lakm\u00e1rozott. Volt egy L\u00e1z\u00e1r nev\u0171 koldus is, ez ott fek\u00fcdt a kapuja el\u0151tt, tele fek\u00e9llyel. Sz\u00edvesen j\u00f3llakott volna az \u00e9telmarad\u00e9kb\u00f3l, ami a gazdag ember asztal\u00e1r\u00f3l lehullott, de abb\u00f3l sem adtak neki. Csak a kuty\u00e1k j\u00f6ttek, \u00e9s nyalogatt\u00e1k a sebeit.<br \/>\nMeghalt a koldus, \u00e9s az angyalok \u00c1brah\u00e1m kebel\u00e9re vitt\u00e9k. A gazdag is meghalt, \u00e9s eltemett\u00e9k. A pokolban, amikor nagy k\u00ednjai k\u00f6zt feltekintett, megl\u00e1tta messzir\u0151l \u00c1brah\u00e1mot \u00e9s a kebl\u00e9n L\u00e1z\u00e1rt.<br \/>\nFelki\u00e1ltott: \u00bbAty\u00e1m, \u00c1brah\u00e1m! K\u00f6ny\u00f6r\u00fclj rajtam! K\u00fcldd el L\u00e1z\u00e1rt, hogy ujja hegy\u00e9t v\u00edzbe m\u00e1rtva h\u0171s\u00edtse nyelvemet. Iszony\u00faan gy\u00f6tr\u0151d\u00f6m ezekben a l\u00e1ngokban.\u00ab<br \/>\n\u00bbFiam \u2013 felelte \u00c1brah\u00e1m \u2013, eml\u00e9kezz\u00e9l r\u00e1, hogy milyen j\u00f3 dolgod volt \u00e9letedben, L\u00e1z\u00e1rnak meg mennyi jutott a rosszb\u00f3l. Most \u0151 itt vigasztal\u00f3dik, te pedig oda\u00e1t gy\u00f6tr\u0151d\u00f6l.<br \/>\nAzonfel\u00fcl k\u00f6zt\u00fcnk \u00e9s k\u00f6ztetek nagy szakad\u00e9k t\u00e1tong, hogy aki inn\u00e9t \u00e1t akarna menni hozz\u00e1tok, ne tudjon, se onn\u00e9t ne tudjon hozz\u00e1nk \u00e1tj\u00f6nni senki.\u00ab<br \/>\n\u00bbAkkor arra k\u00e9rlek, aty\u00e1m \u2013 ki\u00e1ltotta \u00fajra \u2013, k\u00fcldd el \u0151t atyai h\u00e1zunkba, ahol m\u00e9g \u00f6t testv\u00e9rem \u00e9l. Tegyen bizonys\u00e1got el\u0151tt\u00fck, nehogy \u0151k is ide jussanak a gy\u00f6trelmek hely\u00e9re.\u00ab<br \/>\n\u00c1brah\u00e1m ezt felelte: \u00bbVan M\u00f3zes\u00fck \u00e9s vannak pr\u00f3f\u00e9t\u00e1ik. Azokra hallgassanak.\u00ab \u00c1m az er\u0151sk\u00f6d\u00f6tt: \u00bbNem teszik, aty\u00e1m, \u00c1brah\u00e1m! De ha valaki, a halottak k\u00f6z\u00fcl elmenne hozz\u00e1juk, b\u0171nb\u00e1natot tartan\u00e1nak.\u00ab \u0150 azonban \u00edgy felelt: \u00bbHa M\u00f3zesre \u00e9s a pr\u00f3f\u00e9t\u00e1kra nem hallgatnak, m\u00e9g ha a halottak k\u00f6z\u00fcl t\u00e1mad is fel valaki, annak sem hisznek.\u00ab\u201d<br \/>\nEzek az evang\u00e9lium ig\u00e9i.<\/p>\n<p><span style=\"color: #008000;\">EGYETEMES K\u00d6NY\u00d6RG\u00c9SEK<\/span><br \/>\nPap: Testv\u00e9reim! J\u00f3s\u00e1gos \u00e9s kegyes a mi Urunk, Isten\u00fcnk. H\u00edvjuk seg\u00edts\u00e9g\u00fcl, \u00e9s k\u00e9rj\u00fck bizalommal!<br \/>\nLektor: 1. Hogy a j\u00f3l\u00e9t \u00e9s \u00f6r\u00f6m napjaiban se feledkezz\u00fcnk el \u00edns\u00e9get szenved\u0151 embert\u00e1rsainkr\u00f3l!<br \/>\nH\u00edvek: K\u00e9r\u00fcnk t\u00e9ged, hallgass meg minket!<br \/>\n2. Hogy az Anyaszentegyh\u00e1z hirdesse \u00e9s j\u00f3 p\u00e9ld\u00e1val mutassa, hogyan kell t\u00f6r\u0151dn\u00fcnk a szeg\u00e9nyekkel \u00e9s a betegekkel!<br \/>\nH\u00edvek: K\u00e9r\u00fcnk t\u00e9ged . . .<br \/>\n3. Hogy az emberis\u00e9g k\u00f6z\u00f6s \u00f6sszefog\u00e1sa mentse meg az \u00e9h\u00edns\u00e9gek \u00e9s a j\u00e1rv\u00e1nyok, a h\u00e1bor\u00fak \u00e9s a term\u00e9szeti csap\u00e1sok szenved\u0151 \u00e1ldozatait!<br \/>\nH\u00edvek: K\u00e9r\u00fcnk t\u00e9ged . . .<br \/>\n4. Hogy isteni figyelmeztet\u00e9snek vegy\u00fck, ha valaki b\u0171neink \u00e9s mulaszt\u00e1saink miatt korhol minket!<br \/>\nH\u00edvek: K\u00e9r\u00fcnk t\u00e9ged . . .<br \/>\n5. Hogy \u00fcdv\u00f6s f\u00e9lelmet \u00e9rezz\u00fcnk az \u00f6r\u00f6k k\u00e1rhozatt\u00f3l, \u00e9s visszarettenj\u00fcnk a b\u0171nt\u0151l!<br \/>\nH\u00edvek: K\u00e9r\u00fcnk t\u00e9ged . . .<br \/>\n6. Hogy a megholt h\u00edvek\u00e9rt ne feledkezz\u00fcnk el naponta im\u00e1dkozni!<br \/>\nH\u00edvek: K\u00e9r\u00fcnk t\u00e9ged . . .<br \/>\nPap: Urunk, Isten\u00fcnk! Add kegyelmedet, hogy szenved\u0151 embert\u00e1rsainkt\u00f3l sz\u00edvtelen\u00fcl el ne z\u00e1rk\u00f3zzunk, \u00e9s \u00edgy \u00f6r\u00f6k boldogs\u00e1gukat ne kock\u00e1ztassuk! Krisztus, a mi Urunk \u00e1ltal.<br \/>\nH\u00edvek: \u00c1men.<\/p>\n<p><span style=\"color: #008000;\">Felaj\u00e1nl\u00f3 k\u00f6ny\u00f6rg\u00e9s:<\/span><br \/>\nAdd meg nek\u00fcnk, irgalmas Isten\u00fcnk, hogy ez az \u00e1ldozat kedves legyen el\u0151tted, \u00e9s fakadjon bel\u0151le sz\u00e1munkra minden \u00e1ld\u00e1s forr\u00e1sa. Krisztus, a mi Urunk \u00e1ltal.<\/p>\n<p><span style=\"color: #008000;\">Pref\u00e1ci\u00f3:<\/span><br \/>\nMert val\u00f3ban m\u00e9lt\u00f3 \u00e9s igazs\u00e1gos, ill\u0151 \u00e9s \u00fcdv\u00f6s, hogy mindig \u00e9s minden\u00fctt h\u00e1l\u00e1t adjunk n\u00e9ked, mi Urunk, szents\u00e9ges Aty\u00e1nk, mindenhat\u00f3, \u00f6r\u00f6k Isten: Krisztus, a mi Urunk \u00e1ltal.<br \/>\nKi megsz\u00e1nva a t\u00e9velyg\u0151 embert, vil\u00e1gra sz\u00fcletett a Szent Sz\u0171zt\u0151l, majd kereszthal\u00e1la \u00e1ltal az \u00f6r\u00f6k hal\u00e1lt\u00f3l megmentett minket, \u00e9s felt\u00e1madva a hal\u00e1lb\u00f3l \u00f6r\u00f6k \u00e9letet aj\u00e1nd\u00e9kozott n\u00e9k\u00fcnk.<br \/>\n\u00c9s ez\u00e9rt mi is, mik\u00e9nt az angyalok \u00e9s f\u0151angyalok, a tr\u00f3nod k\u00f6r\u00fcl \u00e1ll\u00f3 hatalmas \u00e9gi szellemek, \u00e9s minden seregek a mennyben, a te dics\u0151s\u00e9ged himnusz\u00e1t zengj\u00fck, \u00e9s vel\u00fck egy\u00fctt v\u00e9g n\u00e9lk\u00fcl \u00e9nekelj\u00fck:<\/p>\n<p><span style=\"color: #008000;\">\u00c1ldoz\u00e1si \u00e9nek:<\/span><br \/>\nEml\u00e9kezz\u00e9l meg szavadr\u00f3l, Uram amit szolg\u00e1dnak mondt\u00e1l, amellyel nekem rem\u00e9nys\u00e9get adt\u00e1l megal\u00e1zotts\u00e1gomban ez a vigaszom. (V\u00f6. Zsolt 118,49-50)<br \/>\n<span style=\"color: #008000;\"><em>Vagy<\/em><\/span><br \/>\nIsten szeretet\u00e9t arr\u00f3l ismert\u00fck fel, hogy \u0150 \u00e9let\u00e9t adta \u00e9rt\u00fcnk. Nek\u00fcnk is \u00e9let\u00fcnket kell adnunk testv\u00e9reink\u00e9rt. (1Jn 3,16)<\/p>\n<p><span style=\"color: #008000;\">\u00c1ldoz\u00e1s ut\u00e1ni k\u00f6ny\u00f6rg\u00e9s:<\/span><br \/>\nUrunk, Isten\u00fcnk, szolg\u00e1ljon ez a mennyei miszt\u00e9rium test\u00fcnk \u00e9s lelk\u00fcnk meg\u00fajul\u00e1s\u00e1ra, hogy az \u00f6r\u00f6k dics\u0151s\u00e9gben t\u00e1rs\u00f6r\u00f6k\u00f6sei legy\u00fcnk Fiadnak, akinek hal\u00e1l\u00e1t hirdetj\u00fck \u00e9s vele egy\u00fctt szenved\u00fcnk. Aki \u00e9l \u00e9s uralkodik mind\u00f6r\u00f6kk\u00f6n \u00f6r\u00f6kk\u00e9.<\/p>\n<p><em>(K\u00e9p forr\u00e1sa: Instagram)<\/em><\/p>\n","protected":false},"excerpt":{"rendered":"<p>Isten mindenhat\u00f3s\u00e1g\u00e1nak k\u00e9t jellemz\u0151je a k\u00f6ny\u00f6r\u00fcletess\u00e9ge \u00e9s irgalmass\u00e1ga. \u00c9ppen ennek felismer\u00e9se \u00e9s elismer\u00e9se seg\u00edthet legf\u0151bb c\u00e9lom, egy\u00e9ni \u00fcdv\u00f6ss\u00e9gem el\u00e9r\u00e9s\u00e9ben. \u00c9ppen ez\u00e9rt kegyelm\u00e9\u00e9rt esedez\u00fcnk, hogy v\u00e1gyott c\u00e9lunkat, az \u00fcdv\u00f6ss\u00e9get el\u00e9rhess\u00fck. Minden ember, szinte kiv\u00e9tel n\u00e9lk\u00fcl, v\u00e1gyik a gazdags\u00e1g ut\u00e1n. Pontosabban annak el\u0151nyeit szeretn\u00e9 \u00e9lvezni. K\u00f6zben nem is gondol arra, hogy a gazdags\u00e1g mennyi vesz\u00e9lyt rejt mag\u00e1ban. Ugyanis megjelenik egy alapvet\u0151 emberi f\u00e9lelem, mindaz, amit birtoklok, el is vesz\u00edthetem. Vagyonom, gazdags\u00e1gom veszend\u0151be mehet. \u00c9ppen ett\u0151l val\u00f3 f\u00e9lelem tesz nyugtalann\u00e1 \u00e9s kiszolg\u00e1ltatott\u00e1. Legnagyobb vesz\u00e9lye ezen \u00e1llapotnak, hogy az anyagi javak birtokl\u00e1s\u00e1ra \u00e9s megtart\u00e1s\u00e1ra helyezem figyelmemet, k\u00f6zben pedig elvesz\u00edtem \u00e9rz\u00e9kemet a lelki dolgok ir\u00e1nt. Boldogtalann\u00e1 v\u00e1lok! Az olvasm\u00e1nyban, \u00c1mosz, a szeg\u00e9nyek pr\u00f3f\u00e9t\u00e1ja \u00e9ppen a gazdags\u00e1g vesz\u00e9ly\u00e9re h\u00edvja fel figyelm\u00fcnket. Jajt ki\u00e1lt mindazokra, akik tobz\u00f3dnak gazdags\u00e1gukban, s k\u00f6zben teljess\u00e9ggel \u00e9rz\u00e9ketlenn\u00e9 v\u00e1lnak. Komoly \u00fczenete ennek az elhangzott tan\u00edt\u00e1snak: anyagi javaink eszk\u00f6z\u00f6k egy\u00e9ni \u00fcdv\u00f6ss\u00e9g\u00fcnk elnyer\u00e9s\u00e9ben. \u00d6r\u00f6mteli a sz\u00e1mad\u00e1s mindazoknak, akik \u00edgy tekintenek f\u00f6ldi javaikra. Imm\u00e1r heteken kereszt\u00fcl hallhatjuk Szent P\u00e1l apostol tan\u00e1csait, melyeket lelki gyermek\u00e9hez, Tim\u00f3teushoz int\u00e9z. Most \u00e9ppen abban b\u00e1tor\u00edtja Tim\u00f3teust, hogy v\u00edvja meg a hit j\u00f3 harc\u00e1t. Nem milit\u00e1ns felsz\u00f3l\u00edt\u00e1s ez. Sokkal ink\u00e1bb a val\u00f3s helyzettel t\u00f6rt\u00e9n\u0151 \u0151szinte szemben\u00e9z\u00e9s. Nek\u00fcnk sz\u00f3l\u00f3 \u00fczenete pedig: Hit szerint \u00e9s hitben \u00e9lni, ma is k\u00fczdelmet, adott esetben harcot jelent. N\u00e9zz\u00fck csak vil\u00e1gunkat. Az emberi gonoszs\u00e1g pr\u00f3b\u00e1l utat t\u00f6rni mag\u00e1nak. A hatalom megszerz\u00e9s\u00e9nek v\u00e1gya g\u00e1tl\u00e1stalann\u00e1 tesi az egy\u00e9nt. Szavain, kifinomult fogalmaz\u00e1si technik\u00e1ink kereszt\u00fcl a m\u00e1sik megsemmis\u00edt\u00e9s\u00e9re t\u00f6rekszik. G\u00e1tl\u00e1stalann\u00e1 v\u00e1lik, s nem riad vissza semmit\u0151l sem. A k\u00f6vetkezm\u00e9nyek n\u00e9lk\u00fcli vil\u00e1got vallja saj\u00e1tj\u00e1nak. Az elemi d\u00fch \u00e9s bossz\u00fa gyilkoss\u00e1 teszi! L\u00e1thatjuk az ut\u00f3bbi hetek t\u00f6rt\u00e9n\u00e9seinek t\u00fckr\u00e9ben, gondoljunk csak Charlie Kirk tragikus hal\u00e1l\u00e1ra, avagy a g\u00e1tl\u00e1stalan karaktergyilkoss\u00e1gokra, hov\u00e1 vezet ez a fajta magatart\u00e1s.\u00a0 M\u00e9gsem vagyunk eszk\u00f6ztelenek! Tim\u00f3teushoz hasonl\u00f3an, nek\u00fcnk is a hit j\u00f3 harc\u00e1t kell megv\u00edvnunk! Ez a mi fegyver\u00fcnk! Kereszt\u00e9ny hit\u00fcnk. Az evang\u00e9liumi r\u00e9szhez egy t\u00f6rt\u00e9netet hozok. Mosonszolnokon van egy kedves bar\u00e1tom,&#8230; <\/p>\n<p><a class=\"readmore\" href=\"https:\/\/stuttgarti-katolikusok.de\/index.php\/evkozi-26-vasarnap-elvandorlok-es-menekultek-vilagnapja-2\/\">R\u00e9szletek<\/a><\/p>\n","protected":false},"author":3,"featured_media":29430,"comment_status":"closed","ping_status":"closed","sticky":false,"template":"","format":"standard","meta":{"footnotes":""},"categories":[85,63],"tags":[],"class_list":["post-31730","post","type-post","status-publish","format-standard","has-post-thumbnail","hentry","category-a-liturgia-olvasmanyai","category-vasarnapi-gondolatok"],"yoast_head":"<!-- This site is optimized with the Yoast SEO plugin v27.3 - https:\/\/yoast.com\/product\/yoast-seo-wordpress\/ -->\n<title>\u00c9vk\u00f6zi 26. vas\u00e1rnap \u2013 Elv\u00e1ndorl\u00f3k \u00e9s menek\u00fcltek vil\u00e1gnapja - Stuttgarti Katolikusok<\/title>\n<meta name=\"robots\" content=\"index, follow, max-snippet:-1, max-image-preview:large, max-video-preview:-1\" \/>\n<link rel=\"canonical\" href=\"https:\/\/stuttgarti-katolikusok.de\/index.php\/evkozi-26-vasarnap-elvandorlok-es-menekultek-vilagnapja-2\/\" \/>\n<meta property=\"og:locale\" content=\"hu_HU\" \/>\n<meta property=\"og:type\" content=\"article\" \/>\n<meta property=\"og:title\" content=\"\u00c9vk\u00f6zi 26. vas\u00e1rnap \u2013 Elv\u00e1ndorl\u00f3k \u00e9s menek\u00fcltek vil\u00e1gnapja - Stuttgarti Katolikusok\" \/>\n<meta property=\"og:description\" content=\"Isten mindenhat\u00f3s\u00e1g\u00e1nak k\u00e9t jellemz\u0151je a k\u00f6ny\u00f6r\u00fcletess\u00e9ge \u00e9s irgalmass\u00e1ga. \u00c9ppen ennek felismer\u00e9se \u00e9s elismer\u00e9se seg\u00edthet legf\u0151bb c\u00e9lom, egy\u00e9ni \u00fcdv\u00f6ss\u00e9gem el\u00e9r\u00e9s\u00e9ben. \u00c9ppen ez\u00e9rt kegyelm\u00e9\u00e9rt esedez\u00fcnk, hogy v\u00e1gyott c\u00e9lunkat, az \u00fcdv\u00f6ss\u00e9get el\u00e9rhess\u00fck. Minden ember, szinte kiv\u00e9tel n\u00e9lk\u00fcl, v\u00e1gyik a gazdags\u00e1g ut\u00e1n. Pontosabban annak el\u0151nyeit szeretn\u00e9 \u00e9lvezni. K\u00f6zben nem is gondol arra, hogy a gazdags\u00e1g mennyi vesz\u00e9lyt rejt mag\u00e1ban. Ugyanis megjelenik egy alapvet\u0151 emberi f\u00e9lelem, mindaz, amit birtoklok, el is vesz\u00edthetem. Vagyonom, gazdags\u00e1gom veszend\u0151be mehet. \u00c9ppen ett\u0151l val\u00f3 f\u00e9lelem tesz nyugtalann\u00e1 \u00e9s kiszolg\u00e1ltatott\u00e1. Legnagyobb vesz\u00e9lye ezen \u00e1llapotnak, hogy az anyagi javak birtokl\u00e1s\u00e1ra \u00e9s megtart\u00e1s\u00e1ra helyezem figyelmemet, k\u00f6zben pedig elvesz\u00edtem \u00e9rz\u00e9kemet a lelki dolgok ir\u00e1nt. Boldogtalann\u00e1 v\u00e1lok! Az olvasm\u00e1nyban, \u00c1mosz, a szeg\u00e9nyek pr\u00f3f\u00e9t\u00e1ja \u00e9ppen a gazdags\u00e1g vesz\u00e9ly\u00e9re h\u00edvja fel figyelm\u00fcnket. Jajt ki\u00e1lt mindazokra, akik tobz\u00f3dnak gazdags\u00e1gukban, s k\u00f6zben teljess\u00e9ggel \u00e9rz\u00e9ketlenn\u00e9 v\u00e1lnak. Komoly \u00fczenete ennek az elhangzott tan\u00edt\u00e1snak: anyagi javaink eszk\u00f6z\u00f6k egy\u00e9ni \u00fcdv\u00f6ss\u00e9g\u00fcnk elnyer\u00e9s\u00e9ben. \u00d6r\u00f6mteli a sz\u00e1mad\u00e1s mindazoknak, akik \u00edgy tekintenek f\u00f6ldi javaikra. Imm\u00e1r heteken kereszt\u00fcl hallhatjuk Szent P\u00e1l apostol tan\u00e1csait, melyeket lelki gyermek\u00e9hez, Tim\u00f3teushoz int\u00e9z. Most \u00e9ppen abban b\u00e1tor\u00edtja Tim\u00f3teust, hogy v\u00edvja meg a hit j\u00f3 harc\u00e1t. Nem milit\u00e1ns felsz\u00f3l\u00edt\u00e1s ez. Sokkal ink\u00e1bb a val\u00f3s helyzettel t\u00f6rt\u00e9n\u0151 \u0151szinte szemben\u00e9z\u00e9s. Nek\u00fcnk sz\u00f3l\u00f3 \u00fczenete pedig: Hit szerint \u00e9s hitben \u00e9lni, ma is k\u00fczdelmet, adott esetben harcot jelent. N\u00e9zz\u00fck csak vil\u00e1gunkat. Az emberi gonoszs\u00e1g pr\u00f3b\u00e1l utat t\u00f6rni mag\u00e1nak. A hatalom megszerz\u00e9s\u00e9nek v\u00e1gya g\u00e1tl\u00e1stalann\u00e1 tesi az egy\u00e9nt. Szavain, kifinomult fogalmaz\u00e1si technik\u00e1ink kereszt\u00fcl a m\u00e1sik megsemmis\u00edt\u00e9s\u00e9re t\u00f6rekszik. G\u00e1tl\u00e1stalann\u00e1 v\u00e1lik, s nem riad vissza semmit\u0151l sem. A k\u00f6vetkezm\u00e9nyek n\u00e9lk\u00fcli vil\u00e1got vallja saj\u00e1tj\u00e1nak. Az elemi d\u00fch \u00e9s bossz\u00fa gyilkoss\u00e1 teszi! L\u00e1thatjuk az ut\u00f3bbi hetek t\u00f6rt\u00e9n\u00e9seinek t\u00fckr\u00e9ben, gondoljunk csak Charlie Kirk tragikus hal\u00e1l\u00e1ra, avagy a g\u00e1tl\u00e1stalan karaktergyilkoss\u00e1gokra, hov\u00e1 vezet ez a fajta magatart\u00e1s.\u00a0 M\u00e9gsem vagyunk eszk\u00f6ztelenek! Tim\u00f3teushoz hasonl\u00f3an, nek\u00fcnk is a hit j\u00f3 harc\u00e1t kell megv\u00edvnunk! Ez a mi fegyver\u00fcnk! Kereszt\u00e9ny hit\u00fcnk. Az evang\u00e9liumi r\u00e9szhez egy t\u00f6rt\u00e9netet hozok. Mosonszolnokon van egy kedves bar\u00e1tom,... R\u00e9szletek\" \/>\n<meta property=\"og:url\" content=\"https:\/\/stuttgarti-katolikusok.de\/index.php\/evkozi-26-vasarnap-elvandorlok-es-menekultek-vilagnapja-2\/\" \/>\n<meta property=\"og:site_name\" content=\"Stuttgarti Katolikusok\" \/>\n<meta property=\"article:published_time\" content=\"2025-09-27T09:27:39+00:00\" \/>\n<meta property=\"og:image\" content=\"https:\/\/stuttgarti-katolikusok.de\/wp-content\/uploads\/2024\/09\/osz28.jpg\" \/>\n\t<meta property=\"og:image:width\" content=\"1080\" \/>\n\t<meta property=\"og:image:height\" content=\"1085\" \/>\n\t<meta property=\"og:image:type\" content=\"image\/jpeg\" \/>\n<meta name=\"author\" content=\"Tibor atya\" \/>\n<meta name=\"twitter:card\" content=\"summary_large_image\" \/>\n<meta name=\"twitter:label1\" content=\"Szerz\u0151:\" \/>\n\t<meta name=\"twitter:data1\" content=\"Tibor atya\" \/>\n\t<meta name=\"twitter:label2\" content=\"Becs\u00fclt olvas\u00e1si id\u0151\" \/>\n\t<meta name=\"twitter:data2\" content=\"9 perc\" \/>\n<script type=\"application\/ld+json\" class=\"yoast-schema-graph\">{\"@context\":\"https:\\\/\\\/schema.org\",\"@graph\":[{\"@type\":\"Article\",\"@id\":\"https:\\\/\\\/stuttgarti-katolikusok.de\\\/index.php\\\/evkozi-26-vasarnap-elvandorlok-es-menekultek-vilagnapja-2\\\/#article\",\"isPartOf\":{\"@id\":\"https:\\\/\\\/stuttgarti-katolikusok.de\\\/index.php\\\/evkozi-26-vasarnap-elvandorlok-es-menekultek-vilagnapja-2\\\/\"},\"author\":{\"name\":\"Tibor atya\",\"@id\":\"https:\\\/\\\/stuttgarti-katolikusok.de\\\/#\\\/schema\\\/person\\\/75908d6f8fdc03a57889d27209df7795\"},\"headline\":\"\u00c9vk\u00f6zi 26. vas\u00e1rnap \u2013 Elv\u00e1ndorl\u00f3k \u00e9s menek\u00fcltek vil\u00e1gnapja\",\"datePublished\":\"2025-09-27T09:27:39+00:00\",\"mainEntityOfPage\":{\"@id\":\"https:\\\/\\\/stuttgarti-katolikusok.de\\\/index.php\\\/evkozi-26-vasarnap-elvandorlok-es-menekultek-vilagnapja-2\\\/\"},\"wordCount\":2140,\"image\":{\"@id\":\"https:\\\/\\\/stuttgarti-katolikusok.de\\\/index.php\\\/evkozi-26-vasarnap-elvandorlok-es-menekultek-vilagnapja-2\\\/#primaryimage\"},\"thumbnailUrl\":\"https:\\\/\\\/stuttgarti-katolikusok.de\\\/wp-content\\\/uploads\\\/2024\\\/09\\\/osz28.jpg\",\"articleSection\":[\"A liturgia olvasm\u00e1nyai\",\"Vas\u00e1rnapi gondolatok\"],\"inLanguage\":\"hu\"},{\"@type\":\"WebPage\",\"@id\":\"https:\\\/\\\/stuttgarti-katolikusok.de\\\/index.php\\\/evkozi-26-vasarnap-elvandorlok-es-menekultek-vilagnapja-2\\\/\",\"url\":\"https:\\\/\\\/stuttgarti-katolikusok.de\\\/index.php\\\/evkozi-26-vasarnap-elvandorlok-es-menekultek-vilagnapja-2\\\/\",\"name\":\"\u00c9vk\u00f6zi 26. vas\u00e1rnap \u2013 Elv\u00e1ndorl\u00f3k \u00e9s menek\u00fcltek vil\u00e1gnapja - Stuttgarti Katolikusok\",\"isPartOf\":{\"@id\":\"https:\\\/\\\/stuttgarti-katolikusok.de\\\/#website\"},\"primaryImageOfPage\":{\"@id\":\"https:\\\/\\\/stuttgarti-katolikusok.de\\\/index.php\\\/evkozi-26-vasarnap-elvandorlok-es-menekultek-vilagnapja-2\\\/#primaryimage\"},\"image\":{\"@id\":\"https:\\\/\\\/stuttgarti-katolikusok.de\\\/index.php\\\/evkozi-26-vasarnap-elvandorlok-es-menekultek-vilagnapja-2\\\/#primaryimage\"},\"thumbnailUrl\":\"https:\\\/\\\/stuttgarti-katolikusok.de\\\/wp-content\\\/uploads\\\/2024\\\/09\\\/osz28.jpg\",\"datePublished\":\"2025-09-27T09:27:39+00:00\",\"author\":{\"@id\":\"https:\\\/\\\/stuttgarti-katolikusok.de\\\/#\\\/schema\\\/person\\\/75908d6f8fdc03a57889d27209df7795\"},\"breadcrumb\":{\"@id\":\"https:\\\/\\\/stuttgarti-katolikusok.de\\\/index.php\\\/evkozi-26-vasarnap-elvandorlok-es-menekultek-vilagnapja-2\\\/#breadcrumb\"},\"inLanguage\":\"hu\",\"potentialAction\":[{\"@type\":\"ReadAction\",\"target\":[\"https:\\\/\\\/stuttgarti-katolikusok.de\\\/index.php\\\/evkozi-26-vasarnap-elvandorlok-es-menekultek-vilagnapja-2\\\/\"]}]},{\"@type\":\"ImageObject\",\"inLanguage\":\"hu\",\"@id\":\"https:\\\/\\\/stuttgarti-katolikusok.de\\\/index.php\\\/evkozi-26-vasarnap-elvandorlok-es-menekultek-vilagnapja-2\\\/#primaryimage\",\"url\":\"https:\\\/\\\/stuttgarti-katolikusok.de\\\/wp-content\\\/uploads\\\/2024\\\/09\\\/osz28.jpg\",\"contentUrl\":\"https:\\\/\\\/stuttgarti-katolikusok.de\\\/wp-content\\\/uploads\\\/2024\\\/09\\\/osz28.jpg\",\"width\":1080,\"height\":1085},{\"@type\":\"BreadcrumbList\",\"@id\":\"https:\\\/\\\/stuttgarti-katolikusok.de\\\/index.php\\\/evkozi-26-vasarnap-elvandorlok-es-menekultek-vilagnapja-2\\\/#breadcrumb\",\"itemListElement\":[{\"@type\":\"ListItem\",\"position\":1,\"name\":\"Kezd\u0151lap\",\"item\":\"https:\\\/\\\/stuttgarti-katolikusok.de\\\/\"},{\"@type\":\"ListItem\",\"position\":2,\"name\":\"\u00c9vk\u00f6zi 26. vas\u00e1rnap \u2013 Elv\u00e1ndorl\u00f3k \u00e9s menek\u00fcltek vil\u00e1gnapja\"}]},{\"@type\":\"WebSite\",\"@id\":\"https:\\\/\\\/stuttgarti-katolikusok.de\\\/#website\",\"url\":\"https:\\\/\\\/stuttgarti-katolikusok.de\\\/\",\"name\":\"Stuttgarti Katolikusok\",\"description\":\"\",\"potentialAction\":[{\"@type\":\"SearchAction\",\"target\":{\"@type\":\"EntryPoint\",\"urlTemplate\":\"https:\\\/\\\/stuttgarti-katolikusok.de\\\/?s={search_term_string}\"},\"query-input\":{\"@type\":\"PropertyValueSpecification\",\"valueRequired\":true,\"valueName\":\"search_term_string\"}}],\"inLanguage\":\"hu\"},{\"@type\":\"Person\",\"@id\":\"https:\\\/\\\/stuttgarti-katolikusok.de\\\/#\\\/schema\\\/person\\\/75908d6f8fdc03a57889d27209df7795\",\"name\":\"Tibor atya\",\"image\":{\"@type\":\"ImageObject\",\"inLanguage\":\"hu\",\"@id\":\"https:\\\/\\\/secure.gravatar.com\\\/avatar\\\/61d268e57d1f4525b111222e29d2d5a7f8c420fdbf231ba5566a8ceac74fa960?s=96&d=mm&r=g\",\"url\":\"https:\\\/\\\/secure.gravatar.com\\\/avatar\\\/61d268e57d1f4525b111222e29d2d5a7f8c420fdbf231ba5566a8ceac74fa960?s=96&d=mm&r=g\",\"contentUrl\":\"https:\\\/\\\/secure.gravatar.com\\\/avatar\\\/61d268e57d1f4525b111222e29d2d5a7f8c420fdbf231ba5566a8ceac74fa960?s=96&d=mm&r=g\",\"caption\":\"Tibor atya\"},\"url\":\"https:\\\/\\\/stuttgarti-katolikusok.de\\\/index.php\\\/author\\\/tibor-atya\\\/\"}]}<\/script>\n<!-- \/ Yoast SEO plugin. -->","yoast_head_json":{"title":"\u00c9vk\u00f6zi 26. vas\u00e1rnap \u2013 Elv\u00e1ndorl\u00f3k \u00e9s menek\u00fcltek vil\u00e1gnapja - Stuttgarti Katolikusok","robots":{"index":"index","follow":"follow","max-snippet":"max-snippet:-1","max-image-preview":"max-image-preview:large","max-video-preview":"max-video-preview:-1"},"canonical":"https:\/\/stuttgarti-katolikusok.de\/index.php\/evkozi-26-vasarnap-elvandorlok-es-menekultek-vilagnapja-2\/","og_locale":"hu_HU","og_type":"article","og_title":"\u00c9vk\u00f6zi 26. vas\u00e1rnap \u2013 Elv\u00e1ndorl\u00f3k \u00e9s menek\u00fcltek vil\u00e1gnapja - Stuttgarti Katolikusok","og_description":"Isten mindenhat\u00f3s\u00e1g\u00e1nak k\u00e9t jellemz\u0151je a k\u00f6ny\u00f6r\u00fcletess\u00e9ge \u00e9s irgalmass\u00e1ga. \u00c9ppen ennek felismer\u00e9se \u00e9s elismer\u00e9se seg\u00edthet legf\u0151bb c\u00e9lom, egy\u00e9ni \u00fcdv\u00f6ss\u00e9gem el\u00e9r\u00e9s\u00e9ben. \u00c9ppen ez\u00e9rt kegyelm\u00e9\u00e9rt esedez\u00fcnk, hogy v\u00e1gyott c\u00e9lunkat, az \u00fcdv\u00f6ss\u00e9get el\u00e9rhess\u00fck. Minden ember, szinte kiv\u00e9tel n\u00e9lk\u00fcl, v\u00e1gyik a gazdags\u00e1g ut\u00e1n. Pontosabban annak el\u0151nyeit szeretn\u00e9 \u00e9lvezni. K\u00f6zben nem is gondol arra, hogy a gazdags\u00e1g mennyi vesz\u00e9lyt rejt mag\u00e1ban. Ugyanis megjelenik egy alapvet\u0151 emberi f\u00e9lelem, mindaz, amit birtoklok, el is vesz\u00edthetem. Vagyonom, gazdags\u00e1gom veszend\u0151be mehet. \u00c9ppen ett\u0151l val\u00f3 f\u00e9lelem tesz nyugtalann\u00e1 \u00e9s kiszolg\u00e1ltatott\u00e1. Legnagyobb vesz\u00e9lye ezen \u00e1llapotnak, hogy az anyagi javak birtokl\u00e1s\u00e1ra \u00e9s megtart\u00e1s\u00e1ra helyezem figyelmemet, k\u00f6zben pedig elvesz\u00edtem \u00e9rz\u00e9kemet a lelki dolgok ir\u00e1nt. Boldogtalann\u00e1 v\u00e1lok! Az olvasm\u00e1nyban, \u00c1mosz, a szeg\u00e9nyek pr\u00f3f\u00e9t\u00e1ja \u00e9ppen a gazdags\u00e1g vesz\u00e9ly\u00e9re h\u00edvja fel figyelm\u00fcnket. Jajt ki\u00e1lt mindazokra, akik tobz\u00f3dnak gazdags\u00e1gukban, s k\u00f6zben teljess\u00e9ggel \u00e9rz\u00e9ketlenn\u00e9 v\u00e1lnak. Komoly \u00fczenete ennek az elhangzott tan\u00edt\u00e1snak: anyagi javaink eszk\u00f6z\u00f6k egy\u00e9ni \u00fcdv\u00f6ss\u00e9g\u00fcnk elnyer\u00e9s\u00e9ben. \u00d6r\u00f6mteli a sz\u00e1mad\u00e1s mindazoknak, akik \u00edgy tekintenek f\u00f6ldi javaikra. Imm\u00e1r heteken kereszt\u00fcl hallhatjuk Szent P\u00e1l apostol tan\u00e1csait, melyeket lelki gyermek\u00e9hez, Tim\u00f3teushoz int\u00e9z. Most \u00e9ppen abban b\u00e1tor\u00edtja Tim\u00f3teust, hogy v\u00edvja meg a hit j\u00f3 harc\u00e1t. Nem milit\u00e1ns felsz\u00f3l\u00edt\u00e1s ez. Sokkal ink\u00e1bb a val\u00f3s helyzettel t\u00f6rt\u00e9n\u0151 \u0151szinte szemben\u00e9z\u00e9s. Nek\u00fcnk sz\u00f3l\u00f3 \u00fczenete pedig: Hit szerint \u00e9s hitben \u00e9lni, ma is k\u00fczdelmet, adott esetben harcot jelent. N\u00e9zz\u00fck csak vil\u00e1gunkat. Az emberi gonoszs\u00e1g pr\u00f3b\u00e1l utat t\u00f6rni mag\u00e1nak. A hatalom megszerz\u00e9s\u00e9nek v\u00e1gya g\u00e1tl\u00e1stalann\u00e1 tesi az egy\u00e9nt. Szavain, kifinomult fogalmaz\u00e1si technik\u00e1ink kereszt\u00fcl a m\u00e1sik megsemmis\u00edt\u00e9s\u00e9re t\u00f6rekszik. G\u00e1tl\u00e1stalann\u00e1 v\u00e1lik, s nem riad vissza semmit\u0151l sem. A k\u00f6vetkezm\u00e9nyek n\u00e9lk\u00fcli vil\u00e1got vallja saj\u00e1tj\u00e1nak. Az elemi d\u00fch \u00e9s bossz\u00fa gyilkoss\u00e1 teszi! L\u00e1thatjuk az ut\u00f3bbi hetek t\u00f6rt\u00e9n\u00e9seinek t\u00fckr\u00e9ben, gondoljunk csak Charlie Kirk tragikus hal\u00e1l\u00e1ra, avagy a g\u00e1tl\u00e1stalan karaktergyilkoss\u00e1gokra, hov\u00e1 vezet ez a fajta magatart\u00e1s.\u00a0 M\u00e9gsem vagyunk eszk\u00f6ztelenek! Tim\u00f3teushoz hasonl\u00f3an, nek\u00fcnk is a hit j\u00f3 harc\u00e1t kell megv\u00edvnunk! Ez a mi fegyver\u00fcnk! Kereszt\u00e9ny hit\u00fcnk. Az evang\u00e9liumi r\u00e9szhez egy t\u00f6rt\u00e9netet hozok. Mosonszolnokon van egy kedves bar\u00e1tom,... R\u00e9szletek","og_url":"https:\/\/stuttgarti-katolikusok.de\/index.php\/evkozi-26-vasarnap-elvandorlok-es-menekultek-vilagnapja-2\/","og_site_name":"Stuttgarti Katolikusok","article_published_time":"2025-09-27T09:27:39+00:00","og_image":[{"width":1080,"height":1085,"url":"https:\/\/stuttgarti-katolikusok.de\/wp-content\/uploads\/2024\/09\/osz28.jpg","type":"image\/jpeg"}],"author":"Tibor atya","twitter_card":"summary_large_image","twitter_misc":{"Szerz\u0151:":"Tibor atya","Becs\u00fclt olvas\u00e1si id\u0151":"9 perc"},"schema":{"@context":"https:\/\/schema.org","@graph":[{"@type":"Article","@id":"https:\/\/stuttgarti-katolikusok.de\/index.php\/evkozi-26-vasarnap-elvandorlok-es-menekultek-vilagnapja-2\/#article","isPartOf":{"@id":"https:\/\/stuttgarti-katolikusok.de\/index.php\/evkozi-26-vasarnap-elvandorlok-es-menekultek-vilagnapja-2\/"},"author":{"name":"Tibor atya","@id":"https:\/\/stuttgarti-katolikusok.de\/#\/schema\/person\/75908d6f8fdc03a57889d27209df7795"},"headline":"\u00c9vk\u00f6zi 26. vas\u00e1rnap \u2013 Elv\u00e1ndorl\u00f3k \u00e9s menek\u00fcltek vil\u00e1gnapja","datePublished":"2025-09-27T09:27:39+00:00","mainEntityOfPage":{"@id":"https:\/\/stuttgarti-katolikusok.de\/index.php\/evkozi-26-vasarnap-elvandorlok-es-menekultek-vilagnapja-2\/"},"wordCount":2140,"image":{"@id":"https:\/\/stuttgarti-katolikusok.de\/index.php\/evkozi-26-vasarnap-elvandorlok-es-menekultek-vilagnapja-2\/#primaryimage"},"thumbnailUrl":"https:\/\/stuttgarti-katolikusok.de\/wp-content\/uploads\/2024\/09\/osz28.jpg","articleSection":["A liturgia olvasm\u00e1nyai","Vas\u00e1rnapi gondolatok"],"inLanguage":"hu"},{"@type":"WebPage","@id":"https:\/\/stuttgarti-katolikusok.de\/index.php\/evkozi-26-vasarnap-elvandorlok-es-menekultek-vilagnapja-2\/","url":"https:\/\/stuttgarti-katolikusok.de\/index.php\/evkozi-26-vasarnap-elvandorlok-es-menekultek-vilagnapja-2\/","name":"\u00c9vk\u00f6zi 26. vas\u00e1rnap \u2013 Elv\u00e1ndorl\u00f3k \u00e9s menek\u00fcltek vil\u00e1gnapja - Stuttgarti Katolikusok","isPartOf":{"@id":"https:\/\/stuttgarti-katolikusok.de\/#website"},"primaryImageOfPage":{"@id":"https:\/\/stuttgarti-katolikusok.de\/index.php\/evkozi-26-vasarnap-elvandorlok-es-menekultek-vilagnapja-2\/#primaryimage"},"image":{"@id":"https:\/\/stuttgarti-katolikusok.de\/index.php\/evkozi-26-vasarnap-elvandorlok-es-menekultek-vilagnapja-2\/#primaryimage"},"thumbnailUrl":"https:\/\/stuttgarti-katolikusok.de\/wp-content\/uploads\/2024\/09\/osz28.jpg","datePublished":"2025-09-27T09:27:39+00:00","author":{"@id":"https:\/\/stuttgarti-katolikusok.de\/#\/schema\/person\/75908d6f8fdc03a57889d27209df7795"},"breadcrumb":{"@id":"https:\/\/stuttgarti-katolikusok.de\/index.php\/evkozi-26-vasarnap-elvandorlok-es-menekultek-vilagnapja-2\/#breadcrumb"},"inLanguage":"hu","potentialAction":[{"@type":"ReadAction","target":["https:\/\/stuttgarti-katolikusok.de\/index.php\/evkozi-26-vasarnap-elvandorlok-es-menekultek-vilagnapja-2\/"]}]},{"@type":"ImageObject","inLanguage":"hu","@id":"https:\/\/stuttgarti-katolikusok.de\/index.php\/evkozi-26-vasarnap-elvandorlok-es-menekultek-vilagnapja-2\/#primaryimage","url":"https:\/\/stuttgarti-katolikusok.de\/wp-content\/uploads\/2024\/09\/osz28.jpg","contentUrl":"https:\/\/stuttgarti-katolikusok.de\/wp-content\/uploads\/2024\/09\/osz28.jpg","width":1080,"height":1085},{"@type":"BreadcrumbList","@id":"https:\/\/stuttgarti-katolikusok.de\/index.php\/evkozi-26-vasarnap-elvandorlok-es-menekultek-vilagnapja-2\/#breadcrumb","itemListElement":[{"@type":"ListItem","position":1,"name":"Kezd\u0151lap","item":"https:\/\/stuttgarti-katolikusok.de\/"},{"@type":"ListItem","position":2,"name":"\u00c9vk\u00f6zi 26. vas\u00e1rnap \u2013 Elv\u00e1ndorl\u00f3k \u00e9s menek\u00fcltek vil\u00e1gnapja"}]},{"@type":"WebSite","@id":"https:\/\/stuttgarti-katolikusok.de\/#website","url":"https:\/\/stuttgarti-katolikusok.de\/","name":"Stuttgarti Katolikusok","description":"","potentialAction":[{"@type":"SearchAction","target":{"@type":"EntryPoint","urlTemplate":"https:\/\/stuttgarti-katolikusok.de\/?s={search_term_string}"},"query-input":{"@type":"PropertyValueSpecification","valueRequired":true,"valueName":"search_term_string"}}],"inLanguage":"hu"},{"@type":"Person","@id":"https:\/\/stuttgarti-katolikusok.de\/#\/schema\/person\/75908d6f8fdc03a57889d27209df7795","name":"Tibor atya","image":{"@type":"ImageObject","inLanguage":"hu","@id":"https:\/\/secure.gravatar.com\/avatar\/61d268e57d1f4525b111222e29d2d5a7f8c420fdbf231ba5566a8ceac74fa960?s=96&d=mm&r=g","url":"https:\/\/secure.gravatar.com\/avatar\/61d268e57d1f4525b111222e29d2d5a7f8c420fdbf231ba5566a8ceac74fa960?s=96&d=mm&r=g","contentUrl":"https:\/\/secure.gravatar.com\/avatar\/61d268e57d1f4525b111222e29d2d5a7f8c420fdbf231ba5566a8ceac74fa960?s=96&d=mm&r=g","caption":"Tibor atya"},"url":"https:\/\/stuttgarti-katolikusok.de\/index.php\/author\/tibor-atya\/"}]}},"_links":{"self":[{"href":"https:\/\/stuttgarti-katolikusok.de\/index.php\/wp-json\/wp\/v2\/posts\/31730","targetHints":{"allow":["GET"]}}],"collection":[{"href":"https:\/\/stuttgarti-katolikusok.de\/index.php\/wp-json\/wp\/v2\/posts"}],"about":[{"href":"https:\/\/stuttgarti-katolikusok.de\/index.php\/wp-json\/wp\/v2\/types\/post"}],"author":[{"embeddable":true,"href":"https:\/\/stuttgarti-katolikusok.de\/index.php\/wp-json\/wp\/v2\/users\/3"}],"replies":[{"embeddable":true,"href":"https:\/\/stuttgarti-katolikusok.de\/index.php\/wp-json\/wp\/v2\/comments?post=31730"}],"version-history":[{"count":1,"href":"https:\/\/stuttgarti-katolikusok.de\/index.php\/wp-json\/wp\/v2\/posts\/31730\/revisions"}],"predecessor-version":[{"id":31731,"href":"https:\/\/stuttgarti-katolikusok.de\/index.php\/wp-json\/wp\/v2\/posts\/31730\/revisions\/31731"}],"wp:featuredmedia":[{"embeddable":true,"href":"https:\/\/stuttgarti-katolikusok.de\/index.php\/wp-json\/wp\/v2\/media\/29430"}],"wp:attachment":[{"href":"https:\/\/stuttgarti-katolikusok.de\/index.php\/wp-json\/wp\/v2\/media?parent=31730"}],"wp:term":[{"taxonomy":"category","embeddable":true,"href":"https:\/\/stuttgarti-katolikusok.de\/index.php\/wp-json\/wp\/v2\/categories?post=31730"},{"taxonomy":"post_tag","embeddable":true,"href":"https:\/\/stuttgarti-katolikusok.de\/index.php\/wp-json\/wp\/v2\/tags?post=31730"}],"curies":[{"name":"wp","href":"https:\/\/api.w.org\/{rel}","templated":true}]}}