{"id":31694,"date":"2025-09-21T10:32:47","date_gmt":"2025-09-21T08:32:47","guid":{"rendered":"https:\/\/stuttgarti-katolikusok.de\/?p=31694"},"modified":"2025-09-21T10:33:27","modified_gmt":"2025-09-21T08:33:27","slug":"evkozi-25-vasarnap-3","status":"publish","type":"post","link":"https:\/\/stuttgarti-katolikusok.de\/index.php\/evkozi-25-vasarnap-3\/","title":{"rendered":"\u00c9vk\u00f6zi 25. vas\u00e1rnap"},"content":{"rendered":"<p><em><span style=\"color: #ff6600;\">Az \u00e9vk\u00f6zi 25. vas\u00e1rnap olvasm\u00e1nyainak egy\u00e9rtelm\u0171 \u00fczenete: okosan kell felhaszn\u00e1lnunk a rendelkez\u00e9s\u00fcnkre \u00e1ll\u00f3 f\u00f6ldi javakat. Eszk\u00f6z\u00f6k, nem pedig v\u00e9gs\u0151 c\u00e9lunk! A mai globaliz\u00e1lt vil\u00e1gunkban k\u00fcl\u00f6n\u00f6sen is fontos ennek az igazs\u00e1gnak kimond\u00e1sa. Mennyire j\u00f3 lenne, ha ezen igazs\u00e1g szem\u00fcveg\u00e9n kereszt\u00fcl szeml\u00e9ln\u00e9m vil\u00e1gunkat. Ne feledjem, a gazdags\u00e1g lehet a j\u00f3t\u00e9konys\u00e1g forr\u00e1sa. Sok embert \u00e1ldottak m\u00e1r az\u00e9rt, mert szerette \u00e9s seg\u00edtette a szeg\u00e9nyeket, aki \u00f6r\u00f6m\u00e9t lelte abban, hogy, hogy m\u00e1sokkal \u00f6nzetlen\u00fcl j\u00f3t tegyen.<\/span><\/em><\/p>\n<p><em><span style=\"color: #ff6600;\">Az olvasm\u00e1nyban \u00c1mosz pr\u00f3f\u00e9ta felemeli hangj\u00e1t, s egyben sz\u00f3v\u00e1 teszi azokat az igazs\u00e1gtalans\u00e1gokat, amelyek megtapasztal. Azt is mondhatjuk vele kapcsolatosan, hogy a szoci\u00e1lis igazs\u00e1goss\u00e1g k\u00e9pvisel\u0151je \u0151 abban a korban. Ennek p\u00e1rhuzamak\u00e9nt elmondhatjuk, hogy a magunk csendes, de ugyanakkor hat\u00e1rozott jelenl\u00e9t\u00e9vel mi magunk is lehet\u00fcnk ennek az igazs\u00e1gnak \u00e9s felismer\u00e9snek hiteles k\u00e9pvisel\u0151i.<\/span><\/em><\/p>\n<p><em><span style=\"color: #ff6600;\">A szentleck\u00e9ben ism\u00e9telten P\u00e1l apostol lelki gyermek\u00e9hez, Tim\u00f3teushoz int\u00e9zett j\u00f3 tan\u00e1csaib\u00f3l hallhatunk egy nagyot fontosat. Az im\u00e1ds\u00e1g fontoss\u00e1g\u00e1ra \u00e9s annak egyetemes jelleg\u00e9re h\u00edvja fel Tim\u00f3teus figyelm\u00e9t. Az im\u00e1ds\u00e1g \u00e9s a benne rejl\u0151 er\u0151! Ad\u00f3dik a k\u00e9rd\u00e9s: Hiszek a kitart\u00f3 ima erej\u00e9ben? Mi az \u00e9n im\u00e1ds\u00e1gomnak a tartalma? S persze m\u00e9g nagyon sok k\u00e9rd\u00e9s van, ami mind ehhez kapcsol\u00f3dik. Gondolkodjam rajta!<\/span><\/em><\/p>\n<p><em><span style=\"color: #ff6600;\">Az evang\u00e9liumban a okos, de h\u0171tlen int\u00e9z\u0151r\u0151l hallhatunk. Ma azt mondan\u00e1k, gazdas\u00e1gi igazgat\u00f3k\u00e9nt a r\u00e1b\u00edzott vagyont egy\u00e9ni szempontjainak \u00e9rv\u00e9nyes\u00edt\u00e9s\u00e9re haszn\u00e1lja fel. Ett\u0151l sokkal s\u00falyosabb a helyzet magam meg\u00edt\u00e9l\u00e9s\u00e9ben. Vissza\u00e9l megb\u00edz\u00f3j\u00e1nak, gazd\u00e1j\u00e1nak bizalm\u00e1val. A k\u00f6z javait saj\u00e1t karrier\u00e9p\u00edt\u00e9sre haszn\u00e1lja fel. B\u00e1r sokf\u00e9le \u00e9rtelmez\u00e9se van ennek a p\u00e9ldabesz\u00e9dnek, \u00e9n csup\u00e1n egy szempontot emeln\u00e9k ki. A megaj\u00e1nd\u00e9kozott bizalommal semmilyen k\u00f6r\u00fclm\u00e9nyek k\u00f6z\u00f6tt nem szabad vissza\u00e9lni.\u00a0<\/span><\/em><\/p>\n<p><span style=\"color: #008000;\">Kezd\u0151\u00e9nek:<\/span><br \/>\nN\u00e9pem \u00fcdv\u00f6ss\u00e9ge \u00e9n vagyok &#8211; mondja az \u00dar. B\u00e1rmilyen nyomor\u00fas\u00e1gb\u00f3l ki\u00e1ltsanak is hozz\u00e1m, meghallgatom \u0151ket, \u00e9s Uruk leszek mind\u00f6r\u00f6kre.<\/p>\n<p><span style=\"color: #008000;\">K\u00f6ny\u00f6rg\u00e9s:<\/span><br \/>\nIsten\u00fcnk, te szent t\u00f6rv\u00e9nyedet az isten- \u00e9s emberszeretet parancs\u00e1ban foglaltad \u00f6ssze. Add, hogy parancsaidat megtartva eljussunk az \u00f6r\u00f6k \u00e9letre. A mi Urunk, J\u00e9zus Krisztus, a te Fiad \u00e1ltal, aki veled \u00e9l \u00e9s uralkodik a Szentl\u00e9lekkel egys\u00e9gben, Isten mind\u00f6r\u00f6kk\u00f6n \u00f6r\u00f6kk\u00e9.<\/p>\n<p><span style=\"color: #008000;\">OLVASM\u00c1NY \u00c1mosz pr\u00f3f\u00e9ta k\u00f6nyv\u00e9b\u0151l (\u00c1m 8,4-7)<\/span><br \/>\n<em>A pr\u00f3f\u00e9ta ostorozza a szeg\u00e9nyekkel szemben elk\u00f6vetett sz\u00edvtelens\u00e9get.<\/em><br \/>\nHallj\u00e1tok, ti, akik eltiporj\u00e1tok a szeg\u00e9nyt, \u00e9s szorongatj\u00e1tok az orsz\u00e1gban a sz\u0171k\u00f6lk\u00f6d\u0151ket! Azt mondj\u00e1tok: \u201eMikor m\u00falik el az \u00fajhold, hogy eladhassuk a b\u00faz\u00e1nkat? A szombat, hogy \u00e1rulhassuk gabon\u00e1nkat? Cs\u00f6kkentj\u00fck a m\u00e9rt\u00e9ket, n\u00f6velj\u00fck a s\u00e9kelt, meghamis\u00edtjuk a m\u00e9rleget, hogy megvehess\u00fck p\u00e9nz\u00e9rt a szeg\u00e9nyt, egy p\u00e1r saru\u00e9rt a sz\u0171k\u00f6lk\u00f6d\u0151t, \u00e9s eladhassuk a gabona ocs\u00faj\u00e1t.\u201d Ez\u00e9rt megesk\u00fcd\u00f6tt az \u00dar arra, aki J\u00e1kob b\u00fcszkes\u00e9ge: \u201eSose felejtem el egyetlen tett\u00fcket sem!\u201d<br \/>\nEz az Isten ig\u00e9je.<\/p>\n<p><span style=\"color: #008000;\">V\u00c1LASZOS ZSOLT\u00c1R (Zsolt 112,1-2.4-6.7-8)<\/span><br \/>\nV\u00e1lasz:\u00a0<strong>Dics\u00e9rj\u00e9tek az Urat, * aki a szeg\u00e9nyt f\u00f6lemeli.<\/strong>\u00a0V\u00f6. 1a \u00e9s 7b (2. t\u00f3nus)<br \/>\nVagy:\u00a0<strong>Alleluja, alleluja, alleluja.<\/strong>\u00a02. sz\u00e1m.<br \/>\nEl\u0151\u00e9nekes: Dics\u00e9rj\u00e9tek az Urat, ti, szolg\u00e1i, * dics\u00e9rj\u00e9tek az \u00dar nev\u00e9t.<br \/>\nLegyen \u00e1ldott az \u00dar neve, * most \u00e9s mind\u00f6r\u00f6kk\u00e9.<br \/>\nH\u00edvek: Dics\u00e9rj\u00e9tek az Urat, * aki a szeg\u00e9nyt f\u00f6lemeli.<br \/>\nE: F\u00f6ls\u00e9ges az \u00dar minden n\u00e9p f\u00f6l\u00f6tt, * dics\u0151s\u00e9ge magasabb az egekn\u00e9l.<br \/>\nKi olyan, mint a mi Isten\u00fcnk, \u2020 aki a magass\u00e1gban tr\u00f3nol, * lehajol, hogy letekintsen az \u00e9gre \u00e9s a f\u00f6ldre.<br \/>\nH: Dics\u00e9rj\u00e9tek az Urat, * aki a szeg\u00e9nyt f\u00f6lemeli.<br \/>\nE: A gyeng\u00e9t mag\u00e1hoz vonja a porb\u00f3l, * a s\u00e1rb\u00f3l a szeg\u00e9nyt f\u00f6lemeli.<br \/>\nHogy fejedelmek k\u00f6z\u00f6tt adjon helyet n\u00e9ki, * n\u00e9p\u00e9nek nagyjai mellett.<br \/>\nH: Dics\u00e9rj\u00e9tek az Urat, * aki a szeg\u00e9nyt f\u00f6lemeli.<\/p>\n<p><span style=\"color: #008000;\">SZENTLECKE Szent P\u00e1l apostolnak a Tim\u00f3teushoz \u00edrt els\u0151 level\u00e9b\u0151l (1Tim 2,1-8)<\/span><br \/>\n<em>K\u00f6ny\u00f6r\u00f6gjetek minden ember\u00e9rt Istenhez, aki azt akarja, hogy mindenki \u00fcdv\u00f6z\u00fclj\u00f6n!<\/em><br \/>\nSzeretett Fiam!<br \/>\nMindenekel\u0151tt arra k\u00e9rlek, v\u00e9gezzetek im\u00e1t, k\u00f6ny\u00f6rg\u00e9st, esedez\u00e9st \u00e9s h\u00e1laad\u00e1st minden ember\u00e9rt, a kir\u00e1lyok\u00e9rt \u00e9s az \u00f6sszes el\u00f6lj\u00e1r\u00f3k\u00e9rt, hogy b\u00e9k\u00e9s, nyugodt \u00e9letet \u00e9lhess\u00fcnk, szents\u00e9gben \u00e9s tisztess\u00e9gben. Ez j\u00f3 \u00e9s kedves \u00fcdv\u00f6z\u00edt\u0151 Isten\u00fcnk szem\u00e9ben, aki azt akarja, hogy minden ember \u00fcdv\u00f6z\u00fclj\u00f6n \u00e9s eljusson az igazs\u00e1g ismeret\u00e9re.<br \/>\nHiszen egy az Isten, s egy a k\u00f6zvet\u00edt\u0151 Isten \u00e9s ember k\u00f6z\u00f6tt: az ember Krisztus J\u00e9zus, aki v\u00e1lts\u00e1gul adta mag\u00e1t mindenki\u00e9rt, \u00e9s tan\u00fas\u00e1got tett a meghat\u00e1rozott id\u0151ben. Ez\u00e9rt kaptam a k\u00fcldet\u00e9st, hogy h\u00edrn\u00f6k \u00e9s apostol legyek \u2013 igazat mondok, nem hazudom \u2013, a pog\u00e1nyok tan\u00edt\u00f3ja hitre \u00e9s igazs\u00e1gra. Azt k\u00edv\u00e1nom teh\u00e1t, hogy a f\u00e9rfiak minden\u00fctt tiszta l\u00e9lekkel emelj\u00e9k im\u00e1ra kez\u00fcket, ne haragos \u00e9s visz\u00e1lykod\u00f3 \u00e9rz\u00fclettel.<br \/>\nEz az Isten ig\u00e9je.<\/p>\n<p>ALLELUJA<br \/>\nJ\u00e9zus Krisztus \u2013 b\u00e1r gazdag volt \u2013 szeg\u00e9nny\u00e9 lett \u00e9rtetek, * hogy szeg\u00e9nys\u00e9ge \u00e1ltal gazdagg\u00e1 legyetek. 2Kor 8,9 \u2013 5. t\u00f3nus.<\/p>\n<p><span style=\"color: #008000;\"><em>Hosszabb forma:<\/em><\/span><br \/>\n<span style=\"color: #008000;\">\u2020 EVANG\u00c9LIUM Szent Luk\u00e1cs k\u00f6nyv\u00e9b\u0151l (Lk 16,1-13)<\/span><br \/>\n<em>Okosan haszn\u00e1ljuk fel a r\u00e1nk b\u00edzott javakat!<\/em><br \/>\nAbban az id\u0151ben J\u00e9zus ezt a p\u00e9ldabesz\u00e9det mondta tan\u00edtv\u00e1nyainak:<br \/>\n\u201eEgy gazdag ember el\u0151tt bev\u00e1dolt\u00e1k int\u00e9z\u0151j\u00e9t, hogy elt\u00e9kozolja ura vagyon\u00e1t. Erre \u0151 mag\u00e1hoz h\u00edvatta \u00e9s \u00edgy sz\u00f3lt hozz\u00e1: \u00bbMit hallok r\u00f3lad? Adj sz\u00e1mot gazd\u00e1lkod\u00e1sodr\u00f3l, mert nem maradhatsz tov\u00e1bb int\u00e9z\u0151m.\u00ab<br \/>\nAz int\u00e9z\u0151 \u00edgy gondolkodott mag\u00e1ban: \u00bbMit\u00e9v\u0151 legyek, ha Uram elveszi t\u0151lem az int\u00e9z\u0151s\u00e9get? Kap\u00e1lni nem tudok, koldulni sz\u00e9gyellek. Tudom m\u00e1r, mit teszek, hogy befogadjanak az emberek h\u00e1zukba, ha gazd\u00e1m elmozd\u00edt az int\u00e9z\u0151s\u00e9gb\u0151l.\u00ab Egyenk\u00e9nt mag\u00e1hoz h\u00edvatta teh\u00e1t ur\u00e1nak ad\u00f3sait. Megk\u00e9rdezte az els\u0151t: \u00bbMennyivel tartozol uramnak?\u00ab Azt felelte: \u00bbSz\u00e1z kors\u00f3 olajjal.\u00ab Erre azt mondta neki: \u00bbVedd el\u0151 ad\u00f3sleveledet, \u00fclj le hamar, \u00e9s \u00edrj \u00f6tvenet.\u00ab Azt\u00e1n megk\u00e9rdezett egy m\u00e1sikat: \u00bbTe mennyivel tartozol?\u00ab \u00bbSz\u00e1z v\u00e9ka b\u00faz\u00e1val\u00ab \u2013 hangzott a v\u00e1lasz. \u00bbFogd ad\u00f3sleveledet \u2013 mondta neki \u2013, \u00e9s \u00edrj nyolcvanat.\u00ab<br \/>\nAz \u00far dics\u00e9rte a h\u0171tlen int\u00e9z\u0151t, hogy okosan j\u00e1rt el. Bizony, a vil\u00e1g fiai a maguk m\u00f3dj\u00e1n okosabbak a vil\u00e1goss\u00e1g fiain\u00e1l. Mondom teh\u00e1t nektek: Szerezzetek magatoknak bar\u00e1tokat a hamis mammonb\u00f3l, hogy amikor meghaltok, befogadjanak titeket az \u00f6r\u00f6k hajl\u00e9kokba.<\/p>\n<p><span style=\"color: #008000;\"><em>Vagy r\u00f6videbb forma a *-t\u00f3l Lk 16,10-13<\/em><\/span><br \/>\n* (Abban az id\u0151ben J\u00e9zus ezeket mondta tan\u00edtv\u00e1nyainak:)<br \/>\nAki a kicsiben h\u0171, az a nagyban is h\u0171. Aki pedig h\u0171tlen a kicsiben, az a nagyban is h\u0171tlen. Ha teh\u00e1t a hamis mammonban nem voltatok h\u0171s\u00e9gesek, ki b\u00edzza r\u00e1tok az igazi \u00e9rt\u00e9ket? \u00c9s ha a m\u00e1s\u00e9ban nem voltatok h\u0171ek, ki adja oda nektek a ti\u00e9teket?<br \/>\nEgy szolga sem szolg\u00e1lhat k\u00e9t \u00farnak. Mert vagy az egyiket gy\u0171l\u00f6li, \u00e9s a m\u00e1sikat szereti, vagy: ragaszkodik az egyikhez, \u00e9s a m\u00e1sikat megveti. Nem szolg\u00e1lhattok Istennek \u00e9s a mammonnak.\u201d<br \/>\nEzek az evang\u00e9lium ig\u00e9i.<\/p>\n<p><span style=\"color: #008000;\">EGYETEMES K\u00d6NY\u00d6RG\u00c9SEK<\/span><br \/>\nPap: K\u00e9rj\u00fck, testv\u00e9reim, Urunkat, a mindenhat\u00f3 Istent, hogy okos \u00e9s h\u0171s\u00e9ges szolg\u00e1inak bizonyuljunk!<br \/>\nLektor: 1. Seg\u00edtsd Egyh\u00e1zadat, hogy a r\u00e1b\u00edzott szent titkoknak h\u0171s\u00e9ges kezel\u0151je legyen!<br \/>\nH\u00edvek: K\u00e9r\u00fcnk t\u00e9ged, hallgass meg minket!<br \/>\n2. Vil\u00e1gos\u00edtsd meg a n\u00e9pek vezet\u0151it, hogy a k\u00f6zhatalmat igazs\u00e1gosan \u00e9s szeretettel gyakorolj\u00e1k!<br \/>\nH\u00edvek: K\u00e9r\u00fcnk t\u00e9ged . . .<br \/>\n3. Seg\u00edts mindny\u00e1junkat, hogy f\u00f6ldi javainkb\u00f3l sok j\u00f3t tehess\u00fcnk embert\u00e1rsainkkal!<br \/>\nH\u00edvek: K\u00e9r\u00fcnk t\u00e9ged . . .<br \/>\n4. Add, hogy a fiatalok a j\u00f3 \u00fcgy szolg\u00e1lat\u00e1ba \u00e1ll\u00edts\u00e1k test\u00fck erej\u00e9t \u00e9s lelk\u00fck tehets\u00e9g\u00e9t!<br \/>\nH\u00edvek: K\u00e9r\u00fcnk t\u00e9ged . . .<br \/>\n5. Egyh\u00e1zk\u00f6zs\u00e9g\u00fcnk elhunyt h\u00edveit fogadd be \u00f6r\u00f6k hajl\u00e9kodba!<br \/>\nH\u00edvek: K\u00e9r\u00fcnk t\u00e9ged . . .<br \/>\nPap: Urunk, Isten\u00fcnk! Te szolg\u00e1latodba fogadt\u00e1l minket, \u00e9s nagy \u00e9rt\u00e9ket b\u00edzt\u00e1l r\u00e1nk. Add, hogy eg\u00e9sz sz\u00edvvel szolg\u00e1ljunk neked, \u00e9s a r\u00e1nk b\u00edzott javakat a te szent terveid szerint haszn\u00e1ljuk! Krisztus, a mi Urunk \u00e1ltal.<br \/>\nH\u00edvek: \u00c1men.<\/p>\n<p><span style=\"color: #008000;\">Felaj\u00e1nl\u00f3 k\u00f6ny\u00f6rg\u00e9s:<\/span><br \/>\nIsten\u00fcnk, fogadd kegyesen n\u00e9ped adom\u00e1nyait, hogy az \u00fcdv\u00f6ss\u00e9get, amelyet buzg\u00f3 hittel vallunk, a szent \u00e1ldozat erej\u00e9b\u0151l elnyerj\u00fck. Krisztus, a mi Urunk \u00e1ltal.<\/p>\n<p><span style=\"color: #008000;\">Pref\u00e1ci\u00f3:<\/span><br \/>\nMert val\u00f3ban m\u00e9lt\u00f3 \u00e9s igazs\u00e1gos, ill\u0151 \u00e9s \u00fcdv\u00f6s, hogy mindig \u00e9s minden\u00fctt h\u00e1l\u00e1t adjunk n\u00e9ked, mi Urunk, szents\u00e9ges Aty\u00e1nk, mindenhat\u00f3, \u00f6r\u00f6k Isten: Krisztus, a mi Urunk \u00e1ltal.<br \/>\nAz \u0151 csod\u00e1latos m\u0171ve volt, hogy a h\u00fasv\u00e9t szent titka \u00e1ltal a b\u0171nb\u0151l \u00e9s a hal\u00e1l ig\u00e1j\u00e1b\u00f3l arra a dics\u0151s\u00e9gre h\u00edvott meg minket, mely \u00e1ltal v\u00e1lasztott n\u00e9p, kir\u00e1lyi paps\u00e1g, szent nemzet \u00e9s a te megv\u00e1ltott n\u00e9ped lett\u00fcnk.<br \/>\n\u00cdgy minden\u00fctt hirdetj\u00fck hatalmas m\u0171vedet, hogy a s\u00f6t\u00e9ts\u00e9gb\u0151l csod\u00e1latos vil\u00e1goss\u00e1godra h\u00edvt\u00e1l meg minket.<br \/>\n\u00c9s ez\u00e9rt mi is, mik\u00e9nt az angyalok \u00e9s f\u0151angyalok, a tr\u00f3nod k\u00f6r\u00fcl \u00e1ll\u00f3 hatalmas \u00e9gi szellemek, \u00e9s minden seregek a mennyben, a te dics\u0151s\u00e9ged himnusz\u00e1t zengj\u00fck, \u00e9s vel\u00fck egy\u00fctt v\u00e9g n\u00e9lk\u00fcl \u00e9nekelj\u00fck:<\/p>\n<p><span style=\"color: #008000;\">\u00c1ldoz\u00e1si \u00e9nek:<\/span><br \/>\nTe azt rendelted, hogy gondosan megtartsuk parancsaidat. B\u00e1r arra ir\u00e1nyuln\u00e1nak \u00fatjaim, hogy megtartsam rendelkez\u00e9seidet. (Zsolt 118,4-5)<br \/>\n<span style=\"color: #008000;\"><em>Vagy<\/em><\/span><br \/>\n\u00c9n vagyok a j\u00f3 P\u00e1sztor &#8211; mondja az \u00dar -, ismerem eny\u00e9imet, \u00e9s eny\u00e9im is ismernek engem. (Jn 10,14)<\/p>\n<p><span style=\"color: #008000;\">\u00c1ldoz\u00e1s ut\u00e1ni k\u00f6ny\u00f6rg\u00e9s:<\/span><br \/>\nSzents\u00e9geiddel er\u0151s\u00edtesz minket, Urunk, Isten\u00fcnk. T\u00e1mogass j\u00f3s\u00e1gosan \u00e1lland\u00f3 seg\u00edts\u00e9geddel, hogy megv\u00e1lt\u00e1sunk kegyelm\u00e9t ezekben a miszt\u00e9riumokban, \u00e9s kereszt\u00e9ny \u00e9let\u00fcnkben is elnyerj\u00fck. Krisztus, a mi Urunk \u00e1ltal.<\/p>\n","protected":false},"excerpt":{"rendered":"<p>Az \u00e9vk\u00f6zi 25. vas\u00e1rnap olvasm\u00e1nyainak egy\u00e9rtelm\u0171 \u00fczenete: okosan kell felhaszn\u00e1lnunk a rendelkez\u00e9s\u00fcnkre \u00e1ll\u00f3 f\u00f6ldi javakat. Eszk\u00f6z\u00f6k, nem pedig v\u00e9gs\u0151 c\u00e9lunk! A mai globaliz\u00e1lt vil\u00e1gunkban k\u00fcl\u00f6n\u00f6sen is fontos ennek az igazs\u00e1gnak kimond\u00e1sa. Mennyire j\u00f3 lenne, ha ezen igazs\u00e1g szem\u00fcveg\u00e9n kereszt\u00fcl szeml\u00e9ln\u00e9m vil\u00e1gunkat. Ne feledjem, a gazdags\u00e1g lehet a j\u00f3t\u00e9konys\u00e1g forr\u00e1sa. Sok embert \u00e1ldottak m\u00e1r az\u00e9rt, mert szerette \u00e9s seg\u00edtette a szeg\u00e9nyeket, aki \u00f6r\u00f6m\u00e9t lelte abban, hogy, hogy m\u00e1sokkal \u00f6nzetlen\u00fcl j\u00f3t tegyen. Az olvasm\u00e1nyban \u00c1mosz pr\u00f3f\u00e9ta felemeli hangj\u00e1t, s egyben sz\u00f3v\u00e1 teszi azokat az igazs\u00e1gtalans\u00e1gokat, amelyek megtapasztal. Azt is mondhatjuk vele kapcsolatosan, hogy a szoci\u00e1lis igazs\u00e1goss\u00e1g k\u00e9pvisel\u0151je \u0151 abban a korban. Ennek p\u00e1rhuzamak\u00e9nt elmondhatjuk, hogy a magunk csendes, de ugyanakkor hat\u00e1rozott jelenl\u00e9t\u00e9vel mi magunk is lehet\u00fcnk ennek az igazs\u00e1gnak \u00e9s felismer\u00e9snek hiteles k\u00e9pvisel\u0151i. A szentleck\u00e9ben ism\u00e9telten P\u00e1l apostol lelki gyermek\u00e9hez, Tim\u00f3teushoz int\u00e9zett j\u00f3 tan\u00e1csaib\u00f3l hallhatunk egy nagyot fontosat. Az im\u00e1ds\u00e1g fontoss\u00e1g\u00e1ra \u00e9s annak egyetemes jelleg\u00e9re h\u00edvja fel Tim\u00f3teus figyelm\u00e9t. Az im\u00e1ds\u00e1g \u00e9s a benne rejl\u0151 er\u0151! Ad\u00f3dik a k\u00e9rd\u00e9s: Hiszek a kitart\u00f3 ima erej\u00e9ben? Mi az \u00e9n im\u00e1ds\u00e1gomnak a tartalma? S persze m\u00e9g nagyon sok k\u00e9rd\u00e9s van, ami mind ehhez kapcsol\u00f3dik. Gondolkodjam rajta! Az evang\u00e9liumban a okos, de h\u0171tlen int\u00e9z\u0151r\u0151l hallhatunk. Ma azt mondan\u00e1k, gazdas\u00e1gi igazgat\u00f3k\u00e9nt a r\u00e1b\u00edzott vagyont egy\u00e9ni szempontjainak \u00e9rv\u00e9nyes\u00edt\u00e9s\u00e9re haszn\u00e1lja fel. Ett\u0151l sokkal s\u00falyosabb a helyzet magam meg\u00edt\u00e9l\u00e9s\u00e9ben. Vissza\u00e9l megb\u00edz\u00f3j\u00e1nak, gazd\u00e1j\u00e1nak bizalm\u00e1val. A k\u00f6z javait saj\u00e1t karrier\u00e9p\u00edt\u00e9sre haszn\u00e1lja fel. B\u00e1r sokf\u00e9le \u00e9rtelmez\u00e9se van ennek a p\u00e9ldabesz\u00e9dnek, \u00e9n csup\u00e1n egy szempontot emeln\u00e9k ki. A megaj\u00e1nd\u00e9kozott bizalommal semmilyen k\u00f6r\u00fclm\u00e9nyek k\u00f6z\u00f6tt nem szabad vissza\u00e9lni.\u00a0 Kezd\u0151\u00e9nek: N\u00e9pem \u00fcdv\u00f6ss\u00e9ge \u00e9n vagyok &#8211; mondja az \u00dar. B\u00e1rmilyen nyomor\u00fas\u00e1gb\u00f3l ki\u00e1ltsanak is hozz\u00e1m, meghallgatom \u0151ket, \u00e9s Uruk leszek mind\u00f6r\u00f6kre. K\u00f6ny\u00f6rg\u00e9s: Isten\u00fcnk, te szent t\u00f6rv\u00e9nyedet az isten- \u00e9s emberszeretet parancs\u00e1ban foglaltad \u00f6ssze. Add, hogy parancsaidat megtartva eljussunk az \u00f6r\u00f6k \u00e9letre. A mi Urunk, J\u00e9zus Krisztus, a te Fiad \u00e1ltal, aki veled \u00e9l \u00e9s uralkodik a Szentl\u00e9lekkel egys\u00e9gben, Isten&#8230; <\/p>\n<p><a class=\"readmore\" href=\"https:\/\/stuttgarti-katolikusok.de\/index.php\/evkozi-25-vasarnap-3\/\">R\u00e9szletek<\/a><\/p>\n","protected":false},"author":3,"featured_media":23590,"comment_status":"closed","ping_status":"closed","sticky":false,"template":"","format":"standard","meta":{"footnotes":""},"categories":[85,63],"tags":[],"class_list":["post-31694","post","type-post","status-publish","format-standard","has-post-thumbnail","hentry","category-a-liturgia-olvasmanyai","category-vasarnapi-gondolatok"],"yoast_head":"<!-- This site is optimized with the Yoast SEO plugin v27.3 - https:\/\/yoast.com\/product\/yoast-seo-wordpress\/ -->\n<title>\u00c9vk\u00f6zi 25. vas\u00e1rnap - Stuttgarti Katolikusok<\/title>\n<meta name=\"robots\" content=\"index, follow, max-snippet:-1, max-image-preview:large, max-video-preview:-1\" \/>\n<link rel=\"canonical\" href=\"https:\/\/stuttgarti-katolikusok.de\/index.php\/evkozi-25-vasarnap-3\/\" \/>\n<meta property=\"og:locale\" content=\"hu_HU\" \/>\n<meta property=\"og:type\" content=\"article\" \/>\n<meta property=\"og:title\" content=\"\u00c9vk\u00f6zi 25. vas\u00e1rnap - Stuttgarti Katolikusok\" \/>\n<meta property=\"og:description\" content=\"Az \u00e9vk\u00f6zi 25. vas\u00e1rnap olvasm\u00e1nyainak egy\u00e9rtelm\u0171 \u00fczenete: okosan kell felhaszn\u00e1lnunk a rendelkez\u00e9s\u00fcnkre \u00e1ll\u00f3 f\u00f6ldi javakat. Eszk\u00f6z\u00f6k, nem pedig v\u00e9gs\u0151 c\u00e9lunk! A mai globaliz\u00e1lt vil\u00e1gunkban k\u00fcl\u00f6n\u00f6sen is fontos ennek az igazs\u00e1gnak kimond\u00e1sa. Mennyire j\u00f3 lenne, ha ezen igazs\u00e1g szem\u00fcveg\u00e9n kereszt\u00fcl szeml\u00e9ln\u00e9m vil\u00e1gunkat. Ne feledjem, a gazdags\u00e1g lehet a j\u00f3t\u00e9konys\u00e1g forr\u00e1sa. Sok embert \u00e1ldottak m\u00e1r az\u00e9rt, mert szerette \u00e9s seg\u00edtette a szeg\u00e9nyeket, aki \u00f6r\u00f6m\u00e9t lelte abban, hogy, hogy m\u00e1sokkal \u00f6nzetlen\u00fcl j\u00f3t tegyen. Az olvasm\u00e1nyban \u00c1mosz pr\u00f3f\u00e9ta felemeli hangj\u00e1t, s egyben sz\u00f3v\u00e1 teszi azokat az igazs\u00e1gtalans\u00e1gokat, amelyek megtapasztal. Azt is mondhatjuk vele kapcsolatosan, hogy a szoci\u00e1lis igazs\u00e1goss\u00e1g k\u00e9pvisel\u0151je \u0151 abban a korban. Ennek p\u00e1rhuzamak\u00e9nt elmondhatjuk, hogy a magunk csendes, de ugyanakkor hat\u00e1rozott jelenl\u00e9t\u00e9vel mi magunk is lehet\u00fcnk ennek az igazs\u00e1gnak \u00e9s felismer\u00e9snek hiteles k\u00e9pvisel\u0151i. A szentleck\u00e9ben ism\u00e9telten P\u00e1l apostol lelki gyermek\u00e9hez, Tim\u00f3teushoz int\u00e9zett j\u00f3 tan\u00e1csaib\u00f3l hallhatunk egy nagyot fontosat. Az im\u00e1ds\u00e1g fontoss\u00e1g\u00e1ra \u00e9s annak egyetemes jelleg\u00e9re h\u00edvja fel Tim\u00f3teus figyelm\u00e9t. Az im\u00e1ds\u00e1g \u00e9s a benne rejl\u0151 er\u0151! Ad\u00f3dik a k\u00e9rd\u00e9s: Hiszek a kitart\u00f3 ima erej\u00e9ben? Mi az \u00e9n im\u00e1ds\u00e1gomnak a tartalma? S persze m\u00e9g nagyon sok k\u00e9rd\u00e9s van, ami mind ehhez kapcsol\u00f3dik. Gondolkodjam rajta! Az evang\u00e9liumban a okos, de h\u0171tlen int\u00e9z\u0151r\u0151l hallhatunk. Ma azt mondan\u00e1k, gazdas\u00e1gi igazgat\u00f3k\u00e9nt a r\u00e1b\u00edzott vagyont egy\u00e9ni szempontjainak \u00e9rv\u00e9nyes\u00edt\u00e9s\u00e9re haszn\u00e1lja fel. Ett\u0151l sokkal s\u00falyosabb a helyzet magam meg\u00edt\u00e9l\u00e9s\u00e9ben. Vissza\u00e9l megb\u00edz\u00f3j\u00e1nak, gazd\u00e1j\u00e1nak bizalm\u00e1val. A k\u00f6z javait saj\u00e1t karrier\u00e9p\u00edt\u00e9sre haszn\u00e1lja fel. B\u00e1r sokf\u00e9le \u00e9rtelmez\u00e9se van ennek a p\u00e9ldabesz\u00e9dnek, \u00e9n csup\u00e1n egy szempontot emeln\u00e9k ki. A megaj\u00e1nd\u00e9kozott bizalommal semmilyen k\u00f6r\u00fclm\u00e9nyek k\u00f6z\u00f6tt nem szabad vissza\u00e9lni.\u00a0 Kezd\u0151\u00e9nek: N\u00e9pem \u00fcdv\u00f6ss\u00e9ge \u00e9n vagyok &#8211; mondja az \u00dar. B\u00e1rmilyen nyomor\u00fas\u00e1gb\u00f3l ki\u00e1ltsanak is hozz\u00e1m, meghallgatom \u0151ket, \u00e9s Uruk leszek mind\u00f6r\u00f6kre. K\u00f6ny\u00f6rg\u00e9s: Isten\u00fcnk, te szent t\u00f6rv\u00e9nyedet az isten- \u00e9s emberszeretet parancs\u00e1ban foglaltad \u00f6ssze. Add, hogy parancsaidat megtartva eljussunk az \u00f6r\u00f6k \u00e9letre. A mi Urunk, J\u00e9zus Krisztus, a te Fiad \u00e1ltal, aki veled \u00e9l \u00e9s uralkodik a Szentl\u00e9lekkel egys\u00e9gben, Isten... R\u00e9szletek\" \/>\n<meta property=\"og:url\" content=\"https:\/\/stuttgarti-katolikusok.de\/index.php\/evkozi-25-vasarnap-3\/\" \/>\n<meta property=\"og:site_name\" content=\"Stuttgarti Katolikusok\" \/>\n<meta property=\"article:published_time\" content=\"2025-09-21T08:32:47+00:00\" \/>\n<meta property=\"article:modified_time\" content=\"2025-09-21T08:33:27+00:00\" \/>\n<meta property=\"og:image\" content=\"https:\/\/stuttgarti-katolikusok.de\/wp-content\/uploads\/2022\/09\/road-1072823-1280.jpg\" \/>\n\t<meta property=\"og:image:width\" content=\"1280\" \/>\n\t<meta property=\"og:image:height\" content=\"747\" \/>\n\t<meta property=\"og:image:type\" content=\"image\/jpeg\" \/>\n<meta name=\"author\" content=\"Tibor atya\" \/>\n<meta name=\"twitter:card\" content=\"summary_large_image\" \/>\n<meta name=\"twitter:label1\" content=\"Szerz\u0151:\" \/>\n\t<meta name=\"twitter:data1\" content=\"Tibor atya\" \/>\n\t<meta name=\"twitter:label2\" content=\"Becs\u00fclt olvas\u00e1si id\u0151\" \/>\n\t<meta name=\"twitter:data2\" content=\"8 perc\" \/>\n<script type=\"application\/ld+json\" class=\"yoast-schema-graph\">{\"@context\":\"https:\\\/\\\/schema.org\",\"@graph\":[{\"@type\":\"Article\",\"@id\":\"https:\\\/\\\/stuttgarti-katolikusok.de\\\/index.php\\\/evkozi-25-vasarnap-3\\\/#article\",\"isPartOf\":{\"@id\":\"https:\\\/\\\/stuttgarti-katolikusok.de\\\/index.php\\\/evkozi-25-vasarnap-3\\\/\"},\"author\":{\"name\":\"Tibor atya\",\"@id\":\"https:\\\/\\\/stuttgarti-katolikusok.de\\\/#\\\/schema\\\/person\\\/75908d6f8fdc03a57889d27209df7795\"},\"headline\":\"\u00c9vk\u00f6zi 25. vas\u00e1rnap\",\"datePublished\":\"2025-09-21T08:32:47+00:00\",\"dateModified\":\"2025-09-21T08:33:27+00:00\",\"mainEntityOfPage\":{\"@id\":\"https:\\\/\\\/stuttgarti-katolikusok.de\\\/index.php\\\/evkozi-25-vasarnap-3\\\/\"},\"wordCount\":1892,\"image\":{\"@id\":\"https:\\\/\\\/stuttgarti-katolikusok.de\\\/index.php\\\/evkozi-25-vasarnap-3\\\/#primaryimage\"},\"thumbnailUrl\":\"https:\\\/\\\/stuttgarti-katolikusok.de\\\/wp-content\\\/uploads\\\/2022\\\/09\\\/road-1072823-1280.jpg\",\"articleSection\":[\"A liturgia olvasm\u00e1nyai\",\"Vas\u00e1rnapi gondolatok\"],\"inLanguage\":\"hu\"},{\"@type\":\"WebPage\",\"@id\":\"https:\\\/\\\/stuttgarti-katolikusok.de\\\/index.php\\\/evkozi-25-vasarnap-3\\\/\",\"url\":\"https:\\\/\\\/stuttgarti-katolikusok.de\\\/index.php\\\/evkozi-25-vasarnap-3\\\/\",\"name\":\"\u00c9vk\u00f6zi 25. vas\u00e1rnap - Stuttgarti Katolikusok\",\"isPartOf\":{\"@id\":\"https:\\\/\\\/stuttgarti-katolikusok.de\\\/#website\"},\"primaryImageOfPage\":{\"@id\":\"https:\\\/\\\/stuttgarti-katolikusok.de\\\/index.php\\\/evkozi-25-vasarnap-3\\\/#primaryimage\"},\"image\":{\"@id\":\"https:\\\/\\\/stuttgarti-katolikusok.de\\\/index.php\\\/evkozi-25-vasarnap-3\\\/#primaryimage\"},\"thumbnailUrl\":\"https:\\\/\\\/stuttgarti-katolikusok.de\\\/wp-content\\\/uploads\\\/2022\\\/09\\\/road-1072823-1280.jpg\",\"datePublished\":\"2025-09-21T08:32:47+00:00\",\"dateModified\":\"2025-09-21T08:33:27+00:00\",\"author\":{\"@id\":\"https:\\\/\\\/stuttgarti-katolikusok.de\\\/#\\\/schema\\\/person\\\/75908d6f8fdc03a57889d27209df7795\"},\"breadcrumb\":{\"@id\":\"https:\\\/\\\/stuttgarti-katolikusok.de\\\/index.php\\\/evkozi-25-vasarnap-3\\\/#breadcrumb\"},\"inLanguage\":\"hu\",\"potentialAction\":[{\"@type\":\"ReadAction\",\"target\":[\"https:\\\/\\\/stuttgarti-katolikusok.de\\\/index.php\\\/evkozi-25-vasarnap-3\\\/\"]}]},{\"@type\":\"ImageObject\",\"inLanguage\":\"hu\",\"@id\":\"https:\\\/\\\/stuttgarti-katolikusok.de\\\/index.php\\\/evkozi-25-vasarnap-3\\\/#primaryimage\",\"url\":\"https:\\\/\\\/stuttgarti-katolikusok.de\\\/wp-content\\\/uploads\\\/2022\\\/09\\\/road-1072823-1280.jpg\",\"contentUrl\":\"https:\\\/\\\/stuttgarti-katolikusok.de\\\/wp-content\\\/uploads\\\/2022\\\/09\\\/road-1072823-1280.jpg\",\"width\":1280,\"height\":747},{\"@type\":\"BreadcrumbList\",\"@id\":\"https:\\\/\\\/stuttgarti-katolikusok.de\\\/index.php\\\/evkozi-25-vasarnap-3\\\/#breadcrumb\",\"itemListElement\":[{\"@type\":\"ListItem\",\"position\":1,\"name\":\"Kezd\u0151lap\",\"item\":\"https:\\\/\\\/stuttgarti-katolikusok.de\\\/\"},{\"@type\":\"ListItem\",\"position\":2,\"name\":\"\u00c9vk\u00f6zi 25. vas\u00e1rnap\"}]},{\"@type\":\"WebSite\",\"@id\":\"https:\\\/\\\/stuttgarti-katolikusok.de\\\/#website\",\"url\":\"https:\\\/\\\/stuttgarti-katolikusok.de\\\/\",\"name\":\"Stuttgarti Katolikusok\",\"description\":\"\",\"potentialAction\":[{\"@type\":\"SearchAction\",\"target\":{\"@type\":\"EntryPoint\",\"urlTemplate\":\"https:\\\/\\\/stuttgarti-katolikusok.de\\\/?s={search_term_string}\"},\"query-input\":{\"@type\":\"PropertyValueSpecification\",\"valueRequired\":true,\"valueName\":\"search_term_string\"}}],\"inLanguage\":\"hu\"},{\"@type\":\"Person\",\"@id\":\"https:\\\/\\\/stuttgarti-katolikusok.de\\\/#\\\/schema\\\/person\\\/75908d6f8fdc03a57889d27209df7795\",\"name\":\"Tibor atya\",\"image\":{\"@type\":\"ImageObject\",\"inLanguage\":\"hu\",\"@id\":\"https:\\\/\\\/secure.gravatar.com\\\/avatar\\\/61d268e57d1f4525b111222e29d2d5a7f8c420fdbf231ba5566a8ceac74fa960?s=96&d=mm&r=g\",\"url\":\"https:\\\/\\\/secure.gravatar.com\\\/avatar\\\/61d268e57d1f4525b111222e29d2d5a7f8c420fdbf231ba5566a8ceac74fa960?s=96&d=mm&r=g\",\"contentUrl\":\"https:\\\/\\\/secure.gravatar.com\\\/avatar\\\/61d268e57d1f4525b111222e29d2d5a7f8c420fdbf231ba5566a8ceac74fa960?s=96&d=mm&r=g\",\"caption\":\"Tibor atya\"},\"url\":\"https:\\\/\\\/stuttgarti-katolikusok.de\\\/index.php\\\/author\\\/tibor-atya\\\/\"}]}<\/script>\n<!-- \/ Yoast SEO plugin. -->","yoast_head_json":{"title":"\u00c9vk\u00f6zi 25. vas\u00e1rnap - Stuttgarti Katolikusok","robots":{"index":"index","follow":"follow","max-snippet":"max-snippet:-1","max-image-preview":"max-image-preview:large","max-video-preview":"max-video-preview:-1"},"canonical":"https:\/\/stuttgarti-katolikusok.de\/index.php\/evkozi-25-vasarnap-3\/","og_locale":"hu_HU","og_type":"article","og_title":"\u00c9vk\u00f6zi 25. vas\u00e1rnap - Stuttgarti Katolikusok","og_description":"Az \u00e9vk\u00f6zi 25. vas\u00e1rnap olvasm\u00e1nyainak egy\u00e9rtelm\u0171 \u00fczenete: okosan kell felhaszn\u00e1lnunk a rendelkez\u00e9s\u00fcnkre \u00e1ll\u00f3 f\u00f6ldi javakat. Eszk\u00f6z\u00f6k, nem pedig v\u00e9gs\u0151 c\u00e9lunk! A mai globaliz\u00e1lt vil\u00e1gunkban k\u00fcl\u00f6n\u00f6sen is fontos ennek az igazs\u00e1gnak kimond\u00e1sa. Mennyire j\u00f3 lenne, ha ezen igazs\u00e1g szem\u00fcveg\u00e9n kereszt\u00fcl szeml\u00e9ln\u00e9m vil\u00e1gunkat. Ne feledjem, a gazdags\u00e1g lehet a j\u00f3t\u00e9konys\u00e1g forr\u00e1sa. Sok embert \u00e1ldottak m\u00e1r az\u00e9rt, mert szerette \u00e9s seg\u00edtette a szeg\u00e9nyeket, aki \u00f6r\u00f6m\u00e9t lelte abban, hogy, hogy m\u00e1sokkal \u00f6nzetlen\u00fcl j\u00f3t tegyen. Az olvasm\u00e1nyban \u00c1mosz pr\u00f3f\u00e9ta felemeli hangj\u00e1t, s egyben sz\u00f3v\u00e1 teszi azokat az igazs\u00e1gtalans\u00e1gokat, amelyek megtapasztal. Azt is mondhatjuk vele kapcsolatosan, hogy a szoci\u00e1lis igazs\u00e1goss\u00e1g k\u00e9pvisel\u0151je \u0151 abban a korban. Ennek p\u00e1rhuzamak\u00e9nt elmondhatjuk, hogy a magunk csendes, de ugyanakkor hat\u00e1rozott jelenl\u00e9t\u00e9vel mi magunk is lehet\u00fcnk ennek az igazs\u00e1gnak \u00e9s felismer\u00e9snek hiteles k\u00e9pvisel\u0151i. A szentleck\u00e9ben ism\u00e9telten P\u00e1l apostol lelki gyermek\u00e9hez, Tim\u00f3teushoz int\u00e9zett j\u00f3 tan\u00e1csaib\u00f3l hallhatunk egy nagyot fontosat. Az im\u00e1ds\u00e1g fontoss\u00e1g\u00e1ra \u00e9s annak egyetemes jelleg\u00e9re h\u00edvja fel Tim\u00f3teus figyelm\u00e9t. Az im\u00e1ds\u00e1g \u00e9s a benne rejl\u0151 er\u0151! Ad\u00f3dik a k\u00e9rd\u00e9s: Hiszek a kitart\u00f3 ima erej\u00e9ben? Mi az \u00e9n im\u00e1ds\u00e1gomnak a tartalma? S persze m\u00e9g nagyon sok k\u00e9rd\u00e9s van, ami mind ehhez kapcsol\u00f3dik. Gondolkodjam rajta! Az evang\u00e9liumban a okos, de h\u0171tlen int\u00e9z\u0151r\u0151l hallhatunk. Ma azt mondan\u00e1k, gazdas\u00e1gi igazgat\u00f3k\u00e9nt a r\u00e1b\u00edzott vagyont egy\u00e9ni szempontjainak \u00e9rv\u00e9nyes\u00edt\u00e9s\u00e9re haszn\u00e1lja fel. Ett\u0151l sokkal s\u00falyosabb a helyzet magam meg\u00edt\u00e9l\u00e9s\u00e9ben. Vissza\u00e9l megb\u00edz\u00f3j\u00e1nak, gazd\u00e1j\u00e1nak bizalm\u00e1val. A k\u00f6z javait saj\u00e1t karrier\u00e9p\u00edt\u00e9sre haszn\u00e1lja fel. B\u00e1r sokf\u00e9le \u00e9rtelmez\u00e9se van ennek a p\u00e9ldabesz\u00e9dnek, \u00e9n csup\u00e1n egy szempontot emeln\u00e9k ki. A megaj\u00e1nd\u00e9kozott bizalommal semmilyen k\u00f6r\u00fclm\u00e9nyek k\u00f6z\u00f6tt nem szabad vissza\u00e9lni.\u00a0 Kezd\u0151\u00e9nek: N\u00e9pem \u00fcdv\u00f6ss\u00e9ge \u00e9n vagyok &#8211; mondja az \u00dar. B\u00e1rmilyen nyomor\u00fas\u00e1gb\u00f3l ki\u00e1ltsanak is hozz\u00e1m, meghallgatom \u0151ket, \u00e9s Uruk leszek mind\u00f6r\u00f6kre. K\u00f6ny\u00f6rg\u00e9s: Isten\u00fcnk, te szent t\u00f6rv\u00e9nyedet az isten- \u00e9s emberszeretet parancs\u00e1ban foglaltad \u00f6ssze. Add, hogy parancsaidat megtartva eljussunk az \u00f6r\u00f6k \u00e9letre. A mi Urunk, J\u00e9zus Krisztus, a te Fiad \u00e1ltal, aki veled \u00e9l \u00e9s uralkodik a Szentl\u00e9lekkel egys\u00e9gben, Isten... R\u00e9szletek","og_url":"https:\/\/stuttgarti-katolikusok.de\/index.php\/evkozi-25-vasarnap-3\/","og_site_name":"Stuttgarti Katolikusok","article_published_time":"2025-09-21T08:32:47+00:00","article_modified_time":"2025-09-21T08:33:27+00:00","og_image":[{"width":1280,"height":747,"url":"https:\/\/stuttgarti-katolikusok.de\/wp-content\/uploads\/2022\/09\/road-1072823-1280.jpg","type":"image\/jpeg"}],"author":"Tibor atya","twitter_card":"summary_large_image","twitter_misc":{"Szerz\u0151:":"Tibor atya","Becs\u00fclt olvas\u00e1si id\u0151":"8 perc"},"schema":{"@context":"https:\/\/schema.org","@graph":[{"@type":"Article","@id":"https:\/\/stuttgarti-katolikusok.de\/index.php\/evkozi-25-vasarnap-3\/#article","isPartOf":{"@id":"https:\/\/stuttgarti-katolikusok.de\/index.php\/evkozi-25-vasarnap-3\/"},"author":{"name":"Tibor atya","@id":"https:\/\/stuttgarti-katolikusok.de\/#\/schema\/person\/75908d6f8fdc03a57889d27209df7795"},"headline":"\u00c9vk\u00f6zi 25. vas\u00e1rnap","datePublished":"2025-09-21T08:32:47+00:00","dateModified":"2025-09-21T08:33:27+00:00","mainEntityOfPage":{"@id":"https:\/\/stuttgarti-katolikusok.de\/index.php\/evkozi-25-vasarnap-3\/"},"wordCount":1892,"image":{"@id":"https:\/\/stuttgarti-katolikusok.de\/index.php\/evkozi-25-vasarnap-3\/#primaryimage"},"thumbnailUrl":"https:\/\/stuttgarti-katolikusok.de\/wp-content\/uploads\/2022\/09\/road-1072823-1280.jpg","articleSection":["A liturgia olvasm\u00e1nyai","Vas\u00e1rnapi gondolatok"],"inLanguage":"hu"},{"@type":"WebPage","@id":"https:\/\/stuttgarti-katolikusok.de\/index.php\/evkozi-25-vasarnap-3\/","url":"https:\/\/stuttgarti-katolikusok.de\/index.php\/evkozi-25-vasarnap-3\/","name":"\u00c9vk\u00f6zi 25. vas\u00e1rnap - Stuttgarti Katolikusok","isPartOf":{"@id":"https:\/\/stuttgarti-katolikusok.de\/#website"},"primaryImageOfPage":{"@id":"https:\/\/stuttgarti-katolikusok.de\/index.php\/evkozi-25-vasarnap-3\/#primaryimage"},"image":{"@id":"https:\/\/stuttgarti-katolikusok.de\/index.php\/evkozi-25-vasarnap-3\/#primaryimage"},"thumbnailUrl":"https:\/\/stuttgarti-katolikusok.de\/wp-content\/uploads\/2022\/09\/road-1072823-1280.jpg","datePublished":"2025-09-21T08:32:47+00:00","dateModified":"2025-09-21T08:33:27+00:00","author":{"@id":"https:\/\/stuttgarti-katolikusok.de\/#\/schema\/person\/75908d6f8fdc03a57889d27209df7795"},"breadcrumb":{"@id":"https:\/\/stuttgarti-katolikusok.de\/index.php\/evkozi-25-vasarnap-3\/#breadcrumb"},"inLanguage":"hu","potentialAction":[{"@type":"ReadAction","target":["https:\/\/stuttgarti-katolikusok.de\/index.php\/evkozi-25-vasarnap-3\/"]}]},{"@type":"ImageObject","inLanguage":"hu","@id":"https:\/\/stuttgarti-katolikusok.de\/index.php\/evkozi-25-vasarnap-3\/#primaryimage","url":"https:\/\/stuttgarti-katolikusok.de\/wp-content\/uploads\/2022\/09\/road-1072823-1280.jpg","contentUrl":"https:\/\/stuttgarti-katolikusok.de\/wp-content\/uploads\/2022\/09\/road-1072823-1280.jpg","width":1280,"height":747},{"@type":"BreadcrumbList","@id":"https:\/\/stuttgarti-katolikusok.de\/index.php\/evkozi-25-vasarnap-3\/#breadcrumb","itemListElement":[{"@type":"ListItem","position":1,"name":"Kezd\u0151lap","item":"https:\/\/stuttgarti-katolikusok.de\/"},{"@type":"ListItem","position":2,"name":"\u00c9vk\u00f6zi 25. vas\u00e1rnap"}]},{"@type":"WebSite","@id":"https:\/\/stuttgarti-katolikusok.de\/#website","url":"https:\/\/stuttgarti-katolikusok.de\/","name":"Stuttgarti Katolikusok","description":"","potentialAction":[{"@type":"SearchAction","target":{"@type":"EntryPoint","urlTemplate":"https:\/\/stuttgarti-katolikusok.de\/?s={search_term_string}"},"query-input":{"@type":"PropertyValueSpecification","valueRequired":true,"valueName":"search_term_string"}}],"inLanguage":"hu"},{"@type":"Person","@id":"https:\/\/stuttgarti-katolikusok.de\/#\/schema\/person\/75908d6f8fdc03a57889d27209df7795","name":"Tibor atya","image":{"@type":"ImageObject","inLanguage":"hu","@id":"https:\/\/secure.gravatar.com\/avatar\/61d268e57d1f4525b111222e29d2d5a7f8c420fdbf231ba5566a8ceac74fa960?s=96&d=mm&r=g","url":"https:\/\/secure.gravatar.com\/avatar\/61d268e57d1f4525b111222e29d2d5a7f8c420fdbf231ba5566a8ceac74fa960?s=96&d=mm&r=g","contentUrl":"https:\/\/secure.gravatar.com\/avatar\/61d268e57d1f4525b111222e29d2d5a7f8c420fdbf231ba5566a8ceac74fa960?s=96&d=mm&r=g","caption":"Tibor atya"},"url":"https:\/\/stuttgarti-katolikusok.de\/index.php\/author\/tibor-atya\/"}]}},"_links":{"self":[{"href":"https:\/\/stuttgarti-katolikusok.de\/index.php\/wp-json\/wp\/v2\/posts\/31694","targetHints":{"allow":["GET"]}}],"collection":[{"href":"https:\/\/stuttgarti-katolikusok.de\/index.php\/wp-json\/wp\/v2\/posts"}],"about":[{"href":"https:\/\/stuttgarti-katolikusok.de\/index.php\/wp-json\/wp\/v2\/types\/post"}],"author":[{"embeddable":true,"href":"https:\/\/stuttgarti-katolikusok.de\/index.php\/wp-json\/wp\/v2\/users\/3"}],"replies":[{"embeddable":true,"href":"https:\/\/stuttgarti-katolikusok.de\/index.php\/wp-json\/wp\/v2\/comments?post=31694"}],"version-history":[{"count":4,"href":"https:\/\/stuttgarti-katolikusok.de\/index.php\/wp-json\/wp\/v2\/posts\/31694\/revisions"}],"predecessor-version":[{"id":31699,"href":"https:\/\/stuttgarti-katolikusok.de\/index.php\/wp-json\/wp\/v2\/posts\/31694\/revisions\/31699"}],"wp:featuredmedia":[{"embeddable":true,"href":"https:\/\/stuttgarti-katolikusok.de\/index.php\/wp-json\/wp\/v2\/media\/23590"}],"wp:attachment":[{"href":"https:\/\/stuttgarti-katolikusok.de\/index.php\/wp-json\/wp\/v2\/media?parent=31694"}],"wp:term":[{"taxonomy":"category","embeddable":true,"href":"https:\/\/stuttgarti-katolikusok.de\/index.php\/wp-json\/wp\/v2\/categories?post=31694"},{"taxonomy":"post_tag","embeddable":true,"href":"https:\/\/stuttgarti-katolikusok.de\/index.php\/wp-json\/wp\/v2\/tags?post=31694"}],"curies":[{"name":"wp","href":"https:\/\/api.w.org\/{rel}","templated":true}]}}