{"id":31672,"date":"2025-09-15T18:28:20","date_gmt":"2025-09-15T16:28:20","guid":{"rendered":"https:\/\/stuttgarti-katolikusok.de\/?p=31672"},"modified":"2025-09-15T19:36:29","modified_gmt":"2025-09-15T17:36:29","slug":"2025-szeptember-15-es-21-kozott","status":"publish","type":"post","link":"https:\/\/stuttgarti-katolikusok.de\/index.php\/2025-szeptember-15-es-21-kozott\/","title":{"rendered":"2025. SZEPTEMBER 15 \u00c9S 21 K\u00d6Z\u00d6TT"},"content":{"rendered":"<p><span style=\"color: #008000;\"><strong>Programel\u0151zetes<\/strong><\/span><\/p>\n<p style=\"text-align: center;\"><span style=\"color: #008000;\"><strong>*<\/strong><\/span><\/p>\n<p><strong>Szeptember 18-\u00e1n<\/strong>, cs\u00fct\u00f6rt\u00f6k\u00f6n,<strong> <em>Weingarteni d\u00e9lut\u00e1n<\/em><\/strong>, a <em><strong>14 Nothelfer Kapelle<\/strong><\/em>-ben 17.30 \u00f3rakor <em>r\u00f3zsaf\u00fcz\u00e9rt im\u00e1dkozunk<\/em>, 18.00 \u00f3rakor <em>szentmise, <\/em>keret\u00e9ben <em>katek\u00e9zis.<\/em><\/p>\n<p style=\"text-align: center;\"><span style=\"color: #008000;\"><strong>*<\/strong><\/span><\/p>\n<p><strong>Szeptember 19-\u00e9n,<\/strong>\u00a0p\u00e9nteken, <strong><em>Stuttgarti d\u00e9lut\u00e1n<\/em><\/strong><strong>,<\/strong><strong>\u00a0<\/strong>17.30 \u00f3rakor\u00a0r<em>\u00f3zsaf\u00fcz\u00e9rt im\u00e1dkozunk,\u00a0<\/em>majd\u00a018.00 \u00f3rakor <em>szentmise, <\/em>keret\u00e9ben <em>katek\u00e9zis.<\/em><\/p>\n<p style=\"text-align: center;\"><em>\u00a0<\/em><span style=\"color: #008000;\"><strong>*<\/strong><\/span><\/p>\n<p><strong>Szeptember 20-\u00e1n<\/strong>, szombaton, <strong>Heidenheimban <\/strong>15.30 \u00f3rakor <em>b\u00facs\u00fas-szentmise<\/em><em>. <\/em>A Szentmise keret\u00e9ben 3 gyermek keresztel\u00e9s\u00e9re is sor ker\u00fcl. Szentmise ut\u00e1n <em>agap\u00e9,\u00a0<\/em>keret\u00e9ben r\u00f6vid\u00a0<em>kult\u00far\u00e1lis m\u0171sor.<\/em><\/p>\n<p style=\"text-align: center;\"><em>\u00a0<\/em><span style=\"color: #ff0000;\"><strong>*<\/strong><\/span><\/p>\n<p><em> <a href=\"https:\/\/stuttgarti-katolikusok.de\/wp-content\/uploads\/2024\/09\/szent-istvan-kivagva.jpg\"><img loading=\"lazy\" decoding=\"async\" class=\"size-full wp-image-29366 aligncenter\" src=\"https:\/\/stuttgarti-katolikusok.de\/wp-content\/uploads\/2024\/09\/szent-istvan-kivagva.jpg\" alt=\"\" width=\"348\" height=\"911\" srcset=\"https:\/\/stuttgarti-katolikusok.de\/wp-content\/uploads\/2024\/09\/szent-istvan-kivagva.jpg 348w, https:\/\/stuttgarti-katolikusok.de\/wp-content\/uploads\/2024\/09\/szent-istvan-kivagva-115x300.jpg 115w\" sizes=\"auto, (max-width: 348px) 100vw, 348px\" \/><\/a><\/em><\/p>\n<p style=\"text-align: center;\"><em>(R\u00e9szlet a Szent Istv\u00e1n miseruh\u00e1b\u00f3l)<\/em><\/p>\n<p style=\"text-align: center;\"><span style=\"color: #ff0000;\"><em><strong>*<\/strong><\/em><\/span><\/p>\n<p><strong>Szeptember 21-\u00e9n<\/strong>, <span style=\"color: #008000;\"><em><strong>\u00c9vk\u00f6zi 25. vas\u00e1rnap<\/strong><\/em><\/span><em>,<\/em><\/p>\n<p><strong>Stuttgartban<\/strong><\/p>\n<p><a href=\"https:\/\/stuttgarti-katolikusok.de\/wp-content\/uploads\/2024\/09\/szent-gellert-w1.jpg\"><img loading=\"lazy\" decoding=\"async\" class=\"size-full wp-image-29325 aligncenter\" src=\"https:\/\/stuttgarti-katolikusok.de\/wp-content\/uploads\/2024\/09\/szent-gellert-w1.jpg\" alt=\"\" width=\"353\" height=\"848\" srcset=\"https:\/\/stuttgarti-katolikusok.de\/wp-content\/uploads\/2024\/09\/szent-gellert-w1.jpg 353w, https:\/\/stuttgarti-katolikusok.de\/wp-content\/uploads\/2024\/09\/szent-gellert-w1-125x300.jpg 125w\" sizes=\"auto, (max-width: 353px) 100vw, 353px\" \/><\/a><\/p>\n<p style=\"text-align: center;\"><em>(R\u00e9szlet a Szent Gell\u00e9rt miseruh\u00e1b\u00f3l)<\/em><\/p>\n<p><em>&#8211; 11.30 \u00f3rakor b\u00facs\u00fas-szentmise, Szent Gell\u00e9rt egyh\u00e1zk\u00f6zs\u00e9gi b\u00facs\u00fa. A szentmise f\u0151celebr\u00e1nsa \u00e9s igehirdet\u0151je Ft. Geg\u0151 Istv\u00e1n atya.<\/em><\/p>\n<p><em>&#8211; 13.00 \u00f3rakor k\u00f6z\u00f6s eb\u00e9d. \u00c9telr\u0151l \u00e9s italr\u00f3l mi magunk gondoskodunk. S\u00fctem\u00e9nyeket (s\u00f3s \u00e9s \u00e9des) \u00f6r\u00f6mmel fogadunk.<\/em><\/p>\n<p><em>&#8211;\u00a0 14.30 \u00f3rakor pedig Szab\u00f3 Kata orgonakoncertj\u00e9re ker\u00fcl sor.<\/em><\/p>\n<p><em>\u00a0<\/em><em>Mind a szentmise, mind az orgonakoncert ideje alatt a gyermekekr\u0151l k\u00fcl\u00f6n gondoskodunk.<\/em><\/p>\n<p><em> <a href=\"https:\/\/stuttgarti-katolikusok.de\/wp-content\/uploads\/2025\/09\/szabo-kata-orgkon.jpg\"><img loading=\"lazy\" decoding=\"async\" class=\"alignnone size-full wp-image-31674\" src=\"https:\/\/stuttgarti-katolikusok.de\/wp-content\/uploads\/2025\/09\/szabo-kata-orgkon.jpg\" alt=\"\" width=\"1321\" height=\"1865\" srcset=\"https:\/\/stuttgarti-katolikusok.de\/wp-content\/uploads\/2025\/09\/szabo-kata-orgkon.jpg 1321w, https:\/\/stuttgarti-katolikusok.de\/wp-content\/uploads\/2025\/09\/szabo-kata-orgkon-212x300.jpg 212w, https:\/\/stuttgarti-katolikusok.de\/wp-content\/uploads\/2025\/09\/szabo-kata-orgkon-725x1024.jpg 725w, https:\/\/stuttgarti-katolikusok.de\/wp-content\/uploads\/2025\/09\/szabo-kata-orgkon-1088x1536.jpg 1088w\" sizes=\"auto, (max-width: 1321px) 100vw, 1321px\" \/><\/a><\/em><\/p>\n<p style=\"text-align: center;\"><span style=\"color: #ff0000;\"><em>\u00a0*<\/em><\/span><\/p>\n<p><strong>Heilbronnban<\/strong> 18.00 \u00f3rakor <em>szentmise<\/em>, ut\u00e1na <em>agap\u00e9.<\/em> A szentmis\u00e9t j\u00falius h\u00f3napban elhunyt testv\u00e9r\u00fcnk\u00e9rt, K\u00f3bia Tam\u00e1s\u00e9rt aj\u00e1nljuk fel. Figyelj\u00fcnk a megv\u00e1ltozott id\u0151pontra!<\/p>\n<p style=\"text-align: center;\"><span style=\"color: #ff0000;\"><strong>*<\/strong><\/span><\/p>\n<p>Minden helyen mindenkit szeretettel v\u00e1r a k\u00f6z\u00f6ss\u00e9g \u00e9s Tibor atya!<\/p>\n<p style=\"text-align: center;\"><span style=\"color: #008000;\">*<\/span><\/p>\n<p><strong> <a href=\"https:\/\/stuttgarti-katolikusok.de\/wp-content\/uploads\/2024\/09\/img-20240915-wa0002.jpg\"><img loading=\"lazy\" decoding=\"async\" class=\"alignnone size-full wp-image-29362\" src=\"https:\/\/stuttgarti-katolikusok.de\/wp-content\/uploads\/2024\/09\/img-20240915-wa0002.jpg\" alt=\"\" width=\"1724\" height=\"966\" srcset=\"https:\/\/stuttgarti-katolikusok.de\/wp-content\/uploads\/2024\/09\/img-20240915-wa0002.jpg 1724w, https:\/\/stuttgarti-katolikusok.de\/wp-content\/uploads\/2024\/09\/img-20240915-wa0002-300x168.jpg 300w, https:\/\/stuttgarti-katolikusok.de\/wp-content\/uploads\/2024\/09\/img-20240915-wa0002-1024x574.jpg 1024w, https:\/\/stuttgarti-katolikusok.de\/wp-content\/uploads\/2024\/09\/img-20240915-wa0002-1536x861.jpg 1536w, https:\/\/stuttgarti-katolikusok.de\/wp-content\/uploads\/2024\/09\/img-20240915-wa0002-670x374.jpg 670w\" sizes=\"auto, (max-width: 1724px) 100vw, 1724px\" \/><\/a><\/strong><\/p>\n<p style=\"text-align: center;\"><span style=\"color: #008000;\"><strong>*<\/strong><\/span><\/p>\n<p><span style=\"color: #008000;\"><em><strong>Bens\u0151s\u00e9ges \u0151szi napokat, j\u00f3 munk\u00e1t, tartalmas besz\u00e9lget\u00e9seket \u00e9s \u00f6r\u00f6mteli tal\u00e1lkoz\u00e1sokat k\u00edv\u00e1nunk minden Kedves H\u00edv\u00fcnknek!<\/strong><\/em><\/span><\/p>\n<p style=\"text-align: center;\"><span style=\"color: #008000;\"><strong>*<\/strong><\/span><\/p>\n<p><span style=\"color: #ff6600;\"><strong>Sz\u00e9p Velence, \u0151si v\u00e1ros,<\/strong><\/span><\/p>\n<p><span style=\"color: #ff6600;\"><strong>zengj az \u00darnak \u00e9neket.<\/strong><\/span><\/p>\n<p><span style=\"color: #ff6600;\"><strong>Er\u00e9nyekben kiv\u00e1lts\u00e1gos,<\/strong><\/span><\/p>\n<p><span style=\"color: #ff6600;\"><strong>Gondvisel\u00e9s van veled,<\/strong><\/span><\/p>\n<p><span style=\"color: #ff6600;\"><strong>mert Gell\u00e9rtet a j\u00f3s\u00e1gos<\/strong><\/span><\/p>\n<p><span style=\"color: #ff6600;\"><strong>Isten adta teneked.<\/strong><\/span><\/p>\n<p><span style=\"color: #ff6600;\"><strong>\u00a0<\/strong><\/span><\/p>\n<p><span style=\"color: #ff6600;\"><strong>S \u0151, az Isten v\u00e1lasztottja,<\/strong><\/span><\/p>\n<p><span style=\"color: #ff6600;\"><strong>n\u00e9ki adja \u00f6nmag\u00e1t.<\/strong><\/span><\/p>\n<p><span style=\"color: #ff6600;\"><strong>Lelke \u00fcdve lesz a gondja,<\/strong><\/span><\/p>\n<p><span style=\"color: #ff6600;\"><strong>v\u00e1llalv\u00e1n a Regul\u00e1t,<\/strong><\/span><\/p>\n<p><span style=\"color: #ff6600;\"><strong>f\u00f6ldi p\u00e1lya nem marasztja,<\/strong><\/span><\/p>\n<p><span style=\"color: #ff6600;\"><strong>Krisztus \u00fatj\u00e1n megy tov\u00e1bb.<\/strong><\/span><\/p>\n<p><span style=\"color: #ff6600;\"><strong>\u00a0<\/strong><\/span><\/p>\n<p><span style=\"color: #ff6600;\"><strong>\u0150t e honban tiszteletben<\/strong><\/span><\/p>\n<p><span style=\"color: #ff6600;\"><strong>r\u00e9szes\u00edtik, mint aty\u00e1t.<\/strong><\/span><\/p>\n<p><span style=\"color: #ff6600;\"><strong>Hitet pl\u00e1nt\u00e1l, \u00e9s a mennyben<\/strong><\/span><\/p>\n<p><span style=\"color: #ff6600;\"><strong>sokszorozza j\u00f3k had\u00e1t,<\/strong><\/span><\/p>\n<p><span style=\"color: #ff6600;\"><strong>templomot rak, s mindenekben<\/strong><\/span><\/p>\n<p><span style=\"color: #ff6600;\"><strong>csod\u00e1lj\u00e1k al\u00e1zat\u00e1t.<\/strong><\/span><\/p>\n<p><span style=\"color: #ff6600;\"><strong>\u00a0<\/strong><\/span><\/p>\n<p><span style=\"color: #ff6600;\"><strong>Legyen \u00e1ld\u00e1s \u00e9s im\u00e1dat<\/strong><\/span><\/p>\n<p><span style=\"color: #ff6600;\"><strong>H\u00e1roms\u00e1g-egy Istennek,<\/strong><\/span><\/p>\n<p><span style=\"color: #ff6600;\"><strong>az Aty\u00e1nak \u00e9s Fi\u00fanak<\/strong><\/span><\/p>\n<p><span style=\"color: #ff6600;\"><strong>s vel\u00fck a Szentl\u00e9leknek,<\/strong><\/span><\/p>\n<p><span style=\"color: #ff6600;\"><strong>ki a k\u00fczd\u0151knek er\u0151t ad,<\/strong><\/span><\/p>\n<p><strong><span style=\"color: #ff6600;\">hogy gy\u0151zelmet nyerjenek. \u00c1men.<\/span><\/strong><\/p>\n<p><em>(Himnusz Szent Gell\u00e9rt \u00fcnnep\u00e9re)<\/em><\/p>\n<p style=\"text-align: center;\"><span style=\"color: #008000;\"><strong>*<\/strong><\/span><\/p>\n<p><em>(Nyit\u00f3k\u00e9p forr\u00e1sa: Instagram)<\/em><\/p>\n","protected":false},"excerpt":{"rendered":"<p>Programel\u0151zetes * Szeptember 18-\u00e1n, cs\u00fct\u00f6rt\u00f6k\u00f6n, Weingarteni d\u00e9lut\u00e1n, a 14 Nothelfer Kapelle-ben 17.30 \u00f3rakor r\u00f3zsaf\u00fcz\u00e9rt im\u00e1dkozunk, 18.00 \u00f3rakor szentmise, keret\u00e9ben katek\u00e9zis. * Szeptember 19-\u00e9n,\u00a0p\u00e9nteken, Stuttgarti d\u00e9lut\u00e1n,\u00a017.30 \u00f3rakor\u00a0r\u00f3zsaf\u00fcz\u00e9rt im\u00e1dkozunk,\u00a0majd\u00a018.00 \u00f3rakor szentmise, keret\u00e9ben katek\u00e9zis. \u00a0* Szeptember 20-\u00e1n, szombaton, Heidenheimban 15.30 \u00f3rakor b\u00facs\u00fas-szentmise. A Szentmise keret\u00e9ben 3 gyermek keresztel\u00e9s\u00e9re is sor ker\u00fcl. Szentmise ut\u00e1n agap\u00e9,\u00a0keret\u00e9ben r\u00f6vid\u00a0kult\u00far\u00e1lis m\u0171sor. \u00a0* (R\u00e9szlet a Szent Istv\u00e1n miseruh\u00e1b\u00f3l) * Szeptember 21-\u00e9n, \u00c9vk\u00f6zi 25. vas\u00e1rnap, Stuttgartban (R\u00e9szlet a Szent Gell\u00e9rt miseruh\u00e1b\u00f3l) &#8211; 11.30 \u00f3rakor b\u00facs\u00fas-szentmise, Szent Gell\u00e9rt egyh\u00e1zk\u00f6zs\u00e9gi b\u00facs\u00fa. A szentmise f\u0151celebr\u00e1nsa \u00e9s igehirdet\u0151je Ft. Geg\u0151 Istv\u00e1n atya. &#8211; 13.00 \u00f3rakor k\u00f6z\u00f6s eb\u00e9d. \u00c9telr\u0151l \u00e9s italr\u00f3l mi magunk gondoskodunk. S\u00fctem\u00e9nyeket (s\u00f3s \u00e9s \u00e9des) \u00f6r\u00f6mmel fogadunk. &#8211;\u00a0 14.30 \u00f3rakor pedig Szab\u00f3 Kata orgonakoncertj\u00e9re ker\u00fcl sor. \u00a0Mind a szentmise, mind az orgonakoncert ideje alatt a gyermekekr\u0151l k\u00fcl\u00f6n gondoskodunk. \u00a0* Heilbronnban 18.00 \u00f3rakor szentmise, ut\u00e1na agap\u00e9. A szentmis\u00e9t j\u00falius h\u00f3napban elhunyt testv\u00e9r\u00fcnk\u00e9rt, K\u00f3bia Tam\u00e1s\u00e9rt aj\u00e1nljuk fel. Figyelj\u00fcnk a megv\u00e1ltozott id\u0151pontra! * Minden helyen mindenkit szeretettel v\u00e1r a k\u00f6z\u00f6ss\u00e9g \u00e9s Tibor atya! * * Bens\u0151s\u00e9ges \u0151szi napokat, j\u00f3 munk\u00e1t, tartalmas besz\u00e9lget\u00e9seket \u00e9s \u00f6r\u00f6mteli tal\u00e1lkoz\u00e1sokat k\u00edv\u00e1nunk minden Kedves H\u00edv\u00fcnknek! * Sz\u00e9p Velence, \u0151si v\u00e1ros, zengj az \u00darnak \u00e9neket. Er\u00e9nyekben kiv\u00e1lts\u00e1gos, Gondvisel\u00e9s van veled, mert Gell\u00e9rtet a j\u00f3s\u00e1gos Isten adta teneked. \u00a0 S \u0151, az Isten v\u00e1lasztottja, n\u00e9ki adja \u00f6nmag\u00e1t. Lelke \u00fcdve lesz a gondja, v\u00e1llalv\u00e1n a Regul\u00e1t, f\u00f6ldi p\u00e1lya nem marasztja, Krisztus \u00fatj\u00e1n megy tov\u00e1bb. \u00a0 \u0150t e honban tiszteletben r\u00e9szes\u00edtik, mint aty\u00e1t. Hitet pl\u00e1nt\u00e1l, \u00e9s a mennyben sokszorozza j\u00f3k had\u00e1t, templomot rak, s mindenekben csod\u00e1lj\u00e1k al\u00e1zat\u00e1t. \u00a0 Legyen \u00e1ld\u00e1s \u00e9s im\u00e1dat H\u00e1roms\u00e1g-egy Istennek, az Aty\u00e1nak \u00e9s Fi\u00fanak s vel\u00fck a Szentl\u00e9leknek, ki a k\u00fczd\u0151knek er\u0151t ad, hogy gy\u0151zelmet nyerjenek. \u00c1men. (Himnusz Szent Gell\u00e9rt \u00fcnnep\u00e9re) * (Nyit\u00f3k\u00e9p forr\u00e1sa: Instagram)<\/p>\n","protected":false},"author":3,"featured_media":27221,"comment_status":"closed","ping_status":"closed","sticky":false,"template":"","format":"standard","meta":{"footnotes":""},"categories":[37],"tags":[],"class_list":["post-31672","post","type-post","status-publish","format-standard","has-post-thumbnail","hentry","category-progamelozetes"],"yoast_head":"<!-- This site is optimized with the Yoast SEO plugin v27.3 - https:\/\/yoast.com\/product\/yoast-seo-wordpress\/ -->\n<title>2025. SZEPTEMBER 15 \u00c9S 21 K\u00d6Z\u00d6TT - Stuttgarti Katolikusok<\/title>\n<meta name=\"robots\" content=\"index, follow, max-snippet:-1, max-image-preview:large, max-video-preview:-1\" \/>\n<link rel=\"canonical\" href=\"https:\/\/stuttgarti-katolikusok.de\/index.php\/2025-szeptember-15-es-21-kozott\/\" \/>\n<meta property=\"og:locale\" content=\"hu_HU\" \/>\n<meta property=\"og:type\" content=\"article\" \/>\n<meta property=\"og:title\" content=\"2025. SZEPTEMBER 15 \u00c9S 21 K\u00d6Z\u00d6TT - Stuttgarti Katolikusok\" \/>\n<meta property=\"og:description\" content=\"Programel\u0151zetes * Szeptember 18-\u00e1n, cs\u00fct\u00f6rt\u00f6k\u00f6n, Weingarteni d\u00e9lut\u00e1n, a 14 Nothelfer Kapelle-ben 17.30 \u00f3rakor r\u00f3zsaf\u00fcz\u00e9rt im\u00e1dkozunk, 18.00 \u00f3rakor szentmise, keret\u00e9ben katek\u00e9zis. * Szeptember 19-\u00e9n,\u00a0p\u00e9nteken, Stuttgarti d\u00e9lut\u00e1n,\u00a017.30 \u00f3rakor\u00a0r\u00f3zsaf\u00fcz\u00e9rt im\u00e1dkozunk,\u00a0majd\u00a018.00 \u00f3rakor szentmise, keret\u00e9ben katek\u00e9zis. \u00a0* Szeptember 20-\u00e1n, szombaton, Heidenheimban 15.30 \u00f3rakor b\u00facs\u00fas-szentmise. A Szentmise keret\u00e9ben 3 gyermek keresztel\u00e9s\u00e9re is sor ker\u00fcl. Szentmise ut\u00e1n agap\u00e9,\u00a0keret\u00e9ben r\u00f6vid\u00a0kult\u00far\u00e1lis m\u0171sor. \u00a0* (R\u00e9szlet a Szent Istv\u00e1n miseruh\u00e1b\u00f3l) * Szeptember 21-\u00e9n, \u00c9vk\u00f6zi 25. vas\u00e1rnap, Stuttgartban (R\u00e9szlet a Szent Gell\u00e9rt miseruh\u00e1b\u00f3l) &#8211; 11.30 \u00f3rakor b\u00facs\u00fas-szentmise, Szent Gell\u00e9rt egyh\u00e1zk\u00f6zs\u00e9gi b\u00facs\u00fa. A szentmise f\u0151celebr\u00e1nsa \u00e9s igehirdet\u0151je Ft. Geg\u0151 Istv\u00e1n atya. &#8211; 13.00 \u00f3rakor k\u00f6z\u00f6s eb\u00e9d. \u00c9telr\u0151l \u00e9s italr\u00f3l mi magunk gondoskodunk. S\u00fctem\u00e9nyeket (s\u00f3s \u00e9s \u00e9des) \u00f6r\u00f6mmel fogadunk. &#8211;\u00a0 14.30 \u00f3rakor pedig Szab\u00f3 Kata orgonakoncertj\u00e9re ker\u00fcl sor. \u00a0Mind a szentmise, mind az orgonakoncert ideje alatt a gyermekekr\u0151l k\u00fcl\u00f6n gondoskodunk. \u00a0* Heilbronnban 18.00 \u00f3rakor szentmise, ut\u00e1na agap\u00e9. A szentmis\u00e9t j\u00falius h\u00f3napban elhunyt testv\u00e9r\u00fcnk\u00e9rt, K\u00f3bia Tam\u00e1s\u00e9rt aj\u00e1nljuk fel. Figyelj\u00fcnk a megv\u00e1ltozott id\u0151pontra! * Minden helyen mindenkit szeretettel v\u00e1r a k\u00f6z\u00f6ss\u00e9g \u00e9s Tibor atya! * * Bens\u0151s\u00e9ges \u0151szi napokat, j\u00f3 munk\u00e1t, tartalmas besz\u00e9lget\u00e9seket \u00e9s \u00f6r\u00f6mteli tal\u00e1lkoz\u00e1sokat k\u00edv\u00e1nunk minden Kedves H\u00edv\u00fcnknek! * Sz\u00e9p Velence, \u0151si v\u00e1ros, zengj az \u00darnak \u00e9neket. Er\u00e9nyekben kiv\u00e1lts\u00e1gos, Gondvisel\u00e9s van veled, mert Gell\u00e9rtet a j\u00f3s\u00e1gos Isten adta teneked. \u00a0 S \u0151, az Isten v\u00e1lasztottja, n\u00e9ki adja \u00f6nmag\u00e1t. Lelke \u00fcdve lesz a gondja, v\u00e1llalv\u00e1n a Regul\u00e1t, f\u00f6ldi p\u00e1lya nem marasztja, Krisztus \u00fatj\u00e1n megy tov\u00e1bb. \u00a0 \u0150t e honban tiszteletben r\u00e9szes\u00edtik, mint aty\u00e1t. Hitet pl\u00e1nt\u00e1l, \u00e9s a mennyben sokszorozza j\u00f3k had\u00e1t, templomot rak, s mindenekben csod\u00e1lj\u00e1k al\u00e1zat\u00e1t. \u00a0 Legyen \u00e1ld\u00e1s \u00e9s im\u00e1dat H\u00e1roms\u00e1g-egy Istennek, az Aty\u00e1nak \u00e9s Fi\u00fanak s vel\u00fck a Szentl\u00e9leknek, ki a k\u00fczd\u0151knek er\u0151t ad, hogy gy\u0151zelmet nyerjenek. \u00c1men. (Himnusz Szent Gell\u00e9rt \u00fcnnep\u00e9re) * (Nyit\u00f3k\u00e9p forr\u00e1sa: Instagram)\" \/>\n<meta property=\"og:url\" content=\"https:\/\/stuttgarti-katolikusok.de\/index.php\/2025-szeptember-15-es-21-kozott\/\" \/>\n<meta property=\"og:site_name\" content=\"Stuttgarti Katolikusok\" \/>\n<meta property=\"article:published_time\" content=\"2025-09-15T16:28:20+00:00\" \/>\n<meta property=\"article:modified_time\" content=\"2025-09-15T17:36:29+00:00\" \/>\n<meta property=\"og:image\" content=\"https:\/\/stuttgarti-katolikusok.de\/wp-content\/uploads\/2023\/09\/img-20230919-wa0022.jpg\" \/>\n\t<meta property=\"og:image:width\" content=\"1076\" \/>\n\t<meta property=\"og:image:height\" content=\"1345\" \/>\n\t<meta property=\"og:image:type\" content=\"image\/jpeg\" \/>\n<meta name=\"author\" content=\"Tibor atya\" \/>\n<meta name=\"twitter:card\" content=\"summary_large_image\" \/>\n<meta name=\"twitter:label1\" content=\"Szerz\u0151:\" \/>\n\t<meta name=\"twitter:data1\" content=\"Tibor atya\" \/>\n\t<meta name=\"twitter:label2\" content=\"Becs\u00fclt olvas\u00e1si id\u0151\" \/>\n\t<meta name=\"twitter:data2\" content=\"3 perc\" \/>\n<script type=\"application\/ld+json\" class=\"yoast-schema-graph\">{\"@context\":\"https:\\\/\\\/schema.org\",\"@graph\":[{\"@type\":\"Article\",\"@id\":\"https:\\\/\\\/stuttgarti-katolikusok.de\\\/index.php\\\/2025-szeptember-15-es-21-kozott\\\/#article\",\"isPartOf\":{\"@id\":\"https:\\\/\\\/stuttgarti-katolikusok.de\\\/index.php\\\/2025-szeptember-15-es-21-kozott\\\/\"},\"author\":{\"name\":\"Tibor atya\",\"@id\":\"https:\\\/\\\/stuttgarti-katolikusok.de\\\/#\\\/schema\\\/person\\\/75908d6f8fdc03a57889d27209df7795\"},\"headline\":\"2025. SZEPTEMBER 15 \u00c9S 21 K\u00d6Z\u00d6TT\",\"datePublished\":\"2025-09-15T16:28:20+00:00\",\"dateModified\":\"2025-09-15T17:36:29+00:00\",\"mainEntityOfPage\":{\"@id\":\"https:\\\/\\\/stuttgarti-katolikusok.de\\\/index.php\\\/2025-szeptember-15-es-21-kozott\\\/\"},\"wordCount\":410,\"image\":{\"@id\":\"https:\\\/\\\/stuttgarti-katolikusok.de\\\/index.php\\\/2025-szeptember-15-es-21-kozott\\\/#primaryimage\"},\"thumbnailUrl\":\"https:\\\/\\\/stuttgarti-katolikusok.de\\\/wp-content\\\/uploads\\\/2023\\\/09\\\/img-20230919-wa0022.jpg\",\"articleSection\":[\"Progamel\u0151zetes\"],\"inLanguage\":\"hu\"},{\"@type\":\"WebPage\",\"@id\":\"https:\\\/\\\/stuttgarti-katolikusok.de\\\/index.php\\\/2025-szeptember-15-es-21-kozott\\\/\",\"url\":\"https:\\\/\\\/stuttgarti-katolikusok.de\\\/index.php\\\/2025-szeptember-15-es-21-kozott\\\/\",\"name\":\"2025. SZEPTEMBER 15 \u00c9S 21 K\u00d6Z\u00d6TT - Stuttgarti Katolikusok\",\"isPartOf\":{\"@id\":\"https:\\\/\\\/stuttgarti-katolikusok.de\\\/#website\"},\"primaryImageOfPage\":{\"@id\":\"https:\\\/\\\/stuttgarti-katolikusok.de\\\/index.php\\\/2025-szeptember-15-es-21-kozott\\\/#primaryimage\"},\"image\":{\"@id\":\"https:\\\/\\\/stuttgarti-katolikusok.de\\\/index.php\\\/2025-szeptember-15-es-21-kozott\\\/#primaryimage\"},\"thumbnailUrl\":\"https:\\\/\\\/stuttgarti-katolikusok.de\\\/wp-content\\\/uploads\\\/2023\\\/09\\\/img-20230919-wa0022.jpg\",\"datePublished\":\"2025-09-15T16:28:20+00:00\",\"dateModified\":\"2025-09-15T17:36:29+00:00\",\"author\":{\"@id\":\"https:\\\/\\\/stuttgarti-katolikusok.de\\\/#\\\/schema\\\/person\\\/75908d6f8fdc03a57889d27209df7795\"},\"breadcrumb\":{\"@id\":\"https:\\\/\\\/stuttgarti-katolikusok.de\\\/index.php\\\/2025-szeptember-15-es-21-kozott\\\/#breadcrumb\"},\"inLanguage\":\"hu\",\"potentialAction\":[{\"@type\":\"ReadAction\",\"target\":[\"https:\\\/\\\/stuttgarti-katolikusok.de\\\/index.php\\\/2025-szeptember-15-es-21-kozott\\\/\"]}]},{\"@type\":\"ImageObject\",\"inLanguage\":\"hu\",\"@id\":\"https:\\\/\\\/stuttgarti-katolikusok.de\\\/index.php\\\/2025-szeptember-15-es-21-kozott\\\/#primaryimage\",\"url\":\"https:\\\/\\\/stuttgarti-katolikusok.de\\\/wp-content\\\/uploads\\\/2023\\\/09\\\/img-20230919-wa0022.jpg\",\"contentUrl\":\"https:\\\/\\\/stuttgarti-katolikusok.de\\\/wp-content\\\/uploads\\\/2023\\\/09\\\/img-20230919-wa0022.jpg\",\"width\":1076,\"height\":1345},{\"@type\":\"BreadcrumbList\",\"@id\":\"https:\\\/\\\/stuttgarti-katolikusok.de\\\/index.php\\\/2025-szeptember-15-es-21-kozott\\\/#breadcrumb\",\"itemListElement\":[{\"@type\":\"ListItem\",\"position\":1,\"name\":\"Kezd\u0151lap\",\"item\":\"https:\\\/\\\/stuttgarti-katolikusok.de\\\/\"},{\"@type\":\"ListItem\",\"position\":2,\"name\":\"2025. SZEPTEMBER 15 \u00c9S 21 K\u00d6Z\u00d6TT\"}]},{\"@type\":\"WebSite\",\"@id\":\"https:\\\/\\\/stuttgarti-katolikusok.de\\\/#website\",\"url\":\"https:\\\/\\\/stuttgarti-katolikusok.de\\\/\",\"name\":\"Stuttgarti Katolikusok\",\"description\":\"\",\"potentialAction\":[{\"@type\":\"SearchAction\",\"target\":{\"@type\":\"EntryPoint\",\"urlTemplate\":\"https:\\\/\\\/stuttgarti-katolikusok.de\\\/?s={search_term_string}\"},\"query-input\":{\"@type\":\"PropertyValueSpecification\",\"valueRequired\":true,\"valueName\":\"search_term_string\"}}],\"inLanguage\":\"hu\"},{\"@type\":\"Person\",\"@id\":\"https:\\\/\\\/stuttgarti-katolikusok.de\\\/#\\\/schema\\\/person\\\/75908d6f8fdc03a57889d27209df7795\",\"name\":\"Tibor atya\",\"image\":{\"@type\":\"ImageObject\",\"inLanguage\":\"hu\",\"@id\":\"https:\\\/\\\/secure.gravatar.com\\\/avatar\\\/61d268e57d1f4525b111222e29d2d5a7f8c420fdbf231ba5566a8ceac74fa960?s=96&d=mm&r=g\",\"url\":\"https:\\\/\\\/secure.gravatar.com\\\/avatar\\\/61d268e57d1f4525b111222e29d2d5a7f8c420fdbf231ba5566a8ceac74fa960?s=96&d=mm&r=g\",\"contentUrl\":\"https:\\\/\\\/secure.gravatar.com\\\/avatar\\\/61d268e57d1f4525b111222e29d2d5a7f8c420fdbf231ba5566a8ceac74fa960?s=96&d=mm&r=g\",\"caption\":\"Tibor atya\"},\"url\":\"https:\\\/\\\/stuttgarti-katolikusok.de\\\/index.php\\\/author\\\/tibor-atya\\\/\"}]}<\/script>\n<!-- \/ Yoast SEO plugin. -->","yoast_head_json":{"title":"2025. SZEPTEMBER 15 \u00c9S 21 K\u00d6Z\u00d6TT - Stuttgarti Katolikusok","robots":{"index":"index","follow":"follow","max-snippet":"max-snippet:-1","max-image-preview":"max-image-preview:large","max-video-preview":"max-video-preview:-1"},"canonical":"https:\/\/stuttgarti-katolikusok.de\/index.php\/2025-szeptember-15-es-21-kozott\/","og_locale":"hu_HU","og_type":"article","og_title":"2025. SZEPTEMBER 15 \u00c9S 21 K\u00d6Z\u00d6TT - Stuttgarti Katolikusok","og_description":"Programel\u0151zetes * Szeptember 18-\u00e1n, cs\u00fct\u00f6rt\u00f6k\u00f6n, Weingarteni d\u00e9lut\u00e1n, a 14 Nothelfer Kapelle-ben 17.30 \u00f3rakor r\u00f3zsaf\u00fcz\u00e9rt im\u00e1dkozunk, 18.00 \u00f3rakor szentmise, keret\u00e9ben katek\u00e9zis. * Szeptember 19-\u00e9n,\u00a0p\u00e9nteken, Stuttgarti d\u00e9lut\u00e1n,\u00a017.30 \u00f3rakor\u00a0r\u00f3zsaf\u00fcz\u00e9rt im\u00e1dkozunk,\u00a0majd\u00a018.00 \u00f3rakor szentmise, keret\u00e9ben katek\u00e9zis. \u00a0* Szeptember 20-\u00e1n, szombaton, Heidenheimban 15.30 \u00f3rakor b\u00facs\u00fas-szentmise. A Szentmise keret\u00e9ben 3 gyermek keresztel\u00e9s\u00e9re is sor ker\u00fcl. Szentmise ut\u00e1n agap\u00e9,\u00a0keret\u00e9ben r\u00f6vid\u00a0kult\u00far\u00e1lis m\u0171sor. \u00a0* (R\u00e9szlet a Szent Istv\u00e1n miseruh\u00e1b\u00f3l) * Szeptember 21-\u00e9n, \u00c9vk\u00f6zi 25. vas\u00e1rnap, Stuttgartban (R\u00e9szlet a Szent Gell\u00e9rt miseruh\u00e1b\u00f3l) &#8211; 11.30 \u00f3rakor b\u00facs\u00fas-szentmise, Szent Gell\u00e9rt egyh\u00e1zk\u00f6zs\u00e9gi b\u00facs\u00fa. A szentmise f\u0151celebr\u00e1nsa \u00e9s igehirdet\u0151je Ft. Geg\u0151 Istv\u00e1n atya. &#8211; 13.00 \u00f3rakor k\u00f6z\u00f6s eb\u00e9d. \u00c9telr\u0151l \u00e9s italr\u00f3l mi magunk gondoskodunk. S\u00fctem\u00e9nyeket (s\u00f3s \u00e9s \u00e9des) \u00f6r\u00f6mmel fogadunk. &#8211;\u00a0 14.30 \u00f3rakor pedig Szab\u00f3 Kata orgonakoncertj\u00e9re ker\u00fcl sor. \u00a0Mind a szentmise, mind az orgonakoncert ideje alatt a gyermekekr\u0151l k\u00fcl\u00f6n gondoskodunk. \u00a0* Heilbronnban 18.00 \u00f3rakor szentmise, ut\u00e1na agap\u00e9. A szentmis\u00e9t j\u00falius h\u00f3napban elhunyt testv\u00e9r\u00fcnk\u00e9rt, K\u00f3bia Tam\u00e1s\u00e9rt aj\u00e1nljuk fel. Figyelj\u00fcnk a megv\u00e1ltozott id\u0151pontra! * Minden helyen mindenkit szeretettel v\u00e1r a k\u00f6z\u00f6ss\u00e9g \u00e9s Tibor atya! * * Bens\u0151s\u00e9ges \u0151szi napokat, j\u00f3 munk\u00e1t, tartalmas besz\u00e9lget\u00e9seket \u00e9s \u00f6r\u00f6mteli tal\u00e1lkoz\u00e1sokat k\u00edv\u00e1nunk minden Kedves H\u00edv\u00fcnknek! * Sz\u00e9p Velence, \u0151si v\u00e1ros, zengj az \u00darnak \u00e9neket. Er\u00e9nyekben kiv\u00e1lts\u00e1gos, Gondvisel\u00e9s van veled, mert Gell\u00e9rtet a j\u00f3s\u00e1gos Isten adta teneked. \u00a0 S \u0151, az Isten v\u00e1lasztottja, n\u00e9ki adja \u00f6nmag\u00e1t. Lelke \u00fcdve lesz a gondja, v\u00e1llalv\u00e1n a Regul\u00e1t, f\u00f6ldi p\u00e1lya nem marasztja, Krisztus \u00fatj\u00e1n megy tov\u00e1bb. \u00a0 \u0150t e honban tiszteletben r\u00e9szes\u00edtik, mint aty\u00e1t. Hitet pl\u00e1nt\u00e1l, \u00e9s a mennyben sokszorozza j\u00f3k had\u00e1t, templomot rak, s mindenekben csod\u00e1lj\u00e1k al\u00e1zat\u00e1t. \u00a0 Legyen \u00e1ld\u00e1s \u00e9s im\u00e1dat H\u00e1roms\u00e1g-egy Istennek, az Aty\u00e1nak \u00e9s Fi\u00fanak s vel\u00fck a Szentl\u00e9leknek, ki a k\u00fczd\u0151knek er\u0151t ad, hogy gy\u0151zelmet nyerjenek. \u00c1men. (Himnusz Szent Gell\u00e9rt \u00fcnnep\u00e9re) * (Nyit\u00f3k\u00e9p forr\u00e1sa: Instagram)","og_url":"https:\/\/stuttgarti-katolikusok.de\/index.php\/2025-szeptember-15-es-21-kozott\/","og_site_name":"Stuttgarti Katolikusok","article_published_time":"2025-09-15T16:28:20+00:00","article_modified_time":"2025-09-15T17:36:29+00:00","og_image":[{"width":1076,"height":1345,"url":"https:\/\/stuttgarti-katolikusok.de\/wp-content\/uploads\/2023\/09\/img-20230919-wa0022.jpg","type":"image\/jpeg"}],"author":"Tibor atya","twitter_card":"summary_large_image","twitter_misc":{"Szerz\u0151:":"Tibor atya","Becs\u00fclt olvas\u00e1si id\u0151":"3 perc"},"schema":{"@context":"https:\/\/schema.org","@graph":[{"@type":"Article","@id":"https:\/\/stuttgarti-katolikusok.de\/index.php\/2025-szeptember-15-es-21-kozott\/#article","isPartOf":{"@id":"https:\/\/stuttgarti-katolikusok.de\/index.php\/2025-szeptember-15-es-21-kozott\/"},"author":{"name":"Tibor atya","@id":"https:\/\/stuttgarti-katolikusok.de\/#\/schema\/person\/75908d6f8fdc03a57889d27209df7795"},"headline":"2025. SZEPTEMBER 15 \u00c9S 21 K\u00d6Z\u00d6TT","datePublished":"2025-09-15T16:28:20+00:00","dateModified":"2025-09-15T17:36:29+00:00","mainEntityOfPage":{"@id":"https:\/\/stuttgarti-katolikusok.de\/index.php\/2025-szeptember-15-es-21-kozott\/"},"wordCount":410,"image":{"@id":"https:\/\/stuttgarti-katolikusok.de\/index.php\/2025-szeptember-15-es-21-kozott\/#primaryimage"},"thumbnailUrl":"https:\/\/stuttgarti-katolikusok.de\/wp-content\/uploads\/2023\/09\/img-20230919-wa0022.jpg","articleSection":["Progamel\u0151zetes"],"inLanguage":"hu"},{"@type":"WebPage","@id":"https:\/\/stuttgarti-katolikusok.de\/index.php\/2025-szeptember-15-es-21-kozott\/","url":"https:\/\/stuttgarti-katolikusok.de\/index.php\/2025-szeptember-15-es-21-kozott\/","name":"2025. SZEPTEMBER 15 \u00c9S 21 K\u00d6Z\u00d6TT - Stuttgarti Katolikusok","isPartOf":{"@id":"https:\/\/stuttgarti-katolikusok.de\/#website"},"primaryImageOfPage":{"@id":"https:\/\/stuttgarti-katolikusok.de\/index.php\/2025-szeptember-15-es-21-kozott\/#primaryimage"},"image":{"@id":"https:\/\/stuttgarti-katolikusok.de\/index.php\/2025-szeptember-15-es-21-kozott\/#primaryimage"},"thumbnailUrl":"https:\/\/stuttgarti-katolikusok.de\/wp-content\/uploads\/2023\/09\/img-20230919-wa0022.jpg","datePublished":"2025-09-15T16:28:20+00:00","dateModified":"2025-09-15T17:36:29+00:00","author":{"@id":"https:\/\/stuttgarti-katolikusok.de\/#\/schema\/person\/75908d6f8fdc03a57889d27209df7795"},"breadcrumb":{"@id":"https:\/\/stuttgarti-katolikusok.de\/index.php\/2025-szeptember-15-es-21-kozott\/#breadcrumb"},"inLanguage":"hu","potentialAction":[{"@type":"ReadAction","target":["https:\/\/stuttgarti-katolikusok.de\/index.php\/2025-szeptember-15-es-21-kozott\/"]}]},{"@type":"ImageObject","inLanguage":"hu","@id":"https:\/\/stuttgarti-katolikusok.de\/index.php\/2025-szeptember-15-es-21-kozott\/#primaryimage","url":"https:\/\/stuttgarti-katolikusok.de\/wp-content\/uploads\/2023\/09\/img-20230919-wa0022.jpg","contentUrl":"https:\/\/stuttgarti-katolikusok.de\/wp-content\/uploads\/2023\/09\/img-20230919-wa0022.jpg","width":1076,"height":1345},{"@type":"BreadcrumbList","@id":"https:\/\/stuttgarti-katolikusok.de\/index.php\/2025-szeptember-15-es-21-kozott\/#breadcrumb","itemListElement":[{"@type":"ListItem","position":1,"name":"Kezd\u0151lap","item":"https:\/\/stuttgarti-katolikusok.de\/"},{"@type":"ListItem","position":2,"name":"2025. SZEPTEMBER 15 \u00c9S 21 K\u00d6Z\u00d6TT"}]},{"@type":"WebSite","@id":"https:\/\/stuttgarti-katolikusok.de\/#website","url":"https:\/\/stuttgarti-katolikusok.de\/","name":"Stuttgarti Katolikusok","description":"","potentialAction":[{"@type":"SearchAction","target":{"@type":"EntryPoint","urlTemplate":"https:\/\/stuttgarti-katolikusok.de\/?s={search_term_string}"},"query-input":{"@type":"PropertyValueSpecification","valueRequired":true,"valueName":"search_term_string"}}],"inLanguage":"hu"},{"@type":"Person","@id":"https:\/\/stuttgarti-katolikusok.de\/#\/schema\/person\/75908d6f8fdc03a57889d27209df7795","name":"Tibor atya","image":{"@type":"ImageObject","inLanguage":"hu","@id":"https:\/\/secure.gravatar.com\/avatar\/61d268e57d1f4525b111222e29d2d5a7f8c420fdbf231ba5566a8ceac74fa960?s=96&d=mm&r=g","url":"https:\/\/secure.gravatar.com\/avatar\/61d268e57d1f4525b111222e29d2d5a7f8c420fdbf231ba5566a8ceac74fa960?s=96&d=mm&r=g","contentUrl":"https:\/\/secure.gravatar.com\/avatar\/61d268e57d1f4525b111222e29d2d5a7f8c420fdbf231ba5566a8ceac74fa960?s=96&d=mm&r=g","caption":"Tibor atya"},"url":"https:\/\/stuttgarti-katolikusok.de\/index.php\/author\/tibor-atya\/"}]}},"_links":{"self":[{"href":"https:\/\/stuttgarti-katolikusok.de\/index.php\/wp-json\/wp\/v2\/posts\/31672","targetHints":{"allow":["GET"]}}],"collection":[{"href":"https:\/\/stuttgarti-katolikusok.de\/index.php\/wp-json\/wp\/v2\/posts"}],"about":[{"href":"https:\/\/stuttgarti-katolikusok.de\/index.php\/wp-json\/wp\/v2\/types\/post"}],"author":[{"embeddable":true,"href":"https:\/\/stuttgarti-katolikusok.de\/index.php\/wp-json\/wp\/v2\/users\/3"}],"replies":[{"embeddable":true,"href":"https:\/\/stuttgarti-katolikusok.de\/index.php\/wp-json\/wp\/v2\/comments?post=31672"}],"version-history":[{"count":4,"href":"https:\/\/stuttgarti-katolikusok.de\/index.php\/wp-json\/wp\/v2\/posts\/31672\/revisions"}],"predecessor-version":[{"id":31680,"href":"https:\/\/stuttgarti-katolikusok.de\/index.php\/wp-json\/wp\/v2\/posts\/31672\/revisions\/31680"}],"wp:featuredmedia":[{"embeddable":true,"href":"https:\/\/stuttgarti-katolikusok.de\/index.php\/wp-json\/wp\/v2\/media\/27221"}],"wp:attachment":[{"href":"https:\/\/stuttgarti-katolikusok.de\/index.php\/wp-json\/wp\/v2\/media?parent=31672"}],"wp:term":[{"taxonomy":"category","embeddable":true,"href":"https:\/\/stuttgarti-katolikusok.de\/index.php\/wp-json\/wp\/v2\/categories?post=31672"},{"taxonomy":"post_tag","embeddable":true,"href":"https:\/\/stuttgarti-katolikusok.de\/index.php\/wp-json\/wp\/v2\/tags?post=31672"}],"curies":[{"name":"wp","href":"https:\/\/api.w.org\/{rel}","templated":true}]}}