{"id":31662,"date":"2025-09-13T08:44:34","date_gmt":"2025-09-13T06:44:34","guid":{"rendered":"https:\/\/stuttgarti-katolikusok.de\/?p=31662"},"modified":"2025-09-13T08:48:09","modified_gmt":"2025-09-13T06:48:09","slug":"a-szent-kereszt-felmagasztalasa","status":"publish","type":"post","link":"https:\/\/stuttgarti-katolikusok.de\/index.php\/a-szent-kereszt-felmagasztalasa\/","title":{"rendered":"A Szent Kereszt felmagasztal\u00e1sa"},"content":{"rendered":"<p><span style=\"color: #ff6600;\"><em>Szeptember 14-\u00e9n A Szent Kereszt felmagasztal\u00e1s\u00e1nak \u00fcnnep\u00e9t \u00fclj\u00fck. Jeruzs\u00e1lemben \u00e9vr\u0151l \u00e9vre felmutatt\u00e1k a keresztfa ott \u0151rz\u00f6tt darabj\u00e1t a Szent S\u00edr-bazilika felszentel\u00e9s\u00e9nek \u00e9vfordul\u00f3j\u00e1n. Egy\u00fattal azt is \u00fcnnepelj\u00fck, hogy H\u00e9rakleiosz cs\u00e1sz\u00e1r 629-ben szem\u00e9lyesen vitte vissza \u0151rz\u00e9si hely\u00e9re a keresztfa-erekly\u00e9t, amelyet el\u0151z\u0151leg a perzs\u00e1k elraboltak.<\/em><\/span><\/p>\n<p><span style=\"color: #ff6600;\"><em>Ha a kereszt eredet\u00e9t kutatjuk vissza kell menn\u00fcnk eg\u00e9szen az \u00d3korba, a perzs\u00e1khoz. A perzs\u00e1kt\u00f3l terjedt el a kereszt, amely kiv\u00e9gz\u00e9si eszk\u00f6z volt. T\u0151l\u00fck vett\u00e9k \u00e1t t\u00f6bbek k\u00f6z\u00f6tt a r\u00f3maiak is ezt a kiv\u00e9gz\u00e9si m\u00f3dot. A keresztutak szok\u00e1sos \u00e1br\u00e1zol\u00e1s\u00e1val ellent\u00e9tben az el\u00edt\u00e9lt nem az eg\u00e9sz keresztet vitte a veszt\u0151helyre, hanem csak a v\u00edzszintes sz\u00e1r\u00e1t, amelyet kiterjesztett karjaira k\u00f6t\u00f6ttek, s amelynek s\u00falya j\u00f3 30-40 kg-ot tett ki. A veszt\u0151helyen sz\u00f6gezt\u00e9k kezeit a v\u00edzszintes gerend\u00e1ba, majd illesztett\u00e9k azt a mindig a veszt\u0151helyen be\u00e1sott f\u00fcgg\u0151leges oszlopba, s v\u00e9g\u00fcl a l\u00e1b\u00e1t is odasz\u00f6gezt\u00e9k az el\u00edt\u00e9ltnek. Az el\u00edt\u00e9ltnek rettenetes k\u00ednokat kellett ki\u00e1llni, mire el\u00e9rkezett a hal\u00e1l, s ez a haldokl\u00e1s sokszor napokig is eltartott. Oly rettenetes kiv\u00e9gz\u00e9si m\u00f3d volt, hogy a R\u00f3mai Birodalomban ezt a r\u00f3mai polg\u00e1rokra nem volt szabad alkalmazni. Csak a gyilkosok, l\u00e1zad\u00f3k, rabszolg\u00e1k, b\u0171n\u00f6s\u00f6k kiv\u00e9gz\u00e9si m\u00f3dszere volt, amint az Kr. e. 71-ben t\u00f6rt\u00e9nt, amikor Crassus leverte a Spartacus f\u00e9le rabszolgafelkel\u00e9st \u00e9s elrettent\u00e9s\u00fcl az egyik R\u00f3m\u00e1ba vezet\u0151 \u00fat mellett 6.000 ragszolg\u00e1t fesz\u00edtett keresztre. Ak\u00e1rhogy is sz\u00e9p\u00edten\u00e9nk a dolgot a kereszt v\u00e9gs\u0151 soron eredet\u00e9t tekintve egy bit\u00f3fa. Olyan bit\u00f3fa, kiv\u00e9gz\u0151eszk\u00f6z a kereszt, mint ma az akaszt\u00f3fa, vagy az villamossz\u00e9k. S ez a rettenetes k\u00ednz\u00f3szersz\u00e1m csak az\u00e9rt maradt meg az eur\u00f3pai kult\u00far\u00e1ban, mert J\u00e9zus Krisztus, a Megv\u00e1lt\u00f3, ezen szenvedett \u00e9s halt meg.<\/em><\/span><\/p>\n<p><span style=\"color: #ff6600;\"><em>Az \u00fcnnepi szentmise els\u0151 k\u00f6ny\u00f6rg\u00e9s\u00e9ben a teremt\u0151 \u00e9s gondvisel\u0151 Isten irgalmas j\u00f3s\u00e1g\u00e1\u00e9rt esd\u00fcnk, hogy eg\u00e9sz sz\u00edvvel szolg\u00e1lhassunk. Eg\u00e9sz sz\u00edvvel szolg\u00e1lni, teljes odaad\u00e1st jelent. \u00d6nzetlen\u00fcl, sz\u00e1m\u00edtgat\u00e1s n\u00e9lk\u00fcl \u00e9s szabadon.<\/em><\/span><\/p>\n<p><span style=\"color: #ff6600;\"><em>Az olvasm\u00e1nyban a v\u00e1lasztott n\u00e9p pusztai v\u00e1ndorl\u00e1s\u00e1r\u00f3l hallhatunk, s k\u00f6zben \u00e9rdekes k\u00e9p rajzol\u00f3dik ki. Belef\u00e1radnak a v\u00e1ndorl\u00e1sba \u00e9s z\u00fagol\u00f3dni kezdenek. Ma erre az \u00e1llapotra azt mondan\u00e1nk, hogy ki\u00e9gtek. P\u00e1rhuzamot vonva, elmondhatjuk, hogy korunk ember\u00e9t is m\u00e9lyen \u00e9rinti ez a fajta \u00e1llapot. Lehets\u00e9ges ennek az \u00e1llapotnak felold\u00e1sa? Igen, ezt a v\u00e1laszt olvashatjuk a t\u00f6rt\u00e9net folytat\u00e1s\u00e1ban. Els\u0151 l\u00e9p\u00e9s: beismerik b\u0171n\u00f6ss\u00e9g\u00fcket. Azt k\u00f6vet\u0151en pedig M\u00f3zes r\u00e9zk\u00edgy\u00f3t k\u00e9sz\u00edttet, melyet kit\u0171z\u00f6tt jel\u00fcl egy f\u00e1ra. Ott \u00e9s akkor, akik r\u00e1tekintettek, meggy\u00f3gyultak. A k\u00e9p a Szent Kereszt el\u0151k\u00e9pe. Krisztus keresztje ez\u00e9rt sz\u00e1munkra az \u00fcdv\u00f6ss\u00e9g f\u00e1ja.<\/em><\/span><\/p>\n<p><span style=\"color: #ff6600;\"><em>A szentleck\u00e9ben a legm\u00e9lyebb kereszt\u00e9ny tan\u00edt\u00e1st hallhatjuk. Krisztus szolg\u00e1l\u00f3 szeretete nem ismer hat\u00e1rokat. Ezt fejezi ki a ken\u00f3zis (\u00f6nki\u00fcres\u00edt\u00e9s) teol\u00f3gi\u00e1ja. A kereszt\u00e1ldozatban arr\u00f3l van sz\u00f3, hogy Isten Fia \u00f6nk\u00e9nt, saj\u00e1t elhat\u00e1roz\u00e1s\u00e1b\u00f3l belehal a szeretetbe. Nem ismeretlen sz\u00e1munkra a szeretetnek ez a magasfoka az emberek k\u00f6z\u00f6tt, mert gondoljunk a szerelmesekre, vagy a h\u00e1zast\u00e1rsakra, vagy a gyermek\u00e9\u00e9rt agg\u00f3d\u00f3 any\u00e1ra amikor azt halljuk, hogy &#8222;belehaln\u00e9k, ha t\u00f6rt\u00e9nne valami bajod, belehaln\u00e9k, ha elvesz\u00edten\u00e9lek&#8221;. Ez t\u00f6rt\u00e9nt a kereszten: J\u00e9zus bele is halt ebbe az agg\u00f3d\u00e1sba, ebbe a mindent f\u00e9lt\u0151 szeretetbe. Mert &#8222;\u00dagy szerette Isten a vil\u00e1got, hogy egysz\u00fcl\u00f6tt Fi\u00e1t adta oda, hogy mindaz, aki benne hisz el ne vesszen, hanem \u00f6r\u00f6kk\u00e9 \u00e9ljen.&#8221;<\/em><\/span><\/p>\n<p><span style=\"color: #ff6600;\"><em>\u00cdgy tan\u00edt benn\u00fcnket Jzus Krisztus keresztje!<\/em><\/span><\/p>\n<p><span style=\"color: #ff0000;\">Kezd\u0151\u00e9nek:<\/span><br \/>\nAdj b\u00e9k\u00e9t, Urunk, azoknak, akik benned b\u00edznak, hogy pr\u00f3f\u00e9t\u00e1id igazmond\u00f3knak bizonyuljanak; hallgasd meg szolg\u00e1d, \u00e9s a te n\u00e9ped, Izrael k\u00f6ny\u00f6rg\u00e9s\u00e9t. (V\u00f6. Sir 36,18)<\/p>\n<p><span style=\"color: #ff0000;\">K\u00f6ny\u00f6rg\u00e9s:<\/span><br \/>\nMindens\u00e9g teremt\u0151 \u00e9s gondvisel\u0151 Istene, tekints re\u00e1nk \u00e9s engedd \u00e9rezn\u00fcnk irgalmas j\u00f3s\u00e1god, hogy eg\u00e9sz sz\u00edvvel szolg\u00e1ljunk neked. A mi Urunk, J\u00e9zus Krisztus, a te Fiad \u00e1ltal, aki veled \u00e9l \u00e9s uralkodik a Szentl\u00e9lekkel egys\u00e9gben, Isten mind\u00f6r\u00f6kk\u00f6n \u00f6r\u00f6kk\u00e9.<\/p>\n<p><span style=\"color: #ff0000;\">OLVASM\u00c1NY a Sz\u00e1mok k\u00f6nyv\u00e9b\u0151l (Sz\u00e1m 21,4b-9)<\/span><br \/>\n<em>Akik a Felf<\/em><em>\u00fcggesztettre n<\/em><em>\u00e9znek, meggy<\/em><em>\u00f3gyulnak.<\/em><br \/>\nAz Egyiptomb\u00f3l val\u00f3 kivonul\u00e1s idej\u00e9n a v\u00e1lasztott n\u00e9p elhagyta a H\u00f3r hegy\u00e9t, \u00e9s Edom f\u00f6ldj\u00e9t megker\u00fclve a V\u00f6r\u00f6s-tenger fel\u00e9 haladt.<br \/>\nA n\u00e9p azonban belef\u00e1radt a v\u00e1ndorl\u00e1sba, \u00e9s z\u00fagol\u00f3dni kezdett Isten \u00e9s M\u00f3zes ellen:<br \/>\n\u201eMi\u00e9rt hozt\u00e1l ki minket Egyiptomb\u00f3l, az\u00e9rt, hogy meghaljunk itt a puszt\u00e1ban? Nincsen keny\u00e9r, nincsen iv\u00f3v\u00edz, \u00e9s unjuk m\u00e1r e semmit \u00e9r\u0151 manna-\u00e9tket is!\u201d<br \/>\nAz \u00dar ekkor m\u00e9rges k\u00edgy\u00f3kat k\u00fcld\u00f6tt a n\u00e9pre, s ezek megmart\u00e1k \u0151ket, \u00fagyhogy Izrael fiai k\u00f6z\u00fcl sokan meghaltak.<br \/>\nErre M\u00f3zes el\u00e9 j\u00e1rultak, \u00e9s \u00edgy k\u00e9rlelt\u00e9k \u0151t: \u201eV\u00e9tkezt\u00fcnk, l\u00e1zadoztunk Isten ellen \u00e9s teellened. Im\u00e1dkozz\u00e1l, hogy a k\u00edgy\u00f3kat vegye el t\u0151l\u00fcnk az \u00dar!\u201d<br \/>\nM\u00f3zes teh\u00e1t k\u00f6zbenj\u00e1rt a n\u00e9p\u00e9rt, \u00e9s az \u00dar \u00edgy v\u00e1laszolt: \u201eCsin\u00e1ltass egy r\u00e9zk\u00edgy\u00f3t, \u00e9s t\u0171zd ki jel\u00fcl egy f\u00e1ra. Akit mar\u00e1s \u00e9rt \u00e9s r\u00e1tekint, az \u00e9letben marad.\u201d<br \/>\nCsin\u00e1ltatott is M\u00f3zes egy r\u00e9zk\u00edgy\u00f3t, \u00e9s kit\u0171zte jel\u00fcl egy f\u00e1ra. Akit megmartak a k\u00edgy\u00f3k, de f\u00f6ltekintett a r\u00e9zk\u00edgy\u00f3ra, az \u00e9letben maradt.<br \/>\nEz az Isten ig\u00e9je.<\/p>\n<p><span style=\"color: #ff0000;\">V\u00c1LASZOS ZSOLT\u00c1R (Zsolt 77,1-2.34-35.36-37.38)<\/span><br \/>\nV\u00e1lasz:\u00a0<strong>El ne feledj<\/strong><strong>\u00e9tek * Urunknak nagy tetteit!<\/strong>\u00a0(V\u00f6. 7c. vers. &#8211; 2. t\u00f3nus)<br \/>\nEl\u0151\u00e9nekes: Figyelj tan\u00edt\u00e1somra, n\u00e9pem, * hallgassatok ajkam ig\u00e9ire.<br \/>\nP\u00e9ldabesz\u00e9dekre nyitom meg ajkam, * \u0151sid\u0151k titkait hirdetem nektek.<br \/>\nH\u00edvek: El ne feledj\u00e9tek * Urunknak nagy tetteit!<br \/>\nE: Amikor \u00f6ld\u00f6k\u00f6lte \u0151ket, \u2020 keresni kezdt\u00e9k \u0151t, * megt\u00e9rtek, \u00e9s hozz\u00e1 siettek.<br \/>\nR\u00e1eszm\u00e9ltek, hogy Isten a k\u0151szikl\u00e1juk, * a f\u00f6ls\u00e9ges Isten a szabad\u00edt\u00f3juk.<br \/>\nH: El ne feledj\u00e9tek * Urunknak nagy tetteit!<br \/>\nE: Sz\u00e1jukkal azonban hamisan sz\u00f3ltak, * \u00e9s nyelv\u00fckkel hazudtak neki.<br \/>\nNem volt \u0151szinte hozz\u00e1 sz\u00edv\u00fck, * s nem maradtak h\u0171ek sz\u00f6vets\u00e9g\u00e9hez.<br \/>\nH: El ne feledj\u00e9tek * Urunknak nagy tetteit!<br \/>\nE: De \u0151 m\u00e9gis megk\u00f6ny\u00f6r\u00fclt rajtuk, * elengedte b\u0171n\u00fcket, \u00e9s nem sz\u00f3rta sz\u00e9t \u0151ket.<br \/>\n\u00dajra meg \u00fajra f\u00e9kezte haragj\u00e1t, * nem engedte fellobbanni indulata l\u00e1ngj\u00e1t.<br \/>\nH: El ne feledj\u00e9tek * Urunknak nagy tetteit!<\/p>\n<p><span style=\"color: #ff0000;\">SZENTLECKE Szent P\u00e1l apostolnak a filippiekhez \u00edrt level\u00e9b\u0151l (Fil 2,6-11)<\/span><br \/>\n<em>Megal<\/em><em>\u00e1zta mag<\/em><em>\u00e1t, ez<\/em><em>\u00e9rt az Isten felmagasztalta <\/em><em>\u0151t.<\/em><br \/>\nTestv\u00e9reim!<br \/>\nKrisztus J\u00e9zus, mint Isten, az Istennel val\u00f3 egyenl\u0151s\u00e9get nem tartotta olyan dolognak, amelyhez felt\u00e9tlen\u00fcl ragaszkodnia kell, hanem szolgai alakot \u00f6lt\u00f6tt, ki\u00fcres\u00edtette \u00f6nmag\u00e1t, \u00e9s hasonl\u00f3 lett az emberekhez. Megal\u00e1zta \u00f6nmag\u00e1t, \u00e9s engedelmes lett a hal\u00e1lig, m\u00e9gpedig a kereszthal\u00e1lig.<br \/>\nEz\u00e9rt Isten felmagasztalta \u0151t, \u00e9s olyan nevet adott neki, amely f\u00f6l\u00f6tte van minden n\u00e9vnek, hogy J\u00e9zus nev\u00e9re hajoljon meg minden t\u00e9rd a mennyben, a f\u00f6ld\u00f6n, \u00e9s az alvil\u00e1gban, \u00e9s minden nyelv hirdesse az Atyaisten dics\u0151s\u00e9g\u00e9re, hogy J\u00e9zus Krisztus az \u00dar.<br \/>\nEz az Isten ig\u00e9je.<\/p>\n<p><span style=\"color: #ff0000;\">ALLELUJA<\/span><br \/>\nIm\u00e1dunk t\u00e9ged, Krisztus, \u00e9s \u00e1ldunk t\u00e9ged, * mert szent kereszted \u00e1ltal megv\u00e1ltottad a vil\u00e1got. \u2013 8 G. t\u00f3nus,<\/p>\n<p><span style=\"color: #ff0000;\">\u2020 EVANG\u00c9LIUM Szent J\u00e1nos k\u00f6nyv\u00e9b\u0151l (Jn 3,13-17)<\/span><br \/>\n<em>Az Emberfi<\/em><em>\u00e1t felmagasztalj<\/em><em>\u00e1k a kereszten.<\/em><br \/>\nAbban az id\u0151ben J\u00e9zus ezt mondta Nikod\u00e9musnak: Senki sem ment f\u00f6l a mennybe, csak az, aki a mennyb\u0151l al\u00e1sz\u00e1llott: az Emberfia, aki a mennyben van.<br \/>\nAhogy M\u00f3zes f\u00f6lemelte a k\u00edgy\u00f3t a puszt\u00e1ban, \u00fagy fogj\u00e1k f\u00f6lemelni az Emberfi\u00e1t is, hogy aki hisz benne, el ne vesszen, hanem \u00f6r\u00f6kk\u00e9 \u00e9ljen.<br \/>\nMert \u00fagy szerette Isten a vil\u00e1got, hogy egysz\u00fcl\u00f6tt Fi\u00e1t adta oda, hogy aki benne hisz, el ne vesszen, hanem \u00f6r\u00f6k \u00e9lete legyen. Isten nem az\u00e9rt k\u00fcldte Fi\u00e1t a vil\u00e1gba, hogy el\u00edt\u00e9lje a vil\u00e1got, hanem hogy \u00e1ltala \u00fcdv\u00f6z\u00fclj\u00f6n a vil\u00e1g.<br \/>\nEzek az evang\u00e9lium ig\u00e9i.<\/p>\n<p><span style=\"color: #ff0000;\">EGYETEMES K\u00d6NY\u00d6RG\u00c9SEK<\/span><br \/>\nPap: Im\u00e1dkozzunk, testv\u00e9reim, hogy \u00dcdv\u00f6z\u00edt\u0151nknek \u00e9rt\u00fcnk v\u00e1llalt kereszthal\u00e1la szolg\u00e1ljon mindny\u00e1junk \u00fcdv\u00f6ss\u00e9g\u00e9re!<br \/>\nLektor: 1. Hogy h\u00edv\u0151 n\u00e9ped megtisztuljon a b\u0171n minden szennyfoltj\u00e1t\u00f3l szent v\u00e9red \u00e1ltal!<br \/>\nH\u00edvek: K\u00e9r\u00fcnk t\u00e9ged, hallgass meg minket!<br \/>\n2. Hogy Egyh\u00e1zad p\u00e1sztorai szent v\u00e9red \u00e1ltal meger\u0151s\u00f6dve p\u00e9ld\u00e1t mutassanak a kereszt t\u00fcrelmes hordoz\u00e1s\u00e1ra!<br \/>\n3. Hogy az \u00e1llamok vezet\u0151i \u00e1ldozatra k\u00e9sz lelk\u00fclettel munk\u00e1lj\u00e1k n\u00e9p\u00fck boldogul\u00e1s\u00e1t!<br \/>\n4. Hogy a szenved\u0151k \u00e9s a betegek szent v\u00e9red erej\u00e9b\u0151l vigasztal\u00e1st mer\u00edtsenek!<br \/>\n5. Hogy a kereszten kiontott szent v\u00e9red szabadul\u00e1st adjon a szenved\u0151 \u00e9s tisztul\u00f3 lelkeknek!<br \/>\nPap: K\u00e9r\u00fcnk, Urunk, tekints csal\u00e1dodra, amely\u00e9rt a te szent Fiad, J\u00e9zus Krisztus vonakod\u00e1s n\u00e9lk\u00fcl a gonoszok kez\u00e9re adta mag\u00e1t, \u00e9s v\u00e1llalta a kereszthal\u00e1l gy\u00f6trelm\u00e9t. Aki \u00e9l \u00e9s uralkodik mind\u00f6r\u00f6kk\u00f6n \u00f6r\u00f6kk\u00e9.<br \/>\nH\u00edvek: \u00c1men.<\/p>\n<p><span style=\"color: #ff0000;\">Felaj\u00e1nl\u00f3 k\u00f6ny\u00f6rg\u00e9s:<\/span><br \/>\nFogadd kegyesen k\u00f6ny\u00f6rg\u00e9seinket, Urunk Isten\u00fcnk, \u00e9s vedd sz\u00edvesen h\u00edveid \u00e1ldozati adom\u00e1nyait, hogy amit most neved dics\u0151s\u00e9g\u00e9re egyenk\u00e9nt felaj\u00e1nlottunk, mindny\u00e1junk \u00fcdv\u00f6ss\u00e9g\u00e9re v\u00e1lj\u00e9k. Krisztus, a mi Urunk \u00e1ltal.<\/p>\n<p><span style=\"color: #ff0000;\">Pref\u00e1ci\u00f3:<\/span><br \/>\nMert val\u00f3ban m\u00e9lt\u00f3 \u00e9s igazs\u00e1gos, ill\u0151 \u00e9s \u00fcdv\u00f6s, hogy mindig \u00e9s minden\u00fctt h\u00e1l\u00e1t adjunk n\u00e9ked, mi Urunk, szents\u00e9ges Aty\u00e1nk, mindenhat\u00f3, \u00f6r\u00f6k Isten:<br \/>\nA b\u0171n ugyan elszak\u00edtotta fiaidat t\u0151led, de szent Fiad v\u00e9re \u00e9s Szentlelked ereje \u00e1ltal te \u00fajb\u00f3l magad k\u00f6r\u00e9 akartad gy\u0171jteni \u0151ket:<br \/>\nhogy n\u00e9ped, amelyet a Szenth\u00e1roms\u00e1g egy Isten egyes\u00edt, a Te m\u00e9rhetetlen b\u00f6lcsess\u00e9ged dics\u00e9ret\u00e9re Egyh\u00e1zz\u00e1 v\u00e1lj\u00e9k, mint Krisztus teste \u00e9s a Szentl\u00e9lek temploma.<br \/>\n\u00c9s ez\u00e9rt mi is az angyalok k\u00f3rus\u00e1hoz t\u00e1rsulunk, dics\u0151\u00edt\u00fcnk T\u00e9ged, \u00e9s ujjongva zengj\u00fck:<\/p>\n<p><span style=\"color: #ff0000;\">\u00c1ldoz\u00e1si \u00e9nek:<\/span><br \/>\nMilyen dr\u00e1ga a te irgalmad, Isten! Az emberek fiai sz\u00e1rnyad \u00e1rny\u00e9k\u00e1ban tal\u00e1lnak mened\u00e9ket. (V\u00f6. Zsolt 35,8)<br \/>\n<span style=\"color: #ff0000;\"><em>Vagy<\/em><\/span><br \/>\nAz \u00e1ld\u00e1s kelyhe, amelyet meg\u00e1ldunk, Krisztus v\u00e9r\u00e9ben r\u00e9szes\u00edt; a keny\u00e9r pedig, amelyet megt\u00f6r\u00fcnk, az \u00dar test\u00e9be kapcsol. (V\u00f6. 1Kor 10,16)<\/p>\n<p><span style=\"color: #ff0000;\">\u00c1ldoz\u00e1s ut\u00e1ni k\u00f6ny\u00f6rg\u00e9s:<\/span><br \/>\nMennyei aj\u00e1nd\u00e9kod \u00e9ltet\u0151 ereje j\u00e1rja \u00e1t lelk\u00fcnket \u00e9s test\u00fcnket, Urunk, Isten\u00fcnk, hogy ne a mi \u00f6szt\u00f6n\u00f6s term\u00e9szet\u00fcnk uralkodj\u00e9k benn\u00fcnk, hanem e szents\u00e9g hat\u00e1sa ir\u00e1ny\u00edtson minket mindenkor. Krisztus, a mi Urunk \u00e1ltal.<\/p>\n<p><em>(K\u00e9p forr\u00e1sa: Biberach &#8211; Zur Heiligsten Dreifaltigkeit Kirche)<\/em><\/p>\n","protected":false},"excerpt":{"rendered":"<p>Szeptember 14-\u00e9n A Szent Kereszt felmagasztal\u00e1s\u00e1nak \u00fcnnep\u00e9t \u00fclj\u00fck. Jeruzs\u00e1lemben \u00e9vr\u0151l \u00e9vre felmutatt\u00e1k a keresztfa ott \u0151rz\u00f6tt darabj\u00e1t a Szent S\u00edr-bazilika felszentel\u00e9s\u00e9nek \u00e9vfordul\u00f3j\u00e1n. Egy\u00fattal azt is \u00fcnnepelj\u00fck, hogy H\u00e9rakleiosz cs\u00e1sz\u00e1r 629-ben szem\u00e9lyesen vitte vissza \u0151rz\u00e9si hely\u00e9re a keresztfa-erekly\u00e9t, amelyet el\u0151z\u0151leg a perzs\u00e1k elraboltak. Ha a kereszt eredet\u00e9t kutatjuk vissza kell menn\u00fcnk eg\u00e9szen az \u00d3korba, a perzs\u00e1khoz. A perzs\u00e1kt\u00f3l terjedt el a kereszt, amely kiv\u00e9gz\u00e9si eszk\u00f6z volt. T\u0151l\u00fck vett\u00e9k \u00e1t t\u00f6bbek k\u00f6z\u00f6tt a r\u00f3maiak is ezt a kiv\u00e9gz\u00e9si m\u00f3dot. A keresztutak szok\u00e1sos \u00e1br\u00e1zol\u00e1s\u00e1val ellent\u00e9tben az el\u00edt\u00e9lt nem az eg\u00e9sz keresztet vitte a veszt\u0151helyre, hanem csak a v\u00edzszintes sz\u00e1r\u00e1t, amelyet kiterjesztett karjaira k\u00f6t\u00f6ttek, s amelynek s\u00falya j\u00f3 30-40 kg-ot tett ki. A veszt\u0151helyen sz\u00f6gezt\u00e9k kezeit a v\u00edzszintes gerend\u00e1ba, majd illesztett\u00e9k azt a mindig a veszt\u0151helyen be\u00e1sott f\u00fcgg\u0151leges oszlopba, s v\u00e9g\u00fcl a l\u00e1b\u00e1t is odasz\u00f6gezt\u00e9k az el\u00edt\u00e9ltnek. Az el\u00edt\u00e9ltnek rettenetes k\u00ednokat kellett ki\u00e1llni, mire el\u00e9rkezett a hal\u00e1l, s ez a haldokl\u00e1s sokszor napokig is eltartott. Oly rettenetes kiv\u00e9gz\u00e9si m\u00f3d volt, hogy a R\u00f3mai Birodalomban ezt a r\u00f3mai polg\u00e1rokra nem volt szabad alkalmazni. Csak a gyilkosok, l\u00e1zad\u00f3k, rabszolg\u00e1k, b\u0171n\u00f6s\u00f6k kiv\u00e9gz\u00e9si m\u00f3dszere volt, amint az Kr. e. 71-ben t\u00f6rt\u00e9nt, amikor Crassus leverte a Spartacus f\u00e9le rabszolgafelkel\u00e9st \u00e9s elrettent\u00e9s\u00fcl az egyik R\u00f3m\u00e1ba vezet\u0151 \u00fat mellett 6.000 ragszolg\u00e1t fesz\u00edtett keresztre. Ak\u00e1rhogy is sz\u00e9p\u00edten\u00e9nk a dolgot a kereszt v\u00e9gs\u0151 soron eredet\u00e9t tekintve egy bit\u00f3fa. Olyan bit\u00f3fa, kiv\u00e9gz\u0151eszk\u00f6z a kereszt, mint ma az akaszt\u00f3fa, vagy az villamossz\u00e9k. S ez a rettenetes k\u00ednz\u00f3szersz\u00e1m csak az\u00e9rt maradt meg az eur\u00f3pai kult\u00far\u00e1ban, mert J\u00e9zus Krisztus, a Megv\u00e1lt\u00f3, ezen szenvedett \u00e9s halt meg. Az \u00fcnnepi szentmise els\u0151 k\u00f6ny\u00f6rg\u00e9s\u00e9ben a teremt\u0151 \u00e9s gondvisel\u0151 Isten irgalmas j\u00f3s\u00e1g\u00e1\u00e9rt esd\u00fcnk, hogy eg\u00e9sz sz\u00edvvel szolg\u00e1lhassunk. Eg\u00e9sz sz\u00edvvel szolg\u00e1lni, teljes odaad\u00e1st jelent. \u00d6nzetlen\u00fcl, sz\u00e1m\u00edtgat\u00e1s n\u00e9lk\u00fcl \u00e9s szabadon. Az olvasm\u00e1nyban a v\u00e1lasztott n\u00e9p pusztai v\u00e1ndorl\u00e1s\u00e1r\u00f3l hallhatunk, s k\u00f6zben \u00e9rdekes k\u00e9p rajzol\u00f3dik ki. Belef\u00e1radnak a v\u00e1ndorl\u00e1sba \u00e9s z\u00fagol\u00f3dni kezdenek. Ma erre az&#8230; <\/p>\n<p><a class=\"readmore\" href=\"https:\/\/stuttgarti-katolikusok.de\/index.php\/a-szent-kereszt-felmagasztalasa\/\">R\u00e9szletek<\/a><\/p>\n","protected":false},"author":3,"featured_media":29357,"comment_status":"closed","ping_status":"closed","sticky":false,"template":"","format":"standard","meta":{"footnotes":""},"categories":[85,63],"tags":[],"class_list":["post-31662","post","type-post","status-publish","format-standard","has-post-thumbnail","hentry","category-a-liturgia-olvasmanyai","category-vasarnapi-gondolatok"],"yoast_head":"<!-- This site is optimized with the Yoast SEO plugin v27.3 - https:\/\/yoast.com\/product\/yoast-seo-wordpress\/ -->\n<title>A Szent Kereszt felmagasztal\u00e1sa - Stuttgarti Katolikusok<\/title>\n<meta name=\"robots\" content=\"index, follow, max-snippet:-1, max-image-preview:large, max-video-preview:-1\" \/>\n<link rel=\"canonical\" href=\"https:\/\/stuttgarti-katolikusok.de\/index.php\/a-szent-kereszt-felmagasztalasa\/\" \/>\n<meta property=\"og:locale\" content=\"hu_HU\" \/>\n<meta property=\"og:type\" content=\"article\" \/>\n<meta property=\"og:title\" content=\"A Szent Kereszt felmagasztal\u00e1sa - Stuttgarti Katolikusok\" \/>\n<meta property=\"og:description\" content=\"Szeptember 14-\u00e9n A Szent Kereszt felmagasztal\u00e1s\u00e1nak \u00fcnnep\u00e9t \u00fclj\u00fck. Jeruzs\u00e1lemben \u00e9vr\u0151l \u00e9vre felmutatt\u00e1k a keresztfa ott \u0151rz\u00f6tt darabj\u00e1t a Szent S\u00edr-bazilika felszentel\u00e9s\u00e9nek \u00e9vfordul\u00f3j\u00e1n. Egy\u00fattal azt is \u00fcnnepelj\u00fck, hogy H\u00e9rakleiosz cs\u00e1sz\u00e1r 629-ben szem\u00e9lyesen vitte vissza \u0151rz\u00e9si hely\u00e9re a keresztfa-erekly\u00e9t, amelyet el\u0151z\u0151leg a perzs\u00e1k elraboltak. Ha a kereszt eredet\u00e9t kutatjuk vissza kell menn\u00fcnk eg\u00e9szen az \u00d3korba, a perzs\u00e1khoz. A perzs\u00e1kt\u00f3l terjedt el a kereszt, amely kiv\u00e9gz\u00e9si eszk\u00f6z volt. T\u0151l\u00fck vett\u00e9k \u00e1t t\u00f6bbek k\u00f6z\u00f6tt a r\u00f3maiak is ezt a kiv\u00e9gz\u00e9si m\u00f3dot. A keresztutak szok\u00e1sos \u00e1br\u00e1zol\u00e1s\u00e1val ellent\u00e9tben az el\u00edt\u00e9lt nem az eg\u00e9sz keresztet vitte a veszt\u0151helyre, hanem csak a v\u00edzszintes sz\u00e1r\u00e1t, amelyet kiterjesztett karjaira k\u00f6t\u00f6ttek, s amelynek s\u00falya j\u00f3 30-40 kg-ot tett ki. A veszt\u0151helyen sz\u00f6gezt\u00e9k kezeit a v\u00edzszintes gerend\u00e1ba, majd illesztett\u00e9k azt a mindig a veszt\u0151helyen be\u00e1sott f\u00fcgg\u0151leges oszlopba, s v\u00e9g\u00fcl a l\u00e1b\u00e1t is odasz\u00f6gezt\u00e9k az el\u00edt\u00e9ltnek. Az el\u00edt\u00e9ltnek rettenetes k\u00ednokat kellett ki\u00e1llni, mire el\u00e9rkezett a hal\u00e1l, s ez a haldokl\u00e1s sokszor napokig is eltartott. Oly rettenetes kiv\u00e9gz\u00e9si m\u00f3d volt, hogy a R\u00f3mai Birodalomban ezt a r\u00f3mai polg\u00e1rokra nem volt szabad alkalmazni. Csak a gyilkosok, l\u00e1zad\u00f3k, rabszolg\u00e1k, b\u0171n\u00f6s\u00f6k kiv\u00e9gz\u00e9si m\u00f3dszere volt, amint az Kr. e. 71-ben t\u00f6rt\u00e9nt, amikor Crassus leverte a Spartacus f\u00e9le rabszolgafelkel\u00e9st \u00e9s elrettent\u00e9s\u00fcl az egyik R\u00f3m\u00e1ba vezet\u0151 \u00fat mellett 6.000 ragszolg\u00e1t fesz\u00edtett keresztre. Ak\u00e1rhogy is sz\u00e9p\u00edten\u00e9nk a dolgot a kereszt v\u00e9gs\u0151 soron eredet\u00e9t tekintve egy bit\u00f3fa. Olyan bit\u00f3fa, kiv\u00e9gz\u0151eszk\u00f6z a kereszt, mint ma az akaszt\u00f3fa, vagy az villamossz\u00e9k. S ez a rettenetes k\u00ednz\u00f3szersz\u00e1m csak az\u00e9rt maradt meg az eur\u00f3pai kult\u00far\u00e1ban, mert J\u00e9zus Krisztus, a Megv\u00e1lt\u00f3, ezen szenvedett \u00e9s halt meg. Az \u00fcnnepi szentmise els\u0151 k\u00f6ny\u00f6rg\u00e9s\u00e9ben a teremt\u0151 \u00e9s gondvisel\u0151 Isten irgalmas j\u00f3s\u00e1g\u00e1\u00e9rt esd\u00fcnk, hogy eg\u00e9sz sz\u00edvvel szolg\u00e1lhassunk. Eg\u00e9sz sz\u00edvvel szolg\u00e1lni, teljes odaad\u00e1st jelent. \u00d6nzetlen\u00fcl, sz\u00e1m\u00edtgat\u00e1s n\u00e9lk\u00fcl \u00e9s szabadon. Az olvasm\u00e1nyban a v\u00e1lasztott n\u00e9p pusztai v\u00e1ndorl\u00e1s\u00e1r\u00f3l hallhatunk, s k\u00f6zben \u00e9rdekes k\u00e9p rajzol\u00f3dik ki. Belef\u00e1radnak a v\u00e1ndorl\u00e1sba \u00e9s z\u00fagol\u00f3dni kezdenek. Ma erre az... R\u00e9szletek\" \/>\n<meta property=\"og:url\" content=\"https:\/\/stuttgarti-katolikusok.de\/index.php\/a-szent-kereszt-felmagasztalasa\/\" \/>\n<meta property=\"og:site_name\" content=\"Stuttgarti Katolikusok\" \/>\n<meta property=\"article:published_time\" content=\"2025-09-13T06:44:34+00:00\" \/>\n<meta property=\"article:modified_time\" content=\"2025-09-13T06:48:09+00:00\" \/>\n<meta property=\"og:image\" content=\"https:\/\/stuttgarti-katolikusok.de\/wp-content\/uploads\/2024\/09\/whatsapp-kep-2024-09-14-222341-13c54751.jpg\" \/>\n\t<meta property=\"og:image:width\" content=\"1674\" \/>\n\t<meta property=\"og:image:height\" content=\"1116\" \/>\n\t<meta property=\"og:image:type\" content=\"image\/jpeg\" \/>\n<meta name=\"author\" content=\"Tibor atya\" \/>\n<meta name=\"twitter:card\" content=\"summary_large_image\" \/>\n<meta name=\"twitter:label1\" content=\"Szerz\u0151:\" \/>\n\t<meta name=\"twitter:data1\" content=\"Tibor atya\" \/>\n\t<meta name=\"twitter:label2\" content=\"Becs\u00fclt olvas\u00e1si id\u0151\" \/>\n\t<meta name=\"twitter:data2\" content=\"8 perc\" \/>\n<script type=\"application\/ld+json\" class=\"yoast-schema-graph\">{\"@context\":\"https:\\\/\\\/schema.org\",\"@graph\":[{\"@type\":\"Article\",\"@id\":\"https:\\\/\\\/stuttgarti-katolikusok.de\\\/index.php\\\/a-szent-kereszt-felmagasztalasa\\\/#article\",\"isPartOf\":{\"@id\":\"https:\\\/\\\/stuttgarti-katolikusok.de\\\/index.php\\\/a-szent-kereszt-felmagasztalasa\\\/\"},\"author\":{\"name\":\"Tibor atya\",\"@id\":\"https:\\\/\\\/stuttgarti-katolikusok.de\\\/#\\\/schema\\\/person\\\/75908d6f8fdc03a57889d27209df7795\"},\"headline\":\"A Szent Kereszt felmagasztal\u00e1sa\",\"datePublished\":\"2025-09-13T06:44:34+00:00\",\"dateModified\":\"2025-09-13T06:48:09+00:00\",\"mainEntityOfPage\":{\"@id\":\"https:\\\/\\\/stuttgarti-katolikusok.de\\\/index.php\\\/a-szent-kereszt-felmagasztalasa\\\/\"},\"wordCount\":2027,\"image\":{\"@id\":\"https:\\\/\\\/stuttgarti-katolikusok.de\\\/index.php\\\/a-szent-kereszt-felmagasztalasa\\\/#primaryimage\"},\"thumbnailUrl\":\"https:\\\/\\\/stuttgarti-katolikusok.de\\\/wp-content\\\/uploads\\\/2024\\\/09\\\/whatsapp-kep-2024-09-14-222341-13c54751.jpg\",\"articleSection\":[\"A liturgia olvasm\u00e1nyai\",\"Vas\u00e1rnapi gondolatok\"],\"inLanguage\":\"hu\"},{\"@type\":\"WebPage\",\"@id\":\"https:\\\/\\\/stuttgarti-katolikusok.de\\\/index.php\\\/a-szent-kereszt-felmagasztalasa\\\/\",\"url\":\"https:\\\/\\\/stuttgarti-katolikusok.de\\\/index.php\\\/a-szent-kereszt-felmagasztalasa\\\/\",\"name\":\"A Szent Kereszt felmagasztal\u00e1sa - Stuttgarti Katolikusok\",\"isPartOf\":{\"@id\":\"https:\\\/\\\/stuttgarti-katolikusok.de\\\/#website\"},\"primaryImageOfPage\":{\"@id\":\"https:\\\/\\\/stuttgarti-katolikusok.de\\\/index.php\\\/a-szent-kereszt-felmagasztalasa\\\/#primaryimage\"},\"image\":{\"@id\":\"https:\\\/\\\/stuttgarti-katolikusok.de\\\/index.php\\\/a-szent-kereszt-felmagasztalasa\\\/#primaryimage\"},\"thumbnailUrl\":\"https:\\\/\\\/stuttgarti-katolikusok.de\\\/wp-content\\\/uploads\\\/2024\\\/09\\\/whatsapp-kep-2024-09-14-222341-13c54751.jpg\",\"datePublished\":\"2025-09-13T06:44:34+00:00\",\"dateModified\":\"2025-09-13T06:48:09+00:00\",\"author\":{\"@id\":\"https:\\\/\\\/stuttgarti-katolikusok.de\\\/#\\\/schema\\\/person\\\/75908d6f8fdc03a57889d27209df7795\"},\"breadcrumb\":{\"@id\":\"https:\\\/\\\/stuttgarti-katolikusok.de\\\/index.php\\\/a-szent-kereszt-felmagasztalasa\\\/#breadcrumb\"},\"inLanguage\":\"hu\",\"potentialAction\":[{\"@type\":\"ReadAction\",\"target\":[\"https:\\\/\\\/stuttgarti-katolikusok.de\\\/index.php\\\/a-szent-kereszt-felmagasztalasa\\\/\"]}]},{\"@type\":\"ImageObject\",\"inLanguage\":\"hu\",\"@id\":\"https:\\\/\\\/stuttgarti-katolikusok.de\\\/index.php\\\/a-szent-kereszt-felmagasztalasa\\\/#primaryimage\",\"url\":\"https:\\\/\\\/stuttgarti-katolikusok.de\\\/wp-content\\\/uploads\\\/2024\\\/09\\\/whatsapp-kep-2024-09-14-222341-13c54751.jpg\",\"contentUrl\":\"https:\\\/\\\/stuttgarti-katolikusok.de\\\/wp-content\\\/uploads\\\/2024\\\/09\\\/whatsapp-kep-2024-09-14-222341-13c54751.jpg\",\"width\":1674,\"height\":1116},{\"@type\":\"BreadcrumbList\",\"@id\":\"https:\\\/\\\/stuttgarti-katolikusok.de\\\/index.php\\\/a-szent-kereszt-felmagasztalasa\\\/#breadcrumb\",\"itemListElement\":[{\"@type\":\"ListItem\",\"position\":1,\"name\":\"Kezd\u0151lap\",\"item\":\"https:\\\/\\\/stuttgarti-katolikusok.de\\\/\"},{\"@type\":\"ListItem\",\"position\":2,\"name\":\"A Szent Kereszt felmagasztal\u00e1sa\"}]},{\"@type\":\"WebSite\",\"@id\":\"https:\\\/\\\/stuttgarti-katolikusok.de\\\/#website\",\"url\":\"https:\\\/\\\/stuttgarti-katolikusok.de\\\/\",\"name\":\"Stuttgarti Katolikusok\",\"description\":\"\",\"potentialAction\":[{\"@type\":\"SearchAction\",\"target\":{\"@type\":\"EntryPoint\",\"urlTemplate\":\"https:\\\/\\\/stuttgarti-katolikusok.de\\\/?s={search_term_string}\"},\"query-input\":{\"@type\":\"PropertyValueSpecification\",\"valueRequired\":true,\"valueName\":\"search_term_string\"}}],\"inLanguage\":\"hu\"},{\"@type\":\"Person\",\"@id\":\"https:\\\/\\\/stuttgarti-katolikusok.de\\\/#\\\/schema\\\/person\\\/75908d6f8fdc03a57889d27209df7795\",\"name\":\"Tibor atya\",\"image\":{\"@type\":\"ImageObject\",\"inLanguage\":\"hu\",\"@id\":\"https:\\\/\\\/secure.gravatar.com\\\/avatar\\\/61d268e57d1f4525b111222e29d2d5a7f8c420fdbf231ba5566a8ceac74fa960?s=96&d=mm&r=g\",\"url\":\"https:\\\/\\\/secure.gravatar.com\\\/avatar\\\/61d268e57d1f4525b111222e29d2d5a7f8c420fdbf231ba5566a8ceac74fa960?s=96&d=mm&r=g\",\"contentUrl\":\"https:\\\/\\\/secure.gravatar.com\\\/avatar\\\/61d268e57d1f4525b111222e29d2d5a7f8c420fdbf231ba5566a8ceac74fa960?s=96&d=mm&r=g\",\"caption\":\"Tibor atya\"},\"url\":\"https:\\\/\\\/stuttgarti-katolikusok.de\\\/index.php\\\/author\\\/tibor-atya\\\/\"}]}<\/script>\n<!-- \/ Yoast SEO plugin. -->","yoast_head_json":{"title":"A Szent Kereszt felmagasztal\u00e1sa - Stuttgarti Katolikusok","robots":{"index":"index","follow":"follow","max-snippet":"max-snippet:-1","max-image-preview":"max-image-preview:large","max-video-preview":"max-video-preview:-1"},"canonical":"https:\/\/stuttgarti-katolikusok.de\/index.php\/a-szent-kereszt-felmagasztalasa\/","og_locale":"hu_HU","og_type":"article","og_title":"A Szent Kereszt felmagasztal\u00e1sa - Stuttgarti Katolikusok","og_description":"Szeptember 14-\u00e9n A Szent Kereszt felmagasztal\u00e1s\u00e1nak \u00fcnnep\u00e9t \u00fclj\u00fck. Jeruzs\u00e1lemben \u00e9vr\u0151l \u00e9vre felmutatt\u00e1k a keresztfa ott \u0151rz\u00f6tt darabj\u00e1t a Szent S\u00edr-bazilika felszentel\u00e9s\u00e9nek \u00e9vfordul\u00f3j\u00e1n. Egy\u00fattal azt is \u00fcnnepelj\u00fck, hogy H\u00e9rakleiosz cs\u00e1sz\u00e1r 629-ben szem\u00e9lyesen vitte vissza \u0151rz\u00e9si hely\u00e9re a keresztfa-erekly\u00e9t, amelyet el\u0151z\u0151leg a perzs\u00e1k elraboltak. Ha a kereszt eredet\u00e9t kutatjuk vissza kell menn\u00fcnk eg\u00e9szen az \u00d3korba, a perzs\u00e1khoz. A perzs\u00e1kt\u00f3l terjedt el a kereszt, amely kiv\u00e9gz\u00e9si eszk\u00f6z volt. T\u0151l\u00fck vett\u00e9k \u00e1t t\u00f6bbek k\u00f6z\u00f6tt a r\u00f3maiak is ezt a kiv\u00e9gz\u00e9si m\u00f3dot. A keresztutak szok\u00e1sos \u00e1br\u00e1zol\u00e1s\u00e1val ellent\u00e9tben az el\u00edt\u00e9lt nem az eg\u00e9sz keresztet vitte a veszt\u0151helyre, hanem csak a v\u00edzszintes sz\u00e1r\u00e1t, amelyet kiterjesztett karjaira k\u00f6t\u00f6ttek, s amelynek s\u00falya j\u00f3 30-40 kg-ot tett ki. A veszt\u0151helyen sz\u00f6gezt\u00e9k kezeit a v\u00edzszintes gerend\u00e1ba, majd illesztett\u00e9k azt a mindig a veszt\u0151helyen be\u00e1sott f\u00fcgg\u0151leges oszlopba, s v\u00e9g\u00fcl a l\u00e1b\u00e1t is odasz\u00f6gezt\u00e9k az el\u00edt\u00e9ltnek. Az el\u00edt\u00e9ltnek rettenetes k\u00ednokat kellett ki\u00e1llni, mire el\u00e9rkezett a hal\u00e1l, s ez a haldokl\u00e1s sokszor napokig is eltartott. Oly rettenetes kiv\u00e9gz\u00e9si m\u00f3d volt, hogy a R\u00f3mai Birodalomban ezt a r\u00f3mai polg\u00e1rokra nem volt szabad alkalmazni. Csak a gyilkosok, l\u00e1zad\u00f3k, rabszolg\u00e1k, b\u0171n\u00f6s\u00f6k kiv\u00e9gz\u00e9si m\u00f3dszere volt, amint az Kr. e. 71-ben t\u00f6rt\u00e9nt, amikor Crassus leverte a Spartacus f\u00e9le rabszolgafelkel\u00e9st \u00e9s elrettent\u00e9s\u00fcl az egyik R\u00f3m\u00e1ba vezet\u0151 \u00fat mellett 6.000 ragszolg\u00e1t fesz\u00edtett keresztre. Ak\u00e1rhogy is sz\u00e9p\u00edten\u00e9nk a dolgot a kereszt v\u00e9gs\u0151 soron eredet\u00e9t tekintve egy bit\u00f3fa. Olyan bit\u00f3fa, kiv\u00e9gz\u0151eszk\u00f6z a kereszt, mint ma az akaszt\u00f3fa, vagy az villamossz\u00e9k. S ez a rettenetes k\u00ednz\u00f3szersz\u00e1m csak az\u00e9rt maradt meg az eur\u00f3pai kult\u00far\u00e1ban, mert J\u00e9zus Krisztus, a Megv\u00e1lt\u00f3, ezen szenvedett \u00e9s halt meg. Az \u00fcnnepi szentmise els\u0151 k\u00f6ny\u00f6rg\u00e9s\u00e9ben a teremt\u0151 \u00e9s gondvisel\u0151 Isten irgalmas j\u00f3s\u00e1g\u00e1\u00e9rt esd\u00fcnk, hogy eg\u00e9sz sz\u00edvvel szolg\u00e1lhassunk. Eg\u00e9sz sz\u00edvvel szolg\u00e1lni, teljes odaad\u00e1st jelent. \u00d6nzetlen\u00fcl, sz\u00e1m\u00edtgat\u00e1s n\u00e9lk\u00fcl \u00e9s szabadon. Az olvasm\u00e1nyban a v\u00e1lasztott n\u00e9p pusztai v\u00e1ndorl\u00e1s\u00e1r\u00f3l hallhatunk, s k\u00f6zben \u00e9rdekes k\u00e9p rajzol\u00f3dik ki. Belef\u00e1radnak a v\u00e1ndorl\u00e1sba \u00e9s z\u00fagol\u00f3dni kezdenek. Ma erre az... R\u00e9szletek","og_url":"https:\/\/stuttgarti-katolikusok.de\/index.php\/a-szent-kereszt-felmagasztalasa\/","og_site_name":"Stuttgarti Katolikusok","article_published_time":"2025-09-13T06:44:34+00:00","article_modified_time":"2025-09-13T06:48:09+00:00","og_image":[{"width":1674,"height":1116,"url":"https:\/\/stuttgarti-katolikusok.de\/wp-content\/uploads\/2024\/09\/whatsapp-kep-2024-09-14-222341-13c54751.jpg","type":"image\/jpeg"}],"author":"Tibor atya","twitter_card":"summary_large_image","twitter_misc":{"Szerz\u0151:":"Tibor atya","Becs\u00fclt olvas\u00e1si id\u0151":"8 perc"},"schema":{"@context":"https:\/\/schema.org","@graph":[{"@type":"Article","@id":"https:\/\/stuttgarti-katolikusok.de\/index.php\/a-szent-kereszt-felmagasztalasa\/#article","isPartOf":{"@id":"https:\/\/stuttgarti-katolikusok.de\/index.php\/a-szent-kereszt-felmagasztalasa\/"},"author":{"name":"Tibor atya","@id":"https:\/\/stuttgarti-katolikusok.de\/#\/schema\/person\/75908d6f8fdc03a57889d27209df7795"},"headline":"A Szent Kereszt felmagasztal\u00e1sa","datePublished":"2025-09-13T06:44:34+00:00","dateModified":"2025-09-13T06:48:09+00:00","mainEntityOfPage":{"@id":"https:\/\/stuttgarti-katolikusok.de\/index.php\/a-szent-kereszt-felmagasztalasa\/"},"wordCount":2027,"image":{"@id":"https:\/\/stuttgarti-katolikusok.de\/index.php\/a-szent-kereszt-felmagasztalasa\/#primaryimage"},"thumbnailUrl":"https:\/\/stuttgarti-katolikusok.de\/wp-content\/uploads\/2024\/09\/whatsapp-kep-2024-09-14-222341-13c54751.jpg","articleSection":["A liturgia olvasm\u00e1nyai","Vas\u00e1rnapi gondolatok"],"inLanguage":"hu"},{"@type":"WebPage","@id":"https:\/\/stuttgarti-katolikusok.de\/index.php\/a-szent-kereszt-felmagasztalasa\/","url":"https:\/\/stuttgarti-katolikusok.de\/index.php\/a-szent-kereszt-felmagasztalasa\/","name":"A Szent Kereszt felmagasztal\u00e1sa - Stuttgarti Katolikusok","isPartOf":{"@id":"https:\/\/stuttgarti-katolikusok.de\/#website"},"primaryImageOfPage":{"@id":"https:\/\/stuttgarti-katolikusok.de\/index.php\/a-szent-kereszt-felmagasztalasa\/#primaryimage"},"image":{"@id":"https:\/\/stuttgarti-katolikusok.de\/index.php\/a-szent-kereszt-felmagasztalasa\/#primaryimage"},"thumbnailUrl":"https:\/\/stuttgarti-katolikusok.de\/wp-content\/uploads\/2024\/09\/whatsapp-kep-2024-09-14-222341-13c54751.jpg","datePublished":"2025-09-13T06:44:34+00:00","dateModified":"2025-09-13T06:48:09+00:00","author":{"@id":"https:\/\/stuttgarti-katolikusok.de\/#\/schema\/person\/75908d6f8fdc03a57889d27209df7795"},"breadcrumb":{"@id":"https:\/\/stuttgarti-katolikusok.de\/index.php\/a-szent-kereszt-felmagasztalasa\/#breadcrumb"},"inLanguage":"hu","potentialAction":[{"@type":"ReadAction","target":["https:\/\/stuttgarti-katolikusok.de\/index.php\/a-szent-kereszt-felmagasztalasa\/"]}]},{"@type":"ImageObject","inLanguage":"hu","@id":"https:\/\/stuttgarti-katolikusok.de\/index.php\/a-szent-kereszt-felmagasztalasa\/#primaryimage","url":"https:\/\/stuttgarti-katolikusok.de\/wp-content\/uploads\/2024\/09\/whatsapp-kep-2024-09-14-222341-13c54751.jpg","contentUrl":"https:\/\/stuttgarti-katolikusok.de\/wp-content\/uploads\/2024\/09\/whatsapp-kep-2024-09-14-222341-13c54751.jpg","width":1674,"height":1116},{"@type":"BreadcrumbList","@id":"https:\/\/stuttgarti-katolikusok.de\/index.php\/a-szent-kereszt-felmagasztalasa\/#breadcrumb","itemListElement":[{"@type":"ListItem","position":1,"name":"Kezd\u0151lap","item":"https:\/\/stuttgarti-katolikusok.de\/"},{"@type":"ListItem","position":2,"name":"A Szent Kereszt felmagasztal\u00e1sa"}]},{"@type":"WebSite","@id":"https:\/\/stuttgarti-katolikusok.de\/#website","url":"https:\/\/stuttgarti-katolikusok.de\/","name":"Stuttgarti Katolikusok","description":"","potentialAction":[{"@type":"SearchAction","target":{"@type":"EntryPoint","urlTemplate":"https:\/\/stuttgarti-katolikusok.de\/?s={search_term_string}"},"query-input":{"@type":"PropertyValueSpecification","valueRequired":true,"valueName":"search_term_string"}}],"inLanguage":"hu"},{"@type":"Person","@id":"https:\/\/stuttgarti-katolikusok.de\/#\/schema\/person\/75908d6f8fdc03a57889d27209df7795","name":"Tibor atya","image":{"@type":"ImageObject","inLanguage":"hu","@id":"https:\/\/secure.gravatar.com\/avatar\/61d268e57d1f4525b111222e29d2d5a7f8c420fdbf231ba5566a8ceac74fa960?s=96&d=mm&r=g","url":"https:\/\/secure.gravatar.com\/avatar\/61d268e57d1f4525b111222e29d2d5a7f8c420fdbf231ba5566a8ceac74fa960?s=96&d=mm&r=g","contentUrl":"https:\/\/secure.gravatar.com\/avatar\/61d268e57d1f4525b111222e29d2d5a7f8c420fdbf231ba5566a8ceac74fa960?s=96&d=mm&r=g","caption":"Tibor atya"},"url":"https:\/\/stuttgarti-katolikusok.de\/index.php\/author\/tibor-atya\/"}]}},"_links":{"self":[{"href":"https:\/\/stuttgarti-katolikusok.de\/index.php\/wp-json\/wp\/v2\/posts\/31662","targetHints":{"allow":["GET"]}}],"collection":[{"href":"https:\/\/stuttgarti-katolikusok.de\/index.php\/wp-json\/wp\/v2\/posts"}],"about":[{"href":"https:\/\/stuttgarti-katolikusok.de\/index.php\/wp-json\/wp\/v2\/types\/post"}],"author":[{"embeddable":true,"href":"https:\/\/stuttgarti-katolikusok.de\/index.php\/wp-json\/wp\/v2\/users\/3"}],"replies":[{"embeddable":true,"href":"https:\/\/stuttgarti-katolikusok.de\/index.php\/wp-json\/wp\/v2\/comments?post=31662"}],"version-history":[{"count":3,"href":"https:\/\/stuttgarti-katolikusok.de\/index.php\/wp-json\/wp\/v2\/posts\/31662\/revisions"}],"predecessor-version":[{"id":31665,"href":"https:\/\/stuttgarti-katolikusok.de\/index.php\/wp-json\/wp\/v2\/posts\/31662\/revisions\/31665"}],"wp:featuredmedia":[{"embeddable":true,"href":"https:\/\/stuttgarti-katolikusok.de\/index.php\/wp-json\/wp\/v2\/media\/29357"}],"wp:attachment":[{"href":"https:\/\/stuttgarti-katolikusok.de\/index.php\/wp-json\/wp\/v2\/media?parent=31662"}],"wp:term":[{"taxonomy":"category","embeddable":true,"href":"https:\/\/stuttgarti-katolikusok.de\/index.php\/wp-json\/wp\/v2\/categories?post=31662"},{"taxonomy":"post_tag","embeddable":true,"href":"https:\/\/stuttgarti-katolikusok.de\/index.php\/wp-json\/wp\/v2\/tags?post=31662"}],"curies":[{"name":"wp","href":"https:\/\/api.w.org\/{rel}","templated":true}]}}