{"id":31435,"date":"2025-09-07T02:24:10","date_gmt":"2025-09-07T00:24:10","guid":{"rendered":"https:\/\/stuttgarti-katolikusok.de\/?p=31435"},"modified":"2025-09-11T23:46:01","modified_gmt":"2025-09-11T21:46:01","slug":"evkozi-23-vasarnap-2","status":"publish","type":"post","link":"https:\/\/stuttgarti-katolikusok.de\/index.php\/evkozi-23-vasarnap-2\/","title":{"rendered":"\u00c9vk\u00f6zi 23. vas\u00e1rnap"},"content":{"rendered":"<p><span style=\"color: #ff6600;\"><em>A szentmise els\u0151 k\u00f6ny\u00f6rg\u00e9s\u00e9ben az igaz szabads\u00e1g aj\u00e1nd\u00e9k\u00e1\u00e9rt im\u00e1dkoztunk. Nagy k\u00e9rd\u00e9se az emberis\u00e9gnek, hogy val\u00f3ban szabad-e az akaratom, val\u00f3ban szabad vagyok-e, amikor d\u00f6nt\u00e9seket hozok. Sokat hangs\u00falyozz\u00e1k az ut\u00f3bbi id\u0151ben az egy\u00e9ni szabads\u00e1g fontoss\u00e1g\u00e1t. Ennek a szabads\u00e1gnak k\u00e9t ir\u00e1nya van. Egyr\u00e9szt, ezt birtokolva, menek\u00fclni lehet a hagyom\u00e1nyok, a szok\u00e1sok, a k\u00f6t\u00f6tts\u00e9gek el\u0151l. M\u00e1sr\u00e9szt, a szabads\u00e1g nev\u00e9ben, sokf\u00e9le sz\u00f6rny\u0171s\u00e9get is megtett m\u00e1r az emberis\u00e9g, \u00e9s tesz ma is. Tal\u00e1n nem is v\u00e9letlen, hogy igaz szabads\u00e1g\u00e9rt im\u00e1dkozunk ma. Az igaz szabads\u00e1g\u00e9rt, amit az Egyh\u00e1z mindig is v\u00e9dett, s mindig k\u00fcl\u00f6n\u00f6sen hangs\u00falyozza a szabad akaratot is, amely minden ember saj\u00e1tja, \u00e9s ami igaz\u00e1n felel\u0151s emberr\u00e9 tesz benn\u00fcnket. Nagyon j\u00f3l tudja az Egyh\u00e1z, hogy a szabads\u00e1g \u00f3ri\u00e1si \u00e9rt\u00e9k, ugyanakkor komoly fegyver is; \u00e9ltet\u0151 er\u0151, de rombolni is tud. Gondolj csak bele, Isten, aki saj\u00e1t k\u00e9p\u00e9re \u00e9s hasonlatoss\u00e1g\u00e1ra teremtett engem, megaj\u00e1nd\u00e9kozott a bens\u0151 szabads\u00e1g\u00e1val.<\/em><\/span><\/p>\n<p><span style=\"color: #ff6600;\"><em>A pannonhalmi barokk eb\u00e9dl\u0151ben egy kis k\u00e9pen egy abroncsait ledobott, haszn\u00e1lhatatlan boroshord\u00f3t l\u00e1tunk. Rajta a felirat:\u00a0Libertate perit \u2013 A szabads\u00e1ga tette. A szabads\u00e1gunk felel\u0151ss\u00e9ge, hogy az \u00e9letet vagy a hal\u00e1lt v\u00e1lasztjuk-e. A d\u00f6nt\u00e9seink el\u0151tt \u00e9rdemes komolyan elgondolkodnunk a k\u00f6vetkezm\u00e9nyekr\u0151l, a hossz\u00fa t\u00e1v\u00faakr\u00f3l is. Hajlamosak vagyunk a pillanatnyi \u00e9rz\u00e9seink alapj\u00e1n d\u00f6nteni, \u00e9s egyre r\u00f6videbb t\u00e1vokban gondolkodni, pedig j\u00f3 lenne el\u0151re tekinteni.<\/em><\/span><\/p>\n<p><span style=\"color: #ff6600;\"><em>Az olvasm\u00e1nyban is az igazi szabads\u00e1g kegyelm\u00e9\u00e9rt foh\u00e1szkodunk. K\u00e9pesek vagyunk felismerni Isten akarat\u00e1t. K\u00fcl\u00f6nbs\u00e9get kell tenn\u00fcnk tud\u00e1s \u00e9s b\u00f6lcsess\u00e9g k\u00f6z\u00f6tt. A tud\u00e1s ismeretek sokas\u00e1g\u00e1t jelenti. Az igazi b\u00f6lcsess\u00e9g pedig a bens\u0151 szabads\u00e1g\u00e1t, szabads\u00e1gban meghozott d\u00f6nt\u00e9seimet.<\/em><\/span><\/p>\n<p><span style=\"color: #ff6600;\"><em>A v\u00e1laszos zsolt\u00e1r egy mondat\u00e1t hozom most ide: &#8222;A te szemedben ezer \u00e9v ak\u00e1r a tegnap, \u00fagy t\u0171nik tova, mint egy \u0151r\u00e1ll\u00e1s \u00e9jszaka.&#8221; Isten a t\u00f6rt\u00e9nelem Ura. Az \u0150 kez\u00e9ben van sorsunk. Erre a felismer\u00e9sre eljutni, az igazi bens\u0151 szabads\u00e1g.\u00a0<\/em><\/span><\/p>\n<p><span style=\"color: #ff6600;\"><em>A szentleck\u00e9ben az \u00f6reg P\u00e1l apostol a sz\u00f6k\u00f6tt rabszolg\u00e1\u00e9rt, Onezimusz\u00e9rt j\u00e1r k\u00f6zben. \u00dagy szereti \u0151t, mint saj\u00e1t sz\u00edv\u00e9t. Arra k\u00e9ri Filemont, hogy engedje szabadon Onezimuszt. Ezzel kapcsolatosan az elenged\u00e9s m\u0171v\u00e9szet\u00e9r\u0151l ejthet\u00fcnk sz\u00f3t. Csakis a bens\u0151 szabads\u00e1g birtok\u00e1ban leszek erre k\u00e9pes. Gyakorolnom kell az elenged\u00e9st az egy\u00e9ni kapcsolatok \u00e9s kapcsol\u00f3d\u00e1sok megannyi szintj\u00e9n.<\/em><\/span><\/p>\n<p><span style=\"color: #ff6600;\"><em>Az evang\u00e9liumban J\u00e9zus nagyon radik\u00e1lis tan\u00edt\u00e1ssal aj\u00e1nd\u00e9koz meg benn\u00fcnket. A &#8222;gy\u0171l\u00f6let&#8221; sz\u00f3 igazi jelent\u00e9se: egy dologgal szembeni d\u00f6nt\u00e9s, att\u00f3l val\u00f3 elszakad\u00e1s. Egyik legnagyobb k\u00eds\u00e9rt\u00e9s\u00fcnk a m\u00e1soknak val\u00f3 megfelel\u00e9s. Ez megk\u00f6t benn\u00fcnket. Szabadd\u00e1 v\u00e1lni ett\u0151l az olykor b\u00e9n\u00edt\u00f3 er\u0151vel b\u00edr\u00f3 \u00f6r\u00f6k\u00f6s k\u00eds\u00e9rt\u00e9st\u0151l. Ez is a bens\u0151m szabads\u00e1ga!\u00a0<\/em><\/span><\/p>\n<p><span style=\"color: #008000;\">Kezd\u0151\u00e9nek:<\/span><br \/>\nIgazs\u00e1gos vagy, Uram, \u00e9s igaz a te \u00edt\u00e9leted. B\u00e1nj szolg\u00e1ddal irgalmad szerint! (Zsolt 118,137.124)<\/p>\n<p><span style=\"color: #008000;\">K\u00f6ny\u00f6rg\u00e9s:<\/span><br \/>\nIsten\u00fcnk, te megv\u00e1ltott\u00e1l \u00e9s gyermekeidd\u00e9 fogadt\u00e1l benn\u00fcnket. Tekints j\u00f3s\u00e1gosan szeretett fiaidra, \u00e9s vezess el minket, Krisztusban h\u00edv\u0151ket az igazi szabads\u00e1gra \u00e9s a mennyei dics\u0151s\u00e9gbe. A mi Urunk, J\u00e9zus Krisztus, a te Fiad \u00e1ltal, aki veled \u00e9l \u00e9s uralkodik a Szentl\u00e9lekkel egys\u00e9gben, Isten mind\u00f6r\u00f6kk\u00f6n \u00f6r\u00f6kk\u00e9.<\/p>\n<p><span style=\"color: #008000;\">OLVASM\u00c1NY a B\u00f6lcsess\u00e9g k\u00f6nyv\u00e9b\u0151l (B\u00f6lcs 9,13-19)<\/span><br \/>\n<em>Im<\/em><em>\u00e1<\/em><em>ds<\/em><em>\u00e1<\/em><em>g b<\/em><em>\u00f6<\/em><em>lcsess<\/em><em>\u00e9<\/em><em>g<\/em><em>\u00e9<\/em><em>rt, hogy mindenben ig<\/em><em>\u00e9<\/em><em>nytelenek <\/em><em>\u00e9<\/em><em>s egyszer<\/em><em>\u0171<\/em><em>ek tudjunk lenni.<\/em><br \/>\nMelyik ember k\u00e9pes f\u00f6lismerni Isten akarat\u00e1t, \u00e9s ki tudja elgondolni, mit k\u00edv\u00e1n az \u00dar? Hisz a haland\u00f3k gondolatai bizonytalanok, \u00e9s terveink ingatagok. Mert a romland\u00f3 test g\u00e1tolja a lelket, \u00e9s a f\u00f6ldi s\u00e1tor r\u00e1nehezedik a sokat t\u0171n\u0151d\u0151 elm\u00e9re.<br \/>\nCsak nagy nehezen der\u00edtj\u00fck ki, ami a f\u00f6ld\u00f6n van, \u00e9s \u00fcggyel-bajjal \u00e9rtj\u00fck meg, ami k\u00e9zenfekv\u0151. H\u00e1t akkor az \u00e9gi dolgokat ki tudn\u00e1 kif\u00fcrk\u00e9szni? Ki ismerte f\u00f6l valaha is akaratodat, ha te nem adt\u00e1l neki b\u00f6lcsess\u00e9get, \u00e9s nem k\u00fcldted el neki a magasb\u00f3l szent lelkedet? Csak \u00edgy lettek sim\u00e1v\u00e1 a f\u00f6ld\u00f6n lak\u00f3k \u00fatjai, s \u00edgy tanult\u00e1k meg az emberek, ami kedves a szemedben. Csak a b\u00f6lcsess\u00e9g \u00e1ltal menek\u00fcltek meg.<br \/>\nEz az Isten ig\u00e9je.<\/p>\n<p><span style=\"color: #008000;\">V\u00c1LASZOS ZSOLT\u00c1R (Zsolt 89,3-4.5-6.12-13.14 \u00e9s 17)<\/span><br \/>\nV\u00e1lasz:\u00a0<strong>Te lett<\/strong><strong>\u00e9<\/strong><strong>l, Uram, mened<\/strong><strong>\u00e9<\/strong><strong>k<\/strong><strong>\u00fc<\/strong><strong>nk, * nemzed<\/strong><strong>\u00e9<\/strong><strong>kr<\/strong><strong>\u0151<\/strong><strong>l nemzed<\/strong><strong>\u00e9<\/strong><strong>kre.<\/strong>\u00a01. vers. (4. g t\u00f3nus)<br \/>\nEl\u0151\u00e9nekes: Te a haland\u00f3t ism\u00e9t porr\u00e1 teszed, * \u00edgy sz\u00f3lsz: Emberek fiai t\u00e9rjetek vissza.<br \/>\nA te szemedben ezer \u00e9v ak\u00e1r a tegnap, * \u00fagy t\u0171nik tova, mint egy \u0151r\u00e1ll\u00e1s \u00e9jszaka.<br \/>\nH\u00edvek: Te lett\u00e9l, Uram, mened\u00e9k\u00fcnk, * nemzed\u00e9kr\u0151l nemzed\u00e9kre.<br \/>\nE: Te elragadod \u0151ket, * olyanok lesznek, mint a hajnali \u00e1lom.<br \/>\nMint a f\u0171, mely reggel kisarjad \u00e9s f\u00f6lvirul, * est\u00e9re azonban elfonnyad \u00e9s elsz\u00e1rad.<br \/>\nH: Te lett\u00e9l, Uram, mened\u00e9k\u00fcnk, * nemzed\u00e9kr\u0151l nemzed\u00e9kre.<br \/>\nE: Tan\u00edts meg sz\u00e1motvetni napjaink sor\u00e1val, * hogy b\u00f6lcsess\u00e9gre nevelj\u00fck sz\u00edv\u00fcnket.<br \/>\nT\u00e9rj hozz\u00e1nk, Urunk, meddig k\u00e9slekedsz? * L\u00e9gy k\u00f6ny\u00f6r\u00fcletes szolg\u00e1idhoz.<br \/>\nH: Te lett\u00e9l, Uram, mened\u00e9k\u00fcnk, * nemzed\u00e9kr\u0151l nemzed\u00e9kre.<br \/>\nE: \u00c1raszd r\u00e1nk irgalmadat, * hogy mindenkor \u00f6rvendj\u00fcnk \u00e9s ujjongjunk.<br \/>\nRagyogjon f\u00f6l\u00f6tt\u00fcnk Urunknak, Isten\u00fcnknek j\u00f3s\u00e1ga, \u2020 \u00e1ldott legyen kez\u00fcnk minden m\u0171ve, * k\u00eds\u00e9rje \u00e1ld\u00e1sod kez\u00fcnk munk\u00e1j\u00e1t!<br \/>\nH: Te lett\u00e9l, Uram, mened\u00e9k\u00fcnk, * nemzed\u00e9kr\u0151l nemzed\u00e9kre.<\/p>\n<p><span style=\"color: #008000;\">SZENTLECKE Szent P\u00e1l apostolnak a Filemonhoz \u00edrt level\u00e9b\u0151l (Filem 9b-10.12-17)<\/span><br \/>\n<em>Szent P<\/em><em>\u00e1<\/em><em>l tan<\/em><em>\u00ed<\/em><em>tja, hogy a rabszolga is testv<\/em><em>\u00e9<\/em><em>r<\/em><em>\u00fc<\/em><em>nk Krisztusban.<\/em><br \/>\nSzeretett Testv\u00e9reim!<br \/>\n\u00c9n, az \u00f6reg P\u00e1l most Krisztus J\u00e9zus\u00e9rt fogs\u00e1got szenvedek. Fiam\u00e9rt, Onezimusz\u00e9rt k\u00f6ny\u00f6rg\u00f6k, akinek bilincseimben \u00e9n adtam \u00e9letet.<br \/>\n\u00dagy k\u00fcld\u00f6m vissza hozz\u00e1d, mint saj\u00e1t sz\u00edvemet. Szerettem volna magam mellett tartani, hogy helyetted szolg\u00e1ljon nekem fogs\u00e1gomban, amelyet az evang\u00e9lium\u00e9rt viselek.<br \/>\nBeleegyez\u00e9sed n\u00e9lk\u00fcl azonban m\u00e9gsem teszem, hogy j\u00f3t\u00e9tem\u00e9nyed ne k\u00e9nyszerb\u0151l fakadjon, hanem \u00f6nk\u00e9nt v\u00e1llald. Tal\u00e1n \u00e9ppen az\u00e9rt hagyott ott egy id\u0151re, hogy egyszer s mindenkorra visszakapjad, de m\u00e1r nem mint szolg\u00e1t, hanem t\u00f6bbet: mint szeretett testv\u00e9rt. Mert nekem teljesen az, de neked m\u00e9g ink\u00e1bb: test szerint is, az \u00darban is.<br \/>\nHa teh\u00e1t egy\u00fctt \u00e9rzel velem, fogadd \u0151t \u00fagy, mint engem.<br \/>\nEz az Isten ig\u00e9je.<\/p>\n<p><span style=\"color: #008000;\">ALLELUJA<\/span><br \/>\nRagyogtasd szolg\u00e1d f\u00f6l\u00e9 arcodat, * v\u00e9gz\u00e9seidre tan\u00edts meg engem! Zsolt 118,135 \u2013 5. t\u00f3nus.<\/p>\n<p><span style=\"color: #008000;\">\u2020 EVANG\u00c9LIUM Szent Luk\u00e1cs k\u00f6nyv\u00e9b\u0151l (Lk 14,25-33)<\/span><br \/>\n<em>Csak az lehet J<\/em><em>\u00e9<\/em><em>zus tan<\/em><em>\u00ed<\/em><em>tv<\/em><em>\u00e1<\/em><em>nya, aki vele egy<\/em><em>\u00fc<\/em><em>tt v<\/em><em>\u00e1<\/em><em>llalja a keresztet is.<\/em><br \/>\nAbban az id\u0151ben amikor J\u00e9zust nagy n\u00e9psokas\u00e1g k\u00f6vette, \u0151 hozz\u00e1juk fordult, \u00e9s \u00edgy sz\u00f3lt: \u201eAki hozz\u00e1m j\u00f6n, de nem gy\u0171l\u00f6li apj\u00e1t, anyj\u00e1t, feles\u00e9g\u00e9t, gyermekeit, fiv\u00e9r\u00e9t \u00e9s n\u0151v\u00e9reit, s\u0151t m\u00e9g saj\u00e1t mag\u00e1t is, nem lehet az \u00e9n tan\u00edtv\u00e1nyom.<br \/>\nAki teh\u00e1t nem hordozza keresztj\u00e9t, \u00e9s nem \u00edgy k\u00f6vet, nem lehet az \u00e9n tan\u00edtv\u00e1nyom. Ha valaki k\u00f6z\u00fcletek tornyot akar \u00e9p\u00edteni, vajon nem \u00fcl le el\u0151bb, hogy kisz\u00e1m\u00edtsa a k\u00f6lts\u00e9geket, hogy van-e mib\u0151l befejeznie? Mert ha az alapokat lerakta, de (az \u00e9p\u00edtkez\u00e9st) befejezni nem tudta, mindenki, aki csak l\u00e1tja, g\u00fanyolni kezdi: \u00bbEz az ember \u00e9p\u00edtkez\u00e9sbe fogott, de nem tudta befejezni.\u00ab<br \/>\nVagy, ha egy kir\u00e1ly hadba vonul egy m\u00e1sik kir\u00e1ly ellen, el\u0151bb le\u00fcl \u00e9s sz\u00e1mot vet, vajon a maga t\u00edzezer katon\u00e1j\u00e1val szembe tud-e sz\u00e1llni azzal, aki h\u00faszezerrel j\u00f6n ellene? Mert ha nem, k\u00f6vets\u00e9get k\u00fcld hozz\u00e1 m\u00e9g akkor, amikor messze j\u00e1r, \u00e9s b\u00e9k\u00e9t k\u00e9r t\u0151le.<br \/>\nTeh\u00e1t mindaz, aki k\u00f6z\u00fcletek nem mond le mindarr\u00f3l, amije van, nem lehet az \u00e9n tan\u00edtv\u00e1nyom.\u201d<br \/>\nEzek az evang\u00e9lium ig\u00e9i.<\/p>\n<p><span style=\"color: #008000;\">EGYETEMES K\u00d6NY\u00d6RG\u00c9SEK<\/span><br \/>\nPap: K\u00e9rj\u00fck, testv\u00e9reim, mennyei Aty\u00e1nkt\u00f3l a szeretet Szent Lelk\u00e9t, hogy \u00e1ltala mindenn\u00e9l jobban szeress\u00fck a mi Urunkat, Isten\u00fcnket!<br \/>\nLektor: 1. Isten\u00fcnk, te vagy a szeretet. Tan\u00edtsd meg a vil\u00e1got az igaz emberszeretetre, hogy ez\u00e1ltal mindenki felismerje benn\u00fcnk J\u00e9zus tan\u00edtv\u00e1nyait!<br \/>\nH\u00edvek: K\u00e9r\u00fcnk t\u00e9ged, hallgass meg minket!<br \/>\n2. Isten\u00fcnk, te \u00fagy szeretted a vil\u00e1got, hogy egysz\u00fcl\u00f6tt Fiadat adtad \u00e9rte. Seg\u00edtsd Egyh\u00e1zadat, hogy minden n\u00e9ppel megszerettesse a mi Urunkat, J\u00e9zus Krisztust!<br \/>\nH\u00edvek: K\u00e9r\u00fcnk t\u00e9ged . . .<br \/>\n3. Isten\u00fcnk, apostolod hirdeti, hogy a szeretet \u00e9p\u00edt\u0151 er\u0151 (1Kor 8,1). Add, hogy ir\u00e1ntad val\u00f3 szeretetb\u0151l, embert\u00e1rsaink jav\u00e1ra r\u00e9szt vegy\u00fcnk a j\u00f6v\u0151 \u00e9p\u00edt\u00e9s\u00e9ben!<br \/>\nH\u00edvek: K\u00e9r\u00fcnk t\u00e9ged . . .<br \/>\n4. Isten\u00fcnk, te azt tan\u00edtod, hogy a szeretet er\u0151sebb a hal\u00e1ln\u00e1l. Vess v\u00e9get a hal\u00e1los gy\u0171l\u00f6lk\u00f6d\u00e9snek, \u00e9s sz\u00fcntess meg minden h\u00e1bor\u00fat!<br \/>\nH\u00edvek: K\u00e9r\u00fcnk t\u00e9ged . . .<br \/>\n5. Isten\u00fcnk, te megbocs\u00e1tod annak b\u0171neit, aki nagyon szeret t\u00e9ged. Add, hogy a szeretetb\u0151l fakad\u00f3 b\u0171nb\u00e1nat mossa tiszt\u00e1ra lelk\u00fcnket!<br \/>\nH\u00edvek: K\u00e9r\u00fcnk t\u00e9ged . . .<br \/>\n6. Isten\u00fcnk, te kinyilatkoztattad, hogy a szeretet \u00f6r\u00f6kk\u00e9 megmarad. Add, hogy akik egy\u00fctt r\u00e9szes\u00fcl\u00fcnk a szeretet szents\u00e9g\u00e9ben, viszontl\u00e1ssuk egym\u00e1st a boldog \u00f6r\u00f6kk\u00e9val\u00f3s\u00e1gban!<br \/>\nH\u00edvek: K\u00e9r\u00fcnk t\u00e9ged . . .<br \/>\nPap: Mindenhat\u00f3 Isten\u00fcnk! Te vagy a sz\u00edvek Ura \u00e9s alak\u00edt\u00f3ja. Add kegyelmedet, hogy t\u00e9ged mindenekf\u00f6l\u00f6tt szeress\u00fcnk, \u00e9s embert\u00e1rsainkban is mindig neked szolg\u00e1ljunk Krisztus, a mi Urunk \u00e1ltal.<br \/>\nH\u00edvek: \u00c1men.<\/p>\n<p><span style=\"color: #008000;\">Felaj\u00e1nl\u00f3 k\u00f6ny\u00f6rg\u00e9s:<\/span><br \/>\nIsten\u00fcnk, \u0151szinte odaad\u00e1s \u00e9s b\u00e9kess\u00e9g szerz\u0151je, add, hogy ezzel az \u00e1ldozati adom\u00e1nnyal m\u00e9lt\u00f3k\u00e9ppen tisztelj\u00fck F\u00f6ls\u00e9gedet, s a szent \u00e1ldozatban val\u00f3 r\u00e9szesed\u00e9s forrassza eggy\u00e9 sz\u00edv\u00fcnket. Krisztus, a mi Urunk \u00e1ltal.<\/p>\n<p><span style=\"color: #008000;\">Pref\u00e1ci\u00f3:<\/span><br \/>\nMert val\u00f3ban m\u00e9lt\u00f3 \u00e9s igazs\u00e1gos, ill\u0151 \u00e9s \u00fcdv\u00f6s, hogy mindig \u00e9s minden\u00fctt h\u00e1l\u00e1t adjunk n\u00e9ked, mi Urunk, szents\u00e9ges Aty\u00e1nk, mindenhat\u00f3, \u00f6r\u00f6k Isten:<br \/>\nMert \u00fagy szeretted a vil\u00e1got, irgalmas Isten\u00fcnk, hogy olyan Megv\u00e1lt\u00f3t k\u00fcldt\u00e9l n\u00e9k\u00fcnk, ki akaratod szerint hozz\u00e1nk hasonl\u00f3an \u00e9lt a F\u00f6ld\u00f6n, de minden b\u0171n n\u00e9lk\u00fcl.<br \/>\nAz \u0151 engedelmess\u00e9ge miatt kaptuk vissza t\u0151led, amit elvesztett\u00fcnk az engedetlens\u00e9g b\u0171ne \u00e1ltal; hogy azt szerethesd benn\u00fcnk, amit Fiadban kedvelt\u00e9l.<br \/>\n\u00c9s ez\u00e9rt mi is, az \u00f6sszes angyallal \u00e9s szenttel egy\u00fctt, Urunknak vallunk T\u00e9ged, \u00e9s ujjongva zengj\u00fck:<\/p>\n<p><span style=\"color: #008000;\">\u00c1ldoz\u00e1si \u00e9nek:<\/span><br \/>\nAmint k\u00edv\u00e1nkozik a szarvas a forr\u00e1s viz\u00e9re, \u00fagy k\u00edv\u00e1nkozik a lelkem ut\u00e1nad, Istenem. Istent szomjazza a lelkem, az \u00e9l\u0151 Istent. (V\u00f6. Zsolt 41,2-3)<br \/>\n<span style=\"color: #008000;\"><em>vagy<\/em><\/span><br \/>\n\u00c9n vagyok a vil\u00e1g vil\u00e1goss\u00e1ga &#8211; mondja az \u00dar. Aki k\u00f6vet, nem j\u00e1r t\u00f6bb\u00e9 s\u00f6t\u00e9ts\u00e9gben, hanem \u00f6v\u00e9 lesz az \u00e9let vil\u00e1goss\u00e1ga. (Jn 8,12)<\/p>\n<p><span style=\"color: #008000;\">\u00c1ldoz\u00e1s ut\u00e1ni k\u00f6ny\u00f6rg\u00e9s:<\/span><br \/>\nIsten\u00fcnk, te ig\u00e9ddel \u00e9lteted \u00e9s szents\u00e9gednek mennyei kenyer\u00e9vel t\u00e1pl\u00e1lod h\u00edveidet. Add, hogy szeretett Fiadnak ezek az aj\u00e1nd\u00e9kai er\u0151s\u00edtsenek minket, \u00e9s \u00edgy \u00e9let\u00e9nek mindig r\u00e9szeseiv\u00e9 legy\u00fcnk. Aki veled \u00e9l \u00e9s uralkodik mind\u00f6r\u00f6kk\u00f6n \u00f6r\u00f6kk\u00e9.<\/p>\n","protected":false},"excerpt":{"rendered":"<p>A szentmise els\u0151 k\u00f6ny\u00f6rg\u00e9s\u00e9ben az igaz szabads\u00e1g aj\u00e1nd\u00e9k\u00e1\u00e9rt im\u00e1dkoztunk. Nagy k\u00e9rd\u00e9se az emberis\u00e9gnek, hogy val\u00f3ban szabad-e az akaratom, val\u00f3ban szabad vagyok-e, amikor d\u00f6nt\u00e9seket hozok. Sokat hangs\u00falyozz\u00e1k az ut\u00f3bbi id\u0151ben az egy\u00e9ni szabads\u00e1g fontoss\u00e1g\u00e1t. Ennek a szabads\u00e1gnak k\u00e9t ir\u00e1nya van. Egyr\u00e9szt, ezt birtokolva, menek\u00fclni lehet a hagyom\u00e1nyok, a szok\u00e1sok, a k\u00f6t\u00f6tts\u00e9gek el\u0151l. M\u00e1sr\u00e9szt, a szabads\u00e1g nev\u00e9ben, sokf\u00e9le sz\u00f6rny\u0171s\u00e9get is megtett m\u00e1r az emberis\u00e9g, \u00e9s tesz ma is. Tal\u00e1n nem is v\u00e9letlen, hogy igaz szabads\u00e1g\u00e9rt im\u00e1dkozunk ma. Az igaz szabads\u00e1g\u00e9rt, amit az Egyh\u00e1z mindig is v\u00e9dett, s mindig k\u00fcl\u00f6n\u00f6sen hangs\u00falyozza a szabad akaratot is, amely minden ember saj\u00e1tja, \u00e9s ami igaz\u00e1n felel\u0151s emberr\u00e9 tesz benn\u00fcnket. Nagyon j\u00f3l tudja az Egyh\u00e1z, hogy a szabads\u00e1g \u00f3ri\u00e1si \u00e9rt\u00e9k, ugyanakkor komoly fegyver is; \u00e9ltet\u0151 er\u0151, de rombolni is tud. Gondolj csak bele, Isten, aki saj\u00e1t k\u00e9p\u00e9re \u00e9s hasonlatoss\u00e1g\u00e1ra teremtett engem, megaj\u00e1nd\u00e9kozott a bens\u0151 szabads\u00e1g\u00e1val. A pannonhalmi barokk eb\u00e9dl\u0151ben egy kis k\u00e9pen egy abroncsait ledobott, haszn\u00e1lhatatlan boroshord\u00f3t l\u00e1tunk. Rajta a felirat:\u00a0Libertate perit \u2013 A szabads\u00e1ga tette. A szabads\u00e1gunk felel\u0151ss\u00e9ge, hogy az \u00e9letet vagy a hal\u00e1lt v\u00e1lasztjuk-e. A d\u00f6nt\u00e9seink el\u0151tt \u00e9rdemes komolyan elgondolkodnunk a k\u00f6vetkezm\u00e9nyekr\u0151l, a hossz\u00fa t\u00e1v\u00faakr\u00f3l is. Hajlamosak vagyunk a pillanatnyi \u00e9rz\u00e9seink alapj\u00e1n d\u00f6nteni, \u00e9s egyre r\u00f6videbb t\u00e1vokban gondolkodni, pedig j\u00f3 lenne el\u0151re tekinteni. Az olvasm\u00e1nyban is az igazi szabads\u00e1g kegyelm\u00e9\u00e9rt foh\u00e1szkodunk. K\u00e9pesek vagyunk felismerni Isten akarat\u00e1t. K\u00fcl\u00f6nbs\u00e9get kell tenn\u00fcnk tud\u00e1s \u00e9s b\u00f6lcsess\u00e9g k\u00f6z\u00f6tt. A tud\u00e1s ismeretek sokas\u00e1g\u00e1t jelenti. Az igazi b\u00f6lcsess\u00e9g pedig a bens\u0151 szabads\u00e1g\u00e1t, szabads\u00e1gban meghozott d\u00f6nt\u00e9seimet. A v\u00e1laszos zsolt\u00e1r egy mondat\u00e1t hozom most ide: &#8222;A te szemedben ezer \u00e9v ak\u00e1r a tegnap, \u00fagy t\u0171nik tova, mint egy \u0151r\u00e1ll\u00e1s \u00e9jszaka.&#8221; Isten a t\u00f6rt\u00e9nelem Ura. Az \u0150 kez\u00e9ben van sorsunk. Erre a felismer\u00e9sre eljutni, az igazi bens\u0151 szabads\u00e1g.\u00a0 A szentleck\u00e9ben az \u00f6reg P\u00e1l apostol a sz\u00f6k\u00f6tt rabszolg\u00e1\u00e9rt, Onezimusz\u00e9rt j\u00e1r k\u00f6zben. \u00dagy szereti \u0151t, mint saj\u00e1t sz\u00edv\u00e9t. Arra k\u00e9ri Filemont, hogy engedje szabadon Onezimuszt. Ezzel kapcsolatosan&#8230; <\/p>\n<p><a class=\"readmore\" href=\"https:\/\/stuttgarti-katolikusok.de\/index.php\/evkozi-23-vasarnap-2\/\">R\u00e9szletek<\/a><\/p>\n","protected":false},"author":3,"featured_media":27188,"comment_status":"closed","ping_status":"closed","sticky":false,"template":"","format":"standard","meta":{"footnotes":""},"categories":[85,63],"tags":[],"class_list":["post-31435","post","type-post","status-publish","format-standard","has-post-thumbnail","hentry","category-a-liturgia-olvasmanyai","category-vasarnapi-gondolatok"],"yoast_head":"<!-- This site is optimized with the Yoast SEO plugin v27.3 - https:\/\/yoast.com\/product\/yoast-seo-wordpress\/ -->\n<title>\u00c9vk\u00f6zi 23. vas\u00e1rnap - Stuttgarti Katolikusok<\/title>\n<meta name=\"robots\" content=\"index, follow, max-snippet:-1, max-image-preview:large, max-video-preview:-1\" \/>\n<link rel=\"canonical\" href=\"https:\/\/stuttgarti-katolikusok.de\/index.php\/evkozi-23-vasarnap-2\/\" \/>\n<meta property=\"og:locale\" content=\"hu_HU\" \/>\n<meta property=\"og:type\" content=\"article\" \/>\n<meta property=\"og:title\" content=\"\u00c9vk\u00f6zi 23. vas\u00e1rnap - Stuttgarti Katolikusok\" \/>\n<meta property=\"og:description\" content=\"A szentmise els\u0151 k\u00f6ny\u00f6rg\u00e9s\u00e9ben az igaz szabads\u00e1g aj\u00e1nd\u00e9k\u00e1\u00e9rt im\u00e1dkoztunk. Nagy k\u00e9rd\u00e9se az emberis\u00e9gnek, hogy val\u00f3ban szabad-e az akaratom, val\u00f3ban szabad vagyok-e, amikor d\u00f6nt\u00e9seket hozok. Sokat hangs\u00falyozz\u00e1k az ut\u00f3bbi id\u0151ben az egy\u00e9ni szabads\u00e1g fontoss\u00e1g\u00e1t. Ennek a szabads\u00e1gnak k\u00e9t ir\u00e1nya van. Egyr\u00e9szt, ezt birtokolva, menek\u00fclni lehet a hagyom\u00e1nyok, a szok\u00e1sok, a k\u00f6t\u00f6tts\u00e9gek el\u0151l. M\u00e1sr\u00e9szt, a szabads\u00e1g nev\u00e9ben, sokf\u00e9le sz\u00f6rny\u0171s\u00e9get is megtett m\u00e1r az emberis\u00e9g, \u00e9s tesz ma is. Tal\u00e1n nem is v\u00e9letlen, hogy igaz szabads\u00e1g\u00e9rt im\u00e1dkozunk ma. Az igaz szabads\u00e1g\u00e9rt, amit az Egyh\u00e1z mindig is v\u00e9dett, s mindig k\u00fcl\u00f6n\u00f6sen hangs\u00falyozza a szabad akaratot is, amely minden ember saj\u00e1tja, \u00e9s ami igaz\u00e1n felel\u0151s emberr\u00e9 tesz benn\u00fcnket. Nagyon j\u00f3l tudja az Egyh\u00e1z, hogy a szabads\u00e1g \u00f3ri\u00e1si \u00e9rt\u00e9k, ugyanakkor komoly fegyver is; \u00e9ltet\u0151 er\u0151, de rombolni is tud. Gondolj csak bele, Isten, aki saj\u00e1t k\u00e9p\u00e9re \u00e9s hasonlatoss\u00e1g\u00e1ra teremtett engem, megaj\u00e1nd\u00e9kozott a bens\u0151 szabads\u00e1g\u00e1val. A pannonhalmi barokk eb\u00e9dl\u0151ben egy kis k\u00e9pen egy abroncsait ledobott, haszn\u00e1lhatatlan boroshord\u00f3t l\u00e1tunk. Rajta a felirat:\u00a0Libertate perit \u2013 A szabads\u00e1ga tette. A szabads\u00e1gunk felel\u0151ss\u00e9ge, hogy az \u00e9letet vagy a hal\u00e1lt v\u00e1lasztjuk-e. A d\u00f6nt\u00e9seink el\u0151tt \u00e9rdemes komolyan elgondolkodnunk a k\u00f6vetkezm\u00e9nyekr\u0151l, a hossz\u00fa t\u00e1v\u00faakr\u00f3l is. Hajlamosak vagyunk a pillanatnyi \u00e9rz\u00e9seink alapj\u00e1n d\u00f6nteni, \u00e9s egyre r\u00f6videbb t\u00e1vokban gondolkodni, pedig j\u00f3 lenne el\u0151re tekinteni. Az olvasm\u00e1nyban is az igazi szabads\u00e1g kegyelm\u00e9\u00e9rt foh\u00e1szkodunk. K\u00e9pesek vagyunk felismerni Isten akarat\u00e1t. K\u00fcl\u00f6nbs\u00e9get kell tenn\u00fcnk tud\u00e1s \u00e9s b\u00f6lcsess\u00e9g k\u00f6z\u00f6tt. A tud\u00e1s ismeretek sokas\u00e1g\u00e1t jelenti. Az igazi b\u00f6lcsess\u00e9g pedig a bens\u0151 szabads\u00e1g\u00e1t, szabads\u00e1gban meghozott d\u00f6nt\u00e9seimet. A v\u00e1laszos zsolt\u00e1r egy mondat\u00e1t hozom most ide: &#8222;A te szemedben ezer \u00e9v ak\u00e1r a tegnap, \u00fagy t\u0171nik tova, mint egy \u0151r\u00e1ll\u00e1s \u00e9jszaka.&#8221; Isten a t\u00f6rt\u00e9nelem Ura. Az \u0150 kez\u00e9ben van sorsunk. Erre a felismer\u00e9sre eljutni, az igazi bens\u0151 szabads\u00e1g.\u00a0 A szentleck\u00e9ben az \u00f6reg P\u00e1l apostol a sz\u00f6k\u00f6tt rabszolg\u00e1\u00e9rt, Onezimusz\u00e9rt j\u00e1r k\u00f6zben. \u00dagy szereti \u0151t, mint saj\u00e1t sz\u00edv\u00e9t. Arra k\u00e9ri Filemont, hogy engedje szabadon Onezimuszt. Ezzel kapcsolatosan... R\u00e9szletek\" \/>\n<meta property=\"og:url\" content=\"https:\/\/stuttgarti-katolikusok.de\/index.php\/evkozi-23-vasarnap-2\/\" \/>\n<meta property=\"og:site_name\" content=\"Stuttgarti Katolikusok\" \/>\n<meta property=\"article:published_time\" content=\"2025-09-07T00:24:10+00:00\" \/>\n<meta property=\"article:modified_time\" content=\"2025-09-11T21:46:01+00:00\" \/>\n<meta property=\"og:image\" content=\"https:\/\/stuttgarti-katolikusok.de\/wp-content\/uploads\/2023\/09\/evkozi-25-vasarnap.png\" \/>\n\t<meta property=\"og:image:width\" content=\"830\" \/>\n\t<meta property=\"og:image:height\" content=\"568\" \/>\n\t<meta property=\"og:image:type\" content=\"image\/png\" \/>\n<meta name=\"author\" content=\"Tibor atya\" \/>\n<meta name=\"twitter:card\" content=\"summary_large_image\" \/>\n<meta name=\"twitter:label1\" content=\"Szerz\u0151:\" \/>\n\t<meta name=\"twitter:data1\" content=\"Tibor atya\" \/>\n\t<meta name=\"twitter:label2\" content=\"Becs\u00fclt olvas\u00e1si id\u0151\" \/>\n\t<meta name=\"twitter:data2\" content=\"9 perc\" \/>\n<script type=\"application\/ld+json\" class=\"yoast-schema-graph\">{\"@context\":\"https:\\\/\\\/schema.org\",\"@graph\":[{\"@type\":\"Article\",\"@id\":\"https:\\\/\\\/stuttgarti-katolikusok.de\\\/index.php\\\/evkozi-23-vasarnap-2\\\/#article\",\"isPartOf\":{\"@id\":\"https:\\\/\\\/stuttgarti-katolikusok.de\\\/index.php\\\/evkozi-23-vasarnap-2\\\/\"},\"author\":{\"name\":\"Tibor atya\",\"@id\":\"https:\\\/\\\/stuttgarti-katolikusok.de\\\/#\\\/schema\\\/person\\\/75908d6f8fdc03a57889d27209df7795\"},\"headline\":\"\u00c9vk\u00f6zi 23. vas\u00e1rnap\",\"datePublished\":\"2025-09-07T00:24:10+00:00\",\"dateModified\":\"2025-09-11T21:46:01+00:00\",\"mainEntityOfPage\":{\"@id\":\"https:\\\/\\\/stuttgarti-katolikusok.de\\\/index.php\\\/evkozi-23-vasarnap-2\\\/\"},\"wordCount\":2103,\"image\":{\"@id\":\"https:\\\/\\\/stuttgarti-katolikusok.de\\\/index.php\\\/evkozi-23-vasarnap-2\\\/#primaryimage\"},\"thumbnailUrl\":\"https:\\\/\\\/stuttgarti-katolikusok.de\\\/wp-content\\\/uploads\\\/2023\\\/09\\\/evkozi-25-vasarnap.png\",\"articleSection\":[\"A liturgia olvasm\u00e1nyai\",\"Vas\u00e1rnapi gondolatok\"],\"inLanguage\":\"hu\"},{\"@type\":\"WebPage\",\"@id\":\"https:\\\/\\\/stuttgarti-katolikusok.de\\\/index.php\\\/evkozi-23-vasarnap-2\\\/\",\"url\":\"https:\\\/\\\/stuttgarti-katolikusok.de\\\/index.php\\\/evkozi-23-vasarnap-2\\\/\",\"name\":\"\u00c9vk\u00f6zi 23. vas\u00e1rnap - Stuttgarti Katolikusok\",\"isPartOf\":{\"@id\":\"https:\\\/\\\/stuttgarti-katolikusok.de\\\/#website\"},\"primaryImageOfPage\":{\"@id\":\"https:\\\/\\\/stuttgarti-katolikusok.de\\\/index.php\\\/evkozi-23-vasarnap-2\\\/#primaryimage\"},\"image\":{\"@id\":\"https:\\\/\\\/stuttgarti-katolikusok.de\\\/index.php\\\/evkozi-23-vasarnap-2\\\/#primaryimage\"},\"thumbnailUrl\":\"https:\\\/\\\/stuttgarti-katolikusok.de\\\/wp-content\\\/uploads\\\/2023\\\/09\\\/evkozi-25-vasarnap.png\",\"datePublished\":\"2025-09-07T00:24:10+00:00\",\"dateModified\":\"2025-09-11T21:46:01+00:00\",\"author\":{\"@id\":\"https:\\\/\\\/stuttgarti-katolikusok.de\\\/#\\\/schema\\\/person\\\/75908d6f8fdc03a57889d27209df7795\"},\"breadcrumb\":{\"@id\":\"https:\\\/\\\/stuttgarti-katolikusok.de\\\/index.php\\\/evkozi-23-vasarnap-2\\\/#breadcrumb\"},\"inLanguage\":\"hu\",\"potentialAction\":[{\"@type\":\"ReadAction\",\"target\":[\"https:\\\/\\\/stuttgarti-katolikusok.de\\\/index.php\\\/evkozi-23-vasarnap-2\\\/\"]}]},{\"@type\":\"ImageObject\",\"inLanguage\":\"hu\",\"@id\":\"https:\\\/\\\/stuttgarti-katolikusok.de\\\/index.php\\\/evkozi-23-vasarnap-2\\\/#primaryimage\",\"url\":\"https:\\\/\\\/stuttgarti-katolikusok.de\\\/wp-content\\\/uploads\\\/2023\\\/09\\\/evkozi-25-vasarnap.png\",\"contentUrl\":\"https:\\\/\\\/stuttgarti-katolikusok.de\\\/wp-content\\\/uploads\\\/2023\\\/09\\\/evkozi-25-vasarnap.png\",\"width\":830,\"height\":568},{\"@type\":\"BreadcrumbList\",\"@id\":\"https:\\\/\\\/stuttgarti-katolikusok.de\\\/index.php\\\/evkozi-23-vasarnap-2\\\/#breadcrumb\",\"itemListElement\":[{\"@type\":\"ListItem\",\"position\":1,\"name\":\"Kezd\u0151lap\",\"item\":\"https:\\\/\\\/stuttgarti-katolikusok.de\\\/\"},{\"@type\":\"ListItem\",\"position\":2,\"name\":\"\u00c9vk\u00f6zi 23. vas\u00e1rnap\"}]},{\"@type\":\"WebSite\",\"@id\":\"https:\\\/\\\/stuttgarti-katolikusok.de\\\/#website\",\"url\":\"https:\\\/\\\/stuttgarti-katolikusok.de\\\/\",\"name\":\"Stuttgarti Katolikusok\",\"description\":\"\",\"potentialAction\":[{\"@type\":\"SearchAction\",\"target\":{\"@type\":\"EntryPoint\",\"urlTemplate\":\"https:\\\/\\\/stuttgarti-katolikusok.de\\\/?s={search_term_string}\"},\"query-input\":{\"@type\":\"PropertyValueSpecification\",\"valueRequired\":true,\"valueName\":\"search_term_string\"}}],\"inLanguage\":\"hu\"},{\"@type\":\"Person\",\"@id\":\"https:\\\/\\\/stuttgarti-katolikusok.de\\\/#\\\/schema\\\/person\\\/75908d6f8fdc03a57889d27209df7795\",\"name\":\"Tibor atya\",\"image\":{\"@type\":\"ImageObject\",\"inLanguage\":\"hu\",\"@id\":\"https:\\\/\\\/secure.gravatar.com\\\/avatar\\\/61d268e57d1f4525b111222e29d2d5a7f8c420fdbf231ba5566a8ceac74fa960?s=96&d=mm&r=g\",\"url\":\"https:\\\/\\\/secure.gravatar.com\\\/avatar\\\/61d268e57d1f4525b111222e29d2d5a7f8c420fdbf231ba5566a8ceac74fa960?s=96&d=mm&r=g\",\"contentUrl\":\"https:\\\/\\\/secure.gravatar.com\\\/avatar\\\/61d268e57d1f4525b111222e29d2d5a7f8c420fdbf231ba5566a8ceac74fa960?s=96&d=mm&r=g\",\"caption\":\"Tibor atya\"},\"url\":\"https:\\\/\\\/stuttgarti-katolikusok.de\\\/index.php\\\/author\\\/tibor-atya\\\/\"}]}<\/script>\n<!-- \/ Yoast SEO plugin. -->","yoast_head_json":{"title":"\u00c9vk\u00f6zi 23. vas\u00e1rnap - Stuttgarti Katolikusok","robots":{"index":"index","follow":"follow","max-snippet":"max-snippet:-1","max-image-preview":"max-image-preview:large","max-video-preview":"max-video-preview:-1"},"canonical":"https:\/\/stuttgarti-katolikusok.de\/index.php\/evkozi-23-vasarnap-2\/","og_locale":"hu_HU","og_type":"article","og_title":"\u00c9vk\u00f6zi 23. vas\u00e1rnap - Stuttgarti Katolikusok","og_description":"A szentmise els\u0151 k\u00f6ny\u00f6rg\u00e9s\u00e9ben az igaz szabads\u00e1g aj\u00e1nd\u00e9k\u00e1\u00e9rt im\u00e1dkoztunk. Nagy k\u00e9rd\u00e9se az emberis\u00e9gnek, hogy val\u00f3ban szabad-e az akaratom, val\u00f3ban szabad vagyok-e, amikor d\u00f6nt\u00e9seket hozok. Sokat hangs\u00falyozz\u00e1k az ut\u00f3bbi id\u0151ben az egy\u00e9ni szabads\u00e1g fontoss\u00e1g\u00e1t. Ennek a szabads\u00e1gnak k\u00e9t ir\u00e1nya van. Egyr\u00e9szt, ezt birtokolva, menek\u00fclni lehet a hagyom\u00e1nyok, a szok\u00e1sok, a k\u00f6t\u00f6tts\u00e9gek el\u0151l. M\u00e1sr\u00e9szt, a szabads\u00e1g nev\u00e9ben, sokf\u00e9le sz\u00f6rny\u0171s\u00e9get is megtett m\u00e1r az emberis\u00e9g, \u00e9s tesz ma is. Tal\u00e1n nem is v\u00e9letlen, hogy igaz szabads\u00e1g\u00e9rt im\u00e1dkozunk ma. Az igaz szabads\u00e1g\u00e9rt, amit az Egyh\u00e1z mindig is v\u00e9dett, s mindig k\u00fcl\u00f6n\u00f6sen hangs\u00falyozza a szabad akaratot is, amely minden ember saj\u00e1tja, \u00e9s ami igaz\u00e1n felel\u0151s emberr\u00e9 tesz benn\u00fcnket. Nagyon j\u00f3l tudja az Egyh\u00e1z, hogy a szabads\u00e1g \u00f3ri\u00e1si \u00e9rt\u00e9k, ugyanakkor komoly fegyver is; \u00e9ltet\u0151 er\u0151, de rombolni is tud. Gondolj csak bele, Isten, aki saj\u00e1t k\u00e9p\u00e9re \u00e9s hasonlatoss\u00e1g\u00e1ra teremtett engem, megaj\u00e1nd\u00e9kozott a bens\u0151 szabads\u00e1g\u00e1val. A pannonhalmi barokk eb\u00e9dl\u0151ben egy kis k\u00e9pen egy abroncsait ledobott, haszn\u00e1lhatatlan boroshord\u00f3t l\u00e1tunk. Rajta a felirat:\u00a0Libertate perit \u2013 A szabads\u00e1ga tette. A szabads\u00e1gunk felel\u0151ss\u00e9ge, hogy az \u00e9letet vagy a hal\u00e1lt v\u00e1lasztjuk-e. A d\u00f6nt\u00e9seink el\u0151tt \u00e9rdemes komolyan elgondolkodnunk a k\u00f6vetkezm\u00e9nyekr\u0151l, a hossz\u00fa t\u00e1v\u00faakr\u00f3l is. Hajlamosak vagyunk a pillanatnyi \u00e9rz\u00e9seink alapj\u00e1n d\u00f6nteni, \u00e9s egyre r\u00f6videbb t\u00e1vokban gondolkodni, pedig j\u00f3 lenne el\u0151re tekinteni. Az olvasm\u00e1nyban is az igazi szabads\u00e1g kegyelm\u00e9\u00e9rt foh\u00e1szkodunk. K\u00e9pesek vagyunk felismerni Isten akarat\u00e1t. K\u00fcl\u00f6nbs\u00e9get kell tenn\u00fcnk tud\u00e1s \u00e9s b\u00f6lcsess\u00e9g k\u00f6z\u00f6tt. A tud\u00e1s ismeretek sokas\u00e1g\u00e1t jelenti. Az igazi b\u00f6lcsess\u00e9g pedig a bens\u0151 szabads\u00e1g\u00e1t, szabads\u00e1gban meghozott d\u00f6nt\u00e9seimet. A v\u00e1laszos zsolt\u00e1r egy mondat\u00e1t hozom most ide: &#8222;A te szemedben ezer \u00e9v ak\u00e1r a tegnap, \u00fagy t\u0171nik tova, mint egy \u0151r\u00e1ll\u00e1s \u00e9jszaka.&#8221; Isten a t\u00f6rt\u00e9nelem Ura. Az \u0150 kez\u00e9ben van sorsunk. Erre a felismer\u00e9sre eljutni, az igazi bens\u0151 szabads\u00e1g.\u00a0 A szentleck\u00e9ben az \u00f6reg P\u00e1l apostol a sz\u00f6k\u00f6tt rabszolg\u00e1\u00e9rt, Onezimusz\u00e9rt j\u00e1r k\u00f6zben. \u00dagy szereti \u0151t, mint saj\u00e1t sz\u00edv\u00e9t. Arra k\u00e9ri Filemont, hogy engedje szabadon Onezimuszt. Ezzel kapcsolatosan... R\u00e9szletek","og_url":"https:\/\/stuttgarti-katolikusok.de\/index.php\/evkozi-23-vasarnap-2\/","og_site_name":"Stuttgarti Katolikusok","article_published_time":"2025-09-07T00:24:10+00:00","article_modified_time":"2025-09-11T21:46:01+00:00","og_image":[{"width":830,"height":568,"url":"https:\/\/stuttgarti-katolikusok.de\/wp-content\/uploads\/2023\/09\/evkozi-25-vasarnap.png","type":"image\/png"}],"author":"Tibor atya","twitter_card":"summary_large_image","twitter_misc":{"Szerz\u0151:":"Tibor atya","Becs\u00fclt olvas\u00e1si id\u0151":"9 perc"},"schema":{"@context":"https:\/\/schema.org","@graph":[{"@type":"Article","@id":"https:\/\/stuttgarti-katolikusok.de\/index.php\/evkozi-23-vasarnap-2\/#article","isPartOf":{"@id":"https:\/\/stuttgarti-katolikusok.de\/index.php\/evkozi-23-vasarnap-2\/"},"author":{"name":"Tibor atya","@id":"https:\/\/stuttgarti-katolikusok.de\/#\/schema\/person\/75908d6f8fdc03a57889d27209df7795"},"headline":"\u00c9vk\u00f6zi 23. vas\u00e1rnap","datePublished":"2025-09-07T00:24:10+00:00","dateModified":"2025-09-11T21:46:01+00:00","mainEntityOfPage":{"@id":"https:\/\/stuttgarti-katolikusok.de\/index.php\/evkozi-23-vasarnap-2\/"},"wordCount":2103,"image":{"@id":"https:\/\/stuttgarti-katolikusok.de\/index.php\/evkozi-23-vasarnap-2\/#primaryimage"},"thumbnailUrl":"https:\/\/stuttgarti-katolikusok.de\/wp-content\/uploads\/2023\/09\/evkozi-25-vasarnap.png","articleSection":["A liturgia olvasm\u00e1nyai","Vas\u00e1rnapi gondolatok"],"inLanguage":"hu"},{"@type":"WebPage","@id":"https:\/\/stuttgarti-katolikusok.de\/index.php\/evkozi-23-vasarnap-2\/","url":"https:\/\/stuttgarti-katolikusok.de\/index.php\/evkozi-23-vasarnap-2\/","name":"\u00c9vk\u00f6zi 23. vas\u00e1rnap - Stuttgarti Katolikusok","isPartOf":{"@id":"https:\/\/stuttgarti-katolikusok.de\/#website"},"primaryImageOfPage":{"@id":"https:\/\/stuttgarti-katolikusok.de\/index.php\/evkozi-23-vasarnap-2\/#primaryimage"},"image":{"@id":"https:\/\/stuttgarti-katolikusok.de\/index.php\/evkozi-23-vasarnap-2\/#primaryimage"},"thumbnailUrl":"https:\/\/stuttgarti-katolikusok.de\/wp-content\/uploads\/2023\/09\/evkozi-25-vasarnap.png","datePublished":"2025-09-07T00:24:10+00:00","dateModified":"2025-09-11T21:46:01+00:00","author":{"@id":"https:\/\/stuttgarti-katolikusok.de\/#\/schema\/person\/75908d6f8fdc03a57889d27209df7795"},"breadcrumb":{"@id":"https:\/\/stuttgarti-katolikusok.de\/index.php\/evkozi-23-vasarnap-2\/#breadcrumb"},"inLanguage":"hu","potentialAction":[{"@type":"ReadAction","target":["https:\/\/stuttgarti-katolikusok.de\/index.php\/evkozi-23-vasarnap-2\/"]}]},{"@type":"ImageObject","inLanguage":"hu","@id":"https:\/\/stuttgarti-katolikusok.de\/index.php\/evkozi-23-vasarnap-2\/#primaryimage","url":"https:\/\/stuttgarti-katolikusok.de\/wp-content\/uploads\/2023\/09\/evkozi-25-vasarnap.png","contentUrl":"https:\/\/stuttgarti-katolikusok.de\/wp-content\/uploads\/2023\/09\/evkozi-25-vasarnap.png","width":830,"height":568},{"@type":"BreadcrumbList","@id":"https:\/\/stuttgarti-katolikusok.de\/index.php\/evkozi-23-vasarnap-2\/#breadcrumb","itemListElement":[{"@type":"ListItem","position":1,"name":"Kezd\u0151lap","item":"https:\/\/stuttgarti-katolikusok.de\/"},{"@type":"ListItem","position":2,"name":"\u00c9vk\u00f6zi 23. vas\u00e1rnap"}]},{"@type":"WebSite","@id":"https:\/\/stuttgarti-katolikusok.de\/#website","url":"https:\/\/stuttgarti-katolikusok.de\/","name":"Stuttgarti Katolikusok","description":"","potentialAction":[{"@type":"SearchAction","target":{"@type":"EntryPoint","urlTemplate":"https:\/\/stuttgarti-katolikusok.de\/?s={search_term_string}"},"query-input":{"@type":"PropertyValueSpecification","valueRequired":true,"valueName":"search_term_string"}}],"inLanguage":"hu"},{"@type":"Person","@id":"https:\/\/stuttgarti-katolikusok.de\/#\/schema\/person\/75908d6f8fdc03a57889d27209df7795","name":"Tibor atya","image":{"@type":"ImageObject","inLanguage":"hu","@id":"https:\/\/secure.gravatar.com\/avatar\/61d268e57d1f4525b111222e29d2d5a7f8c420fdbf231ba5566a8ceac74fa960?s=96&d=mm&r=g","url":"https:\/\/secure.gravatar.com\/avatar\/61d268e57d1f4525b111222e29d2d5a7f8c420fdbf231ba5566a8ceac74fa960?s=96&d=mm&r=g","contentUrl":"https:\/\/secure.gravatar.com\/avatar\/61d268e57d1f4525b111222e29d2d5a7f8c420fdbf231ba5566a8ceac74fa960?s=96&d=mm&r=g","caption":"Tibor atya"},"url":"https:\/\/stuttgarti-katolikusok.de\/index.php\/author\/tibor-atya\/"}]}},"_links":{"self":[{"href":"https:\/\/stuttgarti-katolikusok.de\/index.php\/wp-json\/wp\/v2\/posts\/31435","targetHints":{"allow":["GET"]}}],"collection":[{"href":"https:\/\/stuttgarti-katolikusok.de\/index.php\/wp-json\/wp\/v2\/posts"}],"about":[{"href":"https:\/\/stuttgarti-katolikusok.de\/index.php\/wp-json\/wp\/v2\/types\/post"}],"author":[{"embeddable":true,"href":"https:\/\/stuttgarti-katolikusok.de\/index.php\/wp-json\/wp\/v2\/users\/3"}],"replies":[{"embeddable":true,"href":"https:\/\/stuttgarti-katolikusok.de\/index.php\/wp-json\/wp\/v2\/comments?post=31435"}],"version-history":[{"count":2,"href":"https:\/\/stuttgarti-katolikusok.de\/index.php\/wp-json\/wp\/v2\/posts\/31435\/revisions"}],"predecessor-version":[{"id":31437,"href":"https:\/\/stuttgarti-katolikusok.de\/index.php\/wp-json\/wp\/v2\/posts\/31435\/revisions\/31437"}],"wp:featuredmedia":[{"embeddable":true,"href":"https:\/\/stuttgarti-katolikusok.de\/index.php\/wp-json\/wp\/v2\/media\/27188"}],"wp:attachment":[{"href":"https:\/\/stuttgarti-katolikusok.de\/index.php\/wp-json\/wp\/v2\/media?parent=31435"}],"wp:term":[{"taxonomy":"category","embeddable":true,"href":"https:\/\/stuttgarti-katolikusok.de\/index.php\/wp-json\/wp\/v2\/categories?post=31435"},{"taxonomy":"post_tag","embeddable":true,"href":"https:\/\/stuttgarti-katolikusok.de\/index.php\/wp-json\/wp\/v2\/tags?post=31435"}],"curies":[{"name":"wp","href":"https:\/\/api.w.org\/{rel}","templated":true}]}}