{"id":31410,"date":"2025-09-01T21:48:18","date_gmt":"2025-09-01T19:48:18","guid":{"rendered":"https:\/\/stuttgarti-katolikusok.de\/?p=31410"},"modified":"2025-09-01T22:37:58","modified_gmt":"2025-09-01T20:37:58","slug":"2025-szeptember-1-es-7-kozott","status":"publish","type":"post","link":"https:\/\/stuttgarti-katolikusok.de\/index.php\/2025-szeptember-1-es-7-kozott\/","title":{"rendered":"2025. SZEPTEMBER 1 \u00c9S 7 K\u00d6Z\u00d6TT"},"content":{"rendered":"<p><span style=\"color: #008000;\"><strong>Programel\u0151zetes<\/strong><\/span><\/p>\n<p style=\"text-align: center;\"><span style=\"color: #008000;\"><strong>*<\/strong><\/span><\/p>\n<p><strong>Szeptember 4-\u00e9n<\/strong>, cs\u00fct\u00f6rt\u00f6k\u00f6n, <em><strong>Weingarteni d\u00e9lut\u00e1n<\/strong><\/em><em>, <\/em>a <em>14 Nothelfer Kapelle<\/em>-ben 18.00 \u00f3rakor <em>szentmise<\/em><em>, <\/em>el\u0151tte <em>r\u00f3zsaf\u0171z\u00e9rt im\u00e1dkozunk. <\/em>Els\u0151cs\u00fct\u00f6rt\u00f6k l\u00e9v\u00e9n papjaink\u00e9rt \u00e9s papi hivat\u00e1sok\u00e9rt is im\u00e1dkozunk.<\/p>\n<p style=\"text-align: center;\"><span style=\"color: #008000;\"><strong>*<\/strong><\/span><\/p>\n<p><strong>Szeptember 5-\u00e9n,<\/strong>\u00a0p\u00e9nteken,<\/p>\n<p><strong>Kov\u00e1cs, <\/strong>sz\u00fcl.<strong> Verest\u00f3y Edit-Brigitta <\/strong>f\u00f6ldi hamvait <strong>Schorndorf<\/strong>-ban, 11.00 \u00f3rakor, a <em>Neuer Friedhof<\/em>-ban helyezz\u00fck v\u00e9gs\u0151 nyugalomra. Csal\u00e1dtagjaival egy\u00fctt v\u00e1runk Benneteket.<\/p>\n<p><strong><em>Stuttgarti d\u00e9lut\u00e1n<\/em><\/strong><em>,<\/em> 18.00 \u00f3rakor<em> szentmise,<\/em>\u00a0el\u0151tte <em>r\u00f3zsaf\u00fcz\u00e9rt im\u00e1dkozunk. <\/em>Egyben els\u0151p\u00e9ntek, szentmise v\u00e9g\u00e9n <em>els\u0151p\u00e9nteki \u00e1jtatoss\u00e1g.<\/em><\/p>\n<p style=\"text-align: center;\"><em>\u00a0<\/em><span style=\"color: #008000;\"><strong>*<\/strong><\/span><\/p>\n<p><strong>Szeptember 6-\u00e1n<\/strong>, szombaton, <strong>Balingenben<\/strong> <span style=\"color: #ff0000;\"><em><strong>17.00 \u00f3rakor<\/strong><\/em><\/span> <em>szentmise,<\/em> ut\u00e1na <em>agap\u00e9. <\/em>Figyelj\u00fcnk a megv\u00e1ltozott id\u0151pontra! Egyben \u00e9rtes\u00edts\u00fcnk m\u00e1sokat is. K\u00f6sz\u00f6nj\u00fck a megoszt\u00e1st.<\/p>\n<p style=\"text-align: center;\"><span style=\"color: #008000;\"><strong>*<\/strong><\/span><\/p>\n<p><strong>Szeptember 7-\u00e9n<em>, <\/em><\/strong><strong><span style=\"color: #008000;\">\u00c9vk\u00f6zi 23. vas\u00e1rnap<\/span>, <\/strong><\/p>\n<p><strong>Schw<\/strong><strong>\u00e4bisch-Gm<\/strong><strong>\u00fcndben <\/strong>9<em>.<\/em>30 \u00f3rakor<em> szentmise,<\/em> ut\u00e1na<em> agap\u00e9,<\/em><\/p>\n<p><strong>Stuttgartban<\/strong> 15.00 \u00f3rakor<em> szentmise, <\/em>ut\u00e1na<em> agap\u00e9. <\/em>B\u00e1r lehet, hogy m\u00e9g sokan \u00faton lesznek ezen a vas\u00e1rnapon, v\u00e1rjuk term\u00e9szetesen a gyermekeket \u00e9s sz\u00fcleiket a szentmis\u00e9re. <em>Gyermek-istentiszteletet <\/em>is tartunk. Bandean Andrea v\u00e1r benneteket. Alkalom, hogy mind a gyermekek, mind pedig a feln\u0151ttek megosszuk \u00f6r\u00f6meinket a ny\u00e1rral kapcsolatosan.<\/p>\n<p style=\"text-align: center;\"><strong>\u00a0<span style=\"color: #008000;\">*<\/span><\/strong><\/p>\n<p>Minden helyen mindenkit szeretettel v\u00e1r a k\u00f6z\u00f6ss\u00e9g \u00e9s Tibor atya!<\/p>\n<p style=\"text-align: center;\"><span style=\"color: #008000;\"><strong>*<\/strong><\/span><\/p>\n<p><a href=\"https:\/\/stuttgarti-katolikusok.de\/wp-content\/uploads\/2025\/09\/nemetiu-gergely-nyar.jpg\"><img loading=\"lazy\" decoding=\"async\" class=\"alignnone size-full wp-image-31411\" src=\"https:\/\/stuttgarti-katolikusok.de\/wp-content\/uploads\/2025\/09\/nemetiu-gergely-nyar.jpg\" alt=\"\" width=\"1440\" height=\"1080\" srcset=\"https:\/\/stuttgarti-katolikusok.de\/wp-content\/uploads\/2025\/09\/nemetiu-gergely-nyar.jpg 1440w, https:\/\/stuttgarti-katolikusok.de\/wp-content\/uploads\/2025\/09\/nemetiu-gergely-nyar-300x225.jpg 300w, https:\/\/stuttgarti-katolikusok.de\/wp-content\/uploads\/2025\/09\/nemetiu-gergely-nyar-1024x768.jpg 1024w, https:\/\/stuttgarti-katolikusok.de\/wp-content\/uploads\/2025\/09\/nemetiu-gergely-nyar-164x124.jpg 164w\" sizes=\"auto, (max-width: 1440px) 100vw, 1440px\" \/><\/a><\/p>\n<p style=\"text-align: center;\"><strong>\u00a0<span style=\"color: #008000;\">*<\/span><\/strong><\/p>\n<p><span style=\"color: #008000;\"><strong><em>Bens\u0151s\u00e9ges \u0151szi napokat, j\u00f3 munk\u00e1t, tartalmas besz\u00e9lget\u00e9seket \u00e9s \u00f6r\u00f6mteli tal\u00e1lkoz\u00e1sokat k\u00edv\u00e1nunk minden Kedves H\u00edv\u00fcnknek!<\/em><\/strong><\/span><\/p>\n<p style=\"text-align: center;\"><span style=\"color: #008000;\"><strong>*<\/strong><\/span><\/p>\n<p><strong>MAGADNAK TEREMTETT\u00c9L, URAM<\/strong><\/p>\n<p><span style=\"color: #ff6600;\">\u00d3, Istenem, a magad sz\u00e1m\u00e1ra teremtett\u00e9l engem,<\/span><\/p>\n<p><span style=\"color: #ff6600;\">hogy a magam m\u00f3dj\u00e1n szolg\u00e1ljak neked.<\/span><\/p>\n<p><span style=\"color: #ff6600;\">Ha beteg vagyok, Uram, szolg\u00e1ljon t\u00e9ged betegs\u00e9gem,<\/span><\/p>\n<p><span style=\"color: #ff6600;\">ha szorongat\u00e1sok vesznek k\u00f6r\u00fcl, szolg\u00e1ljanak azok t\u00e9ged.<\/span><\/p>\n<p><span style=\"color: #ff6600;\">Adhatsz nekem r\u00f6vid vagy hossz\u00fa \u00e9letet \u2013<\/span><\/p>\n<p><span style=\"color: #ff6600;\">Te tudod, mire van sz\u00fcks\u00e9gem,<\/span><\/p>\n<p><span style=\"color: #ff6600;\">Te tudod mindig mindenben, mire lesz j\u00f3.<\/span><\/p>\n<p><span style=\"color: #ff6600;\">\u00c9n teh\u00e1t neked adom \u00e9s teljesen r\u00e1d b\u00edzom magamat.<\/span><\/p>\n<p><span style=\"color: #ff6600;\">B\u00f6lcsebb vagy n\u00e1lam \u00e9s jobban szeretsz engem, mint \u00e9n magamat.<\/span><\/p>\n<p><span style=\"color: #ff6600;\">Ne engedj a saj\u00e1t utaimon j\u00e1rni, Uram,<\/span><\/p>\n<p><span style=\"color: #ff6600;\">an\u00e9lk\u00fcl, hogy r\u00e1d gondoln\u00e9k!<\/span><\/p>\n<p><span style=\"color: #ff6600;\">Engedd, hogy mindent elviseljek \u00e9rted!<\/span><\/p>\n<p><span style=\"color: #ff6600;\">Minden sz\u00e1nd\u00e9komhoz a Te beleegyez\u00e9sedet k\u00e9rem,<\/span><\/p>\n<p><span style=\"color: #ff6600;\">\u00e9s minden cselekv\u00e9semhez a Te \u00e1ld\u00e1sodat.<\/span><\/p>\n<p><span style=\"color: #ff6600;\">Mik\u00e9nt a nap\u00f3ra a Nap szerint igazodik,<\/span><\/p>\n<p><span style=\"color: #ff6600;\">\u00fagy akarok \u00e9n igazodni ut\u00e1nad.<\/span><\/p>\n<p><span style=\"color: #ff6600;\">Fogadj el \u00e9s vezess engem!<\/span><\/p>\n<p><em>(K\u00f6sz\u00f6net Sz\u00e9n\u00e9get\u0151 Istv\u00e1n aty\u00e1nak az im\u00e1ds\u00e1g\u00e9rt. Az \u0151 insta oldal\u00e1n tal\u00e1ltam r\u00e1.)<\/em><\/p>\n<p><em>(K\u00e9pek forr\u00e1sa: N\u00e9meti Gergely)<\/em><\/p>\n","protected":false},"excerpt":{"rendered":"<p>Programel\u0151zetes * Szeptember 4-\u00e9n, cs\u00fct\u00f6rt\u00f6k\u00f6n, Weingarteni d\u00e9lut\u00e1n, a 14 Nothelfer Kapelle-ben 18.00 \u00f3rakor szentmise, el\u0151tte r\u00f3zsaf\u0171z\u00e9rt im\u00e1dkozunk. Els\u0151cs\u00fct\u00f6rt\u00f6k l\u00e9v\u00e9n papjaink\u00e9rt \u00e9s papi hivat\u00e1sok\u00e9rt is im\u00e1dkozunk. * Szeptember 5-\u00e9n,\u00a0p\u00e9nteken, Kov\u00e1cs, sz\u00fcl. Verest\u00f3y Edit-Brigitta f\u00f6ldi hamvait Schorndorf-ban, 11.00 \u00f3rakor, a Neuer Friedhof-ban helyezz\u00fck v\u00e9gs\u0151 nyugalomra. Csal\u00e1dtagjaival egy\u00fctt v\u00e1runk Benneteket. Stuttgarti d\u00e9lut\u00e1n, 18.00 \u00f3rakor szentmise,\u00a0el\u0151tte r\u00f3zsaf\u00fcz\u00e9rt im\u00e1dkozunk. Egyben els\u0151p\u00e9ntek, szentmise v\u00e9g\u00e9n els\u0151p\u00e9nteki \u00e1jtatoss\u00e1g. \u00a0* Szeptember 6-\u00e1n, szombaton, Balingenben 17.00 \u00f3rakor szentmise, ut\u00e1na agap\u00e9. Figyelj\u00fcnk a megv\u00e1ltozott id\u0151pontra! Egyben \u00e9rtes\u00edts\u00fcnk m\u00e1sokat is. K\u00f6sz\u00f6nj\u00fck a megoszt\u00e1st. * Szeptember 7-\u00e9n, \u00c9vk\u00f6zi 23. vas\u00e1rnap, Schw\u00e4bisch-Gm\u00fcndben 9.30 \u00f3rakor szentmise, ut\u00e1na agap\u00e9, Stuttgartban 15.00 \u00f3rakor szentmise, ut\u00e1na agap\u00e9. B\u00e1r lehet, hogy m\u00e9g sokan \u00faton lesznek ezen a vas\u00e1rnapon, v\u00e1rjuk term\u00e9szetesen a gyermekeket \u00e9s sz\u00fcleiket a szentmis\u00e9re. Gyermek-istentiszteletet is tartunk. Bandean Andrea v\u00e1r benneteket. Alkalom, hogy mind a gyermekek, mind pedig a feln\u0151ttek megosszuk \u00f6r\u00f6meinket a ny\u00e1rral kapcsolatosan. \u00a0* Minden helyen mindenkit szeretettel v\u00e1r a k\u00f6z\u00f6ss\u00e9g \u00e9s Tibor atya! * \u00a0* Bens\u0151s\u00e9ges \u0151szi napokat, j\u00f3 munk\u00e1t, tartalmas besz\u00e9lget\u00e9seket \u00e9s \u00f6r\u00f6mteli tal\u00e1lkoz\u00e1sokat k\u00edv\u00e1nunk minden Kedves H\u00edv\u00fcnknek! * MAGADNAK TEREMTETT\u00c9L, URAM \u00d3, Istenem, a magad sz\u00e1m\u00e1ra teremtett\u00e9l engem, hogy a magam m\u00f3dj\u00e1n szolg\u00e1ljak neked. Ha beteg vagyok, Uram, szolg\u00e1ljon t\u00e9ged betegs\u00e9gem, ha szorongat\u00e1sok vesznek k\u00f6r\u00fcl, szolg\u00e1ljanak azok t\u00e9ged. Adhatsz nekem r\u00f6vid vagy hossz\u00fa \u00e9letet \u2013 Te tudod, mire van sz\u00fcks\u00e9gem, Te tudod mindig mindenben, mire lesz j\u00f3. \u00c9n teh\u00e1t neked adom \u00e9s teljesen r\u00e1d b\u00edzom magamat. B\u00f6lcsebb vagy n\u00e1lam \u00e9s jobban szeretsz engem, mint \u00e9n magamat. Ne engedj a saj\u00e1t utaimon j\u00e1rni, Uram, an\u00e9lk\u00fcl, hogy r\u00e1d gondoln\u00e9k! Engedd, hogy mindent elviseljek \u00e9rted! Minden sz\u00e1nd\u00e9komhoz a Te beleegyez\u00e9sedet k\u00e9rem, \u00e9s minden cselekv\u00e9semhez a Te \u00e1ld\u00e1sodat. Mik\u00e9nt a nap\u00f3ra a Nap szerint igazodik, \u00fagy akarok \u00e9n igazodni ut\u00e1nad. Fogadj el \u00e9s vezess engem! (K\u00f6sz\u00f6net Sz\u00e9n\u00e9get\u0151 Istv\u00e1n aty\u00e1nak az im\u00e1ds\u00e1g\u00e9rt. Az \u0151 insta oldal\u00e1n tal\u00e1ltam r\u00e1.) (K\u00e9pek forr\u00e1sa: N\u00e9meti Gergely)<\/p>\n","protected":false},"author":3,"featured_media":27107,"comment_status":"closed","ping_status":"closed","sticky":false,"template":"","format":"standard","meta":{"footnotes":""},"categories":[37],"tags":[],"class_list":["post-31410","post","type-post","status-publish","format-standard","has-post-thumbnail","hentry","category-progamelozetes"],"yoast_head":"<!-- This site is optimized with the Yoast SEO plugin v27.3 - https:\/\/yoast.com\/product\/yoast-seo-wordpress\/ -->\n<title>2025. SZEPTEMBER 1 \u00c9S 7 K\u00d6Z\u00d6TT - Stuttgarti Katolikusok<\/title>\n<meta name=\"robots\" content=\"index, follow, max-snippet:-1, max-image-preview:large, max-video-preview:-1\" \/>\n<link rel=\"canonical\" href=\"https:\/\/stuttgarti-katolikusok.de\/index.php\/2025-szeptember-1-es-7-kozott\/\" \/>\n<meta property=\"og:locale\" content=\"hu_HU\" \/>\n<meta property=\"og:type\" content=\"article\" \/>\n<meta property=\"og:title\" content=\"2025. SZEPTEMBER 1 \u00c9S 7 K\u00d6Z\u00d6TT - Stuttgarti Katolikusok\" \/>\n<meta property=\"og:description\" content=\"Programel\u0151zetes * Szeptember 4-\u00e9n, cs\u00fct\u00f6rt\u00f6k\u00f6n, Weingarteni d\u00e9lut\u00e1n, a 14 Nothelfer Kapelle-ben 18.00 \u00f3rakor szentmise, el\u0151tte r\u00f3zsaf\u0171z\u00e9rt im\u00e1dkozunk. Els\u0151cs\u00fct\u00f6rt\u00f6k l\u00e9v\u00e9n papjaink\u00e9rt \u00e9s papi hivat\u00e1sok\u00e9rt is im\u00e1dkozunk. * Szeptember 5-\u00e9n,\u00a0p\u00e9nteken, Kov\u00e1cs, sz\u00fcl. Verest\u00f3y Edit-Brigitta f\u00f6ldi hamvait Schorndorf-ban, 11.00 \u00f3rakor, a Neuer Friedhof-ban helyezz\u00fck v\u00e9gs\u0151 nyugalomra. Csal\u00e1dtagjaival egy\u00fctt v\u00e1runk Benneteket. Stuttgarti d\u00e9lut\u00e1n, 18.00 \u00f3rakor szentmise,\u00a0el\u0151tte r\u00f3zsaf\u00fcz\u00e9rt im\u00e1dkozunk. Egyben els\u0151p\u00e9ntek, szentmise v\u00e9g\u00e9n els\u0151p\u00e9nteki \u00e1jtatoss\u00e1g. \u00a0* Szeptember 6-\u00e1n, szombaton, Balingenben 17.00 \u00f3rakor szentmise, ut\u00e1na agap\u00e9. Figyelj\u00fcnk a megv\u00e1ltozott id\u0151pontra! Egyben \u00e9rtes\u00edts\u00fcnk m\u00e1sokat is. K\u00f6sz\u00f6nj\u00fck a megoszt\u00e1st. * Szeptember 7-\u00e9n, \u00c9vk\u00f6zi 23. vas\u00e1rnap, Schw\u00e4bisch-Gm\u00fcndben 9.30 \u00f3rakor szentmise, ut\u00e1na agap\u00e9, Stuttgartban 15.00 \u00f3rakor szentmise, ut\u00e1na agap\u00e9. B\u00e1r lehet, hogy m\u00e9g sokan \u00faton lesznek ezen a vas\u00e1rnapon, v\u00e1rjuk term\u00e9szetesen a gyermekeket \u00e9s sz\u00fcleiket a szentmis\u00e9re. Gyermek-istentiszteletet is tartunk. Bandean Andrea v\u00e1r benneteket. Alkalom, hogy mind a gyermekek, mind pedig a feln\u0151ttek megosszuk \u00f6r\u00f6meinket a ny\u00e1rral kapcsolatosan. \u00a0* Minden helyen mindenkit szeretettel v\u00e1r a k\u00f6z\u00f6ss\u00e9g \u00e9s Tibor atya! * \u00a0* Bens\u0151s\u00e9ges \u0151szi napokat, j\u00f3 munk\u00e1t, tartalmas besz\u00e9lget\u00e9seket \u00e9s \u00f6r\u00f6mteli tal\u00e1lkoz\u00e1sokat k\u00edv\u00e1nunk minden Kedves H\u00edv\u00fcnknek! * MAGADNAK TEREMTETT\u00c9L, URAM \u00d3, Istenem, a magad sz\u00e1m\u00e1ra teremtett\u00e9l engem, hogy a magam m\u00f3dj\u00e1n szolg\u00e1ljak neked. Ha beteg vagyok, Uram, szolg\u00e1ljon t\u00e9ged betegs\u00e9gem, ha szorongat\u00e1sok vesznek k\u00f6r\u00fcl, szolg\u00e1ljanak azok t\u00e9ged. Adhatsz nekem r\u00f6vid vagy hossz\u00fa \u00e9letet \u2013 Te tudod, mire van sz\u00fcks\u00e9gem, Te tudod mindig mindenben, mire lesz j\u00f3. \u00c9n teh\u00e1t neked adom \u00e9s teljesen r\u00e1d b\u00edzom magamat. B\u00f6lcsebb vagy n\u00e1lam \u00e9s jobban szeretsz engem, mint \u00e9n magamat. Ne engedj a saj\u00e1t utaimon j\u00e1rni, Uram, an\u00e9lk\u00fcl, hogy r\u00e1d gondoln\u00e9k! Engedd, hogy mindent elviseljek \u00e9rted! Minden sz\u00e1nd\u00e9komhoz a Te beleegyez\u00e9sedet k\u00e9rem, \u00e9s minden cselekv\u00e9semhez a Te \u00e1ld\u00e1sodat. Mik\u00e9nt a nap\u00f3ra a Nap szerint igazodik, \u00fagy akarok \u00e9n igazodni ut\u00e1nad. Fogadj el \u00e9s vezess engem! (K\u00f6sz\u00f6net Sz\u00e9n\u00e9get\u0151 Istv\u00e1n aty\u00e1nak az im\u00e1ds\u00e1g\u00e9rt. Az \u0151 insta oldal\u00e1n tal\u00e1ltam r\u00e1.) (K\u00e9pek forr\u00e1sa: N\u00e9meti Gergely)\" \/>\n<meta property=\"og:url\" content=\"https:\/\/stuttgarti-katolikusok.de\/index.php\/2025-szeptember-1-es-7-kozott\/\" \/>\n<meta property=\"og:site_name\" content=\"Stuttgarti Katolikusok\" \/>\n<meta property=\"article:published_time\" content=\"2025-09-01T19:48:18+00:00\" \/>\n<meta property=\"article:modified_time\" content=\"2025-09-01T20:37:58+00:00\" \/>\n<meta property=\"og:image\" content=\"https:\/\/stuttgarti-katolikusok.de\/wp-content\/uploads\/2023\/08\/ng5.jpg\" \/>\n\t<meta property=\"og:image:width\" content=\"2048\" \/>\n\t<meta property=\"og:image:height\" content=\"1365\" \/>\n\t<meta property=\"og:image:type\" content=\"image\/jpeg\" \/>\n<meta name=\"author\" content=\"Tibor atya\" \/>\n<meta name=\"twitter:card\" content=\"summary_large_image\" \/>\n<meta name=\"twitter:label1\" content=\"Szerz\u0151:\" \/>\n\t<meta name=\"twitter:data1\" content=\"Tibor atya\" \/>\n\t<meta name=\"twitter:label2\" content=\"Becs\u00fclt olvas\u00e1si id\u0151\" \/>\n\t<meta name=\"twitter:data2\" content=\"3 perc\" \/>\n<script type=\"application\/ld+json\" class=\"yoast-schema-graph\">{\"@context\":\"https:\\\/\\\/schema.org\",\"@graph\":[{\"@type\":\"Article\",\"@id\":\"https:\\\/\\\/stuttgarti-katolikusok.de\\\/index.php\\\/2025-szeptember-1-es-7-kozott\\\/#article\",\"isPartOf\":{\"@id\":\"https:\\\/\\\/stuttgarti-katolikusok.de\\\/index.php\\\/2025-szeptember-1-es-7-kozott\\\/\"},\"author\":{\"name\":\"Tibor atya\",\"@id\":\"https:\\\/\\\/stuttgarti-katolikusok.de\\\/#\\\/schema\\\/person\\\/75908d6f8fdc03a57889d27209df7795\"},\"headline\":\"2025. SZEPTEMBER 1 \u00c9S 7 K\u00d6Z\u00d6TT\",\"datePublished\":\"2025-09-01T19:48:18+00:00\",\"dateModified\":\"2025-09-01T20:37:58+00:00\",\"mainEntityOfPage\":{\"@id\":\"https:\\\/\\\/stuttgarti-katolikusok.de\\\/index.php\\\/2025-szeptember-1-es-7-kozott\\\/\"},\"wordCount\":429,\"image\":{\"@id\":\"https:\\\/\\\/stuttgarti-katolikusok.de\\\/index.php\\\/2025-szeptember-1-es-7-kozott\\\/#primaryimage\"},\"thumbnailUrl\":\"https:\\\/\\\/stuttgarti-katolikusok.de\\\/wp-content\\\/uploads\\\/2023\\\/08\\\/ng5.jpg\",\"articleSection\":[\"Progamel\u0151zetes\"],\"inLanguage\":\"hu\"},{\"@type\":\"WebPage\",\"@id\":\"https:\\\/\\\/stuttgarti-katolikusok.de\\\/index.php\\\/2025-szeptember-1-es-7-kozott\\\/\",\"url\":\"https:\\\/\\\/stuttgarti-katolikusok.de\\\/index.php\\\/2025-szeptember-1-es-7-kozott\\\/\",\"name\":\"2025. SZEPTEMBER 1 \u00c9S 7 K\u00d6Z\u00d6TT - Stuttgarti Katolikusok\",\"isPartOf\":{\"@id\":\"https:\\\/\\\/stuttgarti-katolikusok.de\\\/#website\"},\"primaryImageOfPage\":{\"@id\":\"https:\\\/\\\/stuttgarti-katolikusok.de\\\/index.php\\\/2025-szeptember-1-es-7-kozott\\\/#primaryimage\"},\"image\":{\"@id\":\"https:\\\/\\\/stuttgarti-katolikusok.de\\\/index.php\\\/2025-szeptember-1-es-7-kozott\\\/#primaryimage\"},\"thumbnailUrl\":\"https:\\\/\\\/stuttgarti-katolikusok.de\\\/wp-content\\\/uploads\\\/2023\\\/08\\\/ng5.jpg\",\"datePublished\":\"2025-09-01T19:48:18+00:00\",\"dateModified\":\"2025-09-01T20:37:58+00:00\",\"author\":{\"@id\":\"https:\\\/\\\/stuttgarti-katolikusok.de\\\/#\\\/schema\\\/person\\\/75908d6f8fdc03a57889d27209df7795\"},\"breadcrumb\":{\"@id\":\"https:\\\/\\\/stuttgarti-katolikusok.de\\\/index.php\\\/2025-szeptember-1-es-7-kozott\\\/#breadcrumb\"},\"inLanguage\":\"hu\",\"potentialAction\":[{\"@type\":\"ReadAction\",\"target\":[\"https:\\\/\\\/stuttgarti-katolikusok.de\\\/index.php\\\/2025-szeptember-1-es-7-kozott\\\/\"]}]},{\"@type\":\"ImageObject\",\"inLanguage\":\"hu\",\"@id\":\"https:\\\/\\\/stuttgarti-katolikusok.de\\\/index.php\\\/2025-szeptember-1-es-7-kozott\\\/#primaryimage\",\"url\":\"https:\\\/\\\/stuttgarti-katolikusok.de\\\/wp-content\\\/uploads\\\/2023\\\/08\\\/ng5.jpg\",\"contentUrl\":\"https:\\\/\\\/stuttgarti-katolikusok.de\\\/wp-content\\\/uploads\\\/2023\\\/08\\\/ng5.jpg\",\"width\":2048,\"height\":1365},{\"@type\":\"BreadcrumbList\",\"@id\":\"https:\\\/\\\/stuttgarti-katolikusok.de\\\/index.php\\\/2025-szeptember-1-es-7-kozott\\\/#breadcrumb\",\"itemListElement\":[{\"@type\":\"ListItem\",\"position\":1,\"name\":\"Kezd\u0151lap\",\"item\":\"https:\\\/\\\/stuttgarti-katolikusok.de\\\/\"},{\"@type\":\"ListItem\",\"position\":2,\"name\":\"2025. SZEPTEMBER 1 \u00c9S 7 K\u00d6Z\u00d6TT\"}]},{\"@type\":\"WebSite\",\"@id\":\"https:\\\/\\\/stuttgarti-katolikusok.de\\\/#website\",\"url\":\"https:\\\/\\\/stuttgarti-katolikusok.de\\\/\",\"name\":\"Stuttgarti Katolikusok\",\"description\":\"\",\"potentialAction\":[{\"@type\":\"SearchAction\",\"target\":{\"@type\":\"EntryPoint\",\"urlTemplate\":\"https:\\\/\\\/stuttgarti-katolikusok.de\\\/?s={search_term_string}\"},\"query-input\":{\"@type\":\"PropertyValueSpecification\",\"valueRequired\":true,\"valueName\":\"search_term_string\"}}],\"inLanguage\":\"hu\"},{\"@type\":\"Person\",\"@id\":\"https:\\\/\\\/stuttgarti-katolikusok.de\\\/#\\\/schema\\\/person\\\/75908d6f8fdc03a57889d27209df7795\",\"name\":\"Tibor atya\",\"image\":{\"@type\":\"ImageObject\",\"inLanguage\":\"hu\",\"@id\":\"https:\\\/\\\/secure.gravatar.com\\\/avatar\\\/61d268e57d1f4525b111222e29d2d5a7f8c420fdbf231ba5566a8ceac74fa960?s=96&d=mm&r=g\",\"url\":\"https:\\\/\\\/secure.gravatar.com\\\/avatar\\\/61d268e57d1f4525b111222e29d2d5a7f8c420fdbf231ba5566a8ceac74fa960?s=96&d=mm&r=g\",\"contentUrl\":\"https:\\\/\\\/secure.gravatar.com\\\/avatar\\\/61d268e57d1f4525b111222e29d2d5a7f8c420fdbf231ba5566a8ceac74fa960?s=96&d=mm&r=g\",\"caption\":\"Tibor atya\"},\"url\":\"https:\\\/\\\/stuttgarti-katolikusok.de\\\/index.php\\\/author\\\/tibor-atya\\\/\"}]}<\/script>\n<!-- \/ Yoast SEO plugin. -->","yoast_head_json":{"title":"2025. SZEPTEMBER 1 \u00c9S 7 K\u00d6Z\u00d6TT - Stuttgarti Katolikusok","robots":{"index":"index","follow":"follow","max-snippet":"max-snippet:-1","max-image-preview":"max-image-preview:large","max-video-preview":"max-video-preview:-1"},"canonical":"https:\/\/stuttgarti-katolikusok.de\/index.php\/2025-szeptember-1-es-7-kozott\/","og_locale":"hu_HU","og_type":"article","og_title":"2025. SZEPTEMBER 1 \u00c9S 7 K\u00d6Z\u00d6TT - Stuttgarti Katolikusok","og_description":"Programel\u0151zetes * Szeptember 4-\u00e9n, cs\u00fct\u00f6rt\u00f6k\u00f6n, Weingarteni d\u00e9lut\u00e1n, a 14 Nothelfer Kapelle-ben 18.00 \u00f3rakor szentmise, el\u0151tte r\u00f3zsaf\u0171z\u00e9rt im\u00e1dkozunk. Els\u0151cs\u00fct\u00f6rt\u00f6k l\u00e9v\u00e9n papjaink\u00e9rt \u00e9s papi hivat\u00e1sok\u00e9rt is im\u00e1dkozunk. * Szeptember 5-\u00e9n,\u00a0p\u00e9nteken, Kov\u00e1cs, sz\u00fcl. Verest\u00f3y Edit-Brigitta f\u00f6ldi hamvait Schorndorf-ban, 11.00 \u00f3rakor, a Neuer Friedhof-ban helyezz\u00fck v\u00e9gs\u0151 nyugalomra. Csal\u00e1dtagjaival egy\u00fctt v\u00e1runk Benneteket. Stuttgarti d\u00e9lut\u00e1n, 18.00 \u00f3rakor szentmise,\u00a0el\u0151tte r\u00f3zsaf\u00fcz\u00e9rt im\u00e1dkozunk. Egyben els\u0151p\u00e9ntek, szentmise v\u00e9g\u00e9n els\u0151p\u00e9nteki \u00e1jtatoss\u00e1g. \u00a0* Szeptember 6-\u00e1n, szombaton, Balingenben 17.00 \u00f3rakor szentmise, ut\u00e1na agap\u00e9. Figyelj\u00fcnk a megv\u00e1ltozott id\u0151pontra! Egyben \u00e9rtes\u00edts\u00fcnk m\u00e1sokat is. K\u00f6sz\u00f6nj\u00fck a megoszt\u00e1st. * Szeptember 7-\u00e9n, \u00c9vk\u00f6zi 23. vas\u00e1rnap, Schw\u00e4bisch-Gm\u00fcndben 9.30 \u00f3rakor szentmise, ut\u00e1na agap\u00e9, Stuttgartban 15.00 \u00f3rakor szentmise, ut\u00e1na agap\u00e9. B\u00e1r lehet, hogy m\u00e9g sokan \u00faton lesznek ezen a vas\u00e1rnapon, v\u00e1rjuk term\u00e9szetesen a gyermekeket \u00e9s sz\u00fcleiket a szentmis\u00e9re. Gyermek-istentiszteletet is tartunk. Bandean Andrea v\u00e1r benneteket. Alkalom, hogy mind a gyermekek, mind pedig a feln\u0151ttek megosszuk \u00f6r\u00f6meinket a ny\u00e1rral kapcsolatosan. \u00a0* Minden helyen mindenkit szeretettel v\u00e1r a k\u00f6z\u00f6ss\u00e9g \u00e9s Tibor atya! * \u00a0* Bens\u0151s\u00e9ges \u0151szi napokat, j\u00f3 munk\u00e1t, tartalmas besz\u00e9lget\u00e9seket \u00e9s \u00f6r\u00f6mteli tal\u00e1lkoz\u00e1sokat k\u00edv\u00e1nunk minden Kedves H\u00edv\u00fcnknek! * MAGADNAK TEREMTETT\u00c9L, URAM \u00d3, Istenem, a magad sz\u00e1m\u00e1ra teremtett\u00e9l engem, hogy a magam m\u00f3dj\u00e1n szolg\u00e1ljak neked. Ha beteg vagyok, Uram, szolg\u00e1ljon t\u00e9ged betegs\u00e9gem, ha szorongat\u00e1sok vesznek k\u00f6r\u00fcl, szolg\u00e1ljanak azok t\u00e9ged. Adhatsz nekem r\u00f6vid vagy hossz\u00fa \u00e9letet \u2013 Te tudod, mire van sz\u00fcks\u00e9gem, Te tudod mindig mindenben, mire lesz j\u00f3. \u00c9n teh\u00e1t neked adom \u00e9s teljesen r\u00e1d b\u00edzom magamat. B\u00f6lcsebb vagy n\u00e1lam \u00e9s jobban szeretsz engem, mint \u00e9n magamat. Ne engedj a saj\u00e1t utaimon j\u00e1rni, Uram, an\u00e9lk\u00fcl, hogy r\u00e1d gondoln\u00e9k! Engedd, hogy mindent elviseljek \u00e9rted! Minden sz\u00e1nd\u00e9komhoz a Te beleegyez\u00e9sedet k\u00e9rem, \u00e9s minden cselekv\u00e9semhez a Te \u00e1ld\u00e1sodat. Mik\u00e9nt a nap\u00f3ra a Nap szerint igazodik, \u00fagy akarok \u00e9n igazodni ut\u00e1nad. Fogadj el \u00e9s vezess engem! (K\u00f6sz\u00f6net Sz\u00e9n\u00e9get\u0151 Istv\u00e1n aty\u00e1nak az im\u00e1ds\u00e1g\u00e9rt. Az \u0151 insta oldal\u00e1n tal\u00e1ltam r\u00e1.) (K\u00e9pek forr\u00e1sa: N\u00e9meti Gergely)","og_url":"https:\/\/stuttgarti-katolikusok.de\/index.php\/2025-szeptember-1-es-7-kozott\/","og_site_name":"Stuttgarti Katolikusok","article_published_time":"2025-09-01T19:48:18+00:00","article_modified_time":"2025-09-01T20:37:58+00:00","og_image":[{"width":2048,"height":1365,"url":"https:\/\/stuttgarti-katolikusok.de\/wp-content\/uploads\/2023\/08\/ng5.jpg","type":"image\/jpeg"}],"author":"Tibor atya","twitter_card":"summary_large_image","twitter_misc":{"Szerz\u0151:":"Tibor atya","Becs\u00fclt olvas\u00e1si id\u0151":"3 perc"},"schema":{"@context":"https:\/\/schema.org","@graph":[{"@type":"Article","@id":"https:\/\/stuttgarti-katolikusok.de\/index.php\/2025-szeptember-1-es-7-kozott\/#article","isPartOf":{"@id":"https:\/\/stuttgarti-katolikusok.de\/index.php\/2025-szeptember-1-es-7-kozott\/"},"author":{"name":"Tibor atya","@id":"https:\/\/stuttgarti-katolikusok.de\/#\/schema\/person\/75908d6f8fdc03a57889d27209df7795"},"headline":"2025. SZEPTEMBER 1 \u00c9S 7 K\u00d6Z\u00d6TT","datePublished":"2025-09-01T19:48:18+00:00","dateModified":"2025-09-01T20:37:58+00:00","mainEntityOfPage":{"@id":"https:\/\/stuttgarti-katolikusok.de\/index.php\/2025-szeptember-1-es-7-kozott\/"},"wordCount":429,"image":{"@id":"https:\/\/stuttgarti-katolikusok.de\/index.php\/2025-szeptember-1-es-7-kozott\/#primaryimage"},"thumbnailUrl":"https:\/\/stuttgarti-katolikusok.de\/wp-content\/uploads\/2023\/08\/ng5.jpg","articleSection":["Progamel\u0151zetes"],"inLanguage":"hu"},{"@type":"WebPage","@id":"https:\/\/stuttgarti-katolikusok.de\/index.php\/2025-szeptember-1-es-7-kozott\/","url":"https:\/\/stuttgarti-katolikusok.de\/index.php\/2025-szeptember-1-es-7-kozott\/","name":"2025. SZEPTEMBER 1 \u00c9S 7 K\u00d6Z\u00d6TT - Stuttgarti Katolikusok","isPartOf":{"@id":"https:\/\/stuttgarti-katolikusok.de\/#website"},"primaryImageOfPage":{"@id":"https:\/\/stuttgarti-katolikusok.de\/index.php\/2025-szeptember-1-es-7-kozott\/#primaryimage"},"image":{"@id":"https:\/\/stuttgarti-katolikusok.de\/index.php\/2025-szeptember-1-es-7-kozott\/#primaryimage"},"thumbnailUrl":"https:\/\/stuttgarti-katolikusok.de\/wp-content\/uploads\/2023\/08\/ng5.jpg","datePublished":"2025-09-01T19:48:18+00:00","dateModified":"2025-09-01T20:37:58+00:00","author":{"@id":"https:\/\/stuttgarti-katolikusok.de\/#\/schema\/person\/75908d6f8fdc03a57889d27209df7795"},"breadcrumb":{"@id":"https:\/\/stuttgarti-katolikusok.de\/index.php\/2025-szeptember-1-es-7-kozott\/#breadcrumb"},"inLanguage":"hu","potentialAction":[{"@type":"ReadAction","target":["https:\/\/stuttgarti-katolikusok.de\/index.php\/2025-szeptember-1-es-7-kozott\/"]}]},{"@type":"ImageObject","inLanguage":"hu","@id":"https:\/\/stuttgarti-katolikusok.de\/index.php\/2025-szeptember-1-es-7-kozott\/#primaryimage","url":"https:\/\/stuttgarti-katolikusok.de\/wp-content\/uploads\/2023\/08\/ng5.jpg","contentUrl":"https:\/\/stuttgarti-katolikusok.de\/wp-content\/uploads\/2023\/08\/ng5.jpg","width":2048,"height":1365},{"@type":"BreadcrumbList","@id":"https:\/\/stuttgarti-katolikusok.de\/index.php\/2025-szeptember-1-es-7-kozott\/#breadcrumb","itemListElement":[{"@type":"ListItem","position":1,"name":"Kezd\u0151lap","item":"https:\/\/stuttgarti-katolikusok.de\/"},{"@type":"ListItem","position":2,"name":"2025. SZEPTEMBER 1 \u00c9S 7 K\u00d6Z\u00d6TT"}]},{"@type":"WebSite","@id":"https:\/\/stuttgarti-katolikusok.de\/#website","url":"https:\/\/stuttgarti-katolikusok.de\/","name":"Stuttgarti Katolikusok","description":"","potentialAction":[{"@type":"SearchAction","target":{"@type":"EntryPoint","urlTemplate":"https:\/\/stuttgarti-katolikusok.de\/?s={search_term_string}"},"query-input":{"@type":"PropertyValueSpecification","valueRequired":true,"valueName":"search_term_string"}}],"inLanguage":"hu"},{"@type":"Person","@id":"https:\/\/stuttgarti-katolikusok.de\/#\/schema\/person\/75908d6f8fdc03a57889d27209df7795","name":"Tibor atya","image":{"@type":"ImageObject","inLanguage":"hu","@id":"https:\/\/secure.gravatar.com\/avatar\/61d268e57d1f4525b111222e29d2d5a7f8c420fdbf231ba5566a8ceac74fa960?s=96&d=mm&r=g","url":"https:\/\/secure.gravatar.com\/avatar\/61d268e57d1f4525b111222e29d2d5a7f8c420fdbf231ba5566a8ceac74fa960?s=96&d=mm&r=g","contentUrl":"https:\/\/secure.gravatar.com\/avatar\/61d268e57d1f4525b111222e29d2d5a7f8c420fdbf231ba5566a8ceac74fa960?s=96&d=mm&r=g","caption":"Tibor atya"},"url":"https:\/\/stuttgarti-katolikusok.de\/index.php\/author\/tibor-atya\/"}]}},"_links":{"self":[{"href":"https:\/\/stuttgarti-katolikusok.de\/index.php\/wp-json\/wp\/v2\/posts\/31410","targetHints":{"allow":["GET"]}}],"collection":[{"href":"https:\/\/stuttgarti-katolikusok.de\/index.php\/wp-json\/wp\/v2\/posts"}],"about":[{"href":"https:\/\/stuttgarti-katolikusok.de\/index.php\/wp-json\/wp\/v2\/types\/post"}],"author":[{"embeddable":true,"href":"https:\/\/stuttgarti-katolikusok.de\/index.php\/wp-json\/wp\/v2\/users\/3"}],"replies":[{"embeddable":true,"href":"https:\/\/stuttgarti-katolikusok.de\/index.php\/wp-json\/wp\/v2\/comments?post=31410"}],"version-history":[{"count":8,"href":"https:\/\/stuttgarti-katolikusok.de\/index.php\/wp-json\/wp\/v2\/posts\/31410\/revisions"}],"predecessor-version":[{"id":31432,"href":"https:\/\/stuttgarti-katolikusok.de\/index.php\/wp-json\/wp\/v2\/posts\/31410\/revisions\/31432"}],"wp:featuredmedia":[{"embeddable":true,"href":"https:\/\/stuttgarti-katolikusok.de\/index.php\/wp-json\/wp\/v2\/media\/27107"}],"wp:attachment":[{"href":"https:\/\/stuttgarti-katolikusok.de\/index.php\/wp-json\/wp\/v2\/media?parent=31410"}],"wp:term":[{"taxonomy":"category","embeddable":true,"href":"https:\/\/stuttgarti-katolikusok.de\/index.php\/wp-json\/wp\/v2\/categories?post=31410"},{"taxonomy":"post_tag","embeddable":true,"href":"https:\/\/stuttgarti-katolikusok.de\/index.php\/wp-json\/wp\/v2\/tags?post=31410"}],"curies":[{"name":"wp","href":"https:\/\/api.w.org\/{rel}","templated":true}]}}