{"id":31405,"date":"2025-08-30T10:31:15","date_gmt":"2025-08-30T08:31:15","guid":{"rendered":"https:\/\/stuttgarti-katolikusok.de\/?p=31405"},"modified":"2025-08-30T22:52:23","modified_gmt":"2025-08-30T20:52:23","slug":"evkozi-22-vasarnap-2","status":"publish","type":"post","link":"https:\/\/stuttgarti-katolikusok.de\/index.php\/evkozi-22-vasarnap-2\/","title":{"rendered":"\u00c9vk\u00f6zi 22. vas\u00e1rnap"},"content":{"rendered":"<p><span style=\"color: #ff6600;\"><em>Vil<\/em><em>\u00e1gunkban a verseng<\/em><em>\u00e9s, a t<\/em><em>\u00fcleked<\/em><em>\u00e9s, a benne megnyilv<\/em><em>\u00e1nul<\/em><em>\u00f3 g<\/em><em>\u00e1tl<\/em><em>\u00e1stalans<\/em><em>\u00e1g, mi t<\/em><em>\u00f6bb, az er<\/em><em>\u0151szakoss<\/em><em>\u00e1g, megszokott<\/em><em>\u00e1 v<\/em><em>\u00e1lik. Ennek k<\/em><em>\u00f6vetkezm<\/em><em>\u00e9nye pedig, hogy egyre k<\/em><em>\u00e9nyelmetlenebb<\/em><em>\u00fcl <\/em><em>\u00e9rezz<\/em><em>\u00fck magunkat. Amennyiben ennek ok<\/em><em>\u00e1t keresem, akkor els<\/em><em>\u0151sorban arr<\/em><em>\u00f3l a t<\/em><em>\u00falfokozott hangulatr<\/em><em>\u00f3l tehetek eml<\/em><em>\u00edt<\/em><em>\u00e9st, amely mind a k<\/em><em>\u00f6zbesz<\/em><em>\u00e9dben, mind pedig a virtu<\/em><em>\u00e1lis t<\/em><em>\u00e9rben megjelenik. N<\/em><em>\u00e9zz<\/em><em>\u00fck csak meg, milyen g<\/em><em>\u00e1tl<\/em><em>\u00e1stalanul <\/em><em>\u00e9s k<\/em><em>\u00f6vetkezm<\/em><em>\u00e9nyek n<\/em><em>\u00e9lk<\/em><em>\u00fcl lehet <\/em><em>\u00e1lh<\/em><em>\u00edreket terjeszteni m<\/em><em>\u00e1sokr<\/em><em>\u00f3l, hogyan lehet c<\/em><em>\u00edmk<\/em><em>\u00e9zni m<\/em><em>\u00e1sokat. Nem m<\/em><em>\u00e1s ez, mint a k<\/em><em>\u00f6zbesz<\/em><em>\u00e9d m<\/em><em>\u00e9lyrep<\/em><em>\u00fcl<\/em><em>\u00e9se, a m<\/em><em>\u00e1sik szem<\/em><em>\u00e9lyi m<\/em><em>\u00e9lt<\/em><em>\u00f3s<\/em><em>\u00e1g<\/em><em>\u00e1nak semmibe v<\/em><em>\u00e9tele. Ahelyett, hogy m<\/em><em>\u00e1sokat min<\/em><em>\u0151s<\/em><em>\u00edten<\/em><em>\u00e9k, magamat kell szeml<\/em><em>\u00e9lnem. Az igaz<\/em><em>\u00e1n fontos k<\/em><em>\u00e9rd<\/em><em>\u00e9s, hogy ez a szeml<\/em><em>\u00e9let fellelhet<\/em><em>\u0151-e egy<\/em><em>\u00e9ni magatart<\/em><em>\u00e1somban? Ne feledjem, a kereszt<\/em><em>\u00e9ny ember magatart<\/em><em>\u00e1sa eg<\/em><em>\u00e9szen m<\/em><em>\u00e1s. <\/em><em>\u0150 ugyanis annak a J<\/em><em>\u00e9zus Krisztusnak k<\/em><em>\u00f6vet<\/em><em>\u0151je, aki ezt mondja: <\/em><em>\u201eTanuljatok t<\/em><em>\u0151lem, mert szel<\/em><em>\u00edd vagyok <\/em><em>\u00e9s al<\/em><em>\u00e1zatos sz<\/em><em>\u00edv<\/em><em>\u0171\u201d (Mt 11,29).<\/em><\/span><\/p>\n<p><span style=\"color: #ff6600;\"><em>A szentmise k<\/em><em>\u00f6ny<\/em><em>\u00f6rg<\/em><em>\u00e9se r<\/em><em>\u00e1ir<\/em><em>\u00e1ny<\/em><em>\u00edtja figyelm<\/em><em>\u00fcnket egy fontos felismer<\/em><em>\u00e9sre: Isten minden j<\/em><em>\u00f3 forr<\/em><em>\u00e1sa. Vagyis, <\/em><em>\u0150 egy j<\/em><em>\u00f3 vil<\/em><em>\u00e1got b<\/em><em>\u00edzott r<\/em><em>\u00e1nk. A magunk feladata pedig, hogy ezt a j<\/em><em>\u00f3s<\/em><em>\u00e1got meg<\/em><em>\u0151rizz<\/em><em>\u00fck. Erre csakis szeretet<\/em><em>\u00e9ben <\/em><em>\u00e9s kegyelmi aj<\/em><em>\u00e1nd<\/em><em>\u00e9kainak birtok<\/em><em>\u00e1ban vagyunk k<\/em><em>\u00e9pesek.<\/em><\/span><\/p>\n<p><span style=\"color: #ff6600;\"><em>Az els<\/em><em>\u0151 olvasm<\/em><em>\u00e1ny az <\/em><em>\u00f3sz<\/em><em>\u00f6vets<\/em><em>\u00e9gi b<\/em><em>\u00f6lcsess<\/em><em>\u00e9g irodalom egyik gy<\/em><em>\u00f6ny<\/em><em>\u00f6r<\/em><em>\u0171 <\/em><em>\u00e9s elgondolkodtat<\/em><em>\u00f3 tan<\/em><em>\u00edt<\/em><em>\u00e1s<\/em><em>\u00e1val aj<\/em><em>\u00e1nd<\/em><em>\u00e9koz meg. A hi<\/em><em>\u00fas<\/em><em>\u00e1gra <\/em><em>\u00e9s b<\/em><em>\u00fcszkes<\/em><em>\u00e9gre val<\/em><em>\u00f3 hajlamom ellenszenvess<\/em><em>\u00e9 tesz embertestv<\/em><em>\u00e9reim el<\/em><em>\u0151tt. Mi t<\/em><em>\u00f6bb, megfeledkezem J<\/em><em>\u00e9zus fontos tan<\/em><em>\u00edt<\/em><em>\u00e1s<\/em><em>\u00e1r<\/em><em>\u00f3l, az al<\/em><em>\u00e1zatosakat felemeli kegyelm<\/em><em>\u00e9vel, a g<\/em><em>\u0151g<\/em><em>\u00f6s<\/em><em>\u00f6ket megal<\/em><em>\u00e1zza. <\/em><em>\u201eA b<\/em><em>\u00f6lcs sz<\/em><em>\u00edv nyitva <\/em><em>\u00e1ll a b<\/em><em>\u00f6lcsek szav<\/em><em>\u00e1nak, s a figyelmes f<\/em><em>\u00fcl b<\/em><em>\u00f6lcsess<\/em><em>\u00e9gre v<\/em><em>\u00e1gyik.<\/em><em>\u201d (Sir 3,31)<\/em><\/span><\/p>\n<p><span style=\"color: #ff6600;\"><em>A szentlecke tan<\/em><em>\u00edt<\/em><em>\u00e1s<\/em><em>\u00e1t b<\/em><em>\u00e1tor<\/em><em>\u00edt<\/em><em>\u00f3 <\/em><em>\u00fczenetek<\/em><em>\u00e9nt is <\/em><em>\u00e9rtelmezhetj<\/em><em>\u00fck. Ugyanis a h<\/em><em>\u00edv<\/em><em>\u0151 ember <\/em><em>\u00e9let<\/em><em>\u00e9nek zsin<\/em><em>\u00f3rm<\/em><em>\u00e9rt<\/em><em>\u00e9ke J<\/em><em>\u00e9zus Krisztus tan<\/em><em>\u00edt<\/em><em>\u00e1sa, vagyis az <\/em><em>\u00f6r<\/em><em>\u00f6mh<\/em><em>\u00edr. Ennek f<\/em><em>\u00e9ny<\/em><em>\u00e9ben <\/em><em>\u00e9rtj<\/em><em>\u00fck meg a ma elhangz<\/em><em>\u00f3 evang<\/em><em>\u00e9liumi tan<\/em><em>\u00edt<\/em><em>\u00e1st. <\/em><\/span><\/p>\n<p><span style=\"color: #ff6600;\"><em>J<\/em><em>\u00e9zus egy vezet<\/em><em>\u0151 farizeus h<\/em><em>\u00e1z<\/em><em>\u00e1ba kap megh<\/em><em>\u00edv<\/em><em>\u00e1st. K<\/em><em>\u00eds<\/em><em>\u00e9rj<\/em><em>\u00fck el <\/em><em>\u0151t! Ez nagy megtiszteltet<\/em><em>\u00e9snek sz<\/em><em>\u00e1m<\/em><em>\u00edtott akkoriban. Az <\/em><em>\u00e9tkez<\/em><em>\u00e9skor rangsor szerint telepedtek le az emberek, ez<\/em><em>\u00e9rt mindenki kereste, melyik az <\/em><em>\u0151 helye. J<\/em><em>\u00e9zus erre mondja az egyszer<\/em><em>\u0171 tan<\/em><em>\u00e1csot: <\/em><em>\u201eFoglald el az utols<\/em><em>\u00f3 helyet, hogy amikor a h<\/em><em>\u00e1zigazda odaj<\/em><em>\u00f6n, <\/em><em>\u00edgy sz<\/em><em>\u00f3ljon hozz<\/em><em>\u00e1d: Bar<\/em><em>\u00e1tom, menj f<\/em><em>\u00f6ljebb!<\/em><em>\u201d Befejez<\/em><em>\u0151 szavai azonban erk<\/em><em>\u00f6lcsi <\/em><em>\u00fczenetet hordoznak: <\/em><em>\u201eaki mag<\/em><em>\u00e1t felmagasztalja, megal<\/em><em>\u00e1zz<\/em><em>\u00e1k, aki pedig mag<\/em><em>\u00e1t megal<\/em><em>\u00e1zza, azt felmagasztalj<\/em><em>\u00e1k<\/em><em>\u201d. J<\/em><em>\u00e9zus az <\/em><em>\u00f6r<\/em><em>\u00f6k <\/em><em>\u00e9let lakom<\/em><em>\u00e1j<\/em><em>\u00e1nak asztal<\/em><em>\u00e1r<\/em><em>\u00f3l besz<\/em><em>\u00e9l, ahol Isten az, aki <\/em><em>\u201ef<\/em><em>\u00f6ljebb<\/em><em>\u201d vezet, vagy azt mondja, <\/em><em>\u201eadj helyet<\/em><em>\u201d m<\/em><em>\u00e1snak.<\/em><\/span><\/p>\n<p><span style=\"color: #ff6600;\"><em>Mi is az al<\/em><em>\u00e1zatoss<\/em><em>\u00e1g? Az<\/em><em>\u00e9rt is <\/em><em>\u00e9rdekes ez a k<\/em><em>\u00e9rd<\/em><em>\u00e9s, mert a mai, gyakorta tartalom n<\/em><em>\u00e9lk<\/em><em>\u00fcli celebek vil<\/em><em>\u00e1g<\/em><em>\u00e1ban nagy a k<\/em><em>\u00eds<\/em><em>\u00e9rt<\/em><em>\u00e9s, hogy t<\/em><em>\u00f6bbnek l<\/em><em>\u00e1ttassam magam, mint aki val<\/em><em>\u00f3j<\/em><em>\u00e1ban vagyok. Az igazi al<\/em><em>\u00e1zatoss<\/em><em>\u00e1g a magam olvasat<\/em><em>\u00e1ban, hogy tiszt<\/em><em>\u00e1ban vagyok adotts<\/em><em>\u00e1gaimmal, ismerem korl<\/em><em>\u00e1tjaimat <\/em><em>\u00e9s hat<\/em><em>\u00e1raimat. Nem feledem, Isten kegyelm<\/em><em>\u00e9b<\/em><em>\u0151l vagyok az, aki. A <\/em><em>\u201eval<\/em><em>\u00f3s<\/em><em>\u00edtsd meg <\/em><em>\u00f6nmagad<\/em><em>\u201d vil<\/em><em>\u00e1g<\/em><em>\u00e1ban nem akarok a <\/em><em>\u201eshow-business<\/em><em>\u201d selejt term<\/em><em>\u00e9ke lenni. Ez a magatart<\/em><em>\u00e1s <\/em><em>\u00f6nteltt<\/em><em>\u00e9, g<\/em><em>\u00e1tl<\/em><em>\u00e1stalann<\/em><em>\u00e1, b<\/em><em>\u00fcszk<\/em><em>\u00e9v<\/em><em>\u00e9 tesz. V<\/em><em>\u00e9gs<\/em><em>\u0151 soron <\/em><em>\u00fcress<\/em><em>\u00e9, sek<\/em><em>\u00e9lyess<\/em><em>\u00e9 <\/em><em>\u00e9s tartalom n<\/em><em>\u00e9lk<\/em><em>\u00fcliv<\/em><em>\u00e9.<\/em><\/span><\/p>\n<p><span style=\"color: #ff6600;\"><em>Amennyiben igaz<\/em><em>\u00e1n al<\/em><em>\u00e1zatos vagyok, tudom, hogy <\/em><em>\u00e9letemet Istennek k<\/em><em>\u00f6sz<\/em><em>\u00f6nhetem. <\/em><em>\u0150 az, aki <\/em><em>\u00e9lettel aj<\/em><em>\u00e1nd<\/em><em>\u00e9kozott meg <\/em><em>\u00e9s l<\/em><em>\u00e9tben tart. Saj<\/em><em>\u00e1t k<\/em><em>\u00e9p<\/em><em>\u00e9re <\/em><em>\u00e9s hasonlatoss<\/em><em>\u00e1g<\/em><em>\u00e1ra teremtett engem. <\/em><em>\u00c9ppen ez<\/em><em>\u00e9rt mindent Neki k<\/em><em>\u00f6sz<\/em><em>\u00f6nhetek. Ez a felismer<\/em><em>\u00e9s seg<\/em><em>\u00edt abban, hogy elfogadjam <\/em><em>\u00f6nmagam, ne akarjak t<\/em><em>\u00f6bbnek l<\/em><em>\u00e1tszani, mint aki val<\/em><em>\u00f3j<\/em><em>\u00e1ban vagyok. <\/em><em>\u00cdgy k<\/em><em>\u00edn<\/em><em>\u00e1lok es<\/em><em>\u00e9lyt arra, hogy <\/em><em>\u00e9letemben felismerhet<\/em><em>\u0151 legyen Isten kegyelme, vagyis megannyi aj<\/em><em>\u00e1nd<\/em><em>\u00e9ka. Amennyiben mindezzel tiszt<\/em><em>\u00e1ban vagyok, <\/em><em>\u00fagy ez a gondolkod<\/em><em>\u00e1s <\/em><em>\u00e9s magatart<\/em><em>\u00e1s mind szavaimban, mind cselekedeteimben is megnyilv<\/em><em>\u00e1nul.<\/em><\/span><\/p>\n<p><span style=\"color: #008000;\">Kezd\u0151\u00e9nek:<\/span><br \/>\nK\u00f6ny\u00f6r\u00fclj rajtam, Uram, mert eg\u00e9sz nap hozz\u00e1d ki\u00e1ltok: mert te, Uram, j\u00f3s\u00e1gos vagy \u00e9s szel\u00edd, \u00e9s nagy irgalm\u00fa azokhoz, akik seg\u00edts\u00e9g\u00fcl h\u00edvnak t\u00e9ged. (V\u00f6. Zsolt 85,3-5)<\/p>\n<p><span style=\"color: #008000;\">K\u00f6ny\u00f6rg\u00e9s:<\/span><br \/>\nEr\u0151ss\u00e9g Istene, te vagy a legf\u0151bb j\u00f3 \u00e9s minden j\u00f3nak forr\u00e1sa. \u00d6nts sz\u00edv\u00fcnkbe ir\u00e1ntad val\u00f3 szeretetet, \u00e9s a vall\u00e1sos lelk\u00fcletet n\u00f6veld benn\u00fcnk. K\u00e9r\u00fcnk, gyarap\u00edtsd \u00e9s atyai gondvisel\u00e9seddel \u0151rizd meg lelk\u00fcnkben kegyelmi aj\u00e1nd\u00e9kaidat. A mi Urunk, J\u00e9zus Krisztus, a te Fiad \u00e1ltal, aki veled \u00e9l \u00e9s uralkodik a Szentl\u00e9lekkel egys\u00e9gben, Isten mind\u00f6r\u00f6kk\u00f6n \u00f6r\u00f6kk\u00e9.<\/p>\n<p><span style=\"color: #008000;\">OLVASM\u00c1NY Sir\u00e1k fia k\u00f6nyv\u00e9b\u0151l (Sir 3,19-21.30-31)<\/span><br \/>\n<em>Aki megal<\/em><em>\u00e1zza mag<\/em><em>\u00e1t, kegyelmet tal<\/em><em>\u00e1l Istenn<\/em><em>\u00e9l.<\/em><br \/>\nFiam, al\u00e1zattal vidd v\u00e9gbe tetteidet, \u00e9s jobban szeretnek majd, mintha adakozn\u00e1l. Nagy vagy? Ann\u00e1l ink\u00e1bb al\u00e1zd meg magadat, akkor majd kegyelmet tal\u00e1lsz Istenn\u00e9l. Mivelhogy igen nagy az Isten hatalma, tiszteletben tartj\u00e1k az al\u00e1zatosak. Nincs gy\u00f3gy\u00edr a g\u0151g\u00f6s embernek seb\u00e9re, a gonoszs\u00e1g vert benne gy\u00f6keret, \u00e9s nem is veszi \u00e9szre. A b\u00f6lcs sz\u00edv nyitva \u00e1ll a b\u00f6lcsek szav\u00e1nak, s a figyelmes f\u00fcl b\u00f6lcsess\u00e9gre v\u00e1gyik.<br \/>\nEz az Isten ig\u00e9je.<\/p>\n<p><span style=\"color: #008000;\">V\u00c1LASZOS ZSOLT\u00c1R (Zsolt 67,4-5ac.6-7ab.10-11.)<\/span><br \/>\nV\u00e1lasz:\u00a0<strong>J<\/strong><strong>\u00f3s<\/strong><strong>\u00e1godban Isten<\/strong><strong>\u00fcnk, * hajl<\/strong><strong>\u00e9kot k<\/strong><strong>\u00e9sz<\/strong><strong>\u00edtesz a szeg<\/strong><strong>\u00e9nynek.<\/strong>\u00a0V\u00f6. 11b. vers. (2. t\u00f3nus)<br \/>\nEl\u0151\u00e9nekes: \u00d6rvendjenek az igazak \u00e9s ujjongjanak Isten sz\u00edne el\u0151tt, * \u00e9s \u00f6r\u00f6m\u00fckben ujjongjanak.<br \/>\n\u00c9nekeljetek az Istennek, \u2020 nev\u00e9nek zsolt\u00e1rt zengjetek, * val\u00f3ban \u00dar az \u0151 neve.<br \/>\nH\u00edvek: J\u00f3s\u00e1godban Isten\u00fcnk, * hajl\u00e9kot k\u00e9sz\u00edtesz a szeg\u00e9nynek.<br \/>\nE: \u00c1rv\u00e1knak atyja \u00e9s \u00f6zvegyek gy\u00e1mola, * Isten az \u0151 szents\u00e9ges templom\u00e1ban.<br \/>\nIsten a hontalannak otthont k\u00e9sz\u00edt, * a rabnak visszaadja szabads\u00e1g\u00e1t.<br \/>\nH: J\u00f3s\u00e1godban Isten\u00fcnk, * hajl\u00e9kot k\u00e9sz\u00edtesz a szeg\u00e9nynek.<br \/>\nE: B\u0151s\u00e9ges es\u0151t adt\u00e1l, Isten\u00fcnk, * \u00f6r\u00f6ks\u00e9gedbe, ellankadt n\u00e9pedbe \u00faj er\u0151t \u00f6nt\u00f6tt\u00e9l.<br \/>\nLak\u00e1st adt\u00e1l ny\u00e1jadnak azon a f\u00f6ld\u00f6n, * amelyet j\u00f3s\u00e1godban szerezt\u00e9l a szeg\u00e9nyeknek, Isten\u00fcnk.<br \/>\nH: J\u00f3s\u00e1godban Isten\u00fcnk, * hajl\u00e9kot k\u00e9sz\u00edtesz a szeg\u00e9nynek.<\/p>\n<p><span style=\"color: #008000;\">SZENTLECKE a Zsid\u00f3khoz \u00edrt lev\u00e9lb\u0151l (Zsid 12,18-19.22-24a)<\/span><br \/>\n<em>Az <\/em><em>\u00f3sz<\/em><em>\u00f6vets<\/em><em>\u00e9gi <\/em><em>\u00e1ldozatok megsz<\/em><em>\u0171ntek: j<\/em><em>\u00e1ruljunk J<\/em><em>\u00e9zus <\/em><em>\u00f6r<\/em><em>\u00f6k <\/em><em>\u00e1ldozat<\/em><em>\u00e1hoz!<\/em><br \/>\nTestv\u00e9reim!<br \/>\nTi nem k\u00e9zzel tapinthat\u00f3 hegyhez, \u00e9s lobog\u00f3 t\u0171zh\u00f6z j\u00e1rultatok, sem s\u0171r\u0171 hom\u00e1lyhoz, s\u00f6t\u00e9ts\u00e9ghez, sem forg\u00f3sz\u00e9lhez, harsonazeng\u00e9shez vagy mennyd\u00f6rg\u0151 sz\u00f3zathoz, amelynek hallat\u00e1ra (a zsid\u00f3k) k\u00f6ny\u00f6r\u00f6gni kezdtek, hogy ez a hang ne sz\u00f3ljon tov\u00e1bb hozz\u00e1juk.<br \/>\nNem, ti Sion hegy\u00e9hez j\u00e1rultatok, az \u00e9l\u0151 Isten v\u00e1ros\u00e1hoz, a mennyei Jeruzs\u00e1lemhez, az angyalok ezreihez, az \u00e9gben sz\u00e1mon tartott els\u0151sz\u00fcl\u00f6ttek \u00fcnnepi sokadalm\u00e1hoz \u00e9s gy\u00fclekezet\u00e9hez, mindny\u00e1junk b\u00edr\u00e1j\u00e1hoz, az Istenhez, a t\u00f6k\u00e9letes igazak lelkeihez, az \u00faj sz\u00f6vets\u00e9g k\u00f6zvet\u00edt\u0151j\u00e9hez, J\u00e9zushoz.<br \/>\nEz az Isten ig\u00e9je.<\/p>\n<p><span style=\"color: #008000;\">ALLELUJA<\/span><br \/>\nJ\u00e9zus mondja: \u2020 \u201eVegy\u00e9tek magatokra ig\u00e1mat, \u00e9s tanuljatok t\u0151lem, mert szel\u00edd vagyok \u00e9s al\u00e1zatos sz\u00edv\u0171.\u201d Mt 11,29ab \u2013 2. t\u00f3nus.<\/p>\n<p><span style=\"color: #008000;\">\u2020 EVANG\u00c9LIUM Szent Luk\u00e1cs k\u00f6nyv\u00e9b\u0151l (Lk 14,1.7-14)<\/span><br \/>\n<em>A kev<\/em><em>\u00e9lyt megal<\/em><em>\u00e1zz<\/em><em>\u00e1k, az al<\/em><em>\u00e1zatost dics<\/em><em>\u0151s<\/em><em>\u00e9gre emelik. Szeretetb<\/em><em>\u0151l tegy<\/em><em>\u00fck a j<\/em><em>\u00f3t, ne pedig a viszonz<\/em><em>\u00e1s rem<\/em><em>\u00e9ny<\/em><em>\u00e9ben!<\/em><br \/>\nAz egyik szombaton J\u00e9zus bet\u00e9rt egy vezet\u0151 farizeus h\u00e1z\u00e1ba, hogy n\u00e1la \u00e9tkezz\u00e9k. Amikor \u00e9szrevette, hogy a megh\u00edvottak v\u00e1logatj\u00e1k az els\u0151 helyeket, egy p\u00e9ldabesz\u00e9det mondott nekik.<br \/>\n\u201eAmikor lakom\u00e1ra h\u00edvnak \u2013 kezdte \u2013, ne \u00fclj az els\u0151 helyre, mert akadhat a hivatalosak k\u00f6zt n\u00e1lad el\u0151kel\u0151bb is. Ha ez meg\u00e9rkezik, odaj\u00f6n, aki megh\u00edvott titeket, \u00e9s felsz\u00f3l\u00edt: \u00bbAdd \u00e1t a helyedet neki.\u00ab \u00c9s akkor sz\u00e9gyenszemre az utols\u00f3 helyet kell elfoglalnod.<br \/>\nHa teh\u00e1t hivatalos vagy valahova, menj el, \u00e9s foglald el az utols\u00f3 helyet, hogy amikor a h\u00e1zigazda odaj\u00f6n, \u00edgy sz\u00f3ljon hozz\u00e1d: \u00bbBar\u00e1tom, menj f\u00f6ljebb.\u00ab Milyen kit\u00fcntet\u00e9s lesz ez sz\u00e1modra a t\u00f6bbi vend\u00e9g el\u0151tt! Mert mindazt, aki mag\u00e1t felmagasztalja, megal\u00e1zz\u00e1k, aki pedig mag\u00e1t megal\u00e1zza, azt felmagasztalj\u00e1k.\u201d<br \/>\nEkkor a h\u00e1zigazd\u00e1hoz fordult: \u201eAmikor eb\u00e9det vagy vacsor\u00e1t adsz, ne h\u00edvd meg bar\u00e1taidat, se testv\u00e9reidet, se rokonaidat, se gazdag szomsz\u00e9daidat, mert azok is megh\u00edvnak \u00e9s viszonozz\u00e1k neked. Ha lakom\u00e1t adsz, h\u00edvd meg a szeg\u00e9nyeket, b\u00e9n\u00e1kat, s\u00e1nt\u00e1kat, vakokat. Boldog leszel, mert \u0151k nem tudj\u00e1k neked viszonozni. Te azonban az igazak felt\u00e1mad\u00e1sakor megkapod jutalmadat.\u201d<br \/>\nEzek az evang\u00e9lium ig\u00e9i.<\/p>\n<p><span style=\"color: #008000;\">EGYETEMES K\u00d6NY\u00d6RG\u00c9SEK<\/span><br \/>\nPap: K\u00e9rj\u00fck, testv\u00e9reim, a szel\u00edd \u00e9s al\u00e1zatos sz\u00edv\u0171 J\u00e9zust\u00f3l az al\u00e1zatoss\u00e1g kegyelm\u00e9t!<br \/>\nLektor: 1. Add meg Egyh\u00e1zad p\u00e1sztorainak, hogy a t\u0151led kapott szent hatalommal a r\u00e1juk b\u00edzott ny\u00e1j jav\u00e1t szolg\u00e1lj\u00e1k!<br \/>\nH\u00edvek: K\u00e9r\u00fcnk t\u00e9ged, hallgass meg minket!<br \/>\n2. Add, hogy a n\u00e9pek vezet\u0151i nemzet\u00fck k\u00f6zjav\u00e1nak \u00e9rdekei mellett fontosnak tarts\u00e1k az eg\u00e9sz vil\u00e1g j\u00f3l\u00e9t\u00e9t \u00e9s b\u00e9k\u00e9j\u00e9t is!<br \/>\nH\u00edvek: K\u00e9r\u00fcnk t\u00e9ged . . .<br \/>\n3. Add, hogy helyes \u00f6nismerettel \u00e9rt\u00e9kelj\u00fck magunkat, \u00e9s ne k\u00edv\u00e1njunk t\u00f6bb megbecs\u00fcl\u00e9st, mint amennyit meg\u00e9rdeml\u00fcnk!<br \/>\nH\u00edvek: K\u00e9r\u00fcnk t\u00e9ged . . .<br \/>\n4. Add, hogy b\u0171neink tudat\u00e1ban kit\u00fcntet\u00e9snek tekints\u00fck Isten orsz\u00e1g\u00e1ban az utols\u00f3 helyet is!<br \/>\nH\u00edvek: K\u00e9r\u00fcnk t\u00e9ged . . .<br \/>\n5. Add, hogy az ifj\u00fas\u00e1g tanul\u00e9kony l\u00e9lekkel \u00e9s szorgalmas munk\u00e1val k\u00e9sz\u00fclj\u00f6n elfoglalni hely\u00e9t a t\u00e1rsadalomban!<br \/>\nH\u00edvek: K\u00e9r\u00fcnk t\u00e9ged . . .<br \/>\n6. Add, hogy egyh\u00e1zk\u00f6zs\u00e9g\u00fcnk h\u00edvei megtisztult l\u00e9lekkel \u00e9s m\u00e9lys\u00e9ges al\u00e1zattal j\u00e1ruljanak szent asztalodhoz!<br \/>\nH\u00edvek: K\u00e9r\u00fcnk t\u00e9ged . . .<br \/>\nPap: Urunk \u00e9s Mester\u00fcnk! Te f\u00f6ldi \u00e9letedben nem azt akartad, hogy neked szolg\u00e1ljanak, hanem magadat megal\u00e1zva v\u00e1llaltad a mi \u00fcdv\u00f6ss\u00e9g\u00fcnk szolg\u00e1lat\u00e1t. \u00d3vj meg minket, hogy soha el ne bizakodjunk, \u00e9s seg\u00edts, hogy embert\u00e1rsaink jav\u00e1nak el\u0151mozd\u00edt\u00e1s\u00e1val keress\u00fck tetsz\u00e9sedet! Aki \u00e9lsz \u00e9s uralkodol mind\u00f6r\u00f6kk\u00f6n-\u00f6r\u00f6kk\u00e9.<br \/>\nH\u00edvek: \u00c1men.<\/p>\n<p><span style=\"color: #008000;\">Felaj\u00e1nl\u00f3 k\u00f6ny\u00f6rg\u00e9s:<\/span><br \/>\nUrunk, Isten\u00fcnk, szerezzen nek\u00fcnk mindig \u00fcdv\u00f6ss\u00e9ges \u00e1ld\u00e1st ez az \u00e1ldozati adom\u00e1ny, hogy ami ebben a miszt\u00e9riumban t\u00f6rt\u00e9nik, annak ereje \u00e9lett\u00e9 v\u00e1lj\u00e9k benn\u00fcnk. Krisztus, a mi Urunk \u00e1ltal.<\/p>\n<p><span style=\"color: #008000;\">Pref\u00e1ci\u00f3:<\/span><br \/>\nMert val\u00f3ban m\u00e9lt\u00f3 \u00e9s igazs\u00e1gos, ill\u0151 \u00e9s \u00fcdv\u00f6s, hogy mindig \u00e9s minden\u00fctt h\u00e1l\u00e1t adjunk n\u00e9ked, mi Urunk, szents\u00e9ges Aty\u00e1nk, mindenhat\u00f3, \u00f6r\u00f6k Isten:<br \/>\nMert benned \u00e9l\u00fcnk, mozgunk \u00e9s vagyunk, \u00e9s f\u00f6ldi \u00e9let\u00fcnkben nemcsak j\u00f3s\u00e1godat tapasztaljuk napr\u00f3l napra, hanem megkaptuk T\u0151led az \u00f6r\u00f6k \u00e9let z\u00e1log\u00e1t.<br \/>\nA Szentl\u00e9lek ugyanis, aki \u00e9letre keltette a hal\u00e1lb\u00f3l J\u00e9zust, m\u00e1r elkezdte isteni m\u0171k\u00f6d\u00e9s\u00e9t lelk\u00fcnkben, \u00edgy rem\u00e9lj\u00fck, hogy a h\u00fasv\u00e9t szent titk\u00e1ban \u00e1lland\u00f3an r\u00e9szes\u00edt minket.<br \/>\n\u00c9s ez\u00e9rt mi is dics\u0151\u00edt\u00fcnk az \u00f6sszes angyalokkal egy\u00fctt, vid\u00e1m l\u00e9lekkel \u00e9nekl\u00fcnk, \u00e9s h\u00e1l\u00e1s sz\u00edvvel zengj\u00fck:<\/p>\n<p><span style=\"color: #008000;\">\u00c1ldoz\u00e1si \u00e9nek:<\/span><br \/>\nMilyen nagy a te j\u00f3s\u00e1god, Uram, melyet a t\u00e9ged f\u00e9l\u0151knek tartogatsz. (Zsolt 30,20)<br \/>\n<span style=\"color: #008000;\"><em>Vagy<\/em><\/span><br \/>\nBoldogok a b\u00e9kess\u00e9gszerz\u00f6k, mert Isten fiainak h\u00edvj\u00e1k majd \u0151ket. Boldogok, akiket az igazs\u00e1g miatt \u00fcld\u00f6znek, mert \u00f6v\u00e9k a mennyek orsz\u00e1ga. (Mt 5,9-10)<\/p>\n<p><span style=\"color: #008000;\">\u00c1ldoz\u00e1s ut\u00e1ni k\u00f6ny\u00f6rg\u00e9s:<\/span><br \/>\nMennyei asztalod kenyer\u00e9vel t\u00e1pl\u00e1lt\u00e1l minket Urunk, Isten\u00fcnk. K\u00e9r\u00fcnk, a szeretetnek ez a t\u00e1pl\u00e1l\u00e9ka er\u0151s\u00edtse sz\u00edv\u00fcnket, hogy testv\u00e9reinkben neked szolg\u00e1ljunk. Krisztus, a mi Urunk \u00e1ltal.<\/p>\n<p><em>(K\u00e9p forr\u00e1sa: Instagram)<\/em><\/p>\n","protected":false},"excerpt":{"rendered":"<p>Vil\u00e1gunkban a verseng\u00e9s, a t\u00fcleked\u00e9s, a benne megnyilv\u00e1nul\u00f3 g\u00e1tl\u00e1stalans\u00e1g, mi t\u00f6bb, az er\u0151szakoss\u00e1g, megszokott\u00e1 v\u00e1lik. Ennek k\u00f6vetkezm\u00e9nye pedig, hogy egyre k\u00e9nyelmetlenebb\u00fcl \u00e9rezz\u00fck magunkat. Amennyiben ennek ok\u00e1t keresem, akkor els\u0151sorban arr\u00f3l a t\u00falfokozott hangulatr\u00f3l tehetek eml\u00edt\u00e9st, amely mind a k\u00f6zbesz\u00e9dben, mind pedig a virtu\u00e1lis t\u00e9rben megjelenik. N\u00e9zz\u00fck csak meg, milyen g\u00e1tl\u00e1stalanul \u00e9s k\u00f6vetkezm\u00e9nyek n\u00e9lk\u00fcl lehet \u00e1lh\u00edreket terjeszteni m\u00e1sokr\u00f3l, hogyan lehet c\u00edmk\u00e9zni m\u00e1sokat. Nem m\u00e1s ez, mint a k\u00f6zbesz\u00e9d m\u00e9lyrep\u00fcl\u00e9se, a m\u00e1sik szem\u00e9lyi m\u00e9lt\u00f3s\u00e1g\u00e1nak semmibe v\u00e9tele. Ahelyett, hogy m\u00e1sokat min\u0151s\u00edten\u00e9k, magamat kell szeml\u00e9lnem. Az igaz\u00e1n fontos k\u00e9rd\u00e9s, hogy ez a szeml\u00e9let fellelhet\u0151-e egy\u00e9ni magatart\u00e1somban? Ne feledjem, a kereszt\u00e9ny ember magatart\u00e1sa eg\u00e9szen m\u00e1s. \u0150 ugyanis annak a J\u00e9zus Krisztusnak k\u00f6vet\u0151je, aki ezt mondja: \u201eTanuljatok t\u0151lem, mert szel\u00edd vagyok \u00e9s al\u00e1zatos sz\u00edv\u0171\u201d (Mt 11,29). A szentmise k\u00f6ny\u00f6rg\u00e9se r\u00e1ir\u00e1ny\u00edtja figyelm\u00fcnket egy fontos felismer\u00e9sre: Isten minden j\u00f3 forr\u00e1sa. Vagyis, \u0150 egy j\u00f3 vil\u00e1got b\u00edzott r\u00e1nk. A magunk feladata pedig, hogy ezt a j\u00f3s\u00e1got meg\u0151rizz\u00fck. Erre csakis szeretet\u00e9ben \u00e9s kegyelmi aj\u00e1nd\u00e9kainak birtok\u00e1ban vagyunk k\u00e9pesek. Az els\u0151 olvasm\u00e1ny az \u00f3sz\u00f6vets\u00e9gi b\u00f6lcsess\u00e9g irodalom egyik gy\u00f6ny\u00f6r\u0171 \u00e9s elgondolkodtat\u00f3 tan\u00edt\u00e1s\u00e1val aj\u00e1nd\u00e9koz meg. A hi\u00fas\u00e1gra \u00e9s b\u00fcszkes\u00e9gre val\u00f3 hajlamom ellenszenvess\u00e9 tesz embertestv\u00e9reim el\u0151tt. Mi t\u00f6bb, megfeledkezem J\u00e9zus fontos tan\u00edt\u00e1s\u00e1r\u00f3l, az al\u00e1zatosakat felemeli kegyelm\u00e9vel, a g\u0151g\u00f6s\u00f6ket megal\u00e1zza. \u201eA b\u00f6lcs sz\u00edv nyitva \u00e1ll a b\u00f6lcsek szav\u00e1nak, s a figyelmes f\u00fcl b\u00f6lcsess\u00e9gre v\u00e1gyik.\u201d (Sir 3,31) A szentlecke tan\u00edt\u00e1s\u00e1t b\u00e1tor\u00edt\u00f3 \u00fczenetek\u00e9nt is \u00e9rtelmezhetj\u00fck. Ugyanis a h\u00edv\u0151 ember \u00e9let\u00e9nek zsin\u00f3rm\u00e9rt\u00e9ke J\u00e9zus Krisztus tan\u00edt\u00e1sa, vagyis az \u00f6r\u00f6mh\u00edr. Ennek f\u00e9ny\u00e9ben \u00e9rtj\u00fck meg a ma elhangz\u00f3 evang\u00e9liumi tan\u00edt\u00e1st. J\u00e9zus egy vezet\u0151 farizeus h\u00e1z\u00e1ba kap megh\u00edv\u00e1st. K\u00eds\u00e9rj\u00fck el \u0151t! Ez nagy megtiszteltet\u00e9snek sz\u00e1m\u00edtott akkoriban. Az \u00e9tkez\u00e9skor rangsor szerint telepedtek le az emberek, ez\u00e9rt mindenki kereste, melyik az \u0151 helye. J\u00e9zus erre mondja az egyszer\u0171 tan\u00e1csot: \u201eFoglald el az utols\u00f3 helyet, hogy amikor a h\u00e1zigazda odaj\u00f6n, \u00edgy sz\u00f3ljon hozz\u00e1d: Bar\u00e1tom, menj f\u00f6ljebb!\u201d Befejez\u0151 szavai azonban erk\u00f6lcsi \u00fczenetet hordoznak: \u201eaki mag\u00e1t felmagasztalja, megal\u00e1zz\u00e1k,&#8230; <\/p>\n<p><a class=\"readmore\" href=\"https:\/\/stuttgarti-katolikusok.de\/index.php\/evkozi-22-vasarnap-2\/\">R\u00e9szletek<\/a><\/p>\n","protected":false},"author":3,"featured_media":29302,"comment_status":"closed","ping_status":"closed","sticky":false,"template":"","format":"standard","meta":{"footnotes":""},"categories":[85,63],"tags":[],"class_list":["post-31405","post","type-post","status-publish","format-standard","has-post-thumbnail","hentry","category-a-liturgia-olvasmanyai","category-vasarnapi-gondolatok"],"yoast_head":"<!-- This site is optimized with the Yoast SEO plugin v27.3 - https:\/\/yoast.com\/product\/yoast-seo-wordpress\/ -->\n<title>\u00c9vk\u00f6zi 22. vas\u00e1rnap - Stuttgarti Katolikusok<\/title>\n<meta name=\"robots\" content=\"index, follow, max-snippet:-1, max-image-preview:large, max-video-preview:-1\" \/>\n<link rel=\"canonical\" href=\"https:\/\/stuttgarti-katolikusok.de\/index.php\/evkozi-22-vasarnap-2\/\" \/>\n<meta property=\"og:locale\" content=\"hu_HU\" \/>\n<meta property=\"og:type\" content=\"article\" \/>\n<meta property=\"og:title\" content=\"\u00c9vk\u00f6zi 22. vas\u00e1rnap - Stuttgarti Katolikusok\" \/>\n<meta property=\"og:description\" content=\"Vil\u00e1gunkban a verseng\u00e9s, a t\u00fcleked\u00e9s, a benne megnyilv\u00e1nul\u00f3 g\u00e1tl\u00e1stalans\u00e1g, mi t\u00f6bb, az er\u0151szakoss\u00e1g, megszokott\u00e1 v\u00e1lik. Ennek k\u00f6vetkezm\u00e9nye pedig, hogy egyre k\u00e9nyelmetlenebb\u00fcl \u00e9rezz\u00fck magunkat. Amennyiben ennek ok\u00e1t keresem, akkor els\u0151sorban arr\u00f3l a t\u00falfokozott hangulatr\u00f3l tehetek eml\u00edt\u00e9st, amely mind a k\u00f6zbesz\u00e9dben, mind pedig a virtu\u00e1lis t\u00e9rben megjelenik. N\u00e9zz\u00fck csak meg, milyen g\u00e1tl\u00e1stalanul \u00e9s k\u00f6vetkezm\u00e9nyek n\u00e9lk\u00fcl lehet \u00e1lh\u00edreket terjeszteni m\u00e1sokr\u00f3l, hogyan lehet c\u00edmk\u00e9zni m\u00e1sokat. Nem m\u00e1s ez, mint a k\u00f6zbesz\u00e9d m\u00e9lyrep\u00fcl\u00e9se, a m\u00e1sik szem\u00e9lyi m\u00e9lt\u00f3s\u00e1g\u00e1nak semmibe v\u00e9tele. Ahelyett, hogy m\u00e1sokat min\u0151s\u00edten\u00e9k, magamat kell szeml\u00e9lnem. Az igaz\u00e1n fontos k\u00e9rd\u00e9s, hogy ez a szeml\u00e9let fellelhet\u0151-e egy\u00e9ni magatart\u00e1somban? Ne feledjem, a kereszt\u00e9ny ember magatart\u00e1sa eg\u00e9szen m\u00e1s. \u0150 ugyanis annak a J\u00e9zus Krisztusnak k\u00f6vet\u0151je, aki ezt mondja: \u201eTanuljatok t\u0151lem, mert szel\u00edd vagyok \u00e9s al\u00e1zatos sz\u00edv\u0171\u201d (Mt 11,29). A szentmise k\u00f6ny\u00f6rg\u00e9se r\u00e1ir\u00e1ny\u00edtja figyelm\u00fcnket egy fontos felismer\u00e9sre: Isten minden j\u00f3 forr\u00e1sa. Vagyis, \u0150 egy j\u00f3 vil\u00e1got b\u00edzott r\u00e1nk. A magunk feladata pedig, hogy ezt a j\u00f3s\u00e1got meg\u0151rizz\u00fck. Erre csakis szeretet\u00e9ben \u00e9s kegyelmi aj\u00e1nd\u00e9kainak birtok\u00e1ban vagyunk k\u00e9pesek. Az els\u0151 olvasm\u00e1ny az \u00f3sz\u00f6vets\u00e9gi b\u00f6lcsess\u00e9g irodalom egyik gy\u00f6ny\u00f6r\u0171 \u00e9s elgondolkodtat\u00f3 tan\u00edt\u00e1s\u00e1val aj\u00e1nd\u00e9koz meg. A hi\u00fas\u00e1gra \u00e9s b\u00fcszkes\u00e9gre val\u00f3 hajlamom ellenszenvess\u00e9 tesz embertestv\u00e9reim el\u0151tt. Mi t\u00f6bb, megfeledkezem J\u00e9zus fontos tan\u00edt\u00e1s\u00e1r\u00f3l, az al\u00e1zatosakat felemeli kegyelm\u00e9vel, a g\u0151g\u00f6s\u00f6ket megal\u00e1zza. \u201eA b\u00f6lcs sz\u00edv nyitva \u00e1ll a b\u00f6lcsek szav\u00e1nak, s a figyelmes f\u00fcl b\u00f6lcsess\u00e9gre v\u00e1gyik.\u201d (Sir 3,31) A szentlecke tan\u00edt\u00e1s\u00e1t b\u00e1tor\u00edt\u00f3 \u00fczenetek\u00e9nt is \u00e9rtelmezhetj\u00fck. Ugyanis a h\u00edv\u0151 ember \u00e9let\u00e9nek zsin\u00f3rm\u00e9rt\u00e9ke J\u00e9zus Krisztus tan\u00edt\u00e1sa, vagyis az \u00f6r\u00f6mh\u00edr. Ennek f\u00e9ny\u00e9ben \u00e9rtj\u00fck meg a ma elhangz\u00f3 evang\u00e9liumi tan\u00edt\u00e1st. J\u00e9zus egy vezet\u0151 farizeus h\u00e1z\u00e1ba kap megh\u00edv\u00e1st. K\u00eds\u00e9rj\u00fck el \u0151t! Ez nagy megtiszteltet\u00e9snek sz\u00e1m\u00edtott akkoriban. Az \u00e9tkez\u00e9skor rangsor szerint telepedtek le az emberek, ez\u00e9rt mindenki kereste, melyik az \u0151 helye. J\u00e9zus erre mondja az egyszer\u0171 tan\u00e1csot: \u201eFoglald el az utols\u00f3 helyet, hogy amikor a h\u00e1zigazda odaj\u00f6n, \u00edgy sz\u00f3ljon hozz\u00e1d: Bar\u00e1tom, menj f\u00f6ljebb!\u201d Befejez\u0151 szavai azonban erk\u00f6lcsi \u00fczenetet hordoznak: \u201eaki mag\u00e1t felmagasztalja, megal\u00e1zz\u00e1k,... R\u00e9szletek\" \/>\n<meta property=\"og:url\" content=\"https:\/\/stuttgarti-katolikusok.de\/index.php\/evkozi-22-vasarnap-2\/\" \/>\n<meta property=\"og:site_name\" content=\"Stuttgarti Katolikusok\" \/>\n<meta property=\"article:published_time\" content=\"2025-08-30T08:31:15+00:00\" \/>\n<meta property=\"article:modified_time\" content=\"2025-08-30T20:52:23+00:00\" \/>\n<meta property=\"og:image\" content=\"https:\/\/stuttgarti-katolikusok.de\/wp-content\/uploads\/2024\/08\/whatsapp-kep-2024-08-31-180249-1464abd8.jpg\" \/>\n\t<meta property=\"og:image:width\" content=\"2048\" \/>\n\t<meta property=\"og:image:height\" content=\"1513\" \/>\n\t<meta property=\"og:image:type\" content=\"image\/jpeg\" \/>\n<meta name=\"author\" content=\"Tibor atya\" \/>\n<meta name=\"twitter:card\" content=\"summary_large_image\" \/>\n<meta name=\"twitter:label1\" content=\"Szerz\u0151:\" \/>\n\t<meta name=\"twitter:data1\" content=\"Tibor atya\" \/>\n\t<meta name=\"twitter:label2\" content=\"Becs\u00fclt olvas\u00e1si id\u0151\" \/>\n\t<meta name=\"twitter:data2\" content=\"10 perc\" \/>\n<script type=\"application\/ld+json\" class=\"yoast-schema-graph\">{\"@context\":\"https:\\\/\\\/schema.org\",\"@graph\":[{\"@type\":\"Article\",\"@id\":\"https:\\\/\\\/stuttgarti-katolikusok.de\\\/index.php\\\/evkozi-22-vasarnap-2\\\/#article\",\"isPartOf\":{\"@id\":\"https:\\\/\\\/stuttgarti-katolikusok.de\\\/index.php\\\/evkozi-22-vasarnap-2\\\/\"},\"author\":{\"name\":\"Tibor atya\",\"@id\":\"https:\\\/\\\/stuttgarti-katolikusok.de\\\/#\\\/schema\\\/person\\\/75908d6f8fdc03a57889d27209df7795\"},\"headline\":\"\u00c9vk\u00f6zi 22. vas\u00e1rnap\",\"datePublished\":\"2025-08-30T08:31:15+00:00\",\"dateModified\":\"2025-08-30T20:52:23+00:00\",\"mainEntityOfPage\":{\"@id\":\"https:\\\/\\\/stuttgarti-katolikusok.de\\\/index.php\\\/evkozi-22-vasarnap-2\\\/\"},\"wordCount\":2170,\"image\":{\"@id\":\"https:\\\/\\\/stuttgarti-katolikusok.de\\\/index.php\\\/evkozi-22-vasarnap-2\\\/#primaryimage\"},\"thumbnailUrl\":\"https:\\\/\\\/stuttgarti-katolikusok.de\\\/wp-content\\\/uploads\\\/2024\\\/08\\\/whatsapp-kep-2024-08-31-180249-1464abd8.jpg\",\"articleSection\":[\"A liturgia olvasm\u00e1nyai\",\"Vas\u00e1rnapi gondolatok\"],\"inLanguage\":\"hu\"},{\"@type\":\"WebPage\",\"@id\":\"https:\\\/\\\/stuttgarti-katolikusok.de\\\/index.php\\\/evkozi-22-vasarnap-2\\\/\",\"url\":\"https:\\\/\\\/stuttgarti-katolikusok.de\\\/index.php\\\/evkozi-22-vasarnap-2\\\/\",\"name\":\"\u00c9vk\u00f6zi 22. vas\u00e1rnap - Stuttgarti Katolikusok\",\"isPartOf\":{\"@id\":\"https:\\\/\\\/stuttgarti-katolikusok.de\\\/#website\"},\"primaryImageOfPage\":{\"@id\":\"https:\\\/\\\/stuttgarti-katolikusok.de\\\/index.php\\\/evkozi-22-vasarnap-2\\\/#primaryimage\"},\"image\":{\"@id\":\"https:\\\/\\\/stuttgarti-katolikusok.de\\\/index.php\\\/evkozi-22-vasarnap-2\\\/#primaryimage\"},\"thumbnailUrl\":\"https:\\\/\\\/stuttgarti-katolikusok.de\\\/wp-content\\\/uploads\\\/2024\\\/08\\\/whatsapp-kep-2024-08-31-180249-1464abd8.jpg\",\"datePublished\":\"2025-08-30T08:31:15+00:00\",\"dateModified\":\"2025-08-30T20:52:23+00:00\",\"author\":{\"@id\":\"https:\\\/\\\/stuttgarti-katolikusok.de\\\/#\\\/schema\\\/person\\\/75908d6f8fdc03a57889d27209df7795\"},\"breadcrumb\":{\"@id\":\"https:\\\/\\\/stuttgarti-katolikusok.de\\\/index.php\\\/evkozi-22-vasarnap-2\\\/#breadcrumb\"},\"inLanguage\":\"hu\",\"potentialAction\":[{\"@type\":\"ReadAction\",\"target\":[\"https:\\\/\\\/stuttgarti-katolikusok.de\\\/index.php\\\/evkozi-22-vasarnap-2\\\/\"]}]},{\"@type\":\"ImageObject\",\"inLanguage\":\"hu\",\"@id\":\"https:\\\/\\\/stuttgarti-katolikusok.de\\\/index.php\\\/evkozi-22-vasarnap-2\\\/#primaryimage\",\"url\":\"https:\\\/\\\/stuttgarti-katolikusok.de\\\/wp-content\\\/uploads\\\/2024\\\/08\\\/whatsapp-kep-2024-08-31-180249-1464abd8.jpg\",\"contentUrl\":\"https:\\\/\\\/stuttgarti-katolikusok.de\\\/wp-content\\\/uploads\\\/2024\\\/08\\\/whatsapp-kep-2024-08-31-180249-1464abd8.jpg\",\"width\":2048,\"height\":1513},{\"@type\":\"BreadcrumbList\",\"@id\":\"https:\\\/\\\/stuttgarti-katolikusok.de\\\/index.php\\\/evkozi-22-vasarnap-2\\\/#breadcrumb\",\"itemListElement\":[{\"@type\":\"ListItem\",\"position\":1,\"name\":\"Kezd\u0151lap\",\"item\":\"https:\\\/\\\/stuttgarti-katolikusok.de\\\/\"},{\"@type\":\"ListItem\",\"position\":2,\"name\":\"\u00c9vk\u00f6zi 22. vas\u00e1rnap\"}]},{\"@type\":\"WebSite\",\"@id\":\"https:\\\/\\\/stuttgarti-katolikusok.de\\\/#website\",\"url\":\"https:\\\/\\\/stuttgarti-katolikusok.de\\\/\",\"name\":\"Stuttgarti Katolikusok\",\"description\":\"\",\"potentialAction\":[{\"@type\":\"SearchAction\",\"target\":{\"@type\":\"EntryPoint\",\"urlTemplate\":\"https:\\\/\\\/stuttgarti-katolikusok.de\\\/?s={search_term_string}\"},\"query-input\":{\"@type\":\"PropertyValueSpecification\",\"valueRequired\":true,\"valueName\":\"search_term_string\"}}],\"inLanguage\":\"hu\"},{\"@type\":\"Person\",\"@id\":\"https:\\\/\\\/stuttgarti-katolikusok.de\\\/#\\\/schema\\\/person\\\/75908d6f8fdc03a57889d27209df7795\",\"name\":\"Tibor atya\",\"image\":{\"@type\":\"ImageObject\",\"inLanguage\":\"hu\",\"@id\":\"https:\\\/\\\/secure.gravatar.com\\\/avatar\\\/61d268e57d1f4525b111222e29d2d5a7f8c420fdbf231ba5566a8ceac74fa960?s=96&d=mm&r=g\",\"url\":\"https:\\\/\\\/secure.gravatar.com\\\/avatar\\\/61d268e57d1f4525b111222e29d2d5a7f8c420fdbf231ba5566a8ceac74fa960?s=96&d=mm&r=g\",\"contentUrl\":\"https:\\\/\\\/secure.gravatar.com\\\/avatar\\\/61d268e57d1f4525b111222e29d2d5a7f8c420fdbf231ba5566a8ceac74fa960?s=96&d=mm&r=g\",\"caption\":\"Tibor atya\"},\"url\":\"https:\\\/\\\/stuttgarti-katolikusok.de\\\/index.php\\\/author\\\/tibor-atya\\\/\"}]}<\/script>\n<!-- \/ Yoast SEO plugin. -->","yoast_head_json":{"title":"\u00c9vk\u00f6zi 22. vas\u00e1rnap - Stuttgarti Katolikusok","robots":{"index":"index","follow":"follow","max-snippet":"max-snippet:-1","max-image-preview":"max-image-preview:large","max-video-preview":"max-video-preview:-1"},"canonical":"https:\/\/stuttgarti-katolikusok.de\/index.php\/evkozi-22-vasarnap-2\/","og_locale":"hu_HU","og_type":"article","og_title":"\u00c9vk\u00f6zi 22. vas\u00e1rnap - Stuttgarti Katolikusok","og_description":"Vil\u00e1gunkban a verseng\u00e9s, a t\u00fcleked\u00e9s, a benne megnyilv\u00e1nul\u00f3 g\u00e1tl\u00e1stalans\u00e1g, mi t\u00f6bb, az er\u0151szakoss\u00e1g, megszokott\u00e1 v\u00e1lik. Ennek k\u00f6vetkezm\u00e9nye pedig, hogy egyre k\u00e9nyelmetlenebb\u00fcl \u00e9rezz\u00fck magunkat. Amennyiben ennek ok\u00e1t keresem, akkor els\u0151sorban arr\u00f3l a t\u00falfokozott hangulatr\u00f3l tehetek eml\u00edt\u00e9st, amely mind a k\u00f6zbesz\u00e9dben, mind pedig a virtu\u00e1lis t\u00e9rben megjelenik. N\u00e9zz\u00fck csak meg, milyen g\u00e1tl\u00e1stalanul \u00e9s k\u00f6vetkezm\u00e9nyek n\u00e9lk\u00fcl lehet \u00e1lh\u00edreket terjeszteni m\u00e1sokr\u00f3l, hogyan lehet c\u00edmk\u00e9zni m\u00e1sokat. Nem m\u00e1s ez, mint a k\u00f6zbesz\u00e9d m\u00e9lyrep\u00fcl\u00e9se, a m\u00e1sik szem\u00e9lyi m\u00e9lt\u00f3s\u00e1g\u00e1nak semmibe v\u00e9tele. Ahelyett, hogy m\u00e1sokat min\u0151s\u00edten\u00e9k, magamat kell szeml\u00e9lnem. Az igaz\u00e1n fontos k\u00e9rd\u00e9s, hogy ez a szeml\u00e9let fellelhet\u0151-e egy\u00e9ni magatart\u00e1somban? Ne feledjem, a kereszt\u00e9ny ember magatart\u00e1sa eg\u00e9szen m\u00e1s. \u0150 ugyanis annak a J\u00e9zus Krisztusnak k\u00f6vet\u0151je, aki ezt mondja: \u201eTanuljatok t\u0151lem, mert szel\u00edd vagyok \u00e9s al\u00e1zatos sz\u00edv\u0171\u201d (Mt 11,29). A szentmise k\u00f6ny\u00f6rg\u00e9se r\u00e1ir\u00e1ny\u00edtja figyelm\u00fcnket egy fontos felismer\u00e9sre: Isten minden j\u00f3 forr\u00e1sa. Vagyis, \u0150 egy j\u00f3 vil\u00e1got b\u00edzott r\u00e1nk. A magunk feladata pedig, hogy ezt a j\u00f3s\u00e1got meg\u0151rizz\u00fck. Erre csakis szeretet\u00e9ben \u00e9s kegyelmi aj\u00e1nd\u00e9kainak birtok\u00e1ban vagyunk k\u00e9pesek. Az els\u0151 olvasm\u00e1ny az \u00f3sz\u00f6vets\u00e9gi b\u00f6lcsess\u00e9g irodalom egyik gy\u00f6ny\u00f6r\u0171 \u00e9s elgondolkodtat\u00f3 tan\u00edt\u00e1s\u00e1val aj\u00e1nd\u00e9koz meg. A hi\u00fas\u00e1gra \u00e9s b\u00fcszkes\u00e9gre val\u00f3 hajlamom ellenszenvess\u00e9 tesz embertestv\u00e9reim el\u0151tt. Mi t\u00f6bb, megfeledkezem J\u00e9zus fontos tan\u00edt\u00e1s\u00e1r\u00f3l, az al\u00e1zatosakat felemeli kegyelm\u00e9vel, a g\u0151g\u00f6s\u00f6ket megal\u00e1zza. \u201eA b\u00f6lcs sz\u00edv nyitva \u00e1ll a b\u00f6lcsek szav\u00e1nak, s a figyelmes f\u00fcl b\u00f6lcsess\u00e9gre v\u00e1gyik.\u201d (Sir 3,31) A szentlecke tan\u00edt\u00e1s\u00e1t b\u00e1tor\u00edt\u00f3 \u00fczenetek\u00e9nt is \u00e9rtelmezhetj\u00fck. Ugyanis a h\u00edv\u0151 ember \u00e9let\u00e9nek zsin\u00f3rm\u00e9rt\u00e9ke J\u00e9zus Krisztus tan\u00edt\u00e1sa, vagyis az \u00f6r\u00f6mh\u00edr. Ennek f\u00e9ny\u00e9ben \u00e9rtj\u00fck meg a ma elhangz\u00f3 evang\u00e9liumi tan\u00edt\u00e1st. J\u00e9zus egy vezet\u0151 farizeus h\u00e1z\u00e1ba kap megh\u00edv\u00e1st. K\u00eds\u00e9rj\u00fck el \u0151t! Ez nagy megtiszteltet\u00e9snek sz\u00e1m\u00edtott akkoriban. Az \u00e9tkez\u00e9skor rangsor szerint telepedtek le az emberek, ez\u00e9rt mindenki kereste, melyik az \u0151 helye. J\u00e9zus erre mondja az egyszer\u0171 tan\u00e1csot: \u201eFoglald el az utols\u00f3 helyet, hogy amikor a h\u00e1zigazda odaj\u00f6n, \u00edgy sz\u00f3ljon hozz\u00e1d: Bar\u00e1tom, menj f\u00f6ljebb!\u201d Befejez\u0151 szavai azonban erk\u00f6lcsi \u00fczenetet hordoznak: \u201eaki mag\u00e1t felmagasztalja, megal\u00e1zz\u00e1k,... R\u00e9szletek","og_url":"https:\/\/stuttgarti-katolikusok.de\/index.php\/evkozi-22-vasarnap-2\/","og_site_name":"Stuttgarti Katolikusok","article_published_time":"2025-08-30T08:31:15+00:00","article_modified_time":"2025-08-30T20:52:23+00:00","og_image":[{"width":2048,"height":1513,"url":"https:\/\/stuttgarti-katolikusok.de\/wp-content\/uploads\/2024\/08\/whatsapp-kep-2024-08-31-180249-1464abd8.jpg","type":"image\/jpeg"}],"author":"Tibor atya","twitter_card":"summary_large_image","twitter_misc":{"Szerz\u0151:":"Tibor atya","Becs\u00fclt olvas\u00e1si id\u0151":"10 perc"},"schema":{"@context":"https:\/\/schema.org","@graph":[{"@type":"Article","@id":"https:\/\/stuttgarti-katolikusok.de\/index.php\/evkozi-22-vasarnap-2\/#article","isPartOf":{"@id":"https:\/\/stuttgarti-katolikusok.de\/index.php\/evkozi-22-vasarnap-2\/"},"author":{"name":"Tibor atya","@id":"https:\/\/stuttgarti-katolikusok.de\/#\/schema\/person\/75908d6f8fdc03a57889d27209df7795"},"headline":"\u00c9vk\u00f6zi 22. vas\u00e1rnap","datePublished":"2025-08-30T08:31:15+00:00","dateModified":"2025-08-30T20:52:23+00:00","mainEntityOfPage":{"@id":"https:\/\/stuttgarti-katolikusok.de\/index.php\/evkozi-22-vasarnap-2\/"},"wordCount":2170,"image":{"@id":"https:\/\/stuttgarti-katolikusok.de\/index.php\/evkozi-22-vasarnap-2\/#primaryimage"},"thumbnailUrl":"https:\/\/stuttgarti-katolikusok.de\/wp-content\/uploads\/2024\/08\/whatsapp-kep-2024-08-31-180249-1464abd8.jpg","articleSection":["A liturgia olvasm\u00e1nyai","Vas\u00e1rnapi gondolatok"],"inLanguage":"hu"},{"@type":"WebPage","@id":"https:\/\/stuttgarti-katolikusok.de\/index.php\/evkozi-22-vasarnap-2\/","url":"https:\/\/stuttgarti-katolikusok.de\/index.php\/evkozi-22-vasarnap-2\/","name":"\u00c9vk\u00f6zi 22. vas\u00e1rnap - Stuttgarti Katolikusok","isPartOf":{"@id":"https:\/\/stuttgarti-katolikusok.de\/#website"},"primaryImageOfPage":{"@id":"https:\/\/stuttgarti-katolikusok.de\/index.php\/evkozi-22-vasarnap-2\/#primaryimage"},"image":{"@id":"https:\/\/stuttgarti-katolikusok.de\/index.php\/evkozi-22-vasarnap-2\/#primaryimage"},"thumbnailUrl":"https:\/\/stuttgarti-katolikusok.de\/wp-content\/uploads\/2024\/08\/whatsapp-kep-2024-08-31-180249-1464abd8.jpg","datePublished":"2025-08-30T08:31:15+00:00","dateModified":"2025-08-30T20:52:23+00:00","author":{"@id":"https:\/\/stuttgarti-katolikusok.de\/#\/schema\/person\/75908d6f8fdc03a57889d27209df7795"},"breadcrumb":{"@id":"https:\/\/stuttgarti-katolikusok.de\/index.php\/evkozi-22-vasarnap-2\/#breadcrumb"},"inLanguage":"hu","potentialAction":[{"@type":"ReadAction","target":["https:\/\/stuttgarti-katolikusok.de\/index.php\/evkozi-22-vasarnap-2\/"]}]},{"@type":"ImageObject","inLanguage":"hu","@id":"https:\/\/stuttgarti-katolikusok.de\/index.php\/evkozi-22-vasarnap-2\/#primaryimage","url":"https:\/\/stuttgarti-katolikusok.de\/wp-content\/uploads\/2024\/08\/whatsapp-kep-2024-08-31-180249-1464abd8.jpg","contentUrl":"https:\/\/stuttgarti-katolikusok.de\/wp-content\/uploads\/2024\/08\/whatsapp-kep-2024-08-31-180249-1464abd8.jpg","width":2048,"height":1513},{"@type":"BreadcrumbList","@id":"https:\/\/stuttgarti-katolikusok.de\/index.php\/evkozi-22-vasarnap-2\/#breadcrumb","itemListElement":[{"@type":"ListItem","position":1,"name":"Kezd\u0151lap","item":"https:\/\/stuttgarti-katolikusok.de\/"},{"@type":"ListItem","position":2,"name":"\u00c9vk\u00f6zi 22. vas\u00e1rnap"}]},{"@type":"WebSite","@id":"https:\/\/stuttgarti-katolikusok.de\/#website","url":"https:\/\/stuttgarti-katolikusok.de\/","name":"Stuttgarti Katolikusok","description":"","potentialAction":[{"@type":"SearchAction","target":{"@type":"EntryPoint","urlTemplate":"https:\/\/stuttgarti-katolikusok.de\/?s={search_term_string}"},"query-input":{"@type":"PropertyValueSpecification","valueRequired":true,"valueName":"search_term_string"}}],"inLanguage":"hu"},{"@type":"Person","@id":"https:\/\/stuttgarti-katolikusok.de\/#\/schema\/person\/75908d6f8fdc03a57889d27209df7795","name":"Tibor atya","image":{"@type":"ImageObject","inLanguage":"hu","@id":"https:\/\/secure.gravatar.com\/avatar\/61d268e57d1f4525b111222e29d2d5a7f8c420fdbf231ba5566a8ceac74fa960?s=96&d=mm&r=g","url":"https:\/\/secure.gravatar.com\/avatar\/61d268e57d1f4525b111222e29d2d5a7f8c420fdbf231ba5566a8ceac74fa960?s=96&d=mm&r=g","contentUrl":"https:\/\/secure.gravatar.com\/avatar\/61d268e57d1f4525b111222e29d2d5a7f8c420fdbf231ba5566a8ceac74fa960?s=96&d=mm&r=g","caption":"Tibor atya"},"url":"https:\/\/stuttgarti-katolikusok.de\/index.php\/author\/tibor-atya\/"}]}},"_links":{"self":[{"href":"https:\/\/stuttgarti-katolikusok.de\/index.php\/wp-json\/wp\/v2\/posts\/31405","targetHints":{"allow":["GET"]}}],"collection":[{"href":"https:\/\/stuttgarti-katolikusok.de\/index.php\/wp-json\/wp\/v2\/posts"}],"about":[{"href":"https:\/\/stuttgarti-katolikusok.de\/index.php\/wp-json\/wp\/v2\/types\/post"}],"author":[{"embeddable":true,"href":"https:\/\/stuttgarti-katolikusok.de\/index.php\/wp-json\/wp\/v2\/users\/3"}],"replies":[{"embeddable":true,"href":"https:\/\/stuttgarti-katolikusok.de\/index.php\/wp-json\/wp\/v2\/comments?post=31405"}],"version-history":[{"count":4,"href":"https:\/\/stuttgarti-katolikusok.de\/index.php\/wp-json\/wp\/v2\/posts\/31405\/revisions"}],"predecessor-version":[{"id":31409,"href":"https:\/\/stuttgarti-katolikusok.de\/index.php\/wp-json\/wp\/v2\/posts\/31405\/revisions\/31409"}],"wp:featuredmedia":[{"embeddable":true,"href":"https:\/\/stuttgarti-katolikusok.de\/index.php\/wp-json\/wp\/v2\/media\/29302"}],"wp:attachment":[{"href":"https:\/\/stuttgarti-katolikusok.de\/index.php\/wp-json\/wp\/v2\/media?parent=31405"}],"wp:term":[{"taxonomy":"category","embeddable":true,"href":"https:\/\/stuttgarti-katolikusok.de\/index.php\/wp-json\/wp\/v2\/categories?post=31405"},{"taxonomy":"post_tag","embeddable":true,"href":"https:\/\/stuttgarti-katolikusok.de\/index.php\/wp-json\/wp\/v2\/tags?post=31405"}],"curies":[{"name":"wp","href":"https:\/\/api.w.org\/{rel}","templated":true}]}}