{"id":31402,"date":"2025-08-24T02:41:29","date_gmt":"2025-08-24T00:41:29","guid":{"rendered":"https:\/\/stuttgarti-katolikusok.de\/?p=31402"},"modified":"2025-08-24T02:41:29","modified_gmt":"2025-08-24T00:41:29","slug":"evkozi-21-vasarnap-2","status":"publish","type":"post","link":"https:\/\/stuttgarti-katolikusok.de\/index.php\/evkozi-21-vasarnap-2\/","title":{"rendered":"\u00c9vk\u00f6zi 21. vas\u00e1rnap"},"content":{"rendered":"<p><span style=\"color: #ff6600;\"><em>A mai szentmise kezd<\/em><em>\u0151\u00e9neke a zsolt<\/em><em>\u00e1ros Isten ir<\/em><em>\u00e1nti bizalm<\/em><em>\u00e1t mutatja be. Nagyon plasztikus a k<\/em><em>\u00e9p, amelyet alkalmaz: Uram, hajtsd hozz<\/em><em>\u00e1m f<\/em><em>\u00fcledet <\/em><em>\u00e9s hallgass meg engem. Magamra alkalmazva a k<\/em><em>\u00e9pet: megvan-e bennem ez a fajta bizalom Isten ir<\/em><em>\u00e1nt? Meg merem <\/em><em>\u0150t sz<\/em><em>\u00f3l<\/em><em>\u00edtani? Ki tudom mondani k<\/em><em>\u00e9r<\/em><em>\u00e9seimet az ir<\/em><em>\u00e1nta val<\/em><em>\u00f3 <\/em><em>\u0151szinte bizalom jegy<\/em><em>\u00e9ben? <\/em><\/span><\/p>\n<p><span style=\"color: #ff6600;\"><em>Legal<\/em><em>\u00e1bb ennyire <\/em><em>\u00e9rdekes a szentmise els<\/em><em>\u0151 k<\/em><em>\u00f6ny<\/em><em>\u00f6rg<\/em><em>\u00e9se is. Egy k<\/em><em>\u00e9r<\/em><em>\u00e9st emeln<\/em><em>\u00e9k ki bel<\/em><em>\u0151le, ami nagyon k<\/em><em>\u00f6zel <\/em><em>\u00e1ll most hozz<\/em><em>\u00e1m. <\/em><em>\u201eE vil<\/em><em>\u00e1g v<\/em><em>\u00e1ltozand<\/em><em>\u00f3s<\/em><em>\u00e1gai k<\/em><em>\u00f6zepette sz<\/em><em>\u00edvb<\/em><em>\u0151l ragaszkodjam hozz<\/em><em>\u00e1d!<\/em><em>\u201d Sohasem szabad elfelednem: ebben az <\/em><em>\u00f6r<\/em><em>\u00f6kk<\/em><em>\u00e9 v<\/em><em>\u00e1ltoz<\/em><em>\u00f3 vil<\/em><em>\u00e1gban <\/em><em>\u00e9n magam is <\/em><em>\u00e1lland<\/em><em>\u00f3an v<\/em><em>\u00e1ltozom. <\/em><em>\u00c9ppen egy hete tartottuk meg k<\/em><em>\u00f6z<\/em><em>\u00e9piskolai oszt<\/em><em>\u00e1lyt<\/em><em>\u00e1rsainkkal a 46. <\/em><em>\u00e9retts<\/em><em>\u00e9gi tal<\/em><em>\u00e1lkoz<\/em><em>\u00f3t. Az els<\/em><em>\u0151 gondolat, amely megfogalmaz<\/em><em>\u00f3dott benn<\/em><em>\u00fcnk, hogy mennyit v<\/em><em>\u00e1ltoztunk ebben a magunk m<\/em><em>\u00f6g<\/em><em>\u00f6tt hagyott k<\/em><em>\u00f6zel <\/em><em>\u00f6t <\/em><em>\u00e9vtizedben. Mind k<\/em><em>\u00fcls<\/em><em>\u0151leg, mind bels<\/em><em>\u0151leg magunkon hordozzuk a v<\/em><em>\u00e1ltoz<\/em><em>\u00e1s jegyeit. Ezen t<\/em><em>\u00falmen<\/em><em>\u0151en azonban h<\/em><em>\u00e1l<\/em><em>\u00e1ban tekinthet<\/em><em>\u00fcnk a megtett <\/em><em>\u00fatra, s nem is kell sz<\/em><em>\u00e9gyenkezn<\/em><em>\u00fcnk. Ugyanis lehet<\/em><em>\u0151s<\/em><em>\u00e9get kaptunk egy<\/em><em>\u00e9nileg a teremt<\/em><em>\u0151 <\/em><em>\u00e9s gondvisel<\/em><em>\u0151 Istent<\/em><em>\u0151l, hogy sz<\/em><em>\u00edvb<\/em><em>\u0151l ragaszkodjunk hozz<\/em><em>\u00e1, k<\/em><em>\u00f6zben pedig gazdagg<\/em><em>\u00e1 <\/em><em>\u00e9s <\/em><em>\u00e9rt<\/em><em>\u00e9kess<\/em><em>\u00e9 tegy<\/em><em>\u00fcnk mind a magunk, mind a re<\/em><em>\u00e1nk b<\/em><em>\u00edzottak <\/em><em>\u00e9let<\/em><em>\u00e9t. Ugyanis ez jelenti igazi <\/em><em>\u00f6r<\/em><em>\u00f6m<\/em><em>\u00fcnket.<\/em><\/span><\/p>\n<p><span style=\"color: #ff6600;\"><em>Az olvasm<\/em><em>\u00e1ny gy<\/em><em>\u00f6ny<\/em><em>\u00f6r<\/em><em>\u0171 <\/em><em>\u00fczenete egyben biztat<\/em><em>\u00e1s sz<\/em><em>\u00e1momra: Ismerem cselekedeteidet <\/em><em>\u00e9s gondolataidat. Vagyis, nem kell megj<\/em><em>\u00e1tszanom magamat Isten el<\/em><em>\u0151tt. Mennyire nagy k<\/em><em>\u00eds<\/em><em>\u00e9rt<\/em><em>\u00e9s, m<\/em><em>\u00e1snak l<\/em><em>\u00e1ttatni magam embert<\/em><em>\u00e1rsaim szem<\/em><em>\u00e9ben. M<\/em><em>\u00e1snak, mint aki val<\/em><em>\u00f3j<\/em><em>\u00e1ban vagyok. Amennyiben ez a k<\/em><em>\u00eds<\/em><em>\u00e9rt<\/em><em>\u00e9s hatalm<\/em><em>\u00e1ba ker<\/em><em>\u00edt, m<\/em><em>\u00e1r nem vagyok <\/em><em>\u00f6nazonos. Csup<\/em><em>\u00e1n egy olyan k<\/em><em>\u00e9pet k<\/em><em>\u00f6zvet<\/em><em>\u00edtetek magamr<\/em><em>\u00f3l m<\/em><em>\u00e1sok sz<\/em><em>\u00e1m<\/em><em>\u00e1ra, ami ut<\/em><em>\u00e1n csak v<\/em><em>\u00e1gy<\/em><em>\u00f3dom. Ezzel a magatart<\/em><em>\u00e1ssal azonban nem m<\/em><em>\u00e1sokat t<\/em><em>\u00e9vesztek meg, hanem <\/em><em>\u00f6nmagamat csapom be. Az igazi <\/em><em>\u00f6r<\/em><em>\u00f6m: megmaradni annak, aki val<\/em><em>\u00f3j<\/em><em>\u00e1ban vagyok, olyannak, amilyennek Isten meg<\/em><em>\u00e1lmodott. Ez az igazi boldogs<\/em><em>\u00e1g <\/em><em>\u00e9s <\/em><em>\u00f6r<\/em><em>\u00f6m!<\/em><\/span><\/p>\n<p><span style=\"color: #ff6600;\"><em>A mai szentlecke azt <\/em><em>\u00fczeni sz<\/em><em>\u00e1momra, hogy Isten a legnagyszer<\/em><em>\u0171bb pedag<\/em><em>\u00f3gus, s nekem is azz<\/em><em>\u00e1 kell v<\/em><em>\u00e1lnom. <\/em><em>\u00c9rdemes a pedag<\/em><em>\u00f3gus sz<\/em><em>\u00f3 eredet<\/em><em>\u00e9t vizsg<\/em><em>\u00e1lni. A pedag<\/em><em>\u00f3gus sz<\/em><em>\u00f3 az <\/em><em>\u00f3g<\/em><em>\u00f6r<\/em><em>\u00f6g <\/em><em>\u201epaidagogosz<\/em><em>\u201d(<\/em><em>\u03c0\u03b1\u03b9\u03b4\u03b1\u03b3\u03c9\u03b3\u03cc\u03c2) sz<\/em><em>\u00f3b<\/em><em>\u00f3l sz<\/em><em>\u00e1rmazik. Jelent<\/em><em>\u00e9se: gyermekvezet<\/em><em>\u0151. Ez egy <\/em><em>\u00f6sszetett sz<\/em><em>\u00f3, amely k<\/em><em>\u00e9t r<\/em><em>\u00e9szb<\/em><em>\u0151l <\/em><em>\u00e1ll: a paisz, paidosz, azaz fi<\/em><em>\u00fa, <\/em><em>\u00e9s az agogosz, azaz k<\/em><em>\u00eds<\/em><em>\u00e9r<\/em><em>\u0151 tagszavakb<\/em><em>\u00f3l. A jelent<\/em><em>\u00e9s tartalm<\/em><em>\u00e1nak eredete arra vezethet<\/em><em>\u0151 vissza, hogy az <\/em><em>\u00f3kori R<\/em><em>\u00f3m<\/em><em>\u00e1ban<\/em><em>\u00a0a szabad polg<\/em><em>\u00e1rok gyermekeit g<\/em><em>\u00f6r<\/em><em>\u00f6g rabszolg<\/em><em>\u00e1k k<\/em><em>\u00eds<\/em><em>\u00e9rt<\/em><em>\u00e9k az iskol<\/em><em>\u00e1ba. \u00a0Vagyis a g<\/em><em>\u00f6r<\/em><em>\u00f6g rabszolga a szabad polg<\/em><em>\u00e1r gyermeke sz<\/em><em>\u00e1m<\/em><em>\u00e1ra v<\/em><em>\u00e1lt vezet<\/em><em>\u0151v<\/em><em>\u00e9, nevel<\/em><em>\u0151v<\/em><em>\u00e9. <\/em><em>\u00cdgy <\/em><em>\u00e9rtj<\/em><em>\u00fck meg Szent P<\/em><em>\u00e1l apostolnak a filippieknek <\/em><em>\u00edrt level<\/em><em>\u00e9nek egy vers<\/em><em>\u00e9t: <\/em><em>\u201eKrisztus J<\/em><em>\u00e9zus ki<\/em><em>\u00fcres<\/em><em>\u00edtette mag<\/em><em>\u00e1t, szolgai alakot <\/em><em>\u00f6lt<\/em><em>\u00f6tt, <\/em><em>\u00e9s hasonl<\/em><em>\u00f3 lett az emberekhez.<\/em><em>\u201d (Fil 2,7) Tov<\/em><em>\u00e1bb gondolva a fentieket: b<\/em><em>\u00e1rmilyen hivat<\/em><em>\u00e1s is jut oszt<\/em><em>\u00e1lyr<\/em><em>\u00e9sz<\/em><em>\u00fcl sz<\/em><em>\u00e1momra, pedag<\/em><em>\u00f3guss<\/em><em>\u00e1 kell v<\/em><em>\u00e1lnom. Ehhez azonban hagynom kell, hogy Isten k<\/em><em>\u00e9zen fogjon <\/em><em>\u00e9s vezessen azon az <\/em><em>\u00faton, amelyet kijel<\/em><em>\u00f6lt sz<\/em><em>\u00e1momra.<\/em><\/span><\/p>\n<p><span style=\"color: #ff6600;\"><em>Az elhangz<\/em><em>\u00f3 evang<\/em><em>\u00e9liumi r<\/em><em>\u00e9szb<\/em><em>\u0151l J<\/em><em>\u00e9zus biztat<\/em><em>\u00f3 tan<\/em><em>\u00edt<\/em><em>\u00e1s<\/em><em>\u00e1b<\/em><em>\u00f3l egy mondatot szeretn<\/em><em>\u00e9k kiemelni: <\/em><em>\u201eT<\/em><em>\u00f6rekedjetek bemenni a sz<\/em><em>\u0171k kapun, mert mondom nektek, sokan pr<\/em><em>\u00f3b<\/em><em>\u00e1lnak majd bejutni, de nem tudnak.<\/em>\u201d <em>A sz<\/em><em>\u0171k kapu J<\/em><em>\u00e9zus korabeli <\/em><em>\u00e9letk<\/em><em>\u00e9p. Azonban ahhoz, hogy jobban meg<\/em><em>\u00e9rts<\/em><em>\u00fck, fel kell tenn<\/em><em>\u00fcnk magunknak a k<\/em><em>\u00e9rd<\/em><em>\u00e9st, hogy mi is ez a sz<\/em><em>\u0171k kapu, mi a jelent<\/em><em>\u00e9se. J<\/em><em>\u00e9zus ezzel a korabeli <\/em><em>\u00e9letk<\/em><em>\u00e9ppel val<\/em><em>\u00f3sz<\/em><em>\u00edn<\/em><em>\u0171leg arra a t<\/em><em>\u00e9nyre utal, hogy amikor lesz<\/em><em>\u00e1llt az est, a v<\/em><em>\u00e1ros kapuit bez<\/em><em>\u00e1rt<\/em><em>\u00e1k <\/em><em>\u00e9s csak egy kapu maradt nyitva, a legkisebb <\/em><em>\u00e9s a legsz<\/em><em>\u0171kebb: csak ezen kereszt<\/em><em>\u00fcl lehetett hazat<\/em><em>\u00e9rni. Mi t<\/em><em>\u00f6bb, meg kell szabadulnom azokt<\/em><em>\u00f3l a terhekt<\/em><em>\u0151l <\/em><em>\u00e9s koloncokt<\/em><em>\u00f3l, amelyek g<\/em><em>\u00e1tolnak <\/em><em>\u00e1tjutni a sz<\/em><em>\u0171k kapun. <\/em><em>\u00c1tjutni a sz<\/em><em>\u0171k kapun, nem jelent m<\/em><em>\u00e1st, mint el<\/em><em>\u00e9rni c<\/em><em>\u00e9lunkat. <\/em><\/span><\/p>\n<p><span style=\"color: #008000;\">Kezd\u0151\u00e9nek:<\/span><br \/>\nHajtsd hozz\u00e1m Uram, f\u00fcledet \u00e9s hallgass meg engem. Mentsd meg, Istenem, szolg\u00e1dat, aki benned b\u00edzik. K\u00f6ny\u00f6r\u00fclj rajtam, Uram; mert eg\u00e9sz nap hozz\u00e1d ki\u00e1ltok. (V\u00f6. Zsolt 85,1-3)<\/p>\n<p><span style=\"color: #008000;\">K\u00f6ny\u00f6rg\u00e9s:<\/span><br \/>\nIsten\u00fcnk, a te kegyelmed aj\u00e1nd\u00e9ka, hogy h\u00edveid egy akarattal k\u00f6vetnek t\u00e9ged. Add n\u00e9pednek, hogy szeress\u00fck, amit parancsolsz, v\u00e1gyakozzunk arra, amit \u00edg\u00e9rsz, \u00e9s e vil\u00e1g v\u00e1ltozand\u00f3s\u00e1gai k\u00f6zepette sz\u00edvb\u0151l ragaszkodjunk hozz\u00e1d, akiben megtal\u00e1ljuk igazi \u00f6r\u00f6m\u00fcnket. A mi Urunk, J\u00e9zus Krisztus, a te Fiad \u00e1ltal, aki veled \u00e9l \u00e9s uralkodik a Szentl\u00e9lekkel egys\u00e9gben, Isten mind\u00f6r\u00f6kk\u00f6n \u00f6r\u00f6kk\u00e9.<\/p>\n<p><span style=\"color: #008000;\">OLVASM\u00c1NY Izaj\u00e1s pr\u00f3f\u00e9ta k\u00f6nyv\u00e9b\u0151l (Iz 66,18-21)<\/span><br \/>\n<em>A pr<\/em><em>\u00f3f<\/em><em>\u00e9ta arr<\/em><em>\u00f3l j<\/em><em>\u00f6vend<\/em><em>\u00f6l, hogy a Messi<\/em><em>\u00e1s idej<\/em><em>\u00e9ben a pog<\/em><em>\u00e1ny n<\/em><em>\u00e9pek megt<\/em><em>\u00e9rnek Isten orsz<\/em><em>\u00e1g<\/em><em>\u00e1ba.<\/em><br \/>\nEzt mondja az \u00dar:<br \/>\n\u201eIsmerem cselekedeteiket \u00e9s gondolataikat: elj\u00f6v\u00f6k, hogy \u00f6sszegy\u0171jtsek minden n\u00e9pet \u00e9s nyelvet. Elj\u00f6nnek majd, \u00e9s megl\u00e1tj\u00e1k dics\u0151s\u00e9gemet. Jelet adok nekik; \u00e9s azok k\u00f6z\u00fcl, akik megszabadultak, elk\u00fcld\u00f6k n\u00e9h\u00e1nyat a nemzetekhez: Tarzisz, Put, Lud, Mosek, Ros, Tub\u00e1l \u00e9s J\u00e1v\u00e1n n\u00e9p\u00e9hez, a t\u00e1voli szigetekre: azokhoz, akik soha nem hallottak r\u00f3lam, \u00e9s nem l\u00e1tt\u00e1k dics\u0151s\u00e9gemet.<br \/>\nVisszahozz\u00e1k majd minden testv\u00e9reteket aj\u00e1nd\u00e9kul az \u00darnak a nemzetek k\u00f6z\u00fcl; lovakon, kocsikon, hord\u00e1gyakon, \u00f6szv\u00e9reken \u00e9s tev\u00e9ken hozz\u00e1k majd \u0151ket szent hegyemre, Jeruzs\u00e1lembe \u2013 mondja az \u00dar. \u00dagy, ahogy Izrael fiai hozz\u00e1k az \u00e1ldozati aj\u00e1nd\u00e9kot az \u00dar h\u00e1z\u00e1ba, tiszta ed\u00e9nyekben. \u00c9s k\u00f6z\u00fcl\u00fck is v\u00e1lasztok majd magamnak papokat \u00e9s levit\u00e1kat\u201d \u2013 mondja az \u00dar.<br \/>\nEz az Isten ig\u00e9je.<\/p>\n<p><span style=\"color: #008000;\">V\u00c1LASZOS ZSOLT\u00c1R (Zsolt 116,1.2.)<\/span><br \/>\nV\u00e1lasz:\u00a0<strong>Menjetek el az eg<\/strong><strong>\u00e9sz vil<\/strong><strong>\u00e1gra, * <\/strong><strong>\u00e9s hirdess<\/strong><strong>\u00e9tek az evang<\/strong><strong>\u00e9liumot!<\/strong>\u00a0Mk 16,15 (4. g t\u00f3nus)<br \/>\nVagy:\u00a0<strong>Alleluja, alleluja, alleluja.<\/strong>\u00a04. sz\u00e1m.<br \/>\nEl\u0151\u00e9nekes: Dics\u00e9rj\u00e9tek az Urat, minden n\u00e9pek, * magasztalj\u00e1tok \u0151t minden nemzetek.<br \/>\nH\u00edvek: Menjetek el az eg\u00e9sz vil\u00e1gra, * \u00e9s hirdess\u00e9tek az evang\u00e9liumot!<br \/>\nVagy: Alleluja, alleluja, alleluja.<br \/>\nE: Mert er\u0151s rajtunk az \u0151 irgalma, * \u00e9s az \u0151 h\u0171s\u00e9ge \u00f6r\u00f6kk\u00e9 megmarad.<br \/>\nH: Menjetek el az eg\u00e9sz vil\u00e1gra, * \u00e9s hirdess\u00e9tek az evang\u00e9liumot!<br \/>\nVagy: Alleluja, alleluja, alleluja.<\/p>\n<p><span style=\"color: #008000;\">SZENTLECKE a Zsid\u00f3khoz \u00edrt lev\u00e9lb\u0151l (Zsid 12,5-7.11-13)<\/span><br \/>\n<em>\u201eAkit az <\/em><em>\u00dar szeret, megpr<\/em><em>\u00f3b<\/em><em>\u00e1lja azt.<\/em><em>\u201d<\/em><br \/>\nTestv\u00e9reim!<br \/>\nMegfeledkeztetek a vigasztal\u00e1sr\u00f3l, amely nektek, a fiaknak sz\u00f3l:<br \/>\n\u201eFiam, ne kicsinyeld le az \u00dar feny\u00edt\u00e9s\u00e9t, s ne cs\u00fcggedj el, ha korhol. Mert megfeny\u00edti az \u00dar, akit szeret, \u00e9s megostoroz mindenkit, akit fi\u00e1v\u00e1 fogad.\u201d Maradjatok \u00e1llhatatosak a feny\u00edt\u00e9skor: az Isten \u00fagy b\u00e1nik veletek, mint fiaival. Hol van olyan fi\u00fa, akit az apja nem feny\u00edt?<br \/>\nIgaz, most minden feny\u00edt\u00e9s ink\u00e1bb szomor\u00fas\u00e1got okoz, mintsem \u00f6r\u00f6met, k\u00e9s\u0151bb azonban az igaz \u00e9let \u00e9s b\u00e9kess\u00e9g gy\u00fcm\u00f6lcs\u00e9t termi annak, aki elviseli.<br \/>\nEz\u00e9rt er\u0151s\u00edts\u00e9tek meg a lankadt kezeket \u00e9s a megroggyant t\u00e9rdeket.<br \/>\nJ\u00e1rjatok egyenesen, hogy a megb\u00e9nult tag ki ne ficamodj\u00e9k, hanem ink\u00e1bb meggy\u00f3gyuljon.<br \/>\nEz az Isten ig\u00e9je.<\/p>\n<p><span style=\"color: #008000;\">ALLELUJA<\/span><br \/>\nJ\u00e9zus mondja: \u2020 \u201e\u00c9n vagyok az \u00fat, az igazs\u00e1g \u00e9s az \u00e9let, * senki sem jut Aty\u00e1mhoz, csak \u00e1ltalam.\u201d Jn 14,6 \u2013 4g. t\u00f3nus.<\/p>\n<p><span style=\"color: #008000;\">\u2020 EVANG\u00c9LIUM Szent Luk\u00e1cs k\u00f6nyv\u00e9b\u0151l (Lk 13,22-30)<\/span><br \/>\n<em>Isten orsz<\/em><em>\u00e1g<\/em><em>\u00e1ban napkelett<\/em><em>\u0151l napnyugatig mindenkinek helye van.<\/em><br \/>\nAbban az id\u0151ben J\u00e9zus Jeruzs\u00e1lem fel\u00e9 tartott. \u00datk\u00f6zben tan\u00edtott a v\u00e1rosokban \u00e9s falvakban, melyeken \u00e1thaladt.<br \/>\nValaki megk\u00e9rdezte t\u0151le: \u201eUram, kevesen vannak, akik \u00fcdv\u00f6z\u00fclnek?\u201d<br \/>\n\u0150 \u00edgy v\u00e1laszolt: \u201eT\u00f6rekedjetek bemenni a sz\u0171k kapun, mert mondom nektek, sokan pr\u00f3b\u00e1lnak majd bejutni, de nem tudnak.<br \/>\nA h\u00e1z ura felkel \u00e9s bez\u00e1rja az ajt\u00f3t, ti kint rekedtek, \u00e9s z\u00f6rgetni kezdtek az ajt\u00f3n: \u00bbUram, nyiss nek\u00fcnk ajt\u00f3t.\u00ab Erre \u0151 azt feleli nektek: \u00bbNem tudom, honnan vagytok.\u00ab<br \/>\nAkkor ti bizonygatni kezditek: \u00bbVeled ett\u00fcnk \u00e9s ittunk; a mi utc\u00e1nkban tan\u00edtott\u00e1l.\u00ab De \u0151 megism\u00e9tli: \u00bbNem tudom, honnan vagytok. T\u00e1vozzatok t\u0151lem mind, ti gonosztev\u0151k!\u00ab<br \/>\nOtt majd s\u00edr\u00e1s \u00e9s fogcsikorgat\u00e1s lesz, amikor l\u00e1tj\u00e1tok \u00c1brah\u00e1mot, Izs\u00e1kot, J\u00e1kobot \u00e9s mind a pr\u00f3f\u00e9t\u00e1kat az Isten orsz\u00e1g\u00e1ban, magatokat meg kitasz\u00edtva onnan.<br \/>\nJ\u00f6nnek majd keletr\u0151l \u00e9s nyugatr\u00f3l, \u00e9szakr\u00f3l \u00e9s d\u00e9lr\u0151l, \u00e9s helyet foglalnak az Isten orsz\u00e1g\u00e1ban.<br \/>\n\u00cdme, \u00edgy lesznek az utols\u00f3kb\u00f3l els\u0151k, \u00e9s az els\u0151kb\u0151l utols\u00f3k!\u201d<br \/>\nEzek az evang\u00e9lium ig\u00e9i.<\/p>\n<p><span style=\"color: #008000;\">EGYETEMES K\u00d6NY\u00d6RG\u00c9SEK<\/span><br \/>\nPap: Testv\u00e9reim! Gyenges\u00e9g\u00fcnk tudat\u00e1ban forduljunk seg\u00edts\u00e9g\u00e9rt mennyei Aty\u00e1nkhoz, \u00e9s terjessz\u00fck el\u00e9je bizalommal k\u00e9r\u00e9seinket!<br \/>\nLektor: 1. F\u0151p\u00e1sztoraink Le\u00f3 p\u00e1pa vezet\u00e9s\u00e9vel vil\u00e1gosan \u00e9s hat\u00e1rozottan mutass\u00e1k nek\u00fcnk az \u00fcdv\u00f6ss\u00e9g \u00fatj\u00e1t!<br \/>\nH\u00edvek: K\u00e9r\u00fcnk t\u00e9ged, hallgass meg minket!<br \/>\n2. A vil\u00e1g j\u00f3m\u00f3d\u00fa n\u00e9pei \u00e9rts\u00e9k meg, hogy csak lemond\u00e1s \u00e1r\u00e1n biztos\u00edthatj\u00e1k az eg\u00e9sz emberis\u00e9g boldogul\u00e1s\u00e1t \u00e9s b\u00e9k\u00e9j\u00e9t!<br \/>\nH\u00edvek: K\u00e9r\u00fcnk t\u00e9ged . . .<br \/>\n3. A kereszt\u00e9nyek soha meg ne feledkezzenek arr\u00f3l, hogy csak az \u00f6nfegyelem sz\u0171k kapuj\u00e1n \u00e1t vezet az \u00fat a lelkiismeret nyugalm\u00e1hoz!<br \/>\nH\u00edvek: K\u00e9r\u00fcnk t\u00e9ged . . .<br \/>\n4. A csal\u00e1dtagok ne vonakodjanak a k\u00f6lcs\u00f6n\u00f6s \u00e1ldozatv\u00e1llal\u00e1st\u00f3l a k\u00f6z\u00f6s boldogs\u00e1g \u00e9rdek\u00e9ben!<br \/>\nH\u00edvek: K\u00e9r\u00fcnk t\u00e9ged . . .<br \/>\n5. Egyh\u00e1zk\u00f6zs\u00e9g\u00fcnk egyetlen tagja se legyen kiz\u00e1rva a mennyei \u00f6r\u00f6k otthonb\u00f3l!<br \/>\nH\u00edvek: K\u00e9r\u00fcnk t\u00e9ged . . .<br \/>\nPap: Mennyei Aty\u00e1nk! Te ismered gyarl\u00f3s\u00e1gunkat \u00e9s j\u00f3ra val\u00f3 rests\u00e9g\u00fcnket. \u00c1llj mellett\u00fcnk seg\u00edt\u0151 kegyelmeddel, hogy a j\u00f3 \u00fcgy \u00e9rdek\u00e9ben mindig k\u00e9szek legy\u00fcnk a lemond\u00e1sra \u00e9s a f\u00e1radalmak v\u00e1llal\u00e1s\u00e1ra! Krisztus, a mi Urunk \u00e1ltal.<br \/>\nH\u00edvek: \u00c1men.<\/p>\n<p><span style=\"color: #008000;\">Felaj\u00e1nl\u00f3 k\u00f6ny\u00f6rg\u00e9s:<\/span><br \/>\nUrunk, Isten\u00fcnk, te Fiad egyetlen \u00e1ldozat\u00e1val \u00faj v\u00e1lasztott n\u00e9pet szerezt\u00e9l magadnak. Add meg irgalmasan Egyh\u00e1zadnak az egys\u00e9g \u00e9s a b\u00e9kess\u00e9g aj\u00e1nd\u00e9k\u00e1t. Krisztus, a mi Urunk \u00e1ltal.<\/p>\n<p><span style=\"color: #008000;\">Pref\u00e1ci\u00f3:<\/span><br \/>\nMert val\u00f3ban m\u00e9lt\u00f3 \u00e9s igazs\u00e1gos, ill\u0151 \u00e9s \u00fcdv\u00f6s, hogy mindig \u00e9s minden\u00fctt h\u00e1l\u00e1t adjunk n\u00e9ked, mi Urunk, szents\u00e9ges Aty\u00e1nk, mindenhat\u00f3, \u00f6r\u00f6k Isten:<br \/>\nMert te alkott\u00e1l mindent, amib\u0151l a vil\u00e1g \u00e9p\u00fcl, az id\u0151k j\u00e1r\u00e1s\u00e1nak te szabt\u00e1l t\u00f6rv\u00e9nyt.<br \/>\nA te k\u00e9pm\u00e1sodra form\u00e1ltad az embert, s\u0151t hatalm\u00e1ba adtad mindazt, amit a vil\u00e1gban \u00e1mulva l\u00e1tunk, hogy helyettesedk\u00e9nt uralkodj\u00e9k minden m\u0171veden, \u00e9s nagy tetteid\u00e9rt sz\u00fcntelen magasztaljon T\u00e9ged, Krisztus, a mi Urunk \u00e1ltal.<br \/>\n\u00c9s ez\u00e9rt mi is dics\u0151\u00edt\u00fcnk az \u00f6sszes angyallal egy\u00fctt, vid\u00e1m l\u00e9lekkel \u00e9nekl\u00fcnk, \u00e9s h\u00e1l\u00e1s sz\u00edvvel zengj\u00fck:<\/p>\n<p><span style=\"color: #008000;\">\u00c1ldoz\u00e1si \u00e9nek:<\/span><br \/>\nAlkot\u00e1sod gy\u00fcm\u00f6lcs\u00e9vel t\u00e1pl\u00e1lod a f\u00f6ldet, Uram, kenyeret adsz a f\u00f6ldb\u0151l, \u00e9s bort, hogy vid\u00e1m\u00edtsa az ember sz\u00edv\u00e9t. (V\u00f6. Zsolt 103,13-15)<br \/>\n<span style=\"color: #008000;\"><em>vagy<\/em><\/span><br \/>\nAki eszi az \u00e9n testemet \u00e9s issza az \u00e9n v\u00e9remet, annak \u00f6r\u00f6k \u00e9lete van &#8211; mondja az \u00dar; \u00e9s felt\u00e1masztom \u0151t az utols\u00f3 napon. (Jn 6,55)<\/p>\n<p><span style=\"color: #008000;\">\u00c1ldoz\u00e1s ut\u00e1ni k\u00f6ny\u00f6rg\u00e9s:<\/span><br \/>\nUrunk, Isten\u00fcnk, szeret\u0151 j\u00f3s\u00e1god hozzon nek\u00fcnk teljes gy\u00f3gyul\u00e1st. Seg\u00edts kegyesen \u00e9s t\u00e1mogass, hogy mindenben tetsz\u00e9sedre \u00e9lj\u00fcnk. Krisztus, a mi Urunk \u00e1ltal.<\/p>\n<p><em>(K\u00e9p forr\u00e1sa: Instagram)<\/em><\/p>\n","protected":false},"excerpt":{"rendered":"<p>A mai szentmise kezd\u0151\u00e9neke a zsolt\u00e1ros Isten ir\u00e1nti bizalm\u00e1t mutatja be. Nagyon plasztikus a k\u00e9p, amelyet alkalmaz: Uram, hajtsd hozz\u00e1m f\u00fcledet \u00e9s hallgass meg engem. Magamra alkalmazva a k\u00e9pet: megvan-e bennem ez a fajta bizalom Isten ir\u00e1nt? Meg merem \u0150t sz\u00f3l\u00edtani? Ki tudom mondani k\u00e9r\u00e9seimet az ir\u00e1nta val\u00f3 \u0151szinte bizalom jegy\u00e9ben? Legal\u00e1bb ennyire \u00e9rdekes a szentmise els\u0151 k\u00f6ny\u00f6rg\u00e9se is. Egy k\u00e9r\u00e9st emeln\u00e9k ki bel\u0151le, ami nagyon k\u00f6zel \u00e1ll most hozz\u00e1m. \u201eE vil\u00e1g v\u00e1ltozand\u00f3s\u00e1gai k\u00f6zepette sz\u00edvb\u0151l ragaszkodjam hozz\u00e1d!\u201d Sohasem szabad elfelednem: ebben az \u00f6r\u00f6kk\u00e9 v\u00e1ltoz\u00f3 vil\u00e1gban \u00e9n magam is \u00e1lland\u00f3an v\u00e1ltozom. \u00c9ppen egy hete tartottuk meg k\u00f6z\u00e9piskolai oszt\u00e1lyt\u00e1rsainkkal a 46. \u00e9retts\u00e9gi tal\u00e1lkoz\u00f3t. Az els\u0151 gondolat, amely megfogalmaz\u00f3dott benn\u00fcnk, hogy mennyit v\u00e1ltoztunk ebben a magunk m\u00f6g\u00f6tt hagyott k\u00f6zel \u00f6t \u00e9vtizedben. Mind k\u00fcls\u0151leg, mind bels\u0151leg magunkon hordozzuk a v\u00e1ltoz\u00e1s jegyeit. Ezen t\u00falmen\u0151en azonban h\u00e1l\u00e1ban tekinthet\u00fcnk a megtett \u00fatra, s nem is kell sz\u00e9gyenkezn\u00fcnk. Ugyanis lehet\u0151s\u00e9get kaptunk egy\u00e9nileg a teremt\u0151 \u00e9s gondvisel\u0151 Istent\u0151l, hogy sz\u00edvb\u0151l ragaszkodjunk hozz\u00e1, k\u00f6zben pedig gazdagg\u00e1 \u00e9s \u00e9rt\u00e9kess\u00e9 tegy\u00fcnk mind a magunk, mind a re\u00e1nk b\u00edzottak \u00e9let\u00e9t. Ugyanis ez jelenti igazi \u00f6r\u00f6m\u00fcnket. Az olvasm\u00e1ny gy\u00f6ny\u00f6r\u0171 \u00fczenete egyben biztat\u00e1s sz\u00e1momra: Ismerem cselekedeteidet \u00e9s gondolataidat. Vagyis, nem kell megj\u00e1tszanom magamat Isten el\u0151tt. Mennyire nagy k\u00eds\u00e9rt\u00e9s, m\u00e1snak l\u00e1ttatni magam embert\u00e1rsaim szem\u00e9ben. M\u00e1snak, mint aki val\u00f3j\u00e1ban vagyok. Amennyiben ez a k\u00eds\u00e9rt\u00e9s hatalm\u00e1ba ker\u00edt, m\u00e1r nem vagyok \u00f6nazonos. Csup\u00e1n egy olyan k\u00e9pet k\u00f6zvet\u00edtetek magamr\u00f3l m\u00e1sok sz\u00e1m\u00e1ra, ami ut\u00e1n csak v\u00e1gy\u00f3dom. Ezzel a magatart\u00e1ssal azonban nem m\u00e1sokat t\u00e9vesztek meg, hanem \u00f6nmagamat csapom be. Az igazi \u00f6r\u00f6m: megmaradni annak, aki val\u00f3j\u00e1ban vagyok, olyannak, amilyennek Isten meg\u00e1lmodott. Ez az igazi boldogs\u00e1g \u00e9s \u00f6r\u00f6m! A mai szentlecke azt \u00fczeni sz\u00e1momra, hogy Isten a legnagyszer\u0171bb pedag\u00f3gus, s nekem is azz\u00e1 kell v\u00e1lnom. \u00c9rdemes a pedag\u00f3gus sz\u00f3 eredet\u00e9t vizsg\u00e1lni. A pedag\u00f3gus sz\u00f3 az \u00f3g\u00f6r\u00f6g \u201epaidagogosz\u201d(\u03c0\u03b1\u03b9\u03b4\u03b1\u03b3\u03c9\u03b3\u03cc\u03c2) sz\u00f3b\u00f3l sz\u00e1rmazik. Jelent\u00e9se: gyermekvezet\u0151. Ez egy \u00f6sszetett sz\u00f3, amely k\u00e9t r\u00e9szb\u0151l \u00e1ll: a paisz, paidosz, azaz&#8230; <\/p>\n<p><a class=\"readmore\" href=\"https:\/\/stuttgarti-katolikusok.de\/index.php\/evkozi-21-vasarnap-2\/\">R\u00e9szletek<\/a><\/p>\n","protected":false},"author":3,"featured_media":29274,"comment_status":"closed","ping_status":"closed","sticky":false,"template":"","format":"standard","meta":{"footnotes":""},"categories":[85,63],"tags":[],"class_list":["post-31402","post","type-post","status-publish","format-standard","has-post-thumbnail","hentry","category-a-liturgia-olvasmanyai","category-vasarnapi-gondolatok"],"yoast_head":"<!-- This site is optimized with the Yoast SEO plugin v27.3 - https:\/\/yoast.com\/product\/yoast-seo-wordpress\/ -->\n<title>\u00c9vk\u00f6zi 21. vas\u00e1rnap - Stuttgarti Katolikusok<\/title>\n<meta name=\"robots\" content=\"index, follow, max-snippet:-1, max-image-preview:large, max-video-preview:-1\" \/>\n<link rel=\"canonical\" href=\"https:\/\/stuttgarti-katolikusok.de\/index.php\/evkozi-21-vasarnap-2\/\" \/>\n<meta property=\"og:locale\" content=\"hu_HU\" \/>\n<meta property=\"og:type\" content=\"article\" \/>\n<meta property=\"og:title\" content=\"\u00c9vk\u00f6zi 21. vas\u00e1rnap - Stuttgarti Katolikusok\" \/>\n<meta property=\"og:description\" content=\"A mai szentmise kezd\u0151\u00e9neke a zsolt\u00e1ros Isten ir\u00e1nti bizalm\u00e1t mutatja be. Nagyon plasztikus a k\u00e9p, amelyet alkalmaz: Uram, hajtsd hozz\u00e1m f\u00fcledet \u00e9s hallgass meg engem. Magamra alkalmazva a k\u00e9pet: megvan-e bennem ez a fajta bizalom Isten ir\u00e1nt? Meg merem \u0150t sz\u00f3l\u00edtani? Ki tudom mondani k\u00e9r\u00e9seimet az ir\u00e1nta val\u00f3 \u0151szinte bizalom jegy\u00e9ben? Legal\u00e1bb ennyire \u00e9rdekes a szentmise els\u0151 k\u00f6ny\u00f6rg\u00e9se is. Egy k\u00e9r\u00e9st emeln\u00e9k ki bel\u0151le, ami nagyon k\u00f6zel \u00e1ll most hozz\u00e1m. \u201eE vil\u00e1g v\u00e1ltozand\u00f3s\u00e1gai k\u00f6zepette sz\u00edvb\u0151l ragaszkodjam hozz\u00e1d!\u201d Sohasem szabad elfelednem: ebben az \u00f6r\u00f6kk\u00e9 v\u00e1ltoz\u00f3 vil\u00e1gban \u00e9n magam is \u00e1lland\u00f3an v\u00e1ltozom. \u00c9ppen egy hete tartottuk meg k\u00f6z\u00e9piskolai oszt\u00e1lyt\u00e1rsainkkal a 46. \u00e9retts\u00e9gi tal\u00e1lkoz\u00f3t. Az els\u0151 gondolat, amely megfogalmaz\u00f3dott benn\u00fcnk, hogy mennyit v\u00e1ltoztunk ebben a magunk m\u00f6g\u00f6tt hagyott k\u00f6zel \u00f6t \u00e9vtizedben. Mind k\u00fcls\u0151leg, mind bels\u0151leg magunkon hordozzuk a v\u00e1ltoz\u00e1s jegyeit. Ezen t\u00falmen\u0151en azonban h\u00e1l\u00e1ban tekinthet\u00fcnk a megtett \u00fatra, s nem is kell sz\u00e9gyenkezn\u00fcnk. Ugyanis lehet\u0151s\u00e9get kaptunk egy\u00e9nileg a teremt\u0151 \u00e9s gondvisel\u0151 Istent\u0151l, hogy sz\u00edvb\u0151l ragaszkodjunk hozz\u00e1, k\u00f6zben pedig gazdagg\u00e1 \u00e9s \u00e9rt\u00e9kess\u00e9 tegy\u00fcnk mind a magunk, mind a re\u00e1nk b\u00edzottak \u00e9let\u00e9t. Ugyanis ez jelenti igazi \u00f6r\u00f6m\u00fcnket. Az olvasm\u00e1ny gy\u00f6ny\u00f6r\u0171 \u00fczenete egyben biztat\u00e1s sz\u00e1momra: Ismerem cselekedeteidet \u00e9s gondolataidat. Vagyis, nem kell megj\u00e1tszanom magamat Isten el\u0151tt. Mennyire nagy k\u00eds\u00e9rt\u00e9s, m\u00e1snak l\u00e1ttatni magam embert\u00e1rsaim szem\u00e9ben. M\u00e1snak, mint aki val\u00f3j\u00e1ban vagyok. Amennyiben ez a k\u00eds\u00e9rt\u00e9s hatalm\u00e1ba ker\u00edt, m\u00e1r nem vagyok \u00f6nazonos. Csup\u00e1n egy olyan k\u00e9pet k\u00f6zvet\u00edtetek magamr\u00f3l m\u00e1sok sz\u00e1m\u00e1ra, ami ut\u00e1n csak v\u00e1gy\u00f3dom. Ezzel a magatart\u00e1ssal azonban nem m\u00e1sokat t\u00e9vesztek meg, hanem \u00f6nmagamat csapom be. Az igazi \u00f6r\u00f6m: megmaradni annak, aki val\u00f3j\u00e1ban vagyok, olyannak, amilyennek Isten meg\u00e1lmodott. Ez az igazi boldogs\u00e1g \u00e9s \u00f6r\u00f6m! A mai szentlecke azt \u00fczeni sz\u00e1momra, hogy Isten a legnagyszer\u0171bb pedag\u00f3gus, s nekem is azz\u00e1 kell v\u00e1lnom. \u00c9rdemes a pedag\u00f3gus sz\u00f3 eredet\u00e9t vizsg\u00e1lni. A pedag\u00f3gus sz\u00f3 az \u00f3g\u00f6r\u00f6g \u201epaidagogosz\u201d(\u03c0\u03b1\u03b9\u03b4\u03b1\u03b3\u03c9\u03b3\u03cc\u03c2) sz\u00f3b\u00f3l sz\u00e1rmazik. Jelent\u00e9se: gyermekvezet\u0151. Ez egy \u00f6sszetett sz\u00f3, amely k\u00e9t r\u00e9szb\u0151l \u00e1ll: a paisz, paidosz, azaz... R\u00e9szletek\" \/>\n<meta property=\"og:url\" content=\"https:\/\/stuttgarti-katolikusok.de\/index.php\/evkozi-21-vasarnap-2\/\" \/>\n<meta property=\"og:site_name\" content=\"Stuttgarti Katolikusok\" \/>\n<meta property=\"article:published_time\" content=\"2025-08-24T00:41:29+00:00\" \/>\n<meta property=\"og:image\" content=\"https:\/\/stuttgarti-katolikusok.de\/wp-content\/uploads\/2024\/08\/vrsar.jpg\" \/>\n\t<meta property=\"og:image:width\" content=\"2048\" \/>\n\t<meta property=\"og:image:height\" content=\"1536\" \/>\n\t<meta property=\"og:image:type\" content=\"image\/jpeg\" \/>\n<meta name=\"author\" content=\"Tibor atya\" \/>\n<meta name=\"twitter:card\" content=\"summary_large_image\" \/>\n<meta name=\"twitter:label1\" content=\"Szerz\u0151:\" \/>\n\t<meta name=\"twitter:data1\" content=\"Tibor atya\" \/>\n\t<meta name=\"twitter:label2\" content=\"Becs\u00fclt olvas\u00e1si id\u0151\" \/>\n\t<meta name=\"twitter:data2\" content=\"10 perc\" \/>\n<script type=\"application\/ld+json\" class=\"yoast-schema-graph\">{\"@context\":\"https:\\\/\\\/schema.org\",\"@graph\":[{\"@type\":\"Article\",\"@id\":\"https:\\\/\\\/stuttgarti-katolikusok.de\\\/index.php\\\/evkozi-21-vasarnap-2\\\/#article\",\"isPartOf\":{\"@id\":\"https:\\\/\\\/stuttgarti-katolikusok.de\\\/index.php\\\/evkozi-21-vasarnap-2\\\/\"},\"author\":{\"name\":\"Tibor atya\",\"@id\":\"https:\\\/\\\/stuttgarti-katolikusok.de\\\/#\\\/schema\\\/person\\\/75908d6f8fdc03a57889d27209df7795\"},\"headline\":\"\u00c9vk\u00f6zi 21. vas\u00e1rnap\",\"datePublished\":\"2025-08-24T00:41:29+00:00\",\"mainEntityOfPage\":{\"@id\":\"https:\\\/\\\/stuttgarti-katolikusok.de\\\/index.php\\\/evkozi-21-vasarnap-2\\\/\"},\"wordCount\":2084,\"image\":{\"@id\":\"https:\\\/\\\/stuttgarti-katolikusok.de\\\/index.php\\\/evkozi-21-vasarnap-2\\\/#primaryimage\"},\"thumbnailUrl\":\"https:\\\/\\\/stuttgarti-katolikusok.de\\\/wp-content\\\/uploads\\\/2024\\\/08\\\/vrsar.jpg\",\"articleSection\":[\"A liturgia olvasm\u00e1nyai\",\"Vas\u00e1rnapi gondolatok\"],\"inLanguage\":\"hu\"},{\"@type\":\"WebPage\",\"@id\":\"https:\\\/\\\/stuttgarti-katolikusok.de\\\/index.php\\\/evkozi-21-vasarnap-2\\\/\",\"url\":\"https:\\\/\\\/stuttgarti-katolikusok.de\\\/index.php\\\/evkozi-21-vasarnap-2\\\/\",\"name\":\"\u00c9vk\u00f6zi 21. vas\u00e1rnap - Stuttgarti Katolikusok\",\"isPartOf\":{\"@id\":\"https:\\\/\\\/stuttgarti-katolikusok.de\\\/#website\"},\"primaryImageOfPage\":{\"@id\":\"https:\\\/\\\/stuttgarti-katolikusok.de\\\/index.php\\\/evkozi-21-vasarnap-2\\\/#primaryimage\"},\"image\":{\"@id\":\"https:\\\/\\\/stuttgarti-katolikusok.de\\\/index.php\\\/evkozi-21-vasarnap-2\\\/#primaryimage\"},\"thumbnailUrl\":\"https:\\\/\\\/stuttgarti-katolikusok.de\\\/wp-content\\\/uploads\\\/2024\\\/08\\\/vrsar.jpg\",\"datePublished\":\"2025-08-24T00:41:29+00:00\",\"author\":{\"@id\":\"https:\\\/\\\/stuttgarti-katolikusok.de\\\/#\\\/schema\\\/person\\\/75908d6f8fdc03a57889d27209df7795\"},\"breadcrumb\":{\"@id\":\"https:\\\/\\\/stuttgarti-katolikusok.de\\\/index.php\\\/evkozi-21-vasarnap-2\\\/#breadcrumb\"},\"inLanguage\":\"hu\",\"potentialAction\":[{\"@type\":\"ReadAction\",\"target\":[\"https:\\\/\\\/stuttgarti-katolikusok.de\\\/index.php\\\/evkozi-21-vasarnap-2\\\/\"]}]},{\"@type\":\"ImageObject\",\"inLanguage\":\"hu\",\"@id\":\"https:\\\/\\\/stuttgarti-katolikusok.de\\\/index.php\\\/evkozi-21-vasarnap-2\\\/#primaryimage\",\"url\":\"https:\\\/\\\/stuttgarti-katolikusok.de\\\/wp-content\\\/uploads\\\/2024\\\/08\\\/vrsar.jpg\",\"contentUrl\":\"https:\\\/\\\/stuttgarti-katolikusok.de\\\/wp-content\\\/uploads\\\/2024\\\/08\\\/vrsar.jpg\",\"width\":2048,\"height\":1536},{\"@type\":\"BreadcrumbList\",\"@id\":\"https:\\\/\\\/stuttgarti-katolikusok.de\\\/index.php\\\/evkozi-21-vasarnap-2\\\/#breadcrumb\",\"itemListElement\":[{\"@type\":\"ListItem\",\"position\":1,\"name\":\"Kezd\u0151lap\",\"item\":\"https:\\\/\\\/stuttgarti-katolikusok.de\\\/\"},{\"@type\":\"ListItem\",\"position\":2,\"name\":\"\u00c9vk\u00f6zi 21. vas\u00e1rnap\"}]},{\"@type\":\"WebSite\",\"@id\":\"https:\\\/\\\/stuttgarti-katolikusok.de\\\/#website\",\"url\":\"https:\\\/\\\/stuttgarti-katolikusok.de\\\/\",\"name\":\"Stuttgarti Katolikusok\",\"description\":\"\",\"potentialAction\":[{\"@type\":\"SearchAction\",\"target\":{\"@type\":\"EntryPoint\",\"urlTemplate\":\"https:\\\/\\\/stuttgarti-katolikusok.de\\\/?s={search_term_string}\"},\"query-input\":{\"@type\":\"PropertyValueSpecification\",\"valueRequired\":true,\"valueName\":\"search_term_string\"}}],\"inLanguage\":\"hu\"},{\"@type\":\"Person\",\"@id\":\"https:\\\/\\\/stuttgarti-katolikusok.de\\\/#\\\/schema\\\/person\\\/75908d6f8fdc03a57889d27209df7795\",\"name\":\"Tibor atya\",\"image\":{\"@type\":\"ImageObject\",\"inLanguage\":\"hu\",\"@id\":\"https:\\\/\\\/secure.gravatar.com\\\/avatar\\\/61d268e57d1f4525b111222e29d2d5a7f8c420fdbf231ba5566a8ceac74fa960?s=96&d=mm&r=g\",\"url\":\"https:\\\/\\\/secure.gravatar.com\\\/avatar\\\/61d268e57d1f4525b111222e29d2d5a7f8c420fdbf231ba5566a8ceac74fa960?s=96&d=mm&r=g\",\"contentUrl\":\"https:\\\/\\\/secure.gravatar.com\\\/avatar\\\/61d268e57d1f4525b111222e29d2d5a7f8c420fdbf231ba5566a8ceac74fa960?s=96&d=mm&r=g\",\"caption\":\"Tibor atya\"},\"url\":\"https:\\\/\\\/stuttgarti-katolikusok.de\\\/index.php\\\/author\\\/tibor-atya\\\/\"}]}<\/script>\n<!-- \/ Yoast SEO plugin. -->","yoast_head_json":{"title":"\u00c9vk\u00f6zi 21. vas\u00e1rnap - Stuttgarti Katolikusok","robots":{"index":"index","follow":"follow","max-snippet":"max-snippet:-1","max-image-preview":"max-image-preview:large","max-video-preview":"max-video-preview:-1"},"canonical":"https:\/\/stuttgarti-katolikusok.de\/index.php\/evkozi-21-vasarnap-2\/","og_locale":"hu_HU","og_type":"article","og_title":"\u00c9vk\u00f6zi 21. vas\u00e1rnap - Stuttgarti Katolikusok","og_description":"A mai szentmise kezd\u0151\u00e9neke a zsolt\u00e1ros Isten ir\u00e1nti bizalm\u00e1t mutatja be. Nagyon plasztikus a k\u00e9p, amelyet alkalmaz: Uram, hajtsd hozz\u00e1m f\u00fcledet \u00e9s hallgass meg engem. Magamra alkalmazva a k\u00e9pet: megvan-e bennem ez a fajta bizalom Isten ir\u00e1nt? Meg merem \u0150t sz\u00f3l\u00edtani? Ki tudom mondani k\u00e9r\u00e9seimet az ir\u00e1nta val\u00f3 \u0151szinte bizalom jegy\u00e9ben? Legal\u00e1bb ennyire \u00e9rdekes a szentmise els\u0151 k\u00f6ny\u00f6rg\u00e9se is. Egy k\u00e9r\u00e9st emeln\u00e9k ki bel\u0151le, ami nagyon k\u00f6zel \u00e1ll most hozz\u00e1m. \u201eE vil\u00e1g v\u00e1ltozand\u00f3s\u00e1gai k\u00f6zepette sz\u00edvb\u0151l ragaszkodjam hozz\u00e1d!\u201d Sohasem szabad elfelednem: ebben az \u00f6r\u00f6kk\u00e9 v\u00e1ltoz\u00f3 vil\u00e1gban \u00e9n magam is \u00e1lland\u00f3an v\u00e1ltozom. \u00c9ppen egy hete tartottuk meg k\u00f6z\u00e9piskolai oszt\u00e1lyt\u00e1rsainkkal a 46. \u00e9retts\u00e9gi tal\u00e1lkoz\u00f3t. Az els\u0151 gondolat, amely megfogalmaz\u00f3dott benn\u00fcnk, hogy mennyit v\u00e1ltoztunk ebben a magunk m\u00f6g\u00f6tt hagyott k\u00f6zel \u00f6t \u00e9vtizedben. Mind k\u00fcls\u0151leg, mind bels\u0151leg magunkon hordozzuk a v\u00e1ltoz\u00e1s jegyeit. Ezen t\u00falmen\u0151en azonban h\u00e1l\u00e1ban tekinthet\u00fcnk a megtett \u00fatra, s nem is kell sz\u00e9gyenkezn\u00fcnk. Ugyanis lehet\u0151s\u00e9get kaptunk egy\u00e9nileg a teremt\u0151 \u00e9s gondvisel\u0151 Istent\u0151l, hogy sz\u00edvb\u0151l ragaszkodjunk hozz\u00e1, k\u00f6zben pedig gazdagg\u00e1 \u00e9s \u00e9rt\u00e9kess\u00e9 tegy\u00fcnk mind a magunk, mind a re\u00e1nk b\u00edzottak \u00e9let\u00e9t. Ugyanis ez jelenti igazi \u00f6r\u00f6m\u00fcnket. Az olvasm\u00e1ny gy\u00f6ny\u00f6r\u0171 \u00fczenete egyben biztat\u00e1s sz\u00e1momra: Ismerem cselekedeteidet \u00e9s gondolataidat. Vagyis, nem kell megj\u00e1tszanom magamat Isten el\u0151tt. Mennyire nagy k\u00eds\u00e9rt\u00e9s, m\u00e1snak l\u00e1ttatni magam embert\u00e1rsaim szem\u00e9ben. M\u00e1snak, mint aki val\u00f3j\u00e1ban vagyok. Amennyiben ez a k\u00eds\u00e9rt\u00e9s hatalm\u00e1ba ker\u00edt, m\u00e1r nem vagyok \u00f6nazonos. Csup\u00e1n egy olyan k\u00e9pet k\u00f6zvet\u00edtetek magamr\u00f3l m\u00e1sok sz\u00e1m\u00e1ra, ami ut\u00e1n csak v\u00e1gy\u00f3dom. Ezzel a magatart\u00e1ssal azonban nem m\u00e1sokat t\u00e9vesztek meg, hanem \u00f6nmagamat csapom be. Az igazi \u00f6r\u00f6m: megmaradni annak, aki val\u00f3j\u00e1ban vagyok, olyannak, amilyennek Isten meg\u00e1lmodott. Ez az igazi boldogs\u00e1g \u00e9s \u00f6r\u00f6m! A mai szentlecke azt \u00fczeni sz\u00e1momra, hogy Isten a legnagyszer\u0171bb pedag\u00f3gus, s nekem is azz\u00e1 kell v\u00e1lnom. \u00c9rdemes a pedag\u00f3gus sz\u00f3 eredet\u00e9t vizsg\u00e1lni. A pedag\u00f3gus sz\u00f3 az \u00f3g\u00f6r\u00f6g \u201epaidagogosz\u201d(\u03c0\u03b1\u03b9\u03b4\u03b1\u03b3\u03c9\u03b3\u03cc\u03c2) sz\u00f3b\u00f3l sz\u00e1rmazik. Jelent\u00e9se: gyermekvezet\u0151. Ez egy \u00f6sszetett sz\u00f3, amely k\u00e9t r\u00e9szb\u0151l \u00e1ll: a paisz, paidosz, azaz... R\u00e9szletek","og_url":"https:\/\/stuttgarti-katolikusok.de\/index.php\/evkozi-21-vasarnap-2\/","og_site_name":"Stuttgarti Katolikusok","article_published_time":"2025-08-24T00:41:29+00:00","og_image":[{"width":2048,"height":1536,"url":"https:\/\/stuttgarti-katolikusok.de\/wp-content\/uploads\/2024\/08\/vrsar.jpg","type":"image\/jpeg"}],"author":"Tibor atya","twitter_card":"summary_large_image","twitter_misc":{"Szerz\u0151:":"Tibor atya","Becs\u00fclt olvas\u00e1si id\u0151":"10 perc"},"schema":{"@context":"https:\/\/schema.org","@graph":[{"@type":"Article","@id":"https:\/\/stuttgarti-katolikusok.de\/index.php\/evkozi-21-vasarnap-2\/#article","isPartOf":{"@id":"https:\/\/stuttgarti-katolikusok.de\/index.php\/evkozi-21-vasarnap-2\/"},"author":{"name":"Tibor atya","@id":"https:\/\/stuttgarti-katolikusok.de\/#\/schema\/person\/75908d6f8fdc03a57889d27209df7795"},"headline":"\u00c9vk\u00f6zi 21. vas\u00e1rnap","datePublished":"2025-08-24T00:41:29+00:00","mainEntityOfPage":{"@id":"https:\/\/stuttgarti-katolikusok.de\/index.php\/evkozi-21-vasarnap-2\/"},"wordCount":2084,"image":{"@id":"https:\/\/stuttgarti-katolikusok.de\/index.php\/evkozi-21-vasarnap-2\/#primaryimage"},"thumbnailUrl":"https:\/\/stuttgarti-katolikusok.de\/wp-content\/uploads\/2024\/08\/vrsar.jpg","articleSection":["A liturgia olvasm\u00e1nyai","Vas\u00e1rnapi gondolatok"],"inLanguage":"hu"},{"@type":"WebPage","@id":"https:\/\/stuttgarti-katolikusok.de\/index.php\/evkozi-21-vasarnap-2\/","url":"https:\/\/stuttgarti-katolikusok.de\/index.php\/evkozi-21-vasarnap-2\/","name":"\u00c9vk\u00f6zi 21. vas\u00e1rnap - Stuttgarti Katolikusok","isPartOf":{"@id":"https:\/\/stuttgarti-katolikusok.de\/#website"},"primaryImageOfPage":{"@id":"https:\/\/stuttgarti-katolikusok.de\/index.php\/evkozi-21-vasarnap-2\/#primaryimage"},"image":{"@id":"https:\/\/stuttgarti-katolikusok.de\/index.php\/evkozi-21-vasarnap-2\/#primaryimage"},"thumbnailUrl":"https:\/\/stuttgarti-katolikusok.de\/wp-content\/uploads\/2024\/08\/vrsar.jpg","datePublished":"2025-08-24T00:41:29+00:00","author":{"@id":"https:\/\/stuttgarti-katolikusok.de\/#\/schema\/person\/75908d6f8fdc03a57889d27209df7795"},"breadcrumb":{"@id":"https:\/\/stuttgarti-katolikusok.de\/index.php\/evkozi-21-vasarnap-2\/#breadcrumb"},"inLanguage":"hu","potentialAction":[{"@type":"ReadAction","target":["https:\/\/stuttgarti-katolikusok.de\/index.php\/evkozi-21-vasarnap-2\/"]}]},{"@type":"ImageObject","inLanguage":"hu","@id":"https:\/\/stuttgarti-katolikusok.de\/index.php\/evkozi-21-vasarnap-2\/#primaryimage","url":"https:\/\/stuttgarti-katolikusok.de\/wp-content\/uploads\/2024\/08\/vrsar.jpg","contentUrl":"https:\/\/stuttgarti-katolikusok.de\/wp-content\/uploads\/2024\/08\/vrsar.jpg","width":2048,"height":1536},{"@type":"BreadcrumbList","@id":"https:\/\/stuttgarti-katolikusok.de\/index.php\/evkozi-21-vasarnap-2\/#breadcrumb","itemListElement":[{"@type":"ListItem","position":1,"name":"Kezd\u0151lap","item":"https:\/\/stuttgarti-katolikusok.de\/"},{"@type":"ListItem","position":2,"name":"\u00c9vk\u00f6zi 21. vas\u00e1rnap"}]},{"@type":"WebSite","@id":"https:\/\/stuttgarti-katolikusok.de\/#website","url":"https:\/\/stuttgarti-katolikusok.de\/","name":"Stuttgarti Katolikusok","description":"","potentialAction":[{"@type":"SearchAction","target":{"@type":"EntryPoint","urlTemplate":"https:\/\/stuttgarti-katolikusok.de\/?s={search_term_string}"},"query-input":{"@type":"PropertyValueSpecification","valueRequired":true,"valueName":"search_term_string"}}],"inLanguage":"hu"},{"@type":"Person","@id":"https:\/\/stuttgarti-katolikusok.de\/#\/schema\/person\/75908d6f8fdc03a57889d27209df7795","name":"Tibor atya","image":{"@type":"ImageObject","inLanguage":"hu","@id":"https:\/\/secure.gravatar.com\/avatar\/61d268e57d1f4525b111222e29d2d5a7f8c420fdbf231ba5566a8ceac74fa960?s=96&d=mm&r=g","url":"https:\/\/secure.gravatar.com\/avatar\/61d268e57d1f4525b111222e29d2d5a7f8c420fdbf231ba5566a8ceac74fa960?s=96&d=mm&r=g","contentUrl":"https:\/\/secure.gravatar.com\/avatar\/61d268e57d1f4525b111222e29d2d5a7f8c420fdbf231ba5566a8ceac74fa960?s=96&d=mm&r=g","caption":"Tibor atya"},"url":"https:\/\/stuttgarti-katolikusok.de\/index.php\/author\/tibor-atya\/"}]}},"_links":{"self":[{"href":"https:\/\/stuttgarti-katolikusok.de\/index.php\/wp-json\/wp\/v2\/posts\/31402","targetHints":{"allow":["GET"]}}],"collection":[{"href":"https:\/\/stuttgarti-katolikusok.de\/index.php\/wp-json\/wp\/v2\/posts"}],"about":[{"href":"https:\/\/stuttgarti-katolikusok.de\/index.php\/wp-json\/wp\/v2\/types\/post"}],"author":[{"embeddable":true,"href":"https:\/\/stuttgarti-katolikusok.de\/index.php\/wp-json\/wp\/v2\/users\/3"}],"replies":[{"embeddable":true,"href":"https:\/\/stuttgarti-katolikusok.de\/index.php\/wp-json\/wp\/v2\/comments?post=31402"}],"version-history":[{"count":1,"href":"https:\/\/stuttgarti-katolikusok.de\/index.php\/wp-json\/wp\/v2\/posts\/31402\/revisions"}],"predecessor-version":[{"id":31403,"href":"https:\/\/stuttgarti-katolikusok.de\/index.php\/wp-json\/wp\/v2\/posts\/31402\/revisions\/31403"}],"wp:featuredmedia":[{"embeddable":true,"href":"https:\/\/stuttgarti-katolikusok.de\/index.php\/wp-json\/wp\/v2\/media\/29274"}],"wp:attachment":[{"href":"https:\/\/stuttgarti-katolikusok.de\/index.php\/wp-json\/wp\/v2\/media?parent=31402"}],"wp:term":[{"taxonomy":"category","embeddable":true,"href":"https:\/\/stuttgarti-katolikusok.de\/index.php\/wp-json\/wp\/v2\/categories?post=31402"},{"taxonomy":"post_tag","embeddable":true,"href":"https:\/\/stuttgarti-katolikusok.de\/index.php\/wp-json\/wp\/v2\/tags?post=31402"}],"curies":[{"name":"wp","href":"https:\/\/api.w.org\/{rel}","templated":true}]}}