{"id":31400,"date":"2025-08-17T07:45:50","date_gmt":"2025-08-17T05:45:50","guid":{"rendered":"https:\/\/stuttgarti-katolikusok.de\/?p=31400"},"modified":"2025-08-17T07:45:51","modified_gmt":"2025-08-17T05:45:51","slug":"evkozi-20-vasarnap-2","status":"publish","type":"post","link":"https:\/\/stuttgarti-katolikusok.de\/index.php\/evkozi-20-vasarnap-2\/","title":{"rendered":"\u00c9vk\u00f6zi 20. vas\u00e1rnap"},"content":{"rendered":"<p><span style=\"color: #ff6600;\"><em>Sz\u00e1momra k\u00fcl\u00f6n\u00f6sen is fontos a mostani nyit\u00f3k\u00e9p, melyet N\u00e9meti Gergely bar\u00e1tom k\u00e9sz\u00edtett. A gy\u00f6kerek megtart\u00f3 erej\u00e9t \u00fczeni. N\u00e9h\u00e1ny napos Szatm\u00e1rn\u00e9metiben val\u00f3 tart\u00f3zkod\u00e1som ut\u00e1n, k\u00f6z\u00e9piskolai t\u00e1rsaimmal \u00e9s csal\u00e1dtagjaikkal \u00e9ppen a Gy\u00f6ngy\u00f6s melletti Farkasm\u00e1lyon tart\u00f3zkodunk. \u00c9lm\u00e9nyekben gazdag h\u00e9tv\u00e9ge ez.\u00a0<\/em><\/span><\/p>\n<p><span style=\"color: #ff6600;\"><em>Krisztus k\u00f6vet\u00e9se teljes odaad\u00e1st \u00e9s h\u0151siess\u00e9get k\u00edv\u00e1n. A v\u00e9rtan\u00fak hossz\u00fa sora, a jelenleg is tart\u00f3 kereszt\u00e9ny\u00fcld\u00f6z\u00e9sek azt bizony\u00edtj\u00e1k, hogy \u00e1ldozatok n\u00e9lk\u00fcl nincsen kereszt\u00e9nys\u00e9g. Mindez pedig nem fanatizmus, hanem a kereszt\u00e9nys\u00e9g elk\u00f6telezetts\u00e9g\u00e9t jelenti Krisztus ir\u00e1nt.<\/em><\/span><\/p>\n<p><span style=\"color: #ff6600;\"><em>Az olvasm\u00e1nyban Jeremi\u00e1s pr\u00f3f\u00e9ta meghurcoltat\u00e1s\u00e1r\u00f3l \u00e9s ellehetetlen\u00edt\u00e9s\u00e9r\u0151l hallhatunk. Az \u0151t ellehetetlen\u00edteni sz\u00e1nd\u00e9koz\u00f3k terve azonban nem j\u00e1r sikerrel. Isten Jeremi\u00e1s pr\u00f3f\u00e9ta p\u00e1rtj\u00e1ra \u00e1ll. Az olvasm\u00e1ny \u00fczenete t\u00f6bb mint biztat\u00e1s mindannyiunk sz\u00e1m\u00e1ra. Minden k\u00e9tes helyzetben Isten mell\u00e9nk \u00e1ll, oltalmaz \u00e9s v\u00e9d.<\/em><\/span><\/p>\n<p><span style=\"color: #ff6600;\"><em>A szentlecke \u00fczenete: Krisztus a vil\u00e1g \u00fcdv\u00f6ss\u00e9g\u00e9\u00e9rt v\u00e1llalta a f\u00f6ldi \u00e9let minden szenved\u00e9s\u00e9t \u00e9s megpr\u00f3b\u00e1ltat\u00e1st. Egy\u00e9ni \u00fcdv\u00f6ss\u00e9g\u00fcnk\u00e9rt nek\u00fcnk is minden \u00e1ldozatra k\u00e9sznek kell lenn\u00fcnk. A mindennapok v\u00e9r n\u00e9lk\u00fcli v\u00e9rtan\u00fas\u00e1ga ez. L\u00e9nyege, az egy\u00e9ni \u00e9lethivat\u00e1sban t\u00f6rt\u00e9n\u0151 helyt\u00e1ll\u00e1s.<\/em><\/span><\/p>\n<p><span style=\"color: #ff6600;\"><em>Az evang\u00e9liumban elhangz\u00f3 tan\u00edt\u00e1s az \u00dar J\u00e9zus r\u00e9sz\u00e9r\u0151l l\u00e1z\u00edt\u00f3nak is t\u0171nhet. Term\u00e9szetesen magt\u00e1t az \u00fczenetet kell meg\u00e9rten\u00fcnk \u00e9s magunk\u00e9v\u00e1 tenn\u00fcnk. Az alkalmazott k\u00e9p a t\u0171zr\u0151l \u00e9s a benne rejl\u0151 er\u0151r\u0151l sz\u00f3l. Arr\u00f3l a lelk\u00fcletr\u0151l, melyben mindig meg\u00fajulhat egy\u00e9ni \u00e9let\u00fcnk. T\u00fczes \u00e9s l\u00e1ngol\u00f3 lelk\u00fclettel \u00e9lni, akkor is ha adott esetben emiatt konfront\u00e1l\u00f3dunk.<\/em><\/span><\/p>\n<p><span style=\"color: #008000;\">Kezd\u0151\u00e9nek:<\/span><br \/>\nOltalmaz\u00f3 Isten\u00fcnk, tekints le r\u00e1nk \u00e9s n\u00e9zz F\u00f6lkented arc\u00e1ra! Mert jobb a te h\u00e1zadban egy nap, mint m\u00e1shol ezer. (Zsolt 83,10-11)<\/p>\n<p><span style=\"color: #008000;\">K\u00f6ny\u00f6rg\u00e9s:<\/span><br \/>\nIsten\u00fcnk, te mennyei kincseket k\u00e9sz\u00edtett\u00e9l azoknak, akik szeretnek t\u00e9ged. Adj sz\u00edv\u00fcnkbe ir\u00e1ntad buzg\u00f3 szeretetet, hogy mindenben \u00e9s mindenn\u00e9l jobban szeress\u00fcnk, \u00e9s elnyerj\u00fck \u00edg\u00e9reteidet, amelyek minden v\u00e1gyunkat fel\u00fclm\u00falj\u00e1k. A mi Urunk, J\u00e9zus Krisztus, a te Fiad \u00e1ltal, aki veled \u00e9l \u00e9s uralkodik a Szentl\u00e9lekkel egys\u00e9gben, Isten mind\u00f6r\u00f6kk\u00f6n-\u00f6r\u00f6kk\u00e9.<\/p>\n<p><span style=\"color: #008000;\">OLVASM\u00c1NY Jeremi\u00e1s pr\u00f3f\u00e9ta k\u00f6nyv\u00e9b\u0151l (Jer 38,4-6.8-10)<\/span><br \/>\nJeremi\u00e1st meg akarj\u00e1k \u00f6lni, mert megj\u00f6vend\u00f6lte Jeruzs\u00e1lem pusztul\u00e1s\u00e1t.<br \/>\nAmikor Jeremi\u00e1s pr\u00f3f\u00e9ta megj\u00f6vend\u00f6lte Jeruzs\u00e1lem pusztul\u00e1s\u00e1t, a vezet\u0151 emberek \u00edgy sz\u00f3ltak a kir\u00e1lyhoz: \u201e\u00d6lesd meg, k\u00e9r\u00fcnk, ezt az embert, mert sz\u00e1ntsz\u00e1nd\u00e9kkal megb\u00e9n\u00edtja a v\u00e1rosban maradt harcosok kez\u00e9t, s\u0151t az eg\u00e9sz n\u00e9p kez\u00e9t is, ha ilyesmit besz\u00e9l nekik. Ez az ember ugyanis a n\u00e9pnek nem a jav\u00e1t keresi, hanem ink\u00e1bb a roml\u00e1s\u00e1t.\u201d<br \/>\nCidkija kir\u00e1ly \u00edgy v\u00e1laszolt: \u201eHiszen a kezetekben van: a kir\u00e1ly semmit sem tehet ellenetek.\u201d Erre megfogt\u00e1k Jeremi\u00e1st, \u00e9s Malkija kir\u00e1lyfi cisztern\u00e1j\u00e1ba vetett\u00e9k, amely az \u0151rs\u00e9g udvar\u00e1n van. K\u00f6t\u00e9len engedt\u00e9k le a verembe, amelyben nem volt v\u00edz, csak s\u00e1r, \u00e9s \u00edgy Jeremi\u00e1s beles\u00fcppedt a s\u00e1rba.<br \/>\nAkkor Ebed-Melech, a kir\u00e1lyi palota egyik udvari tisztje, kij\u00f6tt a palot\u00e1b\u00f3l, \u00e9s \u00edgy sz\u00f3lt a kir\u00e1lyhoz: \u201eUram, kir\u00e1lyom! Ezek az emberek igen gonosz dolgot vittek v\u00e9gbe Jeremi\u00e1s pr\u00f3f\u00e9ta ellen, amikor a cisztern\u00e1ba dobt\u00e1k, hogy ott \u00e9hen haljon, hiszen \u00fagysincs keny\u00e9r a v\u00e1rosban.\u201d<br \/>\nErre a kir\u00e1ly ezt a parancsot adta szerecsen rabszolg\u00e1j\u00e1nak (a kusita Ebed-Melechnek): \u201eV\u00e9gy magad mell\u00e9 harminc embert, \u00e9s h\u00fazd ki Jeremi\u00e1s pr\u00f3f\u00e9t\u00e1t a cisztern\u00e1b\u00f3l, miel\u0151tt meghalna.\u201d<br \/>\nEz az Isten ig\u00e9je.<\/p>\n<p><span style=\"color: #008000;\">V\u00c1LASZOS ZSOLT\u00c1R (Zsolt 39,2.3.4.18.)<\/span><br \/>\nV\u00e1lasz:\u00a0<strong>Uram, irgalmadban ments meg engem, * Uram, siess seg<\/strong><strong>\u00edts<\/strong><strong>\u00e9gemre.<\/strong>\u00a014. vers. (7. b t\u00f3nus)<br \/>\nEl\u0151\u00e9nekes: V\u00e1rva v\u00e1rtam az Urat, * \u00e9s \u0151 lehajolt hozz\u00e1m.<br \/>\nH\u00edvek: Uram, irgalmadban ments meg engem, * Uram, siess seg\u00edts\u00e9gemre.<br \/>\nE: Meghallgatta ki\u00e1lt\u00e1som, * a nyomor\u00fas\u00e1g verm\u00e9b\u0151l \u00e9s mocsar\u00e1b\u00f3l kivont engem.<br \/>\nL\u00e1bamat szikl\u00e1ra \u00e1ll\u00edtotta, * \u00e9s megszil\u00e1rd\u00edtotta l\u00e9pteimet.<br \/>\nH: Uram, irgalmadban ments meg engem, * Uram, siess seg\u00edts\u00e9gemre.<br \/>\nE: \u00daj \u00e9neket adott ajkamra, * Isten\u00fcnknek zeng\u0151 \u00e9nek\u00e9t.<br \/>\nMegrettenve l\u00e1tj\u00e1k azt sokan, * \u00e9s eltelnek az \u00dar ir\u00e1nt bizalommal.<br \/>\nH: Uram, irgalmadban ments meg engem, * Uram, siess seg\u00edts\u00e9gemre.<br \/>\nE: \u00c9n nyomorult \u00e9s szeg\u00e9ny vagyok, * de az \u00dar gondomat viseli.<br \/>\nTe vagy seg\u00edt\u0151m \u00e9s szabad\u00edt\u00f3m, * \u00e9n Istenem, ne k\u00e9slekedj\u00e9l.<br \/>\nH: Uram, irgalmadban ments meg engem, * Uram, siess seg\u00edts\u00e9gemre.<\/p>\n<p><span style=\"color: #008000;\">SZENTLECKE a Zsid\u00f3khoz \u00edrt lev\u00e9lb\u0151l (Zsid 12,1-4)<\/span><br \/>\nT\u00fcrelemmel \u00e9s \u00e1llhatatosan v\u00edvjuk meg az \u00e9letben r\u00e1nk v\u00e1r\u00f3 k\u00fczdelmeket.<br \/>\nTestv\u00e9reim!<br \/>\nMi, akiket a tan\u00faknak koszor\u00faja \u00f6vez, v\u00e1ljunk szabadd\u00e1 minden tehert\u0151l, k\u00fcl\u00f6n\u00f6sen a b\u0171nt\u0151l, amely beh\u00e1l\u00f3z minket, \u00e9s fussuk meg kitart\u00e1ssal az el\u0151tt\u00fcnk l\u00e9v\u0151 p\u00e1ly\u00e1t. Emelj\u00fck tekintet\u00fcnket a hit szerz\u0151j\u00e9re \u00e9s bev\u00e9gz\u0151j\u00e9re, J\u00e9zusra, aki a r\u00e1 v\u00e1r\u00f3 \u00f6r\u00f6m helyett elszenvedte a kereszthal\u00e1lt, nem t\u00f6r\u0151d\u00f6tt a gyal\u00e1zattal, \u00e9s most az Isten tr\u00f3nj\u00e1nak jobbj\u00e1n \u00fcl.<br \/>\nIgen, gondoljatok \u0151r\u00e1, aki a b\u0171n\u00f6s\u00f6k r\u00e9sz\u00e9r\u0151l ekkora ellentmond\u00e1st viselt el, hogy ne lankadjatok, \u00e9s bens\u0151leg ne cs\u00fcggedjetek. A b\u0171n elleni k\u00fczdelemben m\u00e9g nem \u00e1lltatok ellen a v\u00e9retek ont\u00e1s\u00e1ig.<br \/>\nEz az Isten ig\u00e9je.<\/p>\n<p><span style=\"color: #008000;\">ALLELUJA<\/span><br \/>\nJ\u00e9zus mondja: \u2020 \u201eJuhaim hallgatnak szavamra, * ismerem \u0151ket \u00e9s nyomomban j\u00e1rnak.\u201d Jn 10,27 \u2013 1 D2 t\u00f3nus.<\/p>\n<p>\u2020 EVANG\u00c9LIUM Szent Luk\u00e1cs k\u00f6nyv\u00e9b\u0151l (Lk 12,49-53)<br \/>\nKrisztus evang\u00e9lium\u00e1nak sokan ellene mondanak. Innen t\u00e1mad a sok szakad\u00e1s \u00e9s b\u00e9k\u00e9tlens\u00e9g a vil\u00e1gon.<br \/>\nAbban az id\u0151ben J\u00e9zus \u00edgy sz\u00f3lt tan\u00edtv\u00e1nyaihoz:<br \/>\n\u201eAz\u00e9rt j\u00f6ttem, hogy t\u00fczet gy\u00fajtsak a f\u00f6ld\u00f6n. Mi m\u00e1st akarn\u00e9k, mint hogy l\u00e1ngra lobbanjon. Kereszts\u00e9ggel kell megkereszteltetnem. Mennyire v\u00e1rom, hogy ez beteljesedj\u00e9k!<br \/>\nAzt gondolj\u00e1tok, az\u00e9rt j\u00f6ttem, hogy b\u00e9k\u00e9t hozzak a f\u00f6ldre? Mondom nektek nem azt, hanem szakad\u00e1st. Ezent\u00fal, ha \u00f6ten lesznek egy h\u00e1zban, megoszlanak egym\u00e1s k\u00f6z\u00f6tt: h\u00e1rom kett\u0151 ellen, \u00e9s kett\u0151 h\u00e1rom ellen. Szembeker\u00fcl apa a fi\u00e1val \u00e9s fi\u00fa az apj\u00e1val, anya a l\u00e1ny\u00e1val \u00e9s l\u00e1ny az anyj\u00e1val, any\u00f3s a meny\u00e9vel \u00e9s meny az any\u00f3s\u00e1val.\u201d<br \/>\nEzek az evang\u00e9lium ig\u00e9i.<\/p>\n<p><span style=\"color: #008000;\">EGYETEMES K\u00d6NY\u00d6RG\u00c9SEK<\/span><br \/>\nPap: Kedves testv\u00e9reim! K\u00e9rj\u00fck a mi Urunkt\u00f3l, J\u00e9zus Krisztust\u00f3l a Szentl\u00e9lek t\u00fcz\u00e9nek vil\u00e1goss\u00e1g\u00e1t \u00e9s meleg\u00e9t!<br \/>\nLektor: 1. Gyullaszd fel, Urunk, az eg\u00e9sz vil\u00e1gon az isten- \u00e9s emberszeretet t\u00fcz\u00e9t!<br \/>\nH\u00edvek: K\u00e9r\u00fcnk t\u00e9ged, hallgass meg minket!<br \/>\n2. T\u00e1mogasd Egyh\u00e1zadat, hogy min\u00e9l t\u00f6bb l\u00e9lekben meggy\u00fajtsa a hit \u00e9s a szeretet l\u00e1ngj\u00e1t!<br \/>\nH\u00edvek: K\u00e9r\u00fcnk t\u00e9ged . . .<br \/>\n3. Szentlelked harmata oltsa ki a f\u00f6ld\u00f6n az \u00e1d\u00e1z gy\u0171l\u00f6lk\u00f6d\u00e9s \u00e9s a puszt\u00edt\u00f3 h\u00e1bor\u00fak t\u00fczeit!<br \/>\nH\u00edvek: K\u00e9r\u00fcnk t\u00e9ged . . .<br \/>\n4. A Szentl\u00e9lek t\u00fcze \u00e9gesse ki sz\u00edv\u00fcnkb\u0151l a b\u0171n\u00f6s \u00e9rz\u00e9kis\u00e9g szenny\u00e9t!<br \/>\nH\u00edvek: K\u00e9r\u00fcnk t\u00e9ged . . .<br \/>\n5. Add, hogy a kereszt\u00e9ny csal\u00e1dokban a gyermekek sz\u00fcleikt\u0151l vegy\u00e9k \u00e1t az igaz vall\u00e1soss\u00e1g l\u00e1ngj\u00e1t!<br \/>\nH\u00edvek: K\u00e9r\u00fcnk t\u00e9ged . . .<br \/>\nPap: Urunk, J\u00e9zus Krisztus! Te az els\u0151 p\u00fcnk\u00f6sdkor t\u00fczes nyelvek alakj\u00e1ban k\u00fcldted el Egyh\u00e1zadnak a Szentlelket. Add, hogy ez a t\u0171z sz\u00fcntelen\u00fcl lobogjon h\u00edveidben! Aki \u00e9lsz \u00e9s uralkodol mind\u00f6r\u00f6kk\u00f6n-\u00f6r\u00f6kk\u00e9.<br \/>\nH\u00edvek: \u00c1men.<\/p>\n<p><span style=\"color: #008000;\">Felaj\u00e1nl\u00f3 k\u00f6ny\u00f6rg\u00e9s:<\/span><br \/>\nUrunk, Isten\u00fcnk, fogadd el \u00e1ldozati adom\u00e1nyainkat, amelyekben dics\u0151s\u00e9ges csere val\u00f3sul meg sz\u00e1munkra: felaj\u00e1nljuk a t\u0151led kapott f\u00f6ldi aj\u00e1nd\u00e9kokat, \u00e9s megnyer\u00fcnk t\u00e9ged magadat. Krisztus, a mi Urunk \u00e1ltal.<\/p>\n<p><span style=\"color: #008000;\">Pref\u00e1ci\u00f3:<\/span><br \/>\nMert val\u00f3ban m\u00e9lt\u00f3 \u00e9s igazs\u00e1gos, ill\u0151 \u00e9s \u00fcdv\u00f6s, hogy mindig \u00e9s minden\u00fctt h\u00e1l\u00e1t adjunk n\u00e9ked, mi Urunk, szents\u00e9ges Aty\u00e1nk, mindenhat\u00f3, \u00f6r\u00f6k Isten: Krisztus, a mi Urunk \u00e1ltal.<br \/>\n\u0150 sz\u00fclet\u00e9s\u00e9vel \u00fajj\u00e1 alkotta a r\u00e9gi embert, \u00e9s szenved\u00e9s\u00e9vel minden b\u0171nt elt\u00f6r\u00f6lt; majd felt\u00e1mad\u00e1s\u00e1val megnyitotta az \u00f6r\u00f6k \u00e9let \u00fatj\u00e1t, \u00e9s hozz\u00e1d, Atyj\u00e1hoz az \u00e9gbe sz\u00e1llva, kit\u00e1rta a mennyorsz\u00e1g ajtaj\u00e1t.<br \/>\nMi ez\u00e9rt az angyalok \u00e9s szentek k\u00f3rus\u00e1val egy\u00fctt, dics\u00e9reted himnusz\u00e1t zengj\u00fck, \u00e9s v\u00e9g n\u00e9lk\u00fcl \u00e9nekelj\u00fck:<\/p>\n<p><span style=\"color: #008000;\">\u00c1ldoz\u00e1si \u00e9nek:<\/span><br \/>\nAz \u00darn\u00e1l van az irgalom, \u00e9s b\u0151s\u00e9ges a megv\u00e1lt\u00e1s n\u00e1la. (Zsolt 129,7)<br \/>\n<span style=\"color: #008000;\">Vagy<\/span><br \/>\n\u00cdgy sz\u00f3l az \u00dar: \u00c9n vagyok az \u00e9l\u0151 keny\u00e9r, amely a mennyb\u0151l sz\u00e1llt al\u00e1 \u2013 mondja az \u00dar: ha valaki e keny\u00e9rb\u0151l eszik, \u00f6r\u00f6kk\u00e9 \u00e9l. (Jn 6,51-52)<\/p>\n<p><span style=\"color: #008000;\">\u00c1ldoz\u00e1s ut\u00e1ni k\u00f6ny\u00f6rg\u00e9s:<\/span><br \/>\nIrgalmas Urunk, Isten\u00fcnk, e szents\u00e9gi eledel \u00e1ltal Krisztust vett\u00fck magunkhoz. Al\u00e1zattal k\u00e9r\u00fcnk, hogy mi, akiket Fiad k\u00e9p\u00e9re alak\u00edtott\u00e1l a f\u00f6ld\u00f6n, dics\u0151s\u00e9g\u00e9ben is r\u00e9szes\u00fclj\u00fcnk a mennyben. Aki \u00e9l \u00e9s uralkodik mind\u00f6r\u00f6kk\u00f6n \u00f6r\u00f6kk\u00e9.<\/p>\n<p><em>(K\u00e9p forr\u00e1sa: N\u00e9meti Gergely)<\/em><\/p>\n","protected":false},"excerpt":{"rendered":"<p>Sz\u00e1momra k\u00fcl\u00f6n\u00f6sen is fontos a mostani nyit\u00f3k\u00e9p, melyet N\u00e9meti Gergely bar\u00e1tom k\u00e9sz\u00edtett. A gy\u00f6kerek megtart\u00f3 erej\u00e9t \u00fczeni. N\u00e9h\u00e1ny napos Szatm\u00e1rn\u00e9metiben val\u00f3 tart\u00f3zkod\u00e1som ut\u00e1n, k\u00f6z\u00e9piskolai t\u00e1rsaimmal \u00e9s csal\u00e1dtagjaikkal \u00e9ppen a Gy\u00f6ngy\u00f6s melletti Farkasm\u00e1lyon tart\u00f3zkodunk. \u00c9lm\u00e9nyekben gazdag h\u00e9tv\u00e9ge ez.\u00a0 Krisztus k\u00f6vet\u00e9se teljes odaad\u00e1st \u00e9s h\u0151siess\u00e9get k\u00edv\u00e1n. A v\u00e9rtan\u00fak hossz\u00fa sora, a jelenleg is tart\u00f3 kereszt\u00e9ny\u00fcld\u00f6z\u00e9sek azt bizony\u00edtj\u00e1k, hogy \u00e1ldozatok n\u00e9lk\u00fcl nincsen kereszt\u00e9nys\u00e9g. Mindez pedig nem fanatizmus, hanem a kereszt\u00e9nys\u00e9g elk\u00f6telezetts\u00e9g\u00e9t jelenti Krisztus ir\u00e1nt. Az olvasm\u00e1nyban Jeremi\u00e1s pr\u00f3f\u00e9ta meghurcoltat\u00e1s\u00e1r\u00f3l \u00e9s ellehetetlen\u00edt\u00e9s\u00e9r\u0151l hallhatunk. Az \u0151t ellehetetlen\u00edteni sz\u00e1nd\u00e9koz\u00f3k terve azonban nem j\u00e1r sikerrel. Isten Jeremi\u00e1s pr\u00f3f\u00e9ta p\u00e1rtj\u00e1ra \u00e1ll. Az olvasm\u00e1ny \u00fczenete t\u00f6bb mint biztat\u00e1s mindannyiunk sz\u00e1m\u00e1ra. Minden k\u00e9tes helyzetben Isten mell\u00e9nk \u00e1ll, oltalmaz \u00e9s v\u00e9d. A szentlecke \u00fczenete: Krisztus a vil\u00e1g \u00fcdv\u00f6ss\u00e9g\u00e9\u00e9rt v\u00e1llalta a f\u00f6ldi \u00e9let minden szenved\u00e9s\u00e9t \u00e9s megpr\u00f3b\u00e1ltat\u00e1st. Egy\u00e9ni \u00fcdv\u00f6ss\u00e9g\u00fcnk\u00e9rt nek\u00fcnk is minden \u00e1ldozatra k\u00e9sznek kell lenn\u00fcnk. A mindennapok v\u00e9r n\u00e9lk\u00fcli v\u00e9rtan\u00fas\u00e1ga ez. L\u00e9nyege, az egy\u00e9ni \u00e9lethivat\u00e1sban t\u00f6rt\u00e9n\u0151 helyt\u00e1ll\u00e1s. Az evang\u00e9liumban elhangz\u00f3 tan\u00edt\u00e1s az \u00dar J\u00e9zus r\u00e9sz\u00e9r\u0151l l\u00e1z\u00edt\u00f3nak is t\u0171nhet. Term\u00e9szetesen magt\u00e1t az \u00fczenetet kell meg\u00e9rten\u00fcnk \u00e9s magunk\u00e9v\u00e1 tenn\u00fcnk. Az alkalmazott k\u00e9p a t\u0171zr\u0151l \u00e9s a benne rejl\u0151 er\u0151r\u0151l sz\u00f3l. Arr\u00f3l a lelk\u00fcletr\u0151l, melyben mindig meg\u00fajulhat egy\u00e9ni \u00e9let\u00fcnk. T\u00fczes \u00e9s l\u00e1ngol\u00f3 lelk\u00fclettel \u00e9lni, akkor is ha adott esetben emiatt konfront\u00e1l\u00f3dunk. Kezd\u0151\u00e9nek: Oltalmaz\u00f3 Isten\u00fcnk, tekints le r\u00e1nk \u00e9s n\u00e9zz F\u00f6lkented arc\u00e1ra! Mert jobb a te h\u00e1zadban egy nap, mint m\u00e1shol ezer. (Zsolt 83,10-11) K\u00f6ny\u00f6rg\u00e9s: Isten\u00fcnk, te mennyei kincseket k\u00e9sz\u00edtett\u00e9l azoknak, akik szeretnek t\u00e9ged. Adj sz\u00edv\u00fcnkbe ir\u00e1ntad buzg\u00f3 szeretetet, hogy mindenben \u00e9s mindenn\u00e9l jobban szeress\u00fcnk, \u00e9s elnyerj\u00fck \u00edg\u00e9reteidet, amelyek minden v\u00e1gyunkat fel\u00fclm\u00falj\u00e1k. A mi Urunk, J\u00e9zus Krisztus, a te Fiad \u00e1ltal, aki veled \u00e9l \u00e9s uralkodik a Szentl\u00e9lekkel egys\u00e9gben, Isten mind\u00f6r\u00f6kk\u00f6n-\u00f6r\u00f6kk\u00e9. OLVASM\u00c1NY Jeremi\u00e1s pr\u00f3f\u00e9ta k\u00f6nyv\u00e9b\u0151l (Jer 38,4-6.8-10) Jeremi\u00e1st meg akarj\u00e1k \u00f6lni, mert megj\u00f6vend\u00f6lte Jeruzs\u00e1lem pusztul\u00e1s\u00e1t. Amikor Jeremi\u00e1s pr\u00f3f\u00e9ta megj\u00f6vend\u00f6lte Jeruzs\u00e1lem pusztul\u00e1s\u00e1t, a vezet\u0151 emberek \u00edgy sz\u00f3ltak a kir\u00e1lyhoz: \u201e\u00d6lesd meg, k\u00e9r\u00fcnk, ezt az embert, mert&#8230; <\/p>\n<p><a class=\"readmore\" href=\"https:\/\/stuttgarti-katolikusok.de\/index.php\/evkozi-20-vasarnap-2\/\">R\u00e9szletek<\/a><\/p>\n","protected":false},"author":3,"featured_media":29267,"comment_status":"closed","ping_status":"closed","sticky":false,"template":"","format":"standard","meta":{"footnotes":""},"categories":[85,63],"tags":[],"class_list":["post-31400","post","type-post","status-publish","format-standard","has-post-thumbnail","hentry","category-a-liturgia-olvasmanyai","category-vasarnapi-gondolatok"],"yoast_head":"<!-- This site is optimized with the Yoast SEO plugin v27.3 - https:\/\/yoast.com\/product\/yoast-seo-wordpress\/ -->\n<title>\u00c9vk\u00f6zi 20. vas\u00e1rnap - Stuttgarti Katolikusok<\/title>\n<meta name=\"robots\" content=\"index, follow, max-snippet:-1, max-image-preview:large, max-video-preview:-1\" \/>\n<link rel=\"canonical\" href=\"https:\/\/stuttgarti-katolikusok.de\/index.php\/evkozi-20-vasarnap-2\/\" \/>\n<meta property=\"og:locale\" content=\"hu_HU\" \/>\n<meta property=\"og:type\" content=\"article\" \/>\n<meta property=\"og:title\" content=\"\u00c9vk\u00f6zi 20. vas\u00e1rnap - Stuttgarti Katolikusok\" \/>\n<meta property=\"og:description\" content=\"Sz\u00e1momra k\u00fcl\u00f6n\u00f6sen is fontos a mostani nyit\u00f3k\u00e9p, melyet N\u00e9meti Gergely bar\u00e1tom k\u00e9sz\u00edtett. A gy\u00f6kerek megtart\u00f3 erej\u00e9t \u00fczeni. N\u00e9h\u00e1ny napos Szatm\u00e1rn\u00e9metiben val\u00f3 tart\u00f3zkod\u00e1som ut\u00e1n, k\u00f6z\u00e9piskolai t\u00e1rsaimmal \u00e9s csal\u00e1dtagjaikkal \u00e9ppen a Gy\u00f6ngy\u00f6s melletti Farkasm\u00e1lyon tart\u00f3zkodunk. \u00c9lm\u00e9nyekben gazdag h\u00e9tv\u00e9ge ez.\u00a0 Krisztus k\u00f6vet\u00e9se teljes odaad\u00e1st \u00e9s h\u0151siess\u00e9get k\u00edv\u00e1n. A v\u00e9rtan\u00fak hossz\u00fa sora, a jelenleg is tart\u00f3 kereszt\u00e9ny\u00fcld\u00f6z\u00e9sek azt bizony\u00edtj\u00e1k, hogy \u00e1ldozatok n\u00e9lk\u00fcl nincsen kereszt\u00e9nys\u00e9g. Mindez pedig nem fanatizmus, hanem a kereszt\u00e9nys\u00e9g elk\u00f6telezetts\u00e9g\u00e9t jelenti Krisztus ir\u00e1nt. Az olvasm\u00e1nyban Jeremi\u00e1s pr\u00f3f\u00e9ta meghurcoltat\u00e1s\u00e1r\u00f3l \u00e9s ellehetetlen\u00edt\u00e9s\u00e9r\u0151l hallhatunk. Az \u0151t ellehetetlen\u00edteni sz\u00e1nd\u00e9koz\u00f3k terve azonban nem j\u00e1r sikerrel. Isten Jeremi\u00e1s pr\u00f3f\u00e9ta p\u00e1rtj\u00e1ra \u00e1ll. Az olvasm\u00e1ny \u00fczenete t\u00f6bb mint biztat\u00e1s mindannyiunk sz\u00e1m\u00e1ra. Minden k\u00e9tes helyzetben Isten mell\u00e9nk \u00e1ll, oltalmaz \u00e9s v\u00e9d. A szentlecke \u00fczenete: Krisztus a vil\u00e1g \u00fcdv\u00f6ss\u00e9g\u00e9\u00e9rt v\u00e1llalta a f\u00f6ldi \u00e9let minden szenved\u00e9s\u00e9t \u00e9s megpr\u00f3b\u00e1ltat\u00e1st. Egy\u00e9ni \u00fcdv\u00f6ss\u00e9g\u00fcnk\u00e9rt nek\u00fcnk is minden \u00e1ldozatra k\u00e9sznek kell lenn\u00fcnk. A mindennapok v\u00e9r n\u00e9lk\u00fcli v\u00e9rtan\u00fas\u00e1ga ez. L\u00e9nyege, az egy\u00e9ni \u00e9lethivat\u00e1sban t\u00f6rt\u00e9n\u0151 helyt\u00e1ll\u00e1s. Az evang\u00e9liumban elhangz\u00f3 tan\u00edt\u00e1s az \u00dar J\u00e9zus r\u00e9sz\u00e9r\u0151l l\u00e1z\u00edt\u00f3nak is t\u0171nhet. Term\u00e9szetesen magt\u00e1t az \u00fczenetet kell meg\u00e9rten\u00fcnk \u00e9s magunk\u00e9v\u00e1 tenn\u00fcnk. Az alkalmazott k\u00e9p a t\u0171zr\u0151l \u00e9s a benne rejl\u0151 er\u0151r\u0151l sz\u00f3l. Arr\u00f3l a lelk\u00fcletr\u0151l, melyben mindig meg\u00fajulhat egy\u00e9ni \u00e9let\u00fcnk. T\u00fczes \u00e9s l\u00e1ngol\u00f3 lelk\u00fclettel \u00e9lni, akkor is ha adott esetben emiatt konfront\u00e1l\u00f3dunk. Kezd\u0151\u00e9nek: Oltalmaz\u00f3 Isten\u00fcnk, tekints le r\u00e1nk \u00e9s n\u00e9zz F\u00f6lkented arc\u00e1ra! Mert jobb a te h\u00e1zadban egy nap, mint m\u00e1shol ezer. (Zsolt 83,10-11) K\u00f6ny\u00f6rg\u00e9s: Isten\u00fcnk, te mennyei kincseket k\u00e9sz\u00edtett\u00e9l azoknak, akik szeretnek t\u00e9ged. Adj sz\u00edv\u00fcnkbe ir\u00e1ntad buzg\u00f3 szeretetet, hogy mindenben \u00e9s mindenn\u00e9l jobban szeress\u00fcnk, \u00e9s elnyerj\u00fck \u00edg\u00e9reteidet, amelyek minden v\u00e1gyunkat fel\u00fclm\u00falj\u00e1k. A mi Urunk, J\u00e9zus Krisztus, a te Fiad \u00e1ltal, aki veled \u00e9l \u00e9s uralkodik a Szentl\u00e9lekkel egys\u00e9gben, Isten mind\u00f6r\u00f6kk\u00f6n-\u00f6r\u00f6kk\u00e9. OLVASM\u00c1NY Jeremi\u00e1s pr\u00f3f\u00e9ta k\u00f6nyv\u00e9b\u0151l (Jer 38,4-6.8-10) Jeremi\u00e1st meg akarj\u00e1k \u00f6lni, mert megj\u00f6vend\u00f6lte Jeruzs\u00e1lem pusztul\u00e1s\u00e1t. Amikor Jeremi\u00e1s pr\u00f3f\u00e9ta megj\u00f6vend\u00f6lte Jeruzs\u00e1lem pusztul\u00e1s\u00e1t, a vezet\u0151 emberek \u00edgy sz\u00f3ltak a kir\u00e1lyhoz: \u201e\u00d6lesd meg, k\u00e9r\u00fcnk, ezt az embert, mert... R\u00e9szletek\" \/>\n<meta property=\"og:url\" content=\"https:\/\/stuttgarti-katolikusok.de\/index.php\/evkozi-20-vasarnap-2\/\" \/>\n<meta property=\"og:site_name\" content=\"Stuttgarti Katolikusok\" \/>\n<meta property=\"article:published_time\" content=\"2025-08-17T05:45:50+00:00\" \/>\n<meta property=\"article:modified_time\" content=\"2025-08-17T05:45:51+00:00\" \/>\n<meta property=\"og:image\" content=\"https:\/\/stuttgarti-katolikusok.de\/wp-content\/uploads\/2024\/08\/gyokerek-ng.jpg\" \/>\n\t<meta property=\"og:image:width\" content=\"1600\" \/>\n\t<meta property=\"og:image:height\" content=\"1066\" \/>\n\t<meta property=\"og:image:type\" content=\"image\/jpeg\" \/>\n<meta name=\"author\" content=\"Tibor atya\" \/>\n<meta name=\"twitter:card\" content=\"summary_large_image\" \/>\n<meta name=\"twitter:label1\" content=\"Szerz\u0151:\" \/>\n\t<meta name=\"twitter:data1\" content=\"Tibor atya\" \/>\n\t<meta name=\"twitter:label2\" content=\"Becs\u00fclt olvas\u00e1si id\u0151\" \/>\n\t<meta name=\"twitter:data2\" content=\"7 perc\" \/>\n<script type=\"application\/ld+json\" class=\"yoast-schema-graph\">{\"@context\":\"https:\\\/\\\/schema.org\",\"@graph\":[{\"@type\":\"Article\",\"@id\":\"https:\\\/\\\/stuttgarti-katolikusok.de\\\/index.php\\\/evkozi-20-vasarnap-2\\\/#article\",\"isPartOf\":{\"@id\":\"https:\\\/\\\/stuttgarti-katolikusok.de\\\/index.php\\\/evkozi-20-vasarnap-2\\\/\"},\"author\":{\"name\":\"Tibor atya\",\"@id\":\"https:\\\/\\\/stuttgarti-katolikusok.de\\\/#\\\/schema\\\/person\\\/75908d6f8fdc03a57889d27209df7795\"},\"headline\":\"\u00c9vk\u00f6zi 20. vas\u00e1rnap\",\"datePublished\":\"2025-08-17T05:45:50+00:00\",\"dateModified\":\"2025-08-17T05:45:51+00:00\",\"mainEntityOfPage\":{\"@id\":\"https:\\\/\\\/stuttgarti-katolikusok.de\\\/index.php\\\/evkozi-20-vasarnap-2\\\/\"},\"wordCount\":1734,\"image\":{\"@id\":\"https:\\\/\\\/stuttgarti-katolikusok.de\\\/index.php\\\/evkozi-20-vasarnap-2\\\/#primaryimage\"},\"thumbnailUrl\":\"https:\\\/\\\/stuttgarti-katolikusok.de\\\/wp-content\\\/uploads\\\/2024\\\/08\\\/gyokerek-ng.jpg\",\"articleSection\":[\"A liturgia olvasm\u00e1nyai\",\"Vas\u00e1rnapi gondolatok\"],\"inLanguage\":\"hu\"},{\"@type\":\"WebPage\",\"@id\":\"https:\\\/\\\/stuttgarti-katolikusok.de\\\/index.php\\\/evkozi-20-vasarnap-2\\\/\",\"url\":\"https:\\\/\\\/stuttgarti-katolikusok.de\\\/index.php\\\/evkozi-20-vasarnap-2\\\/\",\"name\":\"\u00c9vk\u00f6zi 20. vas\u00e1rnap - Stuttgarti Katolikusok\",\"isPartOf\":{\"@id\":\"https:\\\/\\\/stuttgarti-katolikusok.de\\\/#website\"},\"primaryImageOfPage\":{\"@id\":\"https:\\\/\\\/stuttgarti-katolikusok.de\\\/index.php\\\/evkozi-20-vasarnap-2\\\/#primaryimage\"},\"image\":{\"@id\":\"https:\\\/\\\/stuttgarti-katolikusok.de\\\/index.php\\\/evkozi-20-vasarnap-2\\\/#primaryimage\"},\"thumbnailUrl\":\"https:\\\/\\\/stuttgarti-katolikusok.de\\\/wp-content\\\/uploads\\\/2024\\\/08\\\/gyokerek-ng.jpg\",\"datePublished\":\"2025-08-17T05:45:50+00:00\",\"dateModified\":\"2025-08-17T05:45:51+00:00\",\"author\":{\"@id\":\"https:\\\/\\\/stuttgarti-katolikusok.de\\\/#\\\/schema\\\/person\\\/75908d6f8fdc03a57889d27209df7795\"},\"breadcrumb\":{\"@id\":\"https:\\\/\\\/stuttgarti-katolikusok.de\\\/index.php\\\/evkozi-20-vasarnap-2\\\/#breadcrumb\"},\"inLanguage\":\"hu\",\"potentialAction\":[{\"@type\":\"ReadAction\",\"target\":[\"https:\\\/\\\/stuttgarti-katolikusok.de\\\/index.php\\\/evkozi-20-vasarnap-2\\\/\"]}]},{\"@type\":\"ImageObject\",\"inLanguage\":\"hu\",\"@id\":\"https:\\\/\\\/stuttgarti-katolikusok.de\\\/index.php\\\/evkozi-20-vasarnap-2\\\/#primaryimage\",\"url\":\"https:\\\/\\\/stuttgarti-katolikusok.de\\\/wp-content\\\/uploads\\\/2024\\\/08\\\/gyokerek-ng.jpg\",\"contentUrl\":\"https:\\\/\\\/stuttgarti-katolikusok.de\\\/wp-content\\\/uploads\\\/2024\\\/08\\\/gyokerek-ng.jpg\",\"width\":1600,\"height\":1066},{\"@type\":\"BreadcrumbList\",\"@id\":\"https:\\\/\\\/stuttgarti-katolikusok.de\\\/index.php\\\/evkozi-20-vasarnap-2\\\/#breadcrumb\",\"itemListElement\":[{\"@type\":\"ListItem\",\"position\":1,\"name\":\"Kezd\u0151lap\",\"item\":\"https:\\\/\\\/stuttgarti-katolikusok.de\\\/\"},{\"@type\":\"ListItem\",\"position\":2,\"name\":\"\u00c9vk\u00f6zi 20. vas\u00e1rnap\"}]},{\"@type\":\"WebSite\",\"@id\":\"https:\\\/\\\/stuttgarti-katolikusok.de\\\/#website\",\"url\":\"https:\\\/\\\/stuttgarti-katolikusok.de\\\/\",\"name\":\"Stuttgarti Katolikusok\",\"description\":\"\",\"potentialAction\":[{\"@type\":\"SearchAction\",\"target\":{\"@type\":\"EntryPoint\",\"urlTemplate\":\"https:\\\/\\\/stuttgarti-katolikusok.de\\\/?s={search_term_string}\"},\"query-input\":{\"@type\":\"PropertyValueSpecification\",\"valueRequired\":true,\"valueName\":\"search_term_string\"}}],\"inLanguage\":\"hu\"},{\"@type\":\"Person\",\"@id\":\"https:\\\/\\\/stuttgarti-katolikusok.de\\\/#\\\/schema\\\/person\\\/75908d6f8fdc03a57889d27209df7795\",\"name\":\"Tibor atya\",\"image\":{\"@type\":\"ImageObject\",\"inLanguage\":\"hu\",\"@id\":\"https:\\\/\\\/secure.gravatar.com\\\/avatar\\\/61d268e57d1f4525b111222e29d2d5a7f8c420fdbf231ba5566a8ceac74fa960?s=96&d=mm&r=g\",\"url\":\"https:\\\/\\\/secure.gravatar.com\\\/avatar\\\/61d268e57d1f4525b111222e29d2d5a7f8c420fdbf231ba5566a8ceac74fa960?s=96&d=mm&r=g\",\"contentUrl\":\"https:\\\/\\\/secure.gravatar.com\\\/avatar\\\/61d268e57d1f4525b111222e29d2d5a7f8c420fdbf231ba5566a8ceac74fa960?s=96&d=mm&r=g\",\"caption\":\"Tibor atya\"},\"url\":\"https:\\\/\\\/stuttgarti-katolikusok.de\\\/index.php\\\/author\\\/tibor-atya\\\/\"}]}<\/script>\n<!-- \/ Yoast SEO plugin. -->","yoast_head_json":{"title":"\u00c9vk\u00f6zi 20. vas\u00e1rnap - Stuttgarti Katolikusok","robots":{"index":"index","follow":"follow","max-snippet":"max-snippet:-1","max-image-preview":"max-image-preview:large","max-video-preview":"max-video-preview:-1"},"canonical":"https:\/\/stuttgarti-katolikusok.de\/index.php\/evkozi-20-vasarnap-2\/","og_locale":"hu_HU","og_type":"article","og_title":"\u00c9vk\u00f6zi 20. vas\u00e1rnap - Stuttgarti Katolikusok","og_description":"Sz\u00e1momra k\u00fcl\u00f6n\u00f6sen is fontos a mostani nyit\u00f3k\u00e9p, melyet N\u00e9meti Gergely bar\u00e1tom k\u00e9sz\u00edtett. A gy\u00f6kerek megtart\u00f3 erej\u00e9t \u00fczeni. N\u00e9h\u00e1ny napos Szatm\u00e1rn\u00e9metiben val\u00f3 tart\u00f3zkod\u00e1som ut\u00e1n, k\u00f6z\u00e9piskolai t\u00e1rsaimmal \u00e9s csal\u00e1dtagjaikkal \u00e9ppen a Gy\u00f6ngy\u00f6s melletti Farkasm\u00e1lyon tart\u00f3zkodunk. \u00c9lm\u00e9nyekben gazdag h\u00e9tv\u00e9ge ez.\u00a0 Krisztus k\u00f6vet\u00e9se teljes odaad\u00e1st \u00e9s h\u0151siess\u00e9get k\u00edv\u00e1n. A v\u00e9rtan\u00fak hossz\u00fa sora, a jelenleg is tart\u00f3 kereszt\u00e9ny\u00fcld\u00f6z\u00e9sek azt bizony\u00edtj\u00e1k, hogy \u00e1ldozatok n\u00e9lk\u00fcl nincsen kereszt\u00e9nys\u00e9g. Mindez pedig nem fanatizmus, hanem a kereszt\u00e9nys\u00e9g elk\u00f6telezetts\u00e9g\u00e9t jelenti Krisztus ir\u00e1nt. Az olvasm\u00e1nyban Jeremi\u00e1s pr\u00f3f\u00e9ta meghurcoltat\u00e1s\u00e1r\u00f3l \u00e9s ellehetetlen\u00edt\u00e9s\u00e9r\u0151l hallhatunk. Az \u0151t ellehetetlen\u00edteni sz\u00e1nd\u00e9koz\u00f3k terve azonban nem j\u00e1r sikerrel. Isten Jeremi\u00e1s pr\u00f3f\u00e9ta p\u00e1rtj\u00e1ra \u00e1ll. Az olvasm\u00e1ny \u00fczenete t\u00f6bb mint biztat\u00e1s mindannyiunk sz\u00e1m\u00e1ra. Minden k\u00e9tes helyzetben Isten mell\u00e9nk \u00e1ll, oltalmaz \u00e9s v\u00e9d. A szentlecke \u00fczenete: Krisztus a vil\u00e1g \u00fcdv\u00f6ss\u00e9g\u00e9\u00e9rt v\u00e1llalta a f\u00f6ldi \u00e9let minden szenved\u00e9s\u00e9t \u00e9s megpr\u00f3b\u00e1ltat\u00e1st. Egy\u00e9ni \u00fcdv\u00f6ss\u00e9g\u00fcnk\u00e9rt nek\u00fcnk is minden \u00e1ldozatra k\u00e9sznek kell lenn\u00fcnk. A mindennapok v\u00e9r n\u00e9lk\u00fcli v\u00e9rtan\u00fas\u00e1ga ez. L\u00e9nyege, az egy\u00e9ni \u00e9lethivat\u00e1sban t\u00f6rt\u00e9n\u0151 helyt\u00e1ll\u00e1s. Az evang\u00e9liumban elhangz\u00f3 tan\u00edt\u00e1s az \u00dar J\u00e9zus r\u00e9sz\u00e9r\u0151l l\u00e1z\u00edt\u00f3nak is t\u0171nhet. Term\u00e9szetesen magt\u00e1t az \u00fczenetet kell meg\u00e9rten\u00fcnk \u00e9s magunk\u00e9v\u00e1 tenn\u00fcnk. Az alkalmazott k\u00e9p a t\u0171zr\u0151l \u00e9s a benne rejl\u0151 er\u0151r\u0151l sz\u00f3l. Arr\u00f3l a lelk\u00fcletr\u0151l, melyben mindig meg\u00fajulhat egy\u00e9ni \u00e9let\u00fcnk. T\u00fczes \u00e9s l\u00e1ngol\u00f3 lelk\u00fclettel \u00e9lni, akkor is ha adott esetben emiatt konfront\u00e1l\u00f3dunk. Kezd\u0151\u00e9nek: Oltalmaz\u00f3 Isten\u00fcnk, tekints le r\u00e1nk \u00e9s n\u00e9zz F\u00f6lkented arc\u00e1ra! Mert jobb a te h\u00e1zadban egy nap, mint m\u00e1shol ezer. (Zsolt 83,10-11) K\u00f6ny\u00f6rg\u00e9s: Isten\u00fcnk, te mennyei kincseket k\u00e9sz\u00edtett\u00e9l azoknak, akik szeretnek t\u00e9ged. Adj sz\u00edv\u00fcnkbe ir\u00e1ntad buzg\u00f3 szeretetet, hogy mindenben \u00e9s mindenn\u00e9l jobban szeress\u00fcnk, \u00e9s elnyerj\u00fck \u00edg\u00e9reteidet, amelyek minden v\u00e1gyunkat fel\u00fclm\u00falj\u00e1k. A mi Urunk, J\u00e9zus Krisztus, a te Fiad \u00e1ltal, aki veled \u00e9l \u00e9s uralkodik a Szentl\u00e9lekkel egys\u00e9gben, Isten mind\u00f6r\u00f6kk\u00f6n-\u00f6r\u00f6kk\u00e9. OLVASM\u00c1NY Jeremi\u00e1s pr\u00f3f\u00e9ta k\u00f6nyv\u00e9b\u0151l (Jer 38,4-6.8-10) Jeremi\u00e1st meg akarj\u00e1k \u00f6lni, mert megj\u00f6vend\u00f6lte Jeruzs\u00e1lem pusztul\u00e1s\u00e1t. Amikor Jeremi\u00e1s pr\u00f3f\u00e9ta megj\u00f6vend\u00f6lte Jeruzs\u00e1lem pusztul\u00e1s\u00e1t, a vezet\u0151 emberek \u00edgy sz\u00f3ltak a kir\u00e1lyhoz: \u201e\u00d6lesd meg, k\u00e9r\u00fcnk, ezt az embert, mert... R\u00e9szletek","og_url":"https:\/\/stuttgarti-katolikusok.de\/index.php\/evkozi-20-vasarnap-2\/","og_site_name":"Stuttgarti Katolikusok","article_published_time":"2025-08-17T05:45:50+00:00","article_modified_time":"2025-08-17T05:45:51+00:00","og_image":[{"width":1600,"height":1066,"url":"https:\/\/stuttgarti-katolikusok.de\/wp-content\/uploads\/2024\/08\/gyokerek-ng.jpg","type":"image\/jpeg"}],"author":"Tibor atya","twitter_card":"summary_large_image","twitter_misc":{"Szerz\u0151:":"Tibor atya","Becs\u00fclt olvas\u00e1si id\u0151":"7 perc"},"schema":{"@context":"https:\/\/schema.org","@graph":[{"@type":"Article","@id":"https:\/\/stuttgarti-katolikusok.de\/index.php\/evkozi-20-vasarnap-2\/#article","isPartOf":{"@id":"https:\/\/stuttgarti-katolikusok.de\/index.php\/evkozi-20-vasarnap-2\/"},"author":{"name":"Tibor atya","@id":"https:\/\/stuttgarti-katolikusok.de\/#\/schema\/person\/75908d6f8fdc03a57889d27209df7795"},"headline":"\u00c9vk\u00f6zi 20. vas\u00e1rnap","datePublished":"2025-08-17T05:45:50+00:00","dateModified":"2025-08-17T05:45:51+00:00","mainEntityOfPage":{"@id":"https:\/\/stuttgarti-katolikusok.de\/index.php\/evkozi-20-vasarnap-2\/"},"wordCount":1734,"image":{"@id":"https:\/\/stuttgarti-katolikusok.de\/index.php\/evkozi-20-vasarnap-2\/#primaryimage"},"thumbnailUrl":"https:\/\/stuttgarti-katolikusok.de\/wp-content\/uploads\/2024\/08\/gyokerek-ng.jpg","articleSection":["A liturgia olvasm\u00e1nyai","Vas\u00e1rnapi gondolatok"],"inLanguage":"hu"},{"@type":"WebPage","@id":"https:\/\/stuttgarti-katolikusok.de\/index.php\/evkozi-20-vasarnap-2\/","url":"https:\/\/stuttgarti-katolikusok.de\/index.php\/evkozi-20-vasarnap-2\/","name":"\u00c9vk\u00f6zi 20. vas\u00e1rnap - Stuttgarti Katolikusok","isPartOf":{"@id":"https:\/\/stuttgarti-katolikusok.de\/#website"},"primaryImageOfPage":{"@id":"https:\/\/stuttgarti-katolikusok.de\/index.php\/evkozi-20-vasarnap-2\/#primaryimage"},"image":{"@id":"https:\/\/stuttgarti-katolikusok.de\/index.php\/evkozi-20-vasarnap-2\/#primaryimage"},"thumbnailUrl":"https:\/\/stuttgarti-katolikusok.de\/wp-content\/uploads\/2024\/08\/gyokerek-ng.jpg","datePublished":"2025-08-17T05:45:50+00:00","dateModified":"2025-08-17T05:45:51+00:00","author":{"@id":"https:\/\/stuttgarti-katolikusok.de\/#\/schema\/person\/75908d6f8fdc03a57889d27209df7795"},"breadcrumb":{"@id":"https:\/\/stuttgarti-katolikusok.de\/index.php\/evkozi-20-vasarnap-2\/#breadcrumb"},"inLanguage":"hu","potentialAction":[{"@type":"ReadAction","target":["https:\/\/stuttgarti-katolikusok.de\/index.php\/evkozi-20-vasarnap-2\/"]}]},{"@type":"ImageObject","inLanguage":"hu","@id":"https:\/\/stuttgarti-katolikusok.de\/index.php\/evkozi-20-vasarnap-2\/#primaryimage","url":"https:\/\/stuttgarti-katolikusok.de\/wp-content\/uploads\/2024\/08\/gyokerek-ng.jpg","contentUrl":"https:\/\/stuttgarti-katolikusok.de\/wp-content\/uploads\/2024\/08\/gyokerek-ng.jpg","width":1600,"height":1066},{"@type":"BreadcrumbList","@id":"https:\/\/stuttgarti-katolikusok.de\/index.php\/evkozi-20-vasarnap-2\/#breadcrumb","itemListElement":[{"@type":"ListItem","position":1,"name":"Kezd\u0151lap","item":"https:\/\/stuttgarti-katolikusok.de\/"},{"@type":"ListItem","position":2,"name":"\u00c9vk\u00f6zi 20. vas\u00e1rnap"}]},{"@type":"WebSite","@id":"https:\/\/stuttgarti-katolikusok.de\/#website","url":"https:\/\/stuttgarti-katolikusok.de\/","name":"Stuttgarti Katolikusok","description":"","potentialAction":[{"@type":"SearchAction","target":{"@type":"EntryPoint","urlTemplate":"https:\/\/stuttgarti-katolikusok.de\/?s={search_term_string}"},"query-input":{"@type":"PropertyValueSpecification","valueRequired":true,"valueName":"search_term_string"}}],"inLanguage":"hu"},{"@type":"Person","@id":"https:\/\/stuttgarti-katolikusok.de\/#\/schema\/person\/75908d6f8fdc03a57889d27209df7795","name":"Tibor atya","image":{"@type":"ImageObject","inLanguage":"hu","@id":"https:\/\/secure.gravatar.com\/avatar\/61d268e57d1f4525b111222e29d2d5a7f8c420fdbf231ba5566a8ceac74fa960?s=96&d=mm&r=g","url":"https:\/\/secure.gravatar.com\/avatar\/61d268e57d1f4525b111222e29d2d5a7f8c420fdbf231ba5566a8ceac74fa960?s=96&d=mm&r=g","contentUrl":"https:\/\/secure.gravatar.com\/avatar\/61d268e57d1f4525b111222e29d2d5a7f8c420fdbf231ba5566a8ceac74fa960?s=96&d=mm&r=g","caption":"Tibor atya"},"url":"https:\/\/stuttgarti-katolikusok.de\/index.php\/author\/tibor-atya\/"}]}},"_links":{"self":[{"href":"https:\/\/stuttgarti-katolikusok.de\/index.php\/wp-json\/wp\/v2\/posts\/31400","targetHints":{"allow":["GET"]}}],"collection":[{"href":"https:\/\/stuttgarti-katolikusok.de\/index.php\/wp-json\/wp\/v2\/posts"}],"about":[{"href":"https:\/\/stuttgarti-katolikusok.de\/index.php\/wp-json\/wp\/v2\/types\/post"}],"author":[{"embeddable":true,"href":"https:\/\/stuttgarti-katolikusok.de\/index.php\/wp-json\/wp\/v2\/users\/3"}],"replies":[{"embeddable":true,"href":"https:\/\/stuttgarti-katolikusok.de\/index.php\/wp-json\/wp\/v2\/comments?post=31400"}],"version-history":[{"count":1,"href":"https:\/\/stuttgarti-katolikusok.de\/index.php\/wp-json\/wp\/v2\/posts\/31400\/revisions"}],"predecessor-version":[{"id":31401,"href":"https:\/\/stuttgarti-katolikusok.de\/index.php\/wp-json\/wp\/v2\/posts\/31400\/revisions\/31401"}],"wp:featuredmedia":[{"embeddable":true,"href":"https:\/\/stuttgarti-katolikusok.de\/index.php\/wp-json\/wp\/v2\/media\/29267"}],"wp:attachment":[{"href":"https:\/\/stuttgarti-katolikusok.de\/index.php\/wp-json\/wp\/v2\/media?parent=31400"}],"wp:term":[{"taxonomy":"category","embeddable":true,"href":"https:\/\/stuttgarti-katolikusok.de\/index.php\/wp-json\/wp\/v2\/categories?post=31400"},{"taxonomy":"post_tag","embeddable":true,"href":"https:\/\/stuttgarti-katolikusok.de\/index.php\/wp-json\/wp\/v2\/tags?post=31400"}],"curies":[{"name":"wp","href":"https:\/\/api.w.org\/{rel}","templated":true}]}}