{"id":31391,"date":"2025-08-17T06:45:35","date_gmt":"2025-08-17T04:45:35","guid":{"rendered":"https:\/\/stuttgarti-katolikusok.de\/?p=31391"},"modified":"2025-08-17T06:51:20","modified_gmt":"2025-08-17T04:51:20","slug":"editkere-emlekezve","status":"publish","type":"post","link":"https:\/\/stuttgarti-katolikusok.de\/index.php\/editkere-emlekezve\/","title":{"rendered":"Editk\u00e9re eml\u00e9kezve"},"content":{"rendered":"<p><em>\u201eHa visszan<\/em><em>\u00e9zek a megtett <\/em><em>\u00fatra,<\/em><\/p>\n<p><em>mit j<\/em><em>\u00e1rtam eddig, Bel<\/em><em>\u00e9d fog<\/em><em>\u00f3zva;<\/em><\/p>\n<p><em>A sz<\/em><em>\u00edvem h<\/em><em>\u00e1l<\/em><em>\u00e1s, magasztal T<\/em><em>\u00e9ged.<\/em><\/p>\n<p><em>K<\/em><em>\u00f6sz<\/em><em>\u00f6n<\/em><em>\u00f6k mindent, J<\/em><em>\u00e9zus, Ten<\/em><em>\u00e9ked.<\/em><em>\u201d<\/em><\/p>\n<p>&nbsp;<\/p>\n<p>Egy k\u00f6zkedvelt ifj\u00fas\u00e1gi \u00e9nek fenti sorai jutottak eszembe, amikoris augusztus 14-\u00e9n megtal\u00e1lt a h\u00edr: Kov\u00e1cs, sz\u00fcl. Verest\u00f3y Edit-Brigitta, aki 1932. okt\u00f3ber 16-\u00e1n sz\u00fcletett Brass\u00f3ban, 2025. augusztus 14-re virrad\u00f3an csendben elaludt, haza\u00e9rkezett az \u00f6r\u00f6kk\u00e9val\u00f3s\u00e1gba.<\/p>\n<p>Szem\u00e9lyesen 2025. j\u00falius 22-\u00e9n l\u00e1togattam meg Editk\u00e9t otthon\u00e1ban. \u00d6r\u00f6mteli \u00e9s feledhetetlen tal\u00e1lkoz\u00e1s volt ez sz\u00e1momra is. Vittem a szentkenet szents\u00e9g\u00e9t, az \u00dar J\u00e9zust az Olt\u00e1riszents\u00e9gben. Azt\u00e1n pedig, eml\u00e9keket sokas\u00e1g\u00e1t h\u00edvtuk \u00e9letre. Egyszer\u0171en csak \u00f6r\u00fclt\u00fcnk egym\u00e1snak! \u00d6r\u00f6mmel \u00e9s h\u00e1l\u00e1val sz\u00edv\u00e9ben besz\u00e9lt a t\u00e1rgyakr\u00f3l, s mindazon eml\u00e9kekr\u0151l, melyek szeretett f\u00e9rj\u00e9hez, J\u00f3sk\u00e1hoz kapcsol\u00f3dtak. Lelkem m\u00e9ly\u00e9n ekkor m\u00e1r \u00e9reztem, Editke v\u00e1rja az \u00fajratal\u00e1lkoz\u00e1st.<\/p>\n<p>Gyeng\u00e9cske volt, ennek hangot is adott. Fia k\u00f6zel\u00e9ben lett volna az \u00faj otthona, ahol vigy\u00e1ztak volna r\u00e1. B\u00e1r mostanra minden k\u00e9szen volt, de meggy\u0151z\u0151d\u00e9sem, hogy v\u00e1gyott az \u00f6r\u00f6k haz\u00e1ba. Meg\u00e9rkezett, s szeretett f\u00e9rj\u00e9vel Isten \u00f6r\u00f6k sz\u00edne-l\u00e1t\u00e1s\u00e1nak \u00f6rvendeznek.<\/p>\n<p>A k\u00f6z\u00f6s eml\u00e9keket felid\u00e9zve, a h\u00e1la \u00e9s k\u00f6sz\u00f6net \u00e9rz\u00e9seit hordozom \u00e9n is sz\u00edvemben. A maga term\u00e9szetess\u00e9g\u00e9ben mondom, Editke mindannyiunknak hi\u00e1nyozni fog.<\/p>\n<p>2025.szeptember 5-\u00e9n (p\u00e9nteken), 11.00 \u00f3rakor, Schorndorfban, a Neuer Friedhof-ban helyezz\u00fck f\u00f6ldi hamvait v\u00e9gs\u0151 nyugalomra. Csal\u00e1dtagjaival egy\u00fctt v\u00e1runk Benneteket.<\/p>\n<p>A szeptember 26-ai klubfoglalkoz\u00e1sunkon pedig Editke eml\u00e9ke el\u0151tt szeretn\u00e9nk tisztelegni, felid\u00e9zve a legszebb pillanatait a tal\u00e1lkoz\u00f3inkon.<\/p>\n<p><a href=\"https:\/\/stuttgarti-katolikusok.de\/wp-content\/uploads\/2024\/11\/edit-neni2.jpg\"><img loading=\"lazy\" decoding=\"async\" class=\"alignnone size-full wp-image-29670\" src=\"https:\/\/stuttgarti-katolikusok.de\/wp-content\/uploads\/2024\/11\/edit-neni2.jpg\" alt=\"\" width=\"1530\" height=\"2040\" srcset=\"https:\/\/stuttgarti-katolikusok.de\/wp-content\/uploads\/2024\/11\/edit-neni2.jpg 1530w, https:\/\/stuttgarti-katolikusok.de\/wp-content\/uploads\/2024\/11\/edit-neni2-225x300.jpg 225w, https:\/\/stuttgarti-katolikusok.de\/wp-content\/uploads\/2024\/11\/edit-neni2-768x1024.jpg 768w, https:\/\/stuttgarti-katolikusok.de\/wp-content\/uploads\/2024\/11\/edit-neni2-1152x1536.jpg 1152w\" sizes=\"auto, (max-width: 1530px) 100vw, 1530px\" \/><\/a><\/p>\n<p>Eml\u00e9k\u00e9t szeretettel \u00e9s h\u00e1l\u00e1val \u0151rizz\u00fck meg sz\u00edv\u00fcnkben.<\/p>\n<p>Erd\u0151sn\u00e9 Nyitrai Erik\u00e1nak \u00e9s kedves f\u00e9rj\u00e9nek, S\u00e1ndornak pedig k\u00f6sz\u00f6n\u00f6m, hogy megsz\u00f3l\u00edtottatok. Ugyanis, augusztus 22-\u00e9t megel\u0151z\u0151 szombaton l\u00e1togatt\u00e1tok meg Editk\u00e9t otthon\u00e1ban. \u00a0Jelezt\u00e9tek, hogy Editke v\u00e1r. Erika sorait k\u00f6lcs\u00f6nz\u00f6m, amelyet a Bar\u00e1ts\u00e1gklub WhatsApp-os csoportj\u00e1ban osztott meg vel\u00fcnk: \u201eDr\u00e1ga Editke! Te csak j\u00e1tszd tov\u00e1bb a mennyek orsz\u00e1g\u00e1ban a dallamot, amit oly sokszor nek\u00fcnk adt\u00e1l \u2013 mi itt lent mindig hallani fogjuk. Te csak j\u00e1tssz\u00a0m\u00e9g\u2026\u201d<\/p>\n<p><em>Tibor atya<\/em><\/p>\n<p>K\u00e9t tal\u00e1lkoz\u00f3nk k\u00e9p\u00f6ssze\u00e1ll\u00edt\u00e1s\u00e1t is megosztom: 2024. november 8.<\/p>\n<div class=\"brlbs-cmpnt-container brlbs-cmpnt-content-blocker brlbs-cmpnt-with-individual-styles\" data-borlabs-cookie-content-blocker-id=\"default\" data-borlabs-cookie-content=\"PGEgZGF0YS1mbGlja3ItZW1iZWQ9J3RydWUnIGhyZWY9J2h0dHBzOi8vd3d3LmZsaWNrci5jb20vcGhvdG9zLzE5MDEyMTk2NEBOMDYvYWxidW1zLzcyMTc3NzIwMzIxOTA5MTA5LycgdGl0bGU9J0JhcsOhdHPDoWdrbHViIC0gMjAyNC4gbm92ZW1iZXIgOC4gYnkgYnJ1ZGVya2xhdXMyMDIwLCBvbiBGbGlja3InPjxpbWcgc3JjPSdodHRwczovL2xpdmUuc3RhdGljZmxpY2tyLmNvbS82NTUzNS81NDEzNDkyODc1Ml9mNWYwNDdkMWNjX2MuanBnJyB3aWR0aD0nODAwJyBoZWlnaHQ9JzYwMCcgYWx0PSdOb3ZlbWJlciAxNyc+PC9hPjxzY3JpcHQgYXN5bmMgc3JjPSdodHRwczovL2VtYmVkci5mbGlja3IuY29tL2Fzc2V0cy9jbGllbnQtY29kZS5qcycgY2hhcnNldD0ndXRmLTgnPjwvc2NyaXB0Pg==\">\n<div class=\"brlbs-cmpnt-cb-preset-a\">\n<p class=\"brlbs-cmpnt-cb-description\">You are currently viewing a placeholder content from <strong>Default<\/strong>. To access the actual content, click the button below. Please note that doing so will share data with third-party providers.<\/p>\n<div class=\"brlbs-cmpnt-cb-buttons\"> <a class=\"brlbs-cmpnt-cb-btn\" href=\"#\" data-borlabs-cookie-unblock role=\"button\">Unblock content<\/a> <a class=\"brlbs-cmpnt-cb-btn\" href=\"#\" data-borlabs-cookie-accept-service role=\"button\" style=\"display: none\">Accept required service and unblock content<\/a> <\/div>\n<p> <a class=\"brlbs-cmpnt-cb-provider-toggle\" href=\"#\" data-borlabs-cookie-show-provider-information role=\"button\">More Information<\/a> <\/div>\n<\/div>\n<p>\u00e9s az utols\u00f3 k\u00f6z\u00f6s tal\u00e1lkoz\u00e1sunk a Bar\u00e1ts\u00e1gklubban: 2025. m\u00e1rcius 21.<\/p>\n<div class=\"brlbs-cmpnt-container brlbs-cmpnt-content-blocker brlbs-cmpnt-with-individual-styles\" data-borlabs-cookie-content-blocker-id=\"default\" data-borlabs-cookie-content=\"PGEgZGF0YS1mbGlja3ItZW1iZWQ9J3RydWUnIGhyZWY9J2h0dHBzOi8vd3d3LmZsaWNrci5jb20vcGhvdG9zLzE5MDEyMTk2NEBOMDYvYWxidW1zLzcyMTc3NzIwMzI0NjU1ODc1LycgdGl0bGU9J0JhcsOhdHPDoWdrbHViIC0gMjAyNS4gbcOhcmNpdXMgMjEuIGJ5IGJydWRlcmtsYXVzMjAyMCwgb24gRmxpY2tyJz48aW1nIHNyYz0naHR0cHM6Ly9saXZlLnN0YXRpY2ZsaWNrci5jb20vNjU1MzUvNTQ0MDk2NjkyMTdfMDQ1YmZmNThlN19jLmpwZycgd2lkdGg9JzgwMCcgaGVpZ2h0PSc2MDAnIGFsdD0nQmFyw6F0c8OhZ2tsdWIgMSc+PC9hPjxzY3JpcHQgYXN5bmMgc3JjPSdodHRwczovL2VtYmVkci5mbGlja3IuY29tL2Fzc2V0cy9jbGllbnQtY29kZS5qcycgY2hhcnNldD0ndXRmLTgnPjwvc2NyaXB0Pg==\">\n<div class=\"brlbs-cmpnt-cb-preset-a\">\n<p class=\"brlbs-cmpnt-cb-description\">You are currently viewing a placeholder content from <strong>Default<\/strong>. To access the actual content, click the button below. Please note that doing so will share data with third-party providers.<\/p>\n<div class=\"brlbs-cmpnt-cb-buttons\"> <a class=\"brlbs-cmpnt-cb-btn\" href=\"#\" data-borlabs-cookie-unblock role=\"button\">Unblock content<\/a> <a class=\"brlbs-cmpnt-cb-btn\" href=\"#\" data-borlabs-cookie-accept-service role=\"button\" style=\"display: none\">Accept required service and unblock content<\/a> <\/div>\n<p> <a class=\"brlbs-cmpnt-cb-provider-toggle\" href=\"#\" data-borlabs-cookie-show-provider-information role=\"button\">More Information<\/a> <\/div>\n<\/div>\n","protected":false},"excerpt":{"rendered":"<p>\u201eHa visszan\u00e9zek a megtett \u00fatra, mit j\u00e1rtam eddig, Bel\u00e9d fog\u00f3zva; A sz\u00edvem h\u00e1l\u00e1s, magasztal T\u00e9ged. K\u00f6sz\u00f6n\u00f6k mindent, J\u00e9zus, Ten\u00e9ked.\u201d &nbsp; Egy k\u00f6zkedvelt ifj\u00fas\u00e1gi \u00e9nek fenti sorai jutottak eszembe, amikoris augusztus 14-\u00e9n megtal\u00e1lt a h\u00edr: Kov\u00e1cs, sz\u00fcl. Verest\u00f3y Edit-Brigitta, aki 1932. okt\u00f3ber 16-\u00e1n sz\u00fcletett Brass\u00f3ban, 2025. augusztus 14-re virrad\u00f3an csendben elaludt, haza\u00e9rkezett az \u00f6r\u00f6kk\u00e9val\u00f3s\u00e1gba. Szem\u00e9lyesen 2025. j\u00falius 22-\u00e9n l\u00e1togattam meg Editk\u00e9t otthon\u00e1ban. \u00d6r\u00f6mteli \u00e9s feledhetetlen tal\u00e1lkoz\u00e1s volt ez sz\u00e1momra is. Vittem a szentkenet szents\u00e9g\u00e9t, az \u00dar J\u00e9zust az Olt\u00e1riszents\u00e9gben. Azt\u00e1n pedig, eml\u00e9keket sokas\u00e1g\u00e1t h\u00edvtuk \u00e9letre. Egyszer\u0171en csak \u00f6r\u00fclt\u00fcnk egym\u00e1snak! \u00d6r\u00f6mmel \u00e9s h\u00e1l\u00e1val sz\u00edv\u00e9ben besz\u00e9lt a t\u00e1rgyakr\u00f3l, s mindazon eml\u00e9kekr\u0151l, melyek szeretett f\u00e9rj\u00e9hez, J\u00f3sk\u00e1hoz kapcsol\u00f3dtak. Lelkem m\u00e9ly\u00e9n ekkor m\u00e1r \u00e9reztem, Editke v\u00e1rja az \u00fajratal\u00e1lkoz\u00e1st. Gyeng\u00e9cske volt, ennek hangot is adott. Fia k\u00f6zel\u00e9ben lett volna az \u00faj otthona, ahol vigy\u00e1ztak volna r\u00e1. B\u00e1r mostanra minden k\u00e9szen volt, de meggy\u0151z\u0151d\u00e9sem, hogy v\u00e1gyott az \u00f6r\u00f6k haz\u00e1ba. Meg\u00e9rkezett, s szeretett f\u00e9rj\u00e9vel Isten \u00f6r\u00f6k sz\u00edne-l\u00e1t\u00e1s\u00e1nak \u00f6rvendeznek. A k\u00f6z\u00f6s eml\u00e9keket felid\u00e9zve, a h\u00e1la \u00e9s k\u00f6sz\u00f6net \u00e9rz\u00e9seit hordozom \u00e9n is sz\u00edvemben. A maga term\u00e9szetess\u00e9g\u00e9ben mondom, Editke mindannyiunknak hi\u00e1nyozni fog. 2025.szeptember 5-\u00e9n (p\u00e9nteken), 11.00 \u00f3rakor, Schorndorfban, a Neuer Friedhof-ban helyezz\u00fck f\u00f6ldi hamvait v\u00e9gs\u0151 nyugalomra. Csal\u00e1dtagjaival egy\u00fctt v\u00e1runk Benneteket. A szeptember 26-ai klubfoglalkoz\u00e1sunkon pedig Editke eml\u00e9ke el\u0151tt szeretn\u00e9nk tisztelegni, felid\u00e9zve a legszebb pillanatait a tal\u00e1lkoz\u00f3inkon. Eml\u00e9k\u00e9t szeretettel \u00e9s h\u00e1l\u00e1val \u0151rizz\u00fck meg sz\u00edv\u00fcnkben. Erd\u0151sn\u00e9 Nyitrai Erik\u00e1nak \u00e9s kedves f\u00e9rj\u00e9nek, S\u00e1ndornak pedig k\u00f6sz\u00f6n\u00f6m, hogy megsz\u00f3l\u00edtottatok. Ugyanis, augusztus 22-\u00e9t megel\u0151z\u0151 szombaton l\u00e1togatt\u00e1tok meg Editk\u00e9t otthon\u00e1ban. \u00a0Jelezt\u00e9tek, hogy Editke v\u00e1r. Erika sorait k\u00f6lcs\u00f6nz\u00f6m, amelyet a Bar\u00e1ts\u00e1gklub WhatsApp-os csoportj\u00e1ban osztott meg vel\u00fcnk: \u201eDr\u00e1ga Editke! Te csak j\u00e1tszd tov\u00e1bb a mennyek orsz\u00e1g\u00e1ban a dallamot, amit oly sokszor nek\u00fcnk adt\u00e1l \u2013 mi itt lent mindig hallani fogjuk. Te csak j\u00e1tssz\u00a0m\u00e9g\u2026\u201d Tibor atya K\u00e9t tal\u00e1lkoz\u00f3nk k\u00e9p\u00f6ssze\u00e1ll\u00edt\u00e1s\u00e1t is megosztom: 2024. november 8. You are currently viewing a placeholder content from Default. To access the actual content, click the button below&#8230;. <\/p>\n<p><a class=\"readmore\" href=\"https:\/\/stuttgarti-katolikusok.de\/index.php\/editkere-emlekezve\/\">R\u00e9szletek<\/a><\/p>\n","protected":false},"author":3,"featured_media":31395,"comment_status":"closed","ping_status":"closed","sticky":false,"template":"","format":"standard","meta":{"footnotes":""},"categories":[32,1],"tags":[],"class_list":["post-31391","post","type-post","status-publish","format-standard","has-post-thumbnail","hentry","category-baratsag-klub","category-valogatott"],"yoast_head":"<!-- This site is optimized with the Yoast SEO plugin v27.3 - https:\/\/yoast.com\/product\/yoast-seo-wordpress\/ -->\n<title>Editk\u00e9re eml\u00e9kezve - Stuttgarti Katolikusok<\/title>\n<meta name=\"robots\" content=\"index, follow, max-snippet:-1, max-image-preview:large, max-video-preview:-1\" \/>\n<link rel=\"canonical\" href=\"https:\/\/stuttgarti-katolikusok.de\/index.php\/editkere-emlekezve\/\" \/>\n<meta property=\"og:locale\" content=\"hu_HU\" \/>\n<meta property=\"og:type\" content=\"article\" \/>\n<meta property=\"og:title\" content=\"Editk\u00e9re eml\u00e9kezve - Stuttgarti Katolikusok\" \/>\n<meta property=\"og:description\" content=\"\u201eHa visszan\u00e9zek a megtett \u00fatra, mit j\u00e1rtam eddig, Bel\u00e9d fog\u00f3zva; A sz\u00edvem h\u00e1l\u00e1s, magasztal T\u00e9ged. K\u00f6sz\u00f6n\u00f6k mindent, J\u00e9zus, Ten\u00e9ked.\u201d &nbsp; Egy k\u00f6zkedvelt ifj\u00fas\u00e1gi \u00e9nek fenti sorai jutottak eszembe, amikoris augusztus 14-\u00e9n megtal\u00e1lt a h\u00edr: Kov\u00e1cs, sz\u00fcl. Verest\u00f3y Edit-Brigitta, aki 1932. okt\u00f3ber 16-\u00e1n sz\u00fcletett Brass\u00f3ban, 2025. augusztus 14-re virrad\u00f3an csendben elaludt, haza\u00e9rkezett az \u00f6r\u00f6kk\u00e9val\u00f3s\u00e1gba. Szem\u00e9lyesen 2025. j\u00falius 22-\u00e9n l\u00e1togattam meg Editk\u00e9t otthon\u00e1ban. \u00d6r\u00f6mteli \u00e9s feledhetetlen tal\u00e1lkoz\u00e1s volt ez sz\u00e1momra is. Vittem a szentkenet szents\u00e9g\u00e9t, az \u00dar J\u00e9zust az Olt\u00e1riszents\u00e9gben. Azt\u00e1n pedig, eml\u00e9keket sokas\u00e1g\u00e1t h\u00edvtuk \u00e9letre. Egyszer\u0171en csak \u00f6r\u00fclt\u00fcnk egym\u00e1snak! \u00d6r\u00f6mmel \u00e9s h\u00e1l\u00e1val sz\u00edv\u00e9ben besz\u00e9lt a t\u00e1rgyakr\u00f3l, s mindazon eml\u00e9kekr\u0151l, melyek szeretett f\u00e9rj\u00e9hez, J\u00f3sk\u00e1hoz kapcsol\u00f3dtak. Lelkem m\u00e9ly\u00e9n ekkor m\u00e1r \u00e9reztem, Editke v\u00e1rja az \u00fajratal\u00e1lkoz\u00e1st. Gyeng\u00e9cske volt, ennek hangot is adott. Fia k\u00f6zel\u00e9ben lett volna az \u00faj otthona, ahol vigy\u00e1ztak volna r\u00e1. B\u00e1r mostanra minden k\u00e9szen volt, de meggy\u0151z\u0151d\u00e9sem, hogy v\u00e1gyott az \u00f6r\u00f6k haz\u00e1ba. Meg\u00e9rkezett, s szeretett f\u00e9rj\u00e9vel Isten \u00f6r\u00f6k sz\u00edne-l\u00e1t\u00e1s\u00e1nak \u00f6rvendeznek. A k\u00f6z\u00f6s eml\u00e9keket felid\u00e9zve, a h\u00e1la \u00e9s k\u00f6sz\u00f6net \u00e9rz\u00e9seit hordozom \u00e9n is sz\u00edvemben. A maga term\u00e9szetess\u00e9g\u00e9ben mondom, Editke mindannyiunknak hi\u00e1nyozni fog. 2025.szeptember 5-\u00e9n (p\u00e9nteken), 11.00 \u00f3rakor, Schorndorfban, a Neuer Friedhof-ban helyezz\u00fck f\u00f6ldi hamvait v\u00e9gs\u0151 nyugalomra. Csal\u00e1dtagjaival egy\u00fctt v\u00e1runk Benneteket. A szeptember 26-ai klubfoglalkoz\u00e1sunkon pedig Editke eml\u00e9ke el\u0151tt szeretn\u00e9nk tisztelegni, felid\u00e9zve a legszebb pillanatait a tal\u00e1lkoz\u00f3inkon. Eml\u00e9k\u00e9t szeretettel \u00e9s h\u00e1l\u00e1val \u0151rizz\u00fck meg sz\u00edv\u00fcnkben. Erd\u0151sn\u00e9 Nyitrai Erik\u00e1nak \u00e9s kedves f\u00e9rj\u00e9nek, S\u00e1ndornak pedig k\u00f6sz\u00f6n\u00f6m, hogy megsz\u00f3l\u00edtottatok. Ugyanis, augusztus 22-\u00e9t megel\u0151z\u0151 szombaton l\u00e1togatt\u00e1tok meg Editk\u00e9t otthon\u00e1ban. \u00a0Jelezt\u00e9tek, hogy Editke v\u00e1r. Erika sorait k\u00f6lcs\u00f6nz\u00f6m, amelyet a Bar\u00e1ts\u00e1gklub WhatsApp-os csoportj\u00e1ban osztott meg vel\u00fcnk: \u201eDr\u00e1ga Editke! Te csak j\u00e1tszd tov\u00e1bb a mennyek orsz\u00e1g\u00e1ban a dallamot, amit oly sokszor nek\u00fcnk adt\u00e1l \u2013 mi itt lent mindig hallani fogjuk. Te csak j\u00e1tssz\u00a0m\u00e9g\u2026\u201d Tibor atya K\u00e9t tal\u00e1lkoz\u00f3nk k\u00e9p\u00f6ssze\u00e1ll\u00edt\u00e1s\u00e1t is megosztom: 2024. november 8. You are currently viewing a placeholder content from Default. To access the actual content, click the button below.... R\u00e9szletek\" \/>\n<meta property=\"og:url\" content=\"https:\/\/stuttgarti-katolikusok.de\/index.php\/editkere-emlekezve\/\" \/>\n<meta property=\"og:site_name\" content=\"Stuttgarti Katolikusok\" \/>\n<meta property=\"article:published_time\" content=\"2025-08-17T04:45:35+00:00\" \/>\n<meta property=\"article:modified_time\" content=\"2025-08-17T04:51:20+00:00\" \/>\n<meta property=\"og:image\" content=\"https:\/\/stuttgarti-katolikusok.de\/wp-content\/uploads\/2025\/08\/kovacs-editke-6.jpg\" \/>\n\t<meta property=\"og:image:width\" content=\"800\" \/>\n\t<meta property=\"og:image:height\" content=\"600\" \/>\n\t<meta property=\"og:image:type\" content=\"image\/jpeg\" \/>\n<meta name=\"author\" content=\"Tibor atya\" \/>\n<meta name=\"twitter:card\" content=\"summary_large_image\" \/>\n<meta name=\"twitter:label1\" content=\"Szerz\u0151:\" \/>\n\t<meta name=\"twitter:data1\" content=\"Tibor atya\" \/>\n\t<meta name=\"twitter:label2\" content=\"Becs\u00fclt olvas\u00e1si id\u0151\" \/>\n\t<meta name=\"twitter:data2\" content=\"3 perc\" \/>\n<script type=\"application\/ld+json\" class=\"yoast-schema-graph\">{\"@context\":\"https:\\\/\\\/schema.org\",\"@graph\":[{\"@type\":\"Article\",\"@id\":\"https:\\\/\\\/stuttgarti-katolikusok.de\\\/index.php\\\/editkere-emlekezve\\\/#article\",\"isPartOf\":{\"@id\":\"https:\\\/\\\/stuttgarti-katolikusok.de\\\/index.php\\\/editkere-emlekezve\\\/\"},\"author\":{\"name\":\"Tibor atya\",\"@id\":\"https:\\\/\\\/stuttgarti-katolikusok.de\\\/#\\\/schema\\\/person\\\/75908d6f8fdc03a57889d27209df7795\"},\"headline\":\"Editk\u00e9re eml\u00e9kezve\",\"datePublished\":\"2025-08-17T04:45:35+00:00\",\"dateModified\":\"2025-08-17T04:51:20+00:00\",\"mainEntityOfPage\":{\"@id\":\"https:\\\/\\\/stuttgarti-katolikusok.de\\\/index.php\\\/editkere-emlekezve\\\/\"},\"wordCount\":481,\"image\":{\"@id\":\"https:\\\/\\\/stuttgarti-katolikusok.de\\\/index.php\\\/editkere-emlekezve\\\/#primaryimage\"},\"thumbnailUrl\":\"https:\\\/\\\/stuttgarti-katolikusok.de\\\/wp-content\\\/uploads\\\/2025\\\/08\\\/kovacs-editke-6.jpg\",\"articleSection\":[\"Bar\u00e1ts\u00e1g Klub\",\"V\u00e1logatott \u00edr\u00e1sok\"],\"inLanguage\":\"hu\"},{\"@type\":\"WebPage\",\"@id\":\"https:\\\/\\\/stuttgarti-katolikusok.de\\\/index.php\\\/editkere-emlekezve\\\/\",\"url\":\"https:\\\/\\\/stuttgarti-katolikusok.de\\\/index.php\\\/editkere-emlekezve\\\/\",\"name\":\"Editk\u00e9re eml\u00e9kezve - Stuttgarti Katolikusok\",\"isPartOf\":{\"@id\":\"https:\\\/\\\/stuttgarti-katolikusok.de\\\/#website\"},\"primaryImageOfPage\":{\"@id\":\"https:\\\/\\\/stuttgarti-katolikusok.de\\\/index.php\\\/editkere-emlekezve\\\/#primaryimage\"},\"image\":{\"@id\":\"https:\\\/\\\/stuttgarti-katolikusok.de\\\/index.php\\\/editkere-emlekezve\\\/#primaryimage\"},\"thumbnailUrl\":\"https:\\\/\\\/stuttgarti-katolikusok.de\\\/wp-content\\\/uploads\\\/2025\\\/08\\\/kovacs-editke-6.jpg\",\"datePublished\":\"2025-08-17T04:45:35+00:00\",\"dateModified\":\"2025-08-17T04:51:20+00:00\",\"author\":{\"@id\":\"https:\\\/\\\/stuttgarti-katolikusok.de\\\/#\\\/schema\\\/person\\\/75908d6f8fdc03a57889d27209df7795\"},\"breadcrumb\":{\"@id\":\"https:\\\/\\\/stuttgarti-katolikusok.de\\\/index.php\\\/editkere-emlekezve\\\/#breadcrumb\"},\"inLanguage\":\"hu\",\"potentialAction\":[{\"@type\":\"ReadAction\",\"target\":[\"https:\\\/\\\/stuttgarti-katolikusok.de\\\/index.php\\\/editkere-emlekezve\\\/\"]}]},{\"@type\":\"ImageObject\",\"inLanguage\":\"hu\",\"@id\":\"https:\\\/\\\/stuttgarti-katolikusok.de\\\/index.php\\\/editkere-emlekezve\\\/#primaryimage\",\"url\":\"https:\\\/\\\/stuttgarti-katolikusok.de\\\/wp-content\\\/uploads\\\/2025\\\/08\\\/kovacs-editke-6.jpg\",\"contentUrl\":\"https:\\\/\\\/stuttgarti-katolikusok.de\\\/wp-content\\\/uploads\\\/2025\\\/08\\\/kovacs-editke-6.jpg\",\"width\":800,\"height\":600},{\"@type\":\"BreadcrumbList\",\"@id\":\"https:\\\/\\\/stuttgarti-katolikusok.de\\\/index.php\\\/editkere-emlekezve\\\/#breadcrumb\",\"itemListElement\":[{\"@type\":\"ListItem\",\"position\":1,\"name\":\"Kezd\u0151lap\",\"item\":\"https:\\\/\\\/stuttgarti-katolikusok.de\\\/\"},{\"@type\":\"ListItem\",\"position\":2,\"name\":\"Editk\u00e9re eml\u00e9kezve\"}]},{\"@type\":\"WebSite\",\"@id\":\"https:\\\/\\\/stuttgarti-katolikusok.de\\\/#website\",\"url\":\"https:\\\/\\\/stuttgarti-katolikusok.de\\\/\",\"name\":\"Stuttgarti Katolikusok\",\"description\":\"\",\"potentialAction\":[{\"@type\":\"SearchAction\",\"target\":{\"@type\":\"EntryPoint\",\"urlTemplate\":\"https:\\\/\\\/stuttgarti-katolikusok.de\\\/?s={search_term_string}\"},\"query-input\":{\"@type\":\"PropertyValueSpecification\",\"valueRequired\":true,\"valueName\":\"search_term_string\"}}],\"inLanguage\":\"hu\"},{\"@type\":\"Person\",\"@id\":\"https:\\\/\\\/stuttgarti-katolikusok.de\\\/#\\\/schema\\\/person\\\/75908d6f8fdc03a57889d27209df7795\",\"name\":\"Tibor atya\",\"image\":{\"@type\":\"ImageObject\",\"inLanguage\":\"hu\",\"@id\":\"https:\\\/\\\/secure.gravatar.com\\\/avatar\\\/61d268e57d1f4525b111222e29d2d5a7f8c420fdbf231ba5566a8ceac74fa960?s=96&d=mm&r=g\",\"url\":\"https:\\\/\\\/secure.gravatar.com\\\/avatar\\\/61d268e57d1f4525b111222e29d2d5a7f8c420fdbf231ba5566a8ceac74fa960?s=96&d=mm&r=g\",\"contentUrl\":\"https:\\\/\\\/secure.gravatar.com\\\/avatar\\\/61d268e57d1f4525b111222e29d2d5a7f8c420fdbf231ba5566a8ceac74fa960?s=96&d=mm&r=g\",\"caption\":\"Tibor atya\"},\"url\":\"https:\\\/\\\/stuttgarti-katolikusok.de\\\/index.php\\\/author\\\/tibor-atya\\\/\"}]}<\/script>\n<!-- \/ Yoast SEO plugin. -->","yoast_head_json":{"title":"Editk\u00e9re eml\u00e9kezve - Stuttgarti Katolikusok","robots":{"index":"index","follow":"follow","max-snippet":"max-snippet:-1","max-image-preview":"max-image-preview:large","max-video-preview":"max-video-preview:-1"},"canonical":"https:\/\/stuttgarti-katolikusok.de\/index.php\/editkere-emlekezve\/","og_locale":"hu_HU","og_type":"article","og_title":"Editk\u00e9re eml\u00e9kezve - Stuttgarti Katolikusok","og_description":"\u201eHa visszan\u00e9zek a megtett \u00fatra, mit j\u00e1rtam eddig, Bel\u00e9d fog\u00f3zva; A sz\u00edvem h\u00e1l\u00e1s, magasztal T\u00e9ged. K\u00f6sz\u00f6n\u00f6k mindent, J\u00e9zus, Ten\u00e9ked.\u201d &nbsp; Egy k\u00f6zkedvelt ifj\u00fas\u00e1gi \u00e9nek fenti sorai jutottak eszembe, amikoris augusztus 14-\u00e9n megtal\u00e1lt a h\u00edr: Kov\u00e1cs, sz\u00fcl. Verest\u00f3y Edit-Brigitta, aki 1932. okt\u00f3ber 16-\u00e1n sz\u00fcletett Brass\u00f3ban, 2025. augusztus 14-re virrad\u00f3an csendben elaludt, haza\u00e9rkezett az \u00f6r\u00f6kk\u00e9val\u00f3s\u00e1gba. Szem\u00e9lyesen 2025. j\u00falius 22-\u00e9n l\u00e1togattam meg Editk\u00e9t otthon\u00e1ban. \u00d6r\u00f6mteli \u00e9s feledhetetlen tal\u00e1lkoz\u00e1s volt ez sz\u00e1momra is. Vittem a szentkenet szents\u00e9g\u00e9t, az \u00dar J\u00e9zust az Olt\u00e1riszents\u00e9gben. Azt\u00e1n pedig, eml\u00e9keket sokas\u00e1g\u00e1t h\u00edvtuk \u00e9letre. Egyszer\u0171en csak \u00f6r\u00fclt\u00fcnk egym\u00e1snak! \u00d6r\u00f6mmel \u00e9s h\u00e1l\u00e1val sz\u00edv\u00e9ben besz\u00e9lt a t\u00e1rgyakr\u00f3l, s mindazon eml\u00e9kekr\u0151l, melyek szeretett f\u00e9rj\u00e9hez, J\u00f3sk\u00e1hoz kapcsol\u00f3dtak. Lelkem m\u00e9ly\u00e9n ekkor m\u00e1r \u00e9reztem, Editke v\u00e1rja az \u00fajratal\u00e1lkoz\u00e1st. Gyeng\u00e9cske volt, ennek hangot is adott. Fia k\u00f6zel\u00e9ben lett volna az \u00faj otthona, ahol vigy\u00e1ztak volna r\u00e1. B\u00e1r mostanra minden k\u00e9szen volt, de meggy\u0151z\u0151d\u00e9sem, hogy v\u00e1gyott az \u00f6r\u00f6k haz\u00e1ba. Meg\u00e9rkezett, s szeretett f\u00e9rj\u00e9vel Isten \u00f6r\u00f6k sz\u00edne-l\u00e1t\u00e1s\u00e1nak \u00f6rvendeznek. A k\u00f6z\u00f6s eml\u00e9keket felid\u00e9zve, a h\u00e1la \u00e9s k\u00f6sz\u00f6net \u00e9rz\u00e9seit hordozom \u00e9n is sz\u00edvemben. A maga term\u00e9szetess\u00e9g\u00e9ben mondom, Editke mindannyiunknak hi\u00e1nyozni fog. 2025.szeptember 5-\u00e9n (p\u00e9nteken), 11.00 \u00f3rakor, Schorndorfban, a Neuer Friedhof-ban helyezz\u00fck f\u00f6ldi hamvait v\u00e9gs\u0151 nyugalomra. Csal\u00e1dtagjaival egy\u00fctt v\u00e1runk Benneteket. A szeptember 26-ai klubfoglalkoz\u00e1sunkon pedig Editke eml\u00e9ke el\u0151tt szeretn\u00e9nk tisztelegni, felid\u00e9zve a legszebb pillanatait a tal\u00e1lkoz\u00f3inkon. Eml\u00e9k\u00e9t szeretettel \u00e9s h\u00e1l\u00e1val \u0151rizz\u00fck meg sz\u00edv\u00fcnkben. Erd\u0151sn\u00e9 Nyitrai Erik\u00e1nak \u00e9s kedves f\u00e9rj\u00e9nek, S\u00e1ndornak pedig k\u00f6sz\u00f6n\u00f6m, hogy megsz\u00f3l\u00edtottatok. Ugyanis, augusztus 22-\u00e9t megel\u0151z\u0151 szombaton l\u00e1togatt\u00e1tok meg Editk\u00e9t otthon\u00e1ban. \u00a0Jelezt\u00e9tek, hogy Editke v\u00e1r. Erika sorait k\u00f6lcs\u00f6nz\u00f6m, amelyet a Bar\u00e1ts\u00e1gklub WhatsApp-os csoportj\u00e1ban osztott meg vel\u00fcnk: \u201eDr\u00e1ga Editke! Te csak j\u00e1tszd tov\u00e1bb a mennyek orsz\u00e1g\u00e1ban a dallamot, amit oly sokszor nek\u00fcnk adt\u00e1l \u2013 mi itt lent mindig hallani fogjuk. Te csak j\u00e1tssz\u00a0m\u00e9g\u2026\u201d Tibor atya K\u00e9t tal\u00e1lkoz\u00f3nk k\u00e9p\u00f6ssze\u00e1ll\u00edt\u00e1s\u00e1t is megosztom: 2024. november 8. You are currently viewing a placeholder content from Default. To access the actual content, click the button below.... R\u00e9szletek","og_url":"https:\/\/stuttgarti-katolikusok.de\/index.php\/editkere-emlekezve\/","og_site_name":"Stuttgarti Katolikusok","article_published_time":"2025-08-17T04:45:35+00:00","article_modified_time":"2025-08-17T04:51:20+00:00","og_image":[{"width":800,"height":600,"url":"https:\/\/stuttgarti-katolikusok.de\/wp-content\/uploads\/2025\/08\/kovacs-editke-6.jpg","type":"image\/jpeg"}],"author":"Tibor atya","twitter_card":"summary_large_image","twitter_misc":{"Szerz\u0151:":"Tibor atya","Becs\u00fclt olvas\u00e1si id\u0151":"3 perc"},"schema":{"@context":"https:\/\/schema.org","@graph":[{"@type":"Article","@id":"https:\/\/stuttgarti-katolikusok.de\/index.php\/editkere-emlekezve\/#article","isPartOf":{"@id":"https:\/\/stuttgarti-katolikusok.de\/index.php\/editkere-emlekezve\/"},"author":{"name":"Tibor atya","@id":"https:\/\/stuttgarti-katolikusok.de\/#\/schema\/person\/75908d6f8fdc03a57889d27209df7795"},"headline":"Editk\u00e9re eml\u00e9kezve","datePublished":"2025-08-17T04:45:35+00:00","dateModified":"2025-08-17T04:51:20+00:00","mainEntityOfPage":{"@id":"https:\/\/stuttgarti-katolikusok.de\/index.php\/editkere-emlekezve\/"},"wordCount":481,"image":{"@id":"https:\/\/stuttgarti-katolikusok.de\/index.php\/editkere-emlekezve\/#primaryimage"},"thumbnailUrl":"https:\/\/stuttgarti-katolikusok.de\/wp-content\/uploads\/2025\/08\/kovacs-editke-6.jpg","articleSection":["Bar\u00e1ts\u00e1g Klub","V\u00e1logatott \u00edr\u00e1sok"],"inLanguage":"hu"},{"@type":"WebPage","@id":"https:\/\/stuttgarti-katolikusok.de\/index.php\/editkere-emlekezve\/","url":"https:\/\/stuttgarti-katolikusok.de\/index.php\/editkere-emlekezve\/","name":"Editk\u00e9re eml\u00e9kezve - Stuttgarti Katolikusok","isPartOf":{"@id":"https:\/\/stuttgarti-katolikusok.de\/#website"},"primaryImageOfPage":{"@id":"https:\/\/stuttgarti-katolikusok.de\/index.php\/editkere-emlekezve\/#primaryimage"},"image":{"@id":"https:\/\/stuttgarti-katolikusok.de\/index.php\/editkere-emlekezve\/#primaryimage"},"thumbnailUrl":"https:\/\/stuttgarti-katolikusok.de\/wp-content\/uploads\/2025\/08\/kovacs-editke-6.jpg","datePublished":"2025-08-17T04:45:35+00:00","dateModified":"2025-08-17T04:51:20+00:00","author":{"@id":"https:\/\/stuttgarti-katolikusok.de\/#\/schema\/person\/75908d6f8fdc03a57889d27209df7795"},"breadcrumb":{"@id":"https:\/\/stuttgarti-katolikusok.de\/index.php\/editkere-emlekezve\/#breadcrumb"},"inLanguage":"hu","potentialAction":[{"@type":"ReadAction","target":["https:\/\/stuttgarti-katolikusok.de\/index.php\/editkere-emlekezve\/"]}]},{"@type":"ImageObject","inLanguage":"hu","@id":"https:\/\/stuttgarti-katolikusok.de\/index.php\/editkere-emlekezve\/#primaryimage","url":"https:\/\/stuttgarti-katolikusok.de\/wp-content\/uploads\/2025\/08\/kovacs-editke-6.jpg","contentUrl":"https:\/\/stuttgarti-katolikusok.de\/wp-content\/uploads\/2025\/08\/kovacs-editke-6.jpg","width":800,"height":600},{"@type":"BreadcrumbList","@id":"https:\/\/stuttgarti-katolikusok.de\/index.php\/editkere-emlekezve\/#breadcrumb","itemListElement":[{"@type":"ListItem","position":1,"name":"Kezd\u0151lap","item":"https:\/\/stuttgarti-katolikusok.de\/"},{"@type":"ListItem","position":2,"name":"Editk\u00e9re eml\u00e9kezve"}]},{"@type":"WebSite","@id":"https:\/\/stuttgarti-katolikusok.de\/#website","url":"https:\/\/stuttgarti-katolikusok.de\/","name":"Stuttgarti Katolikusok","description":"","potentialAction":[{"@type":"SearchAction","target":{"@type":"EntryPoint","urlTemplate":"https:\/\/stuttgarti-katolikusok.de\/?s={search_term_string}"},"query-input":{"@type":"PropertyValueSpecification","valueRequired":true,"valueName":"search_term_string"}}],"inLanguage":"hu"},{"@type":"Person","@id":"https:\/\/stuttgarti-katolikusok.de\/#\/schema\/person\/75908d6f8fdc03a57889d27209df7795","name":"Tibor atya","image":{"@type":"ImageObject","inLanguage":"hu","@id":"https:\/\/secure.gravatar.com\/avatar\/61d268e57d1f4525b111222e29d2d5a7f8c420fdbf231ba5566a8ceac74fa960?s=96&d=mm&r=g","url":"https:\/\/secure.gravatar.com\/avatar\/61d268e57d1f4525b111222e29d2d5a7f8c420fdbf231ba5566a8ceac74fa960?s=96&d=mm&r=g","contentUrl":"https:\/\/secure.gravatar.com\/avatar\/61d268e57d1f4525b111222e29d2d5a7f8c420fdbf231ba5566a8ceac74fa960?s=96&d=mm&r=g","caption":"Tibor atya"},"url":"https:\/\/stuttgarti-katolikusok.de\/index.php\/author\/tibor-atya\/"}]}},"_links":{"self":[{"href":"https:\/\/stuttgarti-katolikusok.de\/index.php\/wp-json\/wp\/v2\/posts\/31391","targetHints":{"allow":["GET"]}}],"collection":[{"href":"https:\/\/stuttgarti-katolikusok.de\/index.php\/wp-json\/wp\/v2\/posts"}],"about":[{"href":"https:\/\/stuttgarti-katolikusok.de\/index.php\/wp-json\/wp\/v2\/types\/post"}],"author":[{"embeddable":true,"href":"https:\/\/stuttgarti-katolikusok.de\/index.php\/wp-json\/wp\/v2\/users\/3"}],"replies":[{"embeddable":true,"href":"https:\/\/stuttgarti-katolikusok.de\/index.php\/wp-json\/wp\/v2\/comments?post=31391"}],"version-history":[{"count":5,"href":"https:\/\/stuttgarti-katolikusok.de\/index.php\/wp-json\/wp\/v2\/posts\/31391\/revisions"}],"predecessor-version":[{"id":31399,"href":"https:\/\/stuttgarti-katolikusok.de\/index.php\/wp-json\/wp\/v2\/posts\/31391\/revisions\/31399"}],"wp:featuredmedia":[{"embeddable":true,"href":"https:\/\/stuttgarti-katolikusok.de\/index.php\/wp-json\/wp\/v2\/media\/31395"}],"wp:attachment":[{"href":"https:\/\/stuttgarti-katolikusok.de\/index.php\/wp-json\/wp\/v2\/media?parent=31391"}],"wp:term":[{"taxonomy":"category","embeddable":true,"href":"https:\/\/stuttgarti-katolikusok.de\/index.php\/wp-json\/wp\/v2\/categories?post=31391"},{"taxonomy":"post_tag","embeddable":true,"href":"https:\/\/stuttgarti-katolikusok.de\/index.php\/wp-json\/wp\/v2\/tags?post=31391"}],"curies":[{"name":"wp","href":"https:\/\/api.w.org\/{rel}","templated":true}]}}