{"id":31384,"date":"2025-08-08T23:28:25","date_gmt":"2025-08-08T21:28:25","guid":{"rendered":"https:\/\/stuttgarti-katolikusok.de\/?p=31384"},"modified":"2025-08-15T08:33:13","modified_gmt":"2025-08-15T06:33:13","slug":"evkozi-19-vasarnap-2","status":"publish","type":"post","link":"https:\/\/stuttgarti-katolikusok.de\/index.php\/evkozi-19-vasarnap-2\/","title":{"rendered":"\u00c9vk\u00f6zi 19. vas\u00e1rnap"},"content":{"rendered":"<p><span style=\"color: #ff6600;\"><em>A mostani szentmise k\u00f6ny\u00f6rg\u00e9se ism\u00e9telten a bizalom fontoss\u00e1g\u00e1t emeli ki, amelyben Istent Aty\u00e1nak sz\u00f3l\u00edthatjuk. \u00c9ppen l\u00e1togat\u00f3ban vagyok egy kedves csal\u00e1dn\u00e1l. Este van, gy\u00f6ny\u00f6r\u0171 id\u0151. Kint \u00fcl\u00fcnk le a szabadban, a ny\u00e1ri kertben. Bar\u00e1tom gyermeke \u00e9rkezik meg, \u00f6l\u00e9be \u00fcl. Gy\u00f6ny\u00f6r\u0171 k\u00e9p ez, mely a gyermek sz\u00fcl\u0151 ir\u00e1nti bizalm\u00e1t \u00e9rz\u00e9kelteti. Megvan-e bennem ez a fajta bizalom mennyei Aty\u00e1m ir\u00e1nt?<\/em><\/span><\/p>\n<p><span style=\"color: #ff6600;\"><em>Az \u00e9bers\u00e9g \u00e9s a k\u00e9szenl\u00e9t gondolata mindig id\u0151szer\u0171. A katonai szolg\u00e1latom egyik legszebb eml\u00e9ke elevenedik meg most bennem. Ez az \u00e1lland\u00f3 \u0151rszolg\u00e1lat volt t\u00f6bb h\u00e9ten kereszt\u00fcl. H\u00e1rom \u00f3ra \u0151rt\u00e1ll\u00e1s, h\u00e1rom \u00f3ra alv\u00e1s, majd h\u00e1rom \u00f3ra k\u00e9szenl\u00e9t. Azt\u00e1n minden kezd\u0151dik el\u0151r\u00f6l. Vagyis el\u0151sz\u00f6r k\u00e9szenl\u00e9tbe kell helyeznem magam. Ez a k\u00e9szenl\u00e9t sok munk\u00e1t \u00e9s id\u0151t ig\u00e9nyel.\u00a0<\/em><\/span><\/p>\n<p><span style=\"color: #ff6600;\"><em>Erre ir\u00e1ny\u00edtja a r\u00e1 a figyelm\u00fcnket az els\u0151 olvasm\u00e1ny. A fogs\u00e1gb\u00f3l val\u00f3 szabadul\u00e1s nem \u00e9rte v\u00e1ratlanul a v\u00e1lasztott n\u00e9pet. vagyis k\u00e9szenl\u00e9tbe helyezt\u00e9k magukat. Ebben az \u00e9rtelemben az \u00e1lland\u00f3 k\u00e9sz\u00fclet r\u00e9sze \u00e9letemnek. Seg\u00edt \u00e9bren tartani \u00e9bers\u00e9gemet. Arra \u00f6szt\u00f6n\u00f6z, hogy a l\u00e9nyeges dolgokra \u00f6sszpontos\u00edtsak.<\/em><\/span><\/p>\n<p><span style=\"color: #ff6600;\"><em>A szentleck\u00e9ben a sugalmazott szent\u00edr\u00f3 \u00c1brah\u00e1m szem\u00e9ly\u00e9n kereszt\u00fcl az egy\u00e9ni hitnek fontoss\u00e1g\u00e1t \u00e9s megtart\u00f3 erej\u00e9t emeli ki. Aki ilyen szil\u00e1rd hittel rendelkezik, azt nem tudja megt\u00f6rni sem a szenved\u00e9s, sem a kudarc, a f\u00e1jdalom.<\/em><\/span><\/p>\n<p><span style=\"color: #ff6600;\"><em>Szent Luk\u00e1cs az elhangzott evang\u00e9liumi r\u00e9szben boldognak mondja azt a szolg\u00e1t, akinek a legnagyobb er\u00e9nye az \u00e9bers\u00e9g \u00e9s a gazda ir\u00e1nti h\u0171s\u00e9g. \u00d6nmag\u00e1ban v\u00e9ve mindez nagy er\u0151fesz\u00edt\u00e9st is ig\u00e9nyel. Gyakorlati \u00fczenete ezen szent\u00edr\u00e1si r\u00e9sznek, hogy \u00e9rt\u00e9kelni tudjam a rendelkez\u00e9semre \u00e1ll\u00f3 id\u0151t, a benne k\u00edn\u00e1lt lehet\u0151s\u00e9geket.<\/em><\/span><\/p>\n<p><span style=\"color: #008000;\">Kezd\u0151\u00e9nek:<\/span><br \/>\nTekints, Uram, sz\u00f6vets\u00e9gedre, \u00e9s szeg\u00e9nyeidr\u0151l ne feledkezz\u00e9l el v\u00e9gleg. Kelj fel, \u00f3 Isten, v\u00e9dd meg \u00fcgyedet, \u00e9s ne feledkezz meg a hozz\u00e1d k\u00f6ny\u00f6rg\u0151k szav\u00e1r\u00f3l. (V\u00f6. Zsolt 73,20.19.22.23)<\/p>\n<p><span style=\"color: #008000;\">K\u00f6ny\u00f6rg\u00e9s:<\/span><br \/>\nMindenhat\u00f3 \u00f6r\u00f6k Isten, a Szentl\u00e9lekt\u0151l vezetve bizalommal Aty\u00e1nknak sz\u00f3l\u00edtunk t\u00e9ged. T\u00f6k\u00e9letes\u00edtsd sz\u00edv\u00fcnkben a fogadott fi\u00fas\u00e1g lelk\u00fclet\u00e9t, hogy a meg\u00edg\u00e9rt \u00f6r\u00f6ks\u00e9get elnyerj\u00fck. A mi Urunk, J\u00e9zus Krisztus, a te Fiad \u00e1ltal, aki veled \u00e9l \u00e9s uralkodik a Szentl\u00e9lekkel egys\u00e9gben, Isten mind\u00f6r\u00f6kk\u00f6n \u00f6r\u00f6kk\u00e9.<\/p>\n<p><span style=\"color: #008000;\">OLVASM\u00c1NY a B\u00f6lcsess\u00e9g k\u00f6nyv\u00e9b\u0151l (B\u00f6lcs 18,6-9)<\/span><br \/>\n<em>Isten el<\/em><em>\u0151re jelezte v<\/em><em>\u00e1lasztott n<\/em><em>\u00e9p<\/em><em>\u00e9nek az egyiptomi rabs<\/em><em>\u00e1gb<\/em><em>\u00f3l val<\/em><em>\u00f3 szabadul<\/em><em>\u00e1s <\/em><em>\u00e9jszak<\/em><em>\u00e1j<\/em><em>\u00e1t. Izrael n<\/em><em>\u00e9pe <\/em><em>\u00edgy felk<\/em><em>\u00e9sz<\/em><em>\u00fclten v<\/em><em>\u00e1rta a kivonul<\/em><em>\u00e1s <\/em><em>\u00f3r<\/em><em>\u00e1j<\/em><em>\u00e1t.<\/em><br \/>\nAz Egyiptomb\u00f3l val\u00f3 kivonul\u00e1s \u00e9jszak\u00e1ja nem \u00e9rte v\u00e1ratlanul aty\u00e1inkat, mert hittek, Uram, a te esk\u00fcvel meger\u0151s\u00edtett \u00edg\u00e9reteidnek. \u00cdgy b\u00e1tran n\u00e9ztek az esem\u00e9nyek el\u00e9be. Bizalommal v\u00e1rta n\u00e9ped az igazak szabadul\u00e1s\u00e1t \u00e9s a gonosz ellens\u00e9g veszt\u00e9t.<br \/>\nAmivel ugyanis az ellens\u00e9get s\u00fajtottad, azzal minket felmagasztalt\u00e1l, amikor h\u00edvt\u00e1l benn\u00fcnket. Mert titokban \u00e1ldozt\u00e1k fel a b\u00e1r\u00e1nyt a dics\u0151 aty\u00e1k buzg\u00f3 fiai, \u00e9s egy sz\u00edvvel-l\u00e9lekkel k\u00f6telezt\u00e9k el magukat az isteni t\u00f6rv\u00e9nynek, hogy szent \u0151seink egyform\u00e1n osztoznak a k\u00f6z\u00f6s javakban \u00e9s a k\u00f6z\u00f6s vesz\u00e9lyekben, s m\u00e1r el\u0151re r\u00e1zend\u00edtettek az aty\u00e1k h\u00e1la\u00e9nekeire.<br \/>\nEz az Isten ig\u00e9je.<\/p>\n<p><span style=\"color: #008000;\">V\u00c1LASZOS ZSOLT\u00c1R (Zsolt 32,1 \u00e9s 12.18-19.20 \u00e9s 22)<\/span><br \/>\nV\u00e1lasz:\u00a0<strong>Boldog az a nemzet, * melyet az <\/strong><strong>\u00dar <\/strong><strong>\u00f6r<\/strong><strong>\u00f6ks<\/strong><strong>\u00e9g<\/strong><strong>\u00fcl v<\/strong><strong>\u00e1lasztott mag<\/strong><strong>\u00e1nak.<\/strong>\u00a0V\u00f6. 12b vers. (5. t\u00f3nus)<br \/>\nEl\u0151\u00e9nekes: \u00d6rvendezzetek, igazak, az \u00darban, * a szentekhez dics\u00e9ret illik.<br \/>\nBoldog a nemzet, amelynek az \u00dar az Istene, * a n\u00e9p, amelyet \u00f6r\u00f6ks\u00e9g\u00fcl v\u00e1lasztott mag\u00e1nak.<br \/>\nH\u00edvek: Boldog az a nemzet, * melyet az \u00dar \u00f6r\u00f6ks\u00e9g\u00fcl v\u00e1lasztott mag\u00e1nak.<br \/>\nE: Az istenf\u00e9l\u0151kre \u00fcgyel az \u00dar szeme, * akik b\u00edznak az \u0151 irgalm\u00e1ban.<br \/>\nMegmenti lelk\u00fcket a hal\u00e1lt\u00f3l, * \u00e9s t\u00e1pl\u00e1lja \u0151ket \u00e9h\u00edns\u00e9g idej\u00e9n.<br \/>\nH: Boldog az a nemzet, * melyet az \u00dar \u00f6r\u00f6ks\u00e9g\u00fcl v\u00e1lasztott mag\u00e1nak.<br \/>\nE: Az \u00darra hagyatkozik a lelk\u00fcnk, * \u0151 a seg\u00edt\u0151nk \u00e9s \u0151 a mi oltalmunk.<br \/>\nKegyes szemed legyen rajtunk, * tebenned van bizodalmunk.<br \/>\nH: Boldog az a nemzet; * melyet az \u00dar \u00f6r\u00f6ks\u00e9g\u00fcl v\u00e1lasztott mag\u00e1nak.<\/p>\n<p><span style=\"color: #008000;\">SZENTLECKE a Zsid\u00f3khoz \u00edrt lev\u00e9lb\u0151l (Zsid 11,1-2.8-19) &#8211;<em>hosszabb forma<\/em><\/span><br \/>\n<em>A hit h<\/em><em>\u0151sei abba az orsz<\/em><em>\u00e1gba v<\/em><em>\u00e1gy<\/em><em>\u00f3dtak amelyet nem emberk<\/em><em>\u00e9z <\/em><em>\u00e9p<\/em><em>\u00edtett.<\/em><br \/>\nTestv\u00e9reim!<br \/>\nA hit szil\u00e1rd bizalom abban, amit rem\u00e9l\u00fcnk, meggy\u0151z\u0151d\u00e9s arr\u00f3l, amit nem l\u00e1tunk. \u0150seink ebb\u0151l mer\u00edtettek bizonyoss\u00e1got.<br \/>\n\u00c1brah\u00e1m hitb\u0151l engedelmeskedett a h\u00edv\u00e1snak, hogy k\u00f6lt\u00f6zz\u00e9k arra a vid\u00e9kre, amelyet \u00f6r\u00f6ks\u00e9g\u00fcl kellett kapnia. Elindult an\u00e9lk\u00fcl, hogy tudta volna, hov\u00e1 megy.<br \/>\nHittel telepedett le az \u00edg\u00e9ret f\u00f6ldj\u00e9n, idegen orsz\u00e1gban. S\u00e1torban lakott Izs\u00e1kkal \u00e9s J\u00e1kobbal, akik ugyanazt az \u00edg\u00e9retet \u00f6r\u00f6k\u00f6lt\u00e9k. V\u00e1rta ugyanis azt a szil\u00e1rd alapokon nyugv\u00f3 v\u00e1rost, amelyet majd az Isten tervez \u00e9s \u00e9p\u00edt.<br \/>\nS\u00e1ra is a hit\u00e9ben kapta az er\u0151t, hogy el\u0151rehaladott kora ellen\u00e9re anya lehessen, mert h\u0171s\u00e9gesnek tartotta azt, aki az \u00edg\u00e9retet tette. Ez\u00e9rt ett\u0151l az egyt\u0151l, noha m\u00e1r nem volt fiatal, annyian sz\u00e1rmaznak, mint az \u00e9gen a csillag vagy mint a tengerpart megsz\u00e1ml\u00e1lhatatlan f\u00f6venye.<br \/>\n<span style=\"color: #008000;\">* (<em>Zsid 11,1-2.8-12) <\/em><em>\u2013 r<\/em><em>\u00f6videbb forma<\/em><\/span><br \/>\nHitben hunytak el \u0151k mind, de an\u00e9lk\u00fcl, hogy az \u00edg\u00e9ret teljesed\u00e9s\u00e9t meg\u00e9rt\u00e9k volna; csak messzir\u0151l l\u00e1tt\u00e1k \u00e9s \u00fcdv\u00f6z\u00f6lt\u00e9k, elismerve, hogy v\u00e1ndorok \u00e9s j\u00f6vev\u00e9nyek a f\u00f6ld\u00f6n. Akik \u00edgy besz\u00e9lnek, megvallj\u00e1k, hogy haz\u00e1t keresnek.<br \/>\nHa arra a f\u00f6ldre gondoltak volna, ahonnan kij\u00f6ttek, lett volna alkalmuk a visszat\u00e9r\u00e9sre. De egy jobb haza ut\u00e1n v\u00e1gy\u00f3dtak, a mennyei ut\u00e1n. Ez\u00e9rt az Isten sem sz\u00e9gyelli, hogy Isten\u00fcknek h\u00edvj\u00e1k, hiszen haz\u00e1t k\u00e9sz\u00edtett nekik.<br \/>\n\u00c1brah\u00e1m hittel \u00e1ldozta fel Izs\u00e1kot, amikor az Isten pr\u00f3b\u00e1ra tette. K\u00e9sz volt fel\u00e1ldozni egysz\u00fcl\u00f6ttj\u00e9t, \u0151, aki \u00edg\u00e9retk\u00e9ppen kapta, \u00e9s hallotta: \u201eIzs\u00e1k \u00e1ltal lesznek ut\u00f3daid.\u201d Biztosra vette, hogy az Isten k\u00e9pes a halottakat is felt\u00e1masztani. Ez\u00e9rt vissza is kapta, mintegy el\u0151k\u00e9p\u00fcl.<br \/>\nEz az Isten ig\u00e9je.<\/p>\n<p><span style=\"color: #008000;\">ALLELUJA<\/span><br \/>\nVirrasszatok \u00e9s \u00e1lljatok k\u00e9szen, * mert nem tudj\u00e1tok, hogy az Emberfia mikor \u00e9rkezik. Mt 24,42a \u00e9s 44 \u2013 2. t\u00f3nus.<\/p>\n<p><span style=\"color: #008000;\">\u2020 EVANG\u00c9LIUM Szent Luk\u00e1cs k\u00f6nyv\u00e9b\u0151l (Lk 12,32-48) &#8211; <em>Hosszabb forma:<\/em><\/span><br \/>\n<em>Mindig <\/em><em>\u00e1lljunk k<\/em><em>\u00e9szen a v<\/em><em>\u00e9gs<\/em><em>\u0151 sz<\/em><em>\u00e1mad<\/em><em>\u00e1sra, b<\/em><em>\u00e1rmikor sz<\/em><em>\u00f3l<\/em><em>\u00edt is az <\/em><em>\u00dar!<\/em><br \/>\nAbban az id\u0151ben J\u00e9zus \u00edgy sz\u00f3lt tan\u00edtv\u00e1nyaihoz:<\/p>\n<p><span style=\"color: #008000;\"><em>r<\/em><em>\u00f6videbb forma a *-ok k<\/em><em>\u00f6z<\/em><em>\u00f6tti r<\/em><em>\u00e9sz kimarad<\/em><\/span><br \/>\n<span style=\"color: #008000;\">(*<\/span> \u201eNe f\u00e9lj, te kisded ny\u00e1j, hisz Aty\u00e1tok \u00fagy l\u00e1tta j\u00f3nak, hogy nektek adja az orsz\u00e1got.<br \/>\nAdj\u00e1tok el, amitek van, \u00e9s ossz\u00e1tok ki a r\u00e1szorul\u00f3knak. K\u00e9sz\u00edtsetek magatoknak kimer\u00edthetetlen ersz\u00e9nyt, kifogyhatatlan kincset a mennyben, ahol tolvaj nem f\u00e9r hozz\u00e1, \u00e9s a moly nem r\u00e1gja sz\u00e9t. Ahol a kincsetek, ott a sz\u00edvetek is. <span style=\"color: #008000;\">*)<\/span><\/p>\n<p>Cs\u00edp\u0151t\u00f6k legyen fel\u00f6vezve, kezetekben pedig \u00e9g\u0151 gyertya legyen. Hasonl\u00edtsatok az olyan emberekhez, akik urukra v\u00e1rnak, hogy mihelyt meg\u00e9rkezik a menyegz\u0151r\u0151l \u00e9s z\u00f6rget, r\u00f6gt\u00f6n ajt\u00f3t nyissanak neki.<br \/>\nBoldogok azok a szolg\u00e1k, akiket uruk meg\u00e9rkez\u00e9sekor \u00e9bren tal\u00e1l. Bizony mondom nektek, fel\u00f6vezi mag\u00e1t, asztalhoz \u00fclteti \u0151ket, k\u00f6r\u00fclj\u00e1r \u00e9s felszolg\u00e1l nekik. \u00c9s ha a m\u00e1sodik vagy a harmadik \u0151rv\u00e1lt\u00e1skor \u00e9rkezve is \u00edgy tal\u00e1lja \u0151ket, boldogok azok a szolg\u00e1k.<br \/>\nGondolj\u00e1tok meg: ha tudn\u00e1 a h\u00e1zigazda, hogy melyik \u00f3r\u00e1ban j\u00f6n a tolvaj, nem engedn\u00e9 bet\u00f6rni h\u00e1z\u00e1ba. \u00c9beren v\u00e1rj\u00e1tok teh\u00e1t az Emberfi\u00e1t, mert elj\u00f6n abban az \u00f3r\u00e1ban, amikor nem is gondolj\u00e1tok.\u201d<\/p>\n<p><span style=\"color: #008000;\"> (*<\/span> P\u00e9ter megk\u00e9rdezte: \u201eUram, csak nek\u00fcnk mondod ezt a p\u00e9ldabesz\u00e9det, vagy mindenkinek?\u201d<br \/>\nAz \u00dar \u00edgy v\u00e1laszolt: \u201eKi a h\u0171 \u00e9s okos s\u00e1f\u00e1r, akit ura szolg\u00e1i f\u00f6l\u00e9 rendel, hogy ha elj\u00f6n az ideje, kiadja r\u00e9sz\u00fcket az \u00e9lelemb\u0151l?<br \/>\nBoldog az a szolga, akit hazat\u00e9r\u0151 ura ebben a tev\u00e9kenys\u00e9gben tal\u00e1l. Bizony mondom nektek, hogy minden vagyon\u00e1t r\u00e1b\u00edzza.<br \/>\nDe ha a szolga azt mondja mag\u00e1ban: Uram bizony\u00e1ra k\u00e9sni fog, \u00e9s elkezdi verni a t\u00f6bbi szolg\u00e1t \u00e9s szolg\u00e1l\u00f3t, eszik-iszik meg r\u00e9szegeskedik, akkor ennek a szolg\u00e1nak az ura meg\u00e9rkezik olyan napon, amikor nem is v\u00e1rja, \u00e9s olyan \u00f3r\u00e1ban, amikor nem gondolja. Kegyetlen\u00fcl megb\u00fcnteti, \u00e9s a h\u0171tlenek sors\u00e1ra juttatja.<br \/>\nAz a szolga, aki ismeri ura akarat\u00e1t, de nem \u00e1ll k\u00e9szen, hogy akarata szerint j\u00e1rjon el, sok ver\u00e9st kap. Aki azonban nem ismeri, s \u00edgy tesz olyat, ami\u00e9rt b\u00fcntet\u00e9st \u00e9rdemel, csak kev\u00e9s ver\u00e9st kap.<br \/>\nMert aki sokat kapott, att\u00f3l sokat k\u00f6vetelnek, \u00e9s akire sokat b\u00edztak, att\u00f3l t\u00f6bbet k\u00e9rnek sz\u00e1mon.\u201d <span style=\"color: #008000;\">*)<\/span><br \/>\nEzek az evang\u00e9lium ig\u00e9i.<\/p>\n<p><span style=\"color: #008000;\">EGYETEMES K\u00d6NY\u00d6RG\u00c9SEK<\/span><br \/>\nPap: K\u00e9rj\u00fck, testv\u00e9reim, a mi Urunkat, J\u00e9zus Krisztust, hogy elj\u00f6vetele mindenkor k\u00e9szen tal\u00e1ljon benn\u00fcnket!<br \/>\nLektor: 1. Er\u0151s\u00edts meg minket, Urunk, hogy \u00e1lland\u00f3an k\u00e9sz\u00fclj\u00fcnk a veled val\u00f3 tal\u00e1lkoz\u00e1sra!<br \/>\nH\u00edvek: K\u00e9r\u00fcnk t\u00e9ged, hallgass meg minket!<br \/>\n2. Add, Urunk, hogy a n\u00e9pek b\u00e9kess\u00e9gben \u00e9ljenek, \u00e9s elj\u00f6jj\u00f6n hozz\u00e1juk a te orsz\u00e1god!<br \/>\nH\u00edvek: K\u00e9r\u00fcnk t\u00e9ged . . .<br \/>\n3. Tartsd \u00e9bren, Urunk, lelkiismeret\u00fcnket, hogy soha meg ne feledkezz\u00fcnk az ir\u00e1ntad val\u00f3 k\u00f6teles h\u0171s\u00e9gr\u0151l!<br \/>\nH\u00edvek: K\u00e9r\u00fcnk t\u00e9ged . . .<br \/>\n4. Seg\u00edts, Urunk, hogy s\u00falyos b\u0171nnel ki ne oltsuk magunkban a megszentel\u0151 kegyelem f\u00e9ny\u00e9t!<br \/>\nH\u00edvek: K\u00e9r\u00fcnk t\u00e9ged . . .<br \/>\n5. Jutalmazd, Urunk, elhunyt h\u0171 szolg\u00e1idat \u00f6r\u00f6k boldogs\u00e1ggal a mennyei haz\u00e1ban!<br \/>\nH\u00edvek: K\u00e9r\u00fcnk t\u00e9ged . . .<br \/>\nPap: Urunk, J\u00e9zus Krisztus! Te elj\u00f6veteled \u00e1ltal teljess\u00e9 teszed megv\u00e1lt\u00e1sunkat. Seg\u00edts kegyelmeddel, hogy jutalmadra m\u00e9lt\u00f3nak tal\u00e1lj minket! Aki \u00e9lsz \u00e9s uralkodol mind\u00f6r\u00f6kk\u00f6n-\u00f6r\u00f6kk\u00e9.<br \/>\nH\u00edvek: \u00c1men.<\/p>\n<p><span style=\"color: #008000;\">Felaj\u00e1nl\u00f3 k\u00f6ny\u00f6rg\u00e9s:<\/span><br \/>\nUrunk, Isten\u00fcnk, fogadd megengesztel\u0151dve Egyh\u00e1zad \u00e1ldozati adom\u00e1nyait. J\u00f3s\u00e1godb\u00f3l te adtad azokat, hogy felaj\u00e1nljuk neked, \u00e9s te v\u00e1ltoztatod \u00e1t hatalmaddal \u00fcdv\u00f6z\u00edt\u0151 \u00e1ldozatunkk\u00e1. Krisztus, a mi Urunk \u00e1ltal.<\/p>\n<p><span style=\"color: #008000;\">Pref\u00e1ci\u00f3:<\/span><br \/>\nMert val\u00f3ban m\u00e9lt\u00f3 \u00e9s igazs\u00e1gos, ill\u0151 \u00e9s \u00fcdv\u00f6s, hogy mindig \u00e9s minden\u00fctt h\u00e1l\u00e1t adjunk n\u00e9ked, mi Urunk, szents\u00e9ges Aty\u00e1nk, mindenhat\u00f3, \u00f6r\u00f6k Isten:<br \/>\nA te v\u00e9gtelen dics\u0151s\u00e9gedhez tartozik, hogy isteni er\u0151ddel seg\u00edtesz a haland\u00f3 emberen, \u00e9s \u00e9ppen haland\u00f3 voltunkb\u00f3l szerzel gy\u00f3gyul\u00e1st.<br \/>\n\u00cdgy amit vesztes\u00e9gnek tartunk, azt \u00fcdv\u00f6ss\u00e9g\u00fcnkre ford\u00edtod Krisztus, a mi Urunk \u00e1ltal.<br \/>\nA te f\u00f6ls\u00e9gedet \u0151\u00e1ltala dics\u0151\u00edti az angyalok hatalmas k\u00f3rusa: boldogan \u00e1ldanak, mert mind\u00f6r\u00f6kk\u00e9 l\u00e1tnak t\u00e9ged. Add, k\u00e9r\u00fcnk, hogy az \u0151 szavukhoz t\u00e1rsuljon sz\u00f3zatunk, \u00e9s vel\u00fck egy\u00fctt sz\u00fcntelen ujjong\u00e1ssal zengj\u00fck:<\/p>\n<p><span style=\"color: #008000;\">\u00c1ldoz\u00e1si \u00e9nek:<\/span><br \/>\nDics\u00e9rd, Jeruzs\u00e1lem, az Urat, aki j\u00f3llakat t\u00e9ged a b\u00faza jav\u00e1val. (Zsolt 147,12.14)<br \/>\n<span style=\"color: #008000;\"><em>Vagy<\/em><\/span><br \/>\nA keny\u00e9r, amelyet (\u00e9n) adok, az \u00e9n testem a vil\u00e1g \u00e9let\u00e9\u00e9rt \u2013 mondja az \u00dar. (V\u00f6. Jn 6,51[52])<\/p>\n<p><span style=\"color: #008000;\">\u00c1ldoz\u00e1s ut\u00e1ni k\u00f6ny\u00f6rg\u00e9s:<\/span><br \/>\nUrunk, Isten\u00fcnk, a t\u0151led kapott szents\u00e9gi eledel v\u00e9tele \u00fcdv\u00f6z\u00edtsen minket, \u00e9s er\u0151s\u00edtsen meg, hogy mindig igazs\u00e1god f\u00e9ny\u00e9ben j\u00e1rjunk. Krisztus, a mi Urunk \u00e1ltal.<\/p>\n<p><em>(K\u00e9p forr\u00e1sa: Instagram)<\/em><\/p>\n","protected":false},"excerpt":{"rendered":"<p>A mostani szentmise k\u00f6ny\u00f6rg\u00e9se ism\u00e9telten a bizalom fontoss\u00e1g\u00e1t emeli ki, amelyben Istent Aty\u00e1nak sz\u00f3l\u00edthatjuk. \u00c9ppen l\u00e1togat\u00f3ban vagyok egy kedves csal\u00e1dn\u00e1l. Este van, gy\u00f6ny\u00f6r\u0171 id\u0151. Kint \u00fcl\u00fcnk le a szabadban, a ny\u00e1ri kertben. Bar\u00e1tom gyermeke \u00e9rkezik meg, \u00f6l\u00e9be \u00fcl. Gy\u00f6ny\u00f6r\u0171 k\u00e9p ez, mely a gyermek sz\u00fcl\u0151 ir\u00e1nti bizalm\u00e1t \u00e9rz\u00e9kelteti. Megvan-e bennem ez a fajta bizalom mennyei Aty\u00e1m ir\u00e1nt? Az \u00e9bers\u00e9g \u00e9s a k\u00e9szenl\u00e9t gondolata mindig id\u0151szer\u0171. A katonai szolg\u00e1latom egyik legszebb eml\u00e9ke elevenedik meg most bennem. Ez az \u00e1lland\u00f3 \u0151rszolg\u00e1lat volt t\u00f6bb h\u00e9ten kereszt\u00fcl. H\u00e1rom \u00f3ra \u0151rt\u00e1ll\u00e1s, h\u00e1rom \u00f3ra alv\u00e1s, majd h\u00e1rom \u00f3ra k\u00e9szenl\u00e9t. Azt\u00e1n minden kezd\u0151dik el\u0151r\u00f6l. Vagyis el\u0151sz\u00f6r k\u00e9szenl\u00e9tbe kell helyeznem magam. Ez a k\u00e9szenl\u00e9t sok munk\u00e1t \u00e9s id\u0151t ig\u00e9nyel.\u00a0 Erre ir\u00e1ny\u00edtja a r\u00e1 a figyelm\u00fcnket az els\u0151 olvasm\u00e1ny. A fogs\u00e1gb\u00f3l val\u00f3 szabadul\u00e1s nem \u00e9rte v\u00e1ratlanul a v\u00e1lasztott n\u00e9pet. vagyis k\u00e9szenl\u00e9tbe helyezt\u00e9k magukat. Ebben az \u00e9rtelemben az \u00e1lland\u00f3 k\u00e9sz\u00fclet r\u00e9sze \u00e9letemnek. Seg\u00edt \u00e9bren tartani \u00e9bers\u00e9gemet. Arra \u00f6szt\u00f6n\u00f6z, hogy a l\u00e9nyeges dolgokra \u00f6sszpontos\u00edtsak. A szentleck\u00e9ben a sugalmazott szent\u00edr\u00f3 \u00c1brah\u00e1m szem\u00e9ly\u00e9n kereszt\u00fcl az egy\u00e9ni hitnek fontoss\u00e1g\u00e1t \u00e9s megtart\u00f3 erej\u00e9t emeli ki. Aki ilyen szil\u00e1rd hittel rendelkezik, azt nem tudja megt\u00f6rni sem a szenved\u00e9s, sem a kudarc, a f\u00e1jdalom. Szent Luk\u00e1cs az elhangzott evang\u00e9liumi r\u00e9szben boldognak mondja azt a szolg\u00e1t, akinek a legnagyobb er\u00e9nye az \u00e9bers\u00e9g \u00e9s a gazda ir\u00e1nti h\u0171s\u00e9g. \u00d6nmag\u00e1ban v\u00e9ve mindez nagy er\u0151fesz\u00edt\u00e9st is ig\u00e9nyel. Gyakorlati \u00fczenete ezen szent\u00edr\u00e1si r\u00e9sznek, hogy \u00e9rt\u00e9kelni tudjam a rendelkez\u00e9semre \u00e1ll\u00f3 id\u0151t, a benne k\u00edn\u00e1lt lehet\u0151s\u00e9geket. Kezd\u0151\u00e9nek: Tekints, Uram, sz\u00f6vets\u00e9gedre, \u00e9s szeg\u00e9nyeidr\u0151l ne feledkezz\u00e9l el v\u00e9gleg. Kelj fel, \u00f3 Isten, v\u00e9dd meg \u00fcgyedet, \u00e9s ne feledkezz meg a hozz\u00e1d k\u00f6ny\u00f6rg\u0151k szav\u00e1r\u00f3l. (V\u00f6. Zsolt 73,20.19.22.23) K\u00f6ny\u00f6rg\u00e9s: Mindenhat\u00f3 \u00f6r\u00f6k Isten, a Szentl\u00e9lekt\u0151l vezetve bizalommal Aty\u00e1nknak sz\u00f3l\u00edtunk t\u00e9ged. T\u00f6k\u00e9letes\u00edtsd sz\u00edv\u00fcnkben a fogadott fi\u00fas\u00e1g lelk\u00fclet\u00e9t, hogy a meg\u00edg\u00e9rt \u00f6r\u00f6ks\u00e9get elnyerj\u00fck. A mi Urunk, J\u00e9zus Krisztus, a te Fiad \u00e1ltal, aki veled \u00e9l \u00e9s uralkodik a Szentl\u00e9lekkel egys\u00e9gben, Isten&#8230; <\/p>\n<p><a class=\"readmore\" href=\"https:\/\/stuttgarti-katolikusok.de\/index.php\/evkozi-19-vasarnap-2\/\">R\u00e9szletek<\/a><\/p>\n","protected":false},"author":3,"featured_media":29261,"comment_status":"closed","ping_status":"closed","sticky":false,"template":"","format":"standard","meta":{"footnotes":""},"categories":[85,63],"tags":[],"class_list":["post-31384","post","type-post","status-publish","format-standard","has-post-thumbnail","hentry","category-a-liturgia-olvasmanyai","category-vasarnapi-gondolatok"],"yoast_head":"<!-- This site is optimized with the Yoast SEO plugin v27.3 - https:\/\/yoast.com\/product\/yoast-seo-wordpress\/ -->\n<title>\u00c9vk\u00f6zi 19. vas\u00e1rnap - Stuttgarti Katolikusok<\/title>\n<meta name=\"robots\" content=\"index, follow, max-snippet:-1, max-image-preview:large, max-video-preview:-1\" \/>\n<link rel=\"canonical\" href=\"https:\/\/stuttgarti-katolikusok.de\/index.php\/evkozi-19-vasarnap-2\/\" \/>\n<meta property=\"og:locale\" content=\"hu_HU\" \/>\n<meta property=\"og:type\" content=\"article\" \/>\n<meta property=\"og:title\" content=\"\u00c9vk\u00f6zi 19. vas\u00e1rnap - Stuttgarti Katolikusok\" \/>\n<meta property=\"og:description\" content=\"A mostani szentmise k\u00f6ny\u00f6rg\u00e9se ism\u00e9telten a bizalom fontoss\u00e1g\u00e1t emeli ki, amelyben Istent Aty\u00e1nak sz\u00f3l\u00edthatjuk. \u00c9ppen l\u00e1togat\u00f3ban vagyok egy kedves csal\u00e1dn\u00e1l. Este van, gy\u00f6ny\u00f6r\u0171 id\u0151. Kint \u00fcl\u00fcnk le a szabadban, a ny\u00e1ri kertben. Bar\u00e1tom gyermeke \u00e9rkezik meg, \u00f6l\u00e9be \u00fcl. Gy\u00f6ny\u00f6r\u0171 k\u00e9p ez, mely a gyermek sz\u00fcl\u0151 ir\u00e1nti bizalm\u00e1t \u00e9rz\u00e9kelteti. Megvan-e bennem ez a fajta bizalom mennyei Aty\u00e1m ir\u00e1nt? Az \u00e9bers\u00e9g \u00e9s a k\u00e9szenl\u00e9t gondolata mindig id\u0151szer\u0171. A katonai szolg\u00e1latom egyik legszebb eml\u00e9ke elevenedik meg most bennem. Ez az \u00e1lland\u00f3 \u0151rszolg\u00e1lat volt t\u00f6bb h\u00e9ten kereszt\u00fcl. H\u00e1rom \u00f3ra \u0151rt\u00e1ll\u00e1s, h\u00e1rom \u00f3ra alv\u00e1s, majd h\u00e1rom \u00f3ra k\u00e9szenl\u00e9t. Azt\u00e1n minden kezd\u0151dik el\u0151r\u00f6l. Vagyis el\u0151sz\u00f6r k\u00e9szenl\u00e9tbe kell helyeznem magam. Ez a k\u00e9szenl\u00e9t sok munk\u00e1t \u00e9s id\u0151t ig\u00e9nyel.\u00a0 Erre ir\u00e1ny\u00edtja a r\u00e1 a figyelm\u00fcnket az els\u0151 olvasm\u00e1ny. A fogs\u00e1gb\u00f3l val\u00f3 szabadul\u00e1s nem \u00e9rte v\u00e1ratlanul a v\u00e1lasztott n\u00e9pet. vagyis k\u00e9szenl\u00e9tbe helyezt\u00e9k magukat. Ebben az \u00e9rtelemben az \u00e1lland\u00f3 k\u00e9sz\u00fclet r\u00e9sze \u00e9letemnek. Seg\u00edt \u00e9bren tartani \u00e9bers\u00e9gemet. Arra \u00f6szt\u00f6n\u00f6z, hogy a l\u00e9nyeges dolgokra \u00f6sszpontos\u00edtsak. A szentleck\u00e9ben a sugalmazott szent\u00edr\u00f3 \u00c1brah\u00e1m szem\u00e9ly\u00e9n kereszt\u00fcl az egy\u00e9ni hitnek fontoss\u00e1g\u00e1t \u00e9s megtart\u00f3 erej\u00e9t emeli ki. Aki ilyen szil\u00e1rd hittel rendelkezik, azt nem tudja megt\u00f6rni sem a szenved\u00e9s, sem a kudarc, a f\u00e1jdalom. Szent Luk\u00e1cs az elhangzott evang\u00e9liumi r\u00e9szben boldognak mondja azt a szolg\u00e1t, akinek a legnagyobb er\u00e9nye az \u00e9bers\u00e9g \u00e9s a gazda ir\u00e1nti h\u0171s\u00e9g. \u00d6nmag\u00e1ban v\u00e9ve mindez nagy er\u0151fesz\u00edt\u00e9st is ig\u00e9nyel. Gyakorlati \u00fczenete ezen szent\u00edr\u00e1si r\u00e9sznek, hogy \u00e9rt\u00e9kelni tudjam a rendelkez\u00e9semre \u00e1ll\u00f3 id\u0151t, a benne k\u00edn\u00e1lt lehet\u0151s\u00e9geket. Kezd\u0151\u00e9nek: Tekints, Uram, sz\u00f6vets\u00e9gedre, \u00e9s szeg\u00e9nyeidr\u0151l ne feledkezz\u00e9l el v\u00e9gleg. Kelj fel, \u00f3 Isten, v\u00e9dd meg \u00fcgyedet, \u00e9s ne feledkezz meg a hozz\u00e1d k\u00f6ny\u00f6rg\u0151k szav\u00e1r\u00f3l. (V\u00f6. Zsolt 73,20.19.22.23) K\u00f6ny\u00f6rg\u00e9s: Mindenhat\u00f3 \u00f6r\u00f6k Isten, a Szentl\u00e9lekt\u0151l vezetve bizalommal Aty\u00e1nknak sz\u00f3l\u00edtunk t\u00e9ged. T\u00f6k\u00e9letes\u00edtsd sz\u00edv\u00fcnkben a fogadott fi\u00fas\u00e1g lelk\u00fclet\u00e9t, hogy a meg\u00edg\u00e9rt \u00f6r\u00f6ks\u00e9get elnyerj\u00fck. A mi Urunk, J\u00e9zus Krisztus, a te Fiad \u00e1ltal, aki veled \u00e9l \u00e9s uralkodik a Szentl\u00e9lekkel egys\u00e9gben, Isten... R\u00e9szletek\" \/>\n<meta property=\"og:url\" content=\"https:\/\/stuttgarti-katolikusok.de\/index.php\/evkozi-19-vasarnap-2\/\" \/>\n<meta property=\"og:site_name\" content=\"Stuttgarti Katolikusok\" \/>\n<meta property=\"article:published_time\" content=\"2025-08-08T21:28:25+00:00\" \/>\n<meta property=\"article:modified_time\" content=\"2025-08-15T06:33:13+00:00\" \/>\n<meta property=\"og:image\" content=\"https:\/\/stuttgarti-katolikusok.de\/wp-content\/uploads\/2024\/08\/insta-augusztus.jpg\" \/>\n\t<meta property=\"og:image:width\" content=\"1080\" \/>\n\t<meta property=\"og:image:height\" content=\"1254\" \/>\n\t<meta property=\"og:image:type\" content=\"image\/jpeg\" \/>\n<meta name=\"author\" content=\"Tibor atya\" \/>\n<meta name=\"twitter:card\" content=\"summary_large_image\" \/>\n<meta name=\"twitter:label1\" content=\"Szerz\u0151:\" \/>\n\t<meta name=\"twitter:data1\" content=\"Tibor atya\" \/>\n\t<meta name=\"twitter:label2\" content=\"Becs\u00fclt olvas\u00e1si id\u0151\" \/>\n\t<meta name=\"twitter:data2\" content=\"9 perc\" \/>\n<script type=\"application\/ld+json\" class=\"yoast-schema-graph\">{\"@context\":\"https:\\\/\\\/schema.org\",\"@graph\":[{\"@type\":\"Article\",\"@id\":\"https:\\\/\\\/stuttgarti-katolikusok.de\\\/index.php\\\/evkozi-19-vasarnap-2\\\/#article\",\"isPartOf\":{\"@id\":\"https:\\\/\\\/stuttgarti-katolikusok.de\\\/index.php\\\/evkozi-19-vasarnap-2\\\/\"},\"author\":{\"name\":\"Tibor atya\",\"@id\":\"https:\\\/\\\/stuttgarti-katolikusok.de\\\/#\\\/schema\\\/person\\\/75908d6f8fdc03a57889d27209df7795\"},\"headline\":\"\u00c9vk\u00f6zi 19. vas\u00e1rnap\",\"datePublished\":\"2025-08-08T21:28:25+00:00\",\"dateModified\":\"2025-08-15T06:33:13+00:00\",\"mainEntityOfPage\":{\"@id\":\"https:\\\/\\\/stuttgarti-katolikusok.de\\\/index.php\\\/evkozi-19-vasarnap-2\\\/\"},\"wordCount\":2128,\"image\":{\"@id\":\"https:\\\/\\\/stuttgarti-katolikusok.de\\\/index.php\\\/evkozi-19-vasarnap-2\\\/#primaryimage\"},\"thumbnailUrl\":\"https:\\\/\\\/stuttgarti-katolikusok.de\\\/wp-content\\\/uploads\\\/2024\\\/08\\\/insta-augusztus.jpg\",\"articleSection\":[\"A liturgia olvasm\u00e1nyai\",\"Vas\u00e1rnapi gondolatok\"],\"inLanguage\":\"hu\"},{\"@type\":\"WebPage\",\"@id\":\"https:\\\/\\\/stuttgarti-katolikusok.de\\\/index.php\\\/evkozi-19-vasarnap-2\\\/\",\"url\":\"https:\\\/\\\/stuttgarti-katolikusok.de\\\/index.php\\\/evkozi-19-vasarnap-2\\\/\",\"name\":\"\u00c9vk\u00f6zi 19. vas\u00e1rnap - Stuttgarti Katolikusok\",\"isPartOf\":{\"@id\":\"https:\\\/\\\/stuttgarti-katolikusok.de\\\/#website\"},\"primaryImageOfPage\":{\"@id\":\"https:\\\/\\\/stuttgarti-katolikusok.de\\\/index.php\\\/evkozi-19-vasarnap-2\\\/#primaryimage\"},\"image\":{\"@id\":\"https:\\\/\\\/stuttgarti-katolikusok.de\\\/index.php\\\/evkozi-19-vasarnap-2\\\/#primaryimage\"},\"thumbnailUrl\":\"https:\\\/\\\/stuttgarti-katolikusok.de\\\/wp-content\\\/uploads\\\/2024\\\/08\\\/insta-augusztus.jpg\",\"datePublished\":\"2025-08-08T21:28:25+00:00\",\"dateModified\":\"2025-08-15T06:33:13+00:00\",\"author\":{\"@id\":\"https:\\\/\\\/stuttgarti-katolikusok.de\\\/#\\\/schema\\\/person\\\/75908d6f8fdc03a57889d27209df7795\"},\"breadcrumb\":{\"@id\":\"https:\\\/\\\/stuttgarti-katolikusok.de\\\/index.php\\\/evkozi-19-vasarnap-2\\\/#breadcrumb\"},\"inLanguage\":\"hu\",\"potentialAction\":[{\"@type\":\"ReadAction\",\"target\":[\"https:\\\/\\\/stuttgarti-katolikusok.de\\\/index.php\\\/evkozi-19-vasarnap-2\\\/\"]}]},{\"@type\":\"ImageObject\",\"inLanguage\":\"hu\",\"@id\":\"https:\\\/\\\/stuttgarti-katolikusok.de\\\/index.php\\\/evkozi-19-vasarnap-2\\\/#primaryimage\",\"url\":\"https:\\\/\\\/stuttgarti-katolikusok.de\\\/wp-content\\\/uploads\\\/2024\\\/08\\\/insta-augusztus.jpg\",\"contentUrl\":\"https:\\\/\\\/stuttgarti-katolikusok.de\\\/wp-content\\\/uploads\\\/2024\\\/08\\\/insta-augusztus.jpg\",\"width\":1080,\"height\":1254},{\"@type\":\"BreadcrumbList\",\"@id\":\"https:\\\/\\\/stuttgarti-katolikusok.de\\\/index.php\\\/evkozi-19-vasarnap-2\\\/#breadcrumb\",\"itemListElement\":[{\"@type\":\"ListItem\",\"position\":1,\"name\":\"Kezd\u0151lap\",\"item\":\"https:\\\/\\\/stuttgarti-katolikusok.de\\\/\"},{\"@type\":\"ListItem\",\"position\":2,\"name\":\"\u00c9vk\u00f6zi 19. vas\u00e1rnap\"}]},{\"@type\":\"WebSite\",\"@id\":\"https:\\\/\\\/stuttgarti-katolikusok.de\\\/#website\",\"url\":\"https:\\\/\\\/stuttgarti-katolikusok.de\\\/\",\"name\":\"Stuttgarti Katolikusok\",\"description\":\"\",\"potentialAction\":[{\"@type\":\"SearchAction\",\"target\":{\"@type\":\"EntryPoint\",\"urlTemplate\":\"https:\\\/\\\/stuttgarti-katolikusok.de\\\/?s={search_term_string}\"},\"query-input\":{\"@type\":\"PropertyValueSpecification\",\"valueRequired\":true,\"valueName\":\"search_term_string\"}}],\"inLanguage\":\"hu\"},{\"@type\":\"Person\",\"@id\":\"https:\\\/\\\/stuttgarti-katolikusok.de\\\/#\\\/schema\\\/person\\\/75908d6f8fdc03a57889d27209df7795\",\"name\":\"Tibor atya\",\"image\":{\"@type\":\"ImageObject\",\"inLanguage\":\"hu\",\"@id\":\"https:\\\/\\\/secure.gravatar.com\\\/avatar\\\/61d268e57d1f4525b111222e29d2d5a7f8c420fdbf231ba5566a8ceac74fa960?s=96&d=mm&r=g\",\"url\":\"https:\\\/\\\/secure.gravatar.com\\\/avatar\\\/61d268e57d1f4525b111222e29d2d5a7f8c420fdbf231ba5566a8ceac74fa960?s=96&d=mm&r=g\",\"contentUrl\":\"https:\\\/\\\/secure.gravatar.com\\\/avatar\\\/61d268e57d1f4525b111222e29d2d5a7f8c420fdbf231ba5566a8ceac74fa960?s=96&d=mm&r=g\",\"caption\":\"Tibor atya\"},\"url\":\"https:\\\/\\\/stuttgarti-katolikusok.de\\\/index.php\\\/author\\\/tibor-atya\\\/\"}]}<\/script>\n<!-- \/ Yoast SEO plugin. -->","yoast_head_json":{"title":"\u00c9vk\u00f6zi 19. vas\u00e1rnap - Stuttgarti Katolikusok","robots":{"index":"index","follow":"follow","max-snippet":"max-snippet:-1","max-image-preview":"max-image-preview:large","max-video-preview":"max-video-preview:-1"},"canonical":"https:\/\/stuttgarti-katolikusok.de\/index.php\/evkozi-19-vasarnap-2\/","og_locale":"hu_HU","og_type":"article","og_title":"\u00c9vk\u00f6zi 19. vas\u00e1rnap - Stuttgarti Katolikusok","og_description":"A mostani szentmise k\u00f6ny\u00f6rg\u00e9se ism\u00e9telten a bizalom fontoss\u00e1g\u00e1t emeli ki, amelyben Istent Aty\u00e1nak sz\u00f3l\u00edthatjuk. \u00c9ppen l\u00e1togat\u00f3ban vagyok egy kedves csal\u00e1dn\u00e1l. Este van, gy\u00f6ny\u00f6r\u0171 id\u0151. Kint \u00fcl\u00fcnk le a szabadban, a ny\u00e1ri kertben. Bar\u00e1tom gyermeke \u00e9rkezik meg, \u00f6l\u00e9be \u00fcl. Gy\u00f6ny\u00f6r\u0171 k\u00e9p ez, mely a gyermek sz\u00fcl\u0151 ir\u00e1nti bizalm\u00e1t \u00e9rz\u00e9kelteti. Megvan-e bennem ez a fajta bizalom mennyei Aty\u00e1m ir\u00e1nt? Az \u00e9bers\u00e9g \u00e9s a k\u00e9szenl\u00e9t gondolata mindig id\u0151szer\u0171. A katonai szolg\u00e1latom egyik legszebb eml\u00e9ke elevenedik meg most bennem. Ez az \u00e1lland\u00f3 \u0151rszolg\u00e1lat volt t\u00f6bb h\u00e9ten kereszt\u00fcl. H\u00e1rom \u00f3ra \u0151rt\u00e1ll\u00e1s, h\u00e1rom \u00f3ra alv\u00e1s, majd h\u00e1rom \u00f3ra k\u00e9szenl\u00e9t. Azt\u00e1n minden kezd\u0151dik el\u0151r\u00f6l. Vagyis el\u0151sz\u00f6r k\u00e9szenl\u00e9tbe kell helyeznem magam. Ez a k\u00e9szenl\u00e9t sok munk\u00e1t \u00e9s id\u0151t ig\u00e9nyel.\u00a0 Erre ir\u00e1ny\u00edtja a r\u00e1 a figyelm\u00fcnket az els\u0151 olvasm\u00e1ny. A fogs\u00e1gb\u00f3l val\u00f3 szabadul\u00e1s nem \u00e9rte v\u00e1ratlanul a v\u00e1lasztott n\u00e9pet. vagyis k\u00e9szenl\u00e9tbe helyezt\u00e9k magukat. Ebben az \u00e9rtelemben az \u00e1lland\u00f3 k\u00e9sz\u00fclet r\u00e9sze \u00e9letemnek. Seg\u00edt \u00e9bren tartani \u00e9bers\u00e9gemet. Arra \u00f6szt\u00f6n\u00f6z, hogy a l\u00e9nyeges dolgokra \u00f6sszpontos\u00edtsak. A szentleck\u00e9ben a sugalmazott szent\u00edr\u00f3 \u00c1brah\u00e1m szem\u00e9ly\u00e9n kereszt\u00fcl az egy\u00e9ni hitnek fontoss\u00e1g\u00e1t \u00e9s megtart\u00f3 erej\u00e9t emeli ki. Aki ilyen szil\u00e1rd hittel rendelkezik, azt nem tudja megt\u00f6rni sem a szenved\u00e9s, sem a kudarc, a f\u00e1jdalom. Szent Luk\u00e1cs az elhangzott evang\u00e9liumi r\u00e9szben boldognak mondja azt a szolg\u00e1t, akinek a legnagyobb er\u00e9nye az \u00e9bers\u00e9g \u00e9s a gazda ir\u00e1nti h\u0171s\u00e9g. \u00d6nmag\u00e1ban v\u00e9ve mindez nagy er\u0151fesz\u00edt\u00e9st is ig\u00e9nyel. Gyakorlati \u00fczenete ezen szent\u00edr\u00e1si r\u00e9sznek, hogy \u00e9rt\u00e9kelni tudjam a rendelkez\u00e9semre \u00e1ll\u00f3 id\u0151t, a benne k\u00edn\u00e1lt lehet\u0151s\u00e9geket. Kezd\u0151\u00e9nek: Tekints, Uram, sz\u00f6vets\u00e9gedre, \u00e9s szeg\u00e9nyeidr\u0151l ne feledkezz\u00e9l el v\u00e9gleg. Kelj fel, \u00f3 Isten, v\u00e9dd meg \u00fcgyedet, \u00e9s ne feledkezz meg a hozz\u00e1d k\u00f6ny\u00f6rg\u0151k szav\u00e1r\u00f3l. (V\u00f6. Zsolt 73,20.19.22.23) K\u00f6ny\u00f6rg\u00e9s: Mindenhat\u00f3 \u00f6r\u00f6k Isten, a Szentl\u00e9lekt\u0151l vezetve bizalommal Aty\u00e1nknak sz\u00f3l\u00edtunk t\u00e9ged. T\u00f6k\u00e9letes\u00edtsd sz\u00edv\u00fcnkben a fogadott fi\u00fas\u00e1g lelk\u00fclet\u00e9t, hogy a meg\u00edg\u00e9rt \u00f6r\u00f6ks\u00e9get elnyerj\u00fck. A mi Urunk, J\u00e9zus Krisztus, a te Fiad \u00e1ltal, aki veled \u00e9l \u00e9s uralkodik a Szentl\u00e9lekkel egys\u00e9gben, Isten... R\u00e9szletek","og_url":"https:\/\/stuttgarti-katolikusok.de\/index.php\/evkozi-19-vasarnap-2\/","og_site_name":"Stuttgarti Katolikusok","article_published_time":"2025-08-08T21:28:25+00:00","article_modified_time":"2025-08-15T06:33:13+00:00","og_image":[{"width":1080,"height":1254,"url":"https:\/\/stuttgarti-katolikusok.de\/wp-content\/uploads\/2024\/08\/insta-augusztus.jpg","type":"image\/jpeg"}],"author":"Tibor atya","twitter_card":"summary_large_image","twitter_misc":{"Szerz\u0151:":"Tibor atya","Becs\u00fclt olvas\u00e1si id\u0151":"9 perc"},"schema":{"@context":"https:\/\/schema.org","@graph":[{"@type":"Article","@id":"https:\/\/stuttgarti-katolikusok.de\/index.php\/evkozi-19-vasarnap-2\/#article","isPartOf":{"@id":"https:\/\/stuttgarti-katolikusok.de\/index.php\/evkozi-19-vasarnap-2\/"},"author":{"name":"Tibor atya","@id":"https:\/\/stuttgarti-katolikusok.de\/#\/schema\/person\/75908d6f8fdc03a57889d27209df7795"},"headline":"\u00c9vk\u00f6zi 19. vas\u00e1rnap","datePublished":"2025-08-08T21:28:25+00:00","dateModified":"2025-08-15T06:33:13+00:00","mainEntityOfPage":{"@id":"https:\/\/stuttgarti-katolikusok.de\/index.php\/evkozi-19-vasarnap-2\/"},"wordCount":2128,"image":{"@id":"https:\/\/stuttgarti-katolikusok.de\/index.php\/evkozi-19-vasarnap-2\/#primaryimage"},"thumbnailUrl":"https:\/\/stuttgarti-katolikusok.de\/wp-content\/uploads\/2024\/08\/insta-augusztus.jpg","articleSection":["A liturgia olvasm\u00e1nyai","Vas\u00e1rnapi gondolatok"],"inLanguage":"hu"},{"@type":"WebPage","@id":"https:\/\/stuttgarti-katolikusok.de\/index.php\/evkozi-19-vasarnap-2\/","url":"https:\/\/stuttgarti-katolikusok.de\/index.php\/evkozi-19-vasarnap-2\/","name":"\u00c9vk\u00f6zi 19. vas\u00e1rnap - Stuttgarti Katolikusok","isPartOf":{"@id":"https:\/\/stuttgarti-katolikusok.de\/#website"},"primaryImageOfPage":{"@id":"https:\/\/stuttgarti-katolikusok.de\/index.php\/evkozi-19-vasarnap-2\/#primaryimage"},"image":{"@id":"https:\/\/stuttgarti-katolikusok.de\/index.php\/evkozi-19-vasarnap-2\/#primaryimage"},"thumbnailUrl":"https:\/\/stuttgarti-katolikusok.de\/wp-content\/uploads\/2024\/08\/insta-augusztus.jpg","datePublished":"2025-08-08T21:28:25+00:00","dateModified":"2025-08-15T06:33:13+00:00","author":{"@id":"https:\/\/stuttgarti-katolikusok.de\/#\/schema\/person\/75908d6f8fdc03a57889d27209df7795"},"breadcrumb":{"@id":"https:\/\/stuttgarti-katolikusok.de\/index.php\/evkozi-19-vasarnap-2\/#breadcrumb"},"inLanguage":"hu","potentialAction":[{"@type":"ReadAction","target":["https:\/\/stuttgarti-katolikusok.de\/index.php\/evkozi-19-vasarnap-2\/"]}]},{"@type":"ImageObject","inLanguage":"hu","@id":"https:\/\/stuttgarti-katolikusok.de\/index.php\/evkozi-19-vasarnap-2\/#primaryimage","url":"https:\/\/stuttgarti-katolikusok.de\/wp-content\/uploads\/2024\/08\/insta-augusztus.jpg","contentUrl":"https:\/\/stuttgarti-katolikusok.de\/wp-content\/uploads\/2024\/08\/insta-augusztus.jpg","width":1080,"height":1254},{"@type":"BreadcrumbList","@id":"https:\/\/stuttgarti-katolikusok.de\/index.php\/evkozi-19-vasarnap-2\/#breadcrumb","itemListElement":[{"@type":"ListItem","position":1,"name":"Kezd\u0151lap","item":"https:\/\/stuttgarti-katolikusok.de\/"},{"@type":"ListItem","position":2,"name":"\u00c9vk\u00f6zi 19. vas\u00e1rnap"}]},{"@type":"WebSite","@id":"https:\/\/stuttgarti-katolikusok.de\/#website","url":"https:\/\/stuttgarti-katolikusok.de\/","name":"Stuttgarti Katolikusok","description":"","potentialAction":[{"@type":"SearchAction","target":{"@type":"EntryPoint","urlTemplate":"https:\/\/stuttgarti-katolikusok.de\/?s={search_term_string}"},"query-input":{"@type":"PropertyValueSpecification","valueRequired":true,"valueName":"search_term_string"}}],"inLanguage":"hu"},{"@type":"Person","@id":"https:\/\/stuttgarti-katolikusok.de\/#\/schema\/person\/75908d6f8fdc03a57889d27209df7795","name":"Tibor atya","image":{"@type":"ImageObject","inLanguage":"hu","@id":"https:\/\/secure.gravatar.com\/avatar\/61d268e57d1f4525b111222e29d2d5a7f8c420fdbf231ba5566a8ceac74fa960?s=96&d=mm&r=g","url":"https:\/\/secure.gravatar.com\/avatar\/61d268e57d1f4525b111222e29d2d5a7f8c420fdbf231ba5566a8ceac74fa960?s=96&d=mm&r=g","contentUrl":"https:\/\/secure.gravatar.com\/avatar\/61d268e57d1f4525b111222e29d2d5a7f8c420fdbf231ba5566a8ceac74fa960?s=96&d=mm&r=g","caption":"Tibor atya"},"url":"https:\/\/stuttgarti-katolikusok.de\/index.php\/author\/tibor-atya\/"}]}},"_links":{"self":[{"href":"https:\/\/stuttgarti-katolikusok.de\/index.php\/wp-json\/wp\/v2\/posts\/31384","targetHints":{"allow":["GET"]}}],"collection":[{"href":"https:\/\/stuttgarti-katolikusok.de\/index.php\/wp-json\/wp\/v2\/posts"}],"about":[{"href":"https:\/\/stuttgarti-katolikusok.de\/index.php\/wp-json\/wp\/v2\/types\/post"}],"author":[{"embeddable":true,"href":"https:\/\/stuttgarti-katolikusok.de\/index.php\/wp-json\/wp\/v2\/users\/3"}],"replies":[{"embeddable":true,"href":"https:\/\/stuttgarti-katolikusok.de\/index.php\/wp-json\/wp\/v2\/comments?post=31384"}],"version-history":[{"count":7,"href":"https:\/\/stuttgarti-katolikusok.de\/index.php\/wp-json\/wp\/v2\/posts\/31384\/revisions"}],"predecessor-version":[{"id":31393,"href":"https:\/\/stuttgarti-katolikusok.de\/index.php\/wp-json\/wp\/v2\/posts\/31384\/revisions\/31393"}],"wp:featuredmedia":[{"embeddable":true,"href":"https:\/\/stuttgarti-katolikusok.de\/index.php\/wp-json\/wp\/v2\/media\/29261"}],"wp:attachment":[{"href":"https:\/\/stuttgarti-katolikusok.de\/index.php\/wp-json\/wp\/v2\/media?parent=31384"}],"wp:term":[{"taxonomy":"category","embeddable":true,"href":"https:\/\/stuttgarti-katolikusok.de\/index.php\/wp-json\/wp\/v2\/categories?post=31384"},{"taxonomy":"post_tag","embeddable":true,"href":"https:\/\/stuttgarti-katolikusok.de\/index.php\/wp-json\/wp\/v2\/tags?post=31384"}],"curies":[{"name":"wp","href":"https:\/\/api.w.org\/{rel}","templated":true}]}}