{"id":31379,"date":"2025-08-03T11:34:07","date_gmt":"2025-08-03T09:34:07","guid":{"rendered":"https:\/\/stuttgarti-katolikusok.de\/?p=31379"},"modified":"2025-08-03T11:34:07","modified_gmt":"2025-08-03T09:34:07","slug":"evkozi-18-vasarnap-3","status":"publish","type":"post","link":"https:\/\/stuttgarti-katolikusok.de\/index.php\/evkozi-18-vasarnap-3\/","title":{"rendered":"\u00c9vk\u00f6zi 18. vas\u00e1rnap"},"content":{"rendered":"<p><span style=\"color: #ff6600;\"><em>Mennyire j\u00f3 tudnunk azt, hogy Isten nem csup\u00e1n megteremtette a vil\u00e1got, hanem gondoskodik is r\u00f3la. A hasonlat k\u00e9zenfekv\u0151: nem el\u00e9g csup\u00e1n elk\u00e9sz\u00edteni a fali\u00f3r\u00e1t, de karban is kell tartani. Magunkra vonatkoztatva, s ez a h\u00edv\u0151 ember rem\u00e9nye, a j\u00f3 Isten \u00e9letre h\u00edvott benn\u00fcnket, s az\u00f3ta is gondunkat viseli.<\/em><\/span><\/p>\n<p><span style=\"color: #ff6600;\"><em>A Pr\u00e9dik\u00e1tor a muland\u00f3 dolgok hi\u00e1baval\u00f3s\u00e1g\u00e1t \u00e1ll\u00edtja el\u00e9nk. Olykor mi magunk is hajlamosak vagyunk mindent a &#8222;minden hi\u00e1baval\u00f3s\u00e1g&#8221; szem\u00fcveg\u00e9n kereszt\u00fcl szeml\u00e9lni. Pedig csak szem\u00fcveget kellene cser\u00e9ln\u00fcnk. Kapu Tibor egy gondolat\u00e1t hozn\u00e1m ide a vele k\u00e9sz\u00edtett besz\u00e9lget\u00e9sb\u0151l, miut\u00e1n visszat\u00e9rt a Vil\u00e1g\u0171rb\u0151l. Csod\u00e1latosnak \u00e9s sz\u00e9pnek l\u00e1tta a F\u00f6ldet \u00e9s orsz\u00e1g\u00e1t. Amennyiben \u00e9n is sz\u00e9pnek l\u00e1tom az engem k\u00f6r\u00fclvev\u0151 vil\u00e1got, siker\u00fcl \u00e9rtelmet \u00e9s c\u00e9lt adni minden munk\u00e1mnak, \u00e9letemnek. Ez pedig mer\u0151ben megv\u00e1ltoztatja \u00e9letszeml\u00e9letemet. Az \u00f6r\u00f6k\u00f6s pesszimizmust felv\u00e1ltja az eg\u00e9szs\u00e9ges kereszt\u00e9ny optimista szeml\u00e9let.<\/em><\/span><\/p>\n<p><span style=\"color: #ff6600;\"><em>A szentleck\u00e9ben Szent P\u00e1l apostol ezt a gondolatot hangs\u00falyozza. &#8222;Az \u00e9giekre ir\u00e1nyuljon figyelmetek, ne a f\u00f6ldiekre.&#8221; Erk\u00f6lcsi \u00fatmutat\u00e1st is ad hozz\u00e1, amely szeml\u00e9let v\u00e1lt\u00e1st jelent egyben. Levetni a r\u00e9gi embert, rossz szok\u00e1saival egy\u00fctt, \u00e9s magunkra \u00f6lteni az \u00fajat, aki k\u00e9sz az \u00e1lland\u00f3 meg\u00fajul\u00e1sra. Csod\u00e1latos \u00e9s var\u00e1zslatos bels\u0151 \u00fat ez mindannyiunk sz\u00e1m\u00e1ra, amennyiben k\u00e9szek vagyunk ezen bens\u0151 \u00fat megt\u00e9tel\u00e9re. Nem k\u00f6nny\u0171 az \u00fat, de meg\u00e9ri!<\/em><\/span><\/p>\n<p><span style=\"color: #ff6600;\"><em>Az evang\u00e9liumi tan\u00edt\u00e1s pedig az \u00dar J\u00e9zus p\u00e9ldabesz\u00e9d\u00e9n kereszt\u00fcl nagyszer\u0171en szeml\u00e9lteti, mit is jelent \u00e9let\u00fcnk szeml\u00e9letm\u00f3dj\u00e1nak megv\u00e1ltoztat\u00e1sa. Ebben az egyik a legnagyobb k\u00fczdelmet az anyagikhoz val\u00f3 viszonyunkban v\u00edvjuk. Anyagi javaink birtokl\u00e1sa nem v\u00e9gs\u0151 \u00e9s kiz\u00e1r\u00f3lagos c\u00e9l. Anyagi javaink csup\u00e1n eszk\u00f6z\u00f6k, melyek egy\u00e9ni \u00fcdv\u00f6ss\u00e9g\u00fcnket hivatottak szolg\u00e1lni. Mennyi j\u00f3t tehetek a magam kincseivel, legyen az b\u00e1rmi. Melyek az \u00e9n kincseim \u00e9s hogyan haszn\u00e1lom azokat? Keressem magamban a v\u00e1laszt!<\/em><\/span><\/p>\n<p><span style=\"color: #008000;\">Kezd\u0151\u00e9nek:<\/span><br \/>\nIstenem, j\u00f6jj seg\u00edts\u00e9gemre, Uram, siess, seg\u00edts meg engem! Seg\u00edt\u0151m \u00e9s szabad\u00edt\u00f3m te vagy, \u00e9n Istenem, ne k\u00e9slekedj! (Zsolt 69,2.6)<\/p>\n<p><span style=\"color: #008000;\">K\u00f6ny\u00f6rg\u00e9s:<\/span><br \/>\nUrunk, boldogan vallunk t\u00e9ged teremt\u0151 \u00e9s gondvisel\u0151 Isten\u00fcnknek. Oltalmazd mindenkor h\u00edveidet: \u00faj\u00edtsd meg kegyelmi adom\u00e1nyaidat benn\u00fcnk, \u00e9s meg\u00fajult \u00e9let\u00fcnket \u0151rizd meg j\u00f3s\u00e1gosan. A mi Urunk, J\u00e9zus Krisztus, a te Fiad \u00e1ltal, aki veled \u00e9l \u00e9s uralkodik a Szentl\u00e9lekkel egys\u00e9gben, Isten mind\u00f6r\u00f6kk\u00f6n \u00f6r\u00f6kk\u00e9.<\/p>\n<p><span style=\"color: #008000;\">OLVASM\u00c1NY a Pr\u00e9dik\u00e1tor k\u00f6nyv\u00e9b\u0151l (Pr\u00e9d 1,2;2,21-23)<\/span><br \/>\n<em>A Pr\u00e9dik\u00e1tor a muland\u00f3 dolgok hi\u00e1baval\u00f3s\u00e1g\u00e1t \u00e1ll\u00edtja el\u00e9nk.<\/em><br \/>\nMinden hi\u00e1baval\u00f3s\u00e1g, mondja a Pr\u00e9dik\u00e1tor, csupa hi\u00e1baval\u00f3s\u00e1g. Minden csak hi\u00e1baval\u00f3s\u00e1g. Hisz j\u00f3 n\u00e9h\u00e1ny ember munk\u00e1lkodott b\u00f6lcsen, okosan \u00e9s sikerrel, azut\u00e1n \u00e1t kellett engednie szerzem\u00e9ny\u00e9t olyannak, aki mit sem f\u00e1radt \u00e9rte. Ez is hi\u00e1baval\u00f3s\u00e1g \u00e9s nagy baj!<br \/>\nIgen, mi haszna van az embernek sok-sok f\u00e1radoz\u00e1s\u00e1b\u00f3l \u00e9s t\u00f6rekv\u00e9s\u00e9b\u0151l, amellyel em\u00e9sztette mag\u00e1t \u00e9let\u00e9ben? Val\u00f3ban: minden napja csupa szenved\u00e9s, \u00e9s minden tev\u00e9kenys\u00e9ge csak bossz\u00fas\u00e1g. Sz\u00edve m\u00e9g \u00e9jjel sem tud megnyugodni. Ez is hi\u00e1baval\u00f3s\u00e1g!<br \/>\nEz az Isten ig\u00e9je.<\/p>\n<p><span style=\"color: #008000;\">V\u00c1LASZOS ZSOLT\u00c1R (Zsolt 89,3-4.5-6.12-13.14 \u00e9s 17)<\/span><br \/>\nV\u00e1lasz:\u00a0<strong>Uram, mened\u00e9k\u00fcnk lett\u00e9l * nemzed\u00e9kr\u0151l nemzed\u00e9kre.<\/strong>\u00a0(4. g t\u00f3nus)<br \/>\nEl\u0151\u00e9nekes: Te a haland\u00f3t ism\u00e9t porr\u00e1 teszed, * \u00edgy sz\u00f3lsz: \u201eT\u00e9rjetek vissza, emberek fiai.\u201d<br \/>\nA te szemedben ezer \u00e9v ak\u00e1r a tegnap, * \u00fagy t\u0171nik tova, mint egy \u0151rt\u00e1ll\u00e1s \u00e9jszaka.<br \/>\nH\u00edvek: Uram, mened\u00e9k\u00fcnk lett\u00e9l * nemzed\u00e9kr\u0151l nemzed\u00e9kre.<br \/>\nE: Te elragadod \u0151ket, * olyanok lesznek, mint a hajnali \u00e1lom.<br \/>\nMint a f\u0171, mely reggel kisarjad \u00e9s f\u00f6lvirul, * de est\u00e9re lefonnyad \u00e9s elsz\u00e1rad.<br \/>\nH: Uram, mened\u00e9k\u00fcnk lett\u00e9l * nemzed\u00e9kr\u0151l nemzed\u00e9kre.<br \/>\nE: Tan\u00edts meg sz\u00e1motvetni napjaink sor\u00e1val, * hogy b\u00f6lcsess\u00e9gre nevelj\u00fck sz\u00edv\u00fcnket.<br \/>\nT\u00e9rj hozz\u00e1nk, Urunk, meddig v\u00e1rsz m\u00e9g? * L\u00e9gy k\u00f6ny\u00f6r\u00fcletes szolg\u00e1idhoz!<br \/>\nH: Uram, mened\u00e9k\u00fcnk lett\u00e9l * nemzed\u00e9kr\u0151l nemzed\u00e9kre.<br \/>\nE: \u00c1raszd r\u00e1nk irgalmadat, * hogy mindenkor \u00f6rvendj\u00fcnk \u00e9s ujjongjunk.<br \/>\nRagyogjon f\u00f6l\u00f6tt\u00fcnk Urunknak, Isten\u00fcnknek j\u00f3s\u00e1ga, \u2020 \u00e1ldott legyen kez\u00fcnk minden m\u0171ve, * k\u00eds\u00e9rje \u00e1ld\u00e1sod kez\u00fcnk minden munk\u00e1j\u00e1t.<br \/>\nH: Uram, mened\u00e9k\u00fcnk lett\u00e9l * nemzed\u00e9kr\u0151l nemzed\u00e9kre.<\/p>\n<p><span style=\"color: #008000;\">SZENTLECKE Szent P\u00e1l apostolnak a kolosszeiekhez \u00edrt level\u00e9b\u0151l (Kol 3,1-5.9-11)<\/span><br \/>\n<em>Keress\u00e9tek az odaf\u00f6ntval\u00f3kat!<\/em><br \/>\nTestv\u00e9reim!<br \/>\nKrisztussal egy\u00fctt ti is felt\u00e1madtatok. Keress\u00e9tek teh\u00e1t azt, ami odaf\u00f6nt van, ahol Krisztus \u00fcl az Isten jobbj\u00e1n. Az \u00e9giekre ir\u00e1nyuljon figyelmetek, ne a f\u00f6ldiekre.<br \/>\nHiszen meghaltatok, \u00e9s \u00e9letetek Krisztussal az Istenben van elrejtve. Amikor azonban Krisztus, a mi \u00e9let\u00fcnk, \u00fajra megjelenik, vele egy\u00fctt ti is megjelentek a dics\u0151s\u00e9gben.<br \/>\nFojts\u00e1tok el teh\u00e1t tagjaitokban, ami f\u00f6ldies: a par\u00e1znas\u00e1got, a tiszt\u00e1talans\u00e1got, az \u00e9rz\u00e9ki v\u00e1gyakat, a b\u0171n\u00f6s k\u00edv\u00e1ns\u00e1gokat \u00e9s a kapzsis\u00e1got, ami nem m\u00e1s, mint b\u00e1lv\u00e1nyim\u00e1d\u00e1s.<br \/>\nNe hazudjatok egym\u00e1snak. Vess\u00e9tek le a r\u00e9gi embert szok\u00e1saival egy\u00fctt, \u00e9s \u00f6lts\u00e9tek f\u00f6l az \u00fajat, aki \u00e1lland\u00f3an meg\u00fajul Teremt\u0151j\u00e9nek k\u00e9pm\u00e1s\u00e1ra a teljes megismer\u00e9sig. Itt m\u00e1r nincs g\u00f6r\u00f6g vagy zsid\u00f3, k\u00f6r\u00fclmet\u00e9lt vagy k\u00f6r\u00fclmet\u00e9letlen, barb\u00e1r vagy szittya, szolga vagy szabad, hanem Krisztus a minden, \u00e9s \u0151 van mindenben.<br \/>\nEz az Isten ig\u00e9je.<\/p>\n<p><span style=\"color: #008000;\">ALLELUJA<\/span><br \/>\nBoldogok a l\u00e9lekben szeg\u00e9nyek, * mert \u00f6v\u00e9k a mennyek orsz\u00e1ga. Mt 5,3 \u2013 1 D<sup>2<\/sup>. t\u00f3nus.<\/p>\n<p><span style=\"color: #008000;\">\u2020 EVANG\u00c9LIUM Szent Luk\u00e1cs k\u00f6nyv\u00e9b\u0151l (Lk 12,13-21)<\/span><br \/>\n<em>Ker\u00fcld a kapzsis\u00e1got! Nem tudod, kire marad, amit szerezt\u00e9l.<\/em><br \/>\nAbban az id\u0151ben amikor J\u00e9zus tan\u00edtott, valaki megsz\u00f3lalt a sokas\u00e1gb\u00f3l: \u201eMester, sz\u00f3lj testv\u00e9remnek, hogy ossza meg velem az \u00f6r\u00f6ks\u00e9get.\u201d \u0150 \u00edgy v\u00e1laszolt neki: \u201eEmber, ki hatalmazott fel engem, hogy b\u00edr\u00e1tok legyek, \u00e9s elosszam \u00f6r\u00f6ks\u00e9gteket?\u201d<br \/>\nMajd a t\u00f6meghez fordult: \u201eVigy\u00e1zzatok, \u00e9s \u0151rizkedjetek minden kapzsis\u00e1gt\u00f3l, mert nem a vagyonban val\u00f3 b\u0151velked\u00e9st\u0151l f\u00fcgg az ember \u00e9lete.\u201d<br \/>\nP\u00e9ldabesz\u00e9det is mondott nekik: \u201eEgy gazdag embernek a f\u00f6ldje b\u0151s\u00e9ges term\u00e9st hozott. \u00cdgy okoskodott mag\u00e1ban: Mit tegyek? Nincs hov\u00e1 gy\u0171jtenem a term\u00e9semet. Tudom m\u00e1r, mit teszek: lebontom cs\u0171reimet \u00e9s nagyobbakat \u00e9p\u00edtek, oda gy\u0171jt\u00f6m majd a term\u00e9st \u00e9s minden vagyonomat. Azt\u00e1n majd el\u00e9gedetten mondom magamnak: Ember, van el\u00e9g vagyonod, eltart sok \u00e9vig. Pihenj, egy\u00e9l, igy\u00e1l, \u00e9s \u00e9lvezd az \u00e9letet!<br \/>\n\u00c1m az Isten \u00edgy sz\u00f3lt hozz\u00e1: Esztelen, m\u00e9g az \u00e9jjel sz\u00e1mon k\u00e9rik t\u0151led lelkedet. Ki\u00e9 lesz mindaz, amit szerezt\u00e9l?<br \/>\n\u00cdgy j\u00e1r az, aki kincset gy\u0171jt mag\u00e1nak ahelyett, hogy Istenben gazdagodn\u00e9k.\u201d<br \/>\nEzek az evang\u00e9lium ig\u00e9i.<\/p>\n<p><span style=\"color: #008000;\">EGYETEMES K\u00d6NY\u00d6RG\u00c9SEK<\/span><br \/>\nPap: Testv\u00e9reim! Mennyei Aty\u00e1nkn\u00e1l mindig irgalmass\u00e1gra tal\u00e1lunk. Ez\u00e9rt merj\u00fck hozz\u00e1 emelni k\u00f6ny\u00f6rg\u0151 szavunkat.<br \/>\nLektor: 1. Vezesd, Urunk, Egyh\u00e1zadat, hogy a f\u00f6ldi gondokt\u00f3l min\u00e9l f\u00fcggetlenebb\u00fcl szolg\u00e1lhassa a r\u00e1b\u00edzottak \u00f6r\u00f6k boldogs\u00e1g\u00e1t!<br \/>\nH\u00edvek: K\u00e9r\u00fcnk t\u00e9ged, hallgass meg minket!<br \/>\n2. Adj b\u00f6lcsess\u00e9get a vil\u00e1g n\u00e9peinek, hogy ne az anyagi javak b\u0151s\u00e9g\u00e9ben l\u00e1ss\u00e1k az igazi boldogs\u00e1got!<br \/>\nH\u00edvek: K\u00e9r\u00fcnk t\u00e9ged . . .<br \/>\n3. Seg\u00edts benn\u00fcnket, hogy f\u00f6ldi \u00e9let\u00fcnk folyam\u00e1n sok j\u00f3t tehess\u00fcnk embert\u00e1rsainkkal!<br \/>\nH\u00edvek: K\u00e9r\u00fcnk t\u00e9ged . . .<br \/>\n4. \u00c9breszd fel ifj\u00fas\u00e1gunkban a l\u00e9lek \u00e9hs\u00e9g\u00e9t \u00e9s szomj\u00fas\u00e1g\u00e1t, hogy ne a vagyon gy\u0171jt\u00e9s\u00e9ben \u00e9s \u00e9lvez\u00e9s\u00e9ben l\u00e1ssa az \u00e9let \u00e9rtelm\u00e9t!<br \/>\nH\u00edvek: K\u00e9r\u00fcnk t\u00e9ged . . .<br \/>\n5. L\u00e9gy irgalmas b\u00edr\u00e1nk, amikor majd sz\u00e1mot kell adnunk \u00e9let\u00fcnkr\u0151l!<br \/>\nH\u00edvek: K\u00e9r\u00fcnk t\u00e9ged . . .<br \/>\nPap: Adj, Urunk, kereszt\u00e9ny okoss\u00e1got h\u00edveidnek, hogy mik\u00f6zben megbecs\u00fclj\u00fck a sz\u00fcks\u00e9ges f\u00f6ldi javakat, mindenn\u00e9l t\u00f6bbre tartsuk mennyei \u00f6r\u00f6ks\u00e9g\u00fcnket! Krisztus, a mi Urunk \u00e1ltal.<br \/>\nH\u00edvek: \u00c1men.<\/p>\n<p><span style=\"color: #008000;\">Felaj\u00e1nl\u00f3 k\u00f6ny\u00f6rg\u00e9s:<\/span><br \/>\nIrgalmas Urunk, Isten\u00fcnk, szenteld meg ezeket az adom\u00e1nyokat, \u00e9s elfogadva lelki \u00e1ldozatunkat, neked szentelt \u00f6r\u00f6k \u00e1ldozatt\u00e1 tegy\u00e9l minket. Krisztus, a mi Urunk \u00e1ltal.<\/p>\n<p><span style=\"color: #008000;\">Pref\u00e1ci\u00f3:<\/span><br \/>\nMert val\u00f3ban m\u00e9lt\u00f3 \u00e9s igazs\u00e1gos, ill\u0151 \u00e9s \u00fcdv\u00f6s, hogy mindig \u00e9s minden\u00fctt h\u00e1l\u00e1t adjunk n\u00e9ked, mi Urunk, szents\u00e9ges Aty\u00e1nk, mindenhat\u00f3, \u00f6r\u00f6k Isten: Krisztus, a mi Urunk \u00e1ltal.<br \/>\nKi megsz\u00e1nva a t\u00e9velyg\u0151 embert, vil\u00e1gra sz\u00fcletett a Szent Sz\u0171zt\u0151l, majd kereszthal\u00e1la \u00e1ltal az \u00f6r\u00f6k hal\u00e1lt\u00f3l megmentett minket, \u00e9s felt\u00e1madva a hal\u00e1lb\u00f3l \u00f6r\u00f6k \u00e9letet aj\u00e1nd\u00e9kozott n\u00e9k\u00fcnk.<br \/>\n\u00c9s ez\u00e9rt mi is, mik\u00e9nt az angyalok \u00e9s f\u0151angyalok, a tr\u00f3nod k\u00f6r\u00fcl \u00e1ll\u00f3 hatalmas \u00e9gi szellemek, \u00e9s minden seregek a mennyben, a te dics\u0151s\u00e9ged himnusz\u00e1t zengj\u00fck, \u00e9s vel\u00fck egy\u00fctt v\u00e9g n\u00e9lk\u00fcl \u00e9nekelj\u00fck:<\/p>\n<p><span style=\"color: #008000;\">\u00c1ldoz\u00e1si \u00e9nek:<\/span><br \/>\nKenyeret adt\u00e1l a mennyb\u0151l, Urunk (Isten\u00fcnk), amely minden gy\u00f6ny\u00f6r\u0171s\u00e9ggel \u00e9s \u00e9des \u00edzzel teljes. (B\u00f6lcs 16,20)<br \/>\n<span style=\"color: #008000;\"><em>vagy<\/em><\/span><br \/>\n\u00c9n vagyok az \u00e9let kenyere \u2013 mondja az \u00dar. Aki hozz\u00e1m j\u00f6n, t\u00f6bb\u00e9 nem \u00e9hezik, \u00e9s aki bennem hisz, nem szomjazik soha. (Jn 6,35)<\/p>\n<p><span style=\"color: #008000;\">\u00c1ldoz\u00e1s ut\u00e1ni k\u00f6ny\u00f6rg\u00e9s:<\/span><br \/>\nUrunk, Isten\u00fcnk, mennyei eledellel t\u00e1pl\u00e1ltad lelk\u00fcnket. Oltalmazz minket \u00e1lland\u00f3 p\u00e1rtfog\u00e1soddal, hogy \u00f6r\u00f6k megv\u00e1lt\u00e1sodra is m\u00e9lt\u00f3k legy\u00fcnk. Krisztus, a mi Urunk \u00e1ltal.<\/p>\n<p><em>(K\u00e9p forr\u00e1sa: Soare Alice)<\/em><\/p>\n","protected":false},"excerpt":{"rendered":"<p>Mennyire j\u00f3 tudnunk azt, hogy Isten nem csup\u00e1n megteremtette a vil\u00e1got, hanem gondoskodik is r\u00f3la. A hasonlat k\u00e9zenfekv\u0151: nem el\u00e9g csup\u00e1n elk\u00e9sz\u00edteni a fali\u00f3r\u00e1t, de karban is kell tartani. Magunkra vonatkoztatva, s ez a h\u00edv\u0151 ember rem\u00e9nye, a j\u00f3 Isten \u00e9letre h\u00edvott benn\u00fcnket, s az\u00f3ta is gondunkat viseli. A Pr\u00e9dik\u00e1tor a muland\u00f3 dolgok hi\u00e1baval\u00f3s\u00e1g\u00e1t \u00e1ll\u00edtja el\u00e9nk. Olykor mi magunk is hajlamosak vagyunk mindent a &#8222;minden hi\u00e1baval\u00f3s\u00e1g&#8221; szem\u00fcveg\u00e9n kereszt\u00fcl szeml\u00e9lni. Pedig csak szem\u00fcveget kellene cser\u00e9ln\u00fcnk. Kapu Tibor egy gondolat\u00e1t hozn\u00e1m ide a vele k\u00e9sz\u00edtett besz\u00e9lget\u00e9sb\u0151l, miut\u00e1n visszat\u00e9rt a Vil\u00e1g\u0171rb\u0151l. Csod\u00e1latosnak \u00e9s sz\u00e9pnek l\u00e1tta a F\u00f6ldet \u00e9s orsz\u00e1g\u00e1t. Amennyiben \u00e9n is sz\u00e9pnek l\u00e1tom az engem k\u00f6r\u00fclvev\u0151 vil\u00e1got, siker\u00fcl \u00e9rtelmet \u00e9s c\u00e9lt adni minden munk\u00e1mnak, \u00e9letemnek. Ez pedig mer\u0151ben megv\u00e1ltoztatja \u00e9letszeml\u00e9letemet. Az \u00f6r\u00f6k\u00f6s pesszimizmust felv\u00e1ltja az eg\u00e9szs\u00e9ges kereszt\u00e9ny optimista szeml\u00e9let. A szentleck\u00e9ben Szent P\u00e1l apostol ezt a gondolatot hangs\u00falyozza. &#8222;Az \u00e9giekre ir\u00e1nyuljon figyelmetek, ne a f\u00f6ldiekre.&#8221; Erk\u00f6lcsi \u00fatmutat\u00e1st is ad hozz\u00e1, amely szeml\u00e9let v\u00e1lt\u00e1st jelent egyben. Levetni a r\u00e9gi embert, rossz szok\u00e1saival egy\u00fctt, \u00e9s magunkra \u00f6lteni az \u00fajat, aki k\u00e9sz az \u00e1lland\u00f3 meg\u00fajul\u00e1sra. Csod\u00e1latos \u00e9s var\u00e1zslatos bels\u0151 \u00fat ez mindannyiunk sz\u00e1m\u00e1ra, amennyiben k\u00e9szek vagyunk ezen bens\u0151 \u00fat megt\u00e9tel\u00e9re. Nem k\u00f6nny\u0171 az \u00fat, de meg\u00e9ri! Az evang\u00e9liumi tan\u00edt\u00e1s pedig az \u00dar J\u00e9zus p\u00e9ldabesz\u00e9d\u00e9n kereszt\u00fcl nagyszer\u0171en szeml\u00e9lteti, mit is jelent \u00e9let\u00fcnk szeml\u00e9letm\u00f3dj\u00e1nak megv\u00e1ltoztat\u00e1sa. Ebben az egyik a legnagyobb k\u00fczdelmet az anyagikhoz val\u00f3 viszonyunkban v\u00edvjuk. Anyagi javaink birtokl\u00e1sa nem v\u00e9gs\u0151 \u00e9s kiz\u00e1r\u00f3lagos c\u00e9l. Anyagi javaink csup\u00e1n eszk\u00f6z\u00f6k, melyek egy\u00e9ni \u00fcdv\u00f6ss\u00e9g\u00fcnket hivatottak szolg\u00e1lni. Mennyi j\u00f3t tehetek a magam kincseivel, legyen az b\u00e1rmi. Melyek az \u00e9n kincseim \u00e9s hogyan haszn\u00e1lom azokat? Keressem magamban a v\u00e1laszt! Kezd\u0151\u00e9nek: Istenem, j\u00f6jj seg\u00edts\u00e9gemre, Uram, siess, seg\u00edts meg engem! Seg\u00edt\u0151m \u00e9s szabad\u00edt\u00f3m te vagy, \u00e9n Istenem, ne k\u00e9slekedj! (Zsolt 69,2.6) K\u00f6ny\u00f6rg\u00e9s: Urunk, boldogan vallunk t\u00e9ged teremt\u0151 \u00e9s gondvisel\u0151 Isten\u00fcnknek. Oltalmazd mindenkor h\u00edveidet: \u00faj\u00edtsd meg kegyelmi adom\u00e1nyaidat benn\u00fcnk, \u00e9s meg\u00fajult \u00e9let\u00fcnket \u0151rizd meg j\u00f3s\u00e1gosan&#8230;. <\/p>\n<p><a class=\"readmore\" href=\"https:\/\/stuttgarti-katolikusok.de\/index.php\/evkozi-18-vasarnap-3\/\">R\u00e9szletek<\/a><\/p>\n","protected":false},"author":3,"featured_media":29246,"comment_status":"closed","ping_status":"closed","sticky":false,"template":"","format":"standard","meta":{"footnotes":""},"categories":[85,63],"tags":[],"class_list":["post-31379","post","type-post","status-publish","format-standard","has-post-thumbnail","hentry","category-a-liturgia-olvasmanyai","category-vasarnapi-gondolatok"],"yoast_head":"<!-- This site is optimized with the Yoast SEO plugin v27.3 - https:\/\/yoast.com\/product\/yoast-seo-wordpress\/ -->\n<title>\u00c9vk\u00f6zi 18. vas\u00e1rnap - Stuttgarti Katolikusok<\/title>\n<meta name=\"robots\" content=\"index, follow, max-snippet:-1, max-image-preview:large, max-video-preview:-1\" \/>\n<link rel=\"canonical\" href=\"https:\/\/stuttgarti-katolikusok.de\/index.php\/evkozi-18-vasarnap-3\/\" \/>\n<meta property=\"og:locale\" content=\"hu_HU\" \/>\n<meta property=\"og:type\" content=\"article\" \/>\n<meta property=\"og:title\" content=\"\u00c9vk\u00f6zi 18. vas\u00e1rnap - Stuttgarti Katolikusok\" \/>\n<meta property=\"og:description\" content=\"Mennyire j\u00f3 tudnunk azt, hogy Isten nem csup\u00e1n megteremtette a vil\u00e1got, hanem gondoskodik is r\u00f3la. A hasonlat k\u00e9zenfekv\u0151: nem el\u00e9g csup\u00e1n elk\u00e9sz\u00edteni a fali\u00f3r\u00e1t, de karban is kell tartani. Magunkra vonatkoztatva, s ez a h\u00edv\u0151 ember rem\u00e9nye, a j\u00f3 Isten \u00e9letre h\u00edvott benn\u00fcnket, s az\u00f3ta is gondunkat viseli. A Pr\u00e9dik\u00e1tor a muland\u00f3 dolgok hi\u00e1baval\u00f3s\u00e1g\u00e1t \u00e1ll\u00edtja el\u00e9nk. Olykor mi magunk is hajlamosak vagyunk mindent a &#8222;minden hi\u00e1baval\u00f3s\u00e1g&#8221; szem\u00fcveg\u00e9n kereszt\u00fcl szeml\u00e9lni. Pedig csak szem\u00fcveget kellene cser\u00e9ln\u00fcnk. Kapu Tibor egy gondolat\u00e1t hozn\u00e1m ide a vele k\u00e9sz\u00edtett besz\u00e9lget\u00e9sb\u0151l, miut\u00e1n visszat\u00e9rt a Vil\u00e1g\u0171rb\u0151l. Csod\u00e1latosnak \u00e9s sz\u00e9pnek l\u00e1tta a F\u00f6ldet \u00e9s orsz\u00e1g\u00e1t. Amennyiben \u00e9n is sz\u00e9pnek l\u00e1tom az engem k\u00f6r\u00fclvev\u0151 vil\u00e1got, siker\u00fcl \u00e9rtelmet \u00e9s c\u00e9lt adni minden munk\u00e1mnak, \u00e9letemnek. Ez pedig mer\u0151ben megv\u00e1ltoztatja \u00e9letszeml\u00e9letemet. Az \u00f6r\u00f6k\u00f6s pesszimizmust felv\u00e1ltja az eg\u00e9szs\u00e9ges kereszt\u00e9ny optimista szeml\u00e9let. A szentleck\u00e9ben Szent P\u00e1l apostol ezt a gondolatot hangs\u00falyozza. &#8222;Az \u00e9giekre ir\u00e1nyuljon figyelmetek, ne a f\u00f6ldiekre.&#8221; Erk\u00f6lcsi \u00fatmutat\u00e1st is ad hozz\u00e1, amely szeml\u00e9let v\u00e1lt\u00e1st jelent egyben. Levetni a r\u00e9gi embert, rossz szok\u00e1saival egy\u00fctt, \u00e9s magunkra \u00f6lteni az \u00fajat, aki k\u00e9sz az \u00e1lland\u00f3 meg\u00fajul\u00e1sra. Csod\u00e1latos \u00e9s var\u00e1zslatos bels\u0151 \u00fat ez mindannyiunk sz\u00e1m\u00e1ra, amennyiben k\u00e9szek vagyunk ezen bens\u0151 \u00fat megt\u00e9tel\u00e9re. Nem k\u00f6nny\u0171 az \u00fat, de meg\u00e9ri! Az evang\u00e9liumi tan\u00edt\u00e1s pedig az \u00dar J\u00e9zus p\u00e9ldabesz\u00e9d\u00e9n kereszt\u00fcl nagyszer\u0171en szeml\u00e9lteti, mit is jelent \u00e9let\u00fcnk szeml\u00e9letm\u00f3dj\u00e1nak megv\u00e1ltoztat\u00e1sa. Ebben az egyik a legnagyobb k\u00fczdelmet az anyagikhoz val\u00f3 viszonyunkban v\u00edvjuk. Anyagi javaink birtokl\u00e1sa nem v\u00e9gs\u0151 \u00e9s kiz\u00e1r\u00f3lagos c\u00e9l. Anyagi javaink csup\u00e1n eszk\u00f6z\u00f6k, melyek egy\u00e9ni \u00fcdv\u00f6ss\u00e9g\u00fcnket hivatottak szolg\u00e1lni. Mennyi j\u00f3t tehetek a magam kincseivel, legyen az b\u00e1rmi. Melyek az \u00e9n kincseim \u00e9s hogyan haszn\u00e1lom azokat? Keressem magamban a v\u00e1laszt! Kezd\u0151\u00e9nek: Istenem, j\u00f6jj seg\u00edts\u00e9gemre, Uram, siess, seg\u00edts meg engem! Seg\u00edt\u0151m \u00e9s szabad\u00edt\u00f3m te vagy, \u00e9n Istenem, ne k\u00e9slekedj! (Zsolt 69,2.6) K\u00f6ny\u00f6rg\u00e9s: Urunk, boldogan vallunk t\u00e9ged teremt\u0151 \u00e9s gondvisel\u0151 Isten\u00fcnknek. Oltalmazd mindenkor h\u00edveidet: \u00faj\u00edtsd meg kegyelmi adom\u00e1nyaidat benn\u00fcnk, \u00e9s meg\u00fajult \u00e9let\u00fcnket \u0151rizd meg j\u00f3s\u00e1gosan.... R\u00e9szletek\" \/>\n<meta property=\"og:url\" content=\"https:\/\/stuttgarti-katolikusok.de\/index.php\/evkozi-18-vasarnap-3\/\" \/>\n<meta property=\"og:site_name\" content=\"Stuttgarti Katolikusok\" \/>\n<meta property=\"article:published_time\" content=\"2025-08-03T09:34:07+00:00\" \/>\n<meta property=\"og:image\" content=\"https:\/\/stuttgarti-katolikusok.de\/wp-content\/uploads\/2024\/08\/soare-alice.jpg\" \/>\n\t<meta property=\"og:image:width\" content=\"2048\" \/>\n\t<meta property=\"og:image:height\" content=\"1518\" \/>\n\t<meta property=\"og:image:type\" content=\"image\/jpeg\" \/>\n<meta name=\"author\" content=\"Tibor atya\" \/>\n<meta name=\"twitter:card\" content=\"summary_large_image\" \/>\n<meta name=\"twitter:label1\" content=\"Szerz\u0151:\" \/>\n\t<meta name=\"twitter:data1\" content=\"Tibor atya\" \/>\n\t<meta name=\"twitter:label2\" content=\"Becs\u00fclt olvas\u00e1si id\u0151\" \/>\n\t<meta name=\"twitter:data2\" content=\"7 perc\" \/>\n<script type=\"application\/ld+json\" class=\"yoast-schema-graph\">{\"@context\":\"https:\\\/\\\/schema.org\",\"@graph\":[{\"@type\":\"Article\",\"@id\":\"https:\\\/\\\/stuttgarti-katolikusok.de\\\/index.php\\\/evkozi-18-vasarnap-3\\\/#article\",\"isPartOf\":{\"@id\":\"https:\\\/\\\/stuttgarti-katolikusok.de\\\/index.php\\\/evkozi-18-vasarnap-3\\\/\"},\"author\":{\"name\":\"Tibor atya\",\"@id\":\"https:\\\/\\\/stuttgarti-katolikusok.de\\\/#\\\/schema\\\/person\\\/75908d6f8fdc03a57889d27209df7795\"},\"headline\":\"\u00c9vk\u00f6zi 18. vas\u00e1rnap\",\"datePublished\":\"2025-08-03T09:34:07+00:00\",\"mainEntityOfPage\":{\"@id\":\"https:\\\/\\\/stuttgarti-katolikusok.de\\\/index.php\\\/evkozi-18-vasarnap-3\\\/\"},\"wordCount\":1770,\"image\":{\"@id\":\"https:\\\/\\\/stuttgarti-katolikusok.de\\\/index.php\\\/evkozi-18-vasarnap-3\\\/#primaryimage\"},\"thumbnailUrl\":\"https:\\\/\\\/stuttgarti-katolikusok.de\\\/wp-content\\\/uploads\\\/2024\\\/08\\\/soare-alice.jpg\",\"articleSection\":[\"A liturgia olvasm\u00e1nyai\",\"Vas\u00e1rnapi gondolatok\"],\"inLanguage\":\"hu\"},{\"@type\":\"WebPage\",\"@id\":\"https:\\\/\\\/stuttgarti-katolikusok.de\\\/index.php\\\/evkozi-18-vasarnap-3\\\/\",\"url\":\"https:\\\/\\\/stuttgarti-katolikusok.de\\\/index.php\\\/evkozi-18-vasarnap-3\\\/\",\"name\":\"\u00c9vk\u00f6zi 18. vas\u00e1rnap - Stuttgarti Katolikusok\",\"isPartOf\":{\"@id\":\"https:\\\/\\\/stuttgarti-katolikusok.de\\\/#website\"},\"primaryImageOfPage\":{\"@id\":\"https:\\\/\\\/stuttgarti-katolikusok.de\\\/index.php\\\/evkozi-18-vasarnap-3\\\/#primaryimage\"},\"image\":{\"@id\":\"https:\\\/\\\/stuttgarti-katolikusok.de\\\/index.php\\\/evkozi-18-vasarnap-3\\\/#primaryimage\"},\"thumbnailUrl\":\"https:\\\/\\\/stuttgarti-katolikusok.de\\\/wp-content\\\/uploads\\\/2024\\\/08\\\/soare-alice.jpg\",\"datePublished\":\"2025-08-03T09:34:07+00:00\",\"author\":{\"@id\":\"https:\\\/\\\/stuttgarti-katolikusok.de\\\/#\\\/schema\\\/person\\\/75908d6f8fdc03a57889d27209df7795\"},\"breadcrumb\":{\"@id\":\"https:\\\/\\\/stuttgarti-katolikusok.de\\\/index.php\\\/evkozi-18-vasarnap-3\\\/#breadcrumb\"},\"inLanguage\":\"hu\",\"potentialAction\":[{\"@type\":\"ReadAction\",\"target\":[\"https:\\\/\\\/stuttgarti-katolikusok.de\\\/index.php\\\/evkozi-18-vasarnap-3\\\/\"]}]},{\"@type\":\"ImageObject\",\"inLanguage\":\"hu\",\"@id\":\"https:\\\/\\\/stuttgarti-katolikusok.de\\\/index.php\\\/evkozi-18-vasarnap-3\\\/#primaryimage\",\"url\":\"https:\\\/\\\/stuttgarti-katolikusok.de\\\/wp-content\\\/uploads\\\/2024\\\/08\\\/soare-alice.jpg\",\"contentUrl\":\"https:\\\/\\\/stuttgarti-katolikusok.de\\\/wp-content\\\/uploads\\\/2024\\\/08\\\/soare-alice.jpg\",\"width\":2048,\"height\":1518},{\"@type\":\"BreadcrumbList\",\"@id\":\"https:\\\/\\\/stuttgarti-katolikusok.de\\\/index.php\\\/evkozi-18-vasarnap-3\\\/#breadcrumb\",\"itemListElement\":[{\"@type\":\"ListItem\",\"position\":1,\"name\":\"Kezd\u0151lap\",\"item\":\"https:\\\/\\\/stuttgarti-katolikusok.de\\\/\"},{\"@type\":\"ListItem\",\"position\":2,\"name\":\"\u00c9vk\u00f6zi 18. vas\u00e1rnap\"}]},{\"@type\":\"WebSite\",\"@id\":\"https:\\\/\\\/stuttgarti-katolikusok.de\\\/#website\",\"url\":\"https:\\\/\\\/stuttgarti-katolikusok.de\\\/\",\"name\":\"Stuttgarti Katolikusok\",\"description\":\"\",\"potentialAction\":[{\"@type\":\"SearchAction\",\"target\":{\"@type\":\"EntryPoint\",\"urlTemplate\":\"https:\\\/\\\/stuttgarti-katolikusok.de\\\/?s={search_term_string}\"},\"query-input\":{\"@type\":\"PropertyValueSpecification\",\"valueRequired\":true,\"valueName\":\"search_term_string\"}}],\"inLanguage\":\"hu\"},{\"@type\":\"Person\",\"@id\":\"https:\\\/\\\/stuttgarti-katolikusok.de\\\/#\\\/schema\\\/person\\\/75908d6f8fdc03a57889d27209df7795\",\"name\":\"Tibor atya\",\"image\":{\"@type\":\"ImageObject\",\"inLanguage\":\"hu\",\"@id\":\"https:\\\/\\\/secure.gravatar.com\\\/avatar\\\/61d268e57d1f4525b111222e29d2d5a7f8c420fdbf231ba5566a8ceac74fa960?s=96&d=mm&r=g\",\"url\":\"https:\\\/\\\/secure.gravatar.com\\\/avatar\\\/61d268e57d1f4525b111222e29d2d5a7f8c420fdbf231ba5566a8ceac74fa960?s=96&d=mm&r=g\",\"contentUrl\":\"https:\\\/\\\/secure.gravatar.com\\\/avatar\\\/61d268e57d1f4525b111222e29d2d5a7f8c420fdbf231ba5566a8ceac74fa960?s=96&d=mm&r=g\",\"caption\":\"Tibor atya\"},\"url\":\"https:\\\/\\\/stuttgarti-katolikusok.de\\\/index.php\\\/author\\\/tibor-atya\\\/\"}]}<\/script>\n<!-- \/ Yoast SEO plugin. -->","yoast_head_json":{"title":"\u00c9vk\u00f6zi 18. vas\u00e1rnap - Stuttgarti Katolikusok","robots":{"index":"index","follow":"follow","max-snippet":"max-snippet:-1","max-image-preview":"max-image-preview:large","max-video-preview":"max-video-preview:-1"},"canonical":"https:\/\/stuttgarti-katolikusok.de\/index.php\/evkozi-18-vasarnap-3\/","og_locale":"hu_HU","og_type":"article","og_title":"\u00c9vk\u00f6zi 18. vas\u00e1rnap - Stuttgarti Katolikusok","og_description":"Mennyire j\u00f3 tudnunk azt, hogy Isten nem csup\u00e1n megteremtette a vil\u00e1got, hanem gondoskodik is r\u00f3la. A hasonlat k\u00e9zenfekv\u0151: nem el\u00e9g csup\u00e1n elk\u00e9sz\u00edteni a fali\u00f3r\u00e1t, de karban is kell tartani. Magunkra vonatkoztatva, s ez a h\u00edv\u0151 ember rem\u00e9nye, a j\u00f3 Isten \u00e9letre h\u00edvott benn\u00fcnket, s az\u00f3ta is gondunkat viseli. A Pr\u00e9dik\u00e1tor a muland\u00f3 dolgok hi\u00e1baval\u00f3s\u00e1g\u00e1t \u00e1ll\u00edtja el\u00e9nk. Olykor mi magunk is hajlamosak vagyunk mindent a &#8222;minden hi\u00e1baval\u00f3s\u00e1g&#8221; szem\u00fcveg\u00e9n kereszt\u00fcl szeml\u00e9lni. Pedig csak szem\u00fcveget kellene cser\u00e9ln\u00fcnk. Kapu Tibor egy gondolat\u00e1t hozn\u00e1m ide a vele k\u00e9sz\u00edtett besz\u00e9lget\u00e9sb\u0151l, miut\u00e1n visszat\u00e9rt a Vil\u00e1g\u0171rb\u0151l. Csod\u00e1latosnak \u00e9s sz\u00e9pnek l\u00e1tta a F\u00f6ldet \u00e9s orsz\u00e1g\u00e1t. Amennyiben \u00e9n is sz\u00e9pnek l\u00e1tom az engem k\u00f6r\u00fclvev\u0151 vil\u00e1got, siker\u00fcl \u00e9rtelmet \u00e9s c\u00e9lt adni minden munk\u00e1mnak, \u00e9letemnek. Ez pedig mer\u0151ben megv\u00e1ltoztatja \u00e9letszeml\u00e9letemet. Az \u00f6r\u00f6k\u00f6s pesszimizmust felv\u00e1ltja az eg\u00e9szs\u00e9ges kereszt\u00e9ny optimista szeml\u00e9let. A szentleck\u00e9ben Szent P\u00e1l apostol ezt a gondolatot hangs\u00falyozza. &#8222;Az \u00e9giekre ir\u00e1nyuljon figyelmetek, ne a f\u00f6ldiekre.&#8221; Erk\u00f6lcsi \u00fatmutat\u00e1st is ad hozz\u00e1, amely szeml\u00e9let v\u00e1lt\u00e1st jelent egyben. Levetni a r\u00e9gi embert, rossz szok\u00e1saival egy\u00fctt, \u00e9s magunkra \u00f6lteni az \u00fajat, aki k\u00e9sz az \u00e1lland\u00f3 meg\u00fajul\u00e1sra. Csod\u00e1latos \u00e9s var\u00e1zslatos bels\u0151 \u00fat ez mindannyiunk sz\u00e1m\u00e1ra, amennyiben k\u00e9szek vagyunk ezen bens\u0151 \u00fat megt\u00e9tel\u00e9re. Nem k\u00f6nny\u0171 az \u00fat, de meg\u00e9ri! Az evang\u00e9liumi tan\u00edt\u00e1s pedig az \u00dar J\u00e9zus p\u00e9ldabesz\u00e9d\u00e9n kereszt\u00fcl nagyszer\u0171en szeml\u00e9lteti, mit is jelent \u00e9let\u00fcnk szeml\u00e9letm\u00f3dj\u00e1nak megv\u00e1ltoztat\u00e1sa. Ebben az egyik a legnagyobb k\u00fczdelmet az anyagikhoz val\u00f3 viszonyunkban v\u00edvjuk. Anyagi javaink birtokl\u00e1sa nem v\u00e9gs\u0151 \u00e9s kiz\u00e1r\u00f3lagos c\u00e9l. Anyagi javaink csup\u00e1n eszk\u00f6z\u00f6k, melyek egy\u00e9ni \u00fcdv\u00f6ss\u00e9g\u00fcnket hivatottak szolg\u00e1lni. Mennyi j\u00f3t tehetek a magam kincseivel, legyen az b\u00e1rmi. Melyek az \u00e9n kincseim \u00e9s hogyan haszn\u00e1lom azokat? Keressem magamban a v\u00e1laszt! Kezd\u0151\u00e9nek: Istenem, j\u00f6jj seg\u00edts\u00e9gemre, Uram, siess, seg\u00edts meg engem! Seg\u00edt\u0151m \u00e9s szabad\u00edt\u00f3m te vagy, \u00e9n Istenem, ne k\u00e9slekedj! (Zsolt 69,2.6) K\u00f6ny\u00f6rg\u00e9s: Urunk, boldogan vallunk t\u00e9ged teremt\u0151 \u00e9s gondvisel\u0151 Isten\u00fcnknek. Oltalmazd mindenkor h\u00edveidet: \u00faj\u00edtsd meg kegyelmi adom\u00e1nyaidat benn\u00fcnk, \u00e9s meg\u00fajult \u00e9let\u00fcnket \u0151rizd meg j\u00f3s\u00e1gosan.... R\u00e9szletek","og_url":"https:\/\/stuttgarti-katolikusok.de\/index.php\/evkozi-18-vasarnap-3\/","og_site_name":"Stuttgarti Katolikusok","article_published_time":"2025-08-03T09:34:07+00:00","og_image":[{"width":2048,"height":1518,"url":"https:\/\/stuttgarti-katolikusok.de\/wp-content\/uploads\/2024\/08\/soare-alice.jpg","type":"image\/jpeg"}],"author":"Tibor atya","twitter_card":"summary_large_image","twitter_misc":{"Szerz\u0151:":"Tibor atya","Becs\u00fclt olvas\u00e1si id\u0151":"7 perc"},"schema":{"@context":"https:\/\/schema.org","@graph":[{"@type":"Article","@id":"https:\/\/stuttgarti-katolikusok.de\/index.php\/evkozi-18-vasarnap-3\/#article","isPartOf":{"@id":"https:\/\/stuttgarti-katolikusok.de\/index.php\/evkozi-18-vasarnap-3\/"},"author":{"name":"Tibor atya","@id":"https:\/\/stuttgarti-katolikusok.de\/#\/schema\/person\/75908d6f8fdc03a57889d27209df7795"},"headline":"\u00c9vk\u00f6zi 18. vas\u00e1rnap","datePublished":"2025-08-03T09:34:07+00:00","mainEntityOfPage":{"@id":"https:\/\/stuttgarti-katolikusok.de\/index.php\/evkozi-18-vasarnap-3\/"},"wordCount":1770,"image":{"@id":"https:\/\/stuttgarti-katolikusok.de\/index.php\/evkozi-18-vasarnap-3\/#primaryimage"},"thumbnailUrl":"https:\/\/stuttgarti-katolikusok.de\/wp-content\/uploads\/2024\/08\/soare-alice.jpg","articleSection":["A liturgia olvasm\u00e1nyai","Vas\u00e1rnapi gondolatok"],"inLanguage":"hu"},{"@type":"WebPage","@id":"https:\/\/stuttgarti-katolikusok.de\/index.php\/evkozi-18-vasarnap-3\/","url":"https:\/\/stuttgarti-katolikusok.de\/index.php\/evkozi-18-vasarnap-3\/","name":"\u00c9vk\u00f6zi 18. vas\u00e1rnap - Stuttgarti Katolikusok","isPartOf":{"@id":"https:\/\/stuttgarti-katolikusok.de\/#website"},"primaryImageOfPage":{"@id":"https:\/\/stuttgarti-katolikusok.de\/index.php\/evkozi-18-vasarnap-3\/#primaryimage"},"image":{"@id":"https:\/\/stuttgarti-katolikusok.de\/index.php\/evkozi-18-vasarnap-3\/#primaryimage"},"thumbnailUrl":"https:\/\/stuttgarti-katolikusok.de\/wp-content\/uploads\/2024\/08\/soare-alice.jpg","datePublished":"2025-08-03T09:34:07+00:00","author":{"@id":"https:\/\/stuttgarti-katolikusok.de\/#\/schema\/person\/75908d6f8fdc03a57889d27209df7795"},"breadcrumb":{"@id":"https:\/\/stuttgarti-katolikusok.de\/index.php\/evkozi-18-vasarnap-3\/#breadcrumb"},"inLanguage":"hu","potentialAction":[{"@type":"ReadAction","target":["https:\/\/stuttgarti-katolikusok.de\/index.php\/evkozi-18-vasarnap-3\/"]}]},{"@type":"ImageObject","inLanguage":"hu","@id":"https:\/\/stuttgarti-katolikusok.de\/index.php\/evkozi-18-vasarnap-3\/#primaryimage","url":"https:\/\/stuttgarti-katolikusok.de\/wp-content\/uploads\/2024\/08\/soare-alice.jpg","contentUrl":"https:\/\/stuttgarti-katolikusok.de\/wp-content\/uploads\/2024\/08\/soare-alice.jpg","width":2048,"height":1518},{"@type":"BreadcrumbList","@id":"https:\/\/stuttgarti-katolikusok.de\/index.php\/evkozi-18-vasarnap-3\/#breadcrumb","itemListElement":[{"@type":"ListItem","position":1,"name":"Kezd\u0151lap","item":"https:\/\/stuttgarti-katolikusok.de\/"},{"@type":"ListItem","position":2,"name":"\u00c9vk\u00f6zi 18. vas\u00e1rnap"}]},{"@type":"WebSite","@id":"https:\/\/stuttgarti-katolikusok.de\/#website","url":"https:\/\/stuttgarti-katolikusok.de\/","name":"Stuttgarti Katolikusok","description":"","potentialAction":[{"@type":"SearchAction","target":{"@type":"EntryPoint","urlTemplate":"https:\/\/stuttgarti-katolikusok.de\/?s={search_term_string}"},"query-input":{"@type":"PropertyValueSpecification","valueRequired":true,"valueName":"search_term_string"}}],"inLanguage":"hu"},{"@type":"Person","@id":"https:\/\/stuttgarti-katolikusok.de\/#\/schema\/person\/75908d6f8fdc03a57889d27209df7795","name":"Tibor atya","image":{"@type":"ImageObject","inLanguage":"hu","@id":"https:\/\/secure.gravatar.com\/avatar\/61d268e57d1f4525b111222e29d2d5a7f8c420fdbf231ba5566a8ceac74fa960?s=96&d=mm&r=g","url":"https:\/\/secure.gravatar.com\/avatar\/61d268e57d1f4525b111222e29d2d5a7f8c420fdbf231ba5566a8ceac74fa960?s=96&d=mm&r=g","contentUrl":"https:\/\/secure.gravatar.com\/avatar\/61d268e57d1f4525b111222e29d2d5a7f8c420fdbf231ba5566a8ceac74fa960?s=96&d=mm&r=g","caption":"Tibor atya"},"url":"https:\/\/stuttgarti-katolikusok.de\/index.php\/author\/tibor-atya\/"}]}},"_links":{"self":[{"href":"https:\/\/stuttgarti-katolikusok.de\/index.php\/wp-json\/wp\/v2\/posts\/31379","targetHints":{"allow":["GET"]}}],"collection":[{"href":"https:\/\/stuttgarti-katolikusok.de\/index.php\/wp-json\/wp\/v2\/posts"}],"about":[{"href":"https:\/\/stuttgarti-katolikusok.de\/index.php\/wp-json\/wp\/v2\/types\/post"}],"author":[{"embeddable":true,"href":"https:\/\/stuttgarti-katolikusok.de\/index.php\/wp-json\/wp\/v2\/users\/3"}],"replies":[{"embeddable":true,"href":"https:\/\/stuttgarti-katolikusok.de\/index.php\/wp-json\/wp\/v2\/comments?post=31379"}],"version-history":[{"count":3,"href":"https:\/\/stuttgarti-katolikusok.de\/index.php\/wp-json\/wp\/v2\/posts\/31379\/revisions"}],"predecessor-version":[{"id":31382,"href":"https:\/\/stuttgarti-katolikusok.de\/index.php\/wp-json\/wp\/v2\/posts\/31379\/revisions\/31382"}],"wp:featuredmedia":[{"embeddable":true,"href":"https:\/\/stuttgarti-katolikusok.de\/index.php\/wp-json\/wp\/v2\/media\/29246"}],"wp:attachment":[{"href":"https:\/\/stuttgarti-katolikusok.de\/index.php\/wp-json\/wp\/v2\/media?parent=31379"}],"wp:term":[{"taxonomy":"category","embeddable":true,"href":"https:\/\/stuttgarti-katolikusok.de\/index.php\/wp-json\/wp\/v2\/categories?post=31379"},{"taxonomy":"post_tag","embeddable":true,"href":"https:\/\/stuttgarti-katolikusok.de\/index.php\/wp-json\/wp\/v2\/tags?post=31379"}],"curies":[{"name":"wp","href":"https:\/\/api.w.org\/{rel}","templated":true}]}}