{"id":31317,"date":"2025-07-20T13:58:54","date_gmt":"2025-07-20T11:58:54","guid":{"rendered":"https:\/\/stuttgarti-katolikusok.de\/?p=31317"},"modified":"2025-07-20T14:03:57","modified_gmt":"2025-07-20T12:03:57","slug":"evkozi-16-vasarnap-2","status":"publish","type":"post","link":"https:\/\/stuttgarti-katolikusok.de\/index.php\/evkozi-16-vasarnap-2\/","title":{"rendered":"\u00c9vk\u00f6zi 16. vas\u00e1rnap"},"content":{"rendered":"<p><em><span style=\"color: #ff6600;\">Az \u00e9vk\u00f6zi 16. vas\u00e1rnapot az els\u0151 olvasm\u00e1ny \u00e9s az evang\u00e9liumi r\u00e9sz alapj\u00e1n a &#8222;Tal\u00e1lkoz\u00e1sok vas\u00e1rnapj\u00e1nak&#8221; is nevezhetj\u00fck. A tal\u00e1lkoz\u00e1sok emberi \u00e9let\u00fcnk fontos alkot\u00f3 r\u00e9sz\u00e9t k\u00e9pezik. Egyszer\u0171en csak az\u00e9rt, mert k\u00f6z\u00f6ss\u00e9gi l\u00e9nyek vagyunk. Thomas Merton gondolat\u00e1t k\u00f6lcs\u00f6n\u00f6zve, senki sem sziget. Mennyi \u00e9let \u00e9s er\u0151 van egy-egy tal\u00e1lkoz\u00e1sban! <\/span><\/em><\/p>\n<p><em><span style=\"color: #ff6600;\">K\u00e9tf\u00e9le tal\u00e1lkoz\u00e1s van jelen \u00e9let\u00fcnkben. <\/span><\/em><\/p>\n<p><em><span style=\"color: #ff6600;\">Az els\u0151, amelyet v\u00e1gyunk \u00e9s v\u00e1runk. Izgalommal \u00e9s \u00f6r\u00f6mmel t\u00f6lt el benn\u00fcnket. Mag\u00e1ban hordozza a felold\u00e1sra v\u00e1r\u00f3 fesz\u00fclts\u00e9get. Min\u00e9l kevesebb id\u0151 van h\u00e1tra a v\u00e1rt pillanatig, ann\u00e1l izgatottabbak vagyunk. Pilinszky J\u00e1nos fogalmazza meg ezt gy\u00f6ny\u00f6r\u0171en, a gyermek, aki v\u00e1r az els\u0151 h\u00f3es\u00e9sre. Fesz\u00fclt v\u00e1rakoz\u00e1s ez, mely fel\u00e9r a tal\u00e1lkoz\u00e1s \u00f6r\u00f6m\u00e9vel. Szerelmesek, bar\u00e1tok v\u00e1rnak a megbesz\u00e9lt id\u0151pontra, a nagy tal\u00e1lkoz\u00e1sra. Term\u00e9szetesen folytathatn\u00e1m a felsorol\u00e1st, de nem teszem. Ink\u00e1bb te magad szeml\u00e9ld bens\u0151dben \u00e9leted nagy tal\u00e1lkoz\u00e1sait, \u00e9s a hozz\u00e1juk val\u00f3 viszonyodat. Milyenek azok az \u00e9rz\u00e9sek, amelyek most hatalmukba ker\u00edtenek t\u00e9ged? Rem\u00e9ny szerint elt\u00f6ltenek melegs\u00e9ggel, \u00f6r\u00f6mmel, boldogs\u00e1ggal. A tal\u00e1lkoz\u00e1s mindig a m\u00e9rhet\u0151 id\u0151ben, a &#8222;kronosz&#8221;-ban t\u00f6rt\u00e9nik. A tal\u00e1lkoz\u00e1st k\u00f6vet\u0151en m\u00e1r csak eml\u00e9k lesz. Amennyiben azt szeretn\u00e9d, hogy a tal\u00e1lkoz\u00e1s k\u00edn\u00e1lta \u00f6r\u00f6m \u00e9s boldogs\u00e1g veled maradjon, tedd tal\u00e1lkoz\u00e1saidat \u00e9lm\u00e9nny\u00e9. Azaz szeml\u00e9ld a &#8222;kairosz&#8221; , a min\u0151s\u00e9gi id\u0151 pillanat\u00e1ban.\u00a0<\/span><\/em><\/p>\n<p><em><span style=\"color: #ff6600;\">Van egy m\u00e1sik fajta tal\u00e1lkoz\u00e1s is. Ett\u0151l f\u00e9l\u00fcnk, retteg\u00fcnk. Elbizonytalan\u00edt. Erre a tal\u00e1lkoz\u00e1sra nem v\u00e1runk, id\u0151pontj\u00e1t szeretn\u00e9nk min\u00e9l ink\u00e1bb kitolni. Nyilv\u00e1n ezen fajta tal\u00e1lkoz\u00e1sok is sokf\u00e9l\u00e9k \u00e9let\u00fcnkben. Tal\u00e1lkoz\u00e1s egy s\u00falyos betegs\u00e9ggel, az elv\u00e1l\u00e1st jelent\u0151 tal\u00e1lkoz\u00e1s&#8230; Itt is hossz\u00fa a sor. Benne pedig a legdr\u00e1maibb a szeretett szem\u00e9ly\u00fcnkkel val\u00f3 utols\u00f3 tal\u00e1lkoz\u00e1s.\u00a0<\/span><\/em><\/p>\n<p><em><span style=\"color: #ff6600;\">Ez a tal\u00e1lkoz\u00e1s fizikai \u00e9rtelemben b\u00facs\u00faz\u00e1st jelent. Szint\u00e9n a &#8222;kronosz&#8221;-ban, a m\u00e9rhet\u0151 id\u0151 tengely\u00e9n t\u00f6rt\u00e9nik. S ugyan\u00fagy, mint az els\u0151 esetben, itt is mag\u00e1ban hordozza a &#8222;kairosz&#8221;, min\u0151s\u00e9gi id\u0151 jelentette pillanatot, annak v\u00e9gn\u00e9lk\u00fclis\u00e9g\u00e9t. V\u00e9gtelen\u00edtett id\u0151v\u00e9 v\u00e1lik, azaz \u00f6r\u00f6kk\u00e9val\u00f3s\u00e1gg\u00e1.<\/span><\/em><\/p>\n<p><em><span style=\"color: #ff6600;\">Jelen vil\u00e1gunkban ezeket a tal\u00e1lkoz\u00e1sokat, b\u00facs\u00faz\u00e1sokat vesztes\u00e9gk\u00e9nt \u00e9lj\u00fck meg. Nyilv\u00e1n az\u00e9rt, mert csak a kronoszban szeml\u00e9lj\u00fck. H\u00edv\u0151 emberk\u00e9nt viszont, s ebben kereszt\u00e9ny hitem seg\u00edt, ezt a &#8222;tal\u00e1lkoz\u00e1st&#8221; a kairosz k\u00edn\u00e1lta pillanatban \u0151rz\u00f6m \u00e9s hordozom magamban. Err\u0151l \u00edr Szent P\u00e1l apostol a mai szentleck\u00e9ben: &#8222;Krisztus a megdics\u0151\u00fcl\u00e9s rem\u00e9nye bennetek.&#8221; <\/span><\/em><\/p>\n<p><em><span style=\"color: #ff6600;\">Bar\u00e1ts\u00e1ggal k\u00edn\u00e1lom ezen gondolatokat egy\u00e9ni elm\u00e9lked\u00e9sre.<\/span><\/em><\/p>\n<p><span style=\"color: #ff6600;\"><em>Tibor aty<\/em>a<\/span><\/p>\n<p><span style=\"color: #339966;\">Kezd\u0151\u00e9nek:<\/span><br \/>\n\u00edme, az Isten seg\u00edt engem, \u00e9s az \u00dar az \u00e9n lelkem oltalmaz\u00f3ja. K\u00e9szs\u00e9ges sz\u00edvvel \u00e1ldozom majd neked, \u00e9s h\u00e1l\u00e1t adok, Uram, j\u00f3s\u00e1gos nevednek. (V\u00f6. Zsolt 53,6.8)<\/p>\n<p><span style=\"color: #339966;\">K\u00f6ny\u00f6rg\u00e9s:<\/span><br \/>\nUrunk, Isten\u00fcnk, k\u00f6ny\u00f6r\u00fclj n\u00e9peden, \u00e9s add nek\u00fcnk b\u0151s\u00e9gesen kegyelmed aj\u00e1nd\u00e9kait, hogy mindenkor \u00e9l\u0151 hittel, rem\u00e9nys\u00e9ggel, szeretettel \u00e9s \u00e1lland\u00f3 \u00e9bers\u00e9ggel teljes\u00edts\u00fck parancsaidat. A mi Urunk, J\u00e9zus Krisztus, a te Fiad \u00e1ltal, aki veled \u00e9l \u00e9s uralkodik a Szentl\u00e9lekkel egys\u00e9gben, Isten mind\u00f6r\u00f6kk\u00f6n \u00f6r\u00f6kk\u00e9.<\/p>\n<p><span style=\"color: #339966;\">OLVASM\u00c1NY a Teremt\u00e9s k\u00f6nyv\u00e9b\u0151l (Ter 18,1-10a)<\/span><br \/>\n<em>Az <\/em><em>\u00dar k<\/em><em>\u00e9t angyal k<\/em><em>\u00eds<\/em><em>\u00e9ret<\/em><em>\u00e9ben megjelenik <\/em><em>\u00c1brah<\/em><em>\u00e1mnak.<\/em><br \/>\nEgy alkalommal az \u00dar megjelent \u00c1brah\u00e1mnak Mamre terebintj\u00e9n\u00e9l, amikor az a d\u00e9li forr\u00f3s\u00e1g idej\u00e9n s\u00e1tra bej\u00e1rat\u00e1n\u00e1l \u00fclt. \u00c1brah\u00e1m f\u00f6lemelte szem\u00e9t, \u00e9s \u00edme, h\u00e1rom f\u00e9rfi \u00e1llt el\u0151tte. Mihelyt megl\u00e1tta \u0151ket, a s\u00e1tor bej\u00e1rat\u00e1t\u00f3l el\u00e9j\u00fck sietett, f\u00f6ldig meghajolt, \u00e9s \u00edgy sz\u00f3lt: \u201eUram, ha kegyelmet tal\u00e1ltam sz\u00edned el\u0151tt, ne ker\u00fcld el szolg\u00e1dat. Mindj\u00e1rt hoznak egy kis vizet. Moss\u00e1tok meg l\u00e1batokat, \u00e9s telepedjetek le a fa alatt. \u00c9n pedig hozok egy falat kenyeret, hogy fel\u00fcd\u00edts\u00e9tek magatokat, azt\u00e1n tov\u00e1bb mehettek. Hiszen ez\u00e9rt ejtett\u00e9tek \u00fatba szolg\u00e1tokat.\u201d Azok \u00edgy v\u00e1laszoltak: \u201eTedd, amit mondt\u00e1l.\u201d<br \/>\n\u00c1brah\u00e1m besietett a s\u00e1tr\u00e1ba S\u00e1r\u00e1hoz, \u00e9s \u00edgy sz\u00f3lt: \u201eV\u00e9gy gyorsan h\u00e1rom adag lisztet, keleszd meg, \u00e9s s\u00fcss lep\u00e9nyt!\u201d Azut\u00e1n kiment \u00c1brah\u00e1m az \u00e1llatokhoz, kiv\u00e1lasztott egy fiatal \u00e9s er\u0151s borj\u00fat, \u00e9s odaadta a szolg\u00e1nak, hogy sietve k\u00e9sz\u00edtse el. Majd tejet \u00e9s vajat hozott, meghozta az elk\u00e9sz\u00edtett borj\u00fat is, \u00e9s el\u00e9j\u00fck tette. M\u00edg ettek, \u0151 ott \u00e1llt mellett\u00fck a fa alatt.<br \/>\nAzok megk\u00e9rdezt\u00e9k: \u201eHol van a feles\u00e9ged, S\u00e1ra?\u201d Ezt v\u00e1laszolta: \u201eItt a s\u00e1torban.\u201d Akkor az \u00dar \u00edgy sz\u00f3lt: \u201eA j\u00f6v\u0151 \u00e9vben ez id\u0151 t\u00e1jt visszaj\u00f6v\u00f6k, feles\u00e9gednek, S\u00e1r\u00e1nak addigra m\u00e1r fia lesz.\u201d<br \/>\nEz az Isten ig\u00e9je.<\/p>\n<p><span style=\"color: #339966;\">V\u00c1LASZOS ZSOLT\u00c1R (Zsolt 14,2-3a.3cd-4ab.5)<\/span><br \/>\nV\u00e1lasz:\u00a0<strong>Uram, ki lakhat * a te hajl<\/strong><strong>\u00e9kodban?<\/strong>\u00a0(5. t\u00f3nus)<br \/>\nEl\u0151\u00e9nekes: Aki b\u0171n n\u00e9lk\u00fcl \u00e9li \u00e9let\u00e9t, * \u00e9s helyesen cselekszik.<br \/>\nAki igazat gondol sz\u00edv\u00e9ben, * kinek r\u00e1galmat nem besz\u00e9l sz\u00e1ja.<br \/>\nH\u00edvek: Uram, ki lakhat * a te hajl\u00e9kodban?<br \/>\nE: Aki felebar\u00e1tj\u00e1nak nem tesz rosszat, * aki nem gyal\u00e1zza embert\u00e1rs\u00e1t.<br \/>\nAki a gonoszt semmibe veszi, * de tiszteli az istenf\u00e9l\u0151t.<br \/>\nH: Uram, ki lakhat * a te hajl\u00e9kodban?<br \/>\nE: Aki p\u00e9nz\u00e9t uzsor\u00e1ra nem adja, * \u00e9s veszteget\u00e9st nem fogad el az \u00e1rtatlan ellen.<br \/>\nAki \u00edgy \u00e9li \u00e9let\u00e9t, * soha meg nem rend\u00fcl.<br \/>\nH: Uram, ki lakhat * a te hajl\u00e9kodban?<\/p>\n<p><span style=\"color: #339966;\">SZENTLECKE Szent P\u00e1l apostolnak a kolosszeiekhez \u00edrt level\u00e9b\u0151l (Kol 1,24-28)<\/span><br \/>\n<em>Isten kinyilatkoztatta <\/em><em>\u00fcdv<\/em><em>\u00f6z<\/em><em>\u00edt<\/em><em>\u0151 akarat<\/em><em>\u00e1nak szent titk<\/em><em>\u00e1t.<\/em><br \/>\nTestv\u00e9reim!<br \/>\n\u00d6r\u00f6mmel szenvedek \u00e9rtetek, \u00e9s testemben kieg\u00e9sz\u00edtem azt, ami m\u00e9g hi\u00e1nyzik Krisztus szenved\u00e9s\u00e9b\u0151l az \u0151 test\u00e9nek, az Egyh\u00e1znak jav\u00e1ra.<br \/>\nEnnek lettem a szolg\u00e1ja abb\u00f3l az Istent\u0151l \u00e9rtetek kapott hivat\u00e1sn\u00e1l fogva, hogy az Isten szav\u00e1t \u00e9rv\u00e9nyre juttassam: Azt a titkot, amely korszakok \u00e9s nemzed\u00e9kek \u00f3ta rejtve volt, s amelyet most szentjeinek kinyilatkoztatott. Vel\u00fck akarta megismertetni az Isten, milyen f\u00f6ns\u00e9ges gazdags\u00e1got rejt a pog\u00e1nyok sz\u00e1m\u00e1ra ez a titok: Krisztus a megdics\u0151\u00fcl\u00e9s rem\u00e9nye bennetek.<br \/>\n\u0150t hirdetj\u00fck, amikor int\u00fcnk \u00e9s a teljes b\u00f6lcsess\u00e9g birtok\u00e1ban tan\u00edtunk mindenkit, hogy minden embert t\u00f6k\u00e9letess\u00e9 tegy\u00fcnk J\u00e9zus Krisztusban.<br \/>\nEz az Isten ig\u00e9je.<\/p>\n<p><span style=\"color: #339966;\">ALLELUJA<\/span><br \/>\nBoldogok, akik j\u00f3 sz\u00edvvel fogadj\u00e1k Isten ig\u00e9j\u00e9t, * \u00e9s \u00e1llhatatoss\u00e1gukkal gy\u00fcm\u00f6lcs\u00f6t teremnek. V\u00f6. Lk 8,15 \u2013 5. t\u00f3nus.<\/p>\n<p><span style=\"color: #339966;\">\u2020 EVANG\u00c9LIUM Szent Luk\u00e1cs k\u00f6nyv\u00e9b\u0151l (Lk 10,38-42)<\/span><br \/>\n<em>M<\/em><em>\u00e1ria a jobbik r<\/em><em>\u00e9szt v<\/em><em>\u00e1lasztja.<\/em><br \/>\nAbban az id\u0151ben:<br \/>\nJ\u00e9zus \u00e9s tan\u00edtv\u00e1nyai bet\u00e9rtek az egyik faluba. Egy M\u00e1rta nev\u0171 asszony befogadta \u0151t h\u00e1z\u00e1ba. Ennek n\u0151v\u00e9re, M\u00e1ria oda\u00fclt az \u00dar l\u00e1b\u00e1hoz \u00e9s hallgatta szavait.<br \/>\nM\u00e1rta meg s\u00fcrg\u00f6tt-forgott a sok h\u00e1zi dologban. Egyszer csak meg\u00e1llt: \u201eUram \u2013 m\u00e9ltatlankodott \u2013,nem t\u00f6r\u0151d\u00f6l vele, hogy n\u0151v\u00e9rem egyed\u00fcl hagy szolg\u00e1lni? Sz\u00f3lj neki, hogy seg\u00edtsen nekem.\u201d<br \/>\nAz \u00dar azonban \u00edgy v\u00e1laszolt: \u201eM\u00e1rta, M\u00e1rta, te sok mindennel t\u00f6r\u0151d\u00f6l, \u00e9s t\u00e9ged sok minden nyugtalan\u00edt, pedig csak egy a sz\u00fcks\u00e9ges. M\u00e1ria a jobbik r\u00e9szt v\u00e1lasztotta. Nem is vesz\u00edti el soha.\u201d<br \/>\nEzek az evang\u00e9lium ig\u00e9i.<\/p>\n<p><span style=\"color: #339966;\">EGYETEMES K\u00d6NY\u00d6RG\u00c9SEK<\/span><br \/>\nPap: K\u00e9rj\u00fck, testv\u00e9reim, a vil\u00e1goss\u00e1g Atyj\u00e1t, hogy nyissa meg szem\u00fcnket az egy sz\u00fcks\u00e9gesnek, lelk\u00fcnk \u00f6r\u00f6k \u00fcdv\u00f6ss\u00e9g\u00e9nek megl\u00e1t\u00e1s\u00e1ra \u00e9s megbecs\u00fcl\u00e9s\u00e9re!<br \/>\nLektor: 1. Add, Urunk, kegyelmedet, hogy sikereink el ne vak\u00edtsanak minket, \u00e9s fel tudjuk ismerni az \u00f6r\u00f6kk\u00e9 tart\u00f3 javak \u00e9rt\u00e9k\u00e9t!<br \/>\nH\u00edvek: K\u00e9r\u00fcnk T\u00e9ged, hallgass meg minket!<br \/>\n2. Add kegyelmedet, hogy Egyh\u00e1zad megszerettesse a vil\u00e1ggal a lelki szeg\u00e9nys\u00e9get: az anyagiakhoz nem tapad\u00f3 lelk\u00fcletet!<br \/>\nH\u00edvek: K\u00e9r\u00fcnk T\u00e9ged, hallgass meg minket!<br \/>\n3. Add kegyelmedet, hogy \u00fagy keress\u00fck a f\u00f6ldi j\u00f3l\u00e9tet, hogy el ne vesz\u00edts\u00fck az \u00f6r\u00f6k boldogs\u00e1got!<br \/>\nH\u00edvek: K\u00e9r\u00fcnk T\u00e9ged, hallgass meg minket!<br \/>\n4. Add kegyelmedet, hogy a kereszt\u00e9nyek t\u00f6bbre becs\u00fclj\u00e9k lelk\u00fck tisztas\u00e1g\u00e1t minden m\u00e1sn\u00e1l, amit a vil\u00e1g k\u00edn\u00e1l!<br \/>\nH\u00edvek: K\u00e9r\u00fcnk T\u00e9ged, hallgass meg minket!<br \/>\n5. Add kegyelmedet, hogy egyh\u00e1zk\u00f6zs\u00e9g\u00fcnk h\u00edvei \u00e1t\u00e9rezz\u00e9k J\u00e9zus szav\u00e1nak igazs\u00e1g\u00e1t: jobb adni, mint kapni!<br \/>\nH\u00edvek: K\u00e9r\u00fcnk T\u00e9ged, hallgass meg minket!<br \/>\nPap: Urunk, Isten\u00fcnk, Te a kereszts\u00e9gben arra h\u00edvt\u00e1l meg minket, hogy a megszentel\u0151 kegyelem \u00e1ltal sz\u00fcntelen\u00fcl az istengyermeks\u00e9g \u00e1llapot\u00e1ban maradjunk, \u00e9s szent Fiad p\u00e9ld\u00e1j\u00e1ra L\u00e9lek szerint \u00e9lj\u00fcnk. Er\u0151s\u00edts meg minket a j\u00f3ban, hogy szent hivat\u00e1sunkat semmi\u00e9rt el ne cser\u00e9lj\u00fck, \u00e9s \u00edgy el\u00e9rj\u00fck \u00f6r\u00f6k c\u00e9lunkat! Krisztus, a mi Urunk \u00e1ltal.<br \/>\nH\u00edvek: \u00c1men.<\/p>\n<p><span style=\"color: #339966;\">Felaj\u00e1nl\u00f3 k\u00f6ny\u00f6rg\u00e9s:<\/span><br \/>\nIsten\u00fcnk, te a sokf\u00e9le \u00f3sz\u00f6vets\u00e9gi \u00e1ldozat hely\u00e9be egyetlen t\u00f6k\u00e9letes \u00e1ldozatul Fiad kereszt\u00e1ldozat\u00e1t rendelted. K\u00e9r\u00fcnk, fogadd el h\u00edveid \u00e1ldozati adom\u00e1ny\u00e1t, amint egykor elfogadtad \u00c1bel \u00e1ldozat\u00e1t, hogy amit most F\u00f6ls\u00e9ged dics\u0151\u00edt\u00e9s\u00e9re felaj\u00e1nlunk, az eg\u00e9sz vil\u00e1g \u00fcdv\u00f6ss\u00e9g\u00e9re v\u00e1lj\u00e9k. Krisztus, a mi Urunk \u00e1ltal.<\/p>\n<p><span style=\"color: #339966;\">Pref\u00e1ci\u00f3:<\/span><br \/>\nMert val\u00f3ban m\u00e9lt\u00f3 \u00e9s igazs\u00e1gos, ill\u0151 \u00e9s \u00fcdv\u00f6s, hogy mindig \u00e9s minden\u00fctt h\u00e1l\u00e1t adjunk n\u00e9ked, mi Urunk, szents\u00e9ges Aty\u00e1nk, mindenhat\u00f3, \u00f6r\u00f6k Isten:<br \/>\nA b\u0171n ugyan elszak\u00edtotta fiaidat t\u0151led, de szent Fiad v\u00e9re \u00e9s Szentlelked ereje \u00e1ltal te \u00fajb\u00f3l magad k\u00f6r\u00e9 akartad gy\u0171jteni \u0151ket:<br \/>\nhogy n\u00e9ped, amelyet a Szenth\u00e1roms\u00e1g egy Isten egyes\u00edt, a Te m\u00e9rhetetlen b\u00f6lcsess\u00e9ged dics\u00e9ret\u00e9re Egyh\u00e1zz\u00e1 v\u00e1lj\u00e9k, mint Krisztus teste \u00e9s a Szentl\u00e9lek temploma.<br \/>\n\u00c9s ez\u00e9rt mi is az angyalok k\u00f3rus\u00e1hoz t\u00e1rsulunk, dics\u0151\u00edt\u00fcnk T\u00e9ged, \u00e9s ujjongva zengj\u00fck:<\/p>\n<p><span style=\"color: #339966;\">\u00c1ldoz\u00e1si \u00e9nek:<\/span><br \/>\nEml\u00e9kezetet szerzett csodatetteinek az irgalmas \u00e9s k\u00f6ny\u00f6r\u00fcletes \u00dar: eledelt adott az \u0151t f\u00e9l\u0151knek. (Zsolt 110,4-5)<br \/>\n<span style=\"color: #339966;\"><em>vagy<\/em><\/span><br \/>\n\u00cdme, az ajt\u00f3ban \u00e1llok \u00e9s kopogok \u2013 mondja az \u00dar: ha valaki meghallja hangom, \u00e9s ajt\u00f3t nyit nekem, bemegyek hozz\u00e1, vele eszem, \u0151 meg \u00e9nvelem. (Jel 3,20)<\/p>\n<p><span style=\"color: #339966;\">\u00c1ldoz\u00e1s ut\u00e1ni k\u00f6ny\u00f6rg\u00e9s:<\/span><br \/>\nK\u00e9r\u00fcnk, Urunk, Isten\u00fcnk, l\u00e9gy irgalmas a te n\u00e9pedhez, \u00e9s minket, akiket a mennyei miszt\u00e9riumokba beavatt\u00e1l, vezess \u00e1t a r\u00e9gib\u0151l az \u00faj \u00e9letbe. Krisztus, a mi Urunk \u00e1ltal.<\/p>\n<p><em>(K\u00e9p forr\u00e1sa: Instagram)<\/em><\/p>\n","protected":false},"excerpt":{"rendered":"<p>Az \u00e9vk\u00f6zi 16. vas\u00e1rnapot az els\u0151 olvasm\u00e1ny \u00e9s az evang\u00e9liumi r\u00e9sz alapj\u00e1n a &#8222;Tal\u00e1lkoz\u00e1sok vas\u00e1rnapj\u00e1nak&#8221; is nevezhetj\u00fck. A tal\u00e1lkoz\u00e1sok emberi \u00e9let\u00fcnk fontos alkot\u00f3 r\u00e9sz\u00e9t k\u00e9pezik. Egyszer\u0171en csak az\u00e9rt, mert k\u00f6z\u00f6ss\u00e9gi l\u00e9nyek vagyunk. Thomas Merton gondolat\u00e1t k\u00f6lcs\u00f6n\u00f6zve, senki sem sziget. Mennyi \u00e9let \u00e9s er\u0151 van egy-egy tal\u00e1lkoz\u00e1sban! K\u00e9tf\u00e9le tal\u00e1lkoz\u00e1s van jelen \u00e9let\u00fcnkben. Az els\u0151, amelyet v\u00e1gyunk \u00e9s v\u00e1runk. Izgalommal \u00e9s \u00f6r\u00f6mmel t\u00f6lt el benn\u00fcnket. Mag\u00e1ban hordozza a felold\u00e1sra v\u00e1r\u00f3 fesz\u00fclts\u00e9get. Min\u00e9l kevesebb id\u0151 van h\u00e1tra a v\u00e1rt pillanatig, ann\u00e1l izgatottabbak vagyunk. Pilinszky J\u00e1nos fogalmazza meg ezt gy\u00f6ny\u00f6r\u0171en, a gyermek, aki v\u00e1r az els\u0151 h\u00f3es\u00e9sre. Fesz\u00fclt v\u00e1rakoz\u00e1s ez, mely fel\u00e9r a tal\u00e1lkoz\u00e1s \u00f6r\u00f6m\u00e9vel. Szerelmesek, bar\u00e1tok v\u00e1rnak a megbesz\u00e9lt id\u0151pontra, a nagy tal\u00e1lkoz\u00e1sra. Term\u00e9szetesen folytathatn\u00e1m a felsorol\u00e1st, de nem teszem. Ink\u00e1bb te magad szeml\u00e9ld bens\u0151dben \u00e9leted nagy tal\u00e1lkoz\u00e1sait, \u00e9s a hozz\u00e1juk val\u00f3 viszonyodat. Milyenek azok az \u00e9rz\u00e9sek, amelyek most hatalmukba ker\u00edtenek t\u00e9ged? Rem\u00e9ny szerint elt\u00f6ltenek melegs\u00e9ggel, \u00f6r\u00f6mmel, boldogs\u00e1ggal. A tal\u00e1lkoz\u00e1s mindig a m\u00e9rhet\u0151 id\u0151ben, a &#8222;kronosz&#8221;-ban t\u00f6rt\u00e9nik. A tal\u00e1lkoz\u00e1st k\u00f6vet\u0151en m\u00e1r csak eml\u00e9k lesz. Amennyiben azt szeretn\u00e9d, hogy a tal\u00e1lkoz\u00e1s k\u00edn\u00e1lta \u00f6r\u00f6m \u00e9s boldogs\u00e1g veled maradjon, tedd tal\u00e1lkoz\u00e1saidat \u00e9lm\u00e9nny\u00e9. Azaz szeml\u00e9ld a &#8222;kairosz&#8221; , a min\u0151s\u00e9gi id\u0151 pillanat\u00e1ban.\u00a0 Van egy m\u00e1sik fajta tal\u00e1lkoz\u00e1s is. Ett\u0151l f\u00e9l\u00fcnk, retteg\u00fcnk. Elbizonytalan\u00edt. Erre a tal\u00e1lkoz\u00e1sra nem v\u00e1runk, id\u0151pontj\u00e1t szeretn\u00e9nk min\u00e9l ink\u00e1bb kitolni. Nyilv\u00e1n ezen fajta tal\u00e1lkoz\u00e1sok is sokf\u00e9l\u00e9k \u00e9let\u00fcnkben. Tal\u00e1lkoz\u00e1s egy s\u00falyos betegs\u00e9ggel, az elv\u00e1l\u00e1st jelent\u0151 tal\u00e1lkoz\u00e1s&#8230; Itt is hossz\u00fa a sor. Benne pedig a legdr\u00e1maibb a szeretett szem\u00e9ly\u00fcnkkel val\u00f3 utols\u00f3 tal\u00e1lkoz\u00e1s.\u00a0 Ez a tal\u00e1lkoz\u00e1s fizikai \u00e9rtelemben b\u00facs\u00faz\u00e1st jelent. Szint\u00e9n a &#8222;kronosz&#8221;-ban, a m\u00e9rhet\u0151 id\u0151 tengely\u00e9n t\u00f6rt\u00e9nik. S ugyan\u00fagy, mint az els\u0151 esetben, itt is mag\u00e1ban hordozza a &#8222;kairosz&#8221;, min\u0151s\u00e9gi id\u0151 jelentette pillanatot, annak v\u00e9gn\u00e9lk\u00fclis\u00e9g\u00e9t. V\u00e9gtelen\u00edtett id\u0151v\u00e9 v\u00e1lik, azaz \u00f6r\u00f6kk\u00e9val\u00f3s\u00e1gg\u00e1. Jelen vil\u00e1gunkban ezeket a tal\u00e1lkoz\u00e1sokat, b\u00facs\u00faz\u00e1sokat vesztes\u00e9gk\u00e9nt \u00e9lj\u00fck meg. Nyilv\u00e1n az\u00e9rt, mert csak a kronoszban szeml\u00e9lj\u00fck. H\u00edv\u0151 emberk\u00e9nt viszont, s ebben kereszt\u00e9ny hitem seg\u00edt, ezt a &#8222;tal\u00e1lkoz\u00e1st&#8221;&#8230; <\/p>\n<p><a class=\"readmore\" href=\"https:\/\/stuttgarti-katolikusok.de\/index.php\/evkozi-16-vasarnap-2\/\">R\u00e9szletek<\/a><\/p>\n","protected":false},"author":3,"featured_media":29220,"comment_status":"closed","ping_status":"closed","sticky":false,"template":"","format":"standard","meta":{"footnotes":""},"categories":[85,63],"tags":[],"class_list":["post-31317","post","type-post","status-publish","format-standard","has-post-thumbnail","hentry","category-a-liturgia-olvasmanyai","category-vasarnapi-gondolatok"],"yoast_head":"<!-- This site is optimized with the Yoast SEO plugin v27.3 - https:\/\/yoast.com\/product\/yoast-seo-wordpress\/ -->\n<title>\u00c9vk\u00f6zi 16. vas\u00e1rnap - Stuttgarti Katolikusok<\/title>\n<meta name=\"robots\" content=\"index, follow, max-snippet:-1, max-image-preview:large, max-video-preview:-1\" \/>\n<link rel=\"canonical\" href=\"https:\/\/stuttgarti-katolikusok.de\/index.php\/evkozi-16-vasarnap-2\/\" \/>\n<meta property=\"og:locale\" content=\"hu_HU\" \/>\n<meta property=\"og:type\" content=\"article\" \/>\n<meta property=\"og:title\" content=\"\u00c9vk\u00f6zi 16. vas\u00e1rnap - Stuttgarti Katolikusok\" \/>\n<meta property=\"og:description\" content=\"Az \u00e9vk\u00f6zi 16. vas\u00e1rnapot az els\u0151 olvasm\u00e1ny \u00e9s az evang\u00e9liumi r\u00e9sz alapj\u00e1n a &#8222;Tal\u00e1lkoz\u00e1sok vas\u00e1rnapj\u00e1nak&#8221; is nevezhetj\u00fck. A tal\u00e1lkoz\u00e1sok emberi \u00e9let\u00fcnk fontos alkot\u00f3 r\u00e9sz\u00e9t k\u00e9pezik. Egyszer\u0171en csak az\u00e9rt, mert k\u00f6z\u00f6ss\u00e9gi l\u00e9nyek vagyunk. Thomas Merton gondolat\u00e1t k\u00f6lcs\u00f6n\u00f6zve, senki sem sziget. Mennyi \u00e9let \u00e9s er\u0151 van egy-egy tal\u00e1lkoz\u00e1sban! K\u00e9tf\u00e9le tal\u00e1lkoz\u00e1s van jelen \u00e9let\u00fcnkben. Az els\u0151, amelyet v\u00e1gyunk \u00e9s v\u00e1runk. Izgalommal \u00e9s \u00f6r\u00f6mmel t\u00f6lt el benn\u00fcnket. Mag\u00e1ban hordozza a felold\u00e1sra v\u00e1r\u00f3 fesz\u00fclts\u00e9get. Min\u00e9l kevesebb id\u0151 van h\u00e1tra a v\u00e1rt pillanatig, ann\u00e1l izgatottabbak vagyunk. Pilinszky J\u00e1nos fogalmazza meg ezt gy\u00f6ny\u00f6r\u0171en, a gyermek, aki v\u00e1r az els\u0151 h\u00f3es\u00e9sre. Fesz\u00fclt v\u00e1rakoz\u00e1s ez, mely fel\u00e9r a tal\u00e1lkoz\u00e1s \u00f6r\u00f6m\u00e9vel. Szerelmesek, bar\u00e1tok v\u00e1rnak a megbesz\u00e9lt id\u0151pontra, a nagy tal\u00e1lkoz\u00e1sra. Term\u00e9szetesen folytathatn\u00e1m a felsorol\u00e1st, de nem teszem. Ink\u00e1bb te magad szeml\u00e9ld bens\u0151dben \u00e9leted nagy tal\u00e1lkoz\u00e1sait, \u00e9s a hozz\u00e1juk val\u00f3 viszonyodat. Milyenek azok az \u00e9rz\u00e9sek, amelyek most hatalmukba ker\u00edtenek t\u00e9ged? Rem\u00e9ny szerint elt\u00f6ltenek melegs\u00e9ggel, \u00f6r\u00f6mmel, boldogs\u00e1ggal. A tal\u00e1lkoz\u00e1s mindig a m\u00e9rhet\u0151 id\u0151ben, a &#8222;kronosz&#8221;-ban t\u00f6rt\u00e9nik. A tal\u00e1lkoz\u00e1st k\u00f6vet\u0151en m\u00e1r csak eml\u00e9k lesz. Amennyiben azt szeretn\u00e9d, hogy a tal\u00e1lkoz\u00e1s k\u00edn\u00e1lta \u00f6r\u00f6m \u00e9s boldogs\u00e1g veled maradjon, tedd tal\u00e1lkoz\u00e1saidat \u00e9lm\u00e9nny\u00e9. Azaz szeml\u00e9ld a &#8222;kairosz&#8221; , a min\u0151s\u00e9gi id\u0151 pillanat\u00e1ban.\u00a0 Van egy m\u00e1sik fajta tal\u00e1lkoz\u00e1s is. Ett\u0151l f\u00e9l\u00fcnk, retteg\u00fcnk. Elbizonytalan\u00edt. Erre a tal\u00e1lkoz\u00e1sra nem v\u00e1runk, id\u0151pontj\u00e1t szeretn\u00e9nk min\u00e9l ink\u00e1bb kitolni. Nyilv\u00e1n ezen fajta tal\u00e1lkoz\u00e1sok is sokf\u00e9l\u00e9k \u00e9let\u00fcnkben. Tal\u00e1lkoz\u00e1s egy s\u00falyos betegs\u00e9ggel, az elv\u00e1l\u00e1st jelent\u0151 tal\u00e1lkoz\u00e1s&#8230; Itt is hossz\u00fa a sor. Benne pedig a legdr\u00e1maibb a szeretett szem\u00e9ly\u00fcnkkel val\u00f3 utols\u00f3 tal\u00e1lkoz\u00e1s.\u00a0 Ez a tal\u00e1lkoz\u00e1s fizikai \u00e9rtelemben b\u00facs\u00faz\u00e1st jelent. Szint\u00e9n a &#8222;kronosz&#8221;-ban, a m\u00e9rhet\u0151 id\u0151 tengely\u00e9n t\u00f6rt\u00e9nik. S ugyan\u00fagy, mint az els\u0151 esetben, itt is mag\u00e1ban hordozza a &#8222;kairosz&#8221;, min\u0151s\u00e9gi id\u0151 jelentette pillanatot, annak v\u00e9gn\u00e9lk\u00fclis\u00e9g\u00e9t. V\u00e9gtelen\u00edtett id\u0151v\u00e9 v\u00e1lik, azaz \u00f6r\u00f6kk\u00e9val\u00f3s\u00e1gg\u00e1. Jelen vil\u00e1gunkban ezeket a tal\u00e1lkoz\u00e1sokat, b\u00facs\u00faz\u00e1sokat vesztes\u00e9gk\u00e9nt \u00e9lj\u00fck meg. Nyilv\u00e1n az\u00e9rt, mert csak a kronoszban szeml\u00e9lj\u00fck. H\u00edv\u0151 emberk\u00e9nt viszont, s ebben kereszt\u00e9ny hitem seg\u00edt, ezt a &#8222;tal\u00e1lkoz\u00e1st&#8221;... R\u00e9szletek\" \/>\n<meta property=\"og:url\" content=\"https:\/\/stuttgarti-katolikusok.de\/index.php\/evkozi-16-vasarnap-2\/\" \/>\n<meta property=\"og:site_name\" content=\"Stuttgarti Katolikusok\" \/>\n<meta property=\"article:published_time\" content=\"2025-07-20T11:58:54+00:00\" \/>\n<meta property=\"article:modified_time\" content=\"2025-07-20T12:03:57+00:00\" \/>\n<meta property=\"og:image\" content=\"https:\/\/stuttgarti-katolikusok.de\/wp-content\/uploads\/2024\/07\/img-2867-scaled.jpg\" \/>\n\t<meta property=\"og:image:width\" content=\"2560\" \/>\n\t<meta property=\"og:image:height\" content=\"1707\" \/>\n\t<meta property=\"og:image:type\" content=\"image\/jpeg\" \/>\n<meta name=\"author\" content=\"Tibor atya\" \/>\n<meta name=\"twitter:card\" content=\"summary_large_image\" \/>\n<meta name=\"twitter:label1\" content=\"Szerz\u0151:\" \/>\n\t<meta name=\"twitter:data1\" content=\"Tibor atya\" \/>\n\t<meta name=\"twitter:label2\" content=\"Becs\u00fclt olvas\u00e1si id\u0151\" \/>\n\t<meta name=\"twitter:data2\" content=\"8 perc\" \/>\n<script type=\"application\/ld+json\" class=\"yoast-schema-graph\">{\"@context\":\"https:\\\/\\\/schema.org\",\"@graph\":[{\"@type\":\"Article\",\"@id\":\"https:\\\/\\\/stuttgarti-katolikusok.de\\\/index.php\\\/evkozi-16-vasarnap-2\\\/#article\",\"isPartOf\":{\"@id\":\"https:\\\/\\\/stuttgarti-katolikusok.de\\\/index.php\\\/evkozi-16-vasarnap-2\\\/\"},\"author\":{\"name\":\"Tibor atya\",\"@id\":\"https:\\\/\\\/stuttgarti-katolikusok.de\\\/#\\\/schema\\\/person\\\/75908d6f8fdc03a57889d27209df7795\"},\"headline\":\"\u00c9vk\u00f6zi 16. vas\u00e1rnap\",\"datePublished\":\"2025-07-20T11:58:54+00:00\",\"dateModified\":\"2025-07-20T12:03:57+00:00\",\"mainEntityOfPage\":{\"@id\":\"https:\\\/\\\/stuttgarti-katolikusok.de\\\/index.php\\\/evkozi-16-vasarnap-2\\\/\"},\"wordCount\":1970,\"image\":{\"@id\":\"https:\\\/\\\/stuttgarti-katolikusok.de\\\/index.php\\\/evkozi-16-vasarnap-2\\\/#primaryimage\"},\"thumbnailUrl\":\"https:\\\/\\\/stuttgarti-katolikusok.de\\\/wp-content\\\/uploads\\\/2024\\\/07\\\/img-2867-scaled.jpg\",\"articleSection\":[\"A liturgia olvasm\u00e1nyai\",\"Vas\u00e1rnapi gondolatok\"],\"inLanguage\":\"hu\"},{\"@type\":\"WebPage\",\"@id\":\"https:\\\/\\\/stuttgarti-katolikusok.de\\\/index.php\\\/evkozi-16-vasarnap-2\\\/\",\"url\":\"https:\\\/\\\/stuttgarti-katolikusok.de\\\/index.php\\\/evkozi-16-vasarnap-2\\\/\",\"name\":\"\u00c9vk\u00f6zi 16. vas\u00e1rnap - Stuttgarti Katolikusok\",\"isPartOf\":{\"@id\":\"https:\\\/\\\/stuttgarti-katolikusok.de\\\/#website\"},\"primaryImageOfPage\":{\"@id\":\"https:\\\/\\\/stuttgarti-katolikusok.de\\\/index.php\\\/evkozi-16-vasarnap-2\\\/#primaryimage\"},\"image\":{\"@id\":\"https:\\\/\\\/stuttgarti-katolikusok.de\\\/index.php\\\/evkozi-16-vasarnap-2\\\/#primaryimage\"},\"thumbnailUrl\":\"https:\\\/\\\/stuttgarti-katolikusok.de\\\/wp-content\\\/uploads\\\/2024\\\/07\\\/img-2867-scaled.jpg\",\"datePublished\":\"2025-07-20T11:58:54+00:00\",\"dateModified\":\"2025-07-20T12:03:57+00:00\",\"author\":{\"@id\":\"https:\\\/\\\/stuttgarti-katolikusok.de\\\/#\\\/schema\\\/person\\\/75908d6f8fdc03a57889d27209df7795\"},\"breadcrumb\":{\"@id\":\"https:\\\/\\\/stuttgarti-katolikusok.de\\\/index.php\\\/evkozi-16-vasarnap-2\\\/#breadcrumb\"},\"inLanguage\":\"hu\",\"potentialAction\":[{\"@type\":\"ReadAction\",\"target\":[\"https:\\\/\\\/stuttgarti-katolikusok.de\\\/index.php\\\/evkozi-16-vasarnap-2\\\/\"]}]},{\"@type\":\"ImageObject\",\"inLanguage\":\"hu\",\"@id\":\"https:\\\/\\\/stuttgarti-katolikusok.de\\\/index.php\\\/evkozi-16-vasarnap-2\\\/#primaryimage\",\"url\":\"https:\\\/\\\/stuttgarti-katolikusok.de\\\/wp-content\\\/uploads\\\/2024\\\/07\\\/img-2867-scaled.jpg\",\"contentUrl\":\"https:\\\/\\\/stuttgarti-katolikusok.de\\\/wp-content\\\/uploads\\\/2024\\\/07\\\/img-2867-scaled.jpg\",\"width\":2560,\"height\":1707},{\"@type\":\"BreadcrumbList\",\"@id\":\"https:\\\/\\\/stuttgarti-katolikusok.de\\\/index.php\\\/evkozi-16-vasarnap-2\\\/#breadcrumb\",\"itemListElement\":[{\"@type\":\"ListItem\",\"position\":1,\"name\":\"Kezd\u0151lap\",\"item\":\"https:\\\/\\\/stuttgarti-katolikusok.de\\\/\"},{\"@type\":\"ListItem\",\"position\":2,\"name\":\"\u00c9vk\u00f6zi 16. vas\u00e1rnap\"}]},{\"@type\":\"WebSite\",\"@id\":\"https:\\\/\\\/stuttgarti-katolikusok.de\\\/#website\",\"url\":\"https:\\\/\\\/stuttgarti-katolikusok.de\\\/\",\"name\":\"Stuttgarti Katolikusok\",\"description\":\"\",\"potentialAction\":[{\"@type\":\"SearchAction\",\"target\":{\"@type\":\"EntryPoint\",\"urlTemplate\":\"https:\\\/\\\/stuttgarti-katolikusok.de\\\/?s={search_term_string}\"},\"query-input\":{\"@type\":\"PropertyValueSpecification\",\"valueRequired\":true,\"valueName\":\"search_term_string\"}}],\"inLanguage\":\"hu\"},{\"@type\":\"Person\",\"@id\":\"https:\\\/\\\/stuttgarti-katolikusok.de\\\/#\\\/schema\\\/person\\\/75908d6f8fdc03a57889d27209df7795\",\"name\":\"Tibor atya\",\"image\":{\"@type\":\"ImageObject\",\"inLanguage\":\"hu\",\"@id\":\"https:\\\/\\\/secure.gravatar.com\\\/avatar\\\/61d268e57d1f4525b111222e29d2d5a7f8c420fdbf231ba5566a8ceac74fa960?s=96&d=mm&r=g\",\"url\":\"https:\\\/\\\/secure.gravatar.com\\\/avatar\\\/61d268e57d1f4525b111222e29d2d5a7f8c420fdbf231ba5566a8ceac74fa960?s=96&d=mm&r=g\",\"contentUrl\":\"https:\\\/\\\/secure.gravatar.com\\\/avatar\\\/61d268e57d1f4525b111222e29d2d5a7f8c420fdbf231ba5566a8ceac74fa960?s=96&d=mm&r=g\",\"caption\":\"Tibor atya\"},\"url\":\"https:\\\/\\\/stuttgarti-katolikusok.de\\\/index.php\\\/author\\\/tibor-atya\\\/\"}]}<\/script>\n<!-- \/ Yoast SEO plugin. -->","yoast_head_json":{"title":"\u00c9vk\u00f6zi 16. vas\u00e1rnap - Stuttgarti Katolikusok","robots":{"index":"index","follow":"follow","max-snippet":"max-snippet:-1","max-image-preview":"max-image-preview:large","max-video-preview":"max-video-preview:-1"},"canonical":"https:\/\/stuttgarti-katolikusok.de\/index.php\/evkozi-16-vasarnap-2\/","og_locale":"hu_HU","og_type":"article","og_title":"\u00c9vk\u00f6zi 16. vas\u00e1rnap - Stuttgarti Katolikusok","og_description":"Az \u00e9vk\u00f6zi 16. vas\u00e1rnapot az els\u0151 olvasm\u00e1ny \u00e9s az evang\u00e9liumi r\u00e9sz alapj\u00e1n a &#8222;Tal\u00e1lkoz\u00e1sok vas\u00e1rnapj\u00e1nak&#8221; is nevezhetj\u00fck. A tal\u00e1lkoz\u00e1sok emberi \u00e9let\u00fcnk fontos alkot\u00f3 r\u00e9sz\u00e9t k\u00e9pezik. Egyszer\u0171en csak az\u00e9rt, mert k\u00f6z\u00f6ss\u00e9gi l\u00e9nyek vagyunk. Thomas Merton gondolat\u00e1t k\u00f6lcs\u00f6n\u00f6zve, senki sem sziget. Mennyi \u00e9let \u00e9s er\u0151 van egy-egy tal\u00e1lkoz\u00e1sban! K\u00e9tf\u00e9le tal\u00e1lkoz\u00e1s van jelen \u00e9let\u00fcnkben. Az els\u0151, amelyet v\u00e1gyunk \u00e9s v\u00e1runk. Izgalommal \u00e9s \u00f6r\u00f6mmel t\u00f6lt el benn\u00fcnket. Mag\u00e1ban hordozza a felold\u00e1sra v\u00e1r\u00f3 fesz\u00fclts\u00e9get. Min\u00e9l kevesebb id\u0151 van h\u00e1tra a v\u00e1rt pillanatig, ann\u00e1l izgatottabbak vagyunk. Pilinszky J\u00e1nos fogalmazza meg ezt gy\u00f6ny\u00f6r\u0171en, a gyermek, aki v\u00e1r az els\u0151 h\u00f3es\u00e9sre. Fesz\u00fclt v\u00e1rakoz\u00e1s ez, mely fel\u00e9r a tal\u00e1lkoz\u00e1s \u00f6r\u00f6m\u00e9vel. Szerelmesek, bar\u00e1tok v\u00e1rnak a megbesz\u00e9lt id\u0151pontra, a nagy tal\u00e1lkoz\u00e1sra. Term\u00e9szetesen folytathatn\u00e1m a felsorol\u00e1st, de nem teszem. Ink\u00e1bb te magad szeml\u00e9ld bens\u0151dben \u00e9leted nagy tal\u00e1lkoz\u00e1sait, \u00e9s a hozz\u00e1juk val\u00f3 viszonyodat. Milyenek azok az \u00e9rz\u00e9sek, amelyek most hatalmukba ker\u00edtenek t\u00e9ged? Rem\u00e9ny szerint elt\u00f6ltenek melegs\u00e9ggel, \u00f6r\u00f6mmel, boldogs\u00e1ggal. A tal\u00e1lkoz\u00e1s mindig a m\u00e9rhet\u0151 id\u0151ben, a &#8222;kronosz&#8221;-ban t\u00f6rt\u00e9nik. A tal\u00e1lkoz\u00e1st k\u00f6vet\u0151en m\u00e1r csak eml\u00e9k lesz. Amennyiben azt szeretn\u00e9d, hogy a tal\u00e1lkoz\u00e1s k\u00edn\u00e1lta \u00f6r\u00f6m \u00e9s boldogs\u00e1g veled maradjon, tedd tal\u00e1lkoz\u00e1saidat \u00e9lm\u00e9nny\u00e9. Azaz szeml\u00e9ld a &#8222;kairosz&#8221; , a min\u0151s\u00e9gi id\u0151 pillanat\u00e1ban.\u00a0 Van egy m\u00e1sik fajta tal\u00e1lkoz\u00e1s is. Ett\u0151l f\u00e9l\u00fcnk, retteg\u00fcnk. Elbizonytalan\u00edt. Erre a tal\u00e1lkoz\u00e1sra nem v\u00e1runk, id\u0151pontj\u00e1t szeretn\u00e9nk min\u00e9l ink\u00e1bb kitolni. Nyilv\u00e1n ezen fajta tal\u00e1lkoz\u00e1sok is sokf\u00e9l\u00e9k \u00e9let\u00fcnkben. Tal\u00e1lkoz\u00e1s egy s\u00falyos betegs\u00e9ggel, az elv\u00e1l\u00e1st jelent\u0151 tal\u00e1lkoz\u00e1s&#8230; Itt is hossz\u00fa a sor. Benne pedig a legdr\u00e1maibb a szeretett szem\u00e9ly\u00fcnkkel val\u00f3 utols\u00f3 tal\u00e1lkoz\u00e1s.\u00a0 Ez a tal\u00e1lkoz\u00e1s fizikai \u00e9rtelemben b\u00facs\u00faz\u00e1st jelent. Szint\u00e9n a &#8222;kronosz&#8221;-ban, a m\u00e9rhet\u0151 id\u0151 tengely\u00e9n t\u00f6rt\u00e9nik. S ugyan\u00fagy, mint az els\u0151 esetben, itt is mag\u00e1ban hordozza a &#8222;kairosz&#8221;, min\u0151s\u00e9gi id\u0151 jelentette pillanatot, annak v\u00e9gn\u00e9lk\u00fclis\u00e9g\u00e9t. V\u00e9gtelen\u00edtett id\u0151v\u00e9 v\u00e1lik, azaz \u00f6r\u00f6kk\u00e9val\u00f3s\u00e1gg\u00e1. Jelen vil\u00e1gunkban ezeket a tal\u00e1lkoz\u00e1sokat, b\u00facs\u00faz\u00e1sokat vesztes\u00e9gk\u00e9nt \u00e9lj\u00fck meg. Nyilv\u00e1n az\u00e9rt, mert csak a kronoszban szeml\u00e9lj\u00fck. H\u00edv\u0151 emberk\u00e9nt viszont, s ebben kereszt\u00e9ny hitem seg\u00edt, ezt a &#8222;tal\u00e1lkoz\u00e1st&#8221;... R\u00e9szletek","og_url":"https:\/\/stuttgarti-katolikusok.de\/index.php\/evkozi-16-vasarnap-2\/","og_site_name":"Stuttgarti Katolikusok","article_published_time":"2025-07-20T11:58:54+00:00","article_modified_time":"2025-07-20T12:03:57+00:00","og_image":[{"width":2560,"height":1707,"url":"https:\/\/stuttgarti-katolikusok.de\/wp-content\/uploads\/2024\/07\/img-2867-scaled.jpg","type":"image\/jpeg"}],"author":"Tibor atya","twitter_card":"summary_large_image","twitter_misc":{"Szerz\u0151:":"Tibor atya","Becs\u00fclt olvas\u00e1si id\u0151":"8 perc"},"schema":{"@context":"https:\/\/schema.org","@graph":[{"@type":"Article","@id":"https:\/\/stuttgarti-katolikusok.de\/index.php\/evkozi-16-vasarnap-2\/#article","isPartOf":{"@id":"https:\/\/stuttgarti-katolikusok.de\/index.php\/evkozi-16-vasarnap-2\/"},"author":{"name":"Tibor atya","@id":"https:\/\/stuttgarti-katolikusok.de\/#\/schema\/person\/75908d6f8fdc03a57889d27209df7795"},"headline":"\u00c9vk\u00f6zi 16. vas\u00e1rnap","datePublished":"2025-07-20T11:58:54+00:00","dateModified":"2025-07-20T12:03:57+00:00","mainEntityOfPage":{"@id":"https:\/\/stuttgarti-katolikusok.de\/index.php\/evkozi-16-vasarnap-2\/"},"wordCount":1970,"image":{"@id":"https:\/\/stuttgarti-katolikusok.de\/index.php\/evkozi-16-vasarnap-2\/#primaryimage"},"thumbnailUrl":"https:\/\/stuttgarti-katolikusok.de\/wp-content\/uploads\/2024\/07\/img-2867-scaled.jpg","articleSection":["A liturgia olvasm\u00e1nyai","Vas\u00e1rnapi gondolatok"],"inLanguage":"hu"},{"@type":"WebPage","@id":"https:\/\/stuttgarti-katolikusok.de\/index.php\/evkozi-16-vasarnap-2\/","url":"https:\/\/stuttgarti-katolikusok.de\/index.php\/evkozi-16-vasarnap-2\/","name":"\u00c9vk\u00f6zi 16. vas\u00e1rnap - Stuttgarti Katolikusok","isPartOf":{"@id":"https:\/\/stuttgarti-katolikusok.de\/#website"},"primaryImageOfPage":{"@id":"https:\/\/stuttgarti-katolikusok.de\/index.php\/evkozi-16-vasarnap-2\/#primaryimage"},"image":{"@id":"https:\/\/stuttgarti-katolikusok.de\/index.php\/evkozi-16-vasarnap-2\/#primaryimage"},"thumbnailUrl":"https:\/\/stuttgarti-katolikusok.de\/wp-content\/uploads\/2024\/07\/img-2867-scaled.jpg","datePublished":"2025-07-20T11:58:54+00:00","dateModified":"2025-07-20T12:03:57+00:00","author":{"@id":"https:\/\/stuttgarti-katolikusok.de\/#\/schema\/person\/75908d6f8fdc03a57889d27209df7795"},"breadcrumb":{"@id":"https:\/\/stuttgarti-katolikusok.de\/index.php\/evkozi-16-vasarnap-2\/#breadcrumb"},"inLanguage":"hu","potentialAction":[{"@type":"ReadAction","target":["https:\/\/stuttgarti-katolikusok.de\/index.php\/evkozi-16-vasarnap-2\/"]}]},{"@type":"ImageObject","inLanguage":"hu","@id":"https:\/\/stuttgarti-katolikusok.de\/index.php\/evkozi-16-vasarnap-2\/#primaryimage","url":"https:\/\/stuttgarti-katolikusok.de\/wp-content\/uploads\/2024\/07\/img-2867-scaled.jpg","contentUrl":"https:\/\/stuttgarti-katolikusok.de\/wp-content\/uploads\/2024\/07\/img-2867-scaled.jpg","width":2560,"height":1707},{"@type":"BreadcrumbList","@id":"https:\/\/stuttgarti-katolikusok.de\/index.php\/evkozi-16-vasarnap-2\/#breadcrumb","itemListElement":[{"@type":"ListItem","position":1,"name":"Kezd\u0151lap","item":"https:\/\/stuttgarti-katolikusok.de\/"},{"@type":"ListItem","position":2,"name":"\u00c9vk\u00f6zi 16. vas\u00e1rnap"}]},{"@type":"WebSite","@id":"https:\/\/stuttgarti-katolikusok.de\/#website","url":"https:\/\/stuttgarti-katolikusok.de\/","name":"Stuttgarti Katolikusok","description":"","potentialAction":[{"@type":"SearchAction","target":{"@type":"EntryPoint","urlTemplate":"https:\/\/stuttgarti-katolikusok.de\/?s={search_term_string}"},"query-input":{"@type":"PropertyValueSpecification","valueRequired":true,"valueName":"search_term_string"}}],"inLanguage":"hu"},{"@type":"Person","@id":"https:\/\/stuttgarti-katolikusok.de\/#\/schema\/person\/75908d6f8fdc03a57889d27209df7795","name":"Tibor atya","image":{"@type":"ImageObject","inLanguage":"hu","@id":"https:\/\/secure.gravatar.com\/avatar\/61d268e57d1f4525b111222e29d2d5a7f8c420fdbf231ba5566a8ceac74fa960?s=96&d=mm&r=g","url":"https:\/\/secure.gravatar.com\/avatar\/61d268e57d1f4525b111222e29d2d5a7f8c420fdbf231ba5566a8ceac74fa960?s=96&d=mm&r=g","contentUrl":"https:\/\/secure.gravatar.com\/avatar\/61d268e57d1f4525b111222e29d2d5a7f8c420fdbf231ba5566a8ceac74fa960?s=96&d=mm&r=g","caption":"Tibor atya"},"url":"https:\/\/stuttgarti-katolikusok.de\/index.php\/author\/tibor-atya\/"}]}},"_links":{"self":[{"href":"https:\/\/stuttgarti-katolikusok.de\/index.php\/wp-json\/wp\/v2\/posts\/31317","targetHints":{"allow":["GET"]}}],"collection":[{"href":"https:\/\/stuttgarti-katolikusok.de\/index.php\/wp-json\/wp\/v2\/posts"}],"about":[{"href":"https:\/\/stuttgarti-katolikusok.de\/index.php\/wp-json\/wp\/v2\/types\/post"}],"author":[{"embeddable":true,"href":"https:\/\/stuttgarti-katolikusok.de\/index.php\/wp-json\/wp\/v2\/users\/3"}],"replies":[{"embeddable":true,"href":"https:\/\/stuttgarti-katolikusok.de\/index.php\/wp-json\/wp\/v2\/comments?post=31317"}],"version-history":[{"count":3,"href":"https:\/\/stuttgarti-katolikusok.de\/index.php\/wp-json\/wp\/v2\/posts\/31317\/revisions"}],"predecessor-version":[{"id":31320,"href":"https:\/\/stuttgarti-katolikusok.de\/index.php\/wp-json\/wp\/v2\/posts\/31317\/revisions\/31320"}],"wp:featuredmedia":[{"embeddable":true,"href":"https:\/\/stuttgarti-katolikusok.de\/index.php\/wp-json\/wp\/v2\/media\/29220"}],"wp:attachment":[{"href":"https:\/\/stuttgarti-katolikusok.de\/index.php\/wp-json\/wp\/v2\/media?parent=31317"}],"wp:term":[{"taxonomy":"category","embeddable":true,"href":"https:\/\/stuttgarti-katolikusok.de\/index.php\/wp-json\/wp\/v2\/categories?post=31317"},{"taxonomy":"post_tag","embeddable":true,"href":"https:\/\/stuttgarti-katolikusok.de\/index.php\/wp-json\/wp\/v2\/tags?post=31317"}],"curies":[{"name":"wp","href":"https:\/\/api.w.org\/{rel}","templated":true}]}}