{"id":31313,"date":"2025-07-12T23:27:03","date_gmt":"2025-07-12T21:27:03","guid":{"rendered":"https:\/\/stuttgarti-katolikusok.de\/?p=31313"},"modified":"2025-07-12T23:27:03","modified_gmt":"2025-07-12T21:27:03","slug":"evkozi-15-vasarnap-3","status":"publish","type":"post","link":"https:\/\/stuttgarti-katolikusok.de\/index.php\/evkozi-15-vasarnap-3\/","title":{"rendered":"\u00c9vk\u00f6zi 15. vas\u00e1rnap"},"content":{"rendered":"<p><span style=\"color: #ff6600;\"><em>A kereszt\u00e9ny \u00e9let alapt\u00f6rv\u00e9nye a szeretet. Aki embert\u00e1rsait nem becs\u00fcli, s\u0151t megveti \u00e9s gy\u0171l\u00f6li, az nem nevezheti mag\u00e1t Krisztus tan\u00edtv\u00e1ny\u00e1nak, nem lehet tagja az Isten orsz\u00e1g\u00e1nak.<\/em><\/span><\/p>\n<p><span style=\"color: #ff6600;\"><em>A szentmise k\u00f6ny\u00f6rg\u00e9s\u00e9ben az\u00e9rt foh\u00e1szkodunk, hogy az isteni igazs\u00e1g f\u00e9ny\u00e9ben mindig r\u00e1tal\u00e1ljunk a helyes \u00fatra. Elt\u00e9vedni, elesni m\u00e9g nem trag\u00e9dia. Legyen meg mindig a k\u00e9szs\u00e9g \u00e9s sz\u00e1nd\u00e9k visszatal\u00e1lni kit\u0171z\u00f6tt c\u00e9ljainkhoz.<\/em><\/span><\/p>\n<p><span style=\"color: #ff6600;\"><em>A sz\u00edv\u00fcnkben hordozott \u00e9s sz\u00e1junkkal megvallott t\u00f6rv\u00e9nyekkel kapcsolatosan m\u00e1r a M\u00f3zes k\u00f6nyv\u00e9nek szerz\u0151je is azt mondja, hogy nem nehezek. A gyakorlatban ez azt jelenti, nem elegend\u0151 csup\u00e1n a t\u00f6rv\u00e9ny megtart\u00e1sa, a hozz\u00e1 val\u00f3 h\u0171s\u00e9g. Fontosabb enn\u00e9l, hogy az Istennel val\u00f3 kapcsolatunkat mindenn\u00e9l t\u00f6bbre becs\u00fclj\u00fck, gondosan \u0151rizz\u00fck \u00e9s \u00e1poljuk. <\/em><\/span><\/p>\n<p><span style=\"color: #ff6600;\"><em>Krisztus az egyetlen k\u00f6zvet\u00edt\u0151, hiszen \u0150 a l\u00e1thatatlan Isten k\u00e9pm\u00e1sa. Err\u0151l \u00edr Szent P\u00e1l apostol a kolosszeiekhez \u00edrt level\u00e9ben. \u0150 az, aki megszerezte nek\u00fcnk b\u0171neink bocs\u00e1nat\u00e1t \u00e9s az \u00f6r\u00f6k \u00e9letet. Egyh\u00e1zmegy\u00e9nkben, a szinodalit\u00e1s szellem\u00e9ben, a j\u00f6v\u0151 egyh\u00e1zk\u00e9pet igyeksz\u00fcnk felv\u00e1zolni. E nagym\u00e9rt\u00e9k\u0171 v\u00e1ltoz\u00e1s legnagyobb k\u00eds\u00e9rt\u00e9se, ha Krisztus n\u00e9lk\u00fcli Egyh\u00e1zat akarunk. A gyakorlatban ez azt jelenti, hogy az Eucharisztia k\u00f6z\u00f6s \u00fcnnepl\u00e9se a h\u00e1tt\u00e9rbe szorul. Ezen kincs\u00fcnket egy\u00fctt kell meg\u0151rizn\u00fcnk. Mit jelent ez sz\u00e1munkra? Egyszer\u0171en azt, hogy minden m\u00e1s divat \u00e9s t\u00f6rekv\u00e9s ellen\u00e9re, fontos sz\u00e1munkra a szentmise. Hajland\u00f3 vagyok \u00e9rte \u00e1ldozatot is hozni, amennyiben arra sz\u00fcks\u00e9g van. Ugyanis a szentmise k\u00f6z\u00f6ss\u00e9get teremt! <\/em><\/span><\/p>\n<p><span style=\"color: #ff6600;\"><em>Az evang\u00e9liumban ism\u00e9telten arr\u00f3l hallhatunk, hogy a szeretet az \u00faj parancsolat. Tudok-e szeretetben \u00e9lni? Ezen \u00e1ll vagy bukik egy\u00e9ni \u00fcdv\u00f6ss\u00e9gem. Hitem \u00e9s vall\u00e1soss\u00e1gom fokm\u00e9r\u0151je is egyben. Kiterjed mindenkire, m\u00e9rc\u00e9je pedig J\u00e9zus Krisztus ir\u00e1ntunk val\u00f3 szeretete. Ez a szeretet nem v\u00e1logat! Belegondoltam abba, hogy J\u00e9zus minden emberi gyenges\u00e9gem ellen\u00e9re szeret engem? Amennyiben sz\u00edvemben, egy\u00e9ni szem\u00e9lyis\u00e9gem legm\u00e9ly\u00e9n \u00e9l ez a csod\u00e1latos felismer\u00e9s, \u00fagy es\u00e9lyem van J\u00e9zus szeretet\u00e9ben megmaradnom. M\u00e1ra m\u00e1r kell\u0151k\u00e9pen d\u00f6rzs\u00f6lt vagyok ahhoz, hogy mindig megmagyar\u00e1zzam bizony\u00edtv\u00e1nyomat konkr\u00e9t esetekben, felment\u00e9seket keresve a szeretet parancs\u00e1nak teljes\u00edt\u00e9s\u00e9t tekintve. Ekkor l\u00e9nyeg\u00e9ben \u00f6nmagamat csapom be. Ez az, amit sohasem szabad szem el\u0151l t\u00e9vesztenem.<\/em><\/span><\/p>\n<p><span style=\"color: #008000;\">Kezd\u0151\u00e9nek:<\/span><br \/>\nIgazs\u00e1gban jelenek meg sz\u00edned el\u0151tt, bet\u00f6lt engem a te dics\u0151s\u00e9ged. (V\u00f6. Zsolt 16,15)<\/p>\n<p><span style=\"color: #008000;\">K\u00f6ny\u00f6rg\u00e9s:<\/span><br \/>\nIsten\u00fcnk, te megmutatod igazs\u00e1god f\u00e9ny\u00e9t a t\u00e9velyg\u0151knek, hogy visszatal\u00e1ljanak a helyes \u00fatra. Add meg mindazoknak, akik a kereszt\u00e9ny hitet vallj\u00e1k, hogy elutas\u00edts\u00e1k, ami ellenkezik ezzel a n\u00e9vvel, \u00e9s t\u00f6rekedjenek arra, ami m\u00e9lt\u00f3 hozz\u00e1. A mi Urunk, J\u00e9zus Krisztus, a te Fiad \u00e1ltal, aki veled \u00e9l \u00e9s uralkodik a Szentl\u00e9lekkel egys\u00e9gben, Isten mind\u00f6r\u00f6kk\u00f6n \u00f6r\u00f6kk\u00e9.<\/p>\n<p><span style=\"color: #008000;\">OLVASM\u00c1NY M\u00f3zes \u00f6t\u00f6dik k\u00f6nyv\u00e9b\u0151l (MT\u00f6rv 30,10-14)<\/span><br \/>\n<em>M\u00f3zes Isten parancsainak megtart\u00e1s\u00e1ra buzd\u00edtja a n\u00e9pet.<\/em><br \/>\nM\u00f3zes egy alkalommal \u00edgy besz\u00e9lt a n\u00e9phez:<br \/>\n\u201eEngedelmeskedj az \u00dar, a te Istened szav\u00e1nak, \u00e9s tartsd meg a parancsokat \u00e9s rendelkez\u00e9seket, amelyek e t\u00f6rv\u00e9nyk\u00f6nyvben \u00edrva vannak. T\u00e9rj meg sz\u00edved, lelked m\u00e9ly\u00e9b\u0151l az \u00darhoz, a te Istenedhez.<br \/>\nEz a t\u00f6rv\u00e9ny, amelyet ma adok neked, nem t\u00fals\u00e1gosan neh\u00e9z, \u00e9s nem is el\u00e9rhetetlen sz\u00e1modra. Nem az \u00e9gben van, hogy azt mondhatn\u00e1d: \u00bbKi hatol fel \u00e9rte az \u00e9gbe, ki hozza le \u00e9s hirdeti, hogy hozz\u00e1 szabhassuk tetteinket?\u00ab De a tengeren t\u00fal sincs, hogy azt mondhatn\u00e1d: \u00bbKi kel \u00e1t \u00e9rte a tengeren, ki hozza el \u00e9s hirdeti, hogy hozz\u00e1 szabhassuk tetteinket?\u00ab Eg\u00e9szen k\u00f6zel van hozz\u00e1d a t\u00f6rv\u00e9ny, a sz\u00e1dban \u00e9s a sz\u00edvedben, \u00edgy hozz\u00e1 szabhatod tetteidet.\u201d<br \/>\nEz az Isten ig\u00e9je.<\/p>\n<p><span style=\"color: #008000;\">V\u00c1LASZOS ZSOLT\u00c1R (Zsolt 68,14 \u00e9s 17.30-31.33-34.36ab \u00e9s 37 vagy: Zsolt 18,8.9.10.11)<\/span><br \/>\nV\u00e1lasz:\u00a0<strong>Al\u00e1zatosak, keress\u00e9tek az Istent, * \u00e9s sz\u00edvetek \u00fajra \u00e9led.<\/strong>\u00a0V\u00f6. 33. vers. (2. t\u00f3nus)<br \/>\nEl\u0151\u00e9nekes: Hozz\u00e1d im\u00e1dkozom, Uram, * hallgass meg kegyelmed idej\u00e9n, Istenem.<br \/>\nM\u00e9rhetetlen j\u00f3s\u00e1godban hallgass meg, * h\u0171s\u00e9ged szerint seg\u00edts rajtam.<br \/>\nHallgass meg, Uram, hisz kegyelmed j\u00f3s\u00e1gos, * irgalmad b\u0151s\u00e9g\u00e9ben tekints re\u00e1m.<br \/>\nH\u00edvek: Al\u00e1zatosak, keress\u00e9tek az Istent, * \u00e9s sz\u00edvetek \u00fajra \u00e9led.<br \/>\nE: \u00c9n azonban szeg\u00e9ny vagyok \u00e9s szenvedek, * de szabad\u00edt\u00e1sod, Istenem, f\u00f6lemel engem.<br \/>\n\u00c9neksz\u00f3val \u00e1ldom Isten nev\u00e9t, * dics\u00e9rettel magasztalom \u0151t.<br \/>\nH: Al\u00e1zatosak, keress\u00e9tek az Istent, * \u00e9s sz\u00edvetek \u00fajra \u00e9led.<br \/>\nE: Az al\u00e1zatosak l\u00e1tj\u00e1k ezt \u00e9s \u00f6r\u00fclnek, * keress\u00e9tek Istent, \u00e9s sz\u00edvetek \u00fajra \u00e9led.<br \/>\nMert az \u00dar meghallgat minden szeg\u00e9nyt, * \u00e9s foglyait nem hagyja magukra.<br \/>\nH: Al\u00e1zatosak, keress\u00e9tek az Istent, * \u00e9s sz\u00edvetek \u00fajra \u00e9led.<br \/>\nE: Mert Isten megszabad\u00edtja Siont, * Juda v\u00e1rosait \u00fajra fel\u00e9p\u00edti.<br \/>\nSzolg\u00e1inak fiai \u00f6r\u00f6ks\u00e9g\u00fcl kapj\u00e1k, * \u00e9s ott laknak majd, kik nev\u00e9t szeretik.<br \/>\nH: Al\u00e1zatosak, keress\u00e9tek az Istent, * \u00e9s sz\u00edvetek \u00fajra \u00e9led.<\/p>\n<p><span style=\"color: #008000;\"><em>Vagy:<\/em><\/span><br \/>\nV\u00e1lasz:\u00a0<strong>Az \u00dar v\u00e9gz\u00e9se igaz, * megvid\u00e1m\u00edtja a sz\u00edvet.<\/strong>\u00a0V\u00f6. 9a. vers. (2. t\u00f3nus)<br \/>\nEl\u0151\u00e9nekes: T\u00f6k\u00e9letes az \u00dar t\u00f6rv\u00e9nye, * meg\u00faj\u00edtja a lelket.<br \/>\nAz \u00dar tan\u00fas\u00e1g\u00e1ban b\u00edzhatunk, * b\u00f6lcsess\u00e9get ad a kicsinyeknek.<br \/>\nH\u00edvek: Az \u00dar v\u00e9gz\u00e9se igaz, * megvid\u00e1m\u00edtja a sz\u00edvet.<br \/>\nE: Az \u00dar v\u00e9gz\u00e9se igaz, * megvid\u00e1m\u00edtja a sz\u00edvet.<br \/>\nAz \u00dar parancsa vil\u00e1gos, * f\u00e9nyt ny\u00fajt a szemnek.<br \/>\nH: Az \u00dar v\u00e9gz\u00e9se igaz, * megvid\u00e1m\u00edtja a sz\u00edvet.<br \/>\nE: Az \u00dar f\u00e9lelme tiszta, * \u00f6r\u00f6kk\u00e9 megmarad.<br \/>\nAz \u00dar \u00edt\u00e9letei igazak, * \u00e9s mind egyar\u00e1nt jogosak.<br \/>\nH: Az \u00dar v\u00e9gz\u00e9se igaz, * megvid\u00e1m\u00edtja a sz\u00edvet.<br \/>\nE: \u00c9rt\u00e9kesebb az aranyn\u00e1l, * \u00e9s a legdr\u00e1g\u00e1bb dr\u00e1gak\u0151n\u00e9l.<br \/>\n\u00c9desebb a m\u00e9zn\u00e9l, * a csordul\u00f3 l\u00e9pes m\u00e9zn\u00e9l.<br \/>\nH: Az \u00dar v\u00e9gz\u00e9se igaz, * megvid\u00e1m\u00edtja a sz\u00edvet.<\/p>\n<p><span style=\"color: #008000;\">SZENTLECKE Szent P\u00e1l apostolnak a kolosszeiekhez \u00edrt level\u00e9b\u0151l (Kol 1,15-20)<\/span><br \/>\n<em>Isten mindent Fia \u00e1ltal \u00e9s Fi\u00e1ban teremtett.<\/em><br \/>\nTestv\u00e9reim!<br \/>\nJ\u00e9zus Krisztus a l\u00e1thatatlan Isten k\u00e9pm\u00e1sa, minden teremtm\u00e9ny els\u0151sz\u00fcl\u00f6tte. Mert benne teremtett mindent a mennyben \u00e9s a f\u00f6ld\u00f6n: a l\u00e1that\u00f3kat \u00e9s l\u00e1thatatlanokat, a tr\u00f3nusokat, uralmakat, fejedelems\u00e9geket \u00e9s hatalmass\u00e1gokat. Minden \u00e1ltala \u00e9s \u00e9rte lett teremtve. \u0150 el\u0151bb van mindenn\u00e9l, \u00e9s minden benne \u00e1ll fenn.<br \/>\n\u0150 a testnek, az Egyh\u00e1znak a feje. \u0150 a kezdet, az els\u0151sz\u00fcl\u00f6tt a halottak k\u00f6z\u00fcl, hogy \u00f6v\u00e9 legyen az els\u0151s\u00e9g mindenben. \u00dagy tetszett (az Aty\u00e1nak), hogy benne lakj\u00e9k az eg\u00e9sz teljess\u00e9g, s hogy \u00e1ltala b\u00e9k\u00edtsen ki mag\u00e1val mindent a f\u00f6ld\u00f6n \u00e9s a mennyben, minthogy a kereszten kiontott v\u00e9r\u00e9vel b\u00e9kess\u00e9get szerzett mindenkinek.<br \/>\nEz az Isten ig\u00e9je.<\/p>\n<p><span style=\"color: #008000;\">ALLELUJA<\/span><br \/>\nUram, tan\u00edt\u00e1sod l\u00e9lek \u00e9s \u00e9let, * \u00f6r\u00f6k \u00e9letet ad\u00f3 ig\u00e9id vannak. Jn 6,63c. 68c \u2013 5. t\u00f3nus.<\/p>\n<p><span style=\"color: #008000;\">\u2020 EVANG\u00c9LIUM Szent Luk\u00e1cs k\u00f6nyv\u00e9b\u0151l (Lk 10,25-37)<\/span><br \/>\n<em>A f\u0151parancs: a szeretet parancsa. Minden ember felebar\u00e1tom!<\/em><br \/>\nAbban az id\u0151ben egy t\u00f6rv\u00e9nytud\u00f3 odal\u00e9pett J\u00e9zushoz, hogy pr\u00f3b\u00e1ra tegye \u0151t: \u201eMester \u2013 sz\u00f3l\u00edtotta meg \u2013, mit tegyek, hogy elnyerjem az \u00f6r\u00f6k \u00e9letet?\u201d J\u00e9zus \u00edgy felelt: \u201eMit mond err\u0151l a t\u00f6rv\u00e9ny? Mit olvasol benne?\u201d A t\u00f6rv\u00e9nytud\u00f3 \u00edgy v\u00e1laszolt: \u201eSzeresd Uradat, Istenedet, teljes sz\u00edvedb\u0151l, teljes lelkedb\u0151l, teljes er\u0151db\u0151l \u00e9s teljes elm\u00e9db\u0151l, felebar\u00e1todat pedig, mint saj\u00e1t magadat.\u201d J\u00e9zus ezt mondta neki: \u201eHelyesen felelt\u00e9l. Tedd ezt, \u00e9s \u00e9lni fogsz.\u201d<br \/>\nA t\u00f6rv\u00e9nytud\u00f3 igazolni akarta mag\u00e1t, ez\u00e9rt megk\u00e9rdezte J\u00e9zust\u00f3l: \u201eDe h\u00e1t ki az \u00e9n felebar\u00e1tom?\u201d J\u00e9zus t\u00f6rt\u00e9nettel felelt a k\u00e9rd\u00e9sre: \u201eEgy ember Jeruzs\u00e1lemb\u0151l lement Jerik\u00f3ba. Rabl\u00f3k kez\u00e9be ker\u00fclt. Ezek kifosztott\u00e1k, v\u00e9resre vert\u00e9k, \u00e9s f\u00e9lholtan otthagyt\u00e1k.<br \/>\nEgyszer csak egy pap j\u00f6tt lefel\u00e9 az \u00faton. \u00c9szrevette, de elment mellette.<br \/>\nAzut\u00e1n egy levita j\u00f6tt arra. \u0150 is megl\u00e1tta, de elment mellette.<br \/>\nV\u00e9g\u00fcl egy szamarit\u00e1nusnak is arra vitt az \u00fatja. Amikor megpillantotta, megesett rajta a sz\u00edve. Odament hozz\u00e1, olajat \u00e9s bort \u00f6nt\u00f6tt sebeire, \u00e9s bek\u00f6t\u00f6zte, majd pedig fel\u00fcltette teherhord\u00f3 \u00e1llat\u00e1ra, elvitte egy vend\u00e9gfogad\u00f3ba \u00e9s gondoskodott r\u00f3la. M\u00e1snap el\u0151vett k\u00e9t d\u00e9n\u00e1rt, odaadta a fogad\u00f3snak ezzel a k\u00e9r\u00e9ssel: Viseld gondj\u00e1t, \u00e9s ha t\u00f6bbet k\u00f6lten\u00e9l r\u00e1, visszat\u00e9rve megadom neked.<br \/>\nMit gondolsz, e h\u00e1rom k\u00f6z\u00fcl ki volt az igazi felebar\u00e1tja annak, aki a rabl\u00f3k kez\u00e9be ker\u00fclt?\u201d A t\u00f6rv\u00e9nytud\u00f3 \u00edgy v\u00e1laszolt: \u201eAki irgalmass\u00e1got cselekedett vele.\u201d<br \/>\nJ\u00e9zus \u00edgy folytatta: \u201eMenj \u00e9s te is hasonl\u00f3k\u00e9ppen cselekedj\u00e9l!\u201d<br \/>\nEzek az evang\u00e9lium ig\u00e9i.<\/p>\n<p><span style=\"color: #008000;\">EGYETEMES K\u00d6NY\u00d6RG\u00c9SEK<\/span><br \/>\nPap: K\u00e9rj\u00fck, testv\u00e9reim, az Urat minden id\u0151ben, \u00e9s im\u00e1dkozzunk hozz\u00e1 az igaz emberszeretet kegyelm\u00e9\u00e9rt!<br \/>\nLektor: 1. Hogy az Egyh\u00e1z p\u00e1sztorai ne a holt bet\u0171, hanem az \u00e9ltet\u0151 L\u00e9lek szolg\u00e1i legyenek!<br \/>\nH\u00edvek: K\u00e9r\u00fcnk t\u00e9ged, hallgass meg minket!<br \/>\n2. Hogy az \u00e1llamok vezet\u0151i a seg\u00edt\u0151 szeretet szellem\u00e9ben gyakorolj\u00e1k hatalmukat!<br \/>\nH\u00edvek: K\u00e9r\u00fcnk t\u00e9ged . . .<br \/>\n3. Hogy egyh\u00e1zk\u00f6zs\u00e9g\u00fcnk h\u00edvei mindig k\u00e9szen \u00e1lljanak embert\u00e1rsaik megseg\u00edt\u00e9s\u00e9re!<br \/>\nH\u00edvek: K\u00e9r\u00fcnk t\u00e9ged . . .<br \/>\n4. Hogy betegeink \u00e9s magukra marad\u00f3 embert\u00e1rsaink ne legyenek irgalmas seg\u00edts\u00e9g n\u00e9lk\u00fcl!<br \/>\nH\u00edvek: K\u00e9r\u00fcnk t\u00e9ged . . .<br \/>\n5. Hogy kegyelmeddel seg\u00edthess\u00fck mindazokat, akiket a b\u0171n kifosztott \u00e9s megsebes\u00edtett!<br \/>\nH\u00edvek: K\u00e9r\u00fcnk t\u00e9ged . . .<br \/>\nPap: Isten\u00fcnk! Seg\u00edts kegyelmeddel, hogy ne az \u00f6nz\u00e9s \u00e9s r\u00e9szv\u00e9tlens\u00e9g vezessen benn\u00fcnket, hanem a seg\u00edt\u0151 szeretet legyen \u00e9let\u00fcnk legf\u0151bb gondja! Krisztus, a mi Urunk \u00e1ltal.<br \/>\nH\u00edvek: \u00c1men.<\/p>\n<p><span style=\"color: #008000;\">Felaj\u00e1nl\u00f3 k\u00f6ny\u00f6rg\u00e9s:<\/span><br \/>\nUrunk, Isten\u00fcnk, fogadd sz\u00edvesen k\u00f6ny\u00f6rg\u0151 Egyh\u00e1zad \u00e1ldozati adom\u00e1nyait, \u00e9s add, hogy \u00e9let\u00fcnk megszentel\u00e9s\u00e9re r\u00e9szesedj\u00fcnk bel\u0151l\u00fck. Krisztus, a mi Urunk \u00e1ltal.<\/p>\n<p><span style=\"color: #008000;\">Pref\u00e1ci\u00f3:<\/span><br \/>\nMert val\u00f3ban m\u00e9lt\u00f3 \u00e9s igazs\u00e1gos, ill\u0151 \u00e9s \u00fcdv\u00f6s, hogy mindig \u00e9s minden\u00fctt h\u00e1l\u00e1t adjunk n\u00e9ked, mi Urunk, szents\u00e9ges Aty\u00e1nk, mindenhat\u00f3, \u00f6r\u00f6k Isten:<br \/>\nMert \u00fagy szeretted a vil\u00e1got, irgalmas Isten\u00fcnk, hogy olyan Megv\u00e1lt\u00f3t k\u00fcldt\u00e9l n\u00e9k\u00fcnk, ki akaratod szerint hozz\u00e1nk hasonl\u00f3an \u00e9lt a F\u00f6ld\u00f6n, de minden b\u0171n n\u00e9lk\u00fcl.<br \/>\nAz \u0151 engedelmess\u00e9ge miatt kaptuk vissza t\u0151led, amit elvesztett\u00fcnk az engedetlens\u00e9g b\u0171ne \u00e1ltal; hogy azt szerethesd benn\u00fcnk, amit Fiadban kedvelt\u00e9l.<br \/>\n\u00c9s ez\u00e9rt mi is, az \u00f6sszes angyallal \u00e9s szenttel egy\u00fctt, Urunknak vallunk T\u00e9ged, \u00e9s ujjongva zengj\u00fck:<\/p>\n<p><span style=\"color: #008000;\">\u00c1ldoz\u00e1si \u00e9nek:<\/span><br \/>\nA ver\u00e9b is otthont tal\u00e1l mag\u00e1nak, \u00e9s f\u00e9szket a gerle, ahov\u00e1 fiait helyezze: a te olt\u00e1rodn\u00e1l, Seregek Ura, \u00e9n Kir\u00e1lyom \u00e9s Istenem! Boldogok, akik h\u00e1zadban laknak, \u00e9s t\u00e9ged \u00f6r\u00f6kk\u00e9 magasztalnak. (V\u00f6. Zsolt 83,4-5)<br \/>\n<span style=\"color: #008000;\"><em>Vagy<\/em><\/span><br \/>\nAki eszi az \u00e9n testemet \u00e9s issza az \u00e9n v\u00e9remet, az bennem marad, \u00e9s \u00e9n \u0151benne \u2013 mondja az \u00dar. (Jn 6,56)<\/p>\n<p><span style=\"color: #008000;\">\u00c1ldoz\u00e1s ut\u00e1ni k\u00f6ny\u00f6rg\u00e9s:<\/span><br \/>\nR\u00e9szes\u00fclt\u00fcnk aj\u00e1nd\u00e9kaidban, Urunk, Isten\u00fcnk. K\u00e9rve k\u00e9r\u00fcnk, hogy valah\u00e1nyszor meg\u00fcnnepelj\u00fck ezt a miszt\u00e9riumot, n\u00f6vekedj\u00e9k benn\u00fcnk \u00fcdv\u00f6ss\u00e9gszerz\u0151 kegyelmed. Krisztus, a mi Urunk \u00e1ltal.<\/p>\n<p><em>(K\u00e9p forr\u00e1sa: N\u00e9meti Gergely)<\/em><\/p>\n","protected":false},"excerpt":{"rendered":"<p>A kereszt\u00e9ny \u00e9let alapt\u00f6rv\u00e9nye a szeretet. Aki embert\u00e1rsait nem becs\u00fcli, s\u0151t megveti \u00e9s gy\u0171l\u00f6li, az nem nevezheti mag\u00e1t Krisztus tan\u00edtv\u00e1ny\u00e1nak, nem lehet tagja az Isten orsz\u00e1g\u00e1nak. A szentmise k\u00f6ny\u00f6rg\u00e9s\u00e9ben az\u00e9rt foh\u00e1szkodunk, hogy az isteni igazs\u00e1g f\u00e9ny\u00e9ben mindig r\u00e1tal\u00e1ljunk a helyes \u00fatra. Elt\u00e9vedni, elesni m\u00e9g nem trag\u00e9dia. Legyen meg mindig a k\u00e9szs\u00e9g \u00e9s sz\u00e1nd\u00e9k visszatal\u00e1lni kit\u0171z\u00f6tt c\u00e9ljainkhoz. A sz\u00edv\u00fcnkben hordozott \u00e9s sz\u00e1junkkal megvallott t\u00f6rv\u00e9nyekkel kapcsolatosan m\u00e1r a M\u00f3zes k\u00f6nyv\u00e9nek szerz\u0151je is azt mondja, hogy nem nehezek. A gyakorlatban ez azt jelenti, nem elegend\u0151 csup\u00e1n a t\u00f6rv\u00e9ny megtart\u00e1sa, a hozz\u00e1 val\u00f3 h\u0171s\u00e9g. Fontosabb enn\u00e9l, hogy az Istennel val\u00f3 kapcsolatunkat mindenn\u00e9l t\u00f6bbre becs\u00fclj\u00fck, gondosan \u0151rizz\u00fck \u00e9s \u00e1poljuk. Krisztus az egyetlen k\u00f6zvet\u00edt\u0151, hiszen \u0150 a l\u00e1thatatlan Isten k\u00e9pm\u00e1sa. Err\u0151l \u00edr Szent P\u00e1l apostol a kolosszeiekhez \u00edrt level\u00e9ben. \u0150 az, aki megszerezte nek\u00fcnk b\u0171neink bocs\u00e1nat\u00e1t \u00e9s az \u00f6r\u00f6k \u00e9letet. Egyh\u00e1zmegy\u00e9nkben, a szinodalit\u00e1s szellem\u00e9ben, a j\u00f6v\u0151 egyh\u00e1zk\u00e9pet igyeksz\u00fcnk felv\u00e1zolni. E nagym\u00e9rt\u00e9k\u0171 v\u00e1ltoz\u00e1s legnagyobb k\u00eds\u00e9rt\u00e9se, ha Krisztus n\u00e9lk\u00fcli Egyh\u00e1zat akarunk. A gyakorlatban ez azt jelenti, hogy az Eucharisztia k\u00f6z\u00f6s \u00fcnnepl\u00e9se a h\u00e1tt\u00e9rbe szorul. Ezen kincs\u00fcnket egy\u00fctt kell meg\u0151rizn\u00fcnk. Mit jelent ez sz\u00e1munkra? Egyszer\u0171en azt, hogy minden m\u00e1s divat \u00e9s t\u00f6rekv\u00e9s ellen\u00e9re, fontos sz\u00e1munkra a szentmise. Hajland\u00f3 vagyok \u00e9rte \u00e1ldozatot is hozni, amennyiben arra sz\u00fcks\u00e9g van. Ugyanis a szentmise k\u00f6z\u00f6ss\u00e9get teremt! Az evang\u00e9liumban ism\u00e9telten arr\u00f3l hallhatunk, hogy a szeretet az \u00faj parancsolat. Tudok-e szeretetben \u00e9lni? Ezen \u00e1ll vagy bukik egy\u00e9ni \u00fcdv\u00f6ss\u00e9gem. Hitem \u00e9s vall\u00e1soss\u00e1gom fokm\u00e9r\u0151je is egyben. Kiterjed mindenkire, m\u00e9rc\u00e9je pedig J\u00e9zus Krisztus ir\u00e1ntunk val\u00f3 szeretete. Ez a szeretet nem v\u00e1logat! Belegondoltam abba, hogy J\u00e9zus minden emberi gyenges\u00e9gem ellen\u00e9re szeret engem? Amennyiben sz\u00edvemben, egy\u00e9ni szem\u00e9lyis\u00e9gem legm\u00e9ly\u00e9n \u00e9l ez a csod\u00e1latos felismer\u00e9s, \u00fagy es\u00e9lyem van J\u00e9zus szeretet\u00e9ben megmaradnom. M\u00e1ra m\u00e1r kell\u0151k\u00e9pen d\u00f6rzs\u00f6lt vagyok ahhoz, hogy mindig megmagyar\u00e1zzam bizony\u00edtv\u00e1nyomat konkr\u00e9t esetekben, felment\u00e9seket keresve a szeretet parancs\u00e1nak teljes\u00edt\u00e9s\u00e9t tekintve. Ekkor l\u00e9nyeg\u00e9ben \u00f6nmagamat csapom be. Ez az, amit sohasem szabad szem el\u0151l&#8230; <\/p>\n<p><a class=\"readmore\" href=\"https:\/\/stuttgarti-katolikusok.de\/index.php\/evkozi-15-vasarnap-3\/\">R\u00e9szletek<\/a><\/p>\n","protected":false},"author":3,"featured_media":29195,"comment_status":"closed","ping_status":"closed","sticky":false,"template":"","format":"standard","meta":{"footnotes":""},"categories":[85,63],"tags":[],"class_list":["post-31313","post","type-post","status-publish","format-standard","has-post-thumbnail","hentry","category-a-liturgia-olvasmanyai","category-vasarnapi-gondolatok"],"yoast_head":"<!-- This site is optimized with the Yoast SEO plugin v27.3 - https:\/\/yoast.com\/product\/yoast-seo-wordpress\/ -->\n<title>\u00c9vk\u00f6zi 15. vas\u00e1rnap - Stuttgarti Katolikusok<\/title>\n<meta name=\"robots\" content=\"index, follow, max-snippet:-1, max-image-preview:large, max-video-preview:-1\" \/>\n<link rel=\"canonical\" href=\"https:\/\/stuttgarti-katolikusok.de\/index.php\/evkozi-15-vasarnap-3\/\" \/>\n<meta property=\"og:locale\" content=\"hu_HU\" \/>\n<meta property=\"og:type\" content=\"article\" \/>\n<meta property=\"og:title\" content=\"\u00c9vk\u00f6zi 15. vas\u00e1rnap - Stuttgarti Katolikusok\" \/>\n<meta property=\"og:description\" content=\"A kereszt\u00e9ny \u00e9let alapt\u00f6rv\u00e9nye a szeretet. Aki embert\u00e1rsait nem becs\u00fcli, s\u0151t megveti \u00e9s gy\u0171l\u00f6li, az nem nevezheti mag\u00e1t Krisztus tan\u00edtv\u00e1ny\u00e1nak, nem lehet tagja az Isten orsz\u00e1g\u00e1nak. A szentmise k\u00f6ny\u00f6rg\u00e9s\u00e9ben az\u00e9rt foh\u00e1szkodunk, hogy az isteni igazs\u00e1g f\u00e9ny\u00e9ben mindig r\u00e1tal\u00e1ljunk a helyes \u00fatra. Elt\u00e9vedni, elesni m\u00e9g nem trag\u00e9dia. Legyen meg mindig a k\u00e9szs\u00e9g \u00e9s sz\u00e1nd\u00e9k visszatal\u00e1lni kit\u0171z\u00f6tt c\u00e9ljainkhoz. A sz\u00edv\u00fcnkben hordozott \u00e9s sz\u00e1junkkal megvallott t\u00f6rv\u00e9nyekkel kapcsolatosan m\u00e1r a M\u00f3zes k\u00f6nyv\u00e9nek szerz\u0151je is azt mondja, hogy nem nehezek. A gyakorlatban ez azt jelenti, nem elegend\u0151 csup\u00e1n a t\u00f6rv\u00e9ny megtart\u00e1sa, a hozz\u00e1 val\u00f3 h\u0171s\u00e9g. Fontosabb enn\u00e9l, hogy az Istennel val\u00f3 kapcsolatunkat mindenn\u00e9l t\u00f6bbre becs\u00fclj\u00fck, gondosan \u0151rizz\u00fck \u00e9s \u00e1poljuk. Krisztus az egyetlen k\u00f6zvet\u00edt\u0151, hiszen \u0150 a l\u00e1thatatlan Isten k\u00e9pm\u00e1sa. Err\u0151l \u00edr Szent P\u00e1l apostol a kolosszeiekhez \u00edrt level\u00e9ben. \u0150 az, aki megszerezte nek\u00fcnk b\u0171neink bocs\u00e1nat\u00e1t \u00e9s az \u00f6r\u00f6k \u00e9letet. Egyh\u00e1zmegy\u00e9nkben, a szinodalit\u00e1s szellem\u00e9ben, a j\u00f6v\u0151 egyh\u00e1zk\u00e9pet igyeksz\u00fcnk felv\u00e1zolni. E nagym\u00e9rt\u00e9k\u0171 v\u00e1ltoz\u00e1s legnagyobb k\u00eds\u00e9rt\u00e9se, ha Krisztus n\u00e9lk\u00fcli Egyh\u00e1zat akarunk. A gyakorlatban ez azt jelenti, hogy az Eucharisztia k\u00f6z\u00f6s \u00fcnnepl\u00e9se a h\u00e1tt\u00e9rbe szorul. Ezen kincs\u00fcnket egy\u00fctt kell meg\u0151rizn\u00fcnk. Mit jelent ez sz\u00e1munkra? Egyszer\u0171en azt, hogy minden m\u00e1s divat \u00e9s t\u00f6rekv\u00e9s ellen\u00e9re, fontos sz\u00e1munkra a szentmise. Hajland\u00f3 vagyok \u00e9rte \u00e1ldozatot is hozni, amennyiben arra sz\u00fcks\u00e9g van. Ugyanis a szentmise k\u00f6z\u00f6ss\u00e9get teremt! Az evang\u00e9liumban ism\u00e9telten arr\u00f3l hallhatunk, hogy a szeretet az \u00faj parancsolat. Tudok-e szeretetben \u00e9lni? Ezen \u00e1ll vagy bukik egy\u00e9ni \u00fcdv\u00f6ss\u00e9gem. Hitem \u00e9s vall\u00e1soss\u00e1gom fokm\u00e9r\u0151je is egyben. Kiterjed mindenkire, m\u00e9rc\u00e9je pedig J\u00e9zus Krisztus ir\u00e1ntunk val\u00f3 szeretete. Ez a szeretet nem v\u00e1logat! Belegondoltam abba, hogy J\u00e9zus minden emberi gyenges\u00e9gem ellen\u00e9re szeret engem? Amennyiben sz\u00edvemben, egy\u00e9ni szem\u00e9lyis\u00e9gem legm\u00e9ly\u00e9n \u00e9l ez a csod\u00e1latos felismer\u00e9s, \u00fagy es\u00e9lyem van J\u00e9zus szeretet\u00e9ben megmaradnom. M\u00e1ra m\u00e1r kell\u0151k\u00e9pen d\u00f6rzs\u00f6lt vagyok ahhoz, hogy mindig megmagyar\u00e1zzam bizony\u00edtv\u00e1nyomat konkr\u00e9t esetekben, felment\u00e9seket keresve a szeretet parancs\u00e1nak teljes\u00edt\u00e9s\u00e9t tekintve. Ekkor l\u00e9nyeg\u00e9ben \u00f6nmagamat csapom be. Ez az, amit sohasem szabad szem el\u0151l... R\u00e9szletek\" \/>\n<meta property=\"og:url\" content=\"https:\/\/stuttgarti-katolikusok.de\/index.php\/evkozi-15-vasarnap-3\/\" \/>\n<meta property=\"og:site_name\" content=\"Stuttgarti Katolikusok\" \/>\n<meta property=\"article:published_time\" content=\"2025-07-12T21:27:03+00:00\" \/>\n<meta property=\"og:image\" content=\"https:\/\/stuttgarti-katolikusok.de\/wp-content\/uploads\/2024\/07\/screenshot-20240714-143249-facebook.jpg\" \/>\n\t<meta property=\"og:image:width\" content=\"1079\" \/>\n\t<meta property=\"og:image:height\" content=\"718\" \/>\n\t<meta property=\"og:image:type\" content=\"image\/jpeg\" \/>\n<meta name=\"author\" content=\"Tibor atya\" \/>\n<meta name=\"twitter:card\" content=\"summary_large_image\" \/>\n<meta name=\"twitter:label1\" content=\"Szerz\u0151:\" \/>\n\t<meta name=\"twitter:data1\" content=\"Tibor atya\" \/>\n\t<meta name=\"twitter:label2\" content=\"Becs\u00fclt olvas\u00e1si id\u0151\" \/>\n\t<meta name=\"twitter:data2\" content=\"9 perc\" \/>\n<script type=\"application\/ld+json\" class=\"yoast-schema-graph\">{\"@context\":\"https:\\\/\\\/schema.org\",\"@graph\":[{\"@type\":\"Article\",\"@id\":\"https:\\\/\\\/stuttgarti-katolikusok.de\\\/index.php\\\/evkozi-15-vasarnap-3\\\/#article\",\"isPartOf\":{\"@id\":\"https:\\\/\\\/stuttgarti-katolikusok.de\\\/index.php\\\/evkozi-15-vasarnap-3\\\/\"},\"author\":{\"name\":\"Tibor atya\",\"@id\":\"https:\\\/\\\/stuttgarti-katolikusok.de\\\/#\\\/schema\\\/person\\\/75908d6f8fdc03a57889d27209df7795\"},\"headline\":\"\u00c9vk\u00f6zi 15. vas\u00e1rnap\",\"datePublished\":\"2025-07-12T21:27:03+00:00\",\"mainEntityOfPage\":{\"@id\":\"https:\\\/\\\/stuttgarti-katolikusok.de\\\/index.php\\\/evkozi-15-vasarnap-3\\\/\"},\"wordCount\":2084,\"image\":{\"@id\":\"https:\\\/\\\/stuttgarti-katolikusok.de\\\/index.php\\\/evkozi-15-vasarnap-3\\\/#primaryimage\"},\"thumbnailUrl\":\"https:\\\/\\\/stuttgarti-katolikusok.de\\\/wp-content\\\/uploads\\\/2024\\\/07\\\/screenshot-20240714-143249-facebook.jpg\",\"articleSection\":[\"A liturgia olvasm\u00e1nyai\",\"Vas\u00e1rnapi gondolatok\"],\"inLanguage\":\"hu\"},{\"@type\":\"WebPage\",\"@id\":\"https:\\\/\\\/stuttgarti-katolikusok.de\\\/index.php\\\/evkozi-15-vasarnap-3\\\/\",\"url\":\"https:\\\/\\\/stuttgarti-katolikusok.de\\\/index.php\\\/evkozi-15-vasarnap-3\\\/\",\"name\":\"\u00c9vk\u00f6zi 15. vas\u00e1rnap - Stuttgarti Katolikusok\",\"isPartOf\":{\"@id\":\"https:\\\/\\\/stuttgarti-katolikusok.de\\\/#website\"},\"primaryImageOfPage\":{\"@id\":\"https:\\\/\\\/stuttgarti-katolikusok.de\\\/index.php\\\/evkozi-15-vasarnap-3\\\/#primaryimage\"},\"image\":{\"@id\":\"https:\\\/\\\/stuttgarti-katolikusok.de\\\/index.php\\\/evkozi-15-vasarnap-3\\\/#primaryimage\"},\"thumbnailUrl\":\"https:\\\/\\\/stuttgarti-katolikusok.de\\\/wp-content\\\/uploads\\\/2024\\\/07\\\/screenshot-20240714-143249-facebook.jpg\",\"datePublished\":\"2025-07-12T21:27:03+00:00\",\"author\":{\"@id\":\"https:\\\/\\\/stuttgarti-katolikusok.de\\\/#\\\/schema\\\/person\\\/75908d6f8fdc03a57889d27209df7795\"},\"breadcrumb\":{\"@id\":\"https:\\\/\\\/stuttgarti-katolikusok.de\\\/index.php\\\/evkozi-15-vasarnap-3\\\/#breadcrumb\"},\"inLanguage\":\"hu\",\"potentialAction\":[{\"@type\":\"ReadAction\",\"target\":[\"https:\\\/\\\/stuttgarti-katolikusok.de\\\/index.php\\\/evkozi-15-vasarnap-3\\\/\"]}]},{\"@type\":\"ImageObject\",\"inLanguage\":\"hu\",\"@id\":\"https:\\\/\\\/stuttgarti-katolikusok.de\\\/index.php\\\/evkozi-15-vasarnap-3\\\/#primaryimage\",\"url\":\"https:\\\/\\\/stuttgarti-katolikusok.de\\\/wp-content\\\/uploads\\\/2024\\\/07\\\/screenshot-20240714-143249-facebook.jpg\",\"contentUrl\":\"https:\\\/\\\/stuttgarti-katolikusok.de\\\/wp-content\\\/uploads\\\/2024\\\/07\\\/screenshot-20240714-143249-facebook.jpg\",\"width\":1079,\"height\":718},{\"@type\":\"BreadcrumbList\",\"@id\":\"https:\\\/\\\/stuttgarti-katolikusok.de\\\/index.php\\\/evkozi-15-vasarnap-3\\\/#breadcrumb\",\"itemListElement\":[{\"@type\":\"ListItem\",\"position\":1,\"name\":\"Kezd\u0151lap\",\"item\":\"https:\\\/\\\/stuttgarti-katolikusok.de\\\/\"},{\"@type\":\"ListItem\",\"position\":2,\"name\":\"\u00c9vk\u00f6zi 15. vas\u00e1rnap\"}]},{\"@type\":\"WebSite\",\"@id\":\"https:\\\/\\\/stuttgarti-katolikusok.de\\\/#website\",\"url\":\"https:\\\/\\\/stuttgarti-katolikusok.de\\\/\",\"name\":\"Stuttgarti Katolikusok\",\"description\":\"\",\"potentialAction\":[{\"@type\":\"SearchAction\",\"target\":{\"@type\":\"EntryPoint\",\"urlTemplate\":\"https:\\\/\\\/stuttgarti-katolikusok.de\\\/?s={search_term_string}\"},\"query-input\":{\"@type\":\"PropertyValueSpecification\",\"valueRequired\":true,\"valueName\":\"search_term_string\"}}],\"inLanguage\":\"hu\"},{\"@type\":\"Person\",\"@id\":\"https:\\\/\\\/stuttgarti-katolikusok.de\\\/#\\\/schema\\\/person\\\/75908d6f8fdc03a57889d27209df7795\",\"name\":\"Tibor atya\",\"image\":{\"@type\":\"ImageObject\",\"inLanguage\":\"hu\",\"@id\":\"https:\\\/\\\/secure.gravatar.com\\\/avatar\\\/61d268e57d1f4525b111222e29d2d5a7f8c420fdbf231ba5566a8ceac74fa960?s=96&d=mm&r=g\",\"url\":\"https:\\\/\\\/secure.gravatar.com\\\/avatar\\\/61d268e57d1f4525b111222e29d2d5a7f8c420fdbf231ba5566a8ceac74fa960?s=96&d=mm&r=g\",\"contentUrl\":\"https:\\\/\\\/secure.gravatar.com\\\/avatar\\\/61d268e57d1f4525b111222e29d2d5a7f8c420fdbf231ba5566a8ceac74fa960?s=96&d=mm&r=g\",\"caption\":\"Tibor atya\"},\"url\":\"https:\\\/\\\/stuttgarti-katolikusok.de\\\/index.php\\\/author\\\/tibor-atya\\\/\"}]}<\/script>\n<!-- \/ Yoast SEO plugin. -->","yoast_head_json":{"title":"\u00c9vk\u00f6zi 15. vas\u00e1rnap - Stuttgarti Katolikusok","robots":{"index":"index","follow":"follow","max-snippet":"max-snippet:-1","max-image-preview":"max-image-preview:large","max-video-preview":"max-video-preview:-1"},"canonical":"https:\/\/stuttgarti-katolikusok.de\/index.php\/evkozi-15-vasarnap-3\/","og_locale":"hu_HU","og_type":"article","og_title":"\u00c9vk\u00f6zi 15. vas\u00e1rnap - Stuttgarti Katolikusok","og_description":"A kereszt\u00e9ny \u00e9let alapt\u00f6rv\u00e9nye a szeretet. Aki embert\u00e1rsait nem becs\u00fcli, s\u0151t megveti \u00e9s gy\u0171l\u00f6li, az nem nevezheti mag\u00e1t Krisztus tan\u00edtv\u00e1ny\u00e1nak, nem lehet tagja az Isten orsz\u00e1g\u00e1nak. A szentmise k\u00f6ny\u00f6rg\u00e9s\u00e9ben az\u00e9rt foh\u00e1szkodunk, hogy az isteni igazs\u00e1g f\u00e9ny\u00e9ben mindig r\u00e1tal\u00e1ljunk a helyes \u00fatra. Elt\u00e9vedni, elesni m\u00e9g nem trag\u00e9dia. Legyen meg mindig a k\u00e9szs\u00e9g \u00e9s sz\u00e1nd\u00e9k visszatal\u00e1lni kit\u0171z\u00f6tt c\u00e9ljainkhoz. A sz\u00edv\u00fcnkben hordozott \u00e9s sz\u00e1junkkal megvallott t\u00f6rv\u00e9nyekkel kapcsolatosan m\u00e1r a M\u00f3zes k\u00f6nyv\u00e9nek szerz\u0151je is azt mondja, hogy nem nehezek. A gyakorlatban ez azt jelenti, nem elegend\u0151 csup\u00e1n a t\u00f6rv\u00e9ny megtart\u00e1sa, a hozz\u00e1 val\u00f3 h\u0171s\u00e9g. Fontosabb enn\u00e9l, hogy az Istennel val\u00f3 kapcsolatunkat mindenn\u00e9l t\u00f6bbre becs\u00fclj\u00fck, gondosan \u0151rizz\u00fck \u00e9s \u00e1poljuk. Krisztus az egyetlen k\u00f6zvet\u00edt\u0151, hiszen \u0150 a l\u00e1thatatlan Isten k\u00e9pm\u00e1sa. Err\u0151l \u00edr Szent P\u00e1l apostol a kolosszeiekhez \u00edrt level\u00e9ben. \u0150 az, aki megszerezte nek\u00fcnk b\u0171neink bocs\u00e1nat\u00e1t \u00e9s az \u00f6r\u00f6k \u00e9letet. Egyh\u00e1zmegy\u00e9nkben, a szinodalit\u00e1s szellem\u00e9ben, a j\u00f6v\u0151 egyh\u00e1zk\u00e9pet igyeksz\u00fcnk felv\u00e1zolni. E nagym\u00e9rt\u00e9k\u0171 v\u00e1ltoz\u00e1s legnagyobb k\u00eds\u00e9rt\u00e9se, ha Krisztus n\u00e9lk\u00fcli Egyh\u00e1zat akarunk. A gyakorlatban ez azt jelenti, hogy az Eucharisztia k\u00f6z\u00f6s \u00fcnnepl\u00e9se a h\u00e1tt\u00e9rbe szorul. Ezen kincs\u00fcnket egy\u00fctt kell meg\u0151rizn\u00fcnk. Mit jelent ez sz\u00e1munkra? Egyszer\u0171en azt, hogy minden m\u00e1s divat \u00e9s t\u00f6rekv\u00e9s ellen\u00e9re, fontos sz\u00e1munkra a szentmise. Hajland\u00f3 vagyok \u00e9rte \u00e1ldozatot is hozni, amennyiben arra sz\u00fcks\u00e9g van. Ugyanis a szentmise k\u00f6z\u00f6ss\u00e9get teremt! Az evang\u00e9liumban ism\u00e9telten arr\u00f3l hallhatunk, hogy a szeretet az \u00faj parancsolat. Tudok-e szeretetben \u00e9lni? Ezen \u00e1ll vagy bukik egy\u00e9ni \u00fcdv\u00f6ss\u00e9gem. Hitem \u00e9s vall\u00e1soss\u00e1gom fokm\u00e9r\u0151je is egyben. Kiterjed mindenkire, m\u00e9rc\u00e9je pedig J\u00e9zus Krisztus ir\u00e1ntunk val\u00f3 szeretete. Ez a szeretet nem v\u00e1logat! Belegondoltam abba, hogy J\u00e9zus minden emberi gyenges\u00e9gem ellen\u00e9re szeret engem? Amennyiben sz\u00edvemben, egy\u00e9ni szem\u00e9lyis\u00e9gem legm\u00e9ly\u00e9n \u00e9l ez a csod\u00e1latos felismer\u00e9s, \u00fagy es\u00e9lyem van J\u00e9zus szeretet\u00e9ben megmaradnom. M\u00e1ra m\u00e1r kell\u0151k\u00e9pen d\u00f6rzs\u00f6lt vagyok ahhoz, hogy mindig megmagyar\u00e1zzam bizony\u00edtv\u00e1nyomat konkr\u00e9t esetekben, felment\u00e9seket keresve a szeretet parancs\u00e1nak teljes\u00edt\u00e9s\u00e9t tekintve. Ekkor l\u00e9nyeg\u00e9ben \u00f6nmagamat csapom be. Ez az, amit sohasem szabad szem el\u0151l... R\u00e9szletek","og_url":"https:\/\/stuttgarti-katolikusok.de\/index.php\/evkozi-15-vasarnap-3\/","og_site_name":"Stuttgarti Katolikusok","article_published_time":"2025-07-12T21:27:03+00:00","og_image":[{"width":1079,"height":718,"url":"https:\/\/stuttgarti-katolikusok.de\/wp-content\/uploads\/2024\/07\/screenshot-20240714-143249-facebook.jpg","type":"image\/jpeg"}],"author":"Tibor atya","twitter_card":"summary_large_image","twitter_misc":{"Szerz\u0151:":"Tibor atya","Becs\u00fclt olvas\u00e1si id\u0151":"9 perc"},"schema":{"@context":"https:\/\/schema.org","@graph":[{"@type":"Article","@id":"https:\/\/stuttgarti-katolikusok.de\/index.php\/evkozi-15-vasarnap-3\/#article","isPartOf":{"@id":"https:\/\/stuttgarti-katolikusok.de\/index.php\/evkozi-15-vasarnap-3\/"},"author":{"name":"Tibor atya","@id":"https:\/\/stuttgarti-katolikusok.de\/#\/schema\/person\/75908d6f8fdc03a57889d27209df7795"},"headline":"\u00c9vk\u00f6zi 15. vas\u00e1rnap","datePublished":"2025-07-12T21:27:03+00:00","mainEntityOfPage":{"@id":"https:\/\/stuttgarti-katolikusok.de\/index.php\/evkozi-15-vasarnap-3\/"},"wordCount":2084,"image":{"@id":"https:\/\/stuttgarti-katolikusok.de\/index.php\/evkozi-15-vasarnap-3\/#primaryimage"},"thumbnailUrl":"https:\/\/stuttgarti-katolikusok.de\/wp-content\/uploads\/2024\/07\/screenshot-20240714-143249-facebook.jpg","articleSection":["A liturgia olvasm\u00e1nyai","Vas\u00e1rnapi gondolatok"],"inLanguage":"hu"},{"@type":"WebPage","@id":"https:\/\/stuttgarti-katolikusok.de\/index.php\/evkozi-15-vasarnap-3\/","url":"https:\/\/stuttgarti-katolikusok.de\/index.php\/evkozi-15-vasarnap-3\/","name":"\u00c9vk\u00f6zi 15. vas\u00e1rnap - Stuttgarti Katolikusok","isPartOf":{"@id":"https:\/\/stuttgarti-katolikusok.de\/#website"},"primaryImageOfPage":{"@id":"https:\/\/stuttgarti-katolikusok.de\/index.php\/evkozi-15-vasarnap-3\/#primaryimage"},"image":{"@id":"https:\/\/stuttgarti-katolikusok.de\/index.php\/evkozi-15-vasarnap-3\/#primaryimage"},"thumbnailUrl":"https:\/\/stuttgarti-katolikusok.de\/wp-content\/uploads\/2024\/07\/screenshot-20240714-143249-facebook.jpg","datePublished":"2025-07-12T21:27:03+00:00","author":{"@id":"https:\/\/stuttgarti-katolikusok.de\/#\/schema\/person\/75908d6f8fdc03a57889d27209df7795"},"breadcrumb":{"@id":"https:\/\/stuttgarti-katolikusok.de\/index.php\/evkozi-15-vasarnap-3\/#breadcrumb"},"inLanguage":"hu","potentialAction":[{"@type":"ReadAction","target":["https:\/\/stuttgarti-katolikusok.de\/index.php\/evkozi-15-vasarnap-3\/"]}]},{"@type":"ImageObject","inLanguage":"hu","@id":"https:\/\/stuttgarti-katolikusok.de\/index.php\/evkozi-15-vasarnap-3\/#primaryimage","url":"https:\/\/stuttgarti-katolikusok.de\/wp-content\/uploads\/2024\/07\/screenshot-20240714-143249-facebook.jpg","contentUrl":"https:\/\/stuttgarti-katolikusok.de\/wp-content\/uploads\/2024\/07\/screenshot-20240714-143249-facebook.jpg","width":1079,"height":718},{"@type":"BreadcrumbList","@id":"https:\/\/stuttgarti-katolikusok.de\/index.php\/evkozi-15-vasarnap-3\/#breadcrumb","itemListElement":[{"@type":"ListItem","position":1,"name":"Kezd\u0151lap","item":"https:\/\/stuttgarti-katolikusok.de\/"},{"@type":"ListItem","position":2,"name":"\u00c9vk\u00f6zi 15. vas\u00e1rnap"}]},{"@type":"WebSite","@id":"https:\/\/stuttgarti-katolikusok.de\/#website","url":"https:\/\/stuttgarti-katolikusok.de\/","name":"Stuttgarti Katolikusok","description":"","potentialAction":[{"@type":"SearchAction","target":{"@type":"EntryPoint","urlTemplate":"https:\/\/stuttgarti-katolikusok.de\/?s={search_term_string}"},"query-input":{"@type":"PropertyValueSpecification","valueRequired":true,"valueName":"search_term_string"}}],"inLanguage":"hu"},{"@type":"Person","@id":"https:\/\/stuttgarti-katolikusok.de\/#\/schema\/person\/75908d6f8fdc03a57889d27209df7795","name":"Tibor atya","image":{"@type":"ImageObject","inLanguage":"hu","@id":"https:\/\/secure.gravatar.com\/avatar\/61d268e57d1f4525b111222e29d2d5a7f8c420fdbf231ba5566a8ceac74fa960?s=96&d=mm&r=g","url":"https:\/\/secure.gravatar.com\/avatar\/61d268e57d1f4525b111222e29d2d5a7f8c420fdbf231ba5566a8ceac74fa960?s=96&d=mm&r=g","contentUrl":"https:\/\/secure.gravatar.com\/avatar\/61d268e57d1f4525b111222e29d2d5a7f8c420fdbf231ba5566a8ceac74fa960?s=96&d=mm&r=g","caption":"Tibor atya"},"url":"https:\/\/stuttgarti-katolikusok.de\/index.php\/author\/tibor-atya\/"}]}},"_links":{"self":[{"href":"https:\/\/stuttgarti-katolikusok.de\/index.php\/wp-json\/wp\/v2\/posts\/31313","targetHints":{"allow":["GET"]}}],"collection":[{"href":"https:\/\/stuttgarti-katolikusok.de\/index.php\/wp-json\/wp\/v2\/posts"}],"about":[{"href":"https:\/\/stuttgarti-katolikusok.de\/index.php\/wp-json\/wp\/v2\/types\/post"}],"author":[{"embeddable":true,"href":"https:\/\/stuttgarti-katolikusok.de\/index.php\/wp-json\/wp\/v2\/users\/3"}],"replies":[{"embeddable":true,"href":"https:\/\/stuttgarti-katolikusok.de\/index.php\/wp-json\/wp\/v2\/comments?post=31313"}],"version-history":[{"count":1,"href":"https:\/\/stuttgarti-katolikusok.de\/index.php\/wp-json\/wp\/v2\/posts\/31313\/revisions"}],"predecessor-version":[{"id":31314,"href":"https:\/\/stuttgarti-katolikusok.de\/index.php\/wp-json\/wp\/v2\/posts\/31313\/revisions\/31314"}],"wp:featuredmedia":[{"embeddable":true,"href":"https:\/\/stuttgarti-katolikusok.de\/index.php\/wp-json\/wp\/v2\/media\/29195"}],"wp:attachment":[{"href":"https:\/\/stuttgarti-katolikusok.de\/index.php\/wp-json\/wp\/v2\/media?parent=31313"}],"wp:term":[{"taxonomy":"category","embeddable":true,"href":"https:\/\/stuttgarti-katolikusok.de\/index.php\/wp-json\/wp\/v2\/categories?post=31313"},{"taxonomy":"post_tag","embeddable":true,"href":"https:\/\/stuttgarti-katolikusok.de\/index.php\/wp-json\/wp\/v2\/tags?post=31313"}],"curies":[{"name":"wp","href":"https:\/\/api.w.org\/{rel}","templated":true}]}}