{"id":31307,"date":"2025-07-11T00:18:36","date_gmt":"2025-07-10T22:18:36","guid":{"rendered":"https:\/\/stuttgarti-katolikusok.de\/?p=31307"},"modified":"2025-07-11T00:20:39","modified_gmt":"2025-07-10T22:20:39","slug":"vacsora-borkostoloval","status":"publish","type":"post","link":"https:\/\/stuttgarti-katolikusok.de\/index.php\/vacsora-borkostoloval\/","title":{"rendered":"Vacsora bork\u00f3stol\u00f3val"},"content":{"rendered":"<p><span style=\"color: #ff6600;\"><em>A Bar\u00e1ts\u00e1gklub j\u00faniusi tal\u00e1lkoz\u00f3j\u00e1ra ism\u00e9telten &#8222;h\u00e1zon k\u00edv\u00fcl&#8221; ker\u00fclt sor. Az al\u00e1bbiakban ism\u00e9telten Stauder Marika besz\u00e1mol\u00f3j\u00e1t olvashatj\u00e1tok. Tov\u00e1bb\u00e1 k\u00f6sz\u00f6net Kom\u00e1romi Juditnak \u00e9s Stauder Marik\u00e1nak a megosztott k\u00e9pek\u00e9rt.<\/em><\/span><\/p>\n<div class=\"brlbs-cmpnt-container brlbs-cmpnt-content-blocker brlbs-cmpnt-with-individual-styles\" data-borlabs-cookie-content-blocker-id=\"default\" data-borlabs-cookie-content=\"PGEgZGF0YS1mbGlja3ItZW1iZWQ9J3RydWUnIGhyZWY9J2h0dHBzOi8vd3d3LmZsaWNrci5jb20vcGhvdG9zLzE5MDEyMTk2NEBOMDYvYWxidW1zLzcyMTc3NzIwMzI3NDYwNjQ3JyB0aXRsZT0nQmFyw6F0c8OhZ2tsdWIgLSAyMDI1LiBqw7puaXVzIDI3LiBieSBicnVkZXJrbGF1czIwMjAsIG9uIEZsaWNrcic+PGltZyBzcmM9J2h0dHBzOi8vbGl2ZS5zdGF0aWNmbGlja3IuY29tLzY1NTM1LzU0NjQ2NzgwNDUzX2MzODhiNGU3MzJfYy5qcGcnIHdpZHRoPSc4MDAnIGhlaWdodD0nNjAwJyBhbHQ9J0JvcmvDs3N0b2zDsyAxJz48L2E+PHNjcmlwdCBhc3luYyBzcmM9J2h0dHBzOi8vZW1iZWRyLmZsaWNrci5jb20vYXNzZXRzL2NsaWVudC1jb2RlLmpzJyBjaGFyc2V0PSd1dGYtOCc+PC9zY3JpcHQ+\">\n<div class=\"brlbs-cmpnt-cb-preset-a\">\n<p class=\"brlbs-cmpnt-cb-description\">You are currently viewing a placeholder content from <strong>Default<\/strong>. To access the actual content, click the button below. Please note that doing so will share data with third-party providers.<\/p>\n<div class=\"brlbs-cmpnt-cb-buttons\"> <a class=\"brlbs-cmpnt-cb-btn\" href=\"#\" data-borlabs-cookie-unblock role=\"button\">Unblock content<\/a> <a class=\"brlbs-cmpnt-cb-btn\" href=\"#\" data-borlabs-cookie-accept-service role=\"button\" style=\"display: none\">Accept required service and unblock content<\/a> <\/div>\n<p> <a class=\"brlbs-cmpnt-cb-provider-toggle\" href=\"#\" data-borlabs-cookie-show-provider-information role=\"button\">More Information<\/a> <\/div>\n<\/div>\n<p>Ny\u00e1ri sz\u00fcnid\u0151 el\u0151tt, a Bar\u00e1ts\u00e1gklub tagjai egy kecsegtet\u0151, j\u00f3lhangz\u00f3 megh\u00edv\u00f3t kaptak, Zsolthoz Scharnhausenben, egy bork\u00f3stol\u00f3val j\u00e1r\u00f3 vacsor\u00e1ra.<\/p>\n<p>Ez a tal\u00e1lkoz\u00f3 m\u00e1r kor\u00e1bban jelezve volt Erik\u00e1t\u00f3l.<\/p>\n<p>N\u00e9zegettem a mi programjainkat \u00e9s megnyugodtam, hogy mi is f\u00e9rjemmel ott lehet\u00fcnk. Mindig sajn\u00e1lom, ha valamelyik tal\u00e1lkoz\u00f3n nem tudunk r\u00e9szt venni.<br \/>\nA megh\u00edv\u00f3 j\u00fanius 27-\u00e9re sz\u00f3lt. B\u00e1r el\u0151z\u0151 napokban j\u00f3 meleg volt, a tal\u00e1lkoz\u00f3 napj\u00e1n kicsit a h\u0151m\u00e9rs\u00e9klet visszaesett, \u00edgy kib\u00edrhat\u00f3bb volt a meleg.<\/p>\n<p>Igyekezt\u00fcnk d\u00e9lut\u00e1n, hogy id\u0151ben ott legy\u00fcnk. Nem k\u00e9st\u00fcnk el ugyan, de mikor<br \/>\nmeg\u00e9rkezt\u00fcnk m\u00e1r mindenki ott volt. Erika, mint mindig, elib\u00fcnk sietett \u00e9s meg\u00f6lelve benn\u00fcnket, \u00fcdv\u00f6z\u00f6lt. Erzs\u00e9bet\u00fcnk is szeretettel \u00fcdv\u00f6z\u00f6lt benn\u00fcnket.<\/p>\n<p>Egyszer\u0171en \u00f6rvendt\u00fcnk egym\u00e1snak, \u00f6rvendt\u00fcnk, hogy egy\u00fctt lehet\u00fcnk.<\/p>\n<p>K\u00f6zben az \u00e9tterem dolgoz\u00f3i kezdt\u00e9k a poharakat a finom borral kiosztani, minden fog\u00e1shoz a megfelel\u0151 bort.<\/p>\n<p>S\u00f3lyom P\u00e9ter a bor\u00e1szunk, aki ezeket a finom borokat hozta, mes\u00e9lt nek\u00fcnk a csal\u00e1dja bor\u00e1szat\u00e1r\u00f3l, ami t\u00f6bb gener\u00e1ci\u00f3ra ny\u00falik vissza eg\u00e9szen M\u00e1ty\u00e1s kir\u00e1ly kor\u00e1ig. Sz\u00e1mukra a legfontosabb a vend\u00e9geik \u00edz vil\u00e1g\u00e1nak a megtal\u00e1l\u00e1sa. Boraikat hagyom\u00e1nyos m\u00f3don k\u00e9sz\u00edtik, melynek tud\u00e1sa ap\u00e1r\u00f3l-fi\u00fara sz\u00e1ll.<\/p>\n<p>Bor\u00e1szatuk f\u0151 bora az Olaszrizling. De pinc\u00e9j\u00fckben a sz\u00e1raz bort\u00f3l az \u00e9des borig szinte minden sz\u0151l\u0151fajta megtal\u00e1lhat\u00f3. Bor\u00e1szatuk a Nivegy-v\u00f6lgy\u00e9ben Szentantalfa felett a Mocs\u00e1r d\u0171l\u0151n fekszik, ahol a Balaton csod\u00e1latos l\u00e1tv\u00e1ny\u00e1val fogadja a vend\u00e9geket.<\/p>\n<p>A vacsora egy nagyon \u00edzletes el\u0151\u00e9tellel kezd\u0151d\u00f6tt: Csirkemell rol\u00e1d friss sal\u00e1t\u00e1val \u00e9s\u00a0 hozz\u00e1 a finom &#8222;Balatoncsics\u00f3i Juhfark&#8221;.<\/p>\n<p>Ut\u00e1na j\u00f6tt a f\u0151men\u00fc: T\u00f6lt\u00f6tt sert\u00e9sfil\u00e9, di\u00f3s- krumplip\u00fcr\u00e9vel \u00e9s szedersz\u00f3sszal, amihez &#8222;Cabernet Sauvignon, K\u00e9kfrankos \u00e9s St. Laurent&#8221; bort k\u00edn\u00e1ltak. A vacsora egy h\u00e1zilag k\u00e9sz\u00edtett t\u00far\u00f3gomb\u00f3ccal \u00e9s narancslekv\u00e1rral, hozz\u00e1 pedig &#8222;Narancsos Muskot\u00e1ly&#8221; borral fejez\u0151d\u00f6tt be.<\/p>\n<p>Minden esetre siker\u00fclt a szak\u00e1csnak \u00e9s bor\u00e1szunknak egy k\u00fcl\u00f6nleges finom vacsor\u00e1t \u00f6ssze\u00e1ll\u00edtani! K\u00f6sz\u00f6net a finom \u00edzek\u00e9rt!<\/p>\n<p>Van nek\u00fcnk egy nagyon kedves vid\u00e1m tagunk, Judit, aki m\u00e9g szebb\u00e9 var\u00e1zsolta est\u00e9nket \u00e9s pedig gondoskodott zen\u00e9r\u0151l, ami azt\u00e1n az est cs\u00facspontja volt. Lett olyan mulats\u00e1g, dalol\u00e1s, t\u00e1ncra perd\u00fclt a t\u00e1rsas\u00e1g. \u00c9n, aki nagyon szeretem a vid\u00e1ms\u00e1got, nagyon sajn\u00e1ltam volna, ha lemaradunk err\u0151l a csod\u00e1s egy\u00fcttl\u00e9tr\u0151l.<\/p>\n<p>&#8222;Mi\u00e9rt m\u00falik el, minden, ami sz\u00e9p?&#8221;&#8230;<\/p>\n<p>K\u00f6zben j\u00f3l r\u00e1nk esteledett. Voltak, akik a buszhoz igyekeztek, mi is akarva-nem akarva elindultunk, de k\u00f6zben a zenedobozb\u00f3l megsz\u00f3lalt egy kedves dalom:<\/p>\n<p>Laura Wilde: Ungarischesblut c\u00edm\u0171 dala, amit m\u00e9g v\u00e9gig kellett hallgatnom<br \/>\n\u00e9s csak ut\u00e1na tudtam elhagyni a helyis\u00e9get.<\/p>\n<p>H\u00e1l\u00e1s k\u00f6sz\u00f6net dr\u00e1ga Erik\u00e1nknak \u00e9s S\u00e1ndornak ez\u00e9rt a sz\u00e9p d\u00e9lut\u00e1n\u00e9rt, est\u00e9\u00e9rt!<\/p>\n<p>K\u00f6sz\u00f6net mindenkinek a vid\u00e1m hangulat\u00e9rt! Legyen m\u00e9g sok ilyen sz\u00e9p tal\u00e1lkoz\u00f3nk!<\/p>\n<p><em>Stauder Marika<\/em><\/p>\n","protected":false},"excerpt":{"rendered":"<p>A Bar\u00e1ts\u00e1gklub j\u00faniusi tal\u00e1lkoz\u00f3j\u00e1ra ism\u00e9telten &#8222;h\u00e1zon k\u00edv\u00fcl&#8221; ker\u00fclt sor. Az al\u00e1bbiakban ism\u00e9telten Stauder Marika besz\u00e1mol\u00f3j\u00e1t olvashatj\u00e1tok. Tov\u00e1bb\u00e1 k\u00f6sz\u00f6net Kom\u00e1romi Juditnak \u00e9s Stauder Marik\u00e1nak a megosztott k\u00e9pek\u00e9rt. You are currently viewing a placeholder content from Default. To access the actual content, click the button below. Please note that doing so will share data with third-party providers. Unblock content Accept required service and unblock content More Information Ny\u00e1ri sz\u00fcnid\u0151 el\u0151tt, a Bar\u00e1ts\u00e1gklub tagjai egy kecsegtet\u0151, j\u00f3lhangz\u00f3 megh\u00edv\u00f3t kaptak, Zsolthoz Scharnhausenben, egy bork\u00f3stol\u00f3val j\u00e1r\u00f3 vacsor\u00e1ra. Ez a tal\u00e1lkoz\u00f3 m\u00e1r kor\u00e1bban jelezve volt Erik\u00e1t\u00f3l. N\u00e9zegettem a mi programjainkat \u00e9s megnyugodtam, hogy mi is f\u00e9rjemmel ott lehet\u00fcnk. Mindig sajn\u00e1lom, ha valamelyik tal\u00e1lkoz\u00f3n nem tudunk r\u00e9szt venni. A megh\u00edv\u00f3 j\u00fanius 27-\u00e9re sz\u00f3lt. B\u00e1r el\u0151z\u0151 napokban j\u00f3 meleg volt, a tal\u00e1lkoz\u00f3 napj\u00e1n kicsit a h\u0151m\u00e9rs\u00e9klet visszaesett, \u00edgy kib\u00edrhat\u00f3bb volt a meleg. Igyekezt\u00fcnk d\u00e9lut\u00e1n, hogy id\u0151ben ott legy\u00fcnk. Nem k\u00e9st\u00fcnk el ugyan, de mikor meg\u00e9rkezt\u00fcnk m\u00e1r mindenki ott volt. Erika, mint mindig, elib\u00fcnk sietett \u00e9s meg\u00f6lelve benn\u00fcnket, \u00fcdv\u00f6z\u00f6lt. Erzs\u00e9bet\u00fcnk is szeretettel \u00fcdv\u00f6z\u00f6lt benn\u00fcnket. Egyszer\u0171en \u00f6rvendt\u00fcnk egym\u00e1snak, \u00f6rvendt\u00fcnk, hogy egy\u00fctt lehet\u00fcnk. K\u00f6zben az \u00e9tterem dolgoz\u00f3i kezdt\u00e9k a poharakat a finom borral kiosztani, minden fog\u00e1shoz a megfelel\u0151 bort. S\u00f3lyom P\u00e9ter a bor\u00e1szunk, aki ezeket a finom borokat hozta, mes\u00e9lt nek\u00fcnk a csal\u00e1dja bor\u00e1szat\u00e1r\u00f3l, ami t\u00f6bb gener\u00e1ci\u00f3ra ny\u00falik vissza eg\u00e9szen M\u00e1ty\u00e1s kir\u00e1ly kor\u00e1ig. Sz\u00e1mukra a legfontosabb a vend\u00e9geik \u00edz vil\u00e1g\u00e1nak a megtal\u00e1l\u00e1sa. Boraikat hagyom\u00e1nyos m\u00f3don k\u00e9sz\u00edtik, melynek tud\u00e1sa ap\u00e1r\u00f3l-fi\u00fara sz\u00e1ll. Bor\u00e1szatuk f\u0151 bora az Olaszrizling. De pinc\u00e9j\u00fckben a sz\u00e1raz bort\u00f3l az \u00e9des borig szinte minden sz\u0151l\u0151fajta megtal\u00e1lhat\u00f3. Bor\u00e1szatuk a Nivegy-v\u00f6lgy\u00e9ben Szentantalfa felett a Mocs\u00e1r d\u0171l\u0151n fekszik, ahol a Balaton csod\u00e1latos l\u00e1tv\u00e1ny\u00e1val fogadja a vend\u00e9geket. A vacsora egy nagyon \u00edzletes el\u0151\u00e9tellel kezd\u0151d\u00f6tt: Csirkemell rol\u00e1d friss sal\u00e1t\u00e1val \u00e9s\u00a0 hozz\u00e1 a finom &#8222;Balatoncsics\u00f3i Juhfark&#8221;. Ut\u00e1na j\u00f6tt a f\u0151men\u00fc: T\u00f6lt\u00f6tt sert\u00e9sfil\u00e9, di\u00f3s- krumplip\u00fcr\u00e9vel \u00e9s szedersz\u00f3sszal, amihez &#8222;Cabernet Sauvignon, K\u00e9kfrankos \u00e9s St. Laurent&#8221; bort k\u00edn\u00e1ltak. A&#8230; <\/p>\n<p><a class=\"readmore\" href=\"https:\/\/stuttgarti-katolikusok.de\/index.php\/vacsora-borkostoloval\/\">R\u00e9szletek<\/a><\/p>\n","protected":false},"author":3,"featured_media":31251,"comment_status":"closed","ping_status":"closed","sticky":false,"template":"","format":"standard","meta":{"footnotes":""},"categories":[32],"tags":[],"class_list":["post-31307","post","type-post","status-publish","format-standard","has-post-thumbnail","hentry","category-baratsag-klub"],"yoast_head":"<!-- This site is optimized with the Yoast SEO plugin v27.3 - https:\/\/yoast.com\/product\/yoast-seo-wordpress\/ -->\n<title>Vacsora bork\u00f3stol\u00f3val - Stuttgarti Katolikusok<\/title>\n<meta name=\"robots\" content=\"index, follow, max-snippet:-1, max-image-preview:large, max-video-preview:-1\" \/>\n<link rel=\"canonical\" href=\"https:\/\/stuttgarti-katolikusok.de\/index.php\/vacsora-borkostoloval\/\" \/>\n<meta property=\"og:locale\" content=\"hu_HU\" \/>\n<meta property=\"og:type\" content=\"article\" \/>\n<meta property=\"og:title\" content=\"Vacsora bork\u00f3stol\u00f3val - Stuttgarti Katolikusok\" \/>\n<meta property=\"og:description\" content=\"A Bar\u00e1ts\u00e1gklub j\u00faniusi tal\u00e1lkoz\u00f3j\u00e1ra ism\u00e9telten &#8222;h\u00e1zon k\u00edv\u00fcl&#8221; ker\u00fclt sor. Az al\u00e1bbiakban ism\u00e9telten Stauder Marika besz\u00e1mol\u00f3j\u00e1t olvashatj\u00e1tok. Tov\u00e1bb\u00e1 k\u00f6sz\u00f6net Kom\u00e1romi Juditnak \u00e9s Stauder Marik\u00e1nak a megosztott k\u00e9pek\u00e9rt. You are currently viewing a placeholder content from Default. To access the actual content, click the button below. Please note that doing so will share data with third-party providers. Unblock content Accept required service and unblock content More Information Ny\u00e1ri sz\u00fcnid\u0151 el\u0151tt, a Bar\u00e1ts\u00e1gklub tagjai egy kecsegtet\u0151, j\u00f3lhangz\u00f3 megh\u00edv\u00f3t kaptak, Zsolthoz Scharnhausenben, egy bork\u00f3stol\u00f3val j\u00e1r\u00f3 vacsor\u00e1ra. Ez a tal\u00e1lkoz\u00f3 m\u00e1r kor\u00e1bban jelezve volt Erik\u00e1t\u00f3l. N\u00e9zegettem a mi programjainkat \u00e9s megnyugodtam, hogy mi is f\u00e9rjemmel ott lehet\u00fcnk. Mindig sajn\u00e1lom, ha valamelyik tal\u00e1lkoz\u00f3n nem tudunk r\u00e9szt venni. A megh\u00edv\u00f3 j\u00fanius 27-\u00e9re sz\u00f3lt. B\u00e1r el\u0151z\u0151 napokban j\u00f3 meleg volt, a tal\u00e1lkoz\u00f3 napj\u00e1n kicsit a h\u0151m\u00e9rs\u00e9klet visszaesett, \u00edgy kib\u00edrhat\u00f3bb volt a meleg. Igyekezt\u00fcnk d\u00e9lut\u00e1n, hogy id\u0151ben ott legy\u00fcnk. Nem k\u00e9st\u00fcnk el ugyan, de mikor meg\u00e9rkezt\u00fcnk m\u00e1r mindenki ott volt. Erika, mint mindig, elib\u00fcnk sietett \u00e9s meg\u00f6lelve benn\u00fcnket, \u00fcdv\u00f6z\u00f6lt. Erzs\u00e9bet\u00fcnk is szeretettel \u00fcdv\u00f6z\u00f6lt benn\u00fcnket. Egyszer\u0171en \u00f6rvendt\u00fcnk egym\u00e1snak, \u00f6rvendt\u00fcnk, hogy egy\u00fctt lehet\u00fcnk. K\u00f6zben az \u00e9tterem dolgoz\u00f3i kezdt\u00e9k a poharakat a finom borral kiosztani, minden fog\u00e1shoz a megfelel\u0151 bort. S\u00f3lyom P\u00e9ter a bor\u00e1szunk, aki ezeket a finom borokat hozta, mes\u00e9lt nek\u00fcnk a csal\u00e1dja bor\u00e1szat\u00e1r\u00f3l, ami t\u00f6bb gener\u00e1ci\u00f3ra ny\u00falik vissza eg\u00e9szen M\u00e1ty\u00e1s kir\u00e1ly kor\u00e1ig. Sz\u00e1mukra a legfontosabb a vend\u00e9geik \u00edz vil\u00e1g\u00e1nak a megtal\u00e1l\u00e1sa. Boraikat hagyom\u00e1nyos m\u00f3don k\u00e9sz\u00edtik, melynek tud\u00e1sa ap\u00e1r\u00f3l-fi\u00fara sz\u00e1ll. Bor\u00e1szatuk f\u0151 bora az Olaszrizling. De pinc\u00e9j\u00fckben a sz\u00e1raz bort\u00f3l az \u00e9des borig szinte minden sz\u0151l\u0151fajta megtal\u00e1lhat\u00f3. Bor\u00e1szatuk a Nivegy-v\u00f6lgy\u00e9ben Szentantalfa felett a Mocs\u00e1r d\u0171l\u0151n fekszik, ahol a Balaton csod\u00e1latos l\u00e1tv\u00e1ny\u00e1val fogadja a vend\u00e9geket. A vacsora egy nagyon \u00edzletes el\u0151\u00e9tellel kezd\u0151d\u00f6tt: Csirkemell rol\u00e1d friss sal\u00e1t\u00e1val \u00e9s\u00a0 hozz\u00e1 a finom &#8222;Balatoncsics\u00f3i Juhfark&#8221;. Ut\u00e1na j\u00f6tt a f\u0151men\u00fc: T\u00f6lt\u00f6tt sert\u00e9sfil\u00e9, di\u00f3s- krumplip\u00fcr\u00e9vel \u00e9s szedersz\u00f3sszal, amihez &#8222;Cabernet Sauvignon, K\u00e9kfrankos \u00e9s St. Laurent&#8221; bort k\u00edn\u00e1ltak. A... R\u00e9szletek\" \/>\n<meta property=\"og:url\" content=\"https:\/\/stuttgarti-katolikusok.de\/index.php\/vacsora-borkostoloval\/\" \/>\n<meta property=\"og:site_name\" content=\"Stuttgarti Katolikusok\" \/>\n<meta property=\"article:published_time\" content=\"2025-07-10T22:18:36+00:00\" \/>\n<meta property=\"article:modified_time\" content=\"2025-07-10T22:20:39+00:00\" \/>\n<meta property=\"og:image\" content=\"https:\/\/stuttgarti-katolikusok.de\/wp-content\/uploads\/2025\/06\/baratsagklub-2025-junius.jpg\" \/>\n\t<meta property=\"og:image:width\" content=\"2339\" \/>\n\t<meta property=\"og:image:height\" content=\"1654\" \/>\n\t<meta property=\"og:image:type\" content=\"image\/jpeg\" \/>\n<meta name=\"author\" content=\"Tibor atya\" \/>\n<meta name=\"twitter:card\" content=\"summary_large_image\" \/>\n<meta name=\"twitter:label1\" content=\"Szerz\u0151:\" \/>\n\t<meta name=\"twitter:data1\" content=\"Tibor atya\" \/>\n\t<meta name=\"twitter:label2\" content=\"Becs\u00fclt olvas\u00e1si id\u0151\" \/>\n\t<meta name=\"twitter:data2\" content=\"3 perc\" \/>\n<script type=\"application\/ld+json\" class=\"yoast-schema-graph\">{\"@context\":\"https:\\\/\\\/schema.org\",\"@graph\":[{\"@type\":\"Article\",\"@id\":\"https:\\\/\\\/stuttgarti-katolikusok.de\\\/index.php\\\/vacsora-borkostoloval\\\/#article\",\"isPartOf\":{\"@id\":\"https:\\\/\\\/stuttgarti-katolikusok.de\\\/index.php\\\/vacsora-borkostoloval\\\/\"},\"author\":{\"name\":\"Tibor atya\",\"@id\":\"https:\\\/\\\/stuttgarti-katolikusok.de\\\/#\\\/schema\\\/person\\\/75908d6f8fdc03a57889d27209df7795\"},\"headline\":\"Vacsora bork\u00f3stol\u00f3val\",\"datePublished\":\"2025-07-10T22:18:36+00:00\",\"dateModified\":\"2025-07-10T22:20:39+00:00\",\"mainEntityOfPage\":{\"@id\":\"https:\\\/\\\/stuttgarti-katolikusok.de\\\/index.php\\\/vacsora-borkostoloval\\\/\"},\"wordCount\":659,\"image\":{\"@id\":\"https:\\\/\\\/stuttgarti-katolikusok.de\\\/index.php\\\/vacsora-borkostoloval\\\/#primaryimage\"},\"thumbnailUrl\":\"https:\\\/\\\/stuttgarti-katolikusok.de\\\/wp-content\\\/uploads\\\/2025\\\/06\\\/baratsagklub-2025-junius.jpg\",\"articleSection\":[\"Bar\u00e1ts\u00e1g Klub\"],\"inLanguage\":\"hu\"},{\"@type\":\"WebPage\",\"@id\":\"https:\\\/\\\/stuttgarti-katolikusok.de\\\/index.php\\\/vacsora-borkostoloval\\\/\",\"url\":\"https:\\\/\\\/stuttgarti-katolikusok.de\\\/index.php\\\/vacsora-borkostoloval\\\/\",\"name\":\"Vacsora bork\u00f3stol\u00f3val - Stuttgarti Katolikusok\",\"isPartOf\":{\"@id\":\"https:\\\/\\\/stuttgarti-katolikusok.de\\\/#website\"},\"primaryImageOfPage\":{\"@id\":\"https:\\\/\\\/stuttgarti-katolikusok.de\\\/index.php\\\/vacsora-borkostoloval\\\/#primaryimage\"},\"image\":{\"@id\":\"https:\\\/\\\/stuttgarti-katolikusok.de\\\/index.php\\\/vacsora-borkostoloval\\\/#primaryimage\"},\"thumbnailUrl\":\"https:\\\/\\\/stuttgarti-katolikusok.de\\\/wp-content\\\/uploads\\\/2025\\\/06\\\/baratsagklub-2025-junius.jpg\",\"datePublished\":\"2025-07-10T22:18:36+00:00\",\"dateModified\":\"2025-07-10T22:20:39+00:00\",\"author\":{\"@id\":\"https:\\\/\\\/stuttgarti-katolikusok.de\\\/#\\\/schema\\\/person\\\/75908d6f8fdc03a57889d27209df7795\"},\"breadcrumb\":{\"@id\":\"https:\\\/\\\/stuttgarti-katolikusok.de\\\/index.php\\\/vacsora-borkostoloval\\\/#breadcrumb\"},\"inLanguage\":\"hu\",\"potentialAction\":[{\"@type\":\"ReadAction\",\"target\":[\"https:\\\/\\\/stuttgarti-katolikusok.de\\\/index.php\\\/vacsora-borkostoloval\\\/\"]}]},{\"@type\":\"ImageObject\",\"inLanguage\":\"hu\",\"@id\":\"https:\\\/\\\/stuttgarti-katolikusok.de\\\/index.php\\\/vacsora-borkostoloval\\\/#primaryimage\",\"url\":\"https:\\\/\\\/stuttgarti-katolikusok.de\\\/wp-content\\\/uploads\\\/2025\\\/06\\\/baratsagklub-2025-junius.jpg\",\"contentUrl\":\"https:\\\/\\\/stuttgarti-katolikusok.de\\\/wp-content\\\/uploads\\\/2025\\\/06\\\/baratsagklub-2025-junius.jpg\",\"width\":2339,\"height\":1654},{\"@type\":\"BreadcrumbList\",\"@id\":\"https:\\\/\\\/stuttgarti-katolikusok.de\\\/index.php\\\/vacsora-borkostoloval\\\/#breadcrumb\",\"itemListElement\":[{\"@type\":\"ListItem\",\"position\":1,\"name\":\"Kezd\u0151lap\",\"item\":\"https:\\\/\\\/stuttgarti-katolikusok.de\\\/\"},{\"@type\":\"ListItem\",\"position\":2,\"name\":\"Vacsora bork\u00f3stol\u00f3val\"}]},{\"@type\":\"WebSite\",\"@id\":\"https:\\\/\\\/stuttgarti-katolikusok.de\\\/#website\",\"url\":\"https:\\\/\\\/stuttgarti-katolikusok.de\\\/\",\"name\":\"Stuttgarti Katolikusok\",\"description\":\"\",\"potentialAction\":[{\"@type\":\"SearchAction\",\"target\":{\"@type\":\"EntryPoint\",\"urlTemplate\":\"https:\\\/\\\/stuttgarti-katolikusok.de\\\/?s={search_term_string}\"},\"query-input\":{\"@type\":\"PropertyValueSpecification\",\"valueRequired\":true,\"valueName\":\"search_term_string\"}}],\"inLanguage\":\"hu\"},{\"@type\":\"Person\",\"@id\":\"https:\\\/\\\/stuttgarti-katolikusok.de\\\/#\\\/schema\\\/person\\\/75908d6f8fdc03a57889d27209df7795\",\"name\":\"Tibor atya\",\"image\":{\"@type\":\"ImageObject\",\"inLanguage\":\"hu\",\"@id\":\"https:\\\/\\\/secure.gravatar.com\\\/avatar\\\/61d268e57d1f4525b111222e29d2d5a7f8c420fdbf231ba5566a8ceac74fa960?s=96&d=mm&r=g\",\"url\":\"https:\\\/\\\/secure.gravatar.com\\\/avatar\\\/61d268e57d1f4525b111222e29d2d5a7f8c420fdbf231ba5566a8ceac74fa960?s=96&d=mm&r=g\",\"contentUrl\":\"https:\\\/\\\/secure.gravatar.com\\\/avatar\\\/61d268e57d1f4525b111222e29d2d5a7f8c420fdbf231ba5566a8ceac74fa960?s=96&d=mm&r=g\",\"caption\":\"Tibor atya\"},\"url\":\"https:\\\/\\\/stuttgarti-katolikusok.de\\\/index.php\\\/author\\\/tibor-atya\\\/\"}]}<\/script>\n<!-- \/ Yoast SEO plugin. -->","yoast_head_json":{"title":"Vacsora bork\u00f3stol\u00f3val - Stuttgarti Katolikusok","robots":{"index":"index","follow":"follow","max-snippet":"max-snippet:-1","max-image-preview":"max-image-preview:large","max-video-preview":"max-video-preview:-1"},"canonical":"https:\/\/stuttgarti-katolikusok.de\/index.php\/vacsora-borkostoloval\/","og_locale":"hu_HU","og_type":"article","og_title":"Vacsora bork\u00f3stol\u00f3val - Stuttgarti Katolikusok","og_description":"A Bar\u00e1ts\u00e1gklub j\u00faniusi tal\u00e1lkoz\u00f3j\u00e1ra ism\u00e9telten &#8222;h\u00e1zon k\u00edv\u00fcl&#8221; ker\u00fclt sor. Az al\u00e1bbiakban ism\u00e9telten Stauder Marika besz\u00e1mol\u00f3j\u00e1t olvashatj\u00e1tok. Tov\u00e1bb\u00e1 k\u00f6sz\u00f6net Kom\u00e1romi Juditnak \u00e9s Stauder Marik\u00e1nak a megosztott k\u00e9pek\u00e9rt. You are currently viewing a placeholder content from Default. To access the actual content, click the button below. Please note that doing so will share data with third-party providers. Unblock content Accept required service and unblock content More Information Ny\u00e1ri sz\u00fcnid\u0151 el\u0151tt, a Bar\u00e1ts\u00e1gklub tagjai egy kecsegtet\u0151, j\u00f3lhangz\u00f3 megh\u00edv\u00f3t kaptak, Zsolthoz Scharnhausenben, egy bork\u00f3stol\u00f3val j\u00e1r\u00f3 vacsor\u00e1ra. Ez a tal\u00e1lkoz\u00f3 m\u00e1r kor\u00e1bban jelezve volt Erik\u00e1t\u00f3l. N\u00e9zegettem a mi programjainkat \u00e9s megnyugodtam, hogy mi is f\u00e9rjemmel ott lehet\u00fcnk. Mindig sajn\u00e1lom, ha valamelyik tal\u00e1lkoz\u00f3n nem tudunk r\u00e9szt venni. A megh\u00edv\u00f3 j\u00fanius 27-\u00e9re sz\u00f3lt. B\u00e1r el\u0151z\u0151 napokban j\u00f3 meleg volt, a tal\u00e1lkoz\u00f3 napj\u00e1n kicsit a h\u0151m\u00e9rs\u00e9klet visszaesett, \u00edgy kib\u00edrhat\u00f3bb volt a meleg. Igyekezt\u00fcnk d\u00e9lut\u00e1n, hogy id\u0151ben ott legy\u00fcnk. Nem k\u00e9st\u00fcnk el ugyan, de mikor meg\u00e9rkezt\u00fcnk m\u00e1r mindenki ott volt. Erika, mint mindig, elib\u00fcnk sietett \u00e9s meg\u00f6lelve benn\u00fcnket, \u00fcdv\u00f6z\u00f6lt. Erzs\u00e9bet\u00fcnk is szeretettel \u00fcdv\u00f6z\u00f6lt benn\u00fcnket. Egyszer\u0171en \u00f6rvendt\u00fcnk egym\u00e1snak, \u00f6rvendt\u00fcnk, hogy egy\u00fctt lehet\u00fcnk. K\u00f6zben az \u00e9tterem dolgoz\u00f3i kezdt\u00e9k a poharakat a finom borral kiosztani, minden fog\u00e1shoz a megfelel\u0151 bort. S\u00f3lyom P\u00e9ter a bor\u00e1szunk, aki ezeket a finom borokat hozta, mes\u00e9lt nek\u00fcnk a csal\u00e1dja bor\u00e1szat\u00e1r\u00f3l, ami t\u00f6bb gener\u00e1ci\u00f3ra ny\u00falik vissza eg\u00e9szen M\u00e1ty\u00e1s kir\u00e1ly kor\u00e1ig. Sz\u00e1mukra a legfontosabb a vend\u00e9geik \u00edz vil\u00e1g\u00e1nak a megtal\u00e1l\u00e1sa. Boraikat hagyom\u00e1nyos m\u00f3don k\u00e9sz\u00edtik, melynek tud\u00e1sa ap\u00e1r\u00f3l-fi\u00fara sz\u00e1ll. Bor\u00e1szatuk f\u0151 bora az Olaszrizling. De pinc\u00e9j\u00fckben a sz\u00e1raz bort\u00f3l az \u00e9des borig szinte minden sz\u0151l\u0151fajta megtal\u00e1lhat\u00f3. Bor\u00e1szatuk a Nivegy-v\u00f6lgy\u00e9ben Szentantalfa felett a Mocs\u00e1r d\u0171l\u0151n fekszik, ahol a Balaton csod\u00e1latos l\u00e1tv\u00e1ny\u00e1val fogadja a vend\u00e9geket. A vacsora egy nagyon \u00edzletes el\u0151\u00e9tellel kezd\u0151d\u00f6tt: Csirkemell rol\u00e1d friss sal\u00e1t\u00e1val \u00e9s\u00a0 hozz\u00e1 a finom &#8222;Balatoncsics\u00f3i Juhfark&#8221;. Ut\u00e1na j\u00f6tt a f\u0151men\u00fc: T\u00f6lt\u00f6tt sert\u00e9sfil\u00e9, di\u00f3s- krumplip\u00fcr\u00e9vel \u00e9s szedersz\u00f3sszal, amihez &#8222;Cabernet Sauvignon, K\u00e9kfrankos \u00e9s St. Laurent&#8221; bort k\u00edn\u00e1ltak. A... R\u00e9szletek","og_url":"https:\/\/stuttgarti-katolikusok.de\/index.php\/vacsora-borkostoloval\/","og_site_name":"Stuttgarti Katolikusok","article_published_time":"2025-07-10T22:18:36+00:00","article_modified_time":"2025-07-10T22:20:39+00:00","og_image":[{"width":2339,"height":1654,"url":"https:\/\/stuttgarti-katolikusok.de\/wp-content\/uploads\/2025\/06\/baratsagklub-2025-junius.jpg","type":"image\/jpeg"}],"author":"Tibor atya","twitter_card":"summary_large_image","twitter_misc":{"Szerz\u0151:":"Tibor atya","Becs\u00fclt olvas\u00e1si id\u0151":"3 perc"},"schema":{"@context":"https:\/\/schema.org","@graph":[{"@type":"Article","@id":"https:\/\/stuttgarti-katolikusok.de\/index.php\/vacsora-borkostoloval\/#article","isPartOf":{"@id":"https:\/\/stuttgarti-katolikusok.de\/index.php\/vacsora-borkostoloval\/"},"author":{"name":"Tibor atya","@id":"https:\/\/stuttgarti-katolikusok.de\/#\/schema\/person\/75908d6f8fdc03a57889d27209df7795"},"headline":"Vacsora bork\u00f3stol\u00f3val","datePublished":"2025-07-10T22:18:36+00:00","dateModified":"2025-07-10T22:20:39+00:00","mainEntityOfPage":{"@id":"https:\/\/stuttgarti-katolikusok.de\/index.php\/vacsora-borkostoloval\/"},"wordCount":659,"image":{"@id":"https:\/\/stuttgarti-katolikusok.de\/index.php\/vacsora-borkostoloval\/#primaryimage"},"thumbnailUrl":"https:\/\/stuttgarti-katolikusok.de\/wp-content\/uploads\/2025\/06\/baratsagklub-2025-junius.jpg","articleSection":["Bar\u00e1ts\u00e1g Klub"],"inLanguage":"hu"},{"@type":"WebPage","@id":"https:\/\/stuttgarti-katolikusok.de\/index.php\/vacsora-borkostoloval\/","url":"https:\/\/stuttgarti-katolikusok.de\/index.php\/vacsora-borkostoloval\/","name":"Vacsora bork\u00f3stol\u00f3val - Stuttgarti Katolikusok","isPartOf":{"@id":"https:\/\/stuttgarti-katolikusok.de\/#website"},"primaryImageOfPage":{"@id":"https:\/\/stuttgarti-katolikusok.de\/index.php\/vacsora-borkostoloval\/#primaryimage"},"image":{"@id":"https:\/\/stuttgarti-katolikusok.de\/index.php\/vacsora-borkostoloval\/#primaryimage"},"thumbnailUrl":"https:\/\/stuttgarti-katolikusok.de\/wp-content\/uploads\/2025\/06\/baratsagklub-2025-junius.jpg","datePublished":"2025-07-10T22:18:36+00:00","dateModified":"2025-07-10T22:20:39+00:00","author":{"@id":"https:\/\/stuttgarti-katolikusok.de\/#\/schema\/person\/75908d6f8fdc03a57889d27209df7795"},"breadcrumb":{"@id":"https:\/\/stuttgarti-katolikusok.de\/index.php\/vacsora-borkostoloval\/#breadcrumb"},"inLanguage":"hu","potentialAction":[{"@type":"ReadAction","target":["https:\/\/stuttgarti-katolikusok.de\/index.php\/vacsora-borkostoloval\/"]}]},{"@type":"ImageObject","inLanguage":"hu","@id":"https:\/\/stuttgarti-katolikusok.de\/index.php\/vacsora-borkostoloval\/#primaryimage","url":"https:\/\/stuttgarti-katolikusok.de\/wp-content\/uploads\/2025\/06\/baratsagklub-2025-junius.jpg","contentUrl":"https:\/\/stuttgarti-katolikusok.de\/wp-content\/uploads\/2025\/06\/baratsagklub-2025-junius.jpg","width":2339,"height":1654},{"@type":"BreadcrumbList","@id":"https:\/\/stuttgarti-katolikusok.de\/index.php\/vacsora-borkostoloval\/#breadcrumb","itemListElement":[{"@type":"ListItem","position":1,"name":"Kezd\u0151lap","item":"https:\/\/stuttgarti-katolikusok.de\/"},{"@type":"ListItem","position":2,"name":"Vacsora bork\u00f3stol\u00f3val"}]},{"@type":"WebSite","@id":"https:\/\/stuttgarti-katolikusok.de\/#website","url":"https:\/\/stuttgarti-katolikusok.de\/","name":"Stuttgarti Katolikusok","description":"","potentialAction":[{"@type":"SearchAction","target":{"@type":"EntryPoint","urlTemplate":"https:\/\/stuttgarti-katolikusok.de\/?s={search_term_string}"},"query-input":{"@type":"PropertyValueSpecification","valueRequired":true,"valueName":"search_term_string"}}],"inLanguage":"hu"},{"@type":"Person","@id":"https:\/\/stuttgarti-katolikusok.de\/#\/schema\/person\/75908d6f8fdc03a57889d27209df7795","name":"Tibor atya","image":{"@type":"ImageObject","inLanguage":"hu","@id":"https:\/\/secure.gravatar.com\/avatar\/61d268e57d1f4525b111222e29d2d5a7f8c420fdbf231ba5566a8ceac74fa960?s=96&d=mm&r=g","url":"https:\/\/secure.gravatar.com\/avatar\/61d268e57d1f4525b111222e29d2d5a7f8c420fdbf231ba5566a8ceac74fa960?s=96&d=mm&r=g","contentUrl":"https:\/\/secure.gravatar.com\/avatar\/61d268e57d1f4525b111222e29d2d5a7f8c420fdbf231ba5566a8ceac74fa960?s=96&d=mm&r=g","caption":"Tibor atya"},"url":"https:\/\/stuttgarti-katolikusok.de\/index.php\/author\/tibor-atya\/"}]}},"_links":{"self":[{"href":"https:\/\/stuttgarti-katolikusok.de\/index.php\/wp-json\/wp\/v2\/posts\/31307","targetHints":{"allow":["GET"]}}],"collection":[{"href":"https:\/\/stuttgarti-katolikusok.de\/index.php\/wp-json\/wp\/v2\/posts"}],"about":[{"href":"https:\/\/stuttgarti-katolikusok.de\/index.php\/wp-json\/wp\/v2\/types\/post"}],"author":[{"embeddable":true,"href":"https:\/\/stuttgarti-katolikusok.de\/index.php\/wp-json\/wp\/v2\/users\/3"}],"replies":[{"embeddable":true,"href":"https:\/\/stuttgarti-katolikusok.de\/index.php\/wp-json\/wp\/v2\/comments?post=31307"}],"version-history":[{"count":5,"href":"https:\/\/stuttgarti-katolikusok.de\/index.php\/wp-json\/wp\/v2\/posts\/31307\/revisions"}],"predecessor-version":[{"id":31312,"href":"https:\/\/stuttgarti-katolikusok.de\/index.php\/wp-json\/wp\/v2\/posts\/31307\/revisions\/31312"}],"wp:featuredmedia":[{"embeddable":true,"href":"https:\/\/stuttgarti-katolikusok.de\/index.php\/wp-json\/wp\/v2\/media\/31251"}],"wp:attachment":[{"href":"https:\/\/stuttgarti-katolikusok.de\/index.php\/wp-json\/wp\/v2\/media?parent=31307"}],"wp:term":[{"taxonomy":"category","embeddable":true,"href":"https:\/\/stuttgarti-katolikusok.de\/index.php\/wp-json\/wp\/v2\/categories?post=31307"},{"taxonomy":"post_tag","embeddable":true,"href":"https:\/\/stuttgarti-katolikusok.de\/index.php\/wp-json\/wp\/v2\/tags?post=31307"}],"curies":[{"name":"wp","href":"https:\/\/api.w.org\/{rel}","templated":true}]}}