{"id":31304,"date":"2025-07-06T08:17:54","date_gmt":"2025-07-06T06:17:54","guid":{"rendered":"https:\/\/stuttgarti-katolikusok.de\/?p=31304"},"modified":"2025-07-06T08:17:54","modified_gmt":"2025-07-06T06:17:54","slug":"evkozi-14-vasarnap-3","status":"publish","type":"post","link":"https:\/\/stuttgarti-katolikusok.de\/index.php\/evkozi-14-vasarnap-3\/","title":{"rendered":"\u00c9vk\u00f6zi 14. vas\u00e1rnap"},"content":{"rendered":"<p><span style=\"color: #ff6600;\"><em>Az \u00c9vk\u00f6zi 14. vas\u00e1rnap alap\u00fczenete\u00a0 a szentmise els\u0151 k\u00f6ny\u00f6rg\u00e9s\u00e9b\u0151l olvashat\u00f3 ki. \u00d6r\u00f6mben meg\u00e9lt \u00e9letre h\u00edv benn\u00fcnket teremt\u0151 Isten\u00fcnk. Ez\u00e9rt is emeli fel J\u00e9zus Krisztusban az elesett emberis\u00e9get. Mekkora \u00f6r\u00f6m sz\u00e1munkra, hogy kiragad a b\u0171n szolgas\u00e1g\u00e1b\u00f3l \u00e9s befogad majd egykor \u00f6r\u00f6k boldogs\u00e1g\u00e1ba. Ehhez azonban a rem\u00e9ny zar\u00e1ndokaik\u00e9nt kell j\u00e1rnunk \u00e9let\u00fcnk \u00fatj\u00e1t.<\/em><\/span><\/p>\n<p><span style=\"color: #ff6600;\"><em>Az els\u0151 olvasm\u00e1nyban Izaj\u00e1s pr\u00f3f\u00e9ta arr\u00f3l sz\u00e1mol be, hogy a babiloni fogs\u00e1gb\u00f3l hazat\u00e9rt n\u00e9p sok viszontags\u00e1g k\u00f6zepette v\u00e9gezte az \u00fajj\u00e1\u00e9p\u00edt\u00e9s munk\u00e1j\u00e1t. Mindez k\u0151kem\u00e9ny munka volt, f\u00e1jdalommal, izzads\u00e1ggal. A meg\u00fajul\u00e1s, \u00fajrakezd\u00e9s a magunk egy\u00e9ni \u00e9let\u00e9ben is \u00e1ldozatot, adott esetben f\u00e1jdalmat \u00e9s izzads\u00e1got jelent. Ezen \u00e9rz\u00e9seket viszont fel\u00fcl\u00edrja az a fajta bels\u0151 \u00f6r\u00f6m, amely a meg\u00fajul\u00e1s csod\u00e1s aj\u00e1nd\u00e9ka. Gondvisel\u0151 Isten\u00fcnk j\u00f3s\u00e1gos \u00e9s hatalmas ahhoz, hogy jobb \u00e9letk\u00f6r\u00fclm\u00e9nyeket, lelki b\u00e9k\u00e9t \u00e9s \u00f6r\u00f6m\u00f6t aj\u00e1nd\u00e9kozzon nek\u00fcnk ezen a bels\u0151 \u00faton. Vigy\u00fcnk magunkkal a pr\u00f3f\u00e9ta \u00e1ltal megjelen\u00edtett k\u00e9pet \u00e9s id\u0151zz\u00fcnk el f\u00f6l\u00f6tte. Az anya, aki gyermek\u00e9t vigasztalja. \u00d6nk\u00e9ntelen\u00fcl magam gyermekkora jut eszembe, amikoris \u00e9desany\u00e1m \u00f6l\u00e9ben \u00e9s karjaiban leltem biztons\u00e1gra, ha valamilyen f\u00e1jdalom vagy kudarc \u00e9rt.<\/em><\/span><\/p>\n<p><span style=\"color: #ff6600;\"><em>Nagyon \u00e9rdekes megfogalmaz\u00e1snak t\u0171nik sz\u00e1momra a v\u00e1laszos zsolt\u00e1r visszat\u00e9r\u0151 felh\u00edv\u00e1sa: &#8222;Minden f\u00f6ld Istent dics\u00e9rje!&#8221; Ink\u00e1bb \u00edgy \u00edrn\u00e1m \u00e1t: Minden \u00e9s mindenki, ami \u00e9s aki a f\u00f6ld\u00f6n l\u00e9tezik, dics\u00e9ri \u00e9s \u00e1ldja Istent.\u00a0 Ilyen \u00e9rtelemben sz\u00e1momra ez felh\u00edv\u00e1s, hogy nem maradjak ki az Istent dics\u00e9r\u0151k sor\u00e1b\u00f3l. Term\u00e9szetesen ennek felt\u00e9teltele, hogy felismerjem magamban azokat a j\u00f3 Isten aj\u00e1nd\u00e9kozta kegyelmi kincseket, melyek\u00e9rt v\u00e9gtelen\u00fcl h\u00e1l\u00e1s akarok lenni.<\/em><\/span><\/p>\n<p><span style=\"color: #ff6600;\"><em>Az \u00fcdv\u00f6ss\u00e9get J\u00e9zus Krisztus keresztje szerezte meg sz\u00e1munkra. Ez\u00e9rt, ha Isten nagy csal\u00e1dj\u00e1hoz akarunk tartozni, a keresztre fesz\u00edtett J\u00e9zushoz kell csatlakoznunk. Az igazi hit gy\u00fcm\u00f6lcse a krisztusi szeretet. Err\u0151l sz\u00f3l \u00e9let\u00fcnk: igyeksz\u00fcnk meghalni a b\u0171nnek \u00e9s Krisztus tan\u00edt\u00e1sa \u00e9s p\u00e9ld\u00e1ja szerint akarunk \u00e9lni.<\/em><\/span><\/p>\n<p><span style=\"color: #ff6600;\"><em>Az evang\u00e9lium J\u00e9zus Krisztus \u00e1ltal aj\u00e1nd\u00e9kozott k\u00fcldet\u00e9s \u00e9s tan\u00edt\u00e1s egyetemess\u00e9g\u00e9r\u0151l sz\u00f3l. Ezt jelk\u00e9pezi a 72 tan\u00edtv\u00e1ny kiv\u00e1laszt\u00e1sa \u00e9s k\u00fcld\u00e9se. A Teremt\u00e9s K\u00f6nyv\u00e9nek 10. fejezet\u00e9ben olvashatjuk, hogy a f\u00f6ld n\u00e9peinek sz\u00e1ma 72. Mik\u00f6zben ez a k\u00fcldet\u00e9s egyetemes, minden egyes embernek ebb\u0151l ki kell vennie r\u00e9sz\u00e9t. Ez az \u00fat nem s\u00e9tagalopp &#8211; jelzi J\u00e9zus. Szel\u00edds\u00e9get, de ugyanakkor hat\u00e1rozotts\u00e1got k\u00e9r tan\u00edtv\u00e1nyait\u00f3l. Adott esetben a kudarc is bor\u00edt\u00e9kolhat\u00f3. Ennek ellen\u00e9re a tan\u00edtv\u00e1nyok nagy \u00f6r\u00f6mben t\u00e9rnek vissza, \u00e9s sz\u00e1molnak be a tan\u00fas\u00e1gtev\u00e9s sor\u00e1n meg\u00e9lt tapasztalataikr\u00f3l.\u00a0<\/em><\/span><\/p>\n<p><span style=\"color: #008000;\">Kezd\u0151\u00e9nek:<\/span><br \/>\nBefogadtuk, Isten\u00fcnk, irgalmass\u00e1godat templomod belsej\u00e9ben. Mik\u00e9nt neved, Isten\u00fcnk, \u00fcgy dics\u00e9reted is bet\u00f6lti a f\u00f6ld hat\u00e1rait, jobbod telve igazs\u00e1ggal. (V\u00f6. Zsolt 47,10-11)<\/p>\n<p><span style=\"color: #008000;\">K\u00f6ny\u00f6rg\u00e9s:<\/span><br \/>\nIsten\u00fcnk, te szent Fiad megal\u00e1ztat\u00e1sa \u00e1ltal f\u00f6lemelted az elesett emberis\u00e9get. Adj szent \u00f6r\u00f6met nek\u00fcnk, akiket kiragadt\u00e1l a b\u0171n szolgas\u00e1g\u00e1b\u00f3l, \u00e9s fogadj be egykor az \u00f6r\u00f6k boldogs\u00e1gba. A mi Urunk, J\u00e9zus Krisztus, a te Fiad \u00e1ltal, aki veled \u00e9l \u00e9s uralkodik a Szentl\u00e9lekkel egys\u00e9gben, Isten mind\u00f6r\u00f6kk\u00f6n \u00f6r\u00f6kk\u00e9.<\/p>\n<p><span style=\"color: #008000;\">OLVASM\u00c1NY Izaj\u00e1s pr\u00f3f\u00e9ta k\u00f6nyv\u00e9b\u0151l (Iz 66,10-14c)<\/span><br \/>\n<em>A pr\u00f3f\u00e9ta j\u00f6vend\u00f6l\u00e9s\u00e9ben Jeruzs\u00e1lem a Messi\u00e1s orsz\u00e1g\u00e1t jelk\u00e9pezi. Mag\u00e1t Jeruzs\u00e1lemet megszem\u00e9lyes\u00edti, \u00e9s \u00e9dasanyak\u00e9nt \u00e1br\u00e1zolja. A megj\u00f6vend\u00f6lt messi\u00e1si orsz\u00e1gban b\u00e9ke uralkodik.<\/em><br \/>\n\u00d6r\u00fclj, Jeruzs\u00e1lem, s ujjongjatok ti is mind, akik szeretitek! \u00d6r\u00fcljetek \u00e9s vigadjatok, akik gy\u00e1szoltatok miatta!<br \/>\nT\u00e1pl\u00e1lkozzatok tej\u00e9vel, lakjatok j\u00f3l vigaszt ny\u00fajt\u00f3 kebl\u00e9n, \u00e9s teljetek el gy\u00f6ny\u00f6r\u0171s\u00e9ggel csod\u00e1latos gazdags\u00e1g\u00e1b\u00f3l. Mert ezt mondja az \u00dar: \u00cdme, ki\u00e1rasztom r\u00e1 a b\u00e9k\u00e9t, mint folyamot, \u00e9s mint ki\u00e1radt patakot, a nemzetek dics\u0151s\u00e9g\u00e9t. Tejjel t\u00e1pl\u00e1lnak, karjukon hordoznak \u00e9s t\u00e9rd\u00fck\u00f6n bec\u00e9znek titeket.<br \/>\nAmint az anya vigasztalja gyermek\u00e9t, \u00fagy vigasztallak \u00e9n is titeket; Jeruzs\u00e1lemben leltek vigasztal\u00e1st. Ennek l\u00e1tt\u00e1n \u00f6r\u00fclni fog sz\u00edvetek; Csontjaitok, mint a f\u0171, sarjadoznak: Szolg\u00e1inak az \u00dar megmutatja seg\u00edt\u0151 kez\u00e9t.<br \/>\nEz az Isten ig\u00e9je.<\/p>\n<p><span style=\"color: #008000;\">V\u00c1LASZOS ZSOLT\u00c1R (Zsolt 65,1-3a.4-5.6-7a.16 \u00e9s 20)<\/span><br \/>\nV\u00e1lasz:\u00a0<strong>Minden f\u00f6ld Istent dics\u00e9rje.<\/strong>\u00a0V\u00f6. 1. vers. (10. t\u00f3nus)<br \/>\nEl\u0151\u00e9nekes: Minden f\u00f6ld dics\u00e9rje az\u00a0<u>Is<\/u>tent, * dics\u0151 nev\u00e9nek zsol<u>t\u00e1rt<\/u>\u00a0zengjetek!<br \/>\nH\u00edvek:\u00a0<strong>Minden f\u00f6ld Istent dics\u00e9rje.<\/strong><br \/>\nE: Magasztal\u00f3 \u00e9nekkel mondj\u00e1tok\u00a0<u>Is<\/u>tennek: * \u201eMily csod\u00e1sak a\u00a0<u>te<\/u>\u00a0m\u0171veid!\u201d<br \/>\nH:\u00a0<strong>Minden f\u00f6ld Istent dics\u00e9rje.<\/strong><br \/>\nE: Az eg\u00e9sz f\u00f6ld im\u00e1djon \u00e9s magasztaljon\u00a0<u>t\u00e9<\/u>ged, * nevedet zsolt\u00e1r<u>ral<\/u>\u00a0dics\u00e9rje!<br \/>\nH:\u00a0<strong>Minden f\u00f6ld Istent dics\u00e9rje.<\/strong><br \/>\nE: J\u00f6jjetek, \u00e9s l\u00e1ss\u00e1tok Isten\u00a0<u>m\u0171<\/u>veit, * csod\u00e1latos, amit az embere<u>k\u00e9rt<\/u>\u00a0v\u00e9gbe vitt.<br \/>\nH:\u00a0<strong>Minden f\u00f6ld Istent dics\u00e9rje.<\/strong><br \/>\nE: Sz\u00e1razf\u00f6ldd\u00e9 tette a\u00a0<u>ten<\/u>gert, * gyalogszerrel keltek \u00e1t\u00a0<u>a<\/u>\u00a0v\u00edzen.<br \/>\nH:\u00a0<strong>Minden f\u00f6ld Istent dics\u00e9rje.<\/strong><br \/>\nE: \u00d6rvendezz\u00fcnk teh\u00e1t\u00a0<u>\u0151<\/u>benne, * mert hatalm\u00e1val uralkodik mind<u>\u00f6<\/u>r\u00f6kk\u00e9.<br \/>\nH:\u00a0<strong>Minden f\u00f6ld Istent dics\u00e9rje.<\/strong><br \/>\nE: Jertek ide mind, \u00e9s hall<u>j\u00e1<\/u>tok, \u2020 kik f\u00e9litek az\u00a0<u>Is<\/u>tent, * elmondom, mily nagy dolgot\u00a0<u>tett<\/u>\u00a0v\u00e9lem.<br \/>\nH:\u00a0<strong>Minden f\u00f6ld Istent dics\u00e9rje.<\/strong><br \/>\nE: \u00c1ldott legyen az Isten, aki nem vetette el\u00a0<u>i<\/u>m\u00e1mat, * \u00e9s nem vonta meg t\u0151<u>lem<\/u>\u00a0irgalm\u00e1t.<br \/>\nH:\u00a0<strong>Minden f\u00f6ld Istent dics\u00e9rje.<\/strong><\/p>\n<p><span style=\"color: #008000;\">SZENTLECKE Szent P\u00e1l apostolnak a galat\u00e1khoz \u00edrt level\u00e9b\u0151l (Gal 6,14-18)<\/span><br \/>\n<em>Szenved\u00e9seit P\u00e1l apostol Krisztus\u00e9rt viseli.<\/em><br \/>\nTestv\u00e9reim!<br \/>\nNem akarok m\u00e1ssal dicsekedni, mint a mi Urunk, J\u00e9zus Krisztus keresztj\u00e9vel. \u00c1ltala keresztre szegezt\u00e9k nekem a vil\u00e1got, \u00e9s engem is a vil\u00e1gnak.<br \/>\nMert sem a k\u00f6r\u00fclmet\u00e9lts\u00e9g nem \u00e9r semmit, sem a k\u00f6r\u00fclmet\u00e9letlens\u00e9g, hanem csak az \u00faj teremtm\u00e9ny. B\u00e9ke \u00e9s irgalom mindazoknak, akik ezt a szab\u00e1lyt k\u00f6vetik, Isten (igaz) Izrael\u00e9nek!<br \/>\nEzut\u00e1n senki ne okozzon kellemetlens\u00e9get nekem, mert J\u00e9zus jegyeit viselem testemen. A mi Urunk, J\u00e9zus Krisztus kegyelme legyen lelketekkel, testv\u00e9rek! \u00c1men.<br \/>\nEz az Isten ig\u00e9je.<\/p>\n<p><span style=\"color: #008000;\">ALLELUJA<\/span><br \/>\nSz\u00edvetekben uralkodj\u00e9k Krisztus\u00a0<u>b\u00e9<\/u>k\u00e9je, * Krisztus tan\u00edt\u00e1sa t\u00f6lts\u00f6n el\u00a0<u>ti<\/u>teket gazdagon. Kol 3,15a \u00e9s 16a \u2013 5. t\u00f3nus.<\/p>\n<p><span style=\"color: #008000;\"><em>Hosszabb forma:<\/em><\/span><br \/>\n<span style=\"color: #008000;\">\u2020 EVANG\u00c9LIUM Szent Luk\u00e1cs k\u00f6nyv\u00e9b\u0151l (Lk 10,1-12.17-20)<\/span><br \/>\n<em>J\u00e9zus munk\u00e1sokat h\u00edv arat\u00e1s\u00e1ba, \u00e9s hatalmat ad nekik az evang\u00e9lium hirdet\u00e9s\u00e9re. Aki befogadja \u0151ket, Isten b\u00e9k\u00e9j\u00e9t kapja jutalmul.<\/em><br \/>\nAz apostolok kiv\u00e1laszt\u00e1sa ut\u00e1n J\u00e9zus kiv\u00e1lasztott m\u00e1s hetvenk\u00e9t tan\u00edtv\u00e1nyt, \u00e9s elk\u00fcldte \u0151ket kettes\u00e9vel maga el\u0151tt minden v\u00e1rosba \u00e9s helys\u00e9gbe, ahov\u00e1 menni sz\u00e1nd\u00e9kozott.<br \/>\n\u00cdgy sz\u00f3lt hozz\u00e1juk: \u201eAz aratnival\u00f3 sok, de a munk\u00e1s kev\u00e9s. K\u00e9rj\u00e9tek h\u00e1t az arat\u00e1s Ur\u00e1t, k\u00fcldj\u00f6n munk\u00e1sokat arat\u00e1s\u00e1ba.<br \/>\nMenjetek! \u00dagy k\u00fcldelek titeket, mint b\u00e1r\u00e1nyokat a farkasok k\u00f6z\u00e9. Ne vigyetek magatokkal se ersz\u00e9nyt, se tariszny\u00e1t, se sarut. Az \u00faton senkit se k\u00f6sz\u00f6ntsetek.<br \/>\nHa bet\u00e9rtek egy h\u00e1zba, el\u0151sz\u00f6r is ezt mondj\u00e1tok: B\u00e9kess\u00e9g e h\u00e1znak! Ha b\u00e9kess\u00e9g fia lakik ott, r\u00e1sz\u00e1ll a ti b\u00e9kess\u00e9gtek, ha nem, visszasz\u00e1ll r\u00e1tok. Maradjatok ugyanabban a h\u00e1zban, \u00e9s azt egy\u00e9tek \u00e9s igy\u00e1tok, amij\u00fck van. Mert m\u00e9lt\u00f3 a munk\u00e1s a maga b\u00e9r\u00e9re. Ne j\u00e1rjatok h\u00e1zr\u00f3l h\u00e1zra.<br \/>\nHa egy v\u00e1rosba \u00e9rkeztek, \u00e9s sz\u00edvesen l\u00e1tnak titeket, egy\u00e9tek, amit el\u00e9tek adnak. Gy\u00f3gy\u00edts\u00e1tok meg ott a betegeket, \u00e9s hirdess\u00e9tek: El\u00e9rkezett hozz\u00e1tok az Isten orsz\u00e1ga!<br \/>\n<span style=\"color: #008000;\">* <em>Vagy r\u00f6videbb forma a *-ig. Lk 10,1-9<\/em><\/span><br \/>\nDe ha bet\u00e9rtek valamelyik v\u00e1rosba, \u00e9s nem l\u00e1tnak titeket sz\u00edvesen, menjetek ki az utc\u00e1ra, \u00e9s mondj\u00e1tok: M\u00e9g a port is ler\u00e1zzuk, ami v\u00e1rosotokban a l\u00e1bunkra tapadt, de tudj\u00e1tok meg: El\u00e9rkezett hozz\u00e1tok az Isten orsz\u00e1ga. Bizony mondom nektek: Szodom\u00e1nak k\u00f6nnyebb sorsa lesz azon a napon, mint ennek a v\u00e1rosnak.\u201d<br \/>\nA hetvenk\u00e9t tan\u00edtv\u00e1ny nagy \u00f6r\u00f6mmel t\u00e9rt vissza. \u201eUram \u2013 mondt\u00e1k \u2013, a te nevedre m\u00e9g a gonosz lelkek is engedelmeskedtek nek\u00fcnk.\u201d \u0150 \u00edgy v\u00e1laszolt: \u201eL\u00e1ttam a s\u00e1t\u00e1nt: mint a vill\u00e1m, \u00fagy bukott le az \u00e9gb\u0151l. Hatalmat adtam nektek, hogy k\u00edgy\u00f3kon \u00e9s skorpi\u00f3kon j\u00e1rjatok, hogy minden ellens\u00e9ges er\u0151n \u00farr\u00e1 legyetek: Semmi sem fog \u00e1rtani nektek.<br \/>\nMindazon\u00e1ltal ne annak \u00f6r\u00fcljetek, hogy a gonosz lelkek engedelmeskedtek nektek. Ink\u00e1bb annak \u00f6r\u00fcljetek, hogy nevetek f\u00f6l van \u00edrva a mennyben.\u201d<br \/>\nEzek az evang\u00e9lium ig\u00e9i.<\/p>\n<p><span style=\"color: #008000;\">EGYETEMES K\u00d6NY\u00d6RG\u00c9SEK<\/span><br \/>\nPap: Ki\u00e1ltsunk, testv\u00e9reim, Urunkhoz, \u00fcdv\u00f6z\u00edt\u0151 Isten\u00fcnkh\u00f6z, hogy hallgassa meg k\u00f6ny\u00f6rg\u0151 szavunkat!<br \/>\nLektor: 1. Ir\u00e1ny\u00edtsd, Urunk, Szentaty\u00e1nkat, N. p\u00e1p\u00e1t, a p\u00fcsp\u00f6k\u00f6k test\u00fclet\u00e9t \u00e9s a paps\u00e1got, hogy szolg\u00e1latukat szel\u00edds\u00e9gben \u00e9s \u00f6nzetlen szeretetben gyakorolj\u00e1k!<br \/>\nH\u00edvek: K\u00e9r\u00fcnk t\u00e9ged, hallgass meg minket!<br \/>\n2. Add, Urunk, hogy a n\u00e9pek vezet\u0151i mindig \u00e9s minden\u00fctt a megb\u00e9k\u00e9l\u00e9sre t\u00f6rekedjenek!<br \/>\nH\u00edvek: K\u00e9r\u00fcnk t\u00e9ged . . .<br \/>\n3. Seg\u00edtsd, Urunk, azokat, akik apostoli munk\u00e1jukkal szolg\u00e1lj\u00e1k embertestv\u00e9reik jav\u00e1t!<br \/>\nH\u00edvek: K\u00e9r\u00fcnk t\u00e9ged . . .<br \/>\n4. Add meg, Urunk, a sz\u00fcl\u0151knek a b\u00f6lcs nevel\u00e9s tudom\u00e1ny\u00e1t, a gyermekeknek pedig az engedelmes szeretetet sz\u00fcleik ir\u00e1nt!<br \/>\nH\u00edvek: K\u00e9r\u00fcnk t\u00e9ged . . .<br \/>\n5. Add meg, Urunk, hogy a betegek \u00e9s az elhagyottak el ne vesz\u00edts\u00e9k gondvisel\u00e9sedbe vetett bizalmukat!<br \/>\nH\u00edvek: K\u00e9r\u00fcnk t\u00e9ged . . .<br \/>\nPap: Urunk, Isten\u00fcnk! Te az ig\u00e9nytelen egyszer\u0171s\u00e9get \u00e9s a b\u00e1r\u00e1nyok szel\u00edds\u00e9g\u00e9t k\u00edv\u00e1nod meg tan\u00edtv\u00e1nyaidt\u00f3l. \u00d6nz\u00e9sre hajl\u00f3 sz\u00edv\u00fcnkbe \u00f6ntsd az \u00e1ldozatk\u00e9sz szeretet kegyelm\u00e9t, hogy ez k\u00e9sz\u00edtse fel a vil\u00e1got szent Fiad befogad\u00e1s\u00e1ra! Aki veled \u00e9l \u00e9s uralkodik mind\u00f6r\u00f6kk\u00f6n-\u00f6r\u00f6kk\u00e9.<br \/>\nH\u00edvek: \u00c1men.<\/p>\n<p><span style=\"color: #008000;\">Felaj\u00e1nl\u00f3 k\u00f6ny\u00f6rg\u00e9s:<\/span><br \/>\nUrunk, Isten\u00fcnk, tiszt\u00edtson meg minket ez a nevednek szentelt \u00e1ldozat, hogy napr\u00f3l napra szentebb \u00e9letet \u00e9lj\u00fcnk. Krisztus, a mi Urunk \u00e1ltal.<\/p>\n<p><span style=\"color: #008000;\">\u00a0Pref\u00e1ci\u00f3:<\/span><br \/>\nMert val\u00f3ban m\u00e9lt\u00f3 \u00e9s igazs\u00e1gos, ill\u0151 \u00e9s \u00fcdv\u00f6s, hogy mindig \u00e9s minden\u00fctt h\u00e1l\u00e1t adjunk n\u00e9ked, mi Urunk, szents\u00e9ges Aty\u00e1nk, mindenhat\u00f3, \u00f6r\u00f6k Isten:<br \/>\nMert benned \u00e9l\u00fcnk, mozgunk \u00e9s vagyunk, \u00e9s f\u00f6ldi \u00e9let\u00fcnkben nemcsak j\u00f3s\u00e1godat tapasztaljuk napr\u00f3l napra, hanem megkaptuk T\u0151led az \u00f6r\u00f6k \u00e9let z\u00e1log\u00e1t.<br \/>\nA Szentl\u00e9lek ugyanis, aki \u00e9letre keltette a hal\u00e1lb\u00f3l J\u00e9zust, m\u00e1r elkezdte isteni m\u0171k\u00f6d\u00e9s\u00e9t lelk\u00fcnkben, \u00edgy rem\u00e9lj\u00fck, hogy a h\u00fasv\u00e9t szent titk\u00e1ban \u00e1lland\u00f3an r\u00e9szes\u00edt minket.<br \/>\n\u00c9s ez\u00e9rt mi is dics\u0151\u00edt\u00fcnk az \u00f6sszes angyalokkal egy\u00fctt, vid\u00e1m l\u00e9lekkel \u00e9nekl\u00fcnk, \u00e9s h\u00e1l\u00e1s sz\u00edvvel zengj\u00fck:<\/p>\n<p><span style=\"color: #008000;\">\u00c1ldoz\u00e1si \u00e9nek:<\/span><br \/>\n\u00cdzlelj\u00e9tek \u00e9s l\u00e1ss\u00e1tok, milyen \u00e9des az \u00dar, boldog az az ember, aki \u0151benne b\u00edzik. (Zsolt 33,9)<br \/>\n<span style=\"color: #008000;\"><em>vagy<\/em><\/span><br \/>\nJ\u00f6jjetek hozz\u00e1m mind, akik f\u00e1radtak vagytok \u00e9s terhet hordoztok, \u00e9s \u00e9n fel\u00fcd\u00edtelek titeket \u2013 mondja az \u00dar. (Mt 11,28)<\/p>\n<p><span style=\"color: #008000;\">\u00c1ldoz\u00e1s ut\u00e1ni k\u00f6ny\u00f6rg\u00e9s:<\/span><br \/>\nUrunk, Isten\u00fcnk, hat\u00e1rtalan szereteted aj\u00e1nd\u00e9kaival eltelve arra k\u00e9r\u00fcnk, hogy \u00e9lni tudjunk \u00fcdv\u00f6ss\u00e9gszerz\u0151 javaiddal, \u00e9s mindig buzg\u00f3k legy\u00fcnk dics\u00e9retedben. Krisztus, a mi Urunk \u00e1ltal.<\/p>\n<p><em>(K\u00e9p forr\u00e1sa: D\u00e1vid Ferenc)<\/em><\/p>\n","protected":false},"excerpt":{"rendered":"<p>Az \u00c9vk\u00f6zi 14. vas\u00e1rnap alap\u00fczenete\u00a0 a szentmise els\u0151 k\u00f6ny\u00f6rg\u00e9s\u00e9b\u0151l olvashat\u00f3 ki. \u00d6r\u00f6mben meg\u00e9lt \u00e9letre h\u00edv benn\u00fcnket teremt\u0151 Isten\u00fcnk. Ez\u00e9rt is emeli fel J\u00e9zus Krisztusban az elesett emberis\u00e9get. Mekkora \u00f6r\u00f6m sz\u00e1munkra, hogy kiragad a b\u0171n szolgas\u00e1g\u00e1b\u00f3l \u00e9s befogad majd egykor \u00f6r\u00f6k boldogs\u00e1g\u00e1ba. Ehhez azonban a rem\u00e9ny zar\u00e1ndokaik\u00e9nt kell j\u00e1rnunk \u00e9let\u00fcnk \u00fatj\u00e1t. Az els\u0151 olvasm\u00e1nyban Izaj\u00e1s pr\u00f3f\u00e9ta arr\u00f3l sz\u00e1mol be, hogy a babiloni fogs\u00e1gb\u00f3l hazat\u00e9rt n\u00e9p sok viszontags\u00e1g k\u00f6zepette v\u00e9gezte az \u00fajj\u00e1\u00e9p\u00edt\u00e9s munk\u00e1j\u00e1t. Mindez k\u0151kem\u00e9ny munka volt, f\u00e1jdalommal, izzads\u00e1ggal. A meg\u00fajul\u00e1s, \u00fajrakezd\u00e9s a magunk egy\u00e9ni \u00e9let\u00e9ben is \u00e1ldozatot, adott esetben f\u00e1jdalmat \u00e9s izzads\u00e1got jelent. Ezen \u00e9rz\u00e9seket viszont fel\u00fcl\u00edrja az a fajta bels\u0151 \u00f6r\u00f6m, amely a meg\u00fajul\u00e1s csod\u00e1s aj\u00e1nd\u00e9ka. Gondvisel\u0151 Isten\u00fcnk j\u00f3s\u00e1gos \u00e9s hatalmas ahhoz, hogy jobb \u00e9letk\u00f6r\u00fclm\u00e9nyeket, lelki b\u00e9k\u00e9t \u00e9s \u00f6r\u00f6m\u00f6t aj\u00e1nd\u00e9kozzon nek\u00fcnk ezen a bels\u0151 \u00faton. Vigy\u00fcnk magunkkal a pr\u00f3f\u00e9ta \u00e1ltal megjelen\u00edtett k\u00e9pet \u00e9s id\u0151zz\u00fcnk el f\u00f6l\u00f6tte. Az anya, aki gyermek\u00e9t vigasztalja. \u00d6nk\u00e9ntelen\u00fcl magam gyermekkora jut eszembe, amikoris \u00e9desany\u00e1m \u00f6l\u00e9ben \u00e9s karjaiban leltem biztons\u00e1gra, ha valamilyen f\u00e1jdalom vagy kudarc \u00e9rt. Nagyon \u00e9rdekes megfogalmaz\u00e1snak t\u0171nik sz\u00e1momra a v\u00e1laszos zsolt\u00e1r visszat\u00e9r\u0151 felh\u00edv\u00e1sa: &#8222;Minden f\u00f6ld Istent dics\u00e9rje!&#8221; Ink\u00e1bb \u00edgy \u00edrn\u00e1m \u00e1t: Minden \u00e9s mindenki, ami \u00e9s aki a f\u00f6ld\u00f6n l\u00e9tezik, dics\u00e9ri \u00e9s \u00e1ldja Istent.\u00a0 Ilyen \u00e9rtelemben sz\u00e1momra ez felh\u00edv\u00e1s, hogy nem maradjak ki az Istent dics\u00e9r\u0151k sor\u00e1b\u00f3l. Term\u00e9szetesen ennek felt\u00e9teltele, hogy felismerjem magamban azokat a j\u00f3 Isten aj\u00e1nd\u00e9kozta kegyelmi kincseket, melyek\u00e9rt v\u00e9gtelen\u00fcl h\u00e1l\u00e1s akarok lenni. Az \u00fcdv\u00f6ss\u00e9get J\u00e9zus Krisztus keresztje szerezte meg sz\u00e1munkra. Ez\u00e9rt, ha Isten nagy csal\u00e1dj\u00e1hoz akarunk tartozni, a keresztre fesz\u00edtett J\u00e9zushoz kell csatlakoznunk. Az igazi hit gy\u00fcm\u00f6lcse a krisztusi szeretet. Err\u0151l sz\u00f3l \u00e9let\u00fcnk: igyeksz\u00fcnk meghalni a b\u0171nnek \u00e9s Krisztus tan\u00edt\u00e1sa \u00e9s p\u00e9ld\u00e1ja szerint akarunk \u00e9lni. Az evang\u00e9lium J\u00e9zus Krisztus \u00e1ltal aj\u00e1nd\u00e9kozott k\u00fcldet\u00e9s \u00e9s tan\u00edt\u00e1s egyetemess\u00e9g\u00e9r\u0151l sz\u00f3l. Ezt jelk\u00e9pezi a 72 tan\u00edtv\u00e1ny kiv\u00e1laszt\u00e1sa \u00e9s k\u00fcld\u00e9se. A Teremt\u00e9s K\u00f6nyv\u00e9nek 10. fejezet\u00e9ben olvashatjuk, hogy a f\u00f6ld n\u00e9peinek sz\u00e1ma 72. Mik\u00f6zben ez a k\u00fcldet\u00e9s egyetemes,&#8230; <\/p>\n<p><a class=\"readmore\" href=\"https:\/\/stuttgarti-katolikusok.de\/index.php\/evkozi-14-vasarnap-3\/\">R\u00e9szletek<\/a><\/p>\n","protected":false},"author":3,"featured_media":29184,"comment_status":"closed","ping_status":"closed","sticky":false,"template":"","format":"standard","meta":{"footnotes":""},"categories":[85,63],"tags":[],"class_list":["post-31304","post","type-post","status-publish","format-standard","has-post-thumbnail","hentry","category-a-liturgia-olvasmanyai","category-vasarnapi-gondolatok"],"yoast_head":"<!-- This site is optimized with the Yoast SEO plugin v27.3 - https:\/\/yoast.com\/product\/yoast-seo-wordpress\/ -->\n<title>\u00c9vk\u00f6zi 14. vas\u00e1rnap - Stuttgarti Katolikusok<\/title>\n<meta name=\"robots\" content=\"index, follow, max-snippet:-1, max-image-preview:large, max-video-preview:-1\" \/>\n<link rel=\"canonical\" href=\"https:\/\/stuttgarti-katolikusok.de\/index.php\/evkozi-14-vasarnap-3\/\" \/>\n<meta property=\"og:locale\" content=\"hu_HU\" \/>\n<meta property=\"og:type\" content=\"article\" \/>\n<meta property=\"og:title\" content=\"\u00c9vk\u00f6zi 14. vas\u00e1rnap - Stuttgarti Katolikusok\" \/>\n<meta property=\"og:description\" content=\"Az \u00c9vk\u00f6zi 14. vas\u00e1rnap alap\u00fczenete\u00a0 a szentmise els\u0151 k\u00f6ny\u00f6rg\u00e9s\u00e9b\u0151l olvashat\u00f3 ki. \u00d6r\u00f6mben meg\u00e9lt \u00e9letre h\u00edv benn\u00fcnket teremt\u0151 Isten\u00fcnk. Ez\u00e9rt is emeli fel J\u00e9zus Krisztusban az elesett emberis\u00e9get. Mekkora \u00f6r\u00f6m sz\u00e1munkra, hogy kiragad a b\u0171n szolgas\u00e1g\u00e1b\u00f3l \u00e9s befogad majd egykor \u00f6r\u00f6k boldogs\u00e1g\u00e1ba. Ehhez azonban a rem\u00e9ny zar\u00e1ndokaik\u00e9nt kell j\u00e1rnunk \u00e9let\u00fcnk \u00fatj\u00e1t. Az els\u0151 olvasm\u00e1nyban Izaj\u00e1s pr\u00f3f\u00e9ta arr\u00f3l sz\u00e1mol be, hogy a babiloni fogs\u00e1gb\u00f3l hazat\u00e9rt n\u00e9p sok viszontags\u00e1g k\u00f6zepette v\u00e9gezte az \u00fajj\u00e1\u00e9p\u00edt\u00e9s munk\u00e1j\u00e1t. Mindez k\u0151kem\u00e9ny munka volt, f\u00e1jdalommal, izzads\u00e1ggal. A meg\u00fajul\u00e1s, \u00fajrakezd\u00e9s a magunk egy\u00e9ni \u00e9let\u00e9ben is \u00e1ldozatot, adott esetben f\u00e1jdalmat \u00e9s izzads\u00e1got jelent. Ezen \u00e9rz\u00e9seket viszont fel\u00fcl\u00edrja az a fajta bels\u0151 \u00f6r\u00f6m, amely a meg\u00fajul\u00e1s csod\u00e1s aj\u00e1nd\u00e9ka. Gondvisel\u0151 Isten\u00fcnk j\u00f3s\u00e1gos \u00e9s hatalmas ahhoz, hogy jobb \u00e9letk\u00f6r\u00fclm\u00e9nyeket, lelki b\u00e9k\u00e9t \u00e9s \u00f6r\u00f6m\u00f6t aj\u00e1nd\u00e9kozzon nek\u00fcnk ezen a bels\u0151 \u00faton. Vigy\u00fcnk magunkkal a pr\u00f3f\u00e9ta \u00e1ltal megjelen\u00edtett k\u00e9pet \u00e9s id\u0151zz\u00fcnk el f\u00f6l\u00f6tte. Az anya, aki gyermek\u00e9t vigasztalja. \u00d6nk\u00e9ntelen\u00fcl magam gyermekkora jut eszembe, amikoris \u00e9desany\u00e1m \u00f6l\u00e9ben \u00e9s karjaiban leltem biztons\u00e1gra, ha valamilyen f\u00e1jdalom vagy kudarc \u00e9rt. Nagyon \u00e9rdekes megfogalmaz\u00e1snak t\u0171nik sz\u00e1momra a v\u00e1laszos zsolt\u00e1r visszat\u00e9r\u0151 felh\u00edv\u00e1sa: &#8222;Minden f\u00f6ld Istent dics\u00e9rje!&#8221; Ink\u00e1bb \u00edgy \u00edrn\u00e1m \u00e1t: Minden \u00e9s mindenki, ami \u00e9s aki a f\u00f6ld\u00f6n l\u00e9tezik, dics\u00e9ri \u00e9s \u00e1ldja Istent.\u00a0 Ilyen \u00e9rtelemben sz\u00e1momra ez felh\u00edv\u00e1s, hogy nem maradjak ki az Istent dics\u00e9r\u0151k sor\u00e1b\u00f3l. Term\u00e9szetesen ennek felt\u00e9teltele, hogy felismerjem magamban azokat a j\u00f3 Isten aj\u00e1nd\u00e9kozta kegyelmi kincseket, melyek\u00e9rt v\u00e9gtelen\u00fcl h\u00e1l\u00e1s akarok lenni. Az \u00fcdv\u00f6ss\u00e9get J\u00e9zus Krisztus keresztje szerezte meg sz\u00e1munkra. Ez\u00e9rt, ha Isten nagy csal\u00e1dj\u00e1hoz akarunk tartozni, a keresztre fesz\u00edtett J\u00e9zushoz kell csatlakoznunk. Az igazi hit gy\u00fcm\u00f6lcse a krisztusi szeretet. Err\u0151l sz\u00f3l \u00e9let\u00fcnk: igyeksz\u00fcnk meghalni a b\u0171nnek \u00e9s Krisztus tan\u00edt\u00e1sa \u00e9s p\u00e9ld\u00e1ja szerint akarunk \u00e9lni. Az evang\u00e9lium J\u00e9zus Krisztus \u00e1ltal aj\u00e1nd\u00e9kozott k\u00fcldet\u00e9s \u00e9s tan\u00edt\u00e1s egyetemess\u00e9g\u00e9r\u0151l sz\u00f3l. Ezt jelk\u00e9pezi a 72 tan\u00edtv\u00e1ny kiv\u00e1laszt\u00e1sa \u00e9s k\u00fcld\u00e9se. A Teremt\u00e9s K\u00f6nyv\u00e9nek 10. fejezet\u00e9ben olvashatjuk, hogy a f\u00f6ld n\u00e9peinek sz\u00e1ma 72. Mik\u00f6zben ez a k\u00fcldet\u00e9s egyetemes,... R\u00e9szletek\" \/>\n<meta property=\"og:url\" content=\"https:\/\/stuttgarti-katolikusok.de\/index.php\/evkozi-14-vasarnap-3\/\" \/>\n<meta property=\"og:site_name\" content=\"Stuttgarti Katolikusok\" \/>\n<meta property=\"article:published_time\" content=\"2025-07-06T06:17:54+00:00\" \/>\n<meta property=\"og:image\" content=\"https:\/\/stuttgarti-katolikusok.de\/wp-content\/uploads\/2024\/07\/img-20240707-wa0002.jpg\" \/>\n\t<meta property=\"og:image:width\" content=\"2000\" \/>\n\t<meta property=\"og:image:height\" content=\"1500\" \/>\n\t<meta property=\"og:image:type\" content=\"image\/jpeg\" \/>\n<meta name=\"author\" content=\"Tibor atya\" \/>\n<meta name=\"twitter:card\" content=\"summary_large_image\" \/>\n<meta name=\"twitter:label1\" content=\"Szerz\u0151:\" \/>\n\t<meta name=\"twitter:data1\" content=\"Tibor atya\" \/>\n\t<meta name=\"twitter:label2\" content=\"Becs\u00fclt olvas\u00e1si id\u0151\" \/>\n\t<meta name=\"twitter:data2\" content=\"8 perc\" \/>\n<script type=\"application\/ld+json\" class=\"yoast-schema-graph\">{\"@context\":\"https:\\\/\\\/schema.org\",\"@graph\":[{\"@type\":\"Article\",\"@id\":\"https:\\\/\\\/stuttgarti-katolikusok.de\\\/index.php\\\/evkozi-14-vasarnap-3\\\/#article\",\"isPartOf\":{\"@id\":\"https:\\\/\\\/stuttgarti-katolikusok.de\\\/index.php\\\/evkozi-14-vasarnap-3\\\/\"},\"author\":{\"name\":\"Tibor atya\",\"@id\":\"https:\\\/\\\/stuttgarti-katolikusok.de\\\/#\\\/schema\\\/person\\\/75908d6f8fdc03a57889d27209df7795\"},\"headline\":\"\u00c9vk\u00f6zi 14. vas\u00e1rnap\",\"datePublished\":\"2025-07-06T06:17:54+00:00\",\"mainEntityOfPage\":{\"@id\":\"https:\\\/\\\/stuttgarti-katolikusok.de\\\/index.php\\\/evkozi-14-vasarnap-3\\\/\"},\"wordCount\":2127,\"image\":{\"@id\":\"https:\\\/\\\/stuttgarti-katolikusok.de\\\/index.php\\\/evkozi-14-vasarnap-3\\\/#primaryimage\"},\"thumbnailUrl\":\"https:\\\/\\\/stuttgarti-katolikusok.de\\\/wp-content\\\/uploads\\\/2024\\\/07\\\/img-20240707-wa0002.jpg\",\"articleSection\":[\"A liturgia olvasm\u00e1nyai\",\"Vas\u00e1rnapi gondolatok\"],\"inLanguage\":\"hu\"},{\"@type\":\"WebPage\",\"@id\":\"https:\\\/\\\/stuttgarti-katolikusok.de\\\/index.php\\\/evkozi-14-vasarnap-3\\\/\",\"url\":\"https:\\\/\\\/stuttgarti-katolikusok.de\\\/index.php\\\/evkozi-14-vasarnap-3\\\/\",\"name\":\"\u00c9vk\u00f6zi 14. vas\u00e1rnap - Stuttgarti Katolikusok\",\"isPartOf\":{\"@id\":\"https:\\\/\\\/stuttgarti-katolikusok.de\\\/#website\"},\"primaryImageOfPage\":{\"@id\":\"https:\\\/\\\/stuttgarti-katolikusok.de\\\/index.php\\\/evkozi-14-vasarnap-3\\\/#primaryimage\"},\"image\":{\"@id\":\"https:\\\/\\\/stuttgarti-katolikusok.de\\\/index.php\\\/evkozi-14-vasarnap-3\\\/#primaryimage\"},\"thumbnailUrl\":\"https:\\\/\\\/stuttgarti-katolikusok.de\\\/wp-content\\\/uploads\\\/2024\\\/07\\\/img-20240707-wa0002.jpg\",\"datePublished\":\"2025-07-06T06:17:54+00:00\",\"author\":{\"@id\":\"https:\\\/\\\/stuttgarti-katolikusok.de\\\/#\\\/schema\\\/person\\\/75908d6f8fdc03a57889d27209df7795\"},\"breadcrumb\":{\"@id\":\"https:\\\/\\\/stuttgarti-katolikusok.de\\\/index.php\\\/evkozi-14-vasarnap-3\\\/#breadcrumb\"},\"inLanguage\":\"hu\",\"potentialAction\":[{\"@type\":\"ReadAction\",\"target\":[\"https:\\\/\\\/stuttgarti-katolikusok.de\\\/index.php\\\/evkozi-14-vasarnap-3\\\/\"]}]},{\"@type\":\"ImageObject\",\"inLanguage\":\"hu\",\"@id\":\"https:\\\/\\\/stuttgarti-katolikusok.de\\\/index.php\\\/evkozi-14-vasarnap-3\\\/#primaryimage\",\"url\":\"https:\\\/\\\/stuttgarti-katolikusok.de\\\/wp-content\\\/uploads\\\/2024\\\/07\\\/img-20240707-wa0002.jpg\",\"contentUrl\":\"https:\\\/\\\/stuttgarti-katolikusok.de\\\/wp-content\\\/uploads\\\/2024\\\/07\\\/img-20240707-wa0002.jpg\",\"width\":2000,\"height\":1500},{\"@type\":\"BreadcrumbList\",\"@id\":\"https:\\\/\\\/stuttgarti-katolikusok.de\\\/index.php\\\/evkozi-14-vasarnap-3\\\/#breadcrumb\",\"itemListElement\":[{\"@type\":\"ListItem\",\"position\":1,\"name\":\"Kezd\u0151lap\",\"item\":\"https:\\\/\\\/stuttgarti-katolikusok.de\\\/\"},{\"@type\":\"ListItem\",\"position\":2,\"name\":\"\u00c9vk\u00f6zi 14. vas\u00e1rnap\"}]},{\"@type\":\"WebSite\",\"@id\":\"https:\\\/\\\/stuttgarti-katolikusok.de\\\/#website\",\"url\":\"https:\\\/\\\/stuttgarti-katolikusok.de\\\/\",\"name\":\"Stuttgarti Katolikusok\",\"description\":\"\",\"potentialAction\":[{\"@type\":\"SearchAction\",\"target\":{\"@type\":\"EntryPoint\",\"urlTemplate\":\"https:\\\/\\\/stuttgarti-katolikusok.de\\\/?s={search_term_string}\"},\"query-input\":{\"@type\":\"PropertyValueSpecification\",\"valueRequired\":true,\"valueName\":\"search_term_string\"}}],\"inLanguage\":\"hu\"},{\"@type\":\"Person\",\"@id\":\"https:\\\/\\\/stuttgarti-katolikusok.de\\\/#\\\/schema\\\/person\\\/75908d6f8fdc03a57889d27209df7795\",\"name\":\"Tibor atya\",\"image\":{\"@type\":\"ImageObject\",\"inLanguage\":\"hu\",\"@id\":\"https:\\\/\\\/secure.gravatar.com\\\/avatar\\\/61d268e57d1f4525b111222e29d2d5a7f8c420fdbf231ba5566a8ceac74fa960?s=96&d=mm&r=g\",\"url\":\"https:\\\/\\\/secure.gravatar.com\\\/avatar\\\/61d268e57d1f4525b111222e29d2d5a7f8c420fdbf231ba5566a8ceac74fa960?s=96&d=mm&r=g\",\"contentUrl\":\"https:\\\/\\\/secure.gravatar.com\\\/avatar\\\/61d268e57d1f4525b111222e29d2d5a7f8c420fdbf231ba5566a8ceac74fa960?s=96&d=mm&r=g\",\"caption\":\"Tibor atya\"},\"url\":\"https:\\\/\\\/stuttgarti-katolikusok.de\\\/index.php\\\/author\\\/tibor-atya\\\/\"}]}<\/script>\n<!-- \/ Yoast SEO plugin. -->","yoast_head_json":{"title":"\u00c9vk\u00f6zi 14. vas\u00e1rnap - Stuttgarti Katolikusok","robots":{"index":"index","follow":"follow","max-snippet":"max-snippet:-1","max-image-preview":"max-image-preview:large","max-video-preview":"max-video-preview:-1"},"canonical":"https:\/\/stuttgarti-katolikusok.de\/index.php\/evkozi-14-vasarnap-3\/","og_locale":"hu_HU","og_type":"article","og_title":"\u00c9vk\u00f6zi 14. vas\u00e1rnap - Stuttgarti Katolikusok","og_description":"Az \u00c9vk\u00f6zi 14. vas\u00e1rnap alap\u00fczenete\u00a0 a szentmise els\u0151 k\u00f6ny\u00f6rg\u00e9s\u00e9b\u0151l olvashat\u00f3 ki. \u00d6r\u00f6mben meg\u00e9lt \u00e9letre h\u00edv benn\u00fcnket teremt\u0151 Isten\u00fcnk. Ez\u00e9rt is emeli fel J\u00e9zus Krisztusban az elesett emberis\u00e9get. Mekkora \u00f6r\u00f6m sz\u00e1munkra, hogy kiragad a b\u0171n szolgas\u00e1g\u00e1b\u00f3l \u00e9s befogad majd egykor \u00f6r\u00f6k boldogs\u00e1g\u00e1ba. Ehhez azonban a rem\u00e9ny zar\u00e1ndokaik\u00e9nt kell j\u00e1rnunk \u00e9let\u00fcnk \u00fatj\u00e1t. Az els\u0151 olvasm\u00e1nyban Izaj\u00e1s pr\u00f3f\u00e9ta arr\u00f3l sz\u00e1mol be, hogy a babiloni fogs\u00e1gb\u00f3l hazat\u00e9rt n\u00e9p sok viszontags\u00e1g k\u00f6zepette v\u00e9gezte az \u00fajj\u00e1\u00e9p\u00edt\u00e9s munk\u00e1j\u00e1t. Mindez k\u0151kem\u00e9ny munka volt, f\u00e1jdalommal, izzads\u00e1ggal. A meg\u00fajul\u00e1s, \u00fajrakezd\u00e9s a magunk egy\u00e9ni \u00e9let\u00e9ben is \u00e1ldozatot, adott esetben f\u00e1jdalmat \u00e9s izzads\u00e1got jelent. Ezen \u00e9rz\u00e9seket viszont fel\u00fcl\u00edrja az a fajta bels\u0151 \u00f6r\u00f6m, amely a meg\u00fajul\u00e1s csod\u00e1s aj\u00e1nd\u00e9ka. Gondvisel\u0151 Isten\u00fcnk j\u00f3s\u00e1gos \u00e9s hatalmas ahhoz, hogy jobb \u00e9letk\u00f6r\u00fclm\u00e9nyeket, lelki b\u00e9k\u00e9t \u00e9s \u00f6r\u00f6m\u00f6t aj\u00e1nd\u00e9kozzon nek\u00fcnk ezen a bels\u0151 \u00faton. Vigy\u00fcnk magunkkal a pr\u00f3f\u00e9ta \u00e1ltal megjelen\u00edtett k\u00e9pet \u00e9s id\u0151zz\u00fcnk el f\u00f6l\u00f6tte. Az anya, aki gyermek\u00e9t vigasztalja. \u00d6nk\u00e9ntelen\u00fcl magam gyermekkora jut eszembe, amikoris \u00e9desany\u00e1m \u00f6l\u00e9ben \u00e9s karjaiban leltem biztons\u00e1gra, ha valamilyen f\u00e1jdalom vagy kudarc \u00e9rt. Nagyon \u00e9rdekes megfogalmaz\u00e1snak t\u0171nik sz\u00e1momra a v\u00e1laszos zsolt\u00e1r visszat\u00e9r\u0151 felh\u00edv\u00e1sa: &#8222;Minden f\u00f6ld Istent dics\u00e9rje!&#8221; Ink\u00e1bb \u00edgy \u00edrn\u00e1m \u00e1t: Minden \u00e9s mindenki, ami \u00e9s aki a f\u00f6ld\u00f6n l\u00e9tezik, dics\u00e9ri \u00e9s \u00e1ldja Istent.\u00a0 Ilyen \u00e9rtelemben sz\u00e1momra ez felh\u00edv\u00e1s, hogy nem maradjak ki az Istent dics\u00e9r\u0151k sor\u00e1b\u00f3l. Term\u00e9szetesen ennek felt\u00e9teltele, hogy felismerjem magamban azokat a j\u00f3 Isten aj\u00e1nd\u00e9kozta kegyelmi kincseket, melyek\u00e9rt v\u00e9gtelen\u00fcl h\u00e1l\u00e1s akarok lenni. Az \u00fcdv\u00f6ss\u00e9get J\u00e9zus Krisztus keresztje szerezte meg sz\u00e1munkra. Ez\u00e9rt, ha Isten nagy csal\u00e1dj\u00e1hoz akarunk tartozni, a keresztre fesz\u00edtett J\u00e9zushoz kell csatlakoznunk. Az igazi hit gy\u00fcm\u00f6lcse a krisztusi szeretet. Err\u0151l sz\u00f3l \u00e9let\u00fcnk: igyeksz\u00fcnk meghalni a b\u0171nnek \u00e9s Krisztus tan\u00edt\u00e1sa \u00e9s p\u00e9ld\u00e1ja szerint akarunk \u00e9lni. Az evang\u00e9lium J\u00e9zus Krisztus \u00e1ltal aj\u00e1nd\u00e9kozott k\u00fcldet\u00e9s \u00e9s tan\u00edt\u00e1s egyetemess\u00e9g\u00e9r\u0151l sz\u00f3l. Ezt jelk\u00e9pezi a 72 tan\u00edtv\u00e1ny kiv\u00e1laszt\u00e1sa \u00e9s k\u00fcld\u00e9se. A Teremt\u00e9s K\u00f6nyv\u00e9nek 10. fejezet\u00e9ben olvashatjuk, hogy a f\u00f6ld n\u00e9peinek sz\u00e1ma 72. Mik\u00f6zben ez a k\u00fcldet\u00e9s egyetemes,... R\u00e9szletek","og_url":"https:\/\/stuttgarti-katolikusok.de\/index.php\/evkozi-14-vasarnap-3\/","og_site_name":"Stuttgarti Katolikusok","article_published_time":"2025-07-06T06:17:54+00:00","og_image":[{"width":2000,"height":1500,"url":"https:\/\/stuttgarti-katolikusok.de\/wp-content\/uploads\/2024\/07\/img-20240707-wa0002.jpg","type":"image\/jpeg"}],"author":"Tibor atya","twitter_card":"summary_large_image","twitter_misc":{"Szerz\u0151:":"Tibor atya","Becs\u00fclt olvas\u00e1si id\u0151":"8 perc"},"schema":{"@context":"https:\/\/schema.org","@graph":[{"@type":"Article","@id":"https:\/\/stuttgarti-katolikusok.de\/index.php\/evkozi-14-vasarnap-3\/#article","isPartOf":{"@id":"https:\/\/stuttgarti-katolikusok.de\/index.php\/evkozi-14-vasarnap-3\/"},"author":{"name":"Tibor atya","@id":"https:\/\/stuttgarti-katolikusok.de\/#\/schema\/person\/75908d6f8fdc03a57889d27209df7795"},"headline":"\u00c9vk\u00f6zi 14. vas\u00e1rnap","datePublished":"2025-07-06T06:17:54+00:00","mainEntityOfPage":{"@id":"https:\/\/stuttgarti-katolikusok.de\/index.php\/evkozi-14-vasarnap-3\/"},"wordCount":2127,"image":{"@id":"https:\/\/stuttgarti-katolikusok.de\/index.php\/evkozi-14-vasarnap-3\/#primaryimage"},"thumbnailUrl":"https:\/\/stuttgarti-katolikusok.de\/wp-content\/uploads\/2024\/07\/img-20240707-wa0002.jpg","articleSection":["A liturgia olvasm\u00e1nyai","Vas\u00e1rnapi gondolatok"],"inLanguage":"hu"},{"@type":"WebPage","@id":"https:\/\/stuttgarti-katolikusok.de\/index.php\/evkozi-14-vasarnap-3\/","url":"https:\/\/stuttgarti-katolikusok.de\/index.php\/evkozi-14-vasarnap-3\/","name":"\u00c9vk\u00f6zi 14. vas\u00e1rnap - Stuttgarti Katolikusok","isPartOf":{"@id":"https:\/\/stuttgarti-katolikusok.de\/#website"},"primaryImageOfPage":{"@id":"https:\/\/stuttgarti-katolikusok.de\/index.php\/evkozi-14-vasarnap-3\/#primaryimage"},"image":{"@id":"https:\/\/stuttgarti-katolikusok.de\/index.php\/evkozi-14-vasarnap-3\/#primaryimage"},"thumbnailUrl":"https:\/\/stuttgarti-katolikusok.de\/wp-content\/uploads\/2024\/07\/img-20240707-wa0002.jpg","datePublished":"2025-07-06T06:17:54+00:00","author":{"@id":"https:\/\/stuttgarti-katolikusok.de\/#\/schema\/person\/75908d6f8fdc03a57889d27209df7795"},"breadcrumb":{"@id":"https:\/\/stuttgarti-katolikusok.de\/index.php\/evkozi-14-vasarnap-3\/#breadcrumb"},"inLanguage":"hu","potentialAction":[{"@type":"ReadAction","target":["https:\/\/stuttgarti-katolikusok.de\/index.php\/evkozi-14-vasarnap-3\/"]}]},{"@type":"ImageObject","inLanguage":"hu","@id":"https:\/\/stuttgarti-katolikusok.de\/index.php\/evkozi-14-vasarnap-3\/#primaryimage","url":"https:\/\/stuttgarti-katolikusok.de\/wp-content\/uploads\/2024\/07\/img-20240707-wa0002.jpg","contentUrl":"https:\/\/stuttgarti-katolikusok.de\/wp-content\/uploads\/2024\/07\/img-20240707-wa0002.jpg","width":2000,"height":1500},{"@type":"BreadcrumbList","@id":"https:\/\/stuttgarti-katolikusok.de\/index.php\/evkozi-14-vasarnap-3\/#breadcrumb","itemListElement":[{"@type":"ListItem","position":1,"name":"Kezd\u0151lap","item":"https:\/\/stuttgarti-katolikusok.de\/"},{"@type":"ListItem","position":2,"name":"\u00c9vk\u00f6zi 14. vas\u00e1rnap"}]},{"@type":"WebSite","@id":"https:\/\/stuttgarti-katolikusok.de\/#website","url":"https:\/\/stuttgarti-katolikusok.de\/","name":"Stuttgarti Katolikusok","description":"","potentialAction":[{"@type":"SearchAction","target":{"@type":"EntryPoint","urlTemplate":"https:\/\/stuttgarti-katolikusok.de\/?s={search_term_string}"},"query-input":{"@type":"PropertyValueSpecification","valueRequired":true,"valueName":"search_term_string"}}],"inLanguage":"hu"},{"@type":"Person","@id":"https:\/\/stuttgarti-katolikusok.de\/#\/schema\/person\/75908d6f8fdc03a57889d27209df7795","name":"Tibor atya","image":{"@type":"ImageObject","inLanguage":"hu","@id":"https:\/\/secure.gravatar.com\/avatar\/61d268e57d1f4525b111222e29d2d5a7f8c420fdbf231ba5566a8ceac74fa960?s=96&d=mm&r=g","url":"https:\/\/secure.gravatar.com\/avatar\/61d268e57d1f4525b111222e29d2d5a7f8c420fdbf231ba5566a8ceac74fa960?s=96&d=mm&r=g","contentUrl":"https:\/\/secure.gravatar.com\/avatar\/61d268e57d1f4525b111222e29d2d5a7f8c420fdbf231ba5566a8ceac74fa960?s=96&d=mm&r=g","caption":"Tibor atya"},"url":"https:\/\/stuttgarti-katolikusok.de\/index.php\/author\/tibor-atya\/"}]}},"_links":{"self":[{"href":"https:\/\/stuttgarti-katolikusok.de\/index.php\/wp-json\/wp\/v2\/posts\/31304","targetHints":{"allow":["GET"]}}],"collection":[{"href":"https:\/\/stuttgarti-katolikusok.de\/index.php\/wp-json\/wp\/v2\/posts"}],"about":[{"href":"https:\/\/stuttgarti-katolikusok.de\/index.php\/wp-json\/wp\/v2\/types\/post"}],"author":[{"embeddable":true,"href":"https:\/\/stuttgarti-katolikusok.de\/index.php\/wp-json\/wp\/v2\/users\/3"}],"replies":[{"embeddable":true,"href":"https:\/\/stuttgarti-katolikusok.de\/index.php\/wp-json\/wp\/v2\/comments?post=31304"}],"version-history":[{"count":1,"href":"https:\/\/stuttgarti-katolikusok.de\/index.php\/wp-json\/wp\/v2\/posts\/31304\/revisions"}],"predecessor-version":[{"id":31305,"href":"https:\/\/stuttgarti-katolikusok.de\/index.php\/wp-json\/wp\/v2\/posts\/31304\/revisions\/31305"}],"wp:featuredmedia":[{"embeddable":true,"href":"https:\/\/stuttgarti-katolikusok.de\/index.php\/wp-json\/wp\/v2\/media\/29184"}],"wp:attachment":[{"href":"https:\/\/stuttgarti-katolikusok.de\/index.php\/wp-json\/wp\/v2\/media?parent=31304"}],"wp:term":[{"taxonomy":"category","embeddable":true,"href":"https:\/\/stuttgarti-katolikusok.de\/index.php\/wp-json\/wp\/v2\/categories?post=31304"},{"taxonomy":"post_tag","embeddable":true,"href":"https:\/\/stuttgarti-katolikusok.de\/index.php\/wp-json\/wp\/v2\/tags?post=31304"}],"curies":[{"name":"wp","href":"https:\/\/api.w.org\/{rel}","templated":true}]}}