{"id":31290,"date":"2025-06-29T02:32:23","date_gmt":"2025-06-29T00:32:23","guid":{"rendered":"https:\/\/stuttgarti-katolikusok.de\/?p=31290"},"modified":"2025-06-29T02:32:23","modified_gmt":"2025-06-29T00:32:23","slug":"szent-peter-es-szent-pal-apostolok-founnepe","status":"publish","type":"post","link":"https:\/\/stuttgarti-katolikusok.de\/index.php\/szent-peter-es-szent-pal-apostolok-founnepe\/","title":{"rendered":"Szent P\u00e9ter \u00e9s Szent P\u00e1l apostolok f\u0151\u00fcnnepe"},"content":{"rendered":"<p>&nbsp;<\/p>\n<p><span style=\"color: #ff6600;\"><em>Isten v\u00e9gtelen kegyelme, hogy J\u00e9zus Krisztus Egyh\u00e1zat aap\u00edtott. Ehhez pedig egyszer\u0171, gyarl\u00f3 embereket v\u00e1lasztott ki munkat\u00e1rsaiv\u00e1. Egyben pedig r\u00e1juk b\u00edzta a kegyelem tov\u00e1bbad\u00e1s\u00e1t. P\u00e9ter apostolban \u00e9s P\u00e1l apostolban is az Isten kegyelme m\u0171k\u00f6d\u00f6tt, de benn\u00fck a kegyelem nem volt hat\u00e1stalan (v\u00f6. 1 Kor 15,10). Buzg\u00f3s\u00e1gukra v\u00e9rtan\u00fas\u00e1guk tette fel a koron\u00e1t N\u00e9r\u00f3 cs\u00e1sz\u00e1r idej\u00e9n, 64-67 k\u00f6z\u00f6tt.<\/em><\/span><\/p>\n<p>OLVASM\u00c1NY az Apostolok Cselekedeteib\u0151l (ApCsel 12,1-11)<br \/>\n<em>Most m\u00e1r val\u00f3ban tudom, hogy az \u00dar kiragadott Her\u00f3des kir\u00e1ly hatalm\u00e1b\u00f3l.<\/em><br \/>\nAmikor Jeruzs\u00e1lemben kit\u00f6rt az els\u0151 kereszt\u00e9ny\u00fcld\u00f6z\u00e9s, Her\u00f3des kir\u00e1ly elfogatta az Egyh\u00e1z n\u00e9h\u00e1ny vezet\u0151j\u00e9t, hogy \u00e1rtson nekik. J\u00e1nos testv\u00e9r\u00e9t, Jakabot karddal kiv\u00e9geztette. Amikor l\u00e1tta, hogy ezzel megnyerheti a zsid\u00f3k tetsz\u00e9s\u00e9t, elhat\u00e1rozta, hogy P\u00e9tert is elfogatja.<br \/>\nA kov\u00e1sztalan keny\u00e9r \u00fcnnep\u00e9t \u00fclt\u00e9k. Elfogatta, b\u00f6rt\u00f6nbe z\u00e1ratta \u00e9s r\u00e1b\u00edzta n\u00e9gy, egyenk\u00e9nt n\u00e9gy katon\u00e1b\u00f3l \u00e1ll\u00f3 csapatra, hogy \u0151rizz\u00e9k. Az volt a sz\u00e1nd\u00e9ka, hogy h\u00fasv\u00e9t ut\u00e1n a n\u00e9p el\u00e9 vezetteti.<br \/>\nM\u00edg P\u00e9tert fogva tartott\u00e1k a b\u00f6rt\u00f6nben, az Egyh\u00e1z sz\u00fcntelen im\u00e1dkozott \u00e9rte Istenhez. Azon az \u00e9jszak\u00e1n, amikor Her\u00f3des el\u0151 akarta \u0151t vezettetni, P\u00e9ter k\u00e9t katona k\u00f6z\u00f6tt aludt, kett\u0151s l\u00e1nccal megbilincselve. A bej\u00e1ratn\u00e1l pedig \u0151r\u00f6k vigy\u00e1zt\u00e1k a b\u00f6rt\u00f6nt. Egyszerre megjelent az \u00dar angyala, \u00e9s a helyis\u00e9get f\u00e9ny \u00e1rasztotta el. Az angyal meg\u00fct\u00f6tte P\u00e9ter oldal\u00e1t, \u00e9s fel\u00e9bresztette: \u201eKelj fel, gyorsan!\u201d Erre a l\u00e1ncok lehulltak a kez\u00e9r\u0151l. Azut\u00e1n az angyal \u00edgy folytatta: \u201eCsatold fel \u00f6vedet, \u00e9s vedd fel saruidat!\u201d Amikor megtette, az angyal ezt mondta: \u201eVedd magadra k\u00f6penyedet, \u00e9s k\u00f6vess!\u201d<br \/>\nP\u00e9ter elindult \u00e9s k\u00f6vette, de nem tudta, hogy val\u00f3s\u00e1g-e az, amit az angyal tesz vele. Azt gondolta, hogy l\u00e1tom\u00e1sa van. \u00c1tmentek az els\u0151 \u0151rs\u00e9gen, majd a m\u00e1sodikon is, azt\u00e1n eljutottak a v\u00e1ros fel\u00e9 ny\u00edl\u00f3 vaskapuhoz. Az mag\u00e1t\u00f3l kiny\u00edlt el\u0151tt\u00fck. Kint m\u00e9g v\u00e9gigmentek az egyik utc\u00e1n, \u00e9s ott az angyal hirtelen elt\u0171nt mell\u0151le.<br \/>\nAmikor P\u00e9ter f\u00f6leszm\u00e9lt, \u00edgy sz\u00f3lt: \u201eMost m\u00e1r biztosan tudom, hogy az \u00dar elk\u00fcldte angyal\u00e1t, \u00e9s kiszabad\u00edtott Her\u00f3des kir\u00e1ly kez\u00e9b\u0151l \u00e9s mindabb\u00f3l, amiben a zsid\u00f3 n\u00e9p rem\u00e9nykedett.\u201d<br \/>\nEz az Isten ig\u00e9je.<\/p>\n<p>V\u00c1LASZOS ZSOLT\u00c1R (Zsolt 33,2-3.4-5.6-7.8-9)<br \/>\nV\u00e1lasz:\u00a0<strong>Az \u00dar kiragadott engem * minden retteg\u00e9sb\u0151l!<\/strong>\u00a0(9a. vers. &#8211; 4. g t\u00f3nus)<br \/>\nEl\u0151\u00e9nekes: Minden id\u0151ben \u00e1ldom az Urat, * dics\u00e9ret\u00e9t sz\u00fcntelen\u00fcl zengi ajkam.<br \/>\nLelkem az \u00darban dicsekszik, * hallj\u00e1k meg ezt a szel\u00eddek \u00e9s \u00f6rvendezzenek.<br \/>\nH\u00edvek: Az \u00dar kiragadott engem * minden retteg\u00e9sb\u0151l!<br \/>\nE: Magasztalj\u00e1tok az Urat \u00e9nvelem, * dics\u0151\u00edts\u00fck az \u0151 nev\u00e9t mindny\u00e1jan.<br \/>\nKerestem az Urat, \u00e9s \u0151 meghallgatott engem, * \u00e9s kiragadott minden retteg\u00e9sb\u0151l.<br \/>\nH: Az \u00dar kiragadott engem * minden retteg\u00e9sb\u0151l!<br \/>\nE: Megvil\u00e1gosultok, ha az \u00darra n\u00e9ztek, * \u00e9s arcotokat nem \u00e9ri sz\u00e9gyen.<br \/>\nAz \u00dar meghallgatta a szeg\u00e9nyt, aki hozz\u00e1 ki\u00e1ltott, * \u00e9s minden szorongat\u00e1s\u00e1b\u00f3l kiszabad\u00edtotta.<br \/>\nH: Az \u00dar kiragadott engem * minden retteg\u00e9sb\u0151l!<br \/>\nE: Az \u00dar angyala minden istenf\u00e9l\u0151t k\u00f6r\u00fcls\u00e1ncol, * \u00e9s megszabad\u00edtja \u0151t.<br \/>\n\u00cdzlelj\u00e9tek \u00e9s l\u00e1ss\u00e1tok, milyen \u00e9des az \u00dar, * boldog az az ember, aki \u0151benne b\u00edzik.<br \/>\nH: Az \u00dar kiragadott engem * minden retteg\u00e9sb\u0151l!<\/p>\n<p>SZENTLECKE Szent P\u00e1l apostolnak Tim\u00f3teushoz \u00edrt m\u00e1sodik level\u00e9b\u0151l (2Tim 4,6-8.17-18)<br \/>\n<em>K\u00e9szen v\u00e1r r\u00e1m az igazs\u00e1g gy\u0151zelmi koszor\u00faja.<\/em><br \/>\nKedves Fiam!<br \/>\nAz \u00e9n v\u00e9remet nemsok\u00e1ra kiontj\u00e1k \u00e1ldozatul. Elt\u00e1voz\u00e1som ideje k\u00f6zel van. A j\u00f3 harcot megharcoltam, a p\u00e1ly\u00e1t v\u00e9gigfutottam, a hitet megtartottam. K\u00e9szen v\u00e1r r\u00e1m az igazs\u00e1g gy\u0151zelmi koszor\u00faja, amelyet az \u00dar, az igazs\u00e1gos B\u00edr\u00f3 megad nekem azon a napon. De nemcsak nekem, hanem mindenkinek, aki \u00f6r\u00f6mmel v\u00e1rja az \u0151 elj\u00f6vetel\u00e9t.<br \/>\nMell\u00e9m \u00e1llt ugyanis az \u00dar \u00e9s er\u0151t \u00f6nt\u00f6tt bel\u00e9m, hogy befejezzem az evang\u00e9lium hirdet\u00e9s\u00e9t, \u00e9s tudom\u00e1st szerezzen r\u00f3la minden pog\u00e1ny. \u00cdgy megmenek\u00fcltem az oroszl\u00e1n tork\u00e1b\u00f3l. S\u0151t, az \u00dar ezut\u00e1n is megszabad\u00edt minden gonosz cselvet\u00e9st\u0151l \u00e9s \u00e1tment mennyei orsz\u00e1g\u00e1ba. Dics\u0151s\u00e9g legyen neki mind\u00f6r\u00f6kk\u00e9! \u00c1men.<br \/>\nEz az Isten ig\u00e9je.<\/p>\n<p>ALLELUJA<br \/>\nTe P\u00e9ter vagy, \u00e9s e szikl\u00e1ra \u00e9p\u00edtem Egyh\u00e1zam, * s a pokol kapui nem vesznek er\u0151t rajta. Mt 16,18 \u2013 7b. t\u00f3nus.<\/p>\n<p>\u2020 EVANG\u00c9LIUM Szent M\u00e1t\u00e9 k\u00f6nyv\u00e9b\u0151l (Mt 16,13-19)<br \/>\n<em>Te P\u00e9ter vagy, \u00e9s neked adom a mennyek orsz\u00e1ga kulcsait.<\/em><br \/>\nAbban az id\u0151ben amikor J\u00e9zus F\u00fcl\u00f6p Cez\u00e1re\u00e1j\u00e1nak vid\u00e9k\u00e9re \u00e9rt, megk\u00e9rdezte tan\u00edtv\u00e1nyait\u00f3l: \u201eKinek tartj\u00e1k az emberek az Emberfi\u00e1t?\u201d Ezt v\u00e1laszolt\u00e1k: \u201eVan, aki Keresztel\u0151 J\u00e1nosnak, van, aki Ill\u00e9snek, m\u00e1sok Jeremi\u00e1snak vagy valamelyik pr\u00f3f\u00e9t\u00e1nak.\u201d<br \/>\n\u0150 tov\u00e1bb k\u00e9rdezte \u0151ket: \u201eH\u00e1t ti, kinek tartotok engem?\u201d Simon P\u00e9ter v\u00e1laszolt: \u201eTe vagy a Krisztus, az \u00e9l\u0151 Isten Fia.\u201d Erre J\u00e9zus azt mondta neki: \u201eBoldog vagy, Simon, J\u00f3n\u00e1s fia, mert nem a test \u00e9s a v\u00e9r nyilatkoztatta ki ezt neked, hanem az \u00e9n mennyei Aty\u00e1m. Ez\u00e9rt mondom neked, hogy te P\u00e9ter vagy, \u00e9s \u00e9n erre a szikl\u00e1ra \u00e9p\u00edtem Egyh\u00e1zamat, s a pokol kapui nem vesznek er\u0151t rajta. Neked adom a mennyek orsz\u00e1g\u00e1nak kulcsait: Amit megk\u00f6tsz a f\u00f6ld\u00f6n, meg lesz k\u00f6tve a mennyben is, \u00e9s amit feloldasz a f\u00f6ld\u00f6n, fel lesz oldva a mennyben is.\u201d<br \/>\nEzek az evang\u00e9lium ig\u00e9i.<\/p>\n<p>EGYETEMES K\u00d6NY\u00d6RG\u00c9SEK<br \/>\n8. SZENT P\u00c9TER \u00c9S SZENT P\u00c1L \u00dcNNEP\u00c9RE<br \/>\n(J\u00fanius 29.)<br \/>\nPap: K\u00e9rj\u00fck, testv\u00e9reim, Urunkat, \u00e9gi F\u0151p\u00e1sztorunkat, hogy Szent P\u00e9ter, Szent P\u00e1l \u00e9s a t\u00f6bbi apostol k\u00f6zbenj\u00e1r\u00e1s\u00e1ra hallgassa meg k\u00e9r\u00e9seinket!<br \/>\nLektor: 1. \u00c1ldd meg, Urunk, Egyh\u00e1zadat, N. p\u00e1p\u00e1nkat, p\u00fcsp\u00f6keinket \u00e9s papjainkat, hogy mindig Szent P\u00e9ter \u00e9s Szent P\u00e1l hite \u00e9s buzg\u00f3s\u00e1ga lobogjon sz\u00edv\u00fckben!<br \/>\nH\u00edvek: K\u00e9r\u00fcnk t\u00e9ged, hallgass meg minket!<br \/>\n2. K\u00fcldj, Urunk, munk\u00e1sokat arat\u00e1sodba, hogy az evang\u00e9lium vil\u00e1goss\u00e1g\u00e1t az apostolok lelkesed\u00e9s\u00e9vel terjessz\u00e9k a vil\u00e1gon!<br \/>\n3. \u00c1raszd, Urunk, \u00e1ld\u00e1sodat a n\u00e9pek vezet\u0151ire, hogy b\u00e9kess\u00e9g \u00e9s szeretet uralkodj\u00e9k az eg\u00e9sz f\u00f6ld\u00f6n!<br \/>\n4. \u00c1ldd meg, Urunk, n\u00e9p\u00fcnk szorgalmas munk\u00e1j\u00e1t, tartsd t\u00e1vol t\u0151l\u00fcnk az elemi csap\u00e1sokat, hogy b\u0151s\u00e9ges keny\u00e9r legyen minden csal\u00e1d asztal\u00e1n!<br \/>\n5. V\u00e9g\u00fcl engedd, Urunk, hogy elhunyt szeretteink m\u00e1r most, \u00e9s majdan mi is az apostolok boldog t\u00e1rsas\u00e1g\u00e1nak \u00f6rvendezhess\u00fcnk!<br \/>\nPap: Urunk, Isten\u00fcnk, hallgasd meg hitb\u0151l fakad\u00f3 k\u00e9r\u00e9seinket, \u00e9s teljes\u00edtsd rem\u00e9ny\u00fcnket! Hissz\u00fck \u00e9s rem\u00e9lj\u00fck, hogy ami javunkra v\u00e1lik, azt megadod nek\u00fcnk. Krisztus, a mi Urunk \u00e1ltal.<br \/>\nH\u00edvek: \u00c1men.<\/p>\n<p><em>(K\u00e9p forr\u00e1sa: Magyar Kur\u00edr)<\/em><\/p>\n","protected":false},"excerpt":{"rendered":"<p>&nbsp; Isten v\u00e9gtelen kegyelme, hogy J\u00e9zus Krisztus Egyh\u00e1zat aap\u00edtott. Ehhez pedig egyszer\u0171, gyarl\u00f3 embereket v\u00e1lasztott ki munkat\u00e1rsaiv\u00e1. Egyben pedig r\u00e1juk b\u00edzta a kegyelem tov\u00e1bbad\u00e1s\u00e1t. P\u00e9ter apostolban \u00e9s P\u00e1l apostolban is az Isten kegyelme m\u0171k\u00f6d\u00f6tt, de benn\u00fck a kegyelem nem volt hat\u00e1stalan (v\u00f6. 1 Kor 15,10). Buzg\u00f3s\u00e1gukra v\u00e9rtan\u00fas\u00e1guk tette fel a koron\u00e1t N\u00e9r\u00f3 cs\u00e1sz\u00e1r idej\u00e9n, 64-67 k\u00f6z\u00f6tt. OLVASM\u00c1NY az Apostolok Cselekedeteib\u0151l (ApCsel 12,1-11) Most m\u00e1r val\u00f3ban tudom, hogy az \u00dar kiragadott Her\u00f3des kir\u00e1ly hatalm\u00e1b\u00f3l. Amikor Jeruzs\u00e1lemben kit\u00f6rt az els\u0151 kereszt\u00e9ny\u00fcld\u00f6z\u00e9s, Her\u00f3des kir\u00e1ly elfogatta az Egyh\u00e1z n\u00e9h\u00e1ny vezet\u0151j\u00e9t, hogy \u00e1rtson nekik. J\u00e1nos testv\u00e9r\u00e9t, Jakabot karddal kiv\u00e9geztette. Amikor l\u00e1tta, hogy ezzel megnyerheti a zsid\u00f3k tetsz\u00e9s\u00e9t, elhat\u00e1rozta, hogy P\u00e9tert is elfogatja. A kov\u00e1sztalan keny\u00e9r \u00fcnnep\u00e9t \u00fclt\u00e9k. Elfogatta, b\u00f6rt\u00f6nbe z\u00e1ratta \u00e9s r\u00e1b\u00edzta n\u00e9gy, egyenk\u00e9nt n\u00e9gy katon\u00e1b\u00f3l \u00e1ll\u00f3 csapatra, hogy \u0151rizz\u00e9k. Az volt a sz\u00e1nd\u00e9ka, hogy h\u00fasv\u00e9t ut\u00e1n a n\u00e9p el\u00e9 vezetteti. M\u00edg P\u00e9tert fogva tartott\u00e1k a b\u00f6rt\u00f6nben, az Egyh\u00e1z sz\u00fcntelen im\u00e1dkozott \u00e9rte Istenhez. Azon az \u00e9jszak\u00e1n, amikor Her\u00f3des el\u0151 akarta \u0151t vezettetni, P\u00e9ter k\u00e9t katona k\u00f6z\u00f6tt aludt, kett\u0151s l\u00e1nccal megbilincselve. A bej\u00e1ratn\u00e1l pedig \u0151r\u00f6k vigy\u00e1zt\u00e1k a b\u00f6rt\u00f6nt. Egyszerre megjelent az \u00dar angyala, \u00e9s a helyis\u00e9get f\u00e9ny \u00e1rasztotta el. Az angyal meg\u00fct\u00f6tte P\u00e9ter oldal\u00e1t, \u00e9s fel\u00e9bresztette: \u201eKelj fel, gyorsan!\u201d Erre a l\u00e1ncok lehulltak a kez\u00e9r\u0151l. Azut\u00e1n az angyal \u00edgy folytatta: \u201eCsatold fel \u00f6vedet, \u00e9s vedd fel saruidat!\u201d Amikor megtette, az angyal ezt mondta: \u201eVedd magadra k\u00f6penyedet, \u00e9s k\u00f6vess!\u201d P\u00e9ter elindult \u00e9s k\u00f6vette, de nem tudta, hogy val\u00f3s\u00e1g-e az, amit az angyal tesz vele. Azt gondolta, hogy l\u00e1tom\u00e1sa van. \u00c1tmentek az els\u0151 \u0151rs\u00e9gen, majd a m\u00e1sodikon is, azt\u00e1n eljutottak a v\u00e1ros fel\u00e9 ny\u00edl\u00f3 vaskapuhoz. Az mag\u00e1t\u00f3l kiny\u00edlt el\u0151tt\u00fck. Kint m\u00e9g v\u00e9gigmentek az egyik utc\u00e1n, \u00e9s ott az angyal hirtelen elt\u0171nt mell\u0151le. Amikor P\u00e9ter f\u00f6leszm\u00e9lt, \u00edgy sz\u00f3lt: \u201eMost m\u00e1r biztosan tudom, hogy az \u00dar elk\u00fcldte angyal\u00e1t, \u00e9s kiszabad\u00edtott Her\u00f3des kir\u00e1ly kez\u00e9b\u0151l \u00e9s mindabb\u00f3l, amiben a zsid\u00f3 n\u00e9p rem\u00e9nykedett.\u201d&#8230; <\/p>\n<p><a class=\"readmore\" href=\"https:\/\/stuttgarti-katolikusok.de\/index.php\/szent-peter-es-szent-pal-apostolok-founnepe\/\">R\u00e9szletek<\/a><\/p>\n","protected":false},"author":3,"featured_media":31292,"comment_status":"closed","ping_status":"closed","sticky":false,"template":"","format":"standard","meta":{"footnotes":""},"categories":[85,63],"tags":[],"class_list":["post-31290","post","type-post","status-publish","format-standard","has-post-thumbnail","hentry","category-a-liturgia-olvasmanyai","category-vasarnapi-gondolatok"],"yoast_head":"<!-- This site is optimized with the Yoast SEO plugin v27.3 - https:\/\/yoast.com\/product\/yoast-seo-wordpress\/ -->\n<title>Szent P\u00e9ter \u00e9s Szent P\u00e1l apostolok f\u0151\u00fcnnepe - Stuttgarti Katolikusok<\/title>\n<meta name=\"robots\" content=\"index, follow, max-snippet:-1, max-image-preview:large, max-video-preview:-1\" \/>\n<link rel=\"canonical\" href=\"https:\/\/stuttgarti-katolikusok.de\/index.php\/szent-peter-es-szent-pal-apostolok-founnepe\/\" \/>\n<meta property=\"og:locale\" content=\"hu_HU\" \/>\n<meta property=\"og:type\" content=\"article\" \/>\n<meta property=\"og:title\" content=\"Szent P\u00e9ter \u00e9s Szent P\u00e1l apostolok f\u0151\u00fcnnepe - Stuttgarti Katolikusok\" \/>\n<meta property=\"og:description\" content=\"&nbsp; Isten v\u00e9gtelen kegyelme, hogy J\u00e9zus Krisztus Egyh\u00e1zat aap\u00edtott. Ehhez pedig egyszer\u0171, gyarl\u00f3 embereket v\u00e1lasztott ki munkat\u00e1rsaiv\u00e1. Egyben pedig r\u00e1juk b\u00edzta a kegyelem tov\u00e1bbad\u00e1s\u00e1t. P\u00e9ter apostolban \u00e9s P\u00e1l apostolban is az Isten kegyelme m\u0171k\u00f6d\u00f6tt, de benn\u00fck a kegyelem nem volt hat\u00e1stalan (v\u00f6. 1 Kor 15,10). Buzg\u00f3s\u00e1gukra v\u00e9rtan\u00fas\u00e1guk tette fel a koron\u00e1t N\u00e9r\u00f3 cs\u00e1sz\u00e1r idej\u00e9n, 64-67 k\u00f6z\u00f6tt. OLVASM\u00c1NY az Apostolok Cselekedeteib\u0151l (ApCsel 12,1-11) Most m\u00e1r val\u00f3ban tudom, hogy az \u00dar kiragadott Her\u00f3des kir\u00e1ly hatalm\u00e1b\u00f3l. Amikor Jeruzs\u00e1lemben kit\u00f6rt az els\u0151 kereszt\u00e9ny\u00fcld\u00f6z\u00e9s, Her\u00f3des kir\u00e1ly elfogatta az Egyh\u00e1z n\u00e9h\u00e1ny vezet\u0151j\u00e9t, hogy \u00e1rtson nekik. J\u00e1nos testv\u00e9r\u00e9t, Jakabot karddal kiv\u00e9geztette. Amikor l\u00e1tta, hogy ezzel megnyerheti a zsid\u00f3k tetsz\u00e9s\u00e9t, elhat\u00e1rozta, hogy P\u00e9tert is elfogatja. A kov\u00e1sztalan keny\u00e9r \u00fcnnep\u00e9t \u00fclt\u00e9k. Elfogatta, b\u00f6rt\u00f6nbe z\u00e1ratta \u00e9s r\u00e1b\u00edzta n\u00e9gy, egyenk\u00e9nt n\u00e9gy katon\u00e1b\u00f3l \u00e1ll\u00f3 csapatra, hogy \u0151rizz\u00e9k. Az volt a sz\u00e1nd\u00e9ka, hogy h\u00fasv\u00e9t ut\u00e1n a n\u00e9p el\u00e9 vezetteti. M\u00edg P\u00e9tert fogva tartott\u00e1k a b\u00f6rt\u00f6nben, az Egyh\u00e1z sz\u00fcntelen im\u00e1dkozott \u00e9rte Istenhez. Azon az \u00e9jszak\u00e1n, amikor Her\u00f3des el\u0151 akarta \u0151t vezettetni, P\u00e9ter k\u00e9t katona k\u00f6z\u00f6tt aludt, kett\u0151s l\u00e1nccal megbilincselve. A bej\u00e1ratn\u00e1l pedig \u0151r\u00f6k vigy\u00e1zt\u00e1k a b\u00f6rt\u00f6nt. Egyszerre megjelent az \u00dar angyala, \u00e9s a helyis\u00e9get f\u00e9ny \u00e1rasztotta el. Az angyal meg\u00fct\u00f6tte P\u00e9ter oldal\u00e1t, \u00e9s fel\u00e9bresztette: \u201eKelj fel, gyorsan!\u201d Erre a l\u00e1ncok lehulltak a kez\u00e9r\u0151l. Azut\u00e1n az angyal \u00edgy folytatta: \u201eCsatold fel \u00f6vedet, \u00e9s vedd fel saruidat!\u201d Amikor megtette, az angyal ezt mondta: \u201eVedd magadra k\u00f6penyedet, \u00e9s k\u00f6vess!\u201d P\u00e9ter elindult \u00e9s k\u00f6vette, de nem tudta, hogy val\u00f3s\u00e1g-e az, amit az angyal tesz vele. Azt gondolta, hogy l\u00e1tom\u00e1sa van. \u00c1tmentek az els\u0151 \u0151rs\u00e9gen, majd a m\u00e1sodikon is, azt\u00e1n eljutottak a v\u00e1ros fel\u00e9 ny\u00edl\u00f3 vaskapuhoz. Az mag\u00e1t\u00f3l kiny\u00edlt el\u0151tt\u00fck. Kint m\u00e9g v\u00e9gigmentek az egyik utc\u00e1n, \u00e9s ott az angyal hirtelen elt\u0171nt mell\u0151le. Amikor P\u00e9ter f\u00f6leszm\u00e9lt, \u00edgy sz\u00f3lt: \u201eMost m\u00e1r biztosan tudom, hogy az \u00dar elk\u00fcldte angyal\u00e1t, \u00e9s kiszabad\u00edtott Her\u00f3des kir\u00e1ly kez\u00e9b\u0151l \u00e9s mindabb\u00f3l, amiben a zsid\u00f3 n\u00e9p rem\u00e9nykedett.\u201d... R\u00e9szletek\" \/>\n<meta property=\"og:url\" content=\"https:\/\/stuttgarti-katolikusok.de\/index.php\/szent-peter-es-szent-pal-apostolok-founnepe\/\" \/>\n<meta property=\"og:site_name\" content=\"Stuttgarti Katolikusok\" \/>\n<meta property=\"article:published_time\" content=\"2025-06-29T00:32:23+00:00\" \/>\n<meta property=\"og:image\" content=\"https:\/\/stuttgarti-katolikusok.de\/wp-content\/uploads\/2025\/06\/whatsapp-kep-2025-06-29-022349-26231030.jpg\" \/>\n\t<meta property=\"og:image:width\" content=\"936\" \/>\n\t<meta property=\"og:image:height\" content=\"962\" \/>\n\t<meta property=\"og:image:type\" content=\"image\/jpeg\" \/>\n<meta name=\"author\" content=\"Tibor atya\" \/>\n<meta name=\"twitter:card\" content=\"summary_large_image\" \/>\n<meta name=\"twitter:label1\" content=\"Szerz\u0151:\" \/>\n\t<meta name=\"twitter:data1\" content=\"Tibor atya\" \/>\n\t<meta name=\"twitter:label2\" content=\"Becs\u00fclt olvas\u00e1si id\u0151\" \/>\n\t<meta name=\"twitter:data2\" content=\"6 perc\" \/>\n<script type=\"application\/ld+json\" class=\"yoast-schema-graph\">{\"@context\":\"https:\\\/\\\/schema.org\",\"@graph\":[{\"@type\":\"Article\",\"@id\":\"https:\\\/\\\/stuttgarti-katolikusok.de\\\/index.php\\\/szent-peter-es-szent-pal-apostolok-founnepe\\\/#article\",\"isPartOf\":{\"@id\":\"https:\\\/\\\/stuttgarti-katolikusok.de\\\/index.php\\\/szent-peter-es-szent-pal-apostolok-founnepe\\\/\"},\"author\":{\"name\":\"Tibor atya\",\"@id\":\"https:\\\/\\\/stuttgarti-katolikusok.de\\\/#\\\/schema\\\/person\\\/75908d6f8fdc03a57889d27209df7795\"},\"headline\":\"Szent P\u00e9ter \u00e9s Szent P\u00e1l apostolok f\u0151\u00fcnnepe\",\"datePublished\":\"2025-06-29T00:32:23+00:00\",\"mainEntityOfPage\":{\"@id\":\"https:\\\/\\\/stuttgarti-katolikusok.de\\\/index.php\\\/szent-peter-es-szent-pal-apostolok-founnepe\\\/\"},\"wordCount\":1295,\"image\":{\"@id\":\"https:\\\/\\\/stuttgarti-katolikusok.de\\\/index.php\\\/szent-peter-es-szent-pal-apostolok-founnepe\\\/#primaryimage\"},\"thumbnailUrl\":\"https:\\\/\\\/stuttgarti-katolikusok.de\\\/wp-content\\\/uploads\\\/2025\\\/06\\\/whatsapp-kep-2025-06-29-022349-26231030.jpg\",\"articleSection\":[\"A liturgia olvasm\u00e1nyai\",\"Vas\u00e1rnapi gondolatok\"],\"inLanguage\":\"hu\"},{\"@type\":\"WebPage\",\"@id\":\"https:\\\/\\\/stuttgarti-katolikusok.de\\\/index.php\\\/szent-peter-es-szent-pal-apostolok-founnepe\\\/\",\"url\":\"https:\\\/\\\/stuttgarti-katolikusok.de\\\/index.php\\\/szent-peter-es-szent-pal-apostolok-founnepe\\\/\",\"name\":\"Szent P\u00e9ter \u00e9s Szent P\u00e1l apostolok f\u0151\u00fcnnepe - Stuttgarti Katolikusok\",\"isPartOf\":{\"@id\":\"https:\\\/\\\/stuttgarti-katolikusok.de\\\/#website\"},\"primaryImageOfPage\":{\"@id\":\"https:\\\/\\\/stuttgarti-katolikusok.de\\\/index.php\\\/szent-peter-es-szent-pal-apostolok-founnepe\\\/#primaryimage\"},\"image\":{\"@id\":\"https:\\\/\\\/stuttgarti-katolikusok.de\\\/index.php\\\/szent-peter-es-szent-pal-apostolok-founnepe\\\/#primaryimage\"},\"thumbnailUrl\":\"https:\\\/\\\/stuttgarti-katolikusok.de\\\/wp-content\\\/uploads\\\/2025\\\/06\\\/whatsapp-kep-2025-06-29-022349-26231030.jpg\",\"datePublished\":\"2025-06-29T00:32:23+00:00\",\"author\":{\"@id\":\"https:\\\/\\\/stuttgarti-katolikusok.de\\\/#\\\/schema\\\/person\\\/75908d6f8fdc03a57889d27209df7795\"},\"breadcrumb\":{\"@id\":\"https:\\\/\\\/stuttgarti-katolikusok.de\\\/index.php\\\/szent-peter-es-szent-pal-apostolok-founnepe\\\/#breadcrumb\"},\"inLanguage\":\"hu\",\"potentialAction\":[{\"@type\":\"ReadAction\",\"target\":[\"https:\\\/\\\/stuttgarti-katolikusok.de\\\/index.php\\\/szent-peter-es-szent-pal-apostolok-founnepe\\\/\"]}]},{\"@type\":\"ImageObject\",\"inLanguage\":\"hu\",\"@id\":\"https:\\\/\\\/stuttgarti-katolikusok.de\\\/index.php\\\/szent-peter-es-szent-pal-apostolok-founnepe\\\/#primaryimage\",\"url\":\"https:\\\/\\\/stuttgarti-katolikusok.de\\\/wp-content\\\/uploads\\\/2025\\\/06\\\/whatsapp-kep-2025-06-29-022349-26231030.jpg\",\"contentUrl\":\"https:\\\/\\\/stuttgarti-katolikusok.de\\\/wp-content\\\/uploads\\\/2025\\\/06\\\/whatsapp-kep-2025-06-29-022349-26231030.jpg\",\"width\":936,\"height\":962},{\"@type\":\"BreadcrumbList\",\"@id\":\"https:\\\/\\\/stuttgarti-katolikusok.de\\\/index.php\\\/szent-peter-es-szent-pal-apostolok-founnepe\\\/#breadcrumb\",\"itemListElement\":[{\"@type\":\"ListItem\",\"position\":1,\"name\":\"Kezd\u0151lap\",\"item\":\"https:\\\/\\\/stuttgarti-katolikusok.de\\\/\"},{\"@type\":\"ListItem\",\"position\":2,\"name\":\"Szent P\u00e9ter \u00e9s Szent P\u00e1l apostolok f\u0151\u00fcnnepe\"}]},{\"@type\":\"WebSite\",\"@id\":\"https:\\\/\\\/stuttgarti-katolikusok.de\\\/#website\",\"url\":\"https:\\\/\\\/stuttgarti-katolikusok.de\\\/\",\"name\":\"Stuttgarti Katolikusok\",\"description\":\"\",\"potentialAction\":[{\"@type\":\"SearchAction\",\"target\":{\"@type\":\"EntryPoint\",\"urlTemplate\":\"https:\\\/\\\/stuttgarti-katolikusok.de\\\/?s={search_term_string}\"},\"query-input\":{\"@type\":\"PropertyValueSpecification\",\"valueRequired\":true,\"valueName\":\"search_term_string\"}}],\"inLanguage\":\"hu\"},{\"@type\":\"Person\",\"@id\":\"https:\\\/\\\/stuttgarti-katolikusok.de\\\/#\\\/schema\\\/person\\\/75908d6f8fdc03a57889d27209df7795\",\"name\":\"Tibor atya\",\"image\":{\"@type\":\"ImageObject\",\"inLanguage\":\"hu\",\"@id\":\"https:\\\/\\\/secure.gravatar.com\\\/avatar\\\/61d268e57d1f4525b111222e29d2d5a7f8c420fdbf231ba5566a8ceac74fa960?s=96&d=mm&r=g\",\"url\":\"https:\\\/\\\/secure.gravatar.com\\\/avatar\\\/61d268e57d1f4525b111222e29d2d5a7f8c420fdbf231ba5566a8ceac74fa960?s=96&d=mm&r=g\",\"contentUrl\":\"https:\\\/\\\/secure.gravatar.com\\\/avatar\\\/61d268e57d1f4525b111222e29d2d5a7f8c420fdbf231ba5566a8ceac74fa960?s=96&d=mm&r=g\",\"caption\":\"Tibor atya\"},\"url\":\"https:\\\/\\\/stuttgarti-katolikusok.de\\\/index.php\\\/author\\\/tibor-atya\\\/\"}]}<\/script>\n<!-- \/ Yoast SEO plugin. -->","yoast_head_json":{"title":"Szent P\u00e9ter \u00e9s Szent P\u00e1l apostolok f\u0151\u00fcnnepe - Stuttgarti Katolikusok","robots":{"index":"index","follow":"follow","max-snippet":"max-snippet:-1","max-image-preview":"max-image-preview:large","max-video-preview":"max-video-preview:-1"},"canonical":"https:\/\/stuttgarti-katolikusok.de\/index.php\/szent-peter-es-szent-pal-apostolok-founnepe\/","og_locale":"hu_HU","og_type":"article","og_title":"Szent P\u00e9ter \u00e9s Szent P\u00e1l apostolok f\u0151\u00fcnnepe - Stuttgarti Katolikusok","og_description":"&nbsp; Isten v\u00e9gtelen kegyelme, hogy J\u00e9zus Krisztus Egyh\u00e1zat aap\u00edtott. Ehhez pedig egyszer\u0171, gyarl\u00f3 embereket v\u00e1lasztott ki munkat\u00e1rsaiv\u00e1. Egyben pedig r\u00e1juk b\u00edzta a kegyelem tov\u00e1bbad\u00e1s\u00e1t. P\u00e9ter apostolban \u00e9s P\u00e1l apostolban is az Isten kegyelme m\u0171k\u00f6d\u00f6tt, de benn\u00fck a kegyelem nem volt hat\u00e1stalan (v\u00f6. 1 Kor 15,10). Buzg\u00f3s\u00e1gukra v\u00e9rtan\u00fas\u00e1guk tette fel a koron\u00e1t N\u00e9r\u00f3 cs\u00e1sz\u00e1r idej\u00e9n, 64-67 k\u00f6z\u00f6tt. OLVASM\u00c1NY az Apostolok Cselekedeteib\u0151l (ApCsel 12,1-11) Most m\u00e1r val\u00f3ban tudom, hogy az \u00dar kiragadott Her\u00f3des kir\u00e1ly hatalm\u00e1b\u00f3l. Amikor Jeruzs\u00e1lemben kit\u00f6rt az els\u0151 kereszt\u00e9ny\u00fcld\u00f6z\u00e9s, Her\u00f3des kir\u00e1ly elfogatta az Egyh\u00e1z n\u00e9h\u00e1ny vezet\u0151j\u00e9t, hogy \u00e1rtson nekik. J\u00e1nos testv\u00e9r\u00e9t, Jakabot karddal kiv\u00e9geztette. Amikor l\u00e1tta, hogy ezzel megnyerheti a zsid\u00f3k tetsz\u00e9s\u00e9t, elhat\u00e1rozta, hogy P\u00e9tert is elfogatja. A kov\u00e1sztalan keny\u00e9r \u00fcnnep\u00e9t \u00fclt\u00e9k. Elfogatta, b\u00f6rt\u00f6nbe z\u00e1ratta \u00e9s r\u00e1b\u00edzta n\u00e9gy, egyenk\u00e9nt n\u00e9gy katon\u00e1b\u00f3l \u00e1ll\u00f3 csapatra, hogy \u0151rizz\u00e9k. Az volt a sz\u00e1nd\u00e9ka, hogy h\u00fasv\u00e9t ut\u00e1n a n\u00e9p el\u00e9 vezetteti. M\u00edg P\u00e9tert fogva tartott\u00e1k a b\u00f6rt\u00f6nben, az Egyh\u00e1z sz\u00fcntelen im\u00e1dkozott \u00e9rte Istenhez. Azon az \u00e9jszak\u00e1n, amikor Her\u00f3des el\u0151 akarta \u0151t vezettetni, P\u00e9ter k\u00e9t katona k\u00f6z\u00f6tt aludt, kett\u0151s l\u00e1nccal megbilincselve. A bej\u00e1ratn\u00e1l pedig \u0151r\u00f6k vigy\u00e1zt\u00e1k a b\u00f6rt\u00f6nt. Egyszerre megjelent az \u00dar angyala, \u00e9s a helyis\u00e9get f\u00e9ny \u00e1rasztotta el. Az angyal meg\u00fct\u00f6tte P\u00e9ter oldal\u00e1t, \u00e9s fel\u00e9bresztette: \u201eKelj fel, gyorsan!\u201d Erre a l\u00e1ncok lehulltak a kez\u00e9r\u0151l. Azut\u00e1n az angyal \u00edgy folytatta: \u201eCsatold fel \u00f6vedet, \u00e9s vedd fel saruidat!\u201d Amikor megtette, az angyal ezt mondta: \u201eVedd magadra k\u00f6penyedet, \u00e9s k\u00f6vess!\u201d P\u00e9ter elindult \u00e9s k\u00f6vette, de nem tudta, hogy val\u00f3s\u00e1g-e az, amit az angyal tesz vele. Azt gondolta, hogy l\u00e1tom\u00e1sa van. \u00c1tmentek az els\u0151 \u0151rs\u00e9gen, majd a m\u00e1sodikon is, azt\u00e1n eljutottak a v\u00e1ros fel\u00e9 ny\u00edl\u00f3 vaskapuhoz. Az mag\u00e1t\u00f3l kiny\u00edlt el\u0151tt\u00fck. Kint m\u00e9g v\u00e9gigmentek az egyik utc\u00e1n, \u00e9s ott az angyal hirtelen elt\u0171nt mell\u0151le. Amikor P\u00e9ter f\u00f6leszm\u00e9lt, \u00edgy sz\u00f3lt: \u201eMost m\u00e1r biztosan tudom, hogy az \u00dar elk\u00fcldte angyal\u00e1t, \u00e9s kiszabad\u00edtott Her\u00f3des kir\u00e1ly kez\u00e9b\u0151l \u00e9s mindabb\u00f3l, amiben a zsid\u00f3 n\u00e9p rem\u00e9nykedett.\u201d... R\u00e9szletek","og_url":"https:\/\/stuttgarti-katolikusok.de\/index.php\/szent-peter-es-szent-pal-apostolok-founnepe\/","og_site_name":"Stuttgarti Katolikusok","article_published_time":"2025-06-29T00:32:23+00:00","og_image":[{"width":936,"height":962,"url":"https:\/\/stuttgarti-katolikusok.de\/wp-content\/uploads\/2025\/06\/whatsapp-kep-2025-06-29-022349-26231030.jpg","type":"image\/jpeg"}],"author":"Tibor atya","twitter_card":"summary_large_image","twitter_misc":{"Szerz\u0151:":"Tibor atya","Becs\u00fclt olvas\u00e1si id\u0151":"6 perc"},"schema":{"@context":"https:\/\/schema.org","@graph":[{"@type":"Article","@id":"https:\/\/stuttgarti-katolikusok.de\/index.php\/szent-peter-es-szent-pal-apostolok-founnepe\/#article","isPartOf":{"@id":"https:\/\/stuttgarti-katolikusok.de\/index.php\/szent-peter-es-szent-pal-apostolok-founnepe\/"},"author":{"name":"Tibor atya","@id":"https:\/\/stuttgarti-katolikusok.de\/#\/schema\/person\/75908d6f8fdc03a57889d27209df7795"},"headline":"Szent P\u00e9ter \u00e9s Szent P\u00e1l apostolok f\u0151\u00fcnnepe","datePublished":"2025-06-29T00:32:23+00:00","mainEntityOfPage":{"@id":"https:\/\/stuttgarti-katolikusok.de\/index.php\/szent-peter-es-szent-pal-apostolok-founnepe\/"},"wordCount":1295,"image":{"@id":"https:\/\/stuttgarti-katolikusok.de\/index.php\/szent-peter-es-szent-pal-apostolok-founnepe\/#primaryimage"},"thumbnailUrl":"https:\/\/stuttgarti-katolikusok.de\/wp-content\/uploads\/2025\/06\/whatsapp-kep-2025-06-29-022349-26231030.jpg","articleSection":["A liturgia olvasm\u00e1nyai","Vas\u00e1rnapi gondolatok"],"inLanguage":"hu"},{"@type":"WebPage","@id":"https:\/\/stuttgarti-katolikusok.de\/index.php\/szent-peter-es-szent-pal-apostolok-founnepe\/","url":"https:\/\/stuttgarti-katolikusok.de\/index.php\/szent-peter-es-szent-pal-apostolok-founnepe\/","name":"Szent P\u00e9ter \u00e9s Szent P\u00e1l apostolok f\u0151\u00fcnnepe - Stuttgarti Katolikusok","isPartOf":{"@id":"https:\/\/stuttgarti-katolikusok.de\/#website"},"primaryImageOfPage":{"@id":"https:\/\/stuttgarti-katolikusok.de\/index.php\/szent-peter-es-szent-pal-apostolok-founnepe\/#primaryimage"},"image":{"@id":"https:\/\/stuttgarti-katolikusok.de\/index.php\/szent-peter-es-szent-pal-apostolok-founnepe\/#primaryimage"},"thumbnailUrl":"https:\/\/stuttgarti-katolikusok.de\/wp-content\/uploads\/2025\/06\/whatsapp-kep-2025-06-29-022349-26231030.jpg","datePublished":"2025-06-29T00:32:23+00:00","author":{"@id":"https:\/\/stuttgarti-katolikusok.de\/#\/schema\/person\/75908d6f8fdc03a57889d27209df7795"},"breadcrumb":{"@id":"https:\/\/stuttgarti-katolikusok.de\/index.php\/szent-peter-es-szent-pal-apostolok-founnepe\/#breadcrumb"},"inLanguage":"hu","potentialAction":[{"@type":"ReadAction","target":["https:\/\/stuttgarti-katolikusok.de\/index.php\/szent-peter-es-szent-pal-apostolok-founnepe\/"]}]},{"@type":"ImageObject","inLanguage":"hu","@id":"https:\/\/stuttgarti-katolikusok.de\/index.php\/szent-peter-es-szent-pal-apostolok-founnepe\/#primaryimage","url":"https:\/\/stuttgarti-katolikusok.de\/wp-content\/uploads\/2025\/06\/whatsapp-kep-2025-06-29-022349-26231030.jpg","contentUrl":"https:\/\/stuttgarti-katolikusok.de\/wp-content\/uploads\/2025\/06\/whatsapp-kep-2025-06-29-022349-26231030.jpg","width":936,"height":962},{"@type":"BreadcrumbList","@id":"https:\/\/stuttgarti-katolikusok.de\/index.php\/szent-peter-es-szent-pal-apostolok-founnepe\/#breadcrumb","itemListElement":[{"@type":"ListItem","position":1,"name":"Kezd\u0151lap","item":"https:\/\/stuttgarti-katolikusok.de\/"},{"@type":"ListItem","position":2,"name":"Szent P\u00e9ter \u00e9s Szent P\u00e1l apostolok f\u0151\u00fcnnepe"}]},{"@type":"WebSite","@id":"https:\/\/stuttgarti-katolikusok.de\/#website","url":"https:\/\/stuttgarti-katolikusok.de\/","name":"Stuttgarti Katolikusok","description":"","potentialAction":[{"@type":"SearchAction","target":{"@type":"EntryPoint","urlTemplate":"https:\/\/stuttgarti-katolikusok.de\/?s={search_term_string}"},"query-input":{"@type":"PropertyValueSpecification","valueRequired":true,"valueName":"search_term_string"}}],"inLanguage":"hu"},{"@type":"Person","@id":"https:\/\/stuttgarti-katolikusok.de\/#\/schema\/person\/75908d6f8fdc03a57889d27209df7795","name":"Tibor atya","image":{"@type":"ImageObject","inLanguage":"hu","@id":"https:\/\/secure.gravatar.com\/avatar\/61d268e57d1f4525b111222e29d2d5a7f8c420fdbf231ba5566a8ceac74fa960?s=96&d=mm&r=g","url":"https:\/\/secure.gravatar.com\/avatar\/61d268e57d1f4525b111222e29d2d5a7f8c420fdbf231ba5566a8ceac74fa960?s=96&d=mm&r=g","contentUrl":"https:\/\/secure.gravatar.com\/avatar\/61d268e57d1f4525b111222e29d2d5a7f8c420fdbf231ba5566a8ceac74fa960?s=96&d=mm&r=g","caption":"Tibor atya"},"url":"https:\/\/stuttgarti-katolikusok.de\/index.php\/author\/tibor-atya\/"}]}},"_links":{"self":[{"href":"https:\/\/stuttgarti-katolikusok.de\/index.php\/wp-json\/wp\/v2\/posts\/31290","targetHints":{"allow":["GET"]}}],"collection":[{"href":"https:\/\/stuttgarti-katolikusok.de\/index.php\/wp-json\/wp\/v2\/posts"}],"about":[{"href":"https:\/\/stuttgarti-katolikusok.de\/index.php\/wp-json\/wp\/v2\/types\/post"}],"author":[{"embeddable":true,"href":"https:\/\/stuttgarti-katolikusok.de\/index.php\/wp-json\/wp\/v2\/users\/3"}],"replies":[{"embeddable":true,"href":"https:\/\/stuttgarti-katolikusok.de\/index.php\/wp-json\/wp\/v2\/comments?post=31290"}],"version-history":[{"count":2,"href":"https:\/\/stuttgarti-katolikusok.de\/index.php\/wp-json\/wp\/v2\/posts\/31290\/revisions"}],"predecessor-version":[{"id":31293,"href":"https:\/\/stuttgarti-katolikusok.de\/index.php\/wp-json\/wp\/v2\/posts\/31290\/revisions\/31293"}],"wp:featuredmedia":[{"embeddable":true,"href":"https:\/\/stuttgarti-katolikusok.de\/index.php\/wp-json\/wp\/v2\/media\/31292"}],"wp:attachment":[{"href":"https:\/\/stuttgarti-katolikusok.de\/index.php\/wp-json\/wp\/v2\/media?parent=31290"}],"wp:term":[{"taxonomy":"category","embeddable":true,"href":"https:\/\/stuttgarti-katolikusok.de\/index.php\/wp-json\/wp\/v2\/categories?post=31290"},{"taxonomy":"post_tag","embeddable":true,"href":"https:\/\/stuttgarti-katolikusok.de\/index.php\/wp-json\/wp\/v2\/tags?post=31290"}],"curies":[{"name":"wp","href":"https:\/\/api.w.org\/{rel}","templated":true}]}}