{"id":31271,"date":"2025-06-26T09:01:40","date_gmt":"2025-06-26T07:01:40","guid":{"rendered":"https:\/\/stuttgarti-katolikusok.de\/?p=31271"},"modified":"2025-06-27T17:08:30","modified_gmt":"2025-06-27T15:08:30","slug":"heidelbergben-a-baratsagklub-tagjai","status":"publish","type":"post","link":"https:\/\/stuttgarti-katolikusok.de\/index.php\/heidelbergben-a-baratsagklub-tagjai\/","title":{"rendered":"Heidelbergben a Bar\u00e1ts\u00e1gklub tagjai"},"content":{"rendered":"<p><span style=\"color: #ff6600;\"><em>2025. m\u00e1jus 31-\u00e9n a Bar\u00e1ts\u00e1gklub tagjai Heidelbergbe l\u00e1togattak el. Ferenczy-Vass \u00c9va \u00edr\u00e1sa betekint\u00e9st ny\u00fajt, milyen j\u00f3l is \u00e9rezt\u00fck magunkat. K\u00f6sz\u00f6net az \u00edr\u00e1s\u00e9rt \u00e9s az Erika \u00e1ltal megosztott k\u00e9pek\u00e9rt.<\/em><\/span><\/p>\n<p>M\u00e1r egy hete csak a kir\u00e1ndul\u00e1sra gondoltunk. Miut\u00e1n siker\u00fclt sz\u00fcleimet meggy\u0151zn\u00f6m, hogy ez a kir\u00e1ndul\u00e1s \u00e9s f\u0151leg a haj\u00f3\u00fat valami teljesen k\u00fcl\u00f6nleges lesz, m\u00e1r nagyon k\u00edv\u00e1ncsian v\u00e1rtuk a napot. Amelyik, mint minden m\u00e1sik, elj\u00f6tt. Kor\u00e1n keltem, anyuk\u00e1m\u00e1jus na, ha \u0151k nem egy f\u00e9l \u00f3r\u00e1val el\u0151tte, m\u00e1r ott lettek volna. A vonat elindult \u00e9s mi besz\u00e9lgetni kezdt\u00fcnk. B\u00e1r k\u00e9sve \u00e9rkezt\u00fcnk az \u00e1tsz\u00e1ll\u00e1si hely\u00fcnkre, ahol mind\u00f6ssze 5 perc \u00e1llt rendelkez\u00e9s\u00fcnkre, minden z\u00f6kken\u0151mentesen siker\u00fclt.<\/p>\n<p>A heidelbergi \u00e1llom\u00e1son f\u00e9l \u00f3r\u00e1t v\u00e1rtunk a csoport t\u00f6bbi tagj\u00e1ra. Befutott a stuttgarti gyors, lesz\u00e1lltak az emberek, de Erika \u00e9s a csoport sehol se volt. Megsz\u00f3lalt a telefonom \u00e9s Erika \u00e9rdekl\u0151d\u00f6tt, merre j\u00e1runk.\u00a0Egy hatalmas hirdet\u0151t\u00e1bla eltakarta a kil\u00e1t\u00e1sunkat, ez\u00e9rt nem l\u00e1ttuk egym\u00e1st. Nagy volt az \u00f6r\u00f6m, amikor \u00fcdv\u00f6z\u00f6lt\u00fck egym\u00e1st. Az \u00e1llom\u00e1sr\u00f3l a kik\u00f6t\u0151 fel\u00e9 vett\u00fck ir\u00e1nyunkat. N\u00e9h\u00e1ny meg\u00e1ll\u00f3t villamossal\u00a0utaztunk, majd gyalog folytattuk utunkat a Neckar partj\u00e1n. Miel\u0151tt el\u00e9rt\u00fck a r\u00e9gi hidat, Heidelberg egyik nevezetess\u00e9g\u00e9t, tal\u00e1lkoztunk a csapat harmadik r\u00e9sz\u00e9vel, Tibor aty\u00e1val, a Huber h\u00e1zasp\u00e1rral \u00e9s a t\u00f6bbiekkel.<\/p>\n<div class=\"brlbs-cmpnt-container brlbs-cmpnt-content-blocker brlbs-cmpnt-with-individual-styles\" data-borlabs-cookie-content-blocker-id=\"default\" data-borlabs-cookie-content=\"PGEgZGF0YS1mbGlja3ItZW1iZWQ9J3RydWUnIGhyZWY9J2h0dHBzOi8vd3d3LmZsaWNrci5jb20vcGhvdG9zLzE5MDEyMTk2NEBOMDYvYWxidW1zLzcyMTc3NzIwMzI3MTE4NDQxLycgdGl0bGU9J0JhcsOhdHPDoWdrbHViIC0gMjAyNS4gbcOhanVzIDMxLiBieSBicnVkZXJrbGF1czIwMjAsIG9uIEZsaWNrcic+PGltZyBzcmM9J2h0dHBzOi8vbGl2ZS5zdGF0aWNmbGlja3IuY29tLzY1NTM1LzU0NjEzNzY2NjU3X2E1MjVhOTdkZDBfYy5qcGcnIHdpZHRoPSc4MDAnIGhlaWdodD0nNjAwJyBhbHQ9J0hlaWRlbGJlcmcxMSc+PC9hPjxzY3JpcHQgYXN5bmMgc3JjPSdodHRwczovL2VtYmVkci5mbGlja3IuY29tL2Fzc2V0cy9jbGllbnQtY29kZS5qcycgY2hhcnNldD0ndXRmLTgnPjwvc2NyaXB0Pg==\">\n<div class=\"brlbs-cmpnt-cb-preset-a\">\n<p class=\"brlbs-cmpnt-cb-description\">You are currently viewing a placeholder content from <strong>Default<\/strong>. To access the actual content, click the button below. Please note that doing so will share data with third-party providers.<\/p>\n<div class=\"brlbs-cmpnt-cb-buttons\"> <a class=\"brlbs-cmpnt-cb-btn\" href=\"#\" data-borlabs-cookie-unblock role=\"button\">Unblock content<\/a> <a class=\"brlbs-cmpnt-cb-btn\" href=\"#\" data-borlabs-cookie-accept-service role=\"button\" style=\"display: none\">Accept required service and unblock content<\/a> <\/div>\n<p> <a class=\"brlbs-cmpnt-cb-provider-toggle\" href=\"#\" data-borlabs-cookie-show-provider-information role=\"button\">More Information<\/a> <\/div>\n<\/div>\n<p>A h\u00edd el\u0151tt meg\u00e1lltunk, Erika ismertette az \u00e9p\u00edtm\u00e9ny legfontosabb adatait. A h\u00edd l\u00e1b\u00e1n\u00e1l a majom, aminek megsimogat\u00e1sa a Heidelbergben val\u00f3 visszat\u00e9r\u00e9st biztos\u00edtja, t\u00f6bb\u00fcnk figyelm\u00e9t felkeltette. A h\u00eddon\u00a0f\u00e9nyk\u00e9pek k\u00e9sz\u00fcltek, nagy volt a t\u00f6meg. Az er\u0151s naps\u00fct\u00e9s egy h\u0171v\u00f6sebb helyre \u0171z\u00f6tt, a k\u00f6zeli Szentl\u00e9lek templomban kerest\u00fcnk mened\u00e9ket. Ruprecht herceg \u00e9s feles\u00e9ge s\u00edrjait a l\u00e1bukn\u00e1l fekv\u0151 oroszl\u00e1nnal\u00a0(mint hatalom \u00e9s er\u0151 szimb\u00f3lumak\u00e9nt) illetve a kuty\u00e1val (h\u0171s\u00e9g jelek\u00e9nt) is megn\u00e9zhett\u00fck.<\/p>\n<p>Ezut\u00e1n j\u00f6tt a nap f\u00e9nypontja, a haj\u00f3\u00fat. Miut\u00e1n nemr\u00e9g r\u00e9szt vettem egy budapesti haj\u00f3t\u00far\u00e1n, az esti megvil\u00e1g\u00edt\u00e1sban, olyan benyom\u00e1st hagyott bennem, hogy alig v\u00e1rtam ezt az utat.\u00a0Itt, ahogy a budapestin is, volt egy vezet\u00e9s, hangosbemond\u00f3n a h\u00f6lgy 3 nyelven is ismertette Heidelberg azon nevezetess\u00e9geit, amelyek mellett elhaladtunk a haj\u00f3val. Sajnos olyan nagy ricsaj volt, a rengeteg turista miatt, hogy szinte semmit se lehetett hallani. A v\u00edzi t\u00fara k\u00f6r\u00fclbel\u00fcl egy \u00f3r\u00e1s volt.<\/p>\n<p>Ezut\u00e1n \u00e9hesen, szapora l\u00e9ptekkel haladva, az Erika \u00e1ltal kiv\u00e1lasztott heidelbergi menz\u00e1ba t\u00e9rt\u00fcnk be. A nagy \u00e9p\u00fclet, a benti rengeteg asztala, illetve nagy kertje m\u00e9g t\u00f6bb asztal\u00e1val egy kicsit felid\u00e9zte fiatalkorom egyetemi \u00e9veit. Ami az \u00e9telt illeti, akkort\u00e1jt m\u00e9g ilyen Oliver Twist\u00a0f\u00e9le, h\u00e1zi \u00e1llatok arc\u00e1ra is fanyalg\u00e1st var\u00e1zsl\u00f3, nagy meger\u0151ltet\u00e9ssel, \u00e9telnek nevezhet\u0151 t\u00e1pl\u00e1l\u00e9kot kaptunk, most pedig a finom, v\u00e1ltozatos sal\u00e1ta v\u00e1laszt\u00e9kon k\u00edv\u00fcl, \u00ednycsikland\u00f3, vitamind\u00fas z\u00f6lds\u00e9g t\u00e1lakon kereszt\u00fcl, t\u00e9sztaf\u00e9l\u00e9k sokas\u00e1g\u00e1t, s\u0151t m\u00e9g halat is kapott, aki szeretett volna. Ezenfel\u00fcl m\u00e9g s\u00f6rt is lehetett ott fogyasztani, igaz, ez\u00e9rt kem\u00e9ny f\u00e9l \u00f3r\u00e1t kellett sorba \u00e1llni, de meg\u00e9rte.\u00a0A hideg ned\u0171 friss\u00edt\u0151en csordog\u00e1lt torkunkon, mik\u00f6zben l\u00e1bunkat pihengetve, v\u00e1rtuk a k\u00f6vetkez\u0151 programpontot.<\/p>\n<p>Az pedig az egyetemi aula megtekint\u00e9se lett volna. Mikor felkerekedt\u00fcnk, m\u00e9g nem tudtuk hogyan jutunk oda, navig\u00e1ci\u00f3s programunk meg is tr\u00e9f\u00e1lt minket, \u00fagyhogy egy helyen k\u00e9tszer is j\u00e1rtunk.\u00a0De senkit se zavart k\u00fcl\u00f6n\u00f6sebben, mert egy\u00fctt voltunk, besz\u00e9lgett\u00fcnk, kellemesen t\u00f6lt\u00f6tt\u00fck az id\u0151t. A belv\u00e1rosban, egy fagyiz\u00f3 mellett elhaladva, kider\u00fclt, hogy Tibor atya megh\u00edv valamennyi\u00fcnket egy fagyira. \u00c9n egy mang\u00f3-csokist v\u00e1lasztottam \u00e9s nem b\u00e1ntam meg. Igazi, finom olasz fagyi volt. Hamar elfogyott. K\u00e9s\u0151bb n\u00e9h\u00e1nyan \u00fagy d\u00f6nt\u00f6ttek nem j\u00f6nnek vel\u00fcnk az aul\u00e1ba, ink\u00e1bb megn\u00e9zik a belv\u00e1rost. C\u00e9lpontunk egy sz\u00f6k\u0151k\u00fat melletti \u00e9p\u00fclet volt, ami sajnos aznap, egy m\u00e1sik rendezv\u00e9ny miatt sz\u00e1munkra z\u00e1rva maradt. \u00cdgy azt\u00e1n ez most egy k\u00fcl\u00f6n ok lesz majd visszat\u00e9rni Heidelbergbe.<\/p>\n<p>A t\u00e9ren, ott az aula k\u00f6zel\u00e9ben, elb\u00facs\u00faztunk a csoportt\u00f3l, megk\u00f6sz\u00f6nt\u00fck Erika lelkes szervez\u00e9s\u00e9t \u00e9s felsz\u00e1lltunk a buszra, ami a p\u00e1lyaudvarra vitt. Az els\u0151 vonatunknak akkora k\u00e9s\u00e9se volt, hogy ez\u00fattal sim\u00e1n lek\u00e9st\u00fck csatlakoz\u00e1sunkat. A f\u00e9l \u00f3r\u00e1t egy telefonbesz\u00e9lget\u00e9ssel t\u00f6lt\u00f6tt\u00fck. Majd a m\u00e1sodik vonatunk, ami Karlsruhe-Durlachb\u00f3l Stuttgartba hozott, annyira tele volt, hogy nekem \u00e1llva kellett utaznom. Sz\u00fcleimnek szerencs\u00e9re fel\u00e1lltak, b\u00e1r apuk\u00e1mnak csak egy id\u0151sebb h\u00f6lgy r\u00e1sz\u00f3l\u00e1s\u00e1ra volt hajland\u00f3 a fiatal megmozdulni. Anyuk\u00e1m\u00e9kat m\u00e9g feltettem a buszra, \u00e9n pedig elindultam haza. Nagyon kalandos utam volt m\u00e9g azut\u00e1n is, v\u00e9g\u00fcl a f\u00e9rjem \u00e9rtem j\u00f6tt a t\u00e9v\u00e9toronyhoz \u00e9s vitt haza aut\u00f3val. Otthon az unikum egy remek z\u00e1r\u00e1sa volt ennek a felejthetetlen napnak.<\/p>\n<p>Megannyi csod\u00e1latos \u00e9lm\u00e9nnyel gazdagodva mer\u00fcltem m\u00e9ly \u00e1lomba.<\/p>\n<p><em>Ferenczy-Vass \u00c9va<\/em><\/p>\n","protected":false},"excerpt":{"rendered":"<p>2025. m\u00e1jus 31-\u00e9n a Bar\u00e1ts\u00e1gklub tagjai Heidelbergbe l\u00e1togattak el. Ferenczy-Vass \u00c9va \u00edr\u00e1sa betekint\u00e9st ny\u00fajt, milyen j\u00f3l is \u00e9rezt\u00fck magunkat. K\u00f6sz\u00f6net az \u00edr\u00e1s\u00e9rt \u00e9s az Erika \u00e1ltal megosztott k\u00e9pek\u00e9rt. M\u00e1r egy hete csak a kir\u00e1ndul\u00e1sra gondoltunk. Miut\u00e1n siker\u00fclt sz\u00fcleimet meggy\u0151zn\u00f6m, hogy ez a kir\u00e1ndul\u00e1s \u00e9s f\u0151leg a haj\u00f3\u00fat valami teljesen k\u00fcl\u00f6nleges lesz, m\u00e1r nagyon k\u00edv\u00e1ncsian v\u00e1rtuk a napot. Amelyik, mint minden m\u00e1sik, elj\u00f6tt. Kor\u00e1n keltem, anyuk\u00e1m\u00e1jus na, ha \u0151k nem egy f\u00e9l \u00f3r\u00e1val el\u0151tte, m\u00e1r ott lettek volna. A vonat elindult \u00e9s mi besz\u00e9lgetni kezdt\u00fcnk. B\u00e1r k\u00e9sve \u00e9rkezt\u00fcnk az \u00e1tsz\u00e1ll\u00e1si hely\u00fcnkre, ahol mind\u00f6ssze 5 perc \u00e1llt rendelkez\u00e9s\u00fcnkre, minden z\u00f6kken\u0151mentesen siker\u00fclt. A heidelbergi \u00e1llom\u00e1son f\u00e9l \u00f3r\u00e1t v\u00e1rtunk a csoport t\u00f6bbi tagj\u00e1ra. Befutott a stuttgarti gyors, lesz\u00e1lltak az emberek, de Erika \u00e9s a csoport sehol se volt. Megsz\u00f3lalt a telefonom \u00e9s Erika \u00e9rdekl\u0151d\u00f6tt, merre j\u00e1runk.\u00a0Egy hatalmas hirdet\u0151t\u00e1bla eltakarta a kil\u00e1t\u00e1sunkat, ez\u00e9rt nem l\u00e1ttuk egym\u00e1st. Nagy volt az \u00f6r\u00f6m, amikor \u00fcdv\u00f6z\u00f6lt\u00fck egym\u00e1st. Az \u00e1llom\u00e1sr\u00f3l a kik\u00f6t\u0151 fel\u00e9 vett\u00fck ir\u00e1nyunkat. N\u00e9h\u00e1ny meg\u00e1ll\u00f3t villamossal\u00a0utaztunk, majd gyalog folytattuk utunkat a Neckar partj\u00e1n. Miel\u0151tt el\u00e9rt\u00fck a r\u00e9gi hidat, Heidelberg egyik nevezetess\u00e9g\u00e9t, tal\u00e1lkoztunk a csapat harmadik r\u00e9sz\u00e9vel, Tibor aty\u00e1val, a Huber h\u00e1zasp\u00e1rral \u00e9s a t\u00f6bbiekkel. You are currently viewing a placeholder content from Default. To access the actual content, click the button below. Please note that doing so will share data with third-party providers. Unblock content Accept required service and unblock content More Information A h\u00edd el\u0151tt meg\u00e1lltunk, Erika ismertette az \u00e9p\u00edtm\u00e9ny legfontosabb adatait. A h\u00edd l\u00e1b\u00e1n\u00e1l a majom, aminek megsimogat\u00e1sa a Heidelbergben val\u00f3 visszat\u00e9r\u00e9st biztos\u00edtja, t\u00f6bb\u00fcnk figyelm\u00e9t felkeltette. A h\u00eddon\u00a0f\u00e9nyk\u00e9pek k\u00e9sz\u00fcltek, nagy volt a t\u00f6meg. Az er\u0151s naps\u00fct\u00e9s egy h\u0171v\u00f6sebb helyre \u0171z\u00f6tt, a k\u00f6zeli Szentl\u00e9lek templomban kerest\u00fcnk mened\u00e9ket. Ruprecht herceg \u00e9s feles\u00e9ge s\u00edrjait a l\u00e1bukn\u00e1l fekv\u0151 oroszl\u00e1nnal\u00a0(mint hatalom \u00e9s er\u0151 szimb\u00f3lumak\u00e9nt) illetve a kuty\u00e1val (h\u0171s\u00e9g jelek\u00e9nt) is megn\u00e9zhett\u00fck. Ezut\u00e1n j\u00f6tt a nap f\u00e9nypontja, a haj\u00f3\u00fat. Miut\u00e1n nemr\u00e9g r\u00e9szt&#8230; <\/p>\n<p><a class=\"readmore\" href=\"https:\/\/stuttgarti-katolikusok.de\/index.php\/heidelbergben-a-baratsagklub-tagjai\/\">R\u00e9szletek<\/a><\/p>\n","protected":false},"author":3,"featured_media":31272,"comment_status":"closed","ping_status":"closed","sticky":false,"template":"","format":"standard","meta":{"footnotes":""},"categories":[32,28],"tags":[],"class_list":["post-31271","post","type-post","status-publish","format-standard","has-post-thumbnail","hentry","category-baratsag-klub","category-olvasoink-irjak"],"yoast_head":"<!-- This site is optimized with the Yoast SEO plugin v27.3 - https:\/\/yoast.com\/product\/yoast-seo-wordpress\/ -->\n<title>Heidelbergben a Bar\u00e1ts\u00e1gklub tagjai - Stuttgarti Katolikusok<\/title>\n<meta name=\"robots\" content=\"index, follow, max-snippet:-1, max-image-preview:large, max-video-preview:-1\" \/>\n<link rel=\"canonical\" href=\"https:\/\/stuttgarti-katolikusok.de\/index.php\/heidelbergben-a-baratsagklub-tagjai\/\" \/>\n<meta property=\"og:locale\" content=\"hu_HU\" \/>\n<meta property=\"og:type\" content=\"article\" \/>\n<meta property=\"og:title\" content=\"Heidelbergben a Bar\u00e1ts\u00e1gklub tagjai - Stuttgarti Katolikusok\" \/>\n<meta property=\"og:description\" content=\"2025. m\u00e1jus 31-\u00e9n a Bar\u00e1ts\u00e1gklub tagjai Heidelbergbe l\u00e1togattak el. Ferenczy-Vass \u00c9va \u00edr\u00e1sa betekint\u00e9st ny\u00fajt, milyen j\u00f3l is \u00e9rezt\u00fck magunkat. K\u00f6sz\u00f6net az \u00edr\u00e1s\u00e9rt \u00e9s az Erika \u00e1ltal megosztott k\u00e9pek\u00e9rt. M\u00e1r egy hete csak a kir\u00e1ndul\u00e1sra gondoltunk. Miut\u00e1n siker\u00fclt sz\u00fcleimet meggy\u0151zn\u00f6m, hogy ez a kir\u00e1ndul\u00e1s \u00e9s f\u0151leg a haj\u00f3\u00fat valami teljesen k\u00fcl\u00f6nleges lesz, m\u00e1r nagyon k\u00edv\u00e1ncsian v\u00e1rtuk a napot. Amelyik, mint minden m\u00e1sik, elj\u00f6tt. Kor\u00e1n keltem, anyuk\u00e1m\u00e1jus na, ha \u0151k nem egy f\u00e9l \u00f3r\u00e1val el\u0151tte, m\u00e1r ott lettek volna. A vonat elindult \u00e9s mi besz\u00e9lgetni kezdt\u00fcnk. B\u00e1r k\u00e9sve \u00e9rkezt\u00fcnk az \u00e1tsz\u00e1ll\u00e1si hely\u00fcnkre, ahol mind\u00f6ssze 5 perc \u00e1llt rendelkez\u00e9s\u00fcnkre, minden z\u00f6kken\u0151mentesen siker\u00fclt. A heidelbergi \u00e1llom\u00e1son f\u00e9l \u00f3r\u00e1t v\u00e1rtunk a csoport t\u00f6bbi tagj\u00e1ra. Befutott a stuttgarti gyors, lesz\u00e1lltak az emberek, de Erika \u00e9s a csoport sehol se volt. Megsz\u00f3lalt a telefonom \u00e9s Erika \u00e9rdekl\u0151d\u00f6tt, merre j\u00e1runk.\u00a0Egy hatalmas hirdet\u0151t\u00e1bla eltakarta a kil\u00e1t\u00e1sunkat, ez\u00e9rt nem l\u00e1ttuk egym\u00e1st. Nagy volt az \u00f6r\u00f6m, amikor \u00fcdv\u00f6z\u00f6lt\u00fck egym\u00e1st. Az \u00e1llom\u00e1sr\u00f3l a kik\u00f6t\u0151 fel\u00e9 vett\u00fck ir\u00e1nyunkat. N\u00e9h\u00e1ny meg\u00e1ll\u00f3t villamossal\u00a0utaztunk, majd gyalog folytattuk utunkat a Neckar partj\u00e1n. Miel\u0151tt el\u00e9rt\u00fck a r\u00e9gi hidat, Heidelberg egyik nevezetess\u00e9g\u00e9t, tal\u00e1lkoztunk a csapat harmadik r\u00e9sz\u00e9vel, Tibor aty\u00e1val, a Huber h\u00e1zasp\u00e1rral \u00e9s a t\u00f6bbiekkel. You are currently viewing a placeholder content from Default. To access the actual content, click the button below. Please note that doing so will share data with third-party providers. Unblock content Accept required service and unblock content More Information A h\u00edd el\u0151tt meg\u00e1lltunk, Erika ismertette az \u00e9p\u00edtm\u00e9ny legfontosabb adatait. A h\u00edd l\u00e1b\u00e1n\u00e1l a majom, aminek megsimogat\u00e1sa a Heidelbergben val\u00f3 visszat\u00e9r\u00e9st biztos\u00edtja, t\u00f6bb\u00fcnk figyelm\u00e9t felkeltette. A h\u00eddon\u00a0f\u00e9nyk\u00e9pek k\u00e9sz\u00fcltek, nagy volt a t\u00f6meg. Az er\u0151s naps\u00fct\u00e9s egy h\u0171v\u00f6sebb helyre \u0171z\u00f6tt, a k\u00f6zeli Szentl\u00e9lek templomban kerest\u00fcnk mened\u00e9ket. Ruprecht herceg \u00e9s feles\u00e9ge s\u00edrjait a l\u00e1bukn\u00e1l fekv\u0151 oroszl\u00e1nnal\u00a0(mint hatalom \u00e9s er\u0151 szimb\u00f3lumak\u00e9nt) illetve a kuty\u00e1val (h\u0171s\u00e9g jelek\u00e9nt) is megn\u00e9zhett\u00fck. Ezut\u00e1n j\u00f6tt a nap f\u00e9nypontja, a haj\u00f3\u00fat. Miut\u00e1n nemr\u00e9g r\u00e9szt... R\u00e9szletek\" \/>\n<meta property=\"og:url\" content=\"https:\/\/stuttgarti-katolikusok.de\/index.php\/heidelbergben-a-baratsagklub-tagjai\/\" \/>\n<meta property=\"og:site_name\" content=\"Stuttgarti Katolikusok\" \/>\n<meta property=\"article:published_time\" content=\"2025-06-26T07:01:40+00:00\" \/>\n<meta property=\"article:modified_time\" content=\"2025-06-27T15:08:30+00:00\" \/>\n<meta property=\"og:image\" content=\"https:\/\/stuttgarti-katolikusok.de\/wp-content\/uploads\/2025\/06\/heidelberg2.jpg\" \/>\n\t<meta property=\"og:image:width\" content=\"2048\" \/>\n\t<meta property=\"og:image:height\" content=\"946\" \/>\n\t<meta property=\"og:image:type\" content=\"image\/jpeg\" \/>\n<meta name=\"author\" content=\"Tibor atya\" \/>\n<meta name=\"twitter:card\" content=\"summary_large_image\" \/>\n<meta name=\"twitter:label1\" content=\"Szerz\u0151:\" \/>\n\t<meta name=\"twitter:data1\" content=\"Tibor atya\" \/>\n\t<meta name=\"twitter:label2\" content=\"Becs\u00fclt olvas\u00e1si id\u0151\" \/>\n\t<meta name=\"twitter:data2\" content=\"4 perc\" \/>\n<script type=\"application\/ld+json\" class=\"yoast-schema-graph\">{\"@context\":\"https:\\\/\\\/schema.org\",\"@graph\":[{\"@type\":\"Article\",\"@id\":\"https:\\\/\\\/stuttgarti-katolikusok.de\\\/index.php\\\/heidelbergben-a-baratsagklub-tagjai\\\/#article\",\"isPartOf\":{\"@id\":\"https:\\\/\\\/stuttgarti-katolikusok.de\\\/index.php\\\/heidelbergben-a-baratsagklub-tagjai\\\/\"},\"author\":{\"name\":\"Tibor atya\",\"@id\":\"https:\\\/\\\/stuttgarti-katolikusok.de\\\/#\\\/schema\\\/person\\\/75908d6f8fdc03a57889d27209df7795\"},\"headline\":\"Heidelbergben a Bar\u00e1ts\u00e1gklub tagjai\",\"datePublished\":\"2025-06-26T07:01:40+00:00\",\"dateModified\":\"2025-06-27T15:08:30+00:00\",\"mainEntityOfPage\":{\"@id\":\"https:\\\/\\\/stuttgarti-katolikusok.de\\\/index.php\\\/heidelbergben-a-baratsagklub-tagjai\\\/\"},\"wordCount\":1007,\"image\":{\"@id\":\"https:\\\/\\\/stuttgarti-katolikusok.de\\\/index.php\\\/heidelbergben-a-baratsagklub-tagjai\\\/#primaryimage\"},\"thumbnailUrl\":\"https:\\\/\\\/stuttgarti-katolikusok.de\\\/wp-content\\\/uploads\\\/2025\\\/06\\\/heidelberg2.jpg\",\"articleSection\":[\"Bar\u00e1ts\u00e1g Klub\",\"Olvas\u00f3ink \u00edrj\u00e1k\"],\"inLanguage\":\"hu\"},{\"@type\":\"WebPage\",\"@id\":\"https:\\\/\\\/stuttgarti-katolikusok.de\\\/index.php\\\/heidelbergben-a-baratsagklub-tagjai\\\/\",\"url\":\"https:\\\/\\\/stuttgarti-katolikusok.de\\\/index.php\\\/heidelbergben-a-baratsagklub-tagjai\\\/\",\"name\":\"Heidelbergben a Bar\u00e1ts\u00e1gklub tagjai - Stuttgarti Katolikusok\",\"isPartOf\":{\"@id\":\"https:\\\/\\\/stuttgarti-katolikusok.de\\\/#website\"},\"primaryImageOfPage\":{\"@id\":\"https:\\\/\\\/stuttgarti-katolikusok.de\\\/index.php\\\/heidelbergben-a-baratsagklub-tagjai\\\/#primaryimage\"},\"image\":{\"@id\":\"https:\\\/\\\/stuttgarti-katolikusok.de\\\/index.php\\\/heidelbergben-a-baratsagklub-tagjai\\\/#primaryimage\"},\"thumbnailUrl\":\"https:\\\/\\\/stuttgarti-katolikusok.de\\\/wp-content\\\/uploads\\\/2025\\\/06\\\/heidelberg2.jpg\",\"datePublished\":\"2025-06-26T07:01:40+00:00\",\"dateModified\":\"2025-06-27T15:08:30+00:00\",\"author\":{\"@id\":\"https:\\\/\\\/stuttgarti-katolikusok.de\\\/#\\\/schema\\\/person\\\/75908d6f8fdc03a57889d27209df7795\"},\"breadcrumb\":{\"@id\":\"https:\\\/\\\/stuttgarti-katolikusok.de\\\/index.php\\\/heidelbergben-a-baratsagklub-tagjai\\\/#breadcrumb\"},\"inLanguage\":\"hu\",\"potentialAction\":[{\"@type\":\"ReadAction\",\"target\":[\"https:\\\/\\\/stuttgarti-katolikusok.de\\\/index.php\\\/heidelbergben-a-baratsagklub-tagjai\\\/\"]}]},{\"@type\":\"ImageObject\",\"inLanguage\":\"hu\",\"@id\":\"https:\\\/\\\/stuttgarti-katolikusok.de\\\/index.php\\\/heidelbergben-a-baratsagklub-tagjai\\\/#primaryimage\",\"url\":\"https:\\\/\\\/stuttgarti-katolikusok.de\\\/wp-content\\\/uploads\\\/2025\\\/06\\\/heidelberg2.jpg\",\"contentUrl\":\"https:\\\/\\\/stuttgarti-katolikusok.de\\\/wp-content\\\/uploads\\\/2025\\\/06\\\/heidelberg2.jpg\",\"width\":2048,\"height\":946},{\"@type\":\"BreadcrumbList\",\"@id\":\"https:\\\/\\\/stuttgarti-katolikusok.de\\\/index.php\\\/heidelbergben-a-baratsagklub-tagjai\\\/#breadcrumb\",\"itemListElement\":[{\"@type\":\"ListItem\",\"position\":1,\"name\":\"Kezd\u0151lap\",\"item\":\"https:\\\/\\\/stuttgarti-katolikusok.de\\\/\"},{\"@type\":\"ListItem\",\"position\":2,\"name\":\"Heidelbergben a Bar\u00e1ts\u00e1gklub tagjai\"}]},{\"@type\":\"WebSite\",\"@id\":\"https:\\\/\\\/stuttgarti-katolikusok.de\\\/#website\",\"url\":\"https:\\\/\\\/stuttgarti-katolikusok.de\\\/\",\"name\":\"Stuttgarti Katolikusok\",\"description\":\"\",\"potentialAction\":[{\"@type\":\"SearchAction\",\"target\":{\"@type\":\"EntryPoint\",\"urlTemplate\":\"https:\\\/\\\/stuttgarti-katolikusok.de\\\/?s={search_term_string}\"},\"query-input\":{\"@type\":\"PropertyValueSpecification\",\"valueRequired\":true,\"valueName\":\"search_term_string\"}}],\"inLanguage\":\"hu\"},{\"@type\":\"Person\",\"@id\":\"https:\\\/\\\/stuttgarti-katolikusok.de\\\/#\\\/schema\\\/person\\\/75908d6f8fdc03a57889d27209df7795\",\"name\":\"Tibor atya\",\"image\":{\"@type\":\"ImageObject\",\"inLanguage\":\"hu\",\"@id\":\"https:\\\/\\\/secure.gravatar.com\\\/avatar\\\/61d268e57d1f4525b111222e29d2d5a7f8c420fdbf231ba5566a8ceac74fa960?s=96&d=mm&r=g\",\"url\":\"https:\\\/\\\/secure.gravatar.com\\\/avatar\\\/61d268e57d1f4525b111222e29d2d5a7f8c420fdbf231ba5566a8ceac74fa960?s=96&d=mm&r=g\",\"contentUrl\":\"https:\\\/\\\/secure.gravatar.com\\\/avatar\\\/61d268e57d1f4525b111222e29d2d5a7f8c420fdbf231ba5566a8ceac74fa960?s=96&d=mm&r=g\",\"caption\":\"Tibor atya\"},\"url\":\"https:\\\/\\\/stuttgarti-katolikusok.de\\\/index.php\\\/author\\\/tibor-atya\\\/\"}]}<\/script>\n<!-- \/ Yoast SEO plugin. -->","yoast_head_json":{"title":"Heidelbergben a Bar\u00e1ts\u00e1gklub tagjai - Stuttgarti Katolikusok","robots":{"index":"index","follow":"follow","max-snippet":"max-snippet:-1","max-image-preview":"max-image-preview:large","max-video-preview":"max-video-preview:-1"},"canonical":"https:\/\/stuttgarti-katolikusok.de\/index.php\/heidelbergben-a-baratsagklub-tagjai\/","og_locale":"hu_HU","og_type":"article","og_title":"Heidelbergben a Bar\u00e1ts\u00e1gklub tagjai - Stuttgarti Katolikusok","og_description":"2025. m\u00e1jus 31-\u00e9n a Bar\u00e1ts\u00e1gklub tagjai Heidelbergbe l\u00e1togattak el. Ferenczy-Vass \u00c9va \u00edr\u00e1sa betekint\u00e9st ny\u00fajt, milyen j\u00f3l is \u00e9rezt\u00fck magunkat. K\u00f6sz\u00f6net az \u00edr\u00e1s\u00e9rt \u00e9s az Erika \u00e1ltal megosztott k\u00e9pek\u00e9rt. M\u00e1r egy hete csak a kir\u00e1ndul\u00e1sra gondoltunk. Miut\u00e1n siker\u00fclt sz\u00fcleimet meggy\u0151zn\u00f6m, hogy ez a kir\u00e1ndul\u00e1s \u00e9s f\u0151leg a haj\u00f3\u00fat valami teljesen k\u00fcl\u00f6nleges lesz, m\u00e1r nagyon k\u00edv\u00e1ncsian v\u00e1rtuk a napot. Amelyik, mint minden m\u00e1sik, elj\u00f6tt. Kor\u00e1n keltem, anyuk\u00e1m\u00e1jus na, ha \u0151k nem egy f\u00e9l \u00f3r\u00e1val el\u0151tte, m\u00e1r ott lettek volna. A vonat elindult \u00e9s mi besz\u00e9lgetni kezdt\u00fcnk. B\u00e1r k\u00e9sve \u00e9rkezt\u00fcnk az \u00e1tsz\u00e1ll\u00e1si hely\u00fcnkre, ahol mind\u00f6ssze 5 perc \u00e1llt rendelkez\u00e9s\u00fcnkre, minden z\u00f6kken\u0151mentesen siker\u00fclt. A heidelbergi \u00e1llom\u00e1son f\u00e9l \u00f3r\u00e1t v\u00e1rtunk a csoport t\u00f6bbi tagj\u00e1ra. Befutott a stuttgarti gyors, lesz\u00e1lltak az emberek, de Erika \u00e9s a csoport sehol se volt. Megsz\u00f3lalt a telefonom \u00e9s Erika \u00e9rdekl\u0151d\u00f6tt, merre j\u00e1runk.\u00a0Egy hatalmas hirdet\u0151t\u00e1bla eltakarta a kil\u00e1t\u00e1sunkat, ez\u00e9rt nem l\u00e1ttuk egym\u00e1st. Nagy volt az \u00f6r\u00f6m, amikor \u00fcdv\u00f6z\u00f6lt\u00fck egym\u00e1st. Az \u00e1llom\u00e1sr\u00f3l a kik\u00f6t\u0151 fel\u00e9 vett\u00fck ir\u00e1nyunkat. N\u00e9h\u00e1ny meg\u00e1ll\u00f3t villamossal\u00a0utaztunk, majd gyalog folytattuk utunkat a Neckar partj\u00e1n. Miel\u0151tt el\u00e9rt\u00fck a r\u00e9gi hidat, Heidelberg egyik nevezetess\u00e9g\u00e9t, tal\u00e1lkoztunk a csapat harmadik r\u00e9sz\u00e9vel, Tibor aty\u00e1val, a Huber h\u00e1zasp\u00e1rral \u00e9s a t\u00f6bbiekkel. You are currently viewing a placeholder content from Default. To access the actual content, click the button below. Please note that doing so will share data with third-party providers. Unblock content Accept required service and unblock content More Information A h\u00edd el\u0151tt meg\u00e1lltunk, Erika ismertette az \u00e9p\u00edtm\u00e9ny legfontosabb adatait. A h\u00edd l\u00e1b\u00e1n\u00e1l a majom, aminek megsimogat\u00e1sa a Heidelbergben val\u00f3 visszat\u00e9r\u00e9st biztos\u00edtja, t\u00f6bb\u00fcnk figyelm\u00e9t felkeltette. A h\u00eddon\u00a0f\u00e9nyk\u00e9pek k\u00e9sz\u00fcltek, nagy volt a t\u00f6meg. Az er\u0151s naps\u00fct\u00e9s egy h\u0171v\u00f6sebb helyre \u0171z\u00f6tt, a k\u00f6zeli Szentl\u00e9lek templomban kerest\u00fcnk mened\u00e9ket. Ruprecht herceg \u00e9s feles\u00e9ge s\u00edrjait a l\u00e1bukn\u00e1l fekv\u0151 oroszl\u00e1nnal\u00a0(mint hatalom \u00e9s er\u0151 szimb\u00f3lumak\u00e9nt) illetve a kuty\u00e1val (h\u0171s\u00e9g jelek\u00e9nt) is megn\u00e9zhett\u00fck. Ezut\u00e1n j\u00f6tt a nap f\u00e9nypontja, a haj\u00f3\u00fat. Miut\u00e1n nemr\u00e9g r\u00e9szt... R\u00e9szletek","og_url":"https:\/\/stuttgarti-katolikusok.de\/index.php\/heidelbergben-a-baratsagklub-tagjai\/","og_site_name":"Stuttgarti Katolikusok","article_published_time":"2025-06-26T07:01:40+00:00","article_modified_time":"2025-06-27T15:08:30+00:00","og_image":[{"width":2048,"height":946,"url":"https:\/\/stuttgarti-katolikusok.de\/wp-content\/uploads\/2025\/06\/heidelberg2.jpg","type":"image\/jpeg"}],"author":"Tibor atya","twitter_card":"summary_large_image","twitter_misc":{"Szerz\u0151:":"Tibor atya","Becs\u00fclt olvas\u00e1si id\u0151":"4 perc"},"schema":{"@context":"https:\/\/schema.org","@graph":[{"@type":"Article","@id":"https:\/\/stuttgarti-katolikusok.de\/index.php\/heidelbergben-a-baratsagklub-tagjai\/#article","isPartOf":{"@id":"https:\/\/stuttgarti-katolikusok.de\/index.php\/heidelbergben-a-baratsagklub-tagjai\/"},"author":{"name":"Tibor atya","@id":"https:\/\/stuttgarti-katolikusok.de\/#\/schema\/person\/75908d6f8fdc03a57889d27209df7795"},"headline":"Heidelbergben a Bar\u00e1ts\u00e1gklub tagjai","datePublished":"2025-06-26T07:01:40+00:00","dateModified":"2025-06-27T15:08:30+00:00","mainEntityOfPage":{"@id":"https:\/\/stuttgarti-katolikusok.de\/index.php\/heidelbergben-a-baratsagklub-tagjai\/"},"wordCount":1007,"image":{"@id":"https:\/\/stuttgarti-katolikusok.de\/index.php\/heidelbergben-a-baratsagklub-tagjai\/#primaryimage"},"thumbnailUrl":"https:\/\/stuttgarti-katolikusok.de\/wp-content\/uploads\/2025\/06\/heidelberg2.jpg","articleSection":["Bar\u00e1ts\u00e1g Klub","Olvas\u00f3ink \u00edrj\u00e1k"],"inLanguage":"hu"},{"@type":"WebPage","@id":"https:\/\/stuttgarti-katolikusok.de\/index.php\/heidelbergben-a-baratsagklub-tagjai\/","url":"https:\/\/stuttgarti-katolikusok.de\/index.php\/heidelbergben-a-baratsagklub-tagjai\/","name":"Heidelbergben a Bar\u00e1ts\u00e1gklub tagjai - Stuttgarti Katolikusok","isPartOf":{"@id":"https:\/\/stuttgarti-katolikusok.de\/#website"},"primaryImageOfPage":{"@id":"https:\/\/stuttgarti-katolikusok.de\/index.php\/heidelbergben-a-baratsagklub-tagjai\/#primaryimage"},"image":{"@id":"https:\/\/stuttgarti-katolikusok.de\/index.php\/heidelbergben-a-baratsagklub-tagjai\/#primaryimage"},"thumbnailUrl":"https:\/\/stuttgarti-katolikusok.de\/wp-content\/uploads\/2025\/06\/heidelberg2.jpg","datePublished":"2025-06-26T07:01:40+00:00","dateModified":"2025-06-27T15:08:30+00:00","author":{"@id":"https:\/\/stuttgarti-katolikusok.de\/#\/schema\/person\/75908d6f8fdc03a57889d27209df7795"},"breadcrumb":{"@id":"https:\/\/stuttgarti-katolikusok.de\/index.php\/heidelbergben-a-baratsagklub-tagjai\/#breadcrumb"},"inLanguage":"hu","potentialAction":[{"@type":"ReadAction","target":["https:\/\/stuttgarti-katolikusok.de\/index.php\/heidelbergben-a-baratsagklub-tagjai\/"]}]},{"@type":"ImageObject","inLanguage":"hu","@id":"https:\/\/stuttgarti-katolikusok.de\/index.php\/heidelbergben-a-baratsagklub-tagjai\/#primaryimage","url":"https:\/\/stuttgarti-katolikusok.de\/wp-content\/uploads\/2025\/06\/heidelberg2.jpg","contentUrl":"https:\/\/stuttgarti-katolikusok.de\/wp-content\/uploads\/2025\/06\/heidelberg2.jpg","width":2048,"height":946},{"@type":"BreadcrumbList","@id":"https:\/\/stuttgarti-katolikusok.de\/index.php\/heidelbergben-a-baratsagklub-tagjai\/#breadcrumb","itemListElement":[{"@type":"ListItem","position":1,"name":"Kezd\u0151lap","item":"https:\/\/stuttgarti-katolikusok.de\/"},{"@type":"ListItem","position":2,"name":"Heidelbergben a Bar\u00e1ts\u00e1gklub tagjai"}]},{"@type":"WebSite","@id":"https:\/\/stuttgarti-katolikusok.de\/#website","url":"https:\/\/stuttgarti-katolikusok.de\/","name":"Stuttgarti Katolikusok","description":"","potentialAction":[{"@type":"SearchAction","target":{"@type":"EntryPoint","urlTemplate":"https:\/\/stuttgarti-katolikusok.de\/?s={search_term_string}"},"query-input":{"@type":"PropertyValueSpecification","valueRequired":true,"valueName":"search_term_string"}}],"inLanguage":"hu"},{"@type":"Person","@id":"https:\/\/stuttgarti-katolikusok.de\/#\/schema\/person\/75908d6f8fdc03a57889d27209df7795","name":"Tibor atya","image":{"@type":"ImageObject","inLanguage":"hu","@id":"https:\/\/secure.gravatar.com\/avatar\/61d268e57d1f4525b111222e29d2d5a7f8c420fdbf231ba5566a8ceac74fa960?s=96&d=mm&r=g","url":"https:\/\/secure.gravatar.com\/avatar\/61d268e57d1f4525b111222e29d2d5a7f8c420fdbf231ba5566a8ceac74fa960?s=96&d=mm&r=g","contentUrl":"https:\/\/secure.gravatar.com\/avatar\/61d268e57d1f4525b111222e29d2d5a7f8c420fdbf231ba5566a8ceac74fa960?s=96&d=mm&r=g","caption":"Tibor atya"},"url":"https:\/\/stuttgarti-katolikusok.de\/index.php\/author\/tibor-atya\/"}]}},"_links":{"self":[{"href":"https:\/\/stuttgarti-katolikusok.de\/index.php\/wp-json\/wp\/v2\/posts\/31271","targetHints":{"allow":["GET"]}}],"collection":[{"href":"https:\/\/stuttgarti-katolikusok.de\/index.php\/wp-json\/wp\/v2\/posts"}],"about":[{"href":"https:\/\/stuttgarti-katolikusok.de\/index.php\/wp-json\/wp\/v2\/types\/post"}],"author":[{"embeddable":true,"href":"https:\/\/stuttgarti-katolikusok.de\/index.php\/wp-json\/wp\/v2\/users\/3"}],"replies":[{"embeddable":true,"href":"https:\/\/stuttgarti-katolikusok.de\/index.php\/wp-json\/wp\/v2\/comments?post=31271"}],"version-history":[{"count":7,"href":"https:\/\/stuttgarti-katolikusok.de\/index.php\/wp-json\/wp\/v2\/posts\/31271\/revisions"}],"predecessor-version":[{"id":31285,"href":"https:\/\/stuttgarti-katolikusok.de\/index.php\/wp-json\/wp\/v2\/posts\/31271\/revisions\/31285"}],"wp:featuredmedia":[{"embeddable":true,"href":"https:\/\/stuttgarti-katolikusok.de\/index.php\/wp-json\/wp\/v2\/media\/31272"}],"wp:attachment":[{"href":"https:\/\/stuttgarti-katolikusok.de\/index.php\/wp-json\/wp\/v2\/media?parent=31271"}],"wp:term":[{"taxonomy":"category","embeddable":true,"href":"https:\/\/stuttgarti-katolikusok.de\/index.php\/wp-json\/wp\/v2\/categories?post=31271"},{"taxonomy":"post_tag","embeddable":true,"href":"https:\/\/stuttgarti-katolikusok.de\/index.php\/wp-json\/wp\/v2\/tags?post=31271"}],"curies":[{"name":"wp","href":"https:\/\/api.w.org\/{rel}","templated":true}]}}