{"id":31214,"date":"2025-06-17T17:09:57","date_gmt":"2025-06-17T15:09:57","guid":{"rendered":"https:\/\/stuttgarti-katolikusok.de\/?p=31214"},"modified":"2025-09-01T00:32:37","modified_gmt":"2025-08-31T22:32:37","slug":"2025-junius-16-es-22kozott","status":"publish","type":"post","link":"https:\/\/stuttgarti-katolikusok.de\/index.php\/2025-junius-16-es-22kozott\/","title":{"rendered":"2025. J\u00daNIUS 16 \u00c9S 22 K\u00d6Z\u00d6TT"},"content":{"rendered":"<p><span style=\"color: #ff6600;\"><strong>Programel\u0151zetes<\/strong><\/span><\/p>\n<p style=\"text-align: center;\"><strong><span style=\"color: #ff6600;\">\u00a0*<\/span><\/strong><\/p>\n<p><strong>J\u00fanius 19-\u00e9n<\/strong>,\u00a0cs\u00fct\u00f6rt\u00f6k\u00f6n<em>,<\/em><em>\u00a0<strong><span style=\"color: #ff6600;\">\u00darnapja, Krisztus Szent Test\u00e9nek \u00e9s V\u00e9r\u00e9nek \u00fcnnepe<\/span><\/strong><\/em>,<\/p>\n<p><span style=\"color: #ff6600;\"><strong>Weingartenben<\/strong><\/span> ebben az esztend\u0151ben bekapcsol\u00f3dunk a Weingartenben l\u00e9v\u0151 h\u00e1rom n\u00e9met k\u00f6z\u00f6ss\u00e9g k\u00f6z\u00f6s \u00fcnnep\u00e9be.<\/p>\n<p><a href=\"https:\/\/stuttgarti-katolikusok.de\/wp-content\/uploads\/2025\/06\/weingarten-urnapja.png\"><img loading=\"lazy\" decoding=\"async\" class=\"alignnone size-full wp-image-31215\" src=\"https:\/\/stuttgarti-katolikusok.de\/wp-content\/uploads\/2025\/06\/weingarten-urnapja.png\" alt=\"\" width=\"539\" height=\"552\" srcset=\"https:\/\/stuttgarti-katolikusok.de\/wp-content\/uploads\/2025\/06\/weingarten-urnapja.png 539w, https:\/\/stuttgarti-katolikusok.de\/wp-content\/uploads\/2025\/06\/weingarten-urnapja-293x300.png 293w\" sizes=\"auto, (max-width: 539px) 100vw, 539px\" \/><\/a><\/p>\n<p><span style=\"color: #ff6600;\"><strong>Stuttgartban<\/strong><\/span> 18.00 \u00f3rakor <em>szentmise.<\/em><\/p>\n<p style=\"text-align: center;\"><em>\u00a0<\/em><span style=\"color: #ff6600;\"><strong>*<\/strong><\/span><\/p>\n<p><strong>J\u00fanius 20-\u00e1n<\/strong>, p\u00e9nteken, <strong><span style=\"color: #339966;\">Stuttgarti d\u00e9lut\u00e1n<\/span>, <\/strong>17.30 \u00f3rakor <em>r\u00f3zsaf\u00fcz\u00e9rt im\u00e1dkozunk<\/em>, ezt k\u00f6vet\u0151en 18.00 \u00f3rakor <em>szentmise.<\/em><\/p>\n<p style=\"text-align: center;\"><span style=\"color: #339966;\"><strong>*<\/strong><\/span><\/p>\n<p><strong>J\u00fanius 21-\u00e9n<\/strong>, szombaton, <strong><span style=\"color: #339966;\">Heidenheimban<\/span> <\/strong>14.00 \u00f3rakor <em>szentmise, <\/em>ennek v\u00e9gezt\u00e9vel <em>motorok meg\u00e1ld\u00e1sa\/szentel\u00e9se.<\/em><\/p>\n<p><em> <a href=\"https:\/\/stuttgarti-katolikusok.de\/wp-content\/uploads\/2025\/06\/motorszenteles.jpg\"><img loading=\"lazy\" decoding=\"async\" class=\"alignnone size-full wp-image-31217\" src=\"https:\/\/stuttgarti-katolikusok.de\/wp-content\/uploads\/2025\/06\/motorszenteles.jpg\" alt=\"\" width=\"960\" height=\"589\" srcset=\"https:\/\/stuttgarti-katolikusok.de\/wp-content\/uploads\/2025\/06\/motorszenteles.jpg 960w, https:\/\/stuttgarti-katolikusok.de\/wp-content\/uploads\/2025\/06\/motorszenteles-300x184.jpg 300w\" sizes=\"auto, (max-width: 960px) 100vw, 960px\" \/><\/a><\/em><\/p>\n<p style=\"text-align: center;\"><strong><em><span style=\"color: #339966;\">\u00a0*<\/span><\/em><\/strong><\/p>\n<p><strong>J\u00fanius 22-\u00e9n<\/strong><em>, <\/em><span style=\"color: #339966;\"><em><strong>\u00c9vk\u00f6zi 11. vas\u00e1rnap<\/strong><\/em><\/span><em>,<\/em><\/p>\n<p><span style=\"color: #ff6600;\"><strong>B\u00f6blingenben<\/strong><\/span><em><strong>\u00a0<\/strong><\/em>9.30 \u00f3rakor<em> b\u00facs\u00fas szentmise,<strong><span style=\"color: #ff6600;\"> Boldog Dr. Scheffler J\u00e1nos p\u00fcsp\u00f6k \u00fcnnepe<\/span><\/strong>, <\/em>ut\u00e1na<em> agap\u00e9 (k\u00f6z\u00f6s eb\u00e9d).<\/em><\/p>\n<p><a href=\"https:\/\/stuttgarti-katolikusok.de\/wp-content\/uploads\/2021\/06\/oltarkep2-copy-scaled.jpg\"><img loading=\"lazy\" decoding=\"async\" class=\"alignnone size-full wp-image-22069\" src=\"https:\/\/stuttgarti-katolikusok.de\/wp-content\/uploads\/2021\/06\/oltarkep2-copy-scaled.jpg\" alt=\"\" width=\"2560\" height=\"2060\" srcset=\"https:\/\/stuttgarti-katolikusok.de\/wp-content\/uploads\/2021\/06\/oltarkep2-copy-scaled.jpg 2560w, https:\/\/stuttgarti-katolikusok.de\/wp-content\/uploads\/2021\/06\/oltarkep2-copy-300x241.jpg 300w, https:\/\/stuttgarti-katolikusok.de\/wp-content\/uploads\/2021\/06\/oltarkep2-copy-1024x824.jpg 1024w, https:\/\/stuttgarti-katolikusok.de\/wp-content\/uploads\/2021\/06\/oltarkep2-copy-1536x1236.jpg 1536w, https:\/\/stuttgarti-katolikusok.de\/wp-content\/uploads\/2021\/06\/oltarkep2-copy-2048x1648.jpg 2048w\" sizes=\"auto, (max-width: 2560px) 100vw, 2560px\" \/><\/a><\/p>\n<p><em><span style=\"color: #ff6600;\">\u201eA j\u00f3 Isten eddig is gondoskodott, ezut\u00e1n sem fog elhagyni\u2026 \u00c9letem nem \u00f6n\u00e1ll\u00f3 \u00e9rt\u00e9k, csak amennyiben Neki haszn\u00e1lhat m\u00e9g. Ha igen, \u0150 fenntartja; ha nem k\u00edv\u00e1nja megtartani, az annak a jele, hogy m\u00e1r nem \u00f3hajtja szolg\u00e1latomat. Ez esetben nekem is jobb N\u00e1la. \u00c1ldott legyen szent neve minden\u00e9rt\u2026 \u00d6r\u00f6k elvek szerint \u00e9ljenek. Mindenkivel tal\u00e1lkozni \u00f3hajtok Otthon. Csak az\u00e9rt \u00e9rdemes \u00e9lni.\u201d<\/span><span style=\"color: #ff0000;\"> (Boldog Scheffler J\u00e1nos \u2013 szatm\u00e1ri p\u00fcsp\u00f6k &#8211; 1887 &#8211; 1952)<\/span><\/em><\/p>\n<p><span style=\"color: #339966;\"><strong>Eislingenben <\/strong><\/span>15.00 \u00f3rakor<em> igeistentisztelet, <\/em>ut\u00e1na <em>agap\u00e9\/l\u00e1ngoss\u00fct\u00e9s.<\/em><\/p>\n<p style=\"text-align: center;\"><span style=\"color: #339966;\"><strong>*<\/strong><\/span><\/p>\n<p>Minden helyen mindenkit szeretettel v\u00e1r a k\u00f6z\u00f6ss\u00e9g \u00e9s Tibor atya!<\/p>\n<p style=\"text-align: center;\"><span style=\"color: #339966;\"><strong>*<\/strong><\/span><\/p>\n<p><span style=\"color: #339966;\"><em><strong>Kegyelemteljes napokat, tartalmas besz\u00e9lget\u00e9seket \u00e9s \u00f6r\u00f6mteli tal\u00e1lkoz\u00e1sokat k\u00edv\u00e1nunk minden Kedves H\u00edv\u00fcnknek!<\/strong><\/em><\/span><\/p>\n<p style=\"text-align: center;\"><span style=\"color: #ff6600;\"><strong>*<\/strong><\/span><\/p>\n<p><span style=\"color: #ff6600;\"><em>\u201eGy\u0151zelemr\u0151l \u00e9nekeljen Napkelet \u00e9s Napnyugat,<\/em><em><br \/>\n<\/em><em>Milli\u00f3 sz\u00edv \u00f6sszecsengjen, magasztalja az Urat!<\/em><em><br \/>\n<\/em><em>Krisztus \u00fajra f\u00f6ldre sz\u00e1llott, v\u00e1ndorl\u00e1sunk t\u00e1rsa lett,<\/em><em><br \/>\n<\/em><em>Mert szerette a vil\u00e1got, keny\u00e9rsz\u00ednbe rejtezett.<\/em><em><br \/>\n<\/em><em>Krisztus keny\u00e9r s bor sz\u00edn\u00e9ben \u00dar s Kir\u00e1ly a f\u00f6ld felett,<\/em><em><br \/>\n<\/em><em>Forrassz eggy\u00e9 b\u00e9kess\u00e9gben minden n\u00e9pet s nemzetet!<\/em><\/span><\/p>\n<p><span style=\"color: #ff6600;\"><em>Egykor \u00e9rt\u00fcnk testet \u00f6lt\u00f6tt, kisgyermekk\u00e9nt j\u00f6tt k\u00f6z\u00e9nk,<\/em><em><br \/>\n<\/em><em>A keresztf\u00e1n v\u00e9re \u00f6ml\u00f6tt v\u00e1lts\u00e1gunknak b\u00e9rek\u00e9nt.<\/em><em><br \/>\n<\/em><em>Most az olt\u00e1r Golgot\u00e1j\u00e1n \u00fajra itt a dr\u00e1ga v\u00e9r,<\/em><em><br \/>\n<\/em><em>\u00c1ldozat az Isten-B\u00e1r\u00e1ny, Krisztus teste a keny\u00e9r.<\/em><em><br \/>\n<\/em><em>Krisztus keny\u00e9r s bor sz\u00edn\u00e9ben \u00dar s Kir\u00e1ly a f\u00f6ld felett,<\/em><em><br \/>\n<\/em><em>Forrassz eggy\u00e9 b\u00e9kess\u00e9gben minden n\u00e9pet s nemzetet!<\/em><\/span><\/p>\n<p><span style=\"color: #ff6600;\"><em>Z\u00fagjon h\u00e1t a h\u00e1la\u00e9nek, sz\u00e1lljon v\u00f6lgy\u00f6n, tengeren,<\/em><em><br \/>\n<\/em><em>A szeretet Isten\u00e9nek dics\u0151s\u00e9g \u00e9s \u00fcdv legyen.<\/em><em><br \/>\n<\/em><em>Az eg\u00e9sz f\u00f6ld legyen olt\u00e1r, vir\u00e1g rajta a sz\u00edv\u00fcnk,<\/em><em><br \/>\n<\/em><em>Minden dalunk zeng\u0151 zsolt\u00e1r, t\u00f6mj\u00e9nillat a hit\u00fcnk.<\/em><em><br \/>\n<\/em><em>Krisztus keny\u00e9r s bor sz\u00edn\u00e9ben \u00dar s Kir\u00e1ly a f\u00f6ld felett,<\/em><em><br \/>\n<\/em><em>Forrassz eggy\u00e9 b\u00e9kess\u00e9gben minden n\u00e9pet s nemzetet!<\/em><\/span><\/p>\n<p><span style=\"color: #ff6600;\"><em>Istv\u00e1n kir\u00e1ly \u00e1rva n\u00e9pe, te is hajtsd meg homlokod,<\/em><em><br \/>\n<\/em><em>Borulj t\u00e9rdre, sz\u00f3rd el\u00e9be minden gondod, b\u00e1natod!<\/em><em><br \/>\n<\/em><em>A kereszt volt ezer \u00e9ven rem\u00e9nys\u00e9ged oszlopa,<\/em><em><br \/>\n<\/em><em>Most is Krisztus jele l\u00e9gyen jobb j\u00f6v\u0151dnek z\u00e1loga.<\/em><em><br \/>\n<\/em><em>Krisztus keny\u00e9r s bor sz\u00edn\u00e9ben \u00dar s Kir\u00e1ly a f\u00f6ld felett,<\/em><em><br \/>\n<\/em><em>Forrassz eggy\u00e9 b\u00e9kess\u00e9gben minden n\u00e9pet s nemzetet!\u201d<\/em><\/span><\/p>\n<p><span style=\"color: #ff6600;\"><em>(A 34. \u00e9s 52. Nemzetk\u00f6zi Eucharisztikus Kongresszus himnusza)<\/em><\/span><\/p>\n","protected":false},"excerpt":{"rendered":"<p>Programel\u0151zetes \u00a0* J\u00fanius 19-\u00e9n,\u00a0cs\u00fct\u00f6rt\u00f6k\u00f6n,\u00a0\u00darnapja, Krisztus Szent Test\u00e9nek \u00e9s V\u00e9r\u00e9nek \u00fcnnepe, Weingartenben ebben az esztend\u0151ben bekapcsol\u00f3dunk a Weingartenben l\u00e9v\u0151 h\u00e1rom n\u00e9met k\u00f6z\u00f6ss\u00e9g k\u00f6z\u00f6s \u00fcnnep\u00e9be. Stuttgartban 18.00 \u00f3rakor szentmise. \u00a0* J\u00fanius 20-\u00e1n, p\u00e9nteken, Stuttgarti d\u00e9lut\u00e1n, 17.30 \u00f3rakor r\u00f3zsaf\u00fcz\u00e9rt im\u00e1dkozunk, ezt k\u00f6vet\u0151en 18.00 \u00f3rakor szentmise. * J\u00fanius 21-\u00e9n, szombaton, Heidenheimban 14.00 \u00f3rakor szentmise, ennek v\u00e9gezt\u00e9vel motorok meg\u00e1ld\u00e1sa\/szentel\u00e9se. \u00a0* J\u00fanius 22-\u00e9n, \u00c9vk\u00f6zi 11. vas\u00e1rnap, B\u00f6blingenben\u00a09.30 \u00f3rakor b\u00facs\u00fas szentmise, Boldog Dr. Scheffler J\u00e1nos p\u00fcsp\u00f6k \u00fcnnepe, ut\u00e1na agap\u00e9 (k\u00f6z\u00f6s eb\u00e9d). \u201eA j\u00f3 Isten eddig is gondoskodott, ezut\u00e1n sem fog elhagyni\u2026 \u00c9letem nem \u00f6n\u00e1ll\u00f3 \u00e9rt\u00e9k, csak amennyiben Neki haszn\u00e1lhat m\u00e9g. Ha igen, \u0150 fenntartja; ha nem k\u00edv\u00e1nja megtartani, az annak a jele, hogy m\u00e1r nem \u00f3hajtja szolg\u00e1latomat. Ez esetben nekem is jobb N\u00e1la. \u00c1ldott legyen szent neve minden\u00e9rt\u2026 \u00d6r\u00f6k elvek szerint \u00e9ljenek. Mindenkivel tal\u00e1lkozni \u00f3hajtok Otthon. Csak az\u00e9rt \u00e9rdemes \u00e9lni.\u201d (Boldog Scheffler J\u00e1nos \u2013 szatm\u00e1ri p\u00fcsp\u00f6k &#8211; 1887 &#8211; 1952) Eislingenben 15.00 \u00f3rakor igeistentisztelet, ut\u00e1na agap\u00e9\/l\u00e1ngoss\u00fct\u00e9s. * Minden helyen mindenkit szeretettel v\u00e1r a k\u00f6z\u00f6ss\u00e9g \u00e9s Tibor atya! * Kegyelemteljes napokat, tartalmas besz\u00e9lget\u00e9seket \u00e9s \u00f6r\u00f6mteli tal\u00e1lkoz\u00e1sokat k\u00edv\u00e1nunk minden Kedves H\u00edv\u00fcnknek! * \u201eGy\u0151zelemr\u0151l \u00e9nekeljen Napkelet \u00e9s Napnyugat, Milli\u00f3 sz\u00edv \u00f6sszecsengjen, magasztalja az Urat! Krisztus \u00fajra f\u00f6ldre sz\u00e1llott, v\u00e1ndorl\u00e1sunk t\u00e1rsa lett, Mert szerette a vil\u00e1got, keny\u00e9rsz\u00ednbe rejtezett. Krisztus keny\u00e9r s bor sz\u00edn\u00e9ben \u00dar s Kir\u00e1ly a f\u00f6ld felett, Forrassz eggy\u00e9 b\u00e9kess\u00e9gben minden n\u00e9pet s nemzetet! Egykor \u00e9rt\u00fcnk testet \u00f6lt\u00f6tt, kisgyermekk\u00e9nt j\u00f6tt k\u00f6z\u00e9nk, A keresztf\u00e1n v\u00e9re \u00f6ml\u00f6tt v\u00e1lts\u00e1gunknak b\u00e9rek\u00e9nt. Most az olt\u00e1r Golgot\u00e1j\u00e1n \u00fajra itt a dr\u00e1ga v\u00e9r, \u00c1ldozat az Isten-B\u00e1r\u00e1ny, Krisztus teste a keny\u00e9r. Krisztus keny\u00e9r s bor sz\u00edn\u00e9ben \u00dar s Kir\u00e1ly a f\u00f6ld felett, Forrassz eggy\u00e9 b\u00e9kess\u00e9gben minden n\u00e9pet s nemzetet! Z\u00fagjon h\u00e1t a h\u00e1la\u00e9nek, sz\u00e1lljon v\u00f6lgy\u00f6n, tengeren, A szeretet Isten\u00e9nek dics\u0151s\u00e9g \u00e9s \u00fcdv legyen. Az eg\u00e9sz f\u00f6ld legyen olt\u00e1r, vir\u00e1g rajta a sz\u00edv\u00fcnk, Minden dalunk zeng\u0151 zsolt\u00e1r, t\u00f6mj\u00e9nillat a hit\u00fcnk. Krisztus keny\u00e9r s bor sz\u00edn\u00e9ben \u00dar s Kir\u00e1ly&#8230; <\/p>\n<p><a class=\"readmore\" href=\"https:\/\/stuttgarti-katolikusok.de\/index.php\/2025-junius-16-es-22kozott\/\">R\u00e9szletek<\/a><\/p>\n","protected":false},"author":3,"featured_media":23500,"comment_status":"closed","ping_status":"closed","sticky":false,"template":"","format":"standard","meta":{"footnotes":""},"categories":[37],"tags":[],"class_list":["post-31214","post","type-post","status-publish","format-standard","has-post-thumbnail","hentry","category-progamelozetes"],"yoast_head":"<!-- This site is optimized with the Yoast SEO plugin v27.3 - https:\/\/yoast.com\/product\/yoast-seo-wordpress\/ -->\n<title>2025. J\u00daNIUS 16 \u00c9S 22 K\u00d6Z\u00d6TT - Stuttgarti Katolikusok<\/title>\n<meta name=\"robots\" content=\"index, follow, max-snippet:-1, max-image-preview:large, max-video-preview:-1\" \/>\n<link rel=\"canonical\" href=\"https:\/\/stuttgarti-katolikusok.de\/index.php\/2025-junius-16-es-22kozott\/\" \/>\n<meta property=\"og:locale\" content=\"hu_HU\" \/>\n<meta property=\"og:type\" content=\"article\" \/>\n<meta property=\"og:title\" content=\"2025. J\u00daNIUS 16 \u00c9S 22 K\u00d6Z\u00d6TT - Stuttgarti Katolikusok\" \/>\n<meta property=\"og:description\" content=\"Programel\u0151zetes \u00a0* J\u00fanius 19-\u00e9n,\u00a0cs\u00fct\u00f6rt\u00f6k\u00f6n,\u00a0\u00darnapja, Krisztus Szent Test\u00e9nek \u00e9s V\u00e9r\u00e9nek \u00fcnnepe, Weingartenben ebben az esztend\u0151ben bekapcsol\u00f3dunk a Weingartenben l\u00e9v\u0151 h\u00e1rom n\u00e9met k\u00f6z\u00f6ss\u00e9g k\u00f6z\u00f6s \u00fcnnep\u00e9be. Stuttgartban 18.00 \u00f3rakor szentmise. \u00a0* J\u00fanius 20-\u00e1n, p\u00e9nteken, Stuttgarti d\u00e9lut\u00e1n, 17.30 \u00f3rakor r\u00f3zsaf\u00fcz\u00e9rt im\u00e1dkozunk, ezt k\u00f6vet\u0151en 18.00 \u00f3rakor szentmise. * J\u00fanius 21-\u00e9n, szombaton, Heidenheimban 14.00 \u00f3rakor szentmise, ennek v\u00e9gezt\u00e9vel motorok meg\u00e1ld\u00e1sa\/szentel\u00e9se. \u00a0* J\u00fanius 22-\u00e9n, \u00c9vk\u00f6zi 11. vas\u00e1rnap, B\u00f6blingenben\u00a09.30 \u00f3rakor b\u00facs\u00fas szentmise, Boldog Dr. Scheffler J\u00e1nos p\u00fcsp\u00f6k \u00fcnnepe, ut\u00e1na agap\u00e9 (k\u00f6z\u00f6s eb\u00e9d). \u201eA j\u00f3 Isten eddig is gondoskodott, ezut\u00e1n sem fog elhagyni\u2026 \u00c9letem nem \u00f6n\u00e1ll\u00f3 \u00e9rt\u00e9k, csak amennyiben Neki haszn\u00e1lhat m\u00e9g. Ha igen, \u0150 fenntartja; ha nem k\u00edv\u00e1nja megtartani, az annak a jele, hogy m\u00e1r nem \u00f3hajtja szolg\u00e1latomat. Ez esetben nekem is jobb N\u00e1la. \u00c1ldott legyen szent neve minden\u00e9rt\u2026 \u00d6r\u00f6k elvek szerint \u00e9ljenek. Mindenkivel tal\u00e1lkozni \u00f3hajtok Otthon. Csak az\u00e9rt \u00e9rdemes \u00e9lni.\u201d (Boldog Scheffler J\u00e1nos \u2013 szatm\u00e1ri p\u00fcsp\u00f6k &#8211; 1887 &#8211; 1952) Eislingenben 15.00 \u00f3rakor igeistentisztelet, ut\u00e1na agap\u00e9\/l\u00e1ngoss\u00fct\u00e9s. * Minden helyen mindenkit szeretettel v\u00e1r a k\u00f6z\u00f6ss\u00e9g \u00e9s Tibor atya! * Kegyelemteljes napokat, tartalmas besz\u00e9lget\u00e9seket \u00e9s \u00f6r\u00f6mteli tal\u00e1lkoz\u00e1sokat k\u00edv\u00e1nunk minden Kedves H\u00edv\u00fcnknek! * \u201eGy\u0151zelemr\u0151l \u00e9nekeljen Napkelet \u00e9s Napnyugat, Milli\u00f3 sz\u00edv \u00f6sszecsengjen, magasztalja az Urat! Krisztus \u00fajra f\u00f6ldre sz\u00e1llott, v\u00e1ndorl\u00e1sunk t\u00e1rsa lett, Mert szerette a vil\u00e1got, keny\u00e9rsz\u00ednbe rejtezett. Krisztus keny\u00e9r s bor sz\u00edn\u00e9ben \u00dar s Kir\u00e1ly a f\u00f6ld felett, Forrassz eggy\u00e9 b\u00e9kess\u00e9gben minden n\u00e9pet s nemzetet! Egykor \u00e9rt\u00fcnk testet \u00f6lt\u00f6tt, kisgyermekk\u00e9nt j\u00f6tt k\u00f6z\u00e9nk, A keresztf\u00e1n v\u00e9re \u00f6ml\u00f6tt v\u00e1lts\u00e1gunknak b\u00e9rek\u00e9nt. Most az olt\u00e1r Golgot\u00e1j\u00e1n \u00fajra itt a dr\u00e1ga v\u00e9r, \u00c1ldozat az Isten-B\u00e1r\u00e1ny, Krisztus teste a keny\u00e9r. Krisztus keny\u00e9r s bor sz\u00edn\u00e9ben \u00dar s Kir\u00e1ly a f\u00f6ld felett, Forrassz eggy\u00e9 b\u00e9kess\u00e9gben minden n\u00e9pet s nemzetet! Z\u00fagjon h\u00e1t a h\u00e1la\u00e9nek, sz\u00e1lljon v\u00f6lgy\u00f6n, tengeren, A szeretet Isten\u00e9nek dics\u0151s\u00e9g \u00e9s \u00fcdv legyen. Az eg\u00e9sz f\u00f6ld legyen olt\u00e1r, vir\u00e1g rajta a sz\u00edv\u00fcnk, Minden dalunk zeng\u0151 zsolt\u00e1r, t\u00f6mj\u00e9nillat a hit\u00fcnk. Krisztus keny\u00e9r s bor sz\u00edn\u00e9ben \u00dar s Kir\u00e1ly... R\u00e9szletek\" \/>\n<meta property=\"og:url\" content=\"https:\/\/stuttgarti-katolikusok.de\/index.php\/2025-junius-16-es-22kozott\/\" \/>\n<meta property=\"og:site_name\" content=\"Stuttgarti Katolikusok\" \/>\n<meta property=\"article:published_time\" content=\"2025-06-17T15:09:57+00:00\" \/>\n<meta property=\"article:modified_time\" content=\"2025-08-31T22:32:37+00:00\" \/>\n<meta property=\"og:image\" content=\"https:\/\/stuttgarti-katolikusok.de\/wp-content\/uploads\/2022\/06\/kepernyofelvetel-38.png\" \/>\n\t<meta property=\"og:image:width\" content=\"1450\" \/>\n\t<meta property=\"og:image:height\" content=\"921\" \/>\n\t<meta property=\"og:image:type\" content=\"image\/png\" \/>\n<meta name=\"author\" content=\"Tibor atya\" \/>\n<meta name=\"twitter:card\" content=\"summary_large_image\" \/>\n<meta name=\"twitter:label1\" content=\"Szerz\u0151:\" \/>\n\t<meta name=\"twitter:data1\" content=\"Tibor atya\" \/>\n\t<meta name=\"twitter:label2\" content=\"Becs\u00fclt olvas\u00e1si id\u0151\" \/>\n\t<meta name=\"twitter:data2\" content=\"3 perc\" \/>\n<script type=\"application\/ld+json\" class=\"yoast-schema-graph\">{\"@context\":\"https:\\\/\\\/schema.org\",\"@graph\":[{\"@type\":\"Article\",\"@id\":\"https:\\\/\\\/stuttgarti-katolikusok.de\\\/index.php\\\/2025-junius-16-es-22kozott\\\/#article\",\"isPartOf\":{\"@id\":\"https:\\\/\\\/stuttgarti-katolikusok.de\\\/index.php\\\/2025-junius-16-es-22kozott\\\/\"},\"author\":{\"name\":\"Tibor atya\",\"@id\":\"https:\\\/\\\/stuttgarti-katolikusok.de\\\/#\\\/schema\\\/person\\\/75908d6f8fdc03a57889d27209df7795\"},\"headline\":\"2025. J\u00daNIUS 16 \u00c9S 22 K\u00d6Z\u00d6TT\",\"datePublished\":\"2025-06-17T15:09:57+00:00\",\"dateModified\":\"2025-08-31T22:32:37+00:00\",\"mainEntityOfPage\":{\"@id\":\"https:\\\/\\\/stuttgarti-katolikusok.de\\\/index.php\\\/2025-junius-16-es-22kozott\\\/\"},\"wordCount\":544,\"image\":{\"@id\":\"https:\\\/\\\/stuttgarti-katolikusok.de\\\/index.php\\\/2025-junius-16-es-22kozott\\\/#primaryimage\"},\"thumbnailUrl\":\"https:\\\/\\\/stuttgarti-katolikusok.de\\\/wp-content\\\/uploads\\\/2022\\\/06\\\/kepernyofelvetel-38.png\",\"articleSection\":[\"Progamel\u0151zetes\"],\"inLanguage\":\"hu\"},{\"@type\":\"WebPage\",\"@id\":\"https:\\\/\\\/stuttgarti-katolikusok.de\\\/index.php\\\/2025-junius-16-es-22kozott\\\/\",\"url\":\"https:\\\/\\\/stuttgarti-katolikusok.de\\\/index.php\\\/2025-junius-16-es-22kozott\\\/\",\"name\":\"2025. J\u00daNIUS 16 \u00c9S 22 K\u00d6Z\u00d6TT - Stuttgarti Katolikusok\",\"isPartOf\":{\"@id\":\"https:\\\/\\\/stuttgarti-katolikusok.de\\\/#website\"},\"primaryImageOfPage\":{\"@id\":\"https:\\\/\\\/stuttgarti-katolikusok.de\\\/index.php\\\/2025-junius-16-es-22kozott\\\/#primaryimage\"},\"image\":{\"@id\":\"https:\\\/\\\/stuttgarti-katolikusok.de\\\/index.php\\\/2025-junius-16-es-22kozott\\\/#primaryimage\"},\"thumbnailUrl\":\"https:\\\/\\\/stuttgarti-katolikusok.de\\\/wp-content\\\/uploads\\\/2022\\\/06\\\/kepernyofelvetel-38.png\",\"datePublished\":\"2025-06-17T15:09:57+00:00\",\"dateModified\":\"2025-08-31T22:32:37+00:00\",\"author\":{\"@id\":\"https:\\\/\\\/stuttgarti-katolikusok.de\\\/#\\\/schema\\\/person\\\/75908d6f8fdc03a57889d27209df7795\"},\"breadcrumb\":{\"@id\":\"https:\\\/\\\/stuttgarti-katolikusok.de\\\/index.php\\\/2025-junius-16-es-22kozott\\\/#breadcrumb\"},\"inLanguage\":\"hu\",\"potentialAction\":[{\"@type\":\"ReadAction\",\"target\":[\"https:\\\/\\\/stuttgarti-katolikusok.de\\\/index.php\\\/2025-junius-16-es-22kozott\\\/\"]}]},{\"@type\":\"ImageObject\",\"inLanguage\":\"hu\",\"@id\":\"https:\\\/\\\/stuttgarti-katolikusok.de\\\/index.php\\\/2025-junius-16-es-22kozott\\\/#primaryimage\",\"url\":\"https:\\\/\\\/stuttgarti-katolikusok.de\\\/wp-content\\\/uploads\\\/2022\\\/06\\\/kepernyofelvetel-38.png\",\"contentUrl\":\"https:\\\/\\\/stuttgarti-katolikusok.de\\\/wp-content\\\/uploads\\\/2022\\\/06\\\/kepernyofelvetel-38.png\",\"width\":1450,\"height\":921},{\"@type\":\"BreadcrumbList\",\"@id\":\"https:\\\/\\\/stuttgarti-katolikusok.de\\\/index.php\\\/2025-junius-16-es-22kozott\\\/#breadcrumb\",\"itemListElement\":[{\"@type\":\"ListItem\",\"position\":1,\"name\":\"Kezd\u0151lap\",\"item\":\"https:\\\/\\\/stuttgarti-katolikusok.de\\\/\"},{\"@type\":\"ListItem\",\"position\":2,\"name\":\"2025. J\u00daNIUS 16 \u00c9S 22 K\u00d6Z\u00d6TT\"}]},{\"@type\":\"WebSite\",\"@id\":\"https:\\\/\\\/stuttgarti-katolikusok.de\\\/#website\",\"url\":\"https:\\\/\\\/stuttgarti-katolikusok.de\\\/\",\"name\":\"Stuttgarti Katolikusok\",\"description\":\"\",\"potentialAction\":[{\"@type\":\"SearchAction\",\"target\":{\"@type\":\"EntryPoint\",\"urlTemplate\":\"https:\\\/\\\/stuttgarti-katolikusok.de\\\/?s={search_term_string}\"},\"query-input\":{\"@type\":\"PropertyValueSpecification\",\"valueRequired\":true,\"valueName\":\"search_term_string\"}}],\"inLanguage\":\"hu\"},{\"@type\":\"Person\",\"@id\":\"https:\\\/\\\/stuttgarti-katolikusok.de\\\/#\\\/schema\\\/person\\\/75908d6f8fdc03a57889d27209df7795\",\"name\":\"Tibor atya\",\"image\":{\"@type\":\"ImageObject\",\"inLanguage\":\"hu\",\"@id\":\"https:\\\/\\\/secure.gravatar.com\\\/avatar\\\/61d268e57d1f4525b111222e29d2d5a7f8c420fdbf231ba5566a8ceac74fa960?s=96&d=mm&r=g\",\"url\":\"https:\\\/\\\/secure.gravatar.com\\\/avatar\\\/61d268e57d1f4525b111222e29d2d5a7f8c420fdbf231ba5566a8ceac74fa960?s=96&d=mm&r=g\",\"contentUrl\":\"https:\\\/\\\/secure.gravatar.com\\\/avatar\\\/61d268e57d1f4525b111222e29d2d5a7f8c420fdbf231ba5566a8ceac74fa960?s=96&d=mm&r=g\",\"caption\":\"Tibor atya\"},\"url\":\"https:\\\/\\\/stuttgarti-katolikusok.de\\\/index.php\\\/author\\\/tibor-atya\\\/\"}]}<\/script>\n<!-- \/ Yoast SEO plugin. -->","yoast_head_json":{"title":"2025. J\u00daNIUS 16 \u00c9S 22 K\u00d6Z\u00d6TT - Stuttgarti Katolikusok","robots":{"index":"index","follow":"follow","max-snippet":"max-snippet:-1","max-image-preview":"max-image-preview:large","max-video-preview":"max-video-preview:-1"},"canonical":"https:\/\/stuttgarti-katolikusok.de\/index.php\/2025-junius-16-es-22kozott\/","og_locale":"hu_HU","og_type":"article","og_title":"2025. J\u00daNIUS 16 \u00c9S 22 K\u00d6Z\u00d6TT - Stuttgarti Katolikusok","og_description":"Programel\u0151zetes \u00a0* J\u00fanius 19-\u00e9n,\u00a0cs\u00fct\u00f6rt\u00f6k\u00f6n,\u00a0\u00darnapja, Krisztus Szent Test\u00e9nek \u00e9s V\u00e9r\u00e9nek \u00fcnnepe, Weingartenben ebben az esztend\u0151ben bekapcsol\u00f3dunk a Weingartenben l\u00e9v\u0151 h\u00e1rom n\u00e9met k\u00f6z\u00f6ss\u00e9g k\u00f6z\u00f6s \u00fcnnep\u00e9be. Stuttgartban 18.00 \u00f3rakor szentmise. \u00a0* J\u00fanius 20-\u00e1n, p\u00e9nteken, Stuttgarti d\u00e9lut\u00e1n, 17.30 \u00f3rakor r\u00f3zsaf\u00fcz\u00e9rt im\u00e1dkozunk, ezt k\u00f6vet\u0151en 18.00 \u00f3rakor szentmise. * J\u00fanius 21-\u00e9n, szombaton, Heidenheimban 14.00 \u00f3rakor szentmise, ennek v\u00e9gezt\u00e9vel motorok meg\u00e1ld\u00e1sa\/szentel\u00e9se. \u00a0* J\u00fanius 22-\u00e9n, \u00c9vk\u00f6zi 11. vas\u00e1rnap, B\u00f6blingenben\u00a09.30 \u00f3rakor b\u00facs\u00fas szentmise, Boldog Dr. Scheffler J\u00e1nos p\u00fcsp\u00f6k \u00fcnnepe, ut\u00e1na agap\u00e9 (k\u00f6z\u00f6s eb\u00e9d). \u201eA j\u00f3 Isten eddig is gondoskodott, ezut\u00e1n sem fog elhagyni\u2026 \u00c9letem nem \u00f6n\u00e1ll\u00f3 \u00e9rt\u00e9k, csak amennyiben Neki haszn\u00e1lhat m\u00e9g. Ha igen, \u0150 fenntartja; ha nem k\u00edv\u00e1nja megtartani, az annak a jele, hogy m\u00e1r nem \u00f3hajtja szolg\u00e1latomat. Ez esetben nekem is jobb N\u00e1la. \u00c1ldott legyen szent neve minden\u00e9rt\u2026 \u00d6r\u00f6k elvek szerint \u00e9ljenek. Mindenkivel tal\u00e1lkozni \u00f3hajtok Otthon. Csak az\u00e9rt \u00e9rdemes \u00e9lni.\u201d (Boldog Scheffler J\u00e1nos \u2013 szatm\u00e1ri p\u00fcsp\u00f6k &#8211; 1887 &#8211; 1952) Eislingenben 15.00 \u00f3rakor igeistentisztelet, ut\u00e1na agap\u00e9\/l\u00e1ngoss\u00fct\u00e9s. * Minden helyen mindenkit szeretettel v\u00e1r a k\u00f6z\u00f6ss\u00e9g \u00e9s Tibor atya! * Kegyelemteljes napokat, tartalmas besz\u00e9lget\u00e9seket \u00e9s \u00f6r\u00f6mteli tal\u00e1lkoz\u00e1sokat k\u00edv\u00e1nunk minden Kedves H\u00edv\u00fcnknek! * \u201eGy\u0151zelemr\u0151l \u00e9nekeljen Napkelet \u00e9s Napnyugat, Milli\u00f3 sz\u00edv \u00f6sszecsengjen, magasztalja az Urat! Krisztus \u00fajra f\u00f6ldre sz\u00e1llott, v\u00e1ndorl\u00e1sunk t\u00e1rsa lett, Mert szerette a vil\u00e1got, keny\u00e9rsz\u00ednbe rejtezett. Krisztus keny\u00e9r s bor sz\u00edn\u00e9ben \u00dar s Kir\u00e1ly a f\u00f6ld felett, Forrassz eggy\u00e9 b\u00e9kess\u00e9gben minden n\u00e9pet s nemzetet! Egykor \u00e9rt\u00fcnk testet \u00f6lt\u00f6tt, kisgyermekk\u00e9nt j\u00f6tt k\u00f6z\u00e9nk, A keresztf\u00e1n v\u00e9re \u00f6ml\u00f6tt v\u00e1lts\u00e1gunknak b\u00e9rek\u00e9nt. Most az olt\u00e1r Golgot\u00e1j\u00e1n \u00fajra itt a dr\u00e1ga v\u00e9r, \u00c1ldozat az Isten-B\u00e1r\u00e1ny, Krisztus teste a keny\u00e9r. Krisztus keny\u00e9r s bor sz\u00edn\u00e9ben \u00dar s Kir\u00e1ly a f\u00f6ld felett, Forrassz eggy\u00e9 b\u00e9kess\u00e9gben minden n\u00e9pet s nemzetet! Z\u00fagjon h\u00e1t a h\u00e1la\u00e9nek, sz\u00e1lljon v\u00f6lgy\u00f6n, tengeren, A szeretet Isten\u00e9nek dics\u0151s\u00e9g \u00e9s \u00fcdv legyen. Az eg\u00e9sz f\u00f6ld legyen olt\u00e1r, vir\u00e1g rajta a sz\u00edv\u00fcnk, Minden dalunk zeng\u0151 zsolt\u00e1r, t\u00f6mj\u00e9nillat a hit\u00fcnk. Krisztus keny\u00e9r s bor sz\u00edn\u00e9ben \u00dar s Kir\u00e1ly... R\u00e9szletek","og_url":"https:\/\/stuttgarti-katolikusok.de\/index.php\/2025-junius-16-es-22kozott\/","og_site_name":"Stuttgarti Katolikusok","article_published_time":"2025-06-17T15:09:57+00:00","article_modified_time":"2025-08-31T22:32:37+00:00","og_image":[{"width":1450,"height":921,"url":"https:\/\/stuttgarti-katolikusok.de\/wp-content\/uploads\/2022\/06\/kepernyofelvetel-38.png","type":"image\/png"}],"author":"Tibor atya","twitter_card":"summary_large_image","twitter_misc":{"Szerz\u0151:":"Tibor atya","Becs\u00fclt olvas\u00e1si id\u0151":"3 perc"},"schema":{"@context":"https:\/\/schema.org","@graph":[{"@type":"Article","@id":"https:\/\/stuttgarti-katolikusok.de\/index.php\/2025-junius-16-es-22kozott\/#article","isPartOf":{"@id":"https:\/\/stuttgarti-katolikusok.de\/index.php\/2025-junius-16-es-22kozott\/"},"author":{"name":"Tibor atya","@id":"https:\/\/stuttgarti-katolikusok.de\/#\/schema\/person\/75908d6f8fdc03a57889d27209df7795"},"headline":"2025. J\u00daNIUS 16 \u00c9S 22 K\u00d6Z\u00d6TT","datePublished":"2025-06-17T15:09:57+00:00","dateModified":"2025-08-31T22:32:37+00:00","mainEntityOfPage":{"@id":"https:\/\/stuttgarti-katolikusok.de\/index.php\/2025-junius-16-es-22kozott\/"},"wordCount":544,"image":{"@id":"https:\/\/stuttgarti-katolikusok.de\/index.php\/2025-junius-16-es-22kozott\/#primaryimage"},"thumbnailUrl":"https:\/\/stuttgarti-katolikusok.de\/wp-content\/uploads\/2022\/06\/kepernyofelvetel-38.png","articleSection":["Progamel\u0151zetes"],"inLanguage":"hu"},{"@type":"WebPage","@id":"https:\/\/stuttgarti-katolikusok.de\/index.php\/2025-junius-16-es-22kozott\/","url":"https:\/\/stuttgarti-katolikusok.de\/index.php\/2025-junius-16-es-22kozott\/","name":"2025. J\u00daNIUS 16 \u00c9S 22 K\u00d6Z\u00d6TT - Stuttgarti Katolikusok","isPartOf":{"@id":"https:\/\/stuttgarti-katolikusok.de\/#website"},"primaryImageOfPage":{"@id":"https:\/\/stuttgarti-katolikusok.de\/index.php\/2025-junius-16-es-22kozott\/#primaryimage"},"image":{"@id":"https:\/\/stuttgarti-katolikusok.de\/index.php\/2025-junius-16-es-22kozott\/#primaryimage"},"thumbnailUrl":"https:\/\/stuttgarti-katolikusok.de\/wp-content\/uploads\/2022\/06\/kepernyofelvetel-38.png","datePublished":"2025-06-17T15:09:57+00:00","dateModified":"2025-08-31T22:32:37+00:00","author":{"@id":"https:\/\/stuttgarti-katolikusok.de\/#\/schema\/person\/75908d6f8fdc03a57889d27209df7795"},"breadcrumb":{"@id":"https:\/\/stuttgarti-katolikusok.de\/index.php\/2025-junius-16-es-22kozott\/#breadcrumb"},"inLanguage":"hu","potentialAction":[{"@type":"ReadAction","target":["https:\/\/stuttgarti-katolikusok.de\/index.php\/2025-junius-16-es-22kozott\/"]}]},{"@type":"ImageObject","inLanguage":"hu","@id":"https:\/\/stuttgarti-katolikusok.de\/index.php\/2025-junius-16-es-22kozott\/#primaryimage","url":"https:\/\/stuttgarti-katolikusok.de\/wp-content\/uploads\/2022\/06\/kepernyofelvetel-38.png","contentUrl":"https:\/\/stuttgarti-katolikusok.de\/wp-content\/uploads\/2022\/06\/kepernyofelvetel-38.png","width":1450,"height":921},{"@type":"BreadcrumbList","@id":"https:\/\/stuttgarti-katolikusok.de\/index.php\/2025-junius-16-es-22kozott\/#breadcrumb","itemListElement":[{"@type":"ListItem","position":1,"name":"Kezd\u0151lap","item":"https:\/\/stuttgarti-katolikusok.de\/"},{"@type":"ListItem","position":2,"name":"2025. J\u00daNIUS 16 \u00c9S 22 K\u00d6Z\u00d6TT"}]},{"@type":"WebSite","@id":"https:\/\/stuttgarti-katolikusok.de\/#website","url":"https:\/\/stuttgarti-katolikusok.de\/","name":"Stuttgarti Katolikusok","description":"","potentialAction":[{"@type":"SearchAction","target":{"@type":"EntryPoint","urlTemplate":"https:\/\/stuttgarti-katolikusok.de\/?s={search_term_string}"},"query-input":{"@type":"PropertyValueSpecification","valueRequired":true,"valueName":"search_term_string"}}],"inLanguage":"hu"},{"@type":"Person","@id":"https:\/\/stuttgarti-katolikusok.de\/#\/schema\/person\/75908d6f8fdc03a57889d27209df7795","name":"Tibor atya","image":{"@type":"ImageObject","inLanguage":"hu","@id":"https:\/\/secure.gravatar.com\/avatar\/61d268e57d1f4525b111222e29d2d5a7f8c420fdbf231ba5566a8ceac74fa960?s=96&d=mm&r=g","url":"https:\/\/secure.gravatar.com\/avatar\/61d268e57d1f4525b111222e29d2d5a7f8c420fdbf231ba5566a8ceac74fa960?s=96&d=mm&r=g","contentUrl":"https:\/\/secure.gravatar.com\/avatar\/61d268e57d1f4525b111222e29d2d5a7f8c420fdbf231ba5566a8ceac74fa960?s=96&d=mm&r=g","caption":"Tibor atya"},"url":"https:\/\/stuttgarti-katolikusok.de\/index.php\/author\/tibor-atya\/"}]}},"_links":{"self":[{"href":"https:\/\/stuttgarti-katolikusok.de\/index.php\/wp-json\/wp\/v2\/posts\/31214","targetHints":{"allow":["GET"]}}],"collection":[{"href":"https:\/\/stuttgarti-katolikusok.de\/index.php\/wp-json\/wp\/v2\/posts"}],"about":[{"href":"https:\/\/stuttgarti-katolikusok.de\/index.php\/wp-json\/wp\/v2\/types\/post"}],"author":[{"embeddable":true,"href":"https:\/\/stuttgarti-katolikusok.de\/index.php\/wp-json\/wp\/v2\/users\/3"}],"replies":[{"embeddable":true,"href":"https:\/\/stuttgarti-katolikusok.de\/index.php\/wp-json\/wp\/v2\/comments?post=31214"}],"version-history":[{"count":6,"href":"https:\/\/stuttgarti-katolikusok.de\/index.php\/wp-json\/wp\/v2\/posts\/31214\/revisions"}],"predecessor-version":[{"id":31415,"href":"https:\/\/stuttgarti-katolikusok.de\/index.php\/wp-json\/wp\/v2\/posts\/31214\/revisions\/31415"}],"wp:featuredmedia":[{"embeddable":true,"href":"https:\/\/stuttgarti-katolikusok.de\/index.php\/wp-json\/wp\/v2\/media\/23500"}],"wp:attachment":[{"href":"https:\/\/stuttgarti-katolikusok.de\/index.php\/wp-json\/wp\/v2\/media?parent=31214"}],"wp:term":[{"taxonomy":"category","embeddable":true,"href":"https:\/\/stuttgarti-katolikusok.de\/index.php\/wp-json\/wp\/v2\/categories?post=31214"},{"taxonomy":"post_tag","embeddable":true,"href":"https:\/\/stuttgarti-katolikusok.de\/index.php\/wp-json\/wp\/v2\/tags?post=31214"}],"curies":[{"name":"wp","href":"https:\/\/api.w.org\/{rel}","templated":true}]}}